{"id":330945,"date":"2023-04-11T07:55:27","date_gmt":"2023-04-11T05:55:27","guid":{"rendered":"https:\/\/www.radiopiu.net\/wordpress\/?p=330945"},"modified":"2023-04-11T08:03:22","modified_gmt":"2023-04-11T06:03:22","slug":"la-rassegna-stampa-locale-dal-1983-di-mirko-mezzacasa-alle-otto-del-mattino-da-40-anni-radiopiu","status":"publish","type":"post","link":"https:\/\/www.radiopiu.net\/wordpress\/la-rassegna-stampa-locale-dal-1983-di-mirko-mezzacasa-alle-otto-del-mattino-da-40-anni-radiopiu\/","title":{"rendered":"LA RASSEGNA STAMPA LOCALE, DAL 1983 DI MIRKO MEZZACASA ALLE OTTO DEL MATTINO&#8230; DA 40 ANNI RADIOPIU"},"content":{"rendered":"<p><strong>BELLUNO<\/strong> Cade con il monopattino e muore dopo una settimana di agonia. Il bellunese Rodolfo Aldo Mussoi non ce l&#8217;ha fatta: ha perso la vita per le conseguenze dell&#8217;incidente di marted\u00ec scorso, a Porto Santa Margherita, nel territorio comunale di Caorle.<br \/>\n<strong>SELVA DI CADORE<\/strong> Panda capovolta e due anziani all&#8217;ospedale. Non sono gravi, dopo lo schianto delle 16.30 di ieri, in via 4 Novembre, a Selva di Cadore, ma sono stati trasportati al San Martino di Belluno con l&#8217;elicottero del Suem 118 per accertamenti e le cure pi\u00f9 opportune. Sul posto anche i vigili del fuoco permanenti di Agordo, quelli volontari di Selva e i carabinieri.<br \/>\n<strong>VOLTAGO<\/strong> Oggi a Frassene&#8217; alle 14.30 l&#8217;ultimo saluto al professor Mauro Parissenti, stimato insegnante del minerario e chimico Umberto Follador.<br \/>\n<strong>SOCCORSO ALPINO<\/strong> Tanti interventi nel fine settimana, giovane colto da malore a Castellavazzo; donna scivolta sul ghiaccio a Cortina e si procura un trauma al polso; escursionisti recuperati nella zona del Ciadin del loudo e riportati a Passo Tre Croci; scialpinista infortunata a Forcella Montanaia (trauma alla gamba); Un&#8217;altra escursionista \u00e8 scivolata sul Giau e si \u00e8 fatta male a un piede.<br \/>\n<strong>BELLUNO<\/strong> Non assume cocaina e non c&#8217;\u00e8 prova che ne abbia spacciata. Se non basta, non \u00e8 certo l&#8217;unico ad avere 34 mila euro sotto il divano. L.C., il 40enne bellunese arrestato la settimana scorsa dalla polizia si sta difendendo in questo modo dall&#8217;accusa di detenzione ai fini di spaccio di sostanza stupefacente. Dopo gli arresti domiciliari decisi in prima battuta, il giudice per le indagini preliminari ha disposto l&#8217;obbligo di dimora a Belluno<br \/>\n<strong>FELTRE<\/strong> Continuano le indagini dopo il furto di biciclette da oltre 100mila euro alla Gr Bike di via Rizzarda. Si valutano le immagini della video sorveglianza.<br \/>\n<strong>CORTINA<\/strong> Retromarcia sul villaggio olimpico di Campo, per evitare polemiche e ricorsi. Domani cabina di regia a Roma.<br \/>\n<strong>ISTAT<\/strong> Nel 2022 la provincia di Belluno di abitanti ne ha persi 925. Un&#8217;emorragia senza fine, data da un crollo delle nascite (-4,7% nel 2022 rispetto al 2021) e un aumento spropositato dei decessi, cresciuto dal 2020 al 2022 dell&#8217;11,1%.<br \/>\n<strong>LIVINALLONGO<\/strong> I nuovi parcometri ad Arabba, attivati a met\u00e0 gennaio, hanno gi\u00e0 fruttato un bel gruzzolo che, assicura il sindaco Leandro Grones, sar\u00e0 reinvestito nella sicurezza stradale.<br \/>\n<strong>BELLUNO<\/strong> La denuncia di Fabio Bristot: cimitero di Prade, tombe rovinate, erba alta. \u00abLa nostra comunit\u00e0 non merita questo degrado\u00bb.<br \/>\n<strong>AGORDO<\/strong> I consiglieri dell&#8217;Unione Montana domani alle 20 si ritroveranno in sala Don Tamis, convocati dal Presidente Paolo Frena che ha firmato l&#8217;ordine del giorno della riunione: recesso dell&#8217;unione montana da socio volontario dell&#8217;associazione Casa di Soggiorno di Taibon; approvazione elenco strade silvo-pastorali; affidamento ad un esponente politico bellunese della presidenza del comitato paritetico per la gestione dei fondi di confine.<br \/>\n<strong>CGIA MESTRE:<\/strong> COL PNRR SPESA ANNUA 4,5 VOLTE SUPERIORE A QUELLA DEI FONDI UE CHE FATICHIAMO A SPENDERE<br \/>\n<strong>AGORDO<\/strong> \u00a0Domani, dalle 9 alle 12,\u00a0 nei pressi del mercato\u00a0 settimanale (piazza-Boi) raccolta firme per la proposta di legge regionale di iniziativa popolare rubricata \u201cProcedure e tempi per l\u2019assistenza sanitaria regionale al suicidio medicalmente assistito&#8221;.<\/p>\n<p>&nbsp;<\/p>\n<p><span style=\"color: #ff0000;\"><strong>CAMPIONI! ALLEGHE-CORTINA UNDER 15 CAMPIONI D&#8217;ITALIA! OGGI SUL CORRIERE DELLE ALPI UNA PAGINA SPECIALE, IL RACCONTO DELLA FINALE, LE INTERVISTE E LE FOTO D&#8217;ARCHIVIO.<\/strong><\/span><\/p>\n<p><strong>I BUONI RISULTATI DI AGORDINO GHIACCIO E SPORT A PINEROLO, PRIMA GAIA SERAFINI<\/strong><\/p>\n<p><strong>SUBITO UNA VITTORIA PER LA NAZIONALE UNDER 18 DI HOCKEY SU GHIACCIO<\/strong><\/p>\n<p>&nbsp;<\/p>\n<p><iframe loading=\"lazy\" title=\"RASSEGNA STAMPA LOCALE\" width=\"1200\" height=\"675\" src=\"https:\/\/www.youtube.com\/embed\/U2pdKFFCeYk?feature=oembed\" frameborder=\"0\" allow=\"accelerometer; autoplay; clipboard-write; encrypted-media; gyroscope; picture-in-picture; web-share\" allowfullscreen><\/iframe><\/p>\n<p>&nbsp;<\/p>\n<p>&nbsp;<\/p>\n<hr \/>\n<p>&nbsp;<\/p>\n","protected":false},"excerpt":{"rendered":"<p>BELLUNO Cade con il monopattino e muore dopo una settimana di agonia. Il bellunese Rodolfo Aldo Mussoi non ce l&#8217;ha fatta: ha perso la vita per le conseguenze dell&#8217;incidente di marted\u00ec scorso, a Porto Santa Margherita, nel territorio comunale di Caorle. SELVA DI CADORE Panda capovolta e due anziani all&#8217;ospedale. Non sono gravi, dopo lo&hellip;<\/p>\n","protected":false},"author":4,"featured_media":330936,"comment_status":"closed","ping_status":"closed","sticky":false,"template":"","format":"standard","meta":{"_monsterinsights_skip_tracking":false,"_monsterinsights_sitenote_active":false,"_monsterinsights_sitenote_note":"","_monsterinsights_sitenote_category":0,"footnotes":""},"categories":[104,49,142],"tags":[],"class_list":["post-330945","post","type-post","status-publish","format-standard","has-post-thumbnail","hentry","category-evidenza_3","category-news-18","category-rassegna-stampa","category-104","category-49","category-142","description-off"],"img_url":"https:\/\/www.radiopiu.net\/wordpress\/wp-content\/uploads\/2023\/04\/coper-1.jpg","_links":{"self":[{"href":"https:\/\/www.radiopiu.net\/wordpress\/wp-json\/wp\/v2\/posts\/330945","targetHints":{"allow":["GET"]}}],"collection":[{"href":"https:\/\/www.radiopiu.net\/wordpress\/wp-json\/wp\/v2\/posts"}],"about":[{"href":"https:\/\/www.radiopiu.net\/wordpress\/wp-json\/wp\/v2\/types\/post"}],"author":[{"embeddable":true,"href":"https:\/\/www.radiopiu.net\/wordpress\/wp-json\/wp\/v2\/users\/4"}],"replies":[{"embeddable":true,"href":"https:\/\/www.radiopiu.net\/wordpress\/wp-json\/wp\/v2\/comments?post=330945"}],"version-history":[{"count":0,"href":"https:\/\/www.radiopiu.net\/wordpress\/wp-json\/wp\/v2\/posts\/330945\/revisions"}],"wp:featuredmedia":[{"embeddable":true,"href":"https:\/\/www.radiopiu.net\/wordpress\/wp-json\/wp\/v2\/media\/330936"}],"wp:attachment":[{"href":"https:\/\/www.radiopiu.net\/wordpress\/wp-json\/wp\/v2\/media?parent=330945"}],"wp:term":[{"taxonomy":"category","embeddable":true,"href":"https:\/\/www.radiopiu.net\/wordpress\/wp-json\/wp\/v2\/categories?post=330945"},{"taxonomy":"post_tag","embeddable":true,"href":"https:\/\/www.radiopiu.net\/wordpress\/wp-json\/wp\/v2\/tags?post=330945"}],"curies":[{"name":"wp","href":"https:\/\/api.w.org\/{rel}","templated":true}]}}