{"id":330974,"date":"2023-04-11T10:21:13","date_gmt":"2023-04-11T08:21:13","guid":{"rendered":"https:\/\/www.radiopiu.net\/wordpress\/?p=330974"},"modified":"2023-04-12T05:56:45","modified_gmt":"2023-04-12T03:56:45","slug":"giovedi-lavori-programmati-di-bim-gsp-ad-agordo","status":"publish","type":"post","link":"https:\/\/www.radiopiu.net\/wordpress\/giovedi-lavori-programmati-di-bim-gsp-ad-agordo\/","title":{"rendered":"GIOVEDI&#8217; LAVORI PROGRAMMATI DI BIM GSP AD AGORDO"},"content":{"rendered":"<p><strong><a class=\"dt-pswp-item\" href=\"https:\/\/www.radiopiu.net\/wordpress\/wp-content\/uploads\/2022\/05\/acqua.jpg\" data-dt-img-description=\"\" data-large_image_width=\"1920\" data-large_image_height=\"1275\"><img loading=\"lazy\" decoding=\"async\" class=\" wp-image-274889 alignleft\" src=\"https:\/\/www.radiopiu.net\/wordpress\/wp-content\/uploads\/2022\/05\/acqua-300x199.jpg\" alt=\"\" width=\"164\" height=\"109\" srcset=\"https:\/\/www.radiopiu.net\/wordpress\/wp-content\/uploads\/2022\/05\/acqua-300x199.jpg 300w, https:\/\/www.radiopiu.net\/wordpress\/wp-content\/uploads\/2022\/05\/acqua-1024x680.jpg 1024w, https:\/\/www.radiopiu.net\/wordpress\/wp-content\/uploads\/2022\/05\/acqua-768x510.jpg 768w, https:\/\/www.radiopiu.net\/wordpress\/wp-content\/uploads\/2022\/05\/acqua-1536x1020.jpg 1536w, https:\/\/www.radiopiu.net\/wordpress\/wp-content\/uploads\/2022\/05\/acqua.jpg 1920w\" sizes=\"auto, (max-width: 164px) 100vw, 164px\" \/><\/a> <\/strong><\/p>\n<p><strong>AGORDO<\/strong> Gestione Servizi Pubblici informa che, per lavori alla rete idrica comunale, gioved\u00ec dalle 9 alle 13, verr\u00e0 sospesa l\u2019erogazione dell\u2019acqua a AGORDO nelle Localit\u00e0 CROSTOLIN, GRAVE, VERAN, COL DI FOGLIA, MOLIN DEL COT e nelle VIE PRAGRANDE e PAGANINI. Il personale addetto operer\u00e0 per limitare il pi\u00f9 possibile i disagi alla popolazione.<\/p>\n<p>&nbsp;<\/p>\n<p>&nbsp;<\/p>\n<p>****<\/p>\n","protected":false},"excerpt":{"rendered":"<p>AGORDO Gestione Servizi Pubblici informa che, per lavori alla rete idrica comunale, gioved\u00ec dalle 9 alle 13, verr\u00e0 sospesa l\u2019erogazione dell\u2019acqua a AGORDO nelle Localit\u00e0 CROSTOLIN, GRAVE, VERAN, COL DI FOGLIA, MOLIN DEL COT e nelle VIE PRAGRANDE e PAGANINI. Il personale addetto operer\u00e0 per limitare il pi\u00f9 possibile i disagi alla popolazione. &nbsp; &nbsp;&hellip;<\/p>\n","protected":false},"author":4,"featured_media":274889,"comment_status":"closed","ping_status":"closed","sticky":false,"template":"","format":"standard","meta":{"_monsterinsights_skip_tracking":false,"_monsterinsights_sitenote_active":false,"_monsterinsights_sitenote_note":"","_monsterinsights_sitenote_category":0,"footnotes":""},"categories":[51,49],"tags":[],"class_list":["post-330974","post","type-post","status-publish","format-standard","has-post-thumbnail","hentry","category-evidenza-top","category-news-18","category-51","category-49","description-off"],"img_url":"https:\/\/www.radiopiu.net\/wordpress\/wp-content\/uploads\/2022\/05\/acqua.jpg","_links":{"self":[{"href":"https:\/\/www.radiopiu.net\/wordpress\/wp-json\/wp\/v2\/posts\/330974","targetHints":{"allow":["GET"]}}],"collection":[{"href":"https:\/\/www.radiopiu.net\/wordpress\/wp-json\/wp\/v2\/posts"}],"about":[{"href":"https:\/\/www.radiopiu.net\/wordpress\/wp-json\/wp\/v2\/types\/post"}],"author":[{"embeddable":true,"href":"https:\/\/www.radiopiu.net\/wordpress\/wp-json\/wp\/v2\/users\/4"}],"replies":[{"embeddable":true,"href":"https:\/\/www.radiopiu.net\/wordpress\/wp-json\/wp\/v2\/comments?post=330974"}],"version-history":[{"count":0,"href":"https:\/\/www.radiopiu.net\/wordpress\/wp-json\/wp\/v2\/posts\/330974\/revisions"}],"wp:featuredmedia":[{"embeddable":true,"href":"https:\/\/www.radiopiu.net\/wordpress\/wp-json\/wp\/v2\/media\/274889"}],"wp:attachment":[{"href":"https:\/\/www.radiopiu.net\/wordpress\/wp-json\/wp\/v2\/media?parent=330974"}],"wp:term":[{"taxonomy":"category","embeddable":true,"href":"https:\/\/www.radiopiu.net\/wordpress\/wp-json\/wp\/v2\/categories?post=330974"},{"taxonomy":"post_tag","embeddable":true,"href":"https:\/\/www.radiopiu.net\/wordpress\/wp-json\/wp\/v2\/tags?post=330974"}],"curies":[{"name":"wp","href":"https:\/\/api.w.org\/{rel}","templated":true}]}}