{"id":330983,"date":"2023-04-11T11:36:30","date_gmt":"2023-04-11T09:36:30","guid":{"rendered":"https:\/\/www.radiopiu.net\/wordpress\/?p=330983"},"modified":"2023-04-12T14:26:37","modified_gmt":"2023-04-12T12:26:37","slug":"tofana-cortina-freccia-nel-cielo-stagione-2022-2023-con-lhappy-ending","status":"publish","type":"post","link":"https:\/\/www.radiopiu.net\/wordpress\/tofana-cortina-freccia-nel-cielo-stagione-2022-2023-con-lhappy-ending\/","title":{"rendered":"TOFANA CORTINA FRECCIA NEL CIELO: STAGIONE 2022\/2023 CON L&#8217;HAPPY ENDING"},"content":{"rendered":"<p><strong>CORTINA <\/strong>La stagione invernale sulla Freccia nel Cielo \u00e8 stata davvero sorprendente! Le vette dolomitiche sono state costellate dei pi\u00f9 variegati eventi, tra piste innevate e offerte gastronomiche uniche, come ricorda il Presidente Mario Vascellari <em>\u00abLa soddisfazione \u00e8 sicuramente grande, visti soprattutto gli anni passati: il comprensorio ha infatti ospitato moltissimi turisti, sia italiani che stranieri, accanto ovviamente alle celebrity accorse per tutta la stagione a godere delle piste e delle attivit\u00e0 promosse dalla Freccia nel Cielo. Tanti anche gli special guest che hanno animato i punti gourmet della zona registrando un incremento delle presenze di buon auspicio per il futuro\u00bb e <\/em>prosegue <em>\u00abun fine stagione che ci rende sicuramente orgogliosi del lavoro fatto finora ma che rappresenta uno stimolo a perfezionare la nostra offerta turistica, in vista anche delle occasioni di incontro che colorano ogni stagione della Regina\u00bb<\/em>. \u201cLa Freccia nel Cielo \u00e8 infatti stata protagonista di felici e vivaci momenti di incontro a partire dall\u2019anniversario dei 250 anni delle cantine Masi con la degustazione di un Amarone leggendario, il Vajo dei Masi, presso il Masi Wine Bar al Drusci\u00e8\u201d, fino al Fashion Weekend, il fine settimana dell\u2019Immacolata che \u2013 con la prima neve \u2013 ha dato il via a una stagione davvero unica. E poi ancora, le esperienze dell\u2019Astrocena al Col Drusci\u00e9, in collaborazione con l\u2019Osservatorio Astronomico Helmut Ullrich, le sciate all\u2019Alba a Ra Valles, per godere degli impianti freschi d\u2019apertura e di una colazione dolce e salata. Nel mese di dicembre \u00e8 stata ospitata anche la kermesse Cortina Cocktail Weekend, la prima cocktail week sulla neve in Europa, ideata e diretta da Paola Mencarelli, con il Patrocinio del Comune di Cortina e in collaborazione con Cortina Marketing. E ancora, Cortina Ski World Cup che ha visto la Freccia nel Cielo in prima linea con piste e impianti aperti per vivere le gare in diretta dalle terrazze panoramiche, Scocca la Freccia, l\u2019evento dedicato alla festa degli innamorati, e il Gelato Day che ha visto salire a Capanna Ra Valles i migliori gelatieri locali per deliziare gli ospiti in occasione della Giornata Europea del Gelato Artigianale. E, proprio in occasione di questi eventi, le piste della Freccia nel Cielo sono diventate il palcoscenico di discese da capogiro sulla Col Drusci\u00e9 A, nel bosco fatato della Col Drusci\u00e9 B, nel brivido della pista 51, la Forcella Rossa, nell\u2019emozione Muro De Ra Cioures e del Raccordo Pi\u00e8 Tofana, del Bus Tofana e del Pian Ra Valles, accanto al nuovo collegamento di Ra Strad\u00e9la e all\u2019apertura della pista Stri\u00e8s. Momenti unici avvalorati dall\u2019offerta gastronomica dei tre punti gourmet, Masi Wine Bar al Drusci\u00e9, Ristorante Col Drusci\u00e9 1778 e Capanna Ra Valles, dove la musica di Radio Monte Carlo, partner ufficiale di Tofana Freccia nel Cielo, \u00e8 stata una compagna ideale per ogni momento di relax. <em>\u00abIl tutto non sarebbe stato possibile senza la professionalit\u00e0 e diligenza degli operatori di Tofana \u2013 Freccia nel Cielo che tra impiantisti, sciatori, macchinisti, innevatori, gattisti, caposervizio, camerieri, cuochi e baristi, lavorano per offrire a ciascun ospite della Regina le migliori esperienze possibili\u00bb <\/em>ricorda Giuliana Boscheri, Marketing Manager della societ\u00e0 Tofana Srl e conclude <em>\u00abUn panorama di eventi e momenti imperdibili \u00e8 quello che si prospetta per la stagione estiva 2023: Cortina sar\u00e0 animata da moltissime novit\u00e0 e appuntamenti dedicati agli appassionati delle Dolomiti e della montagna. Siamo gi\u00e0 attivi a istituire nuove partnership di crescita turistica per offrire pacchetti sempre pi\u00f9 competitivi, anche in vista delle Olimpiadi del 2026\u00bb<\/em>.<\/p>\n\n\t\t\t<style type='text\/css'>\n\t\t\t\t#gallery-1 {\n\t\t\t\t\tmargin: auto;\n\t\t\t\t}\n\t\t\t\t#gallery-1 .gallery-item {\n\t\t\t\t\tfloat: left;\n\t\t\t\t\tmargin-top: 10px;\n\t\t\t\t\ttext-align: center;\n\t\t\t\t\twidth: 25%;\n\t\t\t\t}\n\t\t\t\t#gallery-1 img {\n\t\t\t\t\tborder: 2px solid #cfcfcf;\n\t\t\t\t}\n\t\t\t\t#gallery-1 .gallery-caption {\n\t\t\t\t\tmargin-left: 0;\n\t\t\t\t}\n\t\t\t\t\/* see gallery_shortcode() in wp-includes\/media.php *\/\n\t\t\t<\/style>\n\t\t<div id='gallery-1' class='dt-gallery-container gallery galleryid-330983 gallery-columns-4 gallery-size-medium'><dl class='gallery-item'>\n\t\t\t\t<dt class='gallery-icon landscape'>\n\t\t\t\t\t<a class=\"rollover rollover-zoom dt-pswp-item\" title=\"RIC_2218\" data-dt-img-description=\"\" data-large_image_width=\"2560\" data-large_image_height=\"1707\"href='https:\/\/www.radiopiu.net\/wordpress\/wp-content\/uploads\/2023\/04\/RIC_2218-scaled.jpg'><img loading=\"lazy\" decoding=\"async\" width=\"300\" height=\"200\" src=\"https:\/\/www.radiopiu.net\/wordpress\/wp-content\/uploads\/2023\/04\/RIC_2218-300x200.jpg\" class=\"attachment-medium size-medium\" alt=\"\" srcset=\"https:\/\/www.radiopiu.net\/wordpress\/wp-content\/uploads\/2023\/04\/RIC_2218-300x200.jpg 300w, https:\/\/www.radiopiu.net\/wordpress\/wp-content\/uploads\/2023\/04\/RIC_2218-1024x683.jpg 1024w, https:\/\/www.radiopiu.net\/wordpress\/wp-content\/uploads\/2023\/04\/RIC_2218-768x512.jpg 768w, https:\/\/www.radiopiu.net\/wordpress\/wp-content\/uploads\/2023\/04\/RIC_2218-1536x1024.jpg 1536w, https:\/\/www.radiopiu.net\/wordpress\/wp-content\/uploads\/2023\/04\/RIC_2218-2048x1365.jpg 2048w\" sizes=\"auto, (max-width: 300px) 100vw, 300px\" \/><\/a>\n\t\t\t\t<\/dt><\/dl><dl class='gallery-item'>\n\t\t\t\t<dt class='gallery-icon landscape'>\n\t\t\t\t\t<a class=\"rollover rollover-zoom dt-pswp-item\" title=\"Tofana_jan2018_\u00a9GS_27\" data-dt-img-description=\"\" data-large_image_width=\"2560\" data-large_image_height=\"1707\"href='https:\/\/www.radiopiu.net\/wordpress\/wp-content\/uploads\/2023\/04\/Tofana_jan2018_\u00a9GS_27-scaled.jpg'><img loading=\"lazy\" decoding=\"async\" width=\"300\" height=\"200\" src=\"https:\/\/www.radiopiu.net\/wordpress\/wp-content\/uploads\/2023\/04\/Tofana_jan2018_\u00a9GS_27-300x200.jpg\" class=\"attachment-medium size-medium\" alt=\"\" srcset=\"https:\/\/www.radiopiu.net\/wordpress\/wp-content\/uploads\/2023\/04\/Tofana_jan2018_\u00a9GS_27-300x200.jpg 300w, https:\/\/www.radiopiu.net\/wordpress\/wp-content\/uploads\/2023\/04\/Tofana_jan2018_\u00a9GS_27-1024x683.jpg 1024w, https:\/\/www.radiopiu.net\/wordpress\/wp-content\/uploads\/2023\/04\/Tofana_jan2018_\u00a9GS_27-768x512.jpg 768w, https:\/\/www.radiopiu.net\/wordpress\/wp-content\/uploads\/2023\/04\/Tofana_jan2018_\u00a9GS_27-1536x1024.jpg 1536w, https:\/\/www.radiopiu.net\/wordpress\/wp-content\/uploads\/2023\/04\/Tofana_jan2018_\u00a9GS_27-2048x1365.jpg 2048w\" sizes=\"auto, (max-width: 300px) 100vw, 300px\" \/><\/a>\n\t\t\t\t<\/dt><\/dl><dl class='gallery-item'>\n\t\t\t\t<dt class='gallery-icon landscape'>\n\t\t\t\t\t<a class=\"rollover rollover-zoom dt-pswp-item\" title=\"3-Freccia-nel-Cielo-2020-\u00a9ManazProductions-scaled\" data-dt-img-description=\"\" data-large_image_width=\"2560\" data-large_image_height=\"1439\"href='https:\/\/www.radiopiu.net\/wordpress\/wp-content\/uploads\/2023\/04\/3-Freccia-nel-Cielo-2020-\u00a9ManazProductions-scaled-1.jpg'><img loading=\"lazy\" decoding=\"async\" width=\"300\" height=\"169\" src=\"https:\/\/www.radiopiu.net\/wordpress\/wp-content\/uploads\/2023\/04\/3-Freccia-nel-Cielo-2020-\u00a9ManazProductions-scaled-1-300x169.jpg\" class=\"attachment-medium size-medium\" alt=\"\" srcset=\"https:\/\/www.radiopiu.net\/wordpress\/wp-content\/uploads\/2023\/04\/3-Freccia-nel-Cielo-2020-\u00a9ManazProductions-scaled-1-300x169.jpg 300w, https:\/\/www.radiopiu.net\/wordpress\/wp-content\/uploads\/2023\/04\/3-Freccia-nel-Cielo-2020-\u00a9ManazProductions-scaled-1-1024x576.jpg 1024w, https:\/\/www.radiopiu.net\/wordpress\/wp-content\/uploads\/2023\/04\/3-Freccia-nel-Cielo-2020-\u00a9ManazProductions-scaled-1-768x432.jpg 768w, https:\/\/www.radiopiu.net\/wordpress\/wp-content\/uploads\/2023\/04\/3-Freccia-nel-Cielo-2020-\u00a9ManazProductions-scaled-1-1536x863.jpg 1536w, https:\/\/www.radiopiu.net\/wordpress\/wp-content\/uploads\/2023\/04\/3-Freccia-nel-Cielo-2020-\u00a9ManazProductions-scaled-1-2048x1151.jpg 2048w\" sizes=\"auto, (max-width: 300px) 100vw, 300px\" \/><\/a>\n\t\t\t\t<\/dt><\/dl><dl class='gallery-item'>\n\t\t\t\t<dt class='gallery-icon landscape'>\n\t\t\t\t\t<a class=\"rollover rollover-zoom dt-pswp-item\" title=\"01f4ed2d-221c-4b9e-88df-7d9bdeeaeb0d\" data-dt-img-description=\"\" data-large_image_width=\"1600\" data-large_image_height=\"1200\"href='https:\/\/www.radiopiu.net\/wordpress\/wp-content\/uploads\/2023\/04\/01f4ed2d-221c-4b9e-88df-7d9bdeeaeb0d.jpg'><img loading=\"lazy\" decoding=\"async\" width=\"300\" height=\"225\" src=\"https:\/\/www.radiopiu.net\/wordpress\/wp-content\/uploads\/2023\/04\/01f4ed2d-221c-4b9e-88df-7d9bdeeaeb0d-300x225.jpg\" class=\"attachment-medium size-medium\" alt=\"\" srcset=\"https:\/\/www.radiopiu.net\/wordpress\/wp-content\/uploads\/2023\/04\/01f4ed2d-221c-4b9e-88df-7d9bdeeaeb0d-300x225.jpg 300w, https:\/\/www.radiopiu.net\/wordpress\/wp-content\/uploads\/2023\/04\/01f4ed2d-221c-4b9e-88df-7d9bdeeaeb0d-1024x768.jpg 1024w, https:\/\/www.radiopiu.net\/wordpress\/wp-content\/uploads\/2023\/04\/01f4ed2d-221c-4b9e-88df-7d9bdeeaeb0d-768x576.jpg 768w, https:\/\/www.radiopiu.net\/wordpress\/wp-content\/uploads\/2023\/04\/01f4ed2d-221c-4b9e-88df-7d9bdeeaeb0d-1536x1152.jpg 1536w, https:\/\/www.radiopiu.net\/wordpress\/wp-content\/uploads\/2023\/04\/01f4ed2d-221c-4b9e-88df-7d9bdeeaeb0d.jpg 1600w\" sizes=\"auto, (max-width: 300px) 100vw, 300px\" \/><\/a>\n\t\t\t\t<\/dt><\/dl><br style=\"clear: both\" \/>\n\t\t\t<\/div>\n\n<p>&nbsp;<\/p>\n<p>&nbsp;<\/p>\n<p>*******<\/p>\n","protected":false},"excerpt":{"rendered":"<p>CORTINA La stagione invernale sulla Freccia nel Cielo \u00e8 stata davvero sorprendente! Le vette dolomitiche sono state costellate dei pi\u00f9 variegati eventi, tra piste innevate e offerte gastronomiche uniche, come ricorda il Presidente Mario Vascellari \u00abLa soddisfazione \u00e8 sicuramente grande, visti soprattutto gli anni passati: il comprensorio ha infatti ospitato moltissimi turisti, sia italiani che&hellip;<\/p>\n","protected":false},"author":4,"featured_media":330988,"comment_status":"closed","ping_status":"closed","sticky":false,"template":"","format":"standard","meta":{"_monsterinsights_skip_tracking":false,"_monsterinsights_sitenote_active":false,"_monsterinsights_sitenote_note":"","_monsterinsights_sitenote_category":0,"footnotes":""},"categories":[104,49],"tags":[],"class_list":["post-330983","post","type-post","status-publish","format-standard","has-post-thumbnail","hentry","category-evidenza_3","category-news-18","category-104","category-49","description-off"],"img_url":"https:\/\/www.radiopiu.net\/wordpress\/wp-content\/uploads\/2023\/04\/3-Freccia-nel-Cielo-2020-\u00a9ManazProductions-scaled-1.jpg","_links":{"self":[{"href":"https:\/\/www.radiopiu.net\/wordpress\/wp-json\/wp\/v2\/posts\/330983","targetHints":{"allow":["GET"]}}],"collection":[{"href":"https:\/\/www.radiopiu.net\/wordpress\/wp-json\/wp\/v2\/posts"}],"about":[{"href":"https:\/\/www.radiopiu.net\/wordpress\/wp-json\/wp\/v2\/types\/post"}],"author":[{"embeddable":true,"href":"https:\/\/www.radiopiu.net\/wordpress\/wp-json\/wp\/v2\/users\/4"}],"replies":[{"embeddable":true,"href":"https:\/\/www.radiopiu.net\/wordpress\/wp-json\/wp\/v2\/comments?post=330983"}],"version-history":[{"count":0,"href":"https:\/\/www.radiopiu.net\/wordpress\/wp-json\/wp\/v2\/posts\/330983\/revisions"}],"wp:featuredmedia":[{"embeddable":true,"href":"https:\/\/www.radiopiu.net\/wordpress\/wp-json\/wp\/v2\/media\/330988"}],"wp:attachment":[{"href":"https:\/\/www.radiopiu.net\/wordpress\/wp-json\/wp\/v2\/media?parent=330983"}],"wp:term":[{"taxonomy":"category","embeddable":true,"href":"https:\/\/www.radiopiu.net\/wordpress\/wp-json\/wp\/v2\/categories?post=330983"},{"taxonomy":"post_tag","embeddable":true,"href":"https:\/\/www.radiopiu.net\/wordpress\/wp-json\/wp\/v2\/tags?post=330983"}],"curies":[{"name":"wp","href":"https:\/\/api.w.org\/{rel}","templated":true}]}}