{"id":331011,"date":"2023-04-11T21:57:13","date_gmt":"2023-04-11T19:57:13","guid":{"rendered":"https:\/\/www.radiopiu.net\/wordpress\/?p=331011"},"modified":"2023-04-12T05:56:30","modified_gmt":"2023-04-12T03:56:30","slug":"tina-merlin-grande-giornalista-e-scrittrice-bellunese-quella-del-vajont-ricordata-per-limpegno-nel-sociale","status":"publish","type":"post","link":"https:\/\/www.radiopiu.net\/wordpress\/tina-merlin-grande-giornalista-e-scrittrice-bellunese-quella-del-vajont-ricordata-per-limpegno-nel-sociale\/","title":{"rendered":"TINA MERLIN, GRANDE GIORNALISTA E SCRITTRICE BELLUNESE \u201cQUELLA DEL VAJONT\u201d, RICORDATA PER L\u2019IMPEGNO NEL SOCIALE"},"content":{"rendered":"<div class=\"x78zum5\" role=\"none\">\n<div class=\"x78zum5 x1iyjqo2 xs83m0k xeuugli\" role=\"none\">\n<div class=\"x1h91t0o xkh2ocl x78zum5 xdt5ytf x13a6bvl xcrg951 x1r145dm\" role=\"none\">\n<div class=\"x78zum5 xh8yej3\" role=\"none\">\n<div class=\"x1cy8zhl x78zum5 xdt5ytf x193iq5w x1n2onr6\">\n<div class=\"x78zum5 xh8yej3\" role=\"none\">\n<div class=\"x1tlxs6b x1g8br2z x1gn5b1j x230xth x14ctfv x1okitfd x6ikm8r x10wlt62 x1mzt3pk x1y1aw1k xn6708d xwib8y2 x1ye3gou x1n2onr6 x13faqbe x1vjfegm\" role=\"none\">\n<div class=\"x9f619 x1n2onr6 x1ja2u2z __fb-light-mode\" role=\"none\">\n<div dir=\"auto\" role=\"none\"><strong>di RENATO BONA\u00a0<\/strong><\/div>\n<div dir=\"auto\" role=\"none\"><\/div>\n<div class=\"x6prxxf x1fc57z9 x1yc453h x126k92a xzsf02u\" dir=\"auto\" role=\"none\">\u00a0Nel libro della bellunese trapiantata nella Capitale, dott. Milena Caldart \u201cDonne in prima linea\u201d non poteva mancare, tra le testimonianze dell\u2019identit\u00e0 femminile veneta con protagoniste bellunesi, vicentine e trevigiane dall\u2019Annessione al Ventennio, la figura di Clementina detta Tina Merlin, giornalista, scrittrice, una brava collega ed amica carissima, impegnata nel sociale e nota come \u201cquella del Vajont\u201d, La Caldart spiega che la Merlin nasce in quel di Trichiana nel 1926 ( il 19 agosto e morir\u00e0 a Belluno il 22 dicembre 1991 \u2013 ndr.) da una umile famiglia, con i genitori che \u201csono riusciti a costruirsi la casa con molti sacrifici e molti debiti\u201d. La coppia aveva otto figli (quattro morirono: uno per tubercolosi, uno di pellagra, uno sul lavoro e uno disperso in Russia) ed \u00e8 inevitabile che il padre fosse costretto ad emigrare, dapprima in Italia poi in Svizzera, Germania, Austria e Boemia dove, come Tina non esitava ad annotare nella sua biografia \u201csi recava viaggiando a piedi, bisaccia in spalla\u201d. Mentre la madre mandava avanti la famiglia ricavando le indispensabili risorse da una mucca, un maiale, qualche pollo e coltivando un piccolo terreno; i soldi del marito servivano invece per far fronte ai debiti contratti per costruire la casa. Logico che in tale situazione Tina, fin da bambina fosse impegnata a dare una mano in famiglia tra altro sostituendo la sorella come bambinai nella casa del brigadiere dei carabinieri. Altrettanto logico che le restasse troppo poco tempo per studiare tanto che fu bocciata in quinta elementare e non pot\u00e8 ripetere l\u2019anno, lavorando in paese a casa del farmacista, del dottore, di un proprietario terriero e di un commerciante. L\u2019autrice del libro, la Caldart, in proposito opportunamente scrive che: \u201cE\u2019 il suo apprendistato\u201d. Nel 1938, quando ha solo 12 anni, va a Milano con una sorella ed \u00e8 la sua prima esperienza di \u201cserva sotto padrone\u201d: sentir\u00e0 molto il peso della personale condizione sociale e: \u201c si svilupper\u00e0 in lei la ribellione, un tratto sociale che conserver\u00e0 sempre\u201d. Non \u00e8 un caso se quando ha 17 anni affascinata dai \u201cribelli della montagna\u201d parteciper\u00e0 alla lotta partigiana di liberazione nella Resistenza che considera anche un mezzo di emancipazione femminile. Diventa staffetta di collegamento tra i comandi di battaglione e brigata, facendo la spola tra Treviso e Venezia in bicicletta e a piedi su e gi\u00f9 per la montagna. Una nuova forte esperienza che &#8211; ancora la Caldart a sottolinearlo &#8211; la porter\u00e0 in seguito a battersi contro ogni sopruso e violenza\u201d. Aderisce poi al Partito comunista italiano considerato il pi\u00f9 idoneo a portare avanti la sue aspirazioni e le sue idee di lotta (ma non saranno tutte rose\u2026). Tina Merlin ha quindi svolto attivit\u00e0 giornalistica dal 1951 per trent\u2019anni per il quotidiano \u201cL\u2019Unit\u00e0\u201d facendo anche una breve esperienza anche a Radio Budapest in Ungheria. Ha scritti libri importanti ma \u00e8 ricordata soprattutto \u201cper aver aiutato con caparbiet\u00e0 e ostinazione a mettere in luce tutte le vicende legate alla diga del Vajont\u201d e conseguente catastrofe del 9 ottobre 1963 con duemila vittime. La conclusione di Milena Caldart: \u201cTina \u00e8 stata una grande donna che ha difeso il ruolo delle donne nella societ\u00e0 e sostenuto le cause dei pi\u00f9 deboli, che ha fatto un patto con il suo popolo portando avanti rivendicazioni e lotte: donna di coraggio nella ricerca della verit\u00e0\u201d.<\/div>\n<div dir=\"auto\" role=\"none\">\n\n\t\t\t<style type='text\/css'>\n\t\t\t\t#gallery-1 {\n\t\t\t\t\tmargin: auto;\n\t\t\t\t}\n\t\t\t\t#gallery-1 .gallery-item {\n\t\t\t\t\tfloat: left;\n\t\t\t\t\tmargin-top: 10px;\n\t\t\t\t\ttext-align: center;\n\t\t\t\t\twidth: 25%;\n\t\t\t\t}\n\t\t\t\t#gallery-1 img {\n\t\t\t\t\tborder: 2px solid #cfcfcf;\n\t\t\t\t}\n\t\t\t\t#gallery-1 .gallery-caption {\n\t\t\t\t\tmargin-left: 0;\n\t\t\t\t}\n\t\t\t\t\/* see gallery_shortcode() in wp-includes\/media.php *\/\n\t\t\t<\/style>\n\t\t<div id='gallery-1' class='dt-gallery-container gallery galleryid-331011 gallery-columns-4 gallery-size-thumbnail'><dl class='gallery-item'>\n\t\t\t\t<dt class='gallery-icon portrait'>\n\t\t\t\t\t<a class=\"rollover rollover-zoom dt-pswp-item\" title=\"337837734_241497015023739_550558549901876599_n\" data-dt-img-description=\"\" data-large_image_width=\"153\" data-large_image_height=\"225\"href='https:\/\/www.radiopiu.net\/wordpress\/wp-content\/uploads\/2023\/04\/337837734_241497015023739_550558549901876599_n.jpg'><img loading=\"lazy\" decoding=\"async\" width=\"150\" height=\"150\" src=\"https:\/\/www.radiopiu.net\/wordpress\/wp-content\/uploads\/2023\/04\/337837734_241497015023739_550558549901876599_n-150x150.jpg\" class=\"attachment-thumbnail size-thumbnail\" alt=\"\" \/><\/a>\n\t\t\t\t<\/dt><\/dl><dl class='gallery-item'>\n\t\t\t\t<dt class='gallery-icon landscape'>\n\t\t\t\t\t<a class=\"rollover rollover-zoom dt-pswp-item\" title=\"339033992_611801510494702_4078041873998225954_n\" data-dt-img-description=\"\" data-large_image_width=\"311\" data-large_image_height=\"206\"href='https:\/\/www.radiopiu.net\/wordpress\/wp-content\/uploads\/2023\/04\/339033992_611801510494702_4078041873998225954_n.jpg'><img loading=\"lazy\" decoding=\"async\" width=\"150\" height=\"150\" src=\"https:\/\/www.radiopiu.net\/wordpress\/wp-content\/uploads\/2023\/04\/339033992_611801510494702_4078041873998225954_n-150x150.jpg\" class=\"attachment-thumbnail size-thumbnail\" alt=\"\" \/><\/a>\n\t\t\t\t<\/dt><\/dl><dl class='gallery-item'>\n\t\t\t\t<dt class='gallery-icon landscape'>\n\t\t\t\t\t<a class=\"rollover rollover-zoom dt-pswp-item\" title=\"337897237_112237835154755_3074062041348907082_n\" data-dt-img-description=\"\" data-large_image_width=\"296\" data-large_image_height=\"203\"href='https:\/\/www.radiopiu.net\/wordpress\/wp-content\/uploads\/2023\/04\/337897237_112237835154755_3074062041348907082_n.jpg'><img loading=\"lazy\" decoding=\"async\" width=\"150\" height=\"150\" src=\"https:\/\/www.radiopiu.net\/wordpress\/wp-content\/uploads\/2023\/04\/337897237_112237835154755_3074062041348907082_n-150x150.jpg\" class=\"attachment-thumbnail size-thumbnail\" alt=\"\" \/><\/a>\n\t\t\t\t<\/dt><\/dl><dl class='gallery-item'>\n\t\t\t\t<dt class='gallery-icon landscape'>\n\t\t\t\t\t<a class=\"rollover rollover-zoom dt-pswp-item\" title=\"338022356_940612666977222_7515909475357512358_n\" data-dt-img-description=\"\" data-large_image_width=\"274\" data-large_image_height=\"206\"href='https:\/\/www.radiopiu.net\/wordpress\/wp-content\/uploads\/2023\/04\/338022356_940612666977222_7515909475357512358_n.jpg'><img loading=\"lazy\" decoding=\"async\" width=\"150\" height=\"150\" src=\"https:\/\/www.radiopiu.net\/wordpress\/wp-content\/uploads\/2023\/04\/338022356_940612666977222_7515909475357512358_n-150x150.jpg\" class=\"attachment-thumbnail size-thumbnail\" alt=\"\" \/><\/a>\n\t\t\t\t<\/dt><\/dl><br style=\"clear: both\" \/>\n\t\t\t<\/div>\n\n<\/div>\n<div dir=\"auto\" role=\"none\"><\/div>\n<div class=\"x6prxxf x1fc57z9 x1yc453h x126k92a xzsf02u\" dir=\"auto\" role=\"none\">NELLE FOTO (riproduzioni dal libro di Milena Caldart \u201cDonne in prima linea\u201d, quotidiano La Repubblica, Associazione culturale Tina Merlin): Tina a 21anni (da \u201cQuella del Vajont\u201d Cierre edizioni 2011); la Merlin con due compagne della lotta di liberazione; ad un raduno partigiano in Cansiglio nell\u2019immediato dopoguerra, con Aldo Sirena il partigiano \u201cNerone\u201d comandante di due brigate partigiane, dal quale avr\u00e0 un figlio: Antonio detto Toni, anch\u2019egli valente giornalista professionista come la madre); sfilata di donne e uomini della Resistenza.<\/div>\n<\/div>\n<\/div>\n<div class=\"x1h91t0o xkh2ocl x78zum5 xdt5ytf x13a6bvl x193iq5w x1iyjqo2 xcrg951\" role=\"none\">\n<div class=\"x1r8uery x1iyjqo2\" role=\"none\"><\/div>\n<\/div>\n<\/div>\n<\/div>\n<div class=\"x1h91t0o xkh2ocl x78zum5 xdt5ytf x13a6bvl x193iq5w x1iyjqo2 xcrg951\" role=\"none\">\n<div class=\"x1r8uery x1iyjqo2\" role=\"none\"><\/div>\n<\/div>\n<\/div>\n<div class=\"x1h91t0o xkh2ocl x78zum5 xdt5ytf x13a6bvl x193iq5w x1c4vz4f xcrg951\" role=\"none\"><\/div>\n<\/div>\n<div class=\"x1h91t0o xkh2ocl x78zum5 xdt5ytf x13a6bvl x193iq5w x1c4vz4f xcrg951\" role=\"none\">\n<div class=\"x78zum5 xdt5ytf x1iyjqo2 x2lah0s xl56j7k x1n2onr6 x1ll7btr x1n327nk x1t2a60a\" aria-hidden=\"true\">\n<div class=\"x6s0dn4 x78zum5 x1ll7btr x1q0g3np\" role=\"none\">\n<div class=\"x6s0dn4 x78zum5 x1ll7btr x1q0g3np\" role=\"none\">\n<div>\n<div class=\"x1i10hfl x1qjc9v5 xjbqb8w xjqpnuy xa49m3k xqeqjp1 x2hbi6w x13fuv20 xu3j5b3 x1q0q8m5 x26u7qi x972fbf xcfux6l x1qhh985 xm0m39n x9f619 x1ypdohk xdl72j9 x2lah0s xe8uvvx xdj266r x11i5rnm xat24cr x1mh8g0r x2lwn1j xeuugli xexx8yu x4uap5 x18d9i69 xkhd6sd x1n2onr6 x16tdsg8 x1hl2dhg xggy1nq x1ja2u2z x1t137rt x1o1ewxj x3x9cwd x1e5q0jg x13rtm0m x1q0g3np x87ps6o x1lku1pv x78zum5 x1a2a7pz\" tabindex=\"0\" role=\"button\" aria-expanded=\"false\" aria-haspopup=\"menu\" aria-label=\"Aggiungi una reazione\">\n<div class=\"xc26acl x6s0dn4 x14yjl9h xudhj91 x18nykt9 xww2gxu x1ypdohk x78zum5 x2lah0s xxk0z11 xl56j7k x11i5rnm x1mh8g0r x1n2onr6 x2b8uid xvy4d1p x15vn3sj\">\n<div class=\"x17rw0jw x197sbye x17z2i9w x4gyw5p x1o7uuvo\"><\/div>\n<\/div>\n<\/div>\n<\/div>\n<div>\n<div class=\"xc26acl x6s0dn4 x14yjl9h xudhj91 x18nykt9 xww2gxu x1ypdohk x78zum5 x2lah0s xxk0z11 xl56j7k x11i5rnm x1mh8g0r x1n2onr6 x2b8uid xvy4d1p x15vn3sj\">\n<div class=\"x1i10hfl x1qjc9v5 xjbqb8w xjqpnuy xa49m3k xqeqjp1 x2hbi6w x13fuv20 xu3j5b3 x1q0q8m5 x26u7qi x972fbf xcfux6l x1qhh985 xm0m39n x9f619 x1ypdohk xdl72j9 x2lah0s xe8uvvx xdj266r x11i5rnm xat24cr x1mh8g0r x2lwn1j xeuugli xexx8yu x4uap5 x18d9i69 xkhd6sd x1n2onr6 x16tdsg8 x1hl2dhg xggy1nq x1ja2u2z x1t137rt x1o1ewxj x3x9cwd x1e5q0jg x13rtm0m x1q0g3np x87ps6o x1lku1pv x78zum5 x1a2a7pz\" tabindex=\"0\" role=\"button\" aria-label=\"Rispondi\">\n<div class=\"x17rw0jw x197sbye x17z2i9w x4gyw5p x1o7uuvo\"><\/div>\n<\/div>\n<\/div>\n<\/div>\n<div>\n<div class=\"x1i10hfl x1qjc9v5 xjbqb8w xjqpnuy xa49m3k xqeqjp1 x2hbi6w x13fuv20 xu3j5b3 x1q0q8m5 x26u7qi x972fbf xcfux6l x1qhh985 xm0m39n x9f619 x1ypdohk xdl72j9 x2lah0s xe8uvvx xdj266r x11i5rnm xat24cr x1mh8g0r x2lwn1j xeuugli xexx8yu x4uap5 x18d9i69 xkhd6sd x1n2onr6 x16tdsg8 x1hl2dhg xggy1nq x1ja2u2z x1t137rt x1o1ewxj x3x9cwd x1e5q0jg x13rtm0m x1q0g3np x87ps6o x1lku1pv x78zum5 x1a2a7pz\" tabindex=\"0\" role=\"button\" aria-expanded=\"false\" aria-haspopup=\"menu\" aria-label=\"Altro\">\n<div class=\"xc26acl x6s0dn4 x14yjl9h xudhj91 x18nykt9 xww2gxu x1ypdohk x78zum5 x2lah0s xxk0z11 xl56j7k x11i5rnm x1mh8g0r x1n2onr6 x2b8uid xvy4d1p x15vn3sj\">\n<div class=\"x17rw0jw x197sbye x17z2i9w x4gyw5p x1o7uuvo\"><\/div>\n<\/div>\n<\/div>\n<\/div>\n<\/div>\n<\/div>\n<\/div>\n<\/div>\n<div class=\"x1h91t0o xkh2ocl x78zum5 xdt5ytf x13a6bvl x193iq5w x1iyjqo2 xcrg951\" role=\"none\">\n<div class=\"x1r8uery x1iyjqo2\" role=\"none\"><\/div>\n<\/div>\n<\/div>\n<div class=\"x1h91t0o xkh2ocl x78zum5 xdt5ytf x13a6bvl x193iq5w x1c4vz4f xcrg951\" role=\"none\">\n<div id=\"\" class=\"xuk3077 x78zum5 x6ikm8r x10wlt62 xw4jnvo\" role=\"none\">\n<div class=\"x2lah0s x17z2i9w\"><\/div>\n<\/div>\n<\/div>\n<\/div>\n","protected":false},"excerpt":{"rendered":"<p>di RENATO BONA\u00a0 \u00a0Nel libro della bellunese trapiantata nella Capitale, dott. Milena Caldart \u201cDonne in prima linea\u201d non poteva mancare, tra le testimonianze dell\u2019identit\u00e0 femminile veneta con protagoniste bellunesi, vicentine e trevigiane dall\u2019Annessione al Ventennio, la figura di Clementina detta Tina Merlin, giornalista, scrittrice, una brava collega ed amica carissima, impegnata nel sociale e nota&hellip;<\/p>\n","protected":false},"author":4,"featured_media":331013,"comment_status":"closed","ping_status":"closed","sticky":false,"template":"","format":"standard","meta":{"_monsterinsights_skip_tracking":false,"_monsterinsights_sitenote_active":false,"_monsterinsights_sitenote_note":"","_monsterinsights_sitenote_category":0,"footnotes":""},"categories":[103,49],"tags":[],"class_list":["post-331011","post","type-post","status-publish","format-standard","has-post-thumbnail","hentry","category-evidenza_2","category-news-18","category-103","category-49","description-off"],"img_url":"https:\/\/www.radiopiu.net\/wordpress\/wp-content\/uploads\/2023\/04\/337837734_241497015023739_550558549901876599_n.jpg","_links":{"self":[{"href":"https:\/\/www.radiopiu.net\/wordpress\/wp-json\/wp\/v2\/posts\/331011","targetHints":{"allow":["GET"]}}],"collection":[{"href":"https:\/\/www.radiopiu.net\/wordpress\/wp-json\/wp\/v2\/posts"}],"about":[{"href":"https:\/\/www.radiopiu.net\/wordpress\/wp-json\/wp\/v2\/types\/post"}],"author":[{"embeddable":true,"href":"https:\/\/www.radiopiu.net\/wordpress\/wp-json\/wp\/v2\/users\/4"}],"replies":[{"embeddable":true,"href":"https:\/\/www.radiopiu.net\/wordpress\/wp-json\/wp\/v2\/comments?post=331011"}],"version-history":[{"count":0,"href":"https:\/\/www.radiopiu.net\/wordpress\/wp-json\/wp\/v2\/posts\/331011\/revisions"}],"wp:featuredmedia":[{"embeddable":true,"href":"https:\/\/www.radiopiu.net\/wordpress\/wp-json\/wp\/v2\/media\/331013"}],"wp:attachment":[{"href":"https:\/\/www.radiopiu.net\/wordpress\/wp-json\/wp\/v2\/media?parent=331011"}],"wp:term":[{"taxonomy":"category","embeddable":true,"href":"https:\/\/www.radiopiu.net\/wordpress\/wp-json\/wp\/v2\/categories?post=331011"},{"taxonomy":"post_tag","embeddable":true,"href":"https:\/\/www.radiopiu.net\/wordpress\/wp-json\/wp\/v2\/tags?post=331011"}],"curies":[{"name":"wp","href":"https:\/\/api.w.org\/{rel}","templated":true}]}}