{"id":331048,"date":"2023-04-12T05:09:01","date_gmt":"2023-04-12T03:09:01","guid":{"rendered":"https:\/\/www.radiopiu.net\/wordpress\/?p=331048"},"modified":"2023-04-12T05:10:34","modified_gmt":"2023-04-12T03:10:34","slug":"331048-2","status":"publish","type":"post","link":"https:\/\/www.radiopiu.net\/wordpress\/331048-2\/","title":{"rendered":"ADDIO AD ALZIRO MOLIN,   PIONIERE DELL&#8217;ARRAMPICATA IN  CADORE"},"content":{"rendered":"<p>&nbsp;<\/p>\n<blockquote><p><em>Alziro Molin, soprannominato &#8220;il vecchio&#8221; (Auronzo di Cadore, 28 aprile 1932[1] \u2013 San Candido, 11 aprile 2023), \u00e8 stato un alpinista italiano, considerato uno dei pi\u00f9 grandi rocciatori delle Dolomiti viventi della second\u00e0 met\u00e0 del secolo scorso.<\/em><\/p><\/blockquote>\n<p><strong><a class=\"dt-pswp-item\" href=\"https:\/\/www.radiopiu.net\/wordpress\/wp-content\/uploads\/2023\/04\/Molin_Alziro.jpg\" data-dt-img-description=\"\" data-large_image_width=\"220\" data-large_image_height=\"320\"><img loading=\"lazy\" decoding=\"async\" class=\"size-medium wp-image-331050 alignright\" src=\"https:\/\/www.radiopiu.net\/wordpress\/wp-content\/uploads\/2023\/04\/Molin_Alziro-206x300.jpg\" alt=\"\" width=\"206\" height=\"300\" srcset=\"https:\/\/www.radiopiu.net\/wordpress\/wp-content\/uploads\/2023\/04\/Molin_Alziro-206x300.jpg 206w, https:\/\/www.radiopiu.net\/wordpress\/wp-content\/uploads\/2023\/04\/Molin_Alziro.jpg 220w\" sizes=\"auto, (max-width: 206px) 100vw, 206px\" \/><\/a>AURONZO<\/strong> E&#8217; morto il pioniere dell&#8217;arrampicata cadorina Alziro Molin. Classe 1932,\u00a0 avrebbe compiuto 91 anni il prossimo 28 aprile. Ed invece una complicanza respiratoria ne ha arrestato l&#8217;ultima scalata, quella intrapresa nei corridoi dell&#8217;ospedale di San Candido.\u00a0 Molin \u00e8 stato uno dei rocciatori pi\u00f9 famosi della seconda met\u00e0 del secolo scorso. Ha preso parte a diverse spedizioni internazionali, in alcune delle quali assumendo oneri ed onori del ruolo di capo spedizione.\u00a0 La Magnifica Comunit\u00e0 ha iscritto Alziro Molin nel libro dell&#8217;onore all&#8217;interno del quale, al suo fianco, figurano i cadorini illustri che con il loro operato hanno dato lustro al territorio.<\/p>\n<p><strong>WIKIPEDIA\u00a0<\/strong><br \/>\n<em>\u00abVederlo salire viene spontaneo paragonarlo ad un ragno, accarezza in modo delicato la roccia, sembra quasi abbia paura di farle male. Se volessimo un paragone con la musica, potremmo pensare che per lui la roccia \u00e8 uno spartito dove lui \u00e8 l\u2019esecutore, gli strumenti sono le mani e i piedi.\u00bb<\/em> (Paola De Filippo Roia, Enzo Lancellotti \u2013 Alziro Molin:\u00a0Una vita, mille montagne, La grande cordata, Grafiche Antiga (TV) 2008)<\/p>\n<p><a class=\"dt-pswp-item\" href=\"https:\/\/www.radiopiu.net\/wordpress\/wp-content\/uploads\/2023\/04\/Senza-nome-18.jpg\" data-dt-img-description=\"\" data-large_image_width=\"245\" data-large_image_height=\"255\"><img loading=\"lazy\" decoding=\"async\" class=\" wp-image-331049 alignleft\" src=\"https:\/\/www.radiopiu.net\/wordpress\/wp-content\/uploads\/2023\/04\/Senza-nome-18.jpg\" alt=\"\" width=\"220\" height=\"229\" \/><\/a>Nono di tredici figli, entra fin da giovane nei \u201cCamosci di Auronzo\u201d, gruppo delle Guide Alpine del luogo, apprendendo le varie tecniche da arrampicatori quali Valerio Quinz, Bruno Caldart, Galeno Vecellio e Francesco Larese Filon. Nel 1953 compie il servizio militare nella \u201cJulia\u201d \u2013 3\u00ba artiglieria da montagna e passa poi alla \u201cCadore\u201d come istruttore militare di sci e roccia. Viene chiamato a Courmayeur in qualit\u00e0 di istruttore nella scuola militare alpina, arrampicando con i futuri vertici della gerarchia militare, come il generale Enrico Borgenni. A venticinque anni sposa Raffaella Caldart, nipote della guida alpina Bruno Caldart, da cui ebbe sette figli. Successivamente diventa maestro di maestro di sci e guida alpina.Nel 1972 viene chiamato a far parte della commissione tecnica nazionale A.G.A.I., dove rimane fino al 1982 in qualit\u00e0 di istruttore per la formazione delle guide alpine. Nel 1974 copre il ruolo di presidente della sezione cadorina del C.A.I. \u201cLuigi Rizzardi\u201d di AuronzoAlziro Molin e la sua esperienza di vita sulle Dolomiti Bellunesi \u00e8 stata raccontata dagli scrittori Paola De Filippo Roia ed Enzo Lancellotti nell&#8217;opera Una vita, mille montagne.<\/p>\n<p>&nbsp;<\/p>\n<p>&nbsp;<\/p>\n<p>___<\/p>\n","protected":false},"excerpt":{"rendered":"<p>&nbsp; Alziro Molin, soprannominato &#8220;il vecchio&#8221; (Auronzo di Cadore, 28 aprile 1932[1] \u2013 San Candido, 11 aprile 2023), \u00e8 stato un alpinista italiano, considerato uno dei pi\u00f9 grandi rocciatori delle Dolomiti viventi della second\u00e0 met\u00e0 del secolo scorso. AURONZO E&#8217; morto il pioniere dell&#8217;arrampicata cadorina Alziro Molin. Classe 1932,\u00a0 avrebbe compiuto 91 anni il prossimo&hellip;<\/p>\n","protected":false},"author":4,"featured_media":331049,"comment_status":"closed","ping_status":"closed","sticky":false,"template":"","format":"standard","meta":{"_monsterinsights_skip_tracking":false,"_monsterinsights_sitenote_active":false,"_monsterinsights_sitenote_note":"","_monsterinsights_sitenote_category":0,"footnotes":""},"categories":[51,49],"tags":[],"class_list":["post-331048","post","type-post","status-publish","format-standard","has-post-thumbnail","hentry","category-evidenza-top","category-news-18","category-51","category-49","description-off"],"img_url":"https:\/\/www.radiopiu.net\/wordpress\/wp-content\/uploads\/2023\/04\/Senza-nome-18.jpg","_links":{"self":[{"href":"https:\/\/www.radiopiu.net\/wordpress\/wp-json\/wp\/v2\/posts\/331048","targetHints":{"allow":["GET"]}}],"collection":[{"href":"https:\/\/www.radiopiu.net\/wordpress\/wp-json\/wp\/v2\/posts"}],"about":[{"href":"https:\/\/www.radiopiu.net\/wordpress\/wp-json\/wp\/v2\/types\/post"}],"author":[{"embeddable":true,"href":"https:\/\/www.radiopiu.net\/wordpress\/wp-json\/wp\/v2\/users\/4"}],"replies":[{"embeddable":true,"href":"https:\/\/www.radiopiu.net\/wordpress\/wp-json\/wp\/v2\/comments?post=331048"}],"version-history":[{"count":0,"href":"https:\/\/www.radiopiu.net\/wordpress\/wp-json\/wp\/v2\/posts\/331048\/revisions"}],"wp:featuredmedia":[{"embeddable":true,"href":"https:\/\/www.radiopiu.net\/wordpress\/wp-json\/wp\/v2\/media\/331049"}],"wp:attachment":[{"href":"https:\/\/www.radiopiu.net\/wordpress\/wp-json\/wp\/v2\/media?parent=331048"}],"wp:term":[{"taxonomy":"category","embeddable":true,"href":"https:\/\/www.radiopiu.net\/wordpress\/wp-json\/wp\/v2\/categories?post=331048"},{"taxonomy":"post_tag","embeddable":true,"href":"https:\/\/www.radiopiu.net\/wordpress\/wp-json\/wp\/v2\/tags?post=331048"}],"curies":[{"name":"wp","href":"https:\/\/api.w.org\/{rel}","templated":true}]}}