{"id":331103,"date":"2023-04-12T12:15:16","date_gmt":"2023-04-12T10:15:16","guid":{"rendered":"https:\/\/www.radiopiu.net\/wordpress\/?p=331103"},"modified":"2023-04-12T12:15:16","modified_gmt":"2023-04-12T10:15:16","slug":"dillo-a-radio-piu-atto-di-responsabilita","status":"publish","type":"post","link":"https:\/\/www.radiopiu.net\/wordpress\/dillo-a-radio-piu-atto-di-responsabilita\/","title":{"rendered":"DILLO A RADIO PIU&#8217;&#8230;ATTO DI RESPONSABILITA&#8217;"},"content":{"rendered":"<p><strong><a class=\"dt-pswp-item\" href=\"https:\/\/www.radiopiu.net\/wordpress\/wp-content\/uploads\/2020\/06\/CANALE-DAGORDO-6.jpg\" data-dt-img-description=\"\" data-large_image_width=\"960\" data-large_image_height=\"720\"><img loading=\"lazy\" decoding=\"async\" class=\" wp-image-142143 alignleft\" src=\"https:\/\/www.radiopiu.net\/wordpress\/wp-content\/uploads\/2020\/06\/CANALE-DAGORDO-6-300x225.jpg\" alt=\"\" width=\"169\" height=\"127\" srcset=\"https:\/\/www.radiopiu.net\/wordpress\/wp-content\/uploads\/2020\/06\/CANALE-DAGORDO-6-300x225.jpg 300w, https:\/\/www.radiopiu.net\/wordpress\/wp-content\/uploads\/2020\/06\/CANALE-DAGORDO-6-768x576.jpg 768w, https:\/\/www.radiopiu.net\/wordpress\/wp-content\/uploads\/2020\/06\/CANALE-DAGORDO-6.jpg 960w\" sizes=\"auto, (max-width: 169px) 100vw, 169px\" \/><\/a>REDAZIONE<\/strong> Riceviamo e volentieri pubblichiamo.<\/p>\n<blockquote><p><em>Mi ha colpito aver trovato nella mia cassetta postale, recapitato a mano, il documento dal titolo \u201c2018-2023: Cinque anni in minoranza\u201d della lista \u201cProgetto per la comunit\u00e0 e il territorio\u201d di Canale d\u2019Agordo. Mi ha colpito e l\u2019ho molto apprezzato. Lo trovo un atto di responsabilit\u00e0 e di grande attenzione nei confronti dei cittadini, tanto pi\u00f9 perch\u00e9 proviene da una forza che, come onestamente riconosce, non aveva la possibilit\u00e0 di incidere davvero sulle scelte dell\u2019Amministrazione e non ha, oltretutto, intenzione di ricandidarsi in questa tornata elettorale. Da cittadina di Canale, ma non solo, il mio plauso e il mio ringraziamento. <\/em><br \/>\n<em>Susy Dan<\/em><\/p><\/blockquote>\n<p>&nbsp;<\/p>\n<p>&nbsp;<\/p>\n<p>******<\/p>\n","protected":false},"excerpt":{"rendered":"<p>REDAZIONE Riceviamo e volentieri pubblichiamo. Mi ha colpito aver trovato nella mia cassetta postale, recapitato a mano, il documento dal titolo \u201c2018-2023: Cinque anni in minoranza\u201d della lista \u201cProgetto per la comunit\u00e0 e il territorio\u201d di Canale d\u2019Agordo. Mi ha colpito e l\u2019ho molto apprezzato. Lo trovo un atto di responsabilit\u00e0 e di grande attenzione&hellip;<\/p>\n","protected":false},"author":4,"featured_media":142143,"comment_status":"closed","ping_status":"closed","sticky":false,"template":"","format":"standard","meta":{"_monsterinsights_skip_tracking":false,"_monsterinsights_sitenote_active":false,"_monsterinsights_sitenote_note":"","_monsterinsights_sitenote_category":0,"footnotes":""},"categories":[49],"tags":[],"class_list":["post-331103","post","type-post","status-publish","format-standard","has-post-thumbnail","hentry","category-news-18","category-49","description-off"],"img_url":"https:\/\/www.radiopiu.net\/wordpress\/wp-content\/uploads\/2020\/06\/CANALE-DAGORDO-6.jpg","_links":{"self":[{"href":"https:\/\/www.radiopiu.net\/wordpress\/wp-json\/wp\/v2\/posts\/331103","targetHints":{"allow":["GET"]}}],"collection":[{"href":"https:\/\/www.radiopiu.net\/wordpress\/wp-json\/wp\/v2\/posts"}],"about":[{"href":"https:\/\/www.radiopiu.net\/wordpress\/wp-json\/wp\/v2\/types\/post"}],"author":[{"embeddable":true,"href":"https:\/\/www.radiopiu.net\/wordpress\/wp-json\/wp\/v2\/users\/4"}],"replies":[{"embeddable":true,"href":"https:\/\/www.radiopiu.net\/wordpress\/wp-json\/wp\/v2\/comments?post=331103"}],"version-history":[{"count":0,"href":"https:\/\/www.radiopiu.net\/wordpress\/wp-json\/wp\/v2\/posts\/331103\/revisions"}],"wp:featuredmedia":[{"embeddable":true,"href":"https:\/\/www.radiopiu.net\/wordpress\/wp-json\/wp\/v2\/media\/142143"}],"wp:attachment":[{"href":"https:\/\/www.radiopiu.net\/wordpress\/wp-json\/wp\/v2\/media?parent=331103"}],"wp:term":[{"taxonomy":"category","embeddable":true,"href":"https:\/\/www.radiopiu.net\/wordpress\/wp-json\/wp\/v2\/categories?post=331103"},{"taxonomy":"post_tag","embeddable":true,"href":"https:\/\/www.radiopiu.net\/wordpress\/wp-json\/wp\/v2\/tags?post=331103"}],"curies":[{"name":"wp","href":"https:\/\/api.w.org\/{rel}","templated":true}]}}