{"id":331110,"date":"2023-04-12T13:57:44","date_gmt":"2023-04-12T11:57:44","guid":{"rendered":"https:\/\/www.radiopiu.net\/wordpress\/?p=331110"},"modified":"2023-04-12T13:58:31","modified_gmt":"2023-04-12T11:58:31","slug":"dolomitibus-e-amministratori-alla-domenica-dimenticano-la-terre-alte","status":"publish","type":"post","link":"https:\/\/www.radiopiu.net\/wordpress\/dolomitibus-e-amministratori-alla-domenica-dimenticano-la-terre-alte\/","title":{"rendered":"DOLOMITIBUS E AMMINISTRATORI ALLA DOMENICA DIMENTICANO LA TERRE ALTE"},"content":{"rendered":"<p><strong><img loading=\"lazy\" decoding=\"async\" class=\"alignleft\" src=\"https:\/\/www.radiopiu.net\/wordpress\/wp-content\/uploads\/2020\/06\/80c303ed-9a2e-49f0-8b20-3dd5e061bbf3.jpg\" width=\"307\" height=\"230\" \/>REDAZIONE<\/strong> Il mormorio sulla problematica dei trasporti pubblici nei giorni di festa nell&#8217;Agordino \u00e8 costante, da tempo. Non sono mancati gli interventi attraverso gli organi di informazione, ma chi si \u00e8 fatto parte attiva per venire incontro a chi abita la montagna?<\/p>\n<p>Davide Colcuc da Colle Santa Lucia ha inviato un messaggio preciso al presidente della Provincia Roberto Padrin e al consigliere provinciale Danilo De Toni.<em> &#8220;Desidero far presente ai nostri amministratori semmai non se ne fossero accorti &#8211; scrive Colcuc-\u00a0 che i cittadini, come pure i turisti non dispongono pi\u00f9 di alcuna corsa DolomitiBus da e per Belluno nei giorni festivi. Oltre a ci\u00f2, \u00e8 stato soppresso anche il collegamento feriale con la Val Badia, una linea storica interprovinciale e interregionale. Oltre il passo Campolongo, la linea autobus Corvara-Brunico si effettua ogni 30 minuti. Questo mio confronto non sia visto come una nostalgia asburgica, ma come la reale constatazione dei fatti&#8221;.<\/em> Nella missiva anche un riferimento alla risorse, a quelle dei fondi di confine con i quali i Comuni finanziano progetti di varia natura.<em> &#8220;Sarebbe sensato &#8211; azzarca Colcuc- mantenere i servizi di trasporto anche con l\u2019aiuto di questi fondi, tra l\u2019altro elargiti dalla Regione Trentino-S\u00fcdtirol&#8221;.\u00a0<\/em>Infine il cittadino di Colle Santa Lucia ricorda come i mezzi di informazione martellino insistentemente su politiche regionali e provinciali per contrastare lo spopolamento e l&#8217;abbandono delle terre alte\u00a0 <em>&#8220;A malincuore -conclude Davide Colcuc &#8211;\u00a0 devo riconoscere che i fatti non sempre vanno davvero in questa direzione, anzi, noto che si continua a tagliare in diversi ambiti e, tra gli altri, anche nei servizi di trasporto pubblico&#8221;<\/em><\/p>\n<p>&nbsp;<\/p>\n<p>&nbsp;<\/p>\n<hr \/>\n<p>&nbsp;<\/p>\n","protected":false},"excerpt":{"rendered":"<p>REDAZIONE Il mormorio sulla problematica dei trasporti pubblici nei giorni di festa nell&#8217;Agordino \u00e8 costante, da tempo. Non sono mancati gli interventi attraverso gli organi di informazione, ma chi si \u00e8 fatto parte attiva per venire incontro a chi abita la montagna? Davide Colcuc da Colle Santa Lucia ha inviato un messaggio preciso al presidente&hellip;<\/p>\n","protected":false},"author":4,"featured_media":145520,"comment_status":"closed","ping_status":"closed","sticky":false,"template":"","format":"standard","meta":{"_monsterinsights_skip_tracking":false,"_monsterinsights_sitenote_active":false,"_monsterinsights_sitenote_note":"","_monsterinsights_sitenote_category":0,"footnotes":""},"categories":[51,49],"tags":[],"class_list":["post-331110","post","type-post","status-publish","format-standard","has-post-thumbnail","hentry","category-evidenza-top","category-news-18","category-51","category-49","description-off"],"img_url":"https:\/\/www.radiopiu.net\/wordpress\/wp-content\/uploads\/2020\/06\/80c303ed-9a2e-49f0-8b20-3dd5e061bbf3.jpg","_links":{"self":[{"href":"https:\/\/www.radiopiu.net\/wordpress\/wp-json\/wp\/v2\/posts\/331110","targetHints":{"allow":["GET"]}}],"collection":[{"href":"https:\/\/www.radiopiu.net\/wordpress\/wp-json\/wp\/v2\/posts"}],"about":[{"href":"https:\/\/www.radiopiu.net\/wordpress\/wp-json\/wp\/v2\/types\/post"}],"author":[{"embeddable":true,"href":"https:\/\/www.radiopiu.net\/wordpress\/wp-json\/wp\/v2\/users\/4"}],"replies":[{"embeddable":true,"href":"https:\/\/www.radiopiu.net\/wordpress\/wp-json\/wp\/v2\/comments?post=331110"}],"version-history":[{"count":0,"href":"https:\/\/www.radiopiu.net\/wordpress\/wp-json\/wp\/v2\/posts\/331110\/revisions"}],"wp:featuredmedia":[{"embeddable":true,"href":"https:\/\/www.radiopiu.net\/wordpress\/wp-json\/wp\/v2\/media\/145520"}],"wp:attachment":[{"href":"https:\/\/www.radiopiu.net\/wordpress\/wp-json\/wp\/v2\/media?parent=331110"}],"wp:term":[{"taxonomy":"category","embeddable":true,"href":"https:\/\/www.radiopiu.net\/wordpress\/wp-json\/wp\/v2\/categories?post=331110"},{"taxonomy":"post_tag","embeddable":true,"href":"https:\/\/www.radiopiu.net\/wordpress\/wp-json\/wp\/v2\/tags?post=331110"}],"curies":[{"name":"wp","href":"https:\/\/api.w.org\/{rel}","templated":true}]}}