{"id":331149,"date":"2023-04-13T05:35:22","date_gmt":"2023-04-13T03:35:22","guid":{"rendered":"https:\/\/www.radiopiu.net\/wordpress\/?p=331149"},"modified":"2023-04-13T08:54:15","modified_gmt":"2023-04-13T06:54:15","slug":"villaggio-olimpico-a-cortina-presidente-veneto-fiames-il-sito-piu-adatto","status":"publish","type":"post","link":"https:\/\/www.radiopiu.net\/wordpress\/villaggio-olimpico-a-cortina-presidente-veneto-fiames-il-sito-piu-adatto\/","title":{"rendered":"VILLAGGIO OLIMPICO A CORTINA. PRESIDENTE VENETO, \u201cFIAMES IL SITO PIU\u2019 ADATTO\u201d"},"content":{"rendered":"<p><strong><img loading=\"lazy\" decoding=\"async\" class=\"alignleft\" src=\"https:\/\/www.radiopiu.net\/wordpress\/wp-content\/uploads\/2018\/07\/920-2018-Zaia.jpg\" width=\"237\" height=\"178\" \/>VENEZIA <\/strong><em>\u201cE&#8217; stato fatto un passo importante, \u00e8 stato posto un tassello fondamentale per le Olimpiadi Milano Cortina 2026. Il sito di Fiames appare il pi\u00f9 adatto a ospitare il villaggio olimpico di Cortina. L\u2019indicazione finale \u00e8 stata presentata durante la cabina di regia sulle opere infrastrutturali olimpiche. \u00c8 emersa da un report tecnico particolarmente approfondito, di oltre 60 pagine, che ha preso in esame i diversi siti cortinesi dove era ipotizzabile poter ospitare il villaggio\u201d<\/em>. Lo dichiara il Presidente della Regione Veneto al termine della cabina di regia Milano Cortina 2026. <em>\u201cL\u2019analisi comparativa \u00e8 stata redatta dal commissario Sant\u2019Andrea con i suoi tecnici. \u00c8 durata molto tempo, valutando le diverse progettualit\u00e0, fugando ogni dubbio. Fiames \u00e8 risultata la scelta migliore. La relazione verr\u00e0 messa agli atti e sar\u00e0 resa disponibile a tutti, visto e considerato che i percorsi si vogliono realizzare nella massima trasparenza\u201d, termina il Governatore.<\/em><\/p>\n<p>&nbsp;<\/p>\n<p>&nbsp;<\/p>\n<hr \/>\n<p>&nbsp;<\/p>\n","protected":false},"excerpt":{"rendered":"<p>VENEZIA \u201cE&#8217; stato fatto un passo importante, \u00e8 stato posto un tassello fondamentale per le Olimpiadi Milano Cortina 2026. Il sito di Fiames appare il pi\u00f9 adatto a ospitare il villaggio olimpico di Cortina. L\u2019indicazione finale \u00e8 stata presentata durante la cabina di regia sulle opere infrastrutturali olimpiche. \u00c8 emersa da un report tecnico particolarmente&hellip;<\/p>\n","protected":false},"author":4,"featured_media":53049,"comment_status":"closed","ping_status":"closed","sticky":false,"template":"","format":"standard","meta":{"_monsterinsights_skip_tracking":false,"_monsterinsights_sitenote_active":false,"_monsterinsights_sitenote_note":"","_monsterinsights_sitenote_category":0,"footnotes":""},"categories":[51,49],"tags":[],"class_list":["post-331149","post","type-post","status-publish","format-standard","has-post-thumbnail","hentry","category-evidenza-top","category-news-18","category-51","category-49","description-off"],"img_url":"https:\/\/www.radiopiu.net\/wordpress\/wp-content\/uploads\/2018\/07\/920-2018-Zaia.jpg","_links":{"self":[{"href":"https:\/\/www.radiopiu.net\/wordpress\/wp-json\/wp\/v2\/posts\/331149","targetHints":{"allow":["GET"]}}],"collection":[{"href":"https:\/\/www.radiopiu.net\/wordpress\/wp-json\/wp\/v2\/posts"}],"about":[{"href":"https:\/\/www.radiopiu.net\/wordpress\/wp-json\/wp\/v2\/types\/post"}],"author":[{"embeddable":true,"href":"https:\/\/www.radiopiu.net\/wordpress\/wp-json\/wp\/v2\/users\/4"}],"replies":[{"embeddable":true,"href":"https:\/\/www.radiopiu.net\/wordpress\/wp-json\/wp\/v2\/comments?post=331149"}],"version-history":[{"count":0,"href":"https:\/\/www.radiopiu.net\/wordpress\/wp-json\/wp\/v2\/posts\/331149\/revisions"}],"wp:featuredmedia":[{"embeddable":true,"href":"https:\/\/www.radiopiu.net\/wordpress\/wp-json\/wp\/v2\/media\/53049"}],"wp:attachment":[{"href":"https:\/\/www.radiopiu.net\/wordpress\/wp-json\/wp\/v2\/media?parent=331149"}],"wp:term":[{"taxonomy":"category","embeddable":true,"href":"https:\/\/www.radiopiu.net\/wordpress\/wp-json\/wp\/v2\/categories?post=331149"},{"taxonomy":"post_tag","embeddable":true,"href":"https:\/\/www.radiopiu.net\/wordpress\/wp-json\/wp\/v2\/tags?post=331149"}],"curies":[{"name":"wp","href":"https:\/\/api.w.org\/{rel}","templated":true}]}}