{"id":331157,"date":"2023-04-13T10:00:44","date_gmt":"2023-04-13T08:00:44","guid":{"rendered":"https:\/\/www.radiopiu.net\/wordpress\/?p=331157"},"modified":"2023-04-12T23:12:45","modified_gmt":"2023-04-12T21:12:45","slug":"da-dediche-e-richieste-alessandro-fontana-allenatore-dellalleghe-cortina-under-15-campione-ditalia","status":"publish","type":"post","link":"https:\/\/www.radiopiu.net\/wordpress\/da-dediche-e-richieste-alessandro-fontana-allenatore-dellalleghe-cortina-under-15-campione-ditalia\/","title":{"rendered":"DA DEDICHE E RICHIESTE&#8230;ALESSANDRO FONTANA, ALLENATORE DELL&#8217;ALLEGHE\/CORTINA UNDER 15 CAMPIONE D&#8217;ITALIA"},"content":{"rendered":"<p><strong><a class=\"dt-pswp-item\" href=\"https:\/\/www.radiopiu.net\/wordpress\/wp-content\/uploads\/2021\/09\/ALLEGHE-PANCHINA.jpg\" data-dt-img-description=\"\" data-large_image_width=\"1000\" data-large_image_height=\"665\"><img loading=\"lazy\" decoding=\"async\" class=\" wp-image-233998 alignleft\" src=\"https:\/\/www.radiopiu.net\/wordpress\/wp-content\/uploads\/2021\/09\/ALLEGHE-PANCHINA-300x200.jpg\" alt=\"\" width=\"138\" height=\"92\" srcset=\"https:\/\/www.radiopiu.net\/wordpress\/wp-content\/uploads\/2021\/09\/ALLEGHE-PANCHINA-300x200.jpg 300w, https:\/\/www.radiopiu.net\/wordpress\/wp-content\/uploads\/2021\/09\/ALLEGHE-PANCHINA-768x511.jpg 768w, https:\/\/www.radiopiu.net\/wordpress\/wp-content\/uploads\/2021\/09\/ALLEGHE-PANCHINA.jpg 1000w\" sizes=\"auto, (max-width: 138px) 100vw, 138px\" \/><\/a>REDAZIONE<\/strong> Appuntamento del mercoled\u00ec sera su Radio Pi\u00f9 dedicato al programma di dediche e richieste. Come sempre ospiti a sorpresa e quasta volta il programma \u00e8 statao aperto con l&#8217;intervento di Alessandro Fontana, allenatore dell&#8217;Alleghe\/Cortina under 15 che domenica scorsa ha vinto lo scudetto contro l&#8217;Appiano.<\/p>\n<p><strong>ALESSANDRO FONTANA<\/strong><\/p>\n<audio class=\"wp-audio-shortcode\" id=\"audio-331157-1\" preload=\"none\" style=\"width: 100%;\" controls=\"controls\"><source type=\"audio\/mpeg\" src=\"https:\/\/www.radiopiu.net\/wordpress\/wp-content\/uploads\/2023\/04\/DEDICHE-ALESSANDRO-FONTANA.mp3?_=1\" \/><a href=\"https:\/\/www.radiopiu.net\/wordpress\/wp-content\/uploads\/2023\/04\/DEDICHE-ALESSANDRO-FONTANA.mp3\">https:\/\/www.radiopiu.net\/wordpress\/wp-content\/uploads\/2023\/04\/DEDICHE-ALESSANDRO-FONTANA.mp3<\/a><\/audio>\n<p>&nbsp;<\/p>\n<p>&nbsp;<\/p>\n<p>&nbsp;<\/p>\n<p>********<\/p>\n","protected":false},"excerpt":{"rendered":"<p>REDAZIONE Appuntamento del mercoled\u00ec sera su Radio Pi\u00f9 dedicato al programma di dediche e richieste. Come sempre ospiti a sorpresa e quasta volta il programma \u00e8 statao aperto con l&#8217;intervento di Alessandro Fontana, allenatore dell&#8217;Alleghe\/Cortina under 15 che domenica scorsa ha vinto lo scudetto contro l&#8217;Appiano. ALESSANDRO FONTANA &nbsp; &nbsp; &nbsp; ********<\/p>\n","protected":false},"author":4,"featured_media":233998,"comment_status":"closed","ping_status":"closed","sticky":false,"template":"","format":"standard","meta":{"_monsterinsights_skip_tracking":false,"_monsterinsights_sitenote_active":false,"_monsterinsights_sitenote_note":"","_monsterinsights_sitenote_category":0,"footnotes":""},"categories":[49],"tags":[],"class_list":["post-331157","post","type-post","status-publish","format-standard","has-post-thumbnail","hentry","category-news-18","category-49","description-off"],"img_url":"https:\/\/www.radiopiu.net\/wordpress\/wp-content\/uploads\/2021\/09\/ALLEGHE-PANCHINA.jpg","_links":{"self":[{"href":"https:\/\/www.radiopiu.net\/wordpress\/wp-json\/wp\/v2\/posts\/331157","targetHints":{"allow":["GET"]}}],"collection":[{"href":"https:\/\/www.radiopiu.net\/wordpress\/wp-json\/wp\/v2\/posts"}],"about":[{"href":"https:\/\/www.radiopiu.net\/wordpress\/wp-json\/wp\/v2\/types\/post"}],"author":[{"embeddable":true,"href":"https:\/\/www.radiopiu.net\/wordpress\/wp-json\/wp\/v2\/users\/4"}],"replies":[{"embeddable":true,"href":"https:\/\/www.radiopiu.net\/wordpress\/wp-json\/wp\/v2\/comments?post=331157"}],"version-history":[{"count":0,"href":"https:\/\/www.radiopiu.net\/wordpress\/wp-json\/wp\/v2\/posts\/331157\/revisions"}],"wp:featuredmedia":[{"embeddable":true,"href":"https:\/\/www.radiopiu.net\/wordpress\/wp-json\/wp\/v2\/media\/233998"}],"wp:attachment":[{"href":"https:\/\/www.radiopiu.net\/wordpress\/wp-json\/wp\/v2\/media?parent=331157"}],"wp:term":[{"taxonomy":"category","embeddable":true,"href":"https:\/\/www.radiopiu.net\/wordpress\/wp-json\/wp\/v2\/categories?post=331157"},{"taxonomy":"post_tag","embeddable":true,"href":"https:\/\/www.radiopiu.net\/wordpress\/wp-json\/wp\/v2\/tags?post=331157"}],"curies":[{"name":"wp","href":"https:\/\/api.w.org\/{rel}","templated":true}]}}