{"id":331260,"date":"2023-04-13T11:29:07","date_gmt":"2023-04-13T09:29:07","guid":{"rendered":"https:\/\/www.radiopiu.net\/wordpress\/?p=331260"},"modified":"2023-04-14T05:33:43","modified_gmt":"2023-04-14T03:33:43","slug":"affidata-la-progettazione-della-ciclabile-della-veneggia","status":"publish","type":"post","link":"https:\/\/www.radiopiu.net\/wordpress\/affidata-la-progettazione-della-ciclabile-della-veneggia\/","title":{"rendered":"AFFIDATA LA PROGETTAZIONE DELLA CICLABILE DELLA VENEGGIA"},"content":{"rendered":"<p><strong>BELLUNO <\/strong>Affidato l\u2019incarico per la progettazione della pista ciclopedonale della Veneggia e avviato l\u2019iter per l\u2019acquisizione dei terreni adiacenti. L\u2019intervento \u00e8 nell\u2019annualita\u0300 2023 del Programma triennale OO.PP. 2021\/2023 ed \u00e8 finanziato con il Pnrr per 390 mila euro. La pista sar\u00e0 a sbalzo, si estender\u00e0 per 79 metri a lato del ponte sul Rio Cusighe, direzione nord, sar\u00e0 una struttura attaccata al ponte e proseguir\u00e0 la ciclabile di via Tiziano Vecellio. La larghezza di 2 metri e 50, infatti, permetter\u00e0 la sicura circolazione di pedoni e biciclette. L\u2019attivit\u00e0 progettuale consister\u00e0 nella verifica statica e sismica di una struttura in acciaio a sbalzo collegata con travi all\u2019opera esistente.<\/p>\n<p><strong>L\u2019ASSESSORE AI LAVORI PUBBLICI, FRANCO ROCCON <\/strong><\/p>\n<p><iframe loading=\"lazy\" title=\"VENEGGIA\" width=\"1200\" height=\"675\" src=\"https:\/\/www.youtube.com\/embed\/xGeR-mNJZIs?feature=oembed\" frameborder=\"0\" allow=\"accelerometer; autoplay; clipboard-write; encrypted-media; gyroscope; picture-in-picture; web-share\" allowfullscreen><\/iframe><\/p>\n<p>&nbsp;<\/p>\n<p>&nbsp;<\/p>\n<p>******<\/p>\n","protected":false},"excerpt":{"rendered":"<p>BELLUNO Affidato l\u2019incarico per la progettazione della pista ciclopedonale della Veneggia e avviato l\u2019iter per l\u2019acquisizione dei terreni adiacenti. L\u2019intervento \u00e8 nell\u2019annualita\u0300 2023 del Programma triennale OO.PP. 2021\/2023 ed \u00e8 finanziato con il Pnrr per 390 mila euro. La pista sar\u00e0 a sbalzo, si estender\u00e0 per 79 metri a lato del ponte sul Rio Cusighe,&hellip;<\/p>\n","protected":false},"author":4,"featured_media":331265,"comment_status":"closed","ping_status":"closed","sticky":false,"template":"","format":"standard","meta":{"_monsterinsights_skip_tracking":false,"_monsterinsights_sitenote_active":false,"_monsterinsights_sitenote_note":"","_monsterinsights_sitenote_category":0,"footnotes":""},"categories":[51,49],"tags":[],"class_list":["post-331260","post","type-post","status-publish","format-standard","has-post-thumbnail","hentry","category-evidenza-top","category-news-18","category-51","category-49","description-off"],"img_url":"https:\/\/www.radiopiu.net\/wordpress\/wp-content\/uploads\/2023\/04\/SCR-20230413-kknt.jpeg","_links":{"self":[{"href":"https:\/\/www.radiopiu.net\/wordpress\/wp-json\/wp\/v2\/posts\/331260","targetHints":{"allow":["GET"]}}],"collection":[{"href":"https:\/\/www.radiopiu.net\/wordpress\/wp-json\/wp\/v2\/posts"}],"about":[{"href":"https:\/\/www.radiopiu.net\/wordpress\/wp-json\/wp\/v2\/types\/post"}],"author":[{"embeddable":true,"href":"https:\/\/www.radiopiu.net\/wordpress\/wp-json\/wp\/v2\/users\/4"}],"replies":[{"embeddable":true,"href":"https:\/\/www.radiopiu.net\/wordpress\/wp-json\/wp\/v2\/comments?post=331260"}],"version-history":[{"count":0,"href":"https:\/\/www.radiopiu.net\/wordpress\/wp-json\/wp\/v2\/posts\/331260\/revisions"}],"wp:featuredmedia":[{"embeddable":true,"href":"https:\/\/www.radiopiu.net\/wordpress\/wp-json\/wp\/v2\/media\/331265"}],"wp:attachment":[{"href":"https:\/\/www.radiopiu.net\/wordpress\/wp-json\/wp\/v2\/media?parent=331260"}],"wp:term":[{"taxonomy":"category","embeddable":true,"href":"https:\/\/www.radiopiu.net\/wordpress\/wp-json\/wp\/v2\/categories?post=331260"},{"taxonomy":"post_tag","embeddable":true,"href":"https:\/\/www.radiopiu.net\/wordpress\/wp-json\/wp\/v2\/tags?post=331260"}],"curies":[{"name":"wp","href":"https:\/\/api.w.org\/{rel}","templated":true}]}}