{"id":331359,"date":"2023-04-13T16:45:53","date_gmt":"2023-04-13T14:45:53","guid":{"rendered":"https:\/\/www.radiopiu.net\/wordpress\/?p=331359"},"modified":"2023-04-14T05:32:41","modified_gmt":"2023-04-14T03:32:41","slug":"chiara-bortolas-nuova-presidente-coldiretti-belluno","status":"publish","type":"post","link":"https:\/\/www.radiopiu.net\/wordpress\/chiara-bortolas-nuova-presidente-coldiretti-belluno\/","title":{"rendered":"CHIARA BORTOLAS NUOVA PRESIDENTE COLDIRETTI BELLUNO"},"content":{"rendered":"<p><a class=\"dt-pswp-item\" href=\"https:\/\/www.radiopiu.net\/wordpress\/wp-content\/uploads\/2023\/04\/Senza-nome-28.jpg\" data-dt-img-description=\"\" data-large_image_width=\"167\" data-large_image_height=\"146\"><img loading=\"lazy\" decoding=\"async\" class=\"size-full wp-image-331346 alignleft\" src=\"https:\/\/www.radiopiu.net\/wordpress\/wp-content\/uploads\/2023\/04\/Senza-nome-28.jpg\" alt=\"\" width=\"167\" height=\"146\" \/><\/a><\/p>\n<p><strong>Buon lavoro a Chiara Bortolas, neo eletta presidente di Coldiretti Belluno. <\/strong><\/p>\n<p>Ennesimo prestigioso incarico ottenuto, che va a premiare ancora una volta la grande attenzione e la dedizione al proprio territorio<\/p>\n<p>&nbsp;<\/p>\n<p>&nbsp;<\/p>\n<p>&nbsp;<\/p>\n<p><strong>IL PRESIDENTE DELLA PROVINCIA ROBERTO PADRIN<\/strong><\/p>\n<p><em>\u00abL\u2019agricoltura di montagna pu\u00f2 essere intesa come eroica, date le pendenze e le difficolt\u00e0 con cui deve confrontarsi. Di sicuro \u00e8 uno strumento di presidio del territorio e una risorsa importante per contrastare lo spopolamento. Auguro a Chiara Bortolas, di cui ho potuto apprezzare le doti umane prima ancora che professionali in Longarone Fiere Dolomiti, di saper condurre con la professionalit\u00e0 che le \u00e8 propria l\u2019associazione bellunese di categoria agricola in cui opera da tempo. Le sfide del settore primario si legano molto alle sfide del territorio bellunese, che deve trovare sempre pi\u00f9 nell\u2019agricoltura uno strumento di promozione valorizzazione. Sono certo che il lavoro di squadra sar\u00e0 al centro dell\u2019agenda della neo presidente, dato che ha sempre dimostrato grande attenzione su questo fronte e un forte attaccamento al territorio. Dalla Provincia ci sar\u00e0 piena collaborazione\u00bb.<span class=\"gmail-Apple-converted-space\">\u00a0<\/span><\/em><\/p>\n<p><strong>IL SENATORE LUCA DE CARLO\u00a0\u00a0<\/strong><\/p>\n<p><em>\u201cFaccio i miei pi\u00f9 sentiti complimenti e un grande augurio di buon lavoro a Chiara Bortolas, eletta oggi nuova presidente di Coldiretti Belluno. Questo \u00e8 l&#8217;ennesimo prestigioso incarico ottenuto, che va a premiare ancora una volta la grande attenzione e la dedizione al proprio territorio dimostrato in questi anni. Da parte mia, non posso che rinnovarle la mia massima collaborazione non solo come rappresentante del territorio bellunese a Roma, ma soprattutto come presidente della Commissione Agricoltura al Senato\u201d:<\/em><\/p>\n<p>&nbsp;<\/p>\n<p>&nbsp;<\/p>\n<hr \/>\n<p>&nbsp;<\/p>\n","protected":false},"excerpt":{"rendered":"<p>Buon lavoro a Chiara Bortolas, neo eletta presidente di Coldiretti Belluno. Ennesimo prestigioso incarico ottenuto, che va a premiare ancora una volta la grande attenzione e la dedizione al proprio territorio &nbsp; &nbsp; &nbsp; IL PRESIDENTE DELLA PROVINCIA ROBERTO PADRIN \u00abL\u2019agricoltura di montagna pu\u00f2 essere intesa come eroica, date le pendenze e le difficolt\u00e0 con&hellip;<\/p>\n","protected":false},"author":4,"featured_media":331346,"comment_status":"closed","ping_status":"closed","sticky":false,"template":"","format":"standard","meta":{"_monsterinsights_skip_tracking":false,"_monsterinsights_sitenote_active":false,"_monsterinsights_sitenote_note":"","_monsterinsights_sitenote_category":0,"footnotes":""},"categories":[51,49],"tags":[],"class_list":["post-331359","post","type-post","status-publish","format-standard","has-post-thumbnail","hentry","category-evidenza-top","category-news-18","category-51","category-49","description-off"],"img_url":"https:\/\/www.radiopiu.net\/wordpress\/wp-content\/uploads\/2023\/04\/Senza-nome-28.jpg","_links":{"self":[{"href":"https:\/\/www.radiopiu.net\/wordpress\/wp-json\/wp\/v2\/posts\/331359","targetHints":{"allow":["GET"]}}],"collection":[{"href":"https:\/\/www.radiopiu.net\/wordpress\/wp-json\/wp\/v2\/posts"}],"about":[{"href":"https:\/\/www.radiopiu.net\/wordpress\/wp-json\/wp\/v2\/types\/post"}],"author":[{"embeddable":true,"href":"https:\/\/www.radiopiu.net\/wordpress\/wp-json\/wp\/v2\/users\/4"}],"replies":[{"embeddable":true,"href":"https:\/\/www.radiopiu.net\/wordpress\/wp-json\/wp\/v2\/comments?post=331359"}],"version-history":[{"count":0,"href":"https:\/\/www.radiopiu.net\/wordpress\/wp-json\/wp\/v2\/posts\/331359\/revisions"}],"wp:featuredmedia":[{"embeddable":true,"href":"https:\/\/www.radiopiu.net\/wordpress\/wp-json\/wp\/v2\/media\/331346"}],"wp:attachment":[{"href":"https:\/\/www.radiopiu.net\/wordpress\/wp-json\/wp\/v2\/media?parent=331359"}],"wp:term":[{"taxonomy":"category","embeddable":true,"href":"https:\/\/www.radiopiu.net\/wordpress\/wp-json\/wp\/v2\/categories?post=331359"},{"taxonomy":"post_tag","embeddable":true,"href":"https:\/\/www.radiopiu.net\/wordpress\/wp-json\/wp\/v2\/tags?post=331359"}],"curies":[{"name":"wp","href":"https:\/\/api.w.org\/{rel}","templated":true}]}}