{"id":331467,"date":"2023-04-15T05:49:11","date_gmt":"2023-04-15T03:49:11","guid":{"rendered":"https:\/\/www.radiopiu.net\/wordpress\/?p=331467"},"modified":"2023-04-15T06:02:21","modified_gmt":"2023-04-15T04:02:21","slug":"siccita-appia-soddisfatta-per-la-ipotizzata-ordinanza-dallappia-accolte-le-nostre-richieste","status":"publish","type":"post","link":"https:\/\/www.radiopiu.net\/wordpress\/siccita-appia-soddisfatta-per-la-ipotizzata-ordinanza-dallappia-accolte-le-nostre-richieste\/","title":{"rendered":"SICCITA&#8217;, APPIA SODDISFATTA PER LA IPOTIZZATA ORDINANZA DALL&#8217;APPIA &#8220;ACCOLTE LE NOSTRE RICHIESTE&#8221;."},"content":{"rendered":"<blockquote>\n<h3><strong style=\"font-size: 14px;\">BELLUNO\u00a0<\/strong><span style=\"font-size: 14px; font-weight: normal;\"> Massimo Sposato, presidente Appia Belluno esulta <\/span><em style=\"font-size: 14px; font-weight: normal;\">&#8220;Le nostre richieste di attenzione al mondo produttivo, e in particolar modo al settore edile, sono state raccolte dai sindaci e dal Consiglio di Bacino idrico&#8221;<\/em><span style=\"font-size: 14px; font-weight: normal;\">. Permettere l&#8217;utilizzo dell&#8217;acqua per le attivit\u00e0 edili almeno nelle ore della mattina consentir\u00e0 di proseguire i lavori di un settore che ha bisogno di continuit\u00e0 dopo le tante vicissitudini degli anni passati e la ripresa che sta vivendo in questo periodo.<\/span><\/h3>\n<\/blockquote>\n<p><strong>Cristian Sacchet Direttore Appia Cna Belluno <\/strong><\/p>\n<audio class=\"wp-audio-shortcode\" id=\"audio-331467-1\" preload=\"none\" style=\"width: 100%;\" controls=\"controls\"><source type=\"audio\/mpeg\" src=\"https:\/\/www.radiopiu.net\/wordpress\/wp-content\/uploads\/2023\/04\/Cristian-Sacchet-Direttore-Appia-Cna-Belluno-su-ordinanza-tipo-siccita-2023.mp3?_=1\" \/><a href=\"https:\/\/www.radiopiu.net\/wordpress\/wp-content\/uploads\/2023\/04\/Cristian-Sacchet-Direttore-Appia-Cna-Belluno-su-ordinanza-tipo-siccita-2023.mp3\">https:\/\/www.radiopiu.net\/wordpress\/wp-content\/uploads\/2023\/04\/Cristian-Sacchet-Direttore-Appia-Cna-Belluno-su-ordinanza-tipo-siccita-2023.mp3<\/a><\/audio>\n<blockquote>\n<p style=\"text-align: left;\"><em><a class=\"dt-pswp-item\" href=\"https:\/\/www.radiopiu.net\/wordpress\/wp-content\/uploads\/2023\/04\/Massimo-Sposato.jpg\" data-dt-img-description=\"\" data-large_image_width=\"2016\" data-large_image_height=\"1344\"><img loading=\"lazy\" decoding=\"async\" class=\" wp-image-331466 alignleft\" src=\"https:\/\/www.radiopiu.net\/wordpress\/wp-content\/uploads\/2023\/04\/Massimo-Sposato-300x200.jpg\" alt=\"\" width=\"183\" height=\"122\" srcset=\"https:\/\/www.radiopiu.net\/wordpress\/wp-content\/uploads\/2023\/04\/Massimo-Sposato-300x200.jpg 300w, https:\/\/www.radiopiu.net\/wordpress\/wp-content\/uploads\/2023\/04\/Massimo-Sposato-1024x683.jpg 1024w, https:\/\/www.radiopiu.net\/wordpress\/wp-content\/uploads\/2023\/04\/Massimo-Sposato-768x512.jpg 768w, https:\/\/www.radiopiu.net\/wordpress\/wp-content\/uploads\/2023\/04\/Massimo-Sposato-1536x1024.jpg 1536w, https:\/\/www.radiopiu.net\/wordpress\/wp-content\/uploads\/2023\/04\/Massimo-Sposato.jpg 2016w\" sizes=\"auto, (max-width: 183px) 100vw, 183px\" \/><\/a>&#8220;Importante\u00a0 &#8211; dice il Presidente Massimo Sposato &#8211; che si sia arrivati a un documento condiviso tra tutti i comuni, che consentir\u00e0 di limitare le disuguaglianze che anche tra comuni limitrofi erano state riscontrate in passato, e che si sia ribadita la necessit\u00e0 di intervenire sull&#8217;infrastruttura acquedotto anche con le risorse del PNRR\u00bb\u00a0<\/em><\/p>\n<\/blockquote>\n<p>&nbsp;<\/p>\n<blockquote>\n<h3>DAL COMITATO CONSULTIVO DEGLI UTENTI DEL SERVIZIO IDRICO &#8211; BELLUNO<\/h3>\n<\/blockquote>\n<p><strong>BELLUNO<\/strong> Il Comitato ha avanzato la richiesta di modificare le forti limitazioni imposte al settore dell\u2019edilizia, chiedendo di permettere l\u2019utilizzo dell\u2019acqua per tutte le lavorazioni necessarie ai cantieri fino alle 14, invece che solo fino alle 6 del mattino, ed ha suggerito di esplorare la possibilit\u00e0 di mappare e mettere a disposizione per lavorazioni che ne possano far uso, anche fonti non direttamente potabili. \u00c8 stata data, inoltre, la disponibilit\u00e0 a contribuire alla sensibilizzazione rispetto ad un uso pi\u00f9 attento della risorsa idrica. <em>\u00abSiamo soddisfatti che il Consiglio di Bacino &#8211; il commento del Comitato &#8211; abbia ascoltato e apportato le nostre modifiche. Diamo la nostra piena disponibilit\u00e0 a continuare a collaborare affinch\u00e9 il servizio diventi sempre pi\u00f9 sostenibile e rispondente alle esigenze degli utenti\u00bb<\/em>.<\/p>\n<p>&nbsp;<\/p>\n<p>&nbsp;<\/p>\n<p>&nbsp;<\/p>\n<hr \/>\n<p>&nbsp;<\/p>\n","protected":false},"excerpt":{"rendered":"<p>BELLUNO\u00a0 Massimo Sposato, presidente Appia Belluno esulta &#8220;Le nostre richieste di attenzione al mondo produttivo, e in particolar modo al settore edile, sono state raccolte dai sindaci e dal Consiglio di Bacino idrico&#8221;. Permettere l&#8217;utilizzo dell&#8217;acqua per le attivit\u00e0 edili almeno nelle ore della mattina consentir\u00e0 di proseguire i lavori di un settore che ha&hellip;<\/p>\n","protected":false},"author":4,"featured_media":170500,"comment_status":"closed","ping_status":"closed","sticky":false,"template":"","format":"standard","meta":{"_monsterinsights_skip_tracking":false,"_monsterinsights_sitenote_active":false,"_monsterinsights_sitenote_note":"","_monsterinsights_sitenote_category":0,"footnotes":""},"categories":[51,49],"tags":[],"class_list":["post-331467","post","type-post","status-publish","format-standard","has-post-thumbnail","hentry","category-evidenza-top","category-news-18","category-51","category-49","description-off"],"img_url":"https:\/\/www.radiopiu.net\/wordpress\/wp-content\/uploads\/2020\/11\/contatore-acqua-bolletta-condominio-1200x818-1.jpg","_links":{"self":[{"href":"https:\/\/www.radiopiu.net\/wordpress\/wp-json\/wp\/v2\/posts\/331467","targetHints":{"allow":["GET"]}}],"collection":[{"href":"https:\/\/www.radiopiu.net\/wordpress\/wp-json\/wp\/v2\/posts"}],"about":[{"href":"https:\/\/www.radiopiu.net\/wordpress\/wp-json\/wp\/v2\/types\/post"}],"author":[{"embeddable":true,"href":"https:\/\/www.radiopiu.net\/wordpress\/wp-json\/wp\/v2\/users\/4"}],"replies":[{"embeddable":true,"href":"https:\/\/www.radiopiu.net\/wordpress\/wp-json\/wp\/v2\/comments?post=331467"}],"version-history":[{"count":0,"href":"https:\/\/www.radiopiu.net\/wordpress\/wp-json\/wp\/v2\/posts\/331467\/revisions"}],"wp:featuredmedia":[{"embeddable":true,"href":"https:\/\/www.radiopiu.net\/wordpress\/wp-json\/wp\/v2\/media\/170500"}],"wp:attachment":[{"href":"https:\/\/www.radiopiu.net\/wordpress\/wp-json\/wp\/v2\/media?parent=331467"}],"wp:term":[{"taxonomy":"category","embeddable":true,"href":"https:\/\/www.radiopiu.net\/wordpress\/wp-json\/wp\/v2\/categories?post=331467"},{"taxonomy":"post_tag","embeddable":true,"href":"https:\/\/www.radiopiu.net\/wordpress\/wp-json\/wp\/v2\/tags?post=331467"}],"curies":[{"name":"wp","href":"https:\/\/api.w.org\/{rel}","templated":true}]}}