{"id":331487,"date":"2023-04-14T23:59:33","date_gmt":"2023-04-14T21:59:33","guid":{"rendered":"https:\/\/www.radiopiu.net\/wordpress\/?p=331487"},"modified":"2023-04-14T23:20:02","modified_gmt":"2023-04-14T21:20:02","slug":"disco-piu-dal-15-al-21-aprile-2023","status":"publish","type":"post","link":"https:\/\/www.radiopiu.net\/wordpress\/disco-piu-dal-15-al-21-aprile-2023\/","title":{"rendered":"DISCO PIU\u2019 DAL 15 AL 21 APRILE 2023"},"content":{"rendered":"<p><strong><a class=\"dt-pswp-item\" href=\"https:\/\/www.radiopiu.net\/wordpress\/wp-content\/uploads\/2023\/04\/blanco-innamorato-bassa.jpg\" data-dt-img-description=\"\" data-large_image_width=\"800\" data-large_image_height=\"800\"><img loading=\"lazy\" decoding=\"async\" class=\" wp-image-331488 alignleft\" src=\"https:\/\/www.radiopiu.net\/wordpress\/wp-content\/uploads\/2023\/04\/blanco-innamorato-bassa-300x300.jpg\" alt=\"\" width=\"171\" height=\"171\" srcset=\"https:\/\/www.radiopiu.net\/wordpress\/wp-content\/uploads\/2023\/04\/blanco-innamorato-bassa-300x300.jpg 300w, https:\/\/www.radiopiu.net\/wordpress\/wp-content\/uploads\/2023\/04\/blanco-innamorato-bassa-150x150.jpg 150w, https:\/\/www.radiopiu.net\/wordpress\/wp-content\/uploads\/2023\/04\/blanco-innamorato-bassa-768x768.jpg 768w, https:\/\/www.radiopiu.net\/wordpress\/wp-content\/uploads\/2023\/04\/blanco-innamorato-bassa.jpg 800w\" sizes=\"auto, (max-width: 171px) 100vw, 171px\" \/><\/a>I SUCCESSI DI DOMANI<\/strong><\/p>\n<p><strong>LI ASCOLTI OGGI\u2026SU RADIO PIU\u2019<\/strong><\/p>\n<p><strong>IL DISCO PIU\u2019 DAL 15 AL 21 APRILE 2023 E\u2019:<\/strong><\/p>\n<p><strong>ARTISTA:<\/strong> <strong>Blanco &amp; Mina<\/strong><\/p>\n<p><strong>TITOLO: Un Briciolo Di Allegria<\/strong><\/p>\n<p><strong>ETICHETTA: Island Records\/Universal Music<\/strong><\/p>\n<p>&nbsp;<\/p>\n<p>L\u2019artista multiplatino BLANCO annuncia il suo attesissimo secondo album in studio \u201c<em>INNAMORATO<\/em>\u201d, per Island Records \/ Universal Music Italia. \u00a0Il disco conterr\u00e0 la sensazionale collaborazione con MINA &#8211; la voce che ha segnato indelebilmente l\u2019immaginario del panorama musicale italiano e internazionale- nel brano \u201c<em>Un Briciolo Di Allegria<\/em>\u201d, singolo che sar\u00e0 all\u2019interno di entrambi gli album degli artisti. Un dialogo profondo, sentito, vissuto, oltre i gap generazionali, una traccia destinata a restare nel tempo. Nella voce di Mina si legge tutta la sua storia, la grana vocale di Blanco \u00e8 ora eterea, quasi angelicata, ora scura e solenne. Il tetto blu del mondo, rischiarato dalla luna, \u00e8 vigile osservatore di questo incontro e fruttuoso scambio, dove prendere coscienza di ci\u00f2 che si \u00e8 stati \u00e8 il primo passo per tornare a bramare quel briciolo di allegria, di sentimento puro e catartico, e la granitica certezza che non invecchia mai ci\u00f2 che vive dentro noi. Svelata la cover di \u201c<em>INNAMORATO<\/em>\u201d, l\u2019album scritto e composto da BLANCO e MICHELANGELO, realizzata da uno scatto di Chilldays nel deserto boliviano Salar de Uyuni. L\u2019attesissimo ritorno arriva dopo l\u2019incredibile catena di traguardi raggiunti dall\u2019artista nell\u2019ultimo anno: 54 dischi di platino, 2 dischi d\u2019oro, oltre 2.6 miliardi di stream sulle piattaforme, un tour di 35 date andato interamente SOLD OUT, l\u2019annuncio di due imperdibili appuntamenti negli stadi e un\u2019impronta gi\u00e0 profonda nel panorama musicale nazionale.<\/p>\n<p>&nbsp;<\/p>\n<p><iframe loading=\"lazy\" title=\"BLANCO, Mina - Un Briciolo Di Allegria\" width=\"1200\" height=\"900\" src=\"https:\/\/www.youtube.com\/embed\/0UITfDm-8Bk?feature=oembed\" frameborder=\"0\" allow=\"accelerometer; autoplay; clipboard-write; encrypted-media; gyroscope; picture-in-picture; web-share\" allowfullscreen><\/iframe><\/p>\n<p>&nbsp;<\/p>\n<p>&nbsp;<\/p>\n<p>*****<\/p>\n","protected":false},"excerpt":{"rendered":"<p>I SUCCESSI DI DOMANI LI ASCOLTI OGGI\u2026SU RADIO PIU\u2019 IL DISCO PIU\u2019 DAL 15 AL 21 APRILE 2023 E\u2019: ARTISTA: Blanco &amp; Mina TITOLO: Un Briciolo Di Allegria ETICHETTA: Island Records\/Universal Music &nbsp; L\u2019artista multiplatino BLANCO annuncia il suo attesissimo secondo album in studio \u201cINNAMORATO\u201d, per Island Records \/ Universal Music Italia. \u00a0Il disco conterr\u00e0&hellip;<\/p>\n","protected":false},"author":4,"featured_media":331488,"comment_status":"closed","ping_status":"closed","sticky":false,"template":"","format":"standard","meta":{"_monsterinsights_skip_tracking":false,"_monsterinsights_sitenote_active":false,"_monsterinsights_sitenote_note":"","_monsterinsights_sitenote_category":0,"footnotes":""},"categories":[15],"tags":[],"class_list":["post-331487","post","type-post","status-publish","format-standard","has-post-thumbnail","hentry","category-discopiu","category-15","description-off"],"img_url":"https:\/\/www.radiopiu.net\/wordpress\/wp-content\/uploads\/2023\/04\/blanco-innamorato-bassa.jpg","_links":{"self":[{"href":"https:\/\/www.radiopiu.net\/wordpress\/wp-json\/wp\/v2\/posts\/331487","targetHints":{"allow":["GET"]}}],"collection":[{"href":"https:\/\/www.radiopiu.net\/wordpress\/wp-json\/wp\/v2\/posts"}],"about":[{"href":"https:\/\/www.radiopiu.net\/wordpress\/wp-json\/wp\/v2\/types\/post"}],"author":[{"embeddable":true,"href":"https:\/\/www.radiopiu.net\/wordpress\/wp-json\/wp\/v2\/users\/4"}],"replies":[{"embeddable":true,"href":"https:\/\/www.radiopiu.net\/wordpress\/wp-json\/wp\/v2\/comments?post=331487"}],"version-history":[{"count":0,"href":"https:\/\/www.radiopiu.net\/wordpress\/wp-json\/wp\/v2\/posts\/331487\/revisions"}],"wp:featuredmedia":[{"embeddable":true,"href":"https:\/\/www.radiopiu.net\/wordpress\/wp-json\/wp\/v2\/media\/331488"}],"wp:attachment":[{"href":"https:\/\/www.radiopiu.net\/wordpress\/wp-json\/wp\/v2\/media?parent=331487"}],"wp:term":[{"taxonomy":"category","embeddable":true,"href":"https:\/\/www.radiopiu.net\/wordpress\/wp-json\/wp\/v2\/categories?post=331487"},{"taxonomy":"post_tag","embeddable":true,"href":"https:\/\/www.radiopiu.net\/wordpress\/wp-json\/wp\/v2\/tags?post=331487"}],"curies":[{"name":"wp","href":"https:\/\/api.w.org\/{rel}","templated":true}]}}