{"id":331493,"date":"2023-09-28T15:45:44","date_gmt":"2023-09-28T13:45:44","guid":{"rendered":"https:\/\/www.radiopiu.net\/wordpress\/?p=331493"},"modified":"2023-09-28T15:46:41","modified_gmt":"2023-09-28T13:46:41","slug":"esplosione-nel-cuore-della-notte-appartamento-distrutto","status":"publish","type":"post","link":"https:\/\/www.radiopiu.net\/wordpress\/esplosione-nel-cuore-della-notte-appartamento-distrutto\/","title":{"rendered":"L&#8217;AMMINISTRAZIONE INCONTRA GLI SFOLLATI DAGLI APPARTAMENTI DANNEGGIATI DALL&#8217;INCENDIO DELLO SCORSO APRILE"},"content":{"rendered":"<p><strong>FELTRE<\/strong> Il sindaco di Feltre, Viviana Fusaro, ha accolto gli abitanti della palazzina colpita dall&#8217;esplosione avvenuta lo scorso aprile a Farra con queste parole: &#8220;L&#8217;Amministrazione non vi dimentica e far\u00e0 quanto \u00e8 possibile per accompagnarvi nel percorso di rientro, che tutti ci auguriamo il pi\u00f9 breve possibile, nelle vostre abitazioni&#8221;. Durante l&#8217;incontro al municipio, al quale hanno partecipato anche altri membri dell&#8217;Amministrazione, tra cui l&#8217;assessore ai Lavori Pubblici Andrea Bona, il sindaco ha dichiarato che questo incontro serve a raccogliere le necessit\u00e0 degli sfollati, che sono passati oltre 5 mesi dall&#8217;incidente. Vuole essere un segno tangibile di solidariet\u00e0 da parte del Comune e della comunit\u00e0 nel suo complesso. Alcuni dei residenti non hanno potuto contare su un aiuto da parte di parenti o amici e devono affrontare spese aggiuntive. Oltre agli interventi gi\u00e0 effettuati dai Servizi Sociali, il sindaco ha aggiunto che faranno il possibile per agevolare e accelerare le pratiche per il ripristino della palazzina e il ritorno dei proprietari nei loro appartamenti, una volta completate tutte le indagini in corso. Nel frattempo, \u00e8 ancora possibile effettuare donazioni attraverso il conto corrente precedentemente attivato per le esigenze immediate delle persone rimaste senza casa. Ecco le coordinate bancarie: Conto corrente intestato a Azienda Feltrina per i Servizi alla Persona Presso Banca Prealpi SanBiagio \u2013 Filiale di Feltre IBAN: IT30O0890461110026000000771.<\/p>\n<p>&nbsp;<\/p>\n<p>&nbsp;<\/p>\n<p><span style=\"color: #ff0000;\">15 APRILE 2023<\/span><\/p>\n<blockquote>\n<h3>ESPLOSIONE NEL CUORE DELLA NOTTE, APPARTAMENTO DISTRUTTO<\/h3>\n<\/blockquote>\n<p><strong><a class=\"dt-pswp-item\" href=\"https:\/\/www.radiopiu.net\/wordpress\/wp-content\/uploads\/2023\/04\/336480980_627569415404709_4805841760815212950_n.jpg\" data-dt-img-description=\"\" data-large_image_width=\"118\" data-large_image_height=\"210\"><img loading=\"lazy\" decoding=\"async\" class=\"size-full wp-image-331497 alignleft\" src=\"https:\/\/www.radiopiu.net\/wordpress\/wp-content\/uploads\/2023\/04\/336480980_627569415404709_4805841760815212950_n.jpg\" alt=\"\" width=\"118\" height=\"210\" \/><\/a>FELTRE<\/strong> Un botto, il crollo della facciata, enormi i danni agli alloggi del condominio. Un giovane \u00e8 stato portato sotto choc in ospedale. La deflagrazione questa notte a Farra di Feltre in prossimit\u00e0 di Pedavena. Lo scoppio nell\u2019appartamento al primo piano, saturo di gas, di un condominio, le macerie sono volate per decine di metri.<\/p>\n<p>Un botto, un rimbombo per chilometri che ha svegliato centinaia di persone\u00a0 facendo rimbalzare domande preoccupatissime sui social. Sul posto sono presto accorsi i vigili del fuoco permanenti e volontari di Feltre, i sanitari del 118 e i carabinieri.<\/p>\n<p>La facciata esterna dell\u2019abitazione \u00e8 crollata. Gli infissi e i mattoni hanno anche colpito un\u2019auto e un furgone in sosta davanti all\u2019edificio.Sul posto \u00e8 stata fatta intervenire anche l\u2019autogr\u00f9 dei vigili del fuoco per mettere in sicurezza la porzione di edificio devastata.<\/p>\n<p><span class=\"\"><span class=\"xt0psk2\"><a class=\"x1i10hfl xjbqb8w x6umtig x1b1mbwd xaqea5y xav7gou x9f619 x1ypdohk xt0psk2 xe8uvvx xdj266r x11i5rnm xat24cr x1mh8g0r xexx8yu x4uap5 x18d9i69 xkhd6sd x16tdsg8 x1hl2dhg xggy1nq x1a2a7pz x1heor9g xt0b8zv\" tabindex=\"0\" role=\"link\" href=\"https:\/\/www.facebook.com\/groups\/201622996704234\/user\/100010519386569\/?__cft__[0]=AZVN9Kl_cl8JtvMN2NrFSHC_VjTRNBwenOqLx9hTpsCj5A-9P5e01Hp_Zq8F-EJo1unj4fZNsnX52Y2UevU5tva_wMTOGsa0v57IriJEpmgilVoBBw-WHGPwQNzEzBlfrzp0RQb34P8_YLJCWuJpfb0Qc9d5CgGqLtgAM6v6jinhS1GFIJjs-fzt4Ibi7o4Cu98&amp;__tn__=R]-R\" aria-hidden=\"false\"><span class=\"x3nfvp2\"><span class=\"x193iq5w xeuugli x13faqbe x1vvkbs x1xmvt09 x1lliihq x1s928wv xhkezso x1gmr53x x1cpjm7i x1fgarty x1943h6x x4zkp8e x676frb x1nxh6w3 x1sibtaa x1s688f xzsf02u\" dir=\"auto\">Grazia Moretto<\/span><\/span><\/a> <\/span><\/span>Ho sentito un grande botto, sembrava una bomba, io sto a Murle, cosa \u00e8 dove \u00e8 successo?<\/p>\n<p><span class=\"\"><span class=\"xt0psk2\"><a class=\"x1i10hfl xjbqb8w x6umtig x1b1mbwd xaqea5y xav7gou x9f619 x1ypdohk xt0psk2 xe8uvvx xdj266r x11i5rnm xat24cr x1mh8g0r xexx8yu x4uap5 x18d9i69 xkhd6sd x16tdsg8 x1hl2dhg xggy1nq x1a2a7pz x1heor9g xt0b8zv\" tabindex=\"0\" role=\"link\" href=\"https:\/\/www.facebook.com\/groups\/201622996704234\/user\/100004634552811\/?__cft__[0]=AZVN9Kl_cl8JtvMN2NrFSHC_VjTRNBwenOqLx9hTpsCj5A-9P5e01Hp_Zq8F-EJo1unj4fZNsnX52Y2UevU5tva_wMTOGsa0v57IriJEpmgilVoBBw-WHGPwQNzEzBlfrzp0RQb34P8_YLJCWuJpfb0Qc9d5CgGqLtgAM6v6jinhS1GFIJjs-fzt4Ibi7o4Cu98&amp;__tn__=R]-R\" aria-hidden=\"false\"><span class=\"x3nfvp2\"><span class=\"x193iq5w xeuugli x13faqbe x1vvkbs x1xmvt09 x1lliihq x1s928wv xhkezso x1gmr53x x1cpjm7i x1fgarty x1943h6x x4zkp8e x676frb x1nxh6w3 x1sibtaa x1s688f xzsf02u\" dir=\"auto\">Roberta Fraccaro<\/span><\/span><\/a> <\/span><\/span>Noi via Anconetta dietro i pompieri sembrava una bomba.<\/p>\n<p>&nbsp;<\/p>\n<p>&nbsp;<\/p>\n<p>__<\/p>\n<figure class=\"inline-photo\">\n<div id=\"adv-Bottom\">\n<div id=\"div-gpt-ad-Bottom\" data-google-query-id=\"CObO5bjwqv4CFdDtdwodgOsLbg\">\n<figure class=\"inline-photo\">\n<figure class=\"inline-photo\">\n<div class=\"story__text\">\n<p>&nbsp;<\/p>\n<\/div>\n<\/figure>\n<\/figure>\n<\/div>\n<\/div>\n<\/figure>\n","protected":false},"excerpt":{"rendered":"<p>FELTRE Il sindaco di Feltre, Viviana Fusaro, ha accolto gli abitanti della palazzina colpita dall&#8217;esplosione avvenuta lo scorso aprile a Farra con queste parole: &#8220;L&#8217;Amministrazione non vi dimentica e far\u00e0 quanto \u00e8 possibile per accompagnarvi nel percorso di rientro, che tutti ci auguriamo il pi\u00f9 breve possibile, nelle vostre abitazioni&#8221;. Durante l&#8217;incontro al municipio, al&hellip;<\/p>\n","protected":false},"author":4,"featured_media":331501,"comment_status":"closed","ping_status":"closed","sticky":false,"template":"","format":"standard","meta":{"_monsterinsights_skip_tracking":false,"_monsterinsights_sitenote_active":false,"_monsterinsights_sitenote_note":"","_monsterinsights_sitenote_category":0,"footnotes":""},"categories":[51,49],"tags":[],"class_list":["post-331493","post","type-post","status-publish","format-standard","has-post-thumbnail","hentry","category-evidenza-top","category-news-18","category-51","category-49","description-off"],"img_url":"https:\/\/www.radiopiu.net\/wordpress\/wp-content\/uploads\/2023\/04\/Senza-nome-35.jpg","_links":{"self":[{"href":"https:\/\/www.radiopiu.net\/wordpress\/wp-json\/wp\/v2\/posts\/331493","targetHints":{"allow":["GET"]}}],"collection":[{"href":"https:\/\/www.radiopiu.net\/wordpress\/wp-json\/wp\/v2\/posts"}],"about":[{"href":"https:\/\/www.radiopiu.net\/wordpress\/wp-json\/wp\/v2\/types\/post"}],"author":[{"embeddable":true,"href":"https:\/\/www.radiopiu.net\/wordpress\/wp-json\/wp\/v2\/users\/4"}],"replies":[{"embeddable":true,"href":"https:\/\/www.radiopiu.net\/wordpress\/wp-json\/wp\/v2\/comments?post=331493"}],"version-history":[{"count":0,"href":"https:\/\/www.radiopiu.net\/wordpress\/wp-json\/wp\/v2\/posts\/331493\/revisions"}],"wp:featuredmedia":[{"embeddable":true,"href":"https:\/\/www.radiopiu.net\/wordpress\/wp-json\/wp\/v2\/media\/331501"}],"wp:attachment":[{"href":"https:\/\/www.radiopiu.net\/wordpress\/wp-json\/wp\/v2\/media?parent=331493"}],"wp:term":[{"taxonomy":"category","embeddable":true,"href":"https:\/\/www.radiopiu.net\/wordpress\/wp-json\/wp\/v2\/categories?post=331493"},{"taxonomy":"post_tag","embeddable":true,"href":"https:\/\/www.radiopiu.net\/wordpress\/wp-json\/wp\/v2\/tags?post=331493"}],"curies":[{"name":"wp","href":"https:\/\/api.w.org\/{rel}","templated":true}]}}