{"id":331564,"date":"2023-04-17T05:17:02","date_gmt":"2023-04-17T03:17:02","guid":{"rendered":"https:\/\/www.radiopiu.net\/wordpress\/?p=331564"},"modified":"2023-04-19T19:21:21","modified_gmt":"2023-04-19T17:21:21","slug":"giornale-radiopiu-17-aprile-2023-direttore-mirko-mezzacasa-verso-i-40-anni-25-giugno-1983-25-giugno-2023","status":"publish","type":"post","link":"https:\/\/www.radiopiu.net\/wordpress\/giornale-radiopiu-17-aprile-2023-direttore-mirko-mezzacasa-verso-i-40-anni-25-giugno-1983-25-giugno-2023\/","title":{"rendered":"GIORNALE RADIOPIU 17 APRILE 2023 DIRETTORE MIRKO MEZZACASA&#8230;verso i 40 anni 25 giugno 1983-25 giugno 2023"},"content":{"rendered":"<h2 style=\"text-align: left;\"><span style=\"color: #ff0000;\"><span style=\"vertical-align: inherit;\">ISCRIVITI AL NOSTRO CANALE\u00a0 <\/span><\/span><span style=\"vertical-align: inherit;\"> YOUTUBE PER SEGUIRE IN DIRETTA I PRINCIPALI PROGRAMMI DI RADIO PIU&#8217; E LE FUTURE DIRETTE IN ESTERNA. PER ISCRIVERTI <\/span><a style=\"color: #ff0000;\" href=\"https:\/\/youtube.com\/@radiopiu1527\"><span style=\"vertical-align: inherit;\">CLICCA QUI <\/span><\/a><span style=\"color: #ff0000; font-size: 14px; font-weight: normal;\"><span style=\"vertical-align: inherit;\">E PREMI\u00a0 &#8220;Iscriviti&#8221;\u00a0 \u00a0 \u00a0<\/span><\/span><\/h2>\n<p>&nbsp;<\/p>\n<div dir=\"auto\"><a class=\"dt-pswp-item\" href=\"https:\/\/www.radiopiu.net\/wordpress\/wp-content\/uploads\/2023\/04\/534abdca-cfa5-43c4-9160-d315b7ca991e.jpg\" data-dt-img-description=\"\" data-large_image_width=\"1263\" data-large_image_height=\"1447\"><img loading=\"lazy\" decoding=\"async\" class=\"wp-image-331749 alignleft\" src=\"https:\/\/www.radiopiu.net\/wordpress\/wp-content\/uploads\/2023\/04\/534abdca-cfa5-43c4-9160-d315b7ca991e-262x300.jpg\" alt=\"\" width=\"134\" height=\"153\" srcset=\"https:\/\/www.radiopiu.net\/wordpress\/wp-content\/uploads\/2023\/04\/534abdca-cfa5-43c4-9160-d315b7ca991e-262x300.jpg 262w, https:\/\/www.radiopiu.net\/wordpress\/wp-content\/uploads\/2023\/04\/534abdca-cfa5-43c4-9160-d315b7ca991e-894x1024.jpg 894w, https:\/\/www.radiopiu.net\/wordpress\/wp-content\/uploads\/2023\/04\/534abdca-cfa5-43c4-9160-d315b7ca991e-768x880.jpg 768w, https:\/\/www.radiopiu.net\/wordpress\/wp-content\/uploads\/2023\/04\/534abdca-cfa5-43c4-9160-d315b7ca991e.jpg 1263w\" sizes=\"auto, (max-width: 134px) 100vw, 134px\" \/><\/a>E anche oggi RADIOPIU si fa in quattro per i suoi ascoltatori&#8230;.<\/div>\n<div dir=\"auto\"><strong>1&#8230;.<\/strong> alle 10.15 decima e ultima puntata con i GRUPPI AIUTO della provincia di Belluno (Ama), OGGI SPERANZA DEL CADORE<\/div>\n<div dir=\"auto\"><strong>3&#8230;&#8230;&#8230;.<\/strong>alle 14 Loris Scussel con Bagaglio a mano<\/div>\n<div dir=\"auto\"><strong>3&#8230;&#8230;&#8230;..<\/strong>alle 10.30 Francesco Zillio, la tecnologia applicata alla Radio Pi\u00f9 IL PROGRAMMA ORIGINALE<\/div>\n<div dir=\"auto\"><strong>4&#8230;&#8230;&#8230;&#8230;..<\/strong>alle 15.15 WALKING AROUND THE WORLD con Moreno Tocchetto Siro Lena<\/div>\n<div dir=\"auto\"><\/div>\n<div dir=\"auto\">\n<hr \/>\n<\/div>\n<div dir=\"auto\"><\/div>\n<blockquote>\n<h1 class=\"entry-title\">SCOSSA DI TERREMOTO A CHIES D\u2019ALPAGO<\/h1>\n<\/blockquote>\n<p><strong>REDAZIONE\u00a0<\/strong>Ieri alle 14:34 \u00e8 stata registrata una scossa di terremoto di magnitudo 2.1. Epicentro poco distante da Chies D\u2019Alpago con una profondit\u00e0 di 11 km. Il terremoto \u00e8 stato rilevato dall\u2019Istituto di Geofisica e Vulcanologia.<\/p>\n<p>&nbsp;<\/p>\n<p>&nbsp;<\/p>\n<hr \/>\n<p>&nbsp;<\/p>\n<p><strong class=\"photoswipe-wrapper\"><a class=\"dt-pswp-item pspw-wrap-ready\" href=\"https:\/\/www.radiopiu.net\/wordpress\/wp-content\/uploads\/2021\/06\/8554eb80-bb6e-4752-a6d3-57aff91a2903.jpg\" data-dt-img-description=\"\" data-large_image_width=\"768\" data-large_image_height=\"1024\"><img loading=\"lazy\" decoding=\"async\" class=\"wp-image-215003 alignleft\" src=\"https:\/\/www.radiopiu.net\/wordpress\/wp-content\/uploads\/2021\/06\/8554eb80-bb6e-4752-a6d3-57aff91a2903-225x300.jpg\" sizes=\"auto, (max-width: 116px) 100vw, 116px\" srcset=\"https:\/\/www.radiopiu.net\/wordpress\/wp-content\/uploads\/2021\/06\/8554eb80-bb6e-4752-a6d3-57aff91a2903-225x300.jpg 225w, https:\/\/www.radiopiu.net\/wordpress\/wp-content\/uploads\/2021\/06\/8554eb80-bb6e-4752-a6d3-57aff91a2903.jpg 768w\" alt=\"\" width=\"116\" height=\"155\" \/><\/a><span style=\"color: #ff0000;\">BANDI ALLA RADIO\u00a0<\/span><\/strong><\/p>\n<p><strong>BANDI DI CONCORSO, DAL COMUNE DI ROCCA PIETORE.\u00a0<\/strong>UN POSTO DI ISTRUTTORE AMMINISTRATIVO categoria C1, a tempo pieno e indeterminato UN POSTO DI ISTRUTTORE TECNICO categoria C1, contratto a tempo pieno e indeterminato Tutte le informazioni inerenti ai bandi di concorso, le modalit\u00e0 e i termini di presentazione delle domande sono reperibili sul sito del Comune: WWW.COMUNE.ROCCAPIETORE.BL.IT<\/p>\n<p>&nbsp;<\/p>\n<p>&nbsp;<\/p>\n<hr \/>\n<p>&nbsp;<\/p>\n<p>&nbsp;<\/p>\n<p><strong class=\"photoswipe-wrapper\"><a class=\"dt-pswp-item pspw-wrap-ready\" href=\"https:\/\/www.radiopiu.net\/wordpress\/wp-content\/uploads\/2022\/03\/ASCA.jpg\" data-dt-img-description=\"\" data-large_image_width=\"292\" data-large_image_height=\"290\"><img loading=\"lazy\" decoding=\"async\" class=\"wp-image-263829 alignleft\" src=\"https:\/\/www.radiopiu.net\/wordpress\/wp-content\/uploads\/2022\/03\/ASCA.jpg\" sizes=\"auto, (max-width: 168px) 100vw, 168px\" srcset=\"https:\/\/www.radiopiu.net\/wordpress\/wp-content\/uploads\/2022\/03\/ASCA.jpg 292w, https:\/\/www.radiopiu.net\/wordpress\/wp-content\/uploads\/2022\/03\/ASCA-150x150.jpg 150w\" alt=\"\" width=\"108\" height=\"107\" \/><\/a><span style=\"color: #ff0000;\">AVVISI DI SELEZIONE ALLA RADIO\u00a0<\/span><\/strong><\/p>\n<p><strong>AVVISO DI SELEZIONE!\u00a0<\/strong><strong>ASCA, <\/strong>azienda speciale consortile agordina intende inserire nuovi operatori socio sanitari\u00a0Inquadramento contratto Uneba, livello 4S SUPERMINIMO, ACCESSO WELFARE AZIENDALE, SISTEMAZIONE ABITATIVA A CANONE AGEVOLATO. LE DOMANDE DI PARTECIPAZIONE ALLA SELEZIONE VANNO PRESENTATE ENTRO LE 10\u00a0 DEL 21\u00a0 APRILE. BANDO consultabile sul sito\u00a0<a href=\"http:\/\/www.servizisocialiasca.it\/\">www.servizisocialiasca.it<\/a><\/p>\n<p>&nbsp;<\/p>\n<p>&nbsp;<\/p>\n<hr \/>\n<p>&nbsp;<\/p>\n<p><strong><a class=\"dt-pswp-item\" href=\"https:\/\/www.radiopiu.net\/wordpress\/wp-content\/uploads\/2023\/04\/SCALE-PRIMO.jpg\" data-dt-img-description=\"\" data-large_image_width=\"316\" data-large_image_height=\"168\"><img loading=\"lazy\" decoding=\"async\" class=\" wp-image-331567 alignleft\" src=\"https:\/\/www.radiopiu.net\/wordpress\/wp-content\/uploads\/2023\/04\/SCALE-PRIMO-300x159.jpg\" alt=\"\" width=\"191\" height=\"101\" srcset=\"https:\/\/www.radiopiu.net\/wordpress\/wp-content\/uploads\/2023\/04\/SCALE-PRIMO-300x159.jpg 300w, https:\/\/www.radiopiu.net\/wordpress\/wp-content\/uploads\/2023\/04\/SCALE-PRIMO.jpg 316w\" sizes=\"auto, (max-width: 191px) 100vw, 191px\" \/><\/a>SR 50 SCALE DI PRIMOLANO,<\/strong>\u00a0Fastro-Primolano,\u00a0dal 13 aprile al 6 maggio\u00a0divieto di transito direzione di marcia Fastro-Primolano per tutti i mezzi superiori alle 3,5 tonnellate, caravan e autocaravan.\u00a0 Deviazioni sulla 50 bis in seguito alla chiusura totale delle gallerie San Vito e Brenta.<\/p>\n<p>Galleria San Vito di Arsi\u00e8 chiusura totale della galleria PER TUTTI I MEZZI durante le notti dal 13 aprile al 6 maggio dale 21 alle\u00a0 6 del mattino successivo<\/p>\n<p>&nbsp;<\/p>\n<p>&nbsp;<\/p>\n<hr \/>\n<p>&nbsp;<\/p>\n<blockquote>\n<h3>ACQUA NON POTABILE IN ALCUNE ZONE DI AGORDO E TAIBON<\/h3>\n<\/blockquote>\n<p><strong><a class=\"dt-pswp-item\" href=\"https:\/\/www.radiopiu.net\/wordpress\/wp-content\/uploads\/2018\/08\/ACQUA.jpeg\" data-dt-img-description=\"\" data-large_image_width=\"1280\" data-large_image_height=\"768\"><img loading=\"lazy\" decoding=\"async\" class=\" wp-image-57052 alignleft\" src=\"https:\/\/www.radiopiu.net\/wordpress\/wp-content\/uploads\/2018\/08\/ACQUA-300x180.jpeg\" alt=\"\" width=\"133\" height=\"80\" srcset=\"https:\/\/www.radiopiu.net\/wordpress\/wp-content\/uploads\/2018\/08\/ACQUA-300x180.jpeg 300w, https:\/\/www.radiopiu.net\/wordpress\/wp-content\/uploads\/2018\/08\/ACQUA-768x461.jpeg 768w, https:\/\/www.radiopiu.net\/wordpress\/wp-content\/uploads\/2018\/08\/ACQUA-1024x614.jpeg 1024w, https:\/\/www.radiopiu.net\/wordpress\/wp-content\/uploads\/2018\/08\/ACQUA.jpeg 1280w\" sizes=\"auto, (max-width: 133px) 100vw, 133px\" \/><\/a>AGORDO\/TAIBON <\/strong>Gestione Servizi Pubblici informa che ad Agordo, nelle localit\u00e0 Veran e Crostolin, e a Taibon, nelle localit\u00e0 Ronch De Bos e Nogarola, l&#8217;acqua erogata dall&#8217;acquedotto non \u00e8 potabile e pu\u00f2 essere usata per scopi alimentari solo previa bollitura. GSP ha, comunque, gi\u00e0 adottato le necessarie misure per la disinfezione dell&#8217;acqua presente nei serbatoi e nella rete idrica con l&#8217;aggiunta di cloro.<\/p>\n<p>&nbsp;<\/p>\n<hr \/>\n<p>&nbsp;<\/p>\n<blockquote>\n<h3>L&#8217;ESPLOSIONE DELLA CASA, DA UNA FUGA DI GAS<\/h3>\n<h3><a class=\"dt-pswp-item\" href=\"https:\/\/www.radiopiu.net\/wordpress\/wp-content\/uploads\/2023\/04\/b41228ea-2f3e-4501-abc9-f76dd18b2636.jpg\" data-dt-img-description=\"\" data-large_image_width=\"1203\" data-large_image_height=\"1600\"><img loading=\"lazy\" decoding=\"async\" class=\" wp-image-331538 alignleft\" src=\"https:\/\/www.radiopiu.net\/wordpress\/wp-content\/uploads\/2023\/04\/b41228ea-2f3e-4501-abc9-f76dd18b2636-226x300.jpg\" alt=\"\" width=\"99\" height=\"131\" srcset=\"https:\/\/www.radiopiu.net\/wordpress\/wp-content\/uploads\/2023\/04\/b41228ea-2f3e-4501-abc9-f76dd18b2636-226x300.jpg 226w, https:\/\/www.radiopiu.net\/wordpress\/wp-content\/uploads\/2023\/04\/b41228ea-2f3e-4501-abc9-f76dd18b2636-770x1024.jpg 770w, https:\/\/www.radiopiu.net\/wordpress\/wp-content\/uploads\/2023\/04\/b41228ea-2f3e-4501-abc9-f76dd18b2636-768x1021.jpg 768w, https:\/\/www.radiopiu.net\/wordpress\/wp-content\/uploads\/2023\/04\/b41228ea-2f3e-4501-abc9-f76dd18b2636-1155x1536.jpg 1155w, https:\/\/www.radiopiu.net\/wordpress\/wp-content\/uploads\/2023\/04\/b41228ea-2f3e-4501-abc9-f76dd18b2636.jpg 1203w\" sizes=\"auto, (max-width: 99px) 100vw, 99px\" \/><\/a><\/h3>\n<\/blockquote>\n<p><strong>FELTRE\u00a0<\/strong> Sono stabili le condizioni di Nicola Boschello, l&#8217;uomo rimasto ferito dall&#8217;esplosione del suo appartamento avvenuta nella notte tra venerd\u00ec e sabato in via Rio a Feltre. Presenta ustioni sul 20% del corpo. Al momento \u00e8 ancora frastornato e sotto choc. L&#8217;incidente causato da una fuga di gas. I vigili del fuoco continuano con le\u00a0 indagini. Si \u00e8 conclusa la messa in sicurezza dello stabile, ma i tempi per il rientro sono lunghi. E il Comune con l&#8217;Azienda Feltrina avrebbe gi\u00e0 trovato 12 appartamenti da mettere a disposizione degli sfollati.<br \/>\n<img decoding=\"async\" src=\"https:\/\/www.radiopiu.net\/wordpress\/wp-content\/uploads\/2023\/04\/Senza-nome-40.jpg\" \/><\/p>\n<p>&nbsp;<\/p>\n<p>&nbsp;<\/p>\n<hr \/>\n<p>&nbsp;<\/p>\n<p>&nbsp;<\/p>\n<blockquote>\n<h3>\u00a0IL SOLITO SINISTRO CAUSATO DALL&#8217;ATTRAVERSAMENTO DELL&#8217;UNGULATO<\/h3>\n<\/blockquote>\n<p><strong>SANTA GIUSTINA<\/strong> Un&#8217;automobile con danni molto pesanti ma nessuna conseguenza di rilievo per il giovane conducente. \u00c8 il bilancio dell&#8217;incidente stradale che ha coinvolto un&#8217;automobile e un cervo, avvenuto sabato sera alle Gravazze. Nell&#8217;impatto con l&#8217;ungulato l&#8217;automobile \u00e8 rimasta seriamente danneggiata; il cervo, pur ferito, \u00e8 riuscito ad allontanarsi.<\/p>\n<p>&nbsp;<\/p>\n<hr \/>\n<p>&nbsp;<\/p>\n<p>&nbsp;<\/p>\n<blockquote><p><a class=\"dt-pswp-item\" href=\"https:\/\/www.radiopiu.net\/wordpress\/wp-content\/uploads\/2023\/04\/Senza-nome-42.jpg\" data-dt-img-description=\"\" data-large_image_width=\"292\" data-large_image_height=\"204\"><img loading=\"lazy\" decoding=\"async\" class=\"size-full wp-image-331757 alignleft\" src=\"https:\/\/www.radiopiu.net\/wordpress\/wp-content\/uploads\/2023\/04\/Senza-nome-42.jpg\" alt=\"\" width=\"292\" height=\"204\" \/><\/a><strong>ANCHE NELL&#8217;AGORDINO LACRIME PER IL CAVALIER GIUSEPPE MALACREA<\/strong><\/p>\n<p><strong>REDAZIONE<\/strong> Mercoledi alle 15 a Carpenedo si svolgeranno i funerali di Giuseppe Malacrea, 79 anni, volto noto nell&#8217;Agordino e ad Alleghe. Lascia la moglie Paola, i figli Filippo e Fabrizio<\/p><\/blockquote>\n<p><span class=\"xt0psk2\"><a class=\"x1i10hfl xjbqb8w x6umtig x1b1mbwd xaqea5y xav7gou x9f619 x1ypdohk xt0psk2 xe8uvvx xdj266r x11i5rnm xat24cr x1mh8g0r xexx8yu x4uap5 x18d9i69 xkhd6sd x16tdsg8 x1hl2dhg xggy1nq x1a2a7pz x1heor9g xt0b8zv\" tabindex=\"0\" role=\"link\" href=\"https:\/\/www.facebook.com\/tigliani.igor?comment_id=Y29tbWVudDo2MDI1MDkxODIwOTM3Mzg4XzExNTY5ODI2NzgzMjczNjU%3D&amp;__cft__[0]=AZXYlSOXNcqrhHZWb_xlTFh6T6FObMdFWM1-YFuPMnLbmSUwGyU3rjkwO71dbUaTJ5q4YYfQGVnvcZquvBBHzTmyUwaSX7WKxRRrWppIoIEQZ6kfECIEQbvviA93uIjALCau89majvJ-6Ulw0GPCZs-rOGwkgXzVl6yv5-9CFrCWhQ&amp;__tn__=R]-R\" aria-hidden=\"false\"><span class=\"x3nfvp2\"><span class=\"x193iq5w xeuugli x13faqbe x1vvkbs x1xmvt09 x1lliihq x1s928wv xhkezso x1gmr53x x1cpjm7i x1fgarty x1943h6x x4zkp8e x676frb x1nxh6w3 x1sibtaa x1s688f xzsf02u\" dir=\"auto\">Tigliani Igor<\/span><\/span><\/a> <\/span>Per scrivere cordoglio alla famiglia <a class=\"x1i10hfl xjbqb8w x6umtig x1b1mbwd xaqea5y xav7gou x9f619 x1ypdohk xt0psk2 xe8uvvx xdj266r x11i5rnm xat24cr x1mh8g0r xexx8yu x4uap5 x18d9i69 xkhd6sd x16tdsg8 x1hl2dhg xggy1nq x1a2a7pz xt0b8zv x1fey0fg\" tabindex=\"0\" role=\"link\" href=\"https:\/\/l.facebook.com\/l.php?u=https%3A%2F%2Fservizilucarda.com%2Fcav-giuseppe-malacrea%2F%3Ffbclid%3DIwAR3iVtK6J42npQ9zJnP1PIXXWv6siiBkF6665MgzArUg1IGvNdpxXFd7A8c&amp;h=AT0Tbvr9_w6W6VQbIPAVhyyMAitQg3cJo88SP8674eSU27dqYNM1iK1z6cGKUiChM-uDQ-18ZVKoWxEDlcn7Rf025RzriSQp4zqZRqcxiJCsvyEnHXWfZQnpXiQT8g7bDg&amp;__tn__=R]-R&amp;c[0]=AT1tlZK2EsQT34v0V5ItxG9wKICo8tU5tseMNm_UaK3Jd5l0jHwxLuq5gll0J5OWRoxyAhUOHKHz-z8oslZ0EZgBeonahUl5TtGCSGBQ-VvO9xGn6IS95ZCDqkvFCOiiwdJzYqjUa6EwKzlJPXIpKydBK5HQfpT0iYi7WHqixE2bOnWSuHIX\" target=\"_blank\" rel=\"nofollow noopener\">https:\/\/servizilucarda.com\/cav-giuseppe-malacrea\/<\/a><\/p>\n<p><span class=\"xt0psk2\"><a class=\"x1i10hfl xjbqb8w x6umtig x1b1mbwd xaqea5y xav7gou x9f619 x1ypdohk xt0psk2 xe8uvvx xdj266r x11i5rnm xat24cr x1mh8g0r xexx8yu x4uap5 x18d9i69 xkhd6sd x16tdsg8 x1hl2dhg xggy1nq x1a2a7pz x1heor9g xt0b8zv\" tabindex=\"0\" role=\"link\" href=\"https:\/\/www.facebook.com\/profile.php?id=100004858998456&amp;comment_id=Y29tbWVudDo2MDI1MDkxODIwOTM3Mzg4XzIxOTgzNjQyMzAzNjUxOTk%3D&amp;__cft__[0]=AZXYlSOXNcqrhHZWb_xlTFh6T6FObMdFWM1-YFuPMnLbmSUwGyU3rjkwO71dbUaTJ5q4YYfQGVnvcZquvBBHzTmyUwaSX7WKxRRrWppIoIEQZ6kfECIEQbvviA93uIjALCau89majvJ-6Ulw0GPCZs-rOGwkgXzVl6yv5-9CFrCWhQ&amp;__tn__=R]-R\" aria-hidden=\"false\"><span class=\"x3nfvp2\"><span class=\"x193iq5w xeuugli x13faqbe x1vvkbs x1xmvt09 x1lliihq x1s928wv xhkezso x1gmr53x x1cpjm7i x1fgarty x1943h6x x4zkp8e x676frb x1nxh6w3 x1sibtaa x1s688f xzsf02u\" dir=\"auto\">Ornella Dell&#8217;Osbel<\/span><\/span><\/a> <\/span>\u00a0un amico che mancher\u00e0 a tutti specialmente a noi di Alleghe le pi\u00f9 sentite condoglianze alla Famiglia<\/p>\n<p>&nbsp;<\/p>\n<p>&nbsp;<\/p>\n<hr \/>\n<blockquote>\n<h3 class=\"entry-title\"><\/h3>\n<h3 class=\"entry-title\">AGORDO PIANGE GIORGIO GANZ, IMPRENDITORE ED ESEMPIO DI VITA<\/h3>\n<\/blockquote>\n<p><strong class=\"photoswipe-wrapper\"><a class=\"dt-pswp-item pspw-wrap-ready\" href=\"https:\/\/www.radiopiu.net\/wordpress\/wp-content\/uploads\/2023\/04\/f2d74b85-24e8-45ca-be01-24a814ff67b9.jpg\" data-dt-img-description=\"\" data-large_image_width=\"434\" data-large_image_height=\"594\"><img loading=\"lazy\" decoding=\"async\" class=\"size-medium wp-image-331647 alignleft\" src=\"https:\/\/www.radiopiu.net\/wordpress\/wp-content\/uploads\/2023\/04\/f2d74b85-24e8-45ca-be01-24a814ff67b9-219x300.jpg\" sizes=\"auto, (max-width: 219px) 100vw, 219px\" srcset=\"https:\/\/www.radiopiu.net\/wordpress\/wp-content\/uploads\/2023\/04\/f2d74b85-24e8-45ca-be01-24a814ff67b9-219x300.jpg 219w, https:\/\/www.radiopiu.net\/wordpress\/wp-content\/uploads\/2023\/04\/f2d74b85-24e8-45ca-be01-24a814ff67b9.jpg 434w\" alt=\"\" width=\"219\" height=\"300\" \/><\/a>AGORDO<\/strong>\u00a0Era bello Giorgio incontrarti, 40 anni fa quando hai dato fiducia a un ragazzino che ti proponeva di pubblicizzare le tue importanti attivit\u00e0 sulla neo nata radio locale. Erano gli anni dei coraggiosi investimenti nelle attivit\u00e0 di famiglia,\u00a0 importanti per Agordo, per la vallata. Dai Ganz era piacevole essere accolti da una persona umile, bonaria e con quel tratto ironico contagioso. Cos\u00ec come era bello pochi mesi fa, fare due chiacchiere sulla porta del bar Carlin, prima del caff\u00e8, anche li ho notato quel carattere che ti ha permesso di vivere e poi lasciarci, comunque di buon umore.<\/p>\n<p>Giorgio Ganz \u00e8 serenamente mancato a 87 anni,\u00a0 assistito dai suoi cari, dalla moglie Sofia Vallazza, i figli Paola, Francesco, Elena, la sorella Wanda, i nipoti.<\/p>\n<p><em class=\"photoswipe-wrapper\"><a class=\"dt-pswp-item pspw-wrap-ready\" href=\"https:\/\/www.radiopiu.net\/wordpress\/wp-content\/uploads\/2023\/04\/Ganz_1.jpg\" data-dt-img-description=\"\" data-large_image_width=\"400\" data-large_image_height=\"400\"><img loading=\"lazy\" decoding=\"async\" class=\"wp-image-331651 alignright\" src=\"https:\/\/www.radiopiu.net\/wordpress\/wp-content\/uploads\/2023\/04\/Ganz_1-300x300.jpg\" sizes=\"auto, (max-width: 199px) 100vw, 199px\" srcset=\"https:\/\/www.radiopiu.net\/wordpress\/wp-content\/uploads\/2023\/04\/Ganz_1-300x300.jpg 300w, https:\/\/www.radiopiu.net\/wordpress\/wp-content\/uploads\/2023\/04\/Ganz_1-150x150.jpg 150w, https:\/\/www.radiopiu.net\/wordpress\/wp-content\/uploads\/2023\/04\/Ganz_1.jpg 400w\" alt=\"\" width=\"199\" height=\"199\" \/><\/a>Ganz, un marchio importante per Agordo, Giorgio ha saputo dare continuit\u00e0 all\u2019attivit\u00e0 fondata dal padre e dagli zii. Una lunga attivit\u00e0 imprenditoriale in qualit\u00e0 di amministratore della ditta Ganz Francesco &amp; F.lli dove si \u00e8 meritato la stima e l\u2019affetto di tutti i collaboratori e dipendenti. Non ha mai smesso di pensare al futuro, suo, soprattutto della sua famiglia,\u00a0 recentemente ha dato vita al nuovo Centro Commerciale Ganz in via Insurrezione dove oggi si trovano attivit\u00e0 utili al tessuto sociale ed occupazionale dell\u2019intera vallata. Un esempio di vita e di attaccamento al lavoro assorbito dal figlio Francesco, che ne ha fatto modello e ha saputo cos\u00ec proseguire la tradizione imprenditoriale della famiglia Ganz negli\u00a0 Stati Uniti d\u2019America,\u00a0 alla guida di \u201cEthica Wines \u201cprimario operatore nella distribuzione di vini italiani in North America e Asia Pacific. Alla famiglia Ganz, ai parenti giunga un pensiero di affetto dalla redazione di Radio Pi\u00f9.<\/em><\/p>\n<p><em>I funerali di Giorgio si svolgeranno mercoledi alle 14.30 nella chiesa Arcidiaconale di Agordo. La recita del rosario martedi alle 20 sempre in chiesa.<\/em><\/p>\n<p><em>foto Giorgio Ganz,\u00a0 De Toffol_ Agordo.<br \/>\nfoto marchio www.worldcrowncaps.it<\/em><\/p>\n<p>&nbsp;<\/p>\n<p>&nbsp;<\/p>\n<hr \/>\n<p>&nbsp;<\/p>\n<blockquote>\n<h3 class=\"entry-title\">ESCURSIONISTI IN DIFFICOLTA\u2019 SULLA FERRATA INNEVATA<\/h3>\n<\/blockquote>\n<p><strong>CORTINA\u00a0<\/strong>Due escursionisti inglesi di 52 e 38 anni, che stavano risalendo la Ferrata Strobel alla Punta Fiames, hanno trovato il cavo sommerso dalla recente neve e non sono pi\u00f9 stati in grado di proseguire. Scattato l\u2019allarme verso le 15.30 di ieri, dopo aver ricevuto la posizione approssimativa tramite Whatsapp, l\u2019elicottero del Suem di Pieve di Cadore ha sorvolato l\u2019itinerario, individuandoli. Recuperati dal tecnico di elisoccorso, i due sono stati trasportati a valle.<\/p>\n<p>&nbsp;<\/p>\n<p>&nbsp;<\/p>\n<hr \/>\n<p>&nbsp;<\/p>\n<p>&nbsp;<\/p>\n<blockquote>\n<h3><strong><a class=\"dt-pswp-item\" href=\"https:\/\/www.radiopiu.net\/wordpress\/wp-content\/uploads\/2020\/04\/ASCA.png\" data-dt-img-description=\"\" data-large_image_width=\"1211\" data-large_image_height=\"668\"><img loading=\"lazy\" decoding=\"async\" class=\" wp-image-128881 alignleft\" src=\"https:\/\/www.radiopiu.net\/wordpress\/wp-content\/uploads\/2020\/04\/ASCA-300x165.png\" alt=\"\" width=\"211\" height=\"116\" srcset=\"https:\/\/www.radiopiu.net\/wordpress\/wp-content\/uploads\/2020\/04\/ASCA-300x165.png 300w, https:\/\/www.radiopiu.net\/wordpress\/wp-content\/uploads\/2020\/04\/ASCA-1024x565.png 1024w, https:\/\/www.radiopiu.net\/wordpress\/wp-content\/uploads\/2020\/04\/ASCA-768x424.png 768w, https:\/\/www.radiopiu.net\/wordpress\/wp-content\/uploads\/2020\/04\/ASCA.png 1211w\" sizes=\"auto, (max-width: 211px) 100vw, 211px\" \/><\/a><\/strong>APPROVATO IL BILANCIO 2022 DI ASCA<\/h3>\n<\/blockquote>\n<p><strong>di Gianni Santomaso<\/strong><\/p>\n<audio class=\"wp-audio-shortcode\" id=\"audio-331564-1\" preload=\"none\" style=\"width: 100%;\" controls=\"controls\"><source type=\"audio\/mpeg\" src=\"https:\/\/www.radiopiu.net\/wordpress\/wp-content\/uploads\/2023\/04\/GIANNI-BILANCIO-ASCA.mp3?_=1\" \/><a href=\"https:\/\/www.radiopiu.net\/wordpress\/wp-content\/uploads\/2023\/04\/GIANNI-BILANCIO-ASCA.mp3\">https:\/\/www.radiopiu.net\/wordpress\/wp-content\/uploads\/2023\/04\/GIANNI-BILANCIO-ASCA.mp3<\/a><\/audio>\n<p>&nbsp;<\/p>\n<hr \/>\n<p>&nbsp;<\/p>\n<p>&nbsp;<\/p>\n<blockquote class=\"wp-embedded-content\" data-secret=\"6y6DX4Eo1Z\"><p><a href=\"https:\/\/www.radiopiu.net\/wordpress\/puntata-14-aprile\/\">UNA FINESTRA SUL VOLONTARIATO DEL COMITATO D&#8217;INTESA<\/a><\/p><\/blockquote>\n<p><iframe loading=\"lazy\" class=\"wp-embedded-content\" sandbox=\"allow-scripts\" security=\"restricted\" style=\"position: absolute; clip: rect(1px, 1px, 1px, 1px);\" title=\"&#8220;UNA FINESTRA SUL VOLONTARIATO DEL COMITATO D&#8217;INTESA&#8221; &#8212; Radio Pi\u00f9\" src=\"https:\/\/www.radiopiu.net\/wordpress\/puntata-14-aprile\/embed\/#?secret=PRKKyxUwpG#?secret=6y6DX4Eo1Z\" data-secret=\"6y6DX4Eo1Z\" width=\"600\" height=\"338\" frameborder=\"0\" marginwidth=\"0\" marginheight=\"0\" scrolling=\"no\"><\/iframe><\/p>\n<p>&nbsp;<\/p>\n<hr \/>\n<p>&nbsp;<\/p>\n<blockquote>\n<h3>A VICENZA LA MANIFESTAZIONE IN DIFESA DELLA SANITA&#8217;<\/h3>\n<\/blockquote>\n<p><strong>REDAZIONE<\/strong> A Vicenza sabato hanno sfilato coloro che condividono l\u2019idea che il tema della sanit\u00e0 \u00e8 prioritario e centrale per il territorio. <span dir=\"ltr\" role=\"presentation\">Alla volta di Vicenza tanti i bellunesi che si sono spostati con mezzi propri o con i mezzi organizzati. Presente anche la CGIL di Belluno. Tutti a chiedere il diritto della salute per la difesa della sanit\u00e0<\/span><\/p>\n<p><strong>ANDREA FIOCCO, CGIL BELLUNO<\/strong><\/p>\n<div style=\"width: 640px;\" class=\"wp-video\"><video class=\"wp-video-shortcode\" id=\"video-331564-1\" width=\"640\" height=\"352\" preload=\"metadata\" controls=\"controls\"><source type=\"video\/mp4\" src=\"https:\/\/www.radiopiu.net\/wordpress\/wp-content\/uploads\/2023\/04\/FIOCCO-VICENZA.mp4?_=1\" \/><a href=\"https:\/\/www.radiopiu.net\/wordpress\/wp-content\/uploads\/2023\/04\/FIOCCO-VICENZA.mp4\">https:\/\/www.radiopiu.net\/wordpress\/wp-content\/uploads\/2023\/04\/FIOCCO-VICENZA.mp4<\/a><\/video><\/div>\n<p>&nbsp;<\/p>\n<hr \/>\n<p>&nbsp;<\/p>\n<blockquote>\n<h3>ELEZIONI COMUNALI: A CANALE UNA SOLA LISTA CAPITANATA DA MASSIMO MURER<\/h3>\n<\/blockquote>\n<p><strong>di Gianni Santomaso<\/strong><\/p>\n<audio class=\"wp-audio-shortcode\" id=\"audio-331564-2\" preload=\"none\" style=\"width: 100%;\" controls=\"controls\"><source type=\"audio\/mpeg\" src=\"https:\/\/www.radiopiu.net\/wordpress\/wp-content\/uploads\/2023\/04\/GIANNI-MASSIMO-MURER-CANDIDATO-SINDACO-CANALE.mp3?_=2\" \/><a href=\"https:\/\/www.radiopiu.net\/wordpress\/wp-content\/uploads\/2023\/04\/GIANNI-MASSIMO-MURER-CANDIDATO-SINDACO-CANALE.mp3\">https:\/\/www.radiopiu.net\/wordpress\/wp-content\/uploads\/2023\/04\/GIANNI-MASSIMO-MURER-CANDIDATO-SINDACO-CANALE.mp3<\/a><\/audio>\n<p>&nbsp;<\/p>\n<p><strong>CANALE D&#8217;AGORDO<\/strong> Una sola lista a Canale D&#8217;Agordo in vista delle elezioni comunali del 14-15 maggio. Massimo Murer ha presentato la lista &#8220;Un Progetto per Canale e per evitare il commissariamento dovranno andare a votare il 40% pi\u00f9 uno degli aventi diritto. Non verranno conteggiati glie elettori AIRE.<\/p>\n<p><span style=\"color: #ff0000;\"><strong>LISTA UN PROGETTO PER CANALE<\/strong><\/span><\/p>\n<p><strong>Candidato sindaco: Massimo Murer<\/strong><\/p>\n<p>Candidati consiglieri: Nicol\u00f2 Bogo, Bruna Cagnati, Manfredi De Bernardo, Giorgio De Pra, Paolo De Rocco, Marilisa Luchetta, Daniele Rosson, Maurizio Scardanzan, Emil Tancon.<\/p>\n\n\t\t\t<style type='text\/css'>\n\t\t\t\t#gallery-1 {\n\t\t\t\t\tmargin: auto;\n\t\t\t\t}\n\t\t\t\t#gallery-1 .gallery-item {\n\t\t\t\t\tfloat: left;\n\t\t\t\t\tmargin-top: 10px;\n\t\t\t\t\ttext-align: center;\n\t\t\t\t\twidth: 50%;\n\t\t\t\t}\n\t\t\t\t#gallery-1 img {\n\t\t\t\t\tborder: 2px solid #cfcfcf;\n\t\t\t\t}\n\t\t\t\t#gallery-1 .gallery-caption {\n\t\t\t\t\tmargin-left: 0;\n\t\t\t\t}\n\t\t\t\t\/* see gallery_shortcode() in wp-includes\/media.php *\/\n\t\t\t<\/style>\n\t\t<div id='gallery-1' class='dt-gallery-container gallery galleryid-331564 gallery-columns-2 gallery-size-thumbnail'><dl class='gallery-item'>\n\t\t\t\t<dt class='gallery-icon landscape'>\n\t\t\t\t\t<a class=\"rollover rollover-zoom dt-pswp-item\" title=\"un progetto per canale\" data-dt-img-description=\"\" data-large_image_width=\"456\" data-large_image_height=\"320\"href='https:\/\/www.radiopiu.net\/wordpress\/wp-content\/uploads\/2023\/04\/un-progetto-per-canale.png'><img loading=\"lazy\" decoding=\"async\" width=\"150\" height=\"150\" src=\"https:\/\/www.radiopiu.net\/wordpress\/wp-content\/uploads\/2023\/04\/un-progetto-per-canale-150x150.png\" class=\"attachment-thumbnail size-thumbnail\" alt=\"\" \/><\/a>\n\t\t\t\t<\/dt><\/dl><dl class='gallery-item'>\n\t\t\t\t<dt class='gallery-icon portrait'>\n\t\t\t\t\t<a class=\"rollover rollover-zoom dt-pswp-item\" title=\"massimo murer\" data-dt-img-description=\"\" data-large_image_width=\"900\" data-large_image_height=\"1200\"href='https:\/\/www.radiopiu.net\/wordpress\/wp-content\/uploads\/2023\/04\/massimo-murer.jpg'><img loading=\"lazy\" decoding=\"async\" width=\"150\" height=\"150\" src=\"https:\/\/www.radiopiu.net\/wordpress\/wp-content\/uploads\/2023\/04\/massimo-murer-150x150.jpg\" class=\"attachment-thumbnail size-thumbnail\" alt=\"\" \/><\/a>\n\t\t\t\t<\/dt><\/dl><br style=\"clear: both\" \/>\n\t\t\t<\/div>\n\n<p>&nbsp;<\/p>\n<hr \/>\n<p>&nbsp;<\/p>\n<blockquote>\n<h3>ELEZIONI COMUNALI: UN&#8217;UNICA LISTA A CENCENIGHE CON MAURO SOPPELSA CANDIDATO SINDACO<\/h3>\n<\/blockquote>\n<p><strong>di Gianni Santomaso<\/strong><\/p>\n<audio class=\"wp-audio-shortcode\" id=\"audio-331564-3\" preload=\"none\" style=\"width: 100%;\" controls=\"controls\"><source type=\"audio\/mpeg\" src=\"https:\/\/www.radiopiu.net\/wordpress\/wp-content\/uploads\/2023\/04\/GIANNI-MAURO-SOPPELSA-CANDIDATO-SINDACO.mp3?_=3\" \/><a href=\"https:\/\/www.radiopiu.net\/wordpress\/wp-content\/uploads\/2023\/04\/GIANNI-MAURO-SOPPELSA-CANDIDATO-SINDACO.mp3\">https:\/\/www.radiopiu.net\/wordpress\/wp-content\/uploads\/2023\/04\/GIANNI-MAURO-SOPPELSA-CANDIDATO-SINDACO.mp3<\/a><\/audio>\n<p>&nbsp;<\/p>\n<p><strong>CENCENIGHE<\/strong> Sar\u00e0 Mauro Soppelsa, attuale sindaco, a correre contro il quorum a Cencenighe. Una sola lista presentata per le elezioni comunali del 14-15 maggio prossimo e si chiamer\u00e0 &#8220;Cencenighe Civica&#8221;. Anche a Cencenighe, perch\u00e9 siano valide le elezioni, dovranno andare a votare il 40% pi\u00f9 uno degli aventi diritto al voto esclusi gli elettori AIRE.<\/p>\n<p><span style=\"color: #ff0000;\"><strong>LISTA CENCENIGHE CIVICA<\/strong><\/span><\/p>\n<p><strong> Candidato sindaco: Mauro Soppelsa<\/strong><\/p>\n<p>Candidati consiglieri: Elio Chenet, Adriano Fontanive, Francesco Bisatti, Ervin Lazzarini, Elisa Cancel, Andrea Fa\u00e8, Duilio Fontanive, Orietta Scardanzan, Milena Soppelsa, Francesca Trentin<\/p>\n\n\t\t\t<style type='text\/css'>\n\t\t\t\t#gallery-2 {\n\t\t\t\t\tmargin: auto;\n\t\t\t\t}\n\t\t\t\t#gallery-2 .gallery-item {\n\t\t\t\t\tfloat: left;\n\t\t\t\t\tmargin-top: 10px;\n\t\t\t\t\ttext-align: center;\n\t\t\t\t\twidth: 50%;\n\t\t\t\t}\n\t\t\t\t#gallery-2 img {\n\t\t\t\t\tborder: 2px solid #cfcfcf;\n\t\t\t\t}\n\t\t\t\t#gallery-2 .gallery-caption {\n\t\t\t\t\tmargin-left: 0;\n\t\t\t\t}\n\t\t\t\t\/* see gallery_shortcode() in wp-includes\/media.php *\/\n\t\t\t<\/style>\n\t\t<div id='gallery-2' class='dt-gallery-container gallery galleryid-331564 gallery-columns-2 gallery-size-thumbnail'><dl class='gallery-item'>\n\t\t\t\t<dt class='gallery-icon landscape'>\n\t\t\t\t\t<a class=\"rollover rollover-zoom dt-pswp-item\" title=\"cencenighe civica\" data-dt-img-description=\"\" data-large_image_width=\"590\" data-large_image_height=\"590\"href='https:\/\/www.radiopiu.net\/wordpress\/wp-content\/uploads\/2023\/04\/cencenighe-civica.jpg'><img loading=\"lazy\" decoding=\"async\" width=\"150\" height=\"150\" src=\"https:\/\/www.radiopiu.net\/wordpress\/wp-content\/uploads\/2023\/04\/cencenighe-civica-150x150.jpg\" class=\"attachment-thumbnail size-thumbnail\" alt=\"\" srcset=\"https:\/\/www.radiopiu.net\/wordpress\/wp-content\/uploads\/2023\/04\/cencenighe-civica-150x150.jpg 150w, https:\/\/www.radiopiu.net\/wordpress\/wp-content\/uploads\/2023\/04\/cencenighe-civica-300x300.jpg 300w, https:\/\/www.radiopiu.net\/wordpress\/wp-content\/uploads\/2023\/04\/cencenighe-civica.jpg 590w\" sizes=\"auto, (max-width: 150px) 100vw, 150px\" \/><\/a>\n\t\t\t\t<\/dt><\/dl><dl class='gallery-item'>\n\t\t\t\t<dt class='gallery-icon portrait'>\n\t\t\t\t\t<a class=\"rollover rollover-zoom dt-pswp-item\" title=\"Mauro Soppelsa - libero professionista - perito edile - 56 anni\" data-dt-img-description=\"\" data-large_image_width=\"1852\" data-large_image_height=\"2218\"href='https:\/\/www.radiopiu.net\/wordpress\/wp-content\/uploads\/2018\/05\/Mauro-Soppelsa-libero-professionista-perito-edile-56-anni.jpg'><img loading=\"lazy\" decoding=\"async\" width=\"150\" height=\"150\" src=\"https:\/\/www.radiopiu.net\/wordpress\/wp-content\/uploads\/2018\/05\/Mauro-Soppelsa-libero-professionista-perito-edile-56-anni-150x150.jpg\" class=\"attachment-thumbnail size-thumbnail\" alt=\"\" \/><\/a>\n\t\t\t\t<\/dt><\/dl><br style=\"clear: both\" \/>\n\t\t\t<\/div>\n\n<p>&nbsp;<\/p>\n<p>&nbsp;<\/p>\n<hr \/>\n<p>&nbsp;<\/p>\n<p>&nbsp;<\/p>\n<h2><strong><a class=\"dt-pswp-item\" href=\"https:\/\/www.radiopiu.net\/wordpress\/wp-content\/uploads\/2023\/04\/327467418_575530337433370_1016853194636718164_n.jpg\" data-dt-img-description=\"\" data-large_image_width=\"640\" data-large_image_height=\"640\"><img loading=\"lazy\" decoding=\"async\" class=\" wp-image-331562 alignleft\" src=\"https:\/\/www.radiopiu.net\/wordpress\/wp-content\/uploads\/2023\/04\/327467418_575530337433370_1016853194636718164_n-300x300.jpg\" alt=\"\" width=\"138\" height=\"138\" srcset=\"https:\/\/www.radiopiu.net\/wordpress\/wp-content\/uploads\/2023\/04\/327467418_575530337433370_1016853194636718164_n-300x300.jpg 300w, https:\/\/www.radiopiu.net\/wordpress\/wp-content\/uploads\/2023\/04\/327467418_575530337433370_1016853194636718164_n-150x150.jpg 150w, https:\/\/www.radiopiu.net\/wordpress\/wp-content\/uploads\/2023\/04\/327467418_575530337433370_1016853194636718164_n.jpg 640w\" sizes=\"auto, (max-width: 138px) 100vw, 138px\" \/><\/a><\/strong><span style=\"color: #ff9900;\">LA RASSEGNA STAMPA DA L&#8217;AMICO DEL POPOLO<\/span><\/h2>\n<p><strong>di Gianni Santomaso<\/strong><\/p>\n<p>OSPITE: Franco Chemello, Scuole In Rete Belluno<\/p>\n<audio class=\"wp-audio-shortcode\" id=\"audio-331564-4\" preload=\"none\" style=\"width: 100%;\" controls=\"controls\"><source type=\"audio\/mpeg\" src=\"https:\/\/www.radiopiu.net\/wordpress\/wp-content\/uploads\/2023\/04\/RASSEGNA-GIANNI.mp3?_=4\" \/><a href=\"https:\/\/www.radiopiu.net\/wordpress\/wp-content\/uploads\/2023\/04\/RASSEGNA-GIANNI.mp3\">https:\/\/www.radiopiu.net\/wordpress\/wp-content\/uploads\/2023\/04\/RASSEGNA-GIANNI.mp3<\/a><\/audio>\n<p>&nbsp;<\/p>\n<p>&nbsp;<\/p>\n<p>&nbsp;<\/p>\n<hr \/>\n<p>&nbsp;<\/p>\n<blockquote>\n<h3>LA CITTA&#8217; DI BELLUNO OMAGGIATA DALL&#8217;EMBLEMA ARALDICO<\/h3>\n<\/blockquote>\n<p><strong><a class=\"dt-pswp-item\" href=\"https:\/\/www.radiopiu.net\/wordpress\/wp-content\/uploads\/2023\/04\/Cerimonia-consegna-emblema-araldico.jpeg\" data-dt-img-description=\"\" data-large_image_width=\"2048\" data-large_image_height=\"1536\"><img loading=\"lazy\" decoding=\"async\" class=\" wp-image-331609 alignleft\" src=\"https:\/\/www.radiopiu.net\/wordpress\/wp-content\/uploads\/2023\/04\/Cerimonia-consegna-emblema-araldico-300x225.jpeg\" alt=\"\" width=\"217\" height=\"163\" srcset=\"https:\/\/www.radiopiu.net\/wordpress\/wp-content\/uploads\/2023\/04\/Cerimonia-consegna-emblema-araldico-300x225.jpeg 300w, https:\/\/www.radiopiu.net\/wordpress\/wp-content\/uploads\/2023\/04\/Cerimonia-consegna-emblema-araldico-1024x768.jpeg 1024w, https:\/\/www.radiopiu.net\/wordpress\/wp-content\/uploads\/2023\/04\/Cerimonia-consegna-emblema-araldico-768x576.jpeg 768w, https:\/\/www.radiopiu.net\/wordpress\/wp-content\/uploads\/2023\/04\/Cerimonia-consegna-emblema-araldico-1536x1152.jpeg 1536w, https:\/\/www.radiopiu.net\/wordpress\/wp-content\/uploads\/2023\/04\/Cerimonia-consegna-emblema-araldico.jpeg 2048w\" sizes=\"auto, (max-width: 217px) 100vw, 217px\" \/><\/a>BELLUNO <\/strong>l\u2019Istituto del Nastro Azzurro ha omaggiato Belluno dell\u2019emblema araldico per il valore dimostrato nella lotta per la liberazione della provincia, impegno che \u00e8 gi\u00e0 valso alla nostra citt\u00e0 la Medaglia d\u2019Oro al valore militare. \u201cRicevere l\u2019Emblema araldico non \u00e8 un punto di arrivo, ma uno sprone \u2013 commenta il sindaco, Oscar De Pellegrin -, un incoraggiamento a continuare su questa strada. Le sfide di oggi non sono quelle di un tempo, la nostra vita e la nostra libert\u00e0 non sono messe in discussione come anni fa, ci\u00f2 non di meno siamo chiamati a tenere alti i valori che ci tengono uniti come comunit\u00e0, a difenderli anche a scapito del nostro interesse personale, perch\u00e9 \u00e8 su quei valori che si fonda la nostra identit\u00e0 di popolo. Ringraziamo l\u2019Istituto del Nastro Azzurro per questo riconoscimento che ci rende tutti orgogliosi della nostra storia e di chi ha combattuto per quei valori in cui la nostra comunit\u00e0 ancora oggi si riconosce\u201d.<\/p>\n<p>&nbsp;<\/p>\n<p>&nbsp;<\/p>\n<hr \/>\n<p>&nbsp;<\/p>\n<blockquote>\n<h3>PARITA&#8217; DI GENERE: IL REPORT DEL COMUNE DI PONTE NELLE ALPI<\/h3>\n<\/blockquote>\n<p><strong><a class=\"dt-pswp-item\" href=\"https:\/\/www.radiopiu.net\/wordpress\/wp-content\/uploads\/2023\/04\/Municipio_di_Ponte_nelle_Alpi-1.jpg\" data-dt-img-description=\"\" data-large_image_width=\"1024\" data-large_image_height=\"768\"><img loading=\"lazy\" decoding=\"async\" class=\" wp-image-331602 alignleft\" src=\"https:\/\/www.radiopiu.net\/wordpress\/wp-content\/uploads\/2023\/04\/Municipio_di_Ponte_nelle_Alpi-1-300x225.jpg\" alt=\"\" width=\"171\" height=\"128\" srcset=\"https:\/\/www.radiopiu.net\/wordpress\/wp-content\/uploads\/2023\/04\/Municipio_di_Ponte_nelle_Alpi-1-300x225.jpg 300w, https:\/\/www.radiopiu.net\/wordpress\/wp-content\/uploads\/2023\/04\/Municipio_di_Ponte_nelle_Alpi-1-768x576.jpg 768w, https:\/\/www.radiopiu.net\/wordpress\/wp-content\/uploads\/2023\/04\/Municipio_di_Ponte_nelle_Alpi-1.jpg 1024w\" sizes=\"auto, (max-width: 171px) 100vw, 171px\" \/><\/a>PONTE NELLE ALPI <\/strong>Il Comune di Ponte nelle Alpi evidenzia l\u2019importanza della gestione del personale dipendente in un\u2019ottica di genere. E lo fa attraverso un\u2019interessante e approfondita analisi, dal titolo \u201cDonne e leadership\u201d.<span class=\"gmail-Apple-converted-space\"> \u00a0<\/span>Le esigenze di sviluppo delle comunit\u00e0, della provincia di Belluno e del Paese Italia richiedono amministrazioni pubbliche in grado di elaborare e attuare politiche efficaci. Anche di fronte a percorsi come quello del Pnrr, c\u2019\u00e8 la necessit\u00e0 di sviluppare un clima favorevole all\u2019innovazione, a valorizzare le energie e le capacit\u00e0 presenti negli ambienti di lavoro.<span class=\"gmail-Apple-converted-space\"> \u00a0<\/span>Entrando nel dettaglio, dall\u2019analisi emerge che il personale dipendente del Comune di Ponte nelle Alpi presenta, nel 2022, la stesse ripartizione tra i generi degli anni precedenti: 2 lavoratori su 3 sono donne. E proprio le donne rappresentano il 63% totale dei dipendenti. In rapporto alle classi di et\u00e0, il 56% delle donne e il 60% degli uomini sono inclusi nella fascia di et\u00e0 tra 51 e 60 anni, mentre l\u2019et\u00e0 media generale \u00e8 di 53 anni.<\/p>\n<p>&nbsp;<\/p>\n<p>&nbsp;<\/p>\n<hr \/>\n<p>&nbsp;<\/p>\n<blockquote>\n<h3>GIOVEDI IL CONSIGLIO COMUNALE DI CENCENIGHE<\/h3>\n<\/blockquote>\n<p><strong>CENCENIGHE<\/strong><\/p>\n<p><strong>di Gianni Santomaso<\/strong><\/p>\n<audio class=\"wp-audio-shortcode\" id=\"audio-331564-5\" preload=\"none\" style=\"width: 100%;\" controls=\"controls\"><source type=\"audio\/mpeg\" src=\"https:\/\/www.radiopiu.net\/wordpress\/wp-content\/uploads\/2023\/04\/GIANNI-CONSIGLIO-COMUNALE-CENCENIGHE.mp3?_=5\" \/><a href=\"https:\/\/www.radiopiu.net\/wordpress\/wp-content\/uploads\/2023\/04\/GIANNI-CONSIGLIO-COMUNALE-CENCENIGHE.mp3\">https:\/\/www.radiopiu.net\/wordpress\/wp-content\/uploads\/2023\/04\/GIANNI-CONSIGLIO-COMUNALE-CENCENIGHE.mp3<\/a><\/audio>\n<p>&nbsp;<\/p>\n<hr \/>\n<p>&nbsp;<\/p>\n<p>&nbsp;<\/p>\n<blockquote>\n<h3>I GRAFICI DI TIZIANO DE COL<\/h3>\n<\/blockquote>\n\n\t\t\t<style type='text\/css'>\n\t\t\t\t#gallery-3 {\n\t\t\t\t\tmargin: auto;\n\t\t\t\t}\n\t\t\t\t#gallery-3 .gallery-item {\n\t\t\t\t\tfloat: left;\n\t\t\t\t\tmargin-top: 10px;\n\t\t\t\t\ttext-align: center;\n\t\t\t\t\twidth: 20%;\n\t\t\t\t}\n\t\t\t\t#gallery-3 img {\n\t\t\t\t\tborder: 2px solid #cfcfcf;\n\t\t\t\t}\n\t\t\t\t#gallery-3 .gallery-caption {\n\t\t\t\t\tmargin-left: 0;\n\t\t\t\t}\n\t\t\t\t\/* see gallery_shortcode() in wp-includes\/media.php *\/\n\t\t\t<\/style>\n\t\t<div id='gallery-3' class='dt-gallery-container gallery galleryid-331564 gallery-columns-5 gallery-size-thumbnail'><dl class='gallery-item'>\n\t\t\t\t<dt class='gallery-icon landscape'>\n\t\t\t\t\t<a class=\"rollover rollover-zoom dt-pswp-item\" title=\"a4c6a571-d2f2-4e88-8bea-3dc13c1697aa\" data-dt-img-description=\"\" data-large_image_width=\"596\" data-large_image_height=\"369\"href='https:\/\/www.radiopiu.net\/wordpress\/wp-content\/uploads\/2023\/04\/a4c6a571-d2f2-4e88-8bea-3dc13c1697aa.jpg'><img loading=\"lazy\" decoding=\"async\" width=\"150\" height=\"150\" src=\"https:\/\/www.radiopiu.net\/wordpress\/wp-content\/uploads\/2023\/04\/a4c6a571-d2f2-4e88-8bea-3dc13c1697aa-150x150.jpg\" class=\"attachment-thumbnail size-thumbnail\" alt=\"\" \/><\/a>\n\t\t\t\t<\/dt><\/dl><dl class='gallery-item'>\n\t\t\t\t<dt class='gallery-icon landscape'>\n\t\t\t\t\t<a class=\"rollover rollover-zoom dt-pswp-item\" title=\"3a3b2276-1706-40be-abee-23cf5a61be35\" data-dt-img-description=\"\" data-large_image_width=\"608\" data-large_image_height=\"360\"href='https:\/\/www.radiopiu.net\/wordpress\/wp-content\/uploads\/2023\/04\/3a3b2276-1706-40be-abee-23cf5a61be35.jpg'><img loading=\"lazy\" decoding=\"async\" width=\"150\" height=\"150\" src=\"https:\/\/www.radiopiu.net\/wordpress\/wp-content\/uploads\/2023\/04\/3a3b2276-1706-40be-abee-23cf5a61be35-150x150.jpg\" class=\"attachment-thumbnail size-thumbnail\" alt=\"\" \/><\/a>\n\t\t\t\t<\/dt><\/dl><dl class='gallery-item'>\n\t\t\t\t<dt class='gallery-icon landscape'>\n\t\t\t\t\t<a class=\"rollover rollover-zoom dt-pswp-item\" title=\"f3529c2d-fdc1-4460-879b-31b016c8a5f1\" data-dt-img-description=\"\" data-large_image_width=\"600\" data-large_image_height=\"351\"href='https:\/\/www.radiopiu.net\/wordpress\/wp-content\/uploads\/2023\/04\/f3529c2d-fdc1-4460-879b-31b016c8a5f1.jpg'><img loading=\"lazy\" decoding=\"async\" width=\"150\" height=\"150\" src=\"https:\/\/www.radiopiu.net\/wordpress\/wp-content\/uploads\/2023\/04\/f3529c2d-fdc1-4460-879b-31b016c8a5f1-150x150.jpg\" class=\"attachment-thumbnail size-thumbnail\" alt=\"\" \/><\/a>\n\t\t\t\t<\/dt><\/dl><dl class='gallery-item'>\n\t\t\t\t<dt class='gallery-icon landscape'>\n\t\t\t\t\t<a class=\"rollover rollover-zoom dt-pswp-item\" title=\"8282cae7-04c9-4464-bab7-cdb9367dad5f\" data-dt-img-description=\"\" data-large_image_width=\"602\" data-large_image_height=\"357\"href='https:\/\/www.radiopiu.net\/wordpress\/wp-content\/uploads\/2023\/04\/8282cae7-04c9-4464-bab7-cdb9367dad5f.jpg'><img loading=\"lazy\" decoding=\"async\" width=\"150\" height=\"150\" src=\"https:\/\/www.radiopiu.net\/wordpress\/wp-content\/uploads\/2023\/04\/8282cae7-04c9-4464-bab7-cdb9367dad5f-150x150.jpg\" class=\"attachment-thumbnail size-thumbnail\" alt=\"\" \/><\/a>\n\t\t\t\t<\/dt><\/dl><dl class='gallery-item'>\n\t\t\t\t<dt class='gallery-icon landscape'>\n\t\t\t\t\t<a class=\"rollover rollover-zoom dt-pswp-item\" title=\"5c38a348-a4d6-4850-8aea-f9dd55320308\" data-dt-img-description=\"\" data-large_image_width=\"598\" data-large_image_height=\"363\"href='https:\/\/www.radiopiu.net\/wordpress\/wp-content\/uploads\/2023\/04\/5c38a348-a4d6-4850-8aea-f9dd55320308.jpg'><img loading=\"lazy\" decoding=\"async\" width=\"150\" height=\"150\" src=\"https:\/\/www.radiopiu.net\/wordpress\/wp-content\/uploads\/2023\/04\/5c38a348-a4d6-4850-8aea-f9dd55320308-150x150.jpg\" class=\"attachment-thumbnail size-thumbnail\" alt=\"\" \/><\/a>\n\t\t\t\t<\/dt><\/dl><br style=\"clear: both\" \/>\n\t\t\t<\/div>\n\n<p>&nbsp;<\/p>\n<p>&nbsp;<\/p>\n<hr \/>\n<blockquote>\n<h3>LA GIORNATA NAZIONALE PER LA DONAZIONE E IL TRAPIANTO DI ORGANI<\/h3>\n<\/blockquote>\n<p><strong>VENEZIA <\/strong>\u201cLa generosit\u00e0 del popolo veneto \u00e8 un valore che non serve spiegare. Nel caso della donazione di organi e tessuti siamo di fronte a un atteggiamento di generosit\u00e0 in forte crescita, dato che va assolutamente evidenziato. Voglio ringraziare i veneti per aver capito che donare organi e tessuti \u00e8 un atto che travalica e va oltre la semplice espressione di un consenso: si tratta di esprimere un s\u00ec per permettere ad altre persone di sopravvivere o di avere una vita migliore grazie ad un trapianto. \u00c8 l\u2019indice di una societ\u00e0 matura, generosa, che guarda al futuro. Di cui essere, tutti, davvero orgogliosi\u201d. Cos\u00ec il Presidente della Regione del Veneto coglie l\u2019occasione della Giornata Nazionale per la donazione e il trapianto di organi e tessuti in cui vengono proposte molte attivit\u00e0 di promozione della cultura del dono sulla scia anche della campagna di informazione regionale alla donazione \u201cGeneroso, il Veneto\u201d. \u201cI dati raccolti dal Centro Trapianti del Veneto indicano che nel primo trimestre di quest\u2019anno il numero dei donatori \u00e8 salito, rispetto allo stesso periodo del 2022, da 77 a 102 \u2013 chiarisce il Presidente -. Questo aumento di donazioni, da gennaio a oggi, ha consentito di eseguire 181 trapianti (singoli e combinati) contro i 138 dell\u2019anno precedente: un incremento pari al 31,2 per cento\u201d.<\/p>\n<p>&nbsp;<\/p>\n<p>&nbsp;<\/p>\n<hr \/>\n<p>&nbsp;<\/p>\n<blockquote>\n<h3>VERSO L\u2019ARGENTO: UN PERCORSO DI EDUCAZIONE ALLA SALUTE E AL BENESSERE<\/h3>\n<\/blockquote>\n<p><strong><a class=\"dt-pswp-item\" href=\"https:\/\/www.radiopiu.net\/wordpress\/wp-content\/uploads\/2020\/03\/ULSS-1-DOLOMITI-LOGO.jpg\" data-dt-img-description=\"\" data-large_image_width=\"298\" data-large_image_height=\"219\"><img loading=\"lazy\" decoding=\"async\" class=\" wp-image-121256 alignleft\" src=\"https:\/\/www.radiopiu.net\/wordpress\/wp-content\/uploads\/2020\/03\/ULSS-1-DOLOMITI-LOGO.jpg\" alt=\"\" width=\"155\" height=\"114\" \/><\/a>BELLUNO <\/strong>L\u2019Ulss Dolomiti, in collaborazione con il Comitato d\u2019Intesa, Antenna Anziani e Scuole in Rete, promuove un percorso di educazione alla salute e al benessere per favorire l\u2019invecchiamento attivo. \u201cVerso l\u2019Argento\u201d \u00e8 il titolo del percorso che si pone l\u2019obiettivo di fornire gli strumenti per un invecchiamento consapevole e in salute per vivere l\u2019\u201cet\u00e0 d\u2019argento\u201d come una fase ricca di opportunit\u00e0, attivit\u00e0 e interessi, rafforzando le reti amicali e lo scambio tra generazioni. Il percorso prevede 11 incontri formativi, che si terranno da maggio a dicembre di quest\u2019anno, ciascuno dedicato a una tematica specifica trattata da un esperto. Molteplici i temi trattati: da come utilizzare il web per accedere ai servizi Ulss, a temi riguardanti la salute come l\u2019alimentazione, il sonno, l\u2019esercizio fisico, le patologie croniche, a temi legati alla socialit\u00e0 come la compagnia degli animali e la sessualit\u00e0 fino agli aspetti normativi per conoscere le opportunit\u00e0 del sistema di welfare e gli aspetti per avere consapevolezza sul proprio ruolo in una fase di cambiamento della vita come l\u2019invecchiamento.<\/p>\n<p>&nbsp;<\/p>\n<p>&nbsp;<\/p>\n<hr \/>\n<p>&nbsp;<\/p>\n<blockquote>\n<h3>IL PRIMO PREMIO DELLA LOTTERIA DI SAN VINCENZO VA A MARIA STELLA<\/h3>\n<\/blockquote>\n<p><strong>AGORDO<\/strong> E&#8217; stato consegnato sabato mattina il primo premio della Lotteria di San Vincenzo 2023. Il Presidente dell&#8217;Unione Sportiva Le Ville Andrea Rumor ha voluto stringere la mano a Maria Stella Carrera, che con il biglietto numero 14713 si \u00e8 aggiudicata l&#8217;Ape 50 primo premio della lotteria. Pi\u00f9 di 19 mila biglietti venduti e dopo quattro giorni il vincitore si \u00e8 presentato per ritirare il tre ruote in palio.<\/p>\n\n\t\t\t<style type='text\/css'>\n\t\t\t\t#gallery-4 {\n\t\t\t\t\tmargin: auto;\n\t\t\t\t}\n\t\t\t\t#gallery-4 .gallery-item {\n\t\t\t\t\tfloat: left;\n\t\t\t\t\tmargin-top: 10px;\n\t\t\t\t\ttext-align: center;\n\t\t\t\t\twidth: 50%;\n\t\t\t\t}\n\t\t\t\t#gallery-4 img {\n\t\t\t\t\tborder: 2px solid #cfcfcf;\n\t\t\t\t}\n\t\t\t\t#gallery-4 .gallery-caption {\n\t\t\t\t\tmargin-left: 0;\n\t\t\t\t}\n\t\t\t\t\/* see gallery_shortcode() in wp-includes\/media.php *\/\n\t\t\t<\/style>\n\t\t<div id='gallery-4' class='dt-gallery-container gallery galleryid-331564 gallery-columns-2 gallery-size-medium'><dl class='gallery-item'>\n\t\t\t\t<dt class='gallery-icon landscape'>\n\t\t\t\t\t<a class=\"rollover rollover-zoom dt-pswp-item\" title=\"ritiro biglietto vincente\" data-dt-img-description=\"\" data-large_image_width=\"2560\" data-large_image_height=\"1440\"href='https:\/\/www.radiopiu.net\/wordpress\/wp-content\/uploads\/2023\/04\/ritiro-biglietto-vincente-scaled.jpg'><img loading=\"lazy\" decoding=\"async\" width=\"300\" height=\"169\" src=\"https:\/\/www.radiopiu.net\/wordpress\/wp-content\/uploads\/2023\/04\/ritiro-biglietto-vincente-300x169.jpg\" class=\"attachment-medium size-medium\" alt=\"\" srcset=\"https:\/\/www.radiopiu.net\/wordpress\/wp-content\/uploads\/2023\/04\/ritiro-biglietto-vincente-300x169.jpg 300w, https:\/\/www.radiopiu.net\/wordpress\/wp-content\/uploads\/2023\/04\/ritiro-biglietto-vincente-1024x576.jpg 1024w, https:\/\/www.radiopiu.net\/wordpress\/wp-content\/uploads\/2023\/04\/ritiro-biglietto-vincente-768x432.jpg 768w, https:\/\/www.radiopiu.net\/wordpress\/wp-content\/uploads\/2023\/04\/ritiro-biglietto-vincente-1536x864.jpg 1536w, https:\/\/www.radiopiu.net\/wordpress\/wp-content\/uploads\/2023\/04\/ritiro-biglietto-vincente-2048x1152.jpg 2048w\" sizes=\"auto, (max-width: 300px) 100vw, 300px\" \/><\/a>\n\t\t\t\t<\/dt><\/dl><dl class='gallery-item'>\n\t\t\t\t<dt class='gallery-icon landscape'>\n\t\t\t\t\t<a class=\"rollover rollover-zoom dt-pswp-item\" title=\"consegna chiavi Ape 50 Cross.\" data-dt-img-description=\"\" data-large_image_width=\"2560\" data-large_image_height=\"1440\"href='https:\/\/www.radiopiu.net\/wordpress\/wp-content\/uploads\/2023\/04\/consegna-chiavi-Ape-50-Cross-scaled.jpg'><img loading=\"lazy\" decoding=\"async\" width=\"300\" height=\"169\" src=\"https:\/\/www.radiopiu.net\/wordpress\/wp-content\/uploads\/2023\/04\/consegna-chiavi-Ape-50-Cross-300x169.jpg\" class=\"attachment-medium size-medium\" alt=\"\" srcset=\"https:\/\/www.radiopiu.net\/wordpress\/wp-content\/uploads\/2023\/04\/consegna-chiavi-Ape-50-Cross-300x169.jpg 300w, https:\/\/www.radiopiu.net\/wordpress\/wp-content\/uploads\/2023\/04\/consegna-chiavi-Ape-50-Cross-1024x576.jpg 1024w, https:\/\/www.radiopiu.net\/wordpress\/wp-content\/uploads\/2023\/04\/consegna-chiavi-Ape-50-Cross-768x432.jpg 768w, https:\/\/www.radiopiu.net\/wordpress\/wp-content\/uploads\/2023\/04\/consegna-chiavi-Ape-50-Cross-1536x864.jpg 1536w, https:\/\/www.radiopiu.net\/wordpress\/wp-content\/uploads\/2023\/04\/consegna-chiavi-Ape-50-Cross-2048x1152.jpg 2048w\" sizes=\"auto, (max-width: 300px) 100vw, 300px\" \/><\/a>\n\t\t\t\t<\/dt><\/dl><br style=\"clear: both\" \/>\n\t\t\t<\/div>\n\n<p>&nbsp;<\/p>\n<p>&nbsp;<\/p>\n<hr \/>\n<p>&nbsp;<\/p>\n<blockquote>\n<h3>INAUGURATA CACCIA PESCA NATURA A LONGARONE<\/h3>\n<\/blockquote>\n<p><strong><a class=\"dt-pswp-item\" href=\"https:\/\/www.radiopiu.net\/wordpress\/wp-content\/uploads\/2023\/04\/Taglio-del-nastro-Caccia-Pesca-Natura.jpg\" data-dt-img-description=\"\" data-large_image_width=\"2500\" data-large_image_height=\"1461\"><img loading=\"lazy\" decoding=\"async\" class=\" wp-image-331606 alignleft\" src=\"https:\/\/www.radiopiu.net\/wordpress\/wp-content\/uploads\/2023\/04\/Taglio-del-nastro-Caccia-Pesca-Natura-300x175.jpg\" alt=\"\" width=\"154\" height=\"90\" srcset=\"https:\/\/www.radiopiu.net\/wordpress\/wp-content\/uploads\/2023\/04\/Taglio-del-nastro-Caccia-Pesca-Natura-300x175.jpg 300w, https:\/\/www.radiopiu.net\/wordpress\/wp-content\/uploads\/2023\/04\/Taglio-del-nastro-Caccia-Pesca-Natura-1024x598.jpg 1024w, https:\/\/www.radiopiu.net\/wordpress\/wp-content\/uploads\/2023\/04\/Taglio-del-nastro-Caccia-Pesca-Natura-768x449.jpg 768w, https:\/\/www.radiopiu.net\/wordpress\/wp-content\/uploads\/2023\/04\/Taglio-del-nastro-Caccia-Pesca-Natura-1536x898.jpg 1536w, https:\/\/www.radiopiu.net\/wordpress\/wp-content\/uploads\/2023\/04\/Taglio-del-nastro-Caccia-Pesca-Natura-2048x1197.jpg 2048w\" sizes=\"auto, (max-width: 154px) 100vw, 154px\" \/><\/a>LONGARONE <\/strong>\u00abCacciatori e pescatori rappresentano un presidio irrinunciabile dei territori. Se l\u2019attivit\u00e0 venatoria \u00e8 un diritto sacrosanto, sancito dalla normativa, bisogna tutelare e proteggere questa attivit\u00e0, non si pu\u00f2 essere ambigui\u00bb. Lo ha detto il ministro della Protezione Civile Nello Musumeci, che sabato mattina ha inaugurato a Longarone Fiere Dolomiti la 21. edizione di \u201cCaccia, pesca, natura\u201d, la mostra dei prodotti e dei servizi per l\u2019attivit\u00e0 venatoria, alieutica e per l\u2019outdoor.<\/p>\n<p>&nbsp;<\/p>\n<p>&nbsp;<\/p>\n<hr \/>\n<p>&nbsp;<\/p>\n<blockquote>\n<h3>PRESENTATO IL PROGETTO MELKEN<\/h3>\n<\/blockquote>\n<p><strong><a class=\"dt-pswp-item\" href=\"https:\/\/www.radiopiu.net\/wordpress\/wp-content\/uploads\/2023\/04\/Assessore-Corazzari-introduce-convegni-Regione-Veneto-a-CPN.jpg\" data-dt-img-description=\"\" data-large_image_width=\"2500\" data-large_image_height=\"1724\"><img loading=\"lazy\" decoding=\"async\" class=\" wp-image-331612 alignleft\" src=\"https:\/\/www.radiopiu.net\/wordpress\/wp-content\/uploads\/2023\/04\/Assessore-Corazzari-introduce-convegni-Regione-Veneto-a-CPN-300x207.jpg\" alt=\"\" width=\"172\" height=\"119\" srcset=\"https:\/\/www.radiopiu.net\/wordpress\/wp-content\/uploads\/2023\/04\/Assessore-Corazzari-introduce-convegni-Regione-Veneto-a-CPN-300x207.jpg 300w, https:\/\/www.radiopiu.net\/wordpress\/wp-content\/uploads\/2023\/04\/Assessore-Corazzari-introduce-convegni-Regione-Veneto-a-CPN-1024x706.jpg 1024w, https:\/\/www.radiopiu.net\/wordpress\/wp-content\/uploads\/2023\/04\/Assessore-Corazzari-introduce-convegni-Regione-Veneto-a-CPN-768x530.jpg 768w, https:\/\/www.radiopiu.net\/wordpress\/wp-content\/uploads\/2023\/04\/Assessore-Corazzari-introduce-convegni-Regione-Veneto-a-CPN-1536x1059.jpg 1536w, https:\/\/www.radiopiu.net\/wordpress\/wp-content\/uploads\/2023\/04\/Assessore-Corazzari-introduce-convegni-Regione-Veneto-a-CPN-2048x1412.jpg 2048w\" sizes=\"auto, (max-width: 172px) 100vw, 172px\" \/><\/a>LONGARONE <\/strong>Si chiama Melken e vuole studiare il comportamento dei lupi nei confronti delle mandrie al pascolo in quota. \u00c8 l\u2019ultimo progetto della Regione Veneto in tema di tutela e valorizzazione del patrimonio malghivo. Realizzato con la collaborazione dell\u2019Universit\u00e0 di Padova, Melken \u00e8 stato presentato a Longarone Fiere Dolomiti, nel corso di un convegno dedicato proprio agli ultimi progetti varati dalla Regione Veneto, nell\u2019ambito della 21. edizione di \u201cCaccia, pesca, natura\u201d. Melken \u00e8 partito da una premessa, il valore del patrimonio malghivo, ha spiegato Emanuele Pernechele, dell\u2019Unit\u00e0 Operativa Pianificazione e Gestione faunistico-venatoria della Regione Veneto. Si tratta di oltre 700 malghe localizzate tra la Lessinia e le Dolomiti, passando per l\u2019altopiano di Asiago e il Grappa. \u00abDal ritorno del lupo, si sono rotti certi equilibri che erano consolidati da decenni &#8211; ha detto Pernechele -. Con Melken analizzeremo come il grande predatore cambia le abitudini del pascolamento e quindi si potranno studiare misure pi\u00f9 efficaci per contrastare le predazioni. Abbiamo gi\u00e0 osservato che al momento il lupo si concentra soprattutto sui bovini pi\u00f9 giovani\u00bb.<\/p>\n<p>&nbsp;<\/p>\n<p>&nbsp;<\/p>\n<p>&nbsp;<\/p>\n<hr \/>\n<p>&nbsp;<\/p>\n<blockquote>\n<h3>&#8220;CACCIA PESCA NATURA&#8221; IL CONCORSO DEDICATO AI BAMBINI<\/h3>\n<\/blockquote>\n<p><strong>LONGARONE<\/strong> Attenzione alla risorsa idrica e tutela di fiumi e laghi. E poi un pizzico di fantasia per trasmettere con la matita e i colori quanto appreso a scuola. Sono i pilastri su cui si \u00e8 basato il progetto \u201cAdotta un corso d\u2019acqua, adotta un pesce\u201d messo in campo dalla Federazione dei bacini di pesca &#8211; con Claudio Canova e Filippo Sitran &#8211; e appoggiato dalla Provincia di Belluno. Un progetto che ha portato i pescatori a spiegare tra i banchi la loro attivit\u00e0 ed \u00e8 diventato un concorso di disegno rivolto ai pi\u00f9 piccoli, chiamati a tratteggiare gli abitanti dei corsi d\u2019acqua. Il concorso ha avuto il clou oggi, a Longarone Fiere Dolomiti, dove da venerd\u00ec sono stati esposti i 340 disegni realizzati dai bambini. Cinque le scuole coinvolte, distribuite su tutto il territorio provinciale (l\u2019istituto comprensivo di Auronzo, la scuola primaria di Calalzo, il comprensivo di Fonzaso, la primaria di Lamon e quella di Sovramonte). Premi per tutti, grazie ai contributi della Provincia di Belluno, dei Bacini di Pesca bellunesi e della Regione del Veneto, e un segnalibro che rappresenta le due specie ittiche pi\u00f9 rappresentative dei pesci bellunesi, la trota marmorata e il temolo. I premi di scuola hanno visto un podio formato nell\u2019ordine da Auronzo, Calalzo e Lamon. Mentre per quanto riguarda le classi, primo premio ex aequo per la 5. di Lamon, la 4. e la 1. di Calalzo, la 3. di Auronzo e la 2. di Fonzaso. Primo premio assoluto al disegno del piccolo Ortiniel di Calalzo, seguito da Giovanni D\u2019Agostino di Fonzaso e Tommaso Bergagnin di Auronzo.<\/p>\n\n\t\t\t<style type='text\/css'>\n\t\t\t\t#gallery-5 {\n\t\t\t\t\tmargin: auto;\n\t\t\t\t}\n\t\t\t\t#gallery-5 .gallery-item {\n\t\t\t\t\tfloat: left;\n\t\t\t\t\tmargin-top: 10px;\n\t\t\t\t\ttext-align: center;\n\t\t\t\t\twidth: 50%;\n\t\t\t\t}\n\t\t\t\t#gallery-5 img {\n\t\t\t\t\tborder: 2px solid #cfcfcf;\n\t\t\t\t}\n\t\t\t\t#gallery-5 .gallery-caption {\n\t\t\t\t\tmargin-left: 0;\n\t\t\t\t}\n\t\t\t\t\/* see gallery_shortcode() in wp-includes\/media.php *\/\n\t\t\t<\/style>\n\t\t<div id='gallery-5' class='dt-gallery-container gallery galleryid-331564 gallery-columns-2 gallery-size-medium'><dl class='gallery-item'>\n\t\t\t\t<dt class='gallery-icon landscape'>\n\t\t\t\t\t<a class=\"rollover rollover-zoom dt-pswp-item\" title=\"Concorso Adotta un corso d&#039;acqua, adotta un pesce\" data-dt-img-description=\"\" data-large_image_width=\"1600\" data-large_image_height=\"787\"href='https:\/\/www.radiopiu.net\/wordpress\/wp-content\/uploads\/2023\/04\/Concorso-Adotta-un-corso-dacqua-adotta-un-pesce.jpg'><img loading=\"lazy\" decoding=\"async\" width=\"300\" height=\"148\" src=\"https:\/\/www.radiopiu.net\/wordpress\/wp-content\/uploads\/2023\/04\/Concorso-Adotta-un-corso-dacqua-adotta-un-pesce-300x148.jpg\" class=\"attachment-medium size-medium\" alt=\"\" srcset=\"https:\/\/www.radiopiu.net\/wordpress\/wp-content\/uploads\/2023\/04\/Concorso-Adotta-un-corso-dacqua-adotta-un-pesce-300x148.jpg 300w, https:\/\/www.radiopiu.net\/wordpress\/wp-content\/uploads\/2023\/04\/Concorso-Adotta-un-corso-dacqua-adotta-un-pesce-1024x504.jpg 1024w, https:\/\/www.radiopiu.net\/wordpress\/wp-content\/uploads\/2023\/04\/Concorso-Adotta-un-corso-dacqua-adotta-un-pesce-768x378.jpg 768w, https:\/\/www.radiopiu.net\/wordpress\/wp-content\/uploads\/2023\/04\/Concorso-Adotta-un-corso-dacqua-adotta-un-pesce-1536x756.jpg 1536w, https:\/\/www.radiopiu.net\/wordpress\/wp-content\/uploads\/2023\/04\/Concorso-Adotta-un-corso-dacqua-adotta-un-pesce.jpg 1600w\" sizes=\"auto, (max-width: 300px) 100vw, 300px\" \/><\/a>\n\t\t\t\t<\/dt><\/dl><dl class='gallery-item'>\n\t\t\t\t<dt class='gallery-icon landscape'>\n\t\t\t\t\t<a class=\"rollover rollover-zoom dt-pswp-item\" title=\"concorso bambini\" data-dt-img-description=\"\" data-large_image_width=\"2560\" data-large_image_height=\"1556\"href='https:\/\/www.radiopiu.net\/wordpress\/wp-content\/uploads\/2023\/04\/concorso-bambini-scaled.jpg'><img loading=\"lazy\" decoding=\"async\" width=\"300\" height=\"182\" src=\"https:\/\/www.radiopiu.net\/wordpress\/wp-content\/uploads\/2023\/04\/concorso-bambini-300x182.jpg\" class=\"attachment-medium size-medium\" alt=\"\" srcset=\"https:\/\/www.radiopiu.net\/wordpress\/wp-content\/uploads\/2023\/04\/concorso-bambini-300x182.jpg 300w, https:\/\/www.radiopiu.net\/wordpress\/wp-content\/uploads\/2023\/04\/concorso-bambini-1024x622.jpg 1024w, https:\/\/www.radiopiu.net\/wordpress\/wp-content\/uploads\/2023\/04\/concorso-bambini-768x467.jpg 768w, https:\/\/www.radiopiu.net\/wordpress\/wp-content\/uploads\/2023\/04\/concorso-bambini-1536x934.jpg 1536w, https:\/\/www.radiopiu.net\/wordpress\/wp-content\/uploads\/2023\/04\/concorso-bambini-2048x1245.jpg 2048w\" sizes=\"auto, (max-width: 300px) 100vw, 300px\" \/><\/a>\n\t\t\t\t<\/dt><\/dl><br style=\"clear: both\" \/>\n\t\t\t<\/div>\n\n<p>&nbsp;<\/p>\n<hr \/>\n<p>&nbsp;<\/p>\n<blockquote>\n<h3>IL CAMBIAMENTO CLIMATICO E L\u2019INCIDENZA SULLA BIODIVERSIT\u00c0, PRESENTATI GLI APPROFONDIMENTI SULLA FAUNA SELVATICA<\/h3>\n<\/blockquote>\n<p><strong><a class=\"dt-pswp-item\" href=\"https:\/\/www.radiopiu.net\/wordpress\/wp-content\/uploads\/2023\/04\/convegno-15-aprile_1.jpg\" data-dt-img-description=\"\" data-large_image_width=\"2000\" data-large_image_height=\"1500\"><img loading=\"lazy\" decoding=\"async\" class=\" wp-image-331615 alignleft\" src=\"https:\/\/www.radiopiu.net\/wordpress\/wp-content\/uploads\/2023\/04\/convegno-15-aprile_1-300x225.jpg\" alt=\"\" width=\"140\" height=\"105\" srcset=\"https:\/\/www.radiopiu.net\/wordpress\/wp-content\/uploads\/2023\/04\/convegno-15-aprile_1-300x225.jpg 300w, https:\/\/www.radiopiu.net\/wordpress\/wp-content\/uploads\/2023\/04\/convegno-15-aprile_1-1024x768.jpg 1024w, https:\/\/www.radiopiu.net\/wordpress\/wp-content\/uploads\/2023\/04\/convegno-15-aprile_1-768x576.jpg 768w, https:\/\/www.radiopiu.net\/wordpress\/wp-content\/uploads\/2023\/04\/convegno-15-aprile_1-1536x1152.jpg 1536w, https:\/\/www.radiopiu.net\/wordpress\/wp-content\/uploads\/2023\/04\/convegno-15-aprile_1.jpg 2000w\" sizes=\"auto, (max-width: 140px) 100vw, 140px\" \/><\/a>BELLUNO<\/strong> Il narciso \u00e8 una specie che oggi fiorisce ad altitudini impensabili fino a qualche decennio fa. L\u2019avanzamento del bosco ha agevolato il ritorno del lupo e l\u2019abbandono della montagna a causa dello spopolamento ha fatto arrivare nel Bellunese la lontra. Sono solo alcuni degli effetti del cambiamento climatico sulla biodiversit\u00e0 presentati a Longarone Fiere, in occasione della 21. edizione di \u201cCaccia, pesca, natura\u201d. La Provincia ha curato un convegno tecnico sulla relazione tra cambiamento climatico e biodiversit\u00e0, che ha visto la partecipazione del Parco nazionale Dolomiti bellunesi e una folta rappresentanza di studenti dell\u2019istituto agrario \u201cDella Lucia\u201d di Vellai. Il tema del climate change \u00e8 stato discusso con un taglio fortemente scientifico, attraverso la relazione di Lara Marinangeli (dottore di ricerca all\u2019Universit\u00e0 di Parma e ricercatrice della Fondazione Mach di Trento), che ha spiegato il suo progetto di monitoraggio relativo alla conservazione della lepre bianca sulle Alpi italiane.<\/p>\n<p>&nbsp;<\/p>\n<p>&nbsp;<\/p>\n<hr \/>\n<p>&nbsp;<\/p>\n<blockquote>\n<h3>LUISA ALCHINI CONFERMATA PRESIDENTE DEL CENTRO INTERNAZIONALE DEL LIBRO PARLATO DI FELTRE<\/h3>\n<\/blockquote>\n<p><strong>FELTRE<\/strong> Sabato il Centro Internazionale del Libro Parlato ha indetto l\u2019assemblea straordinaria dei soci nella sala riunioni del Ristorante \u201cLa Casona\u201d di Feltre, per discutere l\u2019approvazione del nuovo Statuto, il rinnovo del Consiglio Direttivo e dell\u2019Organo di Controllo dell\u2019Ente. Dopo la lettura di ogni articolo del nuovo regolamento da parte del notaio Maurizio Malvagna, questo \u00e8 stato approvato all\u2019unanimit\u00e0. Nel pomeriggio si \u00e8 proceduto alla presentazione dei candidati al nuovo Direttivo, ne \u00e8 seguita la votazione cui hanno partecipato circa 90 elettori, tra presenti e delegati. La maggioranza ha eletto Alfio Dalla Gasperina per l\u2019Organo di Controllo, mentre Filippo Santi, Luisa Alchini, Loredana Borghetto, Raffaela Bellot e Dalla Zuanna Fabio hanno ricevuto il maggior numero di preferenze, per l\u2019Organo Direttivo. Il nuovo Consiglio eletto, ha confermato la carica di presidente a Luisa Alchini, ha nominato vicepresidente Filippo Santi e Fabio Dalla Zuanna. Statuto approvato a maggioranza, segretario del cilp nominato Fabio Dalla Zuanna giovane attore di Bassano.<\/p>\n\n\t\t\t<style type='text\/css'>\n\t\t\t\t#gallery-6 {\n\t\t\t\t\tmargin: auto;\n\t\t\t\t}\n\t\t\t\t#gallery-6 .gallery-item {\n\t\t\t\t\tfloat: left;\n\t\t\t\t\tmargin-top: 10px;\n\t\t\t\t\ttext-align: center;\n\t\t\t\t\twidth: 33%;\n\t\t\t\t}\n\t\t\t\t#gallery-6 img {\n\t\t\t\t\tborder: 2px solid #cfcfcf;\n\t\t\t\t}\n\t\t\t\t#gallery-6 .gallery-caption {\n\t\t\t\t\tmargin-left: 0;\n\t\t\t\t}\n\t\t\t\t\/* see gallery_shortcode() in wp-includes\/media.php *\/\n\t\t\t<\/style>\n\t\t<div id='gallery-6' class='dt-gallery-container gallery galleryid-331564 gallery-columns-3 gallery-size-thumbnail'><dl class='gallery-item'>\n\t\t\t\t<dt class='gallery-icon landscape'>\n\t\t\t\t\t<a class=\"rollover rollover-zoom dt-pswp-item\" title=\"a21d79e0-d8de-4156-a069-860570ca3e03\" data-dt-img-description=\"\" data-large_image_width=\"2048\" data-large_image_height=\"1536\"href='https:\/\/www.radiopiu.net\/wordpress\/wp-content\/uploads\/2023\/04\/a21d79e0-d8de-4156-a069-860570ca3e03.jpg'><img loading=\"lazy\" decoding=\"async\" width=\"150\" height=\"150\" src=\"https:\/\/www.radiopiu.net\/wordpress\/wp-content\/uploads\/2023\/04\/a21d79e0-d8de-4156-a069-860570ca3e03-150x150.jpg\" class=\"attachment-thumbnail size-thumbnail\" alt=\"\" \/><\/a>\n\t\t\t\t<\/dt><\/dl><dl class='gallery-item'>\n\t\t\t\t<dt class='gallery-icon portrait'>\n\t\t\t\t\t<a class=\"rollover rollover-zoom dt-pswp-item\" title=\"5d6c573c-e254-471c-9f54-7f3acc15a7ac\" data-dt-img-description=\"\" data-large_image_width=\"1500\" data-large_image_height=\"2000\"href='https:\/\/www.radiopiu.net\/wordpress\/wp-content\/uploads\/2023\/04\/5d6c573c-e254-471c-9f54-7f3acc15a7ac.jpg'><img loading=\"lazy\" decoding=\"async\" width=\"150\" height=\"150\" src=\"https:\/\/www.radiopiu.net\/wordpress\/wp-content\/uploads\/2023\/04\/5d6c573c-e254-471c-9f54-7f3acc15a7ac-150x150.jpg\" class=\"attachment-thumbnail size-thumbnail\" alt=\"\" \/><\/a>\n\t\t\t\t<\/dt><\/dl><dl class='gallery-item'>\n\t\t\t\t<dt class='gallery-icon landscape'>\n\t\t\t\t\t<a class=\"rollover rollover-zoom dt-pswp-item\" title=\"2a3f5f28-141c-4a20-a35a-2e4e6774d7ad\" data-dt-img-description=\"\" data-large_image_width=\"2048\" data-large_image_height=\"1536\"href='https:\/\/www.radiopiu.net\/wordpress\/wp-content\/uploads\/2023\/04\/2a3f5f28-141c-4a20-a35a-2e4e6774d7ad.jpg'><img loading=\"lazy\" decoding=\"async\" width=\"150\" height=\"150\" src=\"https:\/\/www.radiopiu.net\/wordpress\/wp-content\/uploads\/2023\/04\/2a3f5f28-141c-4a20-a35a-2e4e6774d7ad-150x150.jpg\" class=\"attachment-thumbnail size-thumbnail\" alt=\"\" \/><\/a>\n\t\t\t\t<\/dt><\/dl><br style=\"clear: both\" \/>\n\t\t\t<\/div>\n\n<p>&nbsp;<\/p>\n<hr \/>\n<p>&nbsp;<\/p>\n<blockquote>\n<h3>PRESENTATO IL PROGETTO RIFLESSIONI D&#8217;ACQUA<\/h3>\n<\/blockquote>\n<p><strong>BORGO VALBELLUNA<\/strong><\/p>\n<p>di Roberto Bona<\/p>\n<audio class=\"wp-audio-shortcode\" id=\"audio-331564-6\" preload=\"none\" style=\"width: 100%;\" controls=\"controls\"><source type=\"audio\/mpeg\" src=\"https:\/\/www.radiopiu.net\/wordpress\/wp-content\/uploads\/2023\/04\/RiflessioniAcquaSosWorld.mp3?_=6\" \/><a href=\"https:\/\/www.radiopiu.net\/wordpress\/wp-content\/uploads\/2023\/04\/RiflessioniAcquaSosWorld.mp3\">https:\/\/www.radiopiu.net\/wordpress\/wp-content\/uploads\/2023\/04\/RiflessioniAcquaSosWorld.mp3<\/a><\/audio>\n<p>&nbsp;<\/p>\n\n\t\t\t<style type='text\/css'>\n\t\t\t\t#gallery-7 {\n\t\t\t\t\tmargin: auto;\n\t\t\t\t}\n\t\t\t\t#gallery-7 .gallery-item {\n\t\t\t\t\tfloat: left;\n\t\t\t\t\tmargin-top: 10px;\n\t\t\t\t\ttext-align: center;\n\t\t\t\t\twidth: 25%;\n\t\t\t\t}\n\t\t\t\t#gallery-7 img {\n\t\t\t\t\tborder: 2px solid #cfcfcf;\n\t\t\t\t}\n\t\t\t\t#gallery-7 .gallery-caption {\n\t\t\t\t\tmargin-left: 0;\n\t\t\t\t}\n\t\t\t\t\/* see gallery_shortcode() in wp-includes\/media.php *\/\n\t\t\t<\/style>\n\t\t<div id='gallery-7' class='dt-gallery-container gallery galleryid-331564 gallery-columns-4 gallery-size-thumbnail'><dl class='gallery-item'>\n\t\t\t\t<dt class='gallery-icon portrait'>\n\t\t\t\t\t<a class=\"rollover rollover-zoom dt-pswp-item\" title=\"95da250b-ca4f-415a-a4c0-376b6c882065\" data-dt-img-description=\"\" data-large_image_width=\"940\" data-large_image_height=\"1114\"href='https:\/\/www.radiopiu.net\/wordpress\/wp-content\/uploads\/2023\/04\/95da250b-ca4f-415a-a4c0-376b6c882065.jpg'><img loading=\"lazy\" decoding=\"async\" width=\"150\" height=\"150\" src=\"https:\/\/www.radiopiu.net\/wordpress\/wp-content\/uploads\/2023\/04\/95da250b-ca4f-415a-a4c0-376b6c882065-150x150.jpg\" class=\"attachment-thumbnail size-thumbnail\" alt=\"\" \/><\/a>\n\t\t\t\t<\/dt><\/dl><dl class='gallery-item'>\n\t\t\t\t<dt class='gallery-icon landscape'>\n\t\t\t\t\t<a class=\"rollover rollover-zoom dt-pswp-item\" title=\"644f642b-dd4a-4b1e-b3e5-625e8b77efa8\" data-dt-img-description=\"\" data-large_image_width=\"1600\" data-large_image_height=\"1200\"href='https:\/\/www.radiopiu.net\/wordpress\/wp-content\/uploads\/2023\/04\/644f642b-dd4a-4b1e-b3e5-625e8b77efa8.jpg'><img loading=\"lazy\" decoding=\"async\" width=\"150\" height=\"150\" src=\"https:\/\/www.radiopiu.net\/wordpress\/wp-content\/uploads\/2023\/04\/644f642b-dd4a-4b1e-b3e5-625e8b77efa8-150x150.jpg\" class=\"attachment-thumbnail size-thumbnail\" alt=\"\" \/><\/a>\n\t\t\t\t<\/dt><\/dl><dl class='gallery-item'>\n\t\t\t\t<dt class='gallery-icon landscape'>\n\t\t\t\t\t<a class=\"rollover rollover-zoom dt-pswp-item\" title=\"fd4b2e60-de34-45bc-b472-e037f6ae1415\" data-dt-img-description=\"\" data-large_image_width=\"1600\" data-large_image_height=\"1200\"href='https:\/\/www.radiopiu.net\/wordpress\/wp-content\/uploads\/2023\/04\/fd4b2e60-de34-45bc-b472-e037f6ae1415.jpg'><img loading=\"lazy\" decoding=\"async\" width=\"150\" height=\"150\" src=\"https:\/\/www.radiopiu.net\/wordpress\/wp-content\/uploads\/2023\/04\/fd4b2e60-de34-45bc-b472-e037f6ae1415-150x150.jpg\" class=\"attachment-thumbnail size-thumbnail\" alt=\"\" \/><\/a>\n\t\t\t\t<\/dt><\/dl><dl class='gallery-item'>\n\t\t\t\t<dt class='gallery-icon landscape'>\n\t\t\t\t\t<a class=\"rollover rollover-zoom dt-pswp-item\" title=\"db14c1cf-2bdf-4fc0-ad42-db02d044e3c5\" data-dt-img-description=\"\" data-large_image_width=\"1600\" data-large_image_height=\"1200\"href='https:\/\/www.radiopiu.net\/wordpress\/wp-content\/uploads\/2023\/04\/db14c1cf-2bdf-4fc0-ad42-db02d044e3c5.jpg'><img loading=\"lazy\" decoding=\"async\" width=\"150\" height=\"150\" src=\"https:\/\/www.radiopiu.net\/wordpress\/wp-content\/uploads\/2023\/04\/db14c1cf-2bdf-4fc0-ad42-db02d044e3c5-150x150.jpg\" class=\"attachment-thumbnail size-thumbnail\" alt=\"\" \/><\/a>\n\t\t\t\t<\/dt><\/dl><br style=\"clear: both\" \/>\n\t\t\t<\/div>\n\n<p>&nbsp;<\/p>\n<hr \/>\n<p>&nbsp;<\/p>\n<blockquote>\n<h3>LA GIORNATA ECOLOGICA DEI RAGAZZI DI MEL E LENTIAI<\/h3>\n<\/blockquote>\n<p><strong>BORGO VALBELLUNA <\/strong>Una mappa, un\u2019area evidenziata, guanti e sacchetti e via alla ricerca! Ma quella proposta agli alunni delle secondarie di Mel e Lentiai non \u00e8 stata una caccia al tesoro, ma una caccia all\u2019immondizia. La giornata ecologica (sabato 15 aprile) ideata a Mel dal Comitato Facciamo Centro, guidato da Nicola Sartori con il prezioso supporto di Barbara D\u2019Incau, e a Lentiai dalla Consulta Frazionale rappresentata da Luca Brancher, ha permesso a circa duecento ragazzi di fare una lezione di educazione civica all\u2019aperto, non solo raccogliendo rifiuti, ma imparando a differenziarli e prestando attenzione alla loro tipologia, alle criticit\u00e0 riscontrare e pensando ad eventuali suggerimenti da dare alla popolazione e all\u2019amministrazione comunale. In un\u2019ottica di cittadinanza attiva, dove il cittadino non \u00e8 solo semplice fruitore di un servizio, ma diventa promotore di iniziative per migliorare il territorio in cui vive, l\u2019esperienza fatta dai ragazzi riveste una particolare importanza: permette loro di capire\u00a0 l\u2019importanza di vivere in ambiente pulito e accogliente, non solo per l\u2019uomo, ma per tutti gli esseri viventi che lo possono popolare. Per questo motivo, dopo l\u2019apprezzatissima merenda, a base di pane, soppressa e formaggio, preparata ed offerta dai numerosi volontari, e lo yogurt regalato dalla Lattebusche, significativa \u00e8 stata anche la presentazione da parte dell\u2019assessore Simone Deola\u00a0 di \u201cRiflessioni d\u2019acqua\u201d, il progetto che il Comune di Borgo Valbelluna, in collaborazione con l\u2019Associazione Culturale ArtDolomites, propone nel corso del 2023 sino alla primavera del 2024: proposte artistiche di diverso genere, convegni, promozione di angoli del territorio con l\u2019intenzione di portare all\u2019attenzione dei pi\u00f9 la necessit\u00e0 di riflettere sul momento che stiamo vivendo.<\/p>\n\n\t\t\t<style type='text\/css'>\n\t\t\t\t#gallery-8 {\n\t\t\t\t\tmargin: auto;\n\t\t\t\t}\n\t\t\t\t#gallery-8 .gallery-item {\n\t\t\t\t\tfloat: left;\n\t\t\t\t\tmargin-top: 10px;\n\t\t\t\t\ttext-align: center;\n\t\t\t\t\twidth: 50%;\n\t\t\t\t}\n\t\t\t\t#gallery-8 img {\n\t\t\t\t\tborder: 2px solid #cfcfcf;\n\t\t\t\t}\n\t\t\t\t#gallery-8 .gallery-caption {\n\t\t\t\t\tmargin-left: 0;\n\t\t\t\t}\n\t\t\t\t\/* see gallery_shortcode() in wp-includes\/media.php *\/\n\t\t\t<\/style>\n\t\t<div id='gallery-8' class='dt-gallery-container gallery galleryid-331564 gallery-columns-2 gallery-size-thumbnail'><dl class='gallery-item'>\n\t\t\t\t<dt class='gallery-icon landscape'>\n\t\t\t\t\t<a class=\"rollover rollover-zoom dt-pswp-item\" title=\"IMG_1489\" data-dt-img-description=\"\" data-large_image_width=\"2560\" data-large_image_height=\"1920\"href='https:\/\/www.radiopiu.net\/wordpress\/wp-content\/uploads\/2023\/04\/IMG_1489-scaled.jpg'><img loading=\"lazy\" decoding=\"async\" width=\"150\" height=\"150\" src=\"https:\/\/www.radiopiu.net\/wordpress\/wp-content\/uploads\/2023\/04\/IMG_1489-150x150.jpg\" class=\"attachment-thumbnail size-thumbnail\" alt=\"\" \/><\/a>\n\t\t\t\t<\/dt><\/dl><dl class='gallery-item'>\n\t\t\t\t<dt class='gallery-icon landscape'>\n\t\t\t\t\t<a class=\"rollover rollover-zoom dt-pswp-item\" title=\"IMG_1473\" data-dt-img-description=\"\" data-large_image_width=\"2560\" data-large_image_height=\"1920\"href='https:\/\/www.radiopiu.net\/wordpress\/wp-content\/uploads\/2023\/04\/IMG_1473-scaled.jpg'><img loading=\"lazy\" decoding=\"async\" width=\"150\" height=\"150\" src=\"https:\/\/www.radiopiu.net\/wordpress\/wp-content\/uploads\/2023\/04\/IMG_1473-150x150.jpg\" class=\"attachment-thumbnail size-thumbnail\" alt=\"\" \/><\/a>\n\t\t\t\t<\/dt><\/dl><br style=\"clear: both\" \/>\n\t\t\t<\/div>\n\n<p>&nbsp;<\/p>\n<hr \/>\n<p>&nbsp;<\/p>\n<blockquote>\n<h3>DILLO A RADIO PIU&#8217;&#8230;QUEL TUBO IN VALLE DI SAN LUCANO CHE CREA UNA PALUDE<\/h3>\n<\/blockquote>\n<p><em><strong>Riceviamo e volentieri pubblichiamo un video arrivato da un nostro ascoltatore<\/strong><\/em><\/p>\n<p><strong>TAIBON <\/strong>&#8220;Penso che in periodi di siccit\u00e0 come questi e visto quanto \u00e8 prezioso il bene dell&#8217;acqua ai nostri giorni un tubo che getta acqua corrente e forma una piccola palude a met\u00e0 della Valle di San Lucano a lato della strada sia cosa decisamente disdicevole! Nessuno se n&#8217;\u00e8 accorto?&#8221;<\/p>\n<p>&nbsp;<\/p>\n<div style=\"width: 848px;\" class=\"wp-video\"><video class=\"wp-video-shortcode\" id=\"video-331564-2\" width=\"848\" height=\"480\" preload=\"metadata\" controls=\"controls\"><source type=\"video\/mp4\" src=\"https:\/\/www.radiopiu.net\/wordpress\/wp-content\/uploads\/2023\/04\/WhatsApp-Video-2023-04-15-at-18.52.23.mp4?_=2\" \/><a href=\"https:\/\/www.radiopiu.net\/wordpress\/wp-content\/uploads\/2023\/04\/WhatsApp-Video-2023-04-15-at-18.52.23.mp4\">https:\/\/www.radiopiu.net\/wordpress\/wp-content\/uploads\/2023\/04\/WhatsApp-Video-2023-04-15-at-18.52.23.mp4<\/a><\/video><\/div>\n<p>&nbsp;<\/p>\n<hr \/>\n<p>&nbsp;<\/p>\n<p><a class=\"dt-pswp-item\" href=\"https:\/\/www.radiopiu.net\/wordpress\/wp-content\/uploads\/2023\/04\/c655c9aa-7da6-4b71-a2fe-a5994edd9397.jpg\" data-dt-img-description=\"\" data-large_image_width=\"900\" data-large_image_height=\"1600\"><img loading=\"lazy\" decoding=\"async\" class=\"aligncenter wp-image-331760 size-full\" src=\"https:\/\/www.radiopiu.net\/wordpress\/wp-content\/uploads\/2023\/04\/c655c9aa-7da6-4b71-a2fe-a5994edd9397.jpg\" alt=\"\" width=\"900\" height=\"1600\" srcset=\"https:\/\/www.radiopiu.net\/wordpress\/wp-content\/uploads\/2023\/04\/c655c9aa-7da6-4b71-a2fe-a5994edd9397.jpg 900w, https:\/\/www.radiopiu.net\/wordpress\/wp-content\/uploads\/2023\/04\/c655c9aa-7da6-4b71-a2fe-a5994edd9397-169x300.jpg 169w, https:\/\/www.radiopiu.net\/wordpress\/wp-content\/uploads\/2023\/04\/c655c9aa-7da6-4b71-a2fe-a5994edd9397-576x1024.jpg 576w, https:\/\/www.radiopiu.net\/wordpress\/wp-content\/uploads\/2023\/04\/c655c9aa-7da6-4b71-a2fe-a5994edd9397-768x1365.jpg 768w, https:\/\/www.radiopiu.net\/wordpress\/wp-content\/uploads\/2023\/04\/c655c9aa-7da6-4b71-a2fe-a5994edd9397-864x1536.jpg 864w\" sizes=\"auto, (max-width: 900px) 100vw, 900px\" \/><\/a><\/p>\n<p>&nbsp;<\/p>\n<p>&nbsp;<\/p>\n<hr \/>\n<p>&nbsp;<\/p>\n<blockquote>\n<h3 class=\"entry-title\">PA: FLOP DELLA SPENDING REVIEW. NEL 2022 SPESA RECORD DA 115 MILIARDI<\/h3>\n<\/blockquote>\n<p class=\"photoswipe-wrapper\"><a class=\"dt-pswp-item pspw-wrap-ready\" href=\"https:\/\/www.radiopiu.net\/wordpress\/wp-content\/uploads\/2023\/04\/Schermata-2023-04-15-alle-09.06.19.png\" data-dt-img-description=\"\" data-large_image_width=\"1300\" data-large_image_height=\"1258\"><img loading=\"lazy\" decoding=\"async\" class=\"alignleft size-medium wp-image-331550\" src=\"https:\/\/www.radiopiu.net\/wordpress\/wp-content\/uploads\/2023\/04\/Schermata-2023-04-15-alle-09.06.19-300x290.png\" sizes=\"auto, (max-width: 300px) 100vw, 300px\" srcset=\"https:\/\/www.radiopiu.net\/wordpress\/wp-content\/uploads\/2023\/04\/Schermata-2023-04-15-alle-09.06.19-300x290.png 300w, https:\/\/www.radiopiu.net\/wordpress\/wp-content\/uploads\/2023\/04\/Schermata-2023-04-15-alle-09.06.19-1024x991.png 1024w, https:\/\/www.radiopiu.net\/wordpress\/wp-content\/uploads\/2023\/04\/Schermata-2023-04-15-alle-09.06.19-768x743.png 768w, https:\/\/www.radiopiu.net\/wordpress\/wp-content\/uploads\/2023\/04\/Schermata-2023-04-15-alle-09.06.19.png 1300w\" alt=\"\" width=\"300\" height=\"290\" \/><\/a>Per anni abbiamo sentito parlare ossessivamente di spending review, ovvero del contenimento della spesa necessaria per il funzionamento della nostra Pubblica Amministrazione (PA), tuttavia i risultati conseguiti sono stati deludenti. Se dal 1995 i consumi intermedi sono in costante crescita (vedi Graf. 1), negli ultimi 10 anni hanno subito un\u2019impennata addirittura del 27 per cento (in valore assoluto pari a +24,3 miliardi di euro), mentre l\u2019inflazione, sempre in questo stesso periodo, \u00e8 salita \u201csolo\u201d del 14 per cento (vedi Tab. 1). Insomma, non riusciamo a spendere completamente i fondi di coesione europea o quelli previsti dal PNRR, ma per mantenere in \u201cmoto\u201d la macchina pubblica sborsiamo sempre di pi\u00f9. A dirlo \u00e8 l\u2019Ufficio studi della CGIA.<\/p>\n<p><strong class=\"photoswipe-wrapper\"><a class=\"dt-pswp-item pspw-wrap-ready\" href=\"https:\/\/www.radiopiu.net\/wordpress\/wp-content\/uploads\/2023\/04\/Schermata-2023-04-15-alle-09.08.38.png\" data-dt-img-description=\"\" data-large_image_width=\"1106\" data-large_image_height=\"636\"><img loading=\"lazy\" decoding=\"async\" class=\"alignleft size-medium wp-image-331554\" src=\"https:\/\/www.radiopiu.net\/wordpress\/wp-content\/uploads\/2023\/04\/Schermata-2023-04-15-alle-09.08.38-300x173.png\" sizes=\"auto, (max-width: 300px) 100vw, 300px\" srcset=\"https:\/\/www.radiopiu.net\/wordpress\/wp-content\/uploads\/2023\/04\/Schermata-2023-04-15-alle-09.08.38-300x173.png 300w, https:\/\/www.radiopiu.net\/wordpress\/wp-content\/uploads\/2023\/04\/Schermata-2023-04-15-alle-09.08.38-1024x589.png 1024w, https:\/\/www.radiopiu.net\/wordpress\/wp-content\/uploads\/2023\/04\/Schermata-2023-04-15-alle-09.08.38-768x442.png 768w, https:\/\/www.radiopiu.net\/wordpress\/wp-content\/uploads\/2023\/04\/Schermata-2023-04-15-alle-09.08.38.png 1106w\" alt=\"\" width=\"300\" height=\"173\" \/><\/a>L\u2019anno scorso spesa per il funzionamento record, doppia rispetto agli investimenti pubblici<\/strong><br \/>\nIl 2022 \u00e8 stato l\u2019anno record: la spesa complessiva per il mantenimento della struttura statale ha raggiunto i 115,2 miliardi euro, una soglia mai toccata prima. Un importo, quest\u2019ultimo, pi\u00f9 del doppio dei 51,5 miliardi che la PA ha speso l\u2019anno scorso per gli investimenti che servono a realizzare o implementare i servizi (impianti e macchinari nell\u2019istruzione, sanit\u00e0, trasporti, etc.), costruzioni e opere di pubblica utilit\u00e0 (ospedali, scuole, asili, infrastrutture viarie) e ad acquisire prodotti di propriet\u00e0 intellettuale (ricerca e sviluppo, software, etc.). Va comunque sottolineato che a spingere all\u2019ins\u00f9 i costi di mantenimento, in particolar modo negli ultimi anni, ci ha pensato il Covid e, recentemente, anche il caro bollette. Con l\u2019avvento della pandemia, ad esempio, tra il 2020 e il 2021 la spesa sanitaria \u00e8 salita di 4 miliardi di euro, mentre le altre principali voci in uscita non hanno subito variazioni significative (vedi Tab. 3).<\/p>\n<p><strong class=\"photoswipe-wrapper\"><a class=\"dt-pswp-item pspw-wrap-ready\" href=\"https:\/\/www.radiopiu.net\/wordpress\/wp-content\/uploads\/2023\/04\/tab1.jpg\" data-dt-img-description=\"\" data-large_image_width=\"884\" data-large_image_height=\"1888\"><img loading=\"lazy\" decoding=\"async\" class=\"alignleft size-medium wp-image-331551\" src=\"https:\/\/www.radiopiu.net\/wordpress\/wp-content\/uploads\/2023\/04\/tab1-140x300.jpg\" sizes=\"auto, (max-width: 140px) 100vw, 140px\" srcset=\"https:\/\/www.radiopiu.net\/wordpress\/wp-content\/uploads\/2023\/04\/tab1-140x300.jpg 140w, https:\/\/www.radiopiu.net\/wordpress\/wp-content\/uploads\/2023\/04\/tab1-479x1024.jpg 479w, https:\/\/www.radiopiu.net\/wordpress\/wp-content\/uploads\/2023\/04\/tab1-768x1640.jpg 768w, https:\/\/www.radiopiu.net\/wordpress\/wp-content\/uploads\/2023\/04\/tab1-719x1536.jpg 719w, https:\/\/www.radiopiu.net\/wordpress\/wp-content\/uploads\/2023\/04\/tab1.jpg 884w\" alt=\"\" width=\"140\" height=\"300\" \/><\/a>Incide molto la sanit\u00e0<\/strong><br \/>\nRispetto ai principali Paesi UE, la spesa per il funzionamento della nostra PA era nel 2021 pari al 6,2 per cento del Pil, in linea con quella tedesca (6,3 per cento del Pil), ma leggermente superiore a quella spagnola (5,9 per cento) e decisamente pi\u00f9 elevata di quella francese (+5,1 per cento del Pil). Rispetto a tutti gli altri Paesi analizzati, l\u2019Italia si differenzia per una spesa dei consumi intermedi della sanit\u00e0 particolarmente elevata (2,5 per cento del Pil), rispetto a quella spagnola (2 per cento), francese (1,1 per cento) e, in particolar modo, tedesca (0,8 per cento) (vedi Tab. 2). E\u2019 vero: la nostra spesa non \u00e8 elevatissima, visto che \u00e8 superiore alla media europea di soli 0,2 punti percentuali di Pil, tuttavia, se teniamo conto della qualit\u00e0 e della quantit\u00e0 dei servizi resi ai cittadini e alle imprese, il costo di funzionamento della nostra PA non appare per nulla giustificato: pi\u00f9 di 6 punti di Pil \u00e8 veramente troppo.<\/p>\n<p><strong>Le prime 10 voci costituiscono il 70% della spesa totale<\/strong><br \/>\nDalla disaggregazione delle principali voci di spesa dei consumi intermedi, si evince che nel 2021 (ultimo anno in cui questi dati sono disponibili), i servizi ospedalieri (acquisto di beni e servizi del sistema sanitario) ammontano a 19,8 miliardi, i servizi ambulatoriali (acquisto beni e servizi delle strutture non appartenenti al sistema ospedaliero) e la protezione ambiente (gestione dei rifiuti) entrambi con 10,1 miliardi di euro. I prodotti medicinali, le attrezzature e gli apparecchi terapeutici sono costati 7,7 miliardi, mentre le spese per l\u2019amministrazione, il funzionamento e il supporto degli organi esecutivi e degli organi legislativi, fiscali, etc., ammontano a 6,1 miliardi. Segnaliamo che le prime dieci voci di spesa dei consumi intermedi incidono per il 70 per cento circa del totale.<\/p>\n<p class=\"photoswipe-wrapper\"><strong>Come migliorare il rapporto tra PA e imprese<\/strong><br \/>\nSecondo l\u2019Ufficio studi CGIA, il miglioramento dei rapporti tra imprese e PA passa attraverso un deciso aumento della produttivit\u00e0 degli uffici pubblici che deve svilupparsi secondo quattro direttrici:<br \/>\nBanche dati pubbliche interconnesse tra loro;<br \/>\nforte implementazione della digitalizzazione;<br \/>\n<a class=\"dt-pswp-item pspw-wrap-ready\" href=\"https:\/\/www.radiopiu.net\/wordpress\/wp-content\/uploads\/2023\/04\/Schermata-2023-04-15-alle-09.09.06.png\" data-dt-img-description=\"\" data-large_image_width=\"1290\" data-large_image_height=\"1248\"><img loading=\"lazy\" decoding=\"async\" class=\"alignleft size-medium wp-image-331553\" src=\"https:\/\/www.radiopiu.net\/wordpress\/wp-content\/uploads\/2023\/04\/Schermata-2023-04-15-alle-09.09.06-300x290.png\" sizes=\"auto, (max-width: 300px) 100vw, 300px\" srcset=\"https:\/\/www.radiopiu.net\/wordpress\/wp-content\/uploads\/2023\/04\/Schermata-2023-04-15-alle-09.09.06-300x290.png 300w, https:\/\/www.radiopiu.net\/wordpress\/wp-content\/uploads\/2023\/04\/Schermata-2023-04-15-alle-09.09.06-1024x991.png 1024w, https:\/\/www.radiopiu.net\/wordpress\/wp-content\/uploads\/2023\/04\/Schermata-2023-04-15-alle-09.09.06-768x743.png 768w, https:\/\/www.radiopiu.net\/wordpress\/wp-content\/uploads\/2023\/04\/Schermata-2023-04-15-alle-09.09.06.png 1290w\" alt=\"\" width=\"300\" height=\"290\" \/><\/a>standardizzazione\u00a0dei procedimenti e della modulistica;<br \/>\nriorganizzazione delle competenze\u00a0e riduzione del numero di enti pubblici coinvolti nel medesimo procedimento.<br \/>\nPi\u00f9 in generale, le imprese chiedono che il rapporto con la PA si agevoli con una sola istanza, una sola piattaforma informatica, una sola risposta ed un solo controllo. Fondamentale, infine, il\u00a0monitoraggio\u00a0degli effetti delle semplificazioni gi\u00e0 introdotte, evitando l\u2019emanazione continua di nuove norme\u00a0che modificano le precedenti che, spesso, complicano ulteriormente la vita delle imprese.<\/p>\n<p><strong>NOTE ALLA TABELLA3<\/strong><\/p>\n<p class=\"p1\"><em><b>Alcune note sulle singole 10 voci<\/b><\/em><\/p>\n<p class=\"p2\"><em>(rappresentano il 70% del totale della spesa per consumi intermedi)<\/em><\/p>\n<p class=\"p3\"><em>Si fa presente che nel caso della sanit\u00e0, altres\u00ec, queste voci\u00a0<span class=\"s1\">non includono la spesa convenzionata<\/span><\/em><\/p>\n<p class=\"p4\"><em><b>1 \u2013 Servizi ospedalieri<\/b>\u00a0<b>(Sanit\u00e0)<\/b>\u00a0\u2013 Spese relative all\u2019acquisto di beni e servizi per gestire il sistema sanitario ospedaliero (per il funzionamento, l\u2019ispezione e l\u2019amministrazione).<\/em><\/p>\n<p class=\"p4\"><em><b>2 \u2013<\/b>\u00a0<b>Servizi ambulatoriali<\/b>\u00a0<b>(Sanit\u00e0)<\/b>\u00a0\u2013 Spese relative all\u2019acquisto di beni e servizi per gestire il sistema sanitario non ospedaliero (generici\/specialistici\/paramedici\/di ambulanza diversa da ospedaliera) per il funzionamento, l\u2019ispezione e l\u2019amministrazione).<\/em><\/p>\n<p class=\"p4\"><em><b>3 \u2013 Gestione dei rifiuti<\/b>\u00a0<b>(Protezione dell\u2019Ambiente)<\/b>\u00a0\u2013 Costi di raccolta, trattamento e smaltimento rifiuti e dei servizi di amministrazione, vigilanza, ispezione, funzionamento o supporto a queste attivit\u00e0.<\/em><\/p>\n<p class=\"p5\"><em><b>4 \u2013 Prodotti medicinali, attrezzature ed apparecchi terapeutici (Sanit\u00e0) \u2013\u00a0<\/b>Spesa per prodotti farmaceutici, attrezzature e apparecchi terapeutici utilizzati direttamente all\u2019interno delle strutture sanitarie.\u00a0<span class=\"s1\">Sono pertanto esclusi i costi dei farmaci acquisiti da produttori market ovvero quelli messi a disposizione direttamente ai beneficiari (famiglie): questa spesa farmaceutica convenzionata \u00e8 stata pari a 7.344 milioni di euro nel 2021; rispetto al 2012 la spesa farmaceutica convenzionata \u00e8 scesa del 18% passando da 8.905 milioni di euro a 7.344 milioni di euro<\/span>. Come indicato dalla RGS nello studio il \u201csecondo monitoraggio della spesa sanitaria\u201d si fa presente che l\u2019elevato tasso di crescita della componente dei prodotti farmaceutici utilizzati direttamente dalle strutture sanitarie dipende sia dalla continua introduzione di farmaci innovativi (specie in campo oncologico), caratterizzati da un costo elevato, sia dalle politiche di incentivazione della distribuzione diretta dei farmaci attuate in diversi Servizi Sanitari Regionali, con conseguente rimodulazione della spesa dalla farmaceutica convenzionata (market) alla farmaceutica ospedaliera. In particolare questo aggregato (4) ha raggiunto l\u2019importo massimo nel 2018 (8.257 milioni di euro).<\/em><\/p>\n<p class=\"p4\"><em><b>5 \u2013 Organi esecutivi e legislativi, amministrazione finanziaria e fiscale, affari esteri<\/b>\u00a0<b>(Servizi generali delle PA)<\/b>\u00a0\u2013 Spese per l\u2019amministrazione, il funzionamento e il supporto agli organi esecutivi a tutti i livelli dell\u2019amministrazione (es. del presidente, del primo ministro, del governatore, del sindaco); agli organi legislativi (parlamento, camere dei deputati, senato, assemblee, consigli comunali, ecc.); spese per l\u2019amministrazione di affari e servizi finanziari e fiscali (Ministero delle finanze, ufficio del bilancio, dell\u2019erario, delle autorit\u00e0 doganali ecc.; spese di funzionamento e di amministrazione degli affari esteri. Le spese dei Ministeri e degli enti locali che non rientrano in queste categorie sono imputate alle altre funzioni di spesa (ad esempio sanit\u00e0, istruzione ecc. e pertanto non rientrano in questa voce).<\/em><\/p>\n<p class=\"p4\"><em><b>6 \u2013 Servizi di sanit\u00e0 pubblica (Sanit\u00e0) \u2013\u00a0<\/b>Fornitura di servizi di sanit\u00e0 pubblica; amministrazione, ispezione, funzionamento o sostegno a servizi di sanit\u00e0 pubblica, quali banche del sangue, servizi per l\u2019individuazione delle malattie, servizi di prevenzione (immunizzazione, inoculazione), monitoraggio (alimentazione infantile, stato di salute infantile), raccolta di dati epidemiologici, servizi di pianificazione familiare e cos\u00ec via; predisposizione e diffusione di informazioni in materia di sanit\u00e0 pubblica.<\/em><\/p>\n<p class=\"p4\"><em><b>7 \u2013 Servizi generali (Servizi generali delle PA)<\/b>\u00a0\u2013 Amministrazione e funzionamento di servizi generali quali forniture e servizi di approvvigionamento centralizzate, la conservazione e archiviazione di documenti delle amministrazioni, il funzionamento di edifici in locazione o di propriet\u00e0 dell\u2019amministrazione, il parco centrale automezzi, le tipografie statali, i servizi di elaborazione dati e informatici centralizzati, ecc. Sviluppo, selezione e formazione del personale.<\/em><\/p>\n<p class=\"p4\"><em><b>8 \u2013 Trasporti (Affari economici)\u00a0<\/b>\u2013 Amministrazione delle attivit\u00e0 e servizi connessi al funzionamento, all\u2019utilizzo, alla costruzione e la manutenzione dei sistemi e delle infrastrutture per il trasporto su strada, per vie d\u2019acqua, su rotaie, aerei, su condotte; vigilanza e regolamentazione dell\u2019utenza del trasporto e della costruzione e manutenzione delle infrastrutture; costruzione o funzionamento di infrastrutture di sistemi di trasporto; produzione e diffusione di informazioni generali, documentazione tecnica e statistiche sulle operazioni e sulle attivit\u00e0 di costruzione relative ai trasporti; sovvenzioni, prestiti o sussidi a sostegno del funzionamento, della costruzione, della manutenzione o del miglioramento delle infrastrutture e dei sistemi di trasporto.<\/em><\/p>\n<p class=\"p4\"><em><b>9 \u2013 Servizi ricreativi e sportivi (Attivit\u00e0 ricreative, culturali e di culto)<\/b>\u00a0\u2013 Fornitura di servizi sportivi e ricreativi; amministrazione di attivit\u00e0 sportive e ricreative; vigilanza e regolamentazione delle strutture sportive; funzionamento o sostegno alle strutture per la pratica o per eventi sportivi attivi (campi da gioco, da tennis, da squash, piste da corsa, campi da golf, ring per il pugilato, piste da pattinaggio, palestre, ecc.); funzionamento o sostegno a strutture per la pratica o per eventi sportivi passivi (in particolare luoghi di ritrovo attrezzati in modo specifico per giochi di carte, da tavolo, ecc.); funzionamento o sostegno a strutture a scopi ricreativi (parchi, spiagge, aree di campeggio e relativi alloggi ammobiliati su base non commerciale, piscine, bagni pubblici per lavaggio, ecc.); sovvenzioni, prestiti o sussidi a sostegno di squadre o di singoli concorrenti o giocatori.<\/em><\/p>\n<p class=\"p4\"><em><b>10 \u2013 Operazioni in materia di debito pubblico (Servizi generali delle PA)\u00a0<\/b>\u2013 Transazioni relative al debito pubblico (pagamenti per la sottoscrizione e l\u2019emissione dei titoli del debito pubblico).<\/em><\/p>\n<p>&nbsp;<\/p>\n<p>&nbsp;<\/p>\n<hr \/>\n<p>&nbsp;<\/p>\n<div class=\"message spoilers-container\" dir=\"auto\">\n<blockquote>\n<h3>BOSCHI RESILIENTI, QUALI INTERVENTI PER LA LOTTA AL BOSTRICO?<\/h3>\n<\/blockquote>\n<p><strong>di Gianni Santomaso<\/strong><\/p>\n<audio class=\"wp-audio-shortcode\" id=\"audio-331564-7\" preload=\"none\" style=\"width: 100%;\" controls=\"controls\"><source type=\"audio\/mpeg\" src=\"https:\/\/www.radiopiu.net\/wordpress\/wp-content\/uploads\/2023\/04\/GIANNI-INCONTRO-BOSTRICO-A-CANALE.mp3?_=7\" \/><a href=\"https:\/\/www.radiopiu.net\/wordpress\/wp-content\/uploads\/2023\/04\/GIANNI-INCONTRO-BOSTRICO-A-CANALE.mp3\">https:\/\/www.radiopiu.net\/wordpress\/wp-content\/uploads\/2023\/04\/GIANNI-INCONTRO-BOSTRICO-A-CANALE.mp3<\/a><\/audio>\n<p>&nbsp;<\/p>\n<p><strong><a class=\"dt-pswp-item\" href=\"https:\/\/www.radiopiu.net\/wordpress\/wp-content\/uploads\/2023\/04\/Senza-nome-32.jpg\" data-dt-img-description=\"\" data-large_image_width=\"266\" data-large_image_height=\"235\"><img loading=\"lazy\" decoding=\"async\" class=\"size-full wp-image-331454 alignleft\" src=\"https:\/\/www.radiopiu.net\/wordpress\/wp-content\/uploads\/2023\/04\/Senza-nome-32.jpg\" alt=\"\" width=\"266\" height=\"235\" \/><\/a>CANALE D&#8217;AGORDO<\/strong> <strong>Venerdi 21 aprile<\/strong> alle 20.30 in sala emigranti a Canale d&#8217;Agordo si parla di bostrico. Gli interventi: sindaco Flavio Colcergnan, Dottore Forestale Orazio Andrich &#8220;azioni di contrasto al bostrico nell&#8217;ambito della gestione delle funzioni produttive, prottettive ed ambientali nel patriomonio forestale di Canale d&#8217;Agordo&#8221;. Professor Andrea Battisti, ecologia e gestione del bostrico tipografo. Coordinamento Orazio Andrich.<br \/>\n<a class=\"dt-pswp-item\" href=\"https:\/\/www.radiopiu.net\/wordpress\/wp-content\/uploads\/2023\/04\/Senza-nome-33.jpg\" data-dt-img-description=\"\" data-large_image_width=\"323\" data-large_image_height=\"266\"><img loading=\"lazy\" decoding=\"async\" class=\"size-medium wp-image-331455 aligncenter\" src=\"https:\/\/www.radiopiu.net\/wordpress\/wp-content\/uploads\/2023\/04\/Senza-nome-33-300x247.jpg\" alt=\"\" width=\"300\" height=\"247\" srcset=\"https:\/\/www.radiopiu.net\/wordpress\/wp-content\/uploads\/2023\/04\/Senza-nome-33-300x247.jpg 300w, https:\/\/www.radiopiu.net\/wordpress\/wp-content\/uploads\/2023\/04\/Senza-nome-33.jpg 323w\" sizes=\"auto, (max-width: 300px) 100vw, 300px\" \/><\/a><\/p>\n<p>&nbsp;<\/p>\n<p>&nbsp;<\/p>\n<p>&nbsp;<\/p>\n<hr \/>\n<p>&nbsp;<\/p>\n<blockquote>\n<h3>DALLA FOTOGRAFIA ALLA VIDEO ART: GLI INCONTRI AD AGORDO<\/h3>\n<\/blockquote>\n<p><strong>AGORDO Venerd\u00ec 21 aprile,<\/strong> dalle 18, ad Agordo alla Sala Don Tamis si\u00a0 terr\u00e0 la prima di tre conferenze della serie \u201cDalla fotografia alla video art e all\u2019arte cinetica\u201d. La relazione dal titolo \u201cLa storia della fotografia\u201d sar\u00e0 svolta dal Dott. Prof. Roberto Favero. Si ricorda che l\u2019ingresso \u00e8 libero per tutti.<\/p>\n<p>&nbsp;<\/p>\n<p>&nbsp;<\/p>\n<p>&nbsp;<\/p>\n<hr \/>\n<p>&nbsp;<\/p>\n<p>&nbsp;<\/p>\n<div class=\"x1h91t0o xkh2ocl x78zum5 xdt5ytf x13a6bvl x193iq5w x1c4vz4f xcrg951\" role=\"none\">\n<div class=\"x78zum5 xdt5ytf x1iyjqo2 x2lah0s xl56j7k x1n2onr6 x1ll7btr x1n327nk x1t2a60a\" aria-hidden=\"true\">\n<div class=\"x6s0dn4 x78zum5 x1ll7btr x1q0g3np\" role=\"none\">\n<div class=\"x6s0dn4 x78zum5 x1ll7btr x1q0g3np\" role=\"none\">\n<div class=\"x1i10hfl x1qjc9v5 xjbqb8w xjqpnuy xa49m3k xqeqjp1 x2hbi6w x13fuv20 xu3j5b3 x1q0q8m5 x26u7qi x972fbf xcfux6l x1qhh985 xm0m39n x9f619 x1ypdohk xdl72j9 x2lah0s xe8uvvx xdj266r x11i5rnm xat24cr x1mh8g0r x2lwn1j xeuugli xexx8yu x4uap5 x18d9i69 xkhd6sd x1n2onr6 x16tdsg8 x1hl2dhg xggy1nq x1ja2u2z x1t137rt x1o1ewxj x3x9cwd x1e5q0jg x13rtm0m x1q0g3np x87ps6o x1lku1pv x78zum5 x1a2a7pz\" tabindex=\"0\" role=\"button\" aria-expanded=\"false\" aria-haspopup=\"menu\" aria-label=\"Aggiungi una reazione\">\n<div class=\"xc26acl x6s0dn4 x14yjl9h xudhj91 x18nykt9 xww2gxu x1ypdohk x78zum5 x2lah0s xxk0z11 xl56j7k x11i5rnm x1mh8g0r x1n2onr6 x2b8uid xvy4d1p x15vn3sj\">\n<blockquote>\n<h3>QUESTA&#8217; E&#8217; LA NOSTRA STORIA<\/h3>\n<\/blockquote>\n<div>\n<p><a class=\"dt-pswp-item\" href=\"https:\/\/www.radiopiu.net\/wordpress\/wp-content\/uploads\/2023\/04\/Senza-nome-31.jpg\" data-dt-img-description=\"\" data-large_image_width=\"457\" data-large_image_height=\"151\"><img loading=\"lazy\" decoding=\"async\" class=\"size-medium wp-image-331384 aligncenter\" src=\"https:\/\/www.radiopiu.net\/wordpress\/wp-content\/uploads\/2023\/04\/Senza-nome-31-300x99.jpg\" alt=\"\" width=\"300\" height=\"99\" srcset=\"https:\/\/www.radiopiu.net\/wordpress\/wp-content\/uploads\/2023\/04\/Senza-nome-31-300x99.jpg 300w, https:\/\/www.radiopiu.net\/wordpress\/wp-content\/uploads\/2023\/04\/Senza-nome-31.jpg 457w\" sizes=\"auto, (max-width: 300px) 100vw, 300px\" \/><\/a><\/p>\n<p><strong>AGORDO<\/strong> <strong>Sabato 22 aprile<\/strong> alle 17.30 testimonianze, ricordi e fotografie del territorio bellunese dagli anni Cinquanta: emigrazione, lavoro, alluvione del 1966. In sala della Biblioteca con la famiglia ex emigranti agordino. Interventi Luca Luchetta, Aldo Da Roit, Gabriele Ganz e Maria Rita Gentilin Spi Belluno.<\/p>\n<\/div>\n<\/div>\n<\/div>\n<\/div>\n<\/div>\n<\/div>\n<\/div>\n<p>&nbsp;<\/p>\n<p>&nbsp;<\/p>\n<hr \/>\n<p>&nbsp;<\/p>\n<blockquote>\n<h3>L&#8217;OM SALVARECH A LA VALLE<\/h3>\n<\/blockquote>\n<p><strong>LA VALLE <\/strong>A La Valle due giorni di festa con l&#8217;Om Salvarech. <strong>Lunedi 24 aprile<\/strong>, al tendone presentazione della mostra &#8220;vers l&#8217;insuda&#8221;:gli aquerelli dipinti dagli alunni della scuola primaria, dalle 17 l&#8217;apertivo selvatico con Rdj, 19 stand gastronomico, serata danzante con la Spritzband e a seguire dico-tek con Rdj. <strong>Martedi 25 aprile<\/strong> al tendone di Conaggia \u201cel merc\u00e0 de l&#8217;insuda\u201d, alle 10 gara podistica Su e do per i coi, memorial Flavio De Cassai, dalle 12 stand gastronomico e dalle 14: preparazione Om Salvarech a Cugnago, sfilata per le vie del paese, alle 16 apertivo selvatico danzante con Eros, alle 19 la cota e quindi gran finale con il testamento e il Falo&#8217; Dell&#8217;Om Salvarech tra i balli con Eros e Karin. Om Salvarech, a LA VALLE AGORDINA. con la Proloco 24-25 Aprile<\/p>\n<h2><span style=\"color: #ff0000;\">ALLA RADIO<\/span><\/h2>\n<h2><span style=\"color: #ff6600;\">L&#8217;OM SALVARECH CON ANDREA DA ROIT DELLA PRO LOCO LA VALLE<\/span><\/h2>\n<p><strong><a class=\"dt-pswp-item\" href=\"https:\/\/www.radiopiu.net\/wordpress\/wp-content\/uploads\/2023\/04\/om-salvarech-2023.jpg\" data-dt-img-description=\"\" data-large_image_width=\"2048\" data-large_image_height=\"1072\"><img loading=\"lazy\" decoding=\"async\" class=\" wp-image-331237 alignleft\" src=\"https:\/\/www.radiopiu.net\/wordpress\/wp-content\/uploads\/2023\/04\/om-salvarech-2023-300x157.jpg\" alt=\"\" width=\"204\" height=\"107\" srcset=\"https:\/\/www.radiopiu.net\/wordpress\/wp-content\/uploads\/2023\/04\/om-salvarech-2023-300x157.jpg 300w, https:\/\/www.radiopiu.net\/wordpress\/wp-content\/uploads\/2023\/04\/om-salvarech-2023-1024x536.jpg 1024w, https:\/\/www.radiopiu.net\/wordpress\/wp-content\/uploads\/2023\/04\/om-salvarech-2023-768x402.jpg 768w, https:\/\/www.radiopiu.net\/wordpress\/wp-content\/uploads\/2023\/04\/om-salvarech-2023-1536x804.jpg 1536w, https:\/\/www.radiopiu.net\/wordpress\/wp-content\/uploads\/2023\/04\/om-salvarech-2023.jpg 2048w\" sizes=\"auto, (max-width: 204px) 100vw, 204px\" \/><\/a>di Mirko Mezzacasa<\/strong><\/p>\n<p>&nbsp;<\/p>\n<audio class=\"wp-audio-shortcode\" id=\"audio-331564-8\" preload=\"none\" style=\"width: 100%;\" controls=\"controls\"><source type=\"audio\/mpeg\" src=\"https:\/\/www.radiopiu.net\/wordpress\/wp-content\/uploads\/2023\/04\/ANDREA-DA-ROIT.mp3?_=8\" \/><a href=\"https:\/\/www.radiopiu.net\/wordpress\/wp-content\/uploads\/2023\/04\/ANDREA-DA-ROIT.mp3\">https:\/\/www.radiopiu.net\/wordpress\/wp-content\/uploads\/2023\/04\/ANDREA-DA-ROIT.mp3<\/a><\/audio>\n<p>&nbsp;<\/p>\n<hr \/>\n<p>&nbsp;<\/p>\n<blockquote>\n<h3>LA MOSTRA DI GIOVANNA DEPPI A PIEVE DI CADORE<\/h3>\n<\/blockquote>\n<p><strong>PIEVE DI CADORE<\/strong>\u00a0 Fino <strong>al 6 maggio<\/strong> \u00e8 possibile visitare la mostra di Giovanna Deppi all&#8217;Auditorium Cos.Mo di Pieve di Cadore. Apertura dal mercoled\u00ec al sabato dalle 10 alle 13 e dalle 15 alle 18. Inaugurazione domani alle 18.<\/p>\n<p>&nbsp;<\/p>\n<p>&nbsp;<\/p>\n<p>&nbsp;<\/p>\n<hr \/>\n<p>&nbsp;<\/p>\n<blockquote>\n<h3>A TEATRO CON LA COMPAGNIA TEATRALE DI SANTA GIUSTINA<\/h3>\n<\/blockquote>\n<p><strong>SOSPIROLO<\/strong> La Pro Loco Monti del Sole, con il patrocinio del comune di Sospirolo, organizza una serata teatrale con la compagnia di Santa Giustina &#8220;I&#8230;Saranno Famosi&#8221;. Sabato al Centro civico di Sospirolo, con inizio alle 20:45, andr\u00e0 in scena lo spettacolo dal titolo &#8220;Il Berretto A Sonagli&#8221;. Ingresso libero fino ad esaurimento posti, senza prenotazione.<\/p>\n<p>&nbsp;<\/p>\n<p>&nbsp;<\/p>\n<hr \/>\n<p>&nbsp;<\/p>\n<blockquote>\n<h3>A TEATRO CON ABVS. SABATO A CAVARZANO<\/h3>\n<\/blockquote>\n<p><strong><a class=\"dt-pswp-item\" href=\"https:\/\/www.radiopiu.net\/wordpress\/wp-content\/uploads\/2023\/04\/f719da7f-ed8d-4002-880a-d858304c9c83.jpg\" data-dt-img-description=\"\" data-large_image_width=\"1131\" data-large_image_height=\"1135\"><img loading=\"lazy\" decoding=\"async\" class=\" wp-image-331700 alignleft\" src=\"https:\/\/www.radiopiu.net\/wordpress\/wp-content\/uploads\/2023\/04\/f719da7f-ed8d-4002-880a-d858304c9c83-300x300.jpg\" alt=\"\" width=\"200\" height=\"200\" srcset=\"https:\/\/www.radiopiu.net\/wordpress\/wp-content\/uploads\/2023\/04\/f719da7f-ed8d-4002-880a-d858304c9c83-300x300.jpg 300w, https:\/\/www.radiopiu.net\/wordpress\/wp-content\/uploads\/2023\/04\/f719da7f-ed8d-4002-880a-d858304c9c83-1020x1024.jpg 1020w, https:\/\/www.radiopiu.net\/wordpress\/wp-content\/uploads\/2023\/04\/f719da7f-ed8d-4002-880a-d858304c9c83-150x150.jpg 150w, https:\/\/www.radiopiu.net\/wordpress\/wp-content\/uploads\/2023\/04\/f719da7f-ed8d-4002-880a-d858304c9c83-768x771.jpg 768w, https:\/\/www.radiopiu.net\/wordpress\/wp-content\/uploads\/2023\/04\/f719da7f-ed8d-4002-880a-d858304c9c83.jpg 1131w\" sizes=\"auto, (max-width: 200px) 100vw, 200px\" \/><\/a>BELLUNO<\/strong><\/p>\n<p>di Roberto Bona<\/p>\n<audio class=\"wp-audio-shortcode\" id=\"audio-331564-9\" preload=\"none\" style=\"width: 100%;\" controls=\"controls\"><source type=\"audio\/mpeg\" src=\"https:\/\/www.radiopiu.net\/wordpress\/wp-content\/uploads\/2023\/04\/BONA-ERA-TUTTA-COMPAGNIA-TEATRO-CAVARZANO.mp3?_=9\" \/><a href=\"https:\/\/www.radiopiu.net\/wordpress\/wp-content\/uploads\/2023\/04\/BONA-ERA-TUTTA-COMPAGNIA-TEATRO-CAVARZANO.mp3\">https:\/\/www.radiopiu.net\/wordpress\/wp-content\/uploads\/2023\/04\/BONA-ERA-TUTTA-COMPAGNIA-TEATRO-CAVARZANO.mp3<\/a><\/audio>\n<p>&nbsp;<\/p>\n<hr \/>\n<p>&nbsp;<\/p>\n<blockquote>\n<h3>LA MOSTRA DI SARA ANDRICH<\/h3>\n<\/blockquote>\n<h3><a class=\"dt-pswp-item\" href=\"https:\/\/www.radiopiu.net\/wordpress\/wp-content\/uploads\/2023\/04\/252879745_10219573087825409_7999869279787855642_n.jpg\" data-dt-img-description=\"\" data-large_image_width=\"960\" data-large_image_height=\"720\"><img loading=\"lazy\" decoding=\"async\" class=\"wp-image-331511 alignleft\" src=\"https:\/\/www.radiopiu.net\/wordpress\/wp-content\/uploads\/2023\/04\/252879745_10219573087825409_7999869279787855642_n-300x225.jpg\" alt=\"\" width=\"127\" height=\"95\" srcset=\"https:\/\/www.radiopiu.net\/wordpress\/wp-content\/uploads\/2023\/04\/252879745_10219573087825409_7999869279787855642_n-300x225.jpg 300w, https:\/\/www.radiopiu.net\/wordpress\/wp-content\/uploads\/2023\/04\/252879745_10219573087825409_7999869279787855642_n-768x576.jpg 768w, https:\/\/www.radiopiu.net\/wordpress\/wp-content\/uploads\/2023\/04\/252879745_10219573087825409_7999869279787855642_n.jpg 960w\" sizes=\"auto, (max-width: 127px) 100vw, 127px\" \/><\/a><\/h3>\n<p><strong>ALPAGO<\/strong> Esposizione delle opere di Sara Andrich nel municipio di Pieve in vista del 25 aprile.\u00a0 La mostra &#8220;L&#8217;incontro&#8221; sar\u00e0\u00a0 visitabile fino a marted\u00ec 25 aprile compreso: sabato 15 e 22 aprile dalle 9 alle 12 e dalle 16 alle 18, domenica 16 e 23 aprile dalle 16 alle 18, da luned\u00ec a venerd\u00ec, compreso luned\u00ec 24 aprile, dalle 9 alle 12, marted\u00ec 25 aprile dalle 16 alle 18. Sara Andrich ha frequentato con successo l&#8217;Accademia di Belle Arti di Venezia, laureandosi in Scultura con tesi sulla maschera. Allestisce mostre sul tema, in collaborazione con il gruppo Mascherai della Scuola Augusto Murer di Sedico e della associazione Arca dei Volti.<\/p>\n<p>&nbsp;<\/p>\n<p>&nbsp;<\/p>\n<hr \/>\n<h1><\/h1>\n<h1><span style=\"color: #0000ff;\">ALLA RADIO<\/span><\/h1>\n<blockquote class=\"wp-embedded-content\" data-secret=\"06hS3BcVTV\"><p><a href=\"https:\/\/www.radiopiu.net\/wordpress\/bagaglio-a-mano-di-loris-scussel-pagina-in-aggiornamento-settimanale\/\">BAGAGLIO A MANO, DI LORIS SCUSSEL. pagina in aggiornamento settimanale<\/a><\/p><\/blockquote>\n<p><iframe loading=\"lazy\" class=\"wp-embedded-content\" sandbox=\"allow-scripts\" security=\"restricted\" style=\"position: absolute; clip: rect(1px, 1px, 1px, 1px);\" title=\"&#8220;BAGAGLIO A MANO, DI LORIS SCUSSEL. pagina in aggiornamento settimanale&#8221; &#8212; Radio Pi\u00f9\" src=\"https:\/\/www.radiopiu.net\/wordpress\/bagaglio-a-mano-di-loris-scussel-pagina-in-aggiornamento-settimanale\/embed\/#?secret=nGFbjNi5zg#?secret=06hS3BcVTV\" data-secret=\"06hS3BcVTV\" width=\"600\" height=\"338\" frameborder=\"0\" marginwidth=\"0\" marginheight=\"0\" scrolling=\"no\"><\/iframe><\/p>\n<p>&nbsp;<\/p>\n<blockquote class=\"wp-embedded-content\" data-secret=\"DnngHnXxy9\"><p><a href=\"https:\/\/www.radiopiu.net\/wordpress\/puntat28\/\">TRENTATRE&#8217; PER TRE il  programma alla radio, con ALDO BRIGADOI &#8220;L&#8217;ALDONE&#8221;<\/a><\/p><\/blockquote>\n<p><iframe loading=\"lazy\" class=\"wp-embedded-content\" sandbox=\"allow-scripts\" security=\"restricted\" style=\"position: absolute; clip: rect(1px, 1px, 1px, 1px);\" title=\"&#8220;TRENTATRE&#8217; PER TRE il  programma alla radio, con ALDO BRIGADOI &#8220;L&#8217;ALDONE&#8221;&#8221; &#8212; Radio Pi\u00f9\" src=\"https:\/\/www.radiopiu.net\/wordpress\/puntat28\/embed\/#?secret=eeNb4tNXjP#?secret=DnngHnXxy9\" data-secret=\"DnngHnXxy9\" width=\"600\" height=\"338\" frameborder=\"0\" marginwidth=\"0\" marginheight=\"0\" scrolling=\"no\"><\/iframe><\/p>\n<p>&nbsp;<\/p>\n<hr \/>\n<p>&nbsp;<\/p>\n<h2><a class=\"dt-pswp-item\" href=\"https:\/\/www.radiopiu.net\/wordpress\/wp-content\/uploads\/2020\/12\/DON-GIORGIO-LISE.jpg\" data-dt-img-description=\"\" data-large_image_width=\"1600\" data-large_image_height=\"901\"><img loading=\"lazy\" decoding=\"async\" class=\" wp-image-177420 alignleft\" src=\"https:\/\/www.radiopiu.net\/wordpress\/wp-content\/uploads\/2020\/12\/DON-GIORGIO-LISE-300x169.jpg\" alt=\"\" width=\"195\" height=\"110\" srcset=\"https:\/\/www.radiopiu.net\/wordpress\/wp-content\/uploads\/2020\/12\/DON-GIORGIO-LISE-300x169.jpg 300w, https:\/\/www.radiopiu.net\/wordpress\/wp-content\/uploads\/2020\/12\/DON-GIORGIO-LISE-1024x577.jpg 1024w, https:\/\/www.radiopiu.net\/wordpress\/wp-content\/uploads\/2020\/12\/DON-GIORGIO-LISE-768x432.jpg 768w, https:\/\/www.radiopiu.net\/wordpress\/wp-content\/uploads\/2020\/12\/DON-GIORGIO-LISE-1536x865.jpg 1536w, https:\/\/www.radiopiu.net\/wordpress\/wp-content\/uploads\/2020\/12\/DON-GIORGIO-LISE.jpg 1600w\" sizes=\"auto, (max-width: 195px) 100vw, 195px\" \/><\/a><span style=\"color: #800080;\">DUE MINUTI PER TE<\/span><\/h2>\n<p><strong>APPUNTAMENTO DELLA DOMENICA CON IL PENSIERO DI MONSIGNOR GIORGIO LISE<\/strong><\/p>\n<audio class=\"wp-audio-shortcode\" id=\"audio-331564-10\" preload=\"none\" style=\"width: 100%;\" controls=\"controls\"><source type=\"audio\/mpeg\" src=\"https:\/\/www.radiopiu.net\/wordpress\/wp-content\/uploads\/2023\/04\/DON-GIORGIO-3.mp3?_=10\" \/><a href=\"https:\/\/www.radiopiu.net\/wordpress\/wp-content\/uploads\/2023\/04\/DON-GIORGIO-3.mp3\">https:\/\/www.radiopiu.net\/wordpress\/wp-content\/uploads\/2023\/04\/DON-GIORGIO-3.mp3<\/a><\/audio>\n<p>&nbsp;<\/p>\n<hr \/>\n<p>&nbsp;<\/p>\n<div>\n<div class=\"b654a4as d2edcug0\">\n<div class=\"rq0escxv hkbzh7o3 jwdofwj8 n8tt0mok r8blr3vg hyh9befq\">\n<p><a class=\"dt-pswp-item\" href=\"https:\/\/www.radiopiu.net\/wordpress\/wp-content\/uploads\/2020\/10\/pp.jpg\" data-dt-img-description=\"\" data-large_image_width=\"640\" data-large_image_height=\"640\"><img loading=\"lazy\" decoding=\"async\" class=\"wp-image-163678 alignleft\" src=\"https:\/\/www.radiopiu.net\/wordpress\/wp-content\/uploads\/2020\/10\/pp-300x300.jpg\" alt=\"\" width=\"106\" height=\"106\" srcset=\"https:\/\/www.radiopiu.net\/wordpress\/wp-content\/uploads\/2020\/10\/pp-300x300.jpg 300w, https:\/\/www.radiopiu.net\/wordpress\/wp-content\/uploads\/2020\/10\/pp-150x150.jpg 150w, https:\/\/www.radiopiu.net\/wordpress\/wp-content\/uploads\/2020\/10\/pp-125x125.jpg 125w, https:\/\/www.radiopiu.net\/wordpress\/wp-content\/uploads\/2020\/10\/pp-200x200.jpg 200w, https:\/\/www.radiopiu.net\/wordpress\/wp-content\/uploads\/2020\/10\/pp-80x80.jpg 80w, https:\/\/www.radiopiu.net\/wordpress\/wp-content\/uploads\/2020\/10\/pp-480x480.jpg 480w, https:\/\/www.radiopiu.net\/wordpress\/wp-content\/uploads\/2020\/10\/pp.jpg 640w\" sizes=\"auto, (max-width: 106px) 100vw, 106px\" \/><\/a><\/p>\n<\/div>\n<\/div>\n<\/div>\n<div>\n<div class=\"page-title-head hgroup\">\n<div class=\"page-title-head hgroup\">\n<div class=\"b654a4as d2edcug0\">\n<div class=\"j83agx80 btwxx1t3 lhclo0ds hop8lmos nkwizq5d scwd0bx6 roh60bw9\">\n<div class=\"rq0escxv hkbzh7o3 jwdofwj8 n8tt0mok r8blr3vg hyh9befq\">\n<div class=\"do00u71z l9j0dhe7 k4urcfbm\" style=\"text-align: left;\">\n<h2><span style=\"color: #000080;\">DON CESARE, IL PENSIERO DEL GIORNO. ALLA RADIO ALLE 7 DEL MATTINO E ALLE 19.30 DELLA SERA\u00a0<\/span><\/h2>\n<audio class=\"wp-audio-shortcode\" id=\"audio-331564-11\" preload=\"none\" style=\"width: 100%;\" controls=\"controls\"><source type=\"audio\/mpeg\" src=\"https:\/\/www.radiopiu.net\/wordpress\/wp-content\/uploads\/2023\/04\/CESARE-11.mp3?_=11\" \/><a href=\"https:\/\/www.radiopiu.net\/wordpress\/wp-content\/uploads\/2023\/04\/CESARE-11.mp3\">https:\/\/www.radiopiu.net\/wordpress\/wp-content\/uploads\/2023\/04\/CESARE-11.mp3<\/a><\/audio>\n<\/div>\n<\/div>\n<\/div>\n<\/div>\n<\/div>\n<\/div>\n<\/div>\n<p>&nbsp;<\/p>\n<hr \/>\n<p>&nbsp;<\/p>\n<h2><span style=\"color: #ff00ff;\">IN VIVO VERSO\u00a0 \u00a0<\/span><\/h2>\n<p><strong>LA RACCOLTA COMPLETA<\/strong><\/p>\n<blockquote class=\"wp-embedded-content\" data-secret=\"Plqm8LftTW\"><p><a href=\"https:\/\/www.radiopiu.net\/wordpress\/in-vivo-verso\/\">In Vivo Verso<\/a><\/p><\/blockquote>\n<p><iframe loading=\"lazy\" class=\"wp-embedded-content\" sandbox=\"allow-scripts\" security=\"restricted\" style=\"position: absolute; clip: rect(1px, 1px, 1px, 1px);\" title=\"&#8220;In Vivo Verso&#8221; &#8212; Radio Pi\u00f9\" src=\"https:\/\/www.radiopiu.net\/wordpress\/in-vivo-verso\/embed\/#?secret=3uxE7VTQoQ#?secret=Plqm8LftTW\" data-secret=\"Plqm8LftTW\" width=\"600\" height=\"338\" frameborder=\"0\" marginwidth=\"0\" marginheight=\"0\" scrolling=\"no\"><\/iframe><\/p>\n<p>&nbsp;<\/p>\n<hr \/>\n<p>&nbsp;<\/p>\n<h2><span style=\"color: #008080;\">GOCCE DI FILOSOFIA\u00a0<\/span><\/h2>\n<p><strong>LA RACCOLTA COMPLETA<\/strong><\/p>\n<blockquote class=\"wp-embedded-content\" data-secret=\"zNyiPzu3Ou\"><p><a href=\"https:\/\/www.radiopiu.net\/wordpress\/gocce-filosofia\/\">Gocce di filosofia,  LA TERZA STAGIONE&#8230; 2023<\/a><\/p><\/blockquote>\n<p><iframe loading=\"lazy\" class=\"wp-embedded-content\" sandbox=\"allow-scripts\" security=\"restricted\" style=\"position: absolute; clip: rect(1px, 1px, 1px, 1px);\" title=\"&#8220;Gocce di filosofia,  LA TERZA STAGIONE&#8230; 2023&#8221; &#8212; Radio Pi\u00f9\" src=\"https:\/\/www.radiopiu.net\/wordpress\/gocce-filosofia\/embed\/#?secret=7WdtRIv5cm#?secret=zNyiPzu3Ou\" data-secret=\"zNyiPzu3Ou\" width=\"600\" height=\"338\" frameborder=\"0\" marginwidth=\"0\" marginheight=\"0\" scrolling=\"no\"><\/iframe><\/p>\n<p>&nbsp;<\/p>\n<hr \/>\n<p>&nbsp;<\/p>\n<hr \/>\n<p>&nbsp;<\/p>\n<\/div>\n<div class=\"message spoilers-container\" dir=\"auto\">\n<div class=\"column\">\n<p><img loading=\"lazy\" decoding=\"async\" class=\"aligncenter wp-image-61954 size-full\" src=\"https:\/\/www.radiopiu.net\/wordpress\/wp-content\/uploads\/2018\/09\/viabilita.jpeg\" sizes=\"auto, (max-width: 800px) 100vw, 800px\" srcset=\"https:\/\/www.radiopiu.net\/wordpress\/wp-content\/uploads\/2018\/09\/viabilita.jpeg 800w, https:\/\/www.radiopiu.net\/wordpress\/wp-content\/uploads\/2018\/09\/viabilita-300x38.jpeg 300w, https:\/\/www.radiopiu.net\/wordpress\/wp-content\/uploads\/2018\/09\/viabilita-768x96.jpeg 768w\" alt=\"\" width=\"800\" height=\"100\" \/><\/p>\n<p>&nbsp;<\/p>\n<div>\n<div dir=\"ltr\">\n<div class=\"gmail_quote\">\n<div dir=\"ltr\">\n<div class=\"gmail_quote\"><\/div>\n<div>\n<blockquote>\n<h3>MANUTENZIONE IMPIANTI IN GALLERIA SULLA STATALE 50 BIS\/VAR \u201cDEL GRAPPA E DEL PASSO ROLLE\u201d<\/h3>\n<\/blockquote>\n<p>Anas ha programmato la manutenzione degli impianti tecnologici e di sicurezza all\u2019interno delle gallerie \u2018Brenta\u2019 e \u2018San Vito\u2019, sulla statale 50 Bis\/Var \u201cdel Grappa e di Passo Rolle\u201d nel tratto che collega Primolano ad Arsi\u00e8, in provincia di Belluno. Per consentire l\u2019esecuzione in sicurezza delle lavorazioni \u00e8 necessario chiudere al traffico le gallerie in entrambe le direzioni (Feltre\/Belluno e Trento\/Vicenza). Al fine di contenere il pi\u00f9 possibile i disagi al traffico la limitazione sar\u00e0 attiva nella sola fascia oraria notturna 21:00 \u2013 6:00 a partire da gioved\u00ec 13 aprile fino a sabato 6 maggio. Durante la chiusura la circolazione in direzione Feltre\/Belluno potr\u00e0 percorrere la SR50 Bis (vecchia strada nazionale per Belluno) passando per le scale di Primolano\/Fastro per poi reimmettersi sulla statale 50 Bis\/Var al km 5,200 all\u2019altezza dell\u2019Area Artigianale di Arsi\u00e8.<\/p>\n<\/div>\n<\/div>\n<\/div>\n<\/div>\n<\/div>\n<p>&nbsp;<\/p>\n<hr \/>\n<p>&nbsp;<\/p>\n<p><a class=\"dt-pswp-item\" href=\"https:\/\/www.radiopiu.net\/wordpress\/wp-content\/uploads\/2018\/09\/WhatsApp-Image-2018-09-20-at-16.04.06.jpeg\" data-dt-img-description=\"\" data-large_image_width=\"800\" data-large_image_height=\"100\"><img loading=\"lazy\" decoding=\"async\" class=\"wp-image-61378 size-full aligncenter\" src=\"https:\/\/www.radiopiu.net\/wordpress\/wp-content\/uploads\/2018\/09\/WhatsApp-Image-2018-09-20-at-16.04.06.jpeg\" alt=\"\" width=\"800\" height=\"100\" srcset=\"https:\/\/www.radiopiu.net\/wordpress\/wp-content\/uploads\/2018\/09\/WhatsApp-Image-2018-09-20-at-16.04.06.jpeg 800w, https:\/\/www.radiopiu.net\/wordpress\/wp-content\/uploads\/2018\/09\/WhatsApp-Image-2018-09-20-at-16.04.06-300x38.jpeg 300w, https:\/\/www.radiopiu.net\/wordpress\/wp-content\/uploads\/2018\/09\/WhatsApp-Image-2018-09-20-at-16.04.06-768x96.jpeg 768w\" sizes=\"auto, (max-width: 800px) 100vw, 800px\" \/><\/a><\/p>\n<p>&nbsp;<\/p>\n<p><center><b>OGGI<\/b><\/center><b>Tempo atteso: <\/b>Alternanza di nuvole e rasserenamenti.<br \/>\n<b>Precipitazioni: <\/b>Di pomeriggio probabilit\u00e0 bassa (5-25%) per qualche goccia di pioggia e sopra i 1700-1900 m di quota per qualche fiocco di neve. Per il resto assenti.<br \/>\n<b>Temperature: <\/b>In aumento leggero\/moderato rispetto a domenica. Valori notturni nella media, valori diurni sopra la media in modo leggero\/moderato.<\/p>\n<hr \/>\n<p><center><b>DOMANI<\/b><\/center><b>Tempo atteso: <\/b>Fino al mattino cielo sereno o poco nuvoloso. Dal pomeriggio alternanza di nuvole e rasserenamenti.<br \/>\n<b>Precipitazioni: <\/b>Fino al mattino assenti. Dal pomeriggio probabilit\u00e0 bassa (5-25%) per qualche goccia di pioggia e sopra i 1800-2000 m di quota per qualche fiocco di neve.<br \/>\n<b>Temperature: <\/b>In aumento leggero\/moderato rispetto a luned\u00ec.<\/p>\n<hr \/>\n<p><center><b>MERCOLEDI<\/b><\/center>Nuvolosit\u00e0 in aumento e precipitazioni specie dal pomeriggio in poi, pure con temporali e quota neve in graduale abbassamento fino anche verso i 1000 m a tratti. Temperature inizialmente in aumento, nel corso della giornata in calo con minime anche a tarda sera.<\/p>\n<hr \/>\n<p><center><b>GIOVEDI<\/b><\/center>Giornata all&#8217;insegna delle nuvole e delle precipitazioni, con quota neve in calo e quindi anche al di sotto dei 1000 m. Temperature in calo.<\/p>\n<\/div>\n<p>&nbsp;<\/p>\n<hr \/>\n<p>&nbsp;<\/p>\n<p>&nbsp;<\/p>\n<p><a class=\"dt-pswp-item\" href=\"https:\/\/www.radiopiu.net\/wordpress\/wp-content\/uploads\/2018\/09\/sport.jpg\" data-dt-img-description=\"\" data-large_image_width=\"800\" data-large_image_height=\"100\"><img loading=\"lazy\" decoding=\"async\" class=\"aligncenter wp-image-60761 size-full\" src=\"https:\/\/www.radiopiu.net\/wordpress\/wp-content\/uploads\/2018\/09\/sport.jpg\" alt=\"\" width=\"800\" height=\"100\" srcset=\"https:\/\/www.radiopiu.net\/wordpress\/wp-content\/uploads\/2018\/09\/sport.jpg 800w, https:\/\/www.radiopiu.net\/wordpress\/wp-content\/uploads\/2018\/09\/sport-300x38.jpg 300w, https:\/\/www.radiopiu.net\/wordpress\/wp-content\/uploads\/2018\/09\/sport-768x96.jpg 768w\" sizes=\"auto, (max-width: 800px) 100vw, 800px\" \/><\/a><\/p>\n<p>&nbsp;<\/p>\n<p><span style=\"color: #0000ff;\"><strong>CALCIO<\/strong><\/span><\/p>\n<blockquote>\n<h3>OBBIETTIVO RAGGIUNTO. L&#8217;AGORDINA VINCE COL GEMELLE E ACCEDE AI PLAYOUT<\/h3>\n<\/blockquote>\n<p><strong><a class=\"dt-pswp-item\" href=\"https:\/\/www.radiopiu.net\/wordpress\/wp-content\/uploads\/2022\/10\/CALCIO-2022-e1665937841126.jpg\" data-dt-img-description=\"\" data-large_image_width=\"400\" data-large_image_height=\"250\"><img loading=\"lazy\" decoding=\"async\" class=\" wp-image-301842 alignleft\" src=\"https:\/\/www.radiopiu.net\/wordpress\/wp-content\/uploads\/2022\/10\/CALCIO-2022-e1665937841126-300x188.jpg\" alt=\"\" width=\"201\" height=\"126\" srcset=\"https:\/\/www.radiopiu.net\/wordpress\/wp-content\/uploads\/2022\/10\/CALCIO-2022-e1665937841126-300x188.jpg 300w, https:\/\/www.radiopiu.net\/wordpress\/wp-content\/uploads\/2022\/10\/CALCIO-2022-e1665937841126.jpg 400w\" sizes=\"auto, (max-width: 201px) 100vw, 201px\" \/><\/a>Di Marco Gaz<\/strong><\/p>\n<p><strong>SECONDA CATEGORIA GIR. T \/ GEMELLE \u2013 AGORDINA 1-3 (2 Wiesner, Zannoni)<\/strong><\/p>\n<p>Obbiettivo raggiunto. L\u2019Agordina vince lo scontro diretto con il Gemelle e si aggiudica i playout proprio contro la squadra di Borgo Valbelluna. Una bella prestazione della squadra di Danilo Chenet che incamera tre punti grazie ad un rigore di Zannoni e una doppietta di Wiesner, primi gol in stagione per l\u2019attaccante agordino. Una sfida a tratti monotona con le squadre che hanno lottato a centrocampo e solo degli episodi hanno deciso la gara di Trichiana. Ora 15 giorni di riposo per preparare al meglio i playout proprio contro il Gemelle. Andata che si giocher\u00e0 il 30 aprile ad Agordo e ritorno in trasferta per l\u2019Agordina in programma il 7 maggio.\u00a0 Primi minuti di gara con le squadre che non vogliono farsi del male. La prima vera occasione arriva dopo 5\u2019. Calcio d\u2019angolo per la squadra di casa, palla in area che non viene deviata in porta per poco. Poche emozioni sul campo di Trichiana. Si gioca principalmente a centrocampo e il nervosismo delle due compagini costringe il direttore di gara a fermare spesso le azioni. Nel finale di primo tempo l\u2019Agordina inizia ad ingranare la marcia giusta e dopo alcuni tentativi andati a vuoto la squadra di Chenet passa in vantaggio. Tutto nasce da un calcio d\u2019angolo, palla in area e deviazione vincente di Wiesner. Nel secondo tempo il ritmo cala e le due compagini sembrano non volersi esporre pi\u00f9 di tanto. La squadra di Chenet trova la rete del raddoppio. Ancora una volta \u00e8 Wiesner che mette la firma alla seconda marcatura agordina con un bel tiro che sorprende il portiere del Gemelle. Padroni di casa che provano a reagire rendendosi pericolosi in due occasioni. Sul finale di gara a chiudere la partita ci pensa Zannoni a trasformare un rigore. Arriva per\u00f2 anche il gol della bandiera in pieno recupero.<\/p>\n<p>&nbsp;<\/p>\n<p><strong>GIOVANISSIMI PROVINCIALI \/ QUARTI DI FINALE \/ PIAVE \u2013 AGORDINA<\/strong><\/p>\n<p>Si gioca domani alle 18<\/p>\n<p><strong>\u00a0<\/strong><\/p>\n<p><strong>ALLIEVI REGIONALI \/ AGORDINA \u2013 CAVARZANO 1-2<\/strong><\/p>\n<p>Si chiude con una sconfitta di misura il campionato Allievi Regionali per l\u2019Agordina di Orzetti. Nel derby con il Cavarzano giocato all\u2019Ivano Dorigo di Agordo, gli agordini non riescono a fare punti nell\u2019ultima giornata di campionato. I bellunesi passano in vantaggio e squadra di Agordo che risponde con Roni. Ma il Cavarzano la spunta mettendo a segno il gol che gli vale la vittoria. Si chiude la stagione per la formazione di Orzetti che non riesce a raggiungere i playout e quindi retrocede nel campionato provinciale.<\/p>\n<p>&nbsp;<\/p>\n<p><strong>JUNIORES PROVINCIALI \/ COPPA VALBELLUNA MEMORIAL CALLIGARO \/ PLAVIS \u2013 AGORDINA 1-2<\/strong><\/p>\n<p>Fase finale del campionato Juniores che inizia con una vittoria di misura per l\u2019Agordina Juniores di De Zaiacomo. Una partita combattuta che ha visto gli agordini spuntarla grazie a due reti di Fontanive. Un bel inizio per i giovani agordini che si giocano la stagione nel Memorial Calligaro che assegner\u00e0 il titolo di campione provinciale. Intanto la prossima settimana subito uno scontro diretto contro il Limana.<\/p>\n<p>&nbsp;<\/p>\n<p><strong>JUNIORES REGIONALI \/ FIORI BARP \u2013 MONTELLO 2-5 <\/strong><\/p>\n<p>Il campionato del Fiori Barp Juniores termina con una sconfitta. A Mas di Sedico la squadra di De Lazzer non riesce ad incamerare punti contro il Montello. I trevigiani rifilano una manita ai bluarancio che rispondono con due reti. Sinani e Skhembi gli autori delle reti sedicensi. Si chiude il campionato per il Fiori Barp che non riesce a raggiungere i playout retrocedendo nel campionato provinciale.<\/p>\n<p>&nbsp;<\/p>\n<p>&nbsp;<\/p>\n<hr \/>\n<p>&nbsp;<\/p>\n<p><span style=\"color: #0000ff;\"><strong>CALCIO A 5<\/strong><\/span><\/p>\n<blockquote>\n<h3>A CORNEDO UN BUON PAREGGIO PER LA CANOTTIERI BELLUNO<\/h3>\n<\/blockquote>\n<p><span style=\"color: #ff0000;\"><strong><a class=\"dt-pswp-item\" href=\"https:\/\/www.radiopiu.net\/wordpress\/wp-content\/uploads\/2023\/01\/CANOTTIERI-FOTO-UFF-2023.jpg\" data-dt-img-description=\"\" data-large_image_width=\"2048\" data-large_image_height=\"1152\"><img loading=\"lazy\" decoding=\"async\" class=\" wp-image-317997 alignleft\" src=\"https:\/\/www.radiopiu.net\/wordpress\/wp-content\/uploads\/2023\/01\/CANOTTIERI-FOTO-UFF-2023-300x169.jpg\" alt=\"\" width=\"208\" height=\"117\" srcset=\"https:\/\/www.radiopiu.net\/wordpress\/wp-content\/uploads\/2023\/01\/CANOTTIERI-FOTO-UFF-2023-300x169.jpg 300w, https:\/\/www.radiopiu.net\/wordpress\/wp-content\/uploads\/2023\/01\/CANOTTIERI-FOTO-UFF-2023-1024x576.jpg 1024w, https:\/\/www.radiopiu.net\/wordpress\/wp-content\/uploads\/2023\/01\/CANOTTIERI-FOTO-UFF-2023-768x432.jpg 768w, https:\/\/www.radiopiu.net\/wordpress\/wp-content\/uploads\/2023\/01\/CANOTTIERI-FOTO-UFF-2023-1536x864.jpg 1536w, https:\/\/www.radiopiu.net\/wordpress\/wp-content\/uploads\/2023\/01\/CANOTTIERI-FOTO-UFF-2023.jpg 2048w\" sizes=\"auto, (max-width: 208px) 100vw, 208px\" \/><\/a>SERIE B &#8211; GIRONE B<\/strong><\/span><\/p>\n<p><strong>CORNEDO &#8211; CANOTTIERI BELLUNO 3-3<\/strong><\/p>\n<p>Prova a vincerla, la Canottieri: Amoroso non \u00e8 d&#8217;accordo, e ne fa tre. Biancobl\u00f9 gli eurogol di Gheno e Dall&#8217;\u00d2 e quello del mai domo capitano Reolon: finisce in parit\u00e0.<\/p>\n<p><strong>di Antonio Fiabane, Portavoce della Canottieri Belluno<\/strong><\/p>\n<audio class=\"wp-audio-shortcode\" id=\"audio-331564-12\" preload=\"none\" style=\"width: 100%;\" controls=\"controls\"><source type=\"audio\/mpeg\" src=\"https:\/\/www.radiopiu.net\/wordpress\/wp-content\/uploads\/2023\/04\/CANOTTIERI-SITO-1.mp3?_=12\" \/><a href=\"https:\/\/www.radiopiu.net\/wordpress\/wp-content\/uploads\/2023\/04\/CANOTTIERI-SITO-1.mp3\">https:\/\/www.radiopiu.net\/wordpress\/wp-content\/uploads\/2023\/04\/CANOTTIERI-SITO-1.mp3<\/a><\/audio>\n<p>&nbsp;<\/p>\n<hr \/>\n<p>&nbsp;<\/p>\n<p><span style=\"color: #0000ff;\"><strong>PALLAVOLO<\/strong><\/span><\/p>\n<blockquote>\n<h3>IL VOLLEY CLUB AGORDINO VINCE E TORNA IN ZONA SALVEZZA<\/h3>\n<\/blockquote>\n<p><span style=\"color: #ff0000;\"><strong><a class=\"dt-pswp-item\" href=\"https:\/\/www.radiopiu.net\/wordpress\/wp-content\/uploads\/2021\/05\/volley-2021.jpg\" data-dt-img-description=\"\" data-large_image_width=\"770\" data-large_image_height=\"450\"><img loading=\"lazy\" decoding=\"async\" class=\" wp-image-207180 alignleft\" src=\"https:\/\/www.radiopiu.net\/wordpress\/wp-content\/uploads\/2021\/05\/volley-2021-300x175.jpg\" alt=\"\" width=\"182\" height=\"106\" srcset=\"https:\/\/www.radiopiu.net\/wordpress\/wp-content\/uploads\/2021\/05\/volley-2021-300x175.jpg 300w, https:\/\/www.radiopiu.net\/wordpress\/wp-content\/uploads\/2021\/05\/volley-2021-768x449.jpg 768w, https:\/\/www.radiopiu.net\/wordpress\/wp-content\/uploads\/2021\/05\/volley-2021.jpg 770w\" sizes=\"auto, (max-width: 182px) 100vw, 182px\" \/><\/a><span style=\"color: #000000;\">di Marco Gaz<\/span><\/strong><\/span><\/p>\n<p><span style=\"color: #ff0000;\"><strong>PRIMA DIVISIONE BELLUNO TREVISO<\/strong><\/span><\/p>\n<p><strong>MOGLIANO &#8211; VOLLEY CLUB AGORDINO 0-3 (14-25, 10-25, 13-25)<\/strong><\/p>\n<p>Tutto facile per il Volley Club Agordino che in tre set chiude la pratica Mogliano. In terra trevigiana ottima prova delle ragazze di De Nardin che con facilit\u00e0 superano l&#8217;ultima della classe. Una partita a senso unico che consegna tre punti importanti alle agordine che, a due partite dal termine, tornano ad occupare la zona salvezza. Match che inizia subito con il Volley Club Agordino che incamera il primo set rifilando 11 punti alle avversarie. Secondo parziale fotocopia del primo e ultimo set ancora a favore delle agordine. Ora la squadra di De Nardin dovr\u00e0 giocare le ultime partite della stagione contro Spresiano, prima in classifica, e MonteVolley quarta forza del campionato. Al Volley Club Agordino servono punti per evitare i playout e salvarsi. Un&#8217;impresa contro due corazzate del campionato di Prima Divisione.<\/p>\n<p>&nbsp;<\/p>\n<p>&nbsp;<\/p>\n<hr \/>\n<p>&nbsp;<\/p>\n<p><span style=\"color: #0000ff;\"><strong>HOCKEY SU GHIACCIO<\/strong><\/span><\/p>\n<blockquote>\n<h3>INIZIA IL MONDIALE PER LA NAZIONALE FEMMINILE DI HOCKEY SU GHIACCIO<\/h3>\n<\/blockquote>\n<p class=\"null\"><a class=\"dt-pswp-item\" href=\"https:\/\/www.radiopiu.net\/wordpress\/wp-content\/uploads\/2023\/04\/88873380-dd8b-0197-44f7-fb3f112246ea-scaled.jpg\" data-dt-img-description=\"\" data-large_image_width=\"2560\" data-large_image_height=\"1478\"><img loading=\"lazy\" decoding=\"async\" class=\" wp-image-331691 alignleft\" src=\"https:\/\/www.radiopiu.net\/wordpress\/wp-content\/uploads\/2023\/04\/88873380-dd8b-0197-44f7-fb3f112246ea-300x173.jpg\" alt=\"\" width=\"199\" height=\"115\" srcset=\"https:\/\/www.radiopiu.net\/wordpress\/wp-content\/uploads\/2023\/04\/88873380-dd8b-0197-44f7-fb3f112246ea-300x173.jpg 300w, https:\/\/www.radiopiu.net\/wordpress\/wp-content\/uploads\/2023\/04\/88873380-dd8b-0197-44f7-fb3f112246ea-1024x591.jpg 1024w, https:\/\/www.radiopiu.net\/wordpress\/wp-content\/uploads\/2023\/04\/88873380-dd8b-0197-44f7-fb3f112246ea-768x443.jpg 768w, https:\/\/www.radiopiu.net\/wordpress\/wp-content\/uploads\/2023\/04\/88873380-dd8b-0197-44f7-fb3f112246ea-1536x887.jpg 1536w, https:\/\/www.radiopiu.net\/wordpress\/wp-content\/uploads\/2023\/04\/88873380-dd8b-0197-44f7-fb3f112246ea-2048x1182.jpg 2048w\" sizes=\"auto, (max-width: 199px) 100vw, 199px\" \/><\/a>Grande appuntamento per la Nazionale femminile di hockey su ghiaccio, che a partire da oggi sar\u00e0 impegnata a Suwon, in Corea nel Sud, nel Mondiale di 1^ Divisione Gruppo B. Le Azzurre se la vedranno con Corea del Sud, Gran Bretagna, Kazakistan, Slovenia e Polonia. Le ragazze allenate da coach Massimo Fedrizzi sono partite gi\u00e0 sei giorni fa alla volta di Suwon, per abituarsi al fuso orario e arrivare quindi al meglio all&#8217;appuntamento iridato, che le vedr\u00e0 esordire contro le padrone di casa della Corea del Sud. Dopo il bronzo ottenuto l&#8217;anno scorso, quest&#8217;anno l&#8217;obiettivo \u00e8 una promozione in Gruppo A che manca dal 2018.<\/p>\n<p>&nbsp;<\/p>\n<hr \/>\n<p>&nbsp;<\/p>\n<p>&nbsp;<\/p>\n<table width=\"100%\">\n<tbody>\n<tr>\n<td>\n<table width=\"100%\">\n<tbody>\n<tr>\n<td>\n<table width=\"100%\">\n<tbody>\n<tr>\n<td>\n<h2>HOCKEY<\/h2>\n<h4><a class=\"dt-pswp-item\" href=\"https:\/\/www.radiopiu.net\/wordpress\/wp-content\/uploads\/2023\/04\/cc0b46a3-07e6-1903-fba3-b09b3662b95c-scaled.jpg\" data-dt-img-description=\"\" data-large_image_width=\"2560\" data-large_image_height=\"1703\"><img loading=\"lazy\" decoding=\"async\" class=\"size-medium wp-image-331738 alignleft\" src=\"https:\/\/www.radiopiu.net\/wordpress\/wp-content\/uploads\/2023\/04\/cc0b46a3-07e6-1903-fba3-b09b3662b95c-300x200.jpg\" alt=\"\" width=\"300\" height=\"200\" srcset=\"https:\/\/www.radiopiu.net\/wordpress\/wp-content\/uploads\/2023\/04\/cc0b46a3-07e6-1903-fba3-b09b3662b95c-300x200.jpg 300w, https:\/\/www.radiopiu.net\/wordpress\/wp-content\/uploads\/2023\/04\/cc0b46a3-07e6-1903-fba3-b09b3662b95c-1024x681.jpg 1024w, https:\/\/www.radiopiu.net\/wordpress\/wp-content\/uploads\/2023\/04\/cc0b46a3-07e6-1903-fba3-b09b3662b95c-768x511.jpg 768w, https:\/\/www.radiopiu.net\/wordpress\/wp-content\/uploads\/2023\/04\/cc0b46a3-07e6-1903-fba3-b09b3662b95c-1536x1022.jpg 1536w, https:\/\/www.radiopiu.net\/wordpress\/wp-content\/uploads\/2023\/04\/cc0b46a3-07e6-1903-fba3-b09b3662b95c-2048x1362.jpg 2048w\" sizes=\"auto, (max-width: 300px) 100vw, 300px\" \/><\/a><\/h4>\n<h1>Nazionale U18, gli Azzurrini chiudono il Mondiale al terzo posto<\/h1>\n<\/td>\n<\/tr>\n<\/tbody>\n<\/table>\n<\/td>\n<\/tr>\n<\/tbody>\n<\/table>\n<\/td>\n<\/tr>\n<tr>\n<td>\n<table width=\"100%\">\n<tbody>\n<tr>\n<td>\n<table width=\"100%\">\n<tbody>\n<tr>\n<td>\n<h3><strong>La vittoria sfuma negli ultimi minuti, poi la Slovenia si impone all&#8217;overtime per 2 a 1. Promossa l&#8217;Austria, retrocessione invece per la Polonia.\u00a0<\/strong><\/h3>\n<\/td>\n<\/tr>\n<\/tbody>\n<\/table>\n<\/td>\n<\/tr>\n<\/tbody>\n<\/table>\n<table width=\"100%\">\n<tbody>\n<tr>\n<td>\n<table width=\"100%\">\n<tbody>\n<tr>\n<td>\n<h4>Si chiude con un <strong>KO all&#8217;overtime e un terzo posto il Mondiale di 1^ Divisone Gruppo B per la Nazionale Italiana U18<\/strong>, che cede il passo per<strong> 2 a 1 a<\/strong>i padroni di casa della Slovenia. Il sogno promozione era gi\u00e0 svanito con la vittoria, nel corso del pomeriggio, dell&#8217;Austria, che conquista cos\u00ec la categoria superiore. A retrocedere \u00e8 la Polonia, sconfitta nello scontro-salvezza dall&#8217;Estonia.<\/h4>\n<\/td>\n<\/tr>\n<\/tbody>\n<\/table>\n<\/td>\n<\/tr>\n<\/tbody>\n<\/table>\n<\/td>\n<\/tr>\n<\/tbody>\n<\/table>\n<p>&nbsp;<\/p>\n<hr \/>\n<p>&nbsp;<\/p>\n<p><span style=\"color: #0000ff;\"><strong>DANZA<\/strong><\/span><\/p>\n<blockquote>\n<h3>OTTIMI RISULTATI PER L&#8217;ADA IN TRASFERTA A MONTEBELLO VICENTINO<\/h3>\n<\/blockquote>\n<p><strong><a class=\"dt-pswp-item\" href=\"https:\/\/www.radiopiu.net\/wordpress\/wp-content\/uploads\/2023\/04\/ADA.jpg\" data-dt-img-description=\"\" data-large_image_width=\"1186\" data-large_image_height=\"843\"><img loading=\"lazy\" decoding=\"async\" class=\"wp-image-331710 alignleft\" src=\"https:\/\/www.radiopiu.net\/wordpress\/wp-content\/uploads\/2023\/04\/ADA-300x213.jpg\" alt=\"\" width=\"200\" height=\"142\" srcset=\"https:\/\/www.radiopiu.net\/wordpress\/wp-content\/uploads\/2023\/04\/ADA-300x213.jpg 300w, https:\/\/www.radiopiu.net\/wordpress\/wp-content\/uploads\/2023\/04\/ADA-1024x728.jpg 1024w, https:\/\/www.radiopiu.net\/wordpress\/wp-content\/uploads\/2023\/04\/ADA-768x546.jpg 768w, https:\/\/www.radiopiu.net\/wordpress\/wp-content\/uploads\/2023\/04\/ADA.jpg 1186w\" sizes=\"auto, (max-width: 200px) 100vw, 200px\" \/><\/a>REDAZIONE\u00a0<\/strong>Anche questo fine settimana ADA in trasferta a Montebello Vicentino per l&#8217;ormai storico trofeo &#8220;Ioballo&#8221; cui partecipano scuole di danza di tutto il Veneto. ADA ha partecipato con tre gruppi ( modern 4, contemporanea e hiphop2) Risultati ragguardevoli: i ragazzi di contemporanea hanno conquistato alcune borse di studio con la coreografia &#8220;Manicomio&#8221; di Vanessa Lagan\u00e1 e le ragazze di hiphop si sono classificate seconde nella categoria fantasy junior con la coreografia &#8220;le origini&#8221; di Fabiola Prompicai. Una bella soddisfazione per queste giovani ballerine alla prima uscita a livello regionale Le ragazze del gruppo hiphop2: Maria Polato, Sabrina Innocenti, Sara Dhana, Nicole Manfroi, Sharon Triches, Andrea Cosner, Gaia Scardanzan, Isabel Carlin.<\/p>\n<p>&nbsp;<\/p>\n<p>&nbsp;<\/p>\n<div style=\"width: 848px;\" class=\"wp-video\"><video class=\"wp-video-shortcode\" id=\"video-331564-3\" width=\"848\" height=\"480\" preload=\"metadata\" controls=\"controls\"><source type=\"video\/mp4\" src=\"https:\/\/www.radiopiu.net\/wordpress\/wp-content\/uploads\/2023\/04\/WhatsApp-Video-2023-04-16-at-15.14.00.mp4?_=3\" \/><a href=\"https:\/\/www.radiopiu.net\/wordpress\/wp-content\/uploads\/2023\/04\/WhatsApp-Video-2023-04-16-at-15.14.00.mp4\">https:\/\/www.radiopiu.net\/wordpress\/wp-content\/uploads\/2023\/04\/WhatsApp-Video-2023-04-16-at-15.14.00.mp4<\/a><\/video><\/div>\n<p>&nbsp;<\/p>\n<hr \/>\n<p>&nbsp;<\/p>\n<p><span style=\"color: #0000ff;\"><strong>ALPINATHLON<\/strong><\/span><\/p>\n<blockquote>\n<h3>BIS DI DANIEL ANTONIOLI E MARTINA DE SILVESTRO<\/h3>\n<\/blockquote>\n<p><strong><a class=\"dt-pswp-item\" href=\"https:\/\/www.radiopiu.net\/wordpress\/wp-content\/uploads\/2023\/04\/92816e0c-71ba-6863-5d25-4b620d09d5e4.jpg\" data-dt-img-description=\"\" data-large_image_width=\"1024\" data-large_image_height=\"768\"><img loading=\"lazy\" decoding=\"async\" class=\" wp-image-331604 alignleft\" src=\"https:\/\/www.radiopiu.net\/wordpress\/wp-content\/uploads\/2023\/04\/92816e0c-71ba-6863-5d25-4b620d09d5e4-300x225.jpg\" alt=\"\" width=\"169\" height=\"127\" srcset=\"https:\/\/www.radiopiu.net\/wordpress\/wp-content\/uploads\/2023\/04\/92816e0c-71ba-6863-5d25-4b620d09d5e4-300x225.jpg 300w, https:\/\/www.radiopiu.net\/wordpress\/wp-content\/uploads\/2023\/04\/92816e0c-71ba-6863-5d25-4b620d09d5e4-768x576.jpg 768w, https:\/\/www.radiopiu.net\/wordpress\/wp-content\/uploads\/2023\/04\/92816e0c-71ba-6863-5d25-4b620d09d5e4.jpg 1024w\" sizes=\"auto, (max-width: 169px) 100vw, 169px\" \/><\/a>CORTINA <\/strong>\u00c8 andata in archivio con un bilancio decisamente positivo la seconda edizione di Alpinathlon, il duathlon (corsa e sci alpinismo) organizzato da Fondazione Cortina (la realt\u00e0 che organizza, tra i diversi eventi, anche la Coppa del Mondo di sci alpino) in collaborazione con il Comando Truppe Alpine dell&#8217;Esercito e l&#8217;Associazione Nazionale Alpini e con il fondamentale supporto di realt\u00e0 locali come lo Sci club Cortina, lo Snowboard club Cortina, il comitato organizzatore della granfondo Dobbiaco Cortina e l\u2019Atletica Cortina. Sono stati oltre centocinquanta gli atleti che, in una giornata coperta e dalla temperatura piuttosto rigida, si sono sfidati sui sentieri e sulle piste ampezzane. La gara prevedeva una prima frazione dedicata alla corsa a piedi, con partenza da Corso Italia e arrivo a Rio Gere dopo un tracciato di 7 chilometri di sviluppo e 560 metri di dislivello positivo e una seconda, dedicata allo scialpinismo, nella quale gli atleti dovevano salire da Rio Gere al rifugio Capanna Tondi (676 metri di dislivello) per poi scendere al rifugio Faloria (233 metri di dislivello negativo) dove era posto il traguardo finale. A livello individuale, a mettere tutti d\u2019accordo \u00e8 stato, come gi\u00e0 nella prima edizione, Daniel Antonioli: il valtellinese del Centro sportivo Esercito ha portato a termine la propria fatica con il tempo di 1h14\u201931\u201d. Anche al femminile la vincitrice \u00e8 la stessa del 2022: si tratta della bellunese di Padola di Comelico Superiore Martina De Silvestro (Team Karpos)<\/p>\n<p>&nbsp;<\/p>\n<p>&nbsp;<\/p>\n<\/div>\n","protected":false},"excerpt":{"rendered":"<p>ISCRIVITI AL NOSTRO CANALE\u00a0 YOUTUBE PER SEGUIRE IN DIRETTA I PRINCIPALI PROGRAMMI DI RADIO PIU&#8217; E LE FUTURE DIRETTE IN ESTERNA. PER ISCRIVERTI CLICCA QUI E PREMI\u00a0 &#8220;Iscriviti&#8221;\u00a0 \u00a0 \u00a0 &nbsp; E anche oggi RADIOPIU si fa in quattro per i suoi ascoltatori&#8230;. 1&#8230;. alle 10.15 decima e ultima puntata con i GRUPPI AIUTO della&hellip;<\/p>\n","protected":false},"author":4,"featured_media":331739,"comment_status":"closed","ping_status":"closed","sticky":false,"template":"","format":"standard","meta":{"_monsterinsights_skip_tracking":false,"_monsterinsights_sitenote_active":false,"_monsterinsights_sitenote_note":"","_monsterinsights_sitenote_category":0,"footnotes":""},"categories":[51,86,49],"tags":[],"class_list":["post-331564","post","type-post","status-publish","format-standard","has-post-thumbnail","hentry","category-evidenza-top","category-gr","category-news-18","category-51","category-86","category-49","description-off"],"img_url":"https:\/\/www.radiopiu.net\/wordpress\/wp-content\/uploads\/2023\/04\/Senza-nome-40.jpg","_links":{"self":[{"href":"https:\/\/www.radiopiu.net\/wordpress\/wp-json\/wp\/v2\/posts\/331564","targetHints":{"allow":["GET"]}}],"collection":[{"href":"https:\/\/www.radiopiu.net\/wordpress\/wp-json\/wp\/v2\/posts"}],"about":[{"href":"https:\/\/www.radiopiu.net\/wordpress\/wp-json\/wp\/v2\/types\/post"}],"author":[{"embeddable":true,"href":"https:\/\/www.radiopiu.net\/wordpress\/wp-json\/wp\/v2\/users\/4"}],"replies":[{"embeddable":true,"href":"https:\/\/www.radiopiu.net\/wordpress\/wp-json\/wp\/v2\/comments?post=331564"}],"version-history":[{"count":0,"href":"https:\/\/www.radiopiu.net\/wordpress\/wp-json\/wp\/v2\/posts\/331564\/revisions"}],"wp:featuredmedia":[{"embeddable":true,"href":"https:\/\/www.radiopiu.net\/wordpress\/wp-json\/wp\/v2\/media\/331739"}],"wp:attachment":[{"href":"https:\/\/www.radiopiu.net\/wordpress\/wp-json\/wp\/v2\/media?parent=331564"}],"wp:term":[{"taxonomy":"category","embeddable":true,"href":"https:\/\/www.radiopiu.net\/wordpress\/wp-json\/wp\/v2\/categories?post=331564"},{"taxonomy":"post_tag","embeddable":true,"href":"https:\/\/www.radiopiu.net\/wordpress\/wp-json\/wp\/v2\/tags?post=331564"}],"curies":[{"name":"wp","href":"https:\/\/api.w.org\/{rel}","templated":true}]}}