{"id":331583,"date":"2023-04-15T17:08:45","date_gmt":"2023-04-15T15:08:45","guid":{"rendered":"https:\/\/www.radiopiu.net\/wordpress\/?p=331583"},"modified":"2023-04-15T17:08:45","modified_gmt":"2023-04-15T15:08:45","slug":"approvato-il-bilancio-2022-di-asca","status":"publish","type":"post","link":"https:\/\/www.radiopiu.net\/wordpress\/approvato-il-bilancio-2022-di-asca\/","title":{"rendered":"APPROVATO IL BILANCIO 2022 DI ASCA"},"content":{"rendered":"<p><strong><a class=\"dt-pswp-item\" href=\"https:\/\/www.radiopiu.net\/wordpress\/wp-content\/uploads\/2020\/04\/ASCA.png\" data-dt-img-description=\"\" data-large_image_width=\"1211\" data-large_image_height=\"668\"><img loading=\"lazy\" decoding=\"async\" class=\" wp-image-128881 alignleft\" src=\"https:\/\/www.radiopiu.net\/wordpress\/wp-content\/uploads\/2020\/04\/ASCA-300x165.png\" alt=\"\" width=\"211\" height=\"116\" srcset=\"https:\/\/www.radiopiu.net\/wordpress\/wp-content\/uploads\/2020\/04\/ASCA-300x165.png 300w, https:\/\/www.radiopiu.net\/wordpress\/wp-content\/uploads\/2020\/04\/ASCA-1024x565.png 1024w, https:\/\/www.radiopiu.net\/wordpress\/wp-content\/uploads\/2020\/04\/ASCA-768x424.png 768w, https:\/\/www.radiopiu.net\/wordpress\/wp-content\/uploads\/2020\/04\/ASCA.png 1211w\" sizes=\"auto, (max-width: 211px) 100vw, 211px\" \/><\/a>AGORDO <\/strong>Mercoled\u00ec 5 aprile l\u2019Assemblea dei Sindaci di Asca ha approvato all\u2019unanimit\u00e0 il bilancio d\u2019esercizio 2022 esprimendo soddisfazione per gli obiettivi raggiunti e per il risultato economico: il bilancio chiude con una lieve perdita (\u20ac 9.833) su un valore della produzione di \u20ac 4.300.000 e senza usufruire della norma che permetteva di non includere gli ammortamenti. L\u2019anno \u00e8 stato particolarmente complesso: nei primi mesi, ancora in regime di pandemia, il Covid, pur senza conseguenze, ha colpito anziani e operatori e reso molto difficile l\u2019organizzazione del lavoro; poi, la definitiva dismissione dell\u2019edificio \u201canziani inabili\u201d ha comportato il totale spostamento del personale e degli anziani dalla suddetta struttura ai Polifunzionali; infine &#8211; solo per citare gli eventi pi\u00f9 significativi &#8211; la\u00a0 ripresa della gestione diretta di tutte le unit\u00e0 d\u2019offerta in sostituzione della cooperativa. La presenza del Covid ha richiesto il potenziamento di alcune spese soprattutto legate al costo del personale ed il conseguente trasferimento di appositi fondi da parte dei Comuni; gi\u00e0 a met\u00e0 2022 \u00e8 risultato evidente &#8211; come d\u2019altronde in tutte le altre strutture per anziani \u2013 che, sia a causa dei costi del personale sia dei notevoli aumenti delle utenze, il bilancio previsionale si sarebbe potuto chiudere con un preoccupante disavanzo. Va dato atto ad Asca che, immediatamente, sono state poste in essere misure plurime di contenimento dei costi, pur garantendo il livello delle prestazioni, tra cui la dismissione dell\u2019edificio anziani inabili e la gestione diretta del personale. A fine anno \u00e8 stata rinnovata la certificazione di qualit\u00e0 e, nel corso dei mesi, avviata la progettazione per la ristrutturazione complessiva degli edifici e dei servizi a valere sul fondo di Area Vasta FCC. Rispetto all\u2019attivit\u00e0 territoriale si \u00e8 sottolineato come il servizio di assistenza domiciliare abbia preso in carico 278 persone e consegnato a domicilio circa 25.200 pasti (confezionati da Luxottica), soprattutto grazie al corposo intervento delle associazioni di volontariato che si rivelano di fondamentale supporto anche per i 4 centri sollievo sparsi in tutto l\u2019Agordino. &#8220;Durante l\u2019anno ASCA ha provveduto a gestire le risorse assegnate ai Comuni, erogandole mediante bandi, quali contributi di supporto all\u2019acquisto di beni alimentari, di sostegno agli affitti e al pagamento delle utenze, allargando sempre pi\u00f9 il perimetro d\u2019azione verso le famiglie in difficolt\u00e0 &#8211; dicono dall&#8217;Azienda &#8211; La soddisfazione dei Sindaci \u00e8 stata espressa, inoltre, per la gestione completa del primo anno del nido di Cencenighe, preso in carico nell\u2019autunno del 2021; infatti, sono stati registrati i risultati positivi della gestione per la qualit\u00e0 del servizio erogato ed il risultato economico raggiunto. In qualit\u00e0 di Presidente dell\u2019Assemblea di Asca confermo che il 2022 \u00e8 stato un anno caratterizzato da grandi preoccupazioni di fronte alle quali non ci siamo persi d\u2019animo, ma ci siamo stretti in cerchio per affrontare assieme, Sindaci ed Azienda uniti, con lucida razionalit\u00e0, impegno e rigore gli ostacoli che, via via, si sono trasformati in sfide capaci di renderci pi\u00f9 consapevoli rispetto al futuro e alle decisioni da assumere. &#8220;Oggi ci affacciamo al nuovo anno preparandoci ad un\u2019altra grande sfida, quella di raccogliere sotto all\u2019unica regia di Asca i servizi all\u2019anziano resi in territorio agordino; questo ci consentir\u00e0 di compiere un\u2019accurata analisi dei nuovi bisogni, di ottimizzare la gestione delle risorse e di valorizzare il prezioso lavoro di tutte le persone che, quotidianamente, operano nelle nostre strutture con mirabile dedizione prendendosi cura di chi \u00e8 pi\u00f9 fragile&#8221;.<\/p>\n<p>&nbsp;<\/p>\n<p>&nbsp;<\/p>\n<p>******<\/p>\n","protected":false},"excerpt":{"rendered":"<p>AGORDO Mercoled\u00ec 5 aprile l\u2019Assemblea dei Sindaci di Asca ha approvato all\u2019unanimit\u00e0 il bilancio d\u2019esercizio 2022 esprimendo soddisfazione per gli obiettivi raggiunti e per il risultato economico: il bilancio chiude con una lieve perdita (\u20ac 9.833) su un valore della produzione di \u20ac 4.300.000 e senza usufruire della norma che permetteva di non includere gli&hellip;<\/p>\n","protected":false},"author":4,"featured_media":128881,"comment_status":"closed","ping_status":"closed","sticky":false,"template":"","format":"standard","meta":{"_monsterinsights_skip_tracking":false,"_monsterinsights_sitenote_active":false,"_monsterinsights_sitenote_note":"","_monsterinsights_sitenote_category":0,"footnotes":""},"categories":[51,49],"tags":[],"class_list":["post-331583","post","type-post","status-publish","format-standard","has-post-thumbnail","hentry","category-evidenza-top","category-news-18","category-51","category-49","description-off"],"img_url":"https:\/\/www.radiopiu.net\/wordpress\/wp-content\/uploads\/2020\/04\/ASCA.png","_links":{"self":[{"href":"https:\/\/www.radiopiu.net\/wordpress\/wp-json\/wp\/v2\/posts\/331583","targetHints":{"allow":["GET"]}}],"collection":[{"href":"https:\/\/www.radiopiu.net\/wordpress\/wp-json\/wp\/v2\/posts"}],"about":[{"href":"https:\/\/www.radiopiu.net\/wordpress\/wp-json\/wp\/v2\/types\/post"}],"author":[{"embeddable":true,"href":"https:\/\/www.radiopiu.net\/wordpress\/wp-json\/wp\/v2\/users\/4"}],"replies":[{"embeddable":true,"href":"https:\/\/www.radiopiu.net\/wordpress\/wp-json\/wp\/v2\/comments?post=331583"}],"version-history":[{"count":0,"href":"https:\/\/www.radiopiu.net\/wordpress\/wp-json\/wp\/v2\/posts\/331583\/revisions"}],"wp:featuredmedia":[{"embeddable":true,"href":"https:\/\/www.radiopiu.net\/wordpress\/wp-json\/wp\/v2\/media\/128881"}],"wp:attachment":[{"href":"https:\/\/www.radiopiu.net\/wordpress\/wp-json\/wp\/v2\/media?parent=331583"}],"wp:term":[{"taxonomy":"category","embeddable":true,"href":"https:\/\/www.radiopiu.net\/wordpress\/wp-json\/wp\/v2\/categories?post=331583"},{"taxonomy":"post_tag","embeddable":true,"href":"https:\/\/www.radiopiu.net\/wordpress\/wp-json\/wp\/v2\/tags?post=331583"}],"curies":[{"name":"wp","href":"https:\/\/api.w.org\/{rel}","templated":true}]}}