{"id":331595,"date":"2023-04-15T17:40:21","date_gmt":"2023-04-15T15:40:21","guid":{"rendered":"https:\/\/www.radiopiu.net\/wordpress\/?p=331595"},"modified":"2023-04-15T17:40:21","modified_gmt":"2023-04-15T15:40:21","slug":"elezioni-comunali-ununica-lista-a-cencenighe-con-mauro-soppelsa-candidato-sindaco","status":"publish","type":"post","link":"https:\/\/www.radiopiu.net\/wordpress\/elezioni-comunali-ununica-lista-a-cencenighe-con-mauro-soppelsa-candidato-sindaco\/","title":{"rendered":"ELEZIONI COMUNALI: UN&#8217;UNICA LISTA A CENCENIGHE CON MAURO SOPPELSA CANDIDATO SINDACO"},"content":{"rendered":"<p><strong>CENCENIGHE<\/strong> Sar\u00e0 Mauro Soppelsa, attuale sindaco, a correre contro il quorum a Cencenighe. Una sola lista presentata per le elezioni comunali del 14-15 maggio prossimo e si chiamer\u00e0 &#8220;Cencenighe Civica&#8221;. Anche a Cencenighe, perch\u00e9 siano valide le elezioni, dovranno andare a votare il 40% pi\u00f9 uno degli aventi diritto al voto esclusi gli elettori AIRE.<\/p>\n<p><span style=\"color: #ff0000;\"><strong>LISTA CENCENIGHE CIVICA<\/strong><\/span><\/p>\n<p><strong> Candidato sindaco: Mauro Soppelsa<\/strong><\/p>\n<p>Candidati consiglieri: Elio Chenet, Adriano Fontanive, Francesco Bisatti, Ervin Lazzarini, Elisa Cancel, Andrea Fa\u00e8, Duilio Fontanive, Orietta Scardanzan, Milena Soppelsa, Francesca Trentin<\/p>\n\n\t\t\t<style type='text\/css'>\n\t\t\t\t#gallery-1 {\n\t\t\t\t\tmargin: auto;\n\t\t\t\t}\n\t\t\t\t#gallery-1 .gallery-item {\n\t\t\t\t\tfloat: left;\n\t\t\t\t\tmargin-top: 10px;\n\t\t\t\t\ttext-align: center;\n\t\t\t\t\twidth: 50%;\n\t\t\t\t}\n\t\t\t\t#gallery-1 img {\n\t\t\t\t\tborder: 2px solid #cfcfcf;\n\t\t\t\t}\n\t\t\t\t#gallery-1 .gallery-caption {\n\t\t\t\t\tmargin-left: 0;\n\t\t\t\t}\n\t\t\t\t\/* see gallery_shortcode() in wp-includes\/media.php *\/\n\t\t\t<\/style>\n\t\t<div id='gallery-1' class='dt-gallery-container gallery galleryid-331595 gallery-columns-2 gallery-size-medium'><dl class='gallery-item'>\n\t\t\t\t<dt class='gallery-icon landscape'>\n\t\t\t\t\t<a class=\"rollover rollover-zoom dt-pswp-item\" title=\"cencenighe civica\" data-dt-img-description=\"\" data-large_image_width=\"590\" data-large_image_height=\"590\"href='https:\/\/www.radiopiu.net\/wordpress\/wp-content\/uploads\/2023\/04\/cencenighe-civica.jpg'><img loading=\"lazy\" decoding=\"async\" width=\"300\" height=\"300\" src=\"https:\/\/www.radiopiu.net\/wordpress\/wp-content\/uploads\/2023\/04\/cencenighe-civica-300x300.jpg\" class=\"attachment-medium size-medium\" alt=\"\" srcset=\"https:\/\/www.radiopiu.net\/wordpress\/wp-content\/uploads\/2023\/04\/cencenighe-civica-300x300.jpg 300w, https:\/\/www.radiopiu.net\/wordpress\/wp-content\/uploads\/2023\/04\/cencenighe-civica-150x150.jpg 150w, https:\/\/www.radiopiu.net\/wordpress\/wp-content\/uploads\/2023\/04\/cencenighe-civica.jpg 590w\" sizes=\"auto, (max-width: 300px) 100vw, 300px\" \/><\/a>\n\t\t\t\t<\/dt><\/dl><dl class='gallery-item'>\n\t\t\t\t<dt class='gallery-icon portrait'>\n\t\t\t\t\t<a class=\"rollover rollover-zoom dt-pswp-item\" title=\"Mauro Soppelsa - libero professionista - perito edile - 56 anni\" data-dt-img-description=\"\" data-large_image_width=\"1852\" data-large_image_height=\"2218\"href='https:\/\/www.radiopiu.net\/wordpress\/wp-content\/uploads\/2018\/05\/Mauro-Soppelsa-libero-professionista-perito-edile-56-anni.jpg'><img loading=\"lazy\" decoding=\"async\" width=\"250\" height=\"300\" src=\"https:\/\/www.radiopiu.net\/wordpress\/wp-content\/uploads\/2018\/05\/Mauro-Soppelsa-libero-professionista-perito-edile-56-anni-250x300.jpg\" class=\"attachment-medium size-medium\" alt=\"\" srcset=\"https:\/\/www.radiopiu.net\/wordpress\/wp-content\/uploads\/2018\/05\/Mauro-Soppelsa-libero-professionista-perito-edile-56-anni-250x300.jpg 250w, https:\/\/www.radiopiu.net\/wordpress\/wp-content\/uploads\/2018\/05\/Mauro-Soppelsa-libero-professionista-perito-edile-56-anni-768x920.jpg 768w, https:\/\/www.radiopiu.net\/wordpress\/wp-content\/uploads\/2018\/05\/Mauro-Soppelsa-libero-professionista-perito-edile-56-anni-855x1024.jpg 855w, https:\/\/www.radiopiu.net\/wordpress\/wp-content\/uploads\/2018\/05\/Mauro-Soppelsa-libero-professionista-perito-edile-56-anni.jpg 1852w\" sizes=\"auto, (max-width: 250px) 100vw, 250px\" \/><\/a>\n\t\t\t\t<\/dt><\/dl><br style=\"clear: both\" \/>\n\t\t\t<\/div>\n\n<p>&nbsp;<\/p>\n<p>&nbsp;<\/p>\n<p>*******<\/p>\n","protected":false},"excerpt":{"rendered":"<p>CENCENIGHE Sar\u00e0 Mauro Soppelsa, attuale sindaco, a correre contro il quorum a Cencenighe. Una sola lista presentata per le elezioni comunali del 14-15 maggio prossimo e si chiamer\u00e0 &#8220;Cencenighe Civica&#8221;. Anche a Cencenighe, perch\u00e9 siano valide le elezioni, dovranno andare a votare il 40% pi\u00f9 uno degli aventi diritto al voto esclusi gli elettori AIRE.&hellip;<\/p>\n","protected":false},"author":4,"featured_media":331597,"comment_status":"closed","ping_status":"closed","sticky":false,"template":"","format":"standard","meta":{"_monsterinsights_skip_tracking":false,"_monsterinsights_sitenote_active":false,"_monsterinsights_sitenote_note":"","_monsterinsights_sitenote_category":0,"footnotes":""},"categories":[49],"tags":[],"class_list":["post-331595","post","type-post","status-publish","format-standard","has-post-thumbnail","hentry","category-news-18","category-49","description-off"],"img_url":"https:\/\/www.radiopiu.net\/wordpress\/wp-content\/uploads\/2023\/04\/mauro-soppelsa.jpeg","_links":{"self":[{"href":"https:\/\/www.radiopiu.net\/wordpress\/wp-json\/wp\/v2\/posts\/331595","targetHints":{"allow":["GET"]}}],"collection":[{"href":"https:\/\/www.radiopiu.net\/wordpress\/wp-json\/wp\/v2\/posts"}],"about":[{"href":"https:\/\/www.radiopiu.net\/wordpress\/wp-json\/wp\/v2\/types\/post"}],"author":[{"embeddable":true,"href":"https:\/\/www.radiopiu.net\/wordpress\/wp-json\/wp\/v2\/users\/4"}],"replies":[{"embeddable":true,"href":"https:\/\/www.radiopiu.net\/wordpress\/wp-json\/wp\/v2\/comments?post=331595"}],"version-history":[{"count":0,"href":"https:\/\/www.radiopiu.net\/wordpress\/wp-json\/wp\/v2\/posts\/331595\/revisions"}],"wp:featuredmedia":[{"embeddable":true,"href":"https:\/\/www.radiopiu.net\/wordpress\/wp-json\/wp\/v2\/media\/331597"}],"wp:attachment":[{"href":"https:\/\/www.radiopiu.net\/wordpress\/wp-json\/wp\/v2\/media?parent=331595"}],"wp:term":[{"taxonomy":"category","embeddable":true,"href":"https:\/\/www.radiopiu.net\/wordpress\/wp-json\/wp\/v2\/categories?post=331595"},{"taxonomy":"post_tag","embeddable":true,"href":"https:\/\/www.radiopiu.net\/wordpress\/wp-json\/wp\/v2\/tags?post=331595"}],"curies":[{"name":"wp","href":"https:\/\/api.w.org\/{rel}","templated":true}]}}