{"id":331646,"date":"2024-06-08T05:48:06","date_gmt":"2024-06-08T03:48:06","guid":{"rendered":"https:\/\/www.radiopiu.net\/wordpress\/?p=331646"},"modified":"2024-06-08T06:00:29","modified_gmt":"2024-06-08T04:00:29","slug":"franco-imprenditor","status":"publish","type":"post","link":"https:\/\/www.radiopiu.net\/wordpress\/franco-imprenditor\/","title":{"rendered":"OGGI ALLE 14.30 L&#8217;ULTIMO SALUTO A FRANCO, L&#8217;IMPRENDITORE DELLA FAMIGLIA GANZ"},"content":{"rendered":"<p>&nbsp;<\/p>\n<p><strong><img loading=\"lazy\" decoding=\"async\" class=\"alignleft\" src=\"https:\/\/www.radiopiu.net\/wordpress\/wp-content\/uploads\/2023\/04\/Senza-nome-3.png\" width=\"195\" height=\"112\" \/>AGORDO<\/strong>\u00a0 OGGI ALLE 14.40, nella chiesa Arcidiaconale l&#8217;ultimo saluto a Franco Ganz. L&#8217;abbraccio di una comunit\u00e0 ai figli Dario con Moira e Andrea, Marco con Raffaella e Matteo, le sorelle Marina e Luciana, i cognati Gianni, Gemma e Alberto, i cugini, i nipoti ed i parenti tutti.\u00a0 Molti i messaggi di cordoglio anche dal gruppo Alpini della Conca Agordina.<\/p>\n<p>&nbsp;<\/p>\n<hr \/>\n<p>&nbsp;<\/p>\n<p>&nbsp;<\/p>\n<p>&nbsp;<\/p>\n<p>APRILE 2023<\/p>\n<p><strong><a class=\"dt-pswp-item\" href=\"https:\/\/www.radiopiu.net\/wordpress\/wp-content\/uploads\/2023\/04\/f2d74b85-24e8-45ca-be01-24a814ff67b9.jpg\" data-dt-img-description=\"\" data-large_image_width=\"434\" data-large_image_height=\"594\"><img loading=\"lazy\" decoding=\"async\" class=\"size-medium wp-image-331647 alignleft\" src=\"https:\/\/www.radiopiu.net\/wordpress\/wp-content\/uploads\/2023\/04\/f2d74b85-24e8-45ca-be01-24a814ff67b9-219x300.jpg\" alt=\"\" width=\"219\" height=\"300\" srcset=\"https:\/\/www.radiopiu.net\/wordpress\/wp-content\/uploads\/2023\/04\/f2d74b85-24e8-45ca-be01-24a814ff67b9-219x300.jpg 219w, https:\/\/www.radiopiu.net\/wordpress\/wp-content\/uploads\/2023\/04\/f2d74b85-24e8-45ca-be01-24a814ff67b9.jpg 434w\" sizes=\"auto, (max-width: 219px) 100vw, 219px\" \/><\/a>AGORDO<\/strong> Era bello Giorgio incontrarti, 40 anni fa quando hai dato fiducia a un ragazzino che ti proponeva di pubblicizzare le tue importanti attivit\u00e0 sulla neo nata radio locale. Erano gli anni dei coraggiosi investimenti nelle attivit\u00e0 di famiglia,\u00a0 importanti per Agordo, per la vallata. Dai Ganz era piacevole essere accolti da una persona umile, bonaria e con quel tratto ironico contagioso. Cos\u00ec come era bello pochi mesi fa, fare due chiacchiere sulla porta del bar Carlin, prima del caff\u00e8, anche li ho notato quel carattere che ti ha permesso di vivere e poi lasciarci, comunque di buon umore.<\/p>\n<p>Giorgio Ganz \u00e8 serenamente mancato a 87 anni,\u00a0 assistito dai suoi cari, dalla moglie Sofia Vallazza, i figli Paola, Francesco, Elena, la sorella Wanda, i nipoti.<\/p>\n<p><em><a class=\"dt-pswp-item\" href=\"https:\/\/www.radiopiu.net\/wordpress\/wp-content\/uploads\/2023\/04\/Ganz_1.jpg\" data-dt-img-description=\"\" data-large_image_width=\"400\" data-large_image_height=\"400\"><img loading=\"lazy\" decoding=\"async\" class=\"wp-image-331651 alignright\" src=\"https:\/\/www.radiopiu.net\/wordpress\/wp-content\/uploads\/2023\/04\/Ganz_1-300x300.jpg\" alt=\"\" width=\"199\" height=\"199\" srcset=\"https:\/\/www.radiopiu.net\/wordpress\/wp-content\/uploads\/2023\/04\/Ganz_1-300x300.jpg 300w, https:\/\/www.radiopiu.net\/wordpress\/wp-content\/uploads\/2023\/04\/Ganz_1-150x150.jpg 150w, https:\/\/www.radiopiu.net\/wordpress\/wp-content\/uploads\/2023\/04\/Ganz_1.jpg 400w\" sizes=\"auto, (max-width: 199px) 100vw, 199px\" \/><\/a>Ganz, un marchio importante per Agordo, Giorgio ha saputo dare continuit\u00e0 all\u2019attivit\u00e0 fondata dal padre e dagli zii. Una lunga attivit\u00e0 imprenditoriale in qualit\u00e0 di amministratore della ditta Ganz Francesco &amp; F.lli dove si \u00e8 meritato la stima e l\u2019affetto di tutti i collaboratori e dipendenti. Non ha mai smesso di pensare al futuro, suo, soprattutto della sua famiglia,\u00a0 recentemente ha dato vita al nuovo Centro Commerciale Ganz in via Insurrezione dove oggi si trovano attivit\u00e0 utili al tessuto sociale ed occupazionale dell&#8217;intera vallata. Un esempio di vita e di attaccamento al lavoro assorbito dal figlio Francesco, che ne ha fatto modello e ha saputo cos\u00ec proseguire la tradizione imprenditoriale della famiglia Ganz negli\u00a0 Stati Uniti d&#8217;America,\u00a0 alla guida di &#8220;Ethica Wines &#8220;primario operatore nella distribuzione di vini italiani in North America e Asia Pacific. Alla famiglia Ganz, ai parenti giunga un pensiero di affetto dalla redazione di Radio Pi\u00f9.<\/em><\/p>\n<p><em>foto Giorgio Ganz,\u00a0 De Toffol_ Agordo.<br \/>\nfoto marchio www.worldcrowncaps.it<\/em><\/p>\n<p>&nbsp;<\/p>\n<hr \/>\n<p>&nbsp;<\/p>\n<p>&nbsp;<\/p>\n<p>&nbsp;<\/p>\n<hr \/>\n<p>&nbsp;<\/p>\n<p>&nbsp;<\/p>\n<p>&nbsp;<\/p>\n","protected":false},"excerpt":{"rendered":"<p>&nbsp; AGORDO\u00a0 OGGI ALLE 14.40, nella chiesa Arcidiaconale l&#8217;ultimo saluto a Franco Ganz. L&#8217;abbraccio di una comunit\u00e0 ai figli Dario con Moira e Andrea, Marco con Raffaella e Matteo, le sorelle Marina e Luciana, i cognati Gianni, Gemma e Alberto, i cugini, i nipoti ed i parenti tutti.\u00a0 Molti i messaggi di cordoglio anche dal&hellip;<\/p>\n","protected":false},"author":4,"featured_media":393677,"comment_status":"closed","ping_status":"closed","sticky":false,"template":"","format":"standard","meta":{"_monsterinsights_skip_tracking":false,"_monsterinsights_sitenote_active":false,"_monsterinsights_sitenote_note":"","_monsterinsights_sitenote_category":0,"footnotes":""},"categories":[51,49],"tags":[],"class_list":["post-331646","post","type-post","status-publish","format-standard","has-post-thumbnail","hentry","category-evidenza-top","category-news-18","category-51","category-49","description-off"],"img_url":"https:\/\/www.radiopiu.net\/wordpress\/wp-content\/uploads\/2023\/04\/Senza-nome-3.png","_links":{"self":[{"href":"https:\/\/www.radiopiu.net\/wordpress\/wp-json\/wp\/v2\/posts\/331646","targetHints":{"allow":["GET"]}}],"collection":[{"href":"https:\/\/www.radiopiu.net\/wordpress\/wp-json\/wp\/v2\/posts"}],"about":[{"href":"https:\/\/www.radiopiu.net\/wordpress\/wp-json\/wp\/v2\/types\/post"}],"author":[{"embeddable":true,"href":"https:\/\/www.radiopiu.net\/wordpress\/wp-json\/wp\/v2\/users\/4"}],"replies":[{"embeddable":true,"href":"https:\/\/www.radiopiu.net\/wordpress\/wp-json\/wp\/v2\/comments?post=331646"}],"version-history":[{"count":0,"href":"https:\/\/www.radiopiu.net\/wordpress\/wp-json\/wp\/v2\/posts\/331646\/revisions"}],"wp:featuredmedia":[{"embeddable":true,"href":"https:\/\/www.radiopiu.net\/wordpress\/wp-json\/wp\/v2\/media\/393677"}],"wp:attachment":[{"href":"https:\/\/www.radiopiu.net\/wordpress\/wp-json\/wp\/v2\/media?parent=331646"}],"wp:term":[{"taxonomy":"category","embeddable":true,"href":"https:\/\/www.radiopiu.net\/wordpress\/wp-json\/wp\/v2\/categories?post=331646"},{"taxonomy":"post_tag","embeddable":true,"href":"https:\/\/www.radiopiu.net\/wordpress\/wp-json\/wp\/v2\/tags?post=331646"}],"curies":[{"name":"wp","href":"https:\/\/api.w.org\/{rel}","templated":true}]}}