{"id":331694,"date":"2023-04-17T13:30:15","date_gmt":"2023-04-17T11:30:15","guid":{"rendered":"https:\/\/www.radiopiu.net\/wordpress\/?p=331694"},"modified":"2023-04-16T14:03:24","modified_gmt":"2023-04-16T12:03:24","slug":"i-racconti-di-paolo-soppelsa-puntata-172","status":"publish","type":"post","link":"https:\/\/www.radiopiu.net\/wordpress\/i-racconti-di-paolo-soppelsa-puntata-172\/","title":{"rendered":"I RACCONTI DI PAOLO SOPPELSA &#8211; PUNTATA 172"},"content":{"rendered":"<p><strong>LARZONEI<\/strong><\/p>\n<p><strong>AUDIO<\/strong><\/p>\n<audio class=\"wp-audio-shortcode\" id=\"audio-331694-1\" preload=\"none\" style=\"width: 100%;\" controls=\"controls\"><source type=\"audio\/mpeg\" src=\"https:\/\/www.radiopiu.net\/wordpress\/wp-content\/uploads\/2023\/04\/PAOLO-SOPPELSA-LARZONEI.mp3?_=1\" \/><a href=\"https:\/\/www.radiopiu.net\/wordpress\/wp-content\/uploads\/2023\/04\/PAOLO-SOPPELSA-LARZONEI.mp3\">https:\/\/www.radiopiu.net\/wordpress\/wp-content\/uploads\/2023\/04\/PAOLO-SOPPELSA-LARZONEI.mp3<\/a><\/audio>\n<p>&nbsp;<\/p>\n<p><a class=\"dt-pswp-item\" href=\"https:\/\/www.radiopiu.net\/wordpress\/wp-content\/uploads\/2023\/04\/0d22eb80-7419-4ea1-b9fb-3c18fbe40888.jpg\" data-dt-img-description=\"\" data-large_image_width=\"1200\" data-large_image_height=\"1600\"><img loading=\"lazy\" decoding=\"async\" class=\" wp-image-331696 alignleft\" src=\"https:\/\/www.radiopiu.net\/wordpress\/wp-content\/uploads\/2023\/04\/0d22eb80-7419-4ea1-b9fb-3c18fbe40888-225x300.jpg\" alt=\"\" width=\"141\" height=\"188\" srcset=\"https:\/\/www.radiopiu.net\/wordpress\/wp-content\/uploads\/2023\/04\/0d22eb80-7419-4ea1-b9fb-3c18fbe40888-225x300.jpg 225w, https:\/\/www.radiopiu.net\/wordpress\/wp-content\/uploads\/2023\/04\/0d22eb80-7419-4ea1-b9fb-3c18fbe40888-768x1024.jpg 768w, https:\/\/www.radiopiu.net\/wordpress\/wp-content\/uploads\/2023\/04\/0d22eb80-7419-4ea1-b9fb-3c18fbe40888-1152x1536.jpg 1152w, https:\/\/www.radiopiu.net\/wordpress\/wp-content\/uploads\/2023\/04\/0d22eb80-7419-4ea1-b9fb-3c18fbe40888.jpg 1200w\" sizes=\"auto, (max-width: 141px) 100vw, 141px\" \/><\/a>&#8220;&#8230;sarae da mandali a sta a Larzonei\u2026&#8221; era un modo di dire sarcastico, ma nemmeno tanto, utilizzato a corredo di qualche commento di gente che solitamente viveva in citt\u00e0, che si lamentava di disagi metropolitani di minima entit\u00e0. E chiss\u00e0 dove si trovava questo Larzonei, pensavo in et\u00e0 bambina; &#8220;&#8230;l\u00e8 su par chi Fodom\u2026&#8221; era la risposta un po&#8217; vaga alla mia domanda. Poi, quando ho iniziato ad avventurarmi su qualche cima, ho imparato ad individuare questo piccolo borgo situato sul costone sud del monte Pore; un puntino nell&#8217;immenso panorama dolomitico, e cos\u00ec \u00e8 stato per anni, per me, questo villaggio; un modo di dire, un gruppo di case e tabi\u00e0 da cercare con il binocolo e una tabella stradale posta a poco pi\u00f9 di un chilometro dal termine della Strada Madre. Poi, in una rovente domenica di met\u00e0 luglio, ecco la salvifica idea anti calura; mi reco a cercare un po&#8217; di fresco in alto, a Larzonei frazione di Livinallongo, cos\u00ec, oltre a godermi un po&#8217; di frescura, posso finalmente conoscere questo borgo aggrappato ai pendii del monte Pore che pu\u00f2 ammirare l&#8217;intera parete nord del Civetta. La Panda saliva con grinta lungo la stretta e severa strada che inizia poco pi\u00f9 di un chilometro prima di raggiungere Cernadoi; una rotabile a misura di Panda, possibilmente 4&#215;4 come quella da me utilizzata, perfetta per affrontare d&#8217;inverno i quattro tornanti e poi il tratto sospeso sul vuoto e sovrastato dalla verticale parete rocciosa. Poi il tracciato si addolcisce mentre si snoda nel bosco e ad un certo punto, un po&#8217; prima di raggiungere la frazione, il paesaggio si apre diventando arioso. Ed \u00e8 in questo punto che ho parcheggiato per poi proseguire a piedi. A sud la maestosa parete nord del Civetta si mostrava in tutta la sua grandiosit\u00e0, a nord, invece, i prati perfettamente curati mi riportavano alla mente quel &#8220;&#8230;se slarga i pr\u00e0 nel cielo\u2026&#8221; cantato a piena voce dai Crodaioli diretti dal grande M\u00b0 Bepi De Marzi. &#8220;. Ancora qualche decina di metri di cammino ed ecco apparire il borgo; i grandi tabi\u00e0 con le cataste di legna perfettamente a piombo poste al riparo sotto ai palanzin, le grandi case con le piccole finestre, una fontana e gli orti in pendenza. Passeggiavo pensando alla breve estate di lass\u00f9 e a coloro che, in quell&#8217;infuocato pomeriggio di met\u00e0 luglio, boccheggiavano in pianura magari sognando la perfetta frescura di Larzonei. Poi guardavo la legna accatastata e pensavo che l&#8217;estate a 1561 metri di quota \u00e8 un tempo effimero; bastano un temporale oppure un giorno di maltempo a richiamare suggestioni d&#8217;autunno e, magari alla sera, un po&#8217; di fuoco nelle stufe. Prima di ripercorrere a ritroso i miei passi ho dedicato un po&#8217; di tempo alla piccola e graziosa chiesa di San Silvestro; l&#8217;ho trovata aperta, con la porta spalancata, ed \u00e8 stata una piacevole sorpresa in questi tempi di chiese chiuse a chiave e altari protetti da sofisticati sistemi d&#8217;allarme. C&#8217;era un bel silenzio che invitava al raccoglimento nella chiesa dedicata al Santo che si celebra l&#8217;ultimo giorno dell&#8217;anno, e mentre ammiravo lo splendido altare adornato di fiori freschi, pensavo alle notti d&#8217;inverno di quass\u00f9; alla tanta neve che quasi sempre ricopre i prati e i tetti delle case, alla luce della luna che fa scintillare il ghiaccio potente di gennaio. Silenzi e camini fumanti ed il profilo del Civetta che si intravede all&#8217;orizzonte; suggestioni d&#8217;inverno che quass\u00f9 \u00e8 sempre inverno per davvero. All&#8217;uscita della chiesa mi attendeva la dolce estate degli oltre millecinquecento metri e un piacevole vento che mi ha accompagnato fino alla macchina. Poi ancora uno sguardo alle montagne e poi una promessa; torner\u00f2 presto in questo borgo aggrappato alla montagna, dove il vivere \u00e8 sacrificio ed anche un po&#8217; poesia.<\/p>\n<p>&nbsp;<\/p>\n<p>&nbsp;<\/p>\n<p>******<\/p>\n","protected":false},"excerpt":{"rendered":"<p>LARZONEI AUDIO &nbsp; &#8220;&#8230;sarae da mandali a sta a Larzonei\u2026&#8221; era un modo di dire sarcastico, ma nemmeno tanto, utilizzato a corredo di qualche commento di gente che solitamente viveva in citt\u00e0, che si lamentava di disagi metropolitani di minima entit\u00e0. E chiss\u00e0 dove si trovava questo Larzonei, pensavo in et\u00e0 bambina; &#8220;&#8230;l\u00e8 su par&hellip;<\/p>\n","protected":false},"author":4,"featured_media":331696,"comment_status":"closed","ping_status":"closed","sticky":false,"template":"","format":"standard","meta":{"_monsterinsights_skip_tracking":false,"_monsterinsights_sitenote_active":false,"_monsterinsights_sitenote_note":"","_monsterinsights_sitenote_category":0,"footnotes":""},"categories":[49,112],"tags":[],"class_list":["post-331694","post","type-post","status-publish","format-standard","has-post-thumbnail","hentry","category-news-18","category-racconti-soppelsa","category-49","category-112","description-off"],"img_url":"https:\/\/www.radiopiu.net\/wordpress\/wp-content\/uploads\/2023\/04\/0d22eb80-7419-4ea1-b9fb-3c18fbe40888.jpg","_links":{"self":[{"href":"https:\/\/www.radiopiu.net\/wordpress\/wp-json\/wp\/v2\/posts\/331694","targetHints":{"allow":["GET"]}}],"collection":[{"href":"https:\/\/www.radiopiu.net\/wordpress\/wp-json\/wp\/v2\/posts"}],"about":[{"href":"https:\/\/www.radiopiu.net\/wordpress\/wp-json\/wp\/v2\/types\/post"}],"author":[{"embeddable":true,"href":"https:\/\/www.radiopiu.net\/wordpress\/wp-json\/wp\/v2\/users\/4"}],"replies":[{"embeddable":true,"href":"https:\/\/www.radiopiu.net\/wordpress\/wp-json\/wp\/v2\/comments?post=331694"}],"version-history":[{"count":0,"href":"https:\/\/www.radiopiu.net\/wordpress\/wp-json\/wp\/v2\/posts\/331694\/revisions"}],"wp:featuredmedia":[{"embeddable":true,"href":"https:\/\/www.radiopiu.net\/wordpress\/wp-json\/wp\/v2\/media\/331696"}],"wp:attachment":[{"href":"https:\/\/www.radiopiu.net\/wordpress\/wp-json\/wp\/v2\/media?parent=331694"}],"wp:term":[{"taxonomy":"category","embeddable":true,"href":"https:\/\/www.radiopiu.net\/wordpress\/wp-json\/wp\/v2\/categories?post=331694"},{"taxonomy":"post_tag","embeddable":true,"href":"https:\/\/www.radiopiu.net\/wordpress\/wp-json\/wp\/v2\/tags?post=331694"}],"curies":[{"name":"wp","href":"https:\/\/api.w.org\/{rel}","templated":true}]}}