{"id":331783,"date":"2023-04-18T05:43:48","date_gmt":"2023-04-18T03:43:48","guid":{"rendered":"https:\/\/www.radiopiu.net\/wordpress\/?p=331783"},"modified":"2023-04-18T08:50:30","modified_gmt":"2023-04-18T06:50:30","slug":"giornale-radiopiu-18-aprile-2023-direttore-mirko-mezzacasa-verso-i-40-anni-25-giugno-1983-25-giugno-2023","status":"publish","type":"post","link":"https:\/\/www.radiopiu.net\/wordpress\/giornale-radiopiu-18-aprile-2023-direttore-mirko-mezzacasa-verso-i-40-anni-25-giugno-1983-25-giugno-2023\/","title":{"rendered":"GIORNALE RADIOPIU 18 APRILE 2023 DIRETTORE MIRKO MEZZACASA&#8230;verso i 40 anni 25 giugno 1983-25 giugno 2023"},"content":{"rendered":"<h2 style=\"text-align: left;\"><span style=\"color: #ff0000;\"><span style=\"vertical-align: inherit;\">ISCRIVITI AL NOSTRO CANALE\u00a0 <\/span><\/span><span style=\"vertical-align: inherit;\"> YOUTUBE PER SEGUIRE IN DIRETTA I PRINCIPALI PROGRAMMI DI RADIO PIU&#8217; E LE FUTURE DIRETTE IN ESTERNA. PER ISCRIVERTI <\/span><a style=\"color: #ff0000;\" href=\"https:\/\/youtube.com\/@radiopiu1527\"><span style=\"vertical-align: inherit;\">CLICCA QUI <\/span><\/a><span style=\"color: #ff0000; font-size: 14px; font-weight: normal;\"><span style=\"vertical-align: inherit;\">E PREMI\u00a0 &#8220;Iscriviti&#8221;\u00a0 \u00a0 \u00a0<\/span><\/span><\/h2>\n<p>&nbsp;<\/p>\n<div dir=\"auto\"><a class=\"dt-pswp-item\" href=\"https:\/\/www.radiopiu.net\/wordpress\/wp-content\/uploads\/2023\/04\/om-salvarech-2023.jpg\" data-dt-img-description=\"\" data-large_image_width=\"2048\" data-large_image_height=\"1072\"><img loading=\"lazy\" decoding=\"async\" class=\"wp-image-331237 alignleft\" src=\"https:\/\/www.radiopiu.net\/wordpress\/wp-content\/uploads\/2023\/04\/om-salvarech-2023-300x157.jpg\" alt=\"\" width=\"220\" height=\"115\" srcset=\"https:\/\/www.radiopiu.net\/wordpress\/wp-content\/uploads\/2023\/04\/om-salvarech-2023-300x157.jpg 300w, https:\/\/www.radiopiu.net\/wordpress\/wp-content\/uploads\/2023\/04\/om-salvarech-2023-1024x536.jpg 1024w, https:\/\/www.radiopiu.net\/wordpress\/wp-content\/uploads\/2023\/04\/om-salvarech-2023-768x402.jpg 768w, https:\/\/www.radiopiu.net\/wordpress\/wp-content\/uploads\/2023\/04\/om-salvarech-2023-1536x804.jpg 1536w, https:\/\/www.radiopiu.net\/wordpress\/wp-content\/uploads\/2023\/04\/om-salvarech-2023.jpg 2048w\" sizes=\"auto, (max-width: 220px) 100vw, 220px\" \/><\/a><strong>E anche oggi RADIOPIU si fa in sei\u00a0 per i suoi ascoltatori&#8230;.<\/strong><\/div>\n<div dir=\"auto\"><strong>1&#8230;.<\/strong> alle 8 la rassegna stampa locale, dal 1983 tutti i giorni puntuale alle otto del mattino, di Mirko Mezzacasa<\/div>\n<div dir=\"auto\"><strong>2&#8230;&#8230;&#8230;<\/strong>alle 10.15\u00a0 Le nuove per ladin, con il MUSLA, Beatrice Colcuc<\/div>\n<div dir=\"auto\"><strong>3&#8230;&#8230;&#8230;..<\/strong>alle 10.30 Andrea Da Roit, l&#8217;Om Salvarech a La Valle Agordina<\/div>\n<div dir=\"auto\"><strong>4<\/strong>&#8230;&#8230;&#8230;&#8230;.alle 15.15 ROCK ROVENTE il nuovo programma con il ritorno di Marco Costantini<\/div>\n<div dir=\"auto\"><strong>5&#8230;&#8230;&#8230;&#8230;..<\/strong>alle 16.00 le Hit, la storia, con Mirco Bencivenni<\/div>\n<div dir=\"auto\"><strong>6<\/strong>&#8230;&#8230;&#8230;&#8230;&#8230;alle 20.30 BLACK SABBAT, CON Moreno Tocchetto, Siro e Jessica Lena.<\/div>\n<div dir=\"auto\"><\/div>\n<div dir=\"auto\"><\/div>\n<div dir=\"auto\"><\/div>\n<div dir=\"auto\"><\/div>\n<div dir=\"auto\">\n<hr \/>\n<\/div>\n<p>&nbsp;<\/p>\n<p><strong class=\"photoswipe-wrapper\"><a class=\"dt-pswp-item pspw-wrap-ready\" href=\"https:\/\/www.radiopiu.net\/wordpress\/wp-content\/uploads\/2021\/06\/8554eb80-bb6e-4752-a6d3-57aff91a2903.jpg\" data-dt-img-description=\"\" data-large_image_width=\"768\" data-large_image_height=\"1024\"><img loading=\"lazy\" decoding=\"async\" class=\"wp-image-215003 alignleft\" src=\"https:\/\/www.radiopiu.net\/wordpress\/wp-content\/uploads\/2021\/06\/8554eb80-bb6e-4752-a6d3-57aff91a2903-225x300.jpg\" sizes=\"auto, (max-width: 116px) 100vw, 116px\" srcset=\"https:\/\/www.radiopiu.net\/wordpress\/wp-content\/uploads\/2021\/06\/8554eb80-bb6e-4752-a6d3-57aff91a2903-225x300.jpg 225w, https:\/\/www.radiopiu.net\/wordpress\/wp-content\/uploads\/2021\/06\/8554eb80-bb6e-4752-a6d3-57aff91a2903.jpg 768w\" alt=\"\" width=\"116\" height=\"155\" \/><\/a><span style=\"color: #ff0000;\">BANDI ALLA RADIO\u00a0<\/span><\/strong><\/p>\n<p><strong>BANDI DI CONCORSO, DAL COMUNE DI ROCCA PIETORE.\u00a0<\/strong>UN POSTO DI ISTRUTTORE AMMINISTRATIVO categoria C1, a tempo pieno e indeterminato UN POSTO DI ISTRUTTORE TECNICO categoria C1, contratto a tempo pieno e indeterminato Tutte le informazioni inerenti ai bandi di concorso, le modalit\u00e0 e i termini di presentazione delle domande sono reperibili sul sito del Comune: WWW.COMUNE.ROCCAPIETORE.BL.IT<\/p>\n<p>&nbsp;<\/p>\n<p>&nbsp;<\/p>\n<hr \/>\n<p>&nbsp;<\/p>\n<p>&nbsp;<\/p>\n<p><strong class=\"photoswipe-wrapper\"><a class=\"dt-pswp-item pspw-wrap-ready\" href=\"https:\/\/www.radiopiu.net\/wordpress\/wp-content\/uploads\/2022\/03\/ASCA.jpg\" data-dt-img-description=\"\" data-large_image_width=\"292\" data-large_image_height=\"290\"><img loading=\"lazy\" decoding=\"async\" class=\"wp-image-263829 alignleft\" src=\"https:\/\/www.radiopiu.net\/wordpress\/wp-content\/uploads\/2022\/03\/ASCA.jpg\" sizes=\"auto, (max-width: 168px) 100vw, 168px\" srcset=\"https:\/\/www.radiopiu.net\/wordpress\/wp-content\/uploads\/2022\/03\/ASCA.jpg 292w, https:\/\/www.radiopiu.net\/wordpress\/wp-content\/uploads\/2022\/03\/ASCA-150x150.jpg 150w\" alt=\"\" width=\"108\" height=\"107\" \/><\/a><span style=\"color: #ff0000;\">AVVISI DI SELEZIONE ALLA RADIO\u00a0<\/span><\/strong><\/p>\n<p><strong>AVVISO DI SELEZIONE!\u00a0<\/strong><strong>ASCA, <\/strong>azienda speciale consortile agordina intende inserire nuovi operatori socio sanitari\u00a0Inquadramento contratto Uneba, livello 4S SUPERMINIMO, ACCESSO WELFARE AZIENDALE, SISTEMAZIONE ABITATIVA A CANONE AGEVOLATO. LE DOMANDE DI PARTECIPAZIONE ALLA SELEZIONE VANNO PRESENTATE ENTRO LE 10\u00a0 DEL 21\u00a0 APRILE. BANDO consultabile sul sito\u00a0<a href=\"http:\/\/www.servizisocialiasca.it\/\">www.servizisocialiasca.it<\/a><\/p>\n<p>&nbsp;<\/p>\n<p>&nbsp;<\/p>\n<hr \/>\n<p>&nbsp;<\/p>\n<p><strong><a class=\"dt-pswp-item\" href=\"https:\/\/www.radiopiu.net\/wordpress\/wp-content\/uploads\/2023\/04\/SCALE-PRIMO.jpg\" data-dt-img-description=\"\" data-large_image_width=\"316\" data-large_image_height=\"168\"><img loading=\"lazy\" decoding=\"async\" class=\" wp-image-331567 alignleft\" src=\"https:\/\/www.radiopiu.net\/wordpress\/wp-content\/uploads\/2023\/04\/SCALE-PRIMO-300x159.jpg\" alt=\"\" width=\"191\" height=\"101\" srcset=\"https:\/\/www.radiopiu.net\/wordpress\/wp-content\/uploads\/2023\/04\/SCALE-PRIMO-300x159.jpg 300w, https:\/\/www.radiopiu.net\/wordpress\/wp-content\/uploads\/2023\/04\/SCALE-PRIMO.jpg 316w\" sizes=\"auto, (max-width: 191px) 100vw, 191px\" \/><\/a>SR 50 SCALE DI PRIMOLANO,<\/strong>\u00a0Fastro-Primolano,\u00a0dal 13 aprile al 6 maggio\u00a0divieto di transito direzione di marcia Fastro-Primolano per tutti i mezzi superiori alle 3,5 tonnellate, caravan e autocaravan.\u00a0 Deviazioni sulla 50 bis in seguito alla chiusura totale delle gallerie San Vito e Brenta.<\/p>\n<p>Galleria San Vito di Arsi\u00e8 chiusura totale della galleria PER TUTTI I MEZZI durante le notti dal 13 aprile al 6 maggio dale 21 alle\u00a0 6 del mattino successivo<\/p>\n<p>&nbsp;<\/p>\n<p>&nbsp;<\/p>\n<hr \/>\n<p>&nbsp;<\/p>\n<blockquote>\n<h3>ACQUA DI NUOVO POTABILE AD AGORDO E TAIBON<\/h3>\n<\/blockquote>\n<p><strong><a class=\"dt-pswp-item\" href=\"https:\/\/www.radiopiu.net\/wordpress\/wp-content\/uploads\/2023\/01\/bicchiere-acqua.png\" data-dt-img-description=\"\" data-large_image_width=\"1800\" data-large_image_height=\"1166\"><img loading=\"lazy\" decoding=\"async\" class=\" wp-image-315608 alignleft\" src=\"https:\/\/www.radiopiu.net\/wordpress\/wp-content\/uploads\/2023\/01\/bicchiere-acqua-300x194.png\" alt=\"\" width=\"210\" height=\"136\" srcset=\"https:\/\/www.radiopiu.net\/wordpress\/wp-content\/uploads\/2023\/01\/bicchiere-acqua-300x194.png 300w, https:\/\/www.radiopiu.net\/wordpress\/wp-content\/uploads\/2023\/01\/bicchiere-acqua-1024x663.png 1024w, https:\/\/www.radiopiu.net\/wordpress\/wp-content\/uploads\/2023\/01\/bicchiere-acqua-768x497.png 768w, https:\/\/www.radiopiu.net\/wordpress\/wp-content\/uploads\/2023\/01\/bicchiere-acqua-1536x995.png 1536w, https:\/\/www.radiopiu.net\/wordpress\/wp-content\/uploads\/2023\/01\/bicchiere-acqua.png 1800w\" sizes=\"auto, (max-width: 210px) 100vw, 210px\" \/><\/a> <\/strong><\/p>\n<p><strong>\u00a0<\/strong><\/p>\n<p><strong>AGORDO\/TAIBON<\/strong> Gestione Servizi Pubblici informa che ad Agordo, nelle localit\u00e0 Veran e Crostolin, e a Taibon Agordino, nelle localit\u00e0 Ronch De Buos e Nogarola, l&#8217;acqua erogata dall&#8217;acquedotto \u00e8 di nuovo potabile e pu\u00f2 essere usata, quindi, per scopi alimentari.<\/p>\n<p>&nbsp;<\/p>\n<p>&nbsp;<\/p>\n<hr \/>\n<p>&nbsp;<\/p>\n<p>&nbsp;<\/p>\n<blockquote>\n<h3>DIVIETO DI DIMORA PER L&#8217;AGGRESSORE DEL BARISTA<\/h3>\n<\/blockquote>\n<p><strong>BELLUNO<\/strong> Divieto di dimora in provincia di Belluno per l&#8217;uomo che venerd\u00ec sera ha aggredito Giuseppe Orzes (frattura nasale, prognosi 3 giorni), il titolare dell&#8217;area di servizio con bar Q8 di via Feltre, e provocato danni nella terrazza esterna del locale.\u00a0 Il barman si era rifiutato di servire alcolici all&#8217;avventore gi\u00e0 visibilmente ubriaco e molesto. Ieri in tribunale era fissato il processo per direttissima di I.K., il cittadino senegalese responsabile dell&#8217;aggressione &#8211; che ha rifiutato il patteggiamento &#8211;\u00a0 il giudice ha accolto la richiesta del pm Claudio Fabris disponendo la scarcerazione dell&#8217;uomo e il divieto di dimora in provincia di Belluno.<\/p>\n<p><strong>ARCHIVIO<\/strong><\/p>\n<p><em> La sua reazione alla mancata preparazione della bevanda prescelta \u00e8 consistita in un destro sul naso di Orzes, approfittando del fatto che si era momentaneamente girato e non poteva aspettarsi di essere colpito.<\/em><\/p>\n<p><strong><img loading=\"lazy\" decoding=\"async\" class=\"alignleft\" src=\"https:\/\/www.radiopiu.net\/wordpress\/wp-content\/uploads\/2023\/04\/Senza-nome-39.jpg\" width=\"225\" height=\"129\" \/>BELLUNO <\/strong>Barman aggredito per uno spritz negato. Nuovo episodio di violenza in citt\u00e0. Arrestato venerd\u00ec sera dalla polizia il cliente, che ha colpito con un pugno sul naso Giuseppe Orzes, il titolare dell&#8217;area di servizio con bar Q8 di via Feltre e provocato danni a sedie e portacenere, nella terrazza esterna del locale. Dopo l&#8217;identificazione e le altre formalit\u00e0 necessarie in questura, il cittadino senegalese I.K. \u00e8 stato portato nel carcere di Baldenich, indagato per lesioni e danneggiamento aggravatO. I.K. stava\u00a0 molestando\u00a0 i clienti, che a quell&#8217;ora stava facendo l&#8217;aperitivo.<\/p>\n<p>&nbsp;<\/p>\n<hr \/>\n<p>&nbsp;<\/p>\n<blockquote>\n<h3>CIAO MAESTRA DELL&#8217;ANDREA<\/h3>\n<p><strong>Oggi alle 16 i funerali nell&#8217;Arcidiaconale di Agordo.<\/strong><\/p><\/blockquote>\n<p><strong><a class=\"dt-pswp-item\" href=\"https:\/\/www.radiopiu.net\/wordpress\/wp-content\/uploads\/2023\/04\/Senza-nome-43.jpg\" data-dt-img-description=\"\" data-large_image_width=\"168\" data-large_image_height=\"191\"><img loading=\"lazy\" decoding=\"async\" class=\"size-full wp-image-331812 alignleft\" src=\"https:\/\/www.radiopiu.net\/wordpress\/wp-content\/uploads\/2023\/04\/Senza-nome-43.jpg\" alt=\"\" width=\"168\" height=\"191\" \/><\/a>AGORDO<\/strong> La cara maestra dell&#8217;Andrea, per tutti noi scolari delle elementari a Taibon era la maestra dell&#8217;Andrea. N\u00e8 Elena, n\u00e8 &#8220;Neni&#8221;, ogni alunno la ricorda con un sorriso, tanto era cara. E&#8217; mancata la maestra Elena Orlandi &#8220;Neni&#8221;, vedova di Eugenio Dell&#8217;Andrea, nome noto nell&#8217;ambito delle segherie d&#8217;altri tempi. Presenza importante quella della maestra anche nella vita di questa radio, ci \u00e8 sempre stata vicina nei giorni degli anniversari, 10-15-20&#8230;30 anni, senza mai dimenticarsi, inviando in redazione quei biglietti scritti a mano e ben conservati, spesso con un libro &#8220;consigliato&#8221;, come ai tempi della scuola.\u00a0 La maestra ha lasciato nel dolore i figli Gabriele, Manuela, la nuora Patrizia, la nipote Anna. La famiglia ha porto un ringraziamento al personale della Casa di Riposo di Meano.<\/p>\n<p>&nbsp;<\/p>\n<hr \/>\n<p>&nbsp;<\/p>\n<blockquote>\n<h3><\/h3>\n<h3>I GIORNI DELLA VERITA&#8217;, RISPOSTE CERCASI DOPO L&#8217;ESPLOSIONE DEL FINE SETTIMANA<\/h3>\n<\/blockquote>\n<div id=\"articleContent\" class=\"mercuryWrapper\">\n<div class=\"mercuryScroller\">\n<div class=\"mercuryElement\">\n<div class=\"mercuryBox\">\n<div id=\"articlePlain\">\n<div class=\"articlePlainTitle\"><strong><a class=\"dt-pswp-item\" href=\"https:\/\/www.radiopiu.net\/wordpress\/wp-content\/uploads\/2023\/04\/Senza-nome-44.jpg\" data-dt-img-description=\"\" data-large_image_width=\"856\" data-large_image_height=\"486\"><img loading=\"lazy\" decoding=\"async\" class=\" wp-image-331899 alignleft\" src=\"https:\/\/www.radiopiu.net\/wordpress\/wp-content\/uploads\/2023\/04\/Senza-nome-44-300x170.jpg\" alt=\"\" width=\"286\" height=\"162\" srcset=\"https:\/\/www.radiopiu.net\/wordpress\/wp-content\/uploads\/2023\/04\/Senza-nome-44-300x170.jpg 300w, https:\/\/www.radiopiu.net\/wordpress\/wp-content\/uploads\/2023\/04\/Senza-nome-44-768x436.jpg 768w, https:\/\/www.radiopiu.net\/wordpress\/wp-content\/uploads\/2023\/04\/Senza-nome-44.jpg 856w\" sizes=\"auto, (max-width: 286px) 100vw, 286px\" \/><\/a>FELTRE<\/strong> In arrivo i tecnici del Nucleo investigativo dei vigili del fuoco di Mestre, incaricati di fare luce sulla cause della violenta esplosione che all&#8217;una di sabato ha mandato all&#8217;ospedale Nicola Boschello, devastato l&#8217;appartamento dove si trovava e resi inagibili altri dodici appartamenti.\u00a0 Quattro famiglie,\u00a0 dieci persone\u00a0 sono stati alloggiati in quattro appartamenti di emergenza. La Procura della Repubblica di Belluno ha aperto un procedimento. Al momento non ci sono indagati. Boschello si trova ricoverato al centro grandi ustionati di Padova dove le sue condizioni sono stabili, in terapia intensiva. Anche ieri, per tutta la giornata la zona \u00e8 stata presidiata dalla polizia locale, mentre la notte il compito \u00e8 toccato ai carabinieri della compagnia di Feltre.<\/div>\n<div><\/div>\n<\/div>\n<\/div>\n<\/div>\n<\/div>\n<\/div>\n<div id=\"articlePrev\"><\/div>\n<p>&nbsp;<\/p>\n<hr \/>\n<p>&nbsp;<\/p>\n<blockquote>\n<h3>SAFILO: CONTINUA IL PRESSING DI SINDACATI E ISTITUZIONI PER LA CONTINUITA&#8217; DEL SITO PRODUTTIVO<\/h3>\n<\/blockquote>\n<p><strong>LONGARONE <\/strong>Si \u00e8 riunito ieri nel municipio di Longarone il Comitato di sorveglianza socio-istituzionale per il caso Safilo. L\u2019organismo, istituito il 2 febbraio scorso, ha il compito di accompagnare gli altri tavoli istituzionali di trattativa e l\u2019attivit\u00e0 dell\u2019Unit\u00e0 di crisi regionale, oltre a monitorare la situazione dello stabilimento produttivo di Longarone, che l\u2019azienda ha definito come \u201cnon strategico\u201d. Hanno partecipato l\u2019assessora regionale al lavoro Elena Donazzan, il senatore Luca De Carlo, i consiglieri regionali territoriali Silvia Cestaro e Giovanni Puppato, i sindaci di Longarone, Pieve di Cadore, Sedico e Cimolais, i vicesindaci di Erto-Casso e Claut, rappresentanze di Confindustria, Certottica e del Centro per l\u2019impiego, i sindacati provinciali e regionali di categoria e le Rsu aziendali. In apertura di riunione, l\u2019assessora regionale Donazzan ha ribadito la volont\u00e0 ferma della Regione di tutelare la continuit\u00e0 produttiva del sito e la salvaguardia occupazionale. Ha sottolineato inoltre l\u2019importanza di mettere in fila gli impegni dei singoli attori rispetto alla vicenda, di modo che ognuno proceda con determinazione e ordine nel rispetto dei ruoli, a beneficio della corretta composizione della crisi.\u00a0 I sindacati hanno fatto il punto della situazione, illustrando il livello raggiunto nelle trattative con l\u2019azienda (il prossimo incontro \u00e8 gi\u00e0 in calendario per il 27 aprile). Hanno confermato che Safilo, attraverso la figura di un advisor, \u00e8 impegnata a livello avanzato in una trattativa di cessione dello stabilimento di Longarone, ma le notizie in tal senso sono legate a un vincolo di riservatezza. Hanno riferito l\u2019impegno annunciato da Safilo &#8211; e monitorato dal Comitato &#8211; di individuare una soluzione per ogni singolo dipendente. Da parte del senatore De Carlo \u00e8 arrivata la piena disponibilit\u00e0 a qualsiasi interlocuzione da portare avanti a livello governativo qualora si dovessero aprire canali in tal senso.\u00a0 Il Comitato di sorveglianza socio-istituzionale si aggiorner\u00e0 il 19 maggio.<\/p>\n\n\t\t\t<style type='text\/css'>\n\t\t\t\t#gallery-1 {\n\t\t\t\t\tmargin: auto;\n\t\t\t\t}\n\t\t\t\t#gallery-1 .gallery-item {\n\t\t\t\t\tfloat: left;\n\t\t\t\t\tmargin-top: 10px;\n\t\t\t\t\ttext-align: center;\n\t\t\t\t\twidth: 33%;\n\t\t\t\t}\n\t\t\t\t#gallery-1 img {\n\t\t\t\t\tborder: 2px solid #cfcfcf;\n\t\t\t\t}\n\t\t\t\t#gallery-1 .gallery-caption {\n\t\t\t\t\tmargin-left: 0;\n\t\t\t\t}\n\t\t\t\t\/* see gallery_shortcode() in wp-includes\/media.php *\/\n\t\t\t<\/style>\n\t\t<div id='gallery-1' class='dt-gallery-container gallery galleryid-331783 gallery-columns-3 gallery-size-medium'><dl class='gallery-item'>\n\t\t\t\t<dt class='gallery-icon landscape'>\n\t\t\t\t\t<a class=\"rollover rollover-zoom dt-pswp-item\" title=\"PHOTO-2023-04-17-17-30-14 2\" data-dt-img-description=\"\" data-large_image_width=\"2048\" data-large_image_height=\"1536\"href='https:\/\/www.radiopiu.net\/wordpress\/wp-content\/uploads\/2023\/04\/PHOTO-2023-04-17-17-30-14-2.jpg'><img loading=\"lazy\" decoding=\"async\" width=\"300\" height=\"225\" src=\"https:\/\/www.radiopiu.net\/wordpress\/wp-content\/uploads\/2023\/04\/PHOTO-2023-04-17-17-30-14-2-300x225.jpg\" class=\"attachment-medium size-medium\" alt=\"\" srcset=\"https:\/\/www.radiopiu.net\/wordpress\/wp-content\/uploads\/2023\/04\/PHOTO-2023-04-17-17-30-14-2-300x225.jpg 300w, https:\/\/www.radiopiu.net\/wordpress\/wp-content\/uploads\/2023\/04\/PHOTO-2023-04-17-17-30-14-2-1024x768.jpg 1024w, https:\/\/www.radiopiu.net\/wordpress\/wp-content\/uploads\/2023\/04\/PHOTO-2023-04-17-17-30-14-2-768x576.jpg 768w, https:\/\/www.radiopiu.net\/wordpress\/wp-content\/uploads\/2023\/04\/PHOTO-2023-04-17-17-30-14-2-1536x1152.jpg 1536w, https:\/\/www.radiopiu.net\/wordpress\/wp-content\/uploads\/2023\/04\/PHOTO-2023-04-17-17-30-14-2.jpg 2048w\" sizes=\"auto, (max-width: 300px) 100vw, 300px\" \/><\/a>\n\t\t\t\t<\/dt><\/dl><dl class='gallery-item'>\n\t\t\t\t<dt class='gallery-icon landscape'>\n\t\t\t\t\t<a class=\"rollover rollover-zoom dt-pswp-item\" title=\"PHOTO-2023-04-17-17-30-13\" data-dt-img-description=\"\" data-large_image_width=\"2048\" data-large_image_height=\"1536\"href='https:\/\/www.radiopiu.net\/wordpress\/wp-content\/uploads\/2023\/04\/PHOTO-2023-04-17-17-30-13.jpg'><img loading=\"lazy\" decoding=\"async\" width=\"300\" height=\"225\" src=\"https:\/\/www.radiopiu.net\/wordpress\/wp-content\/uploads\/2023\/04\/PHOTO-2023-04-17-17-30-13-300x225.jpg\" class=\"attachment-medium size-medium\" alt=\"\" srcset=\"https:\/\/www.radiopiu.net\/wordpress\/wp-content\/uploads\/2023\/04\/PHOTO-2023-04-17-17-30-13-300x225.jpg 300w, https:\/\/www.radiopiu.net\/wordpress\/wp-content\/uploads\/2023\/04\/PHOTO-2023-04-17-17-30-13-1024x768.jpg 1024w, https:\/\/www.radiopiu.net\/wordpress\/wp-content\/uploads\/2023\/04\/PHOTO-2023-04-17-17-30-13-768x576.jpg 768w, https:\/\/www.radiopiu.net\/wordpress\/wp-content\/uploads\/2023\/04\/PHOTO-2023-04-17-17-30-13-1536x1152.jpg 1536w, https:\/\/www.radiopiu.net\/wordpress\/wp-content\/uploads\/2023\/04\/PHOTO-2023-04-17-17-30-13.jpg 2048w\" sizes=\"auto, (max-width: 300px) 100vw, 300px\" \/><\/a>\n\t\t\t\t<\/dt><\/dl><dl class='gallery-item'>\n\t\t\t\t<dt class='gallery-icon landscape'>\n\t\t\t\t\t<a class=\"rollover rollover-zoom dt-pswp-item\" title=\"PHOTO-2023-04-17-17-30-14\" data-dt-img-description=\"\" data-large_image_width=\"2048\" data-large_image_height=\"1536\"href='https:\/\/www.radiopiu.net\/wordpress\/wp-content\/uploads\/2023\/04\/PHOTO-2023-04-17-17-30-14.jpg'><img loading=\"lazy\" decoding=\"async\" width=\"300\" height=\"225\" src=\"https:\/\/www.radiopiu.net\/wordpress\/wp-content\/uploads\/2023\/04\/PHOTO-2023-04-17-17-30-14-300x225.jpg\" class=\"attachment-medium size-medium\" alt=\"\" srcset=\"https:\/\/www.radiopiu.net\/wordpress\/wp-content\/uploads\/2023\/04\/PHOTO-2023-04-17-17-30-14-300x225.jpg 300w, https:\/\/www.radiopiu.net\/wordpress\/wp-content\/uploads\/2023\/04\/PHOTO-2023-04-17-17-30-14-1024x768.jpg 1024w, https:\/\/www.radiopiu.net\/wordpress\/wp-content\/uploads\/2023\/04\/PHOTO-2023-04-17-17-30-14-768x576.jpg 768w, https:\/\/www.radiopiu.net\/wordpress\/wp-content\/uploads\/2023\/04\/PHOTO-2023-04-17-17-30-14-1536x1152.jpg 1536w, https:\/\/www.radiopiu.net\/wordpress\/wp-content\/uploads\/2023\/04\/PHOTO-2023-04-17-17-30-14.jpg 2048w\" sizes=\"auto, (max-width: 300px) 100vw, 300px\" \/><\/a>\n\t\t\t\t<\/dt><\/dl><br style=\"clear: both\" \/>\n\t\t\t<\/div>\n\n<hr \/>\n<blockquote>\n<h3><\/h3>\n<h3>CICLABILI, IL PIANO REGIONALE DELLA MOBILITA&#8217; E LA PROVINCIA<\/h3>\n<\/blockquote>\n<p><strong><a class=\"dt-pswp-item\" href=\"https:\/\/www.radiopiu.net\/wordpress\/wp-content\/uploads\/2022\/10\/f737add1-69e7-4bf0-ad26-8e53ab788e0f.jpg\" data-dt-img-description=\"\" data-large_image_width=\"2048\" data-large_image_height=\"1536\"><img loading=\"lazy\" decoding=\"async\" class=\" wp-image-300107 alignleft\" src=\"https:\/\/www.radiopiu.net\/wordpress\/wp-content\/uploads\/2022\/10\/f737add1-69e7-4bf0-ad26-8e53ab788e0f-300x225.jpg\" alt=\"\" width=\"203\" height=\"152\" srcset=\"https:\/\/www.radiopiu.net\/wordpress\/wp-content\/uploads\/2022\/10\/f737add1-69e7-4bf0-ad26-8e53ab788e0f-300x225.jpg 300w, https:\/\/www.radiopiu.net\/wordpress\/wp-content\/uploads\/2022\/10\/f737add1-69e7-4bf0-ad26-8e53ab788e0f-1024x768.jpg 1024w, https:\/\/www.radiopiu.net\/wordpress\/wp-content\/uploads\/2022\/10\/f737add1-69e7-4bf0-ad26-8e53ab788e0f-768x576.jpg 768w, https:\/\/www.radiopiu.net\/wordpress\/wp-content\/uploads\/2022\/10\/f737add1-69e7-4bf0-ad26-8e53ab788e0f-1536x1152.jpg 1536w, https:\/\/www.radiopiu.net\/wordpress\/wp-content\/uploads\/2022\/10\/f737add1-69e7-4bf0-ad26-8e53ab788e0f.jpg 2048w\" sizes=\"auto, (max-width: 203px) 100vw, 203px\" \/><\/a>BELLUNO<\/strong> Il piano regionale della mobilit\u00e0 ciclabile, approvato a inizio marzo dalla giunta di Palazzo Balbi \u00e8 approdato in Provincia per\u00a0 l&#8217;analisi. Gli uffici provinciali stanno preparando un documento di sintesi che raccoglie tutte le osservazioni pervenute dal territorio, da far giungere a Venezia al fine di integrare il piano regionale.\u00a0 Numerosi i rilievi raccolti dalle Unioni montane, finalizzati a proporre in maniera costruttiva integrazioni e modifiche. A partire dall\u2019idea di condividere con la Regione non solo la realizzazione delle infrastrutture ciclabili, ma anche la loro manutenzione ordinaria. Dal Cadore-Comelico\u00a0 \u00e8 arrivato l\u2019auspicio di inserire le nuove opere &#8211; realizzate o in fase di progettazione avanzata &#8211; all\u2019interno del piano. I Comuni, con fondi di confine e fondi Letta hanno messo in piedi un vasto programma che prevede la nuova ciclabile <a class=\"dt-pswp-item\" href=\"https:\/\/www.radiopiu.net\/wordpress\/wp-content\/uploads\/2022\/10\/b29419ae-a06f-4069-8d80-9e19fec6868a.jpg\" data-dt-img-description=\"\" data-large_image_width=\"2048\" data-large_image_height=\"1536\"><img loading=\"lazy\" decoding=\"async\" class=\" wp-image-300105 alignright\" src=\"https:\/\/www.radiopiu.net\/wordpress\/wp-content\/uploads\/2022\/10\/b29419ae-a06f-4069-8d80-9e19fec6868a-300x225.jpg\" alt=\"\" width=\"236\" height=\"177\" srcset=\"https:\/\/www.radiopiu.net\/wordpress\/wp-content\/uploads\/2022\/10\/b29419ae-a06f-4069-8d80-9e19fec6868a-300x225.jpg 300w, https:\/\/www.radiopiu.net\/wordpress\/wp-content\/uploads\/2022\/10\/b29419ae-a06f-4069-8d80-9e19fec6868a-1024x768.jpg 1024w, https:\/\/www.radiopiu.net\/wordpress\/wp-content\/uploads\/2022\/10\/b29419ae-a06f-4069-8d80-9e19fec6868a-768x576.jpg 768w, https:\/\/www.radiopiu.net\/wordpress\/wp-content\/uploads\/2022\/10\/b29419ae-a06f-4069-8d80-9e19fec6868a-1536x1152.jpg 1536w, https:\/\/www.radiopiu.net\/wordpress\/wp-content\/uploads\/2022\/10\/b29419ae-a06f-4069-8d80-9e19fec6868a.jpg 2048w\" sizes=\"auto, (max-width: 236px) 100vw, 236px\" \/><\/a>attorno al lago di Centro Cadore, oltre alla gi\u00e0 realizzata prosecuzione da Auronzo a Misurina e a Carbonin. Una\u00a0 ciclabilit\u00e0 sovraregionale, anello di congiunzione della Monaco-Venezia e punto di contatto est-ovest della Salisburgo-Grado. Sul tema del finanziamento\u00a0<em> \u00abIl piano regionale \u00e8 ben strutturato, ma mancano certezze sulle risorse a disposizione &#8211; <\/em>\u00a0dice Gianni Burigo, presidente dell\u2019Um Longarone-Cadore-Zoldo &#8211;<em>\u00a0vanno anche\u00a0 inserite le aree oggi escluse: non solo Cadore e Comelico, ma anche Feltre e Agordino\u00bb.<\/em>\u00a0 Il consigliere provinciale Fabio Luchetta \u00ab<em>Il territorio ha trovato ampia condivisione e dopo la stagione &#8211; per fortuna passata &#8211; in cui si facevano piccoli percorsi ciclabili chiusi all\u2019interno dei singoli Comuni, oggi si ragiona di grandi dorsali ciclabili, collegate non solo internamente ma anche esternamente al nostro territorio. C\u2019\u00e8 la volont\u00e0 di costruire un vettore per il turismo, e di dare uno sviluppo che possa contrastare lo spopolamento delle terre alte\u00bb.<\/em><\/p>\n<p>&nbsp;<\/p>\n<hr \/>\n<blockquote>\n<h3><\/h3>\n<h3>SOS SANITA&#8217;, PIU&#8217; DI 1600 FIRME IN UNA SETTIMANA CON LA PETIZIONE ON LINE<\/h3>\n<\/blockquote>\n<div align=\"left\">\n<p><span style=\"color: #000000; font-family: Helvetica;\"><strong>TREVISO_BELLUNO<\/strong> Pi\u00f9 di 1.600 firme in difesa della sanit\u00e0 in montagna. A una settimana dal lancio della petizione online su change.org a sostegno del diritto alla salute nella provincia di Belluno, la Cisl Belluno Treviso ha gi\u00e0 raccolto pi\u00f9 di 1.600 sottoscrizioni e altrettante condivisioni. Da marted\u00ec 18 aprile si potr\u00e0 firmare anche in tutte le 10 sedi Cisl della provincia (Belluno, Agordo, Feltre, Pieve di Cadore, Sedico, Cortina, Mel, Santo Stefano di <a class=\"dt-pswp-item\" href=\"https:\/\/www.radiopiu.net\/wordpress\/wp-content\/uploads\/2020\/11\/Massimiliano-Paglini2-min-scaled.jpg\" data-dt-img-description=\"\" data-large_image_width=\"2560\" data-large_image_height=\"1920\"><img loading=\"lazy\" decoding=\"async\" class=\"wp-image-174548 alignleft\" src=\"https:\/\/www.radiopiu.net\/wordpress\/wp-content\/uploads\/2020\/11\/Massimiliano-Paglini2-min-300x225.jpg\" alt=\"\" width=\"193\" height=\"145\" srcset=\"https:\/\/www.radiopiu.net\/wordpress\/wp-content\/uploads\/2020\/11\/Massimiliano-Paglini2-min-300x225.jpg 300w, https:\/\/www.radiopiu.net\/wordpress\/wp-content\/uploads\/2020\/11\/Massimiliano-Paglini2-min-1024x768.jpg 1024w, https:\/\/www.radiopiu.net\/wordpress\/wp-content\/uploads\/2020\/11\/Massimiliano-Paglini2-min-768x576.jpg 768w, https:\/\/www.radiopiu.net\/wordpress\/wp-content\/uploads\/2020\/11\/Massimiliano-Paglini2-min-1536x1152.jpg 1536w, https:\/\/www.radiopiu.net\/wordpress\/wp-content\/uploads\/2020\/11\/Massimiliano-Paglini2-min-2048x1536.jpg 2048w\" sizes=\"auto, (max-width: 193px) 100vw, 193px\" \/><\/a>Cadore, Quero, Farra d\u2019Alpago), dove i cittadini troveranno i moduli cartacei della petizione \u201c<u>SOS Sanit\u00e0, una firma per la montagna bellunes<\/u>e\u201d. <\/span><span style=\"color: #000000; font-family: Helvetica;\">\u201c<\/span><i style=\"color: #000000; font-family: Helvetica;\">Invitiamo lavoratrici, lavoratori, pensionate, pensionati e la cittadinanza tutta a sostenere la raccolta firme <\/i><span style=\"color: #000000; font-family: Helvetica;\">&#8211; <\/span>afferma Massimiliano Paglini, segretario generale della Cisl Belluno Treviso\u00a0<b style=\"color: #000000; font-family: Helvetica;\"><b style=\"color: #000000; font-family: Helvetica;\"><\/b><\/b><\/p>\n<p>audio<\/p>\n<audio class=\"wp-audio-shortcode\" id=\"audio-331783-1\" preload=\"none\" style=\"width: 100%;\" controls=\"controls\"><source type=\"audio\/mpeg\" src=\"https:\/\/www.radiopiu.net\/wordpress\/wp-content\/uploads\/2023\/04\/paglini.mp3?_=1\" \/><a href=\"https:\/\/www.radiopiu.net\/wordpress\/wp-content\/uploads\/2023\/04\/paglini.mp3\">https:\/\/www.radiopiu.net\/wordpress\/wp-content\/uploads\/2023\/04\/paglini.mp3<\/a><\/audio>\n<\/div>\n<p>&nbsp;<\/p>\n<hr \/>\n<p>&nbsp;<\/p>\n<blockquote>\n<h3>PRIMO STRALCIO DI INTERVENTI AD ASFALTI E PASSAGGI PEDONALI<\/h3>\n<\/blockquote>\n<p><strong>BELLUNO<\/strong> Tre passaggi pedonali rialzati e asfaltature in diverse aree della citt\u00e0: il primo piano di interventi \u00e8 pronto a partire. Con circa 65 mila, fondi assicurati dalla Finanziaria 2023.<\/p>\n<p><strong>L&#8217;ASSESSORE FRANCO ROCCON\u00a0<\/strong><\/p>\n<p><iframe loading=\"lazy\" title=\"IMG 3417\" width=\"1200\" height=\"675\" src=\"https:\/\/www.youtube.com\/embed\/u-JhnTW-sCw?feature=oembed\" frameborder=\"0\" allow=\"accelerometer; autoplay; clipboard-write; encrypted-media; gyroscope; picture-in-picture; web-share\" allowfullscreen><\/iframe><\/p>\n<p>&nbsp;<\/p>\n<p>&nbsp;<\/p>\n<hr \/>\n<p>&nbsp;<\/p>\n<blockquote>\n<h3>IL TAGLIO DEGLI ALBERI IN PIAZZA DEI MARTIRI<\/h3>\n<\/blockquote>\n<p><em><strong>Grazie a Lorenzo De Barba<\/strong><\/em><\/p>\n\n\t\t\t<style type='text\/css'>\n\t\t\t\t#gallery-2 {\n\t\t\t\t\tmargin: auto;\n\t\t\t\t}\n\t\t\t\t#gallery-2 .gallery-item {\n\t\t\t\t\tfloat: left;\n\t\t\t\t\tmargin-top: 10px;\n\t\t\t\t\ttext-align: center;\n\t\t\t\t\twidth: 33%;\n\t\t\t\t}\n\t\t\t\t#gallery-2 img {\n\t\t\t\t\tborder: 2px solid #cfcfcf;\n\t\t\t\t}\n\t\t\t\t#gallery-2 .gallery-caption {\n\t\t\t\t\tmargin-left: 0;\n\t\t\t\t}\n\t\t\t\t\/* see gallery_shortcode() in wp-includes\/media.php *\/\n\t\t\t<\/style>\n\t\t<div id='gallery-2' class='dt-gallery-container gallery galleryid-331783 gallery-columns-3 gallery-size-thumbnail'><dl class='gallery-item'>\n\t\t\t\t<dt class='gallery-icon portrait'>\n\t\t\t\t\t<a class=\"rollover rollover-zoom dt-pswp-item\" title=\"d1471556-821c-4711-ab69-20161e872488\" data-dt-img-description=\"\" data-large_image_width=\"960\" data-large_image_height=\"1280\"href='https:\/\/www.radiopiu.net\/wordpress\/wp-content\/uploads\/2023\/04\/d1471556-821c-4711-ab69-20161e872488.jpg'><img loading=\"lazy\" decoding=\"async\" width=\"150\" height=\"150\" src=\"https:\/\/www.radiopiu.net\/wordpress\/wp-content\/uploads\/2023\/04\/d1471556-821c-4711-ab69-20161e872488-150x150.jpg\" class=\"attachment-thumbnail size-thumbnail\" alt=\"\" \/><\/a>\n\t\t\t\t<\/dt><\/dl><dl class='gallery-item'>\n\t\t\t\t<dt class='gallery-icon landscape'>\n\t\t\t\t\t<a class=\"rollover rollover-zoom dt-pswp-item\" title=\"fc6fb026-2e8d-4e8f-85a7-cd8ca4fa6a62\" data-dt-img-description=\"\" data-large_image_width=\"1280\" data-large_image_height=\"960\"href='https:\/\/www.radiopiu.net\/wordpress\/wp-content\/uploads\/2023\/04\/fc6fb026-2e8d-4e8f-85a7-cd8ca4fa6a62.jpg'><img loading=\"lazy\" decoding=\"async\" width=\"150\" height=\"150\" src=\"https:\/\/www.radiopiu.net\/wordpress\/wp-content\/uploads\/2023\/04\/fc6fb026-2e8d-4e8f-85a7-cd8ca4fa6a62-150x150.jpg\" class=\"attachment-thumbnail size-thumbnail\" alt=\"\" \/><\/a>\n\t\t\t\t<\/dt><\/dl><dl class='gallery-item'>\n\t\t\t\t<dt class='gallery-icon portrait'>\n\t\t\t\t\t<a class=\"rollover rollover-zoom dt-pswp-item\" title=\"e226e6e9-caf8-49f8-baa3-85bca517f7bf\" data-dt-img-description=\"\" data-large_image_width=\"960\" data-large_image_height=\"1280\"href='https:\/\/www.radiopiu.net\/wordpress\/wp-content\/uploads\/2023\/04\/e226e6e9-caf8-49f8-baa3-85bca517f7bf.jpg'><img loading=\"lazy\" decoding=\"async\" width=\"150\" height=\"150\" src=\"https:\/\/www.radiopiu.net\/wordpress\/wp-content\/uploads\/2023\/04\/e226e6e9-caf8-49f8-baa3-85bca517f7bf-150x150.jpg\" class=\"attachment-thumbnail size-thumbnail\" alt=\"\" \/><\/a>\n\t\t\t\t<\/dt><\/dl><br style=\"clear: both\" \/>\n\t\t\t<\/div>\n\n<p>&nbsp;<\/p>\n<hr \/>\n<p>&nbsp;<\/p>\n<blockquote>\n<h3>DELUSIONE E CONFUSIONE A BELLUNO PER LA MANCATA NASCITA DEL TERZO POLO<\/h3>\n<\/blockquote>\n<p><strong><a class=\"dt-pswp-item\" href=\"https:\/\/www.radiopiu.net\/wordpress\/wp-content\/uploads\/2023\/04\/f3a60e52-6baa-4664-a494-80bdd93d8493.jpg\" data-dt-img-description=\"\" data-large_image_width=\"2000\" data-large_image_height=\"1500\"><img loading=\"lazy\" decoding=\"async\" class=\" wp-image-331851 alignleft\" src=\"https:\/\/www.radiopiu.net\/wordpress\/wp-content\/uploads\/2023\/04\/f3a60e52-6baa-4664-a494-80bdd93d8493-300x225.jpg\" alt=\"\" width=\"145\" height=\"109\" srcset=\"https:\/\/www.radiopiu.net\/wordpress\/wp-content\/uploads\/2023\/04\/f3a60e52-6baa-4664-a494-80bdd93d8493-300x225.jpg 300w, https:\/\/www.radiopiu.net\/wordpress\/wp-content\/uploads\/2023\/04\/f3a60e52-6baa-4664-a494-80bdd93d8493-1024x768.jpg 1024w, https:\/\/www.radiopiu.net\/wordpress\/wp-content\/uploads\/2023\/04\/f3a60e52-6baa-4664-a494-80bdd93d8493-768x576.jpg 768w, https:\/\/www.radiopiu.net\/wordpress\/wp-content\/uploads\/2023\/04\/f3a60e52-6baa-4664-a494-80bdd93d8493-1536x1152.jpg 1536w, https:\/\/www.radiopiu.net\/wordpress\/wp-content\/uploads\/2023\/04\/f3a60e52-6baa-4664-a494-80bdd93d8493.jpg 2000w\" sizes=\"auto, (max-width: 145px) 100vw, 145px\" \/><\/a>BELLUNO<\/strong> Hanno generato delusione e confusione le polemiche a livello nazionale che hanno allontanato la possibilit\u00e0 di far nascere un unico partito di centro dall&#8217;unione di Azione e Italia Viva: a Belluno la situazione \u00e8 paradossale, dopo che gi\u00e0 nei mesi scorsi le sezioni provinciali dei due partiti avevano annunciato la nascita di un coordinamento comune.<\/p>\n<p><strong>di Daniele Dalvit<\/strong><\/p>\n<audio class=\"wp-audio-shortcode\" id=\"audio-331783-2\" preload=\"none\" style=\"width: 100%;\" controls=\"controls\"><source type=\"audio\/mpeg\" src=\"https:\/\/www.radiopiu.net\/wordpress\/wp-content\/uploads\/2023\/04\/Radio-Piu-Servizio-Caos-Terzo-Polo.mp3?_=2\" \/><a href=\"https:\/\/www.radiopiu.net\/wordpress\/wp-content\/uploads\/2023\/04\/Radio-Piu-Servizio-Caos-Terzo-Polo.mp3\">https:\/\/www.radiopiu.net\/wordpress\/wp-content\/uploads\/2023\/04\/Radio-Piu-Servizio-Caos-Terzo-Polo.mp3<\/a><\/audio>\n<p>&nbsp;<\/p>\n<hr \/>\n<p>&nbsp;<\/p>\n<blockquote>\n<h3>OLIMPIADI 2026 \u2013 BERTON: \u201cLA STAFFETTA CORTINA-MILANO MESSAGGIO PER I TERRITORI E IL PAESE. OGNUNO FACCIA LA PROPRIA GARA\u201d<\/h3>\n<\/blockquote>\n<p><strong>BELLUNO<\/strong><em> \u201cL&#8217;avvio della staffetta Cortina-Milano \u00e8 stata una forte emozione, la dimostrazione che i nostri territori e le loro genti sono pronti a cogliere ogni aspetto della sfida olimpica. Ringrazio la presidente degli azzurri d&#8217;Italia Novella Calligaris, donna forte e appassionata, grande amica e sostenitrice delle nostre montagne. Insieme, possiamo fare tanta strada all&#8217;insegna dei valori dello sport e del territorio\u201d. <\/em>Ad affermarlo \u00e8 Lorraine Berton, presidente di Confindustria Belluno Dolomiti, dopo il successo della prima tappa della staffetta Cortina-Milano. A Belluno, nel corso della manifestazione, Novella Calligaris ha consegnato a Berton e al sindaco del capoluogo Oscar De Pellegrin una fiaccola \u201csimbolica\u201d.<\/p>\n<p>&nbsp;<\/p>\n<p>&nbsp;<\/p>\n<hr \/>\n<p>&nbsp;<\/p>\n<blockquote>\n<h3>A FELTRE L\u2019INIZIATIVA PER LA CONSAPEVOLEZZA DELL\u2019AUTISMO<\/h3>\n<\/blockquote>\n<p><strong><a class=\"dt-pswp-item\" href=\"https:\/\/www.radiopiu.net\/wordpress\/wp-content\/uploads\/2023\/04\/Palloncino-Rosso-1.jpg\" data-dt-img-description=\"\" data-large_image_width=\"1600\" data-large_image_height=\"1200\"><img loading=\"lazy\" decoding=\"async\" class=\" wp-image-331857 alignleft\" src=\"https:\/\/www.radiopiu.net\/wordpress\/wp-content\/uploads\/2023\/04\/Palloncino-Rosso-1-300x225.jpg\" alt=\"\" width=\"159\" height=\"119\" srcset=\"https:\/\/www.radiopiu.net\/wordpress\/wp-content\/uploads\/2023\/04\/Palloncino-Rosso-1-300x225.jpg 300w, https:\/\/www.radiopiu.net\/wordpress\/wp-content\/uploads\/2023\/04\/Palloncino-Rosso-1-1024x768.jpg 1024w, https:\/\/www.radiopiu.net\/wordpress\/wp-content\/uploads\/2023\/04\/Palloncino-Rosso-1-768x576.jpg 768w, https:\/\/www.radiopiu.net\/wordpress\/wp-content\/uploads\/2023\/04\/Palloncino-Rosso-1-1536x1152.jpg 1536w, https:\/\/www.radiopiu.net\/wordpress\/wp-content\/uploads\/2023\/04\/Palloncino-Rosso-1.jpg 1600w\" sizes=\"auto, (max-width: 159px) 100vw, 159px\" \/><\/a>FELTRE <\/strong>La sede del Centro Educativo \u201cIl Palloncino Rosso\u201d di via Piave ha ospitato ieri (domenica 16 aprile) l\u2019iniziativa per la promozione della consapevolezza dell\u2019autismo promossa dal Comune di Feltre e dalla Commissione Pari Opportunit\u00e0, in collaborazione con la cooperativa Portaperta e lo stesso Centro Educativo. Ospite d\u2019eccezione della giornata l\u2019artista Vico Calabr\u00f2, che con grande competenza e passione ha accompagnato i ragazzi in un percorso relazionale individuale, basato proprio sull\u2019utilizzo delle tecniche artistiche e del colore. Oltre ai membri della Commissione Pari Opportunit\u00e0 del Comune di Feltre sono intervenuti il sindaco Viviana Fusaro, l\u2019assessore alle Politiche Sociali Maurizio Zatta e le consigliere comunali Ilenia Baldissera e Mery Bee. L\u2019iniziativa godeva anche del patrocinio della Consigliera Provinciale di Parit\u00e0.<\/p>\n<p>&nbsp;<\/p>\n<p>&nbsp;<\/p>\n<hr \/>\n<p>&nbsp;<\/p>\n<blockquote>\n<h3 class=\"entry-title\">L\u2019IMPEGNO PER LA FIBROSI CISTICA, SULLA STRADA DI BICE<\/h3>\n<\/blockquote>\n<p><strong>REDAZIONE<\/strong>\u00a0In radio abbiamo conosciuto Bice Gallo molti anni fa, in una triste occasione. Erano i giorni in cui piangevamo Massimo, un giovane di Agordo che ha combattuto contro la fibrosi cistica. Un ragazzo buono, che ha lasciato un grande ricordo tra i suoi amici e un vuoto incolmabile nella sua famiglia. Bice ce lo ricordava ogni anno, quando puntualmente organizzava la raccolta fondi, per importanti progetti di ricerca,\u00a0 da Agordo alla valle del Biois e fin su nell\u2019Alto Agordino. Ci teneva Bice, ad informare gli ascoltatori, a ribadire come poi quel denaro veniva investito nella ricerca. Con Bice se n\u2019\u00e8 andato un pezzo di storia, ma ha lasciato un\u2019eredit\u00e0 importante. Chi ha conosciuto ed appoggiato le idee di Bice Gallo oggi si sta impegnando perch\u00e9 il suo sforzo decennale abbia un seguito. A guidare l\u2019associazione oggi \u00e8 Stefano Dal Paos che ha gi\u00e0 messo in calendario i primi eventi per la raccolta primaverile<span id=\"page3R_mcid0\" class=\"markedContent\"><span dir=\"ltr\" role=\"presentation\">\u00a0in occasione della festa della mamma. Il fiore scelto per questa campagna \u00e8 la dipladenia. Cos\u00ec verr\u00e0 distribuita:\u00a0\u00a0<\/span><\/span><span id=\"page3R_mcid2\" class=\"markedContent\"><span dir=\"ltr\" role=\"presentation\"><strong>SABATO 6<\/strong>\u00a0maggio a\u00a0<\/span><\/span><span id=\"page3R_mcid3\" class=\"markedContent\"><span dir=\"ltr\" role=\"presentation\">Santo Stefano di Cadore, Dosoledo, Agordo, Caviola, Falcade, Castion in Piazza I\u00b0\u00a0<\/span><span dir=\"ltr\" role=\"presentation\">Maggio (Alpini), Puos d<\/span><span dir=\"ltr\" role=\"presentation\">\u2019<\/span><span dir=\"ltr\" role=\"presentation\">Alpago Piazza P. Luciani.\u00a0<\/span><\/span><span id=\"page3R_mcid5\" class=\"markedContent\"><span dir=\"ltr\" role=\"presentation\"><strong>DOMENICA 7 Maggio<\/strong>\u00a0<\/span><\/span><span id=\"page3R_mcid6\" class=\"markedContent\"><span dir=\"ltr\" role=\"presentation\">Parrocchie De Pol (Rivamonte, Tiser, Gosaldo, Frassen\u00e8 e Voltago)\u00a0<\/span><\/span><span id=\"page3R_mcid8\" class=\"markedContent\"><span dir=\"ltr\" role=\"presentation\"><strong>Durante<\/strong>\u00a0la settimana ci sar\u00e0 la recapito porta a posta della<\/span>\u00a0<span dir=\"ltr\" role=\"presentation\">\u201c<\/span><span dir=\"ltr\" role=\"presentation\">dipladenia<\/span><span dir=\"ltr\" role=\"presentation\">\u201d<\/span>\u00a0<span dir=\"ltr\" role=\"presentation\">a Farra\u00a0<\/span><span dir=\"ltr\" role=\"presentation\">d<\/span><span dir=\"ltr\" role=\"presentation\">\u2019<\/span><span dir=\"ltr\" role=\"presentation\">Alpago e Zopp\u00e8 di Cadore<\/span><\/span><\/p>\n<p>&nbsp;<\/p>\n<div class=\"wpb_column vc_column_container vc_col-sm-6\">\n<div class=\"vc_column-inner\">\n<div class=\"wpb_wrapper\">\n<div class=\"wpb_single_image wpb_content_element vc_align_left\">\n<figure class=\"wpb_wrapper vc_figure\">\n<div class=\"vc_single_image-wrapper vc_box_border_grey\"><strong>IL RICORDO \u201cI primi testimoni del cammino FFC. Bice Gallo\u201d<\/strong><\/div>\n<\/figure>\n<\/div>\n<\/div>\n<\/div>\n<\/div>\n<div class=\"wpb_column vc_column_container vc_col-sm-6\">\n<div class=\"vc_column-inner\">\n<div class=\"wpb_wrapper\">\n<p class=\"photoswipe-wrapper\"><a class=\"dt-pswp-item pspw-wrap-ready\" href=\"https:\/\/www.radiopiu.net\/wordpress\/wp-content\/uploads\/2023\/04\/Bice-550x730-1.jpg\" data-dt-img-description=\"\" data-large_image_width=\"550\" data-large_image_height=\"730\"><img loading=\"lazy\" decoding=\"async\" class=\" wp-image-331840 alignleft\" src=\"https:\/\/www.radiopiu.net\/wordpress\/wp-content\/uploads\/2023\/04\/Bice-550x730-1-226x300.jpg\" sizes=\"auto, (max-width: 226px) 100vw, 226px\" srcset=\"https:\/\/www.radiopiu.net\/wordpress\/wp-content\/uploads\/2023\/04\/Bice-550x730-1-226x300.jpg 226w, https:\/\/www.radiopiu.net\/wordpress\/wp-content\/uploads\/2023\/04\/Bice-550x730-1.jpg 550w\" alt=\"\" width=\"121\" height=\"161\" \/><\/a><em><strong>Un sogno veloce come la Ferrari, per un cambiamento lento come una bici in salita.<\/strong><\/em><\/p>\n<div class=\"wpb_text_column wpb_content_element \">\n<div class=\"wpb_wrapper\">\n<p>\u00abQuando sono arrivata a Verona, 39 anni fa, erano i primi di luglio. Marco aveva sette anni. I bambini pi\u00f9 grandi del reparto ne avevano dodici. \u201cAlmeno cinque anni li abbiamo davanti\u201d ho pensato. Eravamo in mezzo a un tunnel in cui non si vedeva niente, noi genitori e anche i medici. Era tutto nebuloso. Vivevi giorno per giorno senza sapere quanto sarebbe vissuto tuo figlio. Degli otto bambini presenti la prima volta che siamo entrati in reparto, Marco \u00e8 rimasto l\u2019unico. Tutti gli altri sono morti nel giro di pochi anni.<\/p>\n<p>In 40 anni sono stati fatti progressi impensabili. Ci sono stati decenni di disperazione e di lutti prima di arrivare qui. Abbiamo fatto da cavie per tutte le piccole innovazioni disponibili al momento e ogni minima conquista \u00e8 stata festeggiata come una sorpresa. Le f\u00e8ci per le analisi le raccoglievamo nei barattoli del caff\u00e8, su cui appiccicavano il nome del bambino e un numero. Ricordo la contentezza quando un signore regal\u00f2 un congelatore per conservarle. Adesso si d\u00e0 per scontato tutto, ma una volta non era cos\u00ec. Si pensi solo alla legge che ci ha concesso i medicinali gratuitamente. Noi spendevamo 150.000 lire al giorno per curare Marco. Il nebulizzatore ci cost\u00f2 due milioni e mezzo di lire quarant\u2019anni fa. Per favore, smettete di lamentarvi. Non lamentatevi di niente.<\/p>\n<p>Quando, nel 1989, venne scoperto il gene CFTR, chiesi al professor Mastella in quanto tempo si sarebbe giunti alla soluzione della fibrosi cistica. \u201cBice, voi andate con la Ferrari, ma noi ci spostiamo in bicicletta, con le ruote sgonfie e in salita\u201d mi rispose. A fine anni Novanta, quando ci fu da scegliere come investire le nostre energie in campo associativo, scegliemmo la ricerca, la Fondazione e la prospettiva di una dimensione nazionale. \u201cTu vai avanti ch\u00e9 io ti vengo dietro\u201d mi disse Dario Antoniazzi di Vicenza. Abbiamo continuato a spostare l\u2019asticella. Oggi Marco ha 46 anni, prende 84-85 pastiglie al giorno, se sta bene, ma ne \u00e8 valsa la pena, no?\u00bb.<\/p>\n<p>&nbsp;<\/p>\n<hr \/>\n<p>&nbsp;<\/p>\n<blockquote>\n<h3 dir=\"auto\">IN SALA DON TAMIS:\u00a0 RUSSIA &#8211; UCRAIANA, DIALOGHI DI GEO POLITICA<\/h3>\n<\/blockquote>\n<div dir=\"auto\">Lorenzo Maria Pacini docente di filosofia politica presso Unidolomiti di Belluno e la libera accademia degli studi di Bellinzona. Direttore editoriale di www.ideazione.com<\/div>\n<div dir=\"auto\"><em>collaborazione, Adriano Bianchi.<\/em><\/div>\n<div dir=\"auto\"><\/div>\n<div dir=\"auto\">\n<p><iframe loading=\"lazy\" title=\"Russia Ucraina dialoghi di geopolitica #PACINI\" width=\"1200\" height=\"675\" src=\"https:\/\/www.youtube.com\/embed\/pPtxs6aF-pU?feature=oembed\" frameborder=\"0\" allow=\"accelerometer; autoplay; clipboard-write; encrypted-media; gyroscope; picture-in-picture; web-share\" allowfullscreen><\/iframe><\/p>\n<\/div>\n<div dir=\"auto\"><\/div>\n<p>&nbsp;<\/p>\n<p>&nbsp;<\/p>\n<hr \/>\n<p>&nbsp;<\/p>\n<blockquote>\n<h3>RINNOVATO IL CONSIGLIO DIRETTIVO DI PETTIROSSO AGORDINO<\/h3>\n<\/blockquote>\n<p><strong><a class=\"dt-pswp-item\" href=\"https:\/\/www.radiopiu.net\/wordpress\/wp-content\/uploads\/2023\/04\/c7245ab5-23a1-43af-a89e-443f1d5c7f4f.jpg\" data-dt-img-description=\"\" data-large_image_width=\"1600\" data-large_image_height=\"1204\"><img loading=\"lazy\" decoding=\"async\" class=\" wp-image-331886 alignleft\" src=\"https:\/\/www.radiopiu.net\/wordpress\/wp-content\/uploads\/2023\/04\/c7245ab5-23a1-43af-a89e-443f1d5c7f4f-300x226.jpg\" alt=\"\" width=\"169\" height=\"127\" srcset=\"https:\/\/www.radiopiu.net\/wordpress\/wp-content\/uploads\/2023\/04\/c7245ab5-23a1-43af-a89e-443f1d5c7f4f-300x226.jpg 300w, https:\/\/www.radiopiu.net\/wordpress\/wp-content\/uploads\/2023\/04\/c7245ab5-23a1-43af-a89e-443f1d5c7f4f-1024x771.jpg 1024w, https:\/\/www.radiopiu.net\/wordpress\/wp-content\/uploads\/2023\/04\/c7245ab5-23a1-43af-a89e-443f1d5c7f4f-768x578.jpg 768w, https:\/\/www.radiopiu.net\/wordpress\/wp-content\/uploads\/2023\/04\/c7245ab5-23a1-43af-a89e-443f1d5c7f4f-1536x1156.jpg 1536w, https:\/\/www.radiopiu.net\/wordpress\/wp-content\/uploads\/2023\/04\/c7245ab5-23a1-43af-a89e-443f1d5c7f4f.jpg 1600w\" sizes=\"auto, (max-width: 169px) 100vw, 169px\" \/><\/a>AGORDO<\/strong><\/p>\n<p>di Gianni Santomaso<\/p>\n<audio class=\"wp-audio-shortcode\" id=\"audio-331783-3\" preload=\"none\" style=\"width: 100%;\" controls=\"controls\"><source type=\"audio\/mpeg\" src=\"https:\/\/www.radiopiu.net\/wordpress\/wp-content\/uploads\/2023\/04\/GIANNI-PETTIROSSO-AGORDINO.mp3?_=3\" \/><a href=\"https:\/\/www.radiopiu.net\/wordpress\/wp-content\/uploads\/2023\/04\/GIANNI-PETTIROSSO-AGORDINO.mp3\">https:\/\/www.radiopiu.net\/wordpress\/wp-content\/uploads\/2023\/04\/GIANNI-PETTIROSSO-AGORDINO.mp3<\/a><\/audio>\n<p>&nbsp;<\/p>\n<hr \/>\n<p>&nbsp;<\/p>\n<blockquote>\n<h3>AL VIA I LAVORI PER IL NUOVO PROGRAMMA DI SVILUPPO LOCALE DEL GAL ALTO BELLUNESE<\/h3>\n<\/blockquote>\n<p><strong><a class=\"dt-pswp-item\" href=\"https:\/\/www.radiopiu.net\/wordpress\/wp-content\/uploads\/2023\/04\/SOPPELSA.png\" data-dt-img-description=\"\" data-large_image_width=\"557\" data-large_image_height=\"382\"><img loading=\"lazy\" decoding=\"async\" class=\" wp-image-331860 alignleft\" src=\"https:\/\/www.radiopiu.net\/wordpress\/wp-content\/uploads\/2023\/04\/SOPPELSA-300x206.png\" alt=\"\" width=\"178\" height=\"122\" srcset=\"https:\/\/www.radiopiu.net\/wordpress\/wp-content\/uploads\/2023\/04\/SOPPELSA-300x206.png 300w, https:\/\/www.radiopiu.net\/wordpress\/wp-content\/uploads\/2023\/04\/SOPPELSA.png 557w\" sizes=\"auto, (max-width: 178px) 100vw, 178px\" \/><\/a>LOZZO DI CADORE<\/strong> Con la DGR n. 294 del 21 marzo 2023 la Regione del Veneto ha dato avvio al percorso di selezione dei Gruppi di Azione Locale che opereranno nel periodo di programmazione 2023-2027. Nei prossimi 5 anni allo sviluppo locale LEADER viene assegnato un budget importante, circa 50,5 milioni di euro, per stimolare lo sviluppo delle aree rurali venete, grazie al cofinanziamento del Fondo Europeo Agricolo per lo Sviluppo Rurale (FEASR).<\/p>\n<p><strong>IL PRESIDENTE DEL GAL, MAURO SOPPELSA<\/strong><\/p>\n<audio class=\"wp-audio-shortcode\" id=\"audio-331783-4\" preload=\"none\" style=\"width: 100%;\" controls=\"controls\"><source type=\"audio\/mpeg\" src=\"https:\/\/www.radiopiu.net\/wordpress\/wp-content\/uploads\/2023\/04\/MAURO-SOPPELSA-GAL.mp3?_=4\" \/><a href=\"https:\/\/www.radiopiu.net\/wordpress\/wp-content\/uploads\/2023\/04\/MAURO-SOPPELSA-GAL.mp3\">https:\/\/www.radiopiu.net\/wordpress\/wp-content\/uploads\/2023\/04\/MAURO-SOPPELSA-GAL.mp3<\/a><\/audio>\n<p>&nbsp;<\/p>\n<hr \/>\n<p>&nbsp;<\/p>\n<blockquote>\n<h3>ENTRO L&#8217;ESTATE SARA&#8217; COMPLETATA LA STRADA DI GAER<\/h3>\n<p>\u00abL&#8217;obiettivo\u00bb, dice Colcergnan, \u00ab\u00e8 quello di appaltare i lavori a brevissimo\u00bb.<\/p><\/blockquote>\n<p><strong>CANALE D&#8217;AGORDO<\/strong> \u00abPer l&#8217;estate la nuova strada di Ga\u00e8r dovrebbe essere terminata\u00bb. Lo annuncia il sindaco uscente di Canale d&#8217;Agordo, Flavio Colcergnan, nel fare lo stato dell&#8217;arte di un intervento molto importante in particolare, ma non solo, per la cinquantina di abitanti della frazione di Carfon.Intervento che avrebbe dovuto gi\u00e0 essere completato da tempo, ma che una serie di intoppi burocratici ha invece prolungato. Il costo per l&#8217;esecuzione di questi due interventi era stato quantificato in 200 mila euro, ma\u00a0 sono stati stanziati altri 46 mila euro recuperati dall&#8217;annualit\u00e0 2022 dei fondi di confine dopo che il Comitato paritetico aveva dato l&#8217;ok al loro uso per far fronte all&#8217;aumento dei prezzi.<\/p>\n<p><strong>ARCHIVIO 2020<\/strong><\/p>\n<p><strong><a class=\"dt-pswp-item\" href=\"https:\/\/www.radiopiu.net\/wordpress\/wp-content\/uploads\/2020\/01\/WhatsApp-Image-2020-01-23-at-19.29.31.jpeg\" data-dt-img-description=\"\" data-large_image_width=\"1600\" data-large_image_height=\"900\"><img loading=\"lazy\" decoding=\"async\" class=\"size-medium wp-image-114389 alignleft\" src=\"https:\/\/www.radiopiu.net\/wordpress\/wp-content\/uploads\/2020\/01\/WhatsApp-Image-2020-01-23-at-19.29.31-300x169.jpeg\" alt=\"\" width=\"300\" height=\"169\" srcset=\"https:\/\/www.radiopiu.net\/wordpress\/wp-content\/uploads\/2020\/01\/WhatsApp-Image-2020-01-23-at-19.29.31-300x169.jpeg 300w, https:\/\/www.radiopiu.net\/wordpress\/wp-content\/uploads\/2020\/01\/WhatsApp-Image-2020-01-23-at-19.29.31-1024x576.jpeg 1024w, https:\/\/www.radiopiu.net\/wordpress\/wp-content\/uploads\/2020\/01\/WhatsApp-Image-2020-01-23-at-19.29.31-768x432.jpeg 768w, https:\/\/www.radiopiu.net\/wordpress\/wp-content\/uploads\/2020\/01\/WhatsApp-Image-2020-01-23-at-19.29.31-1536x864.jpeg 1536w, https:\/\/www.radiopiu.net\/wordpress\/wp-content\/uploads\/2020\/01\/WhatsApp-Image-2020-01-23-at-19.29.31.jpeg 1600w\" sizes=\"auto, (max-width: 300px) 100vw, 300px\" \/><\/a>CANALE D&#8217;AGORDO<\/strong> Carfon \u00e8 sempre isolato, dalla 346 del San Pellegrino ancora non si sale, la strada comunale \u00e8 chiusa dal novembre scorso. Da allora i cittadini per tornare a casa percorrono la strada a tornanti di Gaer individuata come valida alternativa ma necessit\u00e0 di interventi. E&#8217; la priorit\u00e0 del sindaco Flavio Colcergnan<\/p>\n<p><strong>di GIANNI SANTOMASO<\/strong><\/p>\n<audio class=\"wp-audio-shortcode\" id=\"audio-331783-5\" preload=\"none\" style=\"width: 100%;\" controls=\"controls\"><source type=\"audio\/mpeg\" src=\"https:\/\/www.radiopiu.net\/wordpress\/wp-content\/uploads\/2020\/01\/gianni-gaer.mp3?_=5\" \/><a href=\"https:\/\/www.radiopiu.net\/wordpress\/wp-content\/uploads\/2020\/01\/gianni-gaer.mp3\">https:\/\/www.radiopiu.net\/wordpress\/wp-content\/uploads\/2020\/01\/gianni-gaer.mp3<\/a><\/audio>\n<p>&nbsp;<\/p>\n<hr \/>\n<p>&nbsp;<\/p>\n<blockquote>\n<h3>MONTAGNA ITALIANA VERSO UNA NUOVA LEGGE, UNCEM: PROPOSTE E NECESSITA&#8217; PER USARE BENE FONDI<\/h3>\n<\/blockquote>\n<p><strong><a class=\"dt-pswp-item\" href=\"https:\/\/www.radiopiu.net\/wordpress\/wp-content\/uploads\/2018\/12\/BUSSONE_FLAI_CGIL11122018.jpg\" data-dt-img-description=\"\" data-large_image_width=\"1280\" data-large_image_height=\"853\"><img loading=\"lazy\" decoding=\"async\" class=\" wp-image-69122 alignleft\" src=\"https:\/\/www.radiopiu.net\/wordpress\/wp-content\/uploads\/2018\/12\/BUSSONE_FLAI_CGIL11122018-300x200.jpg\" alt=\"\" width=\"174\" height=\"116\" srcset=\"https:\/\/www.radiopiu.net\/wordpress\/wp-content\/uploads\/2018\/12\/BUSSONE_FLAI_CGIL11122018-300x200.jpg 300w, https:\/\/www.radiopiu.net\/wordpress\/wp-content\/uploads\/2018\/12\/BUSSONE_FLAI_CGIL11122018-768x512.jpg 768w, https:\/\/www.radiopiu.net\/wordpress\/wp-content\/uploads\/2018\/12\/BUSSONE_FLAI_CGIL11122018-1024x682.jpg 1024w, https:\/\/www.radiopiu.net\/wordpress\/wp-content\/uploads\/2018\/12\/BUSSONE_FLAI_CGIL11122018.jpg 1280w\" sizes=\"auto, (max-width: 174px) 100vw, 174px\" \/><\/a>ROMA<\/strong> &#8220;Il lavoro che potr\u00e0 proseguire da oggi e nei prossimi mesi, con il Governo e il Parlamento, per una nuova legge nazionale sulla montagna \u00e8 certamente importante e Uncem far\u00e0 la sua parte. Gi\u00e0 la legge 97\/1994 e la legge sui piccoli Comuni 158\/2017 aprono strade che possono essere rilanciate nella modernit\u00e0. Il segno dei tempi impone azioni per una migliore fiscalit\u00e0, differenziata e peculiare nei territori montani, per imprese e per gli Enti, per ridurre fragilit\u00e0 e rischio dissesto e sismico, ma anche per usare bene i fondi disponibili, 210 milioni di euro per il 2023. Uncem ha trasmesso al Ministro Calderoli una serie di osservazioni e proposte relative al Fondo nazionale montagna, Fosmit. Una nuova legge nazionale montagna, unita a precise ed efficaci leggi regionali, con fondi ad hoc annuali, deve consentire anche anche di migliorare il lavoro tra Comuni di una stessa valle. L&#8217;intercomunalit\u00e0 in montagna deve riguardare aree geografiche omogenee, come \u00e8 sempre stato con le Comunit\u00e0 montane, con progettualit\u00e0 comuni e riorganizzazione migliorativa dei servizi pubblici, scuole, trasporti, sanit\u00e0, assistenza. In Parlamento vi sono depositate, da tutti i partiti e da tutti gli schieramenti, una quindicina di proposte che hanno al centro le aree montane del Paese&#8221;. Ad affermarlo Marco Bussone, presidente nazionale UNCEM<\/p>\n<p>&nbsp;<\/p>\n<p>&nbsp;<\/p>\n<hr \/>\n<p>&nbsp;<\/p>\n<blockquote>\n<h3 class=\"entry-title\">DILLO A RADIO PIU\u2019\u2026 ASILO NIDO E VIABILITA\u2019<\/h3>\n<\/blockquote>\n<p><strong><img loading=\"lazy\" decoding=\"async\" class=\"alignleft\" src=\"https:\/\/www.radiopiu.net\/wordpress\/wp-content\/uploads\/2019\/02\/Asilo_Nido.jpg\" width=\"206\" height=\"115\" \/>REDAZIONE<\/strong>\u00a0Da Agordo, riceviamo e volentieri pubblichiamo la segnalazione di una mamma che si serve dei servizi dell\u2019Asilo Nido di via Cappello.<\/p>\n<p><em>\u201cLa strada difronte all\u2019asilo e particolarmente insidiosa, li transitano anche a velocit\u00e0 non consone diverse auto di genitori diretti alla vicina scuola materna. Forse un dosso o qualsiasi altro dissuasore potrebbe aiutare. C\u2019\u00e8 poi l\u2019altro problema, i pochi posti a disposizione per parcheggiare e si finisce che si lascia l\u2019auto in strada con ulteriori pericoli e disagi\u201d.<\/em><\/p>\n<p>&nbsp;<\/p>\n<hr \/>\n<p>&nbsp;<\/p>\n<p>&nbsp;<\/p>\n<blockquote>\n<h3 class=\"articlePlainTitle\">Giornata ecologica sabato a Caviola<\/h3>\n<\/blockquote>\n<div class=\"articlePlainText\"><strong>FALCADE<\/strong> La Pro loco di Caviola, in collaborazione con il Comune di Falcade, organizza per sabato la giornata ecologica. Il ritrovo \u00e8 alle 8,30 in piazza Pertini a Caviola, se possibile, muniti di giubbotto catarifrangente. Alle 12 pastasciutta al ristorante Livia.<\/div>\n<p>&nbsp;<\/p>\n<p>&nbsp;<\/p>\n<hr \/>\n<p>&nbsp;<\/p>\n<\/div>\n<\/div>\n<\/div>\n<\/div>\n<\/div>\n<h2><strong><a class=\"dt-pswp-item\" href=\"https:\/\/www.radiopiu.net\/wordpress\/wp-content\/uploads\/2023\/04\/327467418_575530337433370_1016853194636718164_n.jpg\" data-dt-img-description=\"\" data-large_image_width=\"640\" data-large_image_height=\"640\"><img loading=\"lazy\" decoding=\"async\" class=\" wp-image-331562 alignleft\" src=\"https:\/\/www.radiopiu.net\/wordpress\/wp-content\/uploads\/2023\/04\/327467418_575530337433370_1016853194636718164_n-300x300.jpg\" alt=\"\" width=\"138\" height=\"138\" srcset=\"https:\/\/www.radiopiu.net\/wordpress\/wp-content\/uploads\/2023\/04\/327467418_575530337433370_1016853194636718164_n-300x300.jpg 300w, https:\/\/www.radiopiu.net\/wordpress\/wp-content\/uploads\/2023\/04\/327467418_575530337433370_1016853194636718164_n-150x150.jpg 150w, https:\/\/www.radiopiu.net\/wordpress\/wp-content\/uploads\/2023\/04\/327467418_575530337433370_1016853194636718164_n.jpg 640w\" sizes=\"auto, (max-width: 138px) 100vw, 138px\" \/><\/a><\/strong><span style=\"color: #ff9900;\">LA RASSEGNA STAMPA DA L&#8217;AMICO DEL POPOLO<\/span><\/h2>\n<p><strong>di Gianni Santomaso<\/strong><\/p>\n<p>OSPITE: Franco Chemello, Scuole In Rete Belluno<\/p>\n<audio class=\"wp-audio-shortcode\" id=\"audio-331783-6\" preload=\"none\" style=\"width: 100%;\" controls=\"controls\"><source type=\"audio\/mpeg\" src=\"https:\/\/www.radiopiu.net\/wordpress\/wp-content\/uploads\/2023\/04\/RASSEGNA-GIANNI.mp3?_=6\" \/><a href=\"https:\/\/www.radiopiu.net\/wordpress\/wp-content\/uploads\/2023\/04\/RASSEGNA-GIANNI.mp3\">https:\/\/www.radiopiu.net\/wordpress\/wp-content\/uploads\/2023\/04\/RASSEGNA-GIANNI.mp3<\/a><\/audio>\n<p>&nbsp;<\/p>\n<hr \/>\n<p>&nbsp;<\/p>\n<blockquote>\n<h3>GIOVEDI IL CONSIGLIO COMUNALE DI CENCENIGHE<\/h3>\n<\/blockquote>\n<p><strong>CENCENIGHE<\/strong><\/p>\n<p><strong>di Gianni Santomaso<\/strong><\/p>\n<audio class=\"wp-audio-shortcode\" id=\"audio-331783-7\" preload=\"none\" style=\"width: 100%;\" controls=\"controls\"><source type=\"audio\/mpeg\" src=\"https:\/\/www.radiopiu.net\/wordpress\/wp-content\/uploads\/2023\/04\/GIANNI-CONSIGLIO-COMUNALE-CENCENIGHE.mp3?_=7\" \/><a href=\"https:\/\/www.radiopiu.net\/wordpress\/wp-content\/uploads\/2023\/04\/GIANNI-CONSIGLIO-COMUNALE-CENCENIGHE.mp3\">https:\/\/www.radiopiu.net\/wordpress\/wp-content\/uploads\/2023\/04\/GIANNI-CONSIGLIO-COMUNALE-CENCENIGHE.mp3<\/a><\/audio>\n<p>&nbsp;<\/p>\n<hr \/>\n<p>&nbsp;<\/p>\n<blockquote>\n<h3><strong><a class=\"dt-pswp-item\" href=\"https:\/\/www.radiopiu.net\/wordpress\/wp-content\/uploads\/2023\/04\/Senza-nome-32.jpg\" data-dt-img-description=\"\" data-large_image_width=\"266\" data-large_image_height=\"235\"><img loading=\"lazy\" decoding=\"async\" class=\" wp-image-331454 alignleft\" src=\"https:\/\/www.radiopiu.net\/wordpress\/wp-content\/uploads\/2023\/04\/Senza-nome-32.jpg\" alt=\"\" width=\"141\" height=\"125\" \/><\/a><\/strong>BOSCHI RESILIENTI, QUALI INTERVENTI PER LA LOTTA AL BOSTRICO?<\/h3>\n<\/blockquote>\n<p><strong>di Gianni Santomaso<\/strong><\/p>\n<audio class=\"wp-audio-shortcode\" id=\"audio-331783-8\" preload=\"none\" style=\"width: 100%;\" controls=\"controls\"><source type=\"audio\/mpeg\" src=\"https:\/\/www.radiopiu.net\/wordpress\/wp-content\/uploads\/2023\/04\/GIANNI-INCONTRO-BOSTRICO-A-CANALE.mp3?_=8\" \/><a href=\"https:\/\/www.radiopiu.net\/wordpress\/wp-content\/uploads\/2023\/04\/GIANNI-INCONTRO-BOSTRICO-A-CANALE.mp3\">https:\/\/www.radiopiu.net\/wordpress\/wp-content\/uploads\/2023\/04\/GIANNI-INCONTRO-BOSTRICO-A-CANALE.mp3<\/a><\/audio>\n<p>&nbsp;<\/p>\n<hr \/>\n<p>&nbsp;<\/p>\n<blockquote>\n<h3>ANCHE AD AGORDO &#8220;QUATTRO CHIACCHIERE CON L&#8217;OSTETRICA E LA PSICOLOGA&#8221;<\/h3>\n<\/blockquote>\n<blockquote>\n<h3><em>LA SETTIMANA PER LA SALUTE DELLA DONNA, CON L&#8217;ULSS1 DOLOMITI E ONDA OSPEDALE DONNA<\/em><\/h3>\n<\/blockquote>\n<p><span id=\"page5R_mcid33\" class=\"markedContent\"><span dir=\"ltr\" role=\"presentation\">DOMANI <\/span><\/span><span id=\"page5R_mcid162\" class=\"markedContent\"><span dir=\"ltr\" role=\"presentation\">Quattro chiacchiere con l&#8217;ostetrica e la psicologa <\/span><\/span><span id=\"page5R_mcid148\" class=\"markedContent\"><span dir=\"ltr\" role=\"presentation\">MENOPAUSA<\/span><\/span><span id=\"page5R_mcid149\" class=\"markedContent\"> <span dir=\"ltr\" role=\"presentation\">dalle 9.00 alle 10.00<\/span><\/span><span id=\"page5R_mcid150\" class=\"markedContent\"> <span dir=\"ltr\" role=\"presentation\">CONTRACCEZIONE<\/span><\/span><span id=\"page5R_mcid151\" class=\"markedContent\"> <span dir=\"ltr\" role=\"presentation\">dalle 10.00 alle 11.00<\/span><\/span><span id=\"page5R_mcid152\" class=\"markedContent\"> <span dir=\"ltr\" role=\"presentation\">ALLATTAMENTO<\/span><\/span><span id=\"page5R_mcid153\" class=\"markedContent\"> <span dir=\"ltr\" role=\"presentation\">dalle 11.00 alle 12.00<\/span><\/span><span id=\"page5R_mcid154\" class=\"markedContent\"> <span dir=\"ltr\" role=\"presentation\">Consultorio di Agordo<\/span><\/span><span id=\"page5R_mcid155\" class=\"markedContent\"><\/span><span id=\"page5R_mcid156\" class=\"markedContent\"> <span dir=\"ltr\" role=\"presentation\">(Via Fontana 36)<\/span><\/span><span id=\"page5R_mcid157\" class=\"markedContent\"><\/span><span id=\"page5R_mcid158\" class=\"markedContent\"><\/span><span id=\"page5R_mcid159\" class=\"markedContent\"> <span dir=\"ltr\" role=\"presentation\">con l&#8217;ostetrica Cinzia Scapolan<\/span><\/span><span id=\"page5R_mcid160\" class=\"markedContent\"><\/span><span id=\"page5R_mcid161\" class=\"markedContent\"> <span dir=\"ltr\" role=\"presentation\">e la psicologa Lucia Poggioli.\u00a0 <\/span><\/span><span id=\"page5R_mcid163\" class=\"markedContent\"><span dir=\"ltr\" role=\"presentation\">ISCRIZIONI<\/span><\/span><span id=\"page5R_mcid164\" class=\"markedContent\"><span dir=\"ltr\" role=\"presentation\">:<\/span><\/span><span id=\"page5R_mcid165\" class=\"markedContent\"> <span dir=\"ltr\" role=\"presentation\"><a class=\"moz-txt-link-abbreviated\" href=\"mailto:comunicazione@aulss1.veneto.it\">comunicazione@aulss1.veneto.it<\/a><\/span><\/span><\/p>\n\n\t\t\t<style type='text\/css'>\n\t\t\t\t#gallery-3 {\n\t\t\t\t\tmargin: auto;\n\t\t\t\t}\n\t\t\t\t#gallery-3 .gallery-item {\n\t\t\t\t\tfloat: left;\n\t\t\t\t\tmargin-top: 10px;\n\t\t\t\t\ttext-align: center;\n\t\t\t\t\twidth: 50%;\n\t\t\t\t}\n\t\t\t\t#gallery-3 img {\n\t\t\t\t\tborder: 2px solid #cfcfcf;\n\t\t\t\t}\n\t\t\t\t#gallery-3 .gallery-caption {\n\t\t\t\t\tmargin-left: 0;\n\t\t\t\t}\n\t\t\t\t\/* see gallery_shortcode() in wp-includes\/media.php *\/\n\t\t\t<\/style>\n\t\t<div id='gallery-3' class='dt-gallery-container gallery galleryid-331783 gallery-columns-2 gallery-size-thumbnail'><dl class='gallery-item'>\n\t\t\t\t<dt class='gallery-icon portrait'>\n\t\t\t\t\t<a class=\"rollover rollover-zoom dt-pswp-item\" title=\"Settimana salute donna 2023_def_11.04.23\" data-dt-img-description=\"\" data-large_image_width=\"1591\" data-large_image_height=\"2250\"href='https:\/\/www.radiopiu.net\/wordpress\/wp-content\/uploads\/2023\/04\/Settimana-salute-donna-2023_def_11.04.23.png'><img loading=\"lazy\" decoding=\"async\" width=\"150\" height=\"150\" src=\"https:\/\/www.radiopiu.net\/wordpress\/wp-content\/uploads\/2023\/04\/Settimana-salute-donna-2023_def_11.04.23-150x150.png\" class=\"attachment-thumbnail size-thumbnail\" alt=\"\" \/><\/a>\n\t\t\t\t<\/dt><\/dl><dl class='gallery-item'>\n\t\t\t\t<dt class='gallery-icon landscape'>\n\t\t\t\t\t<a class=\"rollover rollover-zoom dt-pswp-item\" title=\"5_19.04_open day consultorio agordo\" data-dt-img-description=\"\" data-large_image_width=\"1080\" data-large_image_height=\"1080\"href='https:\/\/www.radiopiu.net\/wordpress\/wp-content\/uploads\/2023\/04\/5_19.04_open-day-consultorio-agordo.png'><img loading=\"lazy\" decoding=\"async\" width=\"150\" height=\"150\" src=\"https:\/\/www.radiopiu.net\/wordpress\/wp-content\/uploads\/2023\/04\/5_19.04_open-day-consultorio-agordo-150x150.png\" class=\"attachment-thumbnail size-thumbnail\" alt=\"\" srcset=\"https:\/\/www.radiopiu.net\/wordpress\/wp-content\/uploads\/2023\/04\/5_19.04_open-day-consultorio-agordo-150x150.png 150w, https:\/\/www.radiopiu.net\/wordpress\/wp-content\/uploads\/2023\/04\/5_19.04_open-day-consultorio-agordo-300x300.png 300w, https:\/\/www.radiopiu.net\/wordpress\/wp-content\/uploads\/2023\/04\/5_19.04_open-day-consultorio-agordo-1024x1024.png 1024w, https:\/\/www.radiopiu.net\/wordpress\/wp-content\/uploads\/2023\/04\/5_19.04_open-day-consultorio-agordo-768x768.png 768w, https:\/\/www.radiopiu.net\/wordpress\/wp-content\/uploads\/2023\/04\/5_19.04_open-day-consultorio-agordo.png 1080w\" sizes=\"auto, (max-width: 150px) 100vw, 150px\" \/><\/a>\n\t\t\t\t<\/dt><\/dl><br style=\"clear: both\" \/>\n\t\t\t<\/div>\n\n<p>&nbsp;<\/p>\n<hr \/>\n<p>&nbsp;<\/p>\n<blockquote>\n<h3>VERSO L\u2019ARGENTO: UN PERCORSO DI EDUCAZIONE ALLA SALUTE E AL BENESSERE<\/h3>\n<\/blockquote>\n<p><strong class=\"photoswipe-wrapper\"><a class=\"dt-pswp-item pspw-wrap-ready\" href=\"https:\/\/www.radiopiu.net\/wordpress\/wp-content\/uploads\/2020\/03\/ULSS-1-DOLOMITI-LOGO.jpg\" data-dt-img-description=\"\" data-large_image_width=\"298\" data-large_image_height=\"219\"><img loading=\"lazy\" decoding=\"async\" class=\" wp-image-121256 alignleft\" src=\"https:\/\/www.radiopiu.net\/wordpress\/wp-content\/uploads\/2020\/03\/ULSS-1-DOLOMITI-LOGO.jpg\" alt=\"\" width=\"155\" height=\"114\" \/><\/a>BELLUNO\u00a0<\/strong>L\u2019Ulss Dolomiti, in collaborazione con il Comitato d\u2019Intesa, Antenna Anziani e Scuole in Rete, promuove un percorso di educazione alla salute e al benessere per favorire l\u2019invecchiamento attivo. \u201cVerso l\u2019Argento\u201d \u00e8 il titolo del percorso che si pone l\u2019obiettivo di fornire gli strumenti per un invecchiamento consapevole e in salute per vivere l\u2019\u201cet\u00e0 d\u2019argento\u201d come una fase ricca di opportunit\u00e0, attivit\u00e0 e interessi, rafforzando le reti amicali e lo scambio tra generazioni. Il percorso prevede 11 incontri formativi, che si terranno da maggio a dicembre di quest\u2019anno, ciascuno dedicato a una tematica specifica trattata da un esperto. Molteplici i temi trattati: da come utilizzare il web per accedere ai servizi Ulss, a temi riguardanti la salute come l\u2019alimentazione, il sonno, l\u2019esercizio fisico, le patologie croniche, a temi legati alla socialit\u00e0 come la compagnia degli animali e la sessualit\u00e0 fino agli aspetti normativi per conoscere le opportunit\u00e0 del sistema di welfare e gli aspetti per avere consapevolezza sul proprio ruolo in una fase di cambiamento della vita come l\u2019invecchiamento.<\/p>\n<p><strong>IL VOLANTINO<\/strong><\/p>\n<a href=\"https:\/\/www.radiopiu.net\/wordpress\/wp-content\/uploads\/2023\/04\/argento_volantino_11.04.2023.pdf\" class=\"pdfemb-viewer\" style=\"\" data-width=\"max\" data-height=\"max\" data-toolbar=\"top\" data-toolbar-fixed=\"on\">argento_volantino_11.04.2023<\/a>\n<p>&nbsp;<\/p>\n<hr \/>\n<p>&nbsp;<\/p>\n<blockquote>\n<h3>DALLA FOTOGRAFIA ALLA VIDEO ART: GLI INCONTRI AD AGORDO<\/h3>\n<\/blockquote>\n<p><strong>AGORDO Venerd\u00ec 21 aprile,<\/strong> dalle 18, ad Agordo alla Sala Don Tamis si\u00a0 terr\u00e0 la prima di tre conferenze della serie \u201cDalla fotografia alla video art e all\u2019arte cinetica\u201d. La relazione dal titolo \u201cLa storia della fotografia\u201d sar\u00e0 svolta dal Dott. Prof. Roberto Favero. Si ricorda che l\u2019ingresso \u00e8 libero per tutti.<\/p>\n<p>&nbsp;<\/p>\n<blockquote>\n<h3>QUESTA&#8217; E&#8217; LA NOSTRA STORIA<\/h3>\n<\/blockquote>\n<div>\n<p><strong>AGORDO<\/strong> <strong>Sabato 22 aprile<\/strong> alle 17.30 testimonianze, ricordi e fotografie del territorio bellunese dagli anni Cinquanta: emigrazione, lavoro, alluvione del 1966. In sala della Biblioteca con la famiglia ex emigranti agordino. Interventi Luca Luchetta, Aldo Da Roit, Gabriele Ganz e Maria Rita Gentilin Spi Belluno.<\/p>\n<\/div>\n<p>&nbsp;<\/p>\n<hr \/>\n<p>&nbsp;<\/p>\n<blockquote>\n<h3>L&#8217;OM SALVARECH A LA VALLE<\/h3>\n<\/blockquote>\n<p><strong>LA VALLE <\/strong>A La Valle due giorni di festa con l&#8217;Om Salvarech. <strong>Lunedi 24 aprile<\/strong>, al tendone presentazione della mostra &#8220;vers l&#8217;insuda&#8221;:gli aquerelli dipinti dagli alunni della scuola primaria, dalle 17 l&#8217;apertivo selvatico con Rdj, 19 stand gastronomico, serata danzante con la Spritzband e a seguire dico-tek con Rdj. <strong>Martedi 25 aprile<\/strong> al tendone di Conaggia \u201cel merc\u00e0 de l&#8217;insuda\u201d, alle 10 gara podistica Su e do per i coi, memorial Flavio De Cassai, dalle 12 stand gastronomico e dalle 14: preparazione Om Salvarech a Cugnago, sfilata per le vie del paese, alle 16 apertivo selvatico danzante con Eros, alle 19 la cota e quindi gran finale con il testamento e il Falo&#8217; Dell&#8217;Om Salvarech tra i balli con Eros e Karin. Om Salvarech, a LA VALLE AGORDINA. con la Proloco 24-25 Aprile<\/p>\n<p>&nbsp;<\/p>\n<hr \/>\n<p>&nbsp;<\/p>\n<blockquote>\n<h3>LA MOSTRA DI GIOVANNA DEPPI A PIEVE DI CADORE<\/h3>\n<\/blockquote>\n<p><strong>PIEVE DI CADORE<\/strong>\u00a0 Fino <strong>al 6 maggio<\/strong> \u00e8 possibile visitare la mostra di Giovanna Deppi all&#8217;Auditorium Cos.Mo di Pieve di Cadore.<\/p>\n<p>&nbsp;<\/p>\n<blockquote>\n<h3>A TEATRO CON LA COMPAGNIA TEATRALE DI SANTA GIUSTINA<\/h3>\n<\/blockquote>\n<p><strong>SOSPIROLO<\/strong> serata teatrale con la compagnia di Santa Giustina &#8220;I&#8230;Saranno Famosi&#8221;. Sabato al Centro civico di Sospirolo<\/p>\n<p>&nbsp;<\/p>\n<blockquote>\n<h3>A TEATRO CON ABVS. SABATO A CAVARZANO<\/h3>\n<\/blockquote>\n<p><strong>BELLUNO<\/strong><\/p>\n<p>di Roberto Bona<\/p>\n<audio class=\"wp-audio-shortcode\" id=\"audio-331783-9\" preload=\"none\" style=\"width: 100%;\" controls=\"controls\"><source type=\"audio\/mpeg\" src=\"https:\/\/www.radiopiu.net\/wordpress\/wp-content\/uploads\/2023\/04\/BONA-ERA-TUTTA-COMPAGNIA-TEATRO-CAVARZANO.mp3?_=9\" \/><a href=\"https:\/\/www.radiopiu.net\/wordpress\/wp-content\/uploads\/2023\/04\/BONA-ERA-TUTTA-COMPAGNIA-TEATRO-CAVARZANO.mp3\">https:\/\/www.radiopiu.net\/wordpress\/wp-content\/uploads\/2023\/04\/BONA-ERA-TUTTA-COMPAGNIA-TEATRO-CAVARZANO.mp3<\/a><\/audio>\n<p>&nbsp;<\/p>\n<blockquote>\n<h3>IL CONCERTO ORGANIZZATO DALL&#8217;ASSOCIAZIONE ECUADORIANI DI BELLUNO<\/h3>\n<\/blockquote>\n<p><strong>BELLUNO<\/strong> Sabato 22 aprile a Belluno, alla sala-teatro Giovanni XXIII in piazza Piloni con inizio alle 20, si terr\u00e0 un concerto organizzato dall&#8217;Associazione Ecuadoriani. Durante l&#8217;evento si esibiranno il coro gospel di Barcellona &#8220;De tot cor&#8221; (Con tutto il cuore) e il coro Cherubini del Camerun. L&#8217;entrata sar\u00e0 ad offerta libera e l&#8217;intero ricavato della serata verr\u00e0 devoluto al gruppo &#8220;De Laica adoratrices&#8221; (Sacerdotesse della Chiesa Cattolica) dell&#8217;orfanotrofio di Guayaquil in Ecuador.<\/p>\n<p>&nbsp;<\/p>\n<blockquote>\n<h3>LA MOSTRA DI SARA ANDRICH<\/h3>\n<\/blockquote>\n<p><strong>ALPAGO<\/strong> Esposizione delle opere di Sara Andrich nel municipio di Pieve. La mostra &#8220;L&#8217;incontro&#8221; sar\u00e0\u00a0 visitabile fino a marted\u00ec 25 aprile compreso<\/p>\n<p>&nbsp;<\/p>\n<hr \/>\n<p>&nbsp;<\/p>\n<blockquote>\n<h3>ANTI FASCISMO E RESISTENZA VALORI INCARNATI NELLA COSTITUZIONE, MAI COSI&#8217; ATTUALI<\/h3>\n<\/blockquote>\n<p><a class=\"dt-pswp-item\" href=\"https:\/\/www.radiopiu.net\/wordpress\/wp-content\/uploads\/2023\/04\/istockphoto-1153350430-170667a.jpg\" data-dt-img-description=\"Coils or circles of razor wire on an easily changed orange background.\" data-large_image_width=\"509\" data-large_image_height=\"339\"><img loading=\"lazy\" decoding=\"async\" class=\" wp-image-331336\" src=\"https:\/\/www.radiopiu.net\/wordpress\/wp-content\/uploads\/2023\/04\/istockphoto-1153350430-170667a-300x200.jpg\" alt=\"\" width=\"215\" height=\"143\" srcset=\"https:\/\/www.radiopiu.net\/wordpress\/wp-content\/uploads\/2023\/04\/istockphoto-1153350430-170667a-300x200.jpg 300w, https:\/\/www.radiopiu.net\/wordpress\/wp-content\/uploads\/2023\/04\/istockphoto-1153350430-170667a.jpg 509w\" sizes=\"auto, (max-width: 215px) 100vw, 215px\" \/><\/a><\/p>\n<p><strong>BELLUNO<\/strong><\/p>\n<p><strong>DI ROBERTO BONA<\/strong><\/p>\n<audio class=\"wp-audio-shortcode\" id=\"audio-331783-10\" preload=\"none\" style=\"width: 100%;\" controls=\"controls\"><source type=\"audio\/mpeg\" src=\"https:\/\/www.radiopiu.net\/wordpress\/wp-content\/uploads\/2023\/04\/ForumLiberazione-1.mp3?_=10\" \/><a href=\"https:\/\/www.radiopiu.net\/wordpress\/wp-content\/uploads\/2023\/04\/ForumLiberazione-1.mp3\">https:\/\/www.radiopiu.net\/wordpress\/wp-content\/uploads\/2023\/04\/ForumLiberazione-1.mp3<\/a><\/audio>\n<p>&nbsp;<\/p>\n<p>&nbsp;<\/p>\n<hr \/>\n<p>&nbsp;<\/p>\n<blockquote>\n<h3>ANNAROSA NON MUORE, OTTANTESIMO ANNIVERSARIO INIZIO DELLA RESISTENZA<\/h3>\n<\/blockquote>\n<p><strong><img loading=\"lazy\" decoding=\"async\" class=\"alignleft\" src=\"https:\/\/www.radiopiu.net\/wordpress\/wp-content\/uploads\/2023\/04\/Senza-nome-27.jpg\" width=\"194\" height=\"143\" \/>BELLUNO<\/strong><\/p>\n<p><strong>ROBERTO BONA<\/strong><\/p>\n<p>&nbsp;<\/p>\n<audio class=\"wp-audio-shortcode\" id=\"audio-331783-11\" preload=\"none\" style=\"width: 100%;\" controls=\"controls\"><source type=\"audio\/mpeg\" src=\"https:\/\/www.radiopiu.net\/wordpress\/wp-content\/uploads\/2023\/04\/AnnaRosaNonMuore-1.mp3?_=11\" \/><a href=\"https:\/\/www.radiopiu.net\/wordpress\/wp-content\/uploads\/2023\/04\/AnnaRosaNonMuore-1.mp3\">https:\/\/www.radiopiu.net\/wordpress\/wp-content\/uploads\/2023\/04\/AnnaRosaNonMuore-1.mp3<\/a><\/audio>\n<p>&nbsp;<\/p>\n<p>&nbsp;<\/p>\n<hr \/>\n<blockquote>\n<h3><\/h3>\n<h3>AMA DOLOMITI &#8211; LE DIECI PUNTATE ALLA RADIO<\/h3>\n<\/blockquote>\n<p><strong><a class=\"dt-pswp-item\" href=\"https:\/\/www.radiopiu.net\/wordpress\/wp-content\/uploads\/2023\/02\/1239767_1376151945949547_1371470440_n.jpg\" data-dt-img-description=\"\" data-large_image_width=\"744\" data-large_image_height=\"498\"><img loading=\"lazy\" decoding=\"async\" class=\" wp-image-321803 alignleft\" src=\"https:\/\/www.radiopiu.net\/wordpress\/wp-content\/uploads\/2023\/02\/1239767_1376151945949547_1371470440_n-300x201.jpg\" alt=\"\" width=\"172\" height=\"115\" srcset=\"https:\/\/www.radiopiu.net\/wordpress\/wp-content\/uploads\/2023\/02\/1239767_1376151945949547_1371470440_n-300x201.jpg 300w, https:\/\/www.radiopiu.net\/wordpress\/wp-content\/uploads\/2023\/02\/1239767_1376151945949547_1371470440_n.jpg 744w\" sizes=\"auto, (max-width: 172px) 100vw, 172px\" \/><\/a><\/strong><span style=\"color: #000000;\"><span style=\"font-family: Times New Roman, serif;\"><span style=\"font-size: large;\">L\u2019Associazione Ama Dolomiti \u00e8 nata nell\u2019aprile 2010 da un gruppo di persone desiderose di mettere in rete i diversi gruppi di auto mutuo aiuto presenti nella provincia di Belluno, per dare ai medesimi sostegno nella loro attivit\u00e0, visibilit\u00e0 nel territorio e favorire la creazione di nuovi gruppi.\u00a0<\/span><\/span><\/span><\/p>\n<p><strong>PUNTATA 10 17 APRILE 203<\/strong><\/p>\n<p><strong>SPERANZA DEL CADORE, GRUPPO PER UTENTI CON DISABILITA&#8217; E GRUPPO MISTO<\/strong><\/p>\n<audio class=\"wp-audio-shortcode\" id=\"audio-331783-12\" preload=\"none\" style=\"width: 100%;\" controls=\"controls\"><source type=\"audio\/mpeg\" src=\"https:\/\/www.radiopiu.net\/wordpress\/wp-content\/uploads\/2023\/04\/GRUPPO-AMA-10.mp3?_=12\" \/><a href=\"https:\/\/www.radiopiu.net\/wordpress\/wp-content\/uploads\/2023\/04\/GRUPPO-AMA-10.mp3\">https:\/\/www.radiopiu.net\/wordpress\/wp-content\/uploads\/2023\/04\/GRUPPO-AMA-10.mp3<\/a><\/audio>\n<p>&nbsp;<\/p>\n<hr \/>\n<p>&nbsp;<\/p>\n<p><span style=\"color: #ff0000;\"><strong>IERI ALLA RADIO&#8230;<\/strong><\/span><\/p>\n<blockquote>\n<h4>SALUTE E SOCIETA&#8217;, LA RUBRICA SETTIMANALE DI MEDICINA CON IL DOTTOR MARCO CARACCIOLO<\/h4>\n<\/blockquote>\n<p><strong><a class=\"dt-pswp-item\" href=\"https:\/\/www.radiopiu.net\/wordpress\/wp-content\/uploads\/2023\/04\/44e02c26-88d6-4f21-a1f2-4971530b181f.jpg\" data-dt-img-description=\"\" data-large_image_width=\"1200\" data-large_image_height=\"900\"><img loading=\"lazy\" decoding=\"async\" class=\"wp-image-331789 alignleft\" src=\"https:\/\/www.radiopiu.net\/wordpress\/wp-content\/uploads\/2023\/04\/44e02c26-88d6-4f21-a1f2-4971530b181f-300x225.jpg\" alt=\"\" width=\"159\" height=\"119\" srcset=\"https:\/\/www.radiopiu.net\/wordpress\/wp-content\/uploads\/2023\/04\/44e02c26-88d6-4f21-a1f2-4971530b181f-300x225.jpg 300w, https:\/\/www.radiopiu.net\/wordpress\/wp-content\/uploads\/2023\/04\/44e02c26-88d6-4f21-a1f2-4971530b181f-1024x768.jpg 1024w, https:\/\/www.radiopiu.net\/wordpress\/wp-content\/uploads\/2023\/04\/44e02c26-88d6-4f21-a1f2-4971530b181f-768x576.jpg 768w, https:\/\/www.radiopiu.net\/wordpress\/wp-content\/uploads\/2023\/04\/44e02c26-88d6-4f21-a1f2-4971530b181f.jpg 1200w\" sizes=\"auto, (max-width: 159px) 100vw, 159px\" \/><\/a>Ictus cerebrale<\/strong><br \/>\nL&#8217;ictus cerebrale in Italia colpisce circa 150.000 persone ogni anno, A.L.I.Ce. Italia promuove la campagna FAST Heroes, rivolta ai bambini delle scuole primarie.<\/p>\n<p><strong>Microbiota intestinale<\/strong><br \/>\nOggi \u00e8 disponibile un test che realizza un\u2019analisi genetica del microbiota intestinale che aiuta a ritrovare e mantenere il naturale benessere.<\/p>\n<audio class=\"wp-audio-shortcode\" id=\"audio-331783-13\" preload=\"none\" style=\"width: 100%;\" controls=\"controls\"><source type=\"audio\/mpeg\" src=\"https:\/\/www.radiopiu.net\/wordpress\/wp-content\/uploads\/2023\/04\/SALUTE-2.mp3?_=13\" \/><a href=\"https:\/\/www.radiopiu.net\/wordpress\/wp-content\/uploads\/2023\/04\/SALUTE-2.mp3\">https:\/\/www.radiopiu.net\/wordpress\/wp-content\/uploads\/2023\/04\/SALUTE-2.mp3<\/a><\/audio>\n<p>&nbsp;<\/p>\n<hr \/>\n<p>&nbsp;<\/p>\n<blockquote>\n<h3>L&#8217;OM SALVARECH CON ANDREA DA ROIT DELLA PRO LOCO LA VALLE<\/h3>\n<\/blockquote>\n<p><strong><a class=\"dt-pswp-item\" href=\"https:\/\/www.radiopiu.net\/wordpress\/wp-content\/uploads\/2023\/04\/om-salvarech-2023.jpg\" data-dt-img-description=\"\" data-large_image_width=\"2048\" data-large_image_height=\"1072\"><img loading=\"lazy\" decoding=\"async\" class=\" wp-image-331237 alignleft\" src=\"https:\/\/www.radiopiu.net\/wordpress\/wp-content\/uploads\/2023\/04\/om-salvarech-2023-300x157.jpg\" alt=\"\" width=\"204\" height=\"107\" srcset=\"https:\/\/www.radiopiu.net\/wordpress\/wp-content\/uploads\/2023\/04\/om-salvarech-2023-300x157.jpg 300w, https:\/\/www.radiopiu.net\/wordpress\/wp-content\/uploads\/2023\/04\/om-salvarech-2023-1024x536.jpg 1024w, https:\/\/www.radiopiu.net\/wordpress\/wp-content\/uploads\/2023\/04\/om-salvarech-2023-768x402.jpg 768w, https:\/\/www.radiopiu.net\/wordpress\/wp-content\/uploads\/2023\/04\/om-salvarech-2023-1536x804.jpg 1536w, https:\/\/www.radiopiu.net\/wordpress\/wp-content\/uploads\/2023\/04\/om-salvarech-2023.jpg 2048w\" sizes=\"auto, (max-width: 204px) 100vw, 204px\" \/><\/a>di Mirko Mezzacasa<\/strong><\/p>\n<p>OSPITE: Andrea Da Roit, presidente Pro Loco La Valle Agordina<\/p>\n<p><strong>LA VALLE <\/strong>A La Valle due giorni di festa con l&#8217;Om Salvarech. Lunedi 24 aprile, al tendone presentazione della mostra &#8220;vers l&#8217;insuda&#8221;:gli aquerelli dipinti dagli alunni della scuola primaria, dalle 17 l&#8217;apertivo selvatico con Rdj, 19 stand gastronomico, serata danzante con la Spritzband e a seguire dico-tek con Rdj. Martedi 25 aprile al tendone di Conaggia \u201cel merc\u00e0 de l&#8217;insuda\u201d, alle 10 gara podistica Su e do per i coi, memorial Flavio De Cassai, dalle 12 stand gastronomico e dalle 14: preparazione Om Salvarech a Cugnago, sfilata per le vie del paese, alle 16 apertivo selvatico danzante con Eros, alle 19 la cota e quindi gran finale con il testamento e il Falo&#8217; Dell&#8217;Om Salvarech tra i balli con Eros e Karin. Om Salvarech, a LA VALLE AGORDINA. con la Proloco 24-25 Aprile<\/p>\n<audio class=\"wp-audio-shortcode\" id=\"audio-331783-14\" preload=\"none\" style=\"width: 100%;\" controls=\"controls\"><source type=\"audio\/mpeg\" src=\"https:\/\/www.radiopiu.net\/wordpress\/wp-content\/uploads\/2023\/04\/ANDREA-DA-ROIT.mp3?_=14\" \/><a href=\"https:\/\/www.radiopiu.net\/wordpress\/wp-content\/uploads\/2023\/04\/ANDREA-DA-ROIT.mp3\">https:\/\/www.radiopiu.net\/wordpress\/wp-content\/uploads\/2023\/04\/ANDREA-DA-ROIT.mp3<\/a><\/audio>\n<p>&nbsp;<\/p>\n<p>&nbsp;<\/p>\n<p>&nbsp;<\/p>\n<hr \/>\n<p>&nbsp;<\/p>\n<p>&nbsp;<\/p>\n<blockquote>\n<h3>I GRAFICI DI TIZIANO DE COL<\/h3>\n<\/blockquote>\n\n\t\t\t<style type='text\/css'>\n\t\t\t\t#gallery-4 {\n\t\t\t\t\tmargin: auto;\n\t\t\t\t}\n\t\t\t\t#gallery-4 .gallery-item {\n\t\t\t\t\tfloat: left;\n\t\t\t\t\tmargin-top: 10px;\n\t\t\t\t\ttext-align: center;\n\t\t\t\t\twidth: 20%;\n\t\t\t\t}\n\t\t\t\t#gallery-4 img {\n\t\t\t\t\tborder: 2px solid #cfcfcf;\n\t\t\t\t}\n\t\t\t\t#gallery-4 .gallery-caption {\n\t\t\t\t\tmargin-left: 0;\n\t\t\t\t}\n\t\t\t\t\/* see gallery_shortcode() in wp-includes\/media.php *\/\n\t\t\t<\/style>\n\t\t<div id='gallery-4' class='dt-gallery-container gallery galleryid-331783 gallery-columns-5 gallery-size-thumbnail'><dl class='gallery-item'>\n\t\t\t\t<dt class='gallery-icon landscape'>\n\t\t\t\t\t<a class=\"rollover rollover-zoom dt-pswp-item\" title=\"17c419c4-e6f6-464d-88c0-8d4d0dae8b0a\" data-dt-img-description=\"\" data-large_image_width=\"562\" data-large_image_height=\"361\"href='https:\/\/www.radiopiu.net\/wordpress\/wp-content\/uploads\/2023\/04\/17c419c4-e6f6-464d-88c0-8d4d0dae8b0a.jpg'><img loading=\"lazy\" decoding=\"async\" width=\"150\" height=\"150\" src=\"https:\/\/www.radiopiu.net\/wordpress\/wp-content\/uploads\/2023\/04\/17c419c4-e6f6-464d-88c0-8d4d0dae8b0a-150x150.jpg\" class=\"attachment-thumbnail size-thumbnail\" alt=\"\" \/><\/a>\n\t\t\t\t<\/dt><\/dl><dl class='gallery-item'>\n\t\t\t\t<dt class='gallery-icon landscape'>\n\t\t\t\t\t<a class=\"rollover rollover-zoom dt-pswp-item\" title=\"58485005-e45a-4a09-b289-69d2b5611664\" data-dt-img-description=\"\" data-large_image_width=\"582\" data-large_image_height=\"349\"href='https:\/\/www.radiopiu.net\/wordpress\/wp-content\/uploads\/2023\/04\/58485005-e45a-4a09-b289-69d2b5611664.jpg'><img loading=\"lazy\" decoding=\"async\" width=\"150\" height=\"150\" src=\"https:\/\/www.radiopiu.net\/wordpress\/wp-content\/uploads\/2023\/04\/58485005-e45a-4a09-b289-69d2b5611664-150x150.jpg\" class=\"attachment-thumbnail size-thumbnail\" alt=\"\" \/><\/a>\n\t\t\t\t<\/dt><\/dl><dl class='gallery-item'>\n\t\t\t\t<dt class='gallery-icon landscape'>\n\t\t\t\t\t<a class=\"rollover rollover-zoom dt-pswp-item\" title=\"2e2290af-62ae-4435-87f6-2a178cba00a8\" data-dt-img-description=\"\" data-large_image_width=\"540\" data-large_image_height=\"343\"href='https:\/\/www.radiopiu.net\/wordpress\/wp-content\/uploads\/2023\/04\/2e2290af-62ae-4435-87f6-2a178cba00a8.jpg'><img loading=\"lazy\" decoding=\"async\" width=\"150\" height=\"150\" src=\"https:\/\/www.radiopiu.net\/wordpress\/wp-content\/uploads\/2023\/04\/2e2290af-62ae-4435-87f6-2a178cba00a8-150x150.jpg\" class=\"attachment-thumbnail size-thumbnail\" alt=\"\" \/><\/a>\n\t\t\t\t<\/dt><\/dl><dl class='gallery-item'>\n\t\t\t\t<dt class='gallery-icon landscape'>\n\t\t\t\t\t<a class=\"rollover rollover-zoom dt-pswp-item\" title=\"f39ab0b8-60e5-426e-9d5f-9fb52682ff88\" data-dt-img-description=\"\" data-large_image_width=\"614\" data-large_image_height=\"349\"href='https:\/\/www.radiopiu.net\/wordpress\/wp-content\/uploads\/2023\/04\/f39ab0b8-60e5-426e-9d5f-9fb52682ff88.jpg'><img loading=\"lazy\" decoding=\"async\" width=\"150\" height=\"150\" src=\"https:\/\/www.radiopiu.net\/wordpress\/wp-content\/uploads\/2023\/04\/f39ab0b8-60e5-426e-9d5f-9fb52682ff88-150x150.jpg\" class=\"attachment-thumbnail size-thumbnail\" alt=\"\" \/><\/a>\n\t\t\t\t<\/dt><\/dl><dl class='gallery-item'>\n\t\t\t\t<dt class='gallery-icon landscape'>\n\t\t\t\t\t<a class=\"rollover rollover-zoom dt-pswp-item\" title=\"a1065c35-f872-4d03-bced-84564326c6ba\" data-dt-img-description=\"\" data-large_image_width=\"594\" data-large_image_height=\"353\"href='https:\/\/www.radiopiu.net\/wordpress\/wp-content\/uploads\/2023\/04\/a1065c35-f872-4d03-bced-84564326c6ba.jpg'><img loading=\"lazy\" decoding=\"async\" width=\"150\" height=\"150\" src=\"https:\/\/www.radiopiu.net\/wordpress\/wp-content\/uploads\/2023\/04\/a1065c35-f872-4d03-bced-84564326c6ba-150x150.jpg\" class=\"attachment-thumbnail size-thumbnail\" alt=\"\" \/><\/a>\n\t\t\t\t<\/dt><\/dl><br style=\"clear: both\" \/>\n\t\t\t<\/div>\n\n<blockquote><p>&nbsp;<\/p><\/blockquote>\n<hr \/>\n<blockquote><p>&nbsp;<\/p>\n<p>&nbsp;<\/p>\n<h3>CORSI DI FORMAZIONE IN CARCERE, UNA SECONDA OPPORTUNITA&#8217; PER CRESCERE<\/h3>\n<\/blockquote>\n<p><strong><a class=\"dt-pswp-item\" href=\"https:\/\/www.radiopiu.net\/wordpress\/wp-content\/uploads\/2021\/07\/image-2.jpg\" data-dt-img-description=\"\" data-large_image_width=\"960\" data-large_image_height=\"540\"><img loading=\"lazy\" decoding=\"async\" class=\"wp-image-224354 alignleft\" src=\"https:\/\/www.radiopiu.net\/wordpress\/wp-content\/uploads\/2021\/07\/image-2-300x169.jpg\" alt=\"\" width=\"241\" height=\"136\" srcset=\"https:\/\/www.radiopiu.net\/wordpress\/wp-content\/uploads\/2021\/07\/image-2-300x169.jpg 300w, https:\/\/www.radiopiu.net\/wordpress\/wp-content\/uploads\/2021\/07\/image-2-768x432.jpg 768w, https:\/\/www.radiopiu.net\/wordpress\/wp-content\/uploads\/2021\/07\/image-2.jpg 960w\" sizes=\"auto, (max-width: 241px) 100vw, 241px\" \/><\/a>BELLUNO\u00a0<\/strong> Entra nella sua piena operativit\u00e0 la collaborazione tra l&#8217;Associazione degli industriali bellunesi e la Casa circondariale del capoluogo all&#8217;interno del Progetto per il Sociale. Il progetto \u00e8 suddiviso in due momenti. Nel primo i corsisti impareranno a predisporre il proprio curriculum vitae e a sostenere un colloquio di lavoro, grazie alla collaborazione di tre importanti aziende del territorio. Il secondo momento formativo sar\u00e0 dedicato ai temi della sicurezza a cura di Able, che rilascer\u00e0 un apposito attestato. La proposta formativa rientra nel pi\u00f9 ampio \u201cProgetto per il Sociale\u201d lanciato da Confindustria Belluno Dolomiti. la direttrice della casa circondariale di Belluno Tiziana Paolini afferma: <em>&#8220;Ringrazio Confindustria per l\u2019opportunit\u00e0 offerta ai detenuti della Casa Circondariale di Belluno, auspicando che l\u2019iniziativa possa avere successivi sbocchi nel mondo lavorativo del territorio\u201d.<\/em><\/p>\n<p>&nbsp;<\/p>\n<blockquote><p>&nbsp;<\/p><\/blockquote>\n<hr \/>\n<blockquote><p>&nbsp;<\/p>\n<h3>LA TECNOLOGIA ALLA RADIO, CON FRANCESCO ZILLIO DI EPCENTER<\/h3>\n<p>DALLA MAGICA MURANO, ISOLA VENEZIANA, L&#8217;INCANTO DEL VETRO SOFFIATO. L&#8217;IMPORTANZA DELLE LUCI NELLA CULLA DELL&#8217;ARTE E DELLA STORIA DEL VETRO. IL FASCINO DEGLI OGGETTI CHE NASCONO DAL NULLA, L&#8217;AMORE DEI MAESTRI VETRAI. EPCENTER&#8230; TECNOLOGIA ALLA RADIO, IL LUNEDI ALLE 10.30 E 19,\u00a0 IN PODCAST SUL SITO INTERNET <a class=\"moz-txt-link-abbreviated\" href=\"http:\/\/WWW.RADIOPIU.NET\">WWW.RADIOPIU.NET<\/a><\/p>\n<p><strong>DALLA VETRERIA VENIER DI MURANO&#8230; QUANDO LA TECNOLOGIA VALORIZZA L&#8217;ASPETTO DELLA NATURALEZZA DEL VETRO.<\/strong><\/p><\/blockquote>\n<p><iframe loading=\"lazy\" title=\"EPCENTER- IL VETRO, L&#039;ARTE E LA TECNOLOGIA\" width=\"1200\" height=\"675\" src=\"https:\/\/www.youtube.com\/embed\/3_YuaMoAABw?feature=oembed\" frameborder=\"0\" allow=\"accelerometer; autoplay; clipboard-write; encrypted-media; gyroscope; picture-in-picture; web-share\" allowfullscreen><\/iframe><\/p>\n<blockquote><p>&nbsp;<\/p>\n<p>&nbsp;<\/p><\/blockquote>\n<hr \/>\n<blockquote>\n<div class=\"message spoilers-container\" dir=\"auto\">\n<p>&nbsp;<\/p>\n<\/div>\n<\/blockquote>\n<div class=\"message spoilers-container\" dir=\"auto\">\n<div>\n<div class=\"b654a4as d2edcug0\">\n<div class=\"rq0escxv hkbzh7o3 jwdofwj8 n8tt0mok r8blr3vg hyh9befq\">\n<p><a class=\"dt-pswp-item\" href=\"https:\/\/www.radiopiu.net\/wordpress\/wp-content\/uploads\/2020\/10\/pp.jpg\" data-dt-img-description=\"\" data-large_image_width=\"640\" data-large_image_height=\"640\"><img loading=\"lazy\" decoding=\"async\" class=\"wp-image-163678 alignleft\" src=\"https:\/\/www.radiopiu.net\/wordpress\/wp-content\/uploads\/2020\/10\/pp-300x300.jpg\" alt=\"\" width=\"106\" height=\"106\" srcset=\"https:\/\/www.radiopiu.net\/wordpress\/wp-content\/uploads\/2020\/10\/pp-300x300.jpg 300w, https:\/\/www.radiopiu.net\/wordpress\/wp-content\/uploads\/2020\/10\/pp-150x150.jpg 150w, https:\/\/www.radiopiu.net\/wordpress\/wp-content\/uploads\/2020\/10\/pp-125x125.jpg 125w, https:\/\/www.radiopiu.net\/wordpress\/wp-content\/uploads\/2020\/10\/pp-200x200.jpg 200w, https:\/\/www.radiopiu.net\/wordpress\/wp-content\/uploads\/2020\/10\/pp-80x80.jpg 80w, https:\/\/www.radiopiu.net\/wordpress\/wp-content\/uploads\/2020\/10\/pp-480x480.jpg 480w, https:\/\/www.radiopiu.net\/wordpress\/wp-content\/uploads\/2020\/10\/pp.jpg 640w\" sizes=\"auto, (max-width: 106px) 100vw, 106px\" \/><\/a><\/p>\n<\/div>\n<\/div>\n<\/div>\n<\/div>\n<div class=\"message spoilers-container\" dir=\"auto\">\n<div>\n<div class=\"page-title-head hgroup\">\n<div class=\"page-title-head hgroup\">\n<div class=\"b654a4as d2edcug0\">\n<div class=\"j83agx80 btwxx1t3 lhclo0ds hop8lmos nkwizq5d scwd0bx6 roh60bw9\">\n<div class=\"rq0escxv hkbzh7o3 jwdofwj8 n8tt0mok r8blr3vg hyh9befq\">\n<div class=\"do00u71z l9j0dhe7 k4urcfbm\" style=\"text-align: left;\">\n<h2><span style=\"color: #000080;\">DON CESARE, IL PENSIERO DEL GIORNO. ALLA RADIO ALLE 7 DEL MATTINO E ALLE 19.30 DELLA SERA\u00a0<\/span><\/h2>\n<\/div>\n<\/div>\n<\/div>\n<\/div>\n<\/div>\n<\/div>\n<\/div>\n<\/div>\n<div class=\"message spoilers-container\" dir=\"auto\">\n<audio class=\"wp-audio-shortcode\" id=\"audio-331783-15\" preload=\"none\" style=\"width: 100%;\" controls=\"controls\"><source type=\"audio\/mpeg\" src=\"https:\/\/www.radiopiu.net\/wordpress\/wp-content\/uploads\/2023\/04\/CESARE-12.mp3?_=15\" \/><a href=\"https:\/\/www.radiopiu.net\/wordpress\/wp-content\/uploads\/2023\/04\/CESARE-12.mp3\">https:\/\/www.radiopiu.net\/wordpress\/wp-content\/uploads\/2023\/04\/CESARE-12.mp3<\/a><\/audio>\n<\/div>\n<blockquote>\n<div class=\"message spoilers-container\" dir=\"auto\">\n<p>&nbsp;<\/p>\n<hr \/>\n<p>&nbsp;<\/p>\n<\/div>\n<\/blockquote>\n<div class=\"message spoilers-container\" dir=\"auto\">\n<h2><span style=\"color: #ff00ff;\">IN VIVO VERSO\u00a0 \u00a0 \u00a0<\/span><\/h2>\n<\/div>\n<div class=\"message spoilers-container\" dir=\"auto\">\n<h3>MARE NOSTRO QUOTIDIANO DI ERIKA DE BORTOLI<\/h3>\n<\/div>\n<div class=\"message spoilers-container\" dir=\"auto\">\n<p><strong>AUDIO\u00a0<\/strong><\/p>\n<\/div>\n<audio class=\"wp-audio-shortcode\" id=\"audio-331783-16\" preload=\"none\" style=\"width: 100%;\" controls=\"controls\"><source type=\"audio\/mpeg\" src=\"https:\/\/www.radiopiu.net\/wordpress\/wp-content\/uploads\/2023\/04\/01ERIKA-DE-BORTOLI-MARE-NOSTRO-QUOTIDIANO.mp3?_=16\" \/><a href=\"https:\/\/www.radiopiu.net\/wordpress\/wp-content\/uploads\/2023\/04\/01ERIKA-DE-BORTOLI-MARE-NOSTRO-QUOTIDIANO.mp3\">https:\/\/www.radiopiu.net\/wordpress\/wp-content\/uploads\/2023\/04\/01ERIKA-DE-BORTOLI-MARE-NOSTRO-QUOTIDIANO.mp3<\/a><\/audio>\n<blockquote>\n<div class=\"message spoilers-container\" dir=\"auto\">\n<p><strong><a class=\"dt-pswp-item\" href=\"https:\/\/www.radiopiu.net\/wordpress\/wp-content\/uploads\/2023\/04\/ERIKA-DE-BORTOLI-FOTO.jpg\" data-dt-img-description=\"\" data-large_image_width=\"750\" data-large_image_height=\"738\"><img loading=\"lazy\" decoding=\"async\" class=\"wp-image-331794 alignleft\" src=\"https:\/\/www.radiopiu.net\/wordpress\/wp-content\/uploads\/2023\/04\/ERIKA-DE-BORTOLI-FOTO-300x295.jpg\" alt=\"\" width=\"130\" height=\"128\" srcset=\"https:\/\/www.radiopiu.net\/wordpress\/wp-content\/uploads\/2023\/04\/ERIKA-DE-BORTOLI-FOTO-300x295.jpg 300w, https:\/\/www.radiopiu.net\/wordpress\/wp-content\/uploads\/2023\/04\/ERIKA-DE-BORTOLI-FOTO.jpg 750w\" sizes=\"auto, (max-width: 130px) 100vw, 130px\" \/><\/a>Erika De Bortoli<\/strong><br \/>\n<strong>MARE NOSTRO QUOTIDIANO<\/strong><\/p>\n<p>Salato il giorno,<br \/>\npungente la notte,<br \/>\npenetranti come sguardi<br \/>\nassetati alla deriva.<\/p>\n<p>Anime siamo<br \/>\ntra i piedi e le mani<br \/>\naggrappati ai corpi<br \/>\npi\u00f9 che alla terra.<\/p>\n<p>Tarda all&#8217;approdo<br \/>\nl&#8217;avara speranza.<br \/>\nCom&#8217;eco rifranta<br \/>\ntrae a risacca.<\/p>\n<\/div>\n<\/blockquote>\n<div class=\"message spoilers-container\" dir=\"auto\">\n<p><strong>LA RACCOLTA COMPLETA<\/strong><\/p>\n<blockquote class=\"wp-embedded-content\" data-secret=\"4Prbr5keM8\"><p><a href=\"https:\/\/www.radiopiu.net\/wordpress\/in-vivo-verso\/\">In Vivo Verso<\/a><\/p><\/blockquote>\n<p><iframe loading=\"lazy\" class=\"wp-embedded-content\" sandbox=\"allow-scripts\" security=\"restricted\" style=\"position: absolute; clip: rect(1px, 1px, 1px, 1px);\" title=\"&#8220;In Vivo Verso&#8221; &#8212; Radio Pi\u00f9\" src=\"https:\/\/www.radiopiu.net\/wordpress\/in-vivo-verso\/embed\/#?secret=mjpGdjlJwG#?secret=4Prbr5keM8\" data-secret=\"4Prbr5keM8\" width=\"600\" height=\"338\" frameborder=\"0\" marginwidth=\"0\" marginheight=\"0\" scrolling=\"no\"><\/iframe><\/p>\n<\/div>\n<div class=\"message spoilers-container\" dir=\"auto\">\n<p>&nbsp;<\/p>\n<hr \/>\n<p>&nbsp;<\/p>\n<\/div>\n<div class=\"message spoilers-container\" dir=\"auto\">\n<h2><span style=\"color: #008080;\">GOCCE DI FILOSOFIA\u00a0\u00a0<\/span><\/h2>\n<\/div>\n<div class=\"message spoilers-container\" dir=\"auto\">\n<p><strong>PUNTATA 291 \u2013 LISA DE LUCA _ TERZA STAGIONE\u00a0<\/strong><\/p>\n<\/div>\n<audio class=\"wp-audio-shortcode\" id=\"audio-331783-17\" preload=\"none\" style=\"width: 100%;\" controls=\"controls\"><source type=\"audio\/mpeg\" src=\"https:\/\/www.radiopiu.net\/wordpress\/wp-content\/uploads\/2023\/04\/FI1-2.mp3?_=17\" \/><a href=\"https:\/\/www.radiopiu.net\/wordpress\/wp-content\/uploads\/2023\/04\/FI1-2.mp3\">https:\/\/www.radiopiu.net\/wordpress\/wp-content\/uploads\/2023\/04\/FI1-2.mp3<\/a><\/audio>\n<blockquote>\n<div class=\"message spoilers-container\" dir=\"auto\">\n<p>&nbsp;<\/p>\n<p><strong>LA RACCOLTA COMPLETA<\/strong><\/p>\n<\/div>\n<\/blockquote>\n<div class=\"message spoilers-container\" dir=\"auto\">\n<blockquote class=\"wp-embedded-content\" data-secret=\"iGg88tEd6E\"><p><a href=\"https:\/\/www.radiopiu.net\/wordpress\/gocce-filosofia\/\">Gocce di filosofia,  LA TERZA STAGIONE&#8230; 2023<\/a><\/p><\/blockquote>\n<p><iframe loading=\"lazy\" class=\"wp-embedded-content\" sandbox=\"allow-scripts\" security=\"restricted\" style=\"position: absolute; clip: rect(1px, 1px, 1px, 1px);\" title=\"&#8220;Gocce di filosofia,  LA TERZA STAGIONE&#8230; 2023&#8221; &#8212; Radio Pi\u00f9\" src=\"https:\/\/www.radiopiu.net\/wordpress\/gocce-filosofia\/embed\/#?secret=Qcr8TxJZGQ#?secret=iGg88tEd6E\" data-secret=\"iGg88tEd6E\" width=\"600\" height=\"338\" frameborder=\"0\" marginwidth=\"0\" marginheight=\"0\" scrolling=\"no\"><\/iframe><\/p>\n<\/div>\n<blockquote><p>&nbsp;<\/p><\/blockquote>\n<div class=\"message spoilers-container\" dir=\"auto\">\n<hr \/>\n<p>&nbsp;<\/p>\n<\/div>\n<div class=\"message spoilers-container\" dir=\"auto\">\n<div class=\"column\">\n<p><img loading=\"lazy\" decoding=\"async\" class=\"aligncenter wp-image-61954 size-full\" src=\"https:\/\/www.radiopiu.net\/wordpress\/wp-content\/uploads\/2018\/09\/viabilita.jpeg\" sizes=\"auto, (max-width: 800px) 100vw, 800px\" srcset=\"https:\/\/www.radiopiu.net\/wordpress\/wp-content\/uploads\/2018\/09\/viabilita.jpeg 800w, https:\/\/www.radiopiu.net\/wordpress\/wp-content\/uploads\/2018\/09\/viabilita-300x38.jpeg 300w, https:\/\/www.radiopiu.net\/wordpress\/wp-content\/uploads\/2018\/09\/viabilita-768x96.jpeg 768w\" alt=\"\" width=\"800\" height=\"100\" \/><\/p>\n<\/div>\n<\/div>\n<div class=\"message spoilers-container\" dir=\"auto\">\n<div class=\"column\">\n<p>&nbsp;<\/p>\n<\/div>\n<\/div>\n<div class=\"message spoilers-container\" dir=\"auto\">\n<div class=\"column\">\n<div dir=\"ltr\">\n<div class=\"gmail_quote\">\n<div dir=\"ltr\">\n<div class=\"gmail_quote\">\n<blockquote class=\"wp-embedded-content\" data-secret=\"pya9cjkOzP\"><p><a href=\"https:\/\/www.radiopiu.net\/wordpress\/viabilita\/\">viabilita<\/a><\/p><\/blockquote>\n<p><iframe loading=\"lazy\" class=\"wp-embedded-content\" sandbox=\"allow-scripts\" security=\"restricted\" style=\"position: absolute; clip: rect(1px, 1px, 1px, 1px);\" title=\"&#8220;viabilita&#8221; &#8212; Radio Pi\u00f9\" src=\"https:\/\/www.radiopiu.net\/wordpress\/viabilita\/embed\/#?secret=27GFLhF1RJ#?secret=pya9cjkOzP\" data-secret=\"pya9cjkOzP\" width=\"600\" height=\"338\" frameborder=\"0\" marginwidth=\"0\" marginheight=\"0\" scrolling=\"no\"><\/iframe><\/p>\n<\/div>\n<\/div>\n<\/div>\n<\/div>\n<\/div>\n<\/div>\n<div class=\"message spoilers-container\" dir=\"auto\">\n<div class=\"column\">\n<div>\n<div dir=\"ltr\">\n<div class=\"gmail_quote\">\n<div dir=\"ltr\">\n<div><\/div>\n<\/div>\n<\/div>\n<\/div>\n<\/div>\n<hr \/>\n<p>&nbsp;<\/p>\n<p><a class=\"dt-pswp-item\" href=\"https:\/\/www.radiopiu.net\/wordpress\/wp-content\/uploads\/2018\/09\/WhatsApp-Image-2018-09-20-at-16.04.06.jpeg\" data-dt-img-description=\"\" data-large_image_width=\"800\" data-large_image_height=\"100\"><img loading=\"lazy\" decoding=\"async\" class=\"wp-image-61378 size-full aligncenter\" src=\"https:\/\/www.radiopiu.net\/wordpress\/wp-content\/uploads\/2018\/09\/WhatsApp-Image-2018-09-20-at-16.04.06.jpeg\" alt=\"\" width=\"800\" height=\"100\" srcset=\"https:\/\/www.radiopiu.net\/wordpress\/wp-content\/uploads\/2018\/09\/WhatsApp-Image-2018-09-20-at-16.04.06.jpeg 800w, https:\/\/www.radiopiu.net\/wordpress\/wp-content\/uploads\/2018\/09\/WhatsApp-Image-2018-09-20-at-16.04.06-300x38.jpeg 300w, https:\/\/www.radiopiu.net\/wordpress\/wp-content\/uploads\/2018\/09\/WhatsApp-Image-2018-09-20-at-16.04.06-768x96.jpeg 768w\" sizes=\"auto, (max-width: 800px) 100vw, 800px\" \/><\/a><\/p>\n<\/div>\n<p><strong>OGGI<\/strong> <b> <\/b>Al mattino in prevalenza soleggiato con transito di temporanee velature, Al pomeriggio modesta riduzione del soleggiamento per contenuta attivit\u00e0 cumuliforme, assieme a qualche banco di cirri. Il maggiore soleggiamento consentir\u00e0 una certa mitezza diurna nei posti pi\u00f9 assolati. <b>Precipitazioni: <\/b>Assenti al mattino\u00a0 e generalmente assenti al pomeriggio. <b>Temperature: <\/b>Minime in leggera diminuzione, specie nelle valli, e massime in generale modesta ripresa.<\/p>\n<p><strong>DOMANI<\/strong> Al mattino qualche tratto soleggiato, anche ampio sulle Dolomiti. Dalle ore centrali aumento della nuvolosit\u00e0 fino a cielo molto nuvoloso. Il tempo diverr\u00e0 instabile, dapprima sulle Prealpi, in maniera pi\u00f9 tardiva sulle Dolomiti. Il contesto notturno sar\u00e0 meno fresco, ma in giornata il deficit di sole avr\u00e0 qualche effetto sull&#8217;andamento termico diurno. <b>Precipitazioni: <\/b>Al mattino assenti. Al pomeriggio aumento della probabilit\u00e0, specie sulle Prealpi, dove rovesci e temporali non saranno da escludere. La neve cadr\u00e0 inizialmente sopra i 1800-2000 m, prima di abbassarsi leggermente fino a 1500-1700 m in serata. Previsti apporti da 1-5 mm sulle Dolomiti e da 10 a 15 mm sulle Prealpi con altrettanti cm di neve sopra i 2200 m. Quantitativi suscettibili di variazioni. <b>Temperature: <\/b>Minime in ripresa e massime in leggera flessione.<\/p>\n<p><strong>GIOVEDI<\/strong> Tempo instabile\/perturbato con cielo da molto nuvoloso a coperto tutto il giorno e poche chance di schiarite. Le precipitazioni saranno frequenti, a tratti diffuse. Il limite delle nevicate si aggirer\u00e0 sui 1400-1600 m, localmente e a tratti a quote pi\u00f9 basse nelle valli dolomitiche pi\u00f9 chiuse.<\/p>\n<\/div>\n<div class=\"message spoilers-container\" dir=\"auto\">\n<p><strong>VENERDI<\/strong> Residuo maltempo iniziale con molte nubi, precipitazioni ancora diffuse, nevose oltre 1400-1600 m. Al pomeriggio tendenza alla variabilit\u00e0 con riduzione della nuvolosit\u00e0 e rasserenamenti. Temperature senza notevoli variazioni<\/p>\n<\/div>\n<blockquote>\n<div class=\"message spoilers-container\" dir=\"auto\">\n<p>&nbsp;<\/p>\n<\/div>\n<\/blockquote>\n<div class=\"message spoilers-container\" dir=\"auto\">\n<p>&nbsp;<\/p>\n<\/div>\n<div class=\"message spoilers-container\" dir=\"auto\">\n<hr \/>\n<p>&nbsp;<\/p>\n<p><a class=\"dt-pswp-item\" href=\"https:\/\/www.radiopiu.net\/wordpress\/wp-content\/uploads\/2018\/09\/sport.jpg\" data-dt-img-description=\"\" data-large_image_width=\"800\" data-large_image_height=\"100\"><img loading=\"lazy\" decoding=\"async\" class=\"aligncenter wp-image-60761 size-full\" src=\"https:\/\/www.radiopiu.net\/wordpress\/wp-content\/uploads\/2018\/09\/sport.jpg\" alt=\"\" width=\"800\" height=\"100\" srcset=\"https:\/\/www.radiopiu.net\/wordpress\/wp-content\/uploads\/2018\/09\/sport.jpg 800w, https:\/\/www.radiopiu.net\/wordpress\/wp-content\/uploads\/2018\/09\/sport-300x38.jpg 300w, https:\/\/www.radiopiu.net\/wordpress\/wp-content\/uploads\/2018\/09\/sport-768x96.jpg 768w\" sizes=\"auto, (max-width: 800px) 100vw, 800px\" \/><\/a><\/p>\n<\/div>\n<div class=\"message spoilers-container\" dir=\"auto\">\n<p>&nbsp;<\/p>\n<p><span style=\"color: #0000ff;\"><strong>CALCIO<\/strong><\/span><\/p>\n<blockquote>\n<h3>AGORDINA AI PLAYOUT. AFFRONTERA&#8217; IL GEMELLE<\/h3>\n<\/blockquote>\n<p><strong><a class=\"dt-pswp-item\" href=\"https:\/\/www.radiopiu.net\/wordpress\/wp-content\/uploads\/2019\/09\/AGORDINA-CALCIO.jpeg\" data-dt-img-description=\"\" data-large_image_width=\"225\" data-large_image_height=\"225\"><img loading=\"lazy\" decoding=\"async\" class=\" wp-image-97575 alignleft\" src=\"https:\/\/www.radiopiu.net\/wordpress\/wp-content\/uploads\/2019\/09\/AGORDINA-CALCIO.jpeg\" alt=\"\" width=\"119\" height=\"119\" srcset=\"https:\/\/www.radiopiu.net\/wordpress\/wp-content\/uploads\/2019\/09\/AGORDINA-CALCIO.jpeg 225w, https:\/\/www.radiopiu.net\/wordpress\/wp-content\/uploads\/2019\/09\/AGORDINA-CALCIO-150x150.jpeg 150w\" sizes=\"auto, (max-width: 119px) 100vw, 119px\" \/><\/a>di Marco Gaz<\/strong><\/p>\n<p><strong>REDAZIONE<\/strong> L&#8217;Agordina ce l&#8217;ha fatta. L&#8217;obbiettivo di accedere ai playout \u00e8 stato raggiunto. La squadra di Danilo Chenet si giocher\u00e0 il tutto per tutto contro il Gemelle. Domenica gli agordini hanno fatto vedere di che pasta sono fatti proprio contro la formazione di Borgo Valbelluna. Una partita quasi perfetta nonostante la sfida sia stata nervosa e con poche emozioni. Compagine di Agordo che ha saputo sfruttare al meglio le occasioni arrivate. Finalmente si \u00e8 sbloccato anche William Wiesner. L&#8217;agordino, arrivato a gennaio nella squadra del presidente Cosmo Forcella, \u00e8 andato a segno per ben due volte. Prima ha deviato un calcio d&#8217;angolo, poi ha trovato il pertugio per battere il portiere zumellese. A chiudere la partita ci ha pensato invece il solito Zannoni che ha messo la firma sul terzo gol della giornata su calcio di rigore. Ora l&#8217;Agordina avr\u00e0 modo di preparare la doppia sfida contro il Gemelle per sperare in una salvezza all&#8217;ultimo. Negli ultimi cinque precedenti la squadra di Agordo ha vinto quattro volte e una sola sconfitta. Sulla carta sembra essere la favorita ma solo il campo dar\u00e0 il verdetto. L&#8217;andata si giocher\u00e0 all&#8217;Ivano Dorigo di Agordo il 30 aprile. Match di ritorno il 7 maggio a Borgo Valbelluna.<\/p>\n<p>&nbsp;<\/p>\n<p>&nbsp;<\/p>\n<hr \/>\n<p>&nbsp;<\/p>\n<p><span style=\"color: #0000ff;\"><strong>HOCKEY SU GHIACCIO<\/strong><\/span><\/p>\n<blockquote>\n<h3>SI APRE CON UNA SCONFITTA ALL&#8217;OVERTIME IL MONDIALE DELLA NAZIONALE FEMMINILE<\/h3>\n<\/blockquote>\n<p class=\"null\"><a class=\"dt-pswp-item\" href=\"https:\/\/www.radiopiu.net\/wordpress\/wp-content\/uploads\/2023\/04\/7df5cdfe-569d-c0e8-4d32-bee1f03c450b-scaled.jpg\" data-dt-img-description=\"\" data-large_image_width=\"2560\" data-large_image_height=\"1726\"><img loading=\"lazy\" decoding=\"async\" class=\" wp-image-331869 alignleft\" src=\"https:\/\/www.radiopiu.net\/wordpress\/wp-content\/uploads\/2023\/04\/7df5cdfe-569d-c0e8-4d32-bee1f03c450b-300x202.jpg\" alt=\"\" width=\"157\" height=\"106\" srcset=\"https:\/\/www.radiopiu.net\/wordpress\/wp-content\/uploads\/2023\/04\/7df5cdfe-569d-c0e8-4d32-bee1f03c450b-300x202.jpg 300w, https:\/\/www.radiopiu.net\/wordpress\/wp-content\/uploads\/2023\/04\/7df5cdfe-569d-c0e8-4d32-bee1f03c450b-1024x690.jpg 1024w, https:\/\/www.radiopiu.net\/wordpress\/wp-content\/uploads\/2023\/04\/7df5cdfe-569d-c0e8-4d32-bee1f03c450b-768x518.jpg 768w, https:\/\/www.radiopiu.net\/wordpress\/wp-content\/uploads\/2023\/04\/7df5cdfe-569d-c0e8-4d32-bee1f03c450b-1536x1035.jpg 1536w, https:\/\/www.radiopiu.net\/wordpress\/wp-content\/uploads\/2023\/04\/7df5cdfe-569d-c0e8-4d32-bee1f03c450b-2048x1381.jpg 2048w\" sizes=\"auto, (max-width: 157px) 100vw, 157px\" \/><\/a>Si apre con una sconfitta all&#8217;overtime il Mondiale di 1^ Divisione Gruppo B per la Nazionale femminile di hockey su ghiaccio, che cade per 2 a 1 contro le padrone di casa della Corea del Sud. Dopo il botta e risposta tra Lee e Furlani nel secondo tempo, l&#8217;Italia domina la terza frazione, ma si schianta contro il portiere di casa e il match scivola al supplementare, dove a chiudere i conti ci pensa Heewon Kim in superiorit\u00e0 numerica. Per le Azzurre resta il rammarico di non essere riuscite a sfruttare ben otto powerplay nel corso dei tempi regolamentari, avendo tirato verso la porta quasi il doppio delle volte rispetto alle coreane (25 tiri a 40). Oggi le ragazze di coach Fedrizzi torneranno sul ghiaccio contro la Gran Bretagna, che ha battuto il Kazakistan. (foto: IIHF)<\/p>\n<p>&nbsp;<\/p>\n<p>&nbsp;<\/p>\n<hr \/>\n<p>&nbsp;<\/p>\n<p><span style=\"color: #0000ff;\"><strong>SCI NORDICO<\/strong><\/span><\/p>\n<blockquote>\n<h3>FESTA DI FINE STAGIONE PER LO SCI NORDICO MARMOLADA<\/h3>\n<\/blockquote>\n<p><strong><a class=\"dt-pswp-item\" href=\"https:\/\/www.radiopiu.net\/wordpress\/wp-content\/uploads\/2023\/04\/72f3e2d7-fd51-4aa6-8bea-c1cbce9b3952.jpg\" data-dt-img-description=\"\" data-large_image_width=\"1500\" data-large_image_height=\"1000\"><img loading=\"lazy\" decoding=\"async\" class=\" wp-image-331843 alignleft\" src=\"https:\/\/www.radiopiu.net\/wordpress\/wp-content\/uploads\/2023\/04\/72f3e2d7-fd51-4aa6-8bea-c1cbce9b3952-300x200.jpg\" alt=\"\" width=\"138\" height=\"92\" srcset=\"https:\/\/www.radiopiu.net\/wordpress\/wp-content\/uploads\/2023\/04\/72f3e2d7-fd51-4aa6-8bea-c1cbce9b3952-300x200.jpg 300w, https:\/\/www.radiopiu.net\/wordpress\/wp-content\/uploads\/2023\/04\/72f3e2d7-fd51-4aa6-8bea-c1cbce9b3952-1024x683.jpg 1024w, https:\/\/www.radiopiu.net\/wordpress\/wp-content\/uploads\/2023\/04\/72f3e2d7-fd51-4aa6-8bea-c1cbce9b3952-768x512.jpg 768w, https:\/\/www.radiopiu.net\/wordpress\/wp-content\/uploads\/2023\/04\/72f3e2d7-fd51-4aa6-8bea-c1cbce9b3952.jpg 1500w\" sizes=\"auto, (max-width: 138px) 100vw, 138px\" \/><\/a>ROCCA PIETORE<\/strong> Sabato pomeriggio si \u00e8 svolta la festa di fine stagione per i ragazzi dello Sci Nordico Marmolada. Una stagione da incorniciare per il piccolo club ai piedi della Marmolada. Alla finale Lattebusche quinto posto regionale e secondo a livello provinciale con solo sei atleti.\u00a0 Tre dei ragazzi pi\u00f9 grandi hanno partecipato al campionato italiano ragazzi ottenendo buoni risultati. Presente anche Martina Scola, atleta dello sci alpinismo, reduce da una stagione a dir poco eccezionale.<\/p>\n<p><strong>IL SINDACO DI ROCCA PIETORE ANDREA DE BERNARDIN<\/strong><\/p>\n<audio class=\"wp-audio-shortcode\" id=\"audio-331783-18\" preload=\"none\" style=\"width: 100%;\" controls=\"controls\"><source type=\"audio\/mpeg\" src=\"https:\/\/www.radiopiu.net\/wordpress\/wp-content\/uploads\/2023\/04\/DE-BERNARDIN-SCI.mp3?_=18\" \/><a href=\"https:\/\/www.radiopiu.net\/wordpress\/wp-content\/uploads\/2023\/04\/DE-BERNARDIN-SCI.mp3\">https:\/\/www.radiopiu.net\/wordpress\/wp-content\/uploads\/2023\/04\/DE-BERNARDIN-SCI.mp3<\/a><\/audio>\n<p>&nbsp;<\/p>\n<\/div>\n<hr \/>\n<p>&nbsp;<\/p>\n<p><span style=\"color: #0000ff;\"><strong>NUOTO<\/strong><\/span><\/p>\n<blockquote>\n<h3>TROFEO LE BANDIE: DECIMO POSTO ASSOLUTO PER I MASTER BELLUNESI A SPRESIANO<\/h3>\n<\/blockquote>\n<p><strong><a class=\"dt-pswp-item\" href=\"https:\/\/www.radiopiu.net\/wordpress\/wp-content\/uploads\/2023\/04\/Master_al_Trofeo_Le_Bandie.jpg\" data-dt-img-description=\"\" data-large_image_width=\"640\" data-large_image_height=\"478\"><img loading=\"lazy\" decoding=\"async\" class=\" wp-image-331854 alignleft\" src=\"https:\/\/www.radiopiu.net\/wordpress\/wp-content\/uploads\/2023\/04\/Master_al_Trofeo_Le_Bandie-300x224.jpg\" alt=\"\" width=\"171\" height=\"128\" srcset=\"https:\/\/www.radiopiu.net\/wordpress\/wp-content\/uploads\/2023\/04\/Master_al_Trofeo_Le_Bandie-300x224.jpg 300w, https:\/\/www.radiopiu.net\/wordpress\/wp-content\/uploads\/2023\/04\/Master_al_Trofeo_Le_Bandie.jpg 640w\" sizes=\"auto, (max-width: 171px) 100vw, 171px\" \/><\/a>BELLUNO <\/strong>Trasferta ricca di soddisfazioni, a Spresiano, per gli atleti Master della Sportivamente Belluno: al\u00a0 7\u00b0 Trofeo Le Bandie, i bellunesi si piazzano al decimo posto nella classifica assoluta su 56 societ\u00e0 partecipanti. Numerose le medaglie conquistate nelle varie specialit\u00e0: a cominciare dal doppio oro di Laura Etzi\u00a0 (200 dorso e 200 stile), per proseguire con l\u2019oro e argento di Daniela Bianchet (200 e 50 stile) e di Daniela Piermarini (200 dorso e 100 stile). Gradino pi\u00f9 alto del podio anche per Giulia De Bona e Tullio Franceschini nei 200 dorso, mentre Marta Rossa nei 100 rana e Roberto Zannoni nei 50 rana sono d\u2019argento. Il successo di squadra \u00e8 confermato anche dalle due staffette, grazie all&#8217;oro nella categoria 240\/280 di Franz Bossems, Roberto Zannoni, Marta Rossa e Laura Etzi. E all\u2019argento della staffetta femminile composta da Daniela Bianchet, Elena Fava, Marta Rossa e Laura Etzi. \u00abOltre alle medaglie, ci sono stati importanti progressi da un punto di vista cronometrico da parte di tutti\u00a0&#8211; sottolinea con soddisfazione il tecnico della Sportivamente Belluno, Maria Elena Canova -. A conferma del lavoro svolto e in un momento delicato della preparazione, che ci vedr\u00e0 impegnati ancora in un paio di gare del Grand Prix Veneto, nel mese di maggio, e a fine giugno, quando a Riccione si terranno i Campionati italiani a chiusura della stagione agonistica\u00bb.<\/p>\n<p>&nbsp;<\/p>\n<p>&nbsp;<\/p>\n<hr \/>\n","protected":false},"excerpt":{"rendered":"<p>ISCRIVITI AL NOSTRO CANALE\u00a0 YOUTUBE PER SEGUIRE IN DIRETTA I PRINCIPALI PROGRAMMI DI RADIO PIU&#8217; E LE FUTURE DIRETTE IN ESTERNA. PER ISCRIVERTI CLICCA QUI E PREMI\u00a0 &#8220;Iscriviti&#8221;\u00a0 \u00a0 \u00a0 &nbsp; E anche oggi RADIOPIU si fa in sei\u00a0 per i suoi ascoltatori&#8230;. 1&#8230;. alle 8 la rassegna stampa locale, dal 1983 tutti i giorni&hellip;<\/p>\n","protected":false},"author":4,"featured_media":331899,"comment_status":"closed","ping_status":"closed","sticky":false,"template":"","format":"standard","meta":{"_monsterinsights_skip_tracking":false,"_monsterinsights_sitenote_active":false,"_monsterinsights_sitenote_note":"","_monsterinsights_sitenote_category":0,"footnotes":""},"categories":[51,86,49],"tags":[],"class_list":["post-331783","post","type-post","status-publish","format-standard","has-post-thumbnail","hentry","category-evidenza-top","category-gr","category-news-18","category-51","category-86","category-49","description-off"],"img_url":"https:\/\/www.radiopiu.net\/wordpress\/wp-content\/uploads\/2023\/04\/Senza-nome-44.jpg","_links":{"self":[{"href":"https:\/\/www.radiopiu.net\/wordpress\/wp-json\/wp\/v2\/posts\/331783","targetHints":{"allow":["GET"]}}],"collection":[{"href":"https:\/\/www.radiopiu.net\/wordpress\/wp-json\/wp\/v2\/posts"}],"about":[{"href":"https:\/\/www.radiopiu.net\/wordpress\/wp-json\/wp\/v2\/types\/post"}],"author":[{"embeddable":true,"href":"https:\/\/www.radiopiu.net\/wordpress\/wp-json\/wp\/v2\/users\/4"}],"replies":[{"embeddable":true,"href":"https:\/\/www.radiopiu.net\/wordpress\/wp-json\/wp\/v2\/comments?post=331783"}],"version-history":[{"count":0,"href":"https:\/\/www.radiopiu.net\/wordpress\/wp-json\/wp\/v2\/posts\/331783\/revisions"}],"wp:featuredmedia":[{"embeddable":true,"href":"https:\/\/www.radiopiu.net\/wordpress\/wp-json\/wp\/v2\/media\/331899"}],"wp:attachment":[{"href":"https:\/\/www.radiopiu.net\/wordpress\/wp-json\/wp\/v2\/media?parent=331783"}],"wp:term":[{"taxonomy":"category","embeddable":true,"href":"https:\/\/www.radiopiu.net\/wordpress\/wp-json\/wp\/v2\/categories?post=331783"},{"taxonomy":"post_tag","embeddable":true,"href":"https:\/\/www.radiopiu.net\/wordpress\/wp-json\/wp\/v2\/tags?post=331783"}],"curies":[{"name":"wp","href":"https:\/\/api.w.org\/{rel}","templated":true}]}}