{"id":331816,"date":"2023-04-18T05:39:58","date_gmt":"2023-04-18T03:39:58","guid":{"rendered":"https:\/\/www.radiopiu.net\/wordpress\/?p=331816"},"modified":"2023-04-18T05:50:27","modified_gmt":"2023-04-18T03:50:27","slug":"sos-sanita-piu-di-1600-firme-in-una-settimana-con-la-petizione-on-line","status":"publish","type":"post","link":"https:\/\/www.radiopiu.net\/wordpress\/sos-sanita-piu-di-1600-firme-in-una-settimana-con-la-petizione-on-line\/","title":{"rendered":"SOS SANITA&#8217;, PIU&#8217; DI 1600 FIRME IN UNA SETTIMANA CON LA PETIZIONE ON LINE\u00a0"},"content":{"rendered":"<blockquote>\n<h3><\/h3>\n<\/blockquote>\n<div align=\"left\">\n<p><span style=\"color: #000000; font-family: Helvetica;\"><span style=\"color: #000000; font-family: Helvetica;\"><strong><img loading=\"lazy\" decoding=\"async\" class=\"alignleft\" src=\"https:\/\/www.radiopiu.net\/wordpress\/wp-content\/uploads\/2020\/10\/ORTOPEDIA-OSPEDALE-AGORDO-4.jpg\" width=\"138\" height=\"246\" \/><\/strong><\/span><\/span><span style=\"color: #000000; font-family: Helvetica;\"><strong>TREVISO_BELLUNO<\/strong> Pi\u00f9 di 1.600 firme in difesa della sanit\u00e0 in montagna. A una settimana dal lancio della petizione online su change.org a sostegno del diritto alla salute nella provincia di Belluno, la Cisl Belluno Treviso ha gi\u00e0 raccolto pi\u00f9 di 1.600 sottoscrizioni e altrettante condivisioni. Da marted\u00ec 18 aprile si potr\u00e0 firmare anche in <a class=\"dt-pswp-item\" href=\"https:\/\/www.radiopiu.net\/wordpress\/wp-content\/uploads\/2020\/11\/Massimiliano-Paglini2-min-scaled.jpg\" data-dt-img-description=\"\" data-large_image_width=\"2560\" data-large_image_height=\"1920\"><img loading=\"lazy\" decoding=\"async\" class=\"wp-image-174548 alignright\" src=\"https:\/\/www.radiopiu.net\/wordpress\/wp-content\/uploads\/2020\/11\/Massimiliano-Paglini2-min-300x225.jpg\" alt=\"\" width=\"193\" height=\"145\" srcset=\"https:\/\/www.radiopiu.net\/wordpress\/wp-content\/uploads\/2020\/11\/Massimiliano-Paglini2-min-300x225.jpg 300w, https:\/\/www.radiopiu.net\/wordpress\/wp-content\/uploads\/2020\/11\/Massimiliano-Paglini2-min-1024x768.jpg 1024w, https:\/\/www.radiopiu.net\/wordpress\/wp-content\/uploads\/2020\/11\/Massimiliano-Paglini2-min-768x576.jpg 768w, https:\/\/www.radiopiu.net\/wordpress\/wp-content\/uploads\/2020\/11\/Massimiliano-Paglini2-min-1536x1152.jpg 1536w, https:\/\/www.radiopiu.net\/wordpress\/wp-content\/uploads\/2020\/11\/Massimiliano-Paglini2-min-2048x1536.jpg 2048w\" sizes=\"auto, (max-width: 193px) 100vw, 193px\" \/><\/a>tutte le 10 sedi Cisl della provincia (Belluno, Agordo, Feltre, Pieve di Cadore, Sedico, Cortina, Mel, Santo Stefano di Cadore, Quero, Farra d\u2019Alpago), dove i cittadini troveranno i moduli cartacei della petizione \u201c<u>SOS Sanit\u00e0, una firma per la montagna bellunes<\/u>e\u201d. <\/span><span style=\"color: #000000; font-family: Helvetica;\">\u201c<\/span><i style=\"color: #000000; font-family: Helvetica;\">Invitiamo lavoratrici, lavoratori, pensionate, pensionati e la cittadinanza tutta a sostenere la raccolta firme <\/i><span style=\"color: #000000; font-family: Helvetica;\">&#8211; <\/span>afferma Massimiliano Paglini, segretario generale della Cisl Belluno Treviso\u00a0<b style=\"color: #000000; font-family: Helvetica;\"><br \/>\naudio<br \/>\n<\/b><\/p>\n<div align=\"left\">\n<audio class=\"wp-audio-shortcode\" id=\"audio-331816-1\" preload=\"none\" style=\"width: 100%;\" controls=\"controls\"><source type=\"audio\/mpeg\" src=\"https:\/\/www.radiopiu.net\/wordpress\/wp-content\/uploads\/2023\/04\/paglini.mp3?_=1\" \/><a href=\"https:\/\/www.radiopiu.net\/wordpress\/wp-content\/uploads\/2023\/04\/paglini.mp3\">https:\/\/www.radiopiu.net\/wordpress\/wp-content\/uploads\/2023\/04\/paglini.mp3<\/a><\/audio>\n<\/div>\n<p>&nbsp;<\/p>\n<\/div>\n<blockquote>\n<div align=\"left\"><span style=\"color: #000000; font-family: Helvetica;\">&#8220;<\/span><i style=\"color: #000000; font-family: Helvetica;\">perch\u00e9 \u00e8 un\u2019azione necessaria per portare all\u2019attenzione delle istituzioni e dei decisori le istanze della popolazione bellunese in difesa del diritto alla salute e della sanit\u00e0 pubblica e universale in montagna, territorio segnato da un inesorabile declino demografico e spopolamento a cui si accompagna una crescente e sempre pi\u00f9 preoccupante carenza di servizi e infrastrutture\u201d.<\/i><\/div>\n<\/blockquote>\n<div align=\"left\"><\/div>\n<div align=\"left\"><\/div>\n<div align=\"left\"><\/div>\n<div align=\"left\"><\/div>\n<div align=\"left\"><\/div>\n<div align=\"left\">\n<hr \/>\n<\/div>\n","protected":false},"excerpt":{"rendered":"<p>TREVISO_BELLUNO Pi\u00f9 di 1.600 firme in difesa della sanit\u00e0 in montagna. A una settimana dal lancio della petizione online su change.org a sostegno del diritto alla salute nella provincia di Belluno, la Cisl Belluno Treviso ha gi\u00e0 raccolto pi\u00f9 di 1.600 sottoscrizioni e altrettante condivisioni. Da marted\u00ec 18 aprile si potr\u00e0 firmare anche in tutte&hellip;<\/p>\n","protected":false},"author":4,"featured_media":169311,"comment_status":"closed","ping_status":"closed","sticky":false,"template":"","format":"standard","meta":{"_monsterinsights_skip_tracking":false,"_monsterinsights_sitenote_active":false,"_monsterinsights_sitenote_note":"","_monsterinsights_sitenote_category":0,"footnotes":""},"categories":[51,49],"tags":[],"class_list":["post-331816","post","type-post","status-publish","format-standard","has-post-thumbnail","hentry","category-evidenza-top","category-news-18","category-51","category-49","description-off"],"img_url":"https:\/\/www.radiopiu.net\/wordpress\/wp-content\/uploads\/2020\/10\/ORTOPEDIA-OSPEDALE-AGORDO-4.jpg","_links":{"self":[{"href":"https:\/\/www.radiopiu.net\/wordpress\/wp-json\/wp\/v2\/posts\/331816","targetHints":{"allow":["GET"]}}],"collection":[{"href":"https:\/\/www.radiopiu.net\/wordpress\/wp-json\/wp\/v2\/posts"}],"about":[{"href":"https:\/\/www.radiopiu.net\/wordpress\/wp-json\/wp\/v2\/types\/post"}],"author":[{"embeddable":true,"href":"https:\/\/www.radiopiu.net\/wordpress\/wp-json\/wp\/v2\/users\/4"}],"replies":[{"embeddable":true,"href":"https:\/\/www.radiopiu.net\/wordpress\/wp-json\/wp\/v2\/comments?post=331816"}],"version-history":[{"count":0,"href":"https:\/\/www.radiopiu.net\/wordpress\/wp-json\/wp\/v2\/posts\/331816\/revisions"}],"wp:featuredmedia":[{"embeddable":true,"href":"https:\/\/www.radiopiu.net\/wordpress\/wp-json\/wp\/v2\/media\/169311"}],"wp:attachment":[{"href":"https:\/\/www.radiopiu.net\/wordpress\/wp-json\/wp\/v2\/media?parent=331816"}],"wp:term":[{"taxonomy":"category","embeddable":true,"href":"https:\/\/www.radiopiu.net\/wordpress\/wp-json\/wp\/v2\/categories?post=331816"},{"taxonomy":"post_tag","embeddable":true,"href":"https:\/\/www.radiopiu.net\/wordpress\/wp-json\/wp\/v2\/tags?post=331816"}],"curies":[{"name":"wp","href":"https:\/\/api.w.org\/{rel}","templated":true}]}}