{"id":331836,"date":"2023-04-18T05:36:03","date_gmt":"2023-04-18T03:36:03","guid":{"rendered":"https:\/\/www.radiopiu.net\/wordpress\/?p=331836"},"modified":"2023-04-18T05:54:08","modified_gmt":"2023-04-18T03:54:08","slug":"limpegno-per-la-fibrosi-cistica-sulla-strada-di-bice","status":"publish","type":"post","link":"https:\/\/www.radiopiu.net\/wordpress\/limpegno-per-la-fibrosi-cistica-sulla-strada-di-bice\/","title":{"rendered":"L&#8217;IMPEGNO PER LA FIBROSI CISTICA, SULLA STRADA DI BICE"},"content":{"rendered":"<p><strong>REDAZIONE<\/strong> In radio abbiamo conosciuto Bice Gallo molti anni fa, in una triste occasione. Erano i giorni in cui piangevamo Massimo, un giovane di Agordo che ha combattuto contro la fibrosi cistica. Un ragazzo buono, che ha lasciato un grande ricordo tra i suoi amici e un vuoto incolmabile nella sua famiglia. Bice ce lo ricordava ogni anno, quando puntualmente organizzava la raccolta fondi, per importanti progetti di ricerca,\u00a0 da Agordo alla valle del Biois e fin su nell&#8217;Alto Agordino. Ci teneva Bice, ad informare gli ascoltatori, a ribadire come poi quel denaro veniva investito nella ricerca. Con Bice se n&#8217;\u00e8 andato un pezzo di storia, ma ha lasciato un&#8217;eredit\u00e0 importante. Chi ha conosciuto ed appoggiato le idee di Bice Gallo oggi si sta impegnando perch\u00e9 il suo sforzo decennale abbia un seguito. A guidare l&#8217;associazione oggi \u00e8 Stefano Dal Paos che ha gi\u00e0 messo in calendario i primi eventi per la raccolta primaverile<span id=\"page3R_mcid0\" class=\"markedContent\"><span dir=\"ltr\" role=\"presentation\"> in occasione della festa della mamma. Il fiore scelto per questa campagna \u00e8 la dipladenia. Cos\u00ec verr\u00e0 distribuita:\u00a0 <\/span><\/span><span id=\"page3R_mcid2\" class=\"markedContent\"><span dir=\"ltr\" role=\"presentation\"><strong>SABATO 6<\/strong> maggio a <\/span><\/span><span id=\"page3R_mcid3\" class=\"markedContent\"><span dir=\"ltr\" role=\"presentation\">Santo Stefano di Cadore, Dosoledo, Agordo, Caviola, Falcade, Castion in Piazza I\u00b0 <\/span><span dir=\"ltr\" role=\"presentation\">Maggio (Alpini), Puos d<\/span><span dir=\"ltr\" role=\"presentation\">\u2019<\/span><span dir=\"ltr\" role=\"presentation\">Alpago Piazza P. Luciani. <\/span><\/span><span id=\"page3R_mcid5\" class=\"markedContent\"><span dir=\"ltr\" role=\"presentation\"><strong>DOMENICA 7 Maggio<\/strong> <\/span><\/span><span id=\"page3R_mcid6\" class=\"markedContent\"><span dir=\"ltr\" role=\"presentation\">Parrocchie De Pol (Rivamonte, Tiser, Gosaldo, Frassen\u00e8 e Voltago) <\/span><\/span><span id=\"page3R_mcid8\" class=\"markedContent\"><span dir=\"ltr\" role=\"presentation\"><strong>Durante<\/strong> la settimana ci sar\u00e0 la recapito porta a posta della<\/span> <span dir=\"ltr\" role=\"presentation\">\u201c<\/span><span dir=\"ltr\" role=\"presentation\">dipladenia<\/span><span dir=\"ltr\" role=\"presentation\">\u201d<\/span> <span dir=\"ltr\" role=\"presentation\">a Farra <\/span><span dir=\"ltr\" role=\"presentation\">d<\/span><span dir=\"ltr\" role=\"presentation\">\u2019<\/span><span dir=\"ltr\" role=\"presentation\">Alpago e Zopp\u00e8 di Cadore<\/span><\/span><\/p>\n<p>&nbsp;<\/p>\n<div class=\"wpb_column vc_column_container vc_col-sm-6\">\n<div class=\"vc_column-inner\">\n<div class=\"wpb_wrapper\">\n<div class=\"wpb_single_image wpb_content_element vc_align_left\">\n<figure class=\"wpb_wrapper vc_figure\">\n<div class=\"vc_single_image-wrapper vc_box_border_grey\"><strong><strong>IL RICORDO &#8220;<\/strong>I primi testimoni del cammino FFC. Bice Gallo&#8221;<\/strong><\/div>\n<\/figure>\n<\/div>\n<\/div>\n<\/div>\n<\/div>\n<div class=\"wpb_column vc_column_container vc_col-sm-6\">\n<div class=\"vc_column-inner\">\n<div class=\"wpb_wrapper\">\n<p class=\" \"><em><strong>Un sogno veloce come la Ferrari, per un cambiamento lento come una bici in salita.<\/strong><\/em><\/p>\n<div class=\"wpb_text_column wpb_content_element \">\n<div class=\"wpb_wrapper\">\n<p>&nbsp;<\/p>\n<p><a class=\"dt-pswp-item\" href=\"https:\/\/www.radiopiu.net\/wordpress\/wp-content\/uploads\/2023\/04\/Bice-550x730-1.jpg\" data-dt-img-description=\"\" data-large_image_width=\"550\" data-large_image_height=\"730\"><img loading=\"lazy\" decoding=\"async\" class=\"size-medium wp-image-331840 alignleft\" src=\"https:\/\/www.radiopiu.net\/wordpress\/wp-content\/uploads\/2023\/04\/Bice-550x730-1-226x300.jpg\" alt=\"\" width=\"226\" height=\"300\" srcset=\"https:\/\/www.radiopiu.net\/wordpress\/wp-content\/uploads\/2023\/04\/Bice-550x730-1-226x300.jpg 226w, https:\/\/www.radiopiu.net\/wordpress\/wp-content\/uploads\/2023\/04\/Bice-550x730-1.jpg 550w\" sizes=\"auto, (max-width: 226px) 100vw, 226px\" \/><\/a>\u00abQuando sono arrivata a Verona, 39 anni fa, erano i primi di luglio. Marco aveva sette anni. I bambini pi\u00f9 grandi del reparto ne avevano dodici. \u201cAlmeno cinque anni li abbiamo davanti\u201d ho pensato. Eravamo in mezzo a un tunnel in cui non si vedeva niente, noi genitori e anche i medici. Era tutto nebuloso. Vivevi giorno per giorno senza sapere quanto sarebbe vissuto tuo figlio. Degli otto bambini presenti la prima volta che siamo entrati in reparto, Marco \u00e8 rimasto l\u2019unico. Tutti gli altri sono morti nel giro di pochi anni.<\/p>\n<p>In 40 anni sono stati fatti progressi impensabili. Ci sono stati decenni di disperazione e di lutti prima di arrivare qui. Abbiamo fatto da cavie per tutte le piccole innovazioni disponibili al momento e ogni minima conquista \u00e8 stata festeggiata come una sorpresa. Le f\u00e8ci per le analisi le raccoglievamo nei barattoli del caff\u00e8, su cui appiccicavano il nome del bambino e un numero. Ricordo la contentezza quando un signore regal\u00f2 un congelatore per conservarle. Adesso si d\u00e0 per scontato tutto, ma una volta non era cos\u00ec. Si pensi solo alla legge che ci ha concesso i medicinali gratuitamente. Noi spendevamo 150.000 lire al giorno per curare Marco. Il nebulizzatore ci cost\u00f2 due milioni e mezzo di lire quarant\u2019anni fa. Per favore, smettete di lamentarvi. Non lamentatevi di niente.<\/p>\n<p>Quando, nel 1989, venne scoperto il gene CFTR, chiesi al professor Mastella in quanto tempo si sarebbe giunti alla soluzione della fibrosi cistica. \u201cBice, voi andate con la Ferrari, ma noi ci spostiamo in bicicletta, con le ruote sgonfie e in salita\u201d mi rispose. A fine anni Novanta, quando ci fu da scegliere come investire le nostre energie in campo associativo, scegliemmo la ricerca, la Fondazione e la prospettiva di una dimensione nazionale. \u201cTu vai avanti ch\u00e9 io ti vengo dietro\u201d mi disse Dario Antoniazzi di Vicenza. Abbiamo continuato a spostare l\u2019asticella. Oggi Marco ha 46 anni, prende 84-85 pastiglie al giorno, se sta bene, ma ne \u00e8 valsa la pena, no?\u00bb.<\/p>\n<\/div>\n<\/div>\n<p>&nbsp;<\/p>\n<\/div>\n<\/div>\n<\/div>\n<p>____<\/p>\n","protected":false},"excerpt":{"rendered":"<p>REDAZIONE In radio abbiamo conosciuto Bice Gallo molti anni fa, in una triste occasione. Erano i giorni in cui piangevamo Massimo, un giovane di Agordo che ha combattuto contro la fibrosi cistica. Un ragazzo buono, che ha lasciato un grande ricordo tra i suoi amici e un vuoto incolmabile nella sua famiglia. Bice ce lo&hellip;<\/p>\n","protected":false},"author":4,"featured_media":331841,"comment_status":"closed","ping_status":"closed","sticky":false,"template":"","format":"standard","meta":{"_monsterinsights_skip_tracking":false,"_monsterinsights_sitenote_active":false,"_monsterinsights_sitenote_note":"","_monsterinsights_sitenote_category":0,"footnotes":""},"categories":[51,49],"tags":[],"class_list":["post-331836","post","type-post","status-publish","format-standard","has-post-thumbnail","hentry","category-evidenza-top","category-news-18","category-51","category-49","description-off"],"img_url":"https:\/\/www.radiopiu.net\/wordpress\/wp-content\/uploads\/2023\/04\/Bice-600x375-1.jpg","_links":{"self":[{"href":"https:\/\/www.radiopiu.net\/wordpress\/wp-json\/wp\/v2\/posts\/331836","targetHints":{"allow":["GET"]}}],"collection":[{"href":"https:\/\/www.radiopiu.net\/wordpress\/wp-json\/wp\/v2\/posts"}],"about":[{"href":"https:\/\/www.radiopiu.net\/wordpress\/wp-json\/wp\/v2\/types\/post"}],"author":[{"embeddable":true,"href":"https:\/\/www.radiopiu.net\/wordpress\/wp-json\/wp\/v2\/users\/4"}],"replies":[{"embeddable":true,"href":"https:\/\/www.radiopiu.net\/wordpress\/wp-json\/wp\/v2\/comments?post=331836"}],"version-history":[{"count":0,"href":"https:\/\/www.radiopiu.net\/wordpress\/wp-json\/wp\/v2\/posts\/331836\/revisions"}],"wp:featuredmedia":[{"embeddable":true,"href":"https:\/\/www.radiopiu.net\/wordpress\/wp-json\/wp\/v2\/media\/331841"}],"wp:attachment":[{"href":"https:\/\/www.radiopiu.net\/wordpress\/wp-json\/wp\/v2\/media?parent=331836"}],"wp:term":[{"taxonomy":"category","embeddable":true,"href":"https:\/\/www.radiopiu.net\/wordpress\/wp-json\/wp\/v2\/categories?post=331836"},{"taxonomy":"post_tag","embeddable":true,"href":"https:\/\/www.radiopiu.net\/wordpress\/wp-json\/wp\/v2\/tags?post=331836"}],"curies":[{"name":"wp","href":"https:\/\/api.w.org\/{rel}","templated":true}]}}