{"id":331847,"date":"2023-04-17T16:02:19","date_gmt":"2023-04-17T14:02:19","guid":{"rendered":"https:\/\/www.radiopiu.net\/wordpress\/?p=331847"},"modified":"2023-04-17T16:02:19","modified_gmt":"2023-04-17T14:02:19","slug":"delusione-e-confusione-a-belluno-per-la-mancata-nascita-del-terzo-polo","status":"publish","type":"post","link":"https:\/\/www.radiopiu.net\/wordpress\/delusione-e-confusione-a-belluno-per-la-mancata-nascita-del-terzo-polo\/","title":{"rendered":"DELUSIONE E CONFUSIONE A BELLUNO PER LA MANCATA NASCITA DEL TERZO POLO"},"content":{"rendered":"<p><strong><a class=\"dt-pswp-item\" href=\"https:\/\/www.radiopiu.net\/wordpress\/wp-content\/uploads\/2023\/04\/f3a60e52-6baa-4664-a494-80bdd93d8493.jpg\" data-dt-img-description=\"\" data-large_image_width=\"2000\" data-large_image_height=\"1500\"><img loading=\"lazy\" decoding=\"async\" class=\" wp-image-331851 alignleft\" src=\"https:\/\/www.radiopiu.net\/wordpress\/wp-content\/uploads\/2023\/04\/f3a60e52-6baa-4664-a494-80bdd93d8493-300x225.jpg\" alt=\"\" width=\"145\" height=\"109\" srcset=\"https:\/\/www.radiopiu.net\/wordpress\/wp-content\/uploads\/2023\/04\/f3a60e52-6baa-4664-a494-80bdd93d8493-300x225.jpg 300w, https:\/\/www.radiopiu.net\/wordpress\/wp-content\/uploads\/2023\/04\/f3a60e52-6baa-4664-a494-80bdd93d8493-1024x768.jpg 1024w, https:\/\/www.radiopiu.net\/wordpress\/wp-content\/uploads\/2023\/04\/f3a60e52-6baa-4664-a494-80bdd93d8493-768x576.jpg 768w, https:\/\/www.radiopiu.net\/wordpress\/wp-content\/uploads\/2023\/04\/f3a60e52-6baa-4664-a494-80bdd93d8493-1536x1152.jpg 1536w, https:\/\/www.radiopiu.net\/wordpress\/wp-content\/uploads\/2023\/04\/f3a60e52-6baa-4664-a494-80bdd93d8493.jpg 2000w\" sizes=\"auto, (max-width: 145px) 100vw, 145px\" \/><\/a>BELLUNO<\/strong> Hanno generato delusione e confusione le polemiche a livello nazionale che hanno allontanato la possibilit\u00e0 di far nascere un unico partito di centro dall&#8217;unione di Azione e Italia Viva: a Belluno la situazione \u00e8 paradossale, dopo che gi\u00e0 nei mesi scorsi le sezioni provinciali dei due partiti avevano annunciato la nascita di un coordinamento comune.<\/p>\n<p><strong>di Daniele Dalvit<\/strong><\/p>\n<audio class=\"wp-audio-shortcode\" id=\"audio-331847-1\" preload=\"none\" style=\"width: 100%;\" controls=\"controls\"><source type=\"audio\/mpeg\" src=\"https:\/\/www.radiopiu.net\/wordpress\/wp-content\/uploads\/2023\/04\/Radio-Piu-Servizio-Caos-Terzo-Polo.mp3?_=1\" \/><a href=\"https:\/\/www.radiopiu.net\/wordpress\/wp-content\/uploads\/2023\/04\/Radio-Piu-Servizio-Caos-Terzo-Polo.mp3\">https:\/\/www.radiopiu.net\/wordpress\/wp-content\/uploads\/2023\/04\/Radio-Piu-Servizio-Caos-Terzo-Polo.mp3<\/a><\/audio>\n<p>&nbsp;<\/p>\n<p>&nbsp;<\/p>\n<p>******<\/p>\n","protected":false},"excerpt":{"rendered":"<p>BELLUNO Hanno generato delusione e confusione le polemiche a livello nazionale che hanno allontanato la possibilit\u00e0 di far nascere un unico partito di centro dall&#8217;unione di Azione e Italia Viva: a Belluno la situazione \u00e8 paradossale, dopo che gi\u00e0 nei mesi scorsi le sezioni provinciali dei due partiti avevano annunciato la nascita di un coordinamento&hellip;<\/p>\n","protected":false},"author":4,"featured_media":331851,"comment_status":"closed","ping_status":"closed","sticky":false,"template":"","format":"standard","meta":{"_monsterinsights_skip_tracking":false,"_monsterinsights_sitenote_active":false,"_monsterinsights_sitenote_note":"","_monsterinsights_sitenote_category":0,"footnotes":""},"categories":[49],"tags":[],"class_list":["post-331847","post","type-post","status-publish","format-standard","has-post-thumbnail","hentry","category-news-18","category-49","description-off"],"img_url":"https:\/\/www.radiopiu.net\/wordpress\/wp-content\/uploads\/2023\/04\/f3a60e52-6baa-4664-a494-80bdd93d8493.jpg","_links":{"self":[{"href":"https:\/\/www.radiopiu.net\/wordpress\/wp-json\/wp\/v2\/posts\/331847","targetHints":{"allow":["GET"]}}],"collection":[{"href":"https:\/\/www.radiopiu.net\/wordpress\/wp-json\/wp\/v2\/posts"}],"about":[{"href":"https:\/\/www.radiopiu.net\/wordpress\/wp-json\/wp\/v2\/types\/post"}],"author":[{"embeddable":true,"href":"https:\/\/www.radiopiu.net\/wordpress\/wp-json\/wp\/v2\/users\/4"}],"replies":[{"embeddable":true,"href":"https:\/\/www.radiopiu.net\/wordpress\/wp-json\/wp\/v2\/comments?post=331847"}],"version-history":[{"count":0,"href":"https:\/\/www.radiopiu.net\/wordpress\/wp-json\/wp\/v2\/posts\/331847\/revisions"}],"wp:featuredmedia":[{"embeddable":true,"href":"https:\/\/www.radiopiu.net\/wordpress\/wp-json\/wp\/v2\/media\/331851"}],"wp:attachment":[{"href":"https:\/\/www.radiopiu.net\/wordpress\/wp-json\/wp\/v2\/media?parent=331847"}],"wp:term":[{"taxonomy":"category","embeddable":true,"href":"https:\/\/www.radiopiu.net\/wordpress\/wp-json\/wp\/v2\/categories?post=331847"},{"taxonomy":"post_tag","embeddable":true,"href":"https:\/\/www.radiopiu.net\/wordpress\/wp-json\/wp\/v2\/tags?post=331847"}],"curies":[{"name":"wp","href":"https:\/\/api.w.org\/{rel}","templated":true}]}}