{"id":331859,"date":"2023-04-18T05:35:12","date_gmt":"2023-04-18T03:35:12","guid":{"rendered":"https:\/\/www.radiopiu.net\/wordpress\/?p=331859"},"modified":"2023-04-18T05:52:18","modified_gmt":"2023-04-18T03:52:18","slug":"al-via-i-lavori-per-il-nuovo-programma-di-sviluppo-locale-del-gal-alto-bellunese","status":"publish","type":"post","link":"https:\/\/www.radiopiu.net\/wordpress\/al-via-i-lavori-per-il-nuovo-programma-di-sviluppo-locale-del-gal-alto-bellunese\/","title":{"rendered":"AL VIA I LAVORI PER IL NUOVO PROGRAMMA DI SVILUPPO LOCALE DEL GAL ALTO BELLUNESE"},"content":{"rendered":"<p><strong><a class=\"dt-pswp-item\" href=\"https:\/\/www.radiopiu.net\/wordpress\/wp-content\/uploads\/2023\/04\/SOPPELSA.png\" data-dt-img-description=\"\" data-large_image_width=\"557\" data-large_image_height=\"382\"><img loading=\"lazy\" decoding=\"async\" class=\" wp-image-331860 alignleft\" src=\"https:\/\/www.radiopiu.net\/wordpress\/wp-content\/uploads\/2023\/04\/SOPPELSA-300x206.png\" alt=\"\" width=\"178\" height=\"122\" srcset=\"https:\/\/www.radiopiu.net\/wordpress\/wp-content\/uploads\/2023\/04\/SOPPELSA-300x206.png 300w, https:\/\/www.radiopiu.net\/wordpress\/wp-content\/uploads\/2023\/04\/SOPPELSA.png 557w\" sizes=\"auto, (max-width: 178px) 100vw, 178px\" \/><\/a>LOZZO DI CADORE<\/strong> Con la DGR n. 294 del 21 marzo 2023 la Regione del Veneto ha dato avvio al percorso di selezione dei Gruppi di Azione Locale che opereranno nel periodo di programmazione 2023-2027. Nei prossimi 5 anni allo sviluppo locale LEADER viene assegnato un budget importante, circa 50,5 milioni di euro, per stimolare lo sviluppo delle aree rurali venete, grazie al cofinanziamento del Fondo Europeo Agricolo per lo Sviluppo Rurale (FEASR). Per accedere a tali risorse, il GAL Alto Bellunese \u00e8 chiamato a candidare un proprio Programma di Sviluppo Locale, frutto di un confronto e condivisione con i portatori di interessi del territorio. \u201cNella programmazione 2023-27 al LEADER viene chiesto di contribuire alle esigenze di sviluppo delle aree rurali \u2013 spiega il Presidente del GAL, Mauro Soppelsa \u2013 in termini di riduzione del divario tra zone rurali e aree urbane con riguardo a servizi di base, infrastrutture, disoccupazione, andamento demografico, povert\u00e0, inclusione sociale, parit\u00e0 di genere e gruppi vulnerabili. Quindi, se nella passata programmazione 2014-2022 l\u2019intervento del GAL \u00e8 stata fortemente orientato a favorire lo sviluppo economico della nostra area, puntando in particolare sul settore turistico, ora la nuova strategia di sviluppo locale dovr\u00e0 tendere soprattutto a migliorare la vivibilit\u00e0 del territorio, anche per contrastare fenomeni di spopolamento e favorire nuova occupazione attraverso la creazione e sviluppo di impresa\u201d. L\u2019Associazione GAL Alto Bellunese dovr\u00e0 svolgere nei prossimi mesi un intenso lavoro di programmazione, coinvolgendo attivamente gli attori del territorio, per arrivare a presentare alla Regione del Veneto: entro il 19 giugno 2023 una prima \u201cProposta di strategia di sviluppo locale\u201d; entro il 18 agosto 2023 la domanda di adesione allo Sviluppo locale LEADER 2023-2027, candidando il proprio Programma di Sviluppo Locale, che espliciter\u00e0 la Strategia territoriale condivisa. Il Presidente Soppelsa conclude ricordando che nel mese di marzo sono stati svolti vari incontri informativi con i soci del GAL sul processo di programmazione partecipata che l\u2019Associazione intende realizzare nel territorio. L\u2019avvio di questo percorso prevede un primo appuntamento aperto al pubblico, in programma il prossimo gioved\u00ec 27 aprile alle ore 16.00, presso la sala di Palazzo Pellegrini a Lozzo di Cadore, in cui sar\u00e0 illustrato il metodo di lavoro che porter\u00e0 all\u2019elaborazione della nuova Strategia di sviluppo locale 2023-2027.<\/p>\n<p><strong>IL PRESIDENTE DEL GAL, MAURO SOPPELSA<\/strong><\/p>\n<audio class=\"wp-audio-shortcode\" id=\"audio-331859-1\" preload=\"none\" style=\"width: 100%;\" controls=\"controls\"><source type=\"audio\/mpeg\" src=\"https:\/\/www.radiopiu.net\/wordpress\/wp-content\/uploads\/2023\/04\/MAURO-SOPPELSA-GAL.mp3?_=1\" \/><a href=\"https:\/\/www.radiopiu.net\/wordpress\/wp-content\/uploads\/2023\/04\/MAURO-SOPPELSA-GAL.mp3\">https:\/\/www.radiopiu.net\/wordpress\/wp-content\/uploads\/2023\/04\/MAURO-SOPPELSA-GAL.mp3<\/a><\/audio>\n<p>&nbsp;<\/p>\n<p>&nbsp;<\/p>\n<p>******<\/p>\n","protected":false},"excerpt":{"rendered":"<p>LOZZO DI CADORE Con la DGR n. 294 del 21 marzo 2023 la Regione del Veneto ha dato avvio al percorso di selezione dei Gruppi di Azione Locale che opereranno nel periodo di programmazione 2023-2027. Nei prossimi 5 anni allo sviluppo locale LEADER viene assegnato un budget importante, circa 50,5 milioni di euro, per stimolare&hellip;<\/p>\n","protected":false},"author":4,"featured_media":331860,"comment_status":"closed","ping_status":"closed","sticky":false,"template":"","format":"standard","meta":{"_monsterinsights_skip_tracking":false,"_monsterinsights_sitenote_active":false,"_monsterinsights_sitenote_note":"","_monsterinsights_sitenote_category":0,"footnotes":""},"categories":[51,49],"tags":[],"class_list":["post-331859","post","type-post","status-publish","format-standard","has-post-thumbnail","hentry","category-evidenza-top","category-news-18","category-51","category-49","description-off"],"img_url":"https:\/\/www.radiopiu.net\/wordpress\/wp-content\/uploads\/2023\/04\/SOPPELSA.png","_links":{"self":[{"href":"https:\/\/www.radiopiu.net\/wordpress\/wp-json\/wp\/v2\/posts\/331859","targetHints":{"allow":["GET"]}}],"collection":[{"href":"https:\/\/www.radiopiu.net\/wordpress\/wp-json\/wp\/v2\/posts"}],"about":[{"href":"https:\/\/www.radiopiu.net\/wordpress\/wp-json\/wp\/v2\/types\/post"}],"author":[{"embeddable":true,"href":"https:\/\/www.radiopiu.net\/wordpress\/wp-json\/wp\/v2\/users\/4"}],"replies":[{"embeddable":true,"href":"https:\/\/www.radiopiu.net\/wordpress\/wp-json\/wp\/v2\/comments?post=331859"}],"version-history":[{"count":0,"href":"https:\/\/www.radiopiu.net\/wordpress\/wp-json\/wp\/v2\/posts\/331859\/revisions"}],"wp:featuredmedia":[{"embeddable":true,"href":"https:\/\/www.radiopiu.net\/wordpress\/wp-json\/wp\/v2\/media\/331860"}],"wp:attachment":[{"href":"https:\/\/www.radiopiu.net\/wordpress\/wp-json\/wp\/v2\/media?parent=331859"}],"wp:term":[{"taxonomy":"category","embeddable":true,"href":"https:\/\/www.radiopiu.net\/wordpress\/wp-json\/wp\/v2\/categories?post=331859"},{"taxonomy":"post_tag","embeddable":true,"href":"https:\/\/www.radiopiu.net\/wordpress\/wp-json\/wp\/v2\/tags?post=331859"}],"curies":[{"name":"wp","href":"https:\/\/api.w.org\/{rel}","templated":true}]}}