{"id":331890,"date":"2023-04-19T05:43:18","date_gmt":"2023-04-19T03:43:18","guid":{"rendered":"https:\/\/www.radiopiu.net\/wordpress\/?p=331890"},"modified":"2023-04-19T08:57:41","modified_gmt":"2023-04-19T06:57:41","slug":"giornale-radiopiu-19-aprile-2023-direttore-mirko-mezzacasa-verso-i-40-anni-25-giugno-1983-25-giugno-2023","status":"publish","type":"post","link":"https:\/\/www.radiopiu.net\/wordpress\/giornale-radiopiu-19-aprile-2023-direttore-mirko-mezzacasa-verso-i-40-anni-25-giugno-1983-25-giugno-2023\/","title":{"rendered":"GIORNALE RADIOPIU 19 APRILE 2023 DIRETTORE MIRKO MEZZACASA&#8230;verso i 40 anni 25 giugno 1983-25 giugno 2023"},"content":{"rendered":"<h2 style=\"text-align: left;\"><span style=\"color: #ff0000;\"><span style=\"vertical-align: inherit;\">ISCRIVITI AL NOSTRO CANALE\u00a0 <\/span><\/span><span style=\"vertical-align: inherit;\"> YOUTUBE PER SEGUIRE IN DIRETTA I PRINCIPALI PROGRAMMI DI RADIO PIU&#8217; E LE FUTURE DIRETTE IN ESTERNA. PER ISCRIVERTI <\/span><a style=\"color: #ff0000;\" href=\"https:\/\/youtube.com\/@radiopiu1527\"><span style=\"vertical-align: inherit;\">CLICCA QUI <\/span><\/a><span style=\"color: #ff0000; font-size: 14px; font-weight: normal;\"><span style=\"vertical-align: inherit;\">E PREMI\u00a0 &#8220;Iscriviti&#8221;\u00a0 \u00a0 \u00a0<\/span><\/span><\/h2>\n<p>&nbsp;<\/p>\n<div dir=\"auto\"><span style=\"color: #0000ff;\"><strong><a class=\"dt-pswp-item\" href=\"https:\/\/www.radiopiu.net\/wordpress\/wp-content\/uploads\/2022\/11\/scuola-zaino.jpeg\" data-dt-img-description=\"\" data-large_image_width=\"626\" data-large_image_height=\"417\"><img loading=\"lazy\" decoding=\"async\" class=\" wp-image-306830 alignleft\" src=\"https:\/\/www.radiopiu.net\/wordpress\/wp-content\/uploads\/2022\/11\/scuola-zaino-300x200.jpeg\" alt=\"\" width=\"209\" height=\"139\" srcset=\"https:\/\/www.radiopiu.net\/wordpress\/wp-content\/uploads\/2022\/11\/scuola-zaino-300x200.jpeg 300w, https:\/\/www.radiopiu.net\/wordpress\/wp-content\/uploads\/2022\/11\/scuola-zaino.jpeg 626w\" sizes=\"auto, (max-width: 209px) 100vw, 209px\" \/><\/a>E anche oggi RADIOPIU si fa in sette per i suoi ascoltatori&#8230;.<\/strong><\/span><\/div>\n<div dir=\"auto\"><strong>1&#8230;.<\/strong> alle 8 la rassegna stampa locale, dal 1983 tutti i giorni puntuale alle otto del mattino, di Mirko Mezzacasa<\/div>\n<div dir=\"auto\"><strong>2.<\/strong> alle 9.15 trentatre&#8217; per tre&#8230; di aldo brigadoi<\/div>\n<div dir=\"auto\"><strong>3&#8230;&#8230;&#8230;<\/strong>alle 10.15 cisl la voce per i lavoratori<\/div>\n<div dir=\"auto\"><strong>4&#8230;&#8230;&#8230;..<\/strong>alle 10.30 se non la smetti ti mando dal preside&#8230; la scuola con la prof. maria rosa salmazo<\/div>\n<div dir=\"auto\"><strong>5<\/strong>. ROCK ROVENTE il nuovo programma con il ritorno di Marco Costantini<\/div>\n<div dir=\"auto\"><strong>6&#8230;&#8230;&#8230;&#8230;..<\/strong>alle 16.00 le Hit, la storia, con Mirco Bencivenni<\/div>\n<div dir=\"auto\"><strong>7<\/strong>&#8230;&#8230;&#8230;&#8230;dalle 20.30 come 40 anni fa, quattro amici attorno al mixer: moreno, marco, simonetta, mirko&#8230;<\/div>\n<div dir=\"auto\"><\/div>\n<div dir=\"auto\"><\/div>\n<div dir=\"auto\">\n<hr \/>\n<\/div>\n<p>&nbsp;<\/p>\n<p><strong><a class=\"dt-pswp-item\" href=\"https:\/\/www.radiopiu.net\/wordpress\/wp-content\/uploads\/2023\/04\/SCALE-PRIMO.jpg\" data-dt-img-description=\"\" data-large_image_width=\"316\" data-large_image_height=\"168\"><img loading=\"lazy\" decoding=\"async\" class=\" wp-image-331567 alignleft\" src=\"https:\/\/www.radiopiu.net\/wordpress\/wp-content\/uploads\/2023\/04\/SCALE-PRIMO-300x159.jpg\" alt=\"\" width=\"191\" height=\"101\" srcset=\"https:\/\/www.radiopiu.net\/wordpress\/wp-content\/uploads\/2023\/04\/SCALE-PRIMO-300x159.jpg 300w, https:\/\/www.radiopiu.net\/wordpress\/wp-content\/uploads\/2023\/04\/SCALE-PRIMO.jpg 316w\" sizes=\"auto, (max-width: 191px) 100vw, 191px\" \/><\/a>SR 50 SCALE DI PRIMOLANO<\/strong><\/p>\n<p><strong>Galleria San Vito di Arsi\u00e8 chiusura totale della galleria PER TUTTI I MEZZI durante le notti dal 13 aprile al 6 maggio dale 21 alle\u00a0 6 del mattino successivo<\/strong><\/p>\n<p>Fastro-Primolano, dal 13 aprile al 6 maggio divieto di transito direzione di marcia Fastro-Primolano per tutti i mezzi superiori alle 3,5 tonnellate, caravan e autocaravan.\u00a0 Deviazioni sulla 50 bis in seguito alla chiusura totale delle gallerie San Vito e Brenta.<\/p>\n<p>&nbsp;<\/p>\n<h3 class=\"tit ng-scope\">Galleria Comelico chiusa di notte fino a venerd\u00ec<\/h3>\n<p>Fanno sapere da Anas: \u00abPreviste chiusure temporanee notturne, dalle 21 alle 6 del mattino, fino a venerd\u00ec. In corso un monitoraggio con l\u2019ispezione approfondita annuale e altre verifiche dello stato conservativo della galleria\u00bb. L\u2019unica eccezione al blocco del transito\u00a0 per i mezzi di soccorso e di emergenza, che potranno viaggiare tra Ponte della Lasta e Tarlisse 24 ore al giorno.<\/p>\n<div class=\"testo ng-scope\">\n<p>&nbsp;<\/p>\n<\/div>\n<p>&nbsp;<\/p>\n<hr \/>\n<p>&nbsp;<\/p>\n<blockquote><p><span style=\"color: #ff0000;\"><strong>LA BELLA NOTIZIA<\/strong><\/span><\/p>\n<p><strong>Migliorano le condizioni del ferito nell&#8217;esplosione della casa dello scorso venerdi notte\u00a0<\/strong><\/p><\/blockquote>\n<p><strong><a class=\"dt-pswp-item\" href=\"https:\/\/www.radiopiu.net\/wordpress\/wp-content\/uploads\/2023\/04\/60ca2717-38de-474a-aa5c-e1a43df1693b.jpg\" data-dt-img-description=\"\" data-large_image_width=\"1600\" data-large_image_height=\"1033\"><img loading=\"lazy\" decoding=\"async\" class=\" wp-image-331539 alignleft\" src=\"https:\/\/www.radiopiu.net\/wordpress\/wp-content\/uploads\/2023\/04\/60ca2717-38de-474a-aa5c-e1a43df1693b-300x194.jpg\" alt=\"\" width=\"139\" height=\"90\" srcset=\"https:\/\/www.radiopiu.net\/wordpress\/wp-content\/uploads\/2023\/04\/60ca2717-38de-474a-aa5c-e1a43df1693b-300x194.jpg 300w, https:\/\/www.radiopiu.net\/wordpress\/wp-content\/uploads\/2023\/04\/60ca2717-38de-474a-aa5c-e1a43df1693b-1024x661.jpg 1024w, https:\/\/www.radiopiu.net\/wordpress\/wp-content\/uploads\/2023\/04\/60ca2717-38de-474a-aa5c-e1a43df1693b-768x496.jpg 768w, https:\/\/www.radiopiu.net\/wordpress\/wp-content\/uploads\/2023\/04\/60ca2717-38de-474a-aa5c-e1a43df1693b-1536x992.jpg 1536w, https:\/\/www.radiopiu.net\/wordpress\/wp-content\/uploads\/2023\/04\/60ca2717-38de-474a-aa5c-e1a43df1693b.jpg 1600w\" sizes=\"auto, (max-width: 139px) 100vw, 139px\" \/><\/a>FELTRE<\/strong> Dopo cinque giorni fuori dalla rianimazione e le sue condizioni stanno decisamente migliorando, giorno dopo giorno. Nicola Boschello dopo la sedazione \u00e8 stato svegliato ed ha trovato al suo fianco il fratello gemello Michele. Un bel sospiro di sollievo per i famigliari del 47enne manutentore nel settore dell&#8217;occhialeria<\/p>\n<p><a class=\"dt-pswp-item\" href=\"https:\/\/www.radiopiu.net\/wordpress\/wp-content\/uploads\/2023\/04\/SenzSa-nome.png\" data-dt-img-description=\"\" data-large_image_width=\"466\" data-large_image_height=\"216\"><img loading=\"lazy\" decoding=\"async\" class=\"size-medium wp-image-332071 aligncenter\" src=\"https:\/\/www.radiopiu.net\/wordpress\/wp-content\/uploads\/2023\/04\/SenzSa-nome-300x139.png\" alt=\"\" width=\"300\" height=\"139\" srcset=\"https:\/\/www.radiopiu.net\/wordpress\/wp-content\/uploads\/2023\/04\/SenzSa-nome-300x139.png 300w, https:\/\/www.radiopiu.net\/wordpress\/wp-content\/uploads\/2023\/04\/SenzSa-nome.png 466w\" sizes=\"auto, (max-width: 300px) 100vw, 300px\" \/><\/a><\/p>\n<p>&nbsp;<\/p>\n<hr \/>\n<p>&nbsp;<\/p>\n<blockquote>\n<h3>E&#8217; MORTO ELSERINO PIOL<\/h3>\n<\/blockquote>\n<p><strong><a class=\"dt-pswp-item\" href=\"https:\/\/www.radiopiu.net\/wordpress\/wp-content\/uploads\/2023\/04\/e1d7c22b-6d0b-4693-8454-ad76f1440ccd.jpg\" data-dt-img-description=\"\" data-large_image_width=\"800\" data-large_image_height=\"450\"><img loading=\"lazy\" decoding=\"async\" class=\" wp-image-332008 alignleft\" src=\"https:\/\/www.radiopiu.net\/wordpress\/wp-content\/uploads\/2023\/04\/e1d7c22b-6d0b-4693-8454-ad76f1440ccd-300x169.jpg\" alt=\"\" width=\"178\" height=\"100\" srcset=\"https:\/\/www.radiopiu.net\/wordpress\/wp-content\/uploads\/2023\/04\/e1d7c22b-6d0b-4693-8454-ad76f1440ccd-300x169.jpg 300w, https:\/\/www.radiopiu.net\/wordpress\/wp-content\/uploads\/2023\/04\/e1d7c22b-6d0b-4693-8454-ad76f1440ccd-768x432.jpg 768w, https:\/\/www.radiopiu.net\/wordpress\/wp-content\/uploads\/2023\/04\/e1d7c22b-6d0b-4693-8454-ad76f1440ccd.jpg 800w\" sizes=\"auto, (max-width: 178px) 100vw, 178px\" \/><\/a>IL CORDOGLIO DEL PRESIDENTE DELLA REGIONE VENETO LUCA ZAIA<\/strong><\/p>\n<p><strong>VENEZIA <\/strong>\u201cE\u2019 partito da Limana, dal bellunese per diventare uno dei grandi protagonisti dell\u2019innovazione tecnologica italiana, creando un grande valore per le imprese per cui lavor\u00f2, a cominciare da Olivetti. Elserino Piol rimarr\u00e0 comunque nella storia dei grandi veneti che hanno contribuito a fare grande l\u2019Italia\u201d. Con queste parole, il Presidente della Regione Veneto ricorda Elserino Mario Piol, spentosi a Milano a 91 anni. \u201cPiol ci lascia anche scritti e libri di notevole spessore e una prestigiosa Fondazione che porta il suo nome. Un lascito prezioso per tutta l\u2019economia veneta e italiana. Alla famiglia e a chi gli ha voluto bene \u2013 conclude \u2013 rivolgo le mie pi\u00f9 sincere condoglianze\u201d.<\/p>\n<p><strong>IL RICORDO DI LORRAINE BERTON, PRESIDENTE DI CONFINDUSTRIA BELLUNO DOLOMITI<\/strong><\/p>\n<p><strong>BELLUNO <\/strong>\u201cSe n\u2019\u00e8 andato un bellunese illustre, innovatore e visionario. Sar\u00e0 nostra cura preservarne la memoria nelle scuole del territorio: il suo esempio pu\u00f2 trasmettere ai nostri giovani fiducia nel futuro e orgoglio nelle proprie radici\u201d. Cos\u00ec Lorraine Berton, presidente di Confindustria Belluno Dolomiti, esprime il proprio cordoglio, quello del Consiglio di Presidenza e dell\u2019intera Associazione per la scomparsa &#8211; all\u2019et\u00e0 di 91 anni &#8211; di Elserino Piol, vicepresidente di Olivetti negli anni Ottanta e Novanta e padre del venture capital in Italia specializzato in telecomunicazioni e internet. \u201cPiol \u00e8 stato un protagonista silenzioso dell\u2019industria e del management italiani, un uomo del fare che, partito da Limana, ha saputo affermarsi a livello internazionale, con incarichi prestigiosi in asset strategici per il Paese. \u00c8 una di quelle figure di cui andare fieri: un figlio della nostra terra che ha fatto la differenza\u201d. \u201cAi familiari ed ex collaboratori va il nostro pensiero\u201d, conclude Berton.<\/p>\n<p><strong>LA NOTA DI RICORDO DEL PRESIDENTE DELLA PROVINCIA DI BELLUNO ROBERTO PADRIN<\/strong><\/p>\n<p><strong>BELLUNO<\/strong> \u00abHa fatto la storia dell\u2019informatica e creato un sistema di innovazione tecnologica che pochi altri al mondo hanno saputo mettere in piedi\u00bb. Lo scrive il presidente della Provincia di Belluno, Roberto Padrin, in una nota di ricordo di Elserino Piol. Il noto dirigente d\u2019azienda, gi\u00e0 vicepresidente di Olivetti, \u00e8 mancato ieri all\u2019et\u00e0 di 91 anni.<br \/>\n\u00abElserino Piol pu\u00f2 a buon diritto essere inserito nell\u2019olimpo dei grandi protagonisti dell\u2019industria informatica italiana. Ed \u00e8 la dimostrazione che anche da una piccola provincia di montagna come Belluno si possono far valere il genio e la creativit\u00e0. Come ha scritto il governatore Zaia, rester\u00e0 nella storia dei veneti e dei bellunesi che hanno contribuito alla crescita del Paese\u00bb.<\/p>\n<p><strong>IL RICORDO DELL&#8217;ASSOCIAZIONE BELLUNESI NEL MONDO<\/strong><\/p>\n<p><strong><a class=\"dt-pswp-item\" href=\"https:\/\/www.radiopiu.net\/wordpress\/wp-content\/uploads\/2023\/04\/elserino_piol.jpg\" data-dt-img-description=\"\" data-large_image_width=\"1783\" data-large_image_height=\"1000\"><img loading=\"lazy\" decoding=\"async\" class=\" wp-image-332032 alignright\" src=\"https:\/\/www.radiopiu.net\/wordpress\/wp-content\/uploads\/2023\/04\/elserino_piol-300x168.jpg\" alt=\"\" width=\"236\" height=\"132\" srcset=\"https:\/\/www.radiopiu.net\/wordpress\/wp-content\/uploads\/2023\/04\/elserino_piol-300x168.jpg 300w, https:\/\/www.radiopiu.net\/wordpress\/wp-content\/uploads\/2023\/04\/elserino_piol-1024x574.jpg 1024w, https:\/\/www.radiopiu.net\/wordpress\/wp-content\/uploads\/2023\/04\/elserino_piol-768x431.jpg 768w, https:\/\/www.radiopiu.net\/wordpress\/wp-content\/uploads\/2023\/04\/elserino_piol-1536x861.jpg 1536w, https:\/\/www.radiopiu.net\/wordpress\/wp-content\/uploads\/2023\/04\/elserino_piol.jpg 1783w\" sizes=\"auto, (max-width: 236px) 100vw, 236px\" \/><\/a>BELLUNO<\/strong> Lutto nell\u2019ambiente dei Bellunesi nel mondo e dell\u2019imprenditoria italiana. \u00c8 scomparso luned\u00ec a Milano Elserino Piol, noto ed affermato dirigente d\u2019azienda, fondatore del venture capital in Italia e riconosciuto padre dello sviluppo di internet. Nato a Limana nel 1931, diplomato perito industriale elettronico, entr\u00f2 nel 1952 nella galassia della Olivetti ricoprendo via via i pi\u00f9 prestigiosi incarichi aziendali. Dopo un periodo trascorso negli Stati Uniti alla Business Harvard School rientr\u00f2 in Olivetti divenendo direttore marketing nel 1965 e sovraintendendo al lancio sul mercato del primo computer della storia noto, come Programma 101. Sostenitore dell\u2019elettronica quale identit\u00e0 della Olivetti negli anni \u201970 diresse l\u2019azienda nel settore delle macchine contabili, delle telescriventi, passando per le periferiche di stampa.<br \/>\nNegli anni \u201980 Carlo De Benedetti lo nomin\u00f2 direttore generale per le strategie e lo sviluppo ed egli fu protagonista della storica alleanza con AT&amp;T. Nel 1990 intu\u00ec le potenzialit\u00e0 del mercato delle telecomunicazioni mobili e fond\u00f2 Omnitel Sistemi Radiocellulari Italiani. In quegli anni conobbe Steve Jobs, divenne di casa nella Silicon Valley e nel frattempo raggiunse la qualifica di vice presidente della Olivetti che lasci\u00f2 nel 1996 dedicandosi completamente al venture capitalism e al finanziamento delle startup come Tiscali e tante altre nel mercato internazionale.<br \/>\n\u00abCon la scomparsa di Elserino Piol &#8211; ricorda il presidente dell\u2019ABM Oscar De Bona &#8211; la presenza bellunese sul palcoscenico dell\u2019imprenditorialit\u00e0 e dell\u2019ingegno italiani e bellunesi perde una sua nota ed affermata \u201cpunta di diamante\u201d, poich\u00e9 egli \u00e8 stato autentico protagonista della straordinaria evoluzione del mondo delle telecomunicazioni che stanno segnando la vita sociale ed economica tra la fine del secolo scorso e gli inizi del nuovo millennio. Non da ultimo Elserino \u00e8 stato uno dei primi ad iscriversi alla community di Bellunoradici.net, il socialnetwork dell\u2019Associazione Bellunesi nel Mondo dedicato ai talenti bellunesi presenti in Italia e all\u2019estero. L\u2019ABM si stringe alla sua famiglia partecipando al lutto che l\u2019ha colpita e nel ricordo commosso di un vero e proprio talento originario delle nostre terre\u00bb.<\/p>\n<p>&nbsp;<\/p>\n<hr \/>\n<p>&nbsp;<\/p>\n<blockquote>\n<h3>AGORDO\u00a0 LACRIME\u00a0 E RICORDI.<\/h3>\n<\/blockquote>\n<p><a class=\"dt-pswp-item\" href=\"https:\/\/www.radiopiu.net\/wordpress\/wp-content\/uploads\/2023\/04\/ed62e1df-b87f-4f2f-8bc6-94f50de91210.jpg\" data-dt-img-description=\"\" data-large_image_width=\"1105\" data-large_image_height=\"1291\"><img loading=\"lazy\" decoding=\"async\" class=\" wp-image-331972 alignleft\" src=\"https:\/\/www.radiopiu.net\/wordpress\/wp-content\/uploads\/2023\/04\/ed62e1df-b87f-4f2f-8bc6-94f50de91210-257x300.jpg\" alt=\"\" width=\"155\" height=\"181\" srcset=\"https:\/\/www.radiopiu.net\/wordpress\/wp-content\/uploads\/2023\/04\/ed62e1df-b87f-4f2f-8bc6-94f50de91210-257x300.jpg 257w, https:\/\/www.radiopiu.net\/wordpress\/wp-content\/uploads\/2023\/04\/ed62e1df-b87f-4f2f-8bc6-94f50de91210-876x1024.jpg 876w, https:\/\/www.radiopiu.net\/wordpress\/wp-content\/uploads\/2023\/04\/ed62e1df-b87f-4f2f-8bc6-94f50de91210-768x897.jpg 768w, https:\/\/www.radiopiu.net\/wordpress\/wp-content\/uploads\/2023\/04\/ed62e1df-b87f-4f2f-8bc6-94f50de91210.jpg 1105w\" sizes=\"auto, (max-width: 155px) 100vw, 155px\" \/><\/a><strong>AGORDO<\/strong> Ieri la citt\u00e0 ha dato l&#8217;ultimo saluto alla sua maestra, Elena Orlandi &#8220;Neni&#8221; Dell&#8217;Andrea. Oggi alle 14.30\u00a0 i funerali di Giorgio Ganz e l&#8217;abbraccio alla moglie Sofia, ai figli Paola, Francesco, Elena, alla sorella Wanda, nipoti, parenti, ex dipendenti del Centro Commerciale Ganz ed amici.<\/p>\n<p>Dario Ganz, il nipote ha reso pubblico un ricordo di casa Ganz <em>&#8220;un&#8217;immagine sulla simpatia e socialit\u00e0 di Giorgio &#8220;lo zio Giorgio&#8221; Ganz. Eccolo con il vincitore di una edizione della Agordo-Frassen\u00e8 e mio pap\u00e0 Franco Ganz al bancone di una delle prime, forse la prima, pizzeria aperta nell&#8217;agordino in Via Insurrezione ad Agordo&#8221;.<\/em><br \/>\n<strong>Foto ritrovata grazie a Corrado Cattadori e Dario Nardin. Archivio Famiglia Ganz.\u00a0<\/strong><\/p>\n<p>&nbsp;<\/p>\n<p>&nbsp;<\/p>\n<p>&nbsp;<\/p>\n<hr \/>\n<p>&nbsp;<\/p>\n<blockquote>\n<h3><img loading=\"lazy\" decoding=\"async\" class=\"alignleft\" src=\"https:\/\/www.radiopiu.net\/wordpress\/wp-content\/uploads\/2023\/04\/Senza-nome-45.jpg\" width=\"174\" height=\"133\" \/>TETTO E IMPIANTO FOTOVOLTAICO DEVASTATI DALLE FIAMME<\/h3>\n<\/blockquote>\n<p><b>CESIOMAGGIORE <\/b>Tetto devastato e impianto fotovoltaico da smassare e dirigere verso l&#8217;ecocentro. Queste le conseguenze dell&#8217;incendio di ieri\u00a0 mattina alle 9.30\u00a0 in Via Stazione a Busche nel comune di Cesiomaggiore che ha impegnato i pompieri di Feltre e Belluno,\u00a0 nessuna persona \u00e8 rimasta ferita. Le fiamme hanno interessato la quasi totalit\u00e0 della copertura interessando anche il sottotetto. Le cause dell\u2019incendio sono al vaglio dei tecnici dei vigili del fuoco. Anche in questo caso lunghe, difficoltose e faticose le operazioni di bonifica.<\/p>\n\n\t\t\t<style type='text\/css'>\n\t\t\t\t#gallery-1 {\n\t\t\t\t\tmargin: auto;\n\t\t\t\t}\n\t\t\t\t#gallery-1 .gallery-item {\n\t\t\t\t\tfloat: left;\n\t\t\t\t\tmargin-top: 10px;\n\t\t\t\t\ttext-align: center;\n\t\t\t\t\twidth: 25%;\n\t\t\t\t}\n\t\t\t\t#gallery-1 img {\n\t\t\t\t\tborder: 2px solid #cfcfcf;\n\t\t\t\t}\n\t\t\t\t#gallery-1 .gallery-caption {\n\t\t\t\t\tmargin-left: 0;\n\t\t\t\t}\n\t\t\t\t\/* see gallery_shortcode() in wp-includes\/media.php *\/\n\t\t\t<\/style>\n\t\t<div id='gallery-1' class='dt-gallery-container gallery galleryid-331890 gallery-columns-4 gallery-size-thumbnail'><dl class='gallery-item'>\n\t\t\t\t<dt class='gallery-icon landscape'>\n\t\t\t\t\t<a class=\"rollover rollover-zoom dt-pswp-item\" title=\"286558cd-216a-40d1-8a90-5379740d2550\" data-dt-img-description=\"\" data-large_image_width=\"1280\" data-large_image_height=\"960\"href='https:\/\/www.radiopiu.net\/wordpress\/wp-content\/uploads\/2023\/04\/286558cd-216a-40d1-8a90-5379740d2550.jpg'><img loading=\"lazy\" decoding=\"async\" width=\"150\" height=\"150\" src=\"https:\/\/www.radiopiu.net\/wordpress\/wp-content\/uploads\/2023\/04\/286558cd-216a-40d1-8a90-5379740d2550-150x150.jpg\" class=\"attachment-thumbnail size-thumbnail\" alt=\"\" \/><\/a>\n\t\t\t\t<\/dt><\/dl><dl class='gallery-item'>\n\t\t\t\t<dt class='gallery-icon portrait'>\n\t\t\t\t\t<a class=\"rollover rollover-zoom dt-pswp-item\" title=\"9990af7d-007c-4561-9804-94d6d71ffcf0\" data-dt-img-description=\"\" data-large_image_width=\"960\" data-large_image_height=\"1280\"href='https:\/\/www.radiopiu.net\/wordpress\/wp-content\/uploads\/2023\/04\/9990af7d-007c-4561-9804-94d6d71ffcf0.jpg'><img loading=\"lazy\" decoding=\"async\" width=\"150\" height=\"150\" src=\"https:\/\/www.radiopiu.net\/wordpress\/wp-content\/uploads\/2023\/04\/9990af7d-007c-4561-9804-94d6d71ffcf0-150x150.jpg\" class=\"attachment-thumbnail size-thumbnail\" alt=\"\" \/><\/a>\n\t\t\t\t<\/dt><\/dl><dl class='gallery-item'>\n\t\t\t\t<dt class='gallery-icon portrait'>\n\t\t\t\t\t<a class=\"rollover rollover-zoom dt-pswp-item\" title=\"24687c2d-5275-412d-b088-7814f878c36c\" data-dt-img-description=\"\" data-large_image_width=\"960\" data-large_image_height=\"1280\"href='https:\/\/www.radiopiu.net\/wordpress\/wp-content\/uploads\/2023\/04\/24687c2d-5275-412d-b088-7814f878c36c.jpg'><img loading=\"lazy\" decoding=\"async\" width=\"150\" height=\"150\" src=\"https:\/\/www.radiopiu.net\/wordpress\/wp-content\/uploads\/2023\/04\/24687c2d-5275-412d-b088-7814f878c36c-150x150.jpg\" class=\"attachment-thumbnail size-thumbnail\" alt=\"\" \/><\/a>\n\t\t\t\t<\/dt><\/dl><dl class='gallery-item'>\n\t\t\t\t<dt class='gallery-icon portrait'>\n\t\t\t\t\t<a class=\"rollover rollover-zoom dt-pswp-item\" title=\"aa94e97f-61e6-4817-8ba4-463701ecf9a2\" data-dt-img-description=\"\" data-large_image_width=\"960\" data-large_image_height=\"1280\"href='https:\/\/www.radiopiu.net\/wordpress\/wp-content\/uploads\/2023\/04\/aa94e97f-61e6-4817-8ba4-463701ecf9a2.jpg'><img loading=\"lazy\" decoding=\"async\" width=\"150\" height=\"150\" src=\"https:\/\/www.radiopiu.net\/wordpress\/wp-content\/uploads\/2023\/04\/aa94e97f-61e6-4817-8ba4-463701ecf9a2-150x150.jpg\" class=\"attachment-thumbnail size-thumbnail\" alt=\"\" \/><\/a>\n\t\t\t\t<\/dt><\/dl><br style=\"clear: both\" \/>\n\t\t\t<\/div>\n\n<p>&nbsp;<\/p>\n<p><a class=\"dt-pswp-item\" href=\"https:\/\/www.radiopiu.net\/wordpress\/wp-content\/uploads\/2023\/04\/SenSSza-nome.jpg\" data-dt-img-description=\"\" data-large_image_width=\"435\" data-large_image_height=\"187\"><img loading=\"lazy\" decoding=\"async\" class=\"size-medium wp-image-332072 aligncenter\" src=\"https:\/\/www.radiopiu.net\/wordpress\/wp-content\/uploads\/2023\/04\/SenSSza-nome-300x129.jpg\" alt=\"\" width=\"300\" height=\"129\" srcset=\"https:\/\/www.radiopiu.net\/wordpress\/wp-content\/uploads\/2023\/04\/SenSSza-nome-300x129.jpg 300w, https:\/\/www.radiopiu.net\/wordpress\/wp-content\/uploads\/2023\/04\/SenSSza-nome.jpg 435w\" sizes=\"auto, (max-width: 300px) 100vw, 300px\" \/><\/a><\/p>\n<h3 class=\"_title post-title entry-title\">CESIOMAGGIORE INCENDI A BUSCHE E SUSIN DI SOSPIROLO, DANNI IMPORTANTI MA NESSUN FERITO<\/h3>\n<p><span style=\"color: #ff0000;\">DAL TG DI ANTENNA 3, CANALE 10 DIGITALE TERRESTRE di TIZIANA BOLOGNANI<\/span><\/p>\n<blockquote class=\"wp-embedded-content\" data-secret=\"xAYQQ2PmPe\"><p><a href=\"https:\/\/antennatre.medianordest.it\/71963\/cesiomaggiore-incendi-a-busche-e-susin-di-sospirolo-danni-importanti-ma-nessun-ferito-2\/\">CESIOMAGGIORE | INCENDI A BUSCHE E SUSIN DI SOSPIROLO, DANNI IMPORTANTI MA NESSUN FERITO<\/a><\/p><\/blockquote>\n<p><iframe loading=\"lazy\" class=\"wp-embedded-content\" sandbox=\"allow-scripts\" security=\"restricted\" style=\"position: absolute; clip: rect(1px, 1px, 1px, 1px);\" title=\"&#8220;CESIOMAGGIORE | INCENDI A BUSCHE E SUSIN DI SOSPIROLO, DANNI IMPORTANTI MA NESSUN FERITO&#8221; &#8212; ANTENNA TRE | Medianordest\" src=\"https:\/\/antennatre.medianordest.it\/71963\/cesiomaggiore-incendi-a-busche-e-susin-di-sospirolo-danni-importanti-ma-nessun-ferito-2\/embed\/#?secret=1QWlOlaRlm#?secret=xAYQQ2PmPe\" data-secret=\"xAYQQ2PmPe\" width=\"600\" height=\"338\" frameborder=\"0\" marginwidth=\"0\" marginheight=\"0\" scrolling=\"no\"><\/iframe><\/p>\n<p>&nbsp;<\/p>\n<p>&nbsp;<\/p>\n<blockquote>\n<h3>FIAMME ALLA VAROTTO, SECONDO ROGO IN DUE ANNI<\/h3>\n<\/blockquote>\n<p class=\"story__summary\"><strong>SEDICO<\/strong> Brucia nuovamente l\u2019area della stalla dell\u2019azienda Varotto a Triva Pasa. Tanti i mezzi antincendio intervenuti ieri sera. Fiamme altissime erano visibili dalla strada e dal centro abitato di Sedico. Interessate sono alcune strutture di ricovero del fieno. E\u2019 il secondo rogo che interessa l\u2019azienda a distanza di poco pi\u00f9 di due anni: a fine 2020 ci fu un analogo incendio che distrusse in parte il materiale stoccato nei grandi capannoni.<br \/>\n<strong>FOTO Andrea Piat<\/strong><\/p>\n\n\t\t\t<style type='text\/css'>\n\t\t\t\t#gallery-2 {\n\t\t\t\t\tmargin: auto;\n\t\t\t\t}\n\t\t\t\t#gallery-2 .gallery-item {\n\t\t\t\t\tfloat: left;\n\t\t\t\t\tmargin-top: 10px;\n\t\t\t\t\ttext-align: center;\n\t\t\t\t\twidth: 50%;\n\t\t\t\t}\n\t\t\t\t#gallery-2 img {\n\t\t\t\t\tborder: 2px solid #cfcfcf;\n\t\t\t\t}\n\t\t\t\t#gallery-2 .gallery-caption {\n\t\t\t\t\tmargin-left: 0;\n\t\t\t\t}\n\t\t\t\t\/* see gallery_shortcode() in wp-includes\/media.php *\/\n\t\t\t<\/style>\n\t\t<div id='gallery-2' class='dt-gallery-container gallery galleryid-331890 gallery-columns-2 gallery-size-medium'><dl class='gallery-item'>\n\t\t\t\t<dt class='gallery-icon landscape'>\n\t\t\t\t\t<a class=\"rollover rollover-zoom dt-pswp-item\" title=\"341719280_549598213867729_1223130720081891747_n\" data-dt-img-description=\"\" data-large_image_width=\"373\" data-large_image_height=\"280\"href='https:\/\/www.radiopiu.net\/wordpress\/wp-content\/uploads\/2023\/04\/341719280_549598213867729_1223130720081891747_n.jpg'><img loading=\"lazy\" decoding=\"async\" width=\"300\" height=\"225\" src=\"https:\/\/www.radiopiu.net\/wordpress\/wp-content\/uploads\/2023\/04\/341719280_549598213867729_1223130720081891747_n-300x225.jpg\" class=\"attachment-medium size-medium\" alt=\"\" srcset=\"https:\/\/www.radiopiu.net\/wordpress\/wp-content\/uploads\/2023\/04\/341719280_549598213867729_1223130720081891747_n-300x225.jpg 300w, https:\/\/www.radiopiu.net\/wordpress\/wp-content\/uploads\/2023\/04\/341719280_549598213867729_1223130720081891747_n.jpg 373w\" sizes=\"auto, (max-width: 300px) 100vw, 300px\" \/><\/a>\n\t\t\t\t<\/dt><\/dl><dl class='gallery-item'>\n\t\t\t\t<dt class='gallery-icon landscape'>\n\t\t\t\t\t<a class=\"rollover rollover-zoom dt-pswp-item\" title=\"341519043_184870901080414_7710107171689327162_n\" data-dt-img-description=\"\" data-large_image_width=\"373\" data-large_image_height=\"280\"href='https:\/\/www.radiopiu.net\/wordpress\/wp-content\/uploads\/2023\/04\/341519043_184870901080414_7710107171689327162_n.jpg'><img loading=\"lazy\" decoding=\"async\" width=\"300\" height=\"225\" src=\"https:\/\/www.radiopiu.net\/wordpress\/wp-content\/uploads\/2023\/04\/341519043_184870901080414_7710107171689327162_n-300x225.jpg\" class=\"attachment-medium size-medium\" alt=\"\" srcset=\"https:\/\/www.radiopiu.net\/wordpress\/wp-content\/uploads\/2023\/04\/341519043_184870901080414_7710107171689327162_n-300x225.jpg 300w, https:\/\/www.radiopiu.net\/wordpress\/wp-content\/uploads\/2023\/04\/341519043_184870901080414_7710107171689327162_n.jpg 373w\" sizes=\"auto, (max-width: 300px) 100vw, 300px\" \/><\/a>\n\t\t\t\t<\/dt><\/dl><br style=\"clear: both\" \/>\n\t\t\t<\/div>\n\n<p>stamane: <a class=\"x1i10hfl xjbqb8w x6umtig x1b1mbwd xaqea5y xav7gou x9f619 x1ypdohk xt0psk2 xe8uvvx xdj266r x11i5rnm xat24cr x1mh8g0r xexx8yu x4uap5 x18d9i69 xkhd6sd x16tdsg8 x1hl2dhg xggy1nq x1a2a7pz x1heor9g xt0b8zv\" tabindex=\"0\" role=\"link\" href=\"https:\/\/www.facebook.com\/groups\/415570708577274\/user\/100002471867451\/?__cft__[0]=AZUTgdKFUzsE51FckL5WKEkEJgSRYfzvdEVg3TjnnjR_8aw0_N_NNrX7PtvEiQ9lCgIntOsajHL4V9w1t_Mj9Gq1lU7V_-A96r5ZxXfV3O-ARf8_3PADhsFX0rg6yTC0u6RS8-VB7G3S2Fj42LHTzbh6&amp;__tn__=R]-R\" aria-hidden=\"false\"><span class=\"x3nfvp2\"><span class=\"x193iq5w xeuugli x13faqbe x1vvkbs x1xmvt09 x1lliihq x1s928wv xhkezso x1gmr53x x1cpjm7i x1fgarty x1943h6x x4zkp8e x676frb x1nxh6w3 x1sibtaa x1s688f xzsf02u\" dir=\"auto\">Giusy Trifer\u00f2\u00a0<\/span><\/span><\/a><\/p>\n<p><a class=\"dt-pswp-item\" href=\"https:\/\/www.radiopiu.net\/wordpress\/wp-content\/uploads\/2023\/04\/342507331_976826500358037_7236112941809302108_n.jpg\" data-dt-img-description=\"\" data-large_image_width=\"160\" data-large_image_height=\"213\"><img loading=\"lazy\" decoding=\"async\" class=\"alignnone size-full wp-image-332093\" src=\"https:\/\/www.radiopiu.net\/wordpress\/wp-content\/uploads\/2023\/04\/342507331_976826500358037_7236112941809302108_n.jpg\" alt=\"\" width=\"160\" height=\"213\" \/>\u00a0<\/a><\/p>\n<div style=\"width: 1200px;\" class=\"wp-video\"><video class=\"wp-video-shortcode\" id=\"video-331890-1\" width=\"1200\" height=\"675\" preload=\"metadata\" controls=\"controls\"><source type=\"video\/mp4\" src=\"https:\/\/www.radiopiu.net\/wordpress\/wp-content\/uploads\/2023\/04\/WhatsApp-Video-2023-04-19-at-07.42.28.mp4?_=1\" \/><a href=\"https:\/\/www.radiopiu.net\/wordpress\/wp-content\/uploads\/2023\/04\/WhatsApp-Video-2023-04-19-at-07.42.28.mp4\">https:\/\/www.radiopiu.net\/wordpress\/wp-content\/uploads\/2023\/04\/WhatsApp-Video-2023-04-19-at-07.42.28.mp4<\/a><\/video><\/div>\n<hr \/>\n<p>&nbsp;<\/p>\n<blockquote>\n<h3>SCIALPINISTA SI INFORTUNA SOTTO PUNTA POMEDES<\/h3>\n<\/blockquote>\n<p><strong>CORTINA<\/strong> Verso le 14 di ieri la Centrale del 118 \u00e8 stata allertata per uno scialpinista, che si era fatto male mentre in compagnia scendeva da Punta Pomedes, sopra Ra Valles. Il 62enne di Cortina d&#8217;Ampezzo (BL), sulla cui posizione si era risaliti dalla spiegazione del chiamante, \u00e8 stato raggiunto dell&#8217;equipaggio tecnico-sanitario dell&#8217;elicottero del Suem di Pieve di Cadore, sbarcato in hovering nelle vicinanze. Prestate le prime cure per un sospetto trauma toracico, l&#8217;infortunato \u00e8 stato caricato a bordo e trasportato all&#8217;ospedale di Belluno.<\/p>\n<p>&nbsp;<\/p>\n<p>&nbsp;<\/p>\n<hr \/>\n<p>&nbsp;<\/p>\n<blockquote>\n<h3>NON SOLO CONTROLLORI, SPESSO ANGELI DELLA STRADA<\/h3>\n<\/blockquote>\n<p><strong><img loading=\"lazy\" decoding=\"async\" class=\"alignleft\" src=\"https:\/\/www.radiopiu.net\/wordpress\/wp-content\/uploads\/2022\/05\/POLIZIA-1.jpg\" width=\"270\" height=\"152\" \/>BELLUNO <\/strong>Una donna di circa 50 anni, evidentemente in preda ad uno stato di depressione a volte senza ritorno,\u00a0 ha avuto la fortuna di incontrare sulla sua strada &#8211; l&#8217;alto Ponte Cadore &#8211; gli uomini della polizia stradale di Valle di Cadore. Camminava pericolosamente sul ciglio della strada del viadotto. La donna,\u00a0 con un gesto repentino saliva con il piede sul guardrail ed \u00e8 qui che il poliziotto non ha esitato afferrandola per un braccio e scongiurando il peggio.\u00a0 Una volta invitata a salire a bordo dell&#8217;auto della Polizia la donna\u00a0 \u00e8 stata accompagnata in ospedale dove tra l&#8217;altro risulta essere \u00a0in cura presso il reparto psichiatrico della stessa struttura.<\/p>\n<p>&nbsp;<\/p>\n<hr \/>\n<p>&nbsp;<\/p>\n<blockquote>\n<h3>IL LADRO DI SPICCIOLI INQUADRATO DAL &#8220;GRANDE FRATELLO&#8221;<\/h3>\n<\/blockquote>\n<p><strong><a class=\"dt-pswp-item\" href=\"https:\/\/www.radiopiu.net\/wordpress\/wp-content\/uploads\/2018\/03\/LADRO.jpg\" data-dt-img-description=\"\" data-large_image_width=\"960\" data-large_image_height=\"640\"><img loading=\"lazy\" decoding=\"async\" class=\"wp-image-44744 alignleft\" src=\"https:\/\/www.radiopiu.net\/wordpress\/wp-content\/uploads\/2018\/03\/LADRO-300x200.jpg\" alt=\"\" width=\"189\" height=\"126\" srcset=\"https:\/\/www.radiopiu.net\/wordpress\/wp-content\/uploads\/2018\/03\/LADRO-300x200.jpg 300w, https:\/\/www.radiopiu.net\/wordpress\/wp-content\/uploads\/2018\/03\/LADRO-768x512.jpg 768w, https:\/\/www.radiopiu.net\/wordpress\/wp-content\/uploads\/2018\/03\/LADRO.jpg 960w\" sizes=\"auto, (max-width: 189px) 100vw, 189px\" \/><\/a>LIMANA<\/strong> L&#8217;autore del furto sarebbe gi\u00e0 stato individuato. Potrebbe essere un cittadino marocchino residente a Limana, a carico del quale c&#8217;\u00e8 sicuramente un mandato di perquisizione della Procura della Repubblica di Belluno. L&#8217;indagato doveva essere in Marocco, ma\u00a0 Le immagini delle telecamere\u00a0 lo inchiodano durante l&#8217;operazione all&#8217;area di servizio Energyca.\u00a0 Da una cassetta del distributore di carburanti sono spariti 150 euro in spiccioli. il pubblico ministero di turno ha anche disposto una perquisizione nell&#8217;abitazione di Limana abitata da un cittadino maghrebino gi\u00e0 conosciuto agli uffici giudiziari.<\/p>\n<p><strong>\u00a0 \u00a0<\/strong><\/p>\n<hr \/>\n<p>&nbsp;<\/p>\n<blockquote>\n<h3>SEGUGIO AMMAZZATO A MORSI DAL LUPO alla giornata &#8220;segugi e segugisti&#8221; di Mel<\/h3>\n<blockquote>\n<h3>alla giornata &#8220;segugi e segugisti&#8221; di Mel<\/h3>\n<p><em><a class=\"dt-pswp-item\" href=\"https:\/\/www.radiopiu.net\/wordpress\/wp-content\/uploads\/2019\/10\/Cuccioli-lupo-PNDB_Sacchet.jpg\" data-dt-img-description=\"\" data-large_image_width=\"960\" data-large_image_height=\"720\"><img loading=\"lazy\" decoding=\"async\" class=\" wp-image-103661 alignleft\" src=\"https:\/\/www.radiopiu.net\/wordpress\/wp-content\/uploads\/2019\/10\/Cuccioli-lupo-PNDB_Sacchet-300x225.jpg\" alt=\"\" width=\"193\" height=\"145\" srcset=\"https:\/\/www.radiopiu.net\/wordpress\/wp-content\/uploads\/2019\/10\/Cuccioli-lupo-PNDB_Sacchet-300x225.jpg 300w, https:\/\/www.radiopiu.net\/wordpress\/wp-content\/uploads\/2019\/10\/Cuccioli-lupo-PNDB_Sacchet-768x576.jpg 768w, https:\/\/www.radiopiu.net\/wordpress\/wp-content\/uploads\/2019\/10\/Cuccioli-lupo-PNDB_Sacchet.jpg 960w\" sizes=\"auto, (max-width: 193px) 100vw, 193px\" \/><\/a>Rischia anche chi va a funghi, a camminare, per non parlare poi degli animali che vengono azzannati come cani, gatti, asini.<\/em><\/p><\/blockquote>\n<p><strong>\u00a0BORGO VALBELLUNA<\/strong> E la gara di domenica si \u00e8 trasformata in tragedia per Lucio Baldassa di Piombino Dese. Nel corso dell&#8217;addestramento Diana, una femmina di segugio, \u00e8 stata ritrovata azzannata da un lupo. Il fatto \u00e8 stato denunciato alla polizia provinciale di Belluno. Sarebbe interessante capire cosa intendano fare Regione e Parco Nazionale delle Dolomiti, che si esprimano e in fretta, le preoccupazione di chi frequenta la montagna crescere di giorno in giorno tra attacchi del predatore, unica consolazione che per il momento non \u00e8 stata segnalata la presenza dell&#8217;orso come nel vicino trentino, per ora.<\/p><\/blockquote>\n<p>&nbsp;<\/p>\n<p>&nbsp;<\/p>\n<hr \/>\n<p>&nbsp;<\/p>\n<blockquote>\n<h3 class=\"entry-title\">NEUROLOGIE NELLA ULSS 1-DOLOMITI: E ADESSO?<\/h3>\n<\/blockquote>\n<p><strong class=\"photoswipe-wrapper\"><a class=\"dt-pswp-item pspw-wrap-ready\" href=\"https:\/\/www.radiopiu.net\/wordpress\/wp-content\/uploads\/2021\/12\/l_be70be1efe.jpg\" data-dt-img-description=\"\" data-large_image_width=\"510\" data-large_image_height=\"510\"><img loading=\"lazy\" decoding=\"async\" class=\" wp-image-249466 alignleft\" src=\"https:\/\/www.radiopiu.net\/wordpress\/wp-content\/uploads\/2021\/12\/l_be70be1efe-300x300.jpg\" sizes=\"auto, (max-width: 300px) 100vw, 300px\" srcset=\"https:\/\/www.radiopiu.net\/wordpress\/wp-content\/uploads\/2021\/12\/l_be70be1efe-300x300.jpg 300w, https:\/\/www.radiopiu.net\/wordpress\/wp-content\/uploads\/2021\/12\/l_be70be1efe-150x150.jpg 150w, https:\/\/www.radiopiu.net\/wordpress\/wp-content\/uploads\/2021\/12\/l_be70be1efe.jpg 510w\" alt=\"\" width=\"133\" height=\"133\" \/><\/a>BELLUNO<\/strong>\u00a0In tempi non sospetti, un mese fa, l\u2019Ordine dei medici di Belluno evidenziava il problema delle Neurologie in provincia. Commentando l\u2019affermazione riferita all\u2019Ulss1 \u201c\u2026ha dovuto prorogare\u2026\u201d l\u2019ordine rimarca:<em>\u00a0\u201cnon si voleva significare una valutazione sull\u2019operato della stessa, ma, essendo l\u2019Azienda inserita in una organizzazione con livelli sovraordinati (Regione Veneto e Stato), si intendeva che non era e non \u00e8 nelle competenze, n\u00e9 nelle disponibilit\u00e0 della stessa attivare percorsi diversi\u201d<\/em>.\u00a0 Per l\u2019attivit\u00e0 ad ora svolta la attuale Direzione aziendale ha smosso le acque stagnant (affitti calmierati al personale nuovo arrivato), anche se non mancato affidamento degli incarichi, che renderebbero pi\u00f9 appetibile per stipendio il salire in montagna. \u201c<em>In alcune specialit\u00e0 (Ginecologia, Pediatria, Pronto Soccorso) il ricorso a Specialisti, associati o meno in Cooperative, sta consentendo il \u201cmantenimento in vita\u201d di ta<\/em><em>li strutture: purtroppo questa strada \u00e8 ad oggi oggettivamente preclusa per la Neurologia\u201d.<\/em><\/p>\n<blockquote><p><em>non si tratta di un problema determinato dalle politiche dell\u2019attuale Governo, ma lo \u00e8 per quelle attuate da tutti i Governi che lo hanno preceduto, almeno negli ultimi vent\u2019anni.<\/em><\/p><\/blockquote>\n<p>Azienda Zero ha bandito ed effettuato un concorso per 18 posti nelle varie aziende sanitarie del Veneto. I neurologi che hanno presentato domanda, tra specialisti (30) e specializzandi (54) come previsto da norme vigenti, sono stati 84 e tra questi 4 con richiesta per ULSS 1-Dolomiti. Alla prova concorsuale per\u00f2 nessuno dei 4 si \u00e8 presentato, mentre tutti gli altri posti\/aziende hanno avuto una graduatoria finale dalla quale attingere. A seguire Azienda Zero ha riedito un bando per 2 posti in ULSS 1 Dolomiti e l\u2019ULSS ha bandito una selezione con un avviso a tempo determinato in modalit\u00e0 libera professione.\u00a0<em>\u201cNe consegue che, per il caso specifico Neurologia, non \u00e8 fantasioso pensare che gravi significativamente la non attrattivit\u00e0 della nostra provincia, a cui ha dato un consistente contributo anche la penalizzazione rappresentata, a partire dalla fine del 2017, dalla sospensione di ogni intervento Neurochirurgico presso l\u2019Ospedale di Belluno, laddove tale attivit\u00e0 veniva svolta dal 2001 con risultati riconosciuti come eccellenti\u201d. S<\/em>celta\u00a0 iniqua rispetto alla tutela della salute della popolazione presente in provincia di Belluno, rendendo necessario il trasferimento a Treviso in ogni caso di patologia elettiva e soprattutto di urgenza\/emergenza neurochirurgica. In secondo luogo, \u00e8 la intera struttura ospedaliera a risentire della privazione di questa alta specializzazione, che ha una integrazione multidisciplinare in primis con la Neurologia, ma anche e non solo con il PS, la Radiologia, la Chirurgia Vascolare, la Anestesia e Rianimazione.\u00a0<em>\u201cSotto questo profilo, riteniamo che la riattivazione della piena operativit\u00e0 della Neurochirugia a Belluno debba essere, oltre che una doverosa risposta ai bisogni di salute della popolazione residente, anche un modo per contribuire a rendere pi\u00f9 attrattiva la nostra provincia per i Medici e gli Specializzandi\u201d.<\/em><\/p>\n<p>&nbsp;<\/p>\n<p>&nbsp;<\/p>\n<hr \/>\n<p>&nbsp;<\/p>\n<blockquote>\n<h3>ESERCITAZIONE ANTINCENDIO ALLA SEDE DEL CSV<\/h3>\n<\/blockquote>\n<p><strong>BELLUNO<\/strong> Si \u00e8 svolta ieri a Belluno un&#8217;esercitazione antincendio dei Vigili del Fuoco. L&#8217;esercitazione si \u00e8 svolta alla sede del CSV in via del Piave.<\/p>\n<div style=\"width: 848px;\" class=\"wp-video\"><video class=\"wp-video-shortcode\" id=\"video-331890-2\" width=\"848\" height=\"480\" preload=\"metadata\" controls=\"controls\"><source type=\"video\/mp4\" src=\"https:\/\/www.radiopiu.net\/wordpress\/wp-content\/uploads\/2023\/04\/VVF-BELLUNO.mp4?_=2\" \/><a href=\"https:\/\/www.radiopiu.net\/wordpress\/wp-content\/uploads\/2023\/04\/VVF-BELLUNO.mp4\">https:\/\/www.radiopiu.net\/wordpress\/wp-content\/uploads\/2023\/04\/VVF-BELLUNO.mp4<\/a><\/video><\/div>\n<blockquote>\n<h3 class=\"_title post-title entry-title\"><\/h3>\n<h3 class=\"_title post-title entry-title\">BELLUNO | PROVE DI EVACUAZIONE DEL CSV: PER VIGILI DEL FUOCO E SUEM TEST SUPERATO<\/h3>\n<\/blockquote>\n<p><span style=\"color: #ff0000;\">DAL TG DI ANTENNA 3, CANALE 10 DIGITALE TERRESTRE di TIZIANA BOLOGNANI<\/span><\/p>\n<blockquote class=\"wp-embedded-content\" data-secret=\"bKzKDB5org\"><p><a href=\"https:\/\/antennatre.medianordest.it\/71959\/belluno-prove-di-evacuazione-del-csv-per-vigili-del-fuoco-e-suem-test-superato\/\">BELLUNO | PROVE DI EVACUAZIONE DEL CSV: PER VIGILI DEL FUOCO E SUEM TEST SUPERATO<\/a><\/p><\/blockquote>\n<p><iframe loading=\"lazy\" class=\"wp-embedded-content\" sandbox=\"allow-scripts\" security=\"restricted\" style=\"position: absolute; clip: rect(1px, 1px, 1px, 1px);\" title=\"&#8220;BELLUNO | PROVE DI EVACUAZIONE DEL CSV: PER VIGILI DEL FUOCO E SUEM TEST SUPERATO&#8221; &#8212; ANTENNA TRE | Medianordest\" src=\"https:\/\/antennatre.medianordest.it\/71959\/belluno-prove-di-evacuazione-del-csv-per-vigili-del-fuoco-e-suem-test-superato\/embed\/#?secret=rRhiFtPTAx#?secret=bKzKDB5org\" data-secret=\"bKzKDB5org\" width=\"600\" height=\"338\" frameborder=\"0\" marginwidth=\"0\" marginheight=\"0\" scrolling=\"no\"><\/iframe><\/p>\n<p>&nbsp;<\/p>\n<hr \/>\n<p>&nbsp;<\/p>\n<blockquote>\n<h3>CONFERITA LA CITTADINANZA ITALIANA A 12\u00a0 STRANIERI<\/h3>\n<\/blockquote>\n<p><strong>BELLUNO<\/strong> Nella sala consiliare di Palazzo Rosso a Belluno \u00e8 stata conferita la cittadinanza italiana a 12 cittadini stranieri.<\/p>\n<div style=\"width: 848px;\" class=\"wp-video\"><video class=\"wp-video-shortcode\" id=\"video-331890-3\" width=\"848\" height=\"480\" preload=\"metadata\" controls=\"controls\"><source type=\"video\/mp4\" src=\"https:\/\/www.radiopiu.net\/wordpress\/wp-content\/uploads\/2023\/04\/CITTADINANZA.mp4?_=3\" \/><a href=\"https:\/\/www.radiopiu.net\/wordpress\/wp-content\/uploads\/2023\/04\/CITTADINANZA.mp4\">https:\/\/www.radiopiu.net\/wordpress\/wp-content\/uploads\/2023\/04\/CITTADINANZA.mp4<\/a><\/video><\/div>\n<h3 class=\"_title post-title entry-title\"><\/h3>\n<blockquote>\n<h3 class=\"_title post-title entry-title\">BELLUNO | 12 NUOVI CITTADINI ITALIANI HANNO GIURATO A PALAZZO ROSSO<\/h3>\n<\/blockquote>\n<p><span style=\"color: #ff0000;\">DAL TG DI ANTENNA 3, CANALE 10 DIGITALE TERRESTRE di TIZIANA BOLOGNANI<\/span><\/p>\n<blockquote class=\"wp-embedded-content\" data-secret=\"08lUCvUh0i\"><p><a href=\"https:\/\/antennatre.medianordest.it\/71955\/belluno-12-nuovi-cittadini-italiani-hanno-giurato-a-palazzo-rosso\/\">BELLUNO | 12 NUOVI CITTADINI ITALIANI HANNO GIURATO A PALAZZO ROSSO<\/a><\/p><\/blockquote>\n<p><iframe loading=\"lazy\" class=\"wp-embedded-content\" sandbox=\"allow-scripts\" security=\"restricted\" style=\"position: absolute; clip: rect(1px, 1px, 1px, 1px);\" title=\"&#8220;BELLUNO | 12 NUOVI CITTADINI ITALIANI HANNO GIURATO A PALAZZO ROSSO&#8221; &#8212; ANTENNA TRE | Medianordest\" src=\"https:\/\/antennatre.medianordest.it\/71955\/belluno-12-nuovi-cittadini-italiani-hanno-giurato-a-palazzo-rosso\/embed\/#?secret=Dx66eZXuHt#?secret=08lUCvUh0i\" data-secret=\"08lUCvUh0i\" width=\"600\" height=\"338\" frameborder=\"0\" marginwidth=\"0\" marginheight=\"0\" scrolling=\"no\"><\/iframe><\/p>\n<p>&nbsp;<\/p>\n<p>&nbsp;<\/p>\n<hr \/>\n<p>&nbsp;<\/p>\n<blockquote>\n<h3>A BELLUNO I NUOVI TAPPETINI PER SEGNALARE LA PRESENZA DELLE RONDINI<\/h3>\n<\/blockquote>\n<p><strong><a class=\"dt-pswp-item\" href=\"https:\/\/www.radiopiu.net\/wordpress\/wp-content\/uploads\/2023\/04\/RONDINI.jpg\" data-dt-img-description=\"\" data-large_image_width=\"320\" data-large_image_height=\"203\"><img loading=\"lazy\" decoding=\"async\" class=\" wp-image-332023 alignleft\" src=\"https:\/\/www.radiopiu.net\/wordpress\/wp-content\/uploads\/2023\/04\/RONDINI-300x190.jpg\" alt=\"\" width=\"161\" height=\"102\" srcset=\"https:\/\/www.radiopiu.net\/wordpress\/wp-content\/uploads\/2023\/04\/RONDINI-300x190.jpg 300w, https:\/\/www.radiopiu.net\/wordpress\/wp-content\/uploads\/2023\/04\/RONDINI.jpg 320w\" sizes=\"auto, (max-width: 161px) 100vw, 161px\" \/><\/a>BELLUNO<\/strong> Il Comune di Belluno conferma il suo impegno per il progetto Belluno Citt\u00e0 delle Rondini. Pronti per la ristampa un centinaio di tappetini che segnaleranno la presenza di un nido sotto i portici e in citt\u00e0.<\/p>\n<p><strong>di Daniele Dalvit<\/strong><\/p>\n<audio class=\"wp-audio-shortcode\" id=\"audio-331890-1\" preload=\"none\" style=\"width: 100%;\" controls=\"controls\"><source type=\"audio\/mpeg\" src=\"https:\/\/www.radiopiu.net\/wordpress\/wp-content\/uploads\/2023\/04\/Radio-Piu-Servizio-Belluno-Rondini.mp3?_=1\" \/><a href=\"https:\/\/www.radiopiu.net\/wordpress\/wp-content\/uploads\/2023\/04\/Radio-Piu-Servizio-Belluno-Rondini.mp3\">https:\/\/www.radiopiu.net\/wordpress\/wp-content\/uploads\/2023\/04\/Radio-Piu-Servizio-Belluno-Rondini.mp3<\/a><\/audio>\n<p>&nbsp;<\/p>\n<hr \/>\n<p>&nbsp;<\/p>\n<blockquote>\n<h3 class=\"entry-title\">L\u2019IMPEGNO PER LA FIBROSI CISTICA, SULLA STRADA DI BICE<\/h3>\n<\/blockquote>\n<p><strong>REDAZIONE <\/strong>Chi ha conosciuto ed appoggiato le idee di Bice Gallo oggi si sta impegnando perch\u00e9 il suo sforzo decennale abbia un seguito. A guidare l\u2019associazione oggi \u00e8 Stefano Dal Paos che ha gi\u00e0 messo in calendario i primi eventi per la raccolta primaverile<span id=\"page3R_mcid0\" class=\"markedContent\"><span dir=\"ltr\" role=\"presentation\">\u00a0in occasione della festa della mamma. Il fiore scelto per questa campagna \u00e8 la dipladenia. Cos\u00ec verr\u00e0 distribuita:\u00a0\u00a0<\/span><\/span><span id=\"page3R_mcid2\" class=\"markedContent\"><span dir=\"ltr\" role=\"presentation\"><strong>SABATO 6<\/strong>\u00a0maggio a\u00a0<\/span><\/span><span id=\"page3R_mcid3\" class=\"markedContent\"><span dir=\"ltr\" role=\"presentation\">Santo Stefano di Cadore, Dosoledo, Agordo, Caviola, Falcade, Castion in Piazza I\u00b0\u00a0<\/span><span dir=\"ltr\" role=\"presentation\">Maggio (Alpini), Puos d<\/span><span dir=\"ltr\" role=\"presentation\">\u2019<\/span><span dir=\"ltr\" role=\"presentation\">Alpago Piazza P. Luciani.\u00a0<\/span><\/span><span id=\"page3R_mcid5\" class=\"markedContent\"><span dir=\"ltr\" role=\"presentation\"><strong>DOMENICA 7 Maggio<\/strong>\u00a0<\/span><\/span><span id=\"page3R_mcid6\" class=\"markedContent\"><span dir=\"ltr\" role=\"presentation\">Parrocchie De Pol (Rivamonte, Tiser, Gosaldo, Frassen\u00e8 e Voltago)\u00a0<\/span><\/span><span id=\"page3R_mcid8\" class=\"markedContent\"><span dir=\"ltr\" role=\"presentation\"><strong>Durante<\/strong>\u00a0la settimana ci sar\u00e0 la recapito porta a posta della<\/span>\u00a0<span dir=\"ltr\" role=\"presentation\">\u201c<\/span><span dir=\"ltr\" role=\"presentation\">dipladenia<\/span><span dir=\"ltr\" role=\"presentation\">\u201d<\/span>\u00a0<span dir=\"ltr\" role=\"presentation\">a Farra\u00a0<\/span><span dir=\"ltr\" role=\"presentation\">d<\/span><span dir=\"ltr\" role=\"presentation\">\u2019<\/span><span dir=\"ltr\" role=\"presentation\">Alpago e Zopp\u00e8 di Cadore\u00a0<\/span><\/span><\/p>\n<p>&nbsp;<\/p>\n<p>&nbsp;<\/p>\n<hr \/>\n<p>&nbsp;<\/p>\n<h2><strong><a class=\"dt-pswp-item\" href=\"https:\/\/www.radiopiu.net\/wordpress\/wp-content\/uploads\/2023\/04\/327467418_575530337433370_1016853194636718164_n.jpg\" data-dt-img-description=\"\" data-large_image_width=\"640\" data-large_image_height=\"640\"><img loading=\"lazy\" decoding=\"async\" class=\" wp-image-331562 alignleft\" src=\"https:\/\/www.radiopiu.net\/wordpress\/wp-content\/uploads\/2023\/04\/327467418_575530337433370_1016853194636718164_n-300x300.jpg\" alt=\"\" width=\"138\" height=\"138\" srcset=\"https:\/\/www.radiopiu.net\/wordpress\/wp-content\/uploads\/2023\/04\/327467418_575530337433370_1016853194636718164_n-300x300.jpg 300w, https:\/\/www.radiopiu.net\/wordpress\/wp-content\/uploads\/2023\/04\/327467418_575530337433370_1016853194636718164_n-150x150.jpg 150w, https:\/\/www.radiopiu.net\/wordpress\/wp-content\/uploads\/2023\/04\/327467418_575530337433370_1016853194636718164_n.jpg 640w\" sizes=\"auto, (max-width: 138px) 100vw, 138px\" \/><\/a><\/strong><span style=\"color: #ff9900;\">LA RASSEGNA STAMPA DA L&#8217;AMICO DEL POPOLO<\/span><\/h2>\n<p><strong>di Gianni Santomaso<\/strong><\/p>\n<p>OSPITE: Franco Chemello, Scuole In Rete Belluno<\/p>\n<audio class=\"wp-audio-shortcode\" id=\"audio-331890-2\" preload=\"none\" style=\"width: 100%;\" controls=\"controls\"><source type=\"audio\/mpeg\" src=\"https:\/\/www.radiopiu.net\/wordpress\/wp-content\/uploads\/2023\/04\/RASSEGNA-GIANNI.mp3?_=2\" \/><a href=\"https:\/\/www.radiopiu.net\/wordpress\/wp-content\/uploads\/2023\/04\/RASSEGNA-GIANNI.mp3\">https:\/\/www.radiopiu.net\/wordpress\/wp-content\/uploads\/2023\/04\/RASSEGNA-GIANNI.mp3<\/a><\/audio>\n<p>&nbsp;<\/p>\n<hr \/>\n<p>&nbsp;<\/p>\n<blockquote>\n<h3>LA SARTA DI CASA MEZZACASA, LA BRUNA DEL PIANO<\/h3>\n<\/blockquote>\n<div class=\"x11i5rnm xat24cr x1mh8g0r x1vvkbs xtlvy1s x126k92a\">\n<div dir=\"auto\"><strong>TAIBON<\/strong> Un operaio&#8230;di quelli dalle mani nere e una ragazza piena di vitalit\u00e0, mi raccontano fosse lei il generale della famiglia, che dava le consegne, gli ordini e attendeva i risultati, possibilimente immediati senza tanti giri di parole. Lui era mio padre, Adone, lei \u00e8 mia mamma, la Bruna del &#8220;Piano&#8221; dal nonno Cipriano Dai Pra. Oggi le parole sono proprio dedicate a lei, non so se l&#8217;abbiamo ringraziata abbastanza in questi suoi 89 anni di vita, ma l&#8217;aver ritrovato questi documenti nel suo cassetto ha fatto riaffiorare i ricordi. I ricordi di quella donna, quotidianamente chiusa nella camera delle mie sorelle a far girare la macchina da cucire della Necchi. Era stata lungimirante da piccola, andando dai Rossi per imparare a cucire, a confezionare vestiti.<\/div>\n<div dir=\"auto\">E&#8217; stata la fortuna di noi figli, due sorelle e un maschio da vestire. E qui esce il grazie, perch\u00e9 non erano tempi di &#8220;vacche grasse&#8221;, uno stipendio per far studiare tre figli e pagare la casa da poco costruita &#8211; oggi anche sede di RADIOPIU &#8211; non era il massimo, e anche i vestiti avevano un costo. Per questo la Bruna si era inventata un fine settimana originale. Scendere a Bes dal fratello Bortoletto &#8211; tappa fissa al sabato &#8211; e poi gi\u00f9 dove oggi c&#8217;\u00e8 il ristorante Carpenada, perch\u00e9 li&#8217; vicino c&#8217;era la &#8220;Sanremo&#8221; e quindi s&#8217;acquistavano metri di scampoli dai quali venivano ricavati vestiti, camice, pantaloni, tende, tovaglie. Ogni tanto ci si perdeva in casa Mezzacasa, la gonna come le tende o, i pantaloni come uno strofinaccio, creavano in effetti un po&#8217; di confusione, ma era bello si riusciva a mimetizzarsi come i camaleonti. Eravano tutti e tre sempre vestiti a puntino, alla moda, perch\u00e9 la Bruna riusciva anche a copiare i modelli&#8230; degli altri. La Necchi del 1953 &#8211; o meglio degli anni trenta &#8211; poi sostituita da una potente macchina da cucire per confezionare gli astucci per occhiali per i Riva da Voltago, i Mottes da Rivamonte o i caschi della Mpa per Parissenti. La casa era diventata un laboratorio e tutti noi a dargli una mano a tagliare fili, inscatolare e via discorrendo. Grazie a questo ulteriore impegno ho potuto studiare musica dal maestro Ernesto Bellus e portare tra le mura di casa quell&#8217;organo che ancora oggi sono pronto a fucilare chi lo tocca&#8230; Alain e Galvano Jr. i miei nipoti, cresciuti in via Paris Bordone, se la sono cavata perch\u00e9 usavano i tasti come tasti e non come tamburi della batteria, oddio c&#8217;\u00e8 voluto un po&#8217; a farglielo capire ma alla fine il risultato \u00e8 stato ottenuto.<\/div>\n<div dir=\"auto\"><\/div>\n<\/div>\n<div class=\"x11i5rnm xat24cr x1mh8g0r x1vvkbs xtlvy1s x126k92a\">\n<div dir=\"auto\">mirko<\/div>\n<\/div>\n<div class=\"x11i5rnm xat24cr x1mh8g0r x1vvkbs xtlvy1s x126k92a\">\n<div dir=\"auto\">ps per l&#8217;amministrazione comunale di Taibon: i documenti ufficiali riportano RONCH DE BOS non ronc de buos&#8230;.. sarebbe il caso di correggere un errore segnalato da tempo e che orami viene riportato in tutti i documenti&#8230; sbagliati.<\/div>\n<\/div>\n<div dir=\"auto\"><\/div>\n<div dir=\"auto\">\n\n\t\t\t<style type='text\/css'>\n\t\t\t\t#gallery-3 {\n\t\t\t\t\tmargin: auto;\n\t\t\t\t}\n\t\t\t\t#gallery-3 .gallery-item {\n\t\t\t\t\tfloat: left;\n\t\t\t\t\tmargin-top: 10px;\n\t\t\t\t\ttext-align: center;\n\t\t\t\t\twidth: 33%;\n\t\t\t\t}\n\t\t\t\t#gallery-3 img {\n\t\t\t\t\tborder: 2px solid #cfcfcf;\n\t\t\t\t}\n\t\t\t\t#gallery-3 .gallery-caption {\n\t\t\t\t\tmargin-left: 0;\n\t\t\t\t}\n\t\t\t\t\/* see gallery_shortcode() in wp-includes\/media.php *\/\n\t\t\t<\/style>\n\t\t<div id='gallery-3' class='dt-gallery-container gallery galleryid-331890 gallery-columns-3 gallery-size-medium'><dl class='gallery-item'>\n\t\t\t\t<dt class='gallery-icon portrait'>\n\t\t\t\t\t<a class=\"rollover rollover-zoom dt-pswp-item\" title=\"337557794_615179713535050_245711361861462918_n\" data-dt-img-description=\"\" data-large_image_width=\"1152\" data-large_image_height=\"2048\"href='https:\/\/www.radiopiu.net\/wordpress\/wp-content\/uploads\/2023\/04\/337557794_615179713535050_245711361861462918_n.jpg'><img loading=\"lazy\" decoding=\"async\" width=\"169\" height=\"300\" src=\"https:\/\/www.radiopiu.net\/wordpress\/wp-content\/uploads\/2023\/04\/337557794_615179713535050_245711361861462918_n-169x300.jpg\" class=\"attachment-medium size-medium\" alt=\"\" srcset=\"https:\/\/www.radiopiu.net\/wordpress\/wp-content\/uploads\/2023\/04\/337557794_615179713535050_245711361861462918_n-169x300.jpg 169w, https:\/\/www.radiopiu.net\/wordpress\/wp-content\/uploads\/2023\/04\/337557794_615179713535050_245711361861462918_n-576x1024.jpg 576w, https:\/\/www.radiopiu.net\/wordpress\/wp-content\/uploads\/2023\/04\/337557794_615179713535050_245711361861462918_n-768x1365.jpg 768w, https:\/\/www.radiopiu.net\/wordpress\/wp-content\/uploads\/2023\/04\/337557794_615179713535050_245711361861462918_n-864x1536.jpg 864w, https:\/\/www.radiopiu.net\/wordpress\/wp-content\/uploads\/2023\/04\/337557794_615179713535050_245711361861462918_n.jpg 1152w\" sizes=\"auto, (max-width: 169px) 100vw, 169px\" \/><\/a>\n\t\t\t\t<\/dt><\/dl><dl class='gallery-item'>\n\t\t\t\t<dt class='gallery-icon landscape'>\n\t\t\t\t\t<a class=\"rollover rollover-zoom dt-pswp-item\" title=\"337753122_146056075094320_5856443272869991589_n\" data-dt-img-description=\"\" data-large_image_width=\"2048\" data-large_image_height=\"1152\"href='https:\/\/www.radiopiu.net\/wordpress\/wp-content\/uploads\/2023\/04\/337753122_146056075094320_5856443272869991589_n.jpg'><img loading=\"lazy\" decoding=\"async\" width=\"300\" height=\"169\" src=\"https:\/\/www.radiopiu.net\/wordpress\/wp-content\/uploads\/2023\/04\/337753122_146056075094320_5856443272869991589_n-300x169.jpg\" class=\"attachment-medium size-medium\" alt=\"\" srcset=\"https:\/\/www.radiopiu.net\/wordpress\/wp-content\/uploads\/2023\/04\/337753122_146056075094320_5856443272869991589_n-300x169.jpg 300w, https:\/\/www.radiopiu.net\/wordpress\/wp-content\/uploads\/2023\/04\/337753122_146056075094320_5856443272869991589_n-1024x576.jpg 1024w, https:\/\/www.radiopiu.net\/wordpress\/wp-content\/uploads\/2023\/04\/337753122_146056075094320_5856443272869991589_n-768x432.jpg 768w, https:\/\/www.radiopiu.net\/wordpress\/wp-content\/uploads\/2023\/04\/337753122_146056075094320_5856443272869991589_n-1536x864.jpg 1536w, https:\/\/www.radiopiu.net\/wordpress\/wp-content\/uploads\/2023\/04\/337753122_146056075094320_5856443272869991589_n.jpg 2048w\" sizes=\"auto, (max-width: 300px) 100vw, 300px\" \/><\/a>\n\t\t\t\t<\/dt><\/dl><dl class='gallery-item'>\n\t\t\t\t<dt class='gallery-icon landscape'>\n\t\t\t\t\t<a class=\"rollover rollover-zoom dt-pswp-item\" title=\"338036682_2505701839580113_6765452434902516671_n\" data-dt-img-description=\"\" data-large_image_width=\"2048\" data-large_image_height=\"1152\"href='https:\/\/www.radiopiu.net\/wordpress\/wp-content\/uploads\/2023\/04\/338036682_2505701839580113_6765452434902516671_n.jpg'><img loading=\"lazy\" decoding=\"async\" width=\"300\" height=\"169\" src=\"https:\/\/www.radiopiu.net\/wordpress\/wp-content\/uploads\/2023\/04\/338036682_2505701839580113_6765452434902516671_n-300x169.jpg\" class=\"attachment-medium size-medium\" alt=\"\" srcset=\"https:\/\/www.radiopiu.net\/wordpress\/wp-content\/uploads\/2023\/04\/338036682_2505701839580113_6765452434902516671_n-300x169.jpg 300w, https:\/\/www.radiopiu.net\/wordpress\/wp-content\/uploads\/2023\/04\/338036682_2505701839580113_6765452434902516671_n-1024x576.jpg 1024w, https:\/\/www.radiopiu.net\/wordpress\/wp-content\/uploads\/2023\/04\/338036682_2505701839580113_6765452434902516671_n-768x432.jpg 768w, https:\/\/www.radiopiu.net\/wordpress\/wp-content\/uploads\/2023\/04\/338036682_2505701839580113_6765452434902516671_n-1536x864.jpg 1536w, https:\/\/www.radiopiu.net\/wordpress\/wp-content\/uploads\/2023\/04\/338036682_2505701839580113_6765452434902516671_n.jpg 2048w\" sizes=\"auto, (max-width: 300px) 100vw, 300px\" \/><\/a>\n\t\t\t\t<\/dt><\/dl><br style=\"clear: both\" \/><dl class='gallery-item'>\n\t\t\t\t<dt class='gallery-icon portrait'>\n\t\t\t\t\t<a class=\"rollover rollover-zoom dt-pswp-item\" title=\"337747367_648496720450011_1191896553190658200_n\" data-dt-img-description=\"\" data-large_image_width=\"1152\" data-large_image_height=\"2048\"href='https:\/\/www.radiopiu.net\/wordpress\/wp-content\/uploads\/2023\/04\/337747367_648496720450011_1191896553190658200_n.jpg'><img loading=\"lazy\" decoding=\"async\" width=\"169\" height=\"300\" src=\"https:\/\/www.radiopiu.net\/wordpress\/wp-content\/uploads\/2023\/04\/337747367_648496720450011_1191896553190658200_n-169x300.jpg\" class=\"attachment-medium size-medium\" alt=\"\" srcset=\"https:\/\/www.radiopiu.net\/wordpress\/wp-content\/uploads\/2023\/04\/337747367_648496720450011_1191896553190658200_n-169x300.jpg 169w, https:\/\/www.radiopiu.net\/wordpress\/wp-content\/uploads\/2023\/04\/337747367_648496720450011_1191896553190658200_n-576x1024.jpg 576w, https:\/\/www.radiopiu.net\/wordpress\/wp-content\/uploads\/2023\/04\/337747367_648496720450011_1191896553190658200_n-768x1365.jpg 768w, https:\/\/www.radiopiu.net\/wordpress\/wp-content\/uploads\/2023\/04\/337747367_648496720450011_1191896553190658200_n-864x1536.jpg 864w, https:\/\/www.radiopiu.net\/wordpress\/wp-content\/uploads\/2023\/04\/337747367_648496720450011_1191896553190658200_n.jpg 1152w\" sizes=\"auto, (max-width: 169px) 100vw, 169px\" \/><\/a>\n\t\t\t\t<\/dt><\/dl><dl class='gallery-item'>\n\t\t\t\t<dt class='gallery-icon landscape'>\n\t\t\t\t\t<a class=\"rollover rollover-zoom dt-pswp-item\" title=\"337886417_176289555298824_4293353645141189633_n\" data-dt-img-description=\"\" data-large_image_width=\"2048\" data-large_image_height=\"1152\"href='https:\/\/www.radiopiu.net\/wordpress\/wp-content\/uploads\/2023\/04\/337886417_176289555298824_4293353645141189633_n.jpg'><img loading=\"lazy\" decoding=\"async\" width=\"300\" height=\"169\" src=\"https:\/\/www.radiopiu.net\/wordpress\/wp-content\/uploads\/2023\/04\/337886417_176289555298824_4293353645141189633_n-300x169.jpg\" class=\"attachment-medium size-medium\" alt=\"\" srcset=\"https:\/\/www.radiopiu.net\/wordpress\/wp-content\/uploads\/2023\/04\/337886417_176289555298824_4293353645141189633_n-300x169.jpg 300w, https:\/\/www.radiopiu.net\/wordpress\/wp-content\/uploads\/2023\/04\/337886417_176289555298824_4293353645141189633_n-1024x576.jpg 1024w, https:\/\/www.radiopiu.net\/wordpress\/wp-content\/uploads\/2023\/04\/337886417_176289555298824_4293353645141189633_n-768x432.jpg 768w, https:\/\/www.radiopiu.net\/wordpress\/wp-content\/uploads\/2023\/04\/337886417_176289555298824_4293353645141189633_n-1536x864.jpg 1536w, https:\/\/www.radiopiu.net\/wordpress\/wp-content\/uploads\/2023\/04\/337886417_176289555298824_4293353645141189633_n.jpg 2048w\" sizes=\"auto, (max-width: 300px) 100vw, 300px\" \/><\/a>\n\t\t\t\t<\/dt><\/dl><dl class='gallery-item'>\n\t\t\t\t<dt class='gallery-icon landscape'>\n\t\t\t\t\t<a class=\"rollover rollover-zoom dt-pswp-item\" title=\"337739483_1204363313780832_6311143324204909171_n\" data-dt-img-description=\"\" data-large_image_width=\"2048\" data-large_image_height=\"1152\"href='https:\/\/www.radiopiu.net\/wordpress\/wp-content\/uploads\/2023\/04\/337739483_1204363313780832_6311143324204909171_n.jpg'><img loading=\"lazy\" decoding=\"async\" width=\"300\" height=\"169\" src=\"https:\/\/www.radiopiu.net\/wordpress\/wp-content\/uploads\/2023\/04\/337739483_1204363313780832_6311143324204909171_n-300x169.jpg\" class=\"attachment-medium size-medium\" alt=\"\" srcset=\"https:\/\/www.radiopiu.net\/wordpress\/wp-content\/uploads\/2023\/04\/337739483_1204363313780832_6311143324204909171_n-300x169.jpg 300w, https:\/\/www.radiopiu.net\/wordpress\/wp-content\/uploads\/2023\/04\/337739483_1204363313780832_6311143324204909171_n-1024x576.jpg 1024w, https:\/\/www.radiopiu.net\/wordpress\/wp-content\/uploads\/2023\/04\/337739483_1204363313780832_6311143324204909171_n-768x432.jpg 768w, https:\/\/www.radiopiu.net\/wordpress\/wp-content\/uploads\/2023\/04\/337739483_1204363313780832_6311143324204909171_n-1536x864.jpg 1536w, https:\/\/www.radiopiu.net\/wordpress\/wp-content\/uploads\/2023\/04\/337739483_1204363313780832_6311143324204909171_n.jpg 2048w\" sizes=\"auto, (max-width: 300px) 100vw, 300px\" \/><\/a>\n\t\t\t\t<\/dt><\/dl><br style=\"clear: both\" \/>\n\t\t\t<\/div>\n\n<\/div>\n<div dir=\"auto\"><\/div>\n<p>&nbsp;<\/p>\n<hr \/>\n<p>&nbsp;<\/p>\n<blockquote>\n<h3>GIOVEDI IL CONSIGLIO COMUNALE DI CENCENIGHE<\/h3>\n<\/blockquote>\n<p><strong>CENCENIGHE<\/strong><\/p>\n<p><strong>di Gianni Santomaso<\/strong><\/p>\n<audio class=\"wp-audio-shortcode\" id=\"audio-331890-3\" preload=\"none\" style=\"width: 100%;\" controls=\"controls\"><source type=\"audio\/mpeg\" src=\"https:\/\/www.radiopiu.net\/wordpress\/wp-content\/uploads\/2023\/04\/GIANNI-CONSIGLIO-COMUNALE-CENCENIGHE.mp3?_=3\" \/><a href=\"https:\/\/www.radiopiu.net\/wordpress\/wp-content\/uploads\/2023\/04\/GIANNI-CONSIGLIO-COMUNALE-CENCENIGHE.mp3\">https:\/\/www.radiopiu.net\/wordpress\/wp-content\/uploads\/2023\/04\/GIANNI-CONSIGLIO-COMUNALE-CENCENIGHE.mp3<\/a><\/audio>\n<p>&nbsp;<\/p>\n<p>&nbsp;<\/p>\n<hr \/>\n<p>&nbsp;<\/p>\n<blockquote>\n<h3><strong><a class=\"dt-pswp-item\" href=\"https:\/\/www.radiopiu.net\/wordpress\/wp-content\/uploads\/2023\/04\/Senza-nome-32.jpg\" data-dt-img-description=\"\" data-large_image_width=\"266\" data-large_image_height=\"235\"><img loading=\"lazy\" decoding=\"async\" class=\" wp-image-331454 alignleft\" src=\"https:\/\/www.radiopiu.net\/wordpress\/wp-content\/uploads\/2023\/04\/Senza-nome-32.jpg\" alt=\"\" width=\"141\" height=\"125\" \/><\/a><\/strong>BOSCHI RESILIENTI, QUALI INTERVENTI PER LA LOTTA AL BOSTRICO?<\/h3>\n<\/blockquote>\n<p><strong>di Gianni Santomaso<\/strong><\/p>\n<audio class=\"wp-audio-shortcode\" id=\"audio-331890-4\" preload=\"none\" style=\"width: 100%;\" controls=\"controls\"><source type=\"audio\/mpeg\" src=\"https:\/\/www.radiopiu.net\/wordpress\/wp-content\/uploads\/2023\/04\/GIANNI-INCONTRO-BOSTRICO-A-CANALE.mp3?_=4\" \/><a href=\"https:\/\/www.radiopiu.net\/wordpress\/wp-content\/uploads\/2023\/04\/GIANNI-INCONTRO-BOSTRICO-A-CANALE.mp3\">https:\/\/www.radiopiu.net\/wordpress\/wp-content\/uploads\/2023\/04\/GIANNI-INCONTRO-BOSTRICO-A-CANALE.mp3<\/a><\/audio>\n<p>&nbsp;<\/p>\n<hr \/>\n<p>&nbsp;<\/p>\n<blockquote>\n<h3>ANCHE AD AGORDO &#8220;QUATTRO CHIACCHIERE CON L&#8217;OSTETRICA E LA PSICOLOGA&#8221;<\/h3>\n<\/blockquote>\n<blockquote>\n<h3><em>LA SETTIMANA PER LA SALUTE DELLA DONNA, CON L&#8217;ULSS1 DOLOMITI E ONDA OSPEDALE DONNA<\/em><\/h3>\n<\/blockquote>\n<p><strong><span id=\"page5R_mcid33\" class=\"markedContent\"><span dir=\"ltr\" role=\"presentation\">OGGI <\/span><\/span><\/strong><span id=\"page5R_mcid162\" class=\"markedContent\"><span dir=\"ltr\" role=\"presentation\">Quattro chiacchiere con l&#8217;ostetrica e la psicologa <\/span><\/span><span id=\"page5R_mcid148\" class=\"markedContent\"><span dir=\"ltr\" role=\"presentation\">MENOPAUSA<\/span><\/span><span id=\"page5R_mcid149\" class=\"markedContent\"> <span dir=\"ltr\" role=\"presentation\">dalle 9.00 alle 10.00<\/span><\/span><span id=\"page5R_mcid150\" class=\"markedContent\"> <span dir=\"ltr\" role=\"presentation\">CONTRACCEZIONE<\/span><\/span><span id=\"page5R_mcid151\" class=\"markedContent\"> <span dir=\"ltr\" role=\"presentation\">dalle 10.00 alle 11.00<\/span><\/span><span id=\"page5R_mcid152\" class=\"markedContent\"> <span dir=\"ltr\" role=\"presentation\">ALLATTAMENTO<\/span><\/span><span id=\"page5R_mcid153\" class=\"markedContent\"> <span dir=\"ltr\" role=\"presentation\">dalle 11.00 alle 12.00<\/span><\/span><span id=\"page5R_mcid154\" class=\"markedContent\"> <span dir=\"ltr\" role=\"presentation\">Consultorio di Agordo<\/span><\/span><span id=\"page5R_mcid155\" class=\"markedContent\"><\/span><span id=\"page5R_mcid156\" class=\"markedContent\"> <span dir=\"ltr\" role=\"presentation\">(Via Fontana 36)<\/span><\/span><span id=\"page5R_mcid157\" class=\"markedContent\"><\/span><span id=\"page5R_mcid158\" class=\"markedContent\"><\/span><span id=\"page5R_mcid159\" class=\"markedContent\"> <span dir=\"ltr\" role=\"presentation\">con l&#8217;ostetrica Cinzia Scapolan<\/span><\/span><span id=\"page5R_mcid160\" class=\"markedContent\"><\/span><span id=\"page5R_mcid161\" class=\"markedContent\"> <span dir=\"ltr\" role=\"presentation\">e la psicologa Lucia Poggioli.\u00a0 <\/span><\/span><span id=\"page5R_mcid163\" class=\"markedContent\"><span dir=\"ltr\" role=\"presentation\">ISCRIZIONI<\/span><\/span><span id=\"page5R_mcid164\" class=\"markedContent\"><span dir=\"ltr\" role=\"presentation\">:<\/span><\/span><span id=\"page5R_mcid165\" class=\"markedContent\"> <span dir=\"ltr\" role=\"presentation\"><a class=\"moz-txt-link-abbreviated\" href=\"mailto:comunicazione@aulss1.veneto.it\">comunicazione@aulss1.veneto.it<\/a><\/span><\/span><\/p>\n\n\t\t\t<style type='text\/css'>\n\t\t\t\t#gallery-4 {\n\t\t\t\t\tmargin: auto;\n\t\t\t\t}\n\t\t\t\t#gallery-4 .gallery-item {\n\t\t\t\t\tfloat: left;\n\t\t\t\t\tmargin-top: 10px;\n\t\t\t\t\ttext-align: center;\n\t\t\t\t\twidth: 50%;\n\t\t\t\t}\n\t\t\t\t#gallery-4 img {\n\t\t\t\t\tborder: 2px solid #cfcfcf;\n\t\t\t\t}\n\t\t\t\t#gallery-4 .gallery-caption {\n\t\t\t\t\tmargin-left: 0;\n\t\t\t\t}\n\t\t\t\t\/* see gallery_shortcode() in wp-includes\/media.php *\/\n\t\t\t<\/style>\n\t\t<div id='gallery-4' class='dt-gallery-container gallery galleryid-331890 gallery-columns-2 gallery-size-thumbnail'><dl class='gallery-item'>\n\t\t\t\t<dt class='gallery-icon portrait'>\n\t\t\t\t\t<a class=\"rollover rollover-zoom dt-pswp-item\" title=\"Settimana salute donna 2023_def_11.04.23\" data-dt-img-description=\"\" data-large_image_width=\"1591\" data-large_image_height=\"2250\"href='https:\/\/www.radiopiu.net\/wordpress\/wp-content\/uploads\/2023\/04\/Settimana-salute-donna-2023_def_11.04.23.png'><img loading=\"lazy\" decoding=\"async\" width=\"150\" height=\"150\" src=\"https:\/\/www.radiopiu.net\/wordpress\/wp-content\/uploads\/2023\/04\/Settimana-salute-donna-2023_def_11.04.23-150x150.png\" class=\"attachment-thumbnail size-thumbnail\" alt=\"\" \/><\/a>\n\t\t\t\t<\/dt><\/dl><dl class='gallery-item'>\n\t\t\t\t<dt class='gallery-icon landscape'>\n\t\t\t\t\t<a class=\"rollover rollover-zoom dt-pswp-item\" title=\"5_19.04_open day consultorio agordo\" data-dt-img-description=\"\" data-large_image_width=\"1080\" data-large_image_height=\"1080\"href='https:\/\/www.radiopiu.net\/wordpress\/wp-content\/uploads\/2023\/04\/5_19.04_open-day-consultorio-agordo.png'><img loading=\"lazy\" decoding=\"async\" width=\"150\" height=\"150\" src=\"https:\/\/www.radiopiu.net\/wordpress\/wp-content\/uploads\/2023\/04\/5_19.04_open-day-consultorio-agordo-150x150.png\" class=\"attachment-thumbnail size-thumbnail\" alt=\"\" srcset=\"https:\/\/www.radiopiu.net\/wordpress\/wp-content\/uploads\/2023\/04\/5_19.04_open-day-consultorio-agordo-150x150.png 150w, https:\/\/www.radiopiu.net\/wordpress\/wp-content\/uploads\/2023\/04\/5_19.04_open-day-consultorio-agordo-300x300.png 300w, https:\/\/www.radiopiu.net\/wordpress\/wp-content\/uploads\/2023\/04\/5_19.04_open-day-consultorio-agordo-1024x1024.png 1024w, https:\/\/www.radiopiu.net\/wordpress\/wp-content\/uploads\/2023\/04\/5_19.04_open-day-consultorio-agordo-768x768.png 768w, https:\/\/www.radiopiu.net\/wordpress\/wp-content\/uploads\/2023\/04\/5_19.04_open-day-consultorio-agordo.png 1080w\" sizes=\"auto, (max-width: 150px) 100vw, 150px\" \/><\/a>\n\t\t\t\t<\/dt><\/dl><br style=\"clear: both\" \/>\n\t\t\t<\/div>\n\n<p>&nbsp;<\/p>\n<hr \/>\n<p>&nbsp;<\/p>\n<blockquote>\n<h3>FONDI DI CONFINE, UN ORDINE DEL GIORNO PERCHE&#8217; A DECIDERE SIA UN BELLUNESE paolo frena presidente Unione Montana Agordina<\/h3>\n<\/blockquote>\n<p><strong><a class=\"dt-pswp-item\" href=\"https:\/\/www.radiopiu.net\/wordpress\/wp-content\/uploads\/2023\/04\/PAOLO-FRENA.png\" data-dt-img-description=\"\" data-large_image_width=\"292\" data-large_image_height=\"223\"><img loading=\"lazy\" decoding=\"async\" class=\"wp-image-331937 alignleft\" src=\"https:\/\/www.radiopiu.net\/wordpress\/wp-content\/uploads\/2023\/04\/PAOLO-FRENA.png\" alt=\"\" width=\"168\" height=\"128\" \/><\/a>REDAZIONE<\/strong> La presidenza dei fondi di confine ad un esponente politico bellunese. Lo chiede con un ordine del giorno approvato all&#8217;unanimit\u00e0 il consiglio dell&#8217;Unione Montana Agordina. Per\u00a0 spronare il governo a dare corso alla nomina del nuovo presidente del Comitato paritetico dei fondi di confine e puntare su un bellunese come avevano fatti i governi precedenti quando avevano scelto prima Roger De Menech e poi Dario Bond.<\/p>\n<p><strong>L&#8217;INTERVENTO DI PAOLO FRENA<\/strong><\/p>\n<audio class=\"wp-audio-shortcode\" id=\"audio-331890-5\" preload=\"none\" style=\"width: 100%;\" controls=\"controls\"><source type=\"audio\/mpeg\" src=\"https:\/\/www.radiopiu.net\/wordpress\/wp-content\/uploads\/2023\/04\/FRENA.mp3?_=5\" \/><a href=\"https:\/\/www.radiopiu.net\/wordpress\/wp-content\/uploads\/2023\/04\/FRENA.mp3\">https:\/\/www.radiopiu.net\/wordpress\/wp-content\/uploads\/2023\/04\/FRENA.mp3<\/a><\/audio>\n<p>&nbsp;<\/p>\n<p><strong>di GIANNI SANTOMASO<\/strong><\/p>\n<audio class=\"wp-audio-shortcode\" id=\"audio-331890-6\" preload=\"none\" style=\"width: 100%;\" controls=\"controls\"><source type=\"audio\/mpeg\" src=\"https:\/\/www.radiopiu.net\/wordpress\/wp-content\/uploads\/2023\/04\/gianni-fondi.mp3?_=6\" \/><a href=\"https:\/\/www.radiopiu.net\/wordpress\/wp-content\/uploads\/2023\/04\/gianni-fondi.mp3\">https:\/\/www.radiopiu.net\/wordpress\/wp-content\/uploads\/2023\/04\/gianni-fondi.mp3<\/a><\/audio>\n<p>&nbsp;<\/p>\n<p>&nbsp;<\/p>\n<hr \/>\n<blockquote>\n<h3><\/h3>\n<h3>FONDI DI CONFINE, DALL&#8217;UNIONE MONTANA AGORDINA roberto chissale&#8217; sindaco di Agordo<\/h3>\n<\/blockquote>\n<p><strong class=\"photoswipe-wrapper\"><a class=\"dt-pswp-item\" href=\"https:\/\/www.radiopiu.net\/wordpress\/wp-content\/uploads\/2023\/04\/chissale.png\" data-dt-img-description=\"\" data-large_image_width=\"341\" data-large_image_height=\"252\"><img loading=\"lazy\" decoding=\"async\" class=\" wp-image-331934 alignleft\" src=\"https:\/\/www.radiopiu.net\/wordpress\/wp-content\/uploads\/2023\/04\/chissale-300x222.png\" alt=\"\" width=\"226\" height=\"167\" srcset=\"https:\/\/www.radiopiu.net\/wordpress\/wp-content\/uploads\/2023\/04\/chissale-300x222.png 300w, https:\/\/www.radiopiu.net\/wordpress\/wp-content\/uploads\/2023\/04\/chissale.png 341w\" sizes=\"auto, (max-width: 226px) 100vw, 226px\" \/><\/a>REDAZIONE<\/strong> La tematica dei fondi di confine non manca mai nelle discussioni degli amministratori. E\u2019 successo anche l\u2019altra sera in Sala Don Tamis. Unione d\u2019intenti, nelle parole del sindaco di Agordo Roberto Chissal\u00e8 dopo la presentazione dell&#8217;ordine del giorno da parte del Presidente Paolo Frena<\/p>\n<p><strong>AUDIO<\/strong><\/p>\n<audio class=\"wp-audio-shortcode\" id=\"audio-331890-7\" preload=\"none\" style=\"width: 100%;\" controls=\"controls\"><source type=\"audio\/mpeg\" src=\"https:\/\/www.radiopiu.net\/wordpress\/wp-content\/uploads\/2023\/04\/CHISSALE.mp3?_=7\" \/><a href=\"https:\/\/www.radiopiu.net\/wordpress\/wp-content\/uploads\/2023\/04\/CHISSALE.mp3\">https:\/\/www.radiopiu.net\/wordpress\/wp-content\/uploads\/2023\/04\/CHISSALE.mp3<\/a><\/audio>\n<p>&nbsp;<\/p>\n<hr \/>\n<p>&nbsp;<\/p>\n<blockquote>\n<h3>FONDI DI CONFINE, DALL&#8217;UNIONE MONTANA AGORDINA andrea de bernardin sindaco rocca pietore<\/h3>\n<\/blockquote>\n<p><strong><a class=\"dt-pswp-item\" href=\"https:\/\/www.radiopiu.net\/wordpress\/wp-content\/uploads\/2023\/04\/ANDREA-DB.png\" data-dt-img-description=\"\" data-large_image_width=\"439\" data-large_image_height=\"319\"><img loading=\"lazy\" decoding=\"async\" class=\" wp-image-331912 alignleft\" src=\"https:\/\/www.radiopiu.net\/wordpress\/wp-content\/uploads\/2023\/04\/ANDREA-DB-300x218.png\" alt=\"\" width=\"205\" height=\"149\" srcset=\"https:\/\/www.radiopiu.net\/wordpress\/wp-content\/uploads\/2023\/04\/ANDREA-DB-300x218.png 300w, https:\/\/www.radiopiu.net\/wordpress\/wp-content\/uploads\/2023\/04\/ANDREA-DB.png 439w\" sizes=\"auto, (max-width: 205px) 100vw, 205px\" \/><\/a>REDAZIONE<\/strong> La tematica dei fondi di confine non manca mai nelle discussioni degli amministratori. E&#8217; successo anche l&#8217;altra sera in Sala Don Tamis. Unione d&#8217;intenti, nelle parole del sindaco di Rocca Pietore Andrea De Bernardin che invita a non dimenticare la genesi dei fondi allora chiamati Calderoli-Brancher, dopo i venti di secessioni spirati da Lamon nel feltrino.<\/p>\n<p><strong>ANDREA DE BERNARDIN, SINDACO ROCCA PIETORE<\/strong><\/p>\n<audio class=\"wp-audio-shortcode\" id=\"audio-331890-8\" preload=\"none\" style=\"width: 100%;\" controls=\"controls\"><source type=\"audio\/mpeg\" src=\"https:\/\/www.radiopiu.net\/wordpress\/wp-content\/uploads\/2023\/04\/ANDREA.mp3?_=8\" \/><a href=\"https:\/\/www.radiopiu.net\/wordpress\/wp-content\/uploads\/2023\/04\/ANDREA.mp3\">https:\/\/www.radiopiu.net\/wordpress\/wp-content\/uploads\/2023\/04\/ANDREA.mp3<\/a><\/audio>\n<p>&nbsp;<\/p>\n<p>&nbsp;<\/p>\n<hr \/>\n<p>&nbsp;<\/p>\n<blockquote>\n<h3>CASA DI SOGGIORNO I SOCI LASCIANO, silvia tormen sindaco di Taibon<\/h3>\n<\/blockquote>\n<p><strong><a class=\"dt-pswp-item\" href=\"https:\/\/www.radiopiu.net\/wordpress\/wp-content\/uploads\/2023\/04\/Senza-nome-46-e1681810343561.jpg\" data-dt-img-description=\"\" data-large_image_width=\"339\" data-large_image_height=\"248\"><img loading=\"lazy\" decoding=\"async\" class=\" wp-image-331947 alignleft\" src=\"https:\/\/www.radiopiu.net\/wordpress\/wp-content\/uploads\/2023\/04\/Senza-nome-46-e1681810343561-300x219.jpg\" alt=\"\" width=\"193\" height=\"141\" srcset=\"https:\/\/www.radiopiu.net\/wordpress\/wp-content\/uploads\/2023\/04\/Senza-nome-46-e1681810343561-300x219.jpg 300w, https:\/\/www.radiopiu.net\/wordpress\/wp-content\/uploads\/2023\/04\/Senza-nome-46-e1681810343561.jpg 339w\" sizes=\"auto, (max-width: 193px) 100vw, 193px\" \/><\/a>REDAZIONE<\/strong> Anche l&#8217;Unione Montana come il Comune di Taibon ha votato e deliberato l&#8217;uscita dalla casa di soggiorno di Taibon Agordino. Il primo cittadino Silvia Tormen ricorda la storia e le motivazioni che hanno portato all&#8217;alzata di mano degli ex soci.<\/p>\n<p>&nbsp;<\/p>\n<p><strong>AUDIO<\/strong><\/p>\n<audio class=\"wp-audio-shortcode\" id=\"audio-331890-9\" preload=\"none\" style=\"width: 100%;\" controls=\"controls\"><source type=\"audio\/mpeg\" src=\"https:\/\/www.radiopiu.net\/wordpress\/wp-content\/uploads\/2023\/04\/silvia.mp3?_=9\" \/><a href=\"https:\/\/www.radiopiu.net\/wordpress\/wp-content\/uploads\/2023\/04\/silvia.mp3\">https:\/\/www.radiopiu.net\/wordpress\/wp-content\/uploads\/2023\/04\/silvia.mp3<\/a><\/audio>\n<p>&nbsp;<\/p>\n<hr \/>\n<p>&nbsp;<\/p>\n<blockquote>\n<h3>LIVINALLONGO: 30MILA EURO DAI PARCHEGGI E DALLA STRADA<\/h3>\n<\/blockquote>\n<p><strong><img loading=\"lazy\" decoding=\"async\" class=\"alignleft\" src=\"https:\/\/www.radiopiu.net\/wordpress\/wp-content\/uploads\/2023\/04\/leandro.png\" width=\"196\" height=\"133\" \/>AGORDO<\/strong>\u00a0 Con il sindaco Leandro Grones abbiamo parlato della stagione turistica appena conclusa, il primo cittadino parla con cognizione di causa essendo egli stesso imprenditore turistico. Nell&#8217;intervista anche il tema parcheggi e sanzioani che permette al Comune di introitare 30mila euro, ma anche il problema alloggi in territorio Fodom<\/p>\n<p><strong>LEANDRO GRONES, SINDACO DI LIVINALLONGO DEL COL DI LANA<\/strong><\/p>\n<audio class=\"wp-audio-shortcode\" id=\"audio-331890-10\" preload=\"none\" style=\"width: 100%;\" controls=\"controls\"><source type=\"audio\/mpeg\" src=\"https:\/\/www.radiopiu.net\/wordpress\/wp-content\/uploads\/2023\/04\/leandro.mp3?_=10\" \/><a href=\"https:\/\/www.radiopiu.net\/wordpress\/wp-content\/uploads\/2023\/04\/leandro.mp3\">https:\/\/www.radiopiu.net\/wordpress\/wp-content\/uploads\/2023\/04\/leandro.mp3<\/a><\/audio>\n<p>&nbsp;<\/p>\n<hr \/>\n<p>&nbsp;<\/p>\n<blockquote>\n<h3>MIGRANTI E TERRITORI: COME ASSICURARE UN&#8217;ACCOGLIENZA DIGNITOSA?<\/h3>\n<\/blockquote>\n<p><strong><a class=\"dt-pswp-item\" href=\"https:\/\/www.radiopiu.net\/wordpress\/wp-content\/uploads\/2021\/03\/LEGA-SALVINI.png\" data-dt-img-description=\"\" data-large_image_width=\"262\" data-large_image_height=\"262\"><img loading=\"lazy\" decoding=\"async\" class=\" wp-image-198269 alignleft\" src=\"https:\/\/www.radiopiu.net\/wordpress\/wp-content\/uploads\/2021\/03\/LEGA-SALVINI.png\" alt=\"\" width=\"113\" height=\"113\" srcset=\"https:\/\/www.radiopiu.net\/wordpress\/wp-content\/uploads\/2021\/03\/LEGA-SALVINI.png 262w, https:\/\/www.radiopiu.net\/wordpress\/wp-content\/uploads\/2021\/03\/LEGA-SALVINI-150x150.png 150w\" sizes=\"auto, (max-width: 113px) 100vw, 113px\" \/><\/a>BELLUNO <\/strong><i>\u201cSembra che il problema principale siano i costi, ma alle strutture abbiamo pensato? Come speriamo di accogliere migliaia di migranti nei nostri comuni a cui mancano i fondi anche per sistemare negli immobili i servizi essenziali? I sindaci si stanno facendo in quattro, ma non \u00e8 giusto accogliere persone all\u2019interno di biblioteche o in spazi di fortuna, non \u00e8 giusto per i nostri cittadini e non \u00e8 giusto per i migranti\u201d.\u00a0 <\/i>A parlare \u00e8 Elisabetta Bortoluzzi consigliere del Comune di Alpago e militante Lega sezione Alpago che, cos\u00ec, si inserisce nel dibattito \u00a0sulla questione migranti \u00a0affrontando non tanto il tema dei costi quanto, piuttosto, quello dell\u2019organizzazione dei territori.<\/p>\n<p><strong>ELISABETTA BORTOLUZZI<\/strong><\/p>\n<audio class=\"wp-audio-shortcode\" id=\"audio-331890-11\" preload=\"none\" style=\"width: 100%;\" controls=\"controls\"><source type=\"audio\/mpeg\" src=\"https:\/\/www.radiopiu.net\/wordpress\/wp-content\/uploads\/2023\/04\/Elisabetta-Bortoluzzi.mp3?_=11\" \/><a href=\"https:\/\/www.radiopiu.net\/wordpress\/wp-content\/uploads\/2023\/04\/Elisabetta-Bortoluzzi.mp3\">https:\/\/www.radiopiu.net\/wordpress\/wp-content\/uploads\/2023\/04\/Elisabetta-Bortoluzzi.mp3<\/a><\/audio>\n<p>&nbsp;<\/p>\n<hr \/>\n<p>&nbsp;<\/p>\n<blockquote>\n<h3>OGGI APRE LO SPORTELLO AI CITTADINI PER IL PIANO DEGLI INTERVENTI<\/h3>\n<\/blockquote>\n<p><strong><a class=\"dt-pswp-item\" href=\"https:\/\/www.radiopiu.net\/wordpress\/wp-content\/uploads\/2023\/04\/Ponte_nelle_Alpi.jpg\" data-dt-img-description=\"\" data-large_image_width=\"960\" data-large_image_height=\"540\"><img loading=\"lazy\" decoding=\"async\" class=\" wp-image-332001 alignleft\" src=\"https:\/\/www.radiopiu.net\/wordpress\/wp-content\/uploads\/2023\/04\/Ponte_nelle_Alpi-300x169.jpg\" alt=\"\" width=\"193\" height=\"109\" srcset=\"https:\/\/www.radiopiu.net\/wordpress\/wp-content\/uploads\/2023\/04\/Ponte_nelle_Alpi-300x169.jpg 300w, https:\/\/www.radiopiu.net\/wordpress\/wp-content\/uploads\/2023\/04\/Ponte_nelle_Alpi-768x432.jpg 768w, https:\/\/www.radiopiu.net\/wordpress\/wp-content\/uploads\/2023\/04\/Ponte_nelle_Alpi.jpg 960w\" sizes=\"auto, (max-width: 193px) 100vw, 193px\" \/><\/a>PONTE NELLE ALPI <\/strong>Sono iniziati gli incontri con la popolazione per la condivisione e la spiegazione del nuovo strumento urbanistico, denominato Piano degli Interventi o Piano del sindaco, consultabile online sul sito istituzionale del Comune di Ponte nelle Alpi. E, in tal senso, oggi dalle 14.30 alle 17.30 apre lo sportello ai cittadini.<span class=\"gmail-Apple-converted-space\"> \u00a0<\/span>Si tratta di un documento importante per la comunit\u00e0 di Ponte che d\u00e0 indicazioni chiare e precise su come poter intervenire per la valorizzazione del territorio e delle frazioni, per l\u2019edificazione di nuove aree, per la tutela dell\u2019ambiente.<span class=\"gmail-Apple-converted-space\"> \u00a0<\/span>C\u2019\u00e8 bisogno di residenzialit\u00e0, in particolare per le giovani famiglie, e il Piano rappresenta una grande opportunit\u00e0. Il processo di analisi e costruzione va avanti pure con le categorie, le associazioni e i portatori di interesse. Ed \u00e8 proprio per questo che domani apre lo sportello ai cittadini dalle 14.30 in municipio con la presenza del tecnico incaricato: l\u2019architetto Matteo Gobbo. Senza dimenticare la pagina web informativa, dove sono a disposizione scaricabili i modelli per la formalizzazione \u201cdelle manifestazioni di interesse\u201d.<span class=\"gmail-Apple-converted-space\"> \u00a0<\/span>Per qualsiasi informazione ci si pu\u00f2 rivolgere all\u2019ufficio relazioni con il pubblico del Comune di Ponte nelle Alpi.<\/p>\n<p>&nbsp;<\/p>\n<p>&nbsp;<\/p>\n<hr \/>\n<p>&nbsp;<\/p>\n<blockquote>\n<h3>L&#8217;ASSEMBLEA DEL GAL A BORGO VALBELLUNA<\/h3>\n<\/blockquote>\n<p><strong><a class=\"dt-pswp-item\" href=\"https:\/\/www.radiopiu.net\/wordpress\/wp-content\/uploads\/2023\/04\/foto-assemblea.png\" data-dt-img-description=\"\" data-large_image_width=\"1308\" data-large_image_height=\"988\"><img loading=\"lazy\" decoding=\"async\" class=\" wp-image-331987 alignleft\" src=\"https:\/\/www.radiopiu.net\/wordpress\/wp-content\/uploads\/2023\/04\/foto-assemblea-300x227.png\" alt=\"\" width=\"154\" height=\"116\" srcset=\"https:\/\/www.radiopiu.net\/wordpress\/wp-content\/uploads\/2023\/04\/foto-assemblea-300x227.png 300w, https:\/\/www.radiopiu.net\/wordpress\/wp-content\/uploads\/2023\/04\/foto-assemblea-1024x773.png 1024w, https:\/\/www.radiopiu.net\/wordpress\/wp-content\/uploads\/2023\/04\/foto-assemblea-768x580.png 768w, https:\/\/www.radiopiu.net\/wordpress\/wp-content\/uploads\/2023\/04\/foto-assemblea.png 1308w\" sizes=\"auto, (max-width: 154px) 100vw, 154px\" \/><\/a>BORGO VALBELLUNA<\/strong> Luned\u00ec si \u00e8 tenuta l\u2019assemblea degli associati del GAL Dolomiti Prealpi a Mel di Borgo Valbelluna alla presenza di tutta la compagine statutaria. Sala gremita quella della sala convegni ex-Chiesa di San Pietro, che ha ospitato l\u2019incontro, il cui ordine del giorno si \u00e8 focalizzato sulla presentazione del percorso partecipativo per la redazione della nuova Strategia di Sviluppo Locale LEADER 2023-2027. L\u2019incontro ha previsto inoltre l\u2019illustrazione degli Interventi del Complemento Regionale allo Sviluppo Rurale (CSR) 2023-2027, che potranno essere attivati nel corso della prossima programmazione. Durante l\u2019assemblea il presidente Alberto Peterle e il direttore del GAL Matteo Aguanno hanno presentato il kick off del progetto, il cui percorso preveder\u00e0 in prima istanza il coinvolgimento attivo del territorio bellunese e dei soci del GAL. Sono previsti diversi incontri animati e accompagnati dal personale del GAL e da esperti in processi partecipativi. Maggiori dettagli saranno disponibili sul sito del GAL Prealpi e Dolomiti,<\/p>\n<p>&nbsp;<\/p>\n<p>&nbsp;<\/p>\n<hr \/>\n<p>&nbsp;<\/p>\n<blockquote>\n<h3>TORNA IN CITTA&#8217; TEDXBELLUNO<\/h3>\n<\/blockquote>\n<p><strong><a class=\"dt-pswp-item\" href=\"https:\/\/www.radiopiu.net\/wordpress\/wp-content\/uploads\/2023\/04\/Conferenza-stampa-TEDxBelluno-2023.jpg\" data-dt-img-description=\"\" data-large_image_width=\"1600\" data-large_image_height=\"720\"><img loading=\"lazy\" decoding=\"async\" class=\" wp-image-331989 alignleft\" src=\"https:\/\/www.radiopiu.net\/wordpress\/wp-content\/uploads\/2023\/04\/Conferenza-stampa-TEDxBelluno-2023-300x135.jpg\" alt=\"\" width=\"193\" height=\"87\" srcset=\"https:\/\/www.radiopiu.net\/wordpress\/wp-content\/uploads\/2023\/04\/Conferenza-stampa-TEDxBelluno-2023-300x135.jpg 300w, https:\/\/www.radiopiu.net\/wordpress\/wp-content\/uploads\/2023\/04\/Conferenza-stampa-TEDxBelluno-2023-1024x461.jpg 1024w, https:\/\/www.radiopiu.net\/wordpress\/wp-content\/uploads\/2023\/04\/Conferenza-stampa-TEDxBelluno-2023-768x346.jpg 768w, https:\/\/www.radiopiu.net\/wordpress\/wp-content\/uploads\/2023\/04\/Conferenza-stampa-TEDxBelluno-2023-1536x691.jpg 1536w, https:\/\/www.radiopiu.net\/wordpress\/wp-content\/uploads\/2023\/04\/Conferenza-stampa-TEDxBelluno-2023.jpg 1600w\" sizes=\"auto, (max-width: 193px) 100vw, 193px\" \/><\/a>BELLUNO <\/strong>\u00c8 stata presentata la seconda edizione di TEDxBelluno, patrocinato dal Comune di Belluno, in programma al Teatro Comunale il 24 giugno. Dopo il grande successo della prima edizione, intitolata <em>Disruption<\/em>, che ha visto il forte entusiasmo del pubblico (i biglietti sono stati esauriti in pochissime ore), delle aziende locali e dei 50 volontari parte dell\u2019organizzazione, e che ha ottenuto una valutazione di 9.1\/10, quest\u2019anno TEDxBelluno si concentrer\u00e0 sul tema <em>Prospettive<\/em>, per sottolineare l\u2019importanza (e necessit\u00e0) di avere pi\u00f9 punti di vista, sulla consapevolezza che non dobbiamo osservare solo con i nostri occhi bens\u00ec dare spazio anche ad altre visioni. Sul palco si alterneranno speaker d\u2019eccezione, che saranno presto annunciati, chiamati a raccontare proprio il loro punto di vista su tematiche che stanno loro a cuore.<\/p>\n<p>&nbsp;<\/p>\n<p>&nbsp;<\/p>\n<hr \/>\n<p>&nbsp;<\/p>\n<blockquote>\n<h3>PROFESSIONE GELATIERE&#8230;QUALE SCUOLA?<\/h3>\n<\/blockquote>\n<p><strong><a class=\"dt-pswp-item\" href=\"https:\/\/www.radiopiu.net\/wordpress\/wp-content\/uploads\/2023\/04\/IMG_2026.jpg\" data-dt-img-description=\"\" data-large_image_width=\"2200\" data-large_image_height=\"1467\"><img loading=\"lazy\" decoding=\"async\" class=\" wp-image-331983 alignleft\" src=\"https:\/\/www.radiopiu.net\/wordpress\/wp-content\/uploads\/2023\/04\/IMG_2026-300x200.jpg\" alt=\"\" width=\"176\" height=\"117\" srcset=\"https:\/\/www.radiopiu.net\/wordpress\/wp-content\/uploads\/2023\/04\/IMG_2026-300x200.jpg 300w, https:\/\/www.radiopiu.net\/wordpress\/wp-content\/uploads\/2023\/04\/IMG_2026-1024x683.jpg 1024w, https:\/\/www.radiopiu.net\/wordpress\/wp-content\/uploads\/2023\/04\/IMG_2026-768x512.jpg 768w, https:\/\/www.radiopiu.net\/wordpress\/wp-content\/uploads\/2023\/04\/IMG_2026-1536x1024.jpg 1536w, https:\/\/www.radiopiu.net\/wordpress\/wp-content\/uploads\/2023\/04\/IMG_2026-2048x1366.jpg 2048w\" sizes=\"auto, (max-width: 176px) 100vw, 176px\" \/><\/a>LONGARONE <\/strong>Tra i momenti di approfondimento previsti in occasione della prossima MIG &#8211; Mostra Internazionale del Gelato Artigianale (26-29 novembre 2023) ci sar\u00e0 il tema del riconoscimento della professione di gelatiere e la sua qualificazione. \u201cProfessione Gelatiere: quale Scuola? \u00c8 un tema di cui dibattiamo da almeno 15 anni &#8211; sottolinea il presidente di Longarone Fiere Dolomiti, Michele Dal Farra &#8211; in quanto il gelatiere continua a non essere inserito tra le figure professionali, n\u00e9 tantomeno nelle qualifiche dei percorsi di istruzione e formazione professionale\u201d. Gli indirizzi scolastici che pi\u00f9 si avvicinano a tali aspettative sono sicuramente quelli ad indirizzo alberghiero e della ristorazione, ma anche in questo caso, al di l\u00e0 delle materie di cultura generale, non corrispondono per la gelateria programmi didattici e dotazioni tecniche di laboratorio che consentano di acquisire le conoscenze necessarie per un qualificato inserimento nel mercato del lavoro, sia esso autonomo che dipendente.<\/p>\n<p>&nbsp;<\/p>\n<p>&nbsp;<\/p>\n<hr \/>\n<p>&nbsp;<\/p>\n<blockquote>\n<h3>POSTE ITALIANE: CON I NUOVI VEICOLI LA CONSEGNA DI LETTERE E PACCHI NEL BELLUNESE \u00c8 SEMPRE PIU&#8217; SOSTENIBILE<\/h3>\n<\/blockquote>\n<p><strong>BELLUNO <\/strong>Anche in provincia di Belluno Poste Italiane punta sulla sostenibilit\u00e0 e aumenta il numero dei mezzi in grado di conciliare l\u2019efficienza nel servizio di recapito con le politiche green. 28 nuovi veicoli a basse emissioni (auto, furgoni, tricicli e quadricicli) sono entrati in servizio nelle ultime settimane in provincia di Belluno e si sono aggiunti ai 70 gi\u00e0 presenti sul territorio. In Veneto scendono in strada ogni giorno 1542 mezzi a ridotto impatto ambientale, 531 dei quali sono stati introdotti di recente. Le nuove forniture sono composte da veicoli a quattro ruote, tra macchine e furgoni allestiti con propulsori endotermici di ultima generazione: metano, motorizzazioni ibride e full electric.<\/p>\n\n\t\t\t<style type='text\/css'>\n\t\t\t\t#gallery-5 {\n\t\t\t\t\tmargin: auto;\n\t\t\t\t}\n\t\t\t\t#gallery-5 .gallery-item {\n\t\t\t\t\tfloat: left;\n\t\t\t\t\tmargin-top: 10px;\n\t\t\t\t\ttext-align: center;\n\t\t\t\t\twidth: 33%;\n\t\t\t\t}\n\t\t\t\t#gallery-5 img {\n\t\t\t\t\tborder: 2px solid #cfcfcf;\n\t\t\t\t}\n\t\t\t\t#gallery-5 .gallery-caption {\n\t\t\t\t\tmargin-left: 0;\n\t\t\t\t}\n\t\t\t\t\/* see gallery_shortcode() in wp-includes\/media.php *\/\n\t\t\t<\/style>\n\t\t<div id='gallery-5' class='dt-gallery-container gallery galleryid-331890 gallery-columns-3 gallery-size-thumbnail'><dl class='gallery-item'>\n\t\t\t\t<dt class='gallery-icon landscape'>\n\t\t\t\t\t<a class=\"rollover rollover-zoom dt-pswp-item\" title=\"4d93d04d-b493-42b2-9f65-9f259d7b7fa2\" data-dt-img-description=\"\" data-large_image_width=\"1373\" data-large_image_height=\"597\"href='https:\/\/www.radiopiu.net\/wordpress\/wp-content\/uploads\/2023\/04\/4d93d04d-b493-42b2-9f65-9f259d7b7fa2.jpg'><img loading=\"lazy\" decoding=\"async\" width=\"150\" height=\"150\" src=\"https:\/\/www.radiopiu.net\/wordpress\/wp-content\/uploads\/2023\/04\/4d93d04d-b493-42b2-9f65-9f259d7b7fa2-150x150.jpg\" class=\"attachment-thumbnail size-thumbnail\" alt=\"\" \/><\/a>\n\t\t\t\t<\/dt><\/dl><dl class='gallery-item'>\n\t\t\t\t<dt class='gallery-icon landscape'>\n\t\t\t\t\t<a class=\"rollover rollover-zoom dt-pswp-item\" title=\"0d148fa6-8a69-43a7-9b85-32630baac913\" data-dt-img-description=\"\" data-large_image_width=\"423\" data-large_image_height=\"322\"href='https:\/\/www.radiopiu.net\/wordpress\/wp-content\/uploads\/2023\/04\/0d148fa6-8a69-43a7-9b85-32630baac913.jpg'><img loading=\"lazy\" decoding=\"async\" width=\"150\" height=\"150\" src=\"https:\/\/www.radiopiu.net\/wordpress\/wp-content\/uploads\/2023\/04\/0d148fa6-8a69-43a7-9b85-32630baac913-150x150.jpg\" class=\"attachment-thumbnail size-thumbnail\" alt=\"\" \/><\/a>\n\t\t\t\t<\/dt><\/dl><dl class='gallery-item'>\n\t\t\t\t<dt class='gallery-icon landscape'>\n\t\t\t\t\t<a class=\"rollover rollover-zoom dt-pswp-item\" title=\"6cfec739-1198-4ffe-a47c-88d4c437cac0\" data-dt-img-description=\"\" data-large_image_width=\"1600\" data-large_image_height=\"969\"href='https:\/\/www.radiopiu.net\/wordpress\/wp-content\/uploads\/2023\/04\/6cfec739-1198-4ffe-a47c-88d4c437cac0.jpg'><img loading=\"lazy\" decoding=\"async\" width=\"150\" height=\"150\" src=\"https:\/\/www.radiopiu.net\/wordpress\/wp-content\/uploads\/2023\/04\/6cfec739-1198-4ffe-a47c-88d4c437cac0-150x150.jpg\" class=\"attachment-thumbnail size-thumbnail\" alt=\"\" \/><\/a>\n\t\t\t\t<\/dt><\/dl><br style=\"clear: both\" \/>\n\t\t\t<\/div>\n\n<p>&nbsp;<\/p>\n<p>&nbsp;<\/p>\n<hr \/>\n<p>&nbsp;<\/p>\n<blockquote>\n<h3>PEACE &amp; EARTH CON PACE E DISARMO<\/h3>\n<\/blockquote>\n<p><strong><a class=\"dt-pswp-item\" href=\"https:\/\/www.radiopiu.net\/wordpress\/wp-content\/uploads\/2023\/04\/PACE-E-DISARMO.png\" data-dt-img-description=\"\" data-large_image_width=\"472\" data-large_image_height=\"488\"><img loading=\"lazy\" decoding=\"async\" class=\" wp-image-332049 alignleft\" src=\"https:\/\/www.radiopiu.net\/wordpress\/wp-content\/uploads\/2023\/04\/PACE-E-DISARMO-290x300.png\" alt=\"\" width=\"115\" height=\"119\" srcset=\"https:\/\/www.radiopiu.net\/wordpress\/wp-content\/uploads\/2023\/04\/PACE-E-DISARMO-290x300.png 290w, https:\/\/www.radiopiu.net\/wordpress\/wp-content\/uploads\/2023\/04\/PACE-E-DISARMO.png 472w\" sizes=\"auto, (max-width: 115px) 100vw, 115px\" \/><\/a>BELLUNO <\/strong>In occasione della Giornata Mondiale della Terra, il Coordinamento provinciale Pace e Disarmo, in collaborazione con la Rete Studenti Medi Belluno \u2013 Feltre, propone l\u2019iniziativa \u201cPeace &amp; Earth\u201d. Sabato\u00a0 alle 17.30 al Caffe\u0300 Letterario della sede di Feltre di ENAIP Veneto, al Campus Tina Merlin, si terra\u0300 un dialogo condotto da Sara Luchetta sul tema \u201cAlla ricerca delle tracce lasciate dai conflitti nell\u2019ambiente.\u201d Domenica ritrovo sul Monte Grappa, lungo i sentieri del Bosco degli Eroi, per una passeggiata narrante per la pace, intervallata da letture e riflessioni. I punti di incontro saranno a Feltre al parcheggio di Pra\u0300 del Moro alle ore 9.30 e al Rifugio Bocchette alle ore 10.30. Il tempo di cammino previsto e\u0300 di 2 ore e mezza, con un dislivello di 300 metri, senza particolari difficolta\u0300. Pranzo al sacco. Per informazioni: pacedisarmobelluno@gmail.com<\/p>\n<p>&nbsp;<\/p>\n<p>&nbsp;<\/p>\n<hr \/>\n<p>&nbsp;<\/p>\n<blockquote>\n<h3>VERSO L\u2019ARGENTO: UN PERCORSO DI EDUCAZIONE ALLA SALUTE E AL BENESSERE<\/h3>\n<\/blockquote>\n<p><strong class=\"photoswipe-wrapper\"><a class=\"dt-pswp-item pspw-wrap-ready\" href=\"https:\/\/www.radiopiu.net\/wordpress\/wp-content\/uploads\/2020\/03\/ULSS-1-DOLOMITI-LOGO.jpg\" data-dt-img-description=\"\" data-large_image_width=\"298\" data-large_image_height=\"219\"><img loading=\"lazy\" decoding=\"async\" class=\" wp-image-121256 alignleft\" src=\"https:\/\/www.radiopiu.net\/wordpress\/wp-content\/uploads\/2020\/03\/ULSS-1-DOLOMITI-LOGO.jpg\" alt=\"\" width=\"155\" height=\"114\" \/><\/a>BELLUNO\u00a0<\/strong>L\u2019Ulss Dolomiti, in collaborazione con il Comitato d\u2019Intesa, Antenna Anziani e Scuole in Rete, promuove un percorso di educazione alla salute e al benessere per favorire l\u2019invecchiamento attivo. \u201cVerso l\u2019Argento\u201d<\/p>\n<p>&nbsp;<\/p>\n<a href=\"https:\/\/www.radiopiu.net\/wordpress\/wp-content\/uploads\/2023\/04\/argento_volantino_11.04.2023.pdf\" class=\"pdfemb-viewer\" style=\"\" data-width=\"max\" data-height=\"max\" data-toolbar=\"top\" data-toolbar-fixed=\"on\">argento_volantino_11.04.2023<\/a>\n<p>&nbsp;<\/p>\n<p>&nbsp;<\/p>\n<hr \/>\n<p>&nbsp;<\/p>\n<blockquote>\n<h2>Valpe Ambiente: nuovi sportelli per le pratiche dei rifiuti<\/h2>\n<\/blockquote>\n<p><strong>AGORDO<\/strong> Le utenze di Valpe Ambiente possono accedere a nuovi Ecosportelli per la gestione di pratiche relative ai servizi ambientali: oltre alle storiche sedi di Sedico e Agordo, sono infatti ora attivi anche i nuovi uffici situati a Borca di Cadore, Fonzaso e Pederobba. Tutti gli Ecosportelli di Valpe Ambiente sono aperti su appuntamento<\/p>\n<p>&nbsp;<\/p>\n<hr \/>\n<p>&nbsp;<\/p>\n<blockquote>\n<h3 class=\"articlePlainTitle\">Giornata ecologica sabato a Caviola<\/h3>\n<\/blockquote>\n<div class=\"articlePlainText\"><strong>FALCADE<\/strong> La Pro loco di Caviola, in collaborazione con il Comune di Falcade, organizza per sabato la giornata ecologica. Il ritrovo \u00e8 alle 8,30 in piazza Pertini a Caviola, se possibile, muniti di giubbotto catarifrangente. Alle 12 pastasciutta al ristorante Livia.<\/div>\n<div><\/div>\n<div>\n<hr \/>\n<\/div>\n<div><\/div>\n<p><a class=\"dt-pswp-item\" href=\"https:\/\/www.radiopiu.net\/wordpress\/wp-content\/uploads\/2023\/04\/BARACA-de-FEN-1.png\" data-dt-img-description=\"\" data-large_image_width=\"1414\" data-large_image_height=\"2000\"><img loading=\"lazy\" decoding=\"async\" class=\"size-medium wp-image-332088 aligncenter\" src=\"https:\/\/www.radiopiu.net\/wordpress\/wp-content\/uploads\/2023\/04\/BARACA-de-FEN-1-212x300.png\" alt=\"\" width=\"212\" height=\"300\" srcset=\"https:\/\/www.radiopiu.net\/wordpress\/wp-content\/uploads\/2023\/04\/BARACA-de-FEN-1-212x300.png 212w, https:\/\/www.radiopiu.net\/wordpress\/wp-content\/uploads\/2023\/04\/BARACA-de-FEN-1-724x1024.png 724w, https:\/\/www.radiopiu.net\/wordpress\/wp-content\/uploads\/2023\/04\/BARACA-de-FEN-1-768x1086.png 768w, https:\/\/www.radiopiu.net\/wordpress\/wp-content\/uploads\/2023\/04\/BARACA-de-FEN-1-1086x1536.png 1086w, https:\/\/www.radiopiu.net\/wordpress\/wp-content\/uploads\/2023\/04\/BARACA-de-FEN-1.png 1414w\" sizes=\"auto, (max-width: 212px) 100vw, 212px\" \/><\/a><\/p>\n<p>&nbsp;<\/p>\n<hr \/>\n<p>&nbsp;<\/p>\n<blockquote>\n<h3>DALLA FOTOGRAFIA ALLA VIDEO ART: GLI INCONTRI AD AGORDO<\/h3>\n<\/blockquote>\n<p><strong>AGORDO Venerd\u00ec 21 aprile,<\/strong> dalle 18, ad Agordo alla Sala Don Tamis si\u00a0 terr\u00e0 la prima di tre conferenze della serie \u201cDalla fotografia alla video art e all\u2019arte cinetica\u201d. La relazione dal titolo \u201cLa storia della fotografia\u201d sar\u00e0 svolta dal Dott. Prof. Roberto Favero. Si ricorda che l\u2019ingresso \u00e8 libero per tutti.<\/p>\n<p>&nbsp;<\/p>\n<blockquote>\n<h3>QUESTA&#8217; E&#8217; LA NOSTRA STORIA<\/h3>\n<\/blockquote>\n<div>\n<p><strong>AGORDO<\/strong> <strong>Sabato 22 aprile<\/strong> alle 17.30 testimonianze, ricordi e fotografie del territorio bellunese dagli anni Cinquanta: emigrazione, lavoro, alluvione del 1966. In sala della Biblioteca con la famiglia ex emigranti agordino. Interventi Luca Luchetta, Aldo Da Roit, Gabriele Ganz e Maria Rita Gentilin Spi Belluno.<\/p>\n<\/div>\n<p>&nbsp;<\/p>\n<hr \/>\n<p>&nbsp;<\/p>\n<blockquote>\n<h3>L&#8217;OM SALVARECH A LA VALLE<\/h3>\n<\/blockquote>\n<p><strong>LA VALLE <\/strong>A La Valle due giorni di festa con l&#8217;Om Salvarech. <strong>Lunedi 24 aprile<\/strong>, al tendone presentazione della mostra &#8220;vers l&#8217;insuda&#8221;:gli aquerelli dipinti dagli alunni della scuola primaria, dalle 17 l&#8217;apertivo selvatico con Rdj, 19 stand gastronomico, serata danzante con la Spritzband e a seguire dico-tek con Rdj. <strong>Martedi 25 aprile<\/strong> al tendone di Conaggia \u201cel merc\u00e0 de l&#8217;insuda\u201d, alle 10 gara podistica Su e do per i coi, memorial Flavio De Cassai, dalle 12 stand gastronomico e dalle 14: preparazione Om Salvarech a Cugnago, sfilata per le vie del paese, alle 16 apertivo selvatico danzante con Eros, alle 19 la cota e quindi gran finale con il testamento e il Falo&#8217; Dell&#8217;Om Salvarech tra i balli con Eros e Karin. Om Salvarech, a LA VALLE AGORDINA. con la Proloco 24-25 Aprile<\/p>\n<p>&nbsp;<\/p>\n<hr \/>\n<p>&nbsp;<\/p>\n<blockquote>\n<h3>LA MOSTRA DI GIOVANNA DEPPI A PIEVE DI CADORE<\/h3>\n<\/blockquote>\n<p><strong>PIEVE DI CADORE<\/strong>\u00a0 Fino <strong>al 6 maggio<\/strong> \u00e8 possibile visitare la mostra di Giovanna Deppi all&#8217;Auditorium Cos.Mo di Pieve di Cadore.<\/p>\n<p>&nbsp;<\/p>\n<blockquote>\n<h3>A TEATRO CON LA COMPAGNIA TEATRALE DI SANTA GIUSTINA<\/h3>\n<\/blockquote>\n<p><strong>SOSPIROLO<\/strong> Sabato serata teatrale con la compagnia di Santa Giustina &#8220;I&#8230;Saranno Famosi&#8221;. Sabato al Centro civico di Sospirolo<\/p>\n<p>&nbsp;<\/p>\n<blockquote>\n<h3>A TEATRO CON ABVS. SABATO A CAVARZANO<\/h3>\n<\/blockquote>\n<p><strong>BELLUNO<\/strong><\/p>\n<p>di Roberto Bona<\/p>\n<audio class=\"wp-audio-shortcode\" id=\"audio-331890-12\" preload=\"none\" style=\"width: 100%;\" controls=\"controls\"><source type=\"audio\/mpeg\" src=\"https:\/\/www.radiopiu.net\/wordpress\/wp-content\/uploads\/2023\/04\/BONA-ERA-TUTTA-COMPAGNIA-TEATRO-CAVARZANO.mp3?_=12\" \/><a href=\"https:\/\/www.radiopiu.net\/wordpress\/wp-content\/uploads\/2023\/04\/BONA-ERA-TUTTA-COMPAGNIA-TEATRO-CAVARZANO.mp3\">https:\/\/www.radiopiu.net\/wordpress\/wp-content\/uploads\/2023\/04\/BONA-ERA-TUTTA-COMPAGNIA-TEATRO-CAVARZANO.mp3<\/a><\/audio>\n<p>&nbsp;<\/p>\n<blockquote>\n<h3>IL CONCERTO ORGANIZZATO DALL&#8217;ASSOCIAZIONE ECUADORIANI DI BELLUNO<\/h3>\n<\/blockquote>\n<p><strong>BELLUNO<\/strong> <strong>Sabato 22 aprile<\/strong> a Belluno, alla sala-teatro Giovanni XXIII in piazza Piloni con inizio alle 20, si terr\u00e0 un concerto organizzato dall&#8217;Associazione Ecuadoriani. Durante l&#8217;evento si esibiranno il coro gospel di Barcellona &#8220;De tot cor&#8221; (Con tutto il cuore) e il coro Cherubini del Camerun. L&#8217;entrata sar\u00e0 ad offerta libera e l&#8217;intero ricavato della serata verr\u00e0 devoluto al gruppo &#8220;De Laica adoratrices&#8221; (Sacerdotesse della Chiesa Cattolica) dell&#8217;orfanotrofio di Guayaquil in Ecuador.<\/p>\n<p>&nbsp;<\/p>\n<blockquote>\n<h3>LA PRESENTAZIONE DEL LIBRO SULLE MILLE AVVENTURE DI ANTONIO NADALET<\/h3>\n<\/blockquote>\n<p><strong>BELLUNO<\/strong> Avventure dall&#8217;Europa all&#8217;America. Avventure di un emigrante coraggioso e intraprendente. \u00c8 Antonio Nadalet, le cui peripezie sono raccontate dal nipote, Lorenzo Pertoldi, nel libro \u201cSu e gi\u00f9 per il mondo\u201d che verr\u00e0 presentato gioved\u00ec 27 aprile a Belluno. Appuntamento alle 17.30 nella sede dell&#8217;Associazione Bellunesi nel Mondo, in via Cavour 3.<\/p>\n<p>&nbsp;<\/p>\n<blockquote>\n<h3>LA MOSTRA DI SARA ANDRICH<\/h3>\n<\/blockquote>\n<p><strong>ALPAGO<\/strong> Esposizione delle opere di Sara Andrich nel municipio di Pieve. La mostra &#8220;L&#8217;incontro&#8221; sar\u00e0\u00a0 visitabile <strong>fino a marted\u00ec 25 aprile<\/strong> compreso<\/p>\n<p>&nbsp;<\/p>\n<hr \/>\n<blockquote>\n<h3>I GRAFICI DI TIZIANO DE COL<\/h3>\n<\/blockquote>\n\n\t\t\t<style type='text\/css'>\n\t\t\t\t#gallery-6 {\n\t\t\t\t\tmargin: auto;\n\t\t\t\t}\n\t\t\t\t#gallery-6 .gallery-item {\n\t\t\t\t\tfloat: left;\n\t\t\t\t\tmargin-top: 10px;\n\t\t\t\t\ttext-align: center;\n\t\t\t\t\twidth: 20%;\n\t\t\t\t}\n\t\t\t\t#gallery-6 img {\n\t\t\t\t\tborder: 2px solid #cfcfcf;\n\t\t\t\t}\n\t\t\t\t#gallery-6 .gallery-caption {\n\t\t\t\t\tmargin-left: 0;\n\t\t\t\t}\n\t\t\t\t\/* see gallery_shortcode() in wp-includes\/media.php *\/\n\t\t\t<\/style>\n\t\t<div id='gallery-6' class='dt-gallery-container gallery galleryid-331890 gallery-columns-5 gallery-size-thumbnail'><dl class='gallery-item'>\n\t\t\t\t<dt class='gallery-icon landscape'>\n\t\t\t\t\t<a class=\"rollover rollover-zoom dt-pswp-item\" title=\"8639477f-b81c-4ffe-ba17-c086cbb59d4b\" data-dt-img-description=\"\" data-large_image_width=\"598\" data-large_image_height=\"350\"href='https:\/\/www.radiopiu.net\/wordpress\/wp-content\/uploads\/2023\/04\/8639477f-b81c-4ffe-ba17-c086cbb59d4b.jpg'><img loading=\"lazy\" decoding=\"async\" width=\"150\" height=\"150\" src=\"https:\/\/www.radiopiu.net\/wordpress\/wp-content\/uploads\/2023\/04\/8639477f-b81c-4ffe-ba17-c086cbb59d4b-150x150.jpg\" class=\"attachment-thumbnail size-thumbnail\" alt=\"\" \/><\/a>\n\t\t\t\t<\/dt><\/dl><dl class='gallery-item'>\n\t\t\t\t<dt class='gallery-icon landscape'>\n\t\t\t\t\t<a class=\"rollover rollover-zoom dt-pswp-item\" title=\"94cf8157-10f0-44d2-ae69-3e1de0db3478\" data-dt-img-description=\"\" data-large_image_width=\"606\" data-large_image_height=\"352\"href='https:\/\/www.radiopiu.net\/wordpress\/wp-content\/uploads\/2023\/04\/94cf8157-10f0-44d2-ae69-3e1de0db3478.jpg'><img loading=\"lazy\" decoding=\"async\" width=\"150\" height=\"150\" src=\"https:\/\/www.radiopiu.net\/wordpress\/wp-content\/uploads\/2023\/04\/94cf8157-10f0-44d2-ae69-3e1de0db3478-150x150.jpg\" class=\"attachment-thumbnail size-thumbnail\" alt=\"\" \/><\/a>\n\t\t\t\t<\/dt><\/dl><dl class='gallery-item'>\n\t\t\t\t<dt class='gallery-icon landscape'>\n\t\t\t\t\t<a class=\"rollover rollover-zoom dt-pswp-item\" title=\"aefd4338-2b75-43ae-8159-79495dee1460\" data-dt-img-description=\"\" data-large_image_width=\"614\" data-large_image_height=\"347\"href='https:\/\/www.radiopiu.net\/wordpress\/wp-content\/uploads\/2023\/04\/aefd4338-2b75-43ae-8159-79495dee1460.jpg'><img loading=\"lazy\" decoding=\"async\" width=\"150\" height=\"150\" src=\"https:\/\/www.radiopiu.net\/wordpress\/wp-content\/uploads\/2023\/04\/aefd4338-2b75-43ae-8159-79495dee1460-150x150.jpg\" class=\"attachment-thumbnail size-thumbnail\" alt=\"\" \/><\/a>\n\t\t\t\t<\/dt><\/dl><dl class='gallery-item'>\n\t\t\t\t<dt class='gallery-icon landscape'>\n\t\t\t\t\t<a class=\"rollover rollover-zoom dt-pswp-item\" title=\"e43acfb5-ff7d-46d9-9c16-eb6b7e906552\" data-dt-img-description=\"\" data-large_image_width=\"602\" data-large_image_height=\"350\"href='https:\/\/www.radiopiu.net\/wordpress\/wp-content\/uploads\/2023\/04\/e43acfb5-ff7d-46d9-9c16-eb6b7e906552.jpg'><img loading=\"lazy\" decoding=\"async\" width=\"150\" height=\"150\" src=\"https:\/\/www.radiopiu.net\/wordpress\/wp-content\/uploads\/2023\/04\/e43acfb5-ff7d-46d9-9c16-eb6b7e906552-150x150.jpg\" class=\"attachment-thumbnail size-thumbnail\" alt=\"\" \/><\/a>\n\t\t\t\t<\/dt><\/dl><dl class='gallery-item'>\n\t\t\t\t<dt class='gallery-icon landscape'>\n\t\t\t\t\t<a class=\"rollover rollover-zoom dt-pswp-item\" title=\"115ecfd1-438d-4d4b-866a-9a154e32f57f\" data-dt-img-description=\"\" data-large_image_width=\"614\" data-large_image_height=\"362\"href='https:\/\/www.radiopiu.net\/wordpress\/wp-content\/uploads\/2023\/04\/115ecfd1-438d-4d4b-866a-9a154e32f57f.jpg'><img loading=\"lazy\" decoding=\"async\" width=\"150\" height=\"150\" src=\"https:\/\/www.radiopiu.net\/wordpress\/wp-content\/uploads\/2023\/04\/115ecfd1-438d-4d4b-866a-9a154e32f57f-150x150.jpg\" class=\"attachment-thumbnail size-thumbnail\" alt=\"\" \/><\/a>\n\t\t\t\t<\/dt><\/dl><br style=\"clear: both\" \/>\n\t\t\t<\/div>\n\n<p>&nbsp;<\/p>\n<hr \/>\n<p>&nbsp;<\/p>\n<p><span style=\"color: #ff0000;\"><strong>IERI ALLA RADIO&#8230;\u00a0<\/strong><\/span><\/p>\n<h2><span style=\"color: #008080;\">&#8220;DINTORN E FORA VIA&#8221;\u00a0<\/span><span style=\"color: #008080;\"> IL PROGRAMMA\u00a0 <\/span><span style=\"color: #008080;\">A CURA DEL MUSLA\u00a0\u00a0<\/span><\/h2>\n<h1 style=\"text-align: center;\"><strong><span style=\"color: #ff0000;\">SECONDO ANNO\u00a0<\/span><\/strong><\/h1>\n<p><strong><a class=\"dt-pswp-item\" href=\"https:\/\/www.radiopiu.net\/wordpress\/wp-content\/uploads\/2023\/04\/286468059_10225543269835880_1681823351224487741_n.jpg\" data-dt-img-description=\"\" data-large_image_width=\"958\" data-large_image_height=\"960\"><img loading=\"lazy\" decoding=\"async\" class=\"wp-image-331970 alignleft\" src=\"https:\/\/www.radiopiu.net\/wordpress\/wp-content\/uploads\/2023\/04\/286468059_10225543269835880_1681823351224487741_n-300x300.jpg\" alt=\"\" width=\"128\" height=\"128\" srcset=\"https:\/\/www.radiopiu.net\/wordpress\/wp-content\/uploads\/2023\/04\/286468059_10225543269835880_1681823351224487741_n-300x300.jpg 300w, https:\/\/www.radiopiu.net\/wordpress\/wp-content\/uploads\/2023\/04\/286468059_10225543269835880_1681823351224487741_n-150x150.jpg 150w, https:\/\/www.radiopiu.net\/wordpress\/wp-content\/uploads\/2023\/04\/286468059_10225543269835880_1681823351224487741_n-768x770.jpg 768w, https:\/\/www.radiopiu.net\/wordpress\/wp-content\/uploads\/2023\/04\/286468059_10225543269835880_1681823351224487741_n.jpg 958w\" sizes=\"auto, (max-width: 128px) 100vw, 128px\" \/><\/a>PUNTATA DEL 18 APRILE\u00a0 BEATRICE COLCUC<\/strong><\/p>\n<audio class=\"wp-audio-shortcode\" id=\"audio-331890-13\" preload=\"none\" style=\"width: 100%;\" controls=\"controls\"><source type=\"audio\/mpeg\" src=\"https:\/\/www.radiopiu.net\/wordpress\/wp-content\/uploads\/2023\/04\/MUSLA-1.mp3?_=13\" \/><a href=\"https:\/\/www.radiopiu.net\/wordpress\/wp-content\/uploads\/2023\/04\/MUSLA-1.mp3\">https:\/\/www.radiopiu.net\/wordpress\/wp-content\/uploads\/2023\/04\/MUSLA-1.mp3<\/a><\/audio>\n<p><strong>LA RACCOLTA COMPLETA<\/strong><\/p>\n<blockquote class=\"wp-embedded-content\" data-secret=\"kvS0T3owkq\"><p><a href=\"https:\/\/www.radiopiu.net\/wordpress\/musla\/\">MUSLA<\/a><\/p><\/blockquote>\n<p><iframe loading=\"lazy\" class=\"wp-embedded-content\" sandbox=\"allow-scripts\" security=\"restricted\" style=\"position: absolute; clip: rect(1px, 1px, 1px, 1px);\" title=\"&#8220;MUSLA&#8221; &#8212; Radio Pi\u00f9\" src=\"https:\/\/www.radiopiu.net\/wordpress\/musla\/embed\/#?secret=L4x0ZVqqAC#?secret=kvS0T3owkq\" data-secret=\"kvS0T3owkq\" width=\"600\" height=\"338\" frameborder=\"0\" marginwidth=\"0\" marginheight=\"0\" scrolling=\"no\"><\/iframe><\/p>\n<p>&nbsp;<\/p>\n<hr \/>\n<p>&nbsp;<\/p>\n<p>&nbsp;<\/p>\n<p><strong class=\"photoswipe-wrapper\"><a class=\"dt-pswp-item pspw-wrap-ready\" href=\"https:\/\/www.radiopiu.net\/wordpress\/wp-content\/uploads\/2021\/06\/8554eb80-bb6e-4752-a6d3-57aff91a2903.jpg\" data-dt-img-description=\"\" data-large_image_width=\"768\" data-large_image_height=\"1024\"><img loading=\"lazy\" decoding=\"async\" class=\"wp-image-215003 alignleft\" src=\"https:\/\/www.radiopiu.net\/wordpress\/wp-content\/uploads\/2021\/06\/8554eb80-bb6e-4752-a6d3-57aff91a2903-225x300.jpg\" sizes=\"auto, (max-width: 116px) 100vw, 116px\" srcset=\"https:\/\/www.radiopiu.net\/wordpress\/wp-content\/uploads\/2021\/06\/8554eb80-bb6e-4752-a6d3-57aff91a2903-225x300.jpg 225w, https:\/\/www.radiopiu.net\/wordpress\/wp-content\/uploads\/2021\/06\/8554eb80-bb6e-4752-a6d3-57aff91a2903.jpg 768w\" alt=\"\" width=\"116\" height=\"155\" \/><\/a><span style=\"color: #ff0000;\">BANDI ALLA RADIO\u00a0<\/span><\/strong><\/p>\n<p><strong>BANDI DI CONCORSO, DAL COMUNE DI ROCCA PIETORE.\u00a0<\/strong>UN POSTO DI ISTRUTTORE AMMINISTRATIVO categoria C1, a tempo pieno e indeterminato UN POSTO DI ISTRUTTORE TECNICO categoria C1, contratto a tempo pieno e indeterminato Tutte le informazioni inerenti ai bandi di concorso, le modalit\u00e0 e i termini di presentazione delle domande sono reperibili sul sito del Comune: WWW.COMUNE.ROCCAPIETORE.BL.IT<\/p>\n<p>&nbsp;<\/p>\n<p>&nbsp;<\/p>\n<hr \/>\n<p>&nbsp;<\/p>\n<p>&nbsp;<\/p>\n<p><strong class=\"photoswipe-wrapper\"><a class=\"dt-pswp-item pspw-wrap-ready\" href=\"https:\/\/www.radiopiu.net\/wordpress\/wp-content\/uploads\/2022\/03\/ASCA.jpg\" data-dt-img-description=\"\" data-large_image_width=\"292\" data-large_image_height=\"290\"><img loading=\"lazy\" decoding=\"async\" class=\"wp-image-263829 alignleft\" src=\"https:\/\/www.radiopiu.net\/wordpress\/wp-content\/uploads\/2022\/03\/ASCA.jpg\" sizes=\"auto, (max-width: 168px) 100vw, 168px\" srcset=\"https:\/\/www.radiopiu.net\/wordpress\/wp-content\/uploads\/2022\/03\/ASCA.jpg 292w, https:\/\/www.radiopiu.net\/wordpress\/wp-content\/uploads\/2022\/03\/ASCA-150x150.jpg 150w\" alt=\"\" width=\"108\" height=\"107\" \/><\/a><span style=\"color: #ff0000;\">AVVISI DI SELEZIONE ALLA RADIO\u00a0<\/span><\/strong><\/p>\n<p><strong>AVVISO DI SELEZIONE!\u00a0<\/strong><strong>ASCA, <\/strong>azienda speciale consortile agordina intende inserire nuovi operatori socio sanitari\u00a0Inquadramento contratto Uneba, livello 4S SUPERMINIMO, ACCESSO WELFARE AZIENDALE, SISTEMAZIONE ABITATIVA A CANONE AGEVOLATO. LE DOMANDE DI PARTECIPAZIONE ALLA SELEZIONE VANNO PRESENTATE ENTRO LE 10\u00a0 DEL 21\u00a0 APRILE. BANDO consultabile sul sito\u00a0<a href=\"http:\/\/www.servizisocialiasca.it\/\">www.servizisocialiasca.it<\/a><\/p>\n<p>&nbsp;<\/p>\n<p>&nbsp;<\/p>\n<hr \/>\n<p>&nbsp;<\/p>\n<div class=\"message spoilers-container\" dir=\"auto\">\n<div>\n<div class=\"b654a4as d2edcug0\">\n<div class=\"rq0escxv hkbzh7o3 jwdofwj8 n8tt0mok r8blr3vg hyh9befq\">\n<p><a class=\"dt-pswp-item\" href=\"https:\/\/www.radiopiu.net\/wordpress\/wp-content\/uploads\/2020\/10\/pp.jpg\" data-dt-img-description=\"\" data-large_image_width=\"640\" data-large_image_height=\"640\"><img loading=\"lazy\" decoding=\"async\" class=\"wp-image-163678 alignleft\" src=\"https:\/\/www.radiopiu.net\/wordpress\/wp-content\/uploads\/2020\/10\/pp-300x300.jpg\" alt=\"\" width=\"106\" height=\"106\" srcset=\"https:\/\/www.radiopiu.net\/wordpress\/wp-content\/uploads\/2020\/10\/pp-300x300.jpg 300w, https:\/\/www.radiopiu.net\/wordpress\/wp-content\/uploads\/2020\/10\/pp-150x150.jpg 150w, https:\/\/www.radiopiu.net\/wordpress\/wp-content\/uploads\/2020\/10\/pp-125x125.jpg 125w, https:\/\/www.radiopiu.net\/wordpress\/wp-content\/uploads\/2020\/10\/pp-200x200.jpg 200w, https:\/\/www.radiopiu.net\/wordpress\/wp-content\/uploads\/2020\/10\/pp-80x80.jpg 80w, https:\/\/www.radiopiu.net\/wordpress\/wp-content\/uploads\/2020\/10\/pp-480x480.jpg 480w, https:\/\/www.radiopiu.net\/wordpress\/wp-content\/uploads\/2020\/10\/pp.jpg 640w\" sizes=\"auto, (max-width: 106px) 100vw, 106px\" \/><\/a><\/p>\n<\/div>\n<\/div>\n<\/div>\n<\/div>\n<div class=\"message spoilers-container\" dir=\"auto\">\n<div>\n<div class=\"page-title-head hgroup\">\n<div class=\"page-title-head hgroup\">\n<div class=\"b654a4as d2edcug0\">\n<div class=\"j83agx80 btwxx1t3 lhclo0ds hop8lmos nkwizq5d scwd0bx6 roh60bw9\">\n<div class=\"rq0escxv hkbzh7o3 jwdofwj8 n8tt0mok r8blr3vg hyh9befq\">\n<div class=\"do00u71z l9j0dhe7 k4urcfbm\" style=\"text-align: left;\">\n<h2><span style=\"color: #000080;\">DON CESARE, IL PENSIERO DEL GIORNO. ALLA RADIO ALLE 7 DEL MATTINO E ALLE 19.30 DELLA SERA\u00a0<\/span><\/h2>\n<\/div>\n<\/div>\n<\/div>\n<\/div>\n<\/div>\n<\/div>\n<\/div>\n<\/div>\n<div class=\"message spoilers-container\" dir=\"auto\">\n<audio class=\"wp-audio-shortcode\" id=\"audio-331890-14\" preload=\"none\" style=\"width: 100%;\" controls=\"controls\"><source type=\"audio\/mpeg\" src=\"https:\/\/www.radiopiu.net\/wordpress\/wp-content\/uploads\/2023\/04\/CESARE-13.mp3?_=14\" \/><a href=\"https:\/\/www.radiopiu.net\/wordpress\/wp-content\/uploads\/2023\/04\/CESARE-13.mp3\">https:\/\/www.radiopiu.net\/wordpress\/wp-content\/uploads\/2023\/04\/CESARE-13.mp3<\/a><\/audio>\n<\/div>\n<blockquote>\n<div class=\"message spoilers-container\" dir=\"auto\">\n<p>&nbsp;<\/p>\n<hr \/>\n<p>&nbsp;<\/p>\n<\/div>\n<\/blockquote>\n<div class=\"message spoilers-container\" dir=\"auto\">\n<blockquote>\n<h3 dir=\"auto\">IN SALA DON TAMIS:\u00a0 RUSSIA &#8211; UCRAIANA, DIALOGHI DI GEO POLITICA<\/h3>\n<\/blockquote>\n<div dir=\"auto\">Lorenzo Maria Pacini docente di filosofia politica presso Unidolomiti di Belluno e la libera accademia degli studi di Bellinzona. Direttore editoriale di www.ideazione.com<\/div>\n<div dir=\"auto\"><em>collaborazione, Adriano Bianchi.<\/em><\/div>\n<div dir=\"auto\"><\/div>\n<div dir=\"auto\">\n<p><iframe loading=\"lazy\" title=\"Russia Ucraina dialoghi di geopolitica #PACINI\" width=\"1200\" height=\"675\" src=\"https:\/\/www.youtube.com\/embed\/pPtxs6aF-pU?feature=oembed\" frameborder=\"0\" allow=\"accelerometer; autoplay; clipboard-write; encrypted-media; gyroscope; picture-in-picture; web-share\" allowfullscreen><\/iframe><\/p>\n<\/div>\n<div dir=\"auto\"><\/div>\n<\/div>\n<blockquote>\n<div class=\"message spoilers-container\" dir=\"auto\">\n<p>&nbsp;<\/p>\n<\/div>\n<\/blockquote>\n<div class=\"message spoilers-container\" dir=\"auto\">\n<hr \/>\n<p>&nbsp;<\/p>\n<\/div>\n<div class=\"message spoilers-container\" dir=\"auto\">\n<h2><span style=\"color: #ff00ff;\">IN VIVO VERSO\u00a0 \u00a0 \u00a0<\/span><\/h2>\n<blockquote>\n<h3>DOV&#8217;E&#8217; LA GENTE NEL DONBASS?<\/h3>\n<\/blockquote>\n<p><strong>audio<\/strong><\/p>\n<audio class=\"wp-audio-shortcode\" id=\"audio-331890-15\" preload=\"none\" style=\"width: 100%;\" controls=\"controls\"><source type=\"audio\/mpeg\" src=\"https:\/\/www.radiopiu.net\/wordpress\/wp-content\/uploads\/2023\/04\/02-ANTONIETTA-CREPAZ-DOVE-LA-GENTE-DEL-DONBASS.mp3?_=15\" \/><a href=\"https:\/\/www.radiopiu.net\/wordpress\/wp-content\/uploads\/2023\/04\/02-ANTONIETTA-CREPAZ-DOVE-LA-GENTE-DEL-DONBASS.mp3\">https:\/\/www.radiopiu.net\/wordpress\/wp-content\/uploads\/2023\/04\/02-ANTONIETTA-CREPAZ-DOVE-LA-GENTE-DEL-DONBASS.mp3<\/a><\/audio>\n<p>&nbsp;<\/p>\n<p><img loading=\"lazy\" decoding=\"async\" class=\"alignleft\" src=\"https:\/\/www.radiopiu.net\/wordpress\/wp-content\/uploads\/2023\/04\/Senza-nome-49.jpg\" width=\"209\" height=\"156\" \/>Antonietta Crepaz<br \/>\nDOV&#8217;E&#8217; LA GENTE NEL DONBASS?<\/p>\n<p>Crolli, macerie,<br \/>\nstrade<br \/>\ncon gatti in cerca di cena<br \/>\nsi nascondono i topi<br \/>\nche non temono<br \/>\nbombe<br \/>\nma il nemico felino,<br \/>\nsoldati che camminano<br \/>\nnelle martoriate vie<br \/>\nsorpresi di essere<br \/>\nvivi oggi<br \/>\nsospesi nell&#8217;incerto domani.<\/p>\n<p>Dov&#8217;\u00e8 la gente del<br \/>\nDonbass?<br \/>\nIn cantine stantie<br \/>\nsenz&#8217;acqua n\u00e9 luce<br \/>\nn\u00e9 barlumi di sole,<br \/>\nabituata alla morte<br \/>\ncon lacero cuore,<br \/>\npensa all&#8217;amico oltre<br \/>\nil fronte<br \/>\nfino a ieri amico<br \/>\nora non pi\u00f9,<br \/>\naspira speranza<br \/>\nrattoppando<br \/>\nrimasugli di vita<br \/>\nTempo che segna<br \/>\ncesoia che taglia<br \/>\nserenit\u00e0<br \/>\ne muta storia<br \/>\nrecisa \u00e8 la gente del<br \/>\nDonbass.<\/p>\n<p>&nbsp;<\/p>\n<\/div>\n<div class=\"message spoilers-container\" dir=\"auto\">\n<p><strong>LA RACCOLTA COMPLETA<\/strong><\/p>\n<blockquote class=\"wp-embedded-content\" data-secret=\"HAPW4kfecQ\"><p><a href=\"https:\/\/www.radiopiu.net\/wordpress\/in-vivo-verso\/\">In Vivo Verso<\/a><\/p><\/blockquote>\n<p><iframe loading=\"lazy\" class=\"wp-embedded-content\" sandbox=\"allow-scripts\" security=\"restricted\" style=\"position: absolute; clip: rect(1px, 1px, 1px, 1px);\" title=\"&#8220;In Vivo Verso&#8221; &#8212; Radio Pi\u00f9\" src=\"https:\/\/www.radiopiu.net\/wordpress\/in-vivo-verso\/embed\/#?secret=6No9WPOaj4#?secret=HAPW4kfecQ\" data-secret=\"HAPW4kfecQ\" width=\"600\" height=\"338\" frameborder=\"0\" marginwidth=\"0\" marginheight=\"0\" scrolling=\"no\"><\/iframe><\/p>\n<\/div>\n<div class=\"message spoilers-container\" dir=\"auto\">\n<p>&nbsp;<\/p>\n<hr \/>\n<p>&nbsp;<\/p>\n<\/div>\n<div class=\"message spoilers-container\" dir=\"auto\">\n<h2><span style=\"color: #008080;\">GOCCE DI FILOSOFIA\u00a0\u00a0<\/span><\/h2>\n<\/div>\n<div class=\"message spoilers-container\" dir=\"auto\">\n<p><strong>PUNTATA 292 \u2013 LISA DE LUCA _ TERZA STAGIONE\u00a0<\/strong><\/p>\n<audio class=\"wp-audio-shortcode\" id=\"audio-331890-16\" preload=\"none\" style=\"width: 100%;\" controls=\"controls\"><source type=\"audio\/mpeg\" src=\"https:\/\/www.radiopiu.net\/wordpress\/wp-content\/uploads\/2023\/04\/FI2-2.mp3?_=16\" \/><a href=\"https:\/\/www.radiopiu.net\/wordpress\/wp-content\/uploads\/2023\/04\/FI2-2.mp3\">https:\/\/www.radiopiu.net\/wordpress\/wp-content\/uploads\/2023\/04\/FI2-2.mp3<\/a><\/audio>\n<\/div>\n<blockquote>\n<div class=\"message spoilers-container\" dir=\"auto\">\n<p>&nbsp;<\/p>\n<p><strong>LA RACCOLTA COMPLETA<\/strong><\/p>\n<\/div>\n<\/blockquote>\n<div class=\"message spoilers-container\" dir=\"auto\">\n<blockquote class=\"wp-embedded-content\" data-secret=\"ojyvulUrjQ\"><p><a href=\"https:\/\/www.radiopiu.net\/wordpress\/gocce-filosofia\/\">Gocce di filosofia,  LA TERZA STAGIONE&#8230; 2023<\/a><\/p><\/blockquote>\n<p><iframe loading=\"lazy\" class=\"wp-embedded-content\" sandbox=\"allow-scripts\" security=\"restricted\" style=\"position: absolute; clip: rect(1px, 1px, 1px, 1px);\" title=\"&#8220;Gocce di filosofia,  LA TERZA STAGIONE&#8230; 2023&#8221; &#8212; Radio Pi\u00f9\" src=\"https:\/\/www.radiopiu.net\/wordpress\/gocce-filosofia\/embed\/#?secret=6bVgENH7nj#?secret=ojyvulUrjQ\" data-secret=\"ojyvulUrjQ\" width=\"600\" height=\"338\" frameborder=\"0\" marginwidth=\"0\" marginheight=\"0\" scrolling=\"no\"><\/iframe><\/p>\n<hr \/>\n<p>&nbsp;<\/p>\n<blockquote>\n<h3>ANTI FASCISMO E RESISTENZA VALORI INCARNATI NELLA COSTITUZIONE, MAI COSI&#8217; ATTUALI<\/h3>\n<\/blockquote>\n<p><a class=\"dt-pswp-item\" href=\"https:\/\/www.radiopiu.net\/wordpress\/wp-content\/uploads\/2023\/04\/istockphoto-1153350430-170667a.jpg\" data-dt-img-description=\"Coils or circles of razor wire on an easily changed orange background.\" data-large_image_width=\"509\" data-large_image_height=\"339\"><img loading=\"lazy\" decoding=\"async\" class=\" wp-image-331336\" src=\"https:\/\/www.radiopiu.net\/wordpress\/wp-content\/uploads\/2023\/04\/istockphoto-1153350430-170667a-300x200.jpg\" alt=\"\" width=\"215\" height=\"143\" srcset=\"https:\/\/www.radiopiu.net\/wordpress\/wp-content\/uploads\/2023\/04\/istockphoto-1153350430-170667a-300x200.jpg 300w, https:\/\/www.radiopiu.net\/wordpress\/wp-content\/uploads\/2023\/04\/istockphoto-1153350430-170667a.jpg 509w\" sizes=\"auto, (max-width: 215px) 100vw, 215px\" \/><\/a><\/p>\n<p><strong>BELLUNO<\/strong><\/p>\n<p><strong>DI ROBERTO BONA<\/strong><\/p>\n<audio class=\"wp-audio-shortcode\" id=\"audio-331890-17\" preload=\"none\" style=\"width: 100%;\" controls=\"controls\"><source type=\"audio\/mpeg\" src=\"https:\/\/www.radiopiu.net\/wordpress\/wp-content\/uploads\/2023\/04\/ForumLiberazione-1.mp3?_=17\" \/><a href=\"https:\/\/www.radiopiu.net\/wordpress\/wp-content\/uploads\/2023\/04\/ForumLiberazione-1.mp3\">https:\/\/www.radiopiu.net\/wordpress\/wp-content\/uploads\/2023\/04\/ForumLiberazione-1.mp3<\/a><\/audio>\n<p>&nbsp;<\/p>\n<p>&nbsp;<\/p>\n<hr \/>\n<p>&nbsp;<\/p>\n<blockquote>\n<h3>ANNAROSA NON MUORE, OTTANTESIMO ANNIVERSARIO INIZIO DELLA RESISTENZA<\/h3>\n<\/blockquote>\n<p><strong><img loading=\"lazy\" decoding=\"async\" class=\"alignleft\" src=\"https:\/\/www.radiopiu.net\/wordpress\/wp-content\/uploads\/2023\/04\/Senza-nome-27.jpg\" width=\"194\" height=\"143\" \/>BELLUNO<\/strong><\/p>\n<p><strong>ROBERTO BONA<\/strong><\/p>\n<p>&nbsp;<\/p>\n<audio class=\"wp-audio-shortcode\" id=\"audio-331890-18\" preload=\"none\" style=\"width: 100%;\" controls=\"controls\"><source type=\"audio\/mpeg\" src=\"https:\/\/www.radiopiu.net\/wordpress\/wp-content\/uploads\/2023\/04\/AnnaRosaNonMuore-1.mp3?_=18\" \/><a href=\"https:\/\/www.radiopiu.net\/wordpress\/wp-content\/uploads\/2023\/04\/AnnaRosaNonMuore-1.mp3\">https:\/\/www.radiopiu.net\/wordpress\/wp-content\/uploads\/2023\/04\/AnnaRosaNonMuore-1.mp3<\/a><\/audio>\n<p>&nbsp;<\/p>\n<p>&nbsp;<\/p>\n<hr \/>\n<blockquote>\n<h3><\/h3>\n<h3>AMA DOLOMITI &#8211; LE DIECI PUNTATE ALLA RADIO<\/h3>\n<\/blockquote>\n<p><strong><a class=\"dt-pswp-item\" href=\"https:\/\/www.radiopiu.net\/wordpress\/wp-content\/uploads\/2023\/02\/1239767_1376151945949547_1371470440_n.jpg\" data-dt-img-description=\"\" data-large_image_width=\"744\" data-large_image_height=\"498\"><img loading=\"lazy\" decoding=\"async\" class=\" wp-image-321803 alignleft\" src=\"https:\/\/www.radiopiu.net\/wordpress\/wp-content\/uploads\/2023\/02\/1239767_1376151945949547_1371470440_n-300x201.jpg\" alt=\"\" width=\"172\" height=\"115\" srcset=\"https:\/\/www.radiopiu.net\/wordpress\/wp-content\/uploads\/2023\/02\/1239767_1376151945949547_1371470440_n-300x201.jpg 300w, https:\/\/www.radiopiu.net\/wordpress\/wp-content\/uploads\/2023\/02\/1239767_1376151945949547_1371470440_n.jpg 744w\" sizes=\"auto, (max-width: 172px) 100vw, 172px\" \/><\/a><\/strong><span style=\"color: #000000;\"><span style=\"font-family: Times New Roman, serif;\"><span style=\"font-size: large;\">L\u2019Associazione Ama Dolomiti \u00e8 nata nell\u2019aprile 2010 da un gruppo di persone desiderose di mettere in rete i diversi gruppi di auto mutuo aiuto presenti nella provincia di Belluno, per dare ai medesimi sostegno nella loro attivit\u00e0, visibilit\u00e0 nel territorio e favorire la creazione di nuovi gruppi.\u00a0<\/span><\/span><\/span><\/p>\n<p><strong>PUNTATA 10 17 APRILE 203<\/strong><\/p>\n<p><strong>SPERANZA DEL CADORE, GRUPPO PER UTENTI CON DISABILITA&#8217; E GRUPPO MISTO<\/strong><\/p>\n<audio class=\"wp-audio-shortcode\" id=\"audio-331890-19\" preload=\"none\" style=\"width: 100%;\" controls=\"controls\"><source type=\"audio\/mpeg\" src=\"https:\/\/www.radiopiu.net\/wordpress\/wp-content\/uploads\/2023\/04\/GRUPPO-AMA-10.mp3?_=19\" \/><a href=\"https:\/\/www.radiopiu.net\/wordpress\/wp-content\/uploads\/2023\/04\/GRUPPO-AMA-10.mp3\">https:\/\/www.radiopiu.net\/wordpress\/wp-content\/uploads\/2023\/04\/GRUPPO-AMA-10.mp3<\/a><\/audio>\n<p>&nbsp;<\/p>\n<hr \/>\n<p>&nbsp;<\/p>\n<p><span style=\"color: #ff0000;\"><strong>ALLA RADIO&#8230;<\/strong><\/span><\/p>\n<blockquote>\n<h4>SALUTE E SOCIETA&#8217;, LA RUBRICA SETTIMANALE DI MEDICINA CON IL DOTTOR MARCO CARACCIOLO<\/h4>\n<\/blockquote>\n<p><strong><a class=\"dt-pswp-item\" href=\"https:\/\/www.radiopiu.net\/wordpress\/wp-content\/uploads\/2023\/04\/44e02c26-88d6-4f21-a1f2-4971530b181f.jpg\" data-dt-img-description=\"\" data-large_image_width=\"1200\" data-large_image_height=\"900\"><img loading=\"lazy\" decoding=\"async\" class=\"wp-image-331789 alignleft\" src=\"https:\/\/www.radiopiu.net\/wordpress\/wp-content\/uploads\/2023\/04\/44e02c26-88d6-4f21-a1f2-4971530b181f-300x225.jpg\" alt=\"\" width=\"159\" height=\"119\" srcset=\"https:\/\/www.radiopiu.net\/wordpress\/wp-content\/uploads\/2023\/04\/44e02c26-88d6-4f21-a1f2-4971530b181f-300x225.jpg 300w, https:\/\/www.radiopiu.net\/wordpress\/wp-content\/uploads\/2023\/04\/44e02c26-88d6-4f21-a1f2-4971530b181f-1024x768.jpg 1024w, https:\/\/www.radiopiu.net\/wordpress\/wp-content\/uploads\/2023\/04\/44e02c26-88d6-4f21-a1f2-4971530b181f-768x576.jpg 768w, https:\/\/www.radiopiu.net\/wordpress\/wp-content\/uploads\/2023\/04\/44e02c26-88d6-4f21-a1f2-4971530b181f.jpg 1200w\" sizes=\"auto, (max-width: 159px) 100vw, 159px\" \/><\/a>Ictus cerebrale<\/strong><br \/>\nL&#8217;ictus cerebrale in Italia colpisce circa 150.000 persone ogni anno, A.L.I.Ce. Italia promuove la campagna FAST Heroes, rivolta ai bambini delle scuole primarie.<\/p>\n<p><strong>Microbiota intestinale<\/strong><br \/>\nOggi \u00e8 disponibile un test che realizza un\u2019analisi genetica del microbiota intestinale che aiuta a ritrovare e mantenere il naturale benessere.<\/p>\n<audio class=\"wp-audio-shortcode\" id=\"audio-331890-20\" preload=\"none\" style=\"width: 100%;\" controls=\"controls\"><source type=\"audio\/mpeg\" src=\"https:\/\/www.radiopiu.net\/wordpress\/wp-content\/uploads\/2023\/04\/SALUTE-2.mp3?_=20\" \/><a href=\"https:\/\/www.radiopiu.net\/wordpress\/wp-content\/uploads\/2023\/04\/SALUTE-2.mp3\">https:\/\/www.radiopiu.net\/wordpress\/wp-content\/uploads\/2023\/04\/SALUTE-2.mp3<\/a><\/audio>\n<p>&nbsp;<\/p>\n<hr \/>\n<p>&nbsp;<\/p>\n<blockquote>\n<h3>L&#8217;OM SALVARECH CON ANDREA DA ROIT DELLA PRO LOCO LA VALLE<\/h3>\n<\/blockquote>\n<p><strong><a class=\"dt-pswp-item\" href=\"https:\/\/www.radiopiu.net\/wordpress\/wp-content\/uploads\/2023\/04\/om-salvarech-2023.jpg\" data-dt-img-description=\"\" data-large_image_width=\"2048\" data-large_image_height=\"1072\"><img loading=\"lazy\" decoding=\"async\" class=\" wp-image-331237 alignleft\" src=\"https:\/\/www.radiopiu.net\/wordpress\/wp-content\/uploads\/2023\/04\/om-salvarech-2023-300x157.jpg\" alt=\"\" width=\"204\" height=\"107\" srcset=\"https:\/\/www.radiopiu.net\/wordpress\/wp-content\/uploads\/2023\/04\/om-salvarech-2023-300x157.jpg 300w, https:\/\/www.radiopiu.net\/wordpress\/wp-content\/uploads\/2023\/04\/om-salvarech-2023-1024x536.jpg 1024w, https:\/\/www.radiopiu.net\/wordpress\/wp-content\/uploads\/2023\/04\/om-salvarech-2023-768x402.jpg 768w, https:\/\/www.radiopiu.net\/wordpress\/wp-content\/uploads\/2023\/04\/om-salvarech-2023-1536x804.jpg 1536w, https:\/\/www.radiopiu.net\/wordpress\/wp-content\/uploads\/2023\/04\/om-salvarech-2023.jpg 2048w\" sizes=\"auto, (max-width: 204px) 100vw, 204px\" \/><\/a>di Mirko Mezzacasa<\/strong><\/p>\n<p>OSPITE: Andrea Da Roit, presidente Pro Loco La Valle Agordina<\/p>\n<p><strong>LA VALLE <\/strong>A La Valle due giorni di festa con l&#8217;Om Salvarech. Lunedi 24 aprile, al tendone presentazione della mostra &#8220;vers l&#8217;insuda&#8221;:gli aquerelli dipinti dagli alunni della scuola primaria, dalle 17 l&#8217;apertivo selvatico con Rdj, 19 stand gastronomico, serata danzante con la Spritzband e a seguire dico-tek con Rdj. Martedi 25 aprile al tendone di Conaggia \u201cel merc\u00e0 de l&#8217;insuda\u201d, alle 10 gara podistica Su e do per i coi, memorial Flavio De Cassai, dalle 12 stand gastronomico e dalle 14: preparazione Om Salvarech a Cugnago, sfilata per le vie del paese, alle 16 apertivo selvatico danzante con Eros, alle 19 la cota e quindi gran finale con il testamento e il Falo&#8217; Dell&#8217;Om Salvarech tra i balli con Eros e Karin. Om Salvarech, a LA VALLE AGORDINA. con la Proloco 24-25 Aprile<\/p>\n<audio class=\"wp-audio-shortcode\" id=\"audio-331890-21\" preload=\"none\" style=\"width: 100%;\" controls=\"controls\"><source type=\"audio\/mpeg\" src=\"https:\/\/www.radiopiu.net\/wordpress\/wp-content\/uploads\/2023\/04\/ANDREA-DA-ROIT.mp3?_=21\" \/><a href=\"https:\/\/www.radiopiu.net\/wordpress\/wp-content\/uploads\/2023\/04\/ANDREA-DA-ROIT.mp3\">https:\/\/www.radiopiu.net\/wordpress\/wp-content\/uploads\/2023\/04\/ANDREA-DA-ROIT.mp3<\/a><\/audio>\n<p>&nbsp;<\/p>\n<\/div>\n<blockquote><p>&nbsp;<\/p><\/blockquote>\n<div class=\"message spoilers-container\" dir=\"auto\">\n<hr \/>\n<p>&nbsp;<\/p>\n<\/div>\n<div class=\"message spoilers-container\" dir=\"auto\">\n<div class=\"column\">\n<p><img loading=\"lazy\" decoding=\"async\" class=\"aligncenter wp-image-61954 size-full\" src=\"https:\/\/www.radiopiu.net\/wordpress\/wp-content\/uploads\/2018\/09\/viabilita.jpeg\" sizes=\"auto, (max-width: 800px) 100vw, 800px\" srcset=\"https:\/\/www.radiopiu.net\/wordpress\/wp-content\/uploads\/2018\/09\/viabilita.jpeg 800w, https:\/\/www.radiopiu.net\/wordpress\/wp-content\/uploads\/2018\/09\/viabilita-300x38.jpeg 300w, https:\/\/www.radiopiu.net\/wordpress\/wp-content\/uploads\/2018\/09\/viabilita-768x96.jpeg 768w\" alt=\"\" width=\"800\" height=\"100\" \/><\/p>\n<\/div>\n<\/div>\n<div class=\"message spoilers-container\" dir=\"auto\">\n<div class=\"column\">\n<p>&nbsp;<\/p>\n<\/div>\n<\/div>\n<div class=\"message spoilers-container\" dir=\"auto\">\n<div class=\"column\">\n<div dir=\"ltr\">\n<div class=\"gmail_quote\">\n<div dir=\"ltr\">\n<div class=\"gmail_quote\">\n<blockquote class=\"wp-embedded-content\" data-secret=\"Ll6Nj99MJX\"><p><a href=\"https:\/\/www.radiopiu.net\/wordpress\/viabilita\/\">viabilita<\/a><\/p><\/blockquote>\n<p><iframe loading=\"lazy\" class=\"wp-embedded-content\" sandbox=\"allow-scripts\" security=\"restricted\" style=\"position: absolute; clip: rect(1px, 1px, 1px, 1px);\" title=\"&#8220;viabilita&#8221; &#8212; Radio Pi\u00f9\" src=\"https:\/\/www.radiopiu.net\/wordpress\/viabilita\/embed\/#?secret=GDec0k2rOv#?secret=Ll6Nj99MJX\" data-secret=\"Ll6Nj99MJX\" width=\"600\" height=\"338\" frameborder=\"0\" marginwidth=\"0\" marginheight=\"0\" scrolling=\"no\"><\/iframe><\/p>\n<\/div>\n<\/div>\n<\/div>\n<\/div>\n<\/div>\n<\/div>\n<div class=\"message spoilers-container\" dir=\"auto\">\n<div class=\"column\">\n<div>\n<div dir=\"ltr\">\n<div class=\"gmail_quote\">\n<div dir=\"ltr\">\n<div><\/div>\n<\/div>\n<\/div>\n<\/div>\n<\/div>\n<hr \/>\n<p>&nbsp;<\/p>\n<p><a class=\"dt-pswp-item\" href=\"https:\/\/www.radiopiu.net\/wordpress\/wp-content\/uploads\/2018\/09\/WhatsApp-Image-2018-09-20-at-16.04.06.jpeg\" data-dt-img-description=\"\" data-large_image_width=\"800\" data-large_image_height=\"100\"><img loading=\"lazy\" decoding=\"async\" class=\"wp-image-61378 size-full aligncenter\" src=\"https:\/\/www.radiopiu.net\/wordpress\/wp-content\/uploads\/2018\/09\/WhatsApp-Image-2018-09-20-at-16.04.06.jpeg\" alt=\"\" width=\"800\" height=\"100\" srcset=\"https:\/\/www.radiopiu.net\/wordpress\/wp-content\/uploads\/2018\/09\/WhatsApp-Image-2018-09-20-at-16.04.06.jpeg 800w, https:\/\/www.radiopiu.net\/wordpress\/wp-content\/uploads\/2018\/09\/WhatsApp-Image-2018-09-20-at-16.04.06-300x38.jpeg 300w, https:\/\/www.radiopiu.net\/wordpress\/wp-content\/uploads\/2018\/09\/WhatsApp-Image-2018-09-20-at-16.04.06-768x96.jpeg 768w\" sizes=\"auto, (max-width: 800px) 100vw, 800px\" \/><\/a><\/p>\n<\/div>\n<\/div>\n<div class=\"message spoilers-container\" dir=\"auto\"><center>\u00a0<\/center><center><\/center><b>OGGI <\/b>Al mattino qualche tratto soleggiato, anche ampio sulle Dolomiti. Dalle ore centrali aumento della nuvolosit\u00e0 fino a cielo molto nuvoloso. Il tempo diverr\u00e0 instabile, dapprima sulle Prealpi, in maniera pi\u00f9 tardiva sulle Dolomiti. Il contesto notturno sar\u00e0 meno fresco, ma in giornata il deficit di sole avr\u00e0 qualche effetto sull&#8217;andamento termico diurno. <b>Precipitazioni: <\/b>Al mattino assenti. Dalle ore centrali non escluse sulle Prealpi (30-40%). Al pomeriggio aumento della probabilit\u00e0, dapprima sulle Prealpi, dove rovesci e temporali non saranno da escludere, poi sulle Dolomiti. La neve cadr\u00e0 inizialmente sopra i 1700-1900 m, prima di abbassarsi leggermente fino a 1500-1700 m in serata.<\/p>\n<hr \/>\n<p><center><\/center><b>DOMANI <\/b>Tempo instabile\/perturbato con cielo molto nuvoloso\/coperto senza chance di schiarite. I fenomeni saranno spesso diffusi e continui, senza escludere qualche breve pausa. Contesto termico pi\u00f9 fresco con debole escursione termica giornaliera a tutte le quote. <b>Precipitazioni: <\/b>Alta probabilit\u00e0 di precipitazioni sparse. Il limite delle nevicate si aggirer\u00e0 sui 1300-1500 m, a tratti a quote pi\u00f9 basse<\/p>\n<hr \/>\n<p><center><\/center><strong>VENERDI<\/strong> Residuo maltempo con molte nubi, inizialmente con precipitazioni ancora diffuse, nevose oltre 1400-1600 m. Al pomeriggio ancora molte nubi con qualche fenomeno d&#8217;instabilit\u00e0, prima che il tempo diventi variabile a fine giornata, cio\u00e8 con attenuazione della nuvolosit\u00e0, esaurimento dei fenomeni e ritorno di qualche schiarita.<\/p>\n<hr \/>\n<p><center><\/center><strong>SABATO<\/strong> Tempo da soleggiato a parzialmente soleggiato per il temporaneo transito di nubi alte in grando di velare a tratti il cielo e il sole. Temperature in rialzo, salvo diminuzione delle minime nei fondovalle.<\/p>\n<\/div>\n<div class=\"message spoilers-container\" dir=\"auto\">\n<p>&nbsp;<\/p>\n<\/div>\n<div class=\"message spoilers-container\" dir=\"auto\">\n<hr \/>\n<p>&nbsp;<\/p>\n<p><a class=\"dt-pswp-item\" href=\"https:\/\/www.radiopiu.net\/wordpress\/wp-content\/uploads\/2018\/09\/sport.jpg\" data-dt-img-description=\"\" data-large_image_width=\"800\" data-large_image_height=\"100\"><img loading=\"lazy\" decoding=\"async\" class=\"aligncenter wp-image-60761 size-full\" src=\"https:\/\/www.radiopiu.net\/wordpress\/wp-content\/uploads\/2018\/09\/sport.jpg\" alt=\"\" width=\"800\" height=\"100\" srcset=\"https:\/\/www.radiopiu.net\/wordpress\/wp-content\/uploads\/2018\/09\/sport.jpg 800w, https:\/\/www.radiopiu.net\/wordpress\/wp-content\/uploads\/2018\/09\/sport-300x38.jpg 300w, https:\/\/www.radiopiu.net\/wordpress\/wp-content\/uploads\/2018\/09\/sport-768x96.jpg 768w\" sizes=\"auto, (max-width: 800px) 100vw, 800px\" \/><\/a><\/p>\n<\/div>\n<div class=\"message spoilers-container\" dir=\"auto\">\n<p>&nbsp;<\/p>\n<blockquote>\n<h3>ULTRA MARATONA<\/h3>\n<p>SUPER WILLIAM, A MESTRE &#8220;IMPASTA&#8221; GLI AVVERSARI<\/p><\/blockquote>\n<p><strong><img loading=\"lazy\" decoding=\"async\" class=\"alignleft\" src=\"https:\/\/www.radiopiu.net\/wordpress\/wp-content\/uploads\/2023\/04\/Senza-nome-1.png\" width=\"172\" height=\"147\" \/>VENEZIA<\/strong> Il panettiere sempre di corsa \u00e8 risultato il migliore \u00a0dei bellunesi\u00a0 all&#8217;Ultramarathon di Meste, 25\u00b0 assoluto in classifica generale. Una posizione dietro si \u00e8 classificato il feltrino Stefano Marcello Burlon. Al Parco San Giuliano di Mestre Ivan Da Dalt ha chiuso in\u00a0 32.ma posizione, Daniele Cesconetto 42\u00b0,\u00a0 buoni risultati anche per Giada Secco ed Elvis Ecco. La gara sulle 12 ore ha visto imporsi Marco Zamagni. Prima donna Maria Pinto<\/p>\n<p>&nbsp;<\/p>\n<hr \/>\n<p>&nbsp;<\/p>\n<p>&nbsp;<\/p>\n<p><span style=\"color: #0000ff;\"><strong>HOCKEY\u00a0<\/strong><\/span><\/p>\n<table width=\"100%\">\n<tbody>\n<tr>\n<td>\n<table width=\"100%\">\n<tbody>\n<tr>\n<td>\n<table width=\"100%\">\n<tbody>\n<tr>\n<td>\n<h2>HOCKEY<\/h2>\n<h1>Nazionale femminile, prima vittoria al Mondiale &#8211; Gran Bretagna battuta 2 a 0<\/h1>\n<\/td>\n<\/tr>\n<\/tbody>\n<\/table>\n<\/td>\n<\/tr>\n<\/tbody>\n<\/table>\n<\/td>\n<\/tr>\n<tr>\n<td>\n<table width=\"100%\">\n<tbody>\n<tr>\n<td>\n<table width=\"100%\">\n<tbody>\n<tr>\n<td>\n<h3><strong>Grazie alle reti di Caumo e Fantin e allo shutout di Biondi, le Azzurre conquistano i tre punti contro la Gran Bretagna. Domani la sfida al Kazakistan.\u00a0<\/strong><\/h3>\n<\/td>\n<\/tr>\n<\/tbody>\n<\/table>\n<\/td>\n<\/tr>\n<\/tbody>\n<\/table>\n<table width=\"100%\">\n<tbody>\n<tr>\n<td>\n<table width=\"100%\">\n<tbody>\n<tr>\n<td>\n<h4><a class=\"dt-pswp-item\" href=\"https:\/\/www.radiopiu.net\/wordpress\/wp-content\/uploads\/2023\/04\/f153c28c-81ab-afcc-b1b4-5ec9d83df936-scaled.jpg\" data-dt-img-description=\"\" data-large_image_width=\"2560\" data-large_image_height=\"1712\"><img loading=\"lazy\" decoding=\"async\" class=\" wp-image-331981 alignleft\" src=\"https:\/\/www.radiopiu.net\/wordpress\/wp-content\/uploads\/2023\/04\/f153c28c-81ab-afcc-b1b4-5ec9d83df936-300x201.jpg\" alt=\"\" width=\"266\" height=\"178\" srcset=\"https:\/\/www.radiopiu.net\/wordpress\/wp-content\/uploads\/2023\/04\/f153c28c-81ab-afcc-b1b4-5ec9d83df936-300x201.jpg 300w, https:\/\/www.radiopiu.net\/wordpress\/wp-content\/uploads\/2023\/04\/f153c28c-81ab-afcc-b1b4-5ec9d83df936-1024x685.jpg 1024w, https:\/\/www.radiopiu.net\/wordpress\/wp-content\/uploads\/2023\/04\/f153c28c-81ab-afcc-b1b4-5ec9d83df936-768x514.jpg 768w, https:\/\/www.radiopiu.net\/wordpress\/wp-content\/uploads\/2023\/04\/f153c28c-81ab-afcc-b1b4-5ec9d83df936-1536x1027.jpg 1536w, https:\/\/www.radiopiu.net\/wordpress\/wp-content\/uploads\/2023\/04\/f153c28c-81ab-afcc-b1b4-5ec9d83df936-2048x1370.jpg 2048w\" sizes=\"auto, (max-width: 266px) 100vw, 266px\" \/><\/a>Torna a sorridere la<strong> Nazionale femminile di hockey su ghiaccio<\/strong>, che, dopo la sconfitta all&#8217;overtime all&#8217;esordio contro la Corea del Sud, <strong>si impone per 2 a 0 sulla Gran Bretagna<\/strong> nella seconda giornata di gioco del Mondiale di 1^ Divisione Gruppo B. Di <strong>Anna Caumo<\/strong> (premiata come MVP) e <strong>Matilde Fantin<\/strong> le reti per le Azzurre, che hanno controllato la partita per lunghi tratti, concedendo alle avversarie appena 11 tiri in porta (meritato shutout per Elisa Biondi).<\/h4>\n<\/td>\n<\/tr>\n<\/tbody>\n<\/table>\n<\/td>\n<\/tr>\n<\/tbody>\n<\/table>\n<\/td>\n<\/tr>\n<\/tbody>\n<\/table>\n<p>&nbsp;<\/p>\n<p>&nbsp;<\/p>\n<hr \/>\n<p>&nbsp;<\/p>\n<p><span style=\"color: #0000ff;\"><strong>CALCIO<\/strong><\/span><\/p>\n<blockquote>\n<h3>BELLA VITTORIA PER I GIOVANISSIMI DELL&#8217;AGORDINA NEI QUARTI DI FINALE DEL CAMPIONATO<\/h3>\n<\/blockquote>\n<p><strong><a class=\"dt-pswp-item\" href=\"https:\/\/www.radiopiu.net\/wordpress\/wp-content\/uploads\/2023\/04\/342034863_236462908936312_7334162291678016141_n.jpg\" data-dt-img-description=\"\" data-large_image_width=\"2048\" data-large_image_height=\"1045\"><img loading=\"lazy\" decoding=\"async\" class=\" wp-image-332054 alignleft\" src=\"https:\/\/www.radiopiu.net\/wordpress\/wp-content\/uploads\/2023\/04\/342034863_236462908936312_7334162291678016141_n-300x153.jpg\" alt=\"\" width=\"227\" height=\"116\" srcset=\"https:\/\/www.radiopiu.net\/wordpress\/wp-content\/uploads\/2023\/04\/342034863_236462908936312_7334162291678016141_n-300x153.jpg 300w, https:\/\/www.radiopiu.net\/wordpress\/wp-content\/uploads\/2023\/04\/342034863_236462908936312_7334162291678016141_n-1024x523.jpg 1024w, https:\/\/www.radiopiu.net\/wordpress\/wp-content\/uploads\/2023\/04\/342034863_236462908936312_7334162291678016141_n-768x392.jpg 768w, https:\/\/www.radiopiu.net\/wordpress\/wp-content\/uploads\/2023\/04\/342034863_236462908936312_7334162291678016141_n-1536x784.jpg 1536w, https:\/\/www.radiopiu.net\/wordpress\/wp-content\/uploads\/2023\/04\/342034863_236462908936312_7334162291678016141_n.jpg 2048w\" sizes=\"auto, (max-width: 227px) 100vw, 227px\" \/><\/a>di Marco Gaz<\/strong><\/p>\n<p><span style=\"color: #ff0000;\"><strong>QUARTI DI FINALE CAMPIONATO GIOVANISSIMI PROVINCIALI<\/strong><\/span><\/p>\n<p><strong>AGORDINA &#8211; LONGARONEALPINA 2-1<\/strong><\/p>\n<p>Termina con la vittoria per la squadra allenata da De Bastiani il primo round dei quarti di finale del Campionato giovanissimi Provinciali. La squadra di Agordo vince e convince contro il LongaroneAlpina. Una gara che parte in salita per l&#8217;Agordina che dopo appena 2&#8242; si trova in svantaggio. Giovani di De Bastiani che reagiscono subito gestendo al meglio la partita e trovando il pareggio al 19&#8242;. A pareggiare i conti ci pensa Soccol con un colpo di testa su respinta del portiere avversario. Nel secondo tempo arriva la seconda marcatura dei padroni di casa. Questa volta e Favero che mette la firma al 2 a 1 dell&#8217;Agordina battendo il portiere con un sinistro chirurgico e il pallone che trova l&#8217;angolino giusto. Sabato di nuovo in campo per giocare il ritorno di una sfida che vale la semifinale del torneo.<\/p>\n<p>&nbsp;<\/p>\n<p>&nbsp;<\/p>\n<\/div>\n","protected":false},"excerpt":{"rendered":"<p>ISCRIVITI AL NOSTRO CANALE\u00a0 YOUTUBE PER SEGUIRE IN DIRETTA I PRINCIPALI PROGRAMMI DI RADIO PIU&#8217; E LE FUTURE DIRETTE IN ESTERNA. PER ISCRIVERTI CLICCA QUI E PREMI\u00a0 &#8220;Iscriviti&#8221;\u00a0 \u00a0 \u00a0 &nbsp; E anche oggi RADIOPIU si fa in sette per i suoi ascoltatori&#8230;. 1&#8230;. alle 8 la rassegna stampa locale, dal 1983 tutti i giorni&hellip;<\/p>\n","protected":false},"author":4,"featured_media":332066,"comment_status":"closed","ping_status":"closed","sticky":false,"template":"","format":"standard","meta":{"_monsterinsights_skip_tracking":false,"_monsterinsights_sitenote_active":false,"_monsterinsights_sitenote_note":"","_monsterinsights_sitenote_category":0,"footnotes":""},"categories":[51,86,49],"tags":[],"class_list":["post-331890","post","type-post","status-publish","format-standard","has-post-thumbnail","hentry","category-evidenza-top","category-gr","category-news-18","category-51","category-86","category-49","description-off"],"img_url":"https:\/\/www.radiopiu.net\/wordpress\/wp-content\/uploads\/2023\/04\/Senza-nome-50.jpg","_links":{"self":[{"href":"https:\/\/www.radiopiu.net\/wordpress\/wp-json\/wp\/v2\/posts\/331890","targetHints":{"allow":["GET"]}}],"collection":[{"href":"https:\/\/www.radiopiu.net\/wordpress\/wp-json\/wp\/v2\/posts"}],"about":[{"href":"https:\/\/www.radiopiu.net\/wordpress\/wp-json\/wp\/v2\/types\/post"}],"author":[{"embeddable":true,"href":"https:\/\/www.radiopiu.net\/wordpress\/wp-json\/wp\/v2\/users\/4"}],"replies":[{"embeddable":true,"href":"https:\/\/www.radiopiu.net\/wordpress\/wp-json\/wp\/v2\/comments?post=331890"}],"version-history":[{"count":0,"href":"https:\/\/www.radiopiu.net\/wordpress\/wp-json\/wp\/v2\/posts\/331890\/revisions"}],"wp:featuredmedia":[{"embeddable":true,"href":"https:\/\/www.radiopiu.net\/wordpress\/wp-json\/wp\/v2\/media\/332066"}],"wp:attachment":[{"href":"https:\/\/www.radiopiu.net\/wordpress\/wp-json\/wp\/v2\/media?parent=331890"}],"wp:term":[{"taxonomy":"category","embeddable":true,"href":"https:\/\/www.radiopiu.net\/wordpress\/wp-json\/wp\/v2\/categories?post=331890"},{"taxonomy":"post_tag","embeddable":true,"href":"https:\/\/www.radiopiu.net\/wordpress\/wp-json\/wp\/v2\/tags?post=331890"}],"curies":[{"name":"wp","href":"https:\/\/api.w.org\/{rel}","templated":true}]}}