{"id":331908,"date":"2023-04-18T07:55:40","date_gmt":"2023-04-18T05:55:40","guid":{"rendered":"https:\/\/www.radiopiu.net\/wordpress\/?p=331908"},"modified":"2023-04-18T08:44:42","modified_gmt":"2023-04-18T06:44:42","slug":"ascolta-la-rassegna-stampa-dal-lunedi-al-sabato-alle-otto-del-mattino-di-mirko-mezzacasa-dal-1983","status":"publish","type":"post","link":"https:\/\/www.radiopiu.net\/wordpress\/ascolta-la-rassegna-stampa-dal-lunedi-al-sabato-alle-otto-del-mattino-di-mirko-mezzacasa-dal-1983\/","title":{"rendered":"ASCOLTA LA RASSEGNA STAMPA, DAL LUNEDI AL SABATO ALLE OTTO DEL MATTINO, di mirko mezzacasa dal 1983"},"content":{"rendered":"<p><strong>AGORDO\/TAIBON<\/strong> Gestione Servizi Pubblici informa che ad Agordo, nelle localit\u00e0 Veran e Crostolin, e a Taibon Agordino, nelle localit\u00e0 Ronch De Buos e Nogarola, l&#8217;acqua erogata dall&#8217;acquedotto \u00e8 di nuovo potabile e pu\u00f2 essere usata, quindi, per scopi alimentari.<br \/>\n<strong>BELLUNO<\/strong> Divieto di dimora in provincia di Belluno per l&#8217;uomo che venerd\u00ec sera ha aggredito Giuseppe Orzes (frattura nasale, prognosi 3 giorni), il titolare dell&#8217;area di servizio con bar Q8 di via Feltre, e provocato danni nella terrazza esterna del locale.\u00a0 Il barman si era rifiutato di servire alcolici all&#8217;avventore gi\u00e0 visibilmente ubriaco e molesto. Ieri in tribunale era fissato il processo per direttissima<br \/>\n<strong>FELTRE<\/strong> Sigilli sulla casa esplosa, per gli sfollati arriva lo psicologo. Stabili le condizioni di Nicola Boschello ricoverato in terapia intensiva a Padova.<br \/>\n<strong>LONGARONE<\/strong> Amministratori a tutti i livelli, dal Comune alla Regione, sindacati compresi, uniti per salvaguardare i 464 posti di lavoro della Safilo e la continuit\u00e0 produttiva. L&#8217;assessore veneto Elena Donazzan, presente ieri, con il responsabile dell&#8217;unit\u00e0 di crisi regionale, al Comitato di sorveglianza socio istituzionale.<br \/>\n<strong>BELLUNO<\/strong> Niente cellulari fino al termine della seconda media, controllo del traffico on line fino a 14 anni e regole chiare e condivise all&#8217;interno della stessa famiglia. \u00c8 il &#8220;Patto di comunit\u00e0&#8221; siglato da alcuni genitori per il benessere digitale di bambini e ragazzi.<br \/>\n<strong>BELLUNO<\/strong> A una settimana dal lancio della petizione online su change.org a sostegno del diritto alla salute nella provincia di Belluno, ovvero della sanit\u00e0 in montagna la Cisl Belluno Treviso ha gi\u00e0 raccolto pi\u00f9 di 1.600 sottoscrizioni e altrettante condivisioni.<br \/>\n<strong>BELLUNO<\/strong> La Provincia ha elaborato un documento per sfruttare al meglio l&#8217;opportunit\u00e0 offerta dal piano varato a Venezia con le grandi direttrici ciclabili regionali. \u00abIl Bellunese pu\u00f2 essere l&#8217;anello di congiunzione tra nord e sud, ma anche tra est e ovest nella rete delle grandi ciclabili\u00bb, lo dice il consigliere provinciale delegato alle infrastrutture e alla viabilit\u00e0, Fabio Luchetta.<br \/>\n<strong>BELLUNO<\/strong> Iniziata l&#8217;operazione di abbattimento degli alberi in piazza Martiri. Quattro le piante da eliminare per problemi strutturali, sicurezza a rischio. A terra il cedro intiolato a Chico Mendes.<br \/>\n<strong>BELLUNO<\/strong> Tre passaggi pedonali rialzati e asfaltature in diverse aree della citt\u00e0: il primo piano di interventi \u00e8 pronto a partire. Con circa 65 mila, fondi assicurati dalla Finanziaria 2023.<br \/>\n<strong>RACCOLTA FONDI<\/strong> PER LA FIBROSI CISTICA SABATO 6 maggio a Santo Stefano di Cadore, Dosoledo, Agordo, Caviola, Falcade, Castion in Piazza I\u00b0 Maggio (Alpini), Puos d\u2019Alpago Piazza P. Luciani. DOMENICA 7 Maggio Parrocchie De Pol (Rivamonte, Tiser, Gosaldo, Frassen\u00e8 e Voltago) Durante la settimana ci sar\u00e0 la recapito porta a porta della \u201cdipladenia\u201d a Farra d\u2019Alpago e Zopp\u00e8 di Cadore<br \/>\n<strong>CANALE D&#8217;AGORDO<\/strong> \u00abPer l&#8217;estate la nuova strada di Ga\u00e8r dovrebbe essere terminata\u00bb. Lo annuncia il sindaco uscente di Canale d&#8217;Agordo, Flavio Colcergnan, nel fare lo stato dell&#8217;arte di un intervento molto importante in particolare, ma non solo, per la cinquantina di abitanti della frazione di Carfon.<br \/>\n<strong>FALCADE<\/strong> La Pro loco di Caviola, in collaborazione con il Comune di Falcade, organizza per sabato la giornata ecologica. Il ritrovo \u00e8 alle 8,30 in piazza Pertini a Caviola, se possibile, muniti di giubbotto catarifrangente.<br \/>\n<strong>DOMANI<\/strong> Quattro chiacchiere con l&#8217;ostetrica e la psicologa MENOPAUSA dalle 9.00 alle 10.00 CONTRACCEZIONE dalle 10.00 alle 11.00 ALLATTAMENTO dalle 11.00 alle 12.00 Consultorio di Agordo (Via Fontana 36) con l&#8217;ostetrica Cinzia Scapolan e la psicologa Lucia Poggioli.\u00a0 ISCRIZIONI: comunicazione@aulss1.veneto.it<br \/>\n<strong>BELLUNO<\/strong>\u00a0L\u2019Ulss Dolomiti, in collaborazione con il Comitato d\u2019Intesa, Antenna Anziani e Scuole in Rete, promuove un percorso di educazione alla salute e al benessere per favorire l\u2019invecchiamento attivo.<br \/>\n<strong>LA VALLE<\/strong> A La Valle due giorni di festa con l&#8217;Om Salvarech. Lunedi 24 aprile, al tendone presentazione della mostra &#8220;vers l&#8217;insuda&#8221;:gli aquerelli dipinti dagli alunni della scuola primaria, dalle 17 l&#8217;apertivo selvatico con Rdj, 19 stand gastronomico, serata danzante con la Spritzband e a seguire dico-tek con Rdj. Martedi 25 aprile al tendone di Conaggia ALLE 10.30 LO SPECIALE CON ANDREA DA ROIT<br \/>\n<strong>CALCIO<\/strong> AGORDINA AI PLAYOUT. AFFRONTERA&#8217; IL GEMELLE<br \/>\n<strong>HOCKEY<\/strong> SU GHIACCIO SI APRE CON UNA SCONFITTA ALL&#8217;OVERTIME IL MONDIALE DELLA NAZIONALE FEMMINILE<br \/>\n<strong>SCI NORDICO<\/strong> FESTA DI FINE STAGIONE PER LO SCI NORDICO MARMOLADA<br \/>\n<strong>NUOTO<\/strong> TROFEO LE BANDIE: DECIMO POSTO ASSOLUTO PER I MASTER BELLUNESI A SPRESIANO<\/p>\n<p>&nbsp;<\/p>\n<p>&nbsp;<\/p>\n<p>&nbsp;<\/p>\n<p><iframe loading=\"lazy\" title=\"RASSEGNA STAMPA LOCALE\" width=\"1200\" height=\"675\" src=\"https:\/\/www.youtube.com\/embed\/K_fjFs5GCWg?feature=oembed\" frameborder=\"0\" allow=\"accelerometer; autoplay; clipboard-write; encrypted-media; gyroscope; picture-in-picture; web-share\" allowfullscreen><\/iframe><\/p>\n<p>&nbsp;<\/p>\n<p>&nbsp;<\/p>\n<p>&nbsp;<\/p>\n<hr \/>\n<p>&nbsp;<\/p>\n","protected":false},"excerpt":{"rendered":"<p>AGORDO\/TAIBON Gestione Servizi Pubblici informa che ad Agordo, nelle localit\u00e0 Veran e Crostolin, e a Taibon Agordino, nelle localit\u00e0 Ronch De Buos e Nogarola, l&#8217;acqua erogata dall&#8217;acquedotto \u00e8 di nuovo potabile e pu\u00f2 essere usata, quindi, per scopi alimentari. BELLUNO Divieto di dimora in provincia di Belluno per l&#8217;uomo che venerd\u00ec sera ha aggredito Giuseppe&hellip;<\/p>\n","protected":false},"author":4,"featured_media":331901,"comment_status":"closed","ping_status":"closed","sticky":false,"template":"","format":"standard","meta":{"_monsterinsights_skip_tracking":false,"_monsterinsights_sitenote_active":false,"_monsterinsights_sitenote_note":"","_monsterinsights_sitenote_category":0,"footnotes":""},"categories":[104,49],"tags":[],"class_list":["post-331908","post","type-post","status-publish","format-standard","has-post-thumbnail","hentry","category-evidenza_3","category-news-18","category-104","category-49","description-off"],"img_url":"https:\/\/www.radiopiu.net\/wordpress\/wp-content\/uploads\/2023\/04\/coper1.png","_links":{"self":[{"href":"https:\/\/www.radiopiu.net\/wordpress\/wp-json\/wp\/v2\/posts\/331908","targetHints":{"allow":["GET"]}}],"collection":[{"href":"https:\/\/www.radiopiu.net\/wordpress\/wp-json\/wp\/v2\/posts"}],"about":[{"href":"https:\/\/www.radiopiu.net\/wordpress\/wp-json\/wp\/v2\/types\/post"}],"author":[{"embeddable":true,"href":"https:\/\/www.radiopiu.net\/wordpress\/wp-json\/wp\/v2\/users\/4"}],"replies":[{"embeddable":true,"href":"https:\/\/www.radiopiu.net\/wordpress\/wp-json\/wp\/v2\/comments?post=331908"}],"version-history":[{"count":0,"href":"https:\/\/www.radiopiu.net\/wordpress\/wp-json\/wp\/v2\/posts\/331908\/revisions"}],"wp:featuredmedia":[{"embeddable":true,"href":"https:\/\/www.radiopiu.net\/wordpress\/wp-json\/wp\/v2\/media\/331901"}],"wp:attachment":[{"href":"https:\/\/www.radiopiu.net\/wordpress\/wp-json\/wp\/v2\/media?parent=331908"}],"wp:term":[{"taxonomy":"category","embeddable":true,"href":"https:\/\/www.radiopiu.net\/wordpress\/wp-json\/wp\/v2\/categories?post=331908"},{"taxonomy":"post_tag","embeddable":true,"href":"https:\/\/www.radiopiu.net\/wordpress\/wp-json\/wp\/v2\/tags?post=331908"}],"curies":[{"name":"wp","href":"https:\/\/api.w.org\/{rel}","templated":true}]}}