{"id":331973,"date":"2023-04-19T05:39:59","date_gmt":"2023-04-19T03:39:59","guid":{"rendered":"https:\/\/www.radiopiu.net\/wordpress\/?p=331973"},"modified":"2023-04-19T05:48:02","modified_gmt":"2023-04-19T03:48:02","slug":"agordo-lacrime-e-ricordi","status":"publish","type":"post","link":"https:\/\/www.radiopiu.net\/wordpress\/agordo-lacrime-e-ricordi\/","title":{"rendered":"AGORDO\u00a0 LACRIME\u00a0 E RICORDI."},"content":{"rendered":"<h3><\/h3>\n<p><a class=\"dt-pswp-item\" href=\"https:\/\/www.radiopiu.net\/wordpress\/wp-content\/uploads\/2023\/04\/ed62e1df-b87f-4f2f-8bc6-94f50de91210.jpg\" data-dt-img-description=\"\" data-large_image_width=\"1105\" data-large_image_height=\"1291\"><img loading=\"lazy\" decoding=\"async\" class=\"size-medium wp-image-331972 alignleft\" src=\"https:\/\/www.radiopiu.net\/wordpress\/wp-content\/uploads\/2023\/04\/ed62e1df-b87f-4f2f-8bc6-94f50de91210-257x300.jpg\" alt=\"\" width=\"257\" height=\"300\" srcset=\"https:\/\/www.radiopiu.net\/wordpress\/wp-content\/uploads\/2023\/04\/ed62e1df-b87f-4f2f-8bc6-94f50de91210-257x300.jpg 257w, https:\/\/www.radiopiu.net\/wordpress\/wp-content\/uploads\/2023\/04\/ed62e1df-b87f-4f2f-8bc6-94f50de91210-876x1024.jpg 876w, https:\/\/www.radiopiu.net\/wordpress\/wp-content\/uploads\/2023\/04\/ed62e1df-b87f-4f2f-8bc6-94f50de91210-768x897.jpg 768w, https:\/\/www.radiopiu.net\/wordpress\/wp-content\/uploads\/2023\/04\/ed62e1df-b87f-4f2f-8bc6-94f50de91210.jpg 1105w\" sizes=\"auto, (max-width: 257px) 100vw, 257px\" \/><\/a><strong>AGORDO<\/strong> Ieri la citt\u00e0 ha dato l&#8217;ultimo saluto alla sua maestra, Elena Orlandi &#8220;Neni&#8221; Dell&#8217;Andrea. Oggi alel 14.30\u00a0 i funerali di Giorgio Ganz e l&#8217;abbraccio alla moglie Sofia, ai figli Paola, Francesco, Elena, alla sorella Wanda, nipoti, parenti, ex dipendenti del Centro Commerciale Ganz ed amici.<\/p>\n<p>Dario Ganz, il nipote ha reso pubblico un ricordo di casa Ganz <em>&#8220;un&#8217;immagine sulla simpatia e socialit\u00e0 di Giorgio &#8220;lo zio Giorgio&#8221; Ganz. Eccolo con il vincitore di una edizione della Agordo-Frassen\u00e8 e mio pap\u00e0 Franco Ganz al bancone di una delle prime, forse la prima, pizzeria aperta nell&#8217;agordino in Via Insurrezione ad Agordo&#8221;.<\/em><br \/>\n<strong>Foto ritrovata grazie a Corrado Cattadori e Dario Nardin. Archivio Famiglia Ganz.\u00a0<\/strong><\/p>\n<p>&nbsp;<\/p>\n<p>&nbsp;<\/p>\n<p>&nbsp;<\/p>\n<hr \/>\n<p>&nbsp;<\/p>\n","protected":false},"excerpt":{"rendered":"<p>AGORDO Ieri la citt\u00e0 ha dato l&#8217;ultimo saluto alla sua maestra, Elena Orlandi &#8220;Neni&#8221; Dell&#8217;Andrea. Oggi alel 14.30\u00a0 i funerali di Giorgio Ganz e l&#8217;abbraccio alla moglie Sofia, ai figli Paola, Francesco, Elena, alla sorella Wanda, nipoti, parenti, ex dipendenti del Centro Commerciale Ganz ed amici. Dario Ganz, il nipote ha reso pubblico un ricordo&hellip;<\/p>\n","protected":false},"author":4,"featured_media":331974,"comment_status":"closed","ping_status":"closed","sticky":false,"template":"","format":"standard","meta":{"_monsterinsights_skip_tracking":false,"_monsterinsights_sitenote_active":false,"_monsterinsights_sitenote_note":"","_monsterinsights_sitenote_category":0,"footnotes":""},"categories":[51,49],"tags":[],"class_list":["post-331973","post","type-post","status-publish","format-standard","has-post-thumbnail","hentry","category-evidenza-top","category-news-18","category-51","category-49","description-off"],"img_url":"https:\/\/www.radiopiu.net\/wordpress\/wp-content\/uploads\/2023\/04\/Senza-nome-48.jpg","_links":{"self":[{"href":"https:\/\/www.radiopiu.net\/wordpress\/wp-json\/wp\/v2\/posts\/331973","targetHints":{"allow":["GET"]}}],"collection":[{"href":"https:\/\/www.radiopiu.net\/wordpress\/wp-json\/wp\/v2\/posts"}],"about":[{"href":"https:\/\/www.radiopiu.net\/wordpress\/wp-json\/wp\/v2\/types\/post"}],"author":[{"embeddable":true,"href":"https:\/\/www.radiopiu.net\/wordpress\/wp-json\/wp\/v2\/users\/4"}],"replies":[{"embeddable":true,"href":"https:\/\/www.radiopiu.net\/wordpress\/wp-json\/wp\/v2\/comments?post=331973"}],"version-history":[{"count":0,"href":"https:\/\/www.radiopiu.net\/wordpress\/wp-json\/wp\/v2\/posts\/331973\/revisions"}],"wp:featuredmedia":[{"embeddable":true,"href":"https:\/\/www.radiopiu.net\/wordpress\/wp-json\/wp\/v2\/media\/331974"}],"wp:attachment":[{"href":"https:\/\/www.radiopiu.net\/wordpress\/wp-json\/wp\/v2\/media?parent=331973"}],"wp:term":[{"taxonomy":"category","embeddable":true,"href":"https:\/\/www.radiopiu.net\/wordpress\/wp-json\/wp\/v2\/categories?post=331973"},{"taxonomy":"post_tag","embeddable":true,"href":"https:\/\/www.radiopiu.net\/wordpress\/wp-json\/wp\/v2\/tags?post=331973"}],"curies":[{"name":"wp","href":"https:\/\/api.w.org\/{rel}","templated":true}]}}