{"id":331995,"date":"2023-04-19T05:40:52","date_gmt":"2023-04-19T03:40:52","guid":{"rendered":"https:\/\/www.radiopiu.net\/wordpress\/?p=331995"},"modified":"2023-04-19T05:45:03","modified_gmt":"2023-04-19T03:45:03","slug":"e-morto-elserino-piol","status":"publish","type":"post","link":"https:\/\/www.radiopiu.net\/wordpress\/e-morto-elserino-piol\/","title":{"rendered":"E&#8217; MORTO ELSERINO PIOL"},"content":{"rendered":"<p><strong><a class=\"dt-pswp-item\" href=\"https:\/\/www.radiopiu.net\/wordpress\/wp-content\/uploads\/2023\/04\/e1d7c22b-6d0b-4693-8454-ad76f1440ccd.jpg\" data-dt-img-description=\"\" data-large_image_width=\"800\" data-large_image_height=\"450\"><img loading=\"lazy\" decoding=\"async\" class=\" wp-image-332008 alignleft\" src=\"https:\/\/www.radiopiu.net\/wordpress\/wp-content\/uploads\/2023\/04\/e1d7c22b-6d0b-4693-8454-ad76f1440ccd-300x169.jpg\" alt=\"\" width=\"178\" height=\"100\" srcset=\"https:\/\/www.radiopiu.net\/wordpress\/wp-content\/uploads\/2023\/04\/e1d7c22b-6d0b-4693-8454-ad76f1440ccd-300x169.jpg 300w, https:\/\/www.radiopiu.net\/wordpress\/wp-content\/uploads\/2023\/04\/e1d7c22b-6d0b-4693-8454-ad76f1440ccd-768x432.jpg 768w, https:\/\/www.radiopiu.net\/wordpress\/wp-content\/uploads\/2023\/04\/e1d7c22b-6d0b-4693-8454-ad76f1440ccd.jpg 800w\" sizes=\"auto, (max-width: 178px) 100vw, 178px\" \/><\/a>IL CORDOGLIO DEL PRESIDENTE DELLA REGIONE VENETO LUCA ZAIA<\/strong><\/p>\n<p><strong>VENEZIA <\/strong>\u201cE\u2019 partito da Limana, dal bellunese per diventare uno dei grandi protagonisti dell\u2019innovazione tecnologica italiana, creando un grande valore per le imprese per cui lavor\u00f2, a cominciare da Olivetti. Elserino Piol rimarr\u00e0 comunque nella storia dei grandi veneti che hanno contribuito a fare grande l\u2019Italia\u201d. Con queste parole, il Presidente della Regione Veneto ricorda Elserino Mario Piol, spentosi a Milano a 91 anni. \u201cPiol ci lascia anche scritti e libri di notevole spessore e una prestigiosa Fondazione che porta il suo nome. Un lascito prezioso per tutta l\u2019economia veneta e italiana. Alla famiglia e a chi gli ha voluto bene \u2013 conclude \u2013 rivolgo le mie pi\u00f9 sincere condoglianze\u201d.<\/p>\n<p><strong>IL RICORDO DI LORRAINE BERTON, PRESIDENTE DI CONFINDUSTRIA BELLUNO DOLOMITI<\/strong><\/p>\n<p><strong>BELLUNO <\/strong>\u201cSe n\u2019\u00e8 andato un bellunese illustre, innovatore e visionario. Sar\u00e0 nostra cura preservarne la memoria nelle scuole del territorio: il suo esempio pu\u00f2 trasmettere ai nostri giovani fiducia nel futuro e orgoglio nelle proprie radici\u201d. Cos\u00ec Lorraine Berton, presidente di Confindustria Belluno Dolomiti, esprime il proprio cordoglio, quello del Consiglio di Presidenza e dell\u2019intera Associazione per la scomparsa &#8211; all\u2019et\u00e0 di 91 anni &#8211; di Elserino Piol, vicepresidente di Olivetti negli anni Ottanta e Novanta e padre del venture capital in Italia specializzato in telecomunicazioni e internet. \u201cPiol \u00e8 stato un protagonista silenzioso dell\u2019industria e del management italiani, un uomo del fare che, partito da Limana, ha saputo affermarsi a livello internazionale, con incarichi prestigiosi in asset strategici per il Paese. \u00c8 una di quelle figure di cui andare fieri: un figlio della nostra terra che ha fatto la differenza\u201d. \u201cAi familiari ed ex collaboratori va il nostro pensiero\u201d, conclude Berton.<\/p>\n<p><strong>LA NOTA DI RICORDO DEL PRESIDENTE DELLA PROVINCIA DI BELLUNO ROBERTO PADRIN<\/strong><\/p>\n<p><strong>BELLUNO<\/strong> \u00abHa fatto la storia dell\u2019informatica e creato un sistema di innovazione tecnologica che pochi altri al mondo hanno saputo mettere in piedi\u00bb. Lo scrive il presidente della Provincia di Belluno, Roberto Padrin, in una nota di ricordo di Elserino Piol. Il noto dirigente d\u2019azienda, gi\u00e0 vicepresidente di Olivetti, \u00e8 mancato ieri all\u2019et\u00e0 di 91 anni.<br \/>\n\u00abElserino Piol pu\u00f2 a buon diritto essere inserito nell\u2019olimpo dei grandi protagonisti dell\u2019industria informatica italiana. Ed \u00e8 la dimostrazione che anche da una piccola provincia di montagna come Belluno si possono far valere il genio e la creativit\u00e0. Come ha scritto il governatore Zaia, rester\u00e0 nella storia dei veneti e dei bellunesi che hanno contribuito alla crescita del Paese\u00bb.<\/p>\n<p><strong>IL RICORDO DELL&#8217;ASSOCIAZIONE BELLUNESI NEL MONDO<\/strong><\/p>\n<p><strong><a class=\"dt-pswp-item\" href=\"https:\/\/www.radiopiu.net\/wordpress\/wp-content\/uploads\/2023\/04\/elserino_piol.jpg\" data-dt-img-description=\"\" data-large_image_width=\"1783\" data-large_image_height=\"1000\"><img loading=\"lazy\" decoding=\"async\" class=\" wp-image-332032 alignright\" src=\"https:\/\/www.radiopiu.net\/wordpress\/wp-content\/uploads\/2023\/04\/elserino_piol-300x168.jpg\" alt=\"\" width=\"236\" height=\"132\" srcset=\"https:\/\/www.radiopiu.net\/wordpress\/wp-content\/uploads\/2023\/04\/elserino_piol-300x168.jpg 300w, https:\/\/www.radiopiu.net\/wordpress\/wp-content\/uploads\/2023\/04\/elserino_piol-1024x574.jpg 1024w, https:\/\/www.radiopiu.net\/wordpress\/wp-content\/uploads\/2023\/04\/elserino_piol-768x431.jpg 768w, https:\/\/www.radiopiu.net\/wordpress\/wp-content\/uploads\/2023\/04\/elserino_piol-1536x861.jpg 1536w, https:\/\/www.radiopiu.net\/wordpress\/wp-content\/uploads\/2023\/04\/elserino_piol.jpg 1783w\" sizes=\"auto, (max-width: 236px) 100vw, 236px\" \/><\/a>BELLUNO<\/strong> Lutto nell\u2019ambiente dei Bellunesi nel mondo e dell\u2019imprenditoria italiana. \u00c8 scomparso luned\u00ec a Milano Elserino Piol, noto ed affermato dirigente d\u2019azienda, fondatore del venture capital in Italia e riconosciuto padre dello sviluppo di internet. Nato a Limana nel 1931, diplomato perito industriale elettronico, entr\u00f2 nel 1952 nella galassia della Olivetti ricoprendo via via i pi\u00f9 prestigiosi incarichi aziendali. Dopo un periodo trascorso negli Stati Uniti alla Business Harvard School rientr\u00f2 in Olivetti divenendo direttore marketing nel 1965 e sovraintendendo al lancio sul mercato del primo computer della storia noto, come Programma 101. Sostenitore dell\u2019elettronica quale identit\u00e0 della Olivetti negli anni \u201970 diresse l\u2019azienda nel settore delle macchine contabili, delle telescriventi, passando per le periferiche di stampa.<br \/>\nNegli anni \u201980 Carlo De Benedetti lo nomin\u00f2 direttore generale per le strategie e lo sviluppo ed egli fu protagonista della storica alleanza con AT&amp;T. Nel 1990 intu\u00ec le potenzialit\u00e0 del mercato delle telecomunicazioni mobili e fond\u00f2 Omnitel Sistemi Radiocellulari Italiani. In quegli anni conobbe Steve Jobs, divenne di casa nella Silicon Valley e nel frattempo raggiunse la qualifica di vice presidente della Olivetti che lasci\u00f2 nel 1996 dedicandosi completamente al venture capitalism e al finanziamento delle startup come Tiscali e tante altre nel mercato internazionale.<br \/>\n\u00abCon la scomparsa di Elserino Piol &#8211; ricorda il presidente dell\u2019ABM Oscar De Bona &#8211; la presenza bellunese sul palcoscenico dell\u2019imprenditorialit\u00e0 e dell\u2019ingegno italiani e bellunesi perde una sua nota ed affermata \u201cpunta di diamante\u201d, poich\u00e9 egli \u00e8 stato autentico protagonista della straordinaria evoluzione del mondo delle telecomunicazioni che stanno segnando la vita sociale ed economica tra la fine del secolo scorso e gli inizi del nuovo millennio. Non da ultimo Elserino \u00e8 stato uno dei primi ad iscriversi alla community di Bellunoradici.net, il socialnetwork dell\u2019Associazione Bellunesi nel Mondo dedicato ai talenti bellunesi presenti in Italia e all\u2019estero. L\u2019ABM si stringe alla sua famiglia partecipando al lutto che l\u2019ha colpita e nel ricordo commosso di un vero e proprio talento originario delle nostre terre\u00bb.<\/p>\n<p>&nbsp;<\/p>\n<p>&nbsp;<\/p>\n<p>******<\/p>\n","protected":false},"excerpt":{"rendered":"<p>IL CORDOGLIO DEL PRESIDENTE DELLA REGIONE VENETO LUCA ZAIA VENEZIA \u201cE\u2019 partito da Limana, dal bellunese per diventare uno dei grandi protagonisti dell\u2019innovazione tecnologica italiana, creando un grande valore per le imprese per cui lavor\u00f2, a cominciare da Olivetti. Elserino Piol rimarr\u00e0 comunque nella storia dei grandi veneti che hanno contribuito a fare grande l\u2019Italia\u201d.&hellip;<\/p>\n","protected":false},"author":4,"featured_media":332008,"comment_status":"closed","ping_status":"closed","sticky":false,"template":"","format":"standard","meta":{"_monsterinsights_skip_tracking":false,"_monsterinsights_sitenote_active":false,"_monsterinsights_sitenote_note":"","_monsterinsights_sitenote_category":0,"footnotes":""},"categories":[51,49],"tags":[],"class_list":["post-331995","post","type-post","status-publish","format-standard","has-post-thumbnail","hentry","category-evidenza-top","category-news-18","category-51","category-49","description-off"],"img_url":"https:\/\/www.radiopiu.net\/wordpress\/wp-content\/uploads\/2023\/04\/e1d7c22b-6d0b-4693-8454-ad76f1440ccd.jpg","_links":{"self":[{"href":"https:\/\/www.radiopiu.net\/wordpress\/wp-json\/wp\/v2\/posts\/331995","targetHints":{"allow":["GET"]}}],"collection":[{"href":"https:\/\/www.radiopiu.net\/wordpress\/wp-json\/wp\/v2\/posts"}],"about":[{"href":"https:\/\/www.radiopiu.net\/wordpress\/wp-json\/wp\/v2\/types\/post"}],"author":[{"embeddable":true,"href":"https:\/\/www.radiopiu.net\/wordpress\/wp-json\/wp\/v2\/users\/4"}],"replies":[{"embeddable":true,"href":"https:\/\/www.radiopiu.net\/wordpress\/wp-json\/wp\/v2\/comments?post=331995"}],"version-history":[{"count":0,"href":"https:\/\/www.radiopiu.net\/wordpress\/wp-json\/wp\/v2\/posts\/331995\/revisions"}],"wp:featuredmedia":[{"embeddable":true,"href":"https:\/\/www.radiopiu.net\/wordpress\/wp-json\/wp\/v2\/media\/332008"}],"wp:attachment":[{"href":"https:\/\/www.radiopiu.net\/wordpress\/wp-json\/wp\/v2\/media?parent=331995"}],"wp:term":[{"taxonomy":"category","embeddable":true,"href":"https:\/\/www.radiopiu.net\/wordpress\/wp-json\/wp\/v2\/categories?post=331995"},{"taxonomy":"post_tag","embeddable":true,"href":"https:\/\/www.radiopiu.net\/wordpress\/wp-json\/wp\/v2\/tags?post=331995"}],"curies":[{"name":"wp","href":"https:\/\/api.w.org\/{rel}","templated":true}]}}