{"id":332040,"date":"2023-04-19T03:00:16","date_gmt":"2023-04-19T01:00:16","guid":{"rendered":"https:\/\/www.radiopiu.net\/wordpress\/?p=332040"},"modified":"2023-04-19T05:52:48","modified_gmt":"2023-04-19T03:52:48","slug":"la-sarta-di-casa-mezzacasa-la-bruna-del-piano","status":"publish","type":"post","link":"https:\/\/www.radiopiu.net\/wordpress\/la-sarta-di-casa-mezzacasa-la-bruna-del-piano\/","title":{"rendered":"LA SARTA DI CASA MEZZACASA, LA BRUNA DEL PIANO"},"content":{"rendered":"<div class=\"x11i5rnm xat24cr x1mh8g0r x1vvkbs xtlvy1s x126k92a\">\n<div dir=\"auto\"><strong>TAIBON<\/strong> Un operaio&#8230;di quelli dalle mani nere e una ragazza piena di vitalit\u00e0, mi raccontano fosse lei il generale della famiglia, che dava le consegne, gli ordini e attendeva i risultati, possibilimente immediati senza tanti giri di parole. Lui era mio padre, Adone, lei \u00e8 mia mamma, la Bruna del &#8220;Piano&#8221; dal nonno Cipriano Dai Pra. Oggi le parole sono proprio dedicate a lei, non so se l&#8217;abbiamo ringraziata abbastanza in questi suoi 89 anni di vita, ma l&#8217;aver ritrovato questi documenti nel suo cassetto ha fatto riaffiorare i ricordi. I ricordi di quella donna, quotidianamente chiusa nella camera delle mie sorelle a far girare la macchina da cucire della Necchi. Era stata lungimirante da piccola, andando dai Rossi per imparare a cucire, a confezionare vestiti.<\/div>\n<div dir=\"auto\">E&#8217; stata la fortuna di noi figli, due sorelle e un maschio da vestire. E qui esce il grazie, perch\u00e9 non erano tempi di &#8220;vacche grasse&#8221;, uno stipendio per far studiare tre figli e pagare la casa da poco costruita &#8211; oggi anche sede di RADIOPIU &#8211; non era il massimo, e anche i vestiti avevano un costo. Per questo la Bruna si era inventata un fine settimana originale. Scendere a Bes dal fratello Bortoletto &#8211; tappa fissa al sabato &#8211; e poi gi\u00f9 dove oggi c&#8217;\u00e8 il ristorante Carpenada, perch\u00e9 li&#8217; vicino c&#8217;era la &#8220;Sanremo&#8221; e quindi s&#8217;acquistavano metri di scampoli dai quali venivano ricavati vestiti, camice, pantaloni, tende, tovaglie. Ogni tanto ci si perdeva in casa Mezzacasa, la gonna come le tende o, i pantaloni come uno strofinaccio, creavano in effetti un po&#8217; di confusione, ma era bello si riusciva a mimetizzarsi come i camaleonti. Eravano tutti e tre sempre vestiti a puntino, alla moda, perch\u00e9 la Bruna riusciva anche a copiare i modelli&#8230; degli altri. La Necchi del 1953 &#8211; o meglio degli anni trenta &#8211; poi sostituita da una potente macchina da cucire per confezionare gli astucci per occhiali per i Riva da Voltago, i Mottes da Rivamonte o i caschi della Mpa per Parissenti. La casa era diventata un laboratorio e tutti noi a dargli una mano a tagliare fili, inscatolare e via discorrendo. Grazie a questo ulteriore impegno ho potuto studiare musica dal maestro Ernesto Bellus e portare tra le mura di casa quell&#8217;organo che ancora oggi sono pronto a fucilare chi lo tocca&#8230; Alain e Galvano Jr. i miei nipoti, cresciuti in via Paris Bordone, se la sono cavata perch\u00e9 usavano i tasti come tasti e non come tamburi della batteria, oddio c&#8217;\u00e8 voluto un po&#8217; a farglielo capire ma alla fine il risultato \u00e8 stato ottenuto.<\/div>\n<div dir=\"auto\"><\/div>\n<\/div>\n<div class=\"x11i5rnm xat24cr x1mh8g0r x1vvkbs xtlvy1s x126k92a\">\n<div dir=\"auto\">mirko<\/div>\n<\/div>\n<div class=\"x11i5rnm xat24cr x1mh8g0r x1vvkbs xtlvy1s x126k92a\">\n<div dir=\"auto\">ps per l&#8217;amministrazione comunale di Taibon: i documenti ufficiali riportano RONCH DE BOS non ronc de buos&#8230;.. sarebbe il caso di correggere un errore segnalato da tempo e che orami viene riportato in tutti i documenti&#8230; sbagliati.<\/div>\n<\/div>\n<div dir=\"auto\"><\/div>\n<div dir=\"auto\">\n\n\t\t\t<style type='text\/css'>\n\t\t\t\t#gallery-1 {\n\t\t\t\t\tmargin: auto;\n\t\t\t\t}\n\t\t\t\t#gallery-1 .gallery-item {\n\t\t\t\t\tfloat: left;\n\t\t\t\t\tmargin-top: 10px;\n\t\t\t\t\ttext-align: center;\n\t\t\t\t\twidth: 33%;\n\t\t\t\t}\n\t\t\t\t#gallery-1 img {\n\t\t\t\t\tborder: 2px solid #cfcfcf;\n\t\t\t\t}\n\t\t\t\t#gallery-1 .gallery-caption {\n\t\t\t\t\tmargin-left: 0;\n\t\t\t\t}\n\t\t\t\t\/* see gallery_shortcode() in wp-includes\/media.php *\/\n\t\t\t<\/style>\n\t\t<div id='gallery-1' class='dt-gallery-container gallery galleryid-332040 gallery-columns-3 gallery-size-medium'><dl class='gallery-item'>\n\t\t\t\t<dt class='gallery-icon portrait'>\n\t\t\t\t\t<a class=\"rollover\" href='https:\/\/www.radiopiu.net\/wordpress\/la-sarta-di-casa-mezzacasa-la-bruna-del-piano\/337557794_615179713535050_245711361861462918_n\/'><img loading=\"lazy\" decoding=\"async\" width=\"169\" height=\"300\" src=\"https:\/\/www.radiopiu.net\/wordpress\/wp-content\/uploads\/2023\/04\/337557794_615179713535050_245711361861462918_n-169x300.jpg\" class=\"attachment-medium size-medium\" alt=\"\" srcset=\"https:\/\/www.radiopiu.net\/wordpress\/wp-content\/uploads\/2023\/04\/337557794_615179713535050_245711361861462918_n-169x300.jpg 169w, https:\/\/www.radiopiu.net\/wordpress\/wp-content\/uploads\/2023\/04\/337557794_615179713535050_245711361861462918_n-576x1024.jpg 576w, https:\/\/www.radiopiu.net\/wordpress\/wp-content\/uploads\/2023\/04\/337557794_615179713535050_245711361861462918_n-768x1365.jpg 768w, https:\/\/www.radiopiu.net\/wordpress\/wp-content\/uploads\/2023\/04\/337557794_615179713535050_245711361861462918_n-864x1536.jpg 864w, https:\/\/www.radiopiu.net\/wordpress\/wp-content\/uploads\/2023\/04\/337557794_615179713535050_245711361861462918_n.jpg 1152w\" sizes=\"auto, (max-width: 169px) 100vw, 169px\" \/><\/a>\n\t\t\t\t<\/dt><\/dl><dl class='gallery-item'>\n\t\t\t\t<dt class='gallery-icon landscape'>\n\t\t\t\t\t<a class=\"rollover\" href='https:\/\/www.radiopiu.net\/wordpress\/la-sarta-di-casa-mezzacasa-la-bruna-del-piano\/337753122_146056075094320_5856443272869991589_n\/'><img loading=\"lazy\" decoding=\"async\" width=\"300\" height=\"169\" src=\"https:\/\/www.radiopiu.net\/wordpress\/wp-content\/uploads\/2023\/04\/337753122_146056075094320_5856443272869991589_n-300x169.jpg\" class=\"attachment-medium size-medium\" alt=\"\" srcset=\"https:\/\/www.radiopiu.net\/wordpress\/wp-content\/uploads\/2023\/04\/337753122_146056075094320_5856443272869991589_n-300x169.jpg 300w, https:\/\/www.radiopiu.net\/wordpress\/wp-content\/uploads\/2023\/04\/337753122_146056075094320_5856443272869991589_n-1024x576.jpg 1024w, https:\/\/www.radiopiu.net\/wordpress\/wp-content\/uploads\/2023\/04\/337753122_146056075094320_5856443272869991589_n-768x432.jpg 768w, https:\/\/www.radiopiu.net\/wordpress\/wp-content\/uploads\/2023\/04\/337753122_146056075094320_5856443272869991589_n-1536x864.jpg 1536w, https:\/\/www.radiopiu.net\/wordpress\/wp-content\/uploads\/2023\/04\/337753122_146056075094320_5856443272869991589_n.jpg 2048w\" sizes=\"auto, (max-width: 300px) 100vw, 300px\" \/><\/a>\n\t\t\t\t<\/dt><\/dl><dl class='gallery-item'>\n\t\t\t\t<dt class='gallery-icon landscape'>\n\t\t\t\t\t<a class=\"rollover\" href='https:\/\/www.radiopiu.net\/wordpress\/la-sarta-di-casa-mezzacasa-la-bruna-del-piano\/338036682_2505701839580113_6765452434902516671_n\/'><img loading=\"lazy\" decoding=\"async\" width=\"300\" height=\"169\" src=\"https:\/\/www.radiopiu.net\/wordpress\/wp-content\/uploads\/2023\/04\/338036682_2505701839580113_6765452434902516671_n-300x169.jpg\" class=\"attachment-medium size-medium\" alt=\"\" srcset=\"https:\/\/www.radiopiu.net\/wordpress\/wp-content\/uploads\/2023\/04\/338036682_2505701839580113_6765452434902516671_n-300x169.jpg 300w, https:\/\/www.radiopiu.net\/wordpress\/wp-content\/uploads\/2023\/04\/338036682_2505701839580113_6765452434902516671_n-1024x576.jpg 1024w, https:\/\/www.radiopiu.net\/wordpress\/wp-content\/uploads\/2023\/04\/338036682_2505701839580113_6765452434902516671_n-768x432.jpg 768w, https:\/\/www.radiopiu.net\/wordpress\/wp-content\/uploads\/2023\/04\/338036682_2505701839580113_6765452434902516671_n-1536x864.jpg 1536w, https:\/\/www.radiopiu.net\/wordpress\/wp-content\/uploads\/2023\/04\/338036682_2505701839580113_6765452434902516671_n.jpg 2048w\" sizes=\"auto, (max-width: 300px) 100vw, 300px\" \/><\/a>\n\t\t\t\t<\/dt><\/dl><br style=\"clear: both\" \/><dl class='gallery-item'>\n\t\t\t\t<dt class='gallery-icon portrait'>\n\t\t\t\t\t<a class=\"rollover\" href='https:\/\/www.radiopiu.net\/wordpress\/la-sarta-di-casa-mezzacasa-la-bruna-del-piano\/337747367_648496720450011_1191896553190658200_n\/'><img loading=\"lazy\" decoding=\"async\" width=\"169\" height=\"300\" src=\"https:\/\/www.radiopiu.net\/wordpress\/wp-content\/uploads\/2023\/04\/337747367_648496720450011_1191896553190658200_n-169x300.jpg\" class=\"attachment-medium size-medium\" alt=\"\" srcset=\"https:\/\/www.radiopiu.net\/wordpress\/wp-content\/uploads\/2023\/04\/337747367_648496720450011_1191896553190658200_n-169x300.jpg 169w, https:\/\/www.radiopiu.net\/wordpress\/wp-content\/uploads\/2023\/04\/337747367_648496720450011_1191896553190658200_n-576x1024.jpg 576w, https:\/\/www.radiopiu.net\/wordpress\/wp-content\/uploads\/2023\/04\/337747367_648496720450011_1191896553190658200_n-768x1365.jpg 768w, https:\/\/www.radiopiu.net\/wordpress\/wp-content\/uploads\/2023\/04\/337747367_648496720450011_1191896553190658200_n-864x1536.jpg 864w, https:\/\/www.radiopiu.net\/wordpress\/wp-content\/uploads\/2023\/04\/337747367_648496720450011_1191896553190658200_n.jpg 1152w\" sizes=\"auto, (max-width: 169px) 100vw, 169px\" \/><\/a>\n\t\t\t\t<\/dt><\/dl><dl class='gallery-item'>\n\t\t\t\t<dt class='gallery-icon landscape'>\n\t\t\t\t\t<a class=\"rollover\" href='https:\/\/www.radiopiu.net\/wordpress\/la-sarta-di-casa-mezzacasa-la-bruna-del-piano\/337886417_176289555298824_4293353645141189633_n\/'><img loading=\"lazy\" decoding=\"async\" width=\"300\" height=\"169\" src=\"https:\/\/www.radiopiu.net\/wordpress\/wp-content\/uploads\/2023\/04\/337886417_176289555298824_4293353645141189633_n-300x169.jpg\" class=\"attachment-medium size-medium\" alt=\"\" srcset=\"https:\/\/www.radiopiu.net\/wordpress\/wp-content\/uploads\/2023\/04\/337886417_176289555298824_4293353645141189633_n-300x169.jpg 300w, https:\/\/www.radiopiu.net\/wordpress\/wp-content\/uploads\/2023\/04\/337886417_176289555298824_4293353645141189633_n-1024x576.jpg 1024w, https:\/\/www.radiopiu.net\/wordpress\/wp-content\/uploads\/2023\/04\/337886417_176289555298824_4293353645141189633_n-768x432.jpg 768w, https:\/\/www.radiopiu.net\/wordpress\/wp-content\/uploads\/2023\/04\/337886417_176289555298824_4293353645141189633_n-1536x864.jpg 1536w, https:\/\/www.radiopiu.net\/wordpress\/wp-content\/uploads\/2023\/04\/337886417_176289555298824_4293353645141189633_n.jpg 2048w\" sizes=\"auto, (max-width: 300px) 100vw, 300px\" \/><\/a>\n\t\t\t\t<\/dt><\/dl><dl class='gallery-item'>\n\t\t\t\t<dt class='gallery-icon landscape'>\n\t\t\t\t\t<a class=\"rollover\" href='https:\/\/www.radiopiu.net\/wordpress\/la-sarta-di-casa-mezzacasa-la-bruna-del-piano\/337739483_1204363313780832_6311143324204909171_n\/'><img loading=\"lazy\" decoding=\"async\" width=\"300\" height=\"169\" src=\"https:\/\/www.radiopiu.net\/wordpress\/wp-content\/uploads\/2023\/04\/337739483_1204363313780832_6311143324204909171_n-300x169.jpg\" class=\"attachment-medium size-medium\" alt=\"\" srcset=\"https:\/\/www.radiopiu.net\/wordpress\/wp-content\/uploads\/2023\/04\/337739483_1204363313780832_6311143324204909171_n-300x169.jpg 300w, https:\/\/www.radiopiu.net\/wordpress\/wp-content\/uploads\/2023\/04\/337739483_1204363313780832_6311143324204909171_n-1024x576.jpg 1024w, https:\/\/www.radiopiu.net\/wordpress\/wp-content\/uploads\/2023\/04\/337739483_1204363313780832_6311143324204909171_n-768x432.jpg 768w, https:\/\/www.radiopiu.net\/wordpress\/wp-content\/uploads\/2023\/04\/337739483_1204363313780832_6311143324204909171_n-1536x864.jpg 1536w, https:\/\/www.radiopiu.net\/wordpress\/wp-content\/uploads\/2023\/04\/337739483_1204363313780832_6311143324204909171_n.jpg 2048w\" sizes=\"auto, (max-width: 300px) 100vw, 300px\" \/><\/a>\n\t\t\t\t<\/dt><\/dl><br style=\"clear: both\" \/>\n\t\t\t<\/div>\n\n<\/div>\n<div dir=\"auto\"><\/div>\n","protected":false},"excerpt":{"rendered":"<p>TAIBON Un operaio&#8230;di quelli dalle mani nere e una ragazza piena di vitalit\u00e0, mi raccontano fosse lei il generale della famiglia, che dava le consegne, gli ordini e attendeva i risultati, possibilimente immediati senza tanti giri di parole. Lui era mio padre, Adone, lei \u00e8 mia mamma, la Bruna del &#8220;Piano&#8221; dal nonno Cipriano Dai&hellip;<\/p>\n","protected":false},"author":4,"featured_media":332081,"comment_status":"closed","ping_status":"closed","sticky":false,"template":"","format":"standard","meta":{"_monsterinsights_skip_tracking":false,"_monsterinsights_sitenote_active":false,"_monsterinsights_sitenote_note":"","_monsterinsights_sitenote_category":0,"footnotes":""},"categories":[104,49],"tags":[],"class_list":["post-332040","post","type-post","status-publish","format-standard","has-post-thumbnail","hentry","category-evidenza_3","category-news-18","category-104","category-49","description-off"],"img_url":"https:\/\/www.radiopiu.net\/wordpress\/wp-content\/uploads\/2023\/04\/337886417_176289555298824_4293353645141189633_n.jpg","_links":{"self":[{"href":"https:\/\/www.radiopiu.net\/wordpress\/wp-json\/wp\/v2\/posts\/332040","targetHints":{"allow":["GET"]}}],"collection":[{"href":"https:\/\/www.radiopiu.net\/wordpress\/wp-json\/wp\/v2\/posts"}],"about":[{"href":"https:\/\/www.radiopiu.net\/wordpress\/wp-json\/wp\/v2\/types\/post"}],"author":[{"embeddable":true,"href":"https:\/\/www.radiopiu.net\/wordpress\/wp-json\/wp\/v2\/users\/4"}],"replies":[{"embeddable":true,"href":"https:\/\/www.radiopiu.net\/wordpress\/wp-json\/wp\/v2\/comments?post=332040"}],"version-history":[{"count":0,"href":"https:\/\/www.radiopiu.net\/wordpress\/wp-json\/wp\/v2\/posts\/332040\/revisions"}],"wp:featuredmedia":[{"embeddable":true,"href":"https:\/\/www.radiopiu.net\/wordpress\/wp-json\/wp\/v2\/media\/332081"}],"wp:attachment":[{"href":"https:\/\/www.radiopiu.net\/wordpress\/wp-json\/wp\/v2\/media?parent=332040"}],"wp:term":[{"taxonomy":"category","embeddable":true,"href":"https:\/\/www.radiopiu.net\/wordpress\/wp-json\/wp\/v2\/categories?post=332040"},{"taxonomy":"post_tag","embeddable":true,"href":"https:\/\/www.radiopiu.net\/wordpress\/wp-json\/wp\/v2\/tags?post=332040"}],"curies":[{"name":"wp","href":"https:\/\/api.w.org\/{rel}","templated":true}]}}