{"id":332047,"date":"2023-04-20T05:22:23","date_gmt":"2023-04-20T03:22:23","guid":{"rendered":"https:\/\/www.radiopiu.net\/wordpress\/?p=332047"},"modified":"2023-04-21T13:01:19","modified_gmt":"2023-04-21T11:01:19","slug":"giornale-radiopiu-20-aprile-2023-direttore-mirko-mezzacasa-verso-i-40-anni-25-giugno-1983-25-giugno-2023","status":"publish","type":"post","link":"https:\/\/www.radiopiu.net\/wordpress\/giornale-radiopiu-20-aprile-2023-direttore-mirko-mezzacasa-verso-i-40-anni-25-giugno-1983-25-giugno-2023\/","title":{"rendered":"GIORNALE RADIOPIU 20 APRILE 2023 DIRETTORE MIRKO MEZZACASA&#8230;verso i 40 anni 25 giugno 1983-25 giugno 2023"},"content":{"rendered":"<h2 style=\"text-align: left;\"><span style=\"color: #ff0000;\"><span style=\"vertical-align: inherit;\">ISCRIVITI AL NOSTRO CANALE\u00a0 <\/span><\/span><span style=\"vertical-align: inherit;\"> YOUTUBE PER SEGUIRE IN DIRETTA I PRINCIPALI PROGRAMMI DI RADIO PIU&#8217; E LE FUTURE DIRETTE IN ESTERNA. PER ISCRIVERTI <\/span><a style=\"color: #ff0000;\" href=\"https:\/\/youtube.com\/@radiopiu1527\"><span style=\"vertical-align: inherit;\">CLICCA QUI <\/span><\/a><span style=\"color: #ff0000; font-size: 14px; font-weight: normal;\"><span style=\"vertical-align: inherit;\">E PREMI\u00a0 &#8220;Iscriviti&#8221;\u00a0 \u00a0 \u00a0<\/span><\/span><\/h2>\n<p>&nbsp;<\/p>\n<div dir=\"auto\"><span style=\"color: #0000ff;\"><strong>E anche oggi RADIOPIU si fa in cinque per i suoi ascoltatori&#8230;.<\/strong><\/span><\/div>\n<div dir=\"auto\"><strong><a class=\"dt-pswp-item\" href=\"https:\/\/www.radiopiu.net\/wordpress\/wp-content\/uploads\/2023\/04\/file.jpg\" data-dt-img-description=\"\" data-large_image_width=\"640\" data-large_image_height=\"640\"><img loading=\"lazy\" decoding=\"async\" class=\"wp-image-332148 alignleft\" src=\"https:\/\/www.radiopiu.net\/wordpress\/wp-content\/uploads\/2023\/04\/file-300x300.jpg\" alt=\"\" width=\"129\" height=\"129\" srcset=\"https:\/\/www.radiopiu.net\/wordpress\/wp-content\/uploads\/2023\/04\/file-300x300.jpg 300w, https:\/\/www.radiopiu.net\/wordpress\/wp-content\/uploads\/2023\/04\/file-150x150.jpg 150w, https:\/\/www.radiopiu.net\/wordpress\/wp-content\/uploads\/2023\/04\/file.jpg 640w\" sizes=\"auto, (max-width: 129px) 100vw, 129px\" \/><\/a>1&#8230;.<\/strong> alle 8 la rassegna stampa locale, dal 1983 tutti i giorni puntuale alle otto del mattino, di Mirko Mezzacasa<\/div>\n<div dir=\"auto\"><strong>2.<\/strong> alle 9.15 il country con Alex Nascimben<\/div>\n<div dir=\"auto\"><strong>3&#8230;&#8230;&#8230;..<\/strong>alle 10.30 Maria Rita Gentilin (foto), Spi Cgil Belluno, quindicinale appuntamento<\/div>\n<div dir=\"auto\"><strong>4<\/strong>. ROCK ROVENTE il nuovo programma con il ritorno di Marco Costantini<\/div>\n<div dir=\"auto\"><strong>5&#8230;&#8230;&#8230;&#8230;..<\/strong>alle 16.00 le Hit, la storia, con Mirco Bencivenni<\/div>\n<div dir=\"auto\"><\/div>\n<div dir=\"auto\"><\/div>\n<div dir=\"auto\"><\/div>\n<div dir=\"auto\">\n<hr \/>\n<\/div>\n<p>&nbsp;<\/p>\n<p><strong><a class=\"dt-pswp-item\" href=\"https:\/\/www.radiopiu.net\/wordpress\/wp-content\/uploads\/2023\/04\/SCALE-PRIMO.jpg\" data-dt-img-description=\"\" data-large_image_width=\"316\" data-large_image_height=\"168\"><img loading=\"lazy\" decoding=\"async\" class=\" wp-image-331567 alignleft\" src=\"https:\/\/www.radiopiu.net\/wordpress\/wp-content\/uploads\/2023\/04\/SCALE-PRIMO-300x159.jpg\" alt=\"\" width=\"191\" height=\"101\" srcset=\"https:\/\/www.radiopiu.net\/wordpress\/wp-content\/uploads\/2023\/04\/SCALE-PRIMO-300x159.jpg 300w, https:\/\/www.radiopiu.net\/wordpress\/wp-content\/uploads\/2023\/04\/SCALE-PRIMO.jpg 316w\" sizes=\"auto, (max-width: 191px) 100vw, 191px\" \/><\/a>SR 50 SCALE DI PRIMOLANO,<\/strong>\u00a0Fastro-Primolano,\u00a0dal 13 aprile al 6 maggio\u00a0divieto di transito direzione di marcia Fastro-Primolano per tutti i mezzi superiori alle 3,5 tonnellate, caravan e autocaravan.\u00a0 Deviazioni sulla 50 bis in seguito alla chiusura totale delle gallerie San Vito e Brenta.<\/p>\n<p>Galleria San Vito di Arsi\u00e8 chiusura totale della galleria PER TUTTI I MEZZI durante le notti dal 13 aprile al 6 maggio dale 21 alle\u00a0 6 del mattino successivo<\/p>\n<p>&nbsp;<\/p>\n<hr \/>\n<p>&nbsp;<\/p>\n<div class=\"page-title-head hgroup\">\n<blockquote>\n<h3 class=\"entry-title\">DOPO UNA LUNGA MALATTIA E\u2019 MORTA MARIA GRAZIA CARRARO, DIRETTRICE GENERALE DELL\u2019ULSS 1 DOLOMITI<\/h3>\n<\/blockquote>\n<\/div>\n<div class=\"page-title-breadcrumbs\">\n<p><strong>VENEZIA <\/strong>\u201cDopo una lunga malattia \u00e8 mancata la Direttrice Generale dell\u2019Ulss1 Dolomiti, la dottoressa Maria Grazia Carraro. Sono stato in contatto con lei fin dall\u2019inizio di questo percorso di cura. Abbiamo sempre, tutti, incrociato le dita nella speranza che le cure, anche durissime, alle quali si sottoponeva potessero portare alla remissione del male. Purtroppo non \u00e8 stato cos\u00ec. Non avremmo mai voluto che questo momento arrivasse\u201d. annuncia, con dolore, il Presidente della Regione Veneto. \u201cEsprimo al marito, al figlio, ai suoi familiari, ai colleghi e a tutti coloro che le hanno voluto bene \u2013 dice il Governatore \u2013 il mio pi\u00f9 profondo cordoglio per una perdita umana e professionale assolutamente incolmabile. Maria Grazia ci mancher\u00e0 \u2013 prosegue il Governatore \u2013 ci mancher\u00e0 la persona e la manager di alto livello, che ho voluto alla direzione di una Ulss, ma le cui capacit\u00e0 avevo gi\u00e0 apprezzato nei molteplici incarichi da lei portati avanti con grande professionalit\u00e0 e umanit\u00e0 nell\u2019ambito della sanit\u00e0 veneta. E\u2019 stata una professionista e una persona esemplare, per competenza e passione, che aveva la capacit\u00e0 di trasmettere empatia a tutti coloro che le erano vicini\u201d. \u201cNe ricordo la tenacia, la determinazione, l\u2019amore per il proprio lavoro. Uniti ad una grande umanit\u00e0 e capacit\u00e0 di dialogo\u201d, aggiunge l\u2019Assessore Regionale alla Sanit\u00e0, porgendo le condoglianze alle persone care, agli amici, ai colleghi della dott.ssa Carraro. &#8220;Esprimo il mio cordoglio per la scomparsa prematura della dottoressa Carraro, una persona che, giunta a Belluno in un momento critico, \u00e8 riuscita a rispondere al meglio possibile e con grandissimo sforzo alle esigenze di un territorio complesso come quello della nostra provincia, smussando spesso angoli, con competenza, determinazione e professionalit\u00e0. Una gravissima perdita. Ai familiari le mie pi\u00f9 sentite condoglianze&#8221; le parole dell&#8217;Assessore alla Protezione Civile del Veneto Gianpaolo Bottacin.<\/p>\n\n\t\t\t<style type='text\/css'>\n\t\t\t\t#gallery-1 {\n\t\t\t\t\tmargin: auto;\n\t\t\t\t}\n\t\t\t\t#gallery-1 .gallery-item {\n\t\t\t\t\tfloat: left;\n\t\t\t\t\tmargin-top: 10px;\n\t\t\t\t\ttext-align: center;\n\t\t\t\t\twidth: 50%;\n\t\t\t\t}\n\t\t\t\t#gallery-1 img {\n\t\t\t\t\tborder: 2px solid #cfcfcf;\n\t\t\t\t}\n\t\t\t\t#gallery-1 .gallery-caption {\n\t\t\t\t\tmargin-left: 0;\n\t\t\t\t}\n\t\t\t\t\/* see gallery_shortcode() in wp-includes\/media.php *\/\n\t\t\t<\/style>\n\t\t<div id='gallery-1' class='dt-gallery-container gallery galleryid-332047 gallery-columns-2 gallery-size-medium'><dl class='gallery-item'>\n\t\t\t\t<dt class='gallery-icon landscape'>\n\t\t\t\t\t<a class=\"rollover rollover-zoom dt-pswp-item\" title=\"photo_5908961013531787323_y\" data-dt-img-description=\"\" data-large_image_width=\"1280\" data-large_image_height=\"960\"href='https:\/\/www.radiopiu.net\/wordpress\/wp-content\/uploads\/2023\/04\/photo_5908961013531787323_y.jpg'><img loading=\"lazy\" decoding=\"async\" width=\"300\" height=\"225\" src=\"https:\/\/www.radiopiu.net\/wordpress\/wp-content\/uploads\/2023\/04\/photo_5908961013531787323_y-300x225.jpg\" class=\"attachment-medium size-medium\" alt=\"\" srcset=\"https:\/\/www.radiopiu.net\/wordpress\/wp-content\/uploads\/2023\/04\/photo_5908961013531787323_y-300x225.jpg 300w, https:\/\/www.radiopiu.net\/wordpress\/wp-content\/uploads\/2023\/04\/photo_5908961013531787323_y-1024x768.jpg 1024w, https:\/\/www.radiopiu.net\/wordpress\/wp-content\/uploads\/2023\/04\/photo_5908961013531787323_y-768x576.jpg 768w, https:\/\/www.radiopiu.net\/wordpress\/wp-content\/uploads\/2023\/04\/photo_5908961013531787323_y.jpg 1280w\" sizes=\"auto, (max-width: 300px) 100vw, 300px\" \/><\/a>\n\t\t\t\t<\/dt><\/dl><dl class='gallery-item'>\n\t\t\t\t<dt class='gallery-icon landscape'>\n\t\t\t\t\t<a class=\"rollover rollover-zoom dt-pswp-item\" title=\"photo_5908961013531787322_y\" data-dt-img-description=\"\" data-large_image_width=\"1280\" data-large_image_height=\"960\"href='https:\/\/www.radiopiu.net\/wordpress\/wp-content\/uploads\/2023\/04\/photo_5908961013531787322_y.jpg'><img loading=\"lazy\" decoding=\"async\" width=\"300\" height=\"225\" src=\"https:\/\/www.radiopiu.net\/wordpress\/wp-content\/uploads\/2023\/04\/photo_5908961013531787322_y-300x225.jpg\" class=\"attachment-medium size-medium\" alt=\"\" srcset=\"https:\/\/www.radiopiu.net\/wordpress\/wp-content\/uploads\/2023\/04\/photo_5908961013531787322_y-300x225.jpg 300w, https:\/\/www.radiopiu.net\/wordpress\/wp-content\/uploads\/2023\/04\/photo_5908961013531787322_y-1024x768.jpg 1024w, https:\/\/www.radiopiu.net\/wordpress\/wp-content\/uploads\/2023\/04\/photo_5908961013531787322_y-768x576.jpg 768w, https:\/\/www.radiopiu.net\/wordpress\/wp-content\/uploads\/2023\/04\/photo_5908961013531787322_y.jpg 1280w\" sizes=\"auto, (max-width: 300px) 100vw, 300px\" \/><\/a>\n\t\t\t\t<\/dt><\/dl><br style=\"clear: both\" \/>\n\t\t\t<\/div>\n\n<h2><span style=\"color: #ff0000;\">LE NOTE DI CORDOGLIO<\/span><\/h2>\n<blockquote class=\"wp-embedded-content\" data-secret=\"I7wX5ZEhFH\"><p><a href=\"https:\/\/www.radiopiu.net\/wordpress\/dopo-una-lunga-malattia-e-morta-maria-grazia-carraro-direttrice-generale-dellulss-1-dolomiti\/\">DOPO UNA LUNGA MALATTIA E&#8217; MORTA MARIA GRAZIA CARRARO, DIRETTRICE GENERALE DELL&#8217;ULSS 1 DOLOMITI<\/a><\/p><\/blockquote>\n<p><iframe loading=\"lazy\" class=\"wp-embedded-content\" sandbox=\"allow-scripts\" security=\"restricted\" style=\"position: absolute; clip: rect(1px, 1px, 1px, 1px);\" title=\"&#8220;DOPO UNA LUNGA MALATTIA E&#8217; MORTA MARIA GRAZIA CARRARO, DIRETTRICE GENERALE DELL&#8217;ULSS 1 DOLOMITI&#8221; &#8212; Radio Pi\u00f9\" src=\"https:\/\/www.radiopiu.net\/wordpress\/dopo-una-lunga-malattia-e-morta-maria-grazia-carraro-direttrice-generale-dellulss-1-dolomiti\/embed\/#?secret=6RTvpci7ik#?secret=I7wX5ZEhFH\" data-secret=\"I7wX5ZEhFH\" width=\"600\" height=\"338\" frameborder=\"0\" marginwidth=\"0\" marginheight=\"0\" scrolling=\"no\"><\/iframe><\/p>\n<p>&nbsp;<\/p>\n<hr \/>\n<p>&nbsp;<\/p>\n<p><strong>QUEL GIORNO AD AGORDO, 3 OTTOBRE 2022, IL PRONTO SOCCORSO DI AGORDO, CANTIERE NEL CUORE DELLA CARRARO<br \/>\narchivio radiopiu<\/strong><\/p>\n<p>https:\/\/www.facebook.com\/marco.baghy.1\/videos\/3270639126539429<\/p>\n<p>&nbsp;<\/p>\n<\/div>\n<hr \/>\n<p>&nbsp;<\/p>\n<blockquote>\n<h3>IL RICORDO E IL CORDOGLIO DELL&#8217;ULSS 1 DOLOMITI PER LA MORTE DI MARIA GRAZIA CARRARO<\/h3>\n<\/blockquote>\n<p><strong><a class=\"dt-pswp-item\" href=\"https:\/\/www.radiopiu.net\/wordpress\/wp-content\/uploads\/2023\/04\/Maria-Grazia-Carraro.jpeg\" data-dt-img-description=\"\" data-large_image_width=\"1600\" data-large_image_height=\"1066\"><img loading=\"lazy\" decoding=\"async\" class=\" wp-image-332234 alignleft\" src=\"https:\/\/www.radiopiu.net\/wordpress\/wp-content\/uploads\/2023\/04\/Maria-Grazia-Carraro-300x200.jpeg\" alt=\"\" width=\"191\" height=\"127\" srcset=\"https:\/\/www.radiopiu.net\/wordpress\/wp-content\/uploads\/2023\/04\/Maria-Grazia-Carraro-300x200.jpeg 300w, https:\/\/www.radiopiu.net\/wordpress\/wp-content\/uploads\/2023\/04\/Maria-Grazia-Carraro-1024x682.jpeg 1024w, https:\/\/www.radiopiu.net\/wordpress\/wp-content\/uploads\/2023\/04\/Maria-Grazia-Carraro-768x512.jpeg 768w, https:\/\/www.radiopiu.net\/wordpress\/wp-content\/uploads\/2023\/04\/Maria-Grazia-Carraro-1536x1023.jpeg 1536w, https:\/\/www.radiopiu.net\/wordpress\/wp-content\/uploads\/2023\/04\/Maria-Grazia-Carraro.jpeg 1600w\" sizes=\"auto, (max-width: 191px) 100vw, 191px\" \/><\/a>BELLUNO <\/strong>Nella giornata di ieri, circondata dall\u2019affetto della sua famiglia, \u00e8 mancata la dottoressa Maria Grazia Carraro, Direttore Generale dell\u2019Ulss Dolomiti, in seguito a una malattia che ha affrontato con grande coraggio, dignit\u00e0 e riservatezza. Fino all\u2019ultimo ha condotto l\u2019Azienda con determinazione e tenacia, portando un nuovo approccio alla sanit\u00e0 in montagna e non smettendo mai di guardare al futuro. L\u2019Ulss Dolomiti, profondamente addolorata per la scomparsa della sua guida, esprime il suo cordoglio e si stringe al marito, al figlio e ai familiari tutti.<\/p>\n<p><strong>UN RICORDO<\/strong><\/p>\n<p>Classe 1961, trevigiana, Maria Grazia Carraro si era laureata in Medicina e Chirurgia all\u2019Universit\u00e0 di Padova, dove aveva conseguito anche la specializzazione in Igiene e Medicina Preventiva nel 1992. Dopo una esperienza presso la Direzione Medica del Presidio Ospedaliero dell\u2019ex Ulss 11 Opitergino Mottense, dal 1997 al 2005 aveva prestato servizio alla Direzione Medica dell\u2019Ospedale di Treviso, con incarico di direttore di struttura complessa dal 2003. Dal 2005 ha ricoperto l\u2019incarico di direttore medico e responsabile della funzione ospedaliera all\u2019ex Ulss 7 di Pieve di Soligo dove, dal 2013, \u00e8 stata direttore sanitario fino al 2016. Dal 2012 \u00e8 stata anche presidente del Consiglio di Amministrazione dell\u2019ospedale riabilitativo di Motta di Livenza. Dal 2016 al febbraio 2021 \u00e8 stata direttore sanitario all\u2019Ulss 4 Veneto Orientale. Dal 1\u00b0 marzo 2021 era Direttore Generale dell\u2019Ulss 1 Dolomiti.<\/p>\n<p><strong>IL CORDOGLIO<\/strong><\/p>\n<p>Sempre combattiva e instancabile, il Direttore Carraro ha saputo fin dall\u2019inizio capire il territorio dell\u2019Ulss Dolomiti e la sua complessit\u00e0, andando a conoscere in maniera approfondita ogni parte dell\u2019organizzazione, dal Comelico a Lamon. Non ha risparmiato impegno e sforzi nella fase delicata della pandemia e delle vaccinazioni anti Covid, tessendo una rete con le altre Istituzioni e organizzazioni del territorio (dai Medici di Famiglia alle Farmacie, dalle Amministrazioni Comunali, alle Forze dell\u2019Ordine, al tessuto economico, al mondo della scuola, al Volontariato) per impostare un lavoro di squadra nel fronteggiare al meglio l\u2019emergenza. Suo il pallino della telemedicina e dell\u2019innovazione tecnologica che ha portato ad attivare in provincia modalit\u00e0 di cura in settori specifici che consentono di ridurre gli spostamenti. Ha portato l\u2019intelligenza artificiale negli ospedali, per dare ai professionisti i massimi standard tecnologici. Ha fatto rete con i Comuni per investimenti in sanit\u00e0 anche attraverso i Fondi dei Comuni di Confine. Profondo il rinnovo della squadra, durante la sua Direzione, con la nomina di ben 22 nuovi primari e un certosino lavoro dietro le quinte sull\u2019organizzazione dell\u2019Azienda, favorendo la cultura della analisi dei dati alla base delle decisioni. Ha affrontato di petto la grave carenza di medici attivando, per prima in provincia, un appartamento da mettere a disposizione degli specializzandi e una rete di soluzioni abitative a prezzo calmierato, oltre ad aver spinto per il riconoscimento delle zone disagiatissime per i medici di medicina generale e per altri benefit da inserire nel welfare aziendale. Sua anche l\u2019idea e la concretizzazione di un protocollo con l\u2019Universit\u00e0 di Padova che ha impegnato l\u2019ateneo a incrementare il numero di specializzandi che completano la formazione in Ulss Dolomiti. Ha inoltre favorito l\u2019incremento dei posti disponibili nella sede locale del corso di laurea in infermieristica. Frizzante e ricca di idee, autorevole ma con un sorriso contagioso, ha spronato l\u2019organizzazione ad affrontare i problemi con il \u201cpensiero laterale\u201d, spingendo tutto il territorio a dare una nuova narrazione delle Dolomiti, centrata sui punti di forza per essere attrattivi. Forte la sua carica umana e la cura delle persone e delle relazioni con cui ha saputo conquistare la fiducia dei bellunesi, spingendo ognuno a dare il meglio e a non arrendersi mai, come ha dimostrato fino all\u2019ultimo respiro.<\/p>\n<p>&nbsp;<\/p>\n<hr \/>\n<p>&nbsp;<\/p>\n<blockquote>\n<h3>DAL TG DI ANTENNA 3, CANALE 10 DEL DIGITALE TERRESTRE<\/h3>\n<\/blockquote>\n<p><strong>DI TIZIANA BOLOGNANI\u00a0<\/strong><\/p>\n<p><iframe loading=\"lazy\" title=\"LUTTO PER LA SCOMPARSA DI MARIAGRAZIA CARRARO, DG DELL&#039;ULSS1 DOLOMITI | 19\/04\/2023\" width=\"1200\" height=\"675\" src=\"https:\/\/www.youtube.com\/embed\/82mZmtPEyZc?start=5&#038;feature=oembed\" frameborder=\"0\" allow=\"accelerometer; autoplay; clipboard-write; encrypted-media; gyroscope; picture-in-picture; web-share\" allowfullscreen><\/iframe><\/p>\n<p>&nbsp;<\/p>\n<p>&nbsp;<\/p>\n<hr \/>\n<p>&nbsp;<\/p>\n<blockquote>\n<h3>IERI SERA AD ARTEN<\/h3>\n<\/blockquote>\n<p><strong><a class=\"dt-pswp-item\" href=\"https:\/\/www.radiopiu.net\/wordpress\/wp-content\/uploads\/2023\/04\/Senza-nome-56.jpg\" data-dt-img-description=\"\" data-large_image_width=\"436\" data-large_image_height=\"234\"><img loading=\"lazy\" decoding=\"async\" class=\"size-medium wp-image-332308 aligncenter\" src=\"https:\/\/www.radiopiu.net\/wordpress\/wp-content\/uploads\/2023\/04\/Senza-nome-56-300x161.jpg\" alt=\"\" width=\"300\" height=\"161\" srcset=\"https:\/\/www.radiopiu.net\/wordpress\/wp-content\/uploads\/2023\/04\/Senza-nome-56-300x161.jpg 300w, https:\/\/www.radiopiu.net\/wordpress\/wp-content\/uploads\/2023\/04\/Senza-nome-56.jpg 436w\" sizes=\"auto, (max-width: 300px) 100vw, 300px\" \/><\/a><\/strong><\/p>\n<p><strong>FELTRE<\/strong> Quattro ragazzi in ospedale, \u00e8 la conseguenza dell&#8217;incidente di ieri sera ad Arten. Viaggiavano a bordo dell&#8217;Opel Corsa finita contro un muretto subito dopo il sottopassaggio. Due giovani sono stati socorsi dal personale Suem dell&#8217;ospedale di Feltre, i pi\u00f9 gravi portati in ospedale dall&#8217;elicottero di Trento.<\/p>\n<p>&nbsp;<\/p>\n<p>&nbsp;<\/p>\n<p>&nbsp;<\/p>\n<hr \/>\n<p>&nbsp;<\/p>\n<p><strong>IERI A GOSALDO, TIR INCASTRATO IN CURVA,\u00a0 TEMPI LUNGHI PER LA RIAPERTURA, IMPEGNATI I VIGILI DEL FUOCO DI AGORDO, CON L&#8217;AUTOGRU DA BELLUNO\u00a0<\/strong><\/p>\n<p><em><strong>chilometro 16.200 (sopra Gosaldo)<\/strong><\/em><\/p>\n<div dir=\"auto\">\n\n\t\t\t<style type='text\/css'>\n\t\t\t\t#gallery-2 {\n\t\t\t\t\tmargin: auto;\n\t\t\t\t}\n\t\t\t\t#gallery-2 .gallery-item {\n\t\t\t\t\tfloat: left;\n\t\t\t\t\tmargin-top: 10px;\n\t\t\t\t\ttext-align: center;\n\t\t\t\t\twidth: 25%;\n\t\t\t\t}\n\t\t\t\t#gallery-2 img {\n\t\t\t\t\tborder: 2px solid #cfcfcf;\n\t\t\t\t}\n\t\t\t\t#gallery-2 .gallery-caption {\n\t\t\t\t\tmargin-left: 0;\n\t\t\t\t}\n\t\t\t\t\/* see gallery_shortcode() in wp-includes\/media.php *\/\n\t\t\t<\/style>\n\t\t<div id='gallery-2' class='dt-gallery-container gallery galleryid-332047 gallery-columns-4 gallery-size-thumbnail'><dl class='gallery-item'>\n\t\t\t\t<dt class='gallery-icon landscape'>\n\t\t\t\t\t<a class=\"rollover rollover-zoom dt-pswp-item\" title=\"da29fcef-de88-4145-a2ab-331d19ff0d92\" data-dt-img-description=\"\" data-large_image_width=\"1600\" data-large_image_height=\"1200\"href='https:\/\/www.radiopiu.net\/wordpress\/wp-content\/uploads\/2023\/04\/da29fcef-de88-4145-a2ab-331d19ff0d92.jpg'><img loading=\"lazy\" decoding=\"async\" width=\"150\" height=\"150\" src=\"https:\/\/www.radiopiu.net\/wordpress\/wp-content\/uploads\/2023\/04\/da29fcef-de88-4145-a2ab-331d19ff0d92-150x150.jpg\" class=\"attachment-thumbnail size-thumbnail\" alt=\"\" \/><\/a>\n\t\t\t\t<\/dt><\/dl><dl class='gallery-item'>\n\t\t\t\t<dt class='gallery-icon landscape'>\n\t\t\t\t\t<a class=\"rollover rollover-zoom dt-pswp-item\" title=\"a169842d-f9bf-4f0c-a0a8-e38eca1912a2\" data-dt-img-description=\"\" data-large_image_width=\"1600\" data-large_image_height=\"1200\"href='https:\/\/www.radiopiu.net\/wordpress\/wp-content\/uploads\/2023\/04\/a169842d-f9bf-4f0c-a0a8-e38eca1912a2.jpg'><img loading=\"lazy\" decoding=\"async\" width=\"150\" height=\"150\" src=\"https:\/\/www.radiopiu.net\/wordpress\/wp-content\/uploads\/2023\/04\/a169842d-f9bf-4f0c-a0a8-e38eca1912a2-150x150.jpg\" class=\"attachment-thumbnail size-thumbnail\" alt=\"\" \/><\/a>\n\t\t\t\t<\/dt><\/dl><dl class='gallery-item'>\n\t\t\t\t<dt class='gallery-icon portrait'>\n\t\t\t\t\t<a class=\"rollover rollover-zoom dt-pswp-item\" title=\"a244da57-4578-4e48-be3e-f737a106f937\" data-dt-img-description=\"\" data-large_image_width=\"1200\" data-large_image_height=\"1600\"href='https:\/\/www.radiopiu.net\/wordpress\/wp-content\/uploads\/2023\/04\/a244da57-4578-4e48-be3e-f737a106f937.jpg'><img loading=\"lazy\" decoding=\"async\" width=\"150\" height=\"150\" src=\"https:\/\/www.radiopiu.net\/wordpress\/wp-content\/uploads\/2023\/04\/a244da57-4578-4e48-be3e-f737a106f937-150x150.jpg\" class=\"attachment-thumbnail size-thumbnail\" alt=\"\" \/><\/a>\n\t\t\t\t<\/dt><\/dl><dl class='gallery-item'>\n\t\t\t\t<dt class='gallery-icon landscape'>\n\t\t\t\t\t<a class=\"rollover rollover-zoom dt-pswp-item\" title=\"e2f138b8-c72d-4d55-b0ec-05202306bdad\" data-dt-img-description=\"\" data-large_image_width=\"1600\" data-large_image_height=\"1200\"href='https:\/\/www.radiopiu.net\/wordpress\/wp-content\/uploads\/2023\/04\/e2f138b8-c72d-4d55-b0ec-05202306bdad.jpg'><img loading=\"lazy\" decoding=\"async\" width=\"150\" height=\"150\" src=\"https:\/\/www.radiopiu.net\/wordpress\/wp-content\/uploads\/2023\/04\/e2f138b8-c72d-4d55-b0ec-05202306bdad-150x150.jpg\" class=\"attachment-thumbnail size-thumbnail\" alt=\"\" \/><\/a>\n\t\t\t\t<\/dt><\/dl><br style=\"clear: both\" \/>\n\t\t\t<\/div>\n\n<p>grazie a Ivan Bressan.<\/p>\n<p>&nbsp;<\/p>\n<hr \/>\n<p>&nbsp;<\/p>\n<blockquote>\n<h3>TRUFFAVA GLI AMICI FINGENDO DI LAVORARE IN TRIBUNALE E PREFETTURA<\/h3>\n<\/blockquote>\n<p><strong>OGGI SUL CORRIERE DELLE ALPI<\/strong><\/p>\n<p><strong>DI GIGI SOSSO<\/strong><\/p>\n<blockquote><p><em> Dopo le querele, le indagini sono state portate avanti dalla Squadra mobile della Polizia e si \u00e8 arrivati al processo<\/em><\/p><\/blockquote>\n<p><strong><img loading=\"lazy\" decoding=\"async\" class=\"alignleft\" src=\"https:\/\/www.radiopiu.net\/wordpress\/wp-content\/uploads\/2022\/06\/TRIBUNALE-2.jpg\" width=\"198\" height=\"149\" \/>BELLUNO <\/strong>Procuratrice del Tribunale dei Minori o funzionaria della Prefettura, a seconda della convenienza. Ma la bellunese Tecla De Pellegrin non era n\u00e9 l&#8217;una n\u00e9 l&#8217;altra. Erano ruoli fantomatici, che secondo la Procura della Repubblica le servivano per truffare conoscenti in difficolt\u00e0 con i figli oppure con la casa. E per riuscire a raggirarli avrebbe coinvolto e diffamato un avvocato del foro cittadino, accusandolo di essersi intascato dei soldi. La magistratura, che gi\u00e0 l&#8217;aveva indagata e fatta condannare e arrestare per una serie di truffe a dei preti con il meccanismo delle false malattie, stavolta l&#8217;ha portata a processo per sostituzione di persona, diffamazione e truffa. Reati continuati e aggravati, nell&#8217;ambito dei quali il pubblico ministero contesta la recidiva specifica pluriaggravata infraquinquennale&#8230;.<\/p>\n<p>&nbsp;<\/p>\n<blockquote>\n<h3>UN MILITARE IN CARRIERA L&#8217;UOMO ARRESTATO PER LA DROGA IN AUTO<\/h3>\n<\/blockquote>\n<p><strong>BELLUNO<\/strong> Militare di carriera l&#8217;indagato con coca e 34 mila euro. Un graduato dell&#8217;Esercito, che in questa fase delle indagini per detenzione ai fini di spaccio di sostanza stupefacente \u00e8 a casa, oltre che sottoposto all&#8217;obbligo di dimora a Belluno. Ma nei suoi confronti sarebbe pendente anche una richiesta di sospensione dal servizio. Ieri L.C. ha presentato un ricorso al Tribunale del Riesame per chiedere il dissequestro dei soldi, attraverso l&#8217;avvocato di fiducia Valentina Stefani, ma il pubblico ministero Alberto Primavera non sarebbe per niente d&#8217;accordo e il Tribunale si \u00e8 riservato. . .<\/p>\n<p>&nbsp;<\/p>\n<hr \/>\n<p>&nbsp;<\/p>\n<blockquote>\n<h3>CONTROLLI AUTOVELOX NEL COMUNE DI ALLEGHE<\/h3>\n<\/blockquote>\n<p><strong><a class=\"dt-pswp-item\" href=\"https:\/\/www.radiopiu.net\/wordpress\/wp-content\/uploads\/2022\/12\/AUTOVELOX.jpg\" data-dt-img-description=\"\" data-large_image_width=\"1920\" data-large_image_height=\"1280\"><img loading=\"lazy\" decoding=\"async\" class=\" wp-image-310004 alignleft\" src=\"https:\/\/www.radiopiu.net\/wordpress\/wp-content\/uploads\/2022\/12\/AUTOVELOX-300x200.jpg\" alt=\"\" width=\"179\" height=\"119\" srcset=\"https:\/\/www.radiopiu.net\/wordpress\/wp-content\/uploads\/2022\/12\/AUTOVELOX-300x200.jpg 300w, https:\/\/www.radiopiu.net\/wordpress\/wp-content\/uploads\/2022\/12\/AUTOVELOX-1024x683.jpg 1024w, https:\/\/www.radiopiu.net\/wordpress\/wp-content\/uploads\/2022\/12\/AUTOVELOX-768x512.jpg 768w, https:\/\/www.radiopiu.net\/wordpress\/wp-content\/uploads\/2022\/12\/AUTOVELOX-1536x1024.jpg 1536w, https:\/\/www.radiopiu.net\/wordpress\/wp-content\/uploads\/2022\/12\/AUTOVELOX.jpg 1920w\" sizes=\"auto, (max-width: 179px) 100vw, 179px\" \/><\/a>ALLEGHE<\/strong><\/p>\n<p>di Gianni Santomaso<\/p>\n<audio class=\"wp-audio-shortcode\" id=\"audio-332047-1\" preload=\"none\" style=\"width: 100%;\" controls=\"controls\"><source type=\"audio\/mpeg\" src=\"https:\/\/www.radiopiu.net\/wordpress\/wp-content\/uploads\/2023\/04\/GIANNI-CONTROLLI-AUTOVELOX-NEL-COMUNE-DI-ALLEGHE.mp3?_=1\" \/><a href=\"https:\/\/www.radiopiu.net\/wordpress\/wp-content\/uploads\/2023\/04\/GIANNI-CONTROLLI-AUTOVELOX-NEL-COMUNE-DI-ALLEGHE.mp3\">https:\/\/www.radiopiu.net\/wordpress\/wp-content\/uploads\/2023\/04\/GIANNI-CONTROLLI-AUTOVELOX-NEL-COMUNE-DI-ALLEGHE.mp3<\/a><\/audio>\n<p>&nbsp;<\/p>\n<hr \/>\n<p>&nbsp;<\/p>\n<blockquote>\n<h3>CANALE D&#8217;AGORDO A CASA DI FRANCESCO&#8230;CON LE DOLOMITI<\/h3>\n<\/blockquote>\n<p><strong>Roma_Canale d&#8217;Agordo<\/strong> Una rappresentanza importante del paese di Papa Luciani \u00e8 scesa a Roma ed ha incontrato Papa Francesco, i nostri non sono andati a &#8220;mani vuote&#8221; come ci racconta il direttore del Museo Papa Luciani di Canale d&#8217;Agordo, Loris Serafini<\/p>\n<audio class=\"wp-audio-shortcode\" id=\"audio-332047-2\" preload=\"none\" style=\"width: 100%;\" controls=\"controls\"><source type=\"audio\/mpeg\" src=\"https:\/\/www.radiopiu.net\/wordpress\/wp-content\/uploads\/2023\/04\/loris.mp3?_=2\" \/><a href=\"https:\/\/www.radiopiu.net\/wordpress\/wp-content\/uploads\/2023\/04\/loris.mp3\">https:\/\/www.radiopiu.net\/wordpress\/wp-content\/uploads\/2023\/04\/loris.mp3<\/a><\/audio>\n<p>&nbsp;<\/p>\n<p><a class=\"dt-pswp-item\" href=\"https:\/\/www.radiopiu.net\/wordpress\/wp-content\/uploads\/2023\/04\/763408b3-285e-4468-8674-e56cd6ece7b2.jpg\" data-dt-img-description=\"\" data-large_image_width=\"1536\" data-large_image_height=\"2048\"><img loading=\"lazy\" decoding=\"async\" class=\"size-medium wp-image-332124 aligncenter\" src=\"https:\/\/www.radiopiu.net\/wordpress\/wp-content\/uploads\/2023\/04\/763408b3-285e-4468-8674-e56cd6ece7b2-225x300.jpg\" alt=\"\" width=\"225\" height=\"300\" srcset=\"https:\/\/www.radiopiu.net\/wordpress\/wp-content\/uploads\/2023\/04\/763408b3-285e-4468-8674-e56cd6ece7b2-225x300.jpg 225w, https:\/\/www.radiopiu.net\/wordpress\/wp-content\/uploads\/2023\/04\/763408b3-285e-4468-8674-e56cd6ece7b2-768x1024.jpg 768w, https:\/\/www.radiopiu.net\/wordpress\/wp-content\/uploads\/2023\/04\/763408b3-285e-4468-8674-e56cd6ece7b2-1152x1536.jpg 1152w, https:\/\/www.radiopiu.net\/wordpress\/wp-content\/uploads\/2023\/04\/763408b3-285e-4468-8674-e56cd6ece7b2.jpg 1536w\" sizes=\"auto, (max-width: 225px) 100vw, 225px\" \/><\/a><\/p>\n<h3><\/h3>\n<p>&nbsp;<\/p>\n<hr \/>\n<p>&nbsp;<\/p>\n<blockquote>\n<h3>A CAPRILE NON E&#8217; UNA PRIORITA&#8217; IL PROGETTO DELL&#8217;ACQUA SOLFOROSA<\/h3>\n<\/blockquote>\n<p><strong>ALLEGHE<\/strong><\/p>\n<p>di Gianni Santomaso<\/p>\n<audio class=\"wp-audio-shortcode\" id=\"audio-332047-3\" preload=\"none\" style=\"width: 100%;\" controls=\"controls\"><source type=\"audio\/mpeg\" src=\"https:\/\/www.radiopiu.net\/wordpress\/wp-content\/uploads\/2023\/04\/GIANNI-A-CAPRILE-NON-E-UNA-PRIORITA-IL-PROGETTO-DELLACQUA-SOLFOROSA.mp3?_=3\" \/><a href=\"https:\/\/www.radiopiu.net\/wordpress\/wp-content\/uploads\/2023\/04\/GIANNI-A-CAPRILE-NON-E-UNA-PRIORITA-IL-PROGETTO-DELLACQUA-SOLFOROSA.mp3\">https:\/\/www.radiopiu.net\/wordpress\/wp-content\/uploads\/2023\/04\/GIANNI-A-CAPRILE-NON-E-UNA-PRIORITA-IL-PROGETTO-DELLACQUA-SOLFOROSA.mp3<\/a><\/audio>\n<p>&nbsp;<\/p>\n\n\t\t\t<style type='text\/css'>\n\t\t\t\t#gallery-3 {\n\t\t\t\t\tmargin: auto;\n\t\t\t\t}\n\t\t\t\t#gallery-3 .gallery-item {\n\t\t\t\t\tfloat: left;\n\t\t\t\t\tmargin-top: 10px;\n\t\t\t\t\ttext-align: center;\n\t\t\t\t\twidth: 50%;\n\t\t\t\t}\n\t\t\t\t#gallery-3 img {\n\t\t\t\t\tborder: 2px solid #cfcfcf;\n\t\t\t\t}\n\t\t\t\t#gallery-3 .gallery-caption {\n\t\t\t\t\tmargin-left: 0;\n\t\t\t\t}\n\t\t\t\t\/* see gallery_shortcode() in wp-includes\/media.php *\/\n\t\t\t<\/style>\n\t\t<div id='gallery-3' class='dt-gallery-container gallery galleryid-332047 gallery-columns-2 gallery-size-medium'><dl class='gallery-item'>\n\t\t\t\t<dt class='gallery-icon landscape'>\n\t\t\t\t\t<a class=\"rollover rollover-zoom dt-pswp-item\" title=\"19931b05-4be6-448f-9f46-e782ef7f180c\" data-dt-img-description=\"\" data-large_image_width=\"1600\" data-large_image_height=\"1200\"href='https:\/\/www.radiopiu.net\/wordpress\/wp-content\/uploads\/2023\/04\/19931b05-4be6-448f-9f46-e782ef7f180c.jpg'><img loading=\"lazy\" decoding=\"async\" width=\"300\" height=\"225\" src=\"https:\/\/www.radiopiu.net\/wordpress\/wp-content\/uploads\/2023\/04\/19931b05-4be6-448f-9f46-e782ef7f180c-300x225.jpg\" class=\"attachment-medium size-medium\" alt=\"\" srcset=\"https:\/\/www.radiopiu.net\/wordpress\/wp-content\/uploads\/2023\/04\/19931b05-4be6-448f-9f46-e782ef7f180c-300x225.jpg 300w, https:\/\/www.radiopiu.net\/wordpress\/wp-content\/uploads\/2023\/04\/19931b05-4be6-448f-9f46-e782ef7f180c-1024x768.jpg 1024w, https:\/\/www.radiopiu.net\/wordpress\/wp-content\/uploads\/2023\/04\/19931b05-4be6-448f-9f46-e782ef7f180c-768x576.jpg 768w, https:\/\/www.radiopiu.net\/wordpress\/wp-content\/uploads\/2023\/04\/19931b05-4be6-448f-9f46-e782ef7f180c-1536x1152.jpg 1536w, https:\/\/www.radiopiu.net\/wordpress\/wp-content\/uploads\/2023\/04\/19931b05-4be6-448f-9f46-e782ef7f180c.jpg 1600w\" sizes=\"auto, (max-width: 300px) 100vw, 300px\" \/><\/a>\n\t\t\t\t<\/dt><\/dl><dl class='gallery-item'>\n\t\t\t\t<dt class='gallery-icon landscape'>\n\t\t\t\t\t<a class=\"rollover rollover-zoom dt-pswp-item\" title=\"e927312c-78b6-44dd-9dfe-cb496444a152\" data-dt-img-description=\"\" data-large_image_width=\"1600\" data-large_image_height=\"1200\"href='https:\/\/www.radiopiu.net\/wordpress\/wp-content\/uploads\/2023\/04\/e927312c-78b6-44dd-9dfe-cb496444a152.jpg'><img loading=\"lazy\" decoding=\"async\" width=\"300\" height=\"225\" src=\"https:\/\/www.radiopiu.net\/wordpress\/wp-content\/uploads\/2023\/04\/e927312c-78b6-44dd-9dfe-cb496444a152-300x225.jpg\" class=\"attachment-medium size-medium\" alt=\"\" srcset=\"https:\/\/www.radiopiu.net\/wordpress\/wp-content\/uploads\/2023\/04\/e927312c-78b6-44dd-9dfe-cb496444a152-300x225.jpg 300w, https:\/\/www.radiopiu.net\/wordpress\/wp-content\/uploads\/2023\/04\/e927312c-78b6-44dd-9dfe-cb496444a152-1024x768.jpg 1024w, https:\/\/www.radiopiu.net\/wordpress\/wp-content\/uploads\/2023\/04\/e927312c-78b6-44dd-9dfe-cb496444a152-768x576.jpg 768w, https:\/\/www.radiopiu.net\/wordpress\/wp-content\/uploads\/2023\/04\/e927312c-78b6-44dd-9dfe-cb496444a152-1536x1152.jpg 1536w, https:\/\/www.radiopiu.net\/wordpress\/wp-content\/uploads\/2023\/04\/e927312c-78b6-44dd-9dfe-cb496444a152.jpg 1600w\" sizes=\"auto, (max-width: 300px) 100vw, 300px\" \/><\/a>\n\t\t\t\t<\/dt><\/dl><br style=\"clear: both\" \/>\n\t\t\t<\/div>\n\n<p><a class=\"dt-pswp-item\" href=\"https:\/\/www.radiopiu.net\/wordpress\/wp-content\/uploads\/2023\/04\/Senza-nome-57.jpg\" data-dt-img-description=\"\" data-large_image_width=\"285\" data-large_image_height=\"128\"><img loading=\"lazy\" decoding=\"async\" class=\"size-full wp-image-332320 aligncenter\" src=\"https:\/\/www.radiopiu.net\/wordpress\/wp-content\/uploads\/2023\/04\/Senza-nome-57.jpg\" alt=\"\" width=\"285\" height=\"128\" \/>\u00a0<\/a><\/p>\n<p>&nbsp;<\/p>\n<\/div>\n<hr \/>\n<p>&nbsp;<\/p>\n<blockquote>\n<h3>PIU&#8217; DI 840MILA EURO PER L&#8217;EMERGENZA UCRAINA<\/h3>\n<\/blockquote>\n<p><strong><a class=\"dt-pswp-item\" href=\"https:\/\/www.radiopiu.net\/wordpress\/wp-content\/uploads\/2022\/03\/UCRAINA-PUGNO.jpg\" data-dt-img-description=\"\" data-large_image_width=\"1920\" data-large_image_height=\"1276\"><img loading=\"lazy\" decoding=\"async\" class=\" wp-image-264404 alignleft\" src=\"https:\/\/www.radiopiu.net\/wordpress\/wp-content\/uploads\/2022\/03\/UCRAINA-PUGNO-300x199.jpg\" alt=\"\" width=\"182\" height=\"121\" srcset=\"https:\/\/www.radiopiu.net\/wordpress\/wp-content\/uploads\/2022\/03\/UCRAINA-PUGNO-300x199.jpg 300w, https:\/\/www.radiopiu.net\/wordpress\/wp-content\/uploads\/2022\/03\/UCRAINA-PUGNO-1024x681.jpg 1024w, https:\/\/www.radiopiu.net\/wordpress\/wp-content\/uploads\/2022\/03\/UCRAINA-PUGNO-768x510.jpg 768w, https:\/\/www.radiopiu.net\/wordpress\/wp-content\/uploads\/2022\/03\/UCRAINA-PUGNO-1536x1021.jpg 1536w, https:\/\/www.radiopiu.net\/wordpress\/wp-content\/uploads\/2022\/03\/UCRAINA-PUGNO.jpg 1920w\" sizes=\"auto, (max-width: 182px) 100vw, 182px\" \/><\/a>VENEZIA <\/strong>I fondi raccolti con la campagna di solidariet\u00e0 \u201cSostegno emergenza Ucraina\u201d \u2013 oltre 840 mila euro &#8211; saranno destinati a chi, nell\u2019ambito pubblico e privato, ha operato con generosit\u00e0 per l\u2019accoglienza e l\u2019assistenza dei profughi. Lo stabilisce una delibera approvata della Giunta Regionale. Tra le tante iniziative di solidariet\u00e0 e assistenza rivolte ai profughi civili provenienti dall\u2019Ucraina, la Regione aveva avviato nel marzo 2022 una raccolta di fondi. Al 31 marzo 2023 le risorse affluite sul conto corrente ammontano a 843.093,45 euro. \u201cIl Veneto \u2013 ha dettp il Presidente della Regione Luca Zaia &#8211; \u00e8 la regione che in Italia conta pi\u00f9 persone iscritte o dedite al volontariato: \u00e8 sempre in prima linea quando c\u2019\u00e8 da dare una mano.\u00a0 Abbiamo deciso di utilizzarle per ristorare chi si \u00e8 speso con altruismo e generosit\u00e0&#8221;. Il conto corrente resta aperto: ulteriori risorse aggiuntive che si rendessero eventualmente disponibili saranno destinate alle stesse finalit\u00e0.<\/p>\n<p>&nbsp;<\/p>\n<hr \/>\n<p>&nbsp;<\/p>\n<blockquote>\n<h3>MESSA IN SICUREZZA DELL\u2019ABITATO DI GIARONI, CONCLUSI I LAVORI AD ARSIE&#8217;<\/h3>\n<\/blockquote>\n<p><strong>BELLUNO <\/strong>Si sono conclusi da pochi giorni i lavori di difesa del suolo in localit\u00e0 Giaroni (ad Arsi\u00e8). Un\u2019operazione in somma urgenza condotta dalla Provincia per ripristinare la funzionalit\u00e0 delle opere realizzate una decina di anni fa e bisognose di intervento.<br \/>\nPer contenere le colate e ridurre il rischio idrogeologico, infatti, l\u2019amministrazione provinciale aveva fatto realizzare un canale di drenaggio, e alcune opere di difesa dell\u2019abitato di Giaroni, con rafforzamento dell\u2019impluvio. A inizio dicembre per\u00f2 i sindaci di Arsi\u00e8 e Fonzaso hanno segnalato che il canalone risultava profondamente inciso in alcuni tratti a seguito di ripetuti eventi atmosferici, mentre in altri si evidenziavano notevoli accumuli di materiale ghiaioso. Le opere di difesa risultavano danneggiate, segno che avevano funzionato fino a quel momento, dato che si tratta di infrastrutture progettate appositamente per frenare le colate e per \u201crovinarsi\u201d nella loro azione di trattenuta del materiale franoso. Il cantiere \u00e8 cominciato a dicembre, con il ripristino delle piste d\u2019arrocco per accedere alle aree di intervento. Poi \u00e8 stato portato via il materiale accumulato, ed \u00e8 seguita la riprofilatura del canale. Sono state ripristinate la scogliera esistente e le fondazioni danneggiate. Ed \u00e8 stata aggiunta una serie di soglie a raso in massi trasversali con lo scopo di mitigare l\u2019erosione dell\u2019alveo. \u00abCon l\u2019occasione, dato che si era manifestata la necessit\u00e0 di eseguire alcuni lavori all\u2019acquedotto, abbiamo anche ripristinato la strada di accesso. Ed \u00e8 stata rifatta l\u2019asfaltatura, per i danni provocati dalle lavorazioni\u00bb spiega il consigliere Gosetti. \u00abI lavori si sono conclusi nelle scorse settimane e adesso l\u2019area \u00e8 meno soggetta a rischio di colate\u00bb.<\/p>\n\n\t\t\t<style type='text\/css'>\n\t\t\t\t#gallery-4 {\n\t\t\t\t\tmargin: auto;\n\t\t\t\t}\n\t\t\t\t#gallery-4 .gallery-item {\n\t\t\t\t\tfloat: left;\n\t\t\t\t\tmargin-top: 10px;\n\t\t\t\t\ttext-align: center;\n\t\t\t\t\twidth: 25%;\n\t\t\t\t}\n\t\t\t\t#gallery-4 img {\n\t\t\t\t\tborder: 2px solid #cfcfcf;\n\t\t\t\t}\n\t\t\t\t#gallery-4 .gallery-caption {\n\t\t\t\t\tmargin-left: 0;\n\t\t\t\t}\n\t\t\t\t\/* see gallery_shortcode() in wp-includes\/media.php *\/\n\t\t\t<\/style>\n\t\t<div id='gallery-4' class='dt-gallery-container gallery galleryid-332047 gallery-columns-4 gallery-size-medium'><dl class='gallery-item'>\n\t\t\t\t<dt class='gallery-icon landscape'>\n\t\t\t\t\t<a class=\"rollover rollover-zoom dt-pswp-item\" title=\"B96C1FAB-8642-46BB-83D1-A36E1606690B\" data-dt-img-description=\"\" data-large_image_width=\"1600\" data-large_image_height=\"902\"href='https:\/\/www.radiopiu.net\/wordpress\/wp-content\/uploads\/2023\/04\/B96C1FAB-8642-46BB-83D1-A36E1606690B.jpeg'><img loading=\"lazy\" decoding=\"async\" width=\"300\" height=\"169\" src=\"https:\/\/www.radiopiu.net\/wordpress\/wp-content\/uploads\/2023\/04\/B96C1FAB-8642-46BB-83D1-A36E1606690B-300x169.jpeg\" class=\"attachment-medium size-medium\" alt=\"\" srcset=\"https:\/\/www.radiopiu.net\/wordpress\/wp-content\/uploads\/2023\/04\/B96C1FAB-8642-46BB-83D1-A36E1606690B-300x169.jpeg 300w, https:\/\/www.radiopiu.net\/wordpress\/wp-content\/uploads\/2023\/04\/B96C1FAB-8642-46BB-83D1-A36E1606690B-1024x577.jpeg 1024w, https:\/\/www.radiopiu.net\/wordpress\/wp-content\/uploads\/2023\/04\/B96C1FAB-8642-46BB-83D1-A36E1606690B-768x433.jpeg 768w, https:\/\/www.radiopiu.net\/wordpress\/wp-content\/uploads\/2023\/04\/B96C1FAB-8642-46BB-83D1-A36E1606690B-1536x866.jpeg 1536w, https:\/\/www.radiopiu.net\/wordpress\/wp-content\/uploads\/2023\/04\/B96C1FAB-8642-46BB-83D1-A36E1606690B.jpeg 1600w\" sizes=\"auto, (max-width: 300px) 100vw, 300px\" \/><\/a>\n\t\t\t\t<\/dt><\/dl><dl class='gallery-item'>\n\t\t\t\t<dt class='gallery-icon landscape'>\n\t\t\t\t\t<a class=\"rollover rollover-zoom dt-pswp-item\" title=\"0CFE0CAA-776E-49DA-96A5-91F4F58AE438\" data-dt-img-description=\"\" data-large_image_width=\"2048\" data-large_image_height=\"1155\"href='https:\/\/www.radiopiu.net\/wordpress\/wp-content\/uploads\/2023\/04\/0CFE0CAA-776E-49DA-96A5-91F4F58AE438.jpeg'><img loading=\"lazy\" decoding=\"async\" width=\"300\" height=\"169\" src=\"https:\/\/www.radiopiu.net\/wordpress\/wp-content\/uploads\/2023\/04\/0CFE0CAA-776E-49DA-96A5-91F4F58AE438-300x169.jpeg\" class=\"attachment-medium size-medium\" alt=\"\" srcset=\"https:\/\/www.radiopiu.net\/wordpress\/wp-content\/uploads\/2023\/04\/0CFE0CAA-776E-49DA-96A5-91F4F58AE438-300x169.jpeg 300w, https:\/\/www.radiopiu.net\/wordpress\/wp-content\/uploads\/2023\/04\/0CFE0CAA-776E-49DA-96A5-91F4F58AE438-1024x578.jpeg 1024w, https:\/\/www.radiopiu.net\/wordpress\/wp-content\/uploads\/2023\/04\/0CFE0CAA-776E-49DA-96A5-91F4F58AE438-768x433.jpeg 768w, https:\/\/www.radiopiu.net\/wordpress\/wp-content\/uploads\/2023\/04\/0CFE0CAA-776E-49DA-96A5-91F4F58AE438-1536x866.jpeg 1536w, https:\/\/www.radiopiu.net\/wordpress\/wp-content\/uploads\/2023\/04\/0CFE0CAA-776E-49DA-96A5-91F4F58AE438.jpeg 2048w\" sizes=\"auto, (max-width: 300px) 100vw, 300px\" \/><\/a>\n\t\t\t\t<\/dt><\/dl><dl class='gallery-item'>\n\t\t\t\t<dt class='gallery-icon landscape'>\n\t\t\t\t\t<a class=\"rollover rollover-zoom dt-pswp-item\" title=\"B9DE071A-69F3-4AE0-AE8C-2A63DA4FC9FE\" data-dt-img-description=\"\" data-large_image_width=\"2048\" data-large_image_height=\"1155\"href='https:\/\/www.radiopiu.net\/wordpress\/wp-content\/uploads\/2023\/04\/B9DE071A-69F3-4AE0-AE8C-2A63DA4FC9FE.jpeg'><img loading=\"lazy\" decoding=\"async\" width=\"300\" height=\"169\" src=\"https:\/\/www.radiopiu.net\/wordpress\/wp-content\/uploads\/2023\/04\/B9DE071A-69F3-4AE0-AE8C-2A63DA4FC9FE-300x169.jpeg\" class=\"attachment-medium size-medium\" alt=\"\" srcset=\"https:\/\/www.radiopiu.net\/wordpress\/wp-content\/uploads\/2023\/04\/B9DE071A-69F3-4AE0-AE8C-2A63DA4FC9FE-300x169.jpeg 300w, https:\/\/www.radiopiu.net\/wordpress\/wp-content\/uploads\/2023\/04\/B9DE071A-69F3-4AE0-AE8C-2A63DA4FC9FE-1024x578.jpeg 1024w, https:\/\/www.radiopiu.net\/wordpress\/wp-content\/uploads\/2023\/04\/B9DE071A-69F3-4AE0-AE8C-2A63DA4FC9FE-768x433.jpeg 768w, https:\/\/www.radiopiu.net\/wordpress\/wp-content\/uploads\/2023\/04\/B9DE071A-69F3-4AE0-AE8C-2A63DA4FC9FE-1536x866.jpeg 1536w, https:\/\/www.radiopiu.net\/wordpress\/wp-content\/uploads\/2023\/04\/B9DE071A-69F3-4AE0-AE8C-2A63DA4FC9FE.jpeg 2048w\" sizes=\"auto, (max-width: 300px) 100vw, 300px\" \/><\/a>\n\t\t\t\t<\/dt><\/dl><dl class='gallery-item'>\n\t\t\t\t<dt class='gallery-icon landscape'>\n\t\t\t\t\t<a class=\"rollover rollover-zoom dt-pswp-item\" title=\"463FCB2F-44A2-429D-85D7-4C8C5ECF7BE1\" data-dt-img-description=\"\" data-large_image_width=\"2048\" data-large_image_height=\"1155\"href='https:\/\/www.radiopiu.net\/wordpress\/wp-content\/uploads\/2023\/04\/463FCB2F-44A2-429D-85D7-4C8C5ECF7BE1.jpeg'><img loading=\"lazy\" decoding=\"async\" width=\"300\" height=\"169\" src=\"https:\/\/www.radiopiu.net\/wordpress\/wp-content\/uploads\/2023\/04\/463FCB2F-44A2-429D-85D7-4C8C5ECF7BE1-300x169.jpeg\" class=\"attachment-medium size-medium\" alt=\"\" srcset=\"https:\/\/www.radiopiu.net\/wordpress\/wp-content\/uploads\/2023\/04\/463FCB2F-44A2-429D-85D7-4C8C5ECF7BE1-300x169.jpeg 300w, https:\/\/www.radiopiu.net\/wordpress\/wp-content\/uploads\/2023\/04\/463FCB2F-44A2-429D-85D7-4C8C5ECF7BE1-1024x578.jpeg 1024w, https:\/\/www.radiopiu.net\/wordpress\/wp-content\/uploads\/2023\/04\/463FCB2F-44A2-429D-85D7-4C8C5ECF7BE1-768x433.jpeg 768w, https:\/\/www.radiopiu.net\/wordpress\/wp-content\/uploads\/2023\/04\/463FCB2F-44A2-429D-85D7-4C8C5ECF7BE1-1536x866.jpeg 1536w, https:\/\/www.radiopiu.net\/wordpress\/wp-content\/uploads\/2023\/04\/463FCB2F-44A2-429D-85D7-4C8C5ECF7BE1.jpeg 2048w\" sizes=\"auto, (max-width: 300px) 100vw, 300px\" \/><\/a>\n\t\t\t\t<\/dt><\/dl><br style=\"clear: both\" \/>\n\t\t\t<\/div>\n\n<p>&nbsp;<\/p>\n<hr \/>\n<p>&nbsp;<\/p>\n<blockquote><p><strong>\u201cIL VALORE DELLA SOSTENIBILIT\u00c0\u201d<\/strong><\/p><\/blockquote>\n<p><em>I tanti volti della sostenibilit\u00e0 analizzati dai professionisti bellunesi<\/em><\/p>\n<p><strong>BELLUNO<\/strong> Si \u00e8 tenuto il Prefettura\u00a0 il convegno \u201cIl valore della sostenibilit\u00e0\u201d organizzato dal Comitato Unitario Permanente degli Ordini e Collegi Professionali della Provincia di Belluno in collaborazione con Longarone Fiere; decine i professionisti dei diversi ordini bellunesi che hanno partecipato ai lavori<\/p>\n<p><strong>INNOCENZO MEGALI, PRESIDENTE CUP BELLUNO<\/strong><\/p>\n<div style=\"width: 1200px;\" class=\"wp-video\"><video class=\"wp-video-shortcode\" id=\"video-332047-1\" width=\"1200\" height=\"675\" preload=\"metadata\" controls=\"controls\"><source type=\"video\/mp4\" src=\"https:\/\/www.radiopiu.net\/wordpress\/wp-content\/uploads\/2023\/04\/Innocenzo-Megali-Presidente-CUP-Belluno.mp4?_=1\" \/><a href=\"https:\/\/www.radiopiu.net\/wordpress\/wp-content\/uploads\/2023\/04\/Innocenzo-Megali-Presidente-CUP-Belluno.mp4\">https:\/\/www.radiopiu.net\/wordpress\/wp-content\/uploads\/2023\/04\/Innocenzo-Megali-Presidente-CUP-Belluno.mp4<\/a><\/video><\/div>\n<p><strong>\u00a0PATRIZIA GOBAT PRESIDENTE CUP VENETO\u00a0<\/strong><\/p>\n<div style=\"width: 1200px;\" class=\"wp-video\"><video class=\"wp-video-shortcode\" id=\"video-332047-2\" width=\"1200\" height=\"675\" preload=\"metadata\" controls=\"controls\"><source type=\"video\/mp4\" src=\"https:\/\/www.radiopiu.net\/wordpress\/wp-content\/uploads\/2023\/04\/Patrizia-Gobat-Presidente-CUP-Veneto.mp4?_=2\" \/><a href=\"https:\/\/www.radiopiu.net\/wordpress\/wp-content\/uploads\/2023\/04\/Patrizia-Gobat-Presidente-CUP-Veneto.mp4\">https:\/\/www.radiopiu.net\/wordpress\/wp-content\/uploads\/2023\/04\/Patrizia-Gobat-Presidente-CUP-Veneto.mp4<\/a><\/video><\/div>\n<p><strong>IL PREFETTO MARIANO SAVASTANO<\/strong><\/p>\n<div style=\"width: 1200px;\" class=\"wp-video\"><video class=\"wp-video-shortcode\" id=\"video-332047-3\" width=\"1200\" height=\"675\" preload=\"metadata\" controls=\"controls\"><source type=\"video\/mp4\" src=\"https:\/\/www.radiopiu.net\/wordpress\/wp-content\/uploads\/2023\/04\/Mariano-Savastano-Prefetto-di-Belluno.mp4?_=3\" \/><a href=\"https:\/\/www.radiopiu.net\/wordpress\/wp-content\/uploads\/2023\/04\/Mariano-Savastano-Prefetto-di-Belluno.mp4\">https:\/\/www.radiopiu.net\/wordpress\/wp-content\/uploads\/2023\/04\/Mariano-Savastano-Prefetto-di-Belluno.mp4<\/a><\/video><\/div>\n<p>&nbsp;<\/p>\n<p>&nbsp;<\/p>\n<hr \/>\n<p>&nbsp;<\/p>\n<blockquote>\n<h3>PUBBLICATO IL NUOVO BANDO PER L&#8217;ACQUISIZIONE DEGLI IMPIANTI DI RISALITA DEL NEVEGAL<\/h3>\n<\/blockquote>\n<p><strong><a class=\"dt-pswp-item\" href=\"https:\/\/www.radiopiu.net\/wordpress\/wp-content\/uploads\/2019\/09\/nevegal-visentin-nogherazza.jpg\" data-dt-img-description=\"\" data-large_image_width=\"957\" data-large_image_height=\"714\"><img loading=\"lazy\" decoding=\"async\" class=\" wp-image-100022 alignleft\" src=\"https:\/\/www.radiopiu.net\/wordpress\/wp-content\/uploads\/2019\/09\/nevegal-visentin-nogherazza-300x224.jpg\" alt=\"\" width=\"158\" height=\"118\" srcset=\"https:\/\/www.radiopiu.net\/wordpress\/wp-content\/uploads\/2019\/09\/nevegal-visentin-nogherazza-300x224.jpg 300w, https:\/\/www.radiopiu.net\/wordpress\/wp-content\/uploads\/2019\/09\/nevegal-visentin-nogherazza-768x573.jpg 768w, https:\/\/www.radiopiu.net\/wordpress\/wp-content\/uploads\/2019\/09\/nevegal-visentin-nogherazza.jpg 957w\" sizes=\"auto, (max-width: 158px) 100vw, 158px\" \/><\/a>BELLUNO<\/strong> Pubblicato oggi il \u201cnuovo\u201d bando per l&#8217;acquisizione degli impianti di risalita del Nevegal: il 12 maggio l&#8217;apertura delle buste. La principale novit\u00e0 riguarda la modifica al ribasso di alcuni parametri.<\/p>\n<p><strong>di Daniele Dalvit<\/strong><\/p>\n<audio class=\"wp-audio-shortcode\" id=\"audio-332047-4\" preload=\"none\" style=\"width: 100%;\" controls=\"controls\"><source type=\"audio\/mpeg\" src=\"https:\/\/www.radiopiu.net\/wordpress\/wp-content\/uploads\/2023\/04\/Radio-Piu-Servizio-Nuovo-bando-Nevegal.mp3?_=4\" \/><a href=\"https:\/\/www.radiopiu.net\/wordpress\/wp-content\/uploads\/2023\/04\/Radio-Piu-Servizio-Nuovo-bando-Nevegal.mp3\">https:\/\/www.radiopiu.net\/wordpress\/wp-content\/uploads\/2023\/04\/Radio-Piu-Servizio-Nuovo-bando-Nevegal.mp3<\/a><\/audio>\n<p>&nbsp;<\/p>\n<hr \/>\n<p>&nbsp;<\/p>\n<blockquote>\n<h3>L&#8217;EDUCAZIONE SALE SUL PULLMAN. DOLOMITIBUS E POLIZIA DI STATO INCONTRANO GLI STUDENTI<\/h3>\n<\/blockquote>\n<p><strong>BELLUNO <\/strong>La sicurezza parte da poche semplici regole. Continua il progetto \u201cMobilit\u00e0 sicura e sostenibile\u201d, ideato da Dolomiti Bus spa e rivolto alle scuole del territorio bellunese. Una visita alla sede dell\u2019azienda di trasporto, con un giro nelle officine meccaniche e nei garage, dove vengono allestiti e ricoverati i bus e pullman che quotidianamente effettuano il servizio sulle strade della provincia. E poi una lezione sul comportamento corretto da tenere a bordo dei mezzi, da quando si timbra il biglietto a quando si scende, prenotando la fermata. L\u2019obiettivo principale del progetto, che Dolomiti Bus spa porta avanti ormai da tempo, \u00e8 quello di sviluppare, fin da piccoli e dagli anni dell\u2019adolescenza, il rispetto per la cosa pubblica (il bus, in questo caso) e le buone regole del vivere civile. In questo modo, l\u2019azienda del territorio intende dare un contributo alla formazione della cultura della legalit\u00e0 e del rispetto delle regole attraverso immagini di storia vissuta a bordo degli autobus: sporcizia, atti vandalici e graffiti. Situazioni che fanno male alla collettivit\u00e0 di chi utilizza il servizio pubblico, ma che hanno anche risvolti amministrativi e penali. Sono stati i piccoli studenti della IV elementare di Taibon Agordino a visitare Dolomiti Bus. Con loro, anche gli operatori della Polizia di Stato, per l\u2019ultima lezione dell\u2019anno scolastico in collaborazione con la Questura di Belluno. Gli agenti, attraverso video e slide, hanno fatto riflettere i ragazzi sulle conseguenze di certi comportamenti. E hanno affrontato anche il tema del bullismo come una delle possibili manifestazioni di aggressivit\u00e0 messe in atto dai bambini e dagli adolescenti a scuola, nei luoghi di ritrovo giovanili, e anche sull\u2019autobus.<\/p>\n\n\t\t\t<style type='text\/css'>\n\t\t\t\t#gallery-5 {\n\t\t\t\t\tmargin: auto;\n\t\t\t\t}\n\t\t\t\t#gallery-5 .gallery-item {\n\t\t\t\t\tfloat: left;\n\t\t\t\t\tmargin-top: 10px;\n\t\t\t\t\ttext-align: center;\n\t\t\t\t\twidth: 25%;\n\t\t\t\t}\n\t\t\t\t#gallery-5 img {\n\t\t\t\t\tborder: 2px solid #cfcfcf;\n\t\t\t\t}\n\t\t\t\t#gallery-5 .gallery-caption {\n\t\t\t\t\tmargin-left: 0;\n\t\t\t\t}\n\t\t\t\t\/* see gallery_shortcode() in wp-includes\/media.php *\/\n\t\t\t<\/style>\n\t\t<div id='gallery-5' class='dt-gallery-container gallery galleryid-332047 gallery-columns-4 gallery-size-medium'><dl class='gallery-item'>\n\t\t\t\t<dt class='gallery-icon landscape'>\n\t\t\t\t\t<a class=\"rollover rollover-zoom dt-pswp-item\" title=\"dolomitibus taibon-07\" data-dt-img-description=\"\" data-large_image_width=\"1280\" data-large_image_height=\"853\"href='https:\/\/www.radiopiu.net\/wordpress\/wp-content\/uploads\/2023\/04\/dolomitibus-taibon-07.jpeg'><img loading=\"lazy\" decoding=\"async\" width=\"300\" height=\"200\" src=\"https:\/\/www.radiopiu.net\/wordpress\/wp-content\/uploads\/2023\/04\/dolomitibus-taibon-07-300x200.jpeg\" class=\"attachment-medium size-medium\" alt=\"\" srcset=\"https:\/\/www.radiopiu.net\/wordpress\/wp-content\/uploads\/2023\/04\/dolomitibus-taibon-07-300x200.jpeg 300w, https:\/\/www.radiopiu.net\/wordpress\/wp-content\/uploads\/2023\/04\/dolomitibus-taibon-07-1024x682.jpeg 1024w, https:\/\/www.radiopiu.net\/wordpress\/wp-content\/uploads\/2023\/04\/dolomitibus-taibon-07-768x512.jpeg 768w, https:\/\/www.radiopiu.net\/wordpress\/wp-content\/uploads\/2023\/04\/dolomitibus-taibon-07.jpeg 1280w\" sizes=\"auto, (max-width: 300px) 100vw, 300px\" \/><\/a>\n\t\t\t\t<\/dt><\/dl><dl class='gallery-item'>\n\t\t\t\t<dt class='gallery-icon landscape'>\n\t\t\t\t\t<a class=\"rollover rollover-zoom dt-pswp-item\" title=\"dolomitibus taibon-08\" data-dt-img-description=\"\" data-large_image_width=\"1280\" data-large_image_height=\"853\"href='https:\/\/www.radiopiu.net\/wordpress\/wp-content\/uploads\/2023\/04\/dolomitibus-taibon-08.jpeg'><img loading=\"lazy\" decoding=\"async\" width=\"300\" height=\"200\" src=\"https:\/\/www.radiopiu.net\/wordpress\/wp-content\/uploads\/2023\/04\/dolomitibus-taibon-08-300x200.jpeg\" class=\"attachment-medium size-medium\" alt=\"\" srcset=\"https:\/\/www.radiopiu.net\/wordpress\/wp-content\/uploads\/2023\/04\/dolomitibus-taibon-08-300x200.jpeg 300w, https:\/\/www.radiopiu.net\/wordpress\/wp-content\/uploads\/2023\/04\/dolomitibus-taibon-08-1024x682.jpeg 1024w, https:\/\/www.radiopiu.net\/wordpress\/wp-content\/uploads\/2023\/04\/dolomitibus-taibon-08-768x512.jpeg 768w, https:\/\/www.radiopiu.net\/wordpress\/wp-content\/uploads\/2023\/04\/dolomitibus-taibon-08.jpeg 1280w\" sizes=\"auto, (max-width: 300px) 100vw, 300px\" \/><\/a>\n\t\t\t\t<\/dt><\/dl><dl class='gallery-item'>\n\t\t\t\t<dt class='gallery-icon landscape'>\n\t\t\t\t\t<a class=\"rollover rollover-zoom dt-pswp-item\" title=\"dolomitibus taibon-12\" data-dt-img-description=\"\" data-large_image_width=\"1280\" data-large_image_height=\"853\"href='https:\/\/www.radiopiu.net\/wordpress\/wp-content\/uploads\/2023\/04\/dolomitibus-taibon-12.jpeg'><img loading=\"lazy\" decoding=\"async\" width=\"300\" height=\"200\" src=\"https:\/\/www.radiopiu.net\/wordpress\/wp-content\/uploads\/2023\/04\/dolomitibus-taibon-12-300x200.jpeg\" class=\"attachment-medium size-medium\" alt=\"\" srcset=\"https:\/\/www.radiopiu.net\/wordpress\/wp-content\/uploads\/2023\/04\/dolomitibus-taibon-12-300x200.jpeg 300w, https:\/\/www.radiopiu.net\/wordpress\/wp-content\/uploads\/2023\/04\/dolomitibus-taibon-12-1024x682.jpeg 1024w, https:\/\/www.radiopiu.net\/wordpress\/wp-content\/uploads\/2023\/04\/dolomitibus-taibon-12-768x512.jpeg 768w, https:\/\/www.radiopiu.net\/wordpress\/wp-content\/uploads\/2023\/04\/dolomitibus-taibon-12.jpeg 1280w\" sizes=\"auto, (max-width: 300px) 100vw, 300px\" \/><\/a>\n\t\t\t\t<\/dt><\/dl><dl class='gallery-item'>\n\t\t\t\t<dt class='gallery-icon landscape'>\n\t\t\t\t\t<a class=\"rollover rollover-zoom dt-pswp-item\" title=\"dolomitibus taibon-14\" data-dt-img-description=\"\" data-large_image_width=\"1280\" data-large_image_height=\"853\"href='https:\/\/www.radiopiu.net\/wordpress\/wp-content\/uploads\/2023\/04\/dolomitibus-taibon-14.jpeg'><img loading=\"lazy\" decoding=\"async\" width=\"300\" height=\"200\" src=\"https:\/\/www.radiopiu.net\/wordpress\/wp-content\/uploads\/2023\/04\/dolomitibus-taibon-14-300x200.jpeg\" class=\"attachment-medium size-medium\" alt=\"\" srcset=\"https:\/\/www.radiopiu.net\/wordpress\/wp-content\/uploads\/2023\/04\/dolomitibus-taibon-14-300x200.jpeg 300w, https:\/\/www.radiopiu.net\/wordpress\/wp-content\/uploads\/2023\/04\/dolomitibus-taibon-14-1024x682.jpeg 1024w, https:\/\/www.radiopiu.net\/wordpress\/wp-content\/uploads\/2023\/04\/dolomitibus-taibon-14-768x512.jpeg 768w, https:\/\/www.radiopiu.net\/wordpress\/wp-content\/uploads\/2023\/04\/dolomitibus-taibon-14.jpeg 1280w\" sizes=\"auto, (max-width: 300px) 100vw, 300px\" \/><\/a>\n\t\t\t\t<\/dt><\/dl><br style=\"clear: both\" \/><dl class='gallery-item'>\n\t\t\t\t<dt class='gallery-icon landscape'>\n\t\t\t\t\t<a class=\"rollover rollover-zoom dt-pswp-item\" title=\"dolomitibus taibon-16\" data-dt-img-description=\"\" data-large_image_width=\"1280\" data-large_image_height=\"853\"href='https:\/\/www.radiopiu.net\/wordpress\/wp-content\/uploads\/2023\/04\/dolomitibus-taibon-16.jpeg'><img loading=\"lazy\" decoding=\"async\" width=\"300\" height=\"200\" src=\"https:\/\/www.radiopiu.net\/wordpress\/wp-content\/uploads\/2023\/04\/dolomitibus-taibon-16-300x200.jpeg\" class=\"attachment-medium size-medium\" alt=\"\" srcset=\"https:\/\/www.radiopiu.net\/wordpress\/wp-content\/uploads\/2023\/04\/dolomitibus-taibon-16-300x200.jpeg 300w, https:\/\/www.radiopiu.net\/wordpress\/wp-content\/uploads\/2023\/04\/dolomitibus-taibon-16-1024x682.jpeg 1024w, https:\/\/www.radiopiu.net\/wordpress\/wp-content\/uploads\/2023\/04\/dolomitibus-taibon-16-768x512.jpeg 768w, https:\/\/www.radiopiu.net\/wordpress\/wp-content\/uploads\/2023\/04\/dolomitibus-taibon-16.jpeg 1280w\" sizes=\"auto, (max-width: 300px) 100vw, 300px\" \/><\/a>\n\t\t\t\t<\/dt><\/dl><dl class='gallery-item'>\n\t\t\t\t<dt class='gallery-icon landscape'>\n\t\t\t\t\t<a class=\"rollover rollover-zoom dt-pswp-item\" title=\"dolomitibus taibon-19\" data-dt-img-description=\"\" data-large_image_width=\"1280\" data-large_image_height=\"853\"href='https:\/\/www.radiopiu.net\/wordpress\/wp-content\/uploads\/2023\/04\/dolomitibus-taibon-19.jpeg'><img loading=\"lazy\" decoding=\"async\" width=\"300\" height=\"200\" src=\"https:\/\/www.radiopiu.net\/wordpress\/wp-content\/uploads\/2023\/04\/dolomitibus-taibon-19-300x200.jpeg\" class=\"attachment-medium size-medium\" alt=\"\" srcset=\"https:\/\/www.radiopiu.net\/wordpress\/wp-content\/uploads\/2023\/04\/dolomitibus-taibon-19-300x200.jpeg 300w, https:\/\/www.radiopiu.net\/wordpress\/wp-content\/uploads\/2023\/04\/dolomitibus-taibon-19-1024x682.jpeg 1024w, https:\/\/www.radiopiu.net\/wordpress\/wp-content\/uploads\/2023\/04\/dolomitibus-taibon-19-768x512.jpeg 768w, https:\/\/www.radiopiu.net\/wordpress\/wp-content\/uploads\/2023\/04\/dolomitibus-taibon-19.jpeg 1280w\" sizes=\"auto, (max-width: 300px) 100vw, 300px\" \/><\/a>\n\t\t\t\t<\/dt><\/dl><dl class='gallery-item'>\n\t\t\t\t<dt class='gallery-icon landscape'>\n\t\t\t\t\t<a class=\"rollover rollover-zoom dt-pswp-item\" title=\"dolomitibus taibon-20\" data-dt-img-description=\"\" data-large_image_width=\"1280\" data-large_image_height=\"853\"href='https:\/\/www.radiopiu.net\/wordpress\/wp-content\/uploads\/2023\/04\/dolomitibus-taibon-20.jpeg'><img loading=\"lazy\" decoding=\"async\" width=\"300\" height=\"200\" src=\"https:\/\/www.radiopiu.net\/wordpress\/wp-content\/uploads\/2023\/04\/dolomitibus-taibon-20-300x200.jpeg\" class=\"attachment-medium size-medium\" alt=\"\" srcset=\"https:\/\/www.radiopiu.net\/wordpress\/wp-content\/uploads\/2023\/04\/dolomitibus-taibon-20-300x200.jpeg 300w, https:\/\/www.radiopiu.net\/wordpress\/wp-content\/uploads\/2023\/04\/dolomitibus-taibon-20-1024x682.jpeg 1024w, https:\/\/www.radiopiu.net\/wordpress\/wp-content\/uploads\/2023\/04\/dolomitibus-taibon-20-768x512.jpeg 768w, https:\/\/www.radiopiu.net\/wordpress\/wp-content\/uploads\/2023\/04\/dolomitibus-taibon-20.jpeg 1280w\" sizes=\"auto, (max-width: 300px) 100vw, 300px\" \/><\/a>\n\t\t\t\t<\/dt><\/dl><dl class='gallery-item'>\n\t\t\t\t<dt class='gallery-icon landscape'>\n\t\t\t\t\t<a class=\"rollover rollover-zoom dt-pswp-item\" title=\"dolomitibus taibon-23\" data-dt-img-description=\"\" data-large_image_width=\"1280\" data-large_image_height=\"853\"href='https:\/\/www.radiopiu.net\/wordpress\/wp-content\/uploads\/2023\/04\/dolomitibus-taibon-23.jpeg'><img loading=\"lazy\" decoding=\"async\" width=\"300\" height=\"200\" src=\"https:\/\/www.radiopiu.net\/wordpress\/wp-content\/uploads\/2023\/04\/dolomitibus-taibon-23-300x200.jpeg\" class=\"attachment-medium size-medium\" alt=\"\" srcset=\"https:\/\/www.radiopiu.net\/wordpress\/wp-content\/uploads\/2023\/04\/dolomitibus-taibon-23-300x200.jpeg 300w, https:\/\/www.radiopiu.net\/wordpress\/wp-content\/uploads\/2023\/04\/dolomitibus-taibon-23-1024x682.jpeg 1024w, https:\/\/www.radiopiu.net\/wordpress\/wp-content\/uploads\/2023\/04\/dolomitibus-taibon-23-768x512.jpeg 768w, https:\/\/www.radiopiu.net\/wordpress\/wp-content\/uploads\/2023\/04\/dolomitibus-taibon-23.jpeg 1280w\" sizes=\"auto, (max-width: 300px) 100vw, 300px\" \/><\/a>\n\t\t\t\t<\/dt><\/dl><br style=\"clear: both\" \/>\n\t\t\t<\/div>\n\n<p>&nbsp;<\/p>\n<p><iframe loading=\"lazy\" title=\"DOLOMITIBUS QUESTURA\" width=\"1200\" height=\"675\" src=\"https:\/\/www.youtube.com\/embed\/XyrGKAxwlC8?feature=oembed\" frameborder=\"0\" allow=\"accelerometer; autoplay; clipboard-write; encrypted-media; gyroscope; picture-in-picture; web-share\" allowfullscreen><\/iframe><\/p>\n<p>&nbsp;<\/p>\n<hr \/>\n<p>&nbsp;<\/p>\n<blockquote>\n<h3>CHI L&#8217;HA DETTO CHE AD ARABBA E CORTINA SI SCIA SOLO FINO A PASQUA?<\/h3>\n<\/blockquote>\n<p><strong><img loading=\"lazy\" decoding=\"async\" class=\"alignleft\" src=\"https:\/\/www.radiopiu.net\/wordpress\/wp-content\/uploads\/2021\/11\/foto_Marco_Grigoletto01.jpg\" width=\"153\" height=\"102\" \/>REDAZIONE<\/strong> Interessante ed importante coda di stagione in territorio Fodom e nell&#8217;ampezzano con gli impianti aperti, fino a San Marco ad Arabba, primo maggio a Cortina. Ne abbiamo parlato, di questo e si altro, con Marco Grigoletto, presidente Anef.<\/p>\n<p><em>di Mirko Mezzacasa<\/em><\/p>\n<p><strong>AUDIO<\/strong><\/p>\n<audio class=\"wp-audio-shortcode\" id=\"audio-332047-5\" preload=\"none\" style=\"width: 100%;\" controls=\"controls\"><source type=\"audio\/mpeg\" src=\"https:\/\/www.radiopiu.net\/wordpress\/wp-content\/uploads\/2023\/04\/MARCO-GRIGOLETTO-1.mp3?_=5\" \/><a href=\"https:\/\/www.radiopiu.net\/wordpress\/wp-content\/uploads\/2023\/04\/MARCO-GRIGOLETTO-1.mp3\">https:\/\/www.radiopiu.net\/wordpress\/wp-content\/uploads\/2023\/04\/MARCO-GRIGOLETTO-1.mp3<\/a><\/audio>\n<p>&nbsp;<\/p>\n<p>&nbsp;<\/p>\n<hr \/>\n<p>&nbsp;<\/p>\n<p>&nbsp;<\/p>\n<hr \/>\n<p>&nbsp;<\/p>\n<blockquote>\n<h3 class=\"entry-title\">L\u2019IMPEGNO PER LA FIBROSI CISTICA, SULLA STRADA DI BICE<\/h3>\n<\/blockquote>\n<p><strong>REDAZIONE <\/strong>Chi ha conosciuto ed appoggiato le idee di Bice Gallo oggi si sta impegnando perch\u00e9 il suo sforzo decennale abbia un seguito. A guidare l\u2019associazione oggi \u00e8 Stefano Dal Paos che ha gi\u00e0 messo in calendario i primi eventi per la raccolta primaverile<span id=\"page3R_mcid0\" class=\"markedContent\"><span dir=\"ltr\" role=\"presentation\">\u00a0in occasione della festa della mamma. Il fiore scelto per questa campagna \u00e8 la dipladenia. Cos\u00ec verr\u00e0 distribuita:\u00a0\u00a0<\/span><\/span><span id=\"page3R_mcid2\" class=\"markedContent\"><span dir=\"ltr\" role=\"presentation\"><strong>SABATO 6<\/strong>\u00a0maggio a\u00a0<\/span><\/span><span id=\"page3R_mcid3\" class=\"markedContent\"><span dir=\"ltr\" role=\"presentation\">Santo Stefano di Cadore, Dosoledo, Agordo, Caviola, Falcade, Castion in Piazza I\u00b0\u00a0<\/span><span dir=\"ltr\" role=\"presentation\">Maggio (Alpini), Puos d<\/span><span dir=\"ltr\" role=\"presentation\">\u2019<\/span><span dir=\"ltr\" role=\"presentation\">Alpago Piazza P. Luciani.\u00a0<\/span><\/span><span id=\"page3R_mcid5\" class=\"markedContent\"><span dir=\"ltr\" role=\"presentation\"><strong>DOMENICA 7 Maggio<\/strong>\u00a0<\/span><\/span><span id=\"page3R_mcid6\" class=\"markedContent\"><span dir=\"ltr\" role=\"presentation\">Parrocchie De Pol (Rivamonte, Tiser, Gosaldo, Frassen\u00e8 e Voltago)\u00a0<\/span><\/span><span id=\"page3R_mcid8\" class=\"markedContent\"><span dir=\"ltr\" role=\"presentation\"><strong>Durante<\/strong>\u00a0la settimana ci sar\u00e0 la recapito porta a posta della<\/span>\u00a0<span dir=\"ltr\" role=\"presentation\">\u201c<\/span><span dir=\"ltr\" role=\"presentation\">dipladenia<\/span><span dir=\"ltr\" role=\"presentation\">\u201d<\/span>\u00a0<span dir=\"ltr\" role=\"presentation\">a Farra\u00a0<\/span><span dir=\"ltr\" role=\"presentation\">d<\/span><span dir=\"ltr\" role=\"presentation\">\u2019<\/span><span dir=\"ltr\" role=\"presentation\">Alpago e Zopp\u00e8 di Cadore\u00a0<\/span><\/span><\/p>\n<p>&nbsp;<\/p>\n<hr \/>\n<p>&nbsp;<\/p>\n<h2><strong><a class=\"dt-pswp-item\" href=\"https:\/\/www.radiopiu.net\/wordpress\/wp-content\/uploads\/2023\/04\/327467418_575530337433370_1016853194636718164_n.jpg\" data-dt-img-description=\"\" data-large_image_width=\"640\" data-large_image_height=\"640\"><img loading=\"lazy\" decoding=\"async\" class=\" wp-image-331562 alignleft\" src=\"https:\/\/www.radiopiu.net\/wordpress\/wp-content\/uploads\/2023\/04\/327467418_575530337433370_1016853194636718164_n-300x300.jpg\" alt=\"\" width=\"138\" height=\"138\" srcset=\"https:\/\/www.radiopiu.net\/wordpress\/wp-content\/uploads\/2023\/04\/327467418_575530337433370_1016853194636718164_n-300x300.jpg 300w, https:\/\/www.radiopiu.net\/wordpress\/wp-content\/uploads\/2023\/04\/327467418_575530337433370_1016853194636718164_n-150x150.jpg 150w, https:\/\/www.radiopiu.net\/wordpress\/wp-content\/uploads\/2023\/04\/327467418_575530337433370_1016853194636718164_n.jpg 640w\" sizes=\"auto, (max-width: 138px) 100vw, 138px\" \/><\/a><\/strong><span style=\"color: #ff9900;\">LA RASSEGNA STAMPA DA L&#8217;AMICO DEL POPOLO<\/span><\/h2>\n<p><strong>di Gianni Santomaso<\/strong><\/p>\n<p>OSPITE: Franco Chemello, Scuole In Rete Belluno<\/p>\n<audio class=\"wp-audio-shortcode\" id=\"audio-332047-6\" preload=\"none\" style=\"width: 100%;\" controls=\"controls\"><source type=\"audio\/mpeg\" src=\"https:\/\/www.radiopiu.net\/wordpress\/wp-content\/uploads\/2023\/04\/RASSEGNA-GIANNI.mp3?_=6\" \/><a href=\"https:\/\/www.radiopiu.net\/wordpress\/wp-content\/uploads\/2023\/04\/RASSEGNA-GIANNI.mp3\">https:\/\/www.radiopiu.net\/wordpress\/wp-content\/uploads\/2023\/04\/RASSEGNA-GIANNI.mp3<\/a><\/audio>\n<p>&nbsp;<\/p>\n<hr \/>\n<p>&nbsp;<\/p>\n<blockquote>\n<h3>GIUSEPPE BORTOT, 78 ANNI OGGI. IL SERGENTE ALPINO SEMPRE VICINO AI SUOI AMICI<\/h3>\n<\/blockquote>\n<p><strong>BELLUNO<\/strong><\/p>\n<p>di Roberto Bona<\/p>\n<audio class=\"wp-audio-shortcode\" id=\"audio-332047-7\" preload=\"none\" style=\"width: 100%;\" controls=\"controls\"><source type=\"audio\/mpeg\" src=\"https:\/\/www.radiopiu.net\/wordpress\/wp-content\/uploads\/2023\/04\/BONA-SERGENTE-ALPINO-BORTOT.mp3?_=7\" \/><a href=\"https:\/\/www.radiopiu.net\/wordpress\/wp-content\/uploads\/2023\/04\/BONA-SERGENTE-ALPINO-BORTOT.mp3\">https:\/\/www.radiopiu.net\/wordpress\/wp-content\/uploads\/2023\/04\/BONA-SERGENTE-ALPINO-BORTOT.mp3<\/a><\/audio>\n<p>&nbsp;<\/p>\n\n\t\t\t<style type='text\/css'>\n\t\t\t\t#gallery-6 {\n\t\t\t\t\tmargin: auto;\n\t\t\t\t}\n\t\t\t\t#gallery-6 .gallery-item {\n\t\t\t\t\tfloat: left;\n\t\t\t\t\tmargin-top: 10px;\n\t\t\t\t\ttext-align: center;\n\t\t\t\t\twidth: 50%;\n\t\t\t\t}\n\t\t\t\t#gallery-6 img {\n\t\t\t\t\tborder: 2px solid #cfcfcf;\n\t\t\t\t}\n\t\t\t\t#gallery-6 .gallery-caption {\n\t\t\t\t\tmargin-left: 0;\n\t\t\t\t}\n\t\t\t\t\/* see gallery_shortcode() in wp-includes\/media.php *\/\n\t\t\t<\/style>\n\t\t<div id='gallery-6' class='dt-gallery-container gallery galleryid-332047 gallery-columns-2 gallery-size-medium'><dl class='gallery-item'>\n\t\t\t\t<dt class='gallery-icon portrait'>\n\t\t\t\t\t<a class=\"rollover rollover-zoom dt-pswp-item\" title=\"dc2eec8f-acbe-4710-b65d-be63d51fff3b\" data-dt-img-description=\"\" data-large_image_width=\"720\" data-large_image_height=\"960\"href='https:\/\/www.radiopiu.net\/wordpress\/wp-content\/uploads\/2023\/04\/dc2eec8f-acbe-4710-b65d-be63d51fff3b.jpg'><img loading=\"lazy\" decoding=\"async\" width=\"225\" height=\"300\" src=\"https:\/\/www.radiopiu.net\/wordpress\/wp-content\/uploads\/2023\/04\/dc2eec8f-acbe-4710-b65d-be63d51fff3b-225x300.jpg\" class=\"attachment-medium size-medium\" alt=\"\" srcset=\"https:\/\/www.radiopiu.net\/wordpress\/wp-content\/uploads\/2023\/04\/dc2eec8f-acbe-4710-b65d-be63d51fff3b-225x300.jpg 225w, https:\/\/www.radiopiu.net\/wordpress\/wp-content\/uploads\/2023\/04\/dc2eec8f-acbe-4710-b65d-be63d51fff3b.jpg 720w\" sizes=\"auto, (max-width: 225px) 100vw, 225px\" \/><\/a>\n\t\t\t\t<\/dt><\/dl><dl class='gallery-item'>\n\t\t\t\t<dt class='gallery-icon portrait'>\n\t\t\t\t\t<a class=\"rollover rollover-zoom dt-pswp-item\" title=\"f2e69fe0-fe59-4783-b916-ad5991371de6\" data-dt-img-description=\"\" data-large_image_width=\"393\" data-large_image_height=\"590\"href='https:\/\/www.radiopiu.net\/wordpress\/wp-content\/uploads\/2023\/04\/f2e69fe0-fe59-4783-b916-ad5991371de6.jpg'><img loading=\"lazy\" decoding=\"async\" width=\"200\" height=\"300\" src=\"https:\/\/www.radiopiu.net\/wordpress\/wp-content\/uploads\/2023\/04\/f2e69fe0-fe59-4783-b916-ad5991371de6-200x300.jpg\" class=\"attachment-medium size-medium\" alt=\"\" srcset=\"https:\/\/www.radiopiu.net\/wordpress\/wp-content\/uploads\/2023\/04\/f2e69fe0-fe59-4783-b916-ad5991371de6-200x300.jpg 200w, https:\/\/www.radiopiu.net\/wordpress\/wp-content\/uploads\/2023\/04\/f2e69fe0-fe59-4783-b916-ad5991371de6.jpg 393w\" sizes=\"auto, (max-width: 200px) 100vw, 200px\" \/><\/a>\n\t\t\t\t<\/dt><\/dl><br style=\"clear: both\" \/>\n\t\t\t<\/div>\n\n<p>&nbsp;<\/p>\n<hr \/>\n<p>&nbsp;<\/p>\n<blockquote>\n<h3>IL CONSIGLIO COMUNALE DI CENCENIGHE<\/h3>\n<\/blockquote>\n<p><strong>CENCENIGHE<\/strong><\/p>\n<p><strong>di Gianni Santomaso<\/strong><\/p>\n<audio class=\"wp-audio-shortcode\" id=\"audio-332047-8\" preload=\"none\" style=\"width: 100%;\" controls=\"controls\"><source type=\"audio\/mpeg\" src=\"https:\/\/www.radiopiu.net\/wordpress\/wp-content\/uploads\/2023\/04\/GIANNI-CONSIGLIO-COMUNALE-CENCENIGHE.mp3?_=8\" \/><a href=\"https:\/\/www.radiopiu.net\/wordpress\/wp-content\/uploads\/2023\/04\/GIANNI-CONSIGLIO-COMUNALE-CENCENIGHE.mp3\">https:\/\/www.radiopiu.net\/wordpress\/wp-content\/uploads\/2023\/04\/GIANNI-CONSIGLIO-COMUNALE-CENCENIGHE.mp3<\/a><\/audio>\n<p>&nbsp;<\/p>\n<hr \/>\n<p>&nbsp;<\/p>\n<blockquote>\n<h3>IL PUNTO DI SAN TOMASO<\/h3>\n<\/blockquote>\n<p><strong>SAN TOMASO<\/strong> Tolto il solito &#8220;lettura ed approvazione verbali seduta precedente&#8221;, ci sar\u00e0 un unico punto in discussione al consiglio comunale che il sindaco Moreno De Val ha calendarizzato per marcoledi alle 20. Il punto:\u00a0 approvazione rendiconto della gestione per l&#8217;esercizio 2022.<\/p>\n<p>&nbsp;<\/p>\n<p>&nbsp;<\/p>\n<hr \/>\n<p>&nbsp;<\/p>\n<blockquote>\n<h3>L&#8217;ASSEMBLEA ANNUALE AUSER &#8220;EL BROI&#8221;<\/h3>\n<\/blockquote>\n<p><strong>AGORDO<\/strong> Sabato 29 aprile alle 15:30 \u00e8 convocata l&#8217;assemblea annuale dei soci Auser &#8220;El Broi&#8221; nella sala Don Tamis di Agordo. Si discuter\u00e0 della proposta di aumentare il numero dei componenti del consiglio direttivo, la votazione dei nuovi componenti, la relazione del presidente, il bilancio sociale, l&#8217;aprovazione del bilancio consuntivo 2022 e di previsione 2023. Seguir\u00e0 un momento conviviale nella sede del circolo.<\/p>\n<p>&nbsp;<\/p>\n<p>&nbsp;<\/p>\n<hr \/>\n<p>&nbsp;<\/p>\n<blockquote>\n<h3>LA FESTA DELLA LIBERAZIONE A SOSPIROLO<\/h3>\n<\/blockquote>\n<p><strong>SOSPIROLO<\/strong><\/p>\n<p>di Roberto Bona<\/p>\n<audio class=\"wp-audio-shortcode\" id=\"audio-332047-9\" preload=\"none\" style=\"width: 100%;\" controls=\"controls\"><source type=\"audio\/mpeg\" src=\"https:\/\/www.radiopiu.net\/wordpress\/wp-content\/uploads\/2023\/04\/BONA-LIBERAZIONE-SOSPIROLO.mp3?_=9\" \/><a href=\"https:\/\/www.radiopiu.net\/wordpress\/wp-content\/uploads\/2023\/04\/BONA-LIBERAZIONE-SOSPIROLO.mp3\">https:\/\/www.radiopiu.net\/wordpress\/wp-content\/uploads\/2023\/04\/BONA-LIBERAZIONE-SOSPIROLO.mp3<\/a><\/audio>\n<p>&nbsp;<\/p>\n<hr \/>\n<p>&nbsp;<\/p>\n<blockquote>\n<h3><strong><a class=\"dt-pswp-item\" href=\"https:\/\/www.radiopiu.net\/wordpress\/wp-content\/uploads\/2023\/04\/Senza-nome-32.jpg\" data-dt-img-description=\"\" data-large_image_width=\"266\" data-large_image_height=\"235\"><img loading=\"lazy\" decoding=\"async\" class=\" wp-image-331454 alignleft\" src=\"https:\/\/www.radiopiu.net\/wordpress\/wp-content\/uploads\/2023\/04\/Senza-nome-32.jpg\" alt=\"\" width=\"141\" height=\"125\" \/><\/a><\/strong>BOSCHI RESILIENTI, QUALI INTERVENTI PER LA LOTTA AL BOSTRICO?<\/h3>\n<\/blockquote>\n<p><strong>di Gianni Santomaso<\/strong><\/p>\n<audio class=\"wp-audio-shortcode\" id=\"audio-332047-10\" preload=\"none\" style=\"width: 100%;\" controls=\"controls\"><source type=\"audio\/mpeg\" src=\"https:\/\/www.radiopiu.net\/wordpress\/wp-content\/uploads\/2023\/04\/GIANNI-INCONTRO-BOSTRICO-A-CANALE.mp3?_=10\" \/><a href=\"https:\/\/www.radiopiu.net\/wordpress\/wp-content\/uploads\/2023\/04\/GIANNI-INCONTRO-BOSTRICO-A-CANALE.mp3\">https:\/\/www.radiopiu.net\/wordpress\/wp-content\/uploads\/2023\/04\/GIANNI-INCONTRO-BOSTRICO-A-CANALE.mp3<\/a><\/audio>\n<p>&nbsp;<\/p>\n<hr \/>\n<p>&nbsp;<\/p>\n<blockquote>\n<h2><span id=\"page72R_mcid0\" class=\"markedContent\"><span class=\"markedContent\"><span dir=\"ltr\" role=\"presentation\">Premio \u201cEnrico De Nard\u201d<\/span><\/span><\/span>disce la terza edizione del Premio per tesi inedite a lui intitolato.<\/h2>\n<\/blockquote>\n<p><span id=\"page72R_mcid0\" class=\"markedContent\"><span class=\"markedContent\"><span dir=\"ltr\" role=\"presentation\">Per onorare la memoria dello studioso Enrico De Nard <\/span><span dir=\"ltr\" role=\"presentation\">l\u2019 \u201cArchivio storico di Belluno Feltre e Cadore\u201d, <\/span><span dir=\"ltr\" role=\"presentation\">con la collaborazione della Biblioteca Civica di Belluno, <\/span><span dir=\"ltr\" role=\"presentation\">bandisce la nona edizione del Premio per tesi inedite a lui intitolato.<\/span><br role=\"presentation\" \/><span dir=\"ltr\" role=\"presentation\">Il Premio (2500 euro) sar\u00e0 assegnato entro dicembre 2023. Il<span id=\"page72R_mcid27\" class=\"markedContent\"> testo del bando\u00a0 sul sito www.asbfc.it<\/span><\/span><\/span><\/span><\/p>\n<p>&nbsp;<\/p>\n<hr \/>\n<p>&nbsp;<\/p>\n<blockquote>\n<h3 class=\"articlePlainTitle\">Giornata ecologica sabato a Caviola<\/h3>\n<\/blockquote>\n<div class=\"articlePlainText\"><strong>FALCADE<\/strong> La Pro loco di Caviola, in collaborazione con il Comune di Falcade, organizza per sabato la giornata ecologica. Il ritrovo \u00e8 alle 8,30 in piazza Pertini a Caviola, se possibile, muniti di giubbotto catarifrangente. Alle 12 pastasciutta al ristorante Livia.<\/div>\n<p>&nbsp;<\/p>\n<hr \/>\n<p>&nbsp;<\/p>\n<blockquote>\n<h3>UN PAESE PULITO, UN PAESE PIU&#8217; BELLO E INVITANTE<\/h3>\n<\/blockquote>\n<p><strong><a class=\"dt-pswp-item\" href=\"https:\/\/www.radiopiu.net\/wordpress\/wp-content\/uploads\/2020\/02\/download-4.jpg\" data-dt-img-description=\"\" data-large_image_width=\"228\" data-large_image_height=\"221\"><img loading=\"lazy\" decoding=\"async\" class=\"wp-image-117199 alignleft\" src=\"https:\/\/www.radiopiu.net\/wordpress\/wp-content\/uploads\/2020\/02\/download-4.jpg\" alt=\"\" width=\"168\" height=\"163\" \/><\/a>REDAZIONE<\/strong> A primavera puntuali ecco le giornate ecologiche, sforzo importante quello dei volontari di tutte le et\u00e0.\u00a0 Due gli appuntamenti in Valle del Biois, sabato con la proloco di Caviola, dalle 8.30 in piazza Pertini, alle 12 pastasciutta per tutti.<br \/>\nE sempre sabato dalle 14.30 con ritrovo nel piazzale delle sport (parco giochi di Falcade) la pulizia della piana. Alle 14.30 il ritrovo a al termine\u00a0 per tutti la merenda, ne abbiamo parlato con Matteo Cagnati, presidente dello Sci Club Val Biois. (foto)<\/p>\n<p>di Mirko Mezzacasa<\/p>\n<audio class=\"wp-audio-shortcode\" id=\"audio-332047-11\" preload=\"none\" style=\"width: 100%;\" controls=\"controls\"><source type=\"audio\/mpeg\" src=\"https:\/\/www.radiopiu.net\/wordpress\/wp-content\/uploads\/2023\/04\/MATTEO-CAGNATI.mp3?_=11\" \/><a href=\"https:\/\/www.radiopiu.net\/wordpress\/wp-content\/uploads\/2023\/04\/MATTEO-CAGNATI.mp3\">https:\/\/www.radiopiu.net\/wordpress\/wp-content\/uploads\/2023\/04\/MATTEO-CAGNATI.mp3<\/a><\/audio>\n<p>&nbsp;<\/p>\n<p>&nbsp;<\/p>\n<hr \/>\n<p>&nbsp;<\/p>\n<p>&nbsp;<\/p>\n<p><a class=\"dt-pswp-item\" href=\"https:\/\/www.radiopiu.net\/wordpress\/wp-content\/uploads\/2023\/04\/BARACA-de-FEN-1.png\" data-dt-img-description=\"\" data-large_image_width=\"1414\" data-large_image_height=\"2000\"><img loading=\"lazy\" decoding=\"async\" class=\"size-medium wp-image-332088 aligncenter\" src=\"https:\/\/www.radiopiu.net\/wordpress\/wp-content\/uploads\/2023\/04\/BARACA-de-FEN-1-212x300.png\" alt=\"\" width=\"212\" height=\"300\" srcset=\"https:\/\/www.radiopiu.net\/wordpress\/wp-content\/uploads\/2023\/04\/BARACA-de-FEN-1-212x300.png 212w, https:\/\/www.radiopiu.net\/wordpress\/wp-content\/uploads\/2023\/04\/BARACA-de-FEN-1-724x1024.png 724w, https:\/\/www.radiopiu.net\/wordpress\/wp-content\/uploads\/2023\/04\/BARACA-de-FEN-1-768x1086.png 768w, https:\/\/www.radiopiu.net\/wordpress\/wp-content\/uploads\/2023\/04\/BARACA-de-FEN-1-1086x1536.png 1086w, https:\/\/www.radiopiu.net\/wordpress\/wp-content\/uploads\/2023\/04\/BARACA-de-FEN-1.png 1414w\" sizes=\"auto, (max-width: 212px) 100vw, 212px\" \/><\/a><\/p>\n<p>&nbsp;<\/p>\n<hr \/>\n<p>&nbsp;<\/p>\n<blockquote>\n<h3>ANTI FASCISMO E RESISTENZA VALORI INCARNATI NELLA COSTITUZIONE, MAI COSI&#8217; ATTUALI<\/h3>\n<\/blockquote>\n<p><a class=\"dt-pswp-item\" href=\"https:\/\/www.radiopiu.net\/wordpress\/wp-content\/uploads\/2023\/04\/istockphoto-1153350430-170667a.jpg\" data-dt-img-description=\"Coils or circles of razor wire on an easily changed orange background.\" data-large_image_width=\"509\" data-large_image_height=\"339\"><img loading=\"lazy\" decoding=\"async\" class=\" wp-image-331336\" src=\"https:\/\/www.radiopiu.net\/wordpress\/wp-content\/uploads\/2023\/04\/istockphoto-1153350430-170667a-300x200.jpg\" alt=\"\" width=\"215\" height=\"143\" srcset=\"https:\/\/www.radiopiu.net\/wordpress\/wp-content\/uploads\/2023\/04\/istockphoto-1153350430-170667a-300x200.jpg 300w, https:\/\/www.radiopiu.net\/wordpress\/wp-content\/uploads\/2023\/04\/istockphoto-1153350430-170667a.jpg 509w\" sizes=\"auto, (max-width: 215px) 100vw, 215px\" \/><\/a><\/p>\n<p><strong>BELLUNO<\/strong><\/p>\n<p><strong>DI ROBERTO BONA<\/strong><\/p>\n<audio class=\"wp-audio-shortcode\" id=\"audio-332047-12\" preload=\"none\" style=\"width: 100%;\" controls=\"controls\"><source type=\"audio\/mpeg\" src=\"https:\/\/www.radiopiu.net\/wordpress\/wp-content\/uploads\/2023\/04\/ForumLiberazione-1.mp3?_=12\" \/><a href=\"https:\/\/www.radiopiu.net\/wordpress\/wp-content\/uploads\/2023\/04\/ForumLiberazione-1.mp3\">https:\/\/www.radiopiu.net\/wordpress\/wp-content\/uploads\/2023\/04\/ForumLiberazione-1.mp3<\/a><\/audio>\n<p>&nbsp;<\/p>\n<p>&nbsp;<\/p>\n<hr \/>\n<p>&nbsp;<\/p>\n<blockquote>\n<h3>ANNAROSA NON MUORE, OTTANTESIMO ANNIVERSARIO INIZIO DELLA RESISTENZA<\/h3>\n<\/blockquote>\n<p><strong><img loading=\"lazy\" decoding=\"async\" class=\"alignleft\" src=\"https:\/\/www.radiopiu.net\/wordpress\/wp-content\/uploads\/2023\/04\/Senza-nome-27.jpg\" width=\"194\" height=\"143\" \/>BELLUNO<\/strong><\/p>\n<p><strong>ROBERTO BONA<\/strong><\/p>\n<p>&nbsp;<\/p>\n<audio class=\"wp-audio-shortcode\" id=\"audio-332047-13\" preload=\"none\" style=\"width: 100%;\" controls=\"controls\"><source type=\"audio\/mpeg\" src=\"https:\/\/www.radiopiu.net\/wordpress\/wp-content\/uploads\/2023\/04\/AnnaRosaNonMuore-1.mp3?_=13\" \/><a href=\"https:\/\/www.radiopiu.net\/wordpress\/wp-content\/uploads\/2023\/04\/AnnaRosaNonMuore-1.mp3\">https:\/\/www.radiopiu.net\/wordpress\/wp-content\/uploads\/2023\/04\/AnnaRosaNonMuore-1.mp3<\/a><\/audio>\n<p>&nbsp;<\/p>\n<p>&nbsp;<\/p>\n<p>&nbsp;<\/p>\n<hr \/>\n<blockquote>\n<h3><\/h3>\n<h3>DALLA FOTOGRAFIA ALLA VIDEO ART: GLI INCONTRI AD AGORDO<\/h3>\n<\/blockquote>\n<p><strong>DI GIANNI SANTOMASO<\/strong><\/p>\n<audio class=\"wp-audio-shortcode\" id=\"audio-332047-14\" preload=\"none\" style=\"width: 100%;\" controls=\"controls\"><source type=\"audio\/mpeg\" src=\"https:\/\/www.radiopiu.net\/wordpress\/wp-content\/uploads\/2023\/04\/GIANNI-DALLA-FOTOGRAFIA-ALLA-VIDEOART.mp3?_=14\" \/><a href=\"https:\/\/www.radiopiu.net\/wordpress\/wp-content\/uploads\/2023\/04\/GIANNI-DALLA-FOTOGRAFIA-ALLA-VIDEOART.mp3\">https:\/\/www.radiopiu.net\/wordpress\/wp-content\/uploads\/2023\/04\/GIANNI-DALLA-FOTOGRAFIA-ALLA-VIDEOART.mp3<\/a><\/audio>\n<p>&nbsp;<\/p>\n<p><strong>AGORDO Domani,<\/strong> dalle 18, ad Agordo alla Sala Don Tamis si\u00a0 terr\u00e0 la prima di tre conferenze della serie \u201cDalla fotografia alla video art e all\u2019arte cinetica\u201d. La relazione dal titolo \u201cLa storia della fotografia\u201d sar\u00e0 svolta dal Dott. Prof. Roberto Favero. Si ricorda che l\u2019ingresso \u00e8 libero per tutti.<\/p>\n<p>&nbsp;<\/p>\n<hr \/>\n<blockquote>\n<h3><\/h3>\n<h3>QUESTA&#8217; E&#8217; LA NOSTRA STORIA<\/h3>\n<\/blockquote>\n<p><strong>DI GIANNI SANTOMASO<\/strong><\/p>\n<div>\n<audio class=\"wp-audio-shortcode\" id=\"audio-332047-15\" preload=\"none\" style=\"width: 100%;\" controls=\"controls\"><source type=\"audio\/mpeg\" src=\"https:\/\/www.radiopiu.net\/wordpress\/wp-content\/uploads\/2023\/04\/GIANNI-QUESTA-E-LA-NOSTRA-STORIA.mp3?_=15\" \/><a href=\"https:\/\/www.radiopiu.net\/wordpress\/wp-content\/uploads\/2023\/04\/GIANNI-QUESTA-E-LA-NOSTRA-STORIA.mp3\">https:\/\/www.radiopiu.net\/wordpress\/wp-content\/uploads\/2023\/04\/GIANNI-QUESTA-E-LA-NOSTRA-STORIA.mp3<\/a><\/audio>\n<p><strong>AGORDO<\/strong> <strong>Sabato 22 aprile<\/strong> alle 17.30 testimonianze, ricordi e fotografie del territorio bellunese dagli anni Cinquanta: emigrazione, lavoro, alluvione del 1966. In sala della Biblioteca con la famiglia ex emigranti agordino. Interventi Luca Luchetta, Aldo Da Roit, Gabriele Ganz e Maria Rita Gentilin Spi Belluno.<\/p>\n<\/div>\n<p>&nbsp;<\/p>\n<hr \/>\n<p>&nbsp;<\/p>\n<blockquote>\n<h3>L&#8217;OM SALVARECH A LA VALLE<\/h3>\n<\/blockquote>\n<p><strong>LA VALLE <\/strong>A La Valle due giorni di festa con l&#8217;Om Salvarech. <strong>Lunedi 24 aprile<\/strong>, al tendone presentazione della mostra &#8220;vers l&#8217;insuda&#8221;:gli aquerelli dipinti dagli alunni della scuola primaria, dalle 17 l&#8217;apertivo selvatico con Rdj, 19 stand gastronomico, serata danzante con la Spritzband e a seguire dico-tek con Rdj. <strong>Martedi 25 aprile<\/strong> al tendone di Conaggia \u201cel merc\u00e0 de l&#8217;insuda\u201d, alle 10 gara podistica Su e do per i coi, memorial Flavio De Cassai, dalle 12 stand gastronomico e dalle 14: preparazione Om Salvarech a Cugnago, sfilata per le vie del paese, alle 16 apertivo selvatico danzante con Eros, alle 19 la cota e quindi gran finale con il testamento e il Falo&#8217; Dell&#8217;Om Salvarech tra i balli con Eros e Karin. Om Salvarech, a LA VALLE AGORDINA. con la Proloco 24-25 Aprile<\/p>\n<p>&nbsp;<\/p>\n<hr \/>\n<p>&nbsp;<\/p>\n<blockquote>\n<h3>LA MOSTRA DI GIOVANNA DEPPI A PIEVE DI CADORE<\/h3>\n<\/blockquote>\n<p><strong>PIEVE DI CADORE<\/strong>\u00a0 Fino <strong>al 6 maggio<\/strong> \u00e8 possibile visitare la mostra di Giovanna Deppi all&#8217;Auditorium Cos.Mo di Pieve di Cadore.<\/p>\n<p>&nbsp;<\/p>\n<blockquote>\n<h3>A TEATRO CON LA COMPAGNIA TEATRALE DI SANTA GIUSTINA<\/h3>\n<\/blockquote>\n<p><strong>SOSPIROLO<\/strong> Sabato serata teatrale con la compagnia di Santa Giustina &#8220;I&#8230;Saranno Famosi&#8221;. Sabato al Centro civico di Sospirolo<\/p>\n<p>&nbsp;<\/p>\n<blockquote>\n<h3>A TEATRO CON ABVS. SABATO A CAVARZANO<\/h3>\n<\/blockquote>\n<p><strong>BELLUNO<\/strong><\/p>\n<p>di Roberto Bona<\/p>\n<audio class=\"wp-audio-shortcode\" id=\"audio-332047-16\" preload=\"none\" style=\"width: 100%;\" controls=\"controls\"><source type=\"audio\/mpeg\" src=\"https:\/\/www.radiopiu.net\/wordpress\/wp-content\/uploads\/2023\/04\/BONA-ERA-TUTTA-COMPAGNIA-TEATRO-CAVARZANO.mp3?_=16\" \/><a href=\"https:\/\/www.radiopiu.net\/wordpress\/wp-content\/uploads\/2023\/04\/BONA-ERA-TUTTA-COMPAGNIA-TEATRO-CAVARZANO.mp3\">https:\/\/www.radiopiu.net\/wordpress\/wp-content\/uploads\/2023\/04\/BONA-ERA-TUTTA-COMPAGNIA-TEATRO-CAVARZANO.mp3<\/a><\/audio>\n<p>&nbsp;<\/p>\n<blockquote>\n<h3>IL CONCERTO ORGANIZZATO DALL&#8217;ASSOCIAZIONE ECUADORIANI DI BELLUNO<\/h3>\n<\/blockquote>\n<p><strong>BELLUNO<\/strong> <strong>Sabato 22 aprile<\/strong> a Belluno, alla sala-teatro Giovanni XXIII in piazza Piloni con inizio alle 20, si terr\u00e0 un concerto organizzato dall&#8217;Associazione Ecuadoriani. Durante l&#8217;evento si esibiranno il coro gospel di Barcellona &#8220;De tot cor&#8221; (Con tutto il cuore) e il coro Cherubini del Camerun. L&#8217;entrata sar\u00e0 ad offerta libera e l&#8217;intero ricavato della serata verr\u00e0 devoluto al gruppo &#8220;De Laica adoratrices&#8221; (Sacerdotesse della Chiesa Cattolica) dell&#8217;orfanotrofio di Guayaquil in Ecuador.<\/p>\n<p>&nbsp;<\/p>\n<blockquote>\n<h3>LA MOSTRA DI SARA ANDRICH<\/h3>\n<\/blockquote>\n<p><strong>ALPAGO<\/strong> Esposizione delle opere di Sara Andrich nel municipio di Pieve. La mostra &#8220;L&#8217;incontro&#8221; sar\u00e0\u00a0 visitabile <strong>fino a marted\u00ec 25 aprile<\/strong> compreso<\/p>\n<p>&nbsp;<\/p>\n<blockquote>\n<h3>LA PRESENTAZIONE DEL LIBRO SULLE MILLE AVVENTURE DI ANTONIO NADALET<\/h3>\n<\/blockquote>\n<p><strong>BELLUNO<\/strong> Avventure dall&#8217;Europa all&#8217;America. Avventure di un emigrante coraggioso e intraprendente. \u00c8 Antonio Nadalet, le cui peripezie sono raccontate dal nipote, Lorenzo Pertoldi, nel libro \u201cSu e gi\u00f9 per il mondo\u201d che verr\u00e0 presentato <strong>gioved\u00ec 27 aprile<\/strong> a Belluno. Appuntamento alle 17.30 nella sede dell&#8217;Associazione Bellunesi nel Mondo, in via Cavour 3.<\/p>\n<p>&nbsp;<\/p>\n<blockquote>\n<h3>CONVERSAZIONI IN MUSEO<\/h3>\n<\/blockquote>\n<p><strong>FELTRE<\/strong> Gioved\u00ec 27 aprile, alle 18, in Galleria Rizzarda,\u00a0 Moira Mascotto, Elena Catra\u00a0 e Beatrice Avanzi parleranno delle due rassegne vicine alla citt\u00e0:\u00a0 \u201cCanova e il potere\u201d, aperta fino al 3 settembre al museo gypsoteca Antonio Canova di Possagno e \u201cKlimt e l&#8217;arte italiana\u201d, visitabile fino al 18 giugno\u00a0 al museo di arte moderna e contemporanea di Trento e Rovereto.<\/p>\n<p>&nbsp;<\/p>\n<hr \/>\n<p>&nbsp;<\/p>\n<blockquote>\n<h3>PULIAMO IL TERRITORIO IN RIVA LA LAGO<\/h3>\n<\/blockquote>\n<p><strong>DI GIANNI SANTOMASO<\/strong><\/p>\n<audio class=\"wp-audio-shortcode\" id=\"audio-332047-17\" preload=\"none\" style=\"width: 100%;\" controls=\"controls\"><source type=\"audio\/mpeg\" src=\"https:\/\/www.radiopiu.net\/wordpress\/wp-content\/uploads\/2023\/04\/GIANNI-UNA-GIORNATA-ECOLOGICA-CON-ALPINI-E-COMUNE-DI-ALLEGHE.mp3?_=17\" \/><a href=\"https:\/\/www.radiopiu.net\/wordpress\/wp-content\/uploads\/2023\/04\/GIANNI-UNA-GIORNATA-ECOLOGICA-CON-ALPINI-E-COMUNE-DI-ALLEGHE.mp3\">https:\/\/www.radiopiu.net\/wordpress\/wp-content\/uploads\/2023\/04\/GIANNI-UNA-GIORNATA-ECOLOGICA-CON-ALPINI-E-COMUNE-DI-ALLEGHE.mp3<\/a><\/audio>\n<p>&nbsp;<\/p>\n<p><strong>ALLEGHE<\/strong> I Gruppi\u00a0 degli alpini di Alleghe e\u00a0 Rocca Pietore con i rispettivi Comuni e le associazioni del territorio,\u00a0 organizzano per sabato una giornata ecologica per la pulizia del territorio aperta a tutti i volontari della zona.<\/p>\n<p><a class=\"dt-pswp-item\" href=\"https:\/\/www.radiopiu.net\/wordpress\/wp-content\/uploads\/2023\/04\/Senza-nome-55.jpg\" data-dt-img-description=\"\" data-large_image_width=\"543\" data-large_image_height=\"284\"><img loading=\"lazy\" decoding=\"async\" class=\"size-medium wp-image-332151 aligncenter\" src=\"https:\/\/www.radiopiu.net\/wordpress\/wp-content\/uploads\/2023\/04\/Senza-nome-55-300x157.jpg\" alt=\"\" width=\"300\" height=\"157\" srcset=\"https:\/\/www.radiopiu.net\/wordpress\/wp-content\/uploads\/2023\/04\/Senza-nome-55-300x157.jpg 300w, https:\/\/www.radiopiu.net\/wordpress\/wp-content\/uploads\/2023\/04\/Senza-nome-55.jpg 543w\" sizes=\"auto, (max-width: 300px) 100vw, 300px\" \/><\/a><\/p>\n<p>&nbsp;<\/p>\n<hr \/>\n<p>&nbsp;<\/p>\n<blockquote>\n<h3><span style=\"color: #222222;\"><span style=\"font-family: Verdana, serif;\"><b>GIORNATA ECOLOGICA: \u201cFACCIAMO PULIZIA\u201d<\/b><\/span><\/span><span style=\"color: #222222;\"><span style=\"font-family: Verdana, serif;\"><br \/>\n<\/span><\/span><\/h3>\n<\/blockquote>\n<p><strong>BELLUNO<\/strong> Mercoledi il Bacino di pesca n.8 di Belluno, assieme all\u2019Istituto d&#8217;Istruzione Superiore \u201cTomaso Catullo\u201d\u00a0 ha organizzato una giornata ecologica volta alla conoscenza dell\u2019ambiente e del territorio. Tre classi del biennio del Liceo Artistico, accompagnate dagli insegnanti e dai responsabili del Bacino, parteciperanno ad un&#8217;attivit\u00e0 di raccolta dei rifiuti su diversi siti ubicati lungo le sponde del fiume Piave. Info \u00a0sarapiazza@istitutocatullo.edu.it<\/p>\n<p>&nbsp;<\/p>\n<p>&nbsp;<\/p>\n<hr \/>\n<p>&nbsp;<\/p>\n<blockquote>\n<h3>LA BUONA MUSICA A BORGO VALBELLUNA<\/h3>\n<\/blockquote>\n<p><strong>BORGO VALBELLUNA<\/strong> L&#8217;evento: organizzato dall\u2019Associazione Culturale Arte Nuova, Casa della musica Zumellese e la Pro Loco Zumellese con il patrocinio del Comune di Borgo Valbelluna, per sabato Sabato 29 april all\u2019auditorium di Mel, dalle 17.30\u00a0 con ingresso libero. Saranno presentati i brani presenti nell\u2019ultimo CD Hic et nunc di\u00a0Marco Crestani (sax tenore),\u00a0Enrico Crosato (chitarra) e\u00a0Gabriele Tormen (contrabbasso)<\/p>\n<p>&nbsp;<\/p>\n<p>&nbsp;<\/p>\n<hr \/>\n<p>&nbsp;<\/p>\n<blockquote>\n<h3>LA GITA CON IL CAI DI BELLUNO<\/h3>\n<\/blockquote>\n<p><strong>BELLUNO<\/strong> La Sezione di Belluno del <span class=\"tojvnm2t a6sixzi8 abs2jz4q a8s20v7p t1p8iaqh k5wvi7nf q3lfd5jv pk4s997a bipmatt0 cebpdrjk qowsmv63 owwhemhu dp1hu0rb dhp61c6y iyyx5f41\">Club Alpino Italiano organizza nel fine settimana 6-7 maggio un&#8217;uscita nel Villaggio degli Alpinisti in Carnia (UD). Il programma \u00e8 pubblicato sul sito del CAI BL (www.caibelluno.it)<\/span><\/p>\n<p>&nbsp;<\/p>\n<p>&nbsp;<\/p>\n<hr \/>\n<p>&nbsp;<\/p>\n<blockquote>\n<h3>LA STORIA DI TUTTI<\/h3>\n<\/blockquote>\n<p><strong>LIMANA<\/strong> In occasione della ricorrenza della Festa della Liberazione, il comune di Limana organizza un evento con lo storico Marco Perale sugli eventi e protagonisti limanesi durante la Seconda Guerra Mondiale. Appuntamento mercoled\u00ec alle 20:30 al Municipio di Limana.<\/p>\n<p>&nbsp;<\/p>\n<p>&nbsp;<\/p>\n<hr \/>\n<p>&nbsp;<\/p>\n<blockquote>\n<h3>MUSICA IN VAL BELLUNA, LA MOSTRA<\/h3>\n<\/blockquote>\n<p><strong>BELLUNO<\/strong> Venerd\u00ec 28 aprile ore 17.30\u00a0 c\/o il Museo Etnografico Dolomiti a Seravella (Cesiomaggiore) si terr\u00e0 l&#8217;inaugurazione della mostra fotostorica &#8220;Musica in Valbelluna. Storia e tradizioni&#8221;, organizzata dall&#8217;Unione Montana Feltrina e dal Comune di Pedavena. L&#8217;esposizione sar\u00e0 visitabile fino al 4 giugno col seguente orario: da marted\u00ec a venerd\u00ec ore 9.00-13.00; sabato e domenica ore 15.00-18.00. Info: Tel. 0439.959162 &#8211; <a title=\"mailto:museodolomiti@provincia.belluno.it\" href=\"mailto:museodolomiti@provincia.belluno.it\" target=\"_blank\" rel=\"noopener\">museodolomiti@provincia.belluno.it<\/a><\/p>\n<p>&nbsp;<\/p>\n<p>&nbsp;<\/p>\n<hr \/>\n<p>&nbsp;<\/p>\n<blockquote>\n<h3>I GRAFICI DI TIZIANO DE COL<\/h3>\n<\/blockquote>\n\n\t\t\t<style type='text\/css'>\n\t\t\t\t#gallery-7 {\n\t\t\t\t\tmargin: auto;\n\t\t\t\t}\n\t\t\t\t#gallery-7 .gallery-item {\n\t\t\t\t\tfloat: left;\n\t\t\t\t\tmargin-top: 10px;\n\t\t\t\t\ttext-align: center;\n\t\t\t\t\twidth: 20%;\n\t\t\t\t}\n\t\t\t\t#gallery-7 img {\n\t\t\t\t\tborder: 2px solid #cfcfcf;\n\t\t\t\t}\n\t\t\t\t#gallery-7 .gallery-caption {\n\t\t\t\t\tmargin-left: 0;\n\t\t\t\t}\n\t\t\t\t\/* see gallery_shortcode() in wp-includes\/media.php *\/\n\t\t\t<\/style>\n\t\t<div id='gallery-7' class='dt-gallery-container gallery galleryid-332047 gallery-columns-5 gallery-size-thumbnail'><dl class='gallery-item'>\n\t\t\t\t<dt class='gallery-icon landscape'>\n\t\t\t\t\t<a class=\"rollover rollover-zoom dt-pswp-item\" title=\"966dcd0e-295f-4e16-b18d-b62c9954fdc9\" data-dt-img-description=\"\" data-large_image_width=\"592\" data-large_image_height=\"340\"href='https:\/\/www.radiopiu.net\/wordpress\/wp-content\/uploads\/2023\/04\/966dcd0e-295f-4e16-b18d-b62c9954fdc9.jpg'><img loading=\"lazy\" decoding=\"async\" width=\"150\" height=\"150\" src=\"https:\/\/www.radiopiu.net\/wordpress\/wp-content\/uploads\/2023\/04\/966dcd0e-295f-4e16-b18d-b62c9954fdc9-150x150.jpg\" class=\"attachment-thumbnail size-thumbnail\" alt=\"\" \/><\/a>\n\t\t\t\t<\/dt><\/dl><dl class='gallery-item'>\n\t\t\t\t<dt class='gallery-icon landscape'>\n\t\t\t\t\t<a class=\"rollover rollover-zoom dt-pswp-item\" title=\"c49d5b3e-32a7-4ad2-8aaa-fe2276d3f1f5\" data-dt-img-description=\"\" data-large_image_width=\"604\" data-large_image_height=\"347\"href='https:\/\/www.radiopiu.net\/wordpress\/wp-content\/uploads\/2023\/04\/c49d5b3e-32a7-4ad2-8aaa-fe2276d3f1f5.jpg'><img loading=\"lazy\" decoding=\"async\" width=\"150\" height=\"150\" src=\"https:\/\/www.radiopiu.net\/wordpress\/wp-content\/uploads\/2023\/04\/c49d5b3e-32a7-4ad2-8aaa-fe2276d3f1f5-150x150.jpg\" class=\"attachment-thumbnail size-thumbnail\" alt=\"\" \/><\/a>\n\t\t\t\t<\/dt><\/dl><dl class='gallery-item'>\n\t\t\t\t<dt class='gallery-icon landscape'>\n\t\t\t\t\t<a class=\"rollover rollover-zoom dt-pswp-item\" title=\"9f5018eb-9254-416f-be78-153ba707108c\" data-dt-img-description=\"\" data-large_image_width=\"594\" data-large_image_height=\"345\"href='https:\/\/www.radiopiu.net\/wordpress\/wp-content\/uploads\/2023\/04\/9f5018eb-9254-416f-be78-153ba707108c.jpg'><img loading=\"lazy\" decoding=\"async\" width=\"150\" height=\"150\" src=\"https:\/\/www.radiopiu.net\/wordpress\/wp-content\/uploads\/2023\/04\/9f5018eb-9254-416f-be78-153ba707108c-150x150.jpg\" class=\"attachment-thumbnail size-thumbnail\" alt=\"\" \/><\/a>\n\t\t\t\t<\/dt><\/dl><dl class='gallery-item'>\n\t\t\t\t<dt class='gallery-icon landscape'>\n\t\t\t\t\t<a class=\"rollover rollover-zoom dt-pswp-item\" title=\"7f66757b-f249-4a99-99ff-ed53c98d1258\" data-dt-img-description=\"\" data-large_image_width=\"594\" data-large_image_height=\"350\"href='https:\/\/www.radiopiu.net\/wordpress\/wp-content\/uploads\/2023\/04\/7f66757b-f249-4a99-99ff-ed53c98d1258.jpg'><img loading=\"lazy\" decoding=\"async\" width=\"150\" height=\"150\" src=\"https:\/\/www.radiopiu.net\/wordpress\/wp-content\/uploads\/2023\/04\/7f66757b-f249-4a99-99ff-ed53c98d1258-150x150.jpg\" class=\"attachment-thumbnail size-thumbnail\" alt=\"\" \/><\/a>\n\t\t\t\t<\/dt><\/dl><dl class='gallery-item'>\n\t\t\t\t<dt class='gallery-icon landscape'>\n\t\t\t\t\t<a class=\"rollover rollover-zoom dt-pswp-item\" title=\"b1ce20b2-d224-4340-84c8-64b358e6f26c\" data-dt-img-description=\"\" data-large_image_width=\"610\" data-large_image_height=\"351\"href='https:\/\/www.radiopiu.net\/wordpress\/wp-content\/uploads\/2023\/04\/b1ce20b2-d224-4340-84c8-64b358e6f26c.jpg'><img loading=\"lazy\" decoding=\"async\" width=\"150\" height=\"150\" src=\"https:\/\/www.radiopiu.net\/wordpress\/wp-content\/uploads\/2023\/04\/b1ce20b2-d224-4340-84c8-64b358e6f26c-150x150.jpg\" class=\"attachment-thumbnail size-thumbnail\" alt=\"\" \/><\/a>\n\t\t\t\t<\/dt><\/dl><br style=\"clear: both\" \/>\n\t\t\t<\/div>\n\n<p>&nbsp;<\/p>\n<hr \/>\n<p>&nbsp;<\/p>\n<p><strong class=\"photoswipe-wrapper\"><a class=\"dt-pswp-item pspw-wrap-ready\" href=\"https:\/\/www.radiopiu.net\/wordpress\/wp-content\/uploads\/2021\/06\/8554eb80-bb6e-4752-a6d3-57aff91a2903.jpg\" data-dt-img-description=\"\" data-large_image_width=\"768\" data-large_image_height=\"1024\"><img loading=\"lazy\" decoding=\"async\" class=\"wp-image-215003 alignleft\" src=\"https:\/\/www.radiopiu.net\/wordpress\/wp-content\/uploads\/2021\/06\/8554eb80-bb6e-4752-a6d3-57aff91a2903-225x300.jpg\" sizes=\"auto, (max-width: 116px) 100vw, 116px\" srcset=\"https:\/\/www.radiopiu.net\/wordpress\/wp-content\/uploads\/2021\/06\/8554eb80-bb6e-4752-a6d3-57aff91a2903-225x300.jpg 225w, https:\/\/www.radiopiu.net\/wordpress\/wp-content\/uploads\/2021\/06\/8554eb80-bb6e-4752-a6d3-57aff91a2903.jpg 768w\" alt=\"\" width=\"116\" height=\"155\" \/><\/a><span style=\"color: #ff0000;\">BANDI ALLA RADIO\u00a0<\/span><\/strong><\/p>\n<p><strong>BANDI DI CONCORSO, DAL COMUNE DI ROCCA PIETORE.\u00a0<\/strong>UN POSTO DI ISTRUTTORE AMMINISTRATIVO categoria C1, a tempo pieno e indeterminato UN POSTO DI ISTRUTTORE TECNICO categoria C1, contratto a tempo pieno e indeterminato Tutte le informazioni inerenti ai bandi di concorso, le modalit\u00e0 e i termini di presentazione delle domande sono reperibili sul sito del Comune: WWW.COMUNE.ROCCAPIETORE.BL.IT<\/p>\n<p>&nbsp;<\/p>\n<p>&nbsp;<\/p>\n<hr \/>\n<p>&nbsp;<\/p>\n<p>&nbsp;<\/p>\n<p><strong class=\"photoswipe-wrapper\"><a class=\"dt-pswp-item pspw-wrap-ready\" href=\"https:\/\/www.radiopiu.net\/wordpress\/wp-content\/uploads\/2022\/03\/ASCA.jpg\" data-dt-img-description=\"\" data-large_image_width=\"292\" data-large_image_height=\"290\"><img loading=\"lazy\" decoding=\"async\" class=\"wp-image-263829 alignleft\" src=\"https:\/\/www.radiopiu.net\/wordpress\/wp-content\/uploads\/2022\/03\/ASCA.jpg\" sizes=\"auto, (max-width: 168px) 100vw, 168px\" srcset=\"https:\/\/www.radiopiu.net\/wordpress\/wp-content\/uploads\/2022\/03\/ASCA.jpg 292w, https:\/\/www.radiopiu.net\/wordpress\/wp-content\/uploads\/2022\/03\/ASCA-150x150.jpg 150w\" alt=\"\" width=\"108\" height=\"107\" \/><\/a><span style=\"color: #ff0000;\">AVVISI DI SELEZIONE ALLA RADIO\u00a0<\/span><\/strong><\/p>\n<p><strong>AVVISO DI SELEZIONE!\u00a0<\/strong><strong>ASCA, <\/strong>azienda speciale consortile agordina intende inserire nuovi operatori socio sanitari\u00a0Inquadramento contratto Uneba, livello 4S SUPERMINIMO, ACCESSO WELFARE AZIENDALE, SISTEMAZIONE ABITATIVA A CANONE AGEVOLATO. LE DOMANDE DI PARTECIPAZIONE ALLA SELEZIONE VANNO PRESENTATE ENTRO LE 10\u00a0 DEL 21\u00a0 APRILE. BANDO consultabile sul sito\u00a0<a href=\"http:\/\/www.servizisocialiasca.it\/\">www.servizisocialiasca.it\u00a0<\/a><\/p>\n<p>&nbsp;<\/p>\n<hr \/>\n<div dir=\"auto\"><\/div>\n<div dir=\"auto\"><\/div>\n<blockquote>\n<h3 dir=\"auto\"><a class=\"dt-pswp-item\" href=\"https:\/\/www.radiopiu.net\/wordpress\/wp-content\/uploads\/2022\/11\/scuola-zaino.jpeg\" data-dt-img-description=\"\" data-large_image_width=\"626\" data-large_image_height=\"417\"><img loading=\"lazy\" decoding=\"async\" class=\"wp-image-306830 alignleft\" src=\"https:\/\/www.radiopiu.net\/wordpress\/wp-content\/uploads\/2022\/11\/scuola-zaino-300x200.jpeg\" alt=\"\" width=\"153\" height=\"102\" srcset=\"https:\/\/www.radiopiu.net\/wordpress\/wp-content\/uploads\/2022\/11\/scuola-zaino-300x200.jpeg 300w, https:\/\/www.radiopiu.net\/wordpress\/wp-content\/uploads\/2022\/11\/scuola-zaino.jpeg 626w\" sizes=\"auto, (max-width: 153px) 100vw, 153px\" \/><\/a>IERI ALLA RADIO, SCUOLA: SE NON LA SMETTI DI MANDO DAL PRESIDE<\/h3>\n<h3 dir=\"auto\">CON LA PROF. MARIA ROSA SALMAZO<\/h3>\n<\/blockquote>\n<div dir=\"auto\">\n<audio class=\"wp-audio-shortcode\" id=\"audio-332047-18\" preload=\"none\" style=\"width: 100%;\" controls=\"controls\"><source type=\"audio\/mpeg\" src=\"https:\/\/www.radiopiu.net\/wordpress\/wp-content\/uploads\/2023\/04\/SE-NON-LA-SMETTI-25-NUMERO.mp3?_=18\" \/><a href=\"https:\/\/www.radiopiu.net\/wordpress\/wp-content\/uploads\/2023\/04\/SE-NON-LA-SMETTI-25-NUMERO.mp3\">https:\/\/www.radiopiu.net\/wordpress\/wp-content\/uploads\/2023\/04\/SE-NON-LA-SMETTI-25-NUMERO.mp3<\/a><\/audio>\n<p>&nbsp;<\/p>\n<p>&nbsp;<\/p>\n<\/div>\n<p>&nbsp;<\/p>\n<hr \/>\n<p>&nbsp;<\/p>\n<div class=\"message spoilers-container\" dir=\"auto\">\n<div>\n<div class=\"b654a4as d2edcug0\">\n<div class=\"rq0escxv hkbzh7o3 jwdofwj8 n8tt0mok r8blr3vg hyh9befq\">\n<p><a class=\"dt-pswp-item\" href=\"https:\/\/www.radiopiu.net\/wordpress\/wp-content\/uploads\/2020\/10\/pp.jpg\" data-dt-img-description=\"\" data-large_image_width=\"640\" data-large_image_height=\"640\"><img loading=\"lazy\" decoding=\"async\" class=\"wp-image-163678 alignleft\" src=\"https:\/\/www.radiopiu.net\/wordpress\/wp-content\/uploads\/2020\/10\/pp-300x300.jpg\" alt=\"\" width=\"106\" height=\"106\" srcset=\"https:\/\/www.radiopiu.net\/wordpress\/wp-content\/uploads\/2020\/10\/pp-300x300.jpg 300w, https:\/\/www.radiopiu.net\/wordpress\/wp-content\/uploads\/2020\/10\/pp-150x150.jpg 150w, https:\/\/www.radiopiu.net\/wordpress\/wp-content\/uploads\/2020\/10\/pp-125x125.jpg 125w, https:\/\/www.radiopiu.net\/wordpress\/wp-content\/uploads\/2020\/10\/pp-200x200.jpg 200w, https:\/\/www.radiopiu.net\/wordpress\/wp-content\/uploads\/2020\/10\/pp-80x80.jpg 80w, https:\/\/www.radiopiu.net\/wordpress\/wp-content\/uploads\/2020\/10\/pp-480x480.jpg 480w, https:\/\/www.radiopiu.net\/wordpress\/wp-content\/uploads\/2020\/10\/pp.jpg 640w\" sizes=\"auto, (max-width: 106px) 100vw, 106px\" \/><\/a><\/p>\n<\/div>\n<\/div>\n<\/div>\n<\/div>\n<div class=\"message spoilers-container\" dir=\"auto\">\n<div>\n<div class=\"page-title-head hgroup\">\n<div class=\"page-title-head hgroup\">\n<div class=\"b654a4as d2edcug0\">\n<div class=\"j83agx80 btwxx1t3 lhclo0ds hop8lmos nkwizq5d scwd0bx6 roh60bw9\">\n<div class=\"rq0escxv hkbzh7o3 jwdofwj8 n8tt0mok r8blr3vg hyh9befq\">\n<div class=\"do00u71z l9j0dhe7 k4urcfbm\" style=\"text-align: left;\">\n<h2><span style=\"color: #000080;\">DON CESARE, IL PENSIERO DEL GIORNO. ALLA RADIO ALLE 7 DEL MATTINO E ALLE 19.30 DELLA SERA\u00a0<\/span><\/h2>\n<\/div>\n<\/div>\n<\/div>\n<\/div>\n<\/div>\n<\/div>\n<\/div>\n<p>&nbsp;<\/p>\n<\/div>\n<div class=\"message spoilers-container\" dir=\"auto\">\n<audio class=\"wp-audio-shortcode\" id=\"audio-332047-19\" preload=\"none\" style=\"width: 100%;\" controls=\"controls\"><source type=\"audio\/mpeg\" src=\"https:\/\/www.radiopiu.net\/wordpress\/wp-content\/uploads\/2023\/04\/CESARE-14.mp3?_=19\" \/><a href=\"https:\/\/www.radiopiu.net\/wordpress\/wp-content\/uploads\/2023\/04\/CESARE-14.mp3\">https:\/\/www.radiopiu.net\/wordpress\/wp-content\/uploads\/2023\/04\/CESARE-14.mp3<\/a><\/audio>\n<\/div>\n<blockquote>\n<div class=\"message spoilers-container\" dir=\"auto\">\n<p>&nbsp;<\/p>\n<\/div>\n<\/blockquote>\n<div class=\"message spoilers-container\" dir=\"auto\">\n<hr \/>\n<p>&nbsp;<\/p>\n<\/div>\n<div class=\"message spoilers-container\" dir=\"auto\">\n<h2><span style=\"color: #ff00ff;\">IN VIVO VERSO\u00a0 \u00a0 \u00a0<\/span><\/h2>\n<blockquote>\n<h3>UN BAMBINO EMIGRATO\u00a0 di FRANCESCO LENA<\/h3>\n<\/blockquote>\n<p><strong>AUDIO<\/strong><\/p>\n<audio class=\"wp-audio-shortcode\" id=\"audio-332047-20\" preload=\"none\" style=\"width: 100%;\" controls=\"controls\"><source type=\"audio\/mpeg\" src=\"https:\/\/www.radiopiu.net\/wordpress\/wp-content\/uploads\/2023\/04\/03-FRANCESCO-LENA-UN-BAMBINO-EMIGRATO.mp3?_=20\" \/><a href=\"https:\/\/www.radiopiu.net\/wordpress\/wp-content\/uploads\/2023\/04\/03-FRANCESCO-LENA-UN-BAMBINO-EMIGRATO.mp3\">https:\/\/www.radiopiu.net\/wordpress\/wp-content\/uploads\/2023\/04\/03-FRANCESCO-LENA-UN-BAMBINO-EMIGRATO.mp3<\/a><\/audio>\n<p>&nbsp;<\/p>\n<p><img loading=\"lazy\" decoding=\"async\" class=\"alignleft\" src=\"https:\/\/www.radiopiu.net\/wordpress\/wp-content\/uploads\/2023\/04\/3-francesco-lena-foto.jpg\" width=\"178\" height=\"267\" \/><strong>UN BAMBINO EMIGRATO\u00a0<\/strong><\/p>\n<p><strong>Francesco Lena<\/strong><\/p>\n<p>Tu bambino, che sei la luce della<br \/>\nvita, sei scappato da un paese in<br \/>\nguerra,<br \/>\nsradicato dagli affetti dai parenti,<br \/>\namici e della tua amata terra.<br \/>\nTu bambino, che sei la speranza della<br \/>\nvita, ti sei trovato in cammino nel<br \/>\ndeserto,<br \/>\ntoccavi la sabbia , guardavi il cielo<br \/>\ninvocavi acqua, avevi tanta sete e ti sentivi disperso.<br \/>\nTu bambino, che sei il fiore della vita,<br \/>\nsalito su un gommone, hai<br \/>\nattraversato il mare,<br \/>\nguardavi il sole, le onde burrascose e<br \/>\navevi paura, non vedevi l&#8217;ora di toccare terra e arrivare<br \/>\nTu bambino, che sei la gioia della vita<br \/>\nfinalmente su un&#8217; isola a te sconosciuta sei arrivato<br \/>\nuna gentile e umana accoglienza hai trovato.<br \/>\n\u2026<br \/>\nLa tua avventura ci ha commossi,<br \/>\nsperiamo in pi\u00f9 umanit\u00e0,<br \/>\nche scuota le coscienze<br \/>\napra le menti e l&#8217;amore trionfi<br \/>\nper tutti i bambini sulla terra<br \/>\nci sia la pace e pi\u00f9 solidariet\u00e0<\/p>\n<p>&nbsp;<\/p>\n<\/div>\n<div class=\"message spoilers-container\" dir=\"auto\">\n<p><strong>LA RACCOLTA COMPLETA<\/strong><\/p>\n<blockquote class=\"wp-embedded-content\" data-secret=\"pTVWHYm3aw\"><p><a href=\"https:\/\/www.radiopiu.net\/wordpress\/in-vivo-verso\/\">In Vivo Verso<\/a><\/p><\/blockquote>\n<p><iframe loading=\"lazy\" class=\"wp-embedded-content\" sandbox=\"allow-scripts\" security=\"restricted\" style=\"position: absolute; clip: rect(1px, 1px, 1px, 1px);\" title=\"&#8220;In Vivo Verso&#8221; &#8212; Radio Pi\u00f9\" src=\"https:\/\/www.radiopiu.net\/wordpress\/in-vivo-verso\/embed\/#?secret=H7ayaZsu4W#?secret=pTVWHYm3aw\" data-secret=\"pTVWHYm3aw\" width=\"600\" height=\"338\" frameborder=\"0\" marginwidth=\"0\" marginheight=\"0\" scrolling=\"no\"><\/iframe><\/p>\n<\/div>\n<div class=\"message spoilers-container\" dir=\"auto\">\n<p>&nbsp;<\/p>\n<hr \/>\n<p>&nbsp;<\/p>\n<\/div>\n<div class=\"message spoilers-container\" dir=\"auto\">\n<h2><span style=\"color: #008080;\">GOCCE DI FILOSOFIA\u00a0\u00a0<\/span><\/h2>\n<\/div>\n<div class=\"message spoilers-container\" dir=\"auto\">\n<p><strong>PUNTATA 293 \u2013 LISA DE LUCA _ TERZA STAGIONE\u00a0<\/strong><\/p>\n<audio class=\"wp-audio-shortcode\" id=\"audio-332047-21\" preload=\"none\" style=\"width: 100%;\" controls=\"controls\"><source type=\"audio\/mpeg\" src=\"https:\/\/www.radiopiu.net\/wordpress\/wp-content\/uploads\/2023\/04\/FI3-2.mp3?_=21\" \/><a href=\"https:\/\/www.radiopiu.net\/wordpress\/wp-content\/uploads\/2023\/04\/FI3-2.mp3\">https:\/\/www.radiopiu.net\/wordpress\/wp-content\/uploads\/2023\/04\/FI3-2.mp3<\/a><\/audio>\n<\/div>\n<blockquote>\n<div class=\"message spoilers-container\" dir=\"auto\">\n<p>&nbsp;<\/p>\n<p><strong>LA RACCOLTA COMPLETA<\/strong><\/p>\n<\/div>\n<\/blockquote>\n<div class=\"message spoilers-container\" dir=\"auto\">\n<blockquote class=\"wp-embedded-content\" data-secret=\"47DGaTce4s\"><p><a href=\"https:\/\/www.radiopiu.net\/wordpress\/gocce-filosofia\/\">Gocce di filosofia,  LA TERZA STAGIONE&#8230; 2023<\/a><\/p><\/blockquote>\n<p><iframe loading=\"lazy\" class=\"wp-embedded-content\" sandbox=\"allow-scripts\" security=\"restricted\" style=\"position: absolute; clip: rect(1px, 1px, 1px, 1px);\" title=\"&#8220;Gocce di filosofia,  LA TERZA STAGIONE&#8230; 2023&#8221; &#8212; Radio Pi\u00f9\" src=\"https:\/\/www.radiopiu.net\/wordpress\/gocce-filosofia\/embed\/#?secret=mdU1VHs6uY#?secret=47DGaTce4s\" data-secret=\"47DGaTce4s\" width=\"600\" height=\"338\" frameborder=\"0\" marginwidth=\"0\" marginheight=\"0\" scrolling=\"no\"><\/iframe><\/p>\n<hr \/>\n<p>&nbsp;<\/p>\n<p>&nbsp;<\/p>\n<p>&nbsp;<\/p>\n<hr \/>\n<blockquote>\n<h3><\/h3>\n<h3>AMA DOLOMITI &#8211; LE DIECI PUNTATE ALLA RADIO<\/h3>\n<\/blockquote>\n<p><strong><a class=\"dt-pswp-item\" href=\"https:\/\/www.radiopiu.net\/wordpress\/wp-content\/uploads\/2023\/02\/1239767_1376151945949547_1371470440_n.jpg\" data-dt-img-description=\"\" data-large_image_width=\"744\" data-large_image_height=\"498\"><img loading=\"lazy\" decoding=\"async\" class=\" wp-image-321803 alignleft\" src=\"https:\/\/www.radiopiu.net\/wordpress\/wp-content\/uploads\/2023\/02\/1239767_1376151945949547_1371470440_n-300x201.jpg\" alt=\"\" width=\"172\" height=\"115\" srcset=\"https:\/\/www.radiopiu.net\/wordpress\/wp-content\/uploads\/2023\/02\/1239767_1376151945949547_1371470440_n-300x201.jpg 300w, https:\/\/www.radiopiu.net\/wordpress\/wp-content\/uploads\/2023\/02\/1239767_1376151945949547_1371470440_n.jpg 744w\" sizes=\"auto, (max-width: 172px) 100vw, 172px\" \/><\/a><\/strong><span style=\"color: #000000;\"><span style=\"font-family: Times New Roman, serif;\"><span style=\"font-size: large;\">L\u2019Associazione Ama Dolomiti \u00e8 nata nell\u2019aprile 2010 da un gruppo di persone desiderose di mettere in rete i diversi gruppi di auto mutuo aiuto presenti nella provincia di Belluno, per dare ai medesimi sostegno nella loro attivit\u00e0, visibilit\u00e0 nel territorio e favorire la creazione di nuovi gruppi.\u00a0<\/span><\/span><\/span><\/p>\n<p><strong>PUNTATA 10 17 APRILE 203<\/strong><\/p>\n<p><strong>SPERANZA DEL CADORE, GRUPPO PER UTENTI CON DISABILITA&#8217; E GRUPPO MISTO<\/strong><\/p>\n<audio class=\"wp-audio-shortcode\" id=\"audio-332047-22\" preload=\"none\" style=\"width: 100%;\" controls=\"controls\"><source type=\"audio\/mpeg\" src=\"https:\/\/www.radiopiu.net\/wordpress\/wp-content\/uploads\/2023\/04\/GRUPPO-AMA-10.mp3?_=22\" \/><a href=\"https:\/\/www.radiopiu.net\/wordpress\/wp-content\/uploads\/2023\/04\/GRUPPO-AMA-10.mp3\">https:\/\/www.radiopiu.net\/wordpress\/wp-content\/uploads\/2023\/04\/GRUPPO-AMA-10.mp3<\/a><\/audio>\n<p>&nbsp;<\/p>\n<hr \/>\n<p>&nbsp;<\/p>\n<p><span style=\"color: #ff0000;\"><strong>ALLA RADIO&#8230;<\/strong><\/span><\/p>\n<p>&nbsp;<\/p>\n<blockquote>\n<h3>L&#8217;OM SALVARECH CON ANDREA DA ROIT DELLA PRO LOCO LA VALLE<\/h3>\n<\/blockquote>\n<p><strong><a class=\"dt-pswp-item\" href=\"https:\/\/www.radiopiu.net\/wordpress\/wp-content\/uploads\/2023\/04\/om-salvarech-2023.jpg\" data-dt-img-description=\"\" data-large_image_width=\"2048\" data-large_image_height=\"1072\"><img loading=\"lazy\" decoding=\"async\" class=\" wp-image-331237 alignleft\" src=\"https:\/\/www.radiopiu.net\/wordpress\/wp-content\/uploads\/2023\/04\/om-salvarech-2023-300x157.jpg\" alt=\"\" width=\"204\" height=\"107\" srcset=\"https:\/\/www.radiopiu.net\/wordpress\/wp-content\/uploads\/2023\/04\/om-salvarech-2023-300x157.jpg 300w, https:\/\/www.radiopiu.net\/wordpress\/wp-content\/uploads\/2023\/04\/om-salvarech-2023-1024x536.jpg 1024w, https:\/\/www.radiopiu.net\/wordpress\/wp-content\/uploads\/2023\/04\/om-salvarech-2023-768x402.jpg 768w, https:\/\/www.radiopiu.net\/wordpress\/wp-content\/uploads\/2023\/04\/om-salvarech-2023-1536x804.jpg 1536w, https:\/\/www.radiopiu.net\/wordpress\/wp-content\/uploads\/2023\/04\/om-salvarech-2023.jpg 2048w\" sizes=\"auto, (max-width: 204px) 100vw, 204px\" \/><\/a>di Mirko Mezzacasa<\/strong><\/p>\n<p>OSPITE: Andrea Da Roit, presidente Pro Loco La Valle Agordina<\/p>\n<p><strong>LA VALLE <\/strong>A La Valle due giorni di festa con l&#8217;Om Salvarech. Lunedi 24 aprile, al tendone presentazione della mostra &#8220;vers l&#8217;insuda&#8221;:gli aquerelli dipinti dagli alunni della scuola primaria, dalle 17 l&#8217;apertivo selvatico con Rdj, 19 stand gastronomico, serata danzante con la Spritzband e a seguire dico-tek con Rdj. Martedi 25 aprile al tendone di Conaggia \u201cel merc\u00e0 de l&#8217;insuda\u201d, alle 10 gara podistica Su e do per i coi, memorial Flavio De Cassai, dalle 12 stand gastronomico e dalle 14: preparazione Om Salvarech a Cugnago, sfilata per le vie del paese, alle 16 apertivo selvatico danzante con Eros, alle 19 la cota e quindi gran finale con il testamento e il Falo&#8217; Dell&#8217;Om Salvarech tra i balli con Eros e Karin. Om Salvarech, a LA VALLE AGORDINA. con la Proloco 24-25 Aprile<\/p>\n<audio class=\"wp-audio-shortcode\" id=\"audio-332047-23\" preload=\"none\" style=\"width: 100%;\" controls=\"controls\"><source type=\"audio\/mpeg\" src=\"https:\/\/www.radiopiu.net\/wordpress\/wp-content\/uploads\/2023\/04\/ANDREA-DA-ROIT.mp3?_=23\" \/><a href=\"https:\/\/www.radiopiu.net\/wordpress\/wp-content\/uploads\/2023\/04\/ANDREA-DA-ROIT.mp3\">https:\/\/www.radiopiu.net\/wordpress\/wp-content\/uploads\/2023\/04\/ANDREA-DA-ROIT.mp3<\/a><\/audio>\n<p>&nbsp;<\/p>\n<\/div>\n<blockquote><p>&nbsp;<\/p><\/blockquote>\n<div class=\"message spoilers-container\" dir=\"auto\">\n<hr \/>\n<p>&nbsp;<\/p>\n<\/div>\n<div class=\"message spoilers-container\" dir=\"auto\">\n<div class=\"column\">\n<p><img loading=\"lazy\" decoding=\"async\" class=\"aligncenter wp-image-61954 size-full\" src=\"https:\/\/www.radiopiu.net\/wordpress\/wp-content\/uploads\/2018\/09\/viabilita.jpeg\" sizes=\"auto, (max-width: 800px) 100vw, 800px\" srcset=\"https:\/\/www.radiopiu.net\/wordpress\/wp-content\/uploads\/2018\/09\/viabilita.jpeg 800w, https:\/\/www.radiopiu.net\/wordpress\/wp-content\/uploads\/2018\/09\/viabilita-300x38.jpeg 300w, https:\/\/www.radiopiu.net\/wordpress\/wp-content\/uploads\/2018\/09\/viabilita-768x96.jpeg 768w\" alt=\"\" width=\"800\" height=\"100\" \/><\/p>\n<\/div>\n<\/div>\n<div class=\"message spoilers-container\" dir=\"auto\">\n<div class=\"column\">\n<p>&nbsp;<\/p>\n<\/div>\n<\/div>\n<div class=\"message spoilers-container\" dir=\"auto\">\n<div class=\"column\">\n<div dir=\"ltr\">\n<div class=\"gmail_quote\">\n<div dir=\"ltr\">\n<div class=\"gmail_quote\">\n<blockquote class=\"wp-embedded-content\" data-secret=\"yQqOFbkIYL\"><p><a href=\"https:\/\/www.radiopiu.net\/wordpress\/viabilita\/\">viabilita<\/a><\/p><\/blockquote>\n<p><iframe loading=\"lazy\" class=\"wp-embedded-content\" sandbox=\"allow-scripts\" security=\"restricted\" style=\"position: absolute; clip: rect(1px, 1px, 1px, 1px);\" title=\"&#8220;viabilita&#8221; &#8212; Radio Pi\u00f9\" src=\"https:\/\/www.radiopiu.net\/wordpress\/viabilita\/embed\/#?secret=ISLnOP3Igx#?secret=yQqOFbkIYL\" data-secret=\"yQqOFbkIYL\" width=\"600\" height=\"338\" frameborder=\"0\" marginwidth=\"0\" marginheight=\"0\" scrolling=\"no\"><\/iframe><\/p>\n<\/div>\n<\/div>\n<\/div>\n<\/div>\n<\/div>\n<\/div>\n<div class=\"message spoilers-container\" dir=\"auto\">\n<div class=\"column\">\n<div>\n<div dir=\"ltr\">\n<div class=\"gmail_quote\">\n<div dir=\"ltr\">\n<div><\/div>\n<\/div>\n<\/div>\n<\/div>\n<\/div>\n<hr \/>\n<p>&nbsp;<\/p>\n<p><a class=\"dt-pswp-item\" href=\"https:\/\/www.radiopiu.net\/wordpress\/wp-content\/uploads\/2018\/09\/WhatsApp-Image-2018-09-20-at-16.04.06.jpeg\" data-dt-img-description=\"\" data-large_image_width=\"800\" data-large_image_height=\"100\"><img loading=\"lazy\" decoding=\"async\" class=\"wp-image-61378 size-full aligncenter\" src=\"https:\/\/www.radiopiu.net\/wordpress\/wp-content\/uploads\/2018\/09\/WhatsApp-Image-2018-09-20-at-16.04.06.jpeg\" alt=\"\" width=\"800\" height=\"100\" srcset=\"https:\/\/www.radiopiu.net\/wordpress\/wp-content\/uploads\/2018\/09\/WhatsApp-Image-2018-09-20-at-16.04.06.jpeg 800w, https:\/\/www.radiopiu.net\/wordpress\/wp-content\/uploads\/2018\/09\/WhatsApp-Image-2018-09-20-at-16.04.06-300x38.jpeg 300w, https:\/\/www.radiopiu.net\/wordpress\/wp-content\/uploads\/2018\/09\/WhatsApp-Image-2018-09-20-at-16.04.06-768x96.jpeg 768w\" sizes=\"auto, (max-width: 800px) 100vw, 800px\" \/><\/a><\/p>\n<\/div>\n<\/div>\n<div class=\"message spoilers-container\" dir=\"auto\"><center>\u00a0<\/center><center><\/center><b>\u00a0\u00a0<\/b><\/p>\n<p><b><\/b><strong>OGGI<\/strong> Tempo instabile\/perturbato con cielo coperto senza chance di schiarite. I fenomeni saranno spesso diffusi, senza escludere qualche breve pausa. Contesto termico pi\u00f9 fresco. Precipitazioni: Alta probabilit\u00e0 di precipitazioni, a tratti anche diffuse sia al mattino che al pomeriggio. Il limite delle nevicate scender\u00e0 temporaneamente fino a 1300-1500 m, localmente a quote pi\u00f9 basse Temperature: Minime stazionarie in quota e in aumento nelle valli; massime in generale calo, pi\u00f9 sensibile nelle valli.<\/p>\n<hr \/>\n<p><center><\/center><b>DOMANI\u00a0 <\/b>Residuo maltempo con molte nubi associate a precipitazioni inizialmente diffuse. Al pomeriggio ancora molte nubi, ci\u00f2 nonostante i fenomeni saranno in esaurimento. Alla sera variabilit\u00e0 con schiarite.\u00a0 Precipitazioni: Inizialmente diffuse, anche a carattere di rovescio, nevose oltre 1400-1500 m, poi il limite risalir\u00e0 a 1700-1900 m. Esaurimento dei fenomeni al pomeriggio. Complessivamente, tra mercoled\u00ec pomeriggio e venerd\u00ec, sono previsti cumuli di 15-25 mm sulle Dolomiti e di 25-40 mm sulle Prealpi<\/p>\n<hr \/>\n<p><center><\/center><strong>SABATO<\/strong> Tempo da soleggiato a parzialmente soleggiato per il transito di nubi alte in grado di velare a tratti il cielo e il sole. Temperature in rialzo, salvo diminuzione delle minime nei fondovalle.<\/p>\n<hr \/>\n<p><center><\/center><strong>DOMENICA<\/strong> Residue schiarite a inizio giornata, poi crescente nuvolosit\u00e0 fino a cielo coperto. Dalle ore centrali peggioramento del tempo che risulter\u00e0 perturbato al pomeriggio \/sera, con precipitazioni via via pi\u00f9 diffuse, anche di moderata intensit\u00e0. La neve cadr\u00e0 inizialmente sopra i 2100-2200 m, poi scender\u00e0 fino a 1600-1700 m in serata. Temperature in calo.<\/p>\n<p>&nbsp;<\/p>\n<\/div>\n<div class=\"message spoilers-container\" dir=\"auto\">\n<p>&nbsp;<\/p>\n<\/div>\n<div class=\"message spoilers-container\" dir=\"auto\">\n<hr \/>\n<p>&nbsp;<\/p>\n<p><a class=\"dt-pswp-item\" href=\"https:\/\/www.radiopiu.net\/wordpress\/wp-content\/uploads\/2018\/09\/sport.jpg\" data-dt-img-description=\"\" data-large_image_width=\"800\" data-large_image_height=\"100\"><img loading=\"lazy\" decoding=\"async\" class=\"aligncenter wp-image-60761 size-full\" src=\"https:\/\/www.radiopiu.net\/wordpress\/wp-content\/uploads\/2018\/09\/sport.jpg\" alt=\"\" width=\"800\" height=\"100\" srcset=\"https:\/\/www.radiopiu.net\/wordpress\/wp-content\/uploads\/2018\/09\/sport.jpg 800w, https:\/\/www.radiopiu.net\/wordpress\/wp-content\/uploads\/2018\/09\/sport-300x38.jpg 300w, https:\/\/www.radiopiu.net\/wordpress\/wp-content\/uploads\/2018\/09\/sport-768x96.jpg 768w\" sizes=\"auto, (max-width: 800px) 100vw, 800px\" \/><\/a><\/p>\n<\/div>\n<div class=\"message spoilers-container\" dir=\"auto\">\n<p>&nbsp;<\/p>\n<p><span style=\"color: #0000ff;\"><strong>PALLAVOLO<\/strong><\/span><\/p>\n<blockquote>\n<h3>ULTIME DUE PARTITE DELLA STAGIONE PER IL VOLLEY CLUB AGORDINO CHE SPERA DI SALVARSI EVITANDO I PLAYOUT<\/h3>\n<\/blockquote>\n<p><strong><a class=\"dt-pswp-item\" href=\"https:\/\/www.radiopiu.net\/wordpress\/wp-content\/uploads\/2022\/04\/VOLLEY-CLUB-AGORDINO.jpg\" data-dt-img-description=\"\" data-large_image_width=\"500\" data-large_image_height=\"512\"><img loading=\"lazy\" decoding=\"async\" class=\" wp-image-268787 alignleft\" src=\"https:\/\/www.radiopiu.net\/wordpress\/wp-content\/uploads\/2022\/04\/VOLLEY-CLUB-AGORDINO-293x300.jpg\" alt=\"\" width=\"137\" height=\"140\" srcset=\"https:\/\/www.radiopiu.net\/wordpress\/wp-content\/uploads\/2022\/04\/VOLLEY-CLUB-AGORDINO-293x300.jpg 293w, https:\/\/www.radiopiu.net\/wordpress\/wp-content\/uploads\/2022\/04\/VOLLEY-CLUB-AGORDINO.jpg 500w\" sizes=\"auto, (max-width: 137px) 100vw, 137px\" \/><\/a>di Marco Gaz<\/strong><\/p>\n<p><strong>REDAZIONE<\/strong> Dopo la bella vittoria di sabato scorso in terra trevigiana, il Volley Club Agordino conquista i punti necessari per raggiungere la zona salvezza. Le ragazze di De Nardin hanno ben figurato contro il Mogliano rifilando un secco 3 a 0 all&#8217;ultima della classe dopo una partita gestita al meglio con poche incertezze. Mogliano che non ha saputo tenere testa alle agordine. Ora la squadra di Agordo ha due match point per incamerare i punti necessari per salvarsi matematicamente ed evitare i playout ma saranno due sfide difficili. Specialmente quella di sabato prossimo quando al PalaRova di Agordo arriva lo Spresiano. La squadra Trevigiana \u00e8 prima in classifica e per assicurarsi la prima posizione del girone deve fare ancora un punto. La seconda chance il Volley Club Agordino se la giocher\u00e0 fra 15 giorni quando giocher\u00e0 in trasferta con il MonteVolley, una squadra che non ha pi\u00f9 nulla da chiedere con la sua quarta posizione in classifica.<\/p>\n<p>&nbsp;<\/p>\n<p>&nbsp;<\/p>\n<hr \/>\n<p>&nbsp;<\/p>\n<p><span style=\"color: #0000ff;\"><strong>HOCKEY SU GHIACCIO<\/strong><\/span><\/p>\n<blockquote>\n<h3><a class=\"dt-pswp-item\" href=\"https:\/\/www.radiopiu.net\/wordpress\/wp-content\/uploads\/2023\/04\/8089e759-a72a-a119-e947-58b53f7cf540-scaled.jpg\" data-dt-img-description=\"\" data-large_image_width=\"2560\" data-large_image_height=\"1763\"><img loading=\"lazy\" decoding=\"async\" class=\" wp-image-332230 alignleft\" src=\"https:\/\/www.radiopiu.net\/wordpress\/wp-content\/uploads\/2023\/04\/8089e759-a72a-a119-e947-58b53f7cf540-300x207.jpg\" alt=\"\" width=\"170\" height=\"117\" srcset=\"https:\/\/www.radiopiu.net\/wordpress\/wp-content\/uploads\/2023\/04\/8089e759-a72a-a119-e947-58b53f7cf540-300x207.jpg 300w, https:\/\/www.radiopiu.net\/wordpress\/wp-content\/uploads\/2023\/04\/8089e759-a72a-a119-e947-58b53f7cf540-1024x705.jpg 1024w, https:\/\/www.radiopiu.net\/wordpress\/wp-content\/uploads\/2023\/04\/8089e759-a72a-a119-e947-58b53f7cf540-768x529.jpg 768w, https:\/\/www.radiopiu.net\/wordpress\/wp-content\/uploads\/2023\/04\/8089e759-a72a-a119-e947-58b53f7cf540-1536x1058.jpg 1536w, https:\/\/www.radiopiu.net\/wordpress\/wp-content\/uploads\/2023\/04\/8089e759-a72a-a119-e947-58b53f7cf540-2048x1410.jpg 2048w\" sizes=\"auto, (max-width: 170px) 100vw, 170px\" \/><\/a>ULTIME AMICHEVOLI PRIMA DEI MONDIALI PER LA NAZIONALE SENIOR<\/h3>\n<\/blockquote>\n<p class=\"null\">Dopo le due positive amichevoli contro l&#8217;Austria, la Nazionale italiana di hockey su ghiaccio \u00e8 pronta a tornare in pista per una doppia sfida contro la Slovenia. Gli Azzurri, che stanno preparando il Mondiale di 1^ Divisione Gruppo A in programma dal 29 aprile al 5 maggio a Nottingham, sono partiti alla volta di Bled: primo match in programma oggi alle 18, il secondo invece domani alle 13. Entrambe le partite saranno trasmesse in diretta su YouTube<\/p>\n<p>&nbsp;<\/p>\n<p>&nbsp;<\/p>\n<hr \/>\n<p>&nbsp;<\/p>\n<p><span style=\"color: #0000ff;\"><strong>CORSA\u00a0<\/strong><\/span><\/p>\n<blockquote>\n<h3>TRAIL DE LE LONGANE<\/h3>\n<h3><a class=\"dt-pswp-item\" href=\"https:\/\/www.radiopiu.net\/wordpress\/wp-content\/uploads\/2023\/04\/trail-longane-2018-partenza.jpg\" data-dt-img-description=\"\" data-large_image_width=\"1900\" data-large_image_height=\"1267\"><img loading=\"lazy\" decoding=\"async\" class=\" wp-image-332149 alignleft\" src=\"https:\/\/www.radiopiu.net\/wordpress\/wp-content\/uploads\/2023\/04\/trail-longane-2018-partenza-300x200.jpg\" alt=\"\" width=\"242\" height=\"161\" srcset=\"https:\/\/www.radiopiu.net\/wordpress\/wp-content\/uploads\/2023\/04\/trail-longane-2018-partenza-300x200.jpg 300w, https:\/\/www.radiopiu.net\/wordpress\/wp-content\/uploads\/2023\/04\/trail-longane-2018-partenza-1024x683.jpg 1024w, https:\/\/www.radiopiu.net\/wordpress\/wp-content\/uploads\/2023\/04\/trail-longane-2018-partenza-768x512.jpg 768w, https:\/\/www.radiopiu.net\/wordpress\/wp-content\/uploads\/2023\/04\/trail-longane-2018-partenza-1536x1024.jpg 1536w, https:\/\/www.radiopiu.net\/wordpress\/wp-content\/uploads\/2023\/04\/trail-longane-2018-partenza.jpg 1900w\" sizes=\"auto, (max-width: 242px) 100vw, 242px\" \/><\/a><\/h3>\n<\/blockquote>\n<p>Si svolger\u00e0 domenica 30 aprile la nona edizione dell&#8217;evento running proposto a Lozzo di Cadore su un tracciato di 15 chilometri, 1100 metri di dislivello positivo <em>&#8220;Si tratta di un tracciato impegnativo ma allo stesso tempo divertente, con molta variet\u00e0 di situazioni &#8211; dice Andrea Forni, coordinatore dell\u2019organizzazione &#8211; ci sono tre salite impegnative ma molta attenzione occorrer\u00e0 fare anche alle discese, parecchio tecniche&#8221;. <\/em>Info www.traildelelongane.com, iscrizioni entro venerdi 28 aprile.<\/p>\n<p>&nbsp;<\/p>\n<p>&nbsp;<\/p>\n<p>&nbsp;<\/p>\n<p>&nbsp;<\/p>\n<\/div>\n","protected":false},"excerpt":{"rendered":"<p>ISCRIVITI AL NOSTRO CANALE\u00a0 YOUTUBE PER SEGUIRE IN DIRETTA I PRINCIPALI PROGRAMMI DI RADIO PIU&#8217; E LE FUTURE DIRETTE IN ESTERNA. PER ISCRIVERTI CLICCA QUI E PREMI\u00a0 &#8220;Iscriviti&#8221;\u00a0 \u00a0 \u00a0 &nbsp; E anche oggi RADIOPIU si fa in cinque per i suoi ascoltatori&#8230;. 1&#8230;. alle 8 la rassegna stampa locale, dal 1983 tutti i giorni&hellip;<\/p>\n","protected":false},"author":4,"featured_media":332308,"comment_status":"closed","ping_status":"closed","sticky":false,"template":"","format":"standard","meta":{"_monsterinsights_skip_tracking":false,"_monsterinsights_sitenote_active":false,"_monsterinsights_sitenote_note":"","_monsterinsights_sitenote_category":0,"footnotes":""},"categories":[51,86,49],"tags":[],"class_list":["post-332047","post","type-post","status-publish","format-standard","has-post-thumbnail","hentry","category-evidenza-top","category-gr","category-news-18","category-51","category-86","category-49","description-off"],"img_url":"https:\/\/www.radiopiu.net\/wordpress\/wp-content\/uploads\/2023\/04\/Senza-nome-56.jpg","_links":{"self":[{"href":"https:\/\/www.radiopiu.net\/wordpress\/wp-json\/wp\/v2\/posts\/332047","targetHints":{"allow":["GET"]}}],"collection":[{"href":"https:\/\/www.radiopiu.net\/wordpress\/wp-json\/wp\/v2\/posts"}],"about":[{"href":"https:\/\/www.radiopiu.net\/wordpress\/wp-json\/wp\/v2\/types\/post"}],"author":[{"embeddable":true,"href":"https:\/\/www.radiopiu.net\/wordpress\/wp-json\/wp\/v2\/users\/4"}],"replies":[{"embeddable":true,"href":"https:\/\/www.radiopiu.net\/wordpress\/wp-json\/wp\/v2\/comments?post=332047"}],"version-history":[{"count":0,"href":"https:\/\/www.radiopiu.net\/wordpress\/wp-json\/wp\/v2\/posts\/332047\/revisions"}],"wp:featuredmedia":[{"embeddable":true,"href":"https:\/\/www.radiopiu.net\/wordpress\/wp-json\/wp\/v2\/media\/332308"}],"wp:attachment":[{"href":"https:\/\/www.radiopiu.net\/wordpress\/wp-json\/wp\/v2\/media?parent=332047"}],"wp:term":[{"taxonomy":"category","embeddable":true,"href":"https:\/\/www.radiopiu.net\/wordpress\/wp-json\/wp\/v2\/categories?post=332047"},{"taxonomy":"post_tag","embeddable":true,"href":"https:\/\/www.radiopiu.net\/wordpress\/wp-json\/wp\/v2\/tags?post=332047"}],"curies":[{"name":"wp","href":"https:\/\/api.w.org\/{rel}","templated":true}]}}