{"id":332154,"date":"2023-04-20T05:21:15","date_gmt":"2023-04-20T03:21:15","guid":{"rendered":"https:\/\/www.radiopiu.net\/wordpress\/?p=332154"},"modified":"2023-04-20T05:28:01","modified_gmt":"2023-04-20T03:28:01","slug":"dopo-una-lunga-malattia-e-morta-maria-grazia-carraro-direttrice-generale-dellulss-1-dolomiti","status":"publish","type":"post","link":"https:\/\/www.radiopiu.net\/wordpress\/dopo-una-lunga-malattia-e-morta-maria-grazia-carraro-direttrice-generale-dellulss-1-dolomiti\/","title":{"rendered":"DOPO UNA LUNGA MALATTIA E&#8217; MORTA MARIA GRAZIA CARRARO, DIRETTRICE GENERALE DELL&#8217;ULSS 1 DOLOMITI"},"content":{"rendered":"<p><strong><a class=\"dt-pswp-item\" href=\"https:\/\/www.radiopiu.net\/wordpress\/wp-content\/uploads\/2022\/10\/MARIA-GRAZIA-CARRARO-e1681925742746.png\" data-dt-img-description=\"\" data-large_image_width=\"1012\" data-large_image_height=\"626\"><img loading=\"lazy\" decoding=\"async\" class=\" wp-image-300121 alignleft\" src=\"https:\/\/www.radiopiu.net\/wordpress\/wp-content\/uploads\/2022\/10\/MARIA-GRAZIA-CARRARO-e1681925742746-300x186.png\" alt=\"\" width=\"221\" height=\"137\" srcset=\"https:\/\/www.radiopiu.net\/wordpress\/wp-content\/uploads\/2022\/10\/MARIA-GRAZIA-CARRARO-e1681925742746-300x186.png 300w, https:\/\/www.radiopiu.net\/wordpress\/wp-content\/uploads\/2022\/10\/MARIA-GRAZIA-CARRARO-e1681925742746-768x475.png 768w, https:\/\/www.radiopiu.net\/wordpress\/wp-content\/uploads\/2022\/10\/MARIA-GRAZIA-CARRARO-e1681925742746.png 1012w\" sizes=\"auto, (max-width: 221px) 100vw, 221px\" \/><\/a>VENEZIA <\/strong>\u201cDopo una lunga malattia \u00e8 mancata oggi la Direttrice Generale dell\u2019Ulss1 Dolomiti, la dottoressa Maria Grazia Carraro. Sono stato in contatto con lei fin dall\u2019inizio di questo percorso di cura. Abbiamo sempre, tutti, incrociato le dita nella speranza che le cure, anche durissime, alle quali si sottoponeva potessero portare alla remissione del male. Purtroppo non \u00e8 stato cos\u00ec. Non avremmo mai voluto che questo momento arrivasse\u201d. annuncia, con dolore, il Presidente della Regione Veneto. \u201cEsprimo al marito, al figlio, ai suoi familiari, ai colleghi e a tutti coloro che le hanno voluto bene \u2013 dice il Governatore \u2013 il mio pi\u00f9 profondo cordoglio per una perdita umana e professionale assolutamente incolmabile. Maria Grazia ci mancher\u00e0 \u2013 prosegue il Governatore \u2013 ci mancher\u00e0 la persona e la manager di alto livello, che ho voluto alla direzione di una Ulss, ma le cui capacit\u00e0 avevo gi\u00e0 apprezzato nei molteplici incarichi da lei portati avanti con grande professionalit\u00e0 e umanit\u00e0 nell\u2019ambito della sanit\u00e0 veneta. E\u2019 stata una professionista e una persona esemplare, per competenza e passione, che aveva la capacit\u00e0 di trasmettere empatia a tutti coloro che le erano vicini\u201d. \u201cNe ricordo la tenacia, la determinazione, l\u2019amore per il proprio lavoro. Uniti ad una grande umanit\u00e0 e capacit\u00e0 di dialogo\u201d, aggiunge l\u2019Assessore Regionale alla Sanit\u00e0, porgendo le condoglianze alle persone care, agli amici, ai colleghi della dott.ssa Carraro. &#8220;Esprimo il mio cordoglio per la scomparsa prematura della dottoressa Carraro, una persona che, giunta a Belluno in un momento critico, \u00e8 riuscita a rispondere al meglio possibile e con grandissimo sforzo alle esigenze di un territorio complesso come quello della nostra provincia, smussando spesso angoli, con competenza, determinazione e professionalit\u00e0. Una gravissima perdita. Ai familiari le mie pi\u00f9 sentite condoglianze&#8221; le parole dell&#8217;Assessore alla Protezione Civile del Veneto Gianpaolo Bottacin.<\/p>\n<p>&nbsp;<\/p>\n<p><strong>QUEL GIORNO AD AGORDO, 3 OTTOBRE 2022, IL PRONTO SOCCORSO DI AGORDO, CANTIERE NEL CUORE DELLA CARRARO<br \/>\narchivio radiopiu<\/strong><\/p>\n<p>https:\/\/www.facebook.com\/marco.baghy.1\/videos\/3270639126539429<\/p>\n<p>&nbsp;<\/p>\n<blockquote>\n<h3>L RICORDO E IL CORDOGLIO DELL&#8217;ULSS 1 DOLOMITI PER LA MORTE DI MARIA GRAZIA CARRARO<\/h3>\n<\/blockquote>\n<p><strong><a class=\"dt-pswp-item\" href=\"https:\/\/www.radiopiu.net\/wordpress\/wp-content\/uploads\/2023\/04\/Maria-Grazia-Carraro.jpeg\" data-dt-img-description=\"\" data-large_image_width=\"1600\" data-large_image_height=\"1066\"><img loading=\"lazy\" decoding=\"async\" class=\" wp-image-332234 alignleft\" src=\"https:\/\/www.radiopiu.net\/wordpress\/wp-content\/uploads\/2023\/04\/Maria-Grazia-Carraro-300x200.jpeg\" alt=\"\" width=\"191\" height=\"127\" srcset=\"https:\/\/www.radiopiu.net\/wordpress\/wp-content\/uploads\/2023\/04\/Maria-Grazia-Carraro-300x200.jpeg 300w, https:\/\/www.radiopiu.net\/wordpress\/wp-content\/uploads\/2023\/04\/Maria-Grazia-Carraro-1024x682.jpeg 1024w, https:\/\/www.radiopiu.net\/wordpress\/wp-content\/uploads\/2023\/04\/Maria-Grazia-Carraro-768x512.jpeg 768w, https:\/\/www.radiopiu.net\/wordpress\/wp-content\/uploads\/2023\/04\/Maria-Grazia-Carraro-1536x1023.jpeg 1536w, https:\/\/www.radiopiu.net\/wordpress\/wp-content\/uploads\/2023\/04\/Maria-Grazia-Carraro.jpeg 1600w\" sizes=\"auto, (max-width: 191px) 100vw, 191px\" \/><\/a>BELLUNO <\/strong>Nella giornata di ieri, circondata dall\u2019affetto della sua famiglia, \u00e8 mancata la dottoressa Maria Grazia Carraro, Direttore Generale dell\u2019Ulss Dolomiti, in seguito a una malattia che ha affrontato con grande coraggio, dignit\u00e0 e riservatezza. Fino all\u2019ultimo ha condotto l\u2019Azienda con determinazione e tenacia, portando un nuovo approccio alla sanit\u00e0 in montagna e non smettendo mai di guardare al futuro. L\u2019Ulss Dolomiti, profondamente addolorata per la scomparsa della sua guida, esprime il suo cordoglio e si stringe al marito, al figlio e ai familiari tutti.<\/p>\n<p><strong>UN RICORDO<\/strong><\/p>\n<p>Classe 1961, trevigiana, Maria Grazia Carraro si era laureata in Medicina e Chirurgia all\u2019Universit\u00e0 di Padova, dove aveva conseguito anche la specializzazione in Igiene e Medicina Preventiva nel 1992. Dopo una esperienza presso la Direzione Medica del Presidio Ospedaliero dell\u2019ex Ulss 11 Opitergino Mottense, dal 1997 al 2005 aveva prestato servizio alla Direzione Medica dell\u2019Ospedale di Treviso, con incarico di direttore di struttura complessa dal 2003. Dal 2005 ha ricoperto l\u2019incarico di direttore medico e responsabile della funzione ospedaliera all\u2019ex Ulss 7 di Pieve di Soligo dove, dal 2013, \u00e8 stata direttore sanitario fino al 2016. Dal 2012 \u00e8 stata anche presidente del Consiglio di Amministrazione dell\u2019ospedale riabilitativo di Motta di Livenza. Dal 2016 al febbraio 2021 \u00e8 stata direttore sanitario all\u2019Ulss 4 Veneto Orientale. Dal 1\u00b0 marzo 2021 era Direttore Generale dell\u2019Ulss 1 Dolomiti.<\/p>\n<p><strong>IL CORDOGLIO<\/strong><\/p>\n<p>Sempre combattiva e instancabile, il Direttore Carraro ha saputo fin dall\u2019inizio capire il territorio dell\u2019Ulss Dolomiti e la sua complessit\u00e0, andando a conoscere in maniera approfondita ogni parte dell\u2019organizzazione, dal Comelico a Lamon. Non ha risparmiato impegno e sforzi nella fase delicata della pandemia e delle vaccinazioni anti Covid, tessendo una rete con le altre Istituzioni e organizzazioni del territorio (dai Medici di Famiglia alle Farmacie, dalle Amministrazioni Comunali, alle Forze dell\u2019Ordine, al tessuto economico, al mondo della scuola, al Volontariato) per impostare un lavoro di squadra nel fronteggiare al meglio l\u2019emergenza. Suo il pallino della telemedicina e dell\u2019innovazione tecnologica che ha portato ad attivare in provincia modalit\u00e0 di cura in settori specifici che consentono di ridurre gli spostamenti. Ha portato l\u2019intelligenza artificiale negli ospedali, per dare ai professionisti i massimi standard tecnologici. Ha fatto rete con i Comuni per investimenti in sanit\u00e0 anche attraverso i Fondi dei Comuni di Confine. Profondo il rinnovo della squadra, durante la sua Direzione, con la nomina di ben 22 nuovi primari e un certosino lavoro dietro le quinte sull\u2019organizzazione dell\u2019Azienda, favorendo la cultura della analisi dei dati alla base delle decisioni. Ha affrontato di petto la grave carenza di medici attivando, per prima in provincia, un appartamento da mettere a disposizione degli specializzandi e una rete di soluzioni abitative a prezzo calmierato, oltre ad aver spinto per il riconoscimento delle zone disagiatissime per i medici di medicina generale e per altri benefit da inserire nel welfare aziendale. Sua anche l\u2019idea e la concretizzazione di un protocollo con l\u2019Universit\u00e0 di Padova che ha impegnato l\u2019ateneo a incrementare il numero di specializzandi che completano la formazione in Ulss Dolomiti. Ha inoltre favorito l\u2019incremento dei posti disponibili nella sede locale del corso di laurea in infermieristica. Frizzante e ricca di idee, autorevole ma con un sorriso contagioso, ha spronato l\u2019organizzazione ad affrontare i problemi con il \u201cpensiero laterale\u201d, spingendo tutto il territorio a dare una nuova narrazione delle Dolomiti, centrata sui punti di forza per essere attrattivi. Forte la sua carica umana e la cura delle persone e delle relazioni con cui ha saputo conquistare la fiducia dei bellunesi, spingendo ognuno a dare il meglio e a non arrendersi mai, come ha dimostrato fino all\u2019ultimo respiro.<\/p>\n<p>&nbsp;<\/p>\n<hr \/>\n<p>&nbsp;<\/p>\n<blockquote>\n<h3>DAL TG DI ANTENNA 3, CANALE 10 DEL DIGITALE TERRESTRE<\/h3>\n<\/blockquote>\n<p><strong>DI TIZIANA BOLOGNANI\u00a0<\/strong><\/p>\n<p><iframe loading=\"lazy\" title=\"LUTTO PER LA SCOMPARSA DI MARIAGRAZIA CARRARO, DG DELL&#039;ULSS1 DOLOMITI | 19\/04\/2023\" width=\"1200\" height=\"675\" src=\"https:\/\/www.youtube.com\/embed\/82mZmtPEyZc?start=5&#038;feature=oembed\" frameborder=\"0\" allow=\"accelerometer; autoplay; clipboard-write; encrypted-media; gyroscope; picture-in-picture; web-share\" allowfullscreen><\/iframe><\/p>\n<p>&nbsp;<\/p>\n<p>&nbsp;<\/p>\n<hr \/>\n<p>&nbsp;<\/p>\n<p>&nbsp;<\/p>\n<p>&nbsp;<\/p>\n<p>&nbsp;<\/p>\n<p>&nbsp;<\/p>\n<h3>IL PRESIDENTE DELLA PROVINCIA DI BELLUNO, ROBERTO PADRIN<\/h3>\n<audio class=\"wp-audio-shortcode\" id=\"audio-332154-1\" preload=\"none\" style=\"width: 100%;\" controls=\"controls\"><source type=\"audio\/mpeg\" src=\"https:\/\/www.radiopiu.net\/wordpress\/wp-content\/uploads\/2023\/04\/PADRIN-CARRARO.mp3?_=1\" \/><a href=\"https:\/\/www.radiopiu.net\/wordpress\/wp-content\/uploads\/2023\/04\/PADRIN-CARRARO.mp3\">https:\/\/www.radiopiu.net\/wordpress\/wp-content\/uploads\/2023\/04\/PADRIN-CARRARO.mp3<\/a><\/audio>\n<p><b>\u00a0<\/b><\/p>\n<p>&nbsp;<\/p>\n<h3>IL RICORDO DEL SINDACO DI FELTRE VIVIANA FUSARO<\/h3>\n<p><strong><a class=\"dt-pswp-item\" href=\"https:\/\/www.radiopiu.net\/wordpress\/wp-content\/uploads\/2023\/04\/Il-sindaco-Fusaro-con-la-dottoressa-Carraro.jpg\" data-dt-img-description=\"\" data-large_image_width=\"968\" data-large_image_height=\"889\"><img loading=\"lazy\" decoding=\"async\" class=\" wp-image-332205 alignleft\" src=\"https:\/\/www.radiopiu.net\/wordpress\/wp-content\/uploads\/2023\/04\/Il-sindaco-Fusaro-con-la-dottoressa-Carraro-300x276.jpg\" alt=\"\" width=\"159\" height=\"146\" srcset=\"https:\/\/www.radiopiu.net\/wordpress\/wp-content\/uploads\/2023\/04\/Il-sindaco-Fusaro-con-la-dottoressa-Carraro-300x276.jpg 300w, https:\/\/www.radiopiu.net\/wordpress\/wp-content\/uploads\/2023\/04\/Il-sindaco-Fusaro-con-la-dottoressa-Carraro-768x705.jpg 768w, https:\/\/www.radiopiu.net\/wordpress\/wp-content\/uploads\/2023\/04\/Il-sindaco-Fusaro-con-la-dottoressa-Carraro.jpg 968w\" sizes=\"auto, (max-width: 159px) 100vw, 159px\" \/><\/a>FELTRE <\/strong>\u201cA nome personale, dell\u2019Amministrazione comunale e dell\u2019intera comunit\u00e0 feltrina esprimo profondo cordoglio per la scomparsa della dottoressa Maria Grazia Carraro. La notizia mi colpisce e mi rattrista sia sul piano delle relazioni personali che su quello dei rapporti professionali; con la dottoressa Carraro avevamo infatti instaurato, sin dal mio insediamento la scorsa estate, un rapporto franco, costruttivo e aperto, impegnato nella ricerca &#8211; certo non sempre facile o agevole &#8211; di soluzioni a salvaguardia dei livelli di eccellenza raggiunti in molti ambiti dalla sanit\u00e0 feltrina. E questo in un periodo storico caratterizzato da sfide sanitarie, a cominciare dalla pandemia, e sociali di straordinaria portata. La dottoressa Carraro aveva dimostrato in pi\u00f9 occasioni di sposare pienamente, pur proveniente da un contesto molto diverso, la mission della nostra azienda sanitaria. A tutti i familiari e amici della dottoressa Carraro esprimo, anche come presidente del Comitato dei sindaci del Distretto, la vicinanza di tutta la comunit\u00e0 locale, che ne ha sempre apprezzato il lavoro assiduo e la piena disponibilit\u00e0\u201d. Queste le parole del sindaco di Feltre Viviana Fusaro, informata della scomparsa, dopo lunga malattia, della dottoressa Maria Garzia Carraro, direttore generale dell\u2019ULSS 1 \u201cDolomiti\u201d<\/p>\n<p>&nbsp;<\/p>\n<h3>IL SINDACO DI BELLUNO OSCAR DE PELLEGRIN<\/h3>\n<audio class=\"wp-audio-shortcode\" id=\"audio-332154-2\" preload=\"none\" style=\"width: 100%;\" controls=\"controls\"><source type=\"audio\/mpeg\" src=\"https:\/\/www.radiopiu.net\/wordpress\/wp-content\/uploads\/2023\/04\/Sindaco-De-Pellegrin.mp3?_=2\" \/><a href=\"https:\/\/www.radiopiu.net\/wordpress\/wp-content\/uploads\/2023\/04\/Sindaco-De-Pellegrin.mp3\">https:\/\/www.radiopiu.net\/wordpress\/wp-content\/uploads\/2023\/04\/Sindaco-De-Pellegrin.mp3<\/a><\/audio>\n<p>&nbsp;<\/p>\n<p>&nbsp;<\/p>\n<h3>IL CORDOGLIO DELL&#8217;ASSOCIAZIONE BELLUNESI NEL MONDO<\/h3>\n<p><strong><a class=\"dt-pswp-item\" href=\"https:\/\/www.radiopiu.net\/wordpress\/wp-content\/uploads\/2023\/04\/maria_grazia_carraro.jpg\" data-dt-img-description=\"\" data-large_image_width=\"1920\" data-large_image_height=\"1080\"><img loading=\"lazy\" decoding=\"async\" class=\" wp-image-332177 alignleft\" src=\"https:\/\/www.radiopiu.net\/wordpress\/wp-content\/uploads\/2023\/04\/maria_grazia_carraro-300x169.jpg\" alt=\"\" width=\"183\" height=\"103\" srcset=\"https:\/\/www.radiopiu.net\/wordpress\/wp-content\/uploads\/2023\/04\/maria_grazia_carraro-300x169.jpg 300w, https:\/\/www.radiopiu.net\/wordpress\/wp-content\/uploads\/2023\/04\/maria_grazia_carraro-1024x576.jpg 1024w, https:\/\/www.radiopiu.net\/wordpress\/wp-content\/uploads\/2023\/04\/maria_grazia_carraro-768x432.jpg 768w, https:\/\/www.radiopiu.net\/wordpress\/wp-content\/uploads\/2023\/04\/maria_grazia_carraro-1536x864.jpg 1536w, https:\/\/www.radiopiu.net\/wordpress\/wp-content\/uploads\/2023\/04\/maria_grazia_carraro.jpg 1920w\" sizes=\"auto, (max-width: 183px) 100vw, 183px\" \/><\/a>BELLUNO<\/strong> L\u2019Associazione Bellunesi nel Mondo esprime profondo cordoglio per la scomparsa di Maria Grazia Carraro, direttrice generale dell\u2019Ulss 1 Dolomiti. Carraro aveva assunto l\u2019incarico in Ulss Dolomiti nel febbraio 2021. \u00abSiamo vicini alla sua famiglia e a tutti i dipendenti dell\u2019Ulss 1 Dolomiti &#8211; le parole del presidente Abm Oscar De Bona &#8211; con lei avevamo avviato lo scorso anno un progetto per portare a Belluno medici, infermieri e oss discendenti italiani. Il primo passo era stato fatto con l\u2019Argentina e la risposta era stata molto positiva. Era una persona capace, combattiva e disponibile. Aveva partecipato anche alla nostra Assemblea generale nel giugno dell\u2019anno scorso, segno di come volesse essere presente nel tessuto sociale della provincia di Belluno. Perdiamo un dirigente preparato e che avrebbe dato ancora molto alla sanit\u00e0 di montagna\u00bb.<\/p>\n<p>&nbsp;<\/p>\n<h3>IL SENATORE LUCA DE CARLO<\/h3>\n<p><strong><a class=\"dt-pswp-item\" href=\"https:\/\/www.radiopiu.net\/wordpress\/wp-content\/uploads\/2023\/04\/Maria-Grazia-Carraro.jpeg\" data-dt-img-description=\"\" data-large_image_width=\"1600\" data-large_image_height=\"1066\"><img loading=\"lazy\" decoding=\"async\" class=\"wp-image-332234 alignleft\" src=\"https:\/\/www.radiopiu.net\/wordpress\/wp-content\/uploads\/2023\/04\/Maria-Grazia-Carraro-300x200.jpeg\" alt=\"\" width=\"222\" height=\"148\" srcset=\"https:\/\/www.radiopiu.net\/wordpress\/wp-content\/uploads\/2023\/04\/Maria-Grazia-Carraro-300x200.jpeg 300w, https:\/\/www.radiopiu.net\/wordpress\/wp-content\/uploads\/2023\/04\/Maria-Grazia-Carraro-1024x682.jpeg 1024w, https:\/\/www.radiopiu.net\/wordpress\/wp-content\/uploads\/2023\/04\/Maria-Grazia-Carraro-768x512.jpeg 768w, https:\/\/www.radiopiu.net\/wordpress\/wp-content\/uploads\/2023\/04\/Maria-Grazia-Carraro-1536x1023.jpeg 1536w, https:\/\/www.radiopiu.net\/wordpress\/wp-content\/uploads\/2023\/04\/Maria-Grazia-Carraro.jpeg 1600w\" sizes=\"auto, (max-width: 222px) 100vw, 222px\" \/><\/a>ROMA<\/strong> \u201cLa scomparsa del Direttore Generale dell&#8217;Ulss 1 Dolomiti Maria Grazia Carraro \u00e8 un momento doloroso per l&#8217;intera comunit\u00e0 bellunese. Da sindaco di Calalzo di Cadore ho potuto apprezzarne l&#8217;attenzione alle cosiddette \u201cterre alte\u201d, capendo fin da subito quanto il tema della sanit\u00e0 sia cruciale per le nostre zone: penso all&#8217;inaugurazione della base elicotteristica a Pieve di Cadore, ma anche all&#8217;investimento &#8211; recentemente inaugurato \u2013 per la sala trasfusionale. Un&#8217;attenzione ai grandi temi e alle necessit\u00e0 quotidiane dei cittadini e dei territori, portata avanti con forza e coerenza, che ne hanno contraddistinto fin dall&#8217;inizio il mandato. Rivolgo quindi ai familiari un pensiero e un abbraccio, che estendo anche a tutto il personale dell&#8217;azienda sanitaria\u201d: cos\u00ec il senatore bellunese di Fratelli d&#8217;Italia Luca De Carlo alla notizia della scomparsa del Direttore Generale dell&#8217;Ulss 1 Dolomiti Maria Grazia Carraro.<\/p>\n<p>&nbsp;<\/p>\n<h3>LORRAINE BERTON, CONFINDUSTRIA BELLUNO DOLOMITI<\/h3>\n<p><strong><a class=\"dt-pswp-item\" href=\"https:\/\/www.radiopiu.net\/wordpress\/wp-content\/uploads\/2021\/12\/e856063d-9a8a-4118-b442-31eb84d3c052.jpg\" data-dt-img-description=\"\" data-large_image_width=\"1600\" data-large_image_height=\"900\"><img loading=\"lazy\" decoding=\"async\" class=\"wp-image-246190 alignleft\" src=\"https:\/\/www.radiopiu.net\/wordpress\/wp-content\/uploads\/2021\/12\/e856063d-9a8a-4118-b442-31eb84d3c052-300x169.jpg\" alt=\"\" width=\"218\" height=\"123\" srcset=\"https:\/\/www.radiopiu.net\/wordpress\/wp-content\/uploads\/2021\/12\/e856063d-9a8a-4118-b442-31eb84d3c052-300x169.jpg 300w, https:\/\/www.radiopiu.net\/wordpress\/wp-content\/uploads\/2021\/12\/e856063d-9a8a-4118-b442-31eb84d3c052-1024x576.jpg 1024w, https:\/\/www.radiopiu.net\/wordpress\/wp-content\/uploads\/2021\/12\/e856063d-9a8a-4118-b442-31eb84d3c052-768x432.jpg 768w, https:\/\/www.radiopiu.net\/wordpress\/wp-content\/uploads\/2021\/12\/e856063d-9a8a-4118-b442-31eb84d3c052-1536x864.jpg 1536w, https:\/\/www.radiopiu.net\/wordpress\/wp-content\/uploads\/2021\/12\/e856063d-9a8a-4118-b442-31eb84d3c052.jpg 1600w\" sizes=\"auto, (max-width: 218px) 100vw, 218px\" \/><\/a>BELLUNO <\/strong>\u201cSiamo tutti addolorati per la scomparsa prematura di una donna forte e appassionata, che ha saputo traghettare la sanit\u00e0 bellunese in un periodo complesso come quello della pandemia. Per la nostra provincia \u00e8 una perdita grave. Il nostro pensiero va ai familiari di Carraro e a tutta l\u2019Ulss 1 Dolomiti, ai suoi collaboratori e ai tanti operatori della sanit\u00e0 bellunese\u201d. Cos\u00ec Lorraine Berton, presidente di Confindustria Belluno Dolomiti, esprime il proprio cordoglio, quello del Consiglio di Presidenza e dell\u2019intera Associazione per la scomparsa di Maria Grazia Carraro, direttrice generale dell\u2019Ulss 1 Dolomiti.<\/p>\n<p>&nbsp;<\/p>\n<h3>CLAUDIA SCARZANELLA, CONFARTIGIANATO BELLUNO<\/h3>\n<p><strong><a class=\"dt-pswp-item\" href=\"https:\/\/www.radiopiu.net\/wordpress\/wp-content\/uploads\/2021\/02\/Carraro-Maria-Grazia.jpg\" data-dt-img-description=\"\" data-large_image_width=\"505\" data-large_image_height=\"273\"><img loading=\"lazy\" decoding=\"async\" class=\"wp-image-193870 alignleft\" src=\"https:\/\/www.radiopiu.net\/wordpress\/wp-content\/uploads\/2021\/02\/Carraro-Maria-Grazia-300x162.jpg\" alt=\"\" width=\"220\" height=\"119\" srcset=\"https:\/\/www.radiopiu.net\/wordpress\/wp-content\/uploads\/2021\/02\/Carraro-Maria-Grazia-300x162.jpg 300w, https:\/\/www.radiopiu.net\/wordpress\/wp-content\/uploads\/2021\/02\/Carraro-Maria-Grazia.jpg 505w\" sizes=\"auto, (max-width: 220px) 100vw, 220px\" \/><\/a>BELLUNO<\/strong> \u201cNotizie come quella di oggi fanno male alla montagna. La dottoressa Carraro in poco tempo era riuscita a farsi apprezzare come persona oltre che come dirigente dell\u2019Ulss\u201d. Lo scrive la presidente di Confartigianato Belluno Claudia Scarzanella. \u201cMaria Grazia Carraro si era distinta per grande spirito di servizio e collaborazione con le imprese durante la campagna vaccinale Covid. L\u2019associazione \u00e8 addolorata per la sua scomparsa. Un pensiero va ai suoi famigliari e ai collaboratori del\u2019Ulss\u201d.<\/p>\n<p>&nbsp;<\/p>\n<h3>LA NOTA DI CORDOGLIO DELL&#8217;ORDINE MEDICI CHIRURGHI E DEGLI ODONTOIATRI DELLA PROVINCIA DI BELLUNO<\/h3>\n<p><strong><a class=\"dt-pswp-item\" href=\"https:\/\/www.radiopiu.net\/wordpress\/wp-content\/uploads\/2021\/02\/Carraro-7-scaled.jpg\" data-dt-img-description=\"\" data-large_image_width=\"2560\" data-large_image_height=\"1920\"><img loading=\"lazy\" decoding=\"async\" class=\"wp-image-193911 alignleft\" src=\"https:\/\/www.radiopiu.net\/wordpress\/wp-content\/uploads\/2021\/02\/Carraro-7-300x225.jpg\" alt=\"\" width=\"220\" height=\"165\" srcset=\"https:\/\/www.radiopiu.net\/wordpress\/wp-content\/uploads\/2021\/02\/Carraro-7-300x225.jpg 300w, https:\/\/www.radiopiu.net\/wordpress\/wp-content\/uploads\/2021\/02\/Carraro-7-1024x768.jpg 1024w, https:\/\/www.radiopiu.net\/wordpress\/wp-content\/uploads\/2021\/02\/Carraro-7-768x576.jpg 768w, https:\/\/www.radiopiu.net\/wordpress\/wp-content\/uploads\/2021\/02\/Carraro-7-1536x1152.jpg 1536w, https:\/\/www.radiopiu.net\/wordpress\/wp-content\/uploads\/2021\/02\/Carraro-7-2048x1536.jpg 2048w\" sizes=\"auto, (max-width: 220px) 100vw, 220px\" \/><\/a>BELLUNO <\/strong>A nome della comunit\u00e0 di professionisti rappresentata dal nostro Ordine provinciale dei Medici e degli Odontoiatri, esprimiamo il pi\u00f9 sincero cordoglio per la scomparsa della Direttrice Generale della ULSS 1-Dolomiti dr.ssa Maria Grazia Carraro. Il periodo della sua permanenza in questa veste nelle provincia di Belluno ci ha fatto apprezzare le sue grandi doti di amministratrice pubblica, la propensione al dialogo e la progettualit\u00e0 per il bene del nostro territorio, mai venuta meno anche nell\u2019ultimo periodo gravato dalla sua malattia. Alla sua famiglia esprimiamo le nostre condoglianze per la prematura scomparsa, aggiungendo che il ricordo della sua gentilezza e della considerazione per il nostro Ordine rester\u00e0 per sempre nella memoria di quanti la hanno conosciuta ed apprezzata.<\/p>\n<p>&nbsp;<\/p>\n<h3>IL MESSAGGIO DALL&#8217;ASSOCIAZIONE CUCCHINI<\/h3>\n<p><strong><a class=\"dt-pswp-item\" href=\"https:\/\/www.radiopiu.net\/wordpress\/wp-content\/uploads\/2021\/02\/Carraro-1-scaled.jpg\" data-dt-img-description=\"\" data-large_image_width=\"2560\" data-large_image_height=\"1920\"><img loading=\"lazy\" decoding=\"async\" class=\"wp-image-193912 alignleft\" src=\"https:\/\/www.radiopiu.net\/wordpress\/wp-content\/uploads\/2021\/02\/Carraro-1-300x225.jpg\" alt=\"\" width=\"187\" height=\"140\" srcset=\"https:\/\/www.radiopiu.net\/wordpress\/wp-content\/uploads\/2021\/02\/Carraro-1-300x225.jpg 300w, https:\/\/www.radiopiu.net\/wordpress\/wp-content\/uploads\/2021\/02\/Carraro-1-1024x768.jpg 1024w, https:\/\/www.radiopiu.net\/wordpress\/wp-content\/uploads\/2021\/02\/Carraro-1-768x576.jpg 768w, https:\/\/www.radiopiu.net\/wordpress\/wp-content\/uploads\/2021\/02\/Carraro-1-1536x1152.jpg 1536w, https:\/\/www.radiopiu.net\/wordpress\/wp-content\/uploads\/2021\/02\/Carraro-1-2048x1536.jpg 2048w\" sizes=\"auto, (max-width: 187px) 100vw, 187px\" \/><\/a>BELLUNO <\/strong>&#8220;A nome dei volontari e soci dell&#8217;associazione Cucchini, del direttivo e mio personale esprimo il nostro cordoglio e la sincera partecipazione al lutto per la perdita della dottoressa Maria Grazia Carraro, Direttore Generale dell&#8217;Azienda Ulss 1 Dolomiti. In questo periodo di collaborazione e lavoro comune abbiamo avuto modo di apprezzare la preparazione professionale e la particolare vicinanza alla nostra associazone di volontariato da lei dimostrata.\u00a0Vorrei esprimere anche ai familiari i sensi della nostra solidariet\u00e0 e sincera condivisione del grave lutto che li ha colpiti&#8221;. \u00c8 il messaggio di cordoglio di Paolo Colleselli, presidente dell\u2019associazione Cucchini.<\/p>\n<h3><\/h3>\n<h3>IL PRESIDENTE DI APPIA CNA BELLUNO MASSIMO SPOSATO<\/h3>\n<p><strong><a class=\"dt-pswp-item\" href=\"https:\/\/www.radiopiu.net\/wordpress\/wp-content\/uploads\/2022\/05\/Dalla-Torre-Carraro.jpeg\" data-dt-img-description=\"Dalla Torre - Carraro\" data-large_image_width=\"1600\" data-large_image_height=\"1200\"><img loading=\"lazy\" decoding=\"async\" class=\"wp-image-278924 alignleft\" src=\"https:\/\/www.radiopiu.net\/wordpress\/wp-content\/uploads\/2022\/05\/Dalla-Torre-Carraro-300x225.jpeg\" alt=\"\" width=\"191\" height=\"143\" srcset=\"https:\/\/www.radiopiu.net\/wordpress\/wp-content\/uploads\/2022\/05\/Dalla-Torre-Carraro-300x225.jpeg 300w, https:\/\/www.radiopiu.net\/wordpress\/wp-content\/uploads\/2022\/05\/Dalla-Torre-Carraro-1024x768.jpeg 1024w, https:\/\/www.radiopiu.net\/wordpress\/wp-content\/uploads\/2022\/05\/Dalla-Torre-Carraro-768x576.jpeg 768w, https:\/\/www.radiopiu.net\/wordpress\/wp-content\/uploads\/2022\/05\/Dalla-Torre-Carraro-1536x1152.jpeg 1536w, https:\/\/www.radiopiu.net\/wordpress\/wp-content\/uploads\/2022\/05\/Dalla-Torre-Carraro.jpeg 1600w\" sizes=\"auto, (max-width: 191px) 100vw, 191px\" \/><\/a>BELLUNO <\/strong>\u00abAccogliamo con dolore la notizia della morte della dottoressa Carraro. \u2013 commenta il presidente di Appia Cna Belluno Massimo Sposato \u2013 Il servizio sanitario \u00e8 fondamentale per i territori di montagna; abbiamo sempre detto che per contrastare lo spopolamento e l&#8217;abbandono della nostra provincia serve la garanzia dei servizi: in questi anni, segnati anche da una pandemia, il lavoro della dottoressa Carraro si \u00e8 concentrato proprio su questo, sull&#8217;attenzione alle zone cosiddette periferiche e alla necessit\u00e0 di dare \u2013 se non certezze \u2013 almeno tranquillit\u00e0. Lo ha fatto nonostante la malattia e in un periodo in cui trovare personale \u00e8 un&#8217;impresa quasi impossibile, tanto nel privato quanto nel pubblico: tutto questo, senza mai farsi trascinare nella polemica e nel dibattito politico. Con la scomparsa della dottoressa Carraro, alla cui famiglia invio le pi\u00f9 sentite condoglianze mie e dell&#8217;intera associazione che rappresento, il territorio bellunese perde non solo una grande professionista, ma una persona che ha capito fino in fondo le necessit\u00e0 di questa provincia\u00bb.<\/p>\n<p>&nbsp;<\/p>\n<h3>IL CORDOGLIO DELLA CISL BELLUNO TREVISO<\/h3>\n<p><strong><a class=\"dt-pswp-item\" href=\"https:\/\/www.radiopiu.net\/wordpress\/wp-content\/uploads\/2022\/05\/Carraro-De-Col.jpeg\" data-dt-img-description=\"Carraro - De Col\" data-large_image_width=\"1600\" data-large_image_height=\"1200\"><img loading=\"lazy\" decoding=\"async\" class=\" wp-image-278925 alignleft\" src=\"https:\/\/www.radiopiu.net\/wordpress\/wp-content\/uploads\/2022\/05\/Carraro-De-Col-300x225.jpeg\" alt=\"\" width=\"235\" height=\"176\" srcset=\"https:\/\/www.radiopiu.net\/wordpress\/wp-content\/uploads\/2022\/05\/Carraro-De-Col-300x225.jpeg 300w, https:\/\/www.radiopiu.net\/wordpress\/wp-content\/uploads\/2022\/05\/Carraro-De-Col-1024x768.jpeg 1024w, https:\/\/www.radiopiu.net\/wordpress\/wp-content\/uploads\/2022\/05\/Carraro-De-Col-768x576.jpeg 768w, https:\/\/www.radiopiu.net\/wordpress\/wp-content\/uploads\/2022\/05\/Carraro-De-Col-1536x1152.jpeg 1536w, https:\/\/www.radiopiu.net\/wordpress\/wp-content\/uploads\/2022\/05\/Carraro-De-Col.jpeg 1600w\" sizes=\"auto, (max-width: 235px) 100vw, 235px\" \/><\/a>BELLUNO<\/strong> <span style=\"color: #000000; font-family: Helvetica;\">\u201cCi lascia attoniti la scomparsa della Direttrice Generale dell\u2019Ulss1 Dolomiti Maria Grazia Carraro, esprimo il cordoglio di tutta la Cisl Belluno Treviso alla famiglia, ai collaboratori, a tutta la Ulss1. Nelle poche occasioni in cui avevamo lavorato assieme, prima che la malattia ne condizionasse l&#8217;operativit\u00e0, avevamo potuto cogliere il profilo umano, la professionalit\u00e0, l\u2019abnegazione, l\u2019empatia e la passione che la dottoressa Carraro metteva nel lavoro, consapevole delle difficolt\u00e0 e della complessit\u00e0 della sanit\u00e0 bellunese\u201d. Queste le parole del segretario generale della Cisl Belluno Treviso Massimiliano Paglini a nome dell\u2019Organizzazione sindacale e delle sue Federazioni di categoria, a partire da quella della Funzione pubblica, alla triste notizia della scomparsa della dottoressa Carraro.<\/span><\/p>\n<p>&nbsp;<\/p>\n<h3>ANDREA DE BERNARDIN, SEGRETARIO PROVINCIALE LEGA BELLUNO<\/h3>\n<audio class=\"wp-audio-shortcode\" id=\"audio-332154-3\" preload=\"none\" style=\"width: 100%;\" controls=\"controls\"><source type=\"audio\/mpeg\" src=\"https:\/\/www.radiopiu.net\/wordpress\/wp-content\/uploads\/2023\/04\/De-Bernardin.mp3?_=3\" \/><a href=\"https:\/\/www.radiopiu.net\/wordpress\/wp-content\/uploads\/2023\/04\/De-Bernardin.mp3\">https:\/\/www.radiopiu.net\/wordpress\/wp-content\/uploads\/2023\/04\/De-Bernardin.mp3<\/a><\/audio>\n<p>&nbsp;<\/p>\n<h3>SILVIA CESTARO, CONSIGLIERA REGIONALE<\/h3>\n<audio class=\"wp-audio-shortcode\" id=\"audio-332154-4\" preload=\"none\" style=\"width: 100%;\" controls=\"controls\"><source type=\"audio\/mpeg\" src=\"https:\/\/www.radiopiu.net\/wordpress\/wp-content\/uploads\/2023\/04\/Silvia-Cestaro.mp3?_=4\" \/><a href=\"https:\/\/www.radiopiu.net\/wordpress\/wp-content\/uploads\/2023\/04\/Silvia-Cestaro.mp3\">https:\/\/www.radiopiu.net\/wordpress\/wp-content\/uploads\/2023\/04\/Silvia-Cestaro.mp3<\/a><\/audio>\n<p>&nbsp;<\/p>\n<h3>IL CORDOGLIO DEL PD REGIONALE<\/h3>\n<p><strong><a class=\"dt-pswp-item\" href=\"https:\/\/www.radiopiu.net\/wordpress\/wp-content\/uploads\/2023\/04\/maria_grazia_carraro.jpg\" data-dt-img-description=\"\" data-large_image_width=\"1920\" data-large_image_height=\"1080\"><img loading=\"lazy\" decoding=\"async\" class=\"wp-image-332177 alignleft\" src=\"https:\/\/www.radiopiu.net\/wordpress\/wp-content\/uploads\/2023\/04\/maria_grazia_carraro-300x169.jpg\" alt=\"\" width=\"208\" height=\"117\" srcset=\"https:\/\/www.radiopiu.net\/wordpress\/wp-content\/uploads\/2023\/04\/maria_grazia_carraro-300x169.jpg 300w, https:\/\/www.radiopiu.net\/wordpress\/wp-content\/uploads\/2023\/04\/maria_grazia_carraro-1024x576.jpg 1024w, https:\/\/www.radiopiu.net\/wordpress\/wp-content\/uploads\/2023\/04\/maria_grazia_carraro-768x432.jpg 768w, https:\/\/www.radiopiu.net\/wordpress\/wp-content\/uploads\/2023\/04\/maria_grazia_carraro-1536x864.jpg 1536w, https:\/\/www.radiopiu.net\/wordpress\/wp-content\/uploads\/2023\/04\/maria_grazia_carraro.jpg 1920w\" sizes=\"auto, (max-width: 208px) 100vw, 208px\" \/><\/a>VENEZIA <\/strong>\u00abEsprimo il cordoglio mio personale e di tutta la comunit\u00e0 del Partito democratico regionale per la prematura scomparsa di Maria Grazia Carraro, direttrice generale dell\u2019Ulss 1 Dolomiti. Carraro ha dato prova di grande professionalit\u00e0 guidando la sanit\u00e0 bellunese anche attraverso la pandemia. Ai familiari e ai colleghi della dirigente la nostra vicinanza in questo difficile momento\u00bb. Lo afferma la vice segretaria del Pd Veneto, Monica Lotto.<\/p>\n<p>&nbsp;<\/p>\n<p>&nbsp;<\/p>\n<p>&nbsp;<\/p>\n<p>*******<\/p>\n","protected":false},"excerpt":{"rendered":"<p>VENEZIA \u201cDopo una lunga malattia \u00e8 mancata oggi la Direttrice Generale dell\u2019Ulss1 Dolomiti, la dottoressa Maria Grazia Carraro. Sono stato in contatto con lei fin dall\u2019inizio di questo percorso di cura. Abbiamo sempre, tutti, incrociato le dita nella speranza che le cure, anche durissime, alle quali si sottoponeva potessero portare alla remissione del male. Purtroppo&hellip;<\/p>\n","protected":false},"author":4,"featured_media":332156,"comment_status":"closed","ping_status":"closed","sticky":false,"template":"","format":"standard","meta":{"_monsterinsights_skip_tracking":false,"_monsterinsights_sitenote_active":false,"_monsterinsights_sitenote_note":"","_monsterinsights_sitenote_category":0,"footnotes":""},"categories":[51,49],"tags":[],"class_list":["post-332154","post","type-post","status-publish","format-standard","has-post-thumbnail","hentry","category-evidenza-top","category-news-18","category-51","category-49","description-off"],"img_url":"https:\/\/www.radiopiu.net\/wordpress\/wp-content\/uploads\/2023\/04\/photo_5908961013531787322_y.jpg","_links":{"self":[{"href":"https:\/\/www.radiopiu.net\/wordpress\/wp-json\/wp\/v2\/posts\/332154","targetHints":{"allow":["GET"]}}],"collection":[{"href":"https:\/\/www.radiopiu.net\/wordpress\/wp-json\/wp\/v2\/posts"}],"about":[{"href":"https:\/\/www.radiopiu.net\/wordpress\/wp-json\/wp\/v2\/types\/post"}],"author":[{"embeddable":true,"href":"https:\/\/www.radiopiu.net\/wordpress\/wp-json\/wp\/v2\/users\/4"}],"replies":[{"embeddable":true,"href":"https:\/\/www.radiopiu.net\/wordpress\/wp-json\/wp\/v2\/comments?post=332154"}],"version-history":[{"count":0,"href":"https:\/\/www.radiopiu.net\/wordpress\/wp-json\/wp\/v2\/posts\/332154\/revisions"}],"wp:featuredmedia":[{"embeddable":true,"href":"https:\/\/www.radiopiu.net\/wordpress\/wp-json\/wp\/v2\/media\/332156"}],"wp:attachment":[{"href":"https:\/\/www.radiopiu.net\/wordpress\/wp-json\/wp\/v2\/media?parent=332154"}],"wp:term":[{"taxonomy":"category","embeddable":true,"href":"https:\/\/www.radiopiu.net\/wordpress\/wp-json\/wp\/v2\/categories?post=332154"},{"taxonomy":"post_tag","embeddable":true,"href":"https:\/\/www.radiopiu.net\/wordpress\/wp-json\/wp\/v2\/tags?post=332154"}],"curies":[{"name":"wp","href":"https:\/\/api.w.org\/{rel}","templated":true}]}}