{"id":332300,"date":"2023-04-21T05:49:29","date_gmt":"2023-04-21T03:49:29","guid":{"rendered":"https:\/\/www.radiopiu.net\/wordpress\/?p=332300"},"modified":"2023-04-21T13:02:19","modified_gmt":"2023-04-21T11:02:19","slug":"giornale-radiopiu-21-aprile-2023-direttore-mirko-mezzacasa-verso-i-40-anni-25-giugno-1983-25-giugno-2023","status":"publish","type":"post","link":"https:\/\/www.radiopiu.net\/wordpress\/giornale-radiopiu-21-aprile-2023-direttore-mirko-mezzacasa-verso-i-40-anni-25-giugno-1983-25-giugno-2023\/","title":{"rendered":"GIORNALE RADIOPIU 21 APRILE 2023 DIRETTORE MIRKO MEZZACASA&#8230;verso i 40 anni 25 giugno 1983-25 giugno 2023"},"content":{"rendered":"<h2 style=\"text-align: left;\"><span style=\"color: #ff0000;\"><span style=\"vertical-align: inherit;\">ISCRIVITI AL NOSTRO CANALE\u00a0 <\/span><\/span><span style=\"vertical-align: inherit;\"> YOUTUBE PER SEGUIRE IN DIRETTA I PRINCIPALI PROGRAMMI DI RADIO PIU&#8217; E LE FUTURE DIRETTE IN ESTERNA. PER ISCRIVERTI <\/span><a style=\"color: #ff0000;\" href=\"https:\/\/youtube.com\/@radiopiu1527\"><span style=\"vertical-align: inherit;\">CLICCA QUI <\/span><\/a><span style=\"color: #ff0000; font-size: 14px; font-weight: normal;\"><span style=\"vertical-align: inherit;\">E PREMI\u00a0 &#8220;Iscriviti&#8221;\u00a0 \u00a0 \u00a0<\/span><\/span><\/h2>\n<p>&nbsp;<\/p>\n<div dir=\"auto\"><span style=\"color: #0000ff;\"><strong>E anche oggi RADIOPIU si fa in quattro per i suoi ascoltatori&#8230;.<\/strong><\/span><\/div>\n<div dir=\"auto\"><strong><a class=\"dt-pswp-item\" href=\"https:\/\/www.radiopiu.net\/wordpress\/wp-content\/uploads\/2023\/04\/260503185_365896185248381_6433513772544853767_n.jpg\" data-dt-img-description=\"\" data-large_image_width=\"222\" data-large_image_height=\"222\"><img loading=\"lazy\" decoding=\"async\" class=\"wp-image-332433 alignleft\" src=\"https:\/\/www.radiopiu.net\/wordpress\/wp-content\/uploads\/2023\/04\/260503185_365896185248381_6433513772544853767_n.jpg\" alt=\"\" width=\"125\" height=\"125\" srcset=\"https:\/\/www.radiopiu.net\/wordpress\/wp-content\/uploads\/2023\/04\/260503185_365896185248381_6433513772544853767_n.jpg 222w, https:\/\/www.radiopiu.net\/wordpress\/wp-content\/uploads\/2023\/04\/260503185_365896185248381_6433513772544853767_n-150x150.jpg 150w\" sizes=\"auto, (max-width: 125px) 100vw, 125px\" \/><\/a>1&#8230;.<\/strong> alle 9.30 SPECIALE BOSTRICO&#8230;LA SERATA A CANALE D&#8217;AGORDO.<\/div>\n<div dir=\"auto\"><strong>2<\/strong>. alle 10.15 MUSLA la rassegna stampa ladina, le nove per ladin, con Mayra De Marco (foto)<\/div>\n<div dir=\"auto\"><strong>3&#8230;&#8230;&#8230;..<\/strong>alle 10.30 speciale\u00a0 CASSA SOLIDARIETA&#8217; AZIENDALE LAVORATORI LUXOTTICA, CON FABRIZIO CAMPEDEL<\/div>\n<div dir=\"auto\"><strong>4<\/strong>. ROCK ROVENTE il nuovo programma con il ritorno di Marco Costantini<\/div>\n<div dir=\"auto\"><\/div>\n<div dir=\"auto\">\n<hr \/>\n<\/div>\n<div dir=\"auto\"><a class=\"dt-pswp-item\" href=\"https:\/\/www.radiopiu.net\/wordpress\/wp-content\/uploads\/2023\/04\/e0aad41d-951e-47b9-9fae-1a879a9bcb7e.jpg\" data-dt-img-description=\"\" data-large_image_width=\"1200\" data-large_image_height=\"1200\">\u00a0<\/a><\/div>\n<div dir=\"auto\"><a class=\"dt-pswp-item\" href=\"https:\/\/www.radiopiu.net\/wordpress\/wp-content\/uploads\/2023\/04\/e0aad41d-951e-47b9-9fae-1a879a9bcb7e.jpg\" data-dt-img-description=\"\" data-large_image_width=\"1200\" data-large_image_height=\"1200\"><img loading=\"lazy\" decoding=\"async\" class=\"size-medium wp-image-332455 aligncenter\" src=\"https:\/\/www.radiopiu.net\/wordpress\/wp-content\/uploads\/2023\/04\/e0aad41d-951e-47b9-9fae-1a879a9bcb7e-300x300.jpg\" alt=\"\" width=\"300\" height=\"300\" srcset=\"https:\/\/www.radiopiu.net\/wordpress\/wp-content\/uploads\/2023\/04\/e0aad41d-951e-47b9-9fae-1a879a9bcb7e-300x300.jpg 300w, https:\/\/www.radiopiu.net\/wordpress\/wp-content\/uploads\/2023\/04\/e0aad41d-951e-47b9-9fae-1a879a9bcb7e-1024x1024.jpg 1024w, https:\/\/www.radiopiu.net\/wordpress\/wp-content\/uploads\/2023\/04\/e0aad41d-951e-47b9-9fae-1a879a9bcb7e-150x150.jpg 150w, https:\/\/www.radiopiu.net\/wordpress\/wp-content\/uploads\/2023\/04\/e0aad41d-951e-47b9-9fae-1a879a9bcb7e-768x768.jpg 768w, https:\/\/www.radiopiu.net\/wordpress\/wp-content\/uploads\/2023\/04\/e0aad41d-951e-47b9-9fae-1a879a9bcb7e.jpg 1200w\" sizes=\"auto, (max-width: 300px) 100vw, 300px\" \/>\u00a0<\/a><\/div>\n<div dir=\"auto\"><\/div>\n<div dir=\"auto\">\n<hr \/>\n<\/div>\n<p>&nbsp;<\/p>\n<p><strong><a class=\"dt-pswp-item\" href=\"https:\/\/www.radiopiu.net\/wordpress\/wp-content\/uploads\/2023\/04\/SCALE-PRIMO.jpg\" data-dt-img-description=\"\" data-large_image_width=\"316\" data-large_image_height=\"168\"><img loading=\"lazy\" decoding=\"async\" class=\" wp-image-331567 alignleft\" src=\"https:\/\/www.radiopiu.net\/wordpress\/wp-content\/uploads\/2023\/04\/SCALE-PRIMO-300x159.jpg\" alt=\"\" width=\"191\" height=\"101\" srcset=\"https:\/\/www.radiopiu.net\/wordpress\/wp-content\/uploads\/2023\/04\/SCALE-PRIMO-300x159.jpg 300w, https:\/\/www.radiopiu.net\/wordpress\/wp-content\/uploads\/2023\/04\/SCALE-PRIMO.jpg 316w\" sizes=\"auto, (max-width: 191px) 100vw, 191px\" \/><\/a>SR 50 SCALE DI PRIMOLANO,<\/strong>\u00a0Fastro-Primolano,\u00a0dal 13 aprile al 6 maggio\u00a0divieto di transito direzione di marcia Fastro-Primolano per tutti i mezzi superiori alle 3,5 tonnellate, caravan e autocaravan.\u00a0 Deviazioni sulla 50 bis in seguito alla chiusura totale delle gallerie San Vito e Brenta.<\/p>\n<p>Galleria San Vito di Arsi\u00e8 chiusura totale della galleria PER TUTTI I MEZZI durante le notti dal 13 aprile al 6 maggio dale 21 alle\u00a0 6 del mattino successivo<\/p>\n<p><strong>REDAZIONE<\/strong> Veneto Strade comunica che nelle giornate del 26 e 27 aprile, dalle 7 alle 19, verr\u00e0 chiusa al traffico la SP 4 della Val Cantiuna in comune di Alpago. Chiusura necessaria per lavori di posa conglomerato bituminoso.<\/p>\n<p><strong>REDAZIONE\u00a0<\/strong>Veneto Strade comunica che la strada provinciale 346 del Passo San Pellegrino sar\u00e0 interessata da lavori di esbosco per tutto il mese di maggio. Dal 2 al 31 maggio, sabati e domeniche esclusi, il tratto tra Zingari Bassi e Passo Valles verr\u00e0 chiuso al traffico dalle 8 alle 12 e dalle 13 alle 17.<\/p>\n<p>&nbsp;<\/p>\n<hr \/>\n<p>&nbsp;<\/p>\n<blockquote>\n<h3>L&#8217;ULSS 1 DOLOMITI RICORDA IL DIRETTORE MARIA GRAZIA CARRARO<\/h3>\n<\/blockquote>\n<p><strong><a class=\"dt-pswp-item\" href=\"https:\/\/www.radiopiu.net\/wordpress\/wp-content\/uploads\/2023\/04\/DG-Carraro-3.jpeg\" data-dt-img-description=\"\" data-large_image_width=\"1103\" data-large_image_height=\"2045\"><img loading=\"lazy\" decoding=\"async\" class=\" wp-image-332393 alignleft\" src=\"https:\/\/www.radiopiu.net\/wordpress\/wp-content\/uploads\/2023\/04\/DG-Carraro-3-162x300.jpeg\" alt=\"\" width=\"123\" height=\"228\" srcset=\"https:\/\/www.radiopiu.net\/wordpress\/wp-content\/uploads\/2023\/04\/DG-Carraro-3-162x300.jpeg 162w, https:\/\/www.radiopiu.net\/wordpress\/wp-content\/uploads\/2023\/04\/DG-Carraro-3-552x1024.jpeg 552w, https:\/\/www.radiopiu.net\/wordpress\/wp-content\/uploads\/2023\/04\/DG-Carraro-3-768x1424.jpeg 768w, https:\/\/www.radiopiu.net\/wordpress\/wp-content\/uploads\/2023\/04\/DG-Carraro-3-828x1536.jpeg 828w, https:\/\/www.radiopiu.net\/wordpress\/wp-content\/uploads\/2023\/04\/DG-Carraro-3.jpeg 1103w\" sizes=\"auto, (max-width: 123px) 100vw, 123px\" \/><\/a>BELLUNO <\/strong>Ieri in Ulss Dolomiti \u00e8 stata una giornata di dolore ma ricca dell\u2019immenso affetto arrivato da ogni dove (Istituzioni, Enti, Associazioni ma anche singoli cittadini) per la scomparsa del Direttore Generale Maria Grazia Carraro. All\u2019interno dell\u2019organizzazione \u00e8 forte lo sgomento. \u201cCara Maria Grazia \u00e8 cos\u00ec che oggi vogliamo chiamarti. Per noi sei stata il Direttore Generale pi\u00f9 presente nelle unit\u00e0 operative, vicina ed attenta, talmente vicina da confonderti a volte con uno di noi. Come quando, in maniera imprevista e discreta, \u00e8 passata per il caff\u00e8 alle 6:00 di sera felice di trovarci tutti assieme a discutere di un caso clinico, o come quella volta che con il dito ha controllato la polvere presente negli armadi, come dovrebbe fare ogni buon padre di famiglia. Lei Maria Grazia sapeva nello stesso momento valutare il nostro lavoro, redarguirci, condividere la mensa o chiedere il nostro supporto per il raggiungimento di alcuni obiettivi del suo mandato. Ad ogni arrivederci ci lasciava carichi di motivazione ed entusiasmo per quello che stavamo facendo o che lei riteneva importante. Ci ha insegnato a chiedere aiuto senza vergognarci di esporre le nostre difficolt\u00e0. Il suo comando era\u00a0 &#8220;chiamatemi in qualsiasi momento sono a vostra disposizione &#8221; e noi l&#8217;abbiamo presa di parola. Questo ci ha permesso di costruire giorno dopo giorno un rapporto di stima e di fiducia unico, nel rispetto dei ruoli e dei compiti. Dobbiamo ringraziarla, perch\u00e9 questo percorso di vita professionale che abbiamo condiviso ci lascia la consapevolezza che ognuno di noi con il proprio impegno e dedizione pu\u00f2 determinare il successo o la sconfitta di tutti.\u00a0 Lascia ben saldo in noi il concetto di gruppo, inteso come famiglia e di amore verso il proprio lavoro. Cara Maria Grazia sei stata, forse, la prima per tante cose&#8230;&#8230; Grazie!\u201d ricorda <strong>Paola Fullin,<\/strong> caposala della Medicina di Agordo insieme ai colleghi di Agordo.<\/p>\n<p>&nbsp;<\/p>\n<h3><span style=\"color: #ff0000;\">\u00a0RICORDI DEL PERSONALE DELL&#8217;ULSS 1 DOLOMITI<\/span><\/h3>\n<blockquote class=\"wp-embedded-content\" data-secret=\"d56rIrcfJG\"><p><a href=\"https:\/\/www.radiopiu.net\/wordpress\/lulss-1-dolomiti-ricorda-il-direttore-maria-grazia-carraro\/\">L&#8217;ULSS 1 DOLOMITI RICORDA IL DIRETTORE MARIA GRAZIA CARRARO<\/a><\/p><\/blockquote>\n<p><iframe loading=\"lazy\" class=\"wp-embedded-content\" sandbox=\"allow-scripts\" security=\"restricted\" style=\"position: absolute; clip: rect(1px, 1px, 1px, 1px);\" title=\"&#8220;L&#8217;ULSS 1 DOLOMITI RICORDA IL DIRETTORE MARIA GRAZIA CARRARO&#8221; &#8212; Radio Pi\u00f9\" src=\"https:\/\/www.radiopiu.net\/wordpress\/lulss-1-dolomiti-ricorda-il-direttore-maria-grazia-carraro\/embed\/#?secret=BFgd7C6fJl#?secret=d56rIrcfJG\" data-secret=\"d56rIrcfJG\" width=\"600\" height=\"338\" frameborder=\"0\" marginwidth=\"0\" marginheight=\"0\" scrolling=\"no\"><\/iframe><\/p>\n<p>&nbsp;<\/p>\n<hr \/>\n<p>&nbsp;<\/p>\n<div id=\"title\" class=\"style-scope ytd-watch-metadata\">\n<h3 class=\"style-scope ytd-watch-metadata\">IL DR. CINQUETTI RICORDA LA DG CARRARO: \u00abFACEVA IL BENE E LO FACEVA MOLTO BENE\u00bb | 20\/04\/2023<\/h3>\n<\/div>\n<div id=\"top-row\" class=\"style-scope ytd-watch-metadata\">\n<div id=\"owner\" class=\"item style-scope ytd-watch-metadata\">di\u00a0 TIZIANA BOLOGNANI dal TG di ieri sera<\/div>\n<div class=\"item style-scope ytd-watch-metadata\">ANTENNA 3 DIGITALE TERRESTRE<\/div>\n<\/div>\n<p><iframe loading=\"lazy\" title=\"IL DR. CINQUETTI RICORDA LA DG CARRARO: \u00abFACEVA IL BENE E LO FACEVA MOLTO BENE\u00bb | 20\/04\/2023\" width=\"1200\" height=\"675\" src=\"https:\/\/www.youtube.com\/embed\/h7je7dSwbn0?start=2&#038;feature=oembed\" frameborder=\"0\" allow=\"accelerometer; autoplay; clipboard-write; encrypted-media; gyroscope; picture-in-picture; web-share\" allowfullscreen><\/iframe><\/p>\n<p>&nbsp;<\/p>\n<hr \/>\n<p>&nbsp;<\/p>\n<blockquote>\n<h3>INCIDENTE DI ARTEN, KOSOVARI SALVI<\/h3>\n<\/blockquote>\n<p><strong>FONZASO<\/strong> Hanno distrutto la Opel Corsa sulla quale viaggiavano schiantandosi con violenza contro un pilastro di cemento. L&#8217;Incidente di mercoledi\u00a0 ha coinvolto quattro persone (tre ventenni e un quarantenne), tutte di nazionalit\u00e0 kosovara al rientro\u00a0 dal\u00a0 lavoro. Due dei quattro occupanti, che erano stati trasportati con l&#8217;elicottero del 118 all&#8217;ospedale di Trento sono fuori pericolo, il pi\u00f9 grave se la caver\u00e0 in 30 giorni.<\/p>\n\n\t\t\t<style type='text\/css'>\n\t\t\t\t#gallery-1 {\n\t\t\t\t\tmargin: auto;\n\t\t\t\t}\n\t\t\t\t#gallery-1 .gallery-item {\n\t\t\t\t\tfloat: left;\n\t\t\t\t\tmargin-top: 10px;\n\t\t\t\t\ttext-align: center;\n\t\t\t\t\twidth: 25%;\n\t\t\t\t}\n\t\t\t\t#gallery-1 img {\n\t\t\t\t\tborder: 2px solid #cfcfcf;\n\t\t\t\t}\n\t\t\t\t#gallery-1 .gallery-caption {\n\t\t\t\t\tmargin-left: 0;\n\t\t\t\t}\n\t\t\t\t\/* see gallery_shortcode() in wp-includes\/media.php *\/\n\t\t\t<\/style>\n\t\t<div id='gallery-1' class='dt-gallery-container gallery galleryid-332300 gallery-columns-4 gallery-size-thumbnail'><dl class='gallery-item'>\n\t\t\t\t<dt class='gallery-icon portrait'>\n\t\t\t\t\t<a class=\"rollover rollover-zoom dt-pswp-item\" title=\"08f06c62-9a93-48db-b5af-43e594327585\" data-dt-img-description=\"\" data-large_image_width=\"960\" data-large_image_height=\"1280\"href='https:\/\/www.radiopiu.net\/wordpress\/wp-content\/uploads\/2023\/04\/08f06c62-9a93-48db-b5af-43e594327585.jpg'><img loading=\"lazy\" decoding=\"async\" width=\"150\" height=\"150\" src=\"https:\/\/www.radiopiu.net\/wordpress\/wp-content\/uploads\/2023\/04\/08f06c62-9a93-48db-b5af-43e594327585-150x150.jpg\" class=\"attachment-thumbnail size-thumbnail\" alt=\"\" \/><\/a>\n\t\t\t\t<\/dt><\/dl><dl class='gallery-item'>\n\t\t\t\t<dt class='gallery-icon portrait'>\n\t\t\t\t\t<a class=\"rollover rollover-zoom dt-pswp-item\" title=\"a5e7e3e1-4eb0-4032-a657-b77592cb1217\" data-dt-img-description=\"\" data-large_image_width=\"960\" data-large_image_height=\"1280\"href='https:\/\/www.radiopiu.net\/wordpress\/wp-content\/uploads\/2023\/04\/a5e7e3e1-4eb0-4032-a657-b77592cb1217.jpg'><img loading=\"lazy\" decoding=\"async\" width=\"150\" height=\"150\" src=\"https:\/\/www.radiopiu.net\/wordpress\/wp-content\/uploads\/2023\/04\/a5e7e3e1-4eb0-4032-a657-b77592cb1217-150x150.jpg\" class=\"attachment-thumbnail size-thumbnail\" alt=\"\" \/><\/a>\n\t\t\t\t<\/dt><\/dl><dl class='gallery-item'>\n\t\t\t\t<dt class='gallery-icon landscape'>\n\t\t\t\t\t<a class=\"rollover rollover-zoom dt-pswp-item\" title=\"cbe20c87-689d-4ce6-97d7-5ef810210e65\" data-dt-img-description=\"\" data-large_image_width=\"1280\" data-large_image_height=\"960\"href='https:\/\/www.radiopiu.net\/wordpress\/wp-content\/uploads\/2023\/04\/cbe20c87-689d-4ce6-97d7-5ef810210e65.jpg'><img loading=\"lazy\" decoding=\"async\" width=\"150\" height=\"150\" src=\"https:\/\/www.radiopiu.net\/wordpress\/wp-content\/uploads\/2023\/04\/cbe20c87-689d-4ce6-97d7-5ef810210e65-150x150.jpg\" class=\"attachment-thumbnail size-thumbnail\" alt=\"\" \/><\/a>\n\t\t\t\t<\/dt><\/dl><dl class='gallery-item'>\n\t\t\t\t<dt class='gallery-icon landscape'>\n\t\t\t\t\t<a class=\"rollover rollover-zoom dt-pswp-item\" title=\"997c55ad-0fad-4db9-acf4-3ef28cc2ba32\" data-dt-img-description=\"\" data-large_image_width=\"1280\" data-large_image_height=\"960\"href='https:\/\/www.radiopiu.net\/wordpress\/wp-content\/uploads\/2023\/04\/997c55ad-0fad-4db9-acf4-3ef28cc2ba32.jpg'><img loading=\"lazy\" decoding=\"async\" width=\"150\" height=\"150\" src=\"https:\/\/www.radiopiu.net\/wordpress\/wp-content\/uploads\/2023\/04\/997c55ad-0fad-4db9-acf4-3ef28cc2ba32-150x150.jpg\" class=\"attachment-thumbnail size-thumbnail\" alt=\"\" \/><\/a>\n\t\t\t\t<\/dt><\/dl><br style=\"clear: both\" \/>\n\t\t\t<\/div>\n\n<p>&nbsp;<\/p>\n<hr \/>\n<p>&nbsp;<\/p>\n<p>&nbsp;<\/p>\n<blockquote>\n<h3>SASSI SULL&#8217;AUTO DEL CARABINIERE,\u00a0 SI VA A PROCESSO<\/h3>\n<\/blockquote>\n<p><strong><a class=\"dt-pswp-item\" href=\"https:\/\/www.radiopiu.net\/wordpress\/wp-content\/uploads\/2023\/04\/th-3.jpg\" data-dt-img-description=\"\" data-large_image_width=\"474\" data-large_image_height=\"355\"><img loading=\"lazy\" decoding=\"async\" class=\"wp-image-332435 alignleft\" src=\"https:\/\/www.radiopiu.net\/wordpress\/wp-content\/uploads\/2023\/04\/th-3-300x225.jpg\" alt=\"\" width=\"145\" height=\"109\" srcset=\"https:\/\/www.radiopiu.net\/wordpress\/wp-content\/uploads\/2023\/04\/th-3-300x225.jpg 300w, https:\/\/www.radiopiu.net\/wordpress\/wp-content\/uploads\/2023\/04\/th-3.jpg 474w\" sizes=\"auto, (max-width: 145px) 100vw, 145px\" \/><\/a>ALLEGHE<\/strong> Il 48enne di Rocca Pietore dovr\u00e0 affrontare il processo per danneggiamento aggravato dopo aver presentato opposizione alla sanzione come da decreto penale. Nel giugno del 2021 aveva lanciato le pietre contro l&#8217;auto\u00a0 di un Carabiniere in servizio a Caprile. Processo aggiornato al 16 ottobre.<\/p>\n<p>&nbsp;<\/p>\n<p>&nbsp;<\/p>\n<hr \/>\n<p>&nbsp;<\/p>\n<blockquote>\n<h3>ESPLOSIONE DELLA PALAZZINA A FELTRE: IL PUNTO DELLA SITUAZIONE<\/h3>\n<\/blockquote>\n<p><strong><a class=\"dt-pswp-item\" href=\"https:\/\/www.radiopiu.net\/wordpress\/wp-content\/uploads\/2023\/04\/Senza-nome-44.jpg\" data-dt-img-description=\"\" data-large_image_width=\"856\" data-large_image_height=\"486\"><img loading=\"lazy\" decoding=\"async\" class=\" wp-image-331899 alignleft\" src=\"https:\/\/www.radiopiu.net\/wordpress\/wp-content\/uploads\/2023\/04\/Senza-nome-44-300x170.jpg\" alt=\"\" width=\"205\" height=\"116\" srcset=\"https:\/\/www.radiopiu.net\/wordpress\/wp-content\/uploads\/2023\/04\/Senza-nome-44-300x170.jpg 300w, https:\/\/www.radiopiu.net\/wordpress\/wp-content\/uploads\/2023\/04\/Senza-nome-44-768x436.jpg 768w, https:\/\/www.radiopiu.net\/wordpress\/wp-content\/uploads\/2023\/04\/Senza-nome-44.jpg 856w\" sizes=\"auto, (max-width: 205px) 100vw, 205px\" \/><\/a>FELTRE<\/strong><\/p>\n<p>di Moreno Gioli<\/p>\n<audio class=\"wp-audio-shortcode\" id=\"audio-332300-1\" preload=\"none\" style=\"width: 100%;\" controls=\"controls\"><source type=\"audio\/mpeg\" src=\"https:\/\/www.radiopiu.net\/wordpress\/wp-content\/uploads\/2023\/04\/resconto-esplosione-feltre.mp3?_=1\" \/><a href=\"https:\/\/www.radiopiu.net\/wordpress\/wp-content\/uploads\/2023\/04\/resconto-esplosione-feltre.mp3\">https:\/\/www.radiopiu.net\/wordpress\/wp-content\/uploads\/2023\/04\/resconto-esplosione-feltre.mp3<\/a><\/audio>\n<p>&nbsp;<\/p>\n<hr \/>\n<p>&nbsp;<\/p>\n<blockquote>\n<h3>ESPLOSIONE DI FELTRE, CONTO CORRENTE SOLIDALE PER GLI SFOLLATI<\/h3>\n<\/blockquote>\n<p><strong><a class=\"dt-pswp-item\" href=\"https:\/\/www.radiopiu.net\/wordpress\/wp-content\/uploads\/2023\/04\/b41228ea-2f3e-4501-abc9-f76dd18b2636.jpg\" data-dt-img-description=\"\" data-large_image_width=\"1203\" data-large_image_height=\"1600\"><img loading=\"lazy\" decoding=\"async\" class=\"wp-image-331538 alignleft\" src=\"https:\/\/www.radiopiu.net\/wordpress\/wp-content\/uploads\/2023\/04\/b41228ea-2f3e-4501-abc9-f76dd18b2636-226x300.jpg\" alt=\"\" width=\"118\" height=\"157\" srcset=\"https:\/\/www.radiopiu.net\/wordpress\/wp-content\/uploads\/2023\/04\/b41228ea-2f3e-4501-abc9-f76dd18b2636-226x300.jpg 226w, https:\/\/www.radiopiu.net\/wordpress\/wp-content\/uploads\/2023\/04\/b41228ea-2f3e-4501-abc9-f76dd18b2636-770x1024.jpg 770w, https:\/\/www.radiopiu.net\/wordpress\/wp-content\/uploads\/2023\/04\/b41228ea-2f3e-4501-abc9-f76dd18b2636-768x1021.jpg 768w, https:\/\/www.radiopiu.net\/wordpress\/wp-content\/uploads\/2023\/04\/b41228ea-2f3e-4501-abc9-f76dd18b2636-1155x1536.jpg 1155w, https:\/\/www.radiopiu.net\/wordpress\/wp-content\/uploads\/2023\/04\/b41228ea-2f3e-4501-abc9-f76dd18b2636.jpg 1203w\" sizes=\"auto, (max-width: 118px) 100vw, 118px\" \/><\/a>FELTRE\u00a0<\/strong> L\u2019Amministrazione comunale ha attivato un conto corrente per la raccolta di fondi a favore delle persone che hanno dovuto abbandonare la propria abitazione a seguito dell\u2019esplosione che ha gravemente danneggiato alcuni appartamenti nel complesso residenziale a Farra, nella notte tra venerd\u00ec e sabato scorsi. Conto corrente intestato a Azienda Feltrina per i Servizi alla Persona Presso Banca Prealpi SanBiagio \u2013 Filiale di Feltre<strong> IBAN: IT30O0890461110026000000771<\/strong> causale: EMERGENZA ABITATIVA FARRA<\/p>\n<p>&nbsp;<\/p>\n<p>&nbsp;<\/p>\n<p>&nbsp;<\/p>\n<hr \/>\n<p>&nbsp;<\/p>\n<blockquote>\n<h3>OGGI LO SCIOPERO DEL PERSONALE INAIL<\/h3>\n<\/blockquote>\n<p><strong><a class=\"dt-pswp-item\" href=\"https:\/\/www.radiopiu.net\/wordpress\/wp-content\/uploads\/2023\/04\/INAIL.png\" data-dt-img-description=\"\" data-large_image_width=\"1200\" data-large_image_height=\"630\"><img loading=\"lazy\" decoding=\"async\" class=\" wp-image-332365 alignleft\" src=\"https:\/\/www.radiopiu.net\/wordpress\/wp-content\/uploads\/2023\/04\/INAIL-300x158.png\" alt=\"\" width=\"201\" height=\"106\" srcset=\"https:\/\/www.radiopiu.net\/wordpress\/wp-content\/uploads\/2023\/04\/INAIL-300x158.png 300w, https:\/\/www.radiopiu.net\/wordpress\/wp-content\/uploads\/2023\/04\/INAIL-1024x538.png 1024w, https:\/\/www.radiopiu.net\/wordpress\/wp-content\/uploads\/2023\/04\/INAIL-768x403.png 768w, https:\/\/www.radiopiu.net\/wordpress\/wp-content\/uploads\/2023\/04\/INAIL.png 1200w\" sizes=\"auto, (max-width: 201px) 100vw, 201px\" \/><\/a>BELLUNO <\/strong>Il personale della Sede INAIL di Belluno aderisce allo sciopero nazionale di tre ore indetto unitariamente dalle rappresentanze sindacali.<\/p>\n<p>Per quanto riguarda Belluno, su un organico che prevede 25 unit\u00e0 ne sono al lavoro 18. La situazione \u00e8 aggravata dall\u2019et\u00e0 media dei lavoratori, che porter\u00e0 a numerosi pensionamenti a partire dai prossimi 4\/5 anni.<\/p>\n<p>&nbsp;<\/p>\n<hr \/>\n<p>&nbsp;<\/p>\n<blockquote>\n<h3><strong>COMUNIT\u00c0 ENERGETICHE RINNOVABILI <\/strong>\u00ab<strong>SISTEMI DI SOSTENIBILIT\u00c0 E DI COMUNIONE<\/strong>\u00bb<\/h3>\n<\/blockquote>\n<p>\u201cSostenibilit\u00e0\u201d e \u201ccomunione\u201d: questi i due termini ribaditi pi\u00f9 volte durante l\u2019incontro a Palazzo Bianco a Feltre ha radunato decine di interessati al tema delle Comunit\u00e0 Energetiche Rinnovabili; ad organizzare l\u2019evento, con il patrocinio del Comune di Feltre, dell\u2019Unione Montana Feltrina e di Confindustria Belluno Dolomiti, il Lions Club Feltre Host e il Leo Club Feltre.<\/p>\n<p><strong>Emiliano Oddone &#8211; Presidente Lions Club Feltre Host &#8211; Comunit\u00e0 Energetiche Rinnovabili<\/strong><\/p>\n<div style=\"width: 1200px;\" class=\"wp-video\"><video class=\"wp-video-shortcode\" id=\"video-332300-1\" width=\"1200\" height=\"675\" preload=\"metadata\" controls=\"controls\"><source type=\"video\/mp4\" src=\"https:\/\/www.radiopiu.net\/wordpress\/wp-content\/uploads\/2023\/04\/Emiliano-Oddone-Presidente-Lions-Club-Feltre-Host-Comunita-Energetiche-Rinnovabili.mp4?_=1\" \/><a href=\"https:\/\/www.radiopiu.net\/wordpress\/wp-content\/uploads\/2023\/04\/Emiliano-Oddone-Presidente-Lions-Club-Feltre-Host-Comunita-Energetiche-Rinnovabili.mp4\">https:\/\/www.radiopiu.net\/wordpress\/wp-content\/uploads\/2023\/04\/Emiliano-Oddone-Presidente-Lions-Club-Feltre-Host-Comunita-Energetiche-Rinnovabili.mp4<\/a><\/video><\/div>\n<p>&nbsp;<\/p>\n<p>&nbsp;<\/p>\n<hr \/>\n<p>&nbsp;<\/p>\n<blockquote>\n<h3>PROTEZIONE CIVILE DEL VENETO, ECCELLENZA NAZIONALE<\/h3>\n<\/blockquote>\n<p>Ieri\u00a0 a Marghera incontro dell&#8217;assessore regionale Gianpaolo Bottacin con le Province del Veneto per lo sviluppo del sistema di Protezione Civile del Veneto gi\u00e0 considerato una eccellenza nazionale <a class=\"dt-pswp-item\" href=\"https:\/\/www.radiopiu.net\/wordpress\/wp-content\/uploads\/2023\/04\/4725c4d7-1f89-46a1-9c77-a5f1165a8d4b.jpg\" data-dt-img-description=\"\" data-large_image_width=\"1600\" data-large_image_height=\"872\"><img loading=\"lazy\" decoding=\"async\" class=\"size-medium wp-image-332458 aligncenter\" src=\"https:\/\/www.radiopiu.net\/wordpress\/wp-content\/uploads\/2023\/04\/4725c4d7-1f89-46a1-9c77-a5f1165a8d4b-300x164.jpg\" alt=\"\" width=\"300\" height=\"164\" srcset=\"https:\/\/www.radiopiu.net\/wordpress\/wp-content\/uploads\/2023\/04\/4725c4d7-1f89-46a1-9c77-a5f1165a8d4b-300x164.jpg 300w, https:\/\/www.radiopiu.net\/wordpress\/wp-content\/uploads\/2023\/04\/4725c4d7-1f89-46a1-9c77-a5f1165a8d4b-1024x558.jpg 1024w, https:\/\/www.radiopiu.net\/wordpress\/wp-content\/uploads\/2023\/04\/4725c4d7-1f89-46a1-9c77-a5f1165a8d4b-768x419.jpg 768w, https:\/\/www.radiopiu.net\/wordpress\/wp-content\/uploads\/2023\/04\/4725c4d7-1f89-46a1-9c77-a5f1165a8d4b-1536x837.jpg 1536w, https:\/\/www.radiopiu.net\/wordpress\/wp-content\/uploads\/2023\/04\/4725c4d7-1f89-46a1-9c77-a5f1165a8d4b.jpg 1600w\" sizes=\"auto, (max-width: 300px) 100vw, 300px\" \/><\/a><\/p>\n<p>&nbsp;<\/p>\n<hr \/>\n<p>&nbsp;<\/p>\n<p>&nbsp;<\/p>\n<h3>UN INIZIO ANNO POSITIVO PER ESSILORLUXOTTICA. FATTURATO IN CRESCITA DEL 9,7% RISPETTO AL 2022<\/h3>\n<p><strong><a class=\"dt-pswp-item\" href=\"https:\/\/www.radiopiu.net\/wordpress\/wp-content\/uploads\/2022\/02\/EL_Logotype_black.png\" data-dt-img-description=\"\" data-large_image_width=\"4831\" data-large_image_height=\"525\"><img loading=\"lazy\" decoding=\"async\" class=\" wp-image-257725 alignleft\" src=\"https:\/\/www.radiopiu.net\/wordpress\/wp-content\/uploads\/2022\/02\/EL_Logotype_black-300x33.png\" alt=\"\" width=\"209\" height=\"23\" srcset=\"https:\/\/www.radiopiu.net\/wordpress\/wp-content\/uploads\/2022\/02\/EL_Logotype_black-300x33.png 300w, https:\/\/www.radiopiu.net\/wordpress\/wp-content\/uploads\/2022\/02\/EL_Logotype_black-1024x111.png 1024w, https:\/\/www.radiopiu.net\/wordpress\/wp-content\/uploads\/2022\/02\/EL_Logotype_black-768x83.png 768w, https:\/\/www.radiopiu.net\/wordpress\/wp-content\/uploads\/2022\/02\/EL_Logotype_black-1536x167.png 1536w, https:\/\/www.radiopiu.net\/wordpress\/wp-content\/uploads\/2022\/02\/EL_Logotype_black-2048x223.png 2048w\" sizes=\"auto, (max-width: 209px) 100vw, 209px\" \/><\/a>CHARENTON-LE-PONT (FRANCIA) <\/strong>EssilorLuxottica annuncia che i ricavi consolidati del primo trimestre 2023 sono stati pari 6.151 milioni di Euro, con un aumento dell&#8217;8,6% . Francesco Milleri, Presidente e Amministratore Delegato e Paul du Saillant, Vice Amministratore Delegato di EssilorLuxottica hanno dichiarato: \u201cSiamo felici di iniziare l&#8217;anno con un altro trimestre molto positivo grazie al contributo di tutte le aree geografiche e di tutti i canali. Ci\u00f2 che ci rende pi\u00f9 orgogliosi non \u00e8 tanto il risultato quanto il modo in cui l\u2019abbiamo raggiunto&#8221;.\u00a0 I mercati in via di sviluppo, AsiaPacifico e America Latina, sono cresciuti pi\u00f9 velocemente dei mercati maturi del Nord America. Con riferimento ai brand, i principali marchi di lenti e Shamir hanno prodotto ottimi risultati, mentre il lusso \u00e8 stata ancora la categoria migliore per quanto riguarda le montature.<\/p>\n<p>&nbsp;<\/p>\n<hr \/>\n<p>&nbsp;<\/p>\n<blockquote>\n<h3>TORNA LA FLESSIBILITA&#8217; NELLO STABILIMENTO LUXOTTICA DI AGORDO<\/h3>\n<\/blockquote>\n<p><strong><a class=\"dt-pswp-item\" href=\"https:\/\/www.radiopiu.net\/wordpress\/wp-content\/uploads\/2022\/06\/LUXOTTICA-12.jpg\" data-dt-img-description=\"\" data-large_image_width=\"800\" data-large_image_height=\"600\"><img loading=\"lazy\" decoding=\"async\" class=\" wp-image-284019 alignleft\" src=\"https:\/\/www.radiopiu.net\/wordpress\/wp-content\/uploads\/2022\/06\/LUXOTTICA-12-300x225.jpg\" alt=\"\" width=\"219\" height=\"164\" srcset=\"https:\/\/www.radiopiu.net\/wordpress\/wp-content\/uploads\/2022\/06\/LUXOTTICA-12-300x225.jpg 300w, https:\/\/www.radiopiu.net\/wordpress\/wp-content\/uploads\/2022\/06\/LUXOTTICA-12-768x576.jpg 768w, https:\/\/www.radiopiu.net\/wordpress\/wp-content\/uploads\/2022\/06\/LUXOTTICA-12.jpg 800w\" sizes=\"auto, (max-width: 219px) 100vw, 219px\" \/><\/a>AGORDO<\/strong> E&#8217; stato firmato nelle ultime ore un accordo tra RSU e azienda per un piano di flessibilit\u00e0 positiva per lo stabilimento Luxottica di Agordo. Tutto i reparti saranno interessati dai sabati lavorativi e saranno chiamate al lavoro le maestranze solo per il turno mattina, quindi nessun doppio turno di lavoro. In totale gli operai saranno chiamati a lavorare due sabati di maggio. Le date da segnare sul calendario sono 6, 13, 20 e 27 maggio. Stamperia Metallo, Magazzino, Saldatura, Trattamenti Superficiali, Taglio Lenti, Stamperia Iniettato, Nastratura e Finitura iniettato sono i reparti che saranno aperti nei quattro sabati indicati. Finitura Metallo e confezionamento a giornata saranno le due aree chiamate al lavoro nella sola giornata del 20 maggio. Confezionamento a turni 20 e 27 maggio.<\/p>\n<p>&nbsp;<\/p>\n<p>&nbsp;<\/p>\n<hr \/>\n<p>&nbsp;<\/p>\n<blockquote>\n<h3>GLI STUDENTI BELLUNESI IMPRENDITORI PER \u201cGIOCO\u201d<\/h3>\n<\/blockquote>\n<p><em>Ai gruppi premiati sono stati distribuiti buoni spesa tra i 50 e i 150 euro.<\/em><\/p>\n<p><a class=\"dt-pswp-item\" href=\"https:\/\/www.radiopiu.net\/wordpress\/wp-content\/uploads\/2023\/04\/Marco_DaRinZanco.jpg\" data-dt-img-description=\"\" data-large_image_width=\"1134\" data-large_image_height=\"2016\"><img loading=\"lazy\" decoding=\"async\" class=\"size-medium wp-image-332356 alignleft\" src=\"https:\/\/www.radiopiu.net\/wordpress\/wp-content\/uploads\/2023\/04\/Marco_DaRinZanco-169x300.jpg\" alt=\"\" width=\"169\" height=\"300\" srcset=\"https:\/\/www.radiopiu.net\/wordpress\/wp-content\/uploads\/2023\/04\/Marco_DaRinZanco-169x300.jpg 169w, https:\/\/www.radiopiu.net\/wordpress\/wp-content\/uploads\/2023\/04\/Marco_DaRinZanco-576x1024.jpg 576w, https:\/\/www.radiopiu.net\/wordpress\/wp-content\/uploads\/2023\/04\/Marco_DaRinZanco-768x1365.jpg 768w, https:\/\/www.radiopiu.net\/wordpress\/wp-content\/uploads\/2023\/04\/Marco_DaRinZanco-864x1536.jpg 864w, https:\/\/www.radiopiu.net\/wordpress\/wp-content\/uploads\/2023\/04\/Marco_DaRinZanco.jpg 1134w\" sizes=\"auto, (max-width: 169px) 100vw, 169px\" \/><\/a> Per il terzo anno consecutivo\u00a0 il Gruppo Giovani di Confindustria Belluno Dolomiti \u2013\u00a0 ha coinvolto gli Istituti della provincia nel \u201cBusiness Game\u201d per lo sviluppo della cultura d\u2019impresa e dell\u2019imprenditorialit\u00e0, gi\u00e0 utilizzato nelle scuole pi\u00f9 prestigiose a livello mondiale.<\/p>\n<p><em>\u201cVisto il successo delle passate edizioni, abbiamo deciso di riproporre l&#8217;iniziativa: dopo due anni di pandemia, finalmente siamo riusciti a incontrarci anche fisicamente\u201d, <\/em>spiega Marco Da Rin Zanco (foto), presidente dei giovani imprenditori bellunesi<\/p>\n<p>I 58 partecipanti \u2013 provenienti dalle classi terze e quarte\u00a0 dell&#8217;Istituto Segato-Brustolon, Calvi, Licei Renier i e Feltre-Colotti &#8211; sono stati catapultati nel 2040 e calati nei panni di imprenditori nel mercato dei jetpack (gli zaini-razzo a propulsione che permetterebbero alle persone di volare). A vincere il \u201cgame\u201d \u00e8 stato il \u201cTeam Project X\u201d formato da Francesco Da Rin, Nicolas Aresu, Sebastiano Angelo Triches e Simone Bortoluzzi della 4AIA dell\u2019IIS Segato Brustolon. Medaglia d&#8217;argento per il \u201cTeam Skylink\u201d di Filippo Zambelli Soppal\u00f9, Ignjat Pekmezovic, Lorenzo Sandri e Nicholas Da Pos della 4AIA dell\u2019IIS Segato Brustolon Al terzo posto si sono classificati il \u201cTeam AIRE\u201d formato da Giulia Tormen, Maddalena Dal Pan, Miriana Casagrande e Youssif Eissa della 4AES di Licei Renier e il \u201cTeam Eagle Wings\u201d formato da Andrea Bez, Andrea Frezzato, Esteban Rey Bacchin, Mihai Alexandru Hulub della 4AIA dell\u2019IIS Segato Brustolon<\/p>\n<p>&nbsp;<\/p>\n<p>&nbsp;<\/p>\n<hr \/>\n<blockquote>\n<h3>MOBILITA&#8217; SUI PASSI PURCHE&#8217; NON OBIETTIVI CONDIVISI<\/h3>\n<\/blockquote>\n<p><em>&#8220;fascia oraria di chiusura? Sposta il problema creandone\u00a0 di ulteriori&#8221;.<\/em><\/p>\n<p><strong><a class=\"dt-pswp-item\" href=\"https:\/\/www.radiopiu.net\/wordpress\/wp-content\/uploads\/2020\/12\/1dda3fc6-5ab9-4c12-8fa5-f850511631b3.jpg\" data-dt-img-description=\"\" data-large_image_width=\"240\" data-large_image_height=\"320\"><img loading=\"lazy\" decoding=\"async\" class=\" wp-image-177768 alignleft\" src=\"https:\/\/www.radiopiu.net\/wordpress\/wp-content\/uploads\/2020\/12\/1dda3fc6-5ab9-4c12-8fa5-f850511631b3-225x300.jpg\" alt=\"\" width=\"185\" height=\"247\" srcset=\"https:\/\/www.radiopiu.net\/wordpress\/wp-content\/uploads\/2020\/12\/1dda3fc6-5ab9-4c12-8fa5-f850511631b3-225x300.jpg 225w, https:\/\/www.radiopiu.net\/wordpress\/wp-content\/uploads\/2020\/12\/1dda3fc6-5ab9-4c12-8fa5-f850511631b3.jpg 240w\" sizes=\"auto, (max-width: 185px) 100vw, 185px\" \/><\/a>BELLUNO<\/strong> <em>&#8220;Ragionare di mobilit\u00e0 sui passi con obiettivi condivisi e programmazione a lungo termine&#8221; .<\/em> Cos\u00ec Paolo Doglioni, presidente di Confcommercio Belluno, commenta le anticipazioni sull&#8217;ipotesi di chiusura giornaliera della viabilit\u00e0 estiva di alcuni passi dalle 10 alle 12.<em> &#8220;Non abbiamo ricevuto alcun tipo di coinvolgimento o documentazione per poter giudicare pi\u00f9 approfonditamente la proposta&#8221;<\/em> conclude Doglioni. \u00a0Walter De Cassan presidente di Federalberghi Belluno Dolomiti si dichiara favorevole a ragionamenti in materia purch\u00e9 calati su preventive azioni di infrastrutturazione dei paesi di valle e dei passi stess. <em>&#8220;Le imprese che investono sul territorio, creano, danno lavoro e vivono di flussi turistici \u201cstanziali\u201d e \u201cmordi e fuggi\u201d, rischierebbero di essere duramente colpiti senza che tutto ci\u00f2 si traduca <\/em><em>in un reale beneficio ambientale&#8221;<\/em> conclude De Cassan<\/p>\n<blockquote>\n<h3><em style=\"font-size: 14px; font-weight: normal;\">&#8220;fascia oraria di chiusura? Sposta il problema creandone\u00a0 di ulteriori&#8221;.<\/em><\/h3>\n<\/blockquote>\n<div class=\"artCat mn\">\n<div><span style=\"color: #ff0000;\"><strong>dal sito Il Dolomiti, 18 aprile 2023<\/strong><\/span><\/div>\n<\/div>\n<div class=\"artTitle\">\n<blockquote>\n<h3>&#8220;No al traffico sulle Dolomiti, aprire i passi a fasce orarie&#8221;. Dal Cai all&#8217;albergatore Michil Costa, il comitato scientifico: &#8220;Basta rifugi fast food e inquinamento&#8221;<\/h3>\n<\/blockquote>\n<\/div>\n<div class=\"artSub\">\n<div class=\"field field-name-field-sottotitolo field-type-text-long field-label-hidden clearfix\">\n<p>Il comitato scientifico del progetto\u00a0&#8220;Car is over&#8221; ha elaborato una proposta di regolamentazione del passaggio di veicoli\u00a0sui passi intorno al gruppo Sella per l&#8217;estate 2023: &#8220;Due ore di chiusura al traffico,\u00a0tutti i giorni dalle 10 alle 12. I passi coinvolti? Per ora\u00a0Gardena, Pordoi, Sella, Campolongo.\u00a0Il futuro non \u00e8 nello sfruttamento esasperato del territorio&#8221;<\/p>\n<\/div>\n<\/div>\n<p><span style=\"color: #0000ff;\"><strong><a style=\"color: #0000ff;\" href=\"https:\/\/www.ildolomiti.it\/ambiente\/2023\/no-al-traffico-sulle-dolomiti-aprire-i-passi-a-fasce-orarie-dal-cai-allalbergatore-michil-costa-il-comitato-scientifico-basta-rifugi-fast-food-e-inquinamento\">clicca qui\u00a0<\/a><\/strong><\/span><\/p>\n<p>&nbsp;<\/p>\n<hr \/>\n<p>&nbsp;<\/p>\n<blockquote>\n<h3>LE ORME IN CONCERTO AD ANZU&#8217; DI FELTRE<\/h3>\n<\/blockquote>\n<p><strong><a class=\"dt-pswp-item\" href=\"https:\/\/www.radiopiu.net\/wordpress\/wp-content\/uploads\/2023\/04\/21aec439-c41c-42f0-bee4-286116396c6d.jpg\" data-dt-img-description=\"\" data-large_image_width=\"1920\" data-large_image_height=\"1080\"><img loading=\"lazy\" decoding=\"async\" class=\" wp-image-332387 alignleft\" src=\"https:\/\/www.radiopiu.net\/wordpress\/wp-content\/uploads\/2023\/04\/21aec439-c41c-42f0-bee4-286116396c6d-300x169.jpg\" alt=\"\" width=\"201\" height=\"113\" srcset=\"https:\/\/www.radiopiu.net\/wordpress\/wp-content\/uploads\/2023\/04\/21aec439-c41c-42f0-bee4-286116396c6d-300x169.jpg 300w, https:\/\/www.radiopiu.net\/wordpress\/wp-content\/uploads\/2023\/04\/21aec439-c41c-42f0-bee4-286116396c6d-1024x576.jpg 1024w, https:\/\/www.radiopiu.net\/wordpress\/wp-content\/uploads\/2023\/04\/21aec439-c41c-42f0-bee4-286116396c6d-768x432.jpg 768w, https:\/\/www.radiopiu.net\/wordpress\/wp-content\/uploads\/2023\/04\/21aec439-c41c-42f0-bee4-286116396c6d-1536x864.jpg 1536w, https:\/\/www.radiopiu.net\/wordpress\/wp-content\/uploads\/2023\/04\/21aec439-c41c-42f0-bee4-286116396c6d.jpg 1920w\" sizes=\"auto, (max-width: 201px) 100vw, 201px\" \/><\/a>FELTRE<\/strong> Sar\u00e0 un grande evento quello in programma venerd\u00ec 12 maggio ad Anz\u00f9 di Feltre. Sul palco della Sagra di San Vittore arrivano Le Orme assieme a Tony Pagliuca e Tolo Marton, la storia della musica a Feltre. Sar\u00e0 l&#8217;occasione per festeggiare il cinquantesimo compleanno del disco &#8220;Felona e Sorona&#8221;. I biglietti sono in vendita su liveticket.it. Ne abbiamo parlato con gli organizzatori dell&#8217;evento. Il presidente di Feltre Eventi Giulio Zallot e il vicepresidente Ivan Zatta.<\/p>\n<p><em>NELLA FOTO da sinistra: Cinzia Lovat, Ivan Zatta, Giulio Zallot, Maurizio Zatta., Miki dei Rossi (Orme) e Tony Pagliuca<\/em><\/p>\n<p><strong>L&#8217;INTERVISTA<\/strong><\/p>\n<audio class=\"wp-audio-shortcode\" id=\"audio-332300-2\" preload=\"none\" style=\"width: 100%;\" controls=\"controls\"><source type=\"audio\/mpeg\" src=\"https:\/\/www.radiopiu.net\/wordpress\/wp-content\/uploads\/2023\/04\/CONCERTO-LE-ORME.mp3?_=2\" \/><a href=\"https:\/\/www.radiopiu.net\/wordpress\/wp-content\/uploads\/2023\/04\/CONCERTO-LE-ORME.mp3\">https:\/\/www.radiopiu.net\/wordpress\/wp-content\/uploads\/2023\/04\/CONCERTO-LE-ORME.mp3<\/a><\/audio>\n<p>&nbsp;<\/p>\n<p>&nbsp;<\/p>\n<p>&nbsp;<\/p>\n<hr \/>\n<p>&nbsp;<\/p>\n<blockquote>\n<h3>GIRO D&#8217;ITALIA 2023: PRESENTATE LE INIZIATIVE COLLATERALI ALLE TAPPE BELLUNESI<\/h3>\n<\/blockquote>\n<p><strong><a class=\"dt-pswp-item\" href=\"https:\/\/www.radiopiu.net\/wordpress\/wp-content\/uploads\/2023\/04\/IMG_9635.jpg\" data-dt-img-description=\"\" data-large_image_width=\"2016\" data-large_image_height=\"1512\"><img loading=\"lazy\" decoding=\"async\" class=\" wp-image-332397 alignleft\" src=\"https:\/\/www.radiopiu.net\/wordpress\/wp-content\/uploads\/2023\/04\/IMG_9635-300x225.jpg\" alt=\"\" width=\"185\" height=\"139\" srcset=\"https:\/\/www.radiopiu.net\/wordpress\/wp-content\/uploads\/2023\/04\/IMG_9635-300x225.jpg 300w, https:\/\/www.radiopiu.net\/wordpress\/wp-content\/uploads\/2023\/04\/IMG_9635-1024x768.jpg 1024w, https:\/\/www.radiopiu.net\/wordpress\/wp-content\/uploads\/2023\/04\/IMG_9635-768x576.jpg 768w, https:\/\/www.radiopiu.net\/wordpress\/wp-content\/uploads\/2023\/04\/IMG_9635-1536x1152.jpg 1536w, https:\/\/www.radiopiu.net\/wordpress\/wp-content\/uploads\/2023\/04\/IMG_9635.jpg 2016w\" sizes=\"auto, (max-width: 185px) 100vw, 185px\" \/><\/a>BELLUNO<\/strong><span class=\"gmail-Apple-converted-space\">\u00a0<\/span>L\u2019arrivo di tappa della Oderzo-Palafavera (25 maggio) ha gi\u00e0 inserito in calendario diverse iniziative. A partire dalla notte rosa la sera precedente (il 24 maggio) a Pecol. A Palafavera il giorno della tappa ci saranno i gelatieri a proporre il gelato come una volta, mentre il gruppo folk locale si esibir\u00e0 in danze e spettacoli. Il Gruppo Pedale Opitergino, insieme alle sezioni Cai di Zoldo e Oderzo organizzer\u00e0 una pedalata sullo stesso tracciato che verr\u00e0 percorso dai ciclisti.<span class=\"gmail-Apple-converted-space\"> A<\/span>\u00a0Longarone Fiere si terranno le iniziative di Confindustria e Confartigianato organizzate ad hoc per il Giro.<span class=\"gmail-Apple-converted-space\"> \u00a0<\/span> Auronzo comincer\u00e0 l\u2019avvicinamento al Giro gi\u00e0 sabato prossimo (22 aprile) con l\u2019apertura della mostra fotografica \u201cThe best of cycling\u201d. A fine aprile \u00e8 prevista una serata con Beppe Conti, giornalista esperto di ciclismo. Poi la notte rosa, in programma per il 25 maggio, avr\u00e0 un ospite d\u2019eccezione:\u00a0 Vincenzo Nibali.<\/p>\n<p>&nbsp;<\/p>\n<p>&nbsp;<\/p>\n<hr \/>\n<p>&nbsp;<\/p>\n<blockquote>\n<h3>GIUSEPPE FRANCO NUOVO DIRETTORE DI VENETO STRADE<\/h3>\n<\/blockquote>\n<p><strong> <a class=\"dt-pswp-item\" href=\"https:\/\/www.radiopiu.net\/wordpress\/wp-content\/uploads\/2023\/04\/giuseppe-franco.jpg\" data-dt-img-description=\"\" data-large_image_width=\"384\" data-large_image_height=\"384\"><img loading=\"lazy\" decoding=\"async\" class=\"wp-image-332357 alignleft\" src=\"https:\/\/www.radiopiu.net\/wordpress\/wp-content\/uploads\/2023\/04\/giuseppe-franco-300x300.jpg\" alt=\"\" width=\"119\" height=\"119\" srcset=\"https:\/\/www.radiopiu.net\/wordpress\/wp-content\/uploads\/2023\/04\/giuseppe-franco-300x300.jpg 300w, https:\/\/www.radiopiu.net\/wordpress\/wp-content\/uploads\/2023\/04\/giuseppe-franco-150x150.jpg 150w, https:\/\/www.radiopiu.net\/wordpress\/wp-content\/uploads\/2023\/04\/giuseppe-franco.jpg 384w\" sizes=\"auto, (max-width: 119px) 100vw, 119px\" \/><\/a>VENEZIA<\/strong> \u00a0Giuseppe Franco,\u00a0 da ieri \u00e8 il nuovo direttore generale di Veneto Strade. Un ruolo che il dottor Franco ha gi\u00e0 ricoperto in passato, dal 2002 al 2019.\u00a0 nell\u2019azienda che gestisce oltre 1.900 chilometri di rete stradale.<\/p>\n<p><em>\u201cLa rete stradale \u00e8 un patrimonio rilevante in un territorio come il Veneto caratterizzato da un\u2019industrializzazione diffusa: la viabilit\u00e0 ha un ruolo strategico \u2013 dice\u00a0 il Presidente Luca Zaia &#8211; sono certo che il dottor Franco sapr\u00e0 ricoprire al meglio anche il nuovo ruolo\u201d.<\/em><\/p>\n<p>&nbsp;<\/p>\n<hr \/>\n<p>&nbsp;<\/p>\n<blockquote>\n<h3>L\u2019OBBLIGO DEL CERTIFICATO MEDICO PER LA DETENZIONE DI ARMI<\/h3>\n<\/blockquote>\n<p><strong><a class=\"dt-pswp-item\" href=\"https:\/\/www.radiopiu.net\/wordpress\/wp-content\/uploads\/2020\/09\/pistola.jpg\" data-dt-img-description=\"\" data-large_image_width=\"626\" data-large_image_height=\"417\"><img loading=\"lazy\" decoding=\"async\" class=\" wp-image-161372 alignleft\" src=\"https:\/\/www.radiopiu.net\/wordpress\/wp-content\/uploads\/2020\/09\/pistola-300x200.jpg\" alt=\"\" width=\"158\" height=\"105\" srcset=\"https:\/\/www.radiopiu.net\/wordpress\/wp-content\/uploads\/2020\/09\/pistola-300x200.jpg 300w, https:\/\/www.radiopiu.net\/wordpress\/wp-content\/uploads\/2020\/09\/pistola.jpg 626w\" sizes=\"auto, (max-width: 158px) 100vw, 158px\" \/><\/a>BELLUNO Nuovo decreto, t<\/strong>ra le novit\u00e0 pi\u00f9 significative l\u2019obbligo \u00a0di presentare ogni cinque anni un certificato medico attestante i prescritti requisiti per coloro che \u00a0detengono armi, anche in collezione. La certificazione medica deve essere presentata all\u2019ufficio locale di pubblica sicurezza. L\u2019obbligo non si applica: Ai detentori titolari di licenza di porto d\u2019armi in corso di validit\u00e0.<\/p>\n<p>&nbsp;<\/p>\n<hr \/>\n<p>&nbsp;<\/p>\n<blockquote>\n<h3 style=\"text-align: left;\">CINQUANT&#8217;ANNI FA LA SCOMPARSA DI LUIGINO DUCAPA<\/h3>\n<blockquote><p><span id=\"page29R_mcid4\" class=\"markedContent\"><em><span dir=\"ltr\" role=\"presentation\">sempre vivo il ricordo di un amico\u00a0<\/span>\u00a0<span dir=\"ltr\" role=\"presentation\">che non c<\/span><span dir=\"ltr\" role=\"presentation\">\u2019\u00e8 pi\u00f9.<\/span><\/em><\/span><\/p><\/blockquote>\n<p><span class=\"markedContent\"><span dir=\"ltr\" role=\"presentation\"><strong>SAN GREGORIO NELLE ALPI<\/strong>\u00a0Da oggi si ricorda oggi il\u00a0 \u00a0<\/span><\/span><span id=\"page3R_mcid2\" class=\"markedContent\"><span dir=\"ltr\" role=\"presentation\">5<\/span><span dir=\"ltr\" role=\"presentation\">0\u00b0 Anniversario della scomparsa del V.V.A. Luigino Ducapa. Oggi alle 9 al campo sportivo \u201cRischio incendi boschivi\u201d, i vigili del fuoco con i bambini delle elementari. Domani la passeggiata notturna, domenica alle 11 la messa a Ere Basse. Da oggi al 25 aprile, nel pomeriggio la mostra dei vigili del fuoco.<\/span><\/span><\/p><\/blockquote>\n<p><span id=\"page3R_mcid6\" class=\"markedContent\"><span dir=\"ltr\" role=\"presentation\"><img decoding=\"async\" src=\"https:\/\/www.radiopiu.net\/wordpress\/wp-content\/uploads\/2023\/04\/Senza-nome-2.png\" \/><\/span><\/span><\/p>\n<p><span id=\"page3R_mcid6\" class=\"markedContent\"><span dir=\"ltr\" role=\"presentation\"><strong>SAN GREGORIO<\/strong> Il vigile volontario ausiliario DUCAPA LUIGINO nato a Belluno il 25 agosto 1952, <\/span><span dir=\"ltr\" role=\"presentation\">figlio di DUCAPA Bruno e di SOGNE Eli<\/span><span dir=\"ltr\" role=\"presentation\">sa, entra a far parte del Corpo nazi<\/span><span dir=\"ltr\" role=\"presentation\">onale dei <\/span><span dir=\"ltr\" role=\"presentation\">Vigili del fuoco<\/span> <span dir=\"ltr\" role=\"presentation\">con arruolamento a<\/span> <span dir=\"ltr\" role=\"presentation\">domanda con<\/span> <span dir=\"ltr\" role=\"presentation\">ferma di mesi 18 in data 6 luglio <\/span><span dir=\"ltr\" role=\"presentation\">1972.<\/span><\/span><span id=\"page3R_mcid14\" class=\"markedContent\"><span dir=\"ltr\" role=\"presentation\"> I<\/span><\/span><span id=\"page3R_mcid16\" class=\"markedContent\"><span dir=\"ltr\" role=\"presentation\">l 23 aprile 1973<\/span> <span dir=\"ltr\" role=\"presentation\">giorno di<\/span> <span dir=\"ltr\" role=\"presentation\">Pasquetta<\/span><span dir=\"ltr\" role=\"presentation\">, i<\/span><span dir=\"ltr\" role=\"presentation\">ntervento dei vigili del fuoco per un<\/span> <span dir=\"ltr\" role=\"presentation\">incendio boschivo nei <\/span><span dir=\"ltr\" role=\"presentation\">pressi delle Ere<\/span>\u00a0<span dir=\"ltr\" role=\"presentation\">Basse. P<\/span><\/span><span id=\"page29R_mcid0\" class=\"markedContent\"><span dir=\"ltr\" role=\"presentation\">er meglio affrontare l\u2019evento il Luigino si port\u00f2 in alto, <\/span><span dir=\"ltr\" role=\"presentation\">scivol\u00f2 e <\/span><span dir=\"ltr\" role=\"presentation\">\u00a0<\/span><span dir=\"ltr\" role=\"presentation\">precipit\u00f2 nel dirupo con l<\/span><span dir=\"ltr\" role=\"presentation\">a trag<\/span><span dir=\"ltr\" role=\"presentation\">ica conseguenza.\u00a0<\/span><\/span><\/p>\n<p>&nbsp;<\/p>\n<hr \/>\n<p>&nbsp;<\/p>\n<blockquote>\n<h3>BONUS TRASPORTI 2023, RIATTIVATA LA PIATTAFORMA MINISTERIALE<\/h3>\n<\/blockquote>\n<p><strong>BELLUNO <\/strong>Da luned\u00ec 17 aprile, \u00e8 stata riattivata la piattaforma del Ministero del Lavoro e delle Politiche Sociali per la richiesta del Bonus trasporti per l\u2019anno 2023. Dal 19 aprile, con procedura invariata rispetto allo scorso anno, \u00e8 possibile utilizzare il Bonus per l\u2019acquisto di abbonamenti nelle biglietterie Dolomiti Bus di Agordo, Belluno, Calalzo di Cadore, Feltre e Fly Bus (Cortina Express) di Cortina, oppure sulla piattaforma on-line TplWeb<\/p>\n<p>&nbsp;<\/p>\n<p>&nbsp;<\/p>\n<hr \/>\n<p>&nbsp;<\/p>\n<blockquote>\n<h3>DONAZIONI, INIZIATIVE E ATTIVITA&#8217; DI PROMOZIONE<strong style=\"font-size: 14px;\">\u00a0<\/strong><\/h3>\n<\/blockquote>\n<p><strong>AGORDO<\/strong>\u00a0 Al 31 dicembre i donatori attivi della sezione erano 188 e, a fronte di 24 volontari che nell&#8217;anno hanno lasciato in maniera definitiva, sono state 15 le nuove adesioni. In totale i prelievi sia di sangue che di plasma sono stati 280. Su tali cifre ha inciso ancora in parte il periodo della pandemia. Molte le iniziative portate a termine nel 2022<\/p>\n<p>&nbsp;<\/p>\n<p>di GIANNI SANTOMASO<\/p>\n<audio class=\"wp-audio-shortcode\" id=\"audio-332300-3\" preload=\"none\" style=\"width: 100%;\" controls=\"controls\"><source type=\"audio\/mpeg\" src=\"https:\/\/www.radiopiu.net\/wordpress\/wp-content\/uploads\/2023\/04\/donatori-gianni.mp3?_=3\" \/><a href=\"https:\/\/www.radiopiu.net\/wordpress\/wp-content\/uploads\/2023\/04\/donatori-gianni.mp3\">https:\/\/www.radiopiu.net\/wordpress\/wp-content\/uploads\/2023\/04\/donatori-gianni.mp3<\/a><\/audio>\n<p>&nbsp;<\/p>\n<p><a class=\"dt-pswp-item\" href=\"https:\/\/www.radiopiu.net\/wordpress\/wp-content\/uploads\/2023\/04\/Senza-nome-63.jpg\" data-dt-img-description=\"\" data-large_image_width=\"556\" data-large_image_height=\"288\"><img loading=\"lazy\" decoding=\"async\" class=\"size-medium wp-image-332441 aligncenter\" src=\"https:\/\/www.radiopiu.net\/wordpress\/wp-content\/uploads\/2023\/04\/Senza-nome-63-300x155.jpg\" alt=\"\" width=\"300\" height=\"155\" srcset=\"https:\/\/www.radiopiu.net\/wordpress\/wp-content\/uploads\/2023\/04\/Senza-nome-63-300x155.jpg 300w, https:\/\/www.radiopiu.net\/wordpress\/wp-content\/uploads\/2023\/04\/Senza-nome-63.jpg 556w\" sizes=\"auto, (max-width: 300px) 100vw, 300px\" \/><\/a><\/p>\n<p>&nbsp;<\/p>\n<p>&nbsp;<\/p>\n<hr \/>\n<p>&nbsp;<\/p>\n<p><span style=\"color: #ff0000;\"><strong>IERI ALLA RADIO\u00a0<\/strong><\/span><\/p>\n<p><strong>SPI CGIL BELLUNO DALLE MANIFESTAZIONE A &#8220;QUESTA E&#8217; LA NOSTRA STORIA&#8221;<\/strong><\/p>\n<p><strong><a class=\"dt-pswp-item\" href=\"https:\/\/www.radiopiu.net\/wordpress\/wp-content\/uploads\/2023\/04\/file-150x150-1.jpg\" data-dt-img-description=\"\" data-large_image_width=\"150\" data-large_image_height=\"150\"><img loading=\"lazy\" decoding=\"async\" class=\"size-full wp-image-332343 alignleft\" src=\"https:\/\/www.radiopiu.net\/wordpress\/wp-content\/uploads\/2023\/04\/file-150x150-1.jpg\" alt=\"\" width=\"150\" height=\"150\" \/><\/a>REDAZIONE<\/strong> Appuntamento quindicinale con Maria Rita Gentilin dello Spi Cgil Belluno. La manifestazione di Vicenza a difesa della sanit\u00e0, il prossimo appuntamento in piazza a Milano. Il bonus buon energia, contributo imporante e isee tarato sui 15mila euro, l&#8217;appuntamento di sabato ad Agordo con la presentazione del libro in sala della Biblioteca<\/p>\n<p><strong>di Mirko Mezzacasa<\/strong><\/p>\n<audio class=\"wp-audio-shortcode\" id=\"audio-332300-4\" preload=\"none\" style=\"width: 100%;\" controls=\"controls\"><source type=\"audio\/mpeg\" src=\"https:\/\/www.radiopiu.net\/wordpress\/wp-content\/uploads\/2023\/04\/MARIA-RITA-GENTILINA-APRILE-2023-G.mp3?_=4\" \/><a href=\"https:\/\/www.radiopiu.net\/wordpress\/wp-content\/uploads\/2023\/04\/MARIA-RITA-GENTILINA-APRILE-2023-G.mp3\">https:\/\/www.radiopiu.net\/wordpress\/wp-content\/uploads\/2023\/04\/MARIA-RITA-GENTILINA-APRILE-2023-G.mp3<\/a><\/audio>\n<p>&nbsp;<\/p>\n<hr \/>\n<p>&nbsp;<\/p>\n<blockquote>\n<h3>LA FESTA DELLA LIBERAZIONE A SOSPIROLO<\/h3>\n<\/blockquote>\n<p><strong><a class=\"dt-pswp-item\" href=\"https:\/\/www.radiopiu.net\/wordpress\/wp-content\/uploads\/2023\/04\/th-2.jpg\" data-dt-img-description=\"\" data-large_image_width=\"474\" data-large_image_height=\"316\"><img loading=\"lazy\" decoding=\"async\" class=\"wp-image-332431 alignleft\" src=\"https:\/\/www.radiopiu.net\/wordpress\/wp-content\/uploads\/2023\/04\/th-2-300x200.jpg\" alt=\"\" width=\"194\" height=\"129\" srcset=\"https:\/\/www.radiopiu.net\/wordpress\/wp-content\/uploads\/2023\/04\/th-2-300x200.jpg 300w, https:\/\/www.radiopiu.net\/wordpress\/wp-content\/uploads\/2023\/04\/th-2.jpg 474w\" sizes=\"auto, (max-width: 194px) 100vw, 194px\" \/><\/a>SOSPIROLO<\/strong><\/p>\n<p>di Roberto Bona<\/p>\n<audio class=\"wp-audio-shortcode\" id=\"audio-332300-5\" preload=\"none\" style=\"width: 100%;\" controls=\"controls\"><source type=\"audio\/mpeg\" src=\"https:\/\/www.radiopiu.net\/wordpress\/wp-content\/uploads\/2023\/04\/BONA-LIBERAZIONE-SOSPIROLO.mp3?_=5\" \/><a href=\"https:\/\/www.radiopiu.net\/wordpress\/wp-content\/uploads\/2023\/04\/BONA-LIBERAZIONE-SOSPIROLO.mp3\">https:\/\/www.radiopiu.net\/wordpress\/wp-content\/uploads\/2023\/04\/BONA-LIBERAZIONE-SOSPIROLO.mp3<\/a><\/audio>\n<p>&nbsp;<\/p>\n<hr \/>\n<p>&nbsp;<\/p>\n<blockquote>\n<h3><strong><a class=\"dt-pswp-item\" href=\"https:\/\/www.radiopiu.net\/wordpress\/wp-content\/uploads\/2023\/04\/Senza-nome-32.jpg\" data-dt-img-description=\"\" data-large_image_width=\"266\" data-large_image_height=\"235\"><img loading=\"lazy\" decoding=\"async\" class=\" wp-image-331454 alignleft\" src=\"https:\/\/www.radiopiu.net\/wordpress\/wp-content\/uploads\/2023\/04\/Senza-nome-32.jpg\" alt=\"\" width=\"141\" height=\"125\" \/><\/a><\/strong>BOSCHI RESILIENTI, QUALI INTERVENTI PER LA LOTTA AL BOSTRICO?<\/h3>\n<\/blockquote>\n<p><strong>di Gianni Santomaso<\/strong><\/p>\n<audio class=\"wp-audio-shortcode\" id=\"audio-332300-6\" preload=\"none\" style=\"width: 100%;\" controls=\"controls\"><source type=\"audio\/mpeg\" src=\"https:\/\/www.radiopiu.net\/wordpress\/wp-content\/uploads\/2023\/04\/GIANNI-INCONTRO-BOSTRICO-A-CANALE.mp3?_=6\" \/><a href=\"https:\/\/www.radiopiu.net\/wordpress\/wp-content\/uploads\/2023\/04\/GIANNI-INCONTRO-BOSTRICO-A-CANALE.mp3\">https:\/\/www.radiopiu.net\/wordpress\/wp-content\/uploads\/2023\/04\/GIANNI-INCONTRO-BOSTRICO-A-CANALE.mp3<\/a><\/audio>\n<p><strong>\u00a0<\/strong><\/p>\n<p><strong><a class=\"dt-pswp-item\" href=\"https:\/\/www.radiopiu.net\/wordpress\/wp-content\/uploads\/2021\/10\/BOSTRICO.jpg\" data-dt-img-description=\"\" data-large_image_width=\"2048\" data-large_image_height=\"1536\"><img loading=\"lazy\" decoding=\"async\" class=\"wp-image-239763 alignleft\" src=\"https:\/\/www.radiopiu.net\/wordpress\/wp-content\/uploads\/2021\/10\/BOSTRICO-300x225.jpg\" alt=\"\" width=\"173\" height=\"130\" srcset=\"https:\/\/www.radiopiu.net\/wordpress\/wp-content\/uploads\/2021\/10\/BOSTRICO-300x225.jpg 300w, https:\/\/www.radiopiu.net\/wordpress\/wp-content\/uploads\/2021\/10\/BOSTRICO-1024x768.jpg 1024w, https:\/\/www.radiopiu.net\/wordpress\/wp-content\/uploads\/2021\/10\/BOSTRICO-768x576.jpg 768w, https:\/\/www.radiopiu.net\/wordpress\/wp-content\/uploads\/2021\/10\/BOSTRICO-1536x1152.jpg 1536w, https:\/\/www.radiopiu.net\/wordpress\/wp-content\/uploads\/2021\/10\/BOSTRICO.jpg 2048w\" sizes=\"auto, (max-width: 173px) 100vw, 173px\" \/><\/a>CANALE D&#8217;AGORDO<\/strong> Quali interventi umani per la lotta al bostrico? Domande alle quali risponderanno gli esperti,\u00a0 questa sera nella sala Ex Emigranti di Canale\u00a0 alle 20.30. Interverranno Orazio Andrich assestatore forestale per il Comune di Canale e Andrea Battisti dell&#8217;Universit\u00e0 di Padova.<br \/>\n<strong>L&#8217;INTERVISTA ALLA RADIO<\/strong><\/p>\n<p><strong>di Mirko Mezzacasa<\/strong><\/p>\n<audio class=\"wp-audio-shortcode\" id=\"audio-332300-7\" preload=\"none\" style=\"width: 100%;\" controls=\"controls\"><source type=\"audio\/mpeg\" src=\"https:\/\/www.radiopiu.net\/wordpress\/wp-content\/uploads\/2023\/04\/BOSTRICO-CANALE-VENERDI-1.mp3?_=7\" \/><a href=\"https:\/\/www.radiopiu.net\/wordpress\/wp-content\/uploads\/2023\/04\/BOSTRICO-CANALE-VENERDI-1.mp3\">https:\/\/www.radiopiu.net\/wordpress\/wp-content\/uploads\/2023\/04\/BOSTRICO-CANALE-VENERDI-1.mp3<\/a><\/audio>\n<p>&nbsp;<\/p>\n<hr \/>\n<p>&nbsp;<\/p>\n<p>&nbsp;<\/p>\n<p>&nbsp;<\/p>\n<blockquote>\n<h3>OSSA NEL PARCO NAZIONALE DELLE DOLOMITI BELLUNESI<\/h3>\n<\/blockquote>\n<p><strong>SEDICO<\/strong> Zona la Stanga, dove passa il lupo non crescono i cuccioli.<\/p>\n\n\t\t\t<style type='text\/css'>\n\t\t\t\t#gallery-2 {\n\t\t\t\t\tmargin: auto;\n\t\t\t\t}\n\t\t\t\t#gallery-2 .gallery-item {\n\t\t\t\t\tfloat: left;\n\t\t\t\t\tmargin-top: 10px;\n\t\t\t\t\ttext-align: center;\n\t\t\t\t\twidth: 50%;\n\t\t\t\t}\n\t\t\t\t#gallery-2 img {\n\t\t\t\t\tborder: 2px solid #cfcfcf;\n\t\t\t\t}\n\t\t\t\t#gallery-2 .gallery-caption {\n\t\t\t\t\tmargin-left: 0;\n\t\t\t\t}\n\t\t\t\t\/* see gallery_shortcode() in wp-includes\/media.php *\/\n\t\t\t<\/style>\n\t\t<div id='gallery-2' class='dt-gallery-container gallery galleryid-332300 gallery-columns-2 gallery-size-medium'><dl class='gallery-item'>\n\t\t\t\t<dt class='gallery-icon portrait'>\n\t\t\t\t\t<a class=\"rollover\" href='https:\/\/www.radiopiu.net\/wordpress\/giornale-radiopiu-21-aprile-2023-direttore-mirko-mezzacasa-verso-i-40-anni-25-giugno-1983-25-giugno-2023\/209b344a-4f6d-48b5-b41d-0c10bfe021d0\/'><img loading=\"lazy\" decoding=\"async\" width=\"225\" height=\"300\" src=\"https:\/\/www.radiopiu.net\/wordpress\/wp-content\/uploads\/2023\/04\/209b344a-4f6d-48b5-b41d-0c10bfe021d0-225x300.jpg\" class=\"attachment-medium size-medium\" alt=\"\" srcset=\"https:\/\/www.radiopiu.net\/wordpress\/wp-content\/uploads\/2023\/04\/209b344a-4f6d-48b5-b41d-0c10bfe021d0-225x300.jpg 225w, https:\/\/www.radiopiu.net\/wordpress\/wp-content\/uploads\/2023\/04\/209b344a-4f6d-48b5-b41d-0c10bfe021d0-768x1023.jpg 768w, https:\/\/www.radiopiu.net\/wordpress\/wp-content\/uploads\/2023\/04\/209b344a-4f6d-48b5-b41d-0c10bfe021d0-1153x1536.jpg 1153w, https:\/\/www.radiopiu.net\/wordpress\/wp-content\/uploads\/2023\/04\/209b344a-4f6d-48b5-b41d-0c10bfe021d0.jpg 1200w\" sizes=\"auto, (max-width: 225px) 100vw, 225px\" \/><\/a>\n\t\t\t\t<\/dt><\/dl><dl class='gallery-item'>\n\t\t\t\t<dt class='gallery-icon portrait'>\n\t\t\t\t\t<a class=\"rollover\" href='https:\/\/www.radiopiu.net\/wordpress\/giornale-radiopiu-21-aprile-2023-direttore-mirko-mezzacasa-verso-i-40-anni-25-giugno-1983-25-giugno-2023\/b5e29d35-d35b-4fb9-8e95-7bf67eaa80a8\/'><img loading=\"lazy\" decoding=\"async\" width=\"225\" height=\"300\" src=\"https:\/\/www.radiopiu.net\/wordpress\/wp-content\/uploads\/2023\/04\/b5e29d35-d35b-4fb9-8e95-7bf67eaa80a8-225x300.jpg\" class=\"attachment-medium size-medium\" alt=\"\" srcset=\"https:\/\/www.radiopiu.net\/wordpress\/wp-content\/uploads\/2023\/04\/b5e29d35-d35b-4fb9-8e95-7bf67eaa80a8-225x300.jpg 225w, https:\/\/www.radiopiu.net\/wordpress\/wp-content\/uploads\/2023\/04\/b5e29d35-d35b-4fb9-8e95-7bf67eaa80a8-768x1023.jpg 768w, https:\/\/www.radiopiu.net\/wordpress\/wp-content\/uploads\/2023\/04\/b5e29d35-d35b-4fb9-8e95-7bf67eaa80a8-1153x1536.jpg 1153w, https:\/\/www.radiopiu.net\/wordpress\/wp-content\/uploads\/2023\/04\/b5e29d35-d35b-4fb9-8e95-7bf67eaa80a8.jpg 1200w\" sizes=\"auto, (max-width: 225px) 100vw, 225px\" \/><\/a>\n\t\t\t\t<\/dt><\/dl><br style=\"clear: both\" \/>\n\t\t\t<\/div>\n\n<p>&nbsp;<\/p>\n<p>&nbsp;<\/p>\n<p>&nbsp;<\/p>\n<p>&nbsp;<\/p>\n<hr \/>\n<p>&nbsp;<\/p>\n<blockquote>\n<h3 class=\"entry-title\">L\u2019IMPEGNO PER LA FIBROSI CISTICA, SULLA STRADA DI BICE<\/h3>\n<\/blockquote>\n<p><strong>REDAZIONE <\/strong>Chi ha conosciuto ed appoggiato le idee di Bice Gallo oggi si sta impegnando perch\u00e9 il suo sforzo decennale abbia un seguito. A guidare l\u2019associazione oggi \u00e8 Stefano Dal Paos che ha gi\u00e0 messo in calendario i primi eventi per la raccolta primaverile<span id=\"page3R_mcid0\" class=\"markedContent\"><span dir=\"ltr\" role=\"presentation\">\u00a0in occasione della festa della mamma. Il fiore scelto per questa campagna \u00e8 la dipladenia. Cos\u00ec verr\u00e0 distribuita:\u00a0\u00a0<\/span><\/span><span id=\"page3R_mcid2\" class=\"markedContent\"><span dir=\"ltr\" role=\"presentation\"><strong>SABATO 6<\/strong>\u00a0maggio a\u00a0<\/span><\/span><span id=\"page3R_mcid3\" class=\"markedContent\"><span dir=\"ltr\" role=\"presentation\">Santo Stefano di Cadore, Dosoledo, Agordo, Caviola, Falcade, Castion in Piazza I\u00b0\u00a0<\/span><span dir=\"ltr\" role=\"presentation\">Maggio (Alpini), Puos d<\/span><span dir=\"ltr\" role=\"presentation\">\u2019<\/span><span dir=\"ltr\" role=\"presentation\">Alpago Piazza P. Luciani.\u00a0<\/span><\/span><span id=\"page3R_mcid5\" class=\"markedContent\"><span dir=\"ltr\" role=\"presentation\"><strong>DOMENICA 7 Maggio<\/strong>\u00a0<\/span><\/span><span id=\"page3R_mcid6\" class=\"markedContent\"><span dir=\"ltr\" role=\"presentation\">Parrocchie De Pol (Rivamonte, Tiser, Gosaldo, Frassen\u00e8 e Voltago)\u00a0<\/span><\/span><span id=\"page3R_mcid8\" class=\"markedContent\"><span dir=\"ltr\" role=\"presentation\"><strong>Durante<\/strong>\u00a0la settimana ci sar\u00e0 la recapito porta a posta della<\/span>\u00a0<span dir=\"ltr\" role=\"presentation\">\u201c<\/span><span dir=\"ltr\" role=\"presentation\">dipladenia<\/span><span dir=\"ltr\" role=\"presentation\">\u201d<\/span>\u00a0<span dir=\"ltr\" role=\"presentation\">a Farra\u00a0<\/span><span dir=\"ltr\" role=\"presentation\">d<\/span><span dir=\"ltr\" role=\"presentation\">\u2019<\/span><span dir=\"ltr\" role=\"presentation\">Alpago e Zopp\u00e8 di Cadore\u00a0<\/span><\/span><\/p>\n<p>&nbsp;<\/p>\n<p>&nbsp;<\/p>\n<hr \/>\n<p>&nbsp;<\/p>\n<blockquote>\n<h3>IL PUNTO DI SAN TOMASO<\/h3>\n<\/blockquote>\n<p><strong>SAN TOMASO<\/strong> Tolto il solito &#8220;lettura ed approvazione verbali seduta precedente&#8221;, ci sar\u00e0 un unico punto in discussione al consiglio comunale che il sindaco Moreno De Val ha calendarizzato per marcoledi alle 20. Il punto:\u00a0 approvazione rendiconto della gestione per l&#8217;esercizio 2022.<\/p>\n<p>&nbsp;<\/p>\n<p>&nbsp;<\/p>\n<hr \/>\n<p>&nbsp;<\/p>\n<blockquote>\n<h3>CONSIGLIO COMUNALE MATTUTINO AD AGORDO<\/h3>\n<\/blockquote>\n<p><strong>AGORDO<\/strong> E&#8217; stato convocato per gioved\u00ec mattina alle 8 il consiglio comunale di Agordo. Il sindaco Roberto Chissal\u00e8 ha chiamato a rapporto i consiglieri comunali per trattare 9 punti. Si inizier\u00e0 con la surroga del consigliere dimissionario Federica Zasso con l&#8217;ingresso di Gessica Brancaleone al suo posto. Si parler\u00e0 anche dell&#8217;approvazione del bilancio di ASCA, l&#8217;approvazione del rendiconto della gestione per il 2022, una variazione al DUP, la designazione del nuovo capogruppo della lista &#8220;Per Agordo&#8221;, l&#8217;elezione del rappresentate comunale per l&#8217;Unione Montana Agordina. Inoltre verr\u00e0 discusso un piano di interventi a parcheggi e viabilit\u00e0 a Parech e il recesso del comne di Agordo come socio della Casa di Soggiorno di Taibon.<\/p>\n<p>&nbsp;<\/p>\n<p>&nbsp;<\/p>\n<hr \/>\n<p>&nbsp;<\/p>\n<blockquote>\n<h3>L&#8217;ASSEMBLEA ANNUALE AUSER &#8220;EL BROI&#8221;<\/h3>\n<\/blockquote>\n<p><strong>AGORDO<\/strong> Sabato 29 aprile alle 15:30 \u00e8 convocata l&#8217;assemblea annuale dei soci Auser &#8220;El Broi&#8221; nella sala Don Tamis di Agordo. Si discuter\u00e0 della proposta di aumentare il numero dei componenti del consiglio direttivo, la votazione dei nuovi componenti, la relazione del presidente, il bilancio sociale, l&#8217;aprovazione del bilancio consuntivo 2022 e di previsione 2023. Seguir\u00e0 un momento conviviale nella sede del circolo.<\/p>\n<p>&nbsp;<\/p>\n<p>&nbsp;<\/p>\n<hr \/>\n<p>&nbsp;<\/p>\n<blockquote>\n<h2><span style=\"color: #99cc00;\">DA DEDICHE E RICHIESTE&#8230;<\/span><\/h2>\n<h3>WILLIAM DA ROIT E L&#8217;ULTRAMARATONA DI VENEZIA<\/h3>\n<\/blockquote>\n<p><strong><a class=\"dt-pswp-item\" href=\"https:\/\/www.radiopiu.net\/wordpress\/wp-content\/uploads\/2018\/06\/WhatsApp-Image-2018-06-19-at-05.42.14.jpeg\" data-dt-img-description=\"\" data-large_image_width=\"1280\" data-large_image_height=\"960\"><img loading=\"lazy\" decoding=\"async\" class=\" wp-image-51215 alignleft\" src=\"https:\/\/www.radiopiu.net\/wordpress\/wp-content\/uploads\/2018\/06\/WhatsApp-Image-2018-06-19-at-05.42.14-300x225.jpeg\" alt=\"\" width=\"117\" height=\"88\" srcset=\"https:\/\/www.radiopiu.net\/wordpress\/wp-content\/uploads\/2018\/06\/WhatsApp-Image-2018-06-19-at-05.42.14-300x225.jpeg 300w, https:\/\/www.radiopiu.net\/wordpress\/wp-content\/uploads\/2018\/06\/WhatsApp-Image-2018-06-19-at-05.42.14-768x576.jpeg 768w, https:\/\/www.radiopiu.net\/wordpress\/wp-content\/uploads\/2018\/06\/WhatsApp-Image-2018-06-19-at-05.42.14-1024x768.jpeg 1024w, https:\/\/www.radiopiu.net\/wordpress\/wp-content\/uploads\/2018\/06\/WhatsApp-Image-2018-06-19-at-05.42.14.jpeg 1280w\" sizes=\"auto, (max-width: 117px) 100vw, 117px\" \/><\/a>REDAZIONE<\/strong> E&#8217; stato il migliore dei bellunesi in gara all&#8217;ultima UltraMaratona di Venezia. Stiamo parlando di William Da Roit, il panettiere di La Valle. Tra le tante curiosit\u00e0 abbiamo chiesto come fanno gli atleti a fare i propri bisogni in gara. Un segreto svelato in parte&#8230;<\/p>\n<p><strong>WILLIAM DA ROIT<\/strong><\/p>\n<audio class=\"wp-audio-shortcode\" id=\"audio-332300-8\" preload=\"none\" style=\"width: 100%;\" controls=\"controls\"><source type=\"audio\/mpeg\" src=\"https:\/\/www.radiopiu.net\/wordpress\/wp-content\/uploads\/2023\/04\/DEDICHE-WILLIAM.mp3?_=8\" \/><a href=\"https:\/\/www.radiopiu.net\/wordpress\/wp-content\/uploads\/2023\/04\/DEDICHE-WILLIAM.mp3\">https:\/\/www.radiopiu.net\/wordpress\/wp-content\/uploads\/2023\/04\/DEDICHE-WILLIAM.mp3<\/a><\/audio>\n<p>&nbsp;<\/p>\n<p>&nbsp;<\/p>\n<hr \/>\n<blockquote>\n<h2><span style=\"color: #99cc00;\">DA DEDICHE E RICHIESTE&#8230;<\/span><\/h2>\n<h3>MARCO DAL FARRA E IL PROSSIMO CONCERTO<\/h3>\n<\/blockquote>\n<p><strong><a class=\"dt-pswp-item\" href=\"https:\/\/www.radiopiu.net\/wordpress\/wp-content\/uploads\/2022\/03\/MARCO-DAL-FARRA-FOTO.jpg\" data-dt-img-description=\"\" data-large_image_width=\"924\" data-large_image_height=\"924\"><img loading=\"lazy\" decoding=\"async\" class=\" wp-image-264941 alignleft\" src=\"https:\/\/www.radiopiu.net\/wordpress\/wp-content\/uploads\/2022\/03\/MARCO-DAL-FARRA-FOTO-300x300.jpg\" alt=\"\" width=\"100\" height=\"100\" srcset=\"https:\/\/www.radiopiu.net\/wordpress\/wp-content\/uploads\/2022\/03\/MARCO-DAL-FARRA-FOTO-300x300.jpg 300w, https:\/\/www.radiopiu.net\/wordpress\/wp-content\/uploads\/2022\/03\/MARCO-DAL-FARRA-FOTO-150x150.jpg 150w, https:\/\/www.radiopiu.net\/wordpress\/wp-content\/uploads\/2022\/03\/MARCO-DAL-FARRA-FOTO-768x768.jpg 768w, https:\/\/www.radiopiu.net\/wordpress\/wp-content\/uploads\/2022\/03\/MARCO-DAL-FARRA-FOTO.jpg 924w\" sizes=\"auto, (max-width: 100px) 100vw, 100px\" \/><\/a>REDAZIONE<\/strong> Ospite di Dediche e Richieste anche Marco dal Farra che ha annunciato il prossimo concerto. Ma non solo&#8230;nell&#8217;occasione del live in programma il 6 maggio verr\u00e0 presentato anche il nuovo singolo che per ora \u00e8 un segreto.<\/p>\n<p>&nbsp;<\/p>\n<p><strong>MARCO DAL FARRA<\/strong><\/p>\n<audio class=\"wp-audio-shortcode\" id=\"audio-332300-9\" preload=\"none\" style=\"width: 100%;\" controls=\"controls\"><source type=\"audio\/mpeg\" src=\"https:\/\/www.radiopiu.net\/wordpress\/wp-content\/uploads\/2023\/04\/DEDICHE-DAL-FARRA.mp3?_=9\" \/><a href=\"https:\/\/www.radiopiu.net\/wordpress\/wp-content\/uploads\/2023\/04\/DEDICHE-DAL-FARRA.mp3\">https:\/\/www.radiopiu.net\/wordpress\/wp-content\/uploads\/2023\/04\/DEDICHE-DAL-FARRA.mp3<\/a><\/audio>\n<p>&nbsp;<\/p>\n<p>&nbsp;<\/p>\n<hr \/>\n<blockquote>\n<h2><span style=\"color: #99cc00;\">DA DEDICHE E RICHIESTE&#8230;<\/span><\/h2>\n<h3>STEFANO ORSINGHER E LA SUA ESPERIENZA IN RADIO<\/h3>\n<\/blockquote>\n<p><strong><a class=\"dt-pswp-item\" href=\"https:\/\/www.radiopiu.net\/wordpress\/wp-content\/uploads\/2023\/04\/STEFANO-ORSINGHER.jpg\" data-dt-img-description=\"\" data-large_image_width=\"330\" data-large_image_height=\"330\"><img loading=\"lazy\" decoding=\"async\" class=\" wp-image-332289 alignleft\" src=\"https:\/\/www.radiopiu.net\/wordpress\/wp-content\/uploads\/2023\/04\/STEFANO-ORSINGHER-300x300.jpg\" alt=\"\" width=\"114\" height=\"114\" srcset=\"https:\/\/www.radiopiu.net\/wordpress\/wp-content\/uploads\/2023\/04\/STEFANO-ORSINGHER-300x300.jpg 300w, https:\/\/www.radiopiu.net\/wordpress\/wp-content\/uploads\/2023\/04\/STEFANO-ORSINGHER-150x150.jpg 150w, https:\/\/www.radiopiu.net\/wordpress\/wp-content\/uploads\/2023\/04\/STEFANO-ORSINGHER.jpg 330w\" sizes=\"auto, (max-width: 114px) 100vw, 114px\" \/><\/a>REDAZIONE<\/strong> Tra le voci che hanno accompagnato gli ascoltatori di Radio Pi\u00f9 nei suoi 40 anni di vita anche quella di Stefano Orsingher. Dalle prime esperienze con una radio &#8220;pirata&#8221;, passando per Radio Alleghe e poi Radio Pi\u00f9. La sua grande passione l&#8217;hockey su ghiaccio ma anche le moto&#8230;.<\/p>\n<p><strong>STEFANO ORSINGHER<\/strong><\/p>\n<audio class=\"wp-audio-shortcode\" id=\"audio-332300-10\" preload=\"none\" style=\"width: 100%;\" controls=\"controls\"><source type=\"audio\/mpeg\" src=\"https:\/\/www.radiopiu.net\/wordpress\/wp-content\/uploads\/2023\/04\/DEDICHE-ORSINGHER.mp3?_=10\" \/><a href=\"https:\/\/www.radiopiu.net\/wordpress\/wp-content\/uploads\/2023\/04\/DEDICHE-ORSINGHER.mp3\">https:\/\/www.radiopiu.net\/wordpress\/wp-content\/uploads\/2023\/04\/DEDICHE-ORSINGHER.mp3<\/a><\/audio>\n<p>&nbsp;<\/p>\n<p>&nbsp;<\/p>\n<hr \/>\n<p>&nbsp;<\/p>\n<p>&nbsp;<\/p>\n<blockquote>\n<h3>PULIAMO IL TERRITORIO IN RIVA LA LAGO<\/h3>\n<\/blockquote>\n<p><strong>DI GIANNI SANTOMASO<\/strong><\/p>\n<audio class=\"wp-audio-shortcode\" id=\"audio-332300-11\" preload=\"none\" style=\"width: 100%;\" controls=\"controls\"><source type=\"audio\/mpeg\" src=\"https:\/\/www.radiopiu.net\/wordpress\/wp-content\/uploads\/2023\/04\/GIANNI-UNA-GIORNATA-ECOLOGICA-CON-ALPINI-E-COMUNE-DI-ALLEGHE.mp3?_=11\" \/><a href=\"https:\/\/www.radiopiu.net\/wordpress\/wp-content\/uploads\/2023\/04\/GIANNI-UNA-GIORNATA-ECOLOGICA-CON-ALPINI-E-COMUNE-DI-ALLEGHE.mp3\">https:\/\/www.radiopiu.net\/wordpress\/wp-content\/uploads\/2023\/04\/GIANNI-UNA-GIORNATA-ECOLOGICA-CON-ALPINI-E-COMUNE-DI-ALLEGHE.mp3<\/a><\/audio>\n<p><strong>ALLEGHE<\/strong> I Gruppi\u00a0 degli alpini di Alleghe e\u00a0 Rocca Pietore con i rispettivi Comuni e le associazioni del territorio,\u00a0 organizzano per domani una giornata ecologica per la pulizia del territorio aperta a tutti i volontari della zona.<\/p>\n<p><a class=\"dt-pswp-item\" href=\"https:\/\/www.radiopiu.net\/wordpress\/wp-content\/uploads\/2023\/04\/Senza-nome-55.jpg\" data-dt-img-description=\"\" data-large_image_width=\"543\" data-large_image_height=\"284\"><img loading=\"lazy\" decoding=\"async\" class=\"size-medium wp-image-332151 aligncenter\" src=\"https:\/\/www.radiopiu.net\/wordpress\/wp-content\/uploads\/2023\/04\/Senza-nome-55-300x157.jpg\" alt=\"\" width=\"300\" height=\"157\" srcset=\"https:\/\/www.radiopiu.net\/wordpress\/wp-content\/uploads\/2023\/04\/Senza-nome-55-300x157.jpg 300w, https:\/\/www.radiopiu.net\/wordpress\/wp-content\/uploads\/2023\/04\/Senza-nome-55.jpg 543w\" sizes=\"auto, (max-width: 300px) 100vw, 300px\" \/><\/a><\/p>\n<p>&nbsp;<\/p>\n<hr \/>\n<p>&nbsp;<\/p>\n<blockquote>\n<h3><span style=\"color: #222222;\"><span style=\"font-family: Verdana, serif;\"><b>GIORNATA ECOLOGICA: \u201cFACCIAMO PULIZIA\u201d<\/b><\/span><\/span><span style=\"color: #222222;\"><span style=\"font-family: Verdana, serif;\"><br \/>\n<\/span><\/span><\/h3>\n<\/blockquote>\n<p><strong>BELLUNO<\/strong> Mercoledi il Bacino di pesca n.8 di Belluno, assieme all\u2019Istituto d&#8217;Istruzione Superiore \u201cTomaso Catullo\u201d\u00a0 ha organizzato una giornata ecologica volta alla conoscenza dell\u2019ambiente e del territorio. Tre classi del biennio del Liceo Artistico, accompagnate dagli insegnanti e dai responsabili del Bacino, parteciperanno ad un&#8217;attivit\u00e0 di raccolta dei rifiuti su diversi siti ubicati lungo le sponde del fiume Piave. Info \u00a0sarapiazza@istitutocatullo.edu.it<\/p>\n<p>&nbsp;<\/p>\n<p>&nbsp;<\/p>\n<p>&nbsp;<\/p>\n<hr \/>\n<blockquote>\n<h3 class=\"articlePlainTitle\">Giornata ecologica sabato a Caviola<\/h3>\n<\/blockquote>\n<div class=\"articlePlainText\"><strong>FALCADE<\/strong> La Pro loco di Caviola, in collaborazione con il Comune di Falcade, organizza per domani\u00a0 la giornata ecologica. Il ritrovo \u00e8 alle 8,30 in piazza Pertini a Caviola, se possibile, muniti di giubbotto catarifrangente. Alle 12 pastasciutta al ristorante Livia.<\/div>\n<p>&nbsp;<\/p>\n<p>&nbsp;<\/p>\n<hr \/>\n<p>&nbsp;<\/p>\n<blockquote>\n<h3>UN PAESE PULITO, UN PAESE PIU&#8217; BELLO E INVITANTE<\/h3>\n<\/blockquote>\n<p><strong><a class=\"dt-pswp-item\" href=\"https:\/\/www.radiopiu.net\/wordpress\/wp-content\/uploads\/2020\/02\/download-4.jpg\" data-dt-img-description=\"\" data-large_image_width=\"228\" data-large_image_height=\"221\"><img loading=\"lazy\" decoding=\"async\" class=\"wp-image-117199 alignleft\" src=\"https:\/\/www.radiopiu.net\/wordpress\/wp-content\/uploads\/2020\/02\/download-4.jpg\" alt=\"\" width=\"168\" height=\"163\" \/><\/a>REDAZIONE<\/strong> A primavera puntuali ecco le giornate ecologiche, sforzo importante quello dei volontari di tutte le et\u00e0.\u00a0 Due gli appuntamenti in Valle del Biois, sabato con la proloco di Caviola, dalle 8.30 in piazza Pertini, alle 12 pastasciutta per tutti.<br \/>\nE sempre sabato dalle 14.30 con ritrovo nel piazzale delle sport (parco giochi di Falcade) la pulizia della piana. Alle 14.30 il ritrovo a al termine\u00a0 per tutti la merenda, ne abbiamo parlato con Matteo Cagnati, presidente dello Sci Club Val Biois. (foto)<\/p>\n<p>di Mirko Mezzacasa<\/p>\n<audio class=\"wp-audio-shortcode\" id=\"audio-332300-12\" preload=\"none\" style=\"width: 100%;\" controls=\"controls\"><source type=\"audio\/mpeg\" src=\"https:\/\/www.radiopiu.net\/wordpress\/wp-content\/uploads\/2023\/04\/MATTEO-CAGNATI.mp3?_=12\" \/><a href=\"https:\/\/www.radiopiu.net\/wordpress\/wp-content\/uploads\/2023\/04\/MATTEO-CAGNATI.mp3\">https:\/\/www.radiopiu.net\/wordpress\/wp-content\/uploads\/2023\/04\/MATTEO-CAGNATI.mp3<\/a><\/audio>\n<p>&nbsp;<\/p>\n<p>&nbsp;<\/p>\n<hr \/>\n<p>&nbsp;<\/p>\n\n\t\t\t<style type='text\/css'>\n\t\t\t\t#gallery-3 {\n\t\t\t\t\tmargin: auto;\n\t\t\t\t}\n\t\t\t\t#gallery-3 .gallery-item {\n\t\t\t\t\tfloat: left;\n\t\t\t\t\tmargin-top: 10px;\n\t\t\t\t\ttext-align: center;\n\t\t\t\t\twidth: 100%;\n\t\t\t\t}\n\t\t\t\t#gallery-3 img {\n\t\t\t\t\tborder: 2px solid #cfcfcf;\n\t\t\t\t}\n\t\t\t\t#gallery-3 .gallery-caption {\n\t\t\t\t\tmargin-left: 0;\n\t\t\t\t}\n\t\t\t\t\/* see gallery_shortcode() in wp-includes\/media.php *\/\n\t\t\t<\/style>\n\t\t<div id='gallery-3' class='dt-gallery-container gallery galleryid-332300 gallery-columns-1 gallery-size-large'><dl class='gallery-item'>\n\t\t\t\t<dt class='gallery-icon portrait'>\n\t\t\t\t\t<a class=\"rollover rollover-zoom dt-pswp-item\" title=\"BARACA de FEN-1\" data-dt-img-description=\"\" data-large_image_width=\"1414\" data-large_image_height=\"2000\"href='https:\/\/www.radiopiu.net\/wordpress\/wp-content\/uploads\/2023\/04\/BARACA-de-FEN-1.png'><img loading=\"lazy\" decoding=\"async\" width=\"724\" height=\"1024\" src=\"https:\/\/www.radiopiu.net\/wordpress\/wp-content\/uploads\/2023\/04\/BARACA-de-FEN-1-724x1024.png\" class=\"attachment-large size-large\" alt=\"\" srcset=\"https:\/\/www.radiopiu.net\/wordpress\/wp-content\/uploads\/2023\/04\/BARACA-de-FEN-1-724x1024.png 724w, https:\/\/www.radiopiu.net\/wordpress\/wp-content\/uploads\/2023\/04\/BARACA-de-FEN-1-212x300.png 212w, https:\/\/www.radiopiu.net\/wordpress\/wp-content\/uploads\/2023\/04\/BARACA-de-FEN-1-768x1086.png 768w, https:\/\/www.radiopiu.net\/wordpress\/wp-content\/uploads\/2023\/04\/BARACA-de-FEN-1-1086x1536.png 1086w, https:\/\/www.radiopiu.net\/wordpress\/wp-content\/uploads\/2023\/04\/BARACA-de-FEN-1.png 1414w\" sizes=\"auto, (max-width: 724px) 100vw, 724px\" \/><\/a>\n\t\t\t\t<\/dt><\/dl><br style=\"clear: both\" \/>\n\t\t\t<\/div>\n\n<p>&nbsp;<\/p>\n<hr \/>\n<p>&nbsp;<\/p>\n<blockquote class=\"wp-embedded-content\" data-secret=\"zSVolawJE7\"><p><a href=\"https:\/\/www.radiopiu.net\/wordpress\/una-sera-di-comicita-al-palafalcade-con-ingresso-gratuito\/\">UNA SERA DI COMICITA&#8217; AL PALAFALCADE CON INGRESSO GRATUITO<\/a><\/p><\/blockquote>\n<p><iframe loading=\"lazy\" class=\"wp-embedded-content\" sandbox=\"allow-scripts\" security=\"restricted\" style=\"position: absolute; clip: rect(1px, 1px, 1px, 1px);\" title=\"&#8220;UNA SERA DI COMICITA&#8217; AL PALAFALCADE CON INGRESSO GRATUITO&#8221; &#8212; Radio Pi\u00f9\" src=\"https:\/\/www.radiopiu.net\/wordpress\/una-sera-di-comicita-al-palafalcade-con-ingresso-gratuito\/embed\/#?secret=jiSaWssy3T#?secret=zSVolawJE7\" data-secret=\"zSVolawJE7\" width=\"600\" height=\"338\" frameborder=\"0\" marginwidth=\"0\" marginheight=\"0\" scrolling=\"no\"><\/iframe><\/p>\n<p>&nbsp;<\/p>\n<hr \/>\n<blockquote>\n<h3><\/h3>\n<h3>DALLA FOTOGRAFIA ALLA VIDEO ART: GLI INCONTRI AD AGORDO<\/h3>\n<\/blockquote>\n<p><strong>DI GIANNI SANTOMASO<\/strong><\/p>\n<audio class=\"wp-audio-shortcode\" id=\"audio-332300-13\" preload=\"none\" style=\"width: 100%;\" controls=\"controls\"><source type=\"audio\/mpeg\" src=\"https:\/\/www.radiopiu.net\/wordpress\/wp-content\/uploads\/2023\/04\/GIANNI-DALLA-FOTOGRAFIA-ALLA-VIDEOART.mp3?_=13\" \/><a href=\"https:\/\/www.radiopiu.net\/wordpress\/wp-content\/uploads\/2023\/04\/GIANNI-DALLA-FOTOGRAFIA-ALLA-VIDEOART.mp3\">https:\/\/www.radiopiu.net\/wordpress\/wp-content\/uploads\/2023\/04\/GIANNI-DALLA-FOTOGRAFIA-ALLA-VIDEOART.mp3<\/a><\/audio>\n<p>&nbsp;<\/p>\n<p><strong>AGORDO <\/strong>Oggi, dalle 18, ad Agordo alla Sala Don Tamis si\u00a0 terr\u00e0 la prima di tre conferenze della serie \u201cDalla fotografia alla video art e all\u2019arte cinetica\u201d. La relazione dal titolo \u201cLa storia della fotografia\u201d sar\u00e0 svolta dal Dott. Prof. Roberto Favero. Si ricorda che l\u2019ingresso \u00e8 libero per tutti.<\/p>\n<p>&nbsp;<\/p>\n<hr \/>\n<blockquote>\n<h3><\/h3>\n<h3>QUESTA&#8217; E&#8217; LA NOSTRA STORIA<\/h3>\n<\/blockquote>\n<p><strong>DI GIANNI SANTOMASO<\/strong><\/p>\n<div>\n<audio class=\"wp-audio-shortcode\" id=\"audio-332300-14\" preload=\"none\" style=\"width: 100%;\" controls=\"controls\"><source type=\"audio\/mpeg\" src=\"https:\/\/www.radiopiu.net\/wordpress\/wp-content\/uploads\/2023\/04\/GIANNI-QUESTA-E-LA-NOSTRA-STORIA.mp3?_=14\" \/><a href=\"https:\/\/www.radiopiu.net\/wordpress\/wp-content\/uploads\/2023\/04\/GIANNI-QUESTA-E-LA-NOSTRA-STORIA.mp3\">https:\/\/www.radiopiu.net\/wordpress\/wp-content\/uploads\/2023\/04\/GIANNI-QUESTA-E-LA-NOSTRA-STORIA.mp3<\/a><\/audio>\n<p>&nbsp;<\/p>\n<p><strong>AGORDO<\/strong> Domani alle 17.30 testimonianze, ricordi e fotografie del territorio bellunese dagli anni Cinquanta: emigrazione, lavoro, alluvione del 1966. In sala della Biblioteca con la famiglia ex emigranti agordino. Interventi Luca Luchetta, Aldo Da Roit, Gabriele Ganz e Maria Rita Gentilin Spi Belluno.<\/p>\n<\/div>\n<p>&nbsp;<\/p>\n<hr \/>\n<p>&nbsp;<\/p>\n<blockquote>\n<h3>L&#8217;OM SALVARECH A LA VALLE<\/h3>\n<\/blockquote>\n<p><strong>LA VALLE <\/strong>A La Valle due giorni di festa con l&#8217;Om Salvarech. <strong>Lunedi 24 aprile<\/strong>, al tendone presentazione della mostra &#8220;vers l&#8217;insuda&#8221;:gli aquerelli dipinti dagli alunni della scuola primaria, dalle 17 l&#8217;apertivo selvatico con Rdj, 19 stand gastronomico, serata danzante con la Spritzband e a seguire dico-tek con Rdj. <strong>Martedi 25 aprile<\/strong> al tendone di Conaggia \u201cel merc\u00e0 de l&#8217;insuda\u201d, alle 10 gara podistica Su e do per i coi, memorial Flavio De Cassai, dalle 12 stand gastronomico e dalle 14: preparazione Om Salvarech a Cugnago, sfilata per le vie del paese, alle 16 apertivo selvatico danzante con Eros, alle 19 la cota e quindi gran finale con il testamento e il Falo&#8217; Dell&#8217;Om Salvarech tra i balli con Eros e Karin. Om Salvarech, a LA VALLE AGORDINA. con la Proloco 24-25 Aprile<\/p>\n<p>&nbsp;<\/p>\n<hr \/>\n<p>&nbsp;<\/p>\n<blockquote>\n<h3>A TEATRO CON LA COMPAGNIA TEATRALE DI SANTA GIUSTINA<\/h3>\n<\/blockquote>\n<p><strong>SOSPIROLO<\/strong> Domani serata teatrale con la compagnia di Santa Giustina &#8220;I&#8230;Saranno Famosi&#8221; al Centro civico di Sospirolo<\/p>\n<p>&nbsp;<\/p>\n<blockquote>\n<h3>A TEATRO CON ABVS. SABATO A CAVARZANO<\/h3>\n<\/blockquote>\n<p><strong>BELLUNO<\/strong><\/p>\n<p>di Roberto Bona<\/p>\n<audio class=\"wp-audio-shortcode\" id=\"audio-332300-15\" preload=\"none\" style=\"width: 100%;\" controls=\"controls\"><source type=\"audio\/mpeg\" src=\"https:\/\/www.radiopiu.net\/wordpress\/wp-content\/uploads\/2023\/04\/BONA-ERA-TUTTA-COMPAGNIA-TEATRO-CAVARZANO.mp3?_=15\" \/><a href=\"https:\/\/www.radiopiu.net\/wordpress\/wp-content\/uploads\/2023\/04\/BONA-ERA-TUTTA-COMPAGNIA-TEATRO-CAVARZANO.mp3\">https:\/\/www.radiopiu.net\/wordpress\/wp-content\/uploads\/2023\/04\/BONA-ERA-TUTTA-COMPAGNIA-TEATRO-CAVARZANO.mp3<\/a><\/audio>\n<p>&nbsp;<\/p>\n<blockquote>\n<h3>IL CONCERTO ORGANIZZATO DALL&#8217;ASSOCIAZIONE ECUADORIANI DI BELLUNO<\/h3>\n<\/blockquote>\n<p><strong>BELLUNO<\/strong> Domani a Belluno, alla sala-teatro Giovanni XXIII in piazza Piloni con inizio alle 20, si terr\u00e0 un concerto organizzato dall&#8217;Associazione Ecuadoriani. Durante l&#8217;evento si esibiranno il coro gospel di Barcellona &#8220;De tot cor&#8221; (Con tutto il cuore) e il coro Cherubini del Camerun. L&#8217;entrata sar\u00e0 ad offerta libera e l&#8217;intero ricavato della serata verr\u00e0 devoluto al gruppo &#8220;De Laica adoratrices&#8221; (Sacerdotesse della Chiesa Cattolica) dell&#8217;orfanotrofio di Guayaquil in Ecuador.<\/p>\n<p>&nbsp;<\/p>\n<p>&nbsp;<\/p>\n<hr \/>\n<p>&nbsp;<\/p>\n<blockquote>\n<h3>LA GITA CON IL CAI DI BELLUNO<\/h3>\n<\/blockquote>\n<p><strong>BELLUNO<\/strong> La Sezione di Belluno del <span class=\"tojvnm2t a6sixzi8 abs2jz4q a8s20v7p t1p8iaqh k5wvi7nf q3lfd5jv pk4s997a bipmatt0 cebpdrjk qowsmv63 owwhemhu dp1hu0rb dhp61c6y iyyx5f41\">Club Alpino Italiano organizza nel fine settimana 6-7 maggio un&#8217;uscita nel Villaggio degli Alpinisti in Carnia (UD). Il programma \u00e8 pubblicato sul sito del CAI BL (www.caibelluno.it)<\/span><\/p>\n<p>&nbsp;<\/p>\n<p>&nbsp;<\/p>\n<hr \/>\n<p>&nbsp;<\/p>\n<blockquote>\n<h3>LA STORIA DI TUTTI<\/h3>\n<\/blockquote>\n<p><strong>LIMANA<\/strong> In occasione della ricorrenza della Festa della Liberazione, il comune di Limana organizza un evento con lo storico Marco Perale sugli eventi e protagonisti limanesi durante la Seconda Guerra Mondiale. Appuntamento mercoled\u00ec alle 20:30 al Municipio di Limana.<\/p>\n<p>&nbsp;<\/p>\n<p>&nbsp;<\/p>\n<hr \/>\n<p>&nbsp;<\/p>\n<blockquote>\n<h3>LE VICENDE DI RIZZIERI RAVEANE IN UN LIBRO<\/h3>\n<\/blockquote>\n<p><strong>BELLUNO<\/strong> La Camera del lavoro di Belluno e l\u2019Anpi di Belluno organizzano gioved\u00ec 27 aprile alle 18, alla sala Luciani del Giovanni XXIII, la presentazione del libro \u201cUna vita difficile in un secolo breve\u201d, che narra le vicende di Rizzieri Raveane. Interverranno Gino Sperandio e Alessia Cerentin, rispettivamente per l\u2019Anpi di Belluno e la CGIL di Belluno per poi dialogare Giovanni Perenzin e l&#8217;autore del libro.<\/p>\n<p>&nbsp;<\/p>\n<p>&nbsp;<\/p>\n<hr \/>\n<p>&nbsp;<\/p>\n<blockquote>\n<h3>DOMANI IL CONCERTO CON IL CORO ARCOBALENO A LONGARONE<\/h3>\n<\/blockquote>\n<p><strong>LONGARONE<\/strong> Il centro culturale di Longarone ospiter\u00e0 domani alle 16 il concerto del Coro Arcobaleno di Limana, l&#8217;occasione per festeggiare assieme all&#8217;Aido Belluno i 50 anni dell&#8217;Aido Nazionale.<\/p>\n<p>&nbsp;<\/p>\n<p>&nbsp;<\/p>\n<hr \/>\n<p>&nbsp;<\/p>\n<blockquote>\n<h2><span id=\"page72R_mcid0\" class=\"markedContent\"><span class=\"markedContent\"><span dir=\"ltr\" role=\"presentation\">Premio \u201cEnrico De Nard\u201d<\/span><\/span><\/span>disce la terza edizione del Premio per tesi inedite a lui intitolato.<\/h2>\n<\/blockquote>\n<p><span id=\"page72R_mcid0\" class=\"markedContent\"><span class=\"markedContent\"><span dir=\"ltr\" role=\"presentation\">Per onorare la memoria dello studioso Enrico De Nard <\/span><span dir=\"ltr\" role=\"presentation\">l\u2019 \u201cArchivio storico di Belluno Feltre e Cadore\u201d, <\/span><span dir=\"ltr\" role=\"presentation\">con la collaborazione della Biblioteca Civica di Belluno, <\/span><span dir=\"ltr\" role=\"presentation\">bandisce la nona edizione del Premio per tesi inedite a lui intitolato.<\/span><br role=\"presentation\" \/><span dir=\"ltr\" role=\"presentation\">Il Premio (2500 euro) sar\u00e0 assegnato entro dicembre 2023. Il<span id=\"page72R_mcid27\" class=\"markedContent\"> testo del bando\u00a0 sul sito www.asbfc.it<\/span><\/span><\/span><\/span><\/p>\n<p>&nbsp;<\/p>\n<p>&nbsp;<\/p>\n<p>&nbsp;<\/p>\n<hr \/>\n<blockquote>\n<h3><\/h3>\n<h3>I GRAFICI DI TIZIANO DE COL<\/h3>\n<\/blockquote>\n\n\t\t\t<style type='text\/css'>\n\t\t\t\t#gallery-4 {\n\t\t\t\t\tmargin: auto;\n\t\t\t\t}\n\t\t\t\t#gallery-4 .gallery-item {\n\t\t\t\t\tfloat: left;\n\t\t\t\t\tmargin-top: 10px;\n\t\t\t\t\ttext-align: center;\n\t\t\t\t\twidth: 20%;\n\t\t\t\t}\n\t\t\t\t#gallery-4 img {\n\t\t\t\t\tborder: 2px solid #cfcfcf;\n\t\t\t\t}\n\t\t\t\t#gallery-4 .gallery-caption {\n\t\t\t\t\tmargin-left: 0;\n\t\t\t\t}\n\t\t\t\t\/* see gallery_shortcode() in wp-includes\/media.php *\/\n\t\t\t<\/style>\n\t\t<div id='gallery-4' class='dt-gallery-container gallery galleryid-332300 gallery-columns-5 gallery-size-thumbnail'><dl class='gallery-item'>\n\t\t\t\t<dt class='gallery-icon landscape'>\n\t\t\t\t\t<a class=\"rollover rollover-zoom dt-pswp-item\" title=\"fa1cc46e-f8c6-4a24-8705-babf11cea2da\" data-dt-img-description=\"\" data-large_image_width=\"594\" data-large_image_height=\"350\"href='https:\/\/www.radiopiu.net\/wordpress\/wp-content\/uploads\/2023\/04\/fa1cc46e-f8c6-4a24-8705-babf11cea2da-1.jpg'><img loading=\"lazy\" decoding=\"async\" width=\"150\" height=\"150\" src=\"https:\/\/www.radiopiu.net\/wordpress\/wp-content\/uploads\/2023\/04\/fa1cc46e-f8c6-4a24-8705-babf11cea2da-1-150x150.jpg\" class=\"attachment-thumbnail size-thumbnail\" alt=\"\" \/><\/a>\n\t\t\t\t<\/dt><\/dl><dl class='gallery-item'>\n\t\t\t\t<dt class='gallery-icon landscape'>\n\t\t\t\t\t<a class=\"rollover rollover-zoom dt-pswp-item\" title=\"157728ea-3d25-4fe6-93e0-79dd45006e28\" data-dt-img-description=\"\" data-large_image_width=\"610\" data-large_image_height=\"351\"href='https:\/\/www.radiopiu.net\/wordpress\/wp-content\/uploads\/2023\/04\/157728ea-3d25-4fe6-93e0-79dd45006e28-1.jpg'><img loading=\"lazy\" decoding=\"async\" width=\"150\" height=\"150\" src=\"https:\/\/www.radiopiu.net\/wordpress\/wp-content\/uploads\/2023\/04\/157728ea-3d25-4fe6-93e0-79dd45006e28-1-150x150.jpg\" class=\"attachment-thumbnail size-thumbnail\" alt=\"\" \/><\/a>\n\t\t\t\t<\/dt><\/dl><dl class='gallery-item'>\n\t\t\t\t<dt class='gallery-icon landscape'>\n\t\t\t\t\t<a class=\"rollover rollover-zoom dt-pswp-item\" title=\"f34d991f-f7dd-450b-8e97-a02bfc9d71b4\" data-dt-img-description=\"\" data-large_image_width=\"592\" data-large_image_height=\"340\"href='https:\/\/www.radiopiu.net\/wordpress\/wp-content\/uploads\/2023\/04\/f34d991f-f7dd-450b-8e97-a02bfc9d71b4-1.jpg'><img loading=\"lazy\" decoding=\"async\" width=\"150\" height=\"150\" src=\"https:\/\/www.radiopiu.net\/wordpress\/wp-content\/uploads\/2023\/04\/f34d991f-f7dd-450b-8e97-a02bfc9d71b4-1-150x150.jpg\" class=\"attachment-thumbnail size-thumbnail\" alt=\"\" \/><\/a>\n\t\t\t\t<\/dt><\/dl><dl class='gallery-item'>\n\t\t\t\t<dt class='gallery-icon landscape'>\n\t\t\t\t\t<a class=\"rollover rollover-zoom dt-pswp-item\" title=\"01835fa1-8212-4905-af3e-d6356a56cf04\" data-dt-img-description=\"\" data-large_image_width=\"604\" data-large_image_height=\"347\"href='https:\/\/www.radiopiu.net\/wordpress\/wp-content\/uploads\/2023\/04\/01835fa1-8212-4905-af3e-d6356a56cf04-1.jpg'><img loading=\"lazy\" decoding=\"async\" width=\"150\" height=\"150\" src=\"https:\/\/www.radiopiu.net\/wordpress\/wp-content\/uploads\/2023\/04\/01835fa1-8212-4905-af3e-d6356a56cf04-1-150x150.jpg\" class=\"attachment-thumbnail size-thumbnail\" alt=\"\" \/><\/a>\n\t\t\t\t<\/dt><\/dl><dl class='gallery-item'>\n\t\t\t\t<dt class='gallery-icon landscape'>\n\t\t\t\t\t<a class=\"rollover rollover-zoom dt-pswp-item\" title=\"6df29e83-8c15-433b-ba91-4261c30de6bb\" data-dt-img-description=\"\" data-large_image_width=\"594\" data-large_image_height=\"345\"href='https:\/\/www.radiopiu.net\/wordpress\/wp-content\/uploads\/2023\/04\/6df29e83-8c15-433b-ba91-4261c30de6bb-1.jpg'><img loading=\"lazy\" decoding=\"async\" width=\"150\" height=\"150\" src=\"https:\/\/www.radiopiu.net\/wordpress\/wp-content\/uploads\/2023\/04\/6df29e83-8c15-433b-ba91-4261c30de6bb-1-150x150.jpg\" class=\"attachment-thumbnail size-thumbnail\" alt=\"\" \/><\/a>\n\t\t\t\t<\/dt><\/dl><br style=\"clear: both\" \/>\n\t\t\t<\/div>\n\n<p>&nbsp;<\/p>\n<hr \/>\n<p>&nbsp;<\/p>\n<blockquote class=\"wp-embedded-content\" data-secret=\"Jv0R31EzCM\"><p><a href=\"https:\/\/www.radiopiu.net\/wordpress\/agordo-storie-di-alpini-e-di-artisti\/\">AGORDO, STORIE DI ALPINI E DI ARTISTI<\/a><\/p><\/blockquote>\n<p><iframe loading=\"lazy\" class=\"wp-embedded-content\" sandbox=\"allow-scripts\" security=\"restricted\" style=\"position: absolute; clip: rect(1px, 1px, 1px, 1px);\" title=\"&#8220;AGORDO, STORIE DI ALPINI E DI ARTISTI&#8221; &#8212; Radio Pi\u00f9\" src=\"https:\/\/www.radiopiu.net\/wordpress\/agordo-storie-di-alpini-e-di-artisti\/embed\/#?secret=PoVjXvxm6Z#?secret=Jv0R31EzCM\" data-secret=\"Jv0R31EzCM\" width=\"600\" height=\"338\" frameborder=\"0\" marginwidth=\"0\" marginheight=\"0\" scrolling=\"no\"><\/iframe><\/p>\n<p>&nbsp;<\/p>\n<hr \/>\n<p>&nbsp;<\/p>\n<p><strong class=\"photoswipe-wrapper\"><a class=\"dt-pswp-item pspw-wrap-ready\" href=\"https:\/\/www.radiopiu.net\/wordpress\/wp-content\/uploads\/2021\/06\/8554eb80-bb6e-4752-a6d3-57aff91a2903.jpg\" data-dt-img-description=\"\" data-large_image_width=\"768\" data-large_image_height=\"1024\"><img loading=\"lazy\" decoding=\"async\" class=\"wp-image-215003 alignleft\" src=\"https:\/\/www.radiopiu.net\/wordpress\/wp-content\/uploads\/2021\/06\/8554eb80-bb6e-4752-a6d3-57aff91a2903-225x300.jpg\" sizes=\"auto, (max-width: 116px) 100vw, 116px\" srcset=\"https:\/\/www.radiopiu.net\/wordpress\/wp-content\/uploads\/2021\/06\/8554eb80-bb6e-4752-a6d3-57aff91a2903-225x300.jpg 225w, https:\/\/www.radiopiu.net\/wordpress\/wp-content\/uploads\/2021\/06\/8554eb80-bb6e-4752-a6d3-57aff91a2903.jpg 768w\" alt=\"\" width=\"116\" height=\"155\" \/><\/a><span style=\"color: #ff0000;\">BANDI ALLA RADIO\u00a0<\/span><\/strong><\/p>\n<p><strong>BANDI DI CONCORSO, DAL COMUNE DI ROCCA PIETORE.\u00a0<\/strong>UN POSTO DI ISTRUTTORE AMMINISTRATIVO categoria C1, a tempo pieno e indeterminato UN POSTO DI ISTRUTTORE TECNICO categoria C1, contratto a tempo pieno e indeterminato Tutte le informazioni inerenti ai bandi di concorso, le modalit\u00e0 e i termini di presentazione delle domande sono reperibili sul sito del Comune: WWW.COMUNE.ROCCAPIETORE.BL.IT<\/p>\n<p>&nbsp;<\/p>\n<p>&nbsp;<\/p>\n<hr \/>\n<p>&nbsp;<\/p>\n<p>&nbsp;<\/p>\n<p><strong class=\"photoswipe-wrapper\"><a class=\"dt-pswp-item pspw-wrap-ready\" href=\"https:\/\/www.radiopiu.net\/wordpress\/wp-content\/uploads\/2022\/03\/ASCA.jpg\" data-dt-img-description=\"\" data-large_image_width=\"292\" data-large_image_height=\"290\"><img loading=\"lazy\" decoding=\"async\" class=\"wp-image-263829 alignleft\" src=\"https:\/\/www.radiopiu.net\/wordpress\/wp-content\/uploads\/2022\/03\/ASCA.jpg\" sizes=\"auto, (max-width: 168px) 100vw, 168px\" srcset=\"https:\/\/www.radiopiu.net\/wordpress\/wp-content\/uploads\/2022\/03\/ASCA.jpg 292w, https:\/\/www.radiopiu.net\/wordpress\/wp-content\/uploads\/2022\/03\/ASCA-150x150.jpg 150w\" alt=\"\" width=\"108\" height=\"107\" \/><\/a><span style=\"color: #ff0000;\">AVVISI DI SELEZIONE ALLA RADIO\u00a0<\/span><\/strong><\/p>\n<p><strong>AVVISO DI SELEZIONE!\u00a0<\/strong><strong>ASCA, <\/strong>azienda speciale consortile agordina intende inserire nuovi operatori socio sanitari\u00a0Inquadramento contratto Uneba, livello 4S SUPERMINIMO, ACCESSO WELFARE AZIENDALE, SISTEMAZIONE ABITATIVA A CANONE AGEVOLATO. LE DOMANDE DI PARTECIPAZIONE ALLA SELEZIONE VANNO PRESENTATE ENTRO LE 10\u00a0 DEL 21\u00a0 APRILE. BANDO consultabile sul sito\u00a0<a href=\"http:\/\/www.servizisocialiasca.it\/\">www.servizisocialiasca.it<\/a><\/p>\n<p>&nbsp;<\/p>\n<div dir=\"auto\"><\/div>\n<div dir=\"auto\"><\/div>\n<div dir=\"auto\"><\/div>\n<p>&nbsp;<\/p>\n<hr \/>\n<p>&nbsp;<\/p>\n<div class=\"message spoilers-container\" dir=\"auto\">\n<div>\n<div class=\"b654a4as d2edcug0\">\n<div class=\"rq0escxv hkbzh7o3 jwdofwj8 n8tt0mok r8blr3vg hyh9befq\">\n<p><a class=\"dt-pswp-item\" href=\"https:\/\/www.radiopiu.net\/wordpress\/wp-content\/uploads\/2020\/10\/pp.jpg\" data-dt-img-description=\"\" data-large_image_width=\"640\" data-large_image_height=\"640\"><img loading=\"lazy\" decoding=\"async\" class=\"wp-image-163678 alignleft\" src=\"https:\/\/www.radiopiu.net\/wordpress\/wp-content\/uploads\/2020\/10\/pp-300x300.jpg\" alt=\"\" width=\"106\" height=\"106\" srcset=\"https:\/\/www.radiopiu.net\/wordpress\/wp-content\/uploads\/2020\/10\/pp-300x300.jpg 300w, https:\/\/www.radiopiu.net\/wordpress\/wp-content\/uploads\/2020\/10\/pp-150x150.jpg 150w, https:\/\/www.radiopiu.net\/wordpress\/wp-content\/uploads\/2020\/10\/pp-125x125.jpg 125w, https:\/\/www.radiopiu.net\/wordpress\/wp-content\/uploads\/2020\/10\/pp-200x200.jpg 200w, https:\/\/www.radiopiu.net\/wordpress\/wp-content\/uploads\/2020\/10\/pp-80x80.jpg 80w, https:\/\/www.radiopiu.net\/wordpress\/wp-content\/uploads\/2020\/10\/pp-480x480.jpg 480w, https:\/\/www.radiopiu.net\/wordpress\/wp-content\/uploads\/2020\/10\/pp.jpg 640w\" sizes=\"auto, (max-width: 106px) 100vw, 106px\" \/><\/a><\/p>\n<\/div>\n<\/div>\n<\/div>\n<\/div>\n<div class=\"message spoilers-container\" dir=\"auto\">\n<div>\n<div class=\"page-title-head hgroup\">\n<div class=\"page-title-head hgroup\">\n<div class=\"b654a4as d2edcug0\">\n<div class=\"j83agx80 btwxx1t3 lhclo0ds hop8lmos nkwizq5d scwd0bx6 roh60bw9\">\n<div class=\"rq0escxv hkbzh7o3 jwdofwj8 n8tt0mok r8blr3vg hyh9befq\">\n<div class=\"do00u71z l9j0dhe7 k4urcfbm\" style=\"text-align: left;\">\n<h2><span style=\"color: #000080;\">DON CESARE, IL PENSIERO DEL GIORNO. ALLA RADIO ALLE 7 DEL MATTINO E ALLE 19.30 DELLA SERA\u00a0<\/span><\/h2>\n<\/div>\n<\/div>\n<\/div>\n<\/div>\n<\/div>\n<\/div>\n<\/div>\n<audio class=\"wp-audio-shortcode\" id=\"audio-332300-16\" preload=\"none\" style=\"width: 100%;\" controls=\"controls\"><source type=\"audio\/mpeg\" src=\"https:\/\/www.radiopiu.net\/wordpress\/wp-content\/uploads\/2023\/04\/CESARE-15.mp3?_=16\" \/><a href=\"https:\/\/www.radiopiu.net\/wordpress\/wp-content\/uploads\/2023\/04\/CESARE-15.mp3\">https:\/\/www.radiopiu.net\/wordpress\/wp-content\/uploads\/2023\/04\/CESARE-15.mp3<\/a><\/audio>\n<\/div>\n<div class=\"message spoilers-container\" dir=\"auto\"><\/div>\n<blockquote>\n<div class=\"message spoilers-container\" dir=\"auto\"><\/div>\n<\/blockquote>\n<div class=\"message spoilers-container\" dir=\"auto\">\n<hr \/>\n<p>&nbsp;<\/p>\n<\/div>\n<div class=\"message spoilers-container\" dir=\"auto\">\n<h2><span style=\"color: #ff00ff;\">IN VIVO VERSO\u00a0 \u00a0 \u00a0<\/span><\/h2>\n<blockquote>\n<h3>STRADA FACENDO di CARLO MOLINARI<\/h3>\n<\/blockquote>\n<p><strong>AUDIO<\/strong><\/p>\n<audio class=\"wp-audio-shortcode\" id=\"audio-332300-17\" preload=\"none\" style=\"width: 100%;\" controls=\"controls\"><source type=\"audio\/mpeg\" src=\"https:\/\/www.radiopiu.net\/wordpress\/wp-content\/uploads\/2023\/04\/04-CARLO-MOLINARI-STRADA-FACENDO.mp3?_=17\" \/><a href=\"https:\/\/www.radiopiu.net\/wordpress\/wp-content\/uploads\/2023\/04\/04-CARLO-MOLINARI-STRADA-FACENDO.mp3\">https:\/\/www.radiopiu.net\/wordpress\/wp-content\/uploads\/2023\/04\/04-CARLO-MOLINARI-STRADA-FACENDO.mp3<\/a><\/audio>\n<p>&nbsp;<\/p>\n<p><strong><a class=\"dt-pswp-item\" href=\"https:\/\/www.radiopiu.net\/wordpress\/wp-content\/uploads\/2023\/04\/CARLO-MOLINARI-FOTO.jpg\" data-dt-img-description=\"\" data-large_image_width=\"1128\" data-large_image_height=\"1120\"><img loading=\"lazy\" decoding=\"async\" class=\"wp-image-332351 alignleft\" src=\"https:\/\/www.radiopiu.net\/wordpress\/wp-content\/uploads\/2023\/04\/CARLO-MOLINARI-FOTO-300x298.jpg\" alt=\"\" width=\"172\" height=\"171\" srcset=\"https:\/\/www.radiopiu.net\/wordpress\/wp-content\/uploads\/2023\/04\/CARLO-MOLINARI-FOTO-300x298.jpg 300w, https:\/\/www.radiopiu.net\/wordpress\/wp-content\/uploads\/2023\/04\/CARLO-MOLINARI-FOTO-1024x1017.jpg 1024w, https:\/\/www.radiopiu.net\/wordpress\/wp-content\/uploads\/2023\/04\/CARLO-MOLINARI-FOTO-150x150.jpg 150w, https:\/\/www.radiopiu.net\/wordpress\/wp-content\/uploads\/2023\/04\/CARLO-MOLINARI-FOTO-768x763.jpg 768w, https:\/\/www.radiopiu.net\/wordpress\/wp-content\/uploads\/2023\/04\/CARLO-MOLINARI-FOTO.jpg 1128w\" sizes=\"auto, (max-width: 172px) 100vw, 172px\" \/><\/a>Carlo Molinari<\/strong><br \/>\n<strong>STRADA FACENDO<\/strong><\/p>\n<p>Il tuo amore mi confonde, parole<br \/>\nche si rincorrono come l\u2019aria d\u2019aprile<br \/>\nrincorre i suoi ciliegi, i suoi peschi,<br \/>\nli rende fulcri di vita, dipinti di genio.<br \/>\nLe mie spalle son lacere dal peso<br \/>\nd\u2019un passato che ho approvato<br \/>\na braccia aperte, non sapendo cos\u00ec<br \/>\ndi deglutire solo melma e muraglie<br \/>\nfatte d\u2019incertezze e di reiterati sbagli.<br \/>\nTu sei come sorgiva che rinfresca,<br \/>\nun alito speziato di mitezza, primavera<br \/>\nnel mio animo sempre in acerrima lotta<br \/>\ncon me stesso e con ci\u00f2 che vorrei essere.<br \/>\nTi cerco e cerco il tuo bacio, una carezza,<br \/>\nuna fragile stretta nella brezza, fruscii muti,<br \/>\nsentirmi amato anche se sono tempesta,<br \/>\nun teatro dove si balla la danza dell\u2019assurdo.<br \/>\nAltro non so fare, se non farmi rosa su rosa,<br \/>\ne attendere che anche per me, al tramonto,<br \/>\nci sia un canto di paradiso che tutto perdona.<\/p>\n<p>&nbsp;<\/p>\n<\/div>\n<div class=\"message spoilers-container\" dir=\"auto\">\n<p><strong>LA RACCOLTA COMPLETA<\/strong><\/p>\n<blockquote class=\"wp-embedded-content\" data-secret=\"6UYKZrCBtP\"><p><a href=\"https:\/\/www.radiopiu.net\/wordpress\/in-vivo-verso\/\">In Vivo Verso<\/a><\/p><\/blockquote>\n<p><iframe loading=\"lazy\" class=\"wp-embedded-content\" sandbox=\"allow-scripts\" security=\"restricted\" style=\"position: absolute; clip: rect(1px, 1px, 1px, 1px);\" title=\"&#8220;In Vivo Verso&#8221; &#8212; Radio Pi\u00f9\" src=\"https:\/\/www.radiopiu.net\/wordpress\/in-vivo-verso\/embed\/#?secret=4qClzSCMIG#?secret=6UYKZrCBtP\" data-secret=\"6UYKZrCBtP\" width=\"600\" height=\"338\" frameborder=\"0\" marginwidth=\"0\" marginheight=\"0\" scrolling=\"no\"><\/iframe><\/p>\n<\/div>\n<div class=\"message spoilers-container\" dir=\"auto\">\n<p>&nbsp;<\/p>\n<hr \/>\n<p>&nbsp;<\/p>\n<\/div>\n<div class=\"message spoilers-container\" dir=\"auto\">\n<h2><span style=\"color: #008080;\">GOCCE DI FILOSOFIA\u00a0\u00a0<\/span><\/h2>\n<\/div>\n<div class=\"message spoilers-container\" dir=\"auto\">\n<p><strong>PUNTATA 294 \u2013 LISA DE LUCA _ TERZA STAGIONE\u00a0<\/strong><\/p>\n<audio class=\"wp-audio-shortcode\" id=\"audio-332300-18\" preload=\"none\" style=\"width: 100%;\" controls=\"controls\"><source type=\"audio\/mpeg\" src=\"https:\/\/www.radiopiu.net\/wordpress\/wp-content\/uploads\/2023\/04\/FI4-2.mp3?_=18\" \/><a href=\"https:\/\/www.radiopiu.net\/wordpress\/wp-content\/uploads\/2023\/04\/FI4-2.mp3\">https:\/\/www.radiopiu.net\/wordpress\/wp-content\/uploads\/2023\/04\/FI4-2.mp3<\/a><\/audio>\n<\/div>\n<blockquote>\n<div class=\"message spoilers-container\" dir=\"auto\">\n<p>&nbsp;<\/p>\n<p><strong>LA RACCOLTA COMPLETA<\/strong><\/p>\n<\/div>\n<\/blockquote>\n<div class=\"message spoilers-container\" dir=\"auto\">\n<blockquote class=\"wp-embedded-content\" data-secret=\"OzJpckZpsH\"><p><a href=\"https:\/\/www.radiopiu.net\/wordpress\/gocce-filosofia\/\">Gocce di filosofia,  LA TERZA STAGIONE&#8230; 2023<\/a><\/p><\/blockquote>\n<p><iframe loading=\"lazy\" class=\"wp-embedded-content\" sandbox=\"allow-scripts\" security=\"restricted\" style=\"position: absolute; clip: rect(1px, 1px, 1px, 1px);\" title=\"&#8220;Gocce di filosofia,  LA TERZA STAGIONE&#8230; 2023&#8221; &#8212; Radio Pi\u00f9\" src=\"https:\/\/www.radiopiu.net\/wordpress\/gocce-filosofia\/embed\/#?secret=XocwKuDmO6#?secret=OzJpckZpsH\" data-secret=\"OzJpckZpsH\" width=\"600\" height=\"338\" frameborder=\"0\" marginwidth=\"0\" marginheight=\"0\" scrolling=\"no\"><\/iframe><\/p>\n<hr \/>\n<p>&nbsp;<\/p>\n<blockquote>\n<h3>ANTI FASCISMO E RESISTENZA VALORI INCARNATI NELLA COSTITUZIONE, MAI COSI&#8217; ATTUALI<\/h3>\n<\/blockquote>\n<p><a class=\"dt-pswp-item\" href=\"https:\/\/www.radiopiu.net\/wordpress\/wp-content\/uploads\/2023\/04\/istockphoto-1153350430-170667a.jpg\" data-dt-img-description=\"Coils or circles of razor wire on an easily changed orange background.\" data-large_image_width=\"509\" data-large_image_height=\"339\"><img loading=\"lazy\" decoding=\"async\" class=\" wp-image-331336\" src=\"https:\/\/www.radiopiu.net\/wordpress\/wp-content\/uploads\/2023\/04\/istockphoto-1153350430-170667a-300x200.jpg\" alt=\"\" width=\"215\" height=\"143\" srcset=\"https:\/\/www.radiopiu.net\/wordpress\/wp-content\/uploads\/2023\/04\/istockphoto-1153350430-170667a-300x200.jpg 300w, https:\/\/www.radiopiu.net\/wordpress\/wp-content\/uploads\/2023\/04\/istockphoto-1153350430-170667a.jpg 509w\" sizes=\"auto, (max-width: 215px) 100vw, 215px\" \/><\/a><\/p>\n<p><strong>BELLUNO<\/strong><\/p>\n<p><strong>DI ROBERTO BONA<\/strong><\/p>\n<audio class=\"wp-audio-shortcode\" id=\"audio-332300-19\" preload=\"none\" style=\"width: 100%;\" controls=\"controls\"><source type=\"audio\/mpeg\" src=\"https:\/\/www.radiopiu.net\/wordpress\/wp-content\/uploads\/2023\/04\/ForumLiberazione-1.mp3?_=19\" \/><a href=\"https:\/\/www.radiopiu.net\/wordpress\/wp-content\/uploads\/2023\/04\/ForumLiberazione-1.mp3\">https:\/\/www.radiopiu.net\/wordpress\/wp-content\/uploads\/2023\/04\/ForumLiberazione-1.mp3<\/a><\/audio>\n<p>&nbsp;<\/p>\n<p>&nbsp;<\/p>\n<hr \/>\n<p>&nbsp;<\/p>\n<blockquote>\n<h3>ANNAROSA NON MUORE, OTTANTESIMO ANNIVERSARIO INIZIO DELLA RESISTENZA<\/h3>\n<\/blockquote>\n<p><strong><img loading=\"lazy\" decoding=\"async\" class=\"alignleft\" src=\"https:\/\/www.radiopiu.net\/wordpress\/wp-content\/uploads\/2023\/04\/Senza-nome-27.jpg\" width=\"194\" height=\"143\" \/>BELLUNO<\/strong><\/p>\n<p><strong>ROBERTO BONA<\/strong><\/p>\n<p>&nbsp;<\/p>\n<audio class=\"wp-audio-shortcode\" id=\"audio-332300-20\" preload=\"none\" style=\"width: 100%;\" controls=\"controls\"><source type=\"audio\/mpeg\" src=\"https:\/\/www.radiopiu.net\/wordpress\/wp-content\/uploads\/2023\/04\/AnnaRosaNonMuore-1.mp3?_=20\" \/><a href=\"https:\/\/www.radiopiu.net\/wordpress\/wp-content\/uploads\/2023\/04\/AnnaRosaNonMuore-1.mp3\">https:\/\/www.radiopiu.net\/wordpress\/wp-content\/uploads\/2023\/04\/AnnaRosaNonMuore-1.mp3<\/a><\/audio>\n<p>&nbsp;<\/p>\n<p>&nbsp;<\/p>\n<hr \/>\n<blockquote>\n<h3><\/h3>\n<h3>AMA DOLOMITI &#8211; LE DIECI PUNTATE ALLA RADIO<\/h3>\n<\/blockquote>\n<p><strong><a class=\"dt-pswp-item\" href=\"https:\/\/www.radiopiu.net\/wordpress\/wp-content\/uploads\/2023\/02\/1239767_1376151945949547_1371470440_n.jpg\" data-dt-img-description=\"\" data-large_image_width=\"744\" data-large_image_height=\"498\"><img loading=\"lazy\" decoding=\"async\" class=\" wp-image-321803 alignleft\" src=\"https:\/\/www.radiopiu.net\/wordpress\/wp-content\/uploads\/2023\/02\/1239767_1376151945949547_1371470440_n-300x201.jpg\" alt=\"\" width=\"172\" height=\"115\" srcset=\"https:\/\/www.radiopiu.net\/wordpress\/wp-content\/uploads\/2023\/02\/1239767_1376151945949547_1371470440_n-300x201.jpg 300w, https:\/\/www.radiopiu.net\/wordpress\/wp-content\/uploads\/2023\/02\/1239767_1376151945949547_1371470440_n.jpg 744w\" sizes=\"auto, (max-width: 172px) 100vw, 172px\" \/><\/a><\/strong><span style=\"color: #000000;\"><span style=\"font-family: Times New Roman, serif;\"><span style=\"font-size: large;\">L\u2019Associazione Ama Dolomiti \u00e8 nata nell\u2019aprile 2010 da un gruppo di persone desiderose di mettere in rete i diversi gruppi di auto mutuo aiuto presenti nella provincia di Belluno, per dare ai medesimi sostegno nella loro attivit\u00e0, visibilit\u00e0 nel territorio e favorire la creazione di nuovi gruppi.\u00a0<\/span><\/span><\/span><\/p>\n<p><strong>PUNTATA 10 17 APRILE 203<\/strong><\/p>\n<p><strong>SPERANZA DEL CADORE, GRUPPO PER UTENTI CON DISABILITA&#8217; E GRUPPO MISTO<\/strong><\/p>\n<audio class=\"wp-audio-shortcode\" id=\"audio-332300-21\" preload=\"none\" style=\"width: 100%;\" controls=\"controls\"><source type=\"audio\/mpeg\" src=\"https:\/\/www.radiopiu.net\/wordpress\/wp-content\/uploads\/2023\/04\/GRUPPO-AMA-10.mp3?_=21\" \/><a href=\"https:\/\/www.radiopiu.net\/wordpress\/wp-content\/uploads\/2023\/04\/GRUPPO-AMA-10.mp3\">https:\/\/www.radiopiu.net\/wordpress\/wp-content\/uploads\/2023\/04\/GRUPPO-AMA-10.mp3<\/a><\/audio>\n<p>&nbsp;<\/p>\n<hr \/>\n<p>&nbsp;<\/p>\n<p><span style=\"color: #ff0000;\"><strong>ALLA RADIO&#8230;<\/strong><\/span><\/p>\n<p>&nbsp;<\/p>\n<blockquote>\n<h3>L&#8217;OM SALVARECH CON ANDREA DA ROIT DELLA PRO LOCO LA VALLE<\/h3>\n<\/blockquote>\n<p><strong><a class=\"dt-pswp-item\" href=\"https:\/\/www.radiopiu.net\/wordpress\/wp-content\/uploads\/2023\/04\/om-salvarech-2023.jpg\" data-dt-img-description=\"\" data-large_image_width=\"2048\" data-large_image_height=\"1072\"><img loading=\"lazy\" decoding=\"async\" class=\" wp-image-331237 alignleft\" src=\"https:\/\/www.radiopiu.net\/wordpress\/wp-content\/uploads\/2023\/04\/om-salvarech-2023-300x157.jpg\" alt=\"\" width=\"204\" height=\"107\" srcset=\"https:\/\/www.radiopiu.net\/wordpress\/wp-content\/uploads\/2023\/04\/om-salvarech-2023-300x157.jpg 300w, https:\/\/www.radiopiu.net\/wordpress\/wp-content\/uploads\/2023\/04\/om-salvarech-2023-1024x536.jpg 1024w, https:\/\/www.radiopiu.net\/wordpress\/wp-content\/uploads\/2023\/04\/om-salvarech-2023-768x402.jpg 768w, https:\/\/www.radiopiu.net\/wordpress\/wp-content\/uploads\/2023\/04\/om-salvarech-2023-1536x804.jpg 1536w, https:\/\/www.radiopiu.net\/wordpress\/wp-content\/uploads\/2023\/04\/om-salvarech-2023.jpg 2048w\" sizes=\"auto, (max-width: 204px) 100vw, 204px\" \/><\/a>di Mirko Mezzacasa<\/strong><\/p>\n<p>OSPITE: Andrea Da Roit, presidente Pro Loco La Valle Agordina<\/p>\n<p><strong>LA VALLE <\/strong>A La Valle due giorni di festa con l&#8217;Om Salvarech. Lunedi 24 aprile, al tendone presentazione della mostra &#8220;vers l&#8217;insuda&#8221;:gli aquerelli dipinti dagli alunni della scuola primaria, dalle 17 l&#8217;apertivo selvatico con Rdj, 19 stand gastronomico, serata danzante con la Spritzband e a seguire dico-tek con Rdj. Martedi 25 aprile al tendone di Conaggia \u201cel merc\u00e0 de l&#8217;insuda\u201d, alle 10 gara podistica Su e do per i coi, memorial Flavio De Cassai, dalle 12 stand gastronomico e dalle 14: preparazione Om Salvarech a Cugnago, sfilata per le vie del paese, alle 16 apertivo selvatico danzante con Eros, alle 19 la cota e quindi gran finale con il testamento e il Falo&#8217; Dell&#8217;Om Salvarech tra i balli con Eros e Karin. Om Salvarech, a LA VALLE AGORDINA. con la Proloco 24-25 Aprile<\/p>\n<audio class=\"wp-audio-shortcode\" id=\"audio-332300-22\" preload=\"none\" style=\"width: 100%;\" controls=\"controls\"><source type=\"audio\/mpeg\" src=\"https:\/\/www.radiopiu.net\/wordpress\/wp-content\/uploads\/2023\/04\/ANDREA-DA-ROIT.mp3?_=22\" \/><a href=\"https:\/\/www.radiopiu.net\/wordpress\/wp-content\/uploads\/2023\/04\/ANDREA-DA-ROIT.mp3\">https:\/\/www.radiopiu.net\/wordpress\/wp-content\/uploads\/2023\/04\/ANDREA-DA-ROIT.mp3<\/a><\/audio>\n<p>&nbsp;<\/p>\n<\/div>\n<blockquote><p>&nbsp;<\/p><\/blockquote>\n<div class=\"message spoilers-container\" dir=\"auto\">\n<hr \/>\n<p>&nbsp;<\/p>\n<\/div>\n<div class=\"message spoilers-container\" dir=\"auto\">\n<div class=\"column\">\n<p><img loading=\"lazy\" decoding=\"async\" class=\"aligncenter wp-image-61954 size-full\" src=\"https:\/\/www.radiopiu.net\/wordpress\/wp-content\/uploads\/2018\/09\/viabilita.jpeg\" sizes=\"auto, (max-width: 800px) 100vw, 800px\" srcset=\"https:\/\/www.radiopiu.net\/wordpress\/wp-content\/uploads\/2018\/09\/viabilita.jpeg 800w, https:\/\/www.radiopiu.net\/wordpress\/wp-content\/uploads\/2018\/09\/viabilita-300x38.jpeg 300w, https:\/\/www.radiopiu.net\/wordpress\/wp-content\/uploads\/2018\/09\/viabilita-768x96.jpeg 768w\" alt=\"\" width=\"800\" height=\"100\" \/><\/p>\n<\/div>\n<\/div>\n<div class=\"message spoilers-container\" dir=\"auto\">\n<div class=\"column\">\n<p>&nbsp;<\/p>\n<\/div>\n<\/div>\n<div class=\"message spoilers-container\" dir=\"auto\">\n<div class=\"column\">\n<div dir=\"ltr\">\n<div class=\"gmail_quote\">\n<div dir=\"ltr\">\n<div class=\"gmail_quote\">\n<blockquote class=\"wp-embedded-content\" data-secret=\"dbfepV9XMn\"><p><a href=\"https:\/\/www.radiopiu.net\/wordpress\/viabilita\/\">viabilita<\/a><\/p><\/blockquote>\n<p><iframe loading=\"lazy\" class=\"wp-embedded-content\" sandbox=\"allow-scripts\" security=\"restricted\" style=\"position: absolute; clip: rect(1px, 1px, 1px, 1px);\" title=\"&#8220;viabilita&#8221; &#8212; Radio Pi\u00f9\" src=\"https:\/\/www.radiopiu.net\/wordpress\/viabilita\/embed\/#?secret=4XU03RmEqb#?secret=dbfepV9XMn\" data-secret=\"dbfepV9XMn\" width=\"600\" height=\"338\" frameborder=\"0\" marginwidth=\"0\" marginheight=\"0\" scrolling=\"no\"><\/iframe><\/p>\n<\/div>\n<\/div>\n<\/div>\n<\/div>\n<\/div>\n<\/div>\n<div class=\"message spoilers-container\" dir=\"auto\">\n<div class=\"column\">\n<div>\n<div dir=\"ltr\">\n<div class=\"gmail_quote\">\n<div dir=\"ltr\">\n<div><\/div>\n<\/div>\n<\/div>\n<\/div>\n<\/div>\n<hr \/>\n<p>&nbsp;<\/p>\n<p><a class=\"dt-pswp-item\" href=\"https:\/\/www.radiopiu.net\/wordpress\/wp-content\/uploads\/2018\/09\/WhatsApp-Image-2018-09-20-at-16.04.06.jpeg\" data-dt-img-description=\"\" data-large_image_width=\"800\" data-large_image_height=\"100\"><img loading=\"lazy\" decoding=\"async\" class=\"wp-image-61378 size-full aligncenter\" src=\"https:\/\/www.radiopiu.net\/wordpress\/wp-content\/uploads\/2018\/09\/WhatsApp-Image-2018-09-20-at-16.04.06.jpeg\" alt=\"\" width=\"800\" height=\"100\" srcset=\"https:\/\/www.radiopiu.net\/wordpress\/wp-content\/uploads\/2018\/09\/WhatsApp-Image-2018-09-20-at-16.04.06.jpeg 800w, https:\/\/www.radiopiu.net\/wordpress\/wp-content\/uploads\/2018\/09\/WhatsApp-Image-2018-09-20-at-16.04.06-300x38.jpeg 300w, https:\/\/www.radiopiu.net\/wordpress\/wp-content\/uploads\/2018\/09\/WhatsApp-Image-2018-09-20-at-16.04.06-768x96.jpeg 768w\" sizes=\"auto, (max-width: 800px) 100vw, 800px\" \/><\/a><\/p>\n<\/div>\n<\/div>\n<div class=\"message spoilers-container\" dir=\"auto\"><center>\u00a0<\/center><center><\/center><center><b>OGGI<\/b><\/center>Residuo maltempo con molte nubi associate a precipitazioni inizialmente diffuse. Al pomeriggio ancora molte nubi, ci\u00f2 nonostante i fenomeni saranno pi\u00f9 sparsi prima di esaurirsi del tutto. Alla sera variabilit\u00e0 con schiarite.<br \/>\n<b>Precipitazioni: <\/b>Inizialmente diffuse, anche a carattere di rovescio. Riduzione del rischio rovesci al pomeriggio. Complessivamente, tra gioved\u00ec pomeriggio e venerd\u00ec, sono previsti cumuli di 10-15 mm sulle Dolomiti<br \/>\n<b>Temperature: <\/b>Minime pressoch\u00e9 stazionarie nelle valli e in lieve rialzo in alta quota, massime in leggero aumento.<\/p>\n<hr \/>\n<p><center><b>DOMANI<\/b><\/center>Tempo discreto\/variabile con transito di nubi alte e medio-alte in grado di velare o di mascherare del tutto il cielo. Occorrer\u00e0 anche considerare il formarsi di nubi basse e di stratocumuli a ridosso dei rilievi su gran parte delle Prealpi e su alcuni settori dolomitici al pomeriggio\/sera.<br \/>\n<b>Precipitazioni: <\/b>Assenti (0%), salvo qualche goccia pomeridiana su Prealpi (10%).<br \/>\n<b>Temperature: <\/b>In generale lieve rialzo, salvo calo delle minime nelle valli.<\/p>\n<hr \/>\n<p><center><b>DOMENICA<\/b><\/center>Residue schiarite mattutine, poi crescente nuvolosit\u00e0 fino a cielo coperto. Dalle ore centrali peggioramento del tempo che risulter\u00e0 in parte perturbato al pomeriggio\/sera, con precipitazioni via via pi\u00f9 diffuse, spesso di debole intensit\u00e0.\u00a0 Temperature minime in rialzo e massime in calo<\/p>\n<hr \/>\n<p><center><b>LUNEDI<\/b><\/center>Maltempo nottetempo con cielo coperto e precipitazioni diffuse, anche moderate, nevose oltre i 1600-1900 m. Al mattino temporanea variabilit\u00e0, prima che il tempo migliori con ritorno di rasserenamenti, sempre pi\u00f9 ampi al pomeriggio. Temperature in generale calo.<\/p>\n<p>&nbsp;<\/p>\n<\/div>\n<div class=\"message spoilers-container\" dir=\"auto\">\n<p>&nbsp;<\/p>\n<\/div>\n<div class=\"message spoilers-container\" dir=\"auto\">\n<hr \/>\n<p>&nbsp;<\/p>\n<p><a class=\"dt-pswp-item\" href=\"https:\/\/www.radiopiu.net\/wordpress\/wp-content\/uploads\/2018\/09\/sport.jpg\" data-dt-img-description=\"\" data-large_image_width=\"800\" data-large_image_height=\"100\"><img loading=\"lazy\" decoding=\"async\" class=\"aligncenter wp-image-60761 size-full\" src=\"https:\/\/www.radiopiu.net\/wordpress\/wp-content\/uploads\/2018\/09\/sport.jpg\" alt=\"\" width=\"800\" height=\"100\" srcset=\"https:\/\/www.radiopiu.net\/wordpress\/wp-content\/uploads\/2018\/09\/sport.jpg 800w, https:\/\/www.radiopiu.net\/wordpress\/wp-content\/uploads\/2018\/09\/sport-300x38.jpg 300w, https:\/\/www.radiopiu.net\/wordpress\/wp-content\/uploads\/2018\/09\/sport-768x96.jpg 768w\" sizes=\"auto, (max-width: 800px) 100vw, 800px\" \/><\/a><\/p>\n<\/div>\n<div class=\"message spoilers-container\" dir=\"auto\">\n<p>&nbsp;<\/p>\n<p><span style=\"color: #0000ff;\"><strong>SCI<\/strong><\/span><\/p>\n<blockquote>\n<h3><strong> <a class=\"dt-pswp-item\" href=\"https:\/\/www.radiopiu.net\/wordpress\/wp-content\/uploads\/2023\/04\/laser-style-italia-campolongo-di-rotzo-22-gen-2023.jpeg\" data-dt-img-description=\"\" data-large_image_width=\"2048\" data-large_image_height=\"1365\"><img loading=\"lazy\" decoding=\"async\" class=\" wp-image-332355 alignleft\" src=\"https:\/\/www.radiopiu.net\/wordpress\/wp-content\/uploads\/2023\/04\/laser-style-italia-campolongo-di-rotzo-22-gen-2023-300x200.jpeg\" alt=\"\" width=\"155\" height=\"103\" srcset=\"https:\/\/www.radiopiu.net\/wordpress\/wp-content\/uploads\/2023\/04\/laser-style-italia-campolongo-di-rotzo-22-gen-2023-300x200.jpeg 300w, https:\/\/www.radiopiu.net\/wordpress\/wp-content\/uploads\/2023\/04\/laser-style-italia-campolongo-di-rotzo-22-gen-2023-1024x683.jpeg 1024w, https:\/\/www.radiopiu.net\/wordpress\/wp-content\/uploads\/2023\/04\/laser-style-italia-campolongo-di-rotzo-22-gen-2023-768x512.jpeg 768w, https:\/\/www.radiopiu.net\/wordpress\/wp-content\/uploads\/2023\/04\/laser-style-italia-campolongo-di-rotzo-22-gen-2023-1536x1024.jpeg 1536w, https:\/\/www.radiopiu.net\/wordpress\/wp-content\/uploads\/2023\/04\/laser-style-italia-campolongo-di-rotzo-22-gen-2023.jpeg 2048w\" sizes=\"auto, (max-width: 155px) 100vw, 155px\" \/><\/a>Domani la premiazione dei Campionati regionali veneti di sci di fondo<\/strong><\/h3>\n<\/blockquote>\n<p>Domani alle 16.30\u00a0 a Seren del Grappa il comitato veneto Fisi premier\u00e0 i migliori atleti e le migliori societ\u00e0 dei Campionati regionali Ragazzi Allievi e Giovani Senior . Oltre alle premiazioni dei primi cinque atleti delle diverse categorie e delle prime tre societ\u00e0 dei due campionati regionali, sabato ci sar\u00e0 spazio anche per l\u2019assegnazione della prima edizione del memorial Giovanni Viel, il\u00a0 giornalista sportivo, grande appassionato e promotore dello sci di fondo, scomparso lo scorso febbraio.<\/p>\n<p>&nbsp;<\/p>\n<p>&nbsp;<\/p>\n<hr \/>\n<p>&nbsp;<\/p>\n<p><span style=\"color: #0000ff;\"><strong>HOCKEY SU GHIACCIO<\/strong><\/span><\/p>\n<blockquote>\n<h3><a class=\"dt-pswp-item\" href=\"https:\/\/www.radiopiu.net\/wordpress\/wp-content\/uploads\/2023\/04\/bcf53b56-0142-0677-1355-1fcdb835e54a-scaled.jpg\" data-dt-img-description=\"\" data-large_image_width=\"2560\" data-large_image_height=\"1707\"><img loading=\"lazy\" decoding=\"async\" class=\" wp-image-332422 alignleft\" src=\"https:\/\/www.radiopiu.net\/wordpress\/wp-content\/uploads\/2023\/04\/bcf53b56-0142-0677-1355-1fcdb835e54a-300x200.jpg\" alt=\"\" width=\"224\" height=\"149\" srcset=\"https:\/\/www.radiopiu.net\/wordpress\/wp-content\/uploads\/2023\/04\/bcf53b56-0142-0677-1355-1fcdb835e54a-300x200.jpg 300w, https:\/\/www.radiopiu.net\/wordpress\/wp-content\/uploads\/2023\/04\/bcf53b56-0142-0677-1355-1fcdb835e54a-1024x683.jpg 1024w, https:\/\/www.radiopiu.net\/wordpress\/wp-content\/uploads\/2023\/04\/bcf53b56-0142-0677-1355-1fcdb835e54a-768x512.jpg 768w, https:\/\/www.radiopiu.net\/wordpress\/wp-content\/uploads\/2023\/04\/bcf53b56-0142-0677-1355-1fcdb835e54a-1536x1024.jpg 1536w, https:\/\/www.radiopiu.net\/wordpress\/wp-content\/uploads\/2023\/04\/bcf53b56-0142-0677-1355-1fcdb835e54a-2048x1365.jpg 2048w\" sizes=\"auto, (max-width: 224px) 100vw, 224px\" \/><\/a>LA SLOVENIA CALA IL POKER CON GLI AZZURRI<\/h3>\n<\/blockquote>\n<p class=\"null\">Si chiude con una sconfitta la prima amichevole di Bled per la Nazionale italiana di hockey, che deve arrendersi per 4 a 2 ai padroni di casa della Slovenia. Match equilibrato nel primo e nel terzo tempo: a risultare fatale \u00e8 infatti la seconda frazione, durante la quale gli Azzurri incassano 3 reti. Di Daniel Tedesco i due goal messi a segno dai ragazzi di coach Mike Keenan, che domani alle ore 13:00 torneranno nuovamente sul ghiaccio per la seconda sfida contro gli sloveni. (foto: Luka Vovk)<\/p>\n<\/div>\n","protected":false},"excerpt":{"rendered":"<p>ISCRIVITI AL NOSTRO CANALE\u00a0 YOUTUBE PER SEGUIRE IN DIRETTA I PRINCIPALI PROGRAMMI DI RADIO PIU&#8217; E LE FUTURE DIRETTE IN ESTERNA. PER ISCRIVERTI CLICCA QUI E PREMI\u00a0 &#8220;Iscriviti&#8221;\u00a0 \u00a0 \u00a0 &nbsp; E anche oggi RADIOPIU si fa in quattro per i suoi ascoltatori&#8230;. 1&#8230;. alle 9.30 SPECIALE BOSTRICO&#8230;LA SERATA A CANALE D&#8217;AGORDO. 2. alle 10.15&hellip;<\/p>\n","protected":false},"author":4,"featured_media":332397,"comment_status":"closed","ping_status":"closed","sticky":false,"template":"","format":"standard","meta":{"_monsterinsights_skip_tracking":false,"_monsterinsights_sitenote_active":false,"_monsterinsights_sitenote_note":"","_monsterinsights_sitenote_category":0,"footnotes":""},"categories":[51,86,49],"tags":[],"class_list":["post-332300","post","type-post","status-publish","format-standard","has-post-thumbnail","hentry","category-evidenza-top","category-gr","category-news-18","category-51","category-86","category-49","description-off"],"img_url":"https:\/\/www.radiopiu.net\/wordpress\/wp-content\/uploads\/2023\/04\/IMG_9635.jpg","_links":{"self":[{"href":"https:\/\/www.radiopiu.net\/wordpress\/wp-json\/wp\/v2\/posts\/332300","targetHints":{"allow":["GET"]}}],"collection":[{"href":"https:\/\/www.radiopiu.net\/wordpress\/wp-json\/wp\/v2\/posts"}],"about":[{"href":"https:\/\/www.radiopiu.net\/wordpress\/wp-json\/wp\/v2\/types\/post"}],"author":[{"embeddable":true,"href":"https:\/\/www.radiopiu.net\/wordpress\/wp-json\/wp\/v2\/users\/4"}],"replies":[{"embeddable":true,"href":"https:\/\/www.radiopiu.net\/wordpress\/wp-json\/wp\/v2\/comments?post=332300"}],"version-history":[{"count":0,"href":"https:\/\/www.radiopiu.net\/wordpress\/wp-json\/wp\/v2\/posts\/332300\/revisions"}],"wp:featuredmedia":[{"embeddable":true,"href":"https:\/\/www.radiopiu.net\/wordpress\/wp-json\/wp\/v2\/media\/332397"}],"wp:attachment":[{"href":"https:\/\/www.radiopiu.net\/wordpress\/wp-json\/wp\/v2\/media?parent=332300"}],"wp:term":[{"taxonomy":"category","embeddable":true,"href":"https:\/\/www.radiopiu.net\/wordpress\/wp-json\/wp\/v2\/categories?post=332300"},{"taxonomy":"post_tag","embeddable":true,"href":"https:\/\/www.radiopiu.net\/wordpress\/wp-json\/wp\/v2\/tags?post=332300"}],"curies":[{"name":"wp","href":"https:\/\/api.w.org\/{rel}","templated":true}]}}