{"id":332363,"date":"2023-04-20T15:29:23","date_gmt":"2023-04-20T13:29:23","guid":{"rendered":"https:\/\/www.radiopiu.net\/wordpress\/?p=332363"},"modified":"2023-04-21T06:05:16","modified_gmt":"2023-04-21T04:05:16","slug":"domani-lo-sciopero-del-personale-inail","status":"publish","type":"post","link":"https:\/\/www.radiopiu.net\/wordpress\/domani-lo-sciopero-del-personale-inail\/","title":{"rendered":"DOMANI LO SCIOPERO DEL PERSONALE INAIL"},"content":{"rendered":"<p><strong><a class=\"dt-pswp-item\" href=\"https:\/\/www.radiopiu.net\/wordpress\/wp-content\/uploads\/2023\/04\/INAIL.png\" data-dt-img-description=\"\" data-large_image_width=\"1200\" data-large_image_height=\"630\"><img loading=\"lazy\" decoding=\"async\" class=\" wp-image-332365 alignleft\" src=\"https:\/\/www.radiopiu.net\/wordpress\/wp-content\/uploads\/2023\/04\/INAIL-300x158.png\" alt=\"\" width=\"201\" height=\"106\" srcset=\"https:\/\/www.radiopiu.net\/wordpress\/wp-content\/uploads\/2023\/04\/INAIL-300x158.png 300w, https:\/\/www.radiopiu.net\/wordpress\/wp-content\/uploads\/2023\/04\/INAIL-1024x538.png 1024w, https:\/\/www.radiopiu.net\/wordpress\/wp-content\/uploads\/2023\/04\/INAIL-768x403.png 768w, https:\/\/www.radiopiu.net\/wordpress\/wp-content\/uploads\/2023\/04\/INAIL.png 1200w\" sizes=\"auto, (max-width: 201px) 100vw, 201px\" \/><\/a>BELLUNO <\/strong>Il personale della Sede INAIL di Belluno aderisce allo sciopero nazionale di tre ore indetto unitariamente dalle rappresentanze sindacali Fp Cgil, Cisl Fp, Confsal Unsa, Usb Pi, Dirstat, Anmi, Flp per venerd\u00ec 21 aprile. Diverse e di notevole portata le motivazioni poste alla base della protesta: la grave crisi degli organici connessa alle difficolt\u00e0 di reclutamento e ad una poco accorta gestione delle assunzioni nell\u2019ultimo decennio, i sempre pi\u00f9 frequenti malfunzionamenti e blocchi nelle procedure informatiche, l\u2019aumento dei carichi di lavoro del personale, che nonostante gli organici ridotti continua a garantire le prestazioni all\u2019utenza. Le Sigle sindacali di categoria aderenti allo sciopero spiegano che da circa un anno i lavoratori della Direzione Territoriale INAIL di Treviso e Belluno hanno iniziato un percorso di mobilitazione attraverso numerose iniziative per denunciare condizioni di lavoro che si stanno facendo via via pi\u00f9 problematiche a causa delle carenze di organico. Per quanto riguarda Belluno, su un organico che prevede 25 unit\u00e0 ne sono al lavoro 18. La situazione \u00e8 aggravata dall\u2019et\u00e0 media dei lavoratori, che porter\u00e0 a numerosi pensionamenti a partire dai prossimi 4\/5 anni. Il recente concorso nazionale per il personale amministrativo &#8211; bandito dopo 12 anni &#8211; e che prevede l\u2019immissione in servizio di 635 lavoratori a livello nazionale, non \u00e8 servito a sanare la situazione. Del tutto analoghe le criticit\u00e0 per il personale sanitario, in cui la carenza nei profili specialistici continua ad essere significativa, anche a causa di un contratto di lavoro meno attrattivo rispetto a quello dei medici dell\u2019INPS e del Servizio Sanitario Nazionale. \u201cManca il personale &#8211; spiega Angelo Costanza della Cisl Fp -, i carichi di lavoro sono sempre pi\u00f9 pesanti e gli strumenti malfunzionanti. I lavoratori stanno oltrepassando la soglia della sopportazione, e il rischio \u00e8 che servizi fondamentali per i cittadini, per i lavoratori e per le aziende subiscano delle pesanti ripercussioni\u201d. La specificit\u00e0 e complessit\u00e0 delle prestazioni erogate dall\u2019INAIL coinvolgono un vasto spettro di figure professionali, che spaziano dall\u2019area amministrativa a quella medica, legale ed ispettiva. Per tutte queste aree si registra un forte stato di preoccupazione, tenuto conto della loro interdipendenza per una erogazione di prestazioni e di servizi di elevata qualit\u00e0. Purtroppo le criticit\u00e0 non riguardano solo il personale, ma anche gli strumenti per lavorare: per quanto nel campo della pubblica amministrazione l\u2019INAIL rappresenti uno degli enti pi\u00f9 avanzati dal punto di vista informatico, i sistemi e le procedure spesso subiscono rallentamenti e blocchi. Le Organizzazioni sindacali fanno presente che in mancanza di un deciso cambio di rotta, l\u2019Istituto corre il concreto rischio di dover contrarre o alla peggio rinunciare a fornire alcuni servizi. Per tale motivo l\u2019unico strumento utile per scongiurare questa eventualit\u00e0 \u00e8 far sentire la voce dei lavoratori tramite lo sciopero, una forma di lotta che non \u00e8 contro l\u2019utenza ma per fare s\u00ec che il livello delle prestazioni possa essere garantito anche per il futuro, consentendo nel contempo al personale di lavorare con professionalit\u00e0 e serenit\u00e0.<\/p>\n<p>&nbsp;<\/p>\n<p>&nbsp;<\/p>\n<p>*******<\/p>\n","protected":false},"excerpt":{"rendered":"<p>BELLUNO Il personale della Sede INAIL di Belluno aderisce allo sciopero nazionale di tre ore indetto unitariamente dalle rappresentanze sindacali Fp Cgil, Cisl Fp, Confsal Unsa, Usb Pi, Dirstat, Anmi, Flp per venerd\u00ec 21 aprile. Diverse e di notevole portata le motivazioni poste alla base della protesta: la grave crisi degli organici connessa alle difficolt\u00e0&hellip;<\/p>\n","protected":false},"author":4,"featured_media":332365,"comment_status":"closed","ping_status":"closed","sticky":false,"template":"","format":"standard","meta":{"_monsterinsights_skip_tracking":false,"_monsterinsights_sitenote_active":false,"_monsterinsights_sitenote_note":"","_monsterinsights_sitenote_category":0,"footnotes":""},"categories":[51,49],"tags":[],"class_list":["post-332363","post","type-post","status-publish","format-standard","has-post-thumbnail","hentry","category-evidenza-top","category-news-18","category-51","category-49","description-off"],"img_url":"https:\/\/www.radiopiu.net\/wordpress\/wp-content\/uploads\/2023\/04\/INAIL.png","_links":{"self":[{"href":"https:\/\/www.radiopiu.net\/wordpress\/wp-json\/wp\/v2\/posts\/332363","targetHints":{"allow":["GET"]}}],"collection":[{"href":"https:\/\/www.radiopiu.net\/wordpress\/wp-json\/wp\/v2\/posts"}],"about":[{"href":"https:\/\/www.radiopiu.net\/wordpress\/wp-json\/wp\/v2\/types\/post"}],"author":[{"embeddable":true,"href":"https:\/\/www.radiopiu.net\/wordpress\/wp-json\/wp\/v2\/users\/4"}],"replies":[{"embeddable":true,"href":"https:\/\/www.radiopiu.net\/wordpress\/wp-json\/wp\/v2\/comments?post=332363"}],"version-history":[{"count":0,"href":"https:\/\/www.radiopiu.net\/wordpress\/wp-json\/wp\/v2\/posts\/332363\/revisions"}],"wp:featuredmedia":[{"embeddable":true,"href":"https:\/\/www.radiopiu.net\/wordpress\/wp-json\/wp\/v2\/media\/332365"}],"wp:attachment":[{"href":"https:\/\/www.radiopiu.net\/wordpress\/wp-json\/wp\/v2\/media?parent=332363"}],"wp:term":[{"taxonomy":"category","embeddable":true,"href":"https:\/\/www.radiopiu.net\/wordpress\/wp-json\/wp\/v2\/categories?post=332363"},{"taxonomy":"post_tag","embeddable":true,"href":"https:\/\/www.radiopiu.net\/wordpress\/wp-json\/wp\/v2\/tags?post=332363"}],"curies":[{"name":"wp","href":"https:\/\/api.w.org\/{rel}","templated":true}]}}