{"id":332385,"date":"2023-04-20T16:54:44","date_gmt":"2023-04-20T14:54:44","guid":{"rendered":"https:\/\/www.radiopiu.net\/wordpress\/?p=332385"},"modified":"2023-04-20T16:56:20","modified_gmt":"2023-04-20T14:56:20","slug":"le-orme-in-concerto-ad-anzu-di-feltre","status":"publish","type":"post","link":"https:\/\/www.radiopiu.net\/wordpress\/le-orme-in-concerto-ad-anzu-di-feltre\/","title":{"rendered":"LE ORME IN CONCERTO AD ANZU&#8217; DI FELTRE"},"content":{"rendered":"<p><strong><a class=\"dt-pswp-item\" href=\"https:\/\/www.radiopiu.net\/wordpress\/wp-content\/uploads\/2023\/04\/21aec439-c41c-42f0-bee4-286116396c6d.jpg\" data-dt-img-description=\"\" data-large_image_width=\"1920\" data-large_image_height=\"1080\"><img loading=\"lazy\" decoding=\"async\" class=\" wp-image-332387 alignleft\" src=\"https:\/\/www.radiopiu.net\/wordpress\/wp-content\/uploads\/2023\/04\/21aec439-c41c-42f0-bee4-286116396c6d-300x169.jpg\" alt=\"\" width=\"201\" height=\"113\" srcset=\"https:\/\/www.radiopiu.net\/wordpress\/wp-content\/uploads\/2023\/04\/21aec439-c41c-42f0-bee4-286116396c6d-300x169.jpg 300w, https:\/\/www.radiopiu.net\/wordpress\/wp-content\/uploads\/2023\/04\/21aec439-c41c-42f0-bee4-286116396c6d-1024x576.jpg 1024w, https:\/\/www.radiopiu.net\/wordpress\/wp-content\/uploads\/2023\/04\/21aec439-c41c-42f0-bee4-286116396c6d-768x432.jpg 768w, https:\/\/www.radiopiu.net\/wordpress\/wp-content\/uploads\/2023\/04\/21aec439-c41c-42f0-bee4-286116396c6d-1536x864.jpg 1536w, https:\/\/www.radiopiu.net\/wordpress\/wp-content\/uploads\/2023\/04\/21aec439-c41c-42f0-bee4-286116396c6d.jpg 1920w\" sizes=\"auto, (max-width: 201px) 100vw, 201px\" \/><\/a>FELTRE<\/strong> Sar\u00e0 un grande evento quello in programma venerd\u00ec 12 maggio ad Anz\u00f9 di Feltre. Sul palco della Sagra di San Vittore arrivano Le Orme assieme a Tony Pagliuca e Tolo Marton, la storia della musica a Feltre. Sar\u00e0 l&#8217;occasione per festeggiare il cinquantesimo compleanno del disco &#8220;Felona e Sorona&#8221;. I biglietti sono in vendita su liveticket.it. Ne abbiamo parlato con gli organizzatori dell&#8217;evento. Il presidente di Feltre Eventi Giulio Zallot e il vicepresidente Ivan Zatta.<\/p>\n<p><em>NELLA FOTO da sinistra: Cinzia Lovat, Ivan Zatta, Giulio Zallot, Maurizio Zatta., Miki dei Rossi (Orme) e Tony Pagliuca<\/em><\/p>\n<p><strong>L&#8217;INTERVISTA<\/strong><\/p>\n<audio class=\"wp-audio-shortcode\" id=\"audio-332385-1\" preload=\"none\" style=\"width: 100%;\" controls=\"controls\"><source type=\"audio\/mpeg\" src=\"https:\/\/www.radiopiu.net\/wordpress\/wp-content\/uploads\/2023\/04\/CONCERTO-LE-ORME.mp3?_=1\" \/><a href=\"https:\/\/www.radiopiu.net\/wordpress\/wp-content\/uploads\/2023\/04\/CONCERTO-LE-ORME.mp3\">https:\/\/www.radiopiu.net\/wordpress\/wp-content\/uploads\/2023\/04\/CONCERTO-LE-ORME.mp3<\/a><\/audio>\n<p>&nbsp;<\/p>\n<p>&nbsp;<\/p>\n<p>*****<\/p>\n","protected":false},"excerpt":{"rendered":"<p>FELTRE Sar\u00e0 un grande evento quello in programma venerd\u00ec 12 maggio ad Anz\u00f9 di Feltre. Sul palco della Sagra di San Vittore arrivano Le Orme assieme a Tony Pagliuca e Tolo Marton, la storia della musica a Feltre. Sar\u00e0 l&#8217;occasione per festeggiare il cinquantesimo compleanno del disco &#8220;Felona e Sorona&#8221;. I biglietti sono in vendita&hellip;<\/p>\n","protected":false},"author":4,"featured_media":332388,"comment_status":"closed","ping_status":"closed","sticky":false,"template":"","format":"standard","meta":{"_monsterinsights_skip_tracking":false,"_monsterinsights_sitenote_active":false,"_monsterinsights_sitenote_note":"","_monsterinsights_sitenote_category":0,"footnotes":""},"categories":[49],"tags":[],"class_list":["post-332385","post","type-post","status-publish","format-standard","has-post-thumbnail","hentry","category-news-18","category-49","description-off"],"img_url":"https:\/\/www.radiopiu.net\/wordpress\/wp-content\/uploads\/2023\/04\/LE-ORME-CONCERTO.jpg","_links":{"self":[{"href":"https:\/\/www.radiopiu.net\/wordpress\/wp-json\/wp\/v2\/posts\/332385","targetHints":{"allow":["GET"]}}],"collection":[{"href":"https:\/\/www.radiopiu.net\/wordpress\/wp-json\/wp\/v2\/posts"}],"about":[{"href":"https:\/\/www.radiopiu.net\/wordpress\/wp-json\/wp\/v2\/types\/post"}],"author":[{"embeddable":true,"href":"https:\/\/www.radiopiu.net\/wordpress\/wp-json\/wp\/v2\/users\/4"}],"replies":[{"embeddable":true,"href":"https:\/\/www.radiopiu.net\/wordpress\/wp-json\/wp\/v2\/comments?post=332385"}],"version-history":[{"count":0,"href":"https:\/\/www.radiopiu.net\/wordpress\/wp-json\/wp\/v2\/posts\/332385\/revisions"}],"wp:featuredmedia":[{"embeddable":true,"href":"https:\/\/www.radiopiu.net\/wordpress\/wp-json\/wp\/v2\/media\/332388"}],"wp:attachment":[{"href":"https:\/\/www.radiopiu.net\/wordpress\/wp-json\/wp\/v2\/media?parent=332385"}],"wp:term":[{"taxonomy":"category","embeddable":true,"href":"https:\/\/www.radiopiu.net\/wordpress\/wp-json\/wp\/v2\/categories?post=332385"},{"taxonomy":"post_tag","embeddable":true,"href":"https:\/\/www.radiopiu.net\/wordpress\/wp-json\/wp\/v2\/tags?post=332385"}],"curies":[{"name":"wp","href":"https:\/\/api.w.org\/{rel}","templated":true}]}}