{"id":332403,"date":"2023-04-20T17:39:23","date_gmt":"2023-04-20T15:39:23","guid":{"rendered":"https:\/\/www.radiopiu.net\/wordpress\/?p=332403"},"modified":"2023-04-20T17:39:23","modified_gmt":"2023-04-20T15:39:23","slug":"agordo-storie-di-alpini-e-di-artisti","status":"publish","type":"post","link":"https:\/\/www.radiopiu.net\/wordpress\/agordo-storie-di-alpini-e-di-artisti\/","title":{"rendered":"AGORDO, STORIE DI ALPINI E DI ARTISTI"},"content":{"rendered":"<p><strong>di Alessandro Savio<\/strong><\/p>\n<p>Il 27 Luglio del 2002 veniva inaugurata la nuova Sede del Gruppo Alpini di Agordo, Taibon e Rivamonte della Sezione di Belluno. La costruzione edificata in Viale Sommariva ad Agordo ospita anche il nucleo di Protezione Civile e venne realizzata con il lavoro di molti volontari interamente a \u201cPiodech\u201d come nel miglior spirito Alpino e con il contributo economico di enti e persone vicine a questo storico sodalizio nato nel lontano 1930. La realizzazione dell\u2019intervento suscit\u00f2 all\u2019epoca molta curiosit\u00e0 e collaborazione nel vedere Veci e Boce lavorare assieme ed il giorno della inaugurazione fu una grande festa con la partecipazione della fanfara di Borsoi \u00a0,di cori e \u00a0molte autorit\u00e0 e penne nere con manifestazioni collaterali di una mostra filatelica , di cartoline d\u2019epoca sul tema, annullo postale ,\u00a0 e stampa di un libretto a ricordo con la storia del Gruppo e vicende degli Alpini presenti in citt\u00e0 fin dalla fine del 1800 nella caserma denominata \u201c22 marzo 1848\u201d tanto voluta dalla gente Agordina e chiusa definitivamente nel 1995.L\u2019inaugurazione della Sede\u00a0 degli Alpini fu un evento significativo ed importante per la comunit\u00e0 di Agordo\u00a0 , tanto che in quel periodo fui contattato dalla signora Giuliana nobile d\u00e9 Manzoni che molto gentilmente\u00a0 mi convoc\u00f2 in villa e don\u00f2 al Gruppo Alpini\u00a0 sei acquerelli su cartoncino raffiguranti delle caricature sul tema degli Alpini da appendere nella nuova sede. Gli acquerelli, di notevoli dimensione (60 x 90) non avevano data, solo la firma, e la signora Giuliana mi disse che erano al palazzo da diversi anni e probabilmente erano stati dipinti appositamente per fare da coreografia in occasione di feste danzanti\u00a0 che si svolgevano saltuariamente presso la sala maggiore\u00a0 della Villa veneta ove erano invitati anche gli ufficiali Alpini\u00a0 della locale caserma. All\u2019epoca facemmo delle ricerche sull\u2019autore ma senza alcun riscontro. Recentemente per\u00f2 tramite una ricerca pi\u00f9 approfondita in internet abbiamo scoperto che l\u2019autore degli acquerelli fu un certo FELIX DE CAVERO discendente di una famiglia nobile spagnola (il padre Antonio era stato ufficiale d\u2019ordinanza di Garibaldi nella campagna dei Vosgi e poi colonnello nell\u2019esercito degli Stati Uniti) FELIX DE CAVERO nacque a Diano Marina nel dicembre del 1908. Diplomatosi nel \u201c30 all\u2019Accademia Linguistica di Belle Arti di Genova, fu tra i pittori protagonisti dell\u2019arte tardo futurismo e esperienze d\u2019avanguardia a Genova e a Milano. Richiamato alle armi nel gennaio del \u201c42 nel 1\u00b0 Alpini, e destinato a Cairo Montenotte, l\u2019armistizio dell\u20198 settembre del \u201c1943 lo sorprese a Monforte, nelle Langhe, dove inizi\u00f2 la sua attivit\u00e0 nella Resistenza con le prime bande e, dal settembre 1944, nel comando della XIV brigata Garibaldi come fotoreporter e redattore del giornale \u201cStella Tricolore\u201d, il periodico clandestino delle formazioni garibaldine langarole. In quel periodo \u00e8 stato uno dei rari fotografi partigiani che scattarono le immagini che costituiscono una delle pi\u00f9 rilevanti raccolte di fotografie d\u2019autore della lotta di liberazione. Nell\u2019Agosto del \u201c45 fu lui l\u2019ideatore della prima mostra della Resistenza a Torino, esposizione che ripropose, ampliata in Francia, a Nizza e Grenoble e successivamente a Genova nel gennaio \u201c46. Il suo era uno sguardo sulla Europa che si ritrover\u00e0 nella esperienza artistica del dopoguerra. Nello stesso 1946 realizz\u00f2 una mostra dell\u2019esercito italiano su incarico del generale Clemente Primieri, gi\u00e0 comandante del Gruppo di combattimento \u201cCremona\u201d. Nel 1953 fu il creatore del Gruppo d\u2019arte Decalage che oper\u00f2 per circa quarant\u2019anni con rilevanti riconoscimenti nazionali ed internazionali. Conclusa l\u2019esperienza del Gruppo dal 1991 si dedic\u00f2 con la figlia Paola, artista e docente Emerita della Accademia Albertina di Torino, alla realizzazione di un nuovo ciclo di opere pittoriche \u201cIncantesimi\u201d . Scompare a Torino il 7 Agosto nel 1994, riposa nella tomba di famiglia al Cimitero Monumentale. Una targa \u2013stele apposta dalla Citt\u00e0 di Torino, ne ricorda la figura di artista e partigiano. Appurate queste notizie ci siamo successivamente messi in contatto con l\u2019Istituto Piemontese per la Storia della Resistenza e della Societ\u00e0 contemporanea \u201cGiorgio Agosti\u201d di Torino e il direttore LUCIANO BOCCALATTE ha risposto con queste cordiali note: Gentilissimo \u00a0\u00a0\u2026\u2026\u2026.. ho letto con piacere la sua mail \u2026.. in anni ormai lontani ho conosciuto personalmente FELIX DE CAVERO e sono in contatto con la figlia Paola, anch\u2019essa artista e docente emerita dell\u2019Accademia Albertina delle Belle Arti di Torino. Abbiamo realizzato nel 2020 una mostra dedicata alle fotografie scattate dal pittore durante la sua partecipazione alla Resistenza nelle Langhe. L\u2019esposizione ha presentato oltre 100 fotografie sulla liberazione di Torino. Purtroppo, a causa della pandemia \u00e8 rimasta aperta per poco tempo, ma abbiamo in programma una mostra ad Alba nel prossimo autunno sulla intera sua produzione fotografica partigiana. I disegni sono molto interessanti, si pu\u00f2 ipotizzare che De Cavero , richiamato alle armi nel 1942\u00a0 nel 1\u00b0 Reggimento Alpini e destinato al Centro di Cairo Montenotte (dove disegn\u00f2 diverse caricature simili ora conservate nell\u2019archivio\u00a0 custodito dalla figlia) li abbia donati a qualche suo commilitone , poich\u00e9 non si sa se il pittore sia stato ad Agordo . Ma questo \u00e8 un punto che si pu\u00f2 chiarire. La ringrazio per questa bella segnalazione, con vive cordialit\u00e0. A questo punto \u00e8 lecito pensare che questa piccola storia \u00a0\u00a0mette in evidenza il passaggio nella Caserma degli Alpini di Agordo a distanza di 8o anni di un grande artista Piemontese ricordato per le sue qualit\u00e0 di pittore, fotografo e partigiano . Un \u00a0grazie alla lungimiranza e sensibilit\u00e0 culturale della signora Giuliana d\u00e9 Manzoni \u00a0per aver conservato per anni questi dipinti , che ovviamente non hanno certo un valore commerciale ma sicuramente un singolare pregio dal punto di vista artistico e di averli poi donati al Gruppo Alpini di Agordo \u2013 Taibon e Rivamonte, che per tradizione hanno saputo valorizzare il ricordo di questi avvenimenti legati a particolari momenti storici della Nazione , oltre che \u00a0alla cultura , al territorio e la fratellanza Alpina. .<\/p>\n\n\t\t\t<style type='text\/css'>\n\t\t\t\t#gallery-1 {\n\t\t\t\t\tmargin: auto;\n\t\t\t\t}\n\t\t\t\t#gallery-1 .gallery-item {\n\t\t\t\t\tfloat: left;\n\t\t\t\t\tmargin-top: 10px;\n\t\t\t\t\ttext-align: center;\n\t\t\t\t\twidth: 25%;\n\t\t\t\t}\n\t\t\t\t#gallery-1 img {\n\t\t\t\t\tborder: 2px solid #cfcfcf;\n\t\t\t\t}\n\t\t\t\t#gallery-1 .gallery-caption {\n\t\t\t\t\tmargin-left: 0;\n\t\t\t\t}\n\t\t\t\t\/* see gallery_shortcode() in wp-includes\/media.php *\/\n\t\t\t<\/style>\n\t\t<div id='gallery-1' class='dt-gallery-container gallery galleryid-332403 gallery-columns-4 gallery-size-thumbnail'><dl class='gallery-item'>\n\t\t\t\t<dt class='gallery-icon landscape'>\n\t\t\t\t\t<a class=\"rollover rollover-zoom dt-pswp-item\" title=\"aaaaa\" data-dt-img-description=\"\" data-large_image_width=\"1221\" data-large_image_height=\"916\"href='https:\/\/www.radiopiu.net\/wordpress\/wp-content\/uploads\/2023\/04\/aaaaa.jpg'><img loading=\"lazy\" decoding=\"async\" width=\"150\" height=\"150\" src=\"https:\/\/www.radiopiu.net\/wordpress\/wp-content\/uploads\/2023\/04\/aaaaa-150x150.jpg\" class=\"attachment-thumbnail size-thumbnail\" alt=\"\" \/><\/a>\n\t\t\t\t<\/dt><\/dl><dl class='gallery-item'>\n\t\t\t\t<dt class='gallery-icon portrait'>\n\t\t\t\t\t<a class=\"rollover rollover-zoom dt-pswp-item\" title=\"bbbbb\" data-dt-img-description=\"\" data-large_image_width=\"829\" data-large_image_height=\"1105\"href='https:\/\/www.radiopiu.net\/wordpress\/wp-content\/uploads\/2023\/04\/bbbbb.jpg'><img loading=\"lazy\" decoding=\"async\" width=\"150\" height=\"150\" src=\"https:\/\/www.radiopiu.net\/wordpress\/wp-content\/uploads\/2023\/04\/bbbbb-150x150.jpg\" class=\"attachment-thumbnail size-thumbnail\" alt=\"\" \/><\/a>\n\t\t\t\t<\/dt><\/dl><dl class='gallery-item'>\n\t\t\t\t<dt class='gallery-icon portrait'>\n\t\t\t\t\t<a class=\"rollover rollover-zoom dt-pswp-item\" title=\"ccccc\" data-dt-img-description=\"\" data-large_image_width=\"740\" data-large_image_height=\"986\"href='https:\/\/www.radiopiu.net\/wordpress\/wp-content\/uploads\/2023\/04\/ccccc.jpg'><img loading=\"lazy\" decoding=\"async\" width=\"150\" height=\"150\" src=\"https:\/\/www.radiopiu.net\/wordpress\/wp-content\/uploads\/2023\/04\/ccccc-150x150.jpg\" class=\"attachment-thumbnail size-thumbnail\" alt=\"\" \/><\/a>\n\t\t\t\t<\/dt><\/dl><dl class='gallery-item'>\n\t\t\t\t<dt class='gallery-icon portrait'>\n\t\t\t\t\t<a class=\"rollover rollover-zoom dt-pswp-item\" title=\"ddddd\" data-dt-img-description=\"\" data-large_image_width=\"730\" data-large_image_height=\"974\"href='https:\/\/www.radiopiu.net\/wordpress\/wp-content\/uploads\/2023\/04\/ddddd.jpg'><img loading=\"lazy\" decoding=\"async\" width=\"150\" height=\"150\" src=\"https:\/\/www.radiopiu.net\/wordpress\/wp-content\/uploads\/2023\/04\/ddddd-150x150.jpg\" class=\"attachment-thumbnail size-thumbnail\" alt=\"\" \/><\/a>\n\t\t\t\t<\/dt><\/dl><br style=\"clear: both\" \/><dl class='gallery-item'>\n\t\t\t\t<dt class='gallery-icon portrait'>\n\t\t\t\t\t<a class=\"rollover rollover-zoom dt-pswp-item\" title=\"eeeee\" data-dt-img-description=\"\" data-large_image_width=\"748\" data-large_image_height=\"996\"href='https:\/\/www.radiopiu.net\/wordpress\/wp-content\/uploads\/2023\/04\/eeeee.jpg'><img loading=\"lazy\" decoding=\"async\" width=\"150\" height=\"150\" src=\"https:\/\/www.radiopiu.net\/wordpress\/wp-content\/uploads\/2023\/04\/eeeee-150x150.jpg\" class=\"attachment-thumbnail size-thumbnail\" alt=\"\" \/><\/a>\n\t\t\t\t<\/dt><\/dl><dl class='gallery-item'>\n\t\t\t\t<dt class='gallery-icon portrait'>\n\t\t\t\t\t<a class=\"rollover rollover-zoom dt-pswp-item\" title=\"fffff\" data-dt-img-description=\"\" data-large_image_width=\"732\" data-large_image_height=\"976\"href='https:\/\/www.radiopiu.net\/wordpress\/wp-content\/uploads\/2023\/04\/fffff.jpg'><img loading=\"lazy\" decoding=\"async\" width=\"150\" height=\"150\" src=\"https:\/\/www.radiopiu.net\/wordpress\/wp-content\/uploads\/2023\/04\/fffff-150x150.jpg\" class=\"attachment-thumbnail size-thumbnail\" alt=\"\" \/><\/a>\n\t\t\t\t<\/dt><\/dl><dl class='gallery-item'>\n\t\t\t\t<dt class='gallery-icon landscape'>\n\t\t\t\t\t<a class=\"rollover rollover-zoom dt-pswp-item\" title=\"gggggg\" data-dt-img-description=\"\" data-large_image_width=\"1014\" data-large_image_height=\"760\"href='https:\/\/www.radiopiu.net\/wordpress\/wp-content\/uploads\/2023\/04\/gggggg.jpg'><img loading=\"lazy\" decoding=\"async\" width=\"150\" height=\"150\" src=\"https:\/\/www.radiopiu.net\/wordpress\/wp-content\/uploads\/2023\/04\/gggggg-150x150.jpg\" class=\"attachment-thumbnail size-thumbnail\" alt=\"\" \/><\/a>\n\t\t\t\t<\/dt><\/dl><dl class='gallery-item'>\n\t\t\t\t<dt class='gallery-icon portrait'>\n\t\t\t\t\t<a class=\"rollover rollover-zoom dt-pswp-item\" title=\"hhhhh\" data-dt-img-description=\"\" data-large_image_width=\"300\" data-large_image_height=\"431\"href='https:\/\/www.radiopiu.net\/wordpress\/wp-content\/uploads\/2023\/04\/hhhhh.jpg'><img loading=\"lazy\" decoding=\"async\" width=\"150\" height=\"150\" src=\"https:\/\/www.radiopiu.net\/wordpress\/wp-content\/uploads\/2023\/04\/hhhhh-150x150.jpg\" class=\"attachment-thumbnail size-thumbnail\" alt=\"\" \/><\/a>\n\t\t\t\t<\/dt><\/dl><br style=\"clear: both\" \/>\n\t\t\t<\/div>\n\n<p>&nbsp;<\/p>\n<p>&nbsp;<\/p>\n<p>*********<\/p>\n","protected":false},"excerpt":{"rendered":"<p>di Alessandro Savio Il 27 Luglio del 2002 veniva inaugurata la nuova Sede del Gruppo Alpini di Agordo, Taibon e Rivamonte della Sezione di Belluno. La costruzione edificata in Viale Sommariva ad Agordo ospita anche il nucleo di Protezione Civile e venne realizzata con il lavoro di molti volontari interamente a \u201cPiodech\u201d come nel miglior&hellip;<\/p>\n","protected":false},"author":4,"featured_media":332404,"comment_status":"closed","ping_status":"closed","sticky":false,"template":"","format":"standard","meta":{"_monsterinsights_skip_tracking":false,"_monsterinsights_sitenote_active":false,"_monsterinsights_sitenote_note":"","_monsterinsights_sitenote_category":0,"footnotes":""},"categories":[49],"tags":[],"class_list":["post-332403","post","type-post","status-publish","format-standard","has-post-thumbnail","hentry","category-news-18","category-49","description-off"],"img_url":"https:\/\/www.radiopiu.net\/wordpress\/wp-content\/uploads\/2023\/04\/aaaaa.jpg","_links":{"self":[{"href":"https:\/\/www.radiopiu.net\/wordpress\/wp-json\/wp\/v2\/posts\/332403","targetHints":{"allow":["GET"]}}],"collection":[{"href":"https:\/\/www.radiopiu.net\/wordpress\/wp-json\/wp\/v2\/posts"}],"about":[{"href":"https:\/\/www.radiopiu.net\/wordpress\/wp-json\/wp\/v2\/types\/post"}],"author":[{"embeddable":true,"href":"https:\/\/www.radiopiu.net\/wordpress\/wp-json\/wp\/v2\/users\/4"}],"replies":[{"embeddable":true,"href":"https:\/\/www.radiopiu.net\/wordpress\/wp-json\/wp\/v2\/comments?post=332403"}],"version-history":[{"count":0,"href":"https:\/\/www.radiopiu.net\/wordpress\/wp-json\/wp\/v2\/posts\/332403\/revisions"}],"wp:featuredmedia":[{"embeddable":true,"href":"https:\/\/www.radiopiu.net\/wordpress\/wp-json\/wp\/v2\/media\/332404"}],"wp:attachment":[{"href":"https:\/\/www.radiopiu.net\/wordpress\/wp-json\/wp\/v2\/media?parent=332403"}],"wp:term":[{"taxonomy":"category","embeddable":true,"href":"https:\/\/www.radiopiu.net\/wordpress\/wp-json\/wp\/v2\/categories?post=332403"},{"taxonomy":"post_tag","embeddable":true,"href":"https:\/\/www.radiopiu.net\/wordpress\/wp-json\/wp\/v2\/tags?post=332403"}],"curies":[{"name":"wp","href":"https:\/\/api.w.org\/{rel}","templated":true}]}}