{"id":332414,"date":"2023-04-20T18:32:30","date_gmt":"2023-04-20T16:32:30","guid":{"rendered":"https:\/\/www.radiopiu.net\/wordpress\/?p=332414"},"modified":"2023-04-20T18:32:30","modified_gmt":"2023-04-20T16:32:30","slug":"un-inizio-anno-positivo-per-essilorluxottica-fatturato-in-crescita-del-97-rispetto-al-2022","status":"publish","type":"post","link":"https:\/\/www.radiopiu.net\/wordpress\/un-inizio-anno-positivo-per-essilorluxottica-fatturato-in-crescita-del-97-rispetto-al-2022\/","title":{"rendered":"UN INIZIO ANNO POSITIVO PER ESSILORLUXOTTICA. FATTURATO IN CRESCITA DEL 9,7% RISPETTO AL 2022"},"content":{"rendered":"<p><strong><a class=\"dt-pswp-item\" href=\"https:\/\/www.radiopiu.net\/wordpress\/wp-content\/uploads\/2022\/02\/EL_Logotype_black.png\" data-dt-img-description=\"\" data-large_image_width=\"4831\" data-large_image_height=\"525\"><img loading=\"lazy\" decoding=\"async\" class=\" wp-image-257725 alignleft\" src=\"https:\/\/www.radiopiu.net\/wordpress\/wp-content\/uploads\/2022\/02\/EL_Logotype_black-300x33.png\" alt=\"\" width=\"209\" height=\"23\" srcset=\"https:\/\/www.radiopiu.net\/wordpress\/wp-content\/uploads\/2022\/02\/EL_Logotype_black-300x33.png 300w, https:\/\/www.radiopiu.net\/wordpress\/wp-content\/uploads\/2022\/02\/EL_Logotype_black-1024x111.png 1024w, https:\/\/www.radiopiu.net\/wordpress\/wp-content\/uploads\/2022\/02\/EL_Logotype_black-768x83.png 768w, https:\/\/www.radiopiu.net\/wordpress\/wp-content\/uploads\/2022\/02\/EL_Logotype_black-1536x167.png 1536w, https:\/\/www.radiopiu.net\/wordpress\/wp-content\/uploads\/2022\/02\/EL_Logotype_black-2048x223.png 2048w\" sizes=\"auto, (max-width: 209px) 100vw, 209px\" \/><\/a>CHARENTON-LE-PONT (FRANCIA) <\/strong>EssilorLuxottica annuncia che i ricavi consolidati del primo trimestre 2023 sono stati pari 6.151 milioni di Euro, con un aumento dell&#8217;8,6% a cambi costanti1 rispetto al primo trimestre 2022 (+9,7% a cambi correnti). Francesco Milleri, Presidente e Amministratore Delegato e Paul du Saillant, Vice Amministratore Delegato di EssilorLuxottica hanno dichiarato: \u201cSiamo felici di iniziare l&#8217;anno con un altro trimestre molto positivo grazie al contributo di tutte le aree geografiche e di tutti i canali. Ci\u00f2 che ci rende pi\u00f9 orgogliosi non \u00e8 tanto il risultato quanto il modo in cui l\u2019abbiamo raggiunto. La sostenibilit\u00e0 \u00e8 al centro della strategia aziendale e sar\u00e0 una nostra priorit\u00e0 nel 2023. Continueremo a sviluppare il nostro programma Eyes on the Planet e sostenere la crescita dell&#8217;intero settore nel lungo periodo. Abbiamo iniziato l\u2019anno impegnandoci a definire obiettivi a breve termine di riduzione delle emissioni secondo i criteri SBTi. Abbiamo anche annunciato un nuovo accordo con ERG per la fornitura di energia elettrica prodotta in un parco eolico in Sicilia che coprir\u00e0 la met\u00e0 del nostro fabbisogno in Italia. Questo e ogni futuro investimento in energia da fonti rinnovabili ci consentiranno di portare avanti il nostro impegno per raggiungere la carbon neutrality delle nostre attivit\u00e0 entro l\u2019anno in Europa e il 2025 a livello globale. Tutto questo, unitamente all\u2019impegno per contribuire a eliminare i difetti visivi non corretti per centinaia di milioni di persone nelle comunit\u00e0 svantaggiate, unisce oggi profondamente la nostra organizzazione nel mondo e i nostri stakeholder attorno alla visione di EssilorLuxottica\u201d. Il primo trimestre del 2023 \u00e8 partito molto bene, con una crescita \u201chigh-single digit\u201d rispetto al 2022, in accelerazione sequenziale rispetto al trimestre precedente e rispetto al miglior trimestre dello scorso anno, in crescita dell&#8217;11,5% rispetto al 2021 su base comparabile3 . I mercati in via di sviluppo, AsiaPacifico e America Latina, sono cresciuti pi\u00f9 velocemente dei mercati maturi del Nord America e dell&#8217;EMEA, entrambi in comparazione con il miglior trimestre del 2022. Le principali categorie di prodotto, dagli occhiali da sole\/vista alle lenti fino alle lenti a contatto, sono cresciute a un ritmo omogeneo. Con riferimento ai brand, i nostri principali marchi di lenti e Shamir hanno prodotto ottimi risultati, mentre il lusso \u00e8 stata ancora la categoria migliore per quanto riguarda le montature. Entrambi i segmenti operativi hanno sostenuto la crescita complessiva.<\/p>\n<p>&nbsp;<\/p>\n<p>&nbsp;<\/p>\n<p>*******<\/p>\n","protected":false},"excerpt":{"rendered":"<p>CHARENTON-LE-PONT (FRANCIA) EssilorLuxottica annuncia che i ricavi consolidati del primo trimestre 2023 sono stati pari 6.151 milioni di Euro, con un aumento dell&#8217;8,6% a cambi costanti1 rispetto al primo trimestre 2022 (+9,7% a cambi correnti). Francesco Milleri, Presidente e Amministratore Delegato e Paul du Saillant, Vice Amministratore Delegato di EssilorLuxottica hanno dichiarato: \u201cSiamo felici di&hellip;<\/p>\n","protected":false},"author":4,"featured_media":157799,"comment_status":"closed","ping_status":"closed","sticky":false,"template":"","format":"standard","meta":{"_monsterinsights_skip_tracking":false,"_monsterinsights_sitenote_active":false,"_monsterinsights_sitenote_note":"","_monsterinsights_sitenote_category":0,"footnotes":""},"categories":[51,49],"tags":[],"class_list":["post-332414","post","type-post","status-publish","format-standard","has-post-thumbnail","hentry","category-evidenza-top","category-news-18","category-51","category-49","description-off"],"img_url":"https:\/\/www.radiopiu.net\/wordpress\/wp-content\/uploads\/2020\/08\/LUXOTTICA-2020.jpg","_links":{"self":[{"href":"https:\/\/www.radiopiu.net\/wordpress\/wp-json\/wp\/v2\/posts\/332414","targetHints":{"allow":["GET"]}}],"collection":[{"href":"https:\/\/www.radiopiu.net\/wordpress\/wp-json\/wp\/v2\/posts"}],"about":[{"href":"https:\/\/www.radiopiu.net\/wordpress\/wp-json\/wp\/v2\/types\/post"}],"author":[{"embeddable":true,"href":"https:\/\/www.radiopiu.net\/wordpress\/wp-json\/wp\/v2\/users\/4"}],"replies":[{"embeddable":true,"href":"https:\/\/www.radiopiu.net\/wordpress\/wp-json\/wp\/v2\/comments?post=332414"}],"version-history":[{"count":0,"href":"https:\/\/www.radiopiu.net\/wordpress\/wp-json\/wp\/v2\/posts\/332414\/revisions"}],"wp:featuredmedia":[{"embeddable":true,"href":"https:\/\/www.radiopiu.net\/wordpress\/wp-json\/wp\/v2\/media\/157799"}],"wp:attachment":[{"href":"https:\/\/www.radiopiu.net\/wordpress\/wp-json\/wp\/v2\/media?parent=332414"}],"wp:term":[{"taxonomy":"category","embeddable":true,"href":"https:\/\/www.radiopiu.net\/wordpress\/wp-json\/wp\/v2\/categories?post=332414"},{"taxonomy":"post_tag","embeddable":true,"href":"https:\/\/www.radiopiu.net\/wordpress\/wp-json\/wp\/v2\/tags?post=332414"}],"curies":[{"name":"wp","href":"https:\/\/api.w.org\/{rel}","templated":true}]}}