{"id":332424,"date":"2023-04-22T05:33:17","date_gmt":"2023-04-22T03:33:17","guid":{"rendered":"https:\/\/www.radiopiu.net\/wordpress\/?p=332424"},"modified":"2023-04-22T08:45:20","modified_gmt":"2023-04-22T06:45:20","slug":"giornale-radiopiu-22-aprile-2023-direttore-mirko-mezzacasa-verso-i-40-anni-25-giugno-1983-25-giugno-2023","status":"publish","type":"post","link":"https:\/\/www.radiopiu.net\/wordpress\/giornale-radiopiu-22-aprile-2023-direttore-mirko-mezzacasa-verso-i-40-anni-25-giugno-1983-25-giugno-2023\/","title":{"rendered":"GIORNALE RADIOPIU 22 APRILE 2023 DIRETTORE MIRKO MEZZACASA&#8230;verso i 40 anni 25 giugno 1983-25 giugno 2023"},"content":{"rendered":"<h2 style=\"text-align: left;\"><span style=\"color: #ff0000;\"><span style=\"vertical-align: inherit;\">ISCRIVITI AL NOSTRO CANALE\u00a0 <\/span><\/span><span style=\"vertical-align: inherit;\"> YOUTUBE PER SEGUIRE IN DIRETTA I PRINCIPALI PROGRAMMI DI RADIO PIU&#8217; E LE FUTURE DIRETTE IN ESTERNA. PER ISCRIVERTI <\/span><a style=\"color: #ff0000;\" href=\"https:\/\/youtube.com\/@radiopiu1527\"><span style=\"vertical-align: inherit;\">CLICCA QUI <\/span><\/a><span style=\"color: #ff0000; font-size: 14px; font-weight: normal;\"><span style=\"vertical-align: inherit;\">E PREMI\u00a0 &#8220;Iscriviti&#8221;\u00a0 \u00a0 \u00a0<\/span><\/span><\/h2>\n<p>&nbsp;<\/p>\n<div dir=\"auto\"><span style=\"color: #0000ff;\"><strong><a class=\"dt-pswp-item\" href=\"https:\/\/www.radiopiu.net\/wordpress\/wp-content\/uploads\/2023\/04\/299425376_127615713527331_723294089044761354_n.jpg\" data-dt-img-description=\"\" data-large_image_width=\"640\" data-large_image_height=\"640\"><img loading=\"lazy\" decoding=\"async\" class=\"wp-image-332490 alignleft\" src=\"https:\/\/www.radiopiu.net\/wordpress\/wp-content\/uploads\/2023\/04\/299425376_127615713527331_723294089044761354_n-300x300.jpg\" alt=\"\" width=\"82\" height=\"82\" srcset=\"https:\/\/www.radiopiu.net\/wordpress\/wp-content\/uploads\/2023\/04\/299425376_127615713527331_723294089044761354_n-300x300.jpg 300w, https:\/\/www.radiopiu.net\/wordpress\/wp-content\/uploads\/2023\/04\/299425376_127615713527331_723294089044761354_n-150x150.jpg 150w, https:\/\/www.radiopiu.net\/wordpress\/wp-content\/uploads\/2023\/04\/299425376_127615713527331_723294089044761354_n.jpg 640w\" sizes=\"auto, (max-width: 82px) 100vw, 82px\" \/><\/a>E anche oggi RADIOPIU si fa in quattro\u00a0 per i suoi ascoltatori&#8230;.<\/strong><\/span><\/div>\n<div dir=\"auto\"><strong>1&#8230;.<\/strong> alle 8 la rassegna stampa locale, dal 1983 tutti i giorni puntuale alle otto del mattino<\/div>\n<div dir=\"auto\"><strong>2.<\/strong> &#8230;.alle 10.30 la rassegna stampa settimanale di\u00a0 Gianni Santomaso ospite il sindaco di Agordo Roberto Chissal\u00e8<\/div>\n<div dir=\"auto\"><strong>3&#8230;&#8230;<\/strong>alle 12.30 il giornale radio principale<\/div>\n<div dir=\"auto\"><strong>4<\/strong>. &#8230;.alle 14 elektrochoc con Jacopo Del Tedesco\u00a0 (foto)<\/div>\n<div dir=\"auto\"><\/div>\n<div dir=\"auto\"><\/div>\n<div dir=\"auto\">\n<hr \/>\n<\/div>\n<div dir=\"auto\"><span style=\"color: #0000ff;\"><strong>\u00a0<\/strong><\/span><\/div>\n<div dir=\"auto\"><span style=\"color: #0000ff;\"><strong>DIRETTA FACEBOOK<\/strong><\/span><\/div>\n<blockquote>\n<h3 dir=\"auto\"><a class=\"dt-pswp-item\" href=\"https:\/\/www.radiopiu.net\/wordpress\/wp-content\/uploads\/2023\/04\/Senza-nome-68.jpg\" data-dt-img-description=\"\" data-large_image_width=\"451\" data-large_image_height=\"245\"><img loading=\"lazy\" decoding=\"async\" class=\"wp-image-332574 alignleft\" src=\"https:\/\/www.radiopiu.net\/wordpress\/wp-content\/uploads\/2023\/04\/Senza-nome-68-300x163.jpg\" alt=\"\" width=\"195\" height=\"106\" srcset=\"https:\/\/www.radiopiu.net\/wordpress\/wp-content\/uploads\/2023\/04\/Senza-nome-68-300x163.jpg 300w, https:\/\/www.radiopiu.net\/wordpress\/wp-content\/uploads\/2023\/04\/Senza-nome-68.jpg 451w\" sizes=\"auto, (max-width: 195px) 100vw, 195px\" \/><\/a>\u00a0IERI SERA A CANALE D&#8217;AGORDO, L&#8217;INCONTRO SUL PROBLEMA BOSTRICO<\/h3>\n<\/blockquote>\n<p><strong class=\"photoswipe-wrapper\">CANALE D\u2019AGORDO<\/strong> Quali interventi umani per la lotta al bostrico? Domande alle quali rispondono gli esperti,\u00a0 dalla sala Ex Emigranti di Canale. Interventi di Orazio Andrich assestatore forestale per il Comune di Canale e Andrea Battisti dell\u2019Universit\u00e0 di Padova. <strong>PER RIASCOLTARE E RIVEDERE CLICCA <span style=\"color: #0000ff;\"><a style=\"color: #0000ff;\" href=\"https:\/\/www.facebook.com\/100072244133313\/videos\/1409480919808632\">QUI <\/a><\/span><\/strong><\/p>\n<div dir=\"auto\"><\/div>\n<div dir=\"auto\"><\/div>\n<div dir=\"auto\">\n<hr \/>\n<\/div>\n<div dir=\"auto\"><strong><span style=\"color: #0000ff;\">\u00a0<\/span><\/strong><\/div>\n<div dir=\"auto\"><strong><span style=\"color: #0000ff;\">\u00a0<\/span><\/strong><\/div>\n<div dir=\"auto\"><strong><span style=\"color: #0000ff;\">DIRETTA FACEBOOK\u00a0<\/span><br \/>\n<\/strong><\/div>\n<blockquote>\n<div dir=\"auto\"><strong><em>IERI SERA IN SALA DON TAMIS, LA STORIA DELLA FOTOGRAFIA CON IL DOTTOR ROBERTO FAVERO<\/em><\/strong><\/div>\n<\/blockquote>\n<div dir=\"auto\">\n<p><strong>AGORDO\u00a0 In <\/strong>Sala Don Tamis si \u00e8 tenuta la prima di tre conferenze della serie \u201cDalla fotografia alla video art e all\u2019arte cinetica\u201d. La relazione dal titolo \u201cLa storia della fotografia\u201d\u00a0 del Dott. Roberto Favero.<\/p>\n<\/div>\n<div dir=\"auto\">\n<p>&nbsp;<\/p>\n<p><a href=\"https:\/\/www.facebook.com\/marco.baghy.1\/videos\/748640263406382\">https:\/\/www.facebook.com\/marco.baghy.1\/videos\/748640263406382<\/a><\/p>\n<p>&nbsp;<\/p>\n<p>&nbsp;<\/p>\n<\/div>\n<div dir=\"auto\">\n<hr \/>\n<\/div>\n<p>&nbsp;<\/p>\n<p><strong><a class=\"dt-pswp-item\" href=\"https:\/\/www.radiopiu.net\/wordpress\/wp-content\/uploads\/2023\/04\/SCALE-PRIMO.jpg\" data-dt-img-description=\"\" data-large_image_width=\"316\" data-large_image_height=\"168\"><img loading=\"lazy\" decoding=\"async\" class=\" wp-image-331567 alignleft\" src=\"https:\/\/www.radiopiu.net\/wordpress\/wp-content\/uploads\/2023\/04\/SCALE-PRIMO-300x159.jpg\" alt=\"\" width=\"191\" height=\"101\" srcset=\"https:\/\/www.radiopiu.net\/wordpress\/wp-content\/uploads\/2023\/04\/SCALE-PRIMO-300x159.jpg 300w, https:\/\/www.radiopiu.net\/wordpress\/wp-content\/uploads\/2023\/04\/SCALE-PRIMO.jpg 316w\" sizes=\"auto, (max-width: 191px) 100vw, 191px\" \/><\/a>SR 50 SCALE DI PRIMOLANO,<\/strong>\u00a0Fastro-Primolano,\u00a0dal 13 aprile al 6 maggio\u00a0divieto di transito direzione di marcia Fastro-Primolano per tutti i mezzi superiori alle 3,5 tonnellate, caravan e autocaravan.\u00a0 Deviazioni sulla 50 bis in seguito alla chiusura totale delle gallerie San Vito e Brenta.<\/p>\n<p>Galleria San Vito di Arsi\u00e8 chiusura totale della galleria PER TUTTI I MEZZI durante le notti dal 13 aprile al 6 maggio dale 21 alle\u00a0 6 del mattino successivo<\/p>\n<p><strong>REDAZIONE<\/strong> Veneto Strade comunica che nelle giornate del 26 e 27 aprile, dalle 7 alle 19, verr\u00e0 chiusa al traffico la SP 4 della Val Cantiuna in comune di Alpago. Chiusura necessaria per lavori di posa conglomerato bituminoso.<\/p>\n<p><strong>REDAZIONE\u00a0<\/strong>Veneto Strade comunica che la strada provinciale 346 del Passo San Pellegrino sar\u00e0 interessata da lavori di esbosco per tutto il mese di maggio. Dal 2 al 31 maggio, sabati e domeniche esclusi, il tratto tra Zingari Bassi e Passo Valles verr\u00e0 chiuso al traffico dalle 8 alle 12 e dalle 13 alle 17.<\/p>\n<p>&nbsp;<\/p>\n<p>&nbsp;<\/p>\n<hr \/>\n<p>&nbsp;<\/p>\n<blockquote>\n<h3>ALTRE TRE FAMIGLIE EVACUATE, L&#8217;INCENDIO DELL&#8217;ALTRA NOTTE<\/h3>\n<\/blockquote>\n<p><strong>BELLUNO<\/strong> Fiamme nella notte tra giovedi e venerdi\u00a0 nella palazzina a Bolzano Bellunese. I vigili del fuoco chiamati attorno alle mezzanotte\u00a0 \u00a0per l\u2019incendio dell&#8217;abitazione con una successiva esplosione avvenuta dopo un\u2019ora circa dall\u2019evento: leggermente ferito un vigile del fuoco investito dall\u2019onda d\u2019urto. L\u2019operatore a scopo cautelativo \u00e8 stato portato in pronto soccorso per accertamenti e dopo qualche ora dimesso.\u00a0 Evacuato l\u2019intero stabile di 4 appartamenti e 15 persone.<\/p>\n<blockquote><p><em> L\u2019abitazione di tre piani compreso il tetto ha subito gravi danni anche strutturali. In corso le operazioni dei vigili del fuoco per stabilire le cause dell\u2019incendio e della successiva esplosione.<\/em><\/p><\/blockquote>\n<p><img decoding=\"async\" class=\"aligncenter\" src=\"https:\/\/www.radiopiu.net\/wordpress\/wp-content\/uploads\/2023\/04\/dc28741b-1e57-41a2-a763-5fe9da292b2a-1-300x300.jpg\" \/><\/p>\n<p>&nbsp;<\/p>\n<p><strong>DAL TELEGIORNALE DI ANTENNA 3<\/strong> (ore 19.30 canale 10 digitale terrestre, anticipazioni alla RADIOPIU alle 19)<\/p>\n<p><iframe loading=\"lazy\" title=\"INCENDIO NELLA NOTTE, EVACUATE TRE FAMIGLIE | 21\/04\/2023\" width=\"1200\" height=\"675\" src=\"https:\/\/www.youtube.com\/embed\/CpQiplJJ0tA?feature=oembed\" frameborder=\"0\" allow=\"accelerometer; autoplay; clipboard-write; encrypted-media; gyroscope; picture-in-picture; web-share\" allowfullscreen><\/iframe><\/p>\n<p>&nbsp;<\/p>\n<hr \/>\n<p>&nbsp;<\/p>\n<p>&nbsp;<\/p>\n<blockquote>\n<h3>LA PERDITA IDRICA DI BORGO PIAVE HA I GIORNI CONTATI<\/h3>\n<\/blockquote>\n<p><em><a class=\"dt-pswp-item\" href=\"https:\/\/www.radiopiu.net\/wordpress\/wp-content\/uploads\/2023\/04\/IMG-20230421-WA0000.jpg\" data-dt-img-description=\"\" data-large_image_width=\"1536\" data-large_image_height=\"2048\"><img loading=\"lazy\" decoding=\"async\" class=\"size-medium wp-image-332527 alignleft\" src=\"https:\/\/www.radiopiu.net\/wordpress\/wp-content\/uploads\/2023\/04\/IMG-20230421-WA0000-225x300.jpg\" alt=\"\" width=\"225\" height=\"300\" srcset=\"https:\/\/www.radiopiu.net\/wordpress\/wp-content\/uploads\/2023\/04\/IMG-20230421-WA0000-225x300.jpg 225w, https:\/\/www.radiopiu.net\/wordpress\/wp-content\/uploads\/2023\/04\/IMG-20230421-WA0000-768x1024.jpg 768w, https:\/\/www.radiopiu.net\/wordpress\/wp-content\/uploads\/2023\/04\/IMG-20230421-WA0000-1152x1536.jpg 1152w, https:\/\/www.radiopiu.net\/wordpress\/wp-content\/uploads\/2023\/04\/IMG-20230421-WA0000.jpg 1536w\" sizes=\"auto, (max-width: 225px) 100vw, 225px\" \/><\/a><\/em><strong>BELLUNO<\/strong>\u00a0 Sar\u00e0 realizzata mercoled\u00ec prossimo la riparazione di un\u2019ingente rottura dell\u2019acquedotto riscontrata nei giorni scorsi dai tecnici di Bim Gsp sotto il Ponte della Vittoria, a Belluno, lungo il tubo \u201caereo\u201d ancorato al ponte stesso ed esteso per tutta la lunghezza della struttura. Ed \u00e8 proprio questa rottura la causa del forte getto d\u2019acqua che da qualche giorno e tuttora fuoriesce in caduta libera dalla condotta. La riparazione, gi\u00e0 organizzata e programmata, non potr\u00e0 essere eseguita prima di mercoled\u00ec prossimo per la difficolt\u00e0 di accesso alla tubazione \u2013 posta a circa una quindicina di metri di altezza &#8211; che ha\u00a0 reso necessaria l\u2019individuazione di ditte specializzate nell\u2019esecuzione di lavori in quota, che supporteranno il personale tecnico di Bim Gsp nelle diverse fasi.<\/p>\n<blockquote><p><em>I lavori renderanno necessaria la sospensione della fornitura idrica mercoled\u00ec 26, a partire dalle ore 9 e fino a conclusione delle attivit\u00e0 (in giornata): saranno interessate le vie Fossal, Uniera Dei Zater, Alzaia, S.Nicolo&#8217;, Callunga, Dei Molini e Piazzetta S.Nicolo&#8217;. Le operazioni proseguiranno anche nei giorni a seguire, senza disagi nell\u2019erogazione all\u2019utenza.<\/em><\/p><\/blockquote>\n<p>&nbsp;<\/p>\n<hr \/>\n<p>&nbsp;<\/p>\n<blockquote>\n<h3>ESERCIZIO ABUSIVO DELLA PROFESSIONE, DENTISTI NEI GUAI<\/h3>\n<\/blockquote>\n<p><strong>OGGI SUL CORRIERE DELLE ALPI<\/strong><\/p>\n<p><strong>DI GIGI SOSSO<\/strong><\/p>\n<blockquote><p><em>Paziente ha denunciato tutti: la dentiera gli aveva provocato danni permanenti alla masticazione<\/em><\/p><\/blockquote>\n<p><strong><img loading=\"lazy\" decoding=\"async\" class=\"alignleft\" src=\"https:\/\/www.radiopiu.net\/wordpress\/wp-content\/uploads\/2021\/09\/dentista.jpg\" width=\"248\" height=\"165\" \/>BELLUNO<\/strong> La dentiera non andava bene. Anzi, avrebbe provocato danni permanenti alla masticazione di un paziente, un alpagoto, che ha finito per querelare l&#8217;intero staff di un centro dentale di Borgo Valbelluna: un odontotecnico e due odontoiatri sono finiti in tribunale. Tutti e tre sono accusati di esercizio abusivo di una professione in concorso; lo stesso odontotecnico e uno dei due dentisti devono rispondere anche del reato di lesioni aggravate. L&#8217;odontotecnico, che \u00e8 anche il titolare del centro, avrebbe messo le mani in bocca al cliente, cosa che \u00e8 vietata anche alla presenza del dentista. \u00c8 un artigiano specializzato nella costruzione di protesi dentarie, che gli vengono commissionate dallo stesso medico. &#8230;. il pubblico ministero Marta Tollardo ha chiesto il rinvio a giudizio dei tre al giudice per le udienze preliminari Elisabetta Scolozzi e nessuno degli imputati ha patteggiato i chiesto il rito abbreviato. Il paziente non si \u00e8 costituito parte civile per avere un risarcimento dei danni sofferti, ma \u00e8 ancora in tempo per farlo, a meno che non decida di avviare una causa civile, una strada pi\u00f9 lunga, ma che pu\u00f2 portare allo stesso risultato. Il processo penale partir\u00e0 a maggio<\/p>\n<p>&nbsp;<\/p>\n<hr \/>\n<p>&nbsp;<\/p>\n<blockquote>\n<h3>IL PRESIDENTE MATTARELLA TORNA A LONGARONE PER OMAGGIARE LE VITTIME DEL VAJONT<\/h3>\n<\/blockquote>\n<p><strong><a class=\"dt-pswp-item\" href=\"https:\/\/www.radiopiu.net\/wordpress\/wp-content\/uploads\/2019\/03\/21369.jpg\" data-dt-img-description=\"Il Presidente della Repubblica Sergio Mattarella durante il sorvolo dei luoghi colpiti dall\u2019alluvione del 2018. (foto di Francesco Ammendola, ufficio stampa Presidenza della Repubblica)\" data-large_image_width=\"2835\" data-large_image_height=\"2362\"><img loading=\"lazy\" decoding=\"async\" class=\"wp-image-78984 alignleft\" src=\"https:\/\/www.radiopiu.net\/wordpress\/wp-content\/uploads\/2019\/03\/21369-300x250.jpg\" alt=\"\" width=\"167\" height=\"139\" srcset=\"https:\/\/www.radiopiu.net\/wordpress\/wp-content\/uploads\/2019\/03\/21369-300x250.jpg 300w, https:\/\/www.radiopiu.net\/wordpress\/wp-content\/uploads\/2019\/03\/21369-768x640.jpg 768w, https:\/\/www.radiopiu.net\/wordpress\/wp-content\/uploads\/2019\/03\/21369-1024x853.jpg 1024w\" sizes=\"auto, (max-width: 167px) 100vw, 167px\" \/><\/a>LONGARONE<\/strong> il presidente della Repubblica, Sergio Mattarella, verr\u00e0 sul Vajont per omaggiare le vittime in occasione del 60\u00b0 anniversario. Far\u00e0 memoria dei morti al cimitero monumentale di Fortogna, salir\u00e0 sulla diga, a Longarone porter\u00e0 il suo contributo che, ancora una volta, come hanno fatto altri Capi di Stato, rilancer\u00e0 l&#8217;urgenza della prevenzione. Mattarella era stato a Longarone anche nel 2019.Lo ha detto il sindaco Roberto Padrin, illustrando ieri in municipio a Longarone la prima parte del programma commemorativo<\/p>\n<p>&nbsp;<\/p>\n<hr \/>\n<blockquote>\n<h3><\/h3>\n<h3>VERSO L&#8217;ANNIVERSARIO DEL VAJONT, UN DOZZINA DI EVENTI<\/h3>\n<\/blockquote>\n<p><strong><img loading=\"lazy\" decoding=\"async\" class=\"alignleft\" src=\"https:\/\/www.radiopiu.net\/wordpress\/wp-content\/uploads\/2018\/10\/212px-Diga_del_Vajont_.jpg\" width=\"96\" height=\"136\" \/>LONGARONE\u00a0<\/strong> A meno di sei mesi dalle celebrazioni per il 60esimo anniversario della tragedia del Vajont, partono le prime manifestazioni che accompagneranno la comunit\u00e0 fino al 9 ottobre.<\/p>\n<p>di\u00a0 DANIELE DALVIT<\/p>\n<audio class=\"wp-audio-shortcode\" id=\"audio-332424-1\" preload=\"none\" style=\"width: 100%;\" controls=\"controls\"><source type=\"audio\/mpeg\" src=\"https:\/\/www.radiopiu.net\/wordpress\/wp-content\/uploads\/2023\/04\/Radio-Piu-Servizio-Primi-eventi-Vajont.mp3?_=1\" \/><a href=\"https:\/\/www.radiopiu.net\/wordpress\/wp-content\/uploads\/2023\/04\/Radio-Piu-Servizio-Primi-eventi-Vajont.mp3\">https:\/\/www.radiopiu.net\/wordpress\/wp-content\/uploads\/2023\/04\/Radio-Piu-Servizio-Primi-eventi-Vajont.mp3<\/a><\/audio>\n<p>&nbsp;<\/p>\n<p>&nbsp;<\/p>\n<p>&nbsp;<\/p>\n<hr \/>\n<p>&nbsp;<\/p>\n<blockquote>\n<h3>DAL PNRR 8 MILIONI DI EURO PER LA NUOVA SCUOLA DI LONGARONE<\/h3>\n<\/blockquote>\n<p><strong>LONGARONE\u00a0<\/strong>Nascer\u00e0 grazie ai fondi del PNRR la nuova scuola di Longarone, che riunir\u00e0 materna, elementari e scuola media. I lavori prevedono la demolizione dell&#8217;attuale scuola Gonzaga e l&#8217;edificazione di una nuova struttura.<\/p>\n<p><strong>DI DANIELE DALVIT<\/strong><\/p>\n<audio class=\"wp-audio-shortcode\" id=\"audio-332424-2\" preload=\"none\" style=\"width: 100%;\" controls=\"controls\"><source type=\"audio\/mpeg\" src=\"https:\/\/www.radiopiu.net\/wordpress\/wp-content\/uploads\/2023\/04\/Radio-Piu-Servizio-Nuova-scuola-Longarone.mp3?_=2\" \/><a href=\"https:\/\/www.radiopiu.net\/wordpress\/wp-content\/uploads\/2023\/04\/Radio-Piu-Servizio-Nuova-scuola-Longarone.mp3\">https:\/\/www.radiopiu.net\/wordpress\/wp-content\/uploads\/2023\/04\/Radio-Piu-Servizio-Nuova-scuola-Longarone.mp3<\/a><\/audio>\n<p>&nbsp;<\/p>\n\n\t\t\t<style type='text\/css'>\n\t\t\t\t#gallery-1 {\n\t\t\t\t\tmargin: auto;\n\t\t\t\t}\n\t\t\t\t#gallery-1 .gallery-item {\n\t\t\t\t\tfloat: left;\n\t\t\t\t\tmargin-top: 10px;\n\t\t\t\t\ttext-align: center;\n\t\t\t\t\twidth: 25%;\n\t\t\t\t}\n\t\t\t\t#gallery-1 img {\n\t\t\t\t\tborder: 2px solid #cfcfcf;\n\t\t\t\t}\n\t\t\t\t#gallery-1 .gallery-caption {\n\t\t\t\t\tmargin-left: 0;\n\t\t\t\t}\n\t\t\t\t\/* see gallery_shortcode() in wp-includes\/media.php *\/\n\t\t\t<\/style>\n\t\t<div id='gallery-1' class='dt-gallery-container gallery galleryid-332424 gallery-columns-4 gallery-size-thumbnail'><dl class='gallery-item'>\n\t\t\t\t<dt class='gallery-icon landscape'>\n\t\t\t\t\t<a class=\"rollover rollover-zoom dt-pswp-item\" title=\"842e2a9b-66a3-4ce2-85ce-885c45d75b4d\" data-dt-img-description=\"\" data-large_image_width=\"1024\" data-large_image_height=\"682\"href='https:\/\/www.radiopiu.net\/wordpress\/wp-content\/uploads\/2023\/04\/842e2a9b-66a3-4ce2-85ce-885c45d75b4d.jpg'><img loading=\"lazy\" decoding=\"async\" width=\"150\" height=\"150\" src=\"https:\/\/www.radiopiu.net\/wordpress\/wp-content\/uploads\/2023\/04\/842e2a9b-66a3-4ce2-85ce-885c45d75b4d-150x150.jpg\" class=\"attachment-thumbnail size-thumbnail\" alt=\"\" \/><\/a>\n\t\t\t\t<\/dt><\/dl><dl class='gallery-item'>\n\t\t\t\t<dt class='gallery-icon landscape'>\n\t\t\t\t\t<a class=\"rollover rollover-zoom dt-pswp-item\" title=\"e43bc6af-1866-4f79-a628-b630d9b1549e\" data-dt-img-description=\"\" data-large_image_width=\"1024\" data-large_image_height=\"605\"href='https:\/\/www.radiopiu.net\/wordpress\/wp-content\/uploads\/2023\/04\/e43bc6af-1866-4f79-a628-b630d9b1549e.jpg'><img loading=\"lazy\" decoding=\"async\" width=\"150\" height=\"150\" src=\"https:\/\/www.radiopiu.net\/wordpress\/wp-content\/uploads\/2023\/04\/e43bc6af-1866-4f79-a628-b630d9b1549e-150x150.jpg\" class=\"attachment-thumbnail size-thumbnail\" alt=\"\" \/><\/a>\n\t\t\t\t<\/dt><\/dl><dl class='gallery-item'>\n\t\t\t\t<dt class='gallery-icon landscape'>\n\t\t\t\t\t<a class=\"rollover rollover-zoom dt-pswp-item\" title=\"9d103548-70c5-4c1e-9990-d4a214f950d0\" data-dt-img-description=\"\" data-large_image_width=\"1024\" data-large_image_height=\"843\"href='https:\/\/www.radiopiu.net\/wordpress\/wp-content\/uploads\/2023\/04\/9d103548-70c5-4c1e-9990-d4a214f950d0.jpg'><img loading=\"lazy\" decoding=\"async\" width=\"150\" height=\"150\" src=\"https:\/\/www.radiopiu.net\/wordpress\/wp-content\/uploads\/2023\/04\/9d103548-70c5-4c1e-9990-d4a214f950d0-150x150.jpg\" class=\"attachment-thumbnail size-thumbnail\" alt=\"\" \/><\/a>\n\t\t\t\t<\/dt><\/dl><dl class='gallery-item'>\n\t\t\t\t<dt class='gallery-icon landscape'>\n\t\t\t\t\t<a class=\"rollover rollover-zoom dt-pswp-item\" title=\"465a1021-be13-41a1-b9b7-9f6fff7e836c\" data-dt-img-description=\"\" data-large_image_width=\"1024\" data-large_image_height=\"687\"href='https:\/\/www.radiopiu.net\/wordpress\/wp-content\/uploads\/2023\/04\/465a1021-be13-41a1-b9b7-9f6fff7e836c.jpg'><img loading=\"lazy\" decoding=\"async\" width=\"150\" height=\"150\" src=\"https:\/\/www.radiopiu.net\/wordpress\/wp-content\/uploads\/2023\/04\/465a1021-be13-41a1-b9b7-9f6fff7e836c-150x150.jpg\" class=\"attachment-thumbnail size-thumbnail\" alt=\"\" \/><\/a>\n\t\t\t\t<\/dt><\/dl><br style=\"clear: both\" \/>\n\t\t\t<\/div>\n\n<p>&nbsp;<\/p>\n<hr \/>\n<p>&nbsp;<\/p>\n<p>&nbsp;<\/p>\n<blockquote>\n<h3>CIAO RAGAZZO DI VIA PALU&#8217;<\/h3>\n<p><em>Anche Radio Pi\u00f9 ha perso un ascoltatore, un amico, affezionato della radio e della sua gente.<\/em><\/p><\/blockquote>\n<audio class=\"wp-audio-shortcode\" id=\"audio-332424-3\" preload=\"none\" style=\"width: 100%;\" controls=\"controls\"><source type=\"audio\/mpeg\" src=\"https:\/\/www.radiopiu.net\/wordpress\/wp-content\/uploads\/2023\/04\/05-FEDERICO-SOPPELSA-I-RAGAZZI-DI-VIA-PALU.mp3?_=3\" \/><a href=\"https:\/\/www.radiopiu.net\/wordpress\/wp-content\/uploads\/2023\/04\/05-FEDERICO-SOPPELSA-I-RAGAZZI-DI-VIA-PALU.mp3\">https:\/\/www.radiopiu.net\/wordpress\/wp-content\/uploads\/2023\/04\/05-FEDERICO-SOPPELSA-I-RAGAZZI-DI-VIA-PALU.mp3<\/a><\/audio>\n<p>&nbsp;<\/p>\n<p><a class=\"dt-pswp-item\" href=\"https:\/\/www.radiopiu.net\/wordpress\/wp-content\/uploads\/2023\/04\/4738239a-8dcf-4547-95fe-256726109523.jpg\" data-dt-img-description=\"\" data-large_image_width=\"474\" data-large_image_height=\"474\"><img loading=\"lazy\" decoding=\"async\" class=\"size-medium wp-image-332566 aligncenter\" src=\"https:\/\/www.radiopiu.net\/wordpress\/wp-content\/uploads\/2023\/04\/4738239a-8dcf-4547-95fe-256726109523-300x300.jpg\" alt=\"\" width=\"300\" height=\"300\" srcset=\"https:\/\/www.radiopiu.net\/wordpress\/wp-content\/uploads\/2023\/04\/4738239a-8dcf-4547-95fe-256726109523-300x300.jpg 300w, https:\/\/www.radiopiu.net\/wordpress\/wp-content\/uploads\/2023\/04\/4738239a-8dcf-4547-95fe-256726109523-150x150.jpg 150w, https:\/\/www.radiopiu.net\/wordpress\/wp-content\/uploads\/2023\/04\/4738239a-8dcf-4547-95fe-256726109523.jpg 474w\" sizes=\"auto, (max-width: 300px) 100vw, 300px\" \/><\/a><\/p>\n<p>&nbsp;<\/p>\n<p><strong>CENCENIGHE<\/strong> Dal programma In Vivo Verso, quelle parole emozionanti, quei ricordi dagli anni Sessanta in poi. Abbiamo scelto questo file audio, chiesto in prestito a Brunella Moro, per ricordare un amico. Federico Soppelsa di Cencenighe, mancato ieri. Ha lasciato nel dolore la sua famiglia e i tanti amici non solo del suo paese.<\/p>\n<blockquote>\n<div dir=\"auto\"><em>Eccolo qui, il nostro Federico, il poeta che con la sua amata chitarra accompagna da anni la nostra vallata nelle feste pi\u00f9 importanti .. ciao Federico.. I tuoi scritti nel nostro cuore, per sempre, e.. sorridici, <\/em><em>da dove sei , e suona forte, che ti sentiamo\u2026 <a class=\"x1i10hfl xjbqb8w x6umtig x1b1mbwd xaqea5y xav7gou x9f619 x1ypdohk xt0psk2 xe8uvvx xdj266r x11i5rnm xat24cr x1mh8g0r xexx8yu x4uap5 x18d9i69 xkhd6sd x16tdsg8 x1hl2dhg xggy1nq x1a2a7pz xt0b8zv x1qq9wsj xo1l8bm\" tabindex=\"0\" role=\"link\" href=\"https:\/\/www.facebook.com\/groups\/61488111720\/user\/100000918552103\/?__cft__[0]=AZVgy5WFU1bj8Udi10eRFObW4KBZYht762-ChXMzvil_mK-xXtQo8Vv6wlHXfmxteKMqLJsNBsFaLcY-RfvFSiD27uK86fhdC7m2ETbGSKIHe4HvVbcJe-VYlXzzRiOb3jXzyxNIg3OAePb6vsusWrgHB5XucXEr8yA5-Mrg-YeTUrxnMU5kF_f2dw_yqGniofY&amp;__tn__=-]K-R\"><span class=\"xt0psk2\">Brunella<\/span><\/a><\/em><\/div>\n<\/blockquote>\n<p>&nbsp;<\/p>\n<hr \/>\n<p>&nbsp;<\/p>\n<blockquote>\n<h3>LA FESTA DELLA LIBERAZIONE A SOSPIROLO<\/h3>\n<\/blockquote>\n<p>&nbsp;<\/p>\n<p><strong><a class=\"dt-pswp-item\" href=\"https:\/\/www.radiopiu.net\/wordpress\/wp-content\/uploads\/2020\/04\/bandiera-italia.png\" data-dt-img-description=\"\" data-large_image_width=\"1920\" data-large_image_height=\"1280\"><img loading=\"lazy\" decoding=\"async\" class=\"wp-image-132775 alignleft\" src=\"https:\/\/www.radiopiu.net\/wordpress\/wp-content\/uploads\/2020\/04\/bandiera-italia-300x200.png\" alt=\"\" width=\"167\" height=\"111\" srcset=\"https:\/\/www.radiopiu.net\/wordpress\/wp-content\/uploads\/2020\/04\/bandiera-italia-300x200.png 300w, https:\/\/www.radiopiu.net\/wordpress\/wp-content\/uploads\/2020\/04\/bandiera-italia-1024x683.png 1024w, https:\/\/www.radiopiu.net\/wordpress\/wp-content\/uploads\/2020\/04\/bandiera-italia-768x512.png 768w, https:\/\/www.radiopiu.net\/wordpress\/wp-content\/uploads\/2020\/04\/bandiera-italia-1536x1024.png 1536w, https:\/\/www.radiopiu.net\/wordpress\/wp-content\/uploads\/2020\/04\/bandiera-italia.png 1920w\" sizes=\"auto, (max-width: 167px) 100vw, 167px\" \/><\/a>SOSPIROLO<\/strong><\/p>\n<p>di Roberto Bona<\/p>\n<audio class=\"wp-audio-shortcode\" id=\"audio-332424-4\" preload=\"none\" style=\"width: 100%;\" controls=\"controls\"><source type=\"audio\/mpeg\" src=\"https:\/\/www.radiopiu.net\/wordpress\/wp-content\/uploads\/2023\/04\/BONA-LIBERAZIONE-SOSPIROLO.mp3?_=4\" \/><a href=\"https:\/\/www.radiopiu.net\/wordpress\/wp-content\/uploads\/2023\/04\/BONA-LIBERAZIONE-SOSPIROLO.mp3\">https:\/\/www.radiopiu.net\/wordpress\/wp-content\/uploads\/2023\/04\/BONA-LIBERAZIONE-SOSPIROLO.mp3<\/a><\/audio>\n<p>&nbsp;<\/p>\n<hr \/>\n<blockquote>\n<h3><\/h3>\n<h3>78\u00b0 ANNIVERSARIO DELLA LIBERAZIONE NEL RICORDO DI NICOLOTTO DA CELARDA<\/h3>\n<\/blockquote>\n<p><strong><a class=\"dt-pswp-item\" href=\"https:\/\/www.radiopiu.net\/wordpress\/wp-content\/uploads\/2023\/04\/Senza-nome-65.jpg\" data-dt-img-description=\"\" data-large_image_width=\"413\" data-large_image_height=\"236\"><img loading=\"lazy\" decoding=\"async\" class=\" wp-image-332483 alignleft\" src=\"https:\/\/www.radiopiu.net\/wordpress\/wp-content\/uploads\/2023\/04\/Senza-nome-65-300x171.jpg\" alt=\"\" width=\"249\" height=\"142\" srcset=\"https:\/\/www.radiopiu.net\/wordpress\/wp-content\/uploads\/2023\/04\/Senza-nome-65-300x171.jpg 300w, https:\/\/www.radiopiu.net\/wordpress\/wp-content\/uploads\/2023\/04\/Senza-nome-65.jpg 413w\" sizes=\"auto, (max-width: 249px) 100vw, 249px\" \/><\/a>FELTRE<\/strong><br \/>\nIl programma di martedi 25 aprile, alle 10 raduno in Piazza Isola, 10.15 sfilata fino al Monumento ai Caduti con accompagnamento della Banda citt\u00e0 di Feltre. Alle 10.30 l&#8217;alzabandiera e la deposizione di una corona al Monumento dei Caduti. Alle 11 nell&#8217;aula magna dell&#8217;Istituto Carenzoni presentazione del libro &#8220;Una vita difficile in un secolo breve, storia di Nicolotto da Celarda, il primo partigiano delle montagne bellunesi, di Marcello Della Valentina.<\/p>\n<p>&nbsp;<\/p>\n<p>&nbsp;<\/p>\n<hr \/>\n<blockquote>\n<h3><\/h3>\n<h3>NEL GIORNO DELLA RICORRENZA DEL 25 APRILE, LA STORIA DI TUTTI<\/h3>\n<\/blockquote>\n<p><strong>LIMANA<\/strong> In occasione della ricorrenza della Festa della Liberazione, il comune di Limana organizza un evento con lo storico Marco Perale sugli eventi e protagonisti limanesi durante la Seconda Guerra Mondiale. Appuntamento mercoled\u00ec alle 20:30 al Municipio di Limana.<\/p>\n<p>&nbsp;<\/p>\n<hr \/>\n<p>&nbsp;<\/p>\n<blockquote>\n<h3 style=\"text-align: left;\">CINQUANT&#8217;ANNI FA LA SCOMPARSA DI LUIGINO DUCAPA<\/h3>\n<blockquote><p><span id=\"page29R_mcid4\" class=\"markedContent\"><em><span dir=\"ltr\" role=\"presentation\">sempre vivo il ricordo di un amico\u00a0<\/span>\u00a0<span dir=\"ltr\" role=\"presentation\">che non c<\/span><span dir=\"ltr\" role=\"presentation\">\u2019\u00e8 pi\u00f9.<\/span><\/em><\/span><\/p><\/blockquote>\n<p><span class=\"markedContent\"><span dir=\"ltr\" role=\"presentation\"><strong>SAN GREGORIO NELLE ALPI<\/strong> Si ricorda oggi il\u00a0 \u00a0<\/span><\/span><span id=\"page3R_mcid2\" class=\"markedContent\"><span dir=\"ltr\" role=\"presentation\">5<\/span><span dir=\"ltr\" role=\"presentation\">0\u00b0 Anniversario della scomparsa del V.V.A. Luigino Ducapa. Oggi la passeggiata notturna, domani alle 11 la messa a Ere Basse. Fino al 25 aprile, nel pomeriggio la mostra dei vigili del fuoco.<\/span><\/span><\/p><\/blockquote>\n<p><span id=\"page3R_mcid6\" class=\"markedContent\"><span dir=\"ltr\" role=\"presentation\"><img decoding=\"async\" src=\"https:\/\/www.radiopiu.net\/wordpress\/wp-content\/uploads\/2023\/04\/Senza-nome-2.png\" \/><\/span><\/span><\/p>\n<p><span id=\"page3R_mcid6\" class=\"markedContent\"><span dir=\"ltr\" role=\"presentation\"><strong>SAN GREGORIO<\/strong> Il vigile volontario ausiliario DUCAPA LUIGINO nato a Belluno il 25 agosto 1952, <\/span><span dir=\"ltr\" role=\"presentation\">figlio di DUCAPA Bruno e di SOGNE Eli<\/span><span dir=\"ltr\" role=\"presentation\">sa, entra a far parte del Corpo nazi<\/span><span dir=\"ltr\" role=\"presentation\">onale dei <\/span><span dir=\"ltr\" role=\"presentation\">Vigili del fuoco<\/span> <span dir=\"ltr\" role=\"presentation\">con arruolamento a<\/span> <span dir=\"ltr\" role=\"presentation\">domanda con<\/span> <span dir=\"ltr\" role=\"presentation\">ferma di mesi 18 in data 6 luglio <\/span><span dir=\"ltr\" role=\"presentation\">1972.<\/span><\/span><span id=\"page3R_mcid14\" class=\"markedContent\"><span dir=\"ltr\" role=\"presentation\"> I<\/span><\/span><span id=\"page3R_mcid16\" class=\"markedContent\"><span dir=\"ltr\" role=\"presentation\">l 23 aprile 1973<\/span> <span dir=\"ltr\" role=\"presentation\">giorno di<\/span> <span dir=\"ltr\" role=\"presentation\">Pasquetta<\/span><span dir=\"ltr\" role=\"presentation\">, i<\/span><span dir=\"ltr\" role=\"presentation\">ntervento dei vigili del fuoco per un<\/span> <span dir=\"ltr\" role=\"presentation\">incendio boschivo nei <\/span><span dir=\"ltr\" role=\"presentation\">pressi delle Ere<\/span>\u00a0<span dir=\"ltr\" role=\"presentation\">Basse. P<\/span><\/span><span id=\"page29R_mcid0\" class=\"markedContent\"><span dir=\"ltr\" role=\"presentation\">er meglio affrontare l\u2019evento il Luigino si port\u00f2 in alto, <\/span><span dir=\"ltr\" role=\"presentation\">scivol\u00f2 e <\/span><span dir=\"ltr\" role=\"presentation\">\u00a0<\/span><span dir=\"ltr\" role=\"presentation\">precipit\u00f2 nel dirupo con l<\/span><span dir=\"ltr\" role=\"presentation\">a trag<\/span><span dir=\"ltr\" role=\"presentation\">ica conseguenza.\u00a0<\/span><\/span><\/p>\n\n\t\t\t<style type='text\/css'>\n\t\t\t\t#gallery-2 {\n\t\t\t\t\tmargin: auto;\n\t\t\t\t}\n\t\t\t\t#gallery-2 .gallery-item {\n\t\t\t\t\tfloat: left;\n\t\t\t\t\tmargin-top: 10px;\n\t\t\t\t\ttext-align: center;\n\t\t\t\t\twidth: 25%;\n\t\t\t\t}\n\t\t\t\t#gallery-2 img {\n\t\t\t\t\tborder: 2px solid #cfcfcf;\n\t\t\t\t}\n\t\t\t\t#gallery-2 .gallery-caption {\n\t\t\t\t\tmargin-left: 0;\n\t\t\t\t}\n\t\t\t\t\/* see gallery_shortcode() in wp-includes\/media.php *\/\n\t\t\t<\/style>\n\t\t<div id='gallery-2' class='dt-gallery-container gallery galleryid-332424 gallery-columns-4 gallery-size-thumbnail'><dl class='gallery-item'>\n\t\t\t\t<dt class='gallery-icon portrait'>\n\t\t\t\t\t<a class=\"rollover rollover-zoom dt-pswp-item\" title=\"490e81dc-dd34-40c8-848c-1bffaefe4b06\" data-dt-img-description=\"\" data-large_image_width=\"1200\" data-large_image_height=\"1600\"href='https:\/\/www.radiopiu.net\/wordpress\/wp-content\/uploads\/2023\/04\/490e81dc-dd34-40c8-848c-1bffaefe4b06.jpg'><img loading=\"lazy\" decoding=\"async\" width=\"150\" height=\"150\" src=\"https:\/\/www.radiopiu.net\/wordpress\/wp-content\/uploads\/2023\/04\/490e81dc-dd34-40c8-848c-1bffaefe4b06-150x150.jpg\" class=\"attachment-thumbnail size-thumbnail\" alt=\"\" \/><\/a>\n\t\t\t\t<\/dt><\/dl><dl class='gallery-item'>\n\t\t\t\t<dt class='gallery-icon portrait'>\n\t\t\t\t\t<a class=\"rollover rollover-zoom dt-pswp-item\" title=\"62f37315-aec7-4c5c-8516-f945c8e912aa\" data-dt-img-description=\"\" data-large_image_width=\"1200\" data-large_image_height=\"1600\"href='https:\/\/www.radiopiu.net\/wordpress\/wp-content\/uploads\/2023\/04\/62f37315-aec7-4c5c-8516-f945c8e912aa.jpg'><img loading=\"lazy\" decoding=\"async\" width=\"150\" height=\"150\" src=\"https:\/\/www.radiopiu.net\/wordpress\/wp-content\/uploads\/2023\/04\/62f37315-aec7-4c5c-8516-f945c8e912aa-150x150.jpg\" class=\"attachment-thumbnail size-thumbnail\" alt=\"\" \/><\/a>\n\t\t\t\t<\/dt><\/dl><dl class='gallery-item'>\n\t\t\t\t<dt class='gallery-icon landscape'>\n\t\t\t\t\t<a class=\"rollover rollover-zoom dt-pswp-item\" title=\"dd791dd0-1184-4a38-92d8-12da84f20821\" data-dt-img-description=\"\" data-large_image_width=\"640\" data-large_image_height=\"480\"href='https:\/\/www.radiopiu.net\/wordpress\/wp-content\/uploads\/2023\/04\/dd791dd0-1184-4a38-92d8-12da84f20821.jpg'><img loading=\"lazy\" decoding=\"async\" width=\"150\" height=\"150\" src=\"https:\/\/www.radiopiu.net\/wordpress\/wp-content\/uploads\/2023\/04\/dd791dd0-1184-4a38-92d8-12da84f20821-150x150.jpg\" class=\"attachment-thumbnail size-thumbnail\" alt=\"\" \/><\/a>\n\t\t\t\t<\/dt><\/dl><dl class='gallery-item'>\n\t\t\t\t<dt class='gallery-icon portrait'>\n\t\t\t\t\t<a class=\"rollover rollover-zoom dt-pswp-item\" title=\"5bfe8acb-9c27-4104-8669-00d009b29061\" data-dt-img-description=\"\" data-large_image_width=\"1200\" data-large_image_height=\"1600\"href='https:\/\/www.radiopiu.net\/wordpress\/wp-content\/uploads\/2023\/04\/5bfe8acb-9c27-4104-8669-00d009b29061.jpg'><img loading=\"lazy\" decoding=\"async\" width=\"150\" height=\"150\" src=\"https:\/\/www.radiopiu.net\/wordpress\/wp-content\/uploads\/2023\/04\/5bfe8acb-9c27-4104-8669-00d009b29061-150x150.jpg\" class=\"attachment-thumbnail size-thumbnail\" alt=\"\" \/><\/a>\n\t\t\t\t<\/dt><\/dl><br style=\"clear: both\" \/>\n\t\t\t<\/div>\n\n<p>&nbsp;<\/p>\n<hr \/>\n<p>&nbsp;<\/p>\n<blockquote>\n<h3>ANCHE RIVAMONTE AVRA&#8217; UN CAMPO DI CALCIO DIGNITOSO<\/h3>\n<\/blockquote>\n<p><strong>RIVAMONTE<\/strong><\/p>\n<p><strong>GIANNI SANTOMASO<\/strong><\/p>\n<audio class=\"wp-audio-shortcode\" id=\"audio-332424-5\" preload=\"none\" style=\"width: 100%;\" controls=\"controls\"><source type=\"audio\/mpeg\" src=\"https:\/\/www.radiopiu.net\/wordpress\/wp-content\/uploads\/2023\/04\/GIANNI-RIVAMONTE.mp3?_=5\" \/><a href=\"https:\/\/www.radiopiu.net\/wordpress\/wp-content\/uploads\/2023\/04\/GIANNI-RIVAMONTE.mp3\">https:\/\/www.radiopiu.net\/wordpress\/wp-content\/uploads\/2023\/04\/GIANNI-RIVAMONTE.mp3<\/a><\/audio>\n\n\t\t\t<style type='text\/css'>\n\t\t\t\t#gallery-3 {\n\t\t\t\t\tmargin: auto;\n\t\t\t\t}\n\t\t\t\t#gallery-3 .gallery-item {\n\t\t\t\t\tfloat: left;\n\t\t\t\t\tmargin-top: 10px;\n\t\t\t\t\ttext-align: center;\n\t\t\t\t\twidth: 20%;\n\t\t\t\t}\n\t\t\t\t#gallery-3 img {\n\t\t\t\t\tborder: 2px solid #cfcfcf;\n\t\t\t\t}\n\t\t\t\t#gallery-3 .gallery-caption {\n\t\t\t\t\tmargin-left: 0;\n\t\t\t\t}\n\t\t\t\t\/* see gallery_shortcode() in wp-includes\/media.php *\/\n\t\t\t<\/style>\n\t\t<div id='gallery-3' class='dt-gallery-container gallery galleryid-332424 gallery-columns-5 gallery-size-thumbnail'><dl class='gallery-item'>\n\t\t\t\t<dt class='gallery-icon portrait'>\n\t\t\t\t\t<a class=\"rollover rollover-zoom dt-pswp-item\" title=\"1bcd86a4-8212-4bb5-93f3-89d542c82e72\" data-dt-img-description=\"\" data-large_image_width=\"738\" data-large_image_height=\"1640\"href='https:\/\/www.radiopiu.net\/wordpress\/wp-content\/uploads\/2023\/04\/1bcd86a4-8212-4bb5-93f3-89d542c82e72.jpg'><img loading=\"lazy\" decoding=\"async\" width=\"150\" height=\"150\" src=\"https:\/\/www.radiopiu.net\/wordpress\/wp-content\/uploads\/2023\/04\/1bcd86a4-8212-4bb5-93f3-89d542c82e72-150x150.jpg\" class=\"attachment-thumbnail size-thumbnail\" alt=\"\" \/><\/a>\n\t\t\t\t<\/dt><\/dl><dl class='gallery-item'>\n\t\t\t\t<dt class='gallery-icon landscape'>\n\t\t\t\t\t<a class=\"rollover rollover-zoom dt-pswp-item\" title=\"4e9457b4-2a49-4d39-84ce-d03b9d83e463\" data-dt-img-description=\"\" data-large_image_width=\"1920\" data-large_image_height=\"1080\"href='https:\/\/www.radiopiu.net\/wordpress\/wp-content\/uploads\/2023\/04\/4e9457b4-2a49-4d39-84ce-d03b9d83e463.jpg'><img loading=\"lazy\" decoding=\"async\" width=\"150\" height=\"150\" src=\"https:\/\/www.radiopiu.net\/wordpress\/wp-content\/uploads\/2023\/04\/4e9457b4-2a49-4d39-84ce-d03b9d83e463-150x150.jpg\" class=\"attachment-thumbnail size-thumbnail\" alt=\"\" \/><\/a>\n\t\t\t\t<\/dt><\/dl><dl class='gallery-item'>\n\t\t\t\t<dt class='gallery-icon landscape'>\n\t\t\t\t\t<a class=\"rollover rollover-zoom dt-pswp-item\" title=\"03ec5ec9-6034-4599-bbf8-f5b49f8e0924\" data-dt-img-description=\"\" data-large_image_width=\"1640\" data-large_image_height=\"738\"href='https:\/\/www.radiopiu.net\/wordpress\/wp-content\/uploads\/2023\/04\/03ec5ec9-6034-4599-bbf8-f5b49f8e0924.jpg'><img loading=\"lazy\" decoding=\"async\" width=\"150\" height=\"150\" src=\"https:\/\/www.radiopiu.net\/wordpress\/wp-content\/uploads\/2023\/04\/03ec5ec9-6034-4599-bbf8-f5b49f8e0924-150x150.jpg\" class=\"attachment-thumbnail size-thumbnail\" alt=\"\" \/><\/a>\n\t\t\t\t<\/dt><\/dl><dl class='gallery-item'>\n\t\t\t\t<dt class='gallery-icon landscape'>\n\t\t\t\t\t<a class=\"rollover rollover-zoom dt-pswp-item\" title=\"d65403c0-b39d-4b8f-b01f-b4e112eb6734\" data-dt-img-description=\"\" data-large_image_width=\"2000\" data-large_image_height=\"900\"href='https:\/\/www.radiopiu.net\/wordpress\/wp-content\/uploads\/2023\/04\/d65403c0-b39d-4b8f-b01f-b4e112eb6734.jpg'><img loading=\"lazy\" decoding=\"async\" width=\"150\" height=\"150\" src=\"https:\/\/www.radiopiu.net\/wordpress\/wp-content\/uploads\/2023\/04\/d65403c0-b39d-4b8f-b01f-b4e112eb6734-150x150.jpg\" class=\"attachment-thumbnail size-thumbnail\" alt=\"\" \/><\/a>\n\t\t\t\t<\/dt><\/dl><dl class='gallery-item'>\n\t\t\t\t<dt class='gallery-icon landscape'>\n\t\t\t\t\t<a class=\"rollover rollover-zoom dt-pswp-item\" title=\"a33a82b1-2da6-429f-9333-b87e6a8babe8\" data-dt-img-description=\"\" data-large_image_width=\"2000\" data-large_image_height=\"900\"href='https:\/\/www.radiopiu.net\/wordpress\/wp-content\/uploads\/2023\/04\/a33a82b1-2da6-429f-9333-b87e6a8babe8.jpg'><img loading=\"lazy\" decoding=\"async\" width=\"150\" height=\"150\" src=\"https:\/\/www.radiopiu.net\/wordpress\/wp-content\/uploads\/2023\/04\/a33a82b1-2da6-429f-9333-b87e6a8babe8-150x150.jpg\" class=\"attachment-thumbnail size-thumbnail\" alt=\"\" \/><\/a>\n\t\t\t\t<\/dt><\/dl><br style=\"clear: both\" \/>\n\t\t\t<\/div>\n\n<p>&nbsp;<\/p>\n<p>&nbsp;<\/p>\n<hr \/>\n<p>&nbsp;<\/p>\n<blockquote>\n<h3>ECO PROGETTI PER LE FRAZIONI PONTALPINE<\/h3>\n<\/blockquote>\n<p><a class=\"dt-pswp-item\" href=\"https:\/\/www.radiopiu.net\/wordpress\/wp-content\/uploads\/2023\/04\/Viel_Marta.jpg\" data-dt-img-description=\"\" data-large_image_width=\"600\" data-large_image_height=\"800\"><img loading=\"lazy\" decoding=\"async\" class=\"wp-image-332484 alignleft\" src=\"https:\/\/www.radiopiu.net\/wordpress\/wp-content\/uploads\/2023\/04\/Viel_Marta-225x300.jpg\" alt=\"\" width=\"145\" height=\"193\" srcset=\"https:\/\/www.radiopiu.net\/wordpress\/wp-content\/uploads\/2023\/04\/Viel_Marta-225x300.jpg 225w, https:\/\/www.radiopiu.net\/wordpress\/wp-content\/uploads\/2023\/04\/Viel_Marta.jpg 600w\" sizes=\"auto, (max-width: 145px) 100vw, 145px\" \/><\/a><strong>PONTE NELLE ALPI\u00a0<\/strong> I Comitati frazionali si sono trovati in una partecipata assemblea, all\u2019interno del municipio di Cadola, per valutare e condividere la proposta dell\u2019amministrazione comunale denominata \u201cEco-progetti\u201d. Si tratta di \u201cadottare\u201d e prendersi cura di un parco giochi del proprio paese, un\u2019aiuola, uno spazio ludico-ricreativo, una chiesetta, un capitello, una fontana pubblica, un monumento, un sentiero, una via o una piazza, curandone il decoro. <em>\u00abL\u2019amministrazione comunale ha come principio fondante il sostegno e la valorizzazione delle associazioni di volontariato e dei comitati frazionali &#8211; spiega Marta Viel (foto) &#8211; Lo scorso anno sono stati premiati 13 eco-progetti, ma ora ne abbiamo in cantiere molti di pi\u00f9 perch\u00e9 i limiti imposti dalla pandemia Covid sono stati sciolti. Un ringraziamento va a tutti coloro che si adoperano per rendere pi\u00f9 curate, accoglienti e ordinate le 21 nostre frazioni, mettendo a disposizione delle comunit\u00e0 tempo e mezzi\u00bb.\u00a0<\/em><\/p>\n<p>&nbsp;<\/p>\n<hr \/>\n<p>&nbsp;<\/p>\n<blockquote>\n<h3>\u00a0BENEFICI ECONOMICI PER LE FAMIGLIE DEI NUOVI NATI A SELVA DI CADORE.<\/h3>\n<\/blockquote>\n<p><strong><a class=\"dt-pswp-item\" href=\"https:\/\/www.radiopiu.net\/wordpress\/wp-content\/uploads\/2022\/03\/254026600_962124181039693_1306450083412456774_n.png\" data-dt-img-description=\"\" data-large_image_width=\"390\" data-large_image_height=\"300\"><img loading=\"lazy\" decoding=\"async\" class=\"wp-image-267555 alignleft\" src=\"https:\/\/www.radiopiu.net\/wordpress\/wp-content\/uploads\/2022\/03\/254026600_962124181039693_1306450083412456774_n-300x231.png\" alt=\"\" width=\"152\" height=\"117\" srcset=\"https:\/\/www.radiopiu.net\/wordpress\/wp-content\/uploads\/2022\/03\/254026600_962124181039693_1306450083412456774_n-300x231.png 300w, https:\/\/www.radiopiu.net\/wordpress\/wp-content\/uploads\/2022\/03\/254026600_962124181039693_1306450083412456774_n.png 390w\" sizes=\"auto, (max-width: 152px) 100vw, 152px\" \/><\/a>SELVA DI CADORE<\/strong> Il sindaco Luca Lorenzini ha convocato il consiglio comunale per venerdi alle 17.30. All&#8217;ordine del giorno il conto consuntivo Asca, approvazione del rendiconto 2022, variazione al bilancio di previsione con l&#8217;applicazione dell&#8217;avanzo,\u00a0 regolamento per la concessione dei benefici economici alle famiglie dei nuovi nati, approvazione dello schema di concessione d&#8217;uso a titolo gratuito degli immobili destinati a ecocentro.<\/p>\n<p>&nbsp;<\/p>\n<hr \/>\n<p>&nbsp;<\/p>\n<blockquote>\n<h3>CASSA SOLIDARIETA&#8217; AZIENDALE LUXOTTICA<\/h3>\n<p>&nbsp;<\/p><\/blockquote>\n<blockquote>\n<h3><a class=\"dt-pswp-item\" href=\"https:\/\/www.radiopiu.net\/wordpress\/wp-content\/uploads\/2020\/06\/d888d3f2-a895-4a2e-bc7e-dba64c0be174.jpg\" data-dt-img-description=\"\" data-large_image_width=\"2048\" data-large_image_height=\"1536\"><img loading=\"lazy\" decoding=\"async\" class=\" wp-image-144888 alignleft\" src=\"https:\/\/www.radiopiu.net\/wordpress\/wp-content\/uploads\/2020\/06\/d888d3f2-a895-4a2e-bc7e-dba64c0be174-300x225.jpg\" alt=\"\" width=\"149\" height=\"112\" srcset=\"https:\/\/www.radiopiu.net\/wordpress\/wp-content\/uploads\/2020\/06\/d888d3f2-a895-4a2e-bc7e-dba64c0be174-300x225.jpg 300w, https:\/\/www.radiopiu.net\/wordpress\/wp-content\/uploads\/2020\/06\/d888d3f2-a895-4a2e-bc7e-dba64c0be174-1024x768.jpg 1024w, https:\/\/www.radiopiu.net\/wordpress\/wp-content\/uploads\/2020\/06\/d888d3f2-a895-4a2e-bc7e-dba64c0be174-768x576.jpg 768w, https:\/\/www.radiopiu.net\/wordpress\/wp-content\/uploads\/2020\/06\/d888d3f2-a895-4a2e-bc7e-dba64c0be174-1536x1152.jpg 1536w, https:\/\/www.radiopiu.net\/wordpress\/wp-content\/uploads\/2020\/06\/d888d3f2-a895-4a2e-bc7e-dba64c0be174.jpg 2048w\" sizes=\"auto, (max-width: 149px) 100vw, 149px\" \/><\/a>APPUNTAMENTO MENSILE CON FABRIZIO CAMPEDEL<\/h3>\n<\/blockquote>\n<p><strong>di mirko mezzacasa<\/strong><\/p>\n<p>&nbsp;<\/p>\n<p><strong>LA PUNTATA DEL\u00a0 21 APRILE 2023<\/strong><\/p>\n<audio class=\"wp-audio-shortcode\" id=\"audio-332424-6\" preload=\"none\" style=\"width: 100%;\" controls=\"controls\"><source type=\"audio\/mpeg\" src=\"https:\/\/www.radiopiu.net\/wordpress\/wp-content\/uploads\/2023\/04\/cassa-solidarieta-aprile-2023-1.mp3?_=6\" \/><a href=\"https:\/\/www.radiopiu.net\/wordpress\/wp-content\/uploads\/2023\/04\/cassa-solidarieta-aprile-2023-1.mp3\">https:\/\/www.radiopiu.net\/wordpress\/wp-content\/uploads\/2023\/04\/cassa-solidarieta-aprile-2023-1.mp3<\/a><\/audio>\n<p>&nbsp;<\/p>\n<hr \/>\n<p>&nbsp;<\/p>\n<blockquote>\n<h3>Approvato il nuovo statuto, il Gal Prealpi e Dolomiti assume anche il ruolo di Intesa Programmatica d\u2019Area<\/h3>\n<\/blockquote>\n<p><strong><a class=\"dt-pswp-item\" href=\"https:\/\/www.radiopiu.net\/wordpress\/wp-content\/uploads\/2021\/08\/gal-prealpi.png\" data-dt-img-description=\"\" data-large_image_width=\"439\" data-large_image_height=\"230\"><img loading=\"lazy\" decoding=\"async\" class=\" wp-image-230334 alignleft\" src=\"https:\/\/www.radiopiu.net\/wordpress\/wp-content\/uploads\/2021\/08\/gal-prealpi-300x157.png\" alt=\"\" width=\"212\" height=\"111\" srcset=\"https:\/\/www.radiopiu.net\/wordpress\/wp-content\/uploads\/2021\/08\/gal-prealpi-300x157.png 300w, https:\/\/www.radiopiu.net\/wordpress\/wp-content\/uploads\/2021\/08\/gal-prealpi.png 439w\" sizes=\"auto, (max-width: 212px) 100vw, 212px\" \/><\/a>BORGO VALBELLUNA\u00a0<\/strong> L\u2019assemblea degli associati del Gal Prealpi e Dolomiti ha approvato le modifiche del nuovo statuto che vede lo stesso Gal assumere anche il ruolo di Intesa Programmatica d\u2019Area (IPA).\u00a0 E&#8217;\u00a0stato presentato il Documento Programmatico d\u2019Area, quale bussola di orientamento per il territorio, nato da un percorso partecipativo tenutosi durante lo scorso autunno grazie al quale \u00e8 stata condivisa una Visone strategica al 2040 di lungo termine.<\/p>\n<p>&nbsp;<\/p>\n<p>&nbsp;<\/p>\n<hr \/>\n<blockquote>\n<h3><\/h3>\n<h3>\u00a0FELTRE SI CANDIDA A PUNTO DI ECCELLENZA NELLA FORMAZIONE EUROPEA<\/h3>\n<\/blockquote>\n<p><strong><a class=\"dt-pswp-item\" href=\"https:\/\/www.radiopiu.net\/wordpress\/wp-content\/uploads\/2023\/04\/Delegazione-polacca-Eorodesk.jpg\" data-dt-img-description=\"\" data-large_image_width=\"1600\" data-large_image_height=\"1200\"><img loading=\"lazy\" decoding=\"async\" class=\" wp-image-332521 alignleft\" src=\"https:\/\/www.radiopiu.net\/wordpress\/wp-content\/uploads\/2023\/04\/Delegazione-polacca-Eorodesk-300x225.jpg\" alt=\"\" width=\"259\" height=\"194\" srcset=\"https:\/\/www.radiopiu.net\/wordpress\/wp-content\/uploads\/2023\/04\/Delegazione-polacca-Eorodesk-300x225.jpg 300w, https:\/\/www.radiopiu.net\/wordpress\/wp-content\/uploads\/2023\/04\/Delegazione-polacca-Eorodesk-1024x768.jpg 1024w, https:\/\/www.radiopiu.net\/wordpress\/wp-content\/uploads\/2023\/04\/Delegazione-polacca-Eorodesk-768x576.jpg 768w, https:\/\/www.radiopiu.net\/wordpress\/wp-content\/uploads\/2023\/04\/Delegazione-polacca-Eorodesk-1536x1152.jpg 1536w, https:\/\/www.radiopiu.net\/wordpress\/wp-content\/uploads\/2023\/04\/Delegazione-polacca-Eorodesk.jpg 1600w\" sizes=\"auto, (max-width: 259px) 100vw, 259px\" \/><\/a>FELTRE\u00a0<\/strong> E&#8217; stata accolta in municipio dal sindaco Viviana Fusaro la delegazione proveniente dalla citt\u00e0 di Walcz (Polonia), dell\u2019Istituto internazionale per le scienze, la cultura e l\u2019economia.\u00a0 L\u2019incontro \u00e8 stato organizzato grazie alla collaborazione tra il comune di Feltre e l\u2019associazione EuroPro, gestore del punto Eurodesk della provincia di Belluno che ha\u00a0 portato in provincia la prima delegazione di rappresentanti professori di un\u2019universit\u00e0 della Polonia, con l\u2019obiettivo di promuovere futuri scambi di studenti tra le due citt\u00e0. <em>: \u201cLe caratteristiche del nostro territorio &#8211; dice il sindaco Fusaro .-\u00a0 sono tali per cui \u00e8 possibile creare dei punti di eccellenza nella formazione europea, accogliendo professionalit\u00e0 dagli stati membri dell\u2019Unione. Nello stesso tempo, grazie a queste iniziative, la provincia pu\u00f2 offrire ai propri studenti e lavoratori dei laboratori unici sul territorio, che possono realmente essere dei motori per lo sviluppo di competenze tecniche e culturali\u201d.<\/em><\/p>\n<p>&nbsp;<\/p>\n<hr \/>\n<p>&nbsp;<\/p>\n<blockquote>\n<h3>NOMINE NELLA FONDAZIONE TEATRI DELLE DOLOMITI<\/h3>\n<\/blockquote>\n<p><em> <a class=\"dt-pswp-item\" href=\"https:\/\/www.radiopiu.net\/wordpress\/wp-content\/uploads\/2023\/04\/Ferigutti_1.jpeg\" data-dt-img-description=\"\" data-large_image_width=\"1527\" data-large_image_height=\"1600\"><img loading=\"lazy\" decoding=\"async\" class=\"wp-image-332525 alignright\" src=\"https:\/\/www.radiopiu.net\/wordpress\/wp-content\/uploads\/2023\/04\/Ferigutti_1-286x300.jpeg\" alt=\"\" width=\"173\" height=\"181\" srcset=\"https:\/\/www.radiopiu.net\/wordpress\/wp-content\/uploads\/2023\/04\/Ferigutti_1-286x300.jpeg 286w, https:\/\/www.radiopiu.net\/wordpress\/wp-content\/uploads\/2023\/04\/Ferigutti_1-977x1024.jpeg 977w, https:\/\/www.radiopiu.net\/wordpress\/wp-content\/uploads\/2023\/04\/Ferigutti_1-768x805.jpeg 768w, https:\/\/www.radiopiu.net\/wordpress\/wp-content\/uploads\/2023\/04\/Ferigutti_1-1466x1536.jpeg 1466w, https:\/\/www.radiopiu.net\/wordpress\/wp-content\/uploads\/2023\/04\/Ferigutti_1.jpeg 1527w\" sizes=\"auto, (max-width: 173px) 100vw, 173px\" \/><\/a>E\u2019 Massimo Ferigutti il nuovo presidente<\/em><\/p>\n<p>E\u2019 Massimo Ferigutti il nuovo presidente della Fondazione Teatri delle Dolomiti. Il decreto di nomina \u00e8 stato firmato questa mattina dal sindaco di Belluno, Oscar De Pellegrin. Ferigutti sar\u00e0 affiancato, nel suo impegno, da due consigliere: Francesca Bortoluzzi e Monia Franzolin. \u201cSi apre un capitolo nuovo per la Fondazione Teatri \u2013 commenta il primo cittadino -, l\u2019eredit\u00e0 lasciata \u00e8 pesante in termini economici, sar\u00e0 necessario rivalutare alcune delle modalit\u00e0 operative con le quali si \u00e8 lavorato finora. La volont\u00e0 \u00e8 quella di ridare alla Fondazione quel ruolo di punto di riferimento culturale dell\u2019intera provincia, allargando la compagine a nuovi soci\u201d.<\/p>\n<p><strong>IL PRESIDENTE MASSIMO FERIGUTTI<\/strong><\/p>\n<audio class=\"wp-audio-shortcode\" id=\"audio-332424-7\" preload=\"none\" style=\"width: 100%;\" controls=\"controls\"><source type=\"audio\/mpeg\" src=\"https:\/\/www.radiopiu.net\/wordpress\/wp-content\/uploads\/2023\/04\/FERRIGUTTI.mp3?_=7\" \/><a href=\"https:\/\/www.radiopiu.net\/wordpress\/wp-content\/uploads\/2023\/04\/FERRIGUTTI.mp3\">https:\/\/www.radiopiu.net\/wordpress\/wp-content\/uploads\/2023\/04\/FERRIGUTTI.mp3<\/a><\/audio>\n<p><strong>L&#8217;ASSESSORE ALLA CULTURA RAFFAELE ADDAMIANO\u00a0<\/strong><\/p>\n<audio class=\"wp-audio-shortcode\" id=\"audio-332424-8\" preload=\"none\" style=\"width: 100%;\" controls=\"controls\"><source type=\"audio\/mpeg\" src=\"https:\/\/www.radiopiu.net\/wordpress\/wp-content\/uploads\/2023\/04\/ADDAMIANO.mp3?_=8\" \/><a href=\"https:\/\/www.radiopiu.net\/wordpress\/wp-content\/uploads\/2023\/04\/ADDAMIANO.mp3\">https:\/\/www.radiopiu.net\/wordpress\/wp-content\/uploads\/2023\/04\/ADDAMIANO.mp3<\/a><\/audio>\n<p>&nbsp;<\/p>\n<hr \/>\n<p>&nbsp;<\/p>\n<p>&nbsp;<\/p>\n<blockquote>\n<h3><span id=\"page3R_mcid0\" class=\"markedContent\"><\/span><span id=\"page3R_mcid1\" class=\"markedContent\"><\/span><span id=\"page3R_mcid2\" class=\"markedContent\"><span dir=\"ltr\" role=\"presentation\">Comprensorio delle Prealpi Bellunesi, \u201cSiAmo Belluno\u201d con l&#8217;associazione Belluno <\/span><\/span><span id=\"page3R_mcid3\" class=\"markedContent\"><span dir=\"ltr\" role=\"presentation\">Alpina ne parla a Ronce<\/span><\/span><span id=\"page3R_mcid4\" class=\"markedContent\"><span dir=\"ltr\" role=\"presentation\">,<\/span><\/span><span id=\"page3R_mcid5\" class=\"markedContent\"><\/span><span id=\"page3R_mcid6\" class=\"markedContent\"> <span dir=\"ltr\" role=\"presentation\">in una tavola rotonda<\/span><\/span><\/h3>\n<\/blockquote>\n<p><span id=\"page3R_mcid10\" class=\"markedContent\"><span dir=\"ltr\" role=\"presentation\"><a class=\"dt-pswp-item\" href=\"https:\/\/www.radiopiu.net\/wordpress\/wp-content\/uploads\/2023\/04\/Evento-Belluno-Alpina-05.05.2023-ore-20.00-.png\" data-dt-img-description=\"\" data-large_image_width=\"800\" data-large_image_height=\"800\"><img loading=\"lazy\" decoding=\"async\" class=\" wp-image-332549 alignleft\" src=\"https:\/\/www.radiopiu.net\/wordpress\/wp-content\/uploads\/2023\/04\/Evento-Belluno-Alpina-05.05.2023-ore-20.00--300x300.png\" alt=\"\" width=\"228\" height=\"228\" srcset=\"https:\/\/www.radiopiu.net\/wordpress\/wp-content\/uploads\/2023\/04\/Evento-Belluno-Alpina-05.05.2023-ore-20.00--300x300.png 300w, https:\/\/www.radiopiu.net\/wordpress\/wp-content\/uploads\/2023\/04\/Evento-Belluno-Alpina-05.05.2023-ore-20.00--150x150.png 150w, https:\/\/www.radiopiu.net\/wordpress\/wp-content\/uploads\/2023\/04\/Evento-Belluno-Alpina-05.05.2023-ore-20.00--768x768.png 768w, https:\/\/www.radiopiu.net\/wordpress\/wp-content\/uploads\/2023\/04\/Evento-Belluno-Alpina-05.05.2023-ore-20.00-.png 800w\" sizes=\"auto, (max-width: 228px) 100vw, 228px\" \/><\/a> Il laboratorio politico<\/span><\/span><span id=\"page3R_mcid11\" class=\"markedContent\"> <span dir=\"ltr\" role=\"presentation\">SiAmo Belluno<\/span><\/span><span id=\"page3R_mcid12\" class=\"markedContent\"><span dir=\"ltr\" role=\"presentation\">, allo scopo di promuov<\/span><\/span><span id=\"page3R_mcid13\" class=\"markedContent\"><span dir=\"ltr\" role=\"presentation\">ere l&#8217;eccellenza e le attivit\u00e0 di <\/span><\/span><span id=\"page3R_mcid15\" class=\"markedContent\"><span dir=\"ltr\" role=\"presentation\">alcun<\/span><\/span><span id=\"page3R_mcid16\" class=\"markedContent\"><span dir=\"ltr\" role=\"presentation\">e<\/span> <span dir=\"ltr\" role=\"presentation\">associazioni<\/span> <span dir=\"ltr\" role=\"presentation\">di<\/span> <span dir=\"ltr\" role=\"presentation\">volontariato,<\/span><\/span><span id=\"page3R_mcid17\" class=\"markedContent\"> <span dir=\"ltr\" role=\"presentation\">che<\/span> <span dir=\"ltr\" role=\"presentation\">ben<\/span> <span dir=\"ltr\" role=\"presentation\">operano<\/span> <span dir=\"ltr\" role=\"presentation\">nella<\/span> <span dir=\"ltr\" role=\"presentation\">nostra<\/span> <span dir=\"ltr\" role=\"presentation\">citt\u00e0<\/span> <span dir=\"ltr\" role=\"presentation\">e<\/span> <span dir=\"ltr\" role=\"presentation\">Provincia, <\/span><\/span><span id=\"page3R_mcid19\" class=\"markedContent\"><span dir=\"ltr\" role=\"presentation\">presenta<\/span><\/span><span id=\"page3R_mcid20\" class=\"markedContent\"> <span dir=\"ltr\" role=\"presentation\">il primo dei due incontri in programma nel<\/span><\/span><span id=\"page3R_mcid21\" class=\"markedContent\"> <span dir=\"ltr\" role=\"presentation\">mese di maggio. <span id=\"page3R_mcid24\" class=\"markedContent\">A<\/span><span id=\"page3R_mcid25\" class=\"markedContent\">ssieme all\u2019<\/span><span id=\"page3R_mcid26\" class=\"markedContent\">associazione<\/span><span id=\"page3R_mcid27\" class=\"markedContent\"> \u201c<\/span><span id=\"page3R_mcid28\" class=\"markedContent\">Belluno Alpina<\/span><span id=\"page3R_mcid29\" class=\"markedContent\">\u201d<\/span><span id=\"page3R_mcid30\" class=\"markedContent\">,<\/span><span id=\"page3R_mcid31\" class=\"markedContent\"> che tanto si \u00e8 spesa<\/span><span id=\"page3R_mcid32\" class=\"markedContent\"><\/span><span id=\"page3R_mcid33\" class=\"markedContent\"> in qu<\/span><span id=\"page3R_mcid34\" class=\"markedContent\">esti anni con idee e <\/span><span id=\"page3R_mcid36\" class=\"markedContent\">progetti<\/span><span id=\"page3R_mcid37\" class=\"markedContent\">,<\/span><span id=\"page3R_mcid38\" class=\"markedContent\"><\/span><span id=\"page3R_mcid39\" class=\"markedContent\"> perch\u00e9 la parte alta di Belluno non venisse abbandonata dai propri abitanti e dalle <\/span><span id=\"page3R_mcid41\" class=\"markedContent\">istituzioni,<\/span><span id=\"page3R_mcid42\" class=\"markedContent\"> propone<\/span><span id=\"page3R_mcid43\" class=\"markedContent\"> in data 5 maggio 2023, alle ore 20:00,<\/span><span id=\"page3R_mcid44\" class=\"markedContent\"> presso l\u2019agriturismo &#8220;Le Ronce&#8221; <\/span><span id=\"page3R_mcid47\" class=\"markedContent\">e<\/span><span id=\"page3R_mcid48\" class=\"markedContent\"> moderato dalla giornalista Martina Reolon,<\/span><span id=\"page3R_mcid49\" class=\"markedContent\"><\/span><span id=\"page3R_mcid50\" class=\"markedContent\"> una<\/span><span id=\"page3R_mcid51\" class=\"markedContent\"> \u201c<\/span><span id=\"page3R_mcid52\" class=\"markedContent\">tavola rotonda<\/span><span id=\"page3R_mcid53\" class=\"markedContent\">\u201d<\/span><span id=\"page3R_mcid54\" class=\"markedContent\"><\/span><span id=\"page3R_mcid55\" class=\"markedContent\"> dove<\/span><span id=\"page3R_mcid56\" class=\"markedContent\"> si parler\u00e0<\/span><span id=\"page3R_mcid57\" class=\"markedContent\"><\/span><span id=\"page3R_mcid58\" class=\"markedContent\"> del <\/span><span id=\"page3R_mcid60\" class=\"markedContent\">\u201c<\/span><span id=\"page3R_mcid61\" class=\"markedContent\">Comprensorio delle Prealpi Bellunesi<\/span><span id=\"page3R_mcid62\" class=\"markedContent\">\u201d<\/span><span id=\"page3R_mcid63\" class=\"markedContent\"><\/span><span id=\"page3R_mcid64\" class=\"markedContent\"> e della necessit\u00e0 di una programmazione e <\/span><span id=\"page3R_mcid66\" class=\"markedContent\">progettazione condivisa per lo sviluppo turistico e non solo, della fascia prealpina <\/span><span id=\"page3R_mcid68\" class=\"markedContent\">bellunese (Quantin, Neveg\u00e0l, Ronce, Valmorel e Borgo<\/span><span id=\"page3R_mcid69\" class=\"markedContent\"> Valbelluna) <\/span><span id=\"page3R_mcid72\" class=\"markedContent\">Saranno presenti: i<\/span><span id=\"page3R_mcid73\" class=\"markedContent\"> Sindaci<\/span><span id=\"page3R_mcid74\" class=\"markedContent\"> di Belluno, Borgo Valbelluna, Limana e Ponte nelle Alpi, il <\/span><span id=\"page3R_mcid76\" class=\"markedContent\">Presidente<\/span><span id=\"page3R_mcid77\" class=\"markedContent\"> della Provincia di Belluno e i<\/span><span id=\"page3R_mcid78\" class=\"markedContent\"> Consiglieri<\/span><span id=\"page3R_mcid79\" class=\"markedContent\"> Regionali<\/span><\/span><\/span><\/p>\n<p><strong>BIAGIO GIANNONE<\/strong><\/p>\n<audio class=\"wp-audio-shortcode\" id=\"audio-332424-9\" preload=\"none\" style=\"width: 100%;\" controls=\"controls\"><source type=\"audio\/mpeg\" src=\"https:\/\/www.radiopiu.net\/wordpress\/wp-content\/uploads\/2023\/04\/BIAGIO.mp3?_=9\" \/><a href=\"https:\/\/www.radiopiu.net\/wordpress\/wp-content\/uploads\/2023\/04\/BIAGIO.mp3\">https:\/\/www.radiopiu.net\/wordpress\/wp-content\/uploads\/2023\/04\/BIAGIO.mp3<\/a><\/audio>\n<p>&nbsp;<\/p>\n<p>&nbsp;<\/p>\n<p>&nbsp;<\/p>\n<hr \/>\n<p>&nbsp;<\/p>\n<blockquote>\n<h3>L&#8217;ECOMUSEO DELL&#8217;OCCHIALERIE BELLUNESE<\/h3>\n<\/blockquote>\n<p><strong>PIEVE DI CADORE<\/strong> Gioved\u00ec\u00a0 alle\u00a0 16.30 presso il Museo dell\u2019Occhialee sar\u00e0 presentato il progetto \u201cTerre dell\u2019Occhiale \u2013 Ecomuseo dell\u2019occhialeria bellunese\u201d che mira a creare un ecomuseo dell\u2019occhialeria bellunese collegando i musei e i siti industriali del Cadore e dell\u2019Agordino per valorizzare il patrimonio culturale del distretto, rafforzare l\u2019identit\u00e0 e l\u2019immagine delle imprese e promuovere lo sviluppo del territorio diversificando l\u2019offerta turistica nell\u2019area.<\/p>\n<p>&nbsp;<\/p>\n<hr \/>\n<p>&nbsp;<\/p>\n<blockquote>\n<h3 class=\"entry-title\">L\u2019IMPEGNO PER LA FIBROSI CISTICA, SULLA STRADA DI BICE<\/h3>\n<\/blockquote>\n<p><strong>REDAZIONE <\/strong>Raccolta fondi: <span id=\"page3R_mcid0\" class=\"markedContent\"><span dir=\"ltr\" role=\"presentation\">\u00a0<\/span><\/span><span id=\"page3R_mcid2\" class=\"markedContent\"><span dir=\"ltr\" role=\"presentation\"><strong>SABATO 6<\/strong>\u00a0maggio a\u00a0<\/span><\/span><span id=\"page3R_mcid3\" class=\"markedContent\"><span dir=\"ltr\" role=\"presentation\">Santo Stefano di Cadore, Dosoledo, Agordo, Caviola, Falcade, Castion in Piazza I\u00b0\u00a0<\/span><span dir=\"ltr\" role=\"presentation\">Maggio (Alpini), Puos d<\/span><span dir=\"ltr\" role=\"presentation\">\u2019<\/span><span dir=\"ltr\" role=\"presentation\">Alpago Piazza P. Luciani.\u00a0<\/span><\/span><span id=\"page3R_mcid5\" class=\"markedContent\"><span dir=\"ltr\" role=\"presentation\"><strong>DOMENICA 7 Maggio<\/strong>\u00a0<\/span><\/span><span id=\"page3R_mcid6\" class=\"markedContent\"><span dir=\"ltr\" role=\"presentation\">Parrocchie De Pol (Rivamonte, Tiser, Gosaldo, Frassen\u00e8 e Voltago)\u00a0<\/span><\/span><span id=\"page3R_mcid8\" class=\"markedContent\"><span dir=\"ltr\" role=\"presentation\"><strong>Durante<\/strong>\u00a0la settimana ci sar\u00e0 la recapito porta a posta della<\/span>\u00a0<span dir=\"ltr\" role=\"presentation\">\u201c<\/span><span dir=\"ltr\" role=\"presentation\">dipladenia<\/span><span dir=\"ltr\" role=\"presentation\">\u201d<\/span>\u00a0<span dir=\"ltr\" role=\"presentation\">a Farra\u00a0<\/span><span dir=\"ltr\" role=\"presentation\">d<\/span><span dir=\"ltr\" role=\"presentation\">\u2019<\/span><span dir=\"ltr\" role=\"presentation\">Alpago e Zopp\u00e8 di Cadore\u00a0<\/span><\/span><\/p>\n<p>&nbsp;<\/p>\n<p>&nbsp;<\/p>\n<hr \/>\n<p>&nbsp;<\/p>\n<blockquote>\n<h3>IL PUNTO DI SAN TOMASO<\/h3>\n<\/blockquote>\n<p><strong>SAN TOMASO<\/strong> Tolto il solito &#8220;lettura ed approvazione verbali seduta precedente&#8221;, ci sar\u00e0 un unico punto in discussione al consiglio comunale che il sindaco Moreno De Val ha calendarizzato per marcoledi alle 20. Il punto:\u00a0 approvazione rendiconto della gestione per l&#8217;esercizio 2022.<\/p>\n<p>&nbsp;<\/p>\n<p>&nbsp;<\/p>\n<hr \/>\n<p>&nbsp;<\/p>\n<blockquote>\n<h3>CONSIGLIO COMUNALE MATTUTINO AD AGORDO<\/h3>\n<\/blockquote>\n<p><strong>AGORDO<\/strong> E&#8217; stato convocato per gioved\u00ec mattina alle 8 il consiglio comunale di Agordo. Il sindaco Roberto Chissal\u00e8 ha chiamato a rapporto i consiglieri comunali per trattare 9 punti. Si inizier\u00e0 con la surroga del consigliere dimissionario Federica Zasso con l&#8217;ingresso di Gessica Brancaleone al suo posto. Si parler\u00e0 anche dell&#8217;approvazione del bilancio di ASCA, l&#8217;approvazione del rendiconto della gestione per il 2022, una variazione al DUP, la designazione del nuovo capogruppo della lista &#8220;Per Agordo&#8221;, l&#8217;elezione del rappresentate comunale per l&#8217;Unione Montana Agordina. Inoltre verr\u00e0 discusso un piano di interventi a parcheggi e viabilit\u00e0 a Parech e il recesso del comne di Agordo come socio della Casa di Soggiorno di Taibon.<\/p>\n<p>&nbsp;<\/p>\n<p>&nbsp;<\/p>\n<hr \/>\n<p>&nbsp;<\/p>\n<blockquote>\n<h3>L&#8217;ASSEMBLEA ANNUALE AUSER &#8220;EL BROI&#8221;<\/h3>\n<\/blockquote>\n<p><strong>AGORDO<\/strong> Sabato 29 aprile alle 15:30 \u00e8 convocata l&#8217;assemblea annuale dei soci Auser &#8220;El Broi&#8221; nella sala Don Tamis di Agordo. Si discuter\u00e0 della proposta di aumentare il numero dei componenti del consiglio direttivo, la votazione dei nuovi componenti, la relazione del presidente, il bilancio sociale, l&#8217;aprovazione del bilancio consuntivo 2022 e di previsione 2023. Seguir\u00e0 un momento conviviale nella sede del circolo.<\/p>\n<p>&nbsp;<\/p>\n<p>&nbsp;<\/p>\n<p>&nbsp;<\/p>\n<hr \/>\n<p>&nbsp;<\/p>\n<blockquote>\n<h3>PULIAMO IL TERRITORIO IN RIVA LA LAGO<\/h3>\n<\/blockquote>\n<p><strong>DI GIANNI SANTOMASO<\/strong><\/p>\n<audio class=\"wp-audio-shortcode\" id=\"audio-332424-10\" preload=\"none\" style=\"width: 100%;\" controls=\"controls\"><source type=\"audio\/mpeg\" src=\"https:\/\/www.radiopiu.net\/wordpress\/wp-content\/uploads\/2023\/04\/GIANNI-UNA-GIORNATA-ECOLOGICA-CON-ALPINI-E-COMUNE-DI-ALLEGHE.mp3?_=10\" \/><a href=\"https:\/\/www.radiopiu.net\/wordpress\/wp-content\/uploads\/2023\/04\/GIANNI-UNA-GIORNATA-ECOLOGICA-CON-ALPINI-E-COMUNE-DI-ALLEGHE.mp3\">https:\/\/www.radiopiu.net\/wordpress\/wp-content\/uploads\/2023\/04\/GIANNI-UNA-GIORNATA-ECOLOGICA-CON-ALPINI-E-COMUNE-DI-ALLEGHE.mp3<\/a><\/audio>\n<p><strong>ALLEGHE<\/strong> I Gruppi\u00a0 degli alpini di Alleghe e\u00a0 Rocca Pietore con i rispettivi Comuni e le associazioni del territorio,\u00a0 organizzano per oggi una giornata ecologica per la pulizia del territorio aperta a tutti i volontari della zona.<\/p>\n<p><a class=\"dt-pswp-item\" href=\"https:\/\/www.radiopiu.net\/wordpress\/wp-content\/uploads\/2023\/04\/Senza-nome-55.jpg\" data-dt-img-description=\"\" data-large_image_width=\"543\" data-large_image_height=\"284\"><img loading=\"lazy\" decoding=\"async\" class=\"size-medium wp-image-332151 aligncenter\" src=\"https:\/\/www.radiopiu.net\/wordpress\/wp-content\/uploads\/2023\/04\/Senza-nome-55-300x157.jpg\" alt=\"\" width=\"300\" height=\"157\" srcset=\"https:\/\/www.radiopiu.net\/wordpress\/wp-content\/uploads\/2023\/04\/Senza-nome-55-300x157.jpg 300w, https:\/\/www.radiopiu.net\/wordpress\/wp-content\/uploads\/2023\/04\/Senza-nome-55.jpg 543w\" sizes=\"auto, (max-width: 300px) 100vw, 300px\" \/><\/a><\/p>\n<p>&nbsp;<\/p>\n<hr \/>\n<p>&nbsp;<\/p>\n<p>&nbsp;<\/p>\n<blockquote>\n<h3 class=\"articlePlainTitle\">Giornata ecologica sabato a Caviola<\/h3>\n<\/blockquote>\n<div class=\"articlePlainText\"><strong>FALCADE<\/strong> La Pro loco di Caviola, in collaborazione con il Comune di Falcade, organizza per oggi\u00a0 la giornata ecologica. Il ritrovo \u00e8 alle 8,30 in piazza Pertini a Caviola, se possibile, muniti di giubbotto catarifrangente. Alle 12 pastasciutta al ristorante Livia.<\/div>\n<p>&nbsp;<\/p>\n<p>&nbsp;<\/p>\n<hr \/>\n<p>&nbsp;<\/p>\n<blockquote>\n<h3>UN PAESE PULITO, UN PAESE PIU&#8217; BELLO E INVITANTE<\/h3>\n<\/blockquote>\n<p><strong>REDAZIONE<\/strong> Oggi pulizia della Piana di Falcade con lo Sci Club Val Biois, o dalle 14.30 con ritrovo nel piazzale delle sport (parco giochi di Falcade). Alle 14.30 il ritrovo a al termine\u00a0 per tutti la merenda<\/p>\n<p>&nbsp;<\/p>\n<hr \/>\n<blockquote>\n<h3><\/h3>\n<p class=\"gmail-MsoNoSpacing\"><b>CORI A VENAS\u00a0<\/b><b>\u201cNA MAN PAR SAN MARTIN\u201d pensando al Beato Luciani<\/b><\/p>\n<\/blockquote>\n<p class=\"gmail-MsoNoSpacing\"><strong>VALLE DI CADORE<\/strong> Questa sera alle 20.45 il Coro Rualan ripropone, al polivalente di Valle, il \u201cTrittico Montanaro\u201d con la Corale Zumellese. Domani alle 20.45\u00a0 \u201cSan Marco sostiene San Martino\u201d presso la Chiesa di Venas con la collaborazione delle Parrocchie di Venas e di Valle di Cadore. Alla serata parteciperanno la Corale San Marco diretta da Silvia Dall\u2019Asta, il Coro Oltrepiave diretto da Lorenzo Tonon e il Coro Comelico diretto da Luciano Casanova Fuga. Alla fine delle esecuzioni musicali ci sar\u00e0 un momento di certo emozionante in quanto i tre cori, ma perch\u00e9 no anche i presenti, canteranno insieme \u201cLa luce di un sorriso\u201d con il quale il direttore del Coro Comelico Luciano Casanova Fuga ha voluto rendere omaggio al Beato Albino Luciani.<\/p>\n<blockquote><p>&nbsp;<\/p>\n<p>&nbsp;<\/p><\/blockquote>\n<hr \/>\n<blockquote>\n<h3>SOSPIROLO EVENTI, QUESTA SERA IL PRIMO<\/h3>\n<\/blockquote>\n<h3><a class=\"dt-pswp-item\" href=\"https:\/\/www.radiopiu.net\/wordpress\/wp-content\/uploads\/2023\/04\/Senza-nome-66.jpg\" data-dt-img-description=\"\" data-large_image_width=\"129\" data-large_image_height=\"153\"><img loading=\"lazy\" decoding=\"async\" class=\"size-full wp-image-332530 alignleft\" src=\"https:\/\/www.radiopiu.net\/wordpress\/wp-content\/uploads\/2023\/04\/Senza-nome-66.jpg\" alt=\"\" width=\"129\" height=\"153\" \/><\/a><\/h3>\n<p><strong>SOSPIROLO<\/strong> I prossimi eventi, questa sera\u00a0 alle\u00a0 20.45 al Centro Civico <strong>I Saranno famosi<\/strong> presentano la commedia in due atti &#8220;<strong>Berretto a Sonagli<\/strong>&#8221; di Pirandello. Regia di Dino Dal Pan (Pro Loco) <strong>venerd\u00ec 5<\/strong> maggio ore 20.45 al Pr\u00e0 della Melia <strong>Sonon par San Gottardo, concerto di fisarmoniche.<\/strong> Serata di raccolta fondi per il restauro del campanile (Comitato pro San Gottardo) <strong>sabato 6<\/strong> maggio dalle 10.30 a La Mandra <strong>Festa sociale della Montagna<\/strong> (Centro Studi Montagna Sospirolese)<\/p>\n<p>&nbsp;<\/p>\n<hr \/>\n<p><strong>\u00a0<\/strong><\/p>\n<p><strong>EDITORIA, IL LIBRO DI LUISA MANFROI\u00a0<\/strong><\/p>\n<p><a class=\"dt-pswp-item\" href=\"https:\/\/www.radiopiu.net\/wordpress\/wp-content\/uploads\/2023\/04\/locandina.jpg\" data-dt-img-description=\"\" data-large_image_width=\"1414\" data-large_image_height=\"2000\"><img loading=\"lazy\" decoding=\"async\" class=\"size-medium wp-image-332545 alignleft\" src=\"https:\/\/www.radiopiu.net\/wordpress\/wp-content\/uploads\/2023\/04\/locandina-212x300.jpg\" alt=\"\" width=\"212\" height=\"300\" srcset=\"https:\/\/www.radiopiu.net\/wordpress\/wp-content\/uploads\/2023\/04\/locandina-212x300.jpg 212w, https:\/\/www.radiopiu.net\/wordpress\/wp-content\/uploads\/2023\/04\/locandina-724x1024.jpg 724w, https:\/\/www.radiopiu.net\/wordpress\/wp-content\/uploads\/2023\/04\/locandina-768x1086.jpg 768w, https:\/\/www.radiopiu.net\/wordpress\/wp-content\/uploads\/2023\/04\/locandina-1086x1536.jpg 1086w, https:\/\/www.radiopiu.net\/wordpress\/wp-content\/uploads\/2023\/04\/locandina.jpg 1414w\" sizes=\"auto, (max-width: 212px) 100vw, 212px\" \/><\/a><\/p>\n<p>Sabato alle 17.30 in sala consiliare del Comune presentazione del libro\u00a0 IL CENTRO TURISTICO CULTURALE NOF FILO&#8217;, storia di un edificio e di una comunit\u00e0 di Luisa Manfroi<br \/>\nInterventi di\u00a0 Luisa Manfroi, Mauro Soppelsa sindaco di Cencenighe e Bepi Pellegrinon editore.<\/p>\n<p>&nbsp;<\/p>\n<p>&nbsp;<\/p>\n<p>&nbsp;<\/p>\n<p>&nbsp;<\/p>\n<p>&nbsp;<\/p>\n<p>&nbsp;<\/p>\n<hr \/>\n<p>&nbsp;<\/p>\n<p><strong><a class=\"dt-pswp-item\" href=\"https:\/\/www.radiopiu.net\/wordpress\/wp-content\/uploads\/2023\/04\/image0.jpeg\" data-dt-img-description=\"\" data-large_image_width=\"1500\" data-large_image_height=\"2048\"><img loading=\"lazy\" decoding=\"async\" class=\" wp-image-332532 alignleft\" src=\"https:\/\/www.radiopiu.net\/wordpress\/wp-content\/uploads\/2023\/04\/image0-220x300.jpeg\" alt=\"\" width=\"186\" height=\"254\" srcset=\"https:\/\/www.radiopiu.net\/wordpress\/wp-content\/uploads\/2023\/04\/image0-220x300.jpeg 220w, https:\/\/www.radiopiu.net\/wordpress\/wp-content\/uploads\/2023\/04\/image0-750x1024.jpeg 750w, https:\/\/www.radiopiu.net\/wordpress\/wp-content\/uploads\/2023\/04\/image0-768x1049.jpeg 768w, https:\/\/www.radiopiu.net\/wordpress\/wp-content\/uploads\/2023\/04\/image0-1125x1536.jpeg 1125w, https:\/\/www.radiopiu.net\/wordpress\/wp-content\/uploads\/2023\/04\/image0.jpeg 1500w\" sizes=\"auto, (max-width: 186px) 100vw, 186px\" \/><\/a>EDITORIA\u00a0 LA RIVISTA CON DIEGO CASON<\/strong><\/p>\n<p>\u00c8 disponibile il nuovo numero della rivista istituzionale del nostro Corpo, un bellissimo numero dedicato ai nostri volontari soccorritori, componente fondamentale del Soccorso Alpino e Speleologico. Al suo interno potete trovare un articolo curato dal sociologo Diego Cason di particolare interesse per approfondire temi importanti legati al vivere nelle aree interne del nostro Paese e le ripercussioni che vi sono, in genere, sul mondo del volontariato e, quindi, anche del Cnsas. Si potr\u00e0 approfondire il cammino fatto dal volontario e l\u2019impegnativo percorso formativo che deve sostenere per diventare soccorritore specializzato! Non solo, approfondiamo i dati sulle attivit\u00e0 del 2022 e i pi\u00f9 complessi interventi svolti negli ultimi mesi.<\/p>\n<p>&nbsp;<\/p>\n<hr \/>\n<p>&nbsp;<\/p>\n<blockquote>\n<h3>LE ORME IN CONCERTO AD ANZU&#8217; DI FELTRE<\/h3>\n<\/blockquote>\n<p><strong><a class=\"dt-pswp-item\" href=\"https:\/\/www.radiopiu.net\/wordpress\/wp-content\/uploads\/2023\/04\/LE-ORME-CONCERTO.jpg\" data-dt-img-description=\"\" data-large_image_width=\"921\" data-large_image_height=\"551\"><img loading=\"lazy\" decoding=\"async\" class=\" wp-image-332388 alignleft\" src=\"https:\/\/www.radiopiu.net\/wordpress\/wp-content\/uploads\/2023\/04\/LE-ORME-CONCERTO-300x179.jpg\" alt=\"\" width=\"179\" height=\"107\" srcset=\"https:\/\/www.radiopiu.net\/wordpress\/wp-content\/uploads\/2023\/04\/LE-ORME-CONCERTO-300x179.jpg 300w, https:\/\/www.radiopiu.net\/wordpress\/wp-content\/uploads\/2023\/04\/LE-ORME-CONCERTO-768x459.jpg 768w, https:\/\/www.radiopiu.net\/wordpress\/wp-content\/uploads\/2023\/04\/LE-ORME-CONCERTO.jpg 921w\" sizes=\"auto, (max-width: 179px) 100vw, 179px\" \/><\/a>FELTRE<\/strong><\/p>\n<p><strong>L&#8217;INTERVISTA<\/strong><\/p>\n<audio class=\"wp-audio-shortcode\" id=\"audio-332424-11\" preload=\"none\" style=\"width: 100%;\" controls=\"controls\"><source type=\"audio\/mpeg\" src=\"https:\/\/www.radiopiu.net\/wordpress\/wp-content\/uploads\/2023\/04\/CONCERTO-LE-ORME.mp3?_=11\" \/><a href=\"https:\/\/www.radiopiu.net\/wordpress\/wp-content\/uploads\/2023\/04\/CONCERTO-LE-ORME.mp3\">https:\/\/www.radiopiu.net\/wordpress\/wp-content\/uploads\/2023\/04\/CONCERTO-LE-ORME.mp3<\/a><\/audio>\n<p>&nbsp;<\/p>\n<hr \/>\n<p>&nbsp;<\/p>\n<p>&nbsp;<\/p>\n<blockquote class=\"wp-embedded-content\" data-secret=\"YwT1ueyCwZ\"><p><a href=\"https:\/\/www.radiopiu.net\/wordpress\/agordo-storie-di-alpini-e-di-artisti\/\">AGORDO, STORIE DI ALPINI E DI ARTISTI<\/a><\/p><\/blockquote>\n<p><iframe loading=\"lazy\" class=\"wp-embedded-content\" sandbox=\"allow-scripts\" security=\"restricted\" style=\"position: absolute; clip: rect(1px, 1px, 1px, 1px);\" title=\"&#8220;AGORDO, STORIE DI ALPINI E DI ARTISTI&#8221; &#8212; Radio Pi\u00f9\" src=\"https:\/\/www.radiopiu.net\/wordpress\/agordo-storie-di-alpini-e-di-artisti\/embed\/#?secret=NFkqPgaW1E#?secret=YwT1ueyCwZ\" data-secret=\"YwT1ueyCwZ\" width=\"600\" height=\"338\" frameborder=\"0\" marginwidth=\"0\" marginheight=\"0\" scrolling=\"no\"><\/iframe><\/p>\n<p>&nbsp;<\/p>\n<p>&nbsp;<\/p>\n<hr \/>\n<p>&nbsp;<\/p>\n\n\t\t\t<style type='text\/css'>\n\t\t\t\t#gallery-4 {\n\t\t\t\t\tmargin: auto;\n\t\t\t\t}\n\t\t\t\t#gallery-4 .gallery-item {\n\t\t\t\t\tfloat: left;\n\t\t\t\t\tmargin-top: 10px;\n\t\t\t\t\ttext-align: center;\n\t\t\t\t\twidth: 100%;\n\t\t\t\t}\n\t\t\t\t#gallery-4 img {\n\t\t\t\t\tborder: 2px solid #cfcfcf;\n\t\t\t\t}\n\t\t\t\t#gallery-4 .gallery-caption {\n\t\t\t\t\tmargin-left: 0;\n\t\t\t\t}\n\t\t\t\t\/* see gallery_shortcode() in wp-includes\/media.php *\/\n\t\t\t<\/style>\n\t\t<div id='gallery-4' class='dt-gallery-container gallery galleryid-332424 gallery-columns-1 gallery-size-large'><dl class='gallery-item'>\n\t\t\t\t<dt class='gallery-icon portrait'>\n\t\t\t\t\t<a class=\"rollover rollover-zoom dt-pswp-item\" title=\"BARACA de FEN-1\" data-dt-img-description=\"\" data-large_image_width=\"1414\" data-large_image_height=\"2000\"href='https:\/\/www.radiopiu.net\/wordpress\/wp-content\/uploads\/2023\/04\/BARACA-de-FEN-1.png'><img loading=\"lazy\" decoding=\"async\" width=\"724\" height=\"1024\" src=\"https:\/\/www.radiopiu.net\/wordpress\/wp-content\/uploads\/2023\/04\/BARACA-de-FEN-1-724x1024.png\" class=\"attachment-large size-large\" alt=\"\" srcset=\"https:\/\/www.radiopiu.net\/wordpress\/wp-content\/uploads\/2023\/04\/BARACA-de-FEN-1-724x1024.png 724w, https:\/\/www.radiopiu.net\/wordpress\/wp-content\/uploads\/2023\/04\/BARACA-de-FEN-1-212x300.png 212w, https:\/\/www.radiopiu.net\/wordpress\/wp-content\/uploads\/2023\/04\/BARACA-de-FEN-1-768x1086.png 768w, https:\/\/www.radiopiu.net\/wordpress\/wp-content\/uploads\/2023\/04\/BARACA-de-FEN-1-1086x1536.png 1086w, https:\/\/www.radiopiu.net\/wordpress\/wp-content\/uploads\/2023\/04\/BARACA-de-FEN-1.png 1414w\" sizes=\"auto, (max-width: 724px) 100vw, 724px\" \/><\/a>\n\t\t\t\t<\/dt><\/dl><br style=\"clear: both\" \/>\n\t\t\t<\/div>\n\n<p>&nbsp;<\/p>\n<hr \/>\n<p>&nbsp;<\/p>\n<blockquote class=\"wp-embedded-content\" data-secret=\"5KzNrqOOfY\"><p><a href=\"https:\/\/www.radiopiu.net\/wordpress\/una-sera-di-comicita-al-palafalcade-con-ingresso-gratuito\/\">UNA SERA DI COMICITA&#8217; AL PALAFALCADE CON INGRESSO GRATUITO<\/a><\/p><\/blockquote>\n<p><iframe loading=\"lazy\" class=\"wp-embedded-content\" sandbox=\"allow-scripts\" security=\"restricted\" style=\"position: absolute; clip: rect(1px, 1px, 1px, 1px);\" title=\"&#8220;UNA SERA DI COMICITA&#8217; AL PALAFALCADE CON INGRESSO GRATUITO&#8221; &#8212; Radio Pi\u00f9\" src=\"https:\/\/www.radiopiu.net\/wordpress\/una-sera-di-comicita-al-palafalcade-con-ingresso-gratuito\/embed\/#?secret=BbFWx7ynBw#?secret=5KzNrqOOfY\" data-secret=\"5KzNrqOOfY\" width=\"600\" height=\"338\" frameborder=\"0\" marginwidth=\"0\" marginheight=\"0\" scrolling=\"no\"><\/iframe><\/p>\n<p>&nbsp;<\/p>\n<p>&nbsp;<\/p>\n<hr \/>\n<p>&nbsp;<\/p>\n<blockquote>\n<h3>DILLO A RADIO PIU&#8217;&#8230;.DOPO ANNI DI VUOTO<\/h3>\n<\/blockquote>\n<p><strong>REDAZIONE<\/strong> A proposito di autovelox e Codice della strada, l&#8217;intervento alla radio di Rodolfo Pellegrinon, Falcade<\/p>\n<p><a class=\"dt-pswp-item\" href=\"https:\/\/www.radiopiu.net\/wordpress\/wp-content\/uploads\/2022\/12\/autovelox-1.jpg\" data-dt-img-description=\"\" data-large_image_width=\"1217\" data-large_image_height=\"694\"><img loading=\"lazy\" decoding=\"async\" class=\" wp-image-309364 alignleft\" src=\"https:\/\/www.radiopiu.net\/wordpress\/wp-content\/uploads\/2022\/12\/autovelox-1-300x171.jpg\" alt=\"\" width=\"277\" height=\"158\" srcset=\"https:\/\/www.radiopiu.net\/wordpress\/wp-content\/uploads\/2022\/12\/autovelox-1-300x171.jpg 300w, https:\/\/www.radiopiu.net\/wordpress\/wp-content\/uploads\/2022\/12\/autovelox-1-1024x584.jpg 1024w, https:\/\/www.radiopiu.net\/wordpress\/wp-content\/uploads\/2022\/12\/autovelox-1-768x438.jpg 768w, https:\/\/www.radiopiu.net\/wordpress\/wp-content\/uploads\/2022\/12\/autovelox-1.jpg 1217w\" sizes=\"auto, (max-width: 277px) 100vw, 277px\" \/><\/a>Ancora la Legge n. 1230 del 2010 all\u2019art.25-comma 2 aveva demandato ad un Decreto Interministeriale dei Ministri dell\u2019Interno e delle Infrastrutture e dei Trasporti la regolamentazione del \u201cposizionamento e utilizzo degli Autovelox\u201d. Negli oltre 12 anni che sono passati i Governi che si sono succeduti non hanno mai messo mano a detta regolamentazione. Questo vuoto che\u00a0 configura un utilizzo non regolato degli autovelox si \u00e8 giunti fino al 29 luglio 2020 quando il Governo procedeva alla stesura di una nuova bozza in materia. Recentemente il Ministro Matteo Salvini ha comunicato che assieme ai Ministri Piantedosi e Valditara\u00a0 stanno\u00a0 lavorando per un pacchetto organico di revisione del Codice della Strada, che risale a pi\u00f9 di 30 anni fa, compresi i dispositivi autovelox e photored. Si stanno predisponendo gli adeguamenti conseguenti alle richieste dei Comuni Italiani, relative al principio dell\u2019equivalenza tra l\u2019approvazione e l\u2019omologazione dei dispositivi di misurazione della velocit\u00e0, anche attraverso un intervento modificativo dello stesso Codice della Strada. Quindi dopo anni di attesa le proposte di modifica sono in corso proprio in questi giorni. Al riguardo, sono convinto sulla necessit\u00e0 che si debba intervenire con urgenza e in modo definitivo sulle modalit\u00e0 di utilizzo e di collocazione degli autovelox, anche per evitarne i diffusi usi impropri, i quali, in talune circostanze, sono evidentemente fatti solo per fare cassa. Bisogna aiutare le Amministrazioni Comunali ad avere bilanci pi\u00f9 sani, senza pesare sulle tasche di automobilisti e motociclisti, con multe o autovelox spesso posizionati solo al fine di fare cassa e senza alcuna miglioria sul tema della sicurezza stradale. Sono fiducioso in Matteo Salvini che oltre a una revisione generale del Codice della Strada metta finalmente mano al problema autovelox.<\/p>\n<p>&nbsp;<\/p>\n<p>&nbsp;<\/p>\n<p>&nbsp;<\/p>\n<hr \/>\n<blockquote>\n<h3><\/h3>\n<h3>QUESTA&#8217; E&#8217; LA NOSTRA STORIA<\/h3>\n<\/blockquote>\n<p><strong>DI GIANNI SANTOMASO<\/strong><\/p>\n<div>\n<audio class=\"wp-audio-shortcode\" id=\"audio-332424-12\" preload=\"none\" style=\"width: 100%;\" controls=\"controls\"><source type=\"audio\/mpeg\" src=\"https:\/\/www.radiopiu.net\/wordpress\/wp-content\/uploads\/2023\/04\/GIANNI-QUESTA-E-LA-NOSTRA-STORIA.mp3?_=12\" \/><a href=\"https:\/\/www.radiopiu.net\/wordpress\/wp-content\/uploads\/2023\/04\/GIANNI-QUESTA-E-LA-NOSTRA-STORIA.mp3\">https:\/\/www.radiopiu.net\/wordpress\/wp-content\/uploads\/2023\/04\/GIANNI-QUESTA-E-LA-NOSTRA-STORIA.mp3<\/a><\/audio>\n<p><strong>AGORDO<\/strong> Oggi alle 17.30 testimonianze, ricordi e fotografie del territorio bellunese dagli anni Cinquanta: emigrazione, lavoro, alluvione del 1966. In sala della Biblioteca con la famiglia ex emigranti agordino. Interventi Luca Luchetta, Aldo Da Roit, Gabriele Ganz e Maria Rita Gentilin Spi Belluno.<\/p>\n<\/div>\n<p>&nbsp;<\/p>\n<hr \/>\n<p>&nbsp;<\/p>\n<blockquote>\n<h3>\u00a0IL CONCERTO CON IL CORO ARCOBALENO A LONGARONE<\/h3>\n<\/blockquote>\n<p><strong>LONGARONE<\/strong> Il centro culturale di Longarone ospiter\u00e0 oggi alle 16 il concerto del Coro Arcobaleno di Limana, l&#8217;occasione per festeggiare assieme all&#8217;Aido Belluno i 50 anni dell&#8217;Aido Nazionale.<\/p>\n<p>&nbsp;<\/p>\n<p>&nbsp;<\/p>\n<hr \/>\n<p>&nbsp;<\/p>\n<blockquote>\n<h3>IL CONCERTO ORGANIZZATO DALL&#8217;ASSOCIAZIONE ECUADORIANI DI BELLUNO<\/h3>\n<\/blockquote>\n<p><strong>BELLUNO<\/strong> Oggi a Belluno, alla sala-teatro Giovanni XXIII in piazza Piloni con inizio alle 20, si terr\u00e0 un concerto organizzato dall&#8217;Associazione Ecuadoriani. Durante l&#8217;evento si esibiranno il coro gospel di Barcellona &#8220;De tot cor&#8221; (Con tutto il cuore) e il coro Cherubini del Camerun. L&#8217;entrata sar\u00e0 ad offerta libera e l&#8217;intero ricavato della serata verr\u00e0 devoluto al gruppo &#8220;De Laica adoratrices&#8221; (Sacerdotesse della Chiesa Cattolica) dell&#8217;orfanotrofio di Guayaquil in Ecuador.<\/p>\n<p>&nbsp;<\/p>\n<p>&nbsp;<\/p>\n<hr \/>\n<p>&nbsp;<\/p>\n<blockquote>\n<h3>L&#8217;OM SALVARECH A LA VALLE<\/h3>\n<\/blockquote>\n<p><strong>LA VALLE <\/strong>A La Valle due giorni di festa con l&#8217;Om Salvarech. <strong>Lunedi 24 aprile<\/strong>, al tendone presentazione della mostra &#8220;vers l&#8217;insuda&#8221;:gli aquerelli dipinti dagli alunni della scuola primaria, dalle 17 l&#8217;apertivo selvatico con Rdj, 19 stand gastronomico, serata danzante con la Spritzband e a seguire dico-tek con Rdj. <strong>Martedi 25 aprile<\/strong> al tendone di Conaggia \u201cel merc\u00e0 de l&#8217;insuda\u201d, alle 10 gara podistica Su e do per i coi, memorial Flavio De Cassai, dalle 12 stand gastronomico e dalle 14: preparazione Om Salvarech a Cugnago, sfilata per le vie del paese, alle 16 apertivo selvatico danzante con Eros, alle 19 la cota e quindi gran finale con il testamento e il Falo&#8217; Dell&#8217;Om Salvarech tra i balli con Eros e Karin. Om Salvarech, a LA VALLE AGORDINA. con la Proloco 24-25 Aprile<\/p>\n<p>&nbsp;<\/p>\n<p>&nbsp;<\/p>\n<hr \/>\n<p>&nbsp;<\/p>\n<blockquote>\n<h3>LE VICENDE DI RIZZIERI RAVEANE IN UN LIBRO<\/h3>\n<\/blockquote>\n<p><strong>BELLUNO<\/strong> La Camera del lavoro di Belluno e l\u2019Anpi di Belluno organizzano gioved\u00ec 27 aprile alle 18, alla sala Luciani del Giovanni XXIII, la presentazione del libro \u201cUna vita difficile in un secolo breve\u201d, che narra le vicende di Rizzieri Raveane. Interverranno Gino Sperandio e Alessia Cerentin, rispettivamente per l\u2019Anpi di Belluno e la CGIL di Belluno per poi dialogare Giovanni Perenzin e l&#8217;autore del libro.<\/p>\n<p>&nbsp;<\/p>\n<p>&nbsp;<\/p>\n<hr \/>\n<p>&nbsp;<\/p>\n<blockquote>\n<h2><span id=\"page72R_mcid0\" class=\"markedContent\"><span class=\"markedContent\"><span dir=\"ltr\" role=\"presentation\">Premio \u201cEnrico De Nard\u201d<\/span><\/span><\/span>disce la terza edizione del Premio per tesi inedite a lui intitolato.<\/h2>\n<\/blockquote>\n<p><span id=\"page72R_mcid0\" class=\"markedContent\"><span class=\"markedContent\"><span dir=\"ltr\" role=\"presentation\">Per onorare la memoria dello studioso Enrico De Nard <\/span><span dir=\"ltr\" role=\"presentation\">l\u2019 \u201cArchivio storico di Belluno Feltre e Cadore\u201d, <\/span><span dir=\"ltr\" role=\"presentation\">con la collaborazione della Biblioteca Civica di Belluno, <\/span><span dir=\"ltr\" role=\"presentation\">bandisce la nona edizione del Premio per tesi inedite a lui intitolato.<\/span><br role=\"presentation\" \/><span dir=\"ltr\" role=\"presentation\">Il Premio (2500 euro) sar\u00e0 assegnato entro dicembre 2023. Il<span id=\"page72R_mcid27\" class=\"markedContent\"> testo del bando\u00a0 sul sito www.asbfc.it<\/span><\/span><\/span><\/span><\/p>\n<p>&nbsp;<\/p>\n<p>&nbsp;<\/p>\n<hr \/>\n<blockquote>\n<h3>\u00a0I GRAFICI DI TIZIANO DE COL<\/h3>\n<\/blockquote>\n\n\t\t\t<style type='text\/css'>\n\t\t\t\t#gallery-5 {\n\t\t\t\t\tmargin: auto;\n\t\t\t\t}\n\t\t\t\t#gallery-5 .gallery-item {\n\t\t\t\t\tfloat: left;\n\t\t\t\t\tmargin-top: 10px;\n\t\t\t\t\ttext-align: center;\n\t\t\t\t\twidth: 20%;\n\t\t\t\t}\n\t\t\t\t#gallery-5 img {\n\t\t\t\t\tborder: 2px solid #cfcfcf;\n\t\t\t\t}\n\t\t\t\t#gallery-5 .gallery-caption {\n\t\t\t\t\tmargin-left: 0;\n\t\t\t\t}\n\t\t\t\t\/* see gallery_shortcode() in wp-includes\/media.php *\/\n\t\t\t<\/style>\n\t\t<div id='gallery-5' class='dt-gallery-container gallery galleryid-332424 gallery-columns-5 gallery-size-thumbnail'><dl class='gallery-item'>\n\t\t\t\t<dt class='gallery-icon landscape'>\n\t\t\t\t\t<a class=\"rollover\" href='https:\/\/www.radiopiu.net\/wordpress\/giornale-radiopiu-22-aprile-2023-direttore-mirko-mezzacasa-verso-i-40-anni-25-giugno-1983-25-giugno-2023\/4b1d0f1f-d37b-430c-bc4d-b4b7ed2515d7\/'><img loading=\"lazy\" decoding=\"async\" width=\"150\" height=\"150\" src=\"https:\/\/www.radiopiu.net\/wordpress\/wp-content\/uploads\/2023\/04\/4b1d0f1f-d37b-430c-bc4d-b4b7ed2515d7-150x150.jpg\" class=\"attachment-thumbnail size-thumbnail\" alt=\"\" \/><\/a>\n\t\t\t\t<\/dt><\/dl><dl class='gallery-item'>\n\t\t\t\t<dt class='gallery-icon landscape'>\n\t\t\t\t\t<a class=\"rollover\" href='https:\/\/www.radiopiu.net\/wordpress\/giornale-radiopiu-22-aprile-2023-direttore-mirko-mezzacasa-verso-i-40-anni-25-giugno-1983-25-giugno-2023\/29166b49-7467-4ce8-92db-a33cf6069552\/'><img loading=\"lazy\" decoding=\"async\" width=\"150\" height=\"150\" src=\"https:\/\/www.radiopiu.net\/wordpress\/wp-content\/uploads\/2023\/04\/29166b49-7467-4ce8-92db-a33cf6069552-150x150.jpg\" class=\"attachment-thumbnail size-thumbnail\" alt=\"\" \/><\/a>\n\t\t\t\t<\/dt><\/dl><dl class='gallery-item'>\n\t\t\t\t<dt class='gallery-icon landscape'>\n\t\t\t\t\t<a class=\"rollover\" href='https:\/\/www.radiopiu.net\/wordpress\/giornale-radiopiu-22-aprile-2023-direttore-mirko-mezzacasa-verso-i-40-anni-25-giugno-1983-25-giugno-2023\/23a1e54c-f863-43ba-8d3b-6b7a65612ef4\/'><img loading=\"lazy\" decoding=\"async\" width=\"150\" height=\"150\" src=\"https:\/\/www.radiopiu.net\/wordpress\/wp-content\/uploads\/2023\/04\/23a1e54c-f863-43ba-8d3b-6b7a65612ef4-150x150.jpg\" class=\"attachment-thumbnail size-thumbnail\" alt=\"\" \/><\/a>\n\t\t\t\t<\/dt><\/dl><dl class='gallery-item'>\n\t\t\t\t<dt class='gallery-icon landscape'>\n\t\t\t\t\t<a class=\"rollover\" href='https:\/\/www.radiopiu.net\/wordpress\/giornale-radiopiu-22-aprile-2023-direttore-mirko-mezzacasa-verso-i-40-anni-25-giugno-1983-25-giugno-2023\/8c0661a3-8ba5-4a9b-b1fa-e7c0e286291d\/'><img loading=\"lazy\" decoding=\"async\" width=\"150\" height=\"150\" src=\"https:\/\/www.radiopiu.net\/wordpress\/wp-content\/uploads\/2023\/04\/8c0661a3-8ba5-4a9b-b1fa-e7c0e286291d-150x150.jpg\" class=\"attachment-thumbnail size-thumbnail\" alt=\"\" \/><\/a>\n\t\t\t\t<\/dt><\/dl><dl class='gallery-item'>\n\t\t\t\t<dt class='gallery-icon landscape'>\n\t\t\t\t\t<a class=\"rollover\" href='https:\/\/www.radiopiu.net\/wordpress\/giornale-radiopiu-22-aprile-2023-direttore-mirko-mezzacasa-verso-i-40-anni-25-giugno-1983-25-giugno-2023\/ccfde3bc-ac3d-4277-bd82-48b6ee54ca52\/'><img loading=\"lazy\" decoding=\"async\" width=\"150\" height=\"150\" src=\"https:\/\/www.radiopiu.net\/wordpress\/wp-content\/uploads\/2023\/04\/ccfde3bc-ac3d-4277-bd82-48b6ee54ca52-150x150.jpg\" class=\"attachment-thumbnail size-thumbnail\" alt=\"\" \/><\/a>\n\t\t\t\t<\/dt><\/dl><br style=\"clear: both\" \/>\n\t\t\t<\/div>\n\n<p>&nbsp;<\/p>\n<hr \/>\n<p>&nbsp;<\/p>\n<p><strong class=\"photoswipe-wrapper\"><a class=\"dt-pswp-item pspw-wrap-ready\" href=\"https:\/\/www.radiopiu.net\/wordpress\/wp-content\/uploads\/2021\/06\/8554eb80-bb6e-4752-a6d3-57aff91a2903.jpg\" data-dt-img-description=\"\" data-large_image_width=\"768\" data-large_image_height=\"1024\"><img loading=\"lazy\" decoding=\"async\" class=\"wp-image-215003 alignleft\" src=\"https:\/\/www.radiopiu.net\/wordpress\/wp-content\/uploads\/2021\/06\/8554eb80-bb6e-4752-a6d3-57aff91a2903-225x300.jpg\" sizes=\"auto, (max-width: 116px) 100vw, 116px\" srcset=\"https:\/\/www.radiopiu.net\/wordpress\/wp-content\/uploads\/2021\/06\/8554eb80-bb6e-4752-a6d3-57aff91a2903-225x300.jpg 225w, https:\/\/www.radiopiu.net\/wordpress\/wp-content\/uploads\/2021\/06\/8554eb80-bb6e-4752-a6d3-57aff91a2903.jpg 768w\" alt=\"\" width=\"116\" height=\"155\" \/><\/a><span style=\"color: #ff0000;\">BANDI ALLA RADIO\u00a0<\/span><\/strong><\/p>\n<p><strong>BANDI DI CONCORSO, DAL COMUNE DI ROCCA PIETORE.\u00a0<\/strong>UN POSTO DI ISTRUTTORE AMMINISTRATIVO categoria C1, a tempo pieno e indeterminato UN POSTO DI ISTRUTTORE TECNICO categoria C1, contratto a tempo pieno e indeterminato Tutte le informazioni inerenti ai bandi di concorso, le modalit\u00e0 e i termini di presentazione delle domande sono reperibili sul sito del Comune: WWW.COMUNE.ROCCAPIETORE.BL.IT<\/p>\n<p>&nbsp;<\/p>\n<p>&nbsp;<\/p>\n<hr \/>\n<p>&nbsp;<\/p>\n<p>&nbsp;<\/p>\n<p><strong class=\"photoswipe-wrapper\"><a class=\"dt-pswp-item pspw-wrap-ready\" href=\"https:\/\/www.radiopiu.net\/wordpress\/wp-content\/uploads\/2022\/03\/ASCA.jpg\" data-dt-img-description=\"\" data-large_image_width=\"292\" data-large_image_height=\"290\"><img loading=\"lazy\" decoding=\"async\" class=\"wp-image-263829 alignleft\" src=\"https:\/\/www.radiopiu.net\/wordpress\/wp-content\/uploads\/2022\/03\/ASCA.jpg\" sizes=\"auto, (max-width: 168px) 100vw, 168px\" srcset=\"https:\/\/www.radiopiu.net\/wordpress\/wp-content\/uploads\/2022\/03\/ASCA.jpg 292w, https:\/\/www.radiopiu.net\/wordpress\/wp-content\/uploads\/2022\/03\/ASCA-150x150.jpg 150w\" alt=\"\" width=\"108\" height=\"107\" \/><\/a><span style=\"color: #ff0000;\">AVVISI DI SELEZIONE ALLA RADIO\u00a0<\/span><\/strong><\/p>\n<p><strong>AVVISO DI SELEZIONE!\u00a0<\/strong><strong>ASCA, <\/strong>azienda speciale consortile agordina intende inserire nuovi operatori socio sanitari\u00a0Inquadramento contratto Uneba, livello 4S SUPERMINIMO, ACCESSO WELFARE AZIENDALE, SISTEMAZIONE ABITATIVA A CANONE AGEVOLATO. LE DOMANDE DI PARTECIPAZIONE ALLA SELEZIONE VANNO PRESENTATE ENTRO LE 10\u00a0 DEL 21\u00a0 APRILE. BANDO consultabile sul sito\u00a0<a href=\"http:\/\/www.servizisocialiasca.it\/\">www.servizisocialiasca.it<\/a><\/p>\n<p>&nbsp;<\/p>\n<div dir=\"auto\"><\/div>\n<div dir=\"auto\"><\/div>\n<div dir=\"auto\"><\/div>\n<p>&nbsp;<\/p>\n<hr \/>\n<p>&nbsp;<\/p>\n<div class=\"message spoilers-container\" dir=\"auto\">\n<div>\n<div class=\"b654a4as d2edcug0\">\n<div class=\"rq0escxv hkbzh7o3 jwdofwj8 n8tt0mok r8blr3vg hyh9befq\">\n<p><a class=\"dt-pswp-item\" href=\"https:\/\/www.radiopiu.net\/wordpress\/wp-content\/uploads\/2020\/10\/pp.jpg\" data-dt-img-description=\"\" data-large_image_width=\"640\" data-large_image_height=\"640\"><img loading=\"lazy\" decoding=\"async\" class=\"wp-image-163678 alignleft\" src=\"https:\/\/www.radiopiu.net\/wordpress\/wp-content\/uploads\/2020\/10\/pp-300x300.jpg\" alt=\"\" width=\"106\" height=\"106\" srcset=\"https:\/\/www.radiopiu.net\/wordpress\/wp-content\/uploads\/2020\/10\/pp-300x300.jpg 300w, https:\/\/www.radiopiu.net\/wordpress\/wp-content\/uploads\/2020\/10\/pp-150x150.jpg 150w, https:\/\/www.radiopiu.net\/wordpress\/wp-content\/uploads\/2020\/10\/pp-125x125.jpg 125w, https:\/\/www.radiopiu.net\/wordpress\/wp-content\/uploads\/2020\/10\/pp-200x200.jpg 200w, https:\/\/www.radiopiu.net\/wordpress\/wp-content\/uploads\/2020\/10\/pp-80x80.jpg 80w, https:\/\/www.radiopiu.net\/wordpress\/wp-content\/uploads\/2020\/10\/pp-480x480.jpg 480w, https:\/\/www.radiopiu.net\/wordpress\/wp-content\/uploads\/2020\/10\/pp.jpg 640w\" sizes=\"auto, (max-width: 106px) 100vw, 106px\" \/><\/a><\/p>\n<\/div>\n<\/div>\n<\/div>\n<\/div>\n<div class=\"message spoilers-container\" dir=\"auto\">\n<div>\n<div class=\"page-title-head hgroup\">\n<div class=\"page-title-head hgroup\">\n<div class=\"b654a4as d2edcug0\">\n<div class=\"j83agx80 btwxx1t3 lhclo0ds hop8lmos nkwizq5d scwd0bx6 roh60bw9\">\n<div class=\"rq0escxv hkbzh7o3 jwdofwj8 n8tt0mok r8blr3vg hyh9befq\">\n<div class=\"do00u71z l9j0dhe7 k4urcfbm\" style=\"text-align: left;\">\n<h2><span style=\"color: #000080;\">DON CESARE, IL PENSIERO DEL GIORNO. ALLA RADIO ALLE 7 DEL MATTINO E ALLE 19.30 DELLA SERA<\/span><\/h2>\n<audio class=\"wp-audio-shortcode\" id=\"audio-332424-13\" preload=\"none\" style=\"width: 100%;\" controls=\"controls\"><source type=\"audio\/mpeg\" src=\"https:\/\/www.radiopiu.net\/wordpress\/wp-content\/uploads\/2023\/04\/CESARE-16.mp3?_=13\" \/><a href=\"https:\/\/www.radiopiu.net\/wordpress\/wp-content\/uploads\/2023\/04\/CESARE-16.mp3\">https:\/\/www.radiopiu.net\/wordpress\/wp-content\/uploads\/2023\/04\/CESARE-16.mp3<\/a><\/audio>\n<\/div>\n<\/div>\n<\/div>\n<\/div>\n<\/div>\n<\/div>\n<\/div>\n<p>&nbsp;<\/p>\n<\/div>\n<div class=\"message spoilers-container\" dir=\"auto\"><\/div>\n<blockquote>\n<div class=\"message spoilers-container\" dir=\"auto\">\n<p>&nbsp;<\/p>\n<\/div>\n<\/blockquote>\n<div class=\"message spoilers-container\" dir=\"auto\">\n<hr \/>\n<p>&nbsp;<\/p>\n<\/div>\n<div class=\"message spoilers-container\" dir=\"auto\">\n<h2><span style=\"color: #ff00ff;\">IN VIVO VERSO\u00a0 \u00a0 \u00a0<\/span><\/h2>\n<blockquote>\n<h3>ESSERE VIVENTE di LORENA BRANDOLESE<\/h3>\n<\/blockquote>\n<p>AUDIO<\/p>\n<audio class=\"wp-audio-shortcode\" id=\"audio-332424-14\" preload=\"none\" style=\"width: 100%;\" controls=\"controls\"><source type=\"audio\/mpeg\" src=\"https:\/\/www.radiopiu.net\/wordpress\/wp-content\/uploads\/2023\/04\/05-LORENA-BRANDOLESE-ESSERE-VIVENTE.mp3?_=14\" \/><a href=\"https:\/\/www.radiopiu.net\/wordpress\/wp-content\/uploads\/2023\/04\/05-LORENA-BRANDOLESE-ESSERE-VIVENTE.mp3\">https:\/\/www.radiopiu.net\/wordpress\/wp-content\/uploads\/2023\/04\/05-LORENA-BRANDOLESE-ESSERE-VIVENTE.mp3<\/a><\/audio>\n<p>&nbsp;<\/p>\n<p><a class=\"dt-pswp-item\" href=\"https:\/\/www.radiopiu.net\/wordpress\/wp-content\/uploads\/2023\/04\/LORENA-BRANDOLESE-FOTO.jpg\" data-dt-img-description=\"\" data-large_image_width=\"750\" data-large_image_height=\"757\"><img loading=\"lazy\" decoding=\"async\" class=\"wp-image-332494 alignleft\" src=\"https:\/\/www.radiopiu.net\/wordpress\/wp-content\/uploads\/2023\/04\/LORENA-BRANDOLESE-FOTO-297x300.jpg\" alt=\"\" width=\"179\" height=\"181\" srcset=\"https:\/\/www.radiopiu.net\/wordpress\/wp-content\/uploads\/2023\/04\/LORENA-BRANDOLESE-FOTO-297x300.jpg 297w, https:\/\/www.radiopiu.net\/wordpress\/wp-content\/uploads\/2023\/04\/LORENA-BRANDOLESE-FOTO.jpg 750w\" sizes=\"auto, (max-width: 179px) 100vw, 179px\" \/><\/a><strong>Lorena Brandolese<\/strong><br \/>\n<strong>ESSERE VIVENTE<\/strong><\/p>\n<p>Schiudo le mie<br \/>\ngemme<br \/>\nlentamente<br \/>\nmi vesto di verde<br \/>\ndono ombra e<br \/>\nriparo,<br \/>\naccolgo e proteggo<br \/>\nnuovi nidi<br \/>\nnuova vita<br \/>\nresisto a fatica a<br \/>\nquesti tempi<br \/>\ncontrovento<br \/>\nscorre linfa nelle<br \/>\nvene<br \/>\naffondo le mie radici<br \/>\nlascio spazio a<br \/>\nnuove piante<br \/>\nfrutti dei miei frutti<br \/>\nle guardo crescere.<br \/>\nLa notte sfuma nel<br \/>\ngiorno<br \/>\ntendo i miei rami al<br \/>\ncielo<br \/>\nun raggio di sole<br \/>\nscioglie<br \/>\nla neve bianca sulle<br \/>\neriche<br \/>\ned \u00e8 ancora magia<br \/>\nnonostante tutto<br \/>\nnonostante noi.<\/p>\n<p>&nbsp;<\/p>\n<\/div>\n<div class=\"message spoilers-container\" dir=\"auto\">\n<p><strong>LA RACCOLTA COMPLETA<\/strong><\/p>\n<blockquote class=\"wp-embedded-content\" data-secret=\"XaGlW2JWco\"><p><a href=\"https:\/\/www.radiopiu.net\/wordpress\/in-vivo-verso\/\">In Vivo Verso<\/a><\/p><\/blockquote>\n<p><iframe loading=\"lazy\" class=\"wp-embedded-content\" sandbox=\"allow-scripts\" security=\"restricted\" style=\"position: absolute; clip: rect(1px, 1px, 1px, 1px);\" title=\"&#8220;In Vivo Verso&#8221; &#8212; Radio Pi\u00f9\" src=\"https:\/\/www.radiopiu.net\/wordpress\/in-vivo-verso\/embed\/#?secret=DsagEZXqlf#?secret=XaGlW2JWco\" data-secret=\"XaGlW2JWco\" width=\"600\" height=\"338\" frameborder=\"0\" marginwidth=\"0\" marginheight=\"0\" scrolling=\"no\"><\/iframe><\/p>\n<\/div>\n<div class=\"message spoilers-container\" dir=\"auto\">\n<p>&nbsp;<\/p>\n<hr \/>\n<p>&nbsp;<\/p>\n<\/div>\n<div class=\"message spoilers-container\" dir=\"auto\">\n<h2><span style=\"color: #008080;\">GOCCE DI FILOSOFIA\u00a0\u00a0<\/span><\/h2>\n<\/div>\n<div class=\"message spoilers-container\" dir=\"auto\">\n<p><strong>PUNTATA 295 \u2013 LISA DE LUCA _ TERZA STAGIONE\u00a0<\/strong><\/p>\n<audio class=\"wp-audio-shortcode\" id=\"audio-332424-15\" preload=\"none\" style=\"width: 100%;\" controls=\"controls\"><source type=\"audio\/mpeg\" src=\"https:\/\/www.radiopiu.net\/wordpress\/wp-content\/uploads\/2023\/04\/FI5-2.mp3?_=15\" \/><a href=\"https:\/\/www.radiopiu.net\/wordpress\/wp-content\/uploads\/2023\/04\/FI5-2.mp3\">https:\/\/www.radiopiu.net\/wordpress\/wp-content\/uploads\/2023\/04\/FI5-2.mp3<\/a><\/audio>\n<\/div>\n<blockquote>\n<div class=\"message spoilers-container\" dir=\"auto\">\n<p>&nbsp;<\/p>\n<p><strong>LA RACCOLTA COMPLETA<\/strong><\/p>\n<\/div>\n<\/blockquote>\n<div class=\"message spoilers-container\" dir=\"auto\">\n<blockquote class=\"wp-embedded-content\" data-secret=\"2bBZx2VgVg\"><p><a href=\"https:\/\/www.radiopiu.net\/wordpress\/gocce-filosofia\/\">Gocce di filosofia,  LA TERZA STAGIONE&#8230; 2023<\/a><\/p><\/blockquote>\n<p><iframe loading=\"lazy\" class=\"wp-embedded-content\" sandbox=\"allow-scripts\" security=\"restricted\" style=\"position: absolute; clip: rect(1px, 1px, 1px, 1px);\" title=\"&#8220;Gocce di filosofia,  LA TERZA STAGIONE&#8230; 2023&#8221; &#8212; Radio Pi\u00f9\" src=\"https:\/\/www.radiopiu.net\/wordpress\/gocce-filosofia\/embed\/#?secret=IbOCKiZd5N#?secret=2bBZx2VgVg\" data-secret=\"2bBZx2VgVg\" width=\"600\" height=\"338\" frameborder=\"0\" marginwidth=\"0\" marginheight=\"0\" scrolling=\"no\"><\/iframe><\/p>\n<p>&nbsp;<\/p>\n<p>&nbsp;<\/p>\n<hr \/>\n<p>&nbsp;<\/p>\n<p><span style=\"color: #ff0000;\"><strong>ALLA RADIO&#8230;<\/strong><\/span><\/p>\n<blockquote>\n<h3>L&#8217;OM SALVARECH CON ANDREA DA ROIT DELLA PRO LOCO LA VALLE<\/h3>\n<\/blockquote>\n<p><strong><a class=\"dt-pswp-item\" href=\"https:\/\/www.radiopiu.net\/wordpress\/wp-content\/uploads\/2023\/04\/om-salvarech-2023.jpg\" data-dt-img-description=\"\" data-large_image_width=\"2048\" data-large_image_height=\"1072\"><img loading=\"lazy\" decoding=\"async\" class=\" wp-image-331237 alignleft\" src=\"https:\/\/www.radiopiu.net\/wordpress\/wp-content\/uploads\/2023\/04\/om-salvarech-2023-300x157.jpg\" alt=\"\" width=\"204\" height=\"107\" srcset=\"https:\/\/www.radiopiu.net\/wordpress\/wp-content\/uploads\/2023\/04\/om-salvarech-2023-300x157.jpg 300w, https:\/\/www.radiopiu.net\/wordpress\/wp-content\/uploads\/2023\/04\/om-salvarech-2023-1024x536.jpg 1024w, https:\/\/www.radiopiu.net\/wordpress\/wp-content\/uploads\/2023\/04\/om-salvarech-2023-768x402.jpg 768w, https:\/\/www.radiopiu.net\/wordpress\/wp-content\/uploads\/2023\/04\/om-salvarech-2023-1536x804.jpg 1536w, https:\/\/www.radiopiu.net\/wordpress\/wp-content\/uploads\/2023\/04\/om-salvarech-2023.jpg 2048w\" sizes=\"auto, (max-width: 204px) 100vw, 204px\" \/><\/a>di Mirko Mezzacasa<\/strong><\/p>\n<p>OSPITE: Andrea Da Roit, presidente Pro Loco La Valle Agordina<\/p>\n<p><strong>LA VALLE <\/strong>A La Valle due giorni di festa con l&#8217;Om Salvarech. Lunedi 24 aprile, al tendone presentazione della mostra &#8220;vers l&#8217;insuda&#8221;:gli aquerelli dipinti dagli alunni della scuola primaria, dalle 17 l&#8217;apertivo selvatico con Rdj, 19 stand gastronomico, serata danzante con la Spritzband e a seguire dico-tek con Rdj. Martedi 25 aprile al tendone di Conaggia \u201cel merc\u00e0 de l&#8217;insuda\u201d, alle 10 gara podistica Su e do per i coi, memorial Flavio De Cassai, dalle 12 stand gastronomico e dalle 14: preparazione Om Salvarech a Cugnago, sfilata per le vie del paese, alle 16 apertivo selvatico danzante con Eros, alle 19 la cota e quindi gran finale con il testamento e il Falo&#8217; Dell&#8217;Om Salvarech tra i balli con Eros e Karin. Om Salvarech, a LA VALLE AGORDINA. con la Proloco 24-25 Aprile<\/p>\n<audio class=\"wp-audio-shortcode\" id=\"audio-332424-16\" preload=\"none\" style=\"width: 100%;\" controls=\"controls\"><source type=\"audio\/mpeg\" src=\"https:\/\/www.radiopiu.net\/wordpress\/wp-content\/uploads\/2023\/04\/ANDREA-DA-ROIT.mp3?_=16\" \/><a href=\"https:\/\/www.radiopiu.net\/wordpress\/wp-content\/uploads\/2023\/04\/ANDREA-DA-ROIT.mp3\">https:\/\/www.radiopiu.net\/wordpress\/wp-content\/uploads\/2023\/04\/ANDREA-DA-ROIT.mp3<\/a><\/audio>\n<p>&nbsp;<\/p>\n<\/div>\n<blockquote><p>&nbsp;<\/p><\/blockquote>\n<div class=\"message spoilers-container\" dir=\"auto\">\n<hr \/>\n<p>&nbsp;<\/p>\n<\/div>\n<div class=\"message spoilers-container\" dir=\"auto\">\n<div class=\"column\">\n<p><img loading=\"lazy\" decoding=\"async\" class=\"aligncenter wp-image-61954 size-full\" src=\"https:\/\/www.radiopiu.net\/wordpress\/wp-content\/uploads\/2018\/09\/viabilita.jpeg\" sizes=\"auto, (max-width: 800px) 100vw, 800px\" srcset=\"https:\/\/www.radiopiu.net\/wordpress\/wp-content\/uploads\/2018\/09\/viabilita.jpeg 800w, https:\/\/www.radiopiu.net\/wordpress\/wp-content\/uploads\/2018\/09\/viabilita-300x38.jpeg 300w, https:\/\/www.radiopiu.net\/wordpress\/wp-content\/uploads\/2018\/09\/viabilita-768x96.jpeg 768w\" alt=\"\" width=\"800\" height=\"100\" \/><\/p>\n<\/div>\n<\/div>\n<div class=\"message spoilers-container\" dir=\"auto\">\n<div class=\"column\">\n<p>&nbsp;<\/p>\n<\/div>\n<\/div>\n<div class=\"message spoilers-container\" dir=\"auto\">\n<div class=\"column\">\n<div dir=\"ltr\">\n<div class=\"gmail_quote\">\n<div dir=\"ltr\">\n<div class=\"gmail_quote\">\n<blockquote class=\"wp-embedded-content\" data-secret=\"mehnSxRFOz\"><p><a href=\"https:\/\/www.radiopiu.net\/wordpress\/viabilita\/\">viabilita<\/a><\/p><\/blockquote>\n<p><iframe loading=\"lazy\" class=\"wp-embedded-content\" sandbox=\"allow-scripts\" security=\"restricted\" style=\"position: absolute; clip: rect(1px, 1px, 1px, 1px);\" title=\"&#8220;viabilita&#8221; &#8212; Radio Pi\u00f9\" src=\"https:\/\/www.radiopiu.net\/wordpress\/viabilita\/embed\/#?secret=w62oKP5Jso#?secret=mehnSxRFOz\" data-secret=\"mehnSxRFOz\" width=\"600\" height=\"338\" frameborder=\"0\" marginwidth=\"0\" marginheight=\"0\" scrolling=\"no\"><\/iframe><\/p>\n<\/div>\n<\/div>\n<\/div>\n<\/div>\n<\/div>\n<\/div>\n<div class=\"message spoilers-container\" dir=\"auto\">\n<div class=\"column\">\n<div>\n<div dir=\"ltr\">\n<div class=\"gmail_quote\">\n<div dir=\"ltr\">\n<div><\/div>\n<\/div>\n<\/div>\n<\/div>\n<\/div>\n<hr \/>\n<p>&nbsp;<\/p>\n<p><a class=\"dt-pswp-item\" href=\"https:\/\/www.radiopiu.net\/wordpress\/wp-content\/uploads\/2018\/09\/WhatsApp-Image-2018-09-20-at-16.04.06.jpeg\" data-dt-img-description=\"\" data-large_image_width=\"800\" data-large_image_height=\"100\"><img loading=\"lazy\" decoding=\"async\" class=\"wp-image-61378 size-full aligncenter\" src=\"https:\/\/www.radiopiu.net\/wordpress\/wp-content\/uploads\/2018\/09\/WhatsApp-Image-2018-09-20-at-16.04.06.jpeg\" alt=\"\" width=\"800\" height=\"100\" srcset=\"https:\/\/www.radiopiu.net\/wordpress\/wp-content\/uploads\/2018\/09\/WhatsApp-Image-2018-09-20-at-16.04.06.jpeg 800w, https:\/\/www.radiopiu.net\/wordpress\/wp-content\/uploads\/2018\/09\/WhatsApp-Image-2018-09-20-at-16.04.06-300x38.jpeg 300w, https:\/\/www.radiopiu.net\/wordpress\/wp-content\/uploads\/2018\/09\/WhatsApp-Image-2018-09-20-at-16.04.06-768x96.jpeg 768w\" sizes=\"auto, (max-width: 800px) 100vw, 800px\" \/><\/a><\/p>\n<\/div>\n<\/div>\n<div class=\"message spoilers-container\" dir=\"auto\"><center>\u00a0<\/center><center><\/center><center><\/center><b>OGGI <\/b>Tempo discreto\/variabile con transito di estese nubi alte in grado di velare il cielo al mattino, poi medio-alte al pomeriggio. Occorrer\u00e0 anche considerare il formarsi di nubi basse e di stratocumuli a ridosso dei rilievi su gran parte delle Prealpi e su alcuni settori dolomitici nel tardo pomeriggio\/sera. Nonostante la copertura nuvolosa, il contesto termico sar\u00e0 assai meno fresco per avvezione di aria mite.<\/p>\n<p>&nbsp;<\/p>\n<hr \/>\n<p><center><\/center><b>DOMANI <\/b>Residue schiarite mattutine, poi crescente nuvolosit\u00e0 fino a cielo coperto. Dalle ore centrali peggioramento del tempo che risulter\u00e0 in parte perturbato al pomeriggio e prima serata con precipitazioni via via pi\u00f9 diffuse. Esaurimento della prima fase perturbata in tarda serata. Contesto termico diurno ancora mite, nonostante il peggioramento. <b>Precipitazioni: <\/b>Al mattino inizialmente assenti (0%), poi primi fenomeni sparsi entro le ore centrali del giorno. Al pomeriggio ulteriore crescente probabilit\u00e0 fino ad alta anche per rovesci e temporali sulla fascia prealpina.<\/p>\n<p>&nbsp;<\/p>\n<hr \/>\n<p><center><\/center><strong>LUNEDI<\/strong> Maltempo nottetempo e parte del mattino con cielo coperto e precipitazioni diffuse, a tratti anche moderate, nevose oltre i 1700-1900 m su Dolomiti e 1900-2000 m su Prealpi. Questa fase sar\u00e0 seguita da temporanea variabilit\u00e0 ore centrali sulle Dolomiti, prima che il tempo migliori con ritorno di rasserenamenti al pomeriggio; mentre ci sar\u00e0 una probabile residua instabilit\u00e0 sulle Prealpi. Temperature in generale calo.<\/p>\n<p>&nbsp;<\/p>\n<hr \/>\n<p><center><\/center><strong>MARTEDI<\/strong>\u00a0 Aumento della nuvolosit\u00e0 nottetempo, seguito da fase perturbata\/instabile con cielo coperto e generalizzate precipitazioni, anche a carattere di rovescio, nevose oltre i 1300-1600 m. Temperature in ulteriore lieve calo. Venti perlopi\u00f9 deboli di direzione variabile nelle valli, localmente e a tratti moderati; in quota moderati\/tesi da sud-ovest al mattino e tesi\/forti da nord-ovest al pomeriggio in poi sulle cime pi\u00f9 alte e sulle dorsali prealpine.<\/p>\n<p>&nbsp;<\/p>\n<blockquote class=\"wp-embedded-content\" data-secret=\"OL6EuDfIxQ\"><p><a href=\"https:\/\/www.radiopiu.net\/wordpress\/neve-40-centimetri-a-ra-vales\/\">NEVE:   40 CENTIMETRI A RA VALES<\/a><\/p><\/blockquote>\n<p><iframe loading=\"lazy\" class=\"wp-embedded-content\" sandbox=\"allow-scripts\" security=\"restricted\" style=\"position: absolute; clip: rect(1px, 1px, 1px, 1px);\" title=\"&#8220;NEVE:   40 CENTIMETRI A RA VALES&#8221; &#8212; Radio Pi\u00f9\" src=\"https:\/\/www.radiopiu.net\/wordpress\/neve-40-centimetri-a-ra-vales\/embed\/#?secret=jKhXBnEJYA#?secret=OL6EuDfIxQ\" data-secret=\"OL6EuDfIxQ\" width=\"600\" height=\"338\" frameborder=\"0\" marginwidth=\"0\" marginheight=\"0\" scrolling=\"no\"><\/iframe><\/p>\n<\/div>\n<div class=\"message spoilers-container\" dir=\"auto\">\n<p>&nbsp;<\/p>\n<\/div>\n<div class=\"message spoilers-container\" dir=\"auto\">\n<hr \/>\n<p>&nbsp;<\/p>\n<p><a class=\"dt-pswp-item\" href=\"https:\/\/www.radiopiu.net\/wordpress\/wp-content\/uploads\/2018\/09\/sport.jpg\" data-dt-img-description=\"\" data-large_image_width=\"800\" data-large_image_height=\"100\"><img loading=\"lazy\" decoding=\"async\" class=\"aligncenter wp-image-60761 size-full\" src=\"https:\/\/www.radiopiu.net\/wordpress\/wp-content\/uploads\/2018\/09\/sport.jpg\" alt=\"\" width=\"800\" height=\"100\" srcset=\"https:\/\/www.radiopiu.net\/wordpress\/wp-content\/uploads\/2018\/09\/sport.jpg 800w, https:\/\/www.radiopiu.net\/wordpress\/wp-content\/uploads\/2018\/09\/sport-300x38.jpg 300w, https:\/\/www.radiopiu.net\/wordpress\/wp-content\/uploads\/2018\/09\/sport-768x96.jpg 768w\" sizes=\"auto, (max-width: 800px) 100vw, 800px\" \/><\/a><\/p>\n<\/div>\n<div class=\"message spoilers-container\" dir=\"auto\">\n<p>&nbsp;<\/p>\n<table width=\"100%\">\n<tbody>\n<tr>\n<td>\n<table width=\"100%\">\n<tbody>\n<tr>\n<td>\n<table width=\"100%\">\n<tbody>\n<tr>\n<td>\n<h2>HOCKEY<\/h2>\n<h1><a class=\"dt-pswp-item\" href=\"https:\/\/www.radiopiu.net\/wordpress\/wp-content\/uploads\/2023\/04\/1cabfdfb-86e4-08f7-2d8b-f7bc6e7949da-scaled.jpg\" data-dt-img-description=\"\" data-large_image_width=\"2560\" data-large_image_height=\"1707\">\u00a0<\/a><\/h1>\n<h1><a class=\"dt-pswp-item\" href=\"https:\/\/www.radiopiu.net\/wordpress\/wp-content\/uploads\/2023\/04\/1cabfdfb-86e4-08f7-2d8b-f7bc6e7949da-scaled.jpg\" data-dt-img-description=\"\" data-large_image_width=\"2560\" data-large_image_height=\"1707\"><img loading=\"lazy\" decoding=\"async\" class=\"size-medium wp-image-332546 aligncenter\" src=\"https:\/\/www.radiopiu.net\/wordpress\/wp-content\/uploads\/2023\/04\/1cabfdfb-86e4-08f7-2d8b-f7bc6e7949da-300x200.jpg\" alt=\"\" width=\"300\" height=\"200\" srcset=\"https:\/\/www.radiopiu.net\/wordpress\/wp-content\/uploads\/2023\/04\/1cabfdfb-86e4-08f7-2d8b-f7bc6e7949da-300x200.jpg 300w, https:\/\/www.radiopiu.net\/wordpress\/wp-content\/uploads\/2023\/04\/1cabfdfb-86e4-08f7-2d8b-f7bc6e7949da-1024x683.jpg 1024w, https:\/\/www.radiopiu.net\/wordpress\/wp-content\/uploads\/2023\/04\/1cabfdfb-86e4-08f7-2d8b-f7bc6e7949da-768x512.jpg 768w, https:\/\/www.radiopiu.net\/wordpress\/wp-content\/uploads\/2023\/04\/1cabfdfb-86e4-08f7-2d8b-f7bc6e7949da-1536x1024.jpg 1536w, https:\/\/www.radiopiu.net\/wordpress\/wp-content\/uploads\/2023\/04\/1cabfdfb-86e4-08f7-2d8b-f7bc6e7949da-2048x1365.jpg 2048w\" sizes=\"auto, (max-width: 300px) 100vw, 300px\" \/> <\/a><\/h1>\n<h1>Nazionale Senior, a Bled arriva un altro K.O. contro la Slovenia<\/h1>\n<\/td>\n<\/tr>\n<\/tbody>\n<\/table>\n<\/td>\n<\/tr>\n<\/tbody>\n<\/table>\n<\/td>\n<\/tr>\n<tr>\n<td>\n<table width=\"100%\">\n<tbody>\n<tr>\n<td>\n<table width=\"100%\">\n<tbody>\n<tr>\n<td>\n<h3><strong>Il powerplay sloveno non lascia scampo agli Azzurri, che subiscono la seconda sconfitta in due giorni. Marted\u00ec mattina la partenza alla volta della Gran Bretagna.\u00a0<\/strong><\/h3>\n<\/td>\n<\/tr>\n<\/tbody>\n<\/table>\n<\/td>\n<\/tr>\n<\/tbody>\n<\/table>\n<table width=\"100%\">\n<tbody>\n<tr>\n<td>\n<table width=\"100%\">\n<tbody>\n<tr>\n<td>\n<h4><strong>Seconda sconfitta per la Nazionale italiana di hockey<\/strong> nella doppia sfida amichevole contro la <strong>Slovenia<\/strong>. Dopo il KO di ieri, gli Azzurri devono arrendersi anche nel primo pomeriggio di oggi, <strong>con i padroni di casa a imporsi per 4 a 1<\/strong>. Di Marzo Zanetti l&#8217;unica marcatura degli ospiti, che hanno faticato a gestire il powerplay sloveno. Il Blue Team \u00e8 gi\u00e0 di ritorno verso l&#8217;Alto Adige, dove si preparer\u00e0 alla partenza alla volta di Nottingham, in programma marted\u00ec. Prima dell&#8217;esordio iridato (sabato 29 aprile contro la Romania), ci sar\u00e0 spazio per un&#8217;ultima amichevole in terra inglese, il 27 aprile contro la Corea del Sud.<\/h4>\n<\/td>\n<\/tr>\n<\/tbody>\n<\/table>\n<\/td>\n<\/tr>\n<\/tbody>\n<\/table>\n<\/td>\n<\/tr>\n<\/tbody>\n<\/table>\n<p><span style=\"color: #0000ff;\"><strong>\u00a0<\/strong><\/span><\/p>\n<p><span style=\"color: #0000ff;\"><strong>\u00a0<\/strong><\/span><\/p>\n<p><span style=\"color: #0000ff;\"><strong>PALLAVOLO <\/strong><\/span><span style=\"color: #0000ff;\"><strong>\u00a0<\/strong><\/span><\/p>\n<blockquote>\n<h3><b>Ultimo atto: \u00abOnoreremo fino in fondo il campionato\u00bb<\/b><\/h3>\n<\/blockquote>\n<p><a class=\"dt-pswp-item\" href=\"https:\/\/www.radiopiu.net\/wordpress\/wp-content\/uploads\/2023\/04\/Ultimo_atto_a_Vigonza-1.jpg\" data-dt-img-description=\"\" data-large_image_width=\"1555\" data-large_image_height=\"1037\"><img loading=\"lazy\" decoding=\"async\" class=\" wp-image-332520 alignleft\" src=\"https:\/\/www.radiopiu.net\/wordpress\/wp-content\/uploads\/2023\/04\/Ultimo_atto_a_Vigonza-1-300x200.jpg\" alt=\"\" width=\"195\" height=\"130\" srcset=\"https:\/\/www.radiopiu.net\/wordpress\/wp-content\/uploads\/2023\/04\/Ultimo_atto_a_Vigonza-1-300x200.jpg 300w, https:\/\/www.radiopiu.net\/wordpress\/wp-content\/uploads\/2023\/04\/Ultimo_atto_a_Vigonza-1-1024x683.jpg 1024w, https:\/\/www.radiopiu.net\/wordpress\/wp-content\/uploads\/2023\/04\/Ultimo_atto_a_Vigonza-1-768x512.jpg 768w, https:\/\/www.radiopiu.net\/wordpress\/wp-content\/uploads\/2023\/04\/Ultimo_atto_a_Vigonza-1-1536x1024.jpg 1536w, https:\/\/www.radiopiu.net\/wordpress\/wp-content\/uploads\/2023\/04\/Ultimo_atto_a_Vigonza-1.jpg 1555w\" sizes=\"auto, (max-width: 195px) 100vw, 195px\" \/><\/a>Cala il sipario sul campionato della pallavolo femminile Belluno: questa sera alle 20.30, le ragazze guidate da coach Nesello saranno di scena a Vigonza per affrontare le padrone di casa del Vig\u00f2.\u00a0 \u00a0<em>\u00abVogliamo vincere &#8211; afferma il direttore sportivo, Claudio Casanova &#8211; e onorare fino in fondo questo campionato. Le prospettive a inizio annata erano differentii, ma quando il destino era nelle nostre mani non siamo stati in grado di ottenere quel punto in pi\u00f9, necessario per la salvezza\u00bb.\u00a0<\/em><\/p>\n<p>&nbsp;<\/p>\n<blockquote><p>&nbsp;<\/p><\/blockquote>\n<p>&nbsp;<\/p>\n<hr \/>\n<p>&nbsp;<\/p>\n<blockquote>\n<h2><span style=\"color: #99cc00;\">DA DEDICHE E RICHIESTE&#8230;<\/span><\/h2>\n<h3>WILLIAM DA ROIT E L&#8217;ULTRAMARATONA DI VENEZIA<\/h3>\n<\/blockquote>\n<p><strong><a class=\"dt-pswp-item\" href=\"https:\/\/www.radiopiu.net\/wordpress\/wp-content\/uploads\/2018\/06\/WhatsApp-Image-2018-06-19-at-05.42.14.jpeg\" data-dt-img-description=\"\" data-large_image_width=\"1280\" data-large_image_height=\"960\"><img loading=\"lazy\" decoding=\"async\" class=\" wp-image-51215 alignleft\" src=\"https:\/\/www.radiopiu.net\/wordpress\/wp-content\/uploads\/2018\/06\/WhatsApp-Image-2018-06-19-at-05.42.14-300x225.jpeg\" alt=\"\" width=\"117\" height=\"88\" srcset=\"https:\/\/www.radiopiu.net\/wordpress\/wp-content\/uploads\/2018\/06\/WhatsApp-Image-2018-06-19-at-05.42.14-300x225.jpeg 300w, https:\/\/www.radiopiu.net\/wordpress\/wp-content\/uploads\/2018\/06\/WhatsApp-Image-2018-06-19-at-05.42.14-768x576.jpeg 768w, https:\/\/www.radiopiu.net\/wordpress\/wp-content\/uploads\/2018\/06\/WhatsApp-Image-2018-06-19-at-05.42.14-1024x768.jpeg 1024w, https:\/\/www.radiopiu.net\/wordpress\/wp-content\/uploads\/2018\/06\/WhatsApp-Image-2018-06-19-at-05.42.14.jpeg 1280w\" sizes=\"auto, (max-width: 117px) 100vw, 117px\" \/><\/a>REDAZIONE<\/strong> E&#8217; stato il migliore dei bellunesi in gara all&#8217;ultima UltraMaratona di Venezia. Stiamo parlando di William Da Roit, il panettiere di La Valle. Tra le tante curiosit\u00e0 abbiamo chiesto come fanno gli atleti a fare i propri bisogni in gara. Un segreto svelato in parte&#8230;<\/p>\n<p><strong>WILLIAM DA ROIT<\/strong><\/p>\n<audio class=\"wp-audio-shortcode\" id=\"audio-332424-17\" preload=\"none\" style=\"width: 100%;\" controls=\"controls\"><source type=\"audio\/mpeg\" src=\"https:\/\/www.radiopiu.net\/wordpress\/wp-content\/uploads\/2023\/04\/DEDICHE-WILLIAM.mp3?_=17\" \/><a href=\"https:\/\/www.radiopiu.net\/wordpress\/wp-content\/uploads\/2023\/04\/DEDICHE-WILLIAM.mp3\">https:\/\/www.radiopiu.net\/wordpress\/wp-content\/uploads\/2023\/04\/DEDICHE-WILLIAM.mp3<\/a><\/audio>\n<p>&nbsp;<\/p>\n<p>&nbsp;<\/p>\n<hr \/>\n<blockquote>\n<h2><span style=\"color: #99cc00;\">DA DEDICHE E RICHIESTE&#8230;<\/span><\/h2>\n<h3>MARCO DAL FARRA E IL PROSSIMO CONCERTO<\/h3>\n<\/blockquote>\n<p><strong><a class=\"dt-pswp-item\" href=\"https:\/\/www.radiopiu.net\/wordpress\/wp-content\/uploads\/2022\/03\/MARCO-DAL-FARRA-FOTO.jpg\" data-dt-img-description=\"\" data-large_image_width=\"924\" data-large_image_height=\"924\"><img loading=\"lazy\" decoding=\"async\" class=\" wp-image-264941 alignleft\" src=\"https:\/\/www.radiopiu.net\/wordpress\/wp-content\/uploads\/2022\/03\/MARCO-DAL-FARRA-FOTO-300x300.jpg\" alt=\"\" width=\"100\" height=\"100\" srcset=\"https:\/\/www.radiopiu.net\/wordpress\/wp-content\/uploads\/2022\/03\/MARCO-DAL-FARRA-FOTO-300x300.jpg 300w, https:\/\/www.radiopiu.net\/wordpress\/wp-content\/uploads\/2022\/03\/MARCO-DAL-FARRA-FOTO-150x150.jpg 150w, https:\/\/www.radiopiu.net\/wordpress\/wp-content\/uploads\/2022\/03\/MARCO-DAL-FARRA-FOTO-768x768.jpg 768w, https:\/\/www.radiopiu.net\/wordpress\/wp-content\/uploads\/2022\/03\/MARCO-DAL-FARRA-FOTO.jpg 924w\" sizes=\"auto, (max-width: 100px) 100vw, 100px\" \/><\/a>REDAZIONE<\/strong> Ospite di Dediche e Richieste anche Marco dal Farra che ha annunciato il prossimo concerto. Ma non solo&#8230;nell&#8217;occasione del live in programma il 6 maggio verr\u00e0 presentato anche il nuovo singolo che per ora \u00e8 un segreto.<\/p>\n<p>&nbsp;<\/p>\n<p><strong>MARCO DAL FARRA<\/strong><\/p>\n<audio class=\"wp-audio-shortcode\" id=\"audio-332424-18\" preload=\"none\" style=\"width: 100%;\" controls=\"controls\"><source type=\"audio\/mpeg\" src=\"https:\/\/www.radiopiu.net\/wordpress\/wp-content\/uploads\/2023\/04\/DEDICHE-DAL-FARRA.mp3?_=18\" \/><a href=\"https:\/\/www.radiopiu.net\/wordpress\/wp-content\/uploads\/2023\/04\/DEDICHE-DAL-FARRA.mp3\">https:\/\/www.radiopiu.net\/wordpress\/wp-content\/uploads\/2023\/04\/DEDICHE-DAL-FARRA.mp3<\/a><\/audio>\n<p>&nbsp;<\/p>\n<p>&nbsp;<\/p>\n<hr \/>\n<blockquote>\n<h2><span style=\"color: #99cc00;\">DA DEDICHE E RICHIESTE&#8230;<\/span><\/h2>\n<h3>STEFANO ORSINGHER E LA SUA ESPERIENZA IN RADIO<\/h3>\n<\/blockquote>\n<p><strong><a class=\"dt-pswp-item\" href=\"https:\/\/www.radiopiu.net\/wordpress\/wp-content\/uploads\/2023\/04\/STEFANO-ORSINGHER.jpg\" data-dt-img-description=\"\" data-large_image_width=\"330\" data-large_image_height=\"330\"><img loading=\"lazy\" decoding=\"async\" class=\" wp-image-332289 alignleft\" src=\"https:\/\/www.radiopiu.net\/wordpress\/wp-content\/uploads\/2023\/04\/STEFANO-ORSINGHER-300x300.jpg\" alt=\"\" width=\"114\" height=\"114\" srcset=\"https:\/\/www.radiopiu.net\/wordpress\/wp-content\/uploads\/2023\/04\/STEFANO-ORSINGHER-300x300.jpg 300w, https:\/\/www.radiopiu.net\/wordpress\/wp-content\/uploads\/2023\/04\/STEFANO-ORSINGHER-150x150.jpg 150w, https:\/\/www.radiopiu.net\/wordpress\/wp-content\/uploads\/2023\/04\/STEFANO-ORSINGHER.jpg 330w\" sizes=\"auto, (max-width: 114px) 100vw, 114px\" \/><\/a>REDAZIONE<\/strong> Tra le voci che hanno accompagnato gli ascoltatori di Radio Pi\u00f9 nei suoi 40 anni di vita anche quella di Stefano Orsingher. Dalle prime esperienze con una radio &#8220;pirata&#8221;, passando per Radio Alleghe e poi Radio Pi\u00f9. La sua grande passione l&#8217;hockey su ghiaccio ma anche le moto&#8230;.<\/p>\n<p><strong>STEFANO ORSINGHER<\/strong><\/p>\n<audio class=\"wp-audio-shortcode\" id=\"audio-332424-19\" preload=\"none\" style=\"width: 100%;\" controls=\"controls\"><source type=\"audio\/mpeg\" src=\"https:\/\/www.radiopiu.net\/wordpress\/wp-content\/uploads\/2023\/04\/DEDICHE-ORSINGHER.mp3?_=19\" \/><a href=\"https:\/\/www.radiopiu.net\/wordpress\/wp-content\/uploads\/2023\/04\/DEDICHE-ORSINGHER.mp3\">https:\/\/www.radiopiu.net\/wordpress\/wp-content\/uploads\/2023\/04\/DEDICHE-ORSINGHER.mp3<\/a><\/audio>\n<p>&nbsp;<\/p>\n<p>&nbsp;<\/p>\n<\/div>\n","protected":false},"excerpt":{"rendered":"<p>ISCRIVITI AL NOSTRO CANALE\u00a0 YOUTUBE PER SEGUIRE IN DIRETTA I PRINCIPALI PROGRAMMI DI RADIO PIU&#8217; E LE FUTURE DIRETTE IN ESTERNA. PER ISCRIVERTI CLICCA QUI E PREMI\u00a0 &#8220;Iscriviti&#8221;\u00a0 \u00a0 \u00a0 &nbsp; E anche oggi RADIOPIU si fa in quattro\u00a0 per i suoi ascoltatori&#8230;. 1&#8230;. alle 8 la rassegna stampa locale, dal 1983 tutti i giorni&hellip;<\/p>\n","protected":false},"author":4,"featured_media":332504,"comment_status":"closed","ping_status":"closed","sticky":false,"template":"","format":"standard","meta":{"_monsterinsights_skip_tracking":false,"_monsterinsights_sitenote_active":false,"_monsterinsights_sitenote_note":"","_monsterinsights_sitenote_category":0,"footnotes":""},"categories":[51,86,49],"tags":[],"class_list":["post-332424","post","type-post","status-publish","format-standard","has-post-thumbnail","hentry","category-evidenza-top","category-gr","category-news-18","category-51","category-86","category-49","description-off"],"img_url":"https:\/\/www.radiopiu.net\/wordpress\/wp-content\/uploads\/2023\/04\/fab85c93-504f-4c45-ab15-f8ac5d027ab1.jpg","_links":{"self":[{"href":"https:\/\/www.radiopiu.net\/wordpress\/wp-json\/wp\/v2\/posts\/332424","targetHints":{"allow":["GET"]}}],"collection":[{"href":"https:\/\/www.radiopiu.net\/wordpress\/wp-json\/wp\/v2\/posts"}],"about":[{"href":"https:\/\/www.radiopiu.net\/wordpress\/wp-json\/wp\/v2\/types\/post"}],"author":[{"embeddable":true,"href":"https:\/\/www.radiopiu.net\/wordpress\/wp-json\/wp\/v2\/users\/4"}],"replies":[{"embeddable":true,"href":"https:\/\/www.radiopiu.net\/wordpress\/wp-json\/wp\/v2\/comments?post=332424"}],"version-history":[{"count":0,"href":"https:\/\/www.radiopiu.net\/wordpress\/wp-json\/wp\/v2\/posts\/332424\/revisions"}],"wp:featuredmedia":[{"embeddable":true,"href":"https:\/\/www.radiopiu.net\/wordpress\/wp-json\/wp\/v2\/media\/332504"}],"wp:attachment":[{"href":"https:\/\/www.radiopiu.net\/wordpress\/wp-json\/wp\/v2\/media?parent=332424"}],"wp:term":[{"taxonomy":"category","embeddable":true,"href":"https:\/\/www.radiopiu.net\/wordpress\/wp-json\/wp\/v2\/categories?post=332424"},{"taxonomy":"post_tag","embeddable":true,"href":"https:\/\/www.radiopiu.net\/wordpress\/wp-json\/wp\/v2\/tags?post=332424"}],"curies":[{"name":"wp","href":"https:\/\/api.w.org\/{rel}","templated":true}]}}