{"id":332528,"date":"2023-04-22T05:30:14","date_gmt":"2023-04-22T03:30:14","guid":{"rendered":"https:\/\/www.radiopiu.net\/wordpress\/?p=332528"},"modified":"2023-04-22T06:03:36","modified_gmt":"2023-04-22T04:03:36","slug":"guasto-allacquedotto-sotto-il","status":"publish","type":"post","link":"https:\/\/www.radiopiu.net\/wordpress\/guasto-allacquedotto-sotto-il\/","title":{"rendered":"GUASTO ALL&#8217;ACQUEDOTTO SOTTO IL PONTE DELLA VITTORIA"},"content":{"rendered":"<blockquote>\n<h3>LA PERDITA IDRICA DI BORGO PIAVE HA I GIORNI CONTATI<\/h3>\n<\/blockquote>\n<p><em><a class=\"dt-pswp-item\" href=\"https:\/\/www.radiopiu.net\/wordpress\/wp-content\/uploads\/2023\/04\/IMG-20230421-WA0000.jpg\" data-dt-img-description=\"\" data-large_image_width=\"1536\" data-large_image_height=\"2048\"><img loading=\"lazy\" decoding=\"async\" class=\"size-medium wp-image-332527 alignleft\" src=\"https:\/\/www.radiopiu.net\/wordpress\/wp-content\/uploads\/2023\/04\/IMG-20230421-WA0000-225x300.jpg\" alt=\"\" width=\"225\" height=\"300\" srcset=\"https:\/\/www.radiopiu.net\/wordpress\/wp-content\/uploads\/2023\/04\/IMG-20230421-WA0000-225x300.jpg 225w, https:\/\/www.radiopiu.net\/wordpress\/wp-content\/uploads\/2023\/04\/IMG-20230421-WA0000-768x1024.jpg 768w, https:\/\/www.radiopiu.net\/wordpress\/wp-content\/uploads\/2023\/04\/IMG-20230421-WA0000-1152x1536.jpg 1152w, https:\/\/www.radiopiu.net\/wordpress\/wp-content\/uploads\/2023\/04\/IMG-20230421-WA0000.jpg 1536w\" sizes=\"auto, (max-width: 225px) 100vw, 225px\" \/><\/a><\/em><strong>BELLUNO<\/strong>\u00a0 Sar\u00e0 realizzata mercoled\u00ec prossimo la riparazione di un\u2019ingente rottura dell\u2019acquedotto riscontrata nei giorni scorsi dai tecnici di Bim Gsp sotto il Ponte della Vittoria, a Belluno, lungo il tubo \u201caereo\u201d ancorato al ponte stesso ed esteso per tutta la lunghezza della struttura. Ed \u00e8 proprio questa rottura la causa del forte getto d\u2019acqua che da qualche giorno e tuttora fuoriesce in caduta libera dalla condotta. La riparazione, gi\u00e0 organizzata e programmata, non potr\u00e0 essere eseguita prima di mercoled\u00ec prossimo per la difficolt\u00e0 di accesso alla tubazione \u2013 posta a circa una quindicina di metri di altezza &#8211; che ha\u00a0 reso necessaria l\u2019individuazione di ditte specializzate nell\u2019esecuzione di lavori in quota, che supporteranno il personale tecnico di Bim Gsp nelle diverse fasi.<\/p>\n<blockquote><p><em>I lavori renderanno necessaria la sospensione della fornitura idrica mercoled\u00ec 26, a partire dalle ore 9 e fino a conclusione delle attivit\u00e0 (in giornata): saranno interessate le vie Fossal, Uniera Dei Zater, Alzaia, S.Nicolo&#8217;, Callunga, Dei Molini e Piazzetta S.Nicolo&#8217;. Le operazioni proseguiranno anche nei giorni a seguire, senza disagi nell\u2019erogazione all\u2019utenza.<\/em><\/p><\/blockquote>\n<p>&nbsp;<\/p>\n","protected":false},"excerpt":{"rendered":"<p>LA PERDITA IDRICA DI BORGO PIAVE HA I GIORNI CONTATI BELLUNO\u00a0 Sar\u00e0 realizzata mercoled\u00ec prossimo la riparazione di un\u2019ingente rottura dell\u2019acquedotto riscontrata nei giorni scorsi dai tecnici di Bim Gsp sotto il Ponte della Vittoria, a Belluno, lungo il tubo \u201caereo\u201d ancorato al ponte stesso ed esteso per tutta la lunghezza della struttura. Ed \u00e8&hellip;<\/p>\n","protected":false},"author":4,"featured_media":332527,"comment_status":"closed","ping_status":"closed","sticky":false,"template":"","format":"standard","meta":{"_monsterinsights_skip_tracking":false,"_monsterinsights_sitenote_active":false,"_monsterinsights_sitenote_note":"","_monsterinsights_sitenote_category":0,"footnotes":""},"categories":[51,49],"tags":[],"class_list":["post-332528","post","type-post","status-publish","format-standard","has-post-thumbnail","hentry","category-evidenza-top","category-news-18","category-51","category-49","description-off"],"img_url":"https:\/\/www.radiopiu.net\/wordpress\/wp-content\/uploads\/2023\/04\/IMG-20230421-WA0000.jpg","_links":{"self":[{"href":"https:\/\/www.radiopiu.net\/wordpress\/wp-json\/wp\/v2\/posts\/332528","targetHints":{"allow":["GET"]}}],"collection":[{"href":"https:\/\/www.radiopiu.net\/wordpress\/wp-json\/wp\/v2\/posts"}],"about":[{"href":"https:\/\/www.radiopiu.net\/wordpress\/wp-json\/wp\/v2\/types\/post"}],"author":[{"embeddable":true,"href":"https:\/\/www.radiopiu.net\/wordpress\/wp-json\/wp\/v2\/users\/4"}],"replies":[{"embeddable":true,"href":"https:\/\/www.radiopiu.net\/wordpress\/wp-json\/wp\/v2\/comments?post=332528"}],"version-history":[{"count":0,"href":"https:\/\/www.radiopiu.net\/wordpress\/wp-json\/wp\/v2\/posts\/332528\/revisions"}],"wp:featuredmedia":[{"embeddable":true,"href":"https:\/\/www.radiopiu.net\/wordpress\/wp-json\/wp\/v2\/media\/332527"}],"wp:attachment":[{"href":"https:\/\/www.radiopiu.net\/wordpress\/wp-json\/wp\/v2\/media?parent=332528"}],"wp:term":[{"taxonomy":"category","embeddable":true,"href":"https:\/\/www.radiopiu.net\/wordpress\/wp-json\/wp\/v2\/categories?post=332528"},{"taxonomy":"post_tag","embeddable":true,"href":"https:\/\/www.radiopiu.net\/wordpress\/wp-json\/wp\/v2\/tags?post=332528"}],"curies":[{"name":"wp","href":"https:\/\/api.w.org\/{rel}","templated":true}]}}