{"id":332560,"date":"2023-04-22T05:32:01","date_gmt":"2023-04-22T03:32:01","guid":{"rendered":"https:\/\/www.radiopiu.net\/wordpress\/?p=332560"},"modified":"2023-04-22T06:02:58","modified_gmt":"2023-04-22T04:02:58","slug":"esercizio-abusivo","status":"publish","type":"post","link":"https:\/\/www.radiopiu.net\/wordpress\/esercizio-abusivo\/","title":{"rendered":"ESERCIZIO ABUSIVO DELLA PROFESSIONE, DENTISTI NEI GUAI"},"content":{"rendered":"<p><strong>OGGI SUL CORRIERE DELLE ALPI<\/strong><\/p>\n<p><strong>DI GIGI SOSSO<\/strong><\/p>\n<blockquote><p><em>Paziente ha denunciato tutti: la dentiera gli aveva provocato danni permanenti alla masticazione<\/em><\/p><\/blockquote>\n<p><strong><img loading=\"lazy\" decoding=\"async\" class=\"alignleft\" src=\"https:\/\/www.radiopiu.net\/wordpress\/wp-content\/uploads\/2021\/09\/dentista.jpg\" width=\"248\" height=\"165\" \/>BELLUNO<\/strong> La dentiera non andava bene. Anzi, avrebbe provocato danni permanenti alla masticazione di un paziente, un alpagoto, che ha finito per querelare l&#8217;intero staff di un centro dentale di Borgo Valbelluna: un odontotecnico e due odontoiatri sono finiti in tribunale. Tutti e tre sono accusati di esercizio abusivo di una professione in concorso; lo stesso odontotecnico e uno dei due dentisti devono rispondere anche del reato di lesioni aggravate. L&#8217;odontotecnico, che \u00e8 anche il titolare del centro, avrebbe messo le mani in bocca al cliente, cosa che \u00e8 vietata anche alla presenza del dentista. \u00c8 un artigiano specializzato nella costruzione di protesi dentarie, che gli vengono commissionate dallo stesso medico. &#8230;. il pubblico ministero Marta Tollardo ha chiesto il rinvio a giudizio dei tre al giudice per le udienze preliminari Elisabetta Scolozzi e nessuno degli imputati ha patteggiato i chiesto il rito abbreviato. Il paziente non si \u00e8 costituito parte civile per avere un risarcimento dei danni sofferti, ma \u00e8 ancora in tempo per farlo, a meno che non decida di avviare una causa civile, una strada pi\u00f9 lunga, ma che pu\u00f2 portare allo stesso risultato. Il processo penale partir\u00e0 a maggio<\/p>\n<p>&nbsp;<\/p>\n<p>&nbsp;<\/p>\n<p>___<\/p>\n","protected":false},"excerpt":{"rendered":"<p>OGGI SUL CORRIERE DELLE ALPI DI GIGI SOSSO Paziente ha denunciato tutti: la dentiera gli aveva provocato danni permanenti alla masticazione BELLUNO La dentiera non andava bene. Anzi, avrebbe provocato danni permanenti alla masticazione di un paziente, un alpagoto, che ha finito per querelare l&#8217;intero staff di un centro dentale di Borgo Valbelluna: un odontotecnico&hellip;<\/p>\n","protected":false},"author":4,"featured_media":230621,"comment_status":"closed","ping_status":"closed","sticky":false,"template":"","format":"standard","meta":{"_monsterinsights_skip_tracking":false,"_monsterinsights_sitenote_active":false,"_monsterinsights_sitenote_note":"","_monsterinsights_sitenote_category":0,"footnotes":""},"categories":[51,49],"tags":[],"class_list":["post-332560","post","type-post","status-publish","format-standard","has-post-thumbnail","hentry","category-evidenza-top","category-news-18","category-51","category-49","description-off"],"img_url":"https:\/\/www.radiopiu.net\/wordpress\/wp-content\/uploads\/2021\/09\/dentista.jpg","_links":{"self":[{"href":"https:\/\/www.radiopiu.net\/wordpress\/wp-json\/wp\/v2\/posts\/332560","targetHints":{"allow":["GET"]}}],"collection":[{"href":"https:\/\/www.radiopiu.net\/wordpress\/wp-json\/wp\/v2\/posts"}],"about":[{"href":"https:\/\/www.radiopiu.net\/wordpress\/wp-json\/wp\/v2\/types\/post"}],"author":[{"embeddable":true,"href":"https:\/\/www.radiopiu.net\/wordpress\/wp-json\/wp\/v2\/users\/4"}],"replies":[{"embeddable":true,"href":"https:\/\/www.radiopiu.net\/wordpress\/wp-json\/wp\/v2\/comments?post=332560"}],"version-history":[{"count":0,"href":"https:\/\/www.radiopiu.net\/wordpress\/wp-json\/wp\/v2\/posts\/332560\/revisions"}],"wp:featuredmedia":[{"embeddable":true,"href":"https:\/\/www.radiopiu.net\/wordpress\/wp-json\/wp\/v2\/media\/230621"}],"wp:attachment":[{"href":"https:\/\/www.radiopiu.net\/wordpress\/wp-json\/wp\/v2\/media?parent=332560"}],"wp:term":[{"taxonomy":"category","embeddable":true,"href":"https:\/\/www.radiopiu.net\/wordpress\/wp-json\/wp\/v2\/categories?post=332560"},{"taxonomy":"post_tag","embeddable":true,"href":"https:\/\/www.radiopiu.net\/wordpress\/wp-json\/wp\/v2\/tags?post=332560"}],"curies":[{"name":"wp","href":"https:\/\/api.w.org\/{rel}","templated":true}]}}