{"id":332563,"date":"2023-04-22T05:29:52","date_gmt":"2023-04-22T03:29:52","guid":{"rendered":"https:\/\/www.radiopiu.net\/wordpress\/?p=332563"},"modified":"2023-04-22T06:03:52","modified_gmt":"2023-04-22T04:03:52","slug":"il-presidente-della-repubblicaf","status":"publish","type":"post","link":"https:\/\/www.radiopiu.net\/wordpress\/il-presidente-della-repubblicaf\/","title":{"rendered":"IL PRESIDENTE DELLA REPUBBLICA TORNA A LONGARONE"},"content":{"rendered":"<blockquote>\n<h3><em>PER OMAGGIARE LE VITTIME DEL VAJONT<\/em><\/h3>\n<\/blockquote>\n<p><strong><a class=\"dt-pswp-item\" href=\"https:\/\/www.radiopiu.net\/wordpress\/wp-content\/uploads\/2019\/03\/21369.jpg\" data-dt-img-description=\"Il Presidente della Repubblica Sergio Mattarella durante il sorvolo dei luoghi colpiti dall\u2019alluvione del 2018. (foto di Francesco Ammendola, ufficio stampa Presidenza della Repubblica)\" data-large_image_width=\"2835\" data-large_image_height=\"2362\"><img loading=\"lazy\" decoding=\"async\" class=\"wp-image-78984 alignleft\" src=\"https:\/\/www.radiopiu.net\/wordpress\/wp-content\/uploads\/2019\/03\/21369-300x250.jpg\" alt=\"\" width=\"167\" height=\"139\" srcset=\"https:\/\/www.radiopiu.net\/wordpress\/wp-content\/uploads\/2019\/03\/21369-300x250.jpg 300w, https:\/\/www.radiopiu.net\/wordpress\/wp-content\/uploads\/2019\/03\/21369-768x640.jpg 768w, https:\/\/www.radiopiu.net\/wordpress\/wp-content\/uploads\/2019\/03\/21369-1024x853.jpg 1024w\" sizes=\"auto, (max-width: 167px) 100vw, 167px\" \/><\/a>LONGARONE<\/strong> il presidente della Repubblica, Sergio Mattarella, verr\u00e0 sul Vajont per omaggiare le vittime in occasione del 60\u00b0 anniversario. Far\u00e0 memoria dei morti al cimitero monumentale di Fortogna, salir\u00e0 sulla diga, a Longarone porter\u00e0 il suo contributo che, ancora una volta, come hanno fatto altri Capi di Stato, rilancer\u00e0 l&#8217;urgenza della prevenzione. Mattarella era stato a Longarone anche nel 2019.Lo ha detto il sindaco Roberto Padrin, illustrando ieri in municipio a Longarone la prima parte del programma commemorativo<\/p>\n<p>&nbsp;<\/p>\n<hr \/>\n<p>&nbsp;<\/p>\n","protected":false},"excerpt":{"rendered":"<p>PER OMAGGIARE LE VITTIME DEL VAJONT LONGARONE il presidente della Repubblica, Sergio Mattarella, verr\u00e0 sul Vajont per omaggiare le vittime in occasione del 60\u00b0 anniversario. Far\u00e0 memoria dei morti al cimitero monumentale di Fortogna, salir\u00e0 sulla diga, a Longarone porter\u00e0 il suo contributo che, ancora una volta, come hanno fatto altri Capi di Stato, rilancer\u00e0&hellip;<\/p>\n","protected":false},"author":4,"featured_media":78984,"comment_status":"closed","ping_status":"closed","sticky":false,"template":"","format":"standard","meta":{"_monsterinsights_skip_tracking":false,"_monsterinsights_sitenote_active":false,"_monsterinsights_sitenote_note":"","_monsterinsights_sitenote_category":0,"footnotes":""},"categories":[51,49],"tags":[],"class_list":["post-332563","post","type-post","status-publish","format-standard","has-post-thumbnail","hentry","category-evidenza-top","category-news-18","category-51","category-49","description-off"],"img_url":"https:\/\/www.radiopiu.net\/wordpress\/wp-content\/uploads\/2019\/03\/21369.jpg","_links":{"self":[{"href":"https:\/\/www.radiopiu.net\/wordpress\/wp-json\/wp\/v2\/posts\/332563","targetHints":{"allow":["GET"]}}],"collection":[{"href":"https:\/\/www.radiopiu.net\/wordpress\/wp-json\/wp\/v2\/posts"}],"about":[{"href":"https:\/\/www.radiopiu.net\/wordpress\/wp-json\/wp\/v2\/types\/post"}],"author":[{"embeddable":true,"href":"https:\/\/www.radiopiu.net\/wordpress\/wp-json\/wp\/v2\/users\/4"}],"replies":[{"embeddable":true,"href":"https:\/\/www.radiopiu.net\/wordpress\/wp-json\/wp\/v2\/comments?post=332563"}],"version-history":[{"count":0,"href":"https:\/\/www.radiopiu.net\/wordpress\/wp-json\/wp\/v2\/posts\/332563\/revisions"}],"wp:featuredmedia":[{"embeddable":true,"href":"https:\/\/www.radiopiu.net\/wordpress\/wp-json\/wp\/v2\/media\/78984"}],"wp:attachment":[{"href":"https:\/\/www.radiopiu.net\/wordpress\/wp-json\/wp\/v2\/media?parent=332563"}],"wp:term":[{"taxonomy":"category","embeddable":true,"href":"https:\/\/www.radiopiu.net\/wordpress\/wp-json\/wp\/v2\/categories?post=332563"},{"taxonomy":"post_tag","embeddable":true,"href":"https:\/\/www.radiopiu.net\/wordpress\/wp-json\/wp\/v2\/tags?post=332563"}],"curies":[{"name":"wp","href":"https:\/\/api.w.org\/{rel}","templated":true}]}}