{"id":332586,"date":"2023-04-22T07:55:45","date_gmt":"2023-04-22T05:55:45","guid":{"rendered":"https:\/\/www.radiopiu.net\/wordpress\/?p=332586"},"modified":"2023-04-22T08:41:55","modified_gmt":"2023-04-22T06:41:55","slug":"puntuale-anche-al-sabato-la-rassegna-stampa-locale-di-mirko-mezzacasa","status":"publish","type":"post","link":"https:\/\/www.radiopiu.net\/wordpress\/puntuale-anche-al-sabato-la-rassegna-stampa-locale-di-mirko-mezzacasa\/","title":{"rendered":"PUNTUALE ANCHE AL SABATO&#8230;LA RASSEGNA STAMPA LOCALE DI MIRKO MEZZACASA"},"content":{"rendered":"<p><strong>BELLUNO<\/strong> Un&#8217;altra casa in fiamme, 3 famiglie, 15 persone sfollate a Bolzano Bellunese. Durante le operazioni di spegnimento l&#8217;esplosione, ferito leggermente un vigile del fuoco.<br \/>\n<strong>TRIBUNALE <\/strong>\u00a0Odontotenico e dentisti nei guai, a processo per esercizio abusivo della professione.<br \/>\n<strong>BELLUNO<\/strong> Guasto all&#8217;acquedotto, cascata d&#8217;acqua sotto al ponte della vittoria, ma fino a mercoledi non ci saranno interventi nonostante il periodo di piena siccit\u00e0. Il personale specializzato disponibile solo dopo il 25 aprile.<br \/>\n<strong>CIAO RAGAZZO DI VIA PALU<\/strong>\u2019 Anche Radio Pi\u00f9 ha perso un ascoltatore, un amico, affezionato della radio e della sua gente. Ieri \u00e8 mancato Federico Soppelsa, la voce nota di In vivo verso, il programma di Brunella Moro.<br \/>\n<strong>BELLUNO<\/strong> Fondazione teatri: Massimo Ferigutti \u00e8 il nuovo presidente che raccoglie una pesante eredit\u00e0 con un passivo di 55mila euro. Il presidente avr\u00e0 al suo fianco Francesca Bortoluzzi e Monia Franzolin.<br \/>\n<strong>LONGARONE<\/strong> Il Presidente della Repubblica Sergio Mattarella torner\u00e0 sui luoghi del Vajont a 60 anni dalla tragedia. Resta l&#8217;invito a Papa Francesco ma potrebbe essere sostituito &#8211; per motivi di salute &#8211; dal Cardinale Pietro Parolin.<br \/>\n<strong>LONGARONE<\/strong> Nascer\u00e0 grazie ai fondi del PNRR la nuova scuola di Longarone, che riunir\u00e0 materna, elementari e scuola media. I lavori prevedono la demolizione dell\u2019attuale scuola Gonzaga e l\u2019edificazione di una nuova struttura.<br \/>\n<strong>SAN GREGORIO NELLE ALPI<\/strong> Si ricorda oggi il 50\u00b0 Anniversario della scomparsa del V.V.A. Luigino Ducapa. Oggi la passeggiata notturna, domani alle 11 la messa a Ere Basse. Fino al 25 aprile, nel pomeriggio la mostra dei vigili del fuoco.<br \/>\n<strong>RIVAMONTE<\/strong> AVRA\u2019 UN CAMPO DI CALCIO DIGNITOSO, dopo 17 anni tornano le partite ufficiali.<br \/>\n<strong>ALLEGHE<\/strong> I Gruppi degli alpini di Alleghe e Rocca Pietore con i rispettivi Comuni e le associazioni del territorio, organizzano per oggi una giornata ecologica per la pulizia del territorio aperta a tutti i volontari della zona.<br \/>\n<strong>FALCADE<\/strong> La Pro loco di Caviola, in collaborazione con il Comune di Falcade, organizza per oggi la giornata ecologica. Il ritrovo \u00e8 alle 8,30 in piazza Pertini a Caviola, se possibile, muniti di giubbotto catarifrangente. Alle 12 pastasciutta al ristorante Livia.<br \/>\n<strong>FALCADE<\/strong> Oggi pulizia della Piana di Falcade con lo Sci Club Val Biois, o dalle 14.30 con ritrovo nel piazzale delle sport (parco giochi di Falcade). Alle 14.30 il ritrovo a al termine per tutti la merenda<br \/>\n<strong>AGORDO<\/strong> Oggi alle 17.30 testimonianze, ricordi e fotografie del territorio bellunese dagli anni Cinquanta: emigrazione, lavoro, alluvione del 1966. In sala della Biblioteca con la famiglia ex emigranti agordino. Interventi Luca Luchetta, Aldo Da Roit, Gabriele Ganz e Maria Rita Gentilin Spi Belluno.<br \/>\n<span style=\"color: #0000ff;\">HOCKEY<\/span> Nazionale Senior, a Bled arriva un altro K.O. contro la Slovenia<br \/>\n<span style=\"color: #0000ff;\">PALLAVOLO<\/span> Ultimo atto: \u00abOnoreremo fino in fondo il campionato\u00bb lo dicono le lupe della pallavolo belluno<\/p>\n<p><em>IERI SERA A CANALE D\u2019AGORDO, L\u2019INCONTRO SUL PROBLEMA BOSTRICO SUL SITO DI RADIO PIU&#8217; RIASCOLTA E RIVEDI LE TRE ORE DI INTERVENTI DEGLI ESPERTI nel giornale RADIOPIU il quotidiano della tetata inviato ogni mattina alle 6 al canale telegram<\/em><\/p>\n<p><em>IERI SERA AD AGORDO LA STORIA DELLA FOTOGRAFIA CON IL DOTTOR ROBERTO FAVERO RIASCOLTA E RIVEDI LE DUE ORE DI LEZIONE DELL&#8217;ESPERTO nel giornale RADIOPIU il quotidiano della testata inviato ogni mattina alle 6 al canale telegram<\/em><\/p>\n<p>&nbsp;<\/p>\n<p><iframe loading=\"lazy\" title=\"RASSEGNA STAMPA LOCALE\" width=\"1200\" height=\"675\" src=\"https:\/\/www.youtube.com\/embed\/oYQGWaAG9uo?feature=oembed\" frameborder=\"0\" allow=\"accelerometer; autoplay; clipboard-write; encrypted-media; gyroscope; picture-in-picture; web-share\" allowfullscreen><\/iframe><\/p>\n<p>&nbsp;<\/p>\n<hr \/>\n<p>&nbsp;<\/p>\n","protected":false},"excerpt":{"rendered":"<p>BELLUNO Un&#8217;altra casa in fiamme, 3 famiglie, 15 persone sfollate a Bolzano Bellunese. Durante le operazioni di spegnimento l&#8217;esplosione, ferito leggermente un vigile del fuoco. TRIBUNALE \u00a0Odontotenico e dentisti nei guai, a processo per esercizio abusivo della professione. BELLUNO Guasto all&#8217;acquedotto, cascata d&#8217;acqua sotto al ponte della vittoria, ma fino a mercoledi non ci saranno&hellip;<\/p>\n","protected":false},"author":4,"featured_media":332559,"comment_status":"closed","ping_status":"closed","sticky":false,"template":"","format":"standard","meta":{"_monsterinsights_skip_tracking":false,"_monsterinsights_sitenote_active":false,"_monsterinsights_sitenote_note":"","_monsterinsights_sitenote_category":0,"footnotes":""},"categories":[104,49,142],"tags":[],"class_list":["post-332586","post","type-post","status-publish","format-standard","has-post-thumbnail","hentry","category-evidenza_3","category-news-18","category-rassegna-stampa","category-104","category-49","category-142","description-off"],"img_url":"https:\/\/www.radiopiu.net\/wordpress\/wp-content\/uploads\/2023\/04\/Senza-nome-67.jpg","_links":{"self":[{"href":"https:\/\/www.radiopiu.net\/wordpress\/wp-json\/wp\/v2\/posts\/332586","targetHints":{"allow":["GET"]}}],"collection":[{"href":"https:\/\/www.radiopiu.net\/wordpress\/wp-json\/wp\/v2\/posts"}],"about":[{"href":"https:\/\/www.radiopiu.net\/wordpress\/wp-json\/wp\/v2\/types\/post"}],"author":[{"embeddable":true,"href":"https:\/\/www.radiopiu.net\/wordpress\/wp-json\/wp\/v2\/users\/4"}],"replies":[{"embeddable":true,"href":"https:\/\/www.radiopiu.net\/wordpress\/wp-json\/wp\/v2\/comments?post=332586"}],"version-history":[{"count":0,"href":"https:\/\/www.radiopiu.net\/wordpress\/wp-json\/wp\/v2\/posts\/332586\/revisions"}],"wp:featuredmedia":[{"embeddable":true,"href":"https:\/\/www.radiopiu.net\/wordpress\/wp-json\/wp\/v2\/media\/332559"}],"wp:attachment":[{"href":"https:\/\/www.radiopiu.net\/wordpress\/wp-json\/wp\/v2\/media?parent=332586"}],"wp:term":[{"taxonomy":"category","embeddable":true,"href":"https:\/\/www.radiopiu.net\/wordpress\/wp-json\/wp\/v2\/categories?post=332586"},{"taxonomy":"post_tag","embeddable":true,"href":"https:\/\/www.radiopiu.net\/wordpress\/wp-json\/wp\/v2\/tags?post=332586"}],"curies":[{"name":"wp","href":"https:\/\/api.w.org\/{rel}","templated":true}]}}