{"id":332601,"date":"2023-04-22T14:12:01","date_gmt":"2023-04-22T12:12:01","guid":{"rendered":"https:\/\/www.radiopiu.net\/wordpress\/?p=332601"},"modified":"2023-04-22T14:12:01","modified_gmt":"2023-04-22T12:12:01","slug":"il-progetto-stacco-presentato-alla-provincia-sotto-la-lente-dati-analisi-e-problematiche-del-trasporto-sociale","status":"publish","type":"post","link":"https:\/\/www.radiopiu.net\/wordpress\/il-progetto-stacco-presentato-alla-provincia-sotto-la-lente-dati-analisi-e-problematiche-del-trasporto-sociale\/","title":{"rendered":"Il progetto Stacco presentato alla Provincia. Sotto la lente dati, analisi e problematiche del trasporto sociale\u00a0"},"content":{"rendered":"<div class=\"moz-text-html\" lang=\"x-unicode\">\n<div dir=\"ltr\">\n<p>&nbsp;<\/p>\n<p><span style=\"font-size: large;\"><i>Padrin: \u00abAttivit\u00e0 dei volontari indispensabile per un territorio di montagna\u00bb<\/i><\/span><\/p>\n<p><span style=\"font-size: large;\"><img decoding=\"async\" src=\"https:\/\/www.radiopiu.net\/wordpress\/wp-content\/uploads\/2023\/04\/c0d0abca-d932-4295-b38d-ec215e057d23.jpg\" \/>\u00abIl trasporto sociale \u00e8 un servizio indispensabile. E lo \u00e8 ancora di pi\u00f9 in un territorio di montagna dove le distanze dagli ospedali e dai servizi sono spesso molto grandi\u00bb. Lo ha detto il presidente della Provincia Roberto Padrin, incontrando nei giorni scorsi la rete del progetto Stacco.<span class=\"gmail-Apple-converted-space\">\u00a0<\/span><\/span><\/p>\n<p><span style=\"font-size: large;\">L\u2019acronimo sta per \u201cServizio trasporto e accompagnamento\u201d: si tratta di una sinergia tra 23 associazioni di volontariato che garantisce il trasporto da casa verso le strutture sanitarie per le persone che presentano oggettive difficolt\u00e0 di deambulazione e non sono in grado di spostarsi in autonomia con mezzi propri o pubblici. Particolare attenzione \u00e8 riservata alle persone che non hanno una rete familiare di supporto. Il progetto, nato come sperimentale in provincia di Belluno nei primi anni Duemila, \u00e8 stato individuato come buona prassi da parte della Regione e allargato al resto del Veneto. Adesso, per\u00f2, soprattutto dopo la pandemia, deve fare i conti con diverse difficolt\u00e0, come hanno spiegato le associazioni di volontariato al presidente della Provincia.<\/span><\/p>\n<p><span style=\"font-size: large;\">I DATI<\/span><\/p>\n<p><span style=\"font-size: large;\">Innanzitutto \u00e8 stato illustrato il perimetro dell\u2019attivit\u00e0 di Stacco, che negli ultimi sei anni ha effettuato trasporti per 2,3 milioni di chilometri, con quasi 58.900 viaggi a servizio di 9.809 utenti. L\u2019impegno orario dei volontari ammonta a oltre 113mila ore. Dati che raccontano solo in parte il lavoro effettivo svolto dalle associazioni nel trasporto sociale, in quanto viene rendicontato essenzialmente il trasporto a chiamata, che \u00e8 quello che viene effettivamente rimborsato.<\/span><\/p>\n<p><span style=\"font-size: large;\">La media \u00e8 di 500mila chilometri all\u2019anno, con il coinvolgimento di circa 250 volontari (autisti e accompagnatori, senza contare chi ha mansioni nell\u2019organizzazione pre e post trasporto).<span class=\"gmail-Apple-converted-space\">\u00a0<\/span><\/span><\/p>\n<p><span style=\"font-size: large;\">LE DIFFICOLT\u00c0<span class=\"gmail-Apple-converted-space\">\u00a0<\/span><\/span><\/p>\n<p><span style=\"font-size: large;\">\u00abOggi il 98% dei trasporti riguarda il tragitto verso strutture ospedaliere o medici di base\u00bb spiega Gianluca Corsetti, presidente del Comitato d\u2019Intesa tra le associazioni volontaristiche. \u00abL\u2019accentramento a Belluno e Feltre dei servizi sanitari rende particolarmente complessi gli spostamenti dalle parti alte della provincia, e di fatto aumenta sia il chilometraggio sia l\u2019impegno orario dei volontari. In pi\u00f9, il Cup tende a concentrare nelle fasce orarie centrali le visite dei pazienti, rendendo complicata la programmazione di pi\u00f9 servizi di trasporto. Per questo chiediamo alla Provincia di farsi portavoce delle difficolt\u00e0 delle associazioni di volontariato, in particolare di quelle che coprono i tragitti con un impegno chilometrico maggiore\u00bb.<\/span><\/p>\n<p><span style=\"font-size: large;\">La Provincia ha raccolto il dossier consegnato dalle associazioni, che riporta in maniera dettagliata l\u2019analisi sul progetto Stacco. E ha assicurato l\u2019impegno a riportare le difficolt\u00e0 registrate all\u2019Ulss.<\/span><\/p>\n<p><span style=\"font-size: large;\">\u00abA questi volontari che prestano il loro tempo per svolgere un servizio cos\u00ec importante non possiamo che dire un grande grazie\u00bb commenta il presidente Roberto Padrin. \u00abSono indispensabili, tanto pi\u00f9 in un periodo storico nel quale dobbiamo fare i conti con una carenza ormai strutturale di medici, infermieri, operatori socio sanitari e figure professionali nel campo della sanit\u00e0. Ma il volontariato non pu\u00f2 vivere solo di grazie. Deve essere messo nelle condizioni di svolgere il suo servizio nel migliore dei modi. Quindi ci attiveremo per quanto di nostra competenza per capire se almeno si possono evitare le problematiche che ci sono state segnalate. E rinnoviamo il nostro ringraziamento: se la montagna potr\u00e0 rimanere un territorio vivo e vissuto, \u00e8 anche grazie all\u2019opera silenziosa ma importantissima delle associazioni\u00bb.<\/span><\/p>\n<\/div>\n<\/div>\n","protected":false},"excerpt":{"rendered":"<p>&nbsp; Padrin: \u00abAttivit\u00e0 dei volontari indispensabile per un territorio di montagna\u00bb \u00abIl trasporto sociale \u00e8 un servizio indispensabile. E lo \u00e8 ancora di pi\u00f9 in un territorio di montagna dove le distanze dagli ospedali e dai servizi sono spesso molto grandi\u00bb. Lo ha detto il presidente della Provincia Roberto Padrin, incontrando nei giorni scorsi la&hellip;<\/p>\n","protected":false},"author":4,"featured_media":332602,"comment_status":"closed","ping_status":"closed","sticky":false,"template":"","format":"standard","meta":{"_monsterinsights_skip_tracking":false,"_monsterinsights_sitenote_active":false,"_monsterinsights_sitenote_note":"","_monsterinsights_sitenote_category":0,"footnotes":""},"categories":[49],"tags":[],"class_list":["post-332601","post","type-post","status-publish","format-standard","has-post-thumbnail","hentry","category-news-18","category-49","description-off"],"img_url":"https:\/\/www.radiopiu.net\/wordpress\/wp-content\/uploads\/2023\/04\/c0d0abca-d932-4295-b38d-ec215e057d23.jpg","_links":{"self":[{"href":"https:\/\/www.radiopiu.net\/wordpress\/wp-json\/wp\/v2\/posts\/332601","targetHints":{"allow":["GET"]}}],"collection":[{"href":"https:\/\/www.radiopiu.net\/wordpress\/wp-json\/wp\/v2\/posts"}],"about":[{"href":"https:\/\/www.radiopiu.net\/wordpress\/wp-json\/wp\/v2\/types\/post"}],"author":[{"embeddable":true,"href":"https:\/\/www.radiopiu.net\/wordpress\/wp-json\/wp\/v2\/users\/4"}],"replies":[{"embeddable":true,"href":"https:\/\/www.radiopiu.net\/wordpress\/wp-json\/wp\/v2\/comments?post=332601"}],"version-history":[{"count":0,"href":"https:\/\/www.radiopiu.net\/wordpress\/wp-json\/wp\/v2\/posts\/332601\/revisions"}],"wp:featuredmedia":[{"embeddable":true,"href":"https:\/\/www.radiopiu.net\/wordpress\/wp-json\/wp\/v2\/media\/332602"}],"wp:attachment":[{"href":"https:\/\/www.radiopiu.net\/wordpress\/wp-json\/wp\/v2\/media?parent=332601"}],"wp:term":[{"taxonomy":"category","embeddable":true,"href":"https:\/\/www.radiopiu.net\/wordpress\/wp-json\/wp\/v2\/categories?post=332601"},{"taxonomy":"post_tag","embeddable":true,"href":"https:\/\/www.radiopiu.net\/wordpress\/wp-json\/wp\/v2\/tags?post=332601"}],"curies":[{"name":"wp","href":"https:\/\/api.w.org\/{rel}","templated":true}]}}