{"id":332684,"date":"2023-04-24T05:17:02","date_gmt":"2023-04-24T03:17:02","guid":{"rendered":"https:\/\/www.radiopiu.net\/wordpress\/?p=332684"},"modified":"2023-04-24T05:21:20","modified_gmt":"2023-04-24T03:21:20","slug":"sangue-in-stazione-taglio-accidentale","status":"publish","type":"post","link":"https:\/\/www.radiopiu.net\/wordpress\/sangue-in-stazione-taglio-accidentale\/","title":{"rendered":"SANGUE IN STAZIONE, TAGLIO ACCIDENTALE"},"content":{"rendered":"<blockquote>\n<div>Incidente nei locali della stazione a Calalzo di Cadore. De Carlo: \u201cGrazie ai Vigili del Fuoco per il pronto intervento\u201d<\/div>\n<\/blockquote>\n<div><a class=\"dt-pswp-item\" href=\"https:\/\/www.radiopiu.net\/wordpress\/wp-content\/uploads\/2023\/04\/th-4.jpg\" data-dt-img-description=\"\" data-large_image_width=\"145\" data-large_image_height=\"109\"><img loading=\"lazy\" decoding=\"async\" class=\"size-full wp-image-332685 alignleft\" src=\"https:\/\/www.radiopiu.net\/wordpress\/wp-content\/uploads\/2023\/04\/th-4.jpg\" alt=\"\" width=\"145\" height=\"109\" \/><\/a>Un taglio accidentale con una bottiglia: le indagini da parte degli inquirenti sono ancora in corso, ma sembra quella dell&#8217;incidente la strada pi\u00f9 probabile per quanto registrato ieri alla stazione ferroviaria di Calalzo di Cadore, dove nei locali si sono trovate diverse macchie di sangue.<\/div>\n<div>\u201cRingrazio i Vigili del Fuoco del distaccamento di Pieve di Cadore per l&#8217;immediato intervento, su richiesta dell&#8217;amministrazione comunale, che ha permesso la pulizia e il ripristino dei locali della stazione\u201d, commenta il Sindaco di Calalzo Luca De Carlo. \u201cMi sento di escludere, dopo aver sentito le forze dell&#8217;ordine che comunque possono contare per le loro indagini anche sulle registrazioni della videosorveglianza, la possibilit\u00e0 di un&#8217;azione violenta. Quanto accaduto \u00e8 comunque il segnale di uno stato di difficolt\u00e0 dei locali della stazione, nonostante i controlli da parte di Polizia, Carabinieri e della Polizia Locale e l&#8217;attenzione continua dell&#8217;amministrazione comunale sulla struttura\u201d.<\/div>\n<div><\/div>\n<div><\/div>\n<div><\/div>\n<div><\/div>\n<div>\n<hr \/>\n<\/div>\n<div dir=\"ltr\"><\/div>\n","protected":false},"excerpt":{"rendered":"<p>Incidente nei locali della stazione a Calalzo di Cadore. De Carlo: \u201cGrazie ai Vigili del Fuoco per il pronto intervento\u201d Un taglio accidentale con una bottiglia: le indagini da parte degli inquirenti sono ancora in corso, ma sembra quella dell&#8217;incidente la strada pi\u00f9 probabile per quanto registrato ieri alla stazione ferroviaria di Calalzo di Cadore,&hellip;<\/p>\n","protected":false},"author":4,"featured_media":332685,"comment_status":"closed","ping_status":"closed","sticky":false,"template":"","format":"standard","meta":{"_monsterinsights_skip_tracking":false,"_monsterinsights_sitenote_active":false,"_monsterinsights_sitenote_note":"","_monsterinsights_sitenote_category":0,"footnotes":""},"categories":[51,49],"tags":[],"class_list":["post-332684","post","type-post","status-publish","format-standard","has-post-thumbnail","hentry","category-evidenza-top","category-news-18","category-51","category-49","description-off"],"img_url":"https:\/\/www.radiopiu.net\/wordpress\/wp-content\/uploads\/2023\/04\/th-4.jpg","_links":{"self":[{"href":"https:\/\/www.radiopiu.net\/wordpress\/wp-json\/wp\/v2\/posts\/332684","targetHints":{"allow":["GET"]}}],"collection":[{"href":"https:\/\/www.radiopiu.net\/wordpress\/wp-json\/wp\/v2\/posts"}],"about":[{"href":"https:\/\/www.radiopiu.net\/wordpress\/wp-json\/wp\/v2\/types\/post"}],"author":[{"embeddable":true,"href":"https:\/\/www.radiopiu.net\/wordpress\/wp-json\/wp\/v2\/users\/4"}],"replies":[{"embeddable":true,"href":"https:\/\/www.radiopiu.net\/wordpress\/wp-json\/wp\/v2\/comments?post=332684"}],"version-history":[{"count":0,"href":"https:\/\/www.radiopiu.net\/wordpress\/wp-json\/wp\/v2\/posts\/332684\/revisions"}],"wp:featuredmedia":[{"embeddable":true,"href":"https:\/\/www.radiopiu.net\/wordpress\/wp-json\/wp\/v2\/media\/332685"}],"wp:attachment":[{"href":"https:\/\/www.radiopiu.net\/wordpress\/wp-json\/wp\/v2\/media?parent=332684"}],"wp:term":[{"taxonomy":"category","embeddable":true,"href":"https:\/\/www.radiopiu.net\/wordpress\/wp-json\/wp\/v2\/categories?post=332684"},{"taxonomy":"post_tag","embeddable":true,"href":"https:\/\/www.radiopiu.net\/wordpress\/wp-json\/wp\/v2\/tags?post=332684"}],"curies":[{"name":"wp","href":"https:\/\/api.w.org\/{rel}","templated":true}]}}