{"id":332691,"date":"2023-04-24T05:19:58","date_gmt":"2023-04-24T03:19:58","guid":{"rendered":"https:\/\/www.radiopiu.net\/wordpress\/?p=332691"},"modified":"2023-04-24T08:42:23","modified_gmt":"2023-04-24T06:42:23","slug":"giornale-radiopiu-24-aprile-2023-direttore-mirko-mezzacasa-verso-i-40-anni-25-giugno-1983-25-giugno-2023","status":"publish","type":"post","link":"https:\/\/www.radiopiu.net\/wordpress\/giornale-radiopiu-24-aprile-2023-direttore-mirko-mezzacasa-verso-i-40-anni-25-giugno-1983-25-giugno-2023\/","title":{"rendered":"GIORNALE RADIOPIU 24 APRILE 2023 DIRETTORE MIRKO MEZZACASA&#8230;verso i 40 anni 25 giugno 1983-25 giugno 2023"},"content":{"rendered":"<h2 style=\"text-align: left;\"><span style=\"color: #ff0000;\"><span style=\"vertical-align: inherit;\">ISCRIVITI AL NOSTRO CANALE\u00a0 <\/span><\/span><span style=\"vertical-align: inherit;\"> YOUTUBE PER SEGUIRE IN DIRETTA I PRINCIPALI PROGRAMMI DI RADIO PIU&#8217; E LE FUTURE DIRETTE IN ESTERNA. PER ISCRIVERTI <\/span><a style=\"color: #ff0000;\" href=\"https:\/\/youtube.com\/@radiopiu1527\"><span style=\"vertical-align: inherit;\">CLICCA QUI <\/span><\/a><span style=\"color: #ff0000; font-size: 14px; font-weight: normal;\"><span style=\"vertical-align: inherit;\">E PREMI\u00a0 &#8220;Iscriviti&#8221;\u00a0 \u00a0 \u00a0<\/span><\/span><\/h2>\n<p>&nbsp;<\/p>\n<div class=\"\" dir=\"auto\">\n<div id=\":rk4:\" class=\"x1iorvi4 x1pi30zi x1swvt13 x1l90r2v\" data-ad-comet-preview=\"message\" data-ad-preview=\"message\">\n<div class=\"x78zum5 xdt5ytf xz62fqu x16ldp7u\">\n<div class=\"xu06os2 x1ok221b\">\n<div class=\"x11i5rnm xat24cr x1mh8g0r x1vvkbs xdj266r x126k92a\">\n<div dir=\"auto\"><img loading=\"lazy\" decoding=\"async\" class=\"x1ey2m1c xds687c x5yr21d x10l6tqk x17qophe x13vifvy xh8yej3 xl1xv1r alignleft\" src=\"https:\/\/scontent-mxp1-1.xx.fbcdn.net\/v\/t39.30808-6\/343143143_912709370060663_4993913874284984021_n.jpg?_nc_cat=103&amp;ccb=1-7&amp;_nc_sid=5cd70e&amp;_nc_ohc=amPBg8WCIv8AX-ZuJRO&amp;_nc_ht=scontent-mxp1-1.xx&amp;oh=00_AfC3oEy6iYz9NUfOa0zottigdTXnGfS033wJsWuZ3xa7sQ&amp;oe=644AC53E\" alt=\"Potrebbe essere un'immagine raffigurante 1 persona, pianoforte e bicicletta\" width=\"213\" height=\"138\" \/><strong>E come non ricordarti, Federico?<\/strong> Te ne sei scappato via in fretta, dentro a una luce che ti far\u00e0 cantare ancora di piu&#8217;&#8230; e noi .siamo rimasti qui, a ricordarti con una poesia al giorno, per tutta la settimana.. John Francis Della Pietra, che ti abitava vicino, ha scritto e recitato dei versi dedicati proprio a te, che con il tuo buon cuore li dedicavi a tutti&#8230;Grande Federico, pedala veloce, che li dove sei non si fa fatica! Federico alla radio, dal lunedi al venerdi IN VIVO VERSO alle 7.10, 10.10, 18.50<\/div>\n<\/div>\n<\/div>\n<\/div>\n<\/div>\n<\/div>\n<div id=\":rk5:\" class=\"x1n2onr6\">\n<div class=\"x1n2onr6\">\n<div class=\"x6s0dn4 x78zum5 xdt5ytf x6ikm8r x10wlt62 x1n2onr6 xh8yej3 x1jx94hy\">\n<div class=\"xqtp20y x6ikm8r x10wlt62 x1n2onr6\">\n<div class=\"x10l6tqk x13vifvy\"><strong>Brunella Moro<\/strong><\/div>\n<div><\/div>\n<\/div>\n<\/div>\n<div class=\"xua58t2 xzg4506 x1ey2m1c xds687c x47corl x10l6tqk x17qophe x13vifvy\"><\/div>\n<\/div>\n<\/div>\n<div dir=\"auto\"><span style=\"color: #0000ff;\"><strong>E anche oggi RADIOPIU si fa in sei\u00a0 \u00a0per i suoi ascoltatori&#8230;.<\/strong><\/span><\/div>\n<div dir=\"auto\"><strong>1&#8230;.<\/strong> alle 8 la rassegna stampa locale, dal 1983 tutti i giorni puntuale alle otto del mattino<\/div>\n<div dir=\"auto\"><strong>2.<\/strong> &#8230;.alle 7,. 1010 18 50 IN VIVO VERSO il programma di Brunella Moro, questa settimana dedicato a Federico Soppelsa.<\/div>\n<div dir=\"auto\"><strong>3<\/strong>&#8230;.alle 15.15 sentimental, la prima puntata di PAOLA LANCIATO&#8230;\u00a0 le storie d&#8217;amore<\/div>\n<div dir=\"auto\"><strong>4&#8230;&#8230;<\/strong>alle 10.30 EP CENTER, CON FRANCESCO ZILLIO DA VENEZIA<\/div>\n<div dir=\"auto\"><strong>5<\/strong>. &#8230;.alle 14 BAGAGLIO A MANO, CON LORIS SCUSSEL E I SUOI 100 DISCHI DA ISOLA DESERTA<\/div>\n<div dir=\"auto\">\n<p><strong>6.<\/strong> SALUTE E SOCIETA&#8217; La rubrica di medicina con il dottor Marco Caracciolo<\/p>\n<p>&nbsp;<\/p>\n<\/div>\n<div dir=\"auto\">\n<hr \/>\n<\/div>\n<div dir=\"auto\"><\/div>\n<div dir=\"auto\"><\/div>\n<div dir=\"auto\">\n<div>\n<div class=\"\" dir=\"auto\">\n<div id=\":rk4:\" class=\"x1iorvi4 x1pi30zi x1swvt13 x1l90r2v\" data-ad-comet-preview=\"message\" data-ad-preview=\"message\">\n<div class=\"x78zum5 xdt5ytf xz62fqu x16ldp7u\">\n<div class=\"xu06os2 x1ok221b\"><\/div>\n<\/div>\n<\/div>\n<\/div>\n<div id=\":rk5:\" class=\"x1n2onr6\">\n<div class=\"x1n2onr6\">\n<blockquote>\n<div class=\"xua58t2 xzg4506 x1ey2m1c xds687c x47corl x10l6tqk x17qophe x13vifvy\"><a class=\"dt-pswp-item\" href=\"https:\/\/www.radiopiu.net\/wordpress\/wp-content\/uploads\/2023\/04\/Senza-nome-72.jpg\" data-dt-img-description=\"\" data-large_image_width=\"313\" data-large_image_height=\"311\"><img loading=\"lazy\" decoding=\"async\" class=\"alignnone size-medium wp-image-332749\" src=\"https:\/\/www.radiopiu.net\/wordpress\/wp-content\/uploads\/2023\/04\/Senza-nome-72-300x298.jpg\" alt=\"\" width=\"300\" height=\"298\" srcset=\"https:\/\/www.radiopiu.net\/wordpress\/wp-content\/uploads\/2023\/04\/Senza-nome-72-300x298.jpg 300w, https:\/\/www.radiopiu.net\/wordpress\/wp-content\/uploads\/2023\/04\/Senza-nome-72-150x150.jpg 150w, https:\/\/www.radiopiu.net\/wordpress\/wp-content\/uploads\/2023\/04\/Senza-nome-72.jpg 313w\" sizes=\"auto, (max-width: 300px) 100vw, 300px\" \/><\/a><a class=\"dt-pswp-item\" href=\"https:\/\/www.radiopiu.net\/wordpress\/wp-content\/uploads\/2023\/04\/7efc2527-98c6-4195-909d-0d4362eb370e.jpg\" data-dt-img-description=\"\" data-large_image_width=\"960\" data-large_image_height=\"1280\"><img loading=\"lazy\" decoding=\"async\" class=\"alignnone size-medium wp-image-332756\" src=\"https:\/\/www.radiopiu.net\/wordpress\/wp-content\/uploads\/2023\/04\/7efc2527-98c6-4195-909d-0d4362eb370e-225x300.jpg\" alt=\"\" width=\"225\" height=\"300\" srcset=\"https:\/\/www.radiopiu.net\/wordpress\/wp-content\/uploads\/2023\/04\/7efc2527-98c6-4195-909d-0d4362eb370e-225x300.jpg 225w, https:\/\/www.radiopiu.net\/wordpress\/wp-content\/uploads\/2023\/04\/7efc2527-98c6-4195-909d-0d4362eb370e-768x1024.jpg 768w, https:\/\/www.radiopiu.net\/wordpress\/wp-content\/uploads\/2023\/04\/7efc2527-98c6-4195-909d-0d4362eb370e.jpg 960w\" sizes=\"auto, (max-width: 225px) 100vw, 225px\" \/><\/a><\/div>\n<div>viabilita&#8217; provincia belluno su telegram, ore\u00a0 otto Passo San Pellegrino<\/div>\n<\/blockquote>\n<div class=\"x1o1ewxj x3x9cwd x1e5q0jg x13rtm0m x1ey2m1c xds687c xg01cxk x47corl x10l6tqk x17qophe x13vifvy x1ebt8du x19991ni x1dhq9h\" data-visualcompletion=\"ignore\"><\/div>\n<\/div>\n<div class=\"x6ikm8r x10wlt62\"><\/div>\n<\/div>\n<\/div>\n<\/div>\n<div dir=\"auto\"><\/div>\n<div dir=\"auto\">\n<hr \/>\n<\/div>\n<div dir=\"auto\">\n<p><strong><a class=\"dt-pswp-item\" href=\"https:\/\/www.radiopiu.net\/wordpress\/wp-content\/uploads\/2023\/04\/SCALE-PRIMO.jpg\" data-dt-img-description=\"\" data-large_image_width=\"316\" data-large_image_height=\"168\"><img loading=\"lazy\" decoding=\"async\" class=\" wp-image-331567 alignleft\" src=\"https:\/\/www.radiopiu.net\/wordpress\/wp-content\/uploads\/2023\/04\/SCALE-PRIMO-300x159.jpg\" alt=\"\" width=\"191\" height=\"101\" srcset=\"https:\/\/www.radiopiu.net\/wordpress\/wp-content\/uploads\/2023\/04\/SCALE-PRIMO-300x159.jpg 300w, https:\/\/www.radiopiu.net\/wordpress\/wp-content\/uploads\/2023\/04\/SCALE-PRIMO.jpg 316w\" sizes=\"auto, (max-width: 191px) 100vw, 191px\" \/><\/a>SR 50 SCALE DI PRIMOLANO,<\/strong>\u00a0Fastro-Primolano,\u00a0dal 13 aprile al 6 maggio\u00a0divieto di transito direzione di marcia Fastro-Primolano per tutti i mezzi superiori alle 3,5 tonnellate, caravan e autocaravan.\u00a0 Deviazioni sulla 50 bis in seguito alla chiusura totale delle gallerie San Vito e Brenta.<\/p>\n<p>Galleria San Vito di Arsi\u00e8 chiusura totale della galleria PER TUTTI I MEZZI durante le notti dal 13 aprile al 6 maggio dale 21 alle\u00a0 6 del mattino successivo<\/p>\n<p><strong>REDAZIONE<\/strong> Veneto Strade comunica che nelle giornate del 26 e 27 aprile, dalle 7 alle 19, verr\u00e0 chiusa al traffico la SP 4 della Val Cantiuna in comune di Alpago. Chiusura necessaria per lavori di posa conglomerato bituminoso.<\/p>\n<p><strong>REDAZIONE\u00a0<\/strong>Veneto Strade comunica che la strada provinciale 346 del Passo San Pellegrino sar\u00e0 interessata da lavori di esbosco per tutto il mese di maggio. Dal 2 al 31 maggio, sabati e domeniche esclusi, il tratto tra Zingari Bassi e Passo Valles verr\u00e0 chiuso al traffico dalle 8 alle 12 e dalle 13 alle 17.<\/p>\n<p>&nbsp;<\/p>\n<hr \/>\n<p>&nbsp;<\/p>\n<blockquote>\n<h3>ACCENDE LA STUFA CON L&#8217;ALCOOL, BIMBO DI NOVE ANNI USTIONATO<\/h3>\n<\/blockquote>\n<p><strong><img loading=\"lazy\" decoding=\"async\" class=\"alignleft\" src=\"https:\/\/www.radiopiu.net\/wordpress\/wp-content\/uploads\/2023\/04\/th-5.jpg\" width=\"229\" height=\"125\" \/><\/strong><b>AGORDINO <\/b>Il bimbo di 9 anni aveva un&#8217;idea: preparare la colazione ai genitori. Ha acceso la stufa con l&#8217;alcool. Qualche cosa \u00e8 andato storto e il piccolo \u00e8 ora\u00a0 ricoverato all&#8217;ospedale di Verona in condizioni serie. Grave, ma non in pericolo di vita.\u00a0 L&#8217;incidente si \u00e8 verificato sabato mattina. In un attimo il flacone \u00e8 esploso, e le fiamme hanno investito il bambino nella parte bassa del corpo, soprattutto alle gambe. La centrale operativa del Suem ha subito inviato sul posto un&#8217;ambulanza dal vicino ospedale di Agordo. I medici e il personale sanitario, viste le condizioni del bambino, hanno allertato la centrale operativa affinch\u00e9 inviasse l&#8217;elicottero, che ha trasportato con urgenza il bimbo all&#8217;ospedale di Verona, dove c&#8217;\u00e8 un reparto specifico per i grandi ustionati. \u00a0La mamma del piccolo, ovviamente scossa, ha voluto comunque ringraziare la comunit\u00e0, per il suo appoggio e il sostegno morale.<\/p>\n<p>&nbsp;<\/p>\n<hr \/>\n<p>&nbsp;<\/p>\n<p>&nbsp;<\/p>\n<blockquote>\n<h3>RECUPERATI SEI RAGAZZI AMERICANI BLOCCATI DALLA NEVE<\/h3>\n<\/blockquote>\n<p style=\"text-align: left;\"><strong><a class=\"dt-pswp-item\" href=\"https:\/\/www.radiopiu.net\/wordpress\/wp-content\/uploads\/2022\/09\/salt_20220907_090012_974.jpg\" data-dt-img-description=\"\" data-large_image_width=\"2364\" data-large_image_height=\"1773\"><img loading=\"lazy\" decoding=\"async\" class=\" wp-image-296121 alignleft\" src=\"https:\/\/www.radiopiu.net\/wordpress\/wp-content\/uploads\/2022\/09\/salt_20220907_090012_974-300x225.jpg\" alt=\"\" width=\"217\" height=\"163\" srcset=\"https:\/\/www.radiopiu.net\/wordpress\/wp-content\/uploads\/2022\/09\/salt_20220907_090012_974-300x225.jpg 300w, https:\/\/www.radiopiu.net\/wordpress\/wp-content\/uploads\/2022\/09\/salt_20220907_090012_974-1024x768.jpg 1024w, https:\/\/www.radiopiu.net\/wordpress\/wp-content\/uploads\/2022\/09\/salt_20220907_090012_974-768x576.jpg 768w, https:\/\/www.radiopiu.net\/wordpress\/wp-content\/uploads\/2022\/09\/salt_20220907_090012_974-1536x1152.jpg 1536w, https:\/\/www.radiopiu.net\/wordpress\/wp-content\/uploads\/2022\/09\/salt_20220907_090012_974-2048x1536.jpg 2048w\" sizes=\"auto, (max-width: 217px) 100vw, 217px\" \/><\/a>CORTINA<\/strong>\u00a0 Sono stati recuperati ieri sera i sei ragazzi statunitensi, 2 maschi e 4 femmine, rimasti bloccati dalla neve mentre scendevano a piedi dal Faloria. I sei ventenni del Minnesota erano saliti in funivia, per poi decidere di rientrare lungo il sentiero 214 verso Valle Orita e Cortina. Con abbigliamento inappropriato, senza giacca a vento, i ragazzi si sono presto trovati in difficolt\u00e0 e verso le 16.30 hanno chiesto aiuto. Per la presenza di nebbia, pioggia mista a neve, l&#8217;elicottero del Suem di Pieve di Cadore non \u00e8 potuto intervenire. Sono quindi partite le squadre a bordo di motoslitta e quad. Risaliti al Rifugio, i soccorritori sono poi scesi per l&#8217;itinerario preso dal gruppo, hanno raggiunto i sei a 2.100 metri di quota e li hanno riportati indietro. Dopo averli fatti riscaldare in Rifugio, i soccorritori li hanno riaccompagnati a Rio Gere dove alloggiavano.<\/p>\n<p>&nbsp;<\/p>\n<p>&nbsp;<\/p>\n<hr \/>\n<blockquote>\n<h3><\/h3>\n<h3><a class=\"dt-pswp-item\" href=\"https:\/\/www.radiopiu.net\/wordpress\/wp-content\/uploads\/2023\/04\/th-4.jpg\" data-dt-img-description=\"\" data-large_image_width=\"145\" data-large_image_height=\"109\"><img loading=\"lazy\" decoding=\"async\" class=\" wp-image-332685 alignleft\" src=\"https:\/\/www.radiopiu.net\/wordpress\/wp-content\/uploads\/2023\/04\/th-4.jpg\" alt=\"\" width=\"118\" height=\"89\" \/><\/a>SANGUE IN STAZIONE, TAGLIO ACCIDENTALE<\/h3>\n<\/blockquote>\n<blockquote>\n<div class=\"\" dir=\"auto\">\n<div id=\":rap:\" class=\"x1iorvi4 x1pi30zi x1swvt13 x1l90r2v\" data-ad-comet-preview=\"message\" data-ad-preview=\"message\">\n<div class=\"x78zum5 xdt5ytf xz62fqu x16ldp7u\">\n<div class=\"xu06os2 x1ok221b\">\n<div class=\"x11i5rnm xat24cr x1mh8g0r x1vvkbs xdj266r x126k92a\">\n<div dir=\"auto\">\n<blockquote>\n<div>Incidente nei locali della stazione a Calalzo di Cadore. De Carlo: \u201cGrazie ai Vigili del Fuoco per il pronto intervento\u201d<\/div>\n<div><\/div>\n<\/blockquote>\n<\/div>\n<\/div>\n<\/div>\n<\/div>\n<\/div>\n<\/div>\n<\/blockquote>\n<div><strong><img loading=\"lazy\" decoding=\"async\" class=\"alignleft\" src=\"https:\/\/www.radiopiu.net\/wordpress\/wp-content\/uploads\/2023\/04\/Senza-nome-70.jpg\" width=\"224\" height=\"171\" \/>CALALZO<\/strong> Un taglio accidentale con una bottiglia: le indagini da parte degli inquirenti sono ancora in corso, ma sembra quella dell&#8217;incidente la strada pi\u00f9 probabile per quanto registrato sabato alla stazione ferroviaria di Calalzo di Cadore, dove nei locali si sono trovate diverse macchie di sangue.<\/div>\n<div><\/div>\n<div><em>\u201cRingrazio i Vigili del Fuoco del distaccamento di Pieve di Cadore per l&#8217;immediato intervento, su richiesta dell&#8217;amministrazione comunale, che ha permesso la pulizia e il ripristino dei locali della stazione\u201d, commenta il Sindaco di Calalzo Luca De Carlo. \u201cMi sento di escludere, dopo aver sentito le forze dell&#8217;ordine che comunque possono contare per le loro indagini anche sulle registrazioni della videosorveglianza, la possibilit\u00e0 di un&#8217;azione violenta. Quanto accaduto \u00e8 comunque il segnale di uno stato di difficolt\u00e0 dei locali della stazione, nonostante i controlli da parte di Polizia, Carabinieri e della Polizia Locale e l&#8217;attenzione continua dell&#8217;amministrazione comunale sulla struttura\u201d.\u00a0 \u00a0<\/em><\/div>\n<div><\/div>\n<div><\/div>\n<div>\n<hr \/>\n<\/div>\n<blockquote>\n<div><\/div>\n<\/blockquote>\n<div><\/div>\n<div>\n<hr \/>\n<\/div>\n<div><\/div>\n<div><\/div>\n<blockquote>\n<h3>AUMENTANO LE SPESE, IL COMUNE RINEGOZIA I MUTUI<\/h3>\n<\/blockquote>\n<div>\n<p><strong><img loading=\"lazy\" decoding=\"async\" class=\"alignleft\" src=\"https:\/\/www.radiopiu.net\/wordpress\/wp-content\/uploads\/2022\/12\/MUNICIPIO-AGORDO.png\" width=\"199\" height=\"127\" \/>AGORDO<\/strong><\/p>\n<p><strong>di GIANNI SANTOMASO<\/strong><\/p>\n<p>&nbsp;<\/p>\n<audio class=\"wp-audio-shortcode\" id=\"audio-332691-1\" preload=\"none\" style=\"width: 100%;\" controls=\"controls\"><source type=\"audio\/mpeg\" src=\"https:\/\/www.radiopiu.net\/wordpress\/wp-content\/uploads\/2023\/04\/gianni-agordo.mp3?_=1\" \/><a href=\"https:\/\/www.radiopiu.net\/wordpress\/wp-content\/uploads\/2023\/04\/gianni-agordo.mp3\">https:\/\/www.radiopiu.net\/wordpress\/wp-content\/uploads\/2023\/04\/gianni-agordo.mp3<\/a><\/audio>\n<p>&nbsp;<\/p>\n<\/div>\n<div><\/div>\n<\/div>\n<div dir=\"auto\">\n<div><\/div>\n<div>\n<hr \/>\n<\/div>\n<blockquote>\n<h3>IL SINDACO DI AGORDO ROBERTO CHISSALE&#8217; OSPITE ALLA RASSEGNA STAMPA DI GIANNI SANTOMASO<\/h3>\n<\/blockquote>\n<\/div>\n<div><\/div>\n<div dir=\"auto\">\n<div>\n<p><img loading=\"lazy\" decoding=\"async\" class=\"alignleft\" src=\"https:\/\/www.radiopiu.net\/wordpress\/wp-content\/uploads\/2019\/01\/CHISSALE-ROBERTO-300x177.jpg\" width=\"237\" height=\"140\" \/><strong>DA L&#8217;AMICO DEL POPOLO,\u00a0 LA RASSEGNA STAMPA, SETTIMANALE APPUNTAMENTO DI GIANNI SANTOMASO<\/strong><\/p>\n<p>OSPITE IL SINDACO DI AGORDO ROBERTO CHISSALE&#8217;<\/p>\n<p>&nbsp;<\/p>\n<p>&nbsp;<\/p>\n<audio class=\"wp-audio-shortcode\" id=\"audio-332691-2\" preload=\"none\" style=\"width: 100%;\" controls=\"controls\"><source type=\"audio\/mpeg\" src=\"https:\/\/www.radiopiu.net\/wordpress\/wp-content\/uploads\/2023\/04\/RASSEGNA-GIANNI-1.mp3?_=2\" \/><a href=\"https:\/\/www.radiopiu.net\/wordpress\/wp-content\/uploads\/2023\/04\/RASSEGNA-GIANNI-1.mp3\">https:\/\/www.radiopiu.net\/wordpress\/wp-content\/uploads\/2023\/04\/RASSEGNA-GIANNI-1.mp3<\/a><\/audio>\n<p>&nbsp;<\/p>\n<p>&nbsp;<\/p>\n<hr \/>\n<p>&nbsp;<\/p>\n<blockquote>\n<h3>SOVRACANONI IDRICI (UNIONE MONTANA) PER LA CAMPAGNA DI FRASSENE&#8217; SARA&#8217; BONIFICATA<\/h3>\n<\/blockquote>\n<p>&nbsp;<\/p>\n<p><strong>VOLTAGO<\/strong><\/p>\n<p><strong>GIANNI SANTOMASO<\/strong><\/p>\n<audio class=\"wp-audio-shortcode\" id=\"audio-332691-3\" preload=\"none\" style=\"width: 100%;\" controls=\"controls\"><source type=\"audio\/mpeg\" src=\"https:\/\/www.radiopiu.net\/wordpress\/wp-content\/uploads\/2023\/04\/GIANNI-FRASSENE-1.mp3?_=3\" \/><a href=\"https:\/\/www.radiopiu.net\/wordpress\/wp-content\/uploads\/2023\/04\/GIANNI-FRASSENE-1.mp3\">https:\/\/www.radiopiu.net\/wordpress\/wp-content\/uploads\/2023\/04\/GIANNI-FRASSENE-1.mp3<\/a><\/audio>\n<p>&nbsp;<\/p>\n\n\t\t\t<style type='text\/css'>\n\t\t\t\t#gallery-1 {\n\t\t\t\t\tmargin: auto;\n\t\t\t\t}\n\t\t\t\t#gallery-1 .gallery-item {\n\t\t\t\t\tfloat: left;\n\t\t\t\t\tmargin-top: 10px;\n\t\t\t\t\ttext-align: center;\n\t\t\t\t\twidth: 33%;\n\t\t\t\t}\n\t\t\t\t#gallery-1 img {\n\t\t\t\t\tborder: 2px solid #cfcfcf;\n\t\t\t\t}\n\t\t\t\t#gallery-1 .gallery-caption {\n\t\t\t\t\tmargin-left: 0;\n\t\t\t\t}\n\t\t\t\t\/* see gallery_shortcode() in wp-includes\/media.php *\/\n\t\t\t<\/style>\n\t\t<div id='gallery-1' class='dt-gallery-container gallery galleryid-332691 gallery-columns-3 gallery-size-thumbnail'><dl class='gallery-item'>\n\t\t\t\t<dt class='gallery-icon landscape'>\n\t\t\t\t\t<a class=\"rollover rollover-zoom dt-pswp-item\" title=\"712b5951-4498-4fe7-aa36-4371da0dc7cd\" data-dt-img-description=\"\" data-large_image_width=\"1600\" data-large_image_height=\"1200\"href='https:\/\/www.radiopiu.net\/wordpress\/wp-content\/uploads\/2023\/04\/712b5951-4498-4fe7-aa36-4371da0dc7cd.jpg'><img loading=\"lazy\" decoding=\"async\" width=\"150\" height=\"150\" src=\"https:\/\/www.radiopiu.net\/wordpress\/wp-content\/uploads\/2023\/04\/712b5951-4498-4fe7-aa36-4371da0dc7cd-150x150.jpg\" class=\"attachment-thumbnail size-thumbnail\" alt=\"\" \/><\/a>\n\t\t\t\t<\/dt><\/dl><dl class='gallery-item'>\n\t\t\t\t<dt class='gallery-icon landscape'>\n\t\t\t\t\t<a class=\"rollover rollover-zoom dt-pswp-item\" title=\"17b6bce4-80b5-4677-9d4e-126b70dd8e8c\" data-dt-img-description=\"\" data-large_image_width=\"1024\" data-large_image_height=\"768\"href='https:\/\/www.radiopiu.net\/wordpress\/wp-content\/uploads\/2023\/04\/17b6bce4-80b5-4677-9d4e-126b70dd8e8c.jpg'><img loading=\"lazy\" decoding=\"async\" width=\"150\" height=\"150\" src=\"https:\/\/www.radiopiu.net\/wordpress\/wp-content\/uploads\/2023\/04\/17b6bce4-80b5-4677-9d4e-126b70dd8e8c-150x150.jpg\" class=\"attachment-thumbnail size-thumbnail\" alt=\"\" \/><\/a>\n\t\t\t\t<\/dt><\/dl><dl class='gallery-item'>\n\t\t\t\t<dt class='gallery-icon landscape'>\n\t\t\t\t\t<a class=\"rollover rollover-zoom dt-pswp-item\" title=\"0f70cc65-1c83-4143-896e-56b1b4647d02\" data-dt-img-description=\"\" data-large_image_width=\"1024\" data-large_image_height=\"768\"href='https:\/\/www.radiopiu.net\/wordpress\/wp-content\/uploads\/2023\/04\/0f70cc65-1c83-4143-896e-56b1b4647d02.jpg'><img loading=\"lazy\" decoding=\"async\" width=\"150\" height=\"150\" src=\"https:\/\/www.radiopiu.net\/wordpress\/wp-content\/uploads\/2023\/04\/0f70cc65-1c83-4143-896e-56b1b4647d02-150x150.jpg\" class=\"attachment-thumbnail size-thumbnail\" alt=\"\" \/><\/a>\n\t\t\t\t<\/dt><\/dl><br style=\"clear: both\" \/>\n\t\t\t<\/div>\n\n<p>&nbsp;<\/p>\n<hr \/>\n<p>&nbsp;<\/p>\n<p>&nbsp;<\/p>\n<blockquote>\n<h2>EZIO 90 ANNI NEL GIORNO DEL 25 APRILE RICORDA<\/h2>\n<\/blockquote>\n<\/div>\n<p><a class=\"dt-pswp-item\" href=\"https:\/\/www.radiopiu.net\/wordpress\/wp-content\/uploads\/2023\/04\/2777cddd-9147-40c3-8609-df60b25db51c-1.jpg\" data-dt-img-description=\"\" data-large_image_width=\"1200\" data-large_image_height=\"1600\"><img loading=\"lazy\" decoding=\"async\" class=\"size-medium wp-image-332711 alignleft\" src=\"https:\/\/www.radiopiu.net\/wordpress\/wp-content\/uploads\/2023\/04\/2777cddd-9147-40c3-8609-df60b25db51c-1-225x300.jpg\" alt=\"\" width=\"225\" height=\"300\" srcset=\"https:\/\/www.radiopiu.net\/wordpress\/wp-content\/uploads\/2023\/04\/2777cddd-9147-40c3-8609-df60b25db51c-1-225x300.jpg 225w, https:\/\/www.radiopiu.net\/wordpress\/wp-content\/uploads\/2023\/04\/2777cddd-9147-40c3-8609-df60b25db51c-1-768x1024.jpg 768w, https:\/\/www.radiopiu.net\/wordpress\/wp-content\/uploads\/2023\/04\/2777cddd-9147-40c3-8609-df60b25db51c-1-1152x1536.jpg 1152w, https:\/\/www.radiopiu.net\/wordpress\/wp-content\/uploads\/2023\/04\/2777cddd-9147-40c3-8609-df60b25db51c-1.jpg 1200w\" sizes=\"auto, (max-width: 225px) 100vw, 225px\" \/><\/a><strong><em>21 AGOSTO DEL 1944, LA FUCILAZIONE\u00a0<\/em><br \/>\n<em>CAVIOLA CHE BRUCIA<\/em><\/strong><\/p>\n<p>&nbsp;<\/p>\n<p>&nbsp;<\/p>\n<p>&nbsp;<\/p>\n<audio class=\"wp-audio-shortcode\" id=\"audio-332691-4\" preload=\"none\" style=\"width: 100%;\" controls=\"controls\"><source type=\"audio\/mpeg\" src=\"https:\/\/www.radiopiu.net\/wordpress\/wp-content\/uploads\/2023\/04\/GIANNI-PEZZO-25.mp3?_=4\" \/><a href=\"https:\/\/www.radiopiu.net\/wordpress\/wp-content\/uploads\/2023\/04\/GIANNI-PEZZO-25.mp3\">https:\/\/www.radiopiu.net\/wordpress\/wp-content\/uploads\/2023\/04\/GIANNI-PEZZO-25.mp3<\/a><\/audio>\n<p>&nbsp;<\/p>\n<p>&nbsp;<\/p>\n<p>&nbsp;<\/p>\n<p>&nbsp;<\/p>\n<div>\n<hr \/>\n<p>&nbsp;<\/p>\n<p>&nbsp;<\/p>\n<blockquote>\n<h2>Il progetto Stacco presentato alla Provincia. Sotto la lente dati, analisi e problematiche del trasporto sociale<\/h2>\n<\/blockquote>\n<p><span style=\"font-size: large;\"><i><img loading=\"lazy\" decoding=\"async\" class=\"alignleft\" src=\"https:\/\/www.radiopiu.net\/wordpress\/wp-content\/uploads\/2023\/04\/c0d0abca-d932-4295-b38d-ec215e057d23.jpg\" width=\"247\" height=\"185\" \/>Padrin: \u00abAttivit\u00e0 dei volontari indispensabile per un territorio di montagna\u00bb<\/i><\/span><\/p>\n<p><strong>BELLUNO<\/strong> <em>\u00abIl trasporto sociale \u00e8 un servizio indispensabile. E lo \u00e8 ancora di pi\u00f9 in un territorio di montagna dove le distanze dagli ospedali e dai servizi sono spesso molto grandi\u00bb<\/em>. Lo ha detto il presidente della Provincia Roberto Padrin, incontrando nei giorni scorsi la rete del progetto Stacco.\u00a0L\u2019acronimo sta per \u201cServizio trasporto e accompagnamento\u201d: si tratta di una sinergia tra 23 associazioni di volontariato che garantisce il trasporto da casa verso le strutture sanitarie per le persone che presentano oggettive difficolt\u00e0 di deambulazione e non sono in grado di spostarsi in autonomia con mezzi propri o pubblici. Particolare attenzione \u00e8 riservata alle persone che non hanno una rete familiare di supporto. Il progetto, nato come sperimentale in provincia di Belluno nei primi anni Duemila, \u00e8 stato individuato come buona prassi da parte della Regione e allargato al resto del Veneto. Adesso, per\u00f2, soprattutto dopo la pandemia, deve fare i conti con diverse difficolt\u00e0, come hanno spiegato le associazioni di volontariato al presidente della Provincia.<\/p>\n<p>&nbsp;<\/p>\n<p>&nbsp;<\/p>\n<hr \/>\n<p>&nbsp;<\/p>\n<div class=\"page-title-head hgroup\">\n<blockquote>\n<h3 class=\"entry-title\">POSATE LE TABELLE IDENTIFICATIVE DEGLI ALBERI MONUMENTALI<\/h3>\n<\/blockquote>\n<\/div>\n<p align=\"CENTER\"><b>\u00a0in occasione della Giornata mondiale della Terra, la cerimonia<\/b><\/p>\n<p align=\"JUSTIFY\"><strong>BELLUNO<\/strong> Consegnate le tabelle identificative degli alberi monumentali: festa, in occasione della Giornata mondiale della Terra. Alla cerimonia hanno preso parte, oltre all\u2019amministrazione comunale e ad una parte dei proprietari degli alberi stessi, i carabinieri forestali e i volontari dell\u2019associazione Italia Nostra.<\/p>\n<p align=\"JUSTIFY\"><strong>L&#8217;ASSESSORE LORENZA DE KUNOVICH\u00a0<\/strong><\/p>\n<p><iframe loading=\"lazy\" title=\"IMG 3667\" width=\"1200\" height=\"675\" src=\"https:\/\/www.youtube.com\/embed\/wdEkH2ZPa2U?feature=oembed\" frameborder=\"0\" allow=\"accelerometer; autoplay; clipboard-write; encrypted-media; gyroscope; picture-in-picture; web-share\" allowfullscreen><\/iframe><\/p>\n<p>&nbsp;<\/p>\n<p>&nbsp;<\/p>\n<hr \/>\n<p>&nbsp;<\/p>\n<p>&nbsp;<\/p>\n<blockquote>\n<h3>IL DECADIMENTO COGNITIVO RIEMPIE LA SALA<\/h3>\n<p><em><a class=\"dt-pswp-item\" href=\"https:\/\/www.radiopiu.net\/wordpress\/wp-content\/uploads\/2023\/04\/Conferenza_molto_partecipata.jpg\" data-dt-img-description=\"\" data-large_image_width=\"1757\" data-large_image_height=\"984\"><img loading=\"lazy\" decoding=\"async\" class=\"size-medium wp-image-332699 alignleft\" src=\"https:\/\/www.radiopiu.net\/wordpress\/wp-content\/uploads\/2023\/04\/Conferenza_molto_partecipata-300x168.jpg\" alt=\"\" width=\"300\" height=\"168\" srcset=\"https:\/\/www.radiopiu.net\/wordpress\/wp-content\/uploads\/2023\/04\/Conferenza_molto_partecipata-300x168.jpg 300w, https:\/\/www.radiopiu.net\/wordpress\/wp-content\/uploads\/2023\/04\/Conferenza_molto_partecipata-1024x573.jpg 1024w, https:\/\/www.radiopiu.net\/wordpress\/wp-content\/uploads\/2023\/04\/Conferenza_molto_partecipata-768x430.jpg 768w, https:\/\/www.radiopiu.net\/wordpress\/wp-content\/uploads\/2023\/04\/Conferenza_molto_partecipata-1536x860.jpg 1536w, https:\/\/www.radiopiu.net\/wordpress\/wp-content\/uploads\/2023\/04\/Conferenza_molto_partecipata.jpg 1757w\" sizes=\"auto, (max-width: 300px) 100vw, 300px\" \/><\/a>L\u2019incontro \u00e8 stato particolarmente interessante perch\u00e9 i relatori non si sono limitati a descrivere in maniera accademica le criticit\u00e0, ma hanno dato dei consigli tanto semplici, quanto efficaci, sulle strategie per conservare l\u2019elasticit\u00e0 del cervello e per \u201csostituire\u201d con nuove connessioni, le sinapsi che inevitabilmente si logorano.\u00a0<\/em><\/p><\/blockquote>\n<p><strong>PONTE NELLE ALPI<\/strong>\u00a0Un\u2019interessantissima conferenza, nella sala dell\u2019ex Casa Rossa di Ponte nelle Alpi, \u00e8 stata seguita da un centinaio di persona. Il tema era legato al decadimento cognitivo in et\u00e0 senile e alle strategie per contrastarlo. Nello specifico, il dottor Manrico Gentile e il suo staff di collaboratori (Vanessa D\u2019Alpaos, Alberto Zampieri, Marta Paris) hanno posto l\u2019accento sul fatto che, di questi tempi, si tenda a semplificare e a definire come \u201cAlzheimer\u201d qualsiasi d\u00e9faillance di memoria. Dopo aver distinto le forme di malattia invalidanti tra irreversibili e reversibili (causate per esempio da episodi o malattie del metabolismo, del fegato o dei reni), \u00e8 emerso come esistano situazioni e strategie per far fronte al decadimento cognitivo, che pu\u00f2 essere ritardato o contrastato.<\/p>\n<p>&nbsp;<\/p>\n<p>&nbsp;<\/p>\n<hr \/>\n<p>&nbsp;<\/p>\n<blockquote>\n<h3>VENETO: IN 5 ANNI 254 MILA OCCUPATI ANDRANNO IN PENSIONE<\/h3>\n<\/blockquote>\n<p><a class=\"dt-pswp-item\" href=\"https:\/\/www.radiopiu.net\/wordpress\/wp-content\/uploads\/2023\/04\/Schermata-2023-04-22-alle-09.26.25.png\" data-dt-img-description=\"\" data-large_image_width=\"1214\" data-large_image_height=\"1462\"><img loading=\"lazy\" decoding=\"async\" class=\"alignleft size-medium wp-image-332596\" src=\"https:\/\/www.radiopiu.net\/wordpress\/wp-content\/uploads\/2023\/04\/Schermata-2023-04-22-alle-09.26.25-249x300.png\" alt=\"\" width=\"249\" height=\"300\" srcset=\"https:\/\/www.radiopiu.net\/wordpress\/wp-content\/uploads\/2023\/04\/Schermata-2023-04-22-alle-09.26.25-249x300.png 249w, https:\/\/www.radiopiu.net\/wordpress\/wp-content\/uploads\/2023\/04\/Schermata-2023-04-22-alle-09.26.25-850x1024.png 850w, https:\/\/www.radiopiu.net\/wordpress\/wp-content\/uploads\/2023\/04\/Schermata-2023-04-22-alle-09.26.25-768x925.png 768w, https:\/\/www.radiopiu.net\/wordpress\/wp-content\/uploads\/2023\/04\/Schermata-2023-04-22-alle-09.26.25.png 1214w\" sizes=\"auto, (max-width: 249px) 100vw, 249px\" \/><\/a>Tra il 2023 e il 2027 il mercato del lavoro veneto richieder\u00e0 346 mila addetti: di cui 254.100 (pari al 73,4 per cento del totale) in sostituzione delle persone destinate ad andare in pensione e 92 mila nuovi ingressi (il 26,6 per cento del totale) legati alla crescita economica prevista in questo quinquennio. A legislazione vigente, pertanto, nei prossimi 5 anni il 12 per cento circa dei veneti lascer\u00e0 definitivamente il posto di lavoro per aver raggiunto il limite di et\u00e0. La stima \u00e8 dell\u2019Ufficio studi della CGIA che ha elaborato i dati del Sistema informativo Excelsior di Unioncamere e Anpal.<\/p>\n<p><strong>L\u2019esodo interesser\u00e0 soprattutto Molise, Piemonte, Abruzzo, Liguria e Basilicata<\/strong><br \/>\nA livello regionale, nel prossimo quinquennio l\u2019incidenza percentuale della domanda sostitutiva sul fabbisogno occupazionale totale interesser\u00e0, in particolare, il Molise (78,5 per cento), il Piemonte\/Valle d\u2019Aosta (82 per cento), l\u2019Abruzzo (82,5 per cento) e la Liguria (85,5 per cento). La regione d\u2019Italia pi\u00f9 investita da questo fenomeno sar\u00e0 la Basilicata (88,3 per cento).<\/p>\n<p><strong>I settori pi\u00f9 interessati<\/strong><br \/>\nTra le regioni del Nordest, nel prossimo quinquennio l\u2019incidenza pi\u00f9 elevata di coloro che si recheranno in pensione sul totale del fabbisogno occupazionale si verificher\u00e0 nel settore dell\u2019agricoltura (96,9 per cento). Seguono l\u2019industria (85,1 per cento) e i servizi (65,8 per cento). Nel comparto manifatturiero, ad esempio, a subire l\u2019esodo verso la pensione pi\u00f9 significativo sar\u00e0 l\u2019industria del mobile (98,9 per cento), quella della carta (98,2) e quella del tessile-abbigliamento (94,7 per cento). Al netto delle telecomunicazioni e dei servizi finanziari e assicurativi che nel Nordest avranno un\u2019occupazione aggiuntiva addirittura negativa che far\u00e0 schizzare all\u2019ins\u00f9 l\u2019incidenza &#8211; 500 per cento nel primo caso e del 104,3 per cento nel secondo &#8211; entro il 2027 nel comparto dei servizi i pi\u00f9 investiti dall\u2019esodo saranno il settore dei servizi generali della PA (93,3 per cento), il commercio (86,5 per cento) e l\u2019istruzione e i servizi formativi (82,7 per cento). Insomma, nei prossimi anni i principali settori del nostro made in Italy rischiano di non poter pi\u00f9 contare su una quota importante di maestranze di qualit\u00e0 e di elevata esperienza (vedi Tab. 2).<\/p>\n<p><strong><a class=\"dt-pswp-item\" href=\"https:\/\/www.radiopiu.net\/wordpress\/wp-content\/uploads\/2023\/04\/tab2-1.jpg\" data-dt-img-description=\"\" data-large_image_width=\"1256\" data-large_image_height=\"2526\"><img loading=\"lazy\" decoding=\"async\" class=\"alignleft size-medium wp-image-332595\" src=\"https:\/\/www.radiopiu.net\/wordpress\/wp-content\/uploads\/2023\/04\/tab2-1-149x300.jpg\" alt=\"\" width=\"149\" height=\"300\" srcset=\"https:\/\/www.radiopiu.net\/wordpress\/wp-content\/uploads\/2023\/04\/tab2-1-149x300.jpg 149w, https:\/\/www.radiopiu.net\/wordpress\/wp-content\/uploads\/2023\/04\/tab2-1-509x1024.jpg 509w, https:\/\/www.radiopiu.net\/wordpress\/wp-content\/uploads\/2023\/04\/tab2-1-768x1545.jpg 768w, https:\/\/www.radiopiu.net\/wordpress\/wp-content\/uploads\/2023\/04\/tab2-1-764x1536.jpg 764w, https:\/\/www.radiopiu.net\/wordpress\/wp-content\/uploads\/2023\/04\/tab2-1-1018x2048.jpg 1018w, https:\/\/www.radiopiu.net\/wordpress\/wp-content\/uploads\/2023\/04\/tab2-1.jpg 1256w\" sizes=\"auto, (max-width: 149px) 100vw, 149px\" \/><\/a>Perch\u00e9 si fatica a trovare personale<\/strong><br \/>\nIl progressivo invecchiamento della popolazione veneta sta provocando un grosso problema al mondo produttivo. Da tempo, ormai, gli imprenditori denunciano la difficolt\u00e0 di trovare sul mercato del lavoro personale altamente qualificato e\/o figure professionali di basso profilo. Se per i primi le difficolt\u00e0 di reperimento sono strutturali a causa del disallineamento che in alcuni territori si sono create tra la scuola e il mondo del lavoro, per le seconde, invece, sono opportunit\u00e0 di lavoro che spesso i nostri giovani, peraltro sempre meno numerosi, rifiutano di occupare e solo in parte vengono \u201ccoperti\u201d dagli stranieri. Una situazione che nei prossimi anni \u00e8 destinata a peggiorare: in primo luogo, come dicevamo, per gli effetti della denatalit\u00e0 e in secondo luogo per la cronica difficolt\u00e0 che abbiamo a incrociare la domanda e l\u2019offerta di lavoro.<\/p>\n<p>&nbsp;<\/p>\n<p>&nbsp;<\/p>\n<p>&nbsp;<\/p>\n<hr \/>\n<p>&nbsp;<\/p>\n<blockquote>\n<h2><span style=\"color: #ff0000;\">proprietario cercasi<\/span><\/h2>\n<\/blockquote>\n<p><a class=\"dt-pswp-item\" href=\"https:\/\/www.radiopiu.net\/wordpress\/wp-content\/uploads\/2023\/04\/c174a403-a0ec-4b5b-ac03-1e30f0a5b1ee.jpg\" data-dt-img-description=\"\" data-large_image_width=\"1600\" data-large_image_height=\"1200\"><img loading=\"lazy\" decoding=\"async\" class=\" wp-image-332662 aligncenter\" src=\"https:\/\/www.radiopiu.net\/wordpress\/wp-content\/uploads\/2023\/04\/c174a403-a0ec-4b5b-ac03-1e30f0a5b1ee-300x225.jpg\" alt=\"\" width=\"200\" height=\"150\" srcset=\"https:\/\/www.radiopiu.net\/wordpress\/wp-content\/uploads\/2023\/04\/c174a403-a0ec-4b5b-ac03-1e30f0a5b1ee-300x225.jpg 300w, https:\/\/www.radiopiu.net\/wordpress\/wp-content\/uploads\/2023\/04\/c174a403-a0ec-4b5b-ac03-1e30f0a5b1ee-1024x768.jpg 1024w, https:\/\/www.radiopiu.net\/wordpress\/wp-content\/uploads\/2023\/04\/c174a403-a0ec-4b5b-ac03-1e30f0a5b1ee-768x576.jpg 768w, https:\/\/www.radiopiu.net\/wordpress\/wp-content\/uploads\/2023\/04\/c174a403-a0ec-4b5b-ac03-1e30f0a5b1ee-1536x1152.jpg 1536w, https:\/\/www.radiopiu.net\/wordpress\/wp-content\/uploads\/2023\/04\/c174a403-a0ec-4b5b-ac03-1e30f0a5b1ee.jpg 1600w\" sizes=\"auto, (max-width: 200px) 100vw, 200px\" \/><\/a><\/p>\n<p><strong>TAIBON SEGNALATA NELLA CAMPAGNA DI TAIBON (PRIMA DELLA SCARPATA PER SOCCOL). AI MARGINI DEL BOSCO, OLTRE LA ZONA DEL POLIGONO. <\/strong><strong>E&#8217; DA PARECCHIO TEMPO CHE E&#8217; LI&#8217; ABBANDONATA\u00a0<\/strong><\/p>\n<p>&nbsp;<\/p>\n<hr \/>\n<p>&nbsp;<\/p>\n<blockquote>\n<h3>OGGI ALLA RADIO, ALLE 10.30 FRANCESCO ZILLIO_EPCENTER<\/h3>\n<\/blockquote>\n<p><iframe loading=\"lazy\" title=\"Epcenter - Murano Il vetro, l&#039;arte e la tecnologia.\" width=\"1200\" height=\"675\" src=\"https:\/\/www.youtube.com\/embed\/F3Vm9C0xtl8?feature=oembed\" frameborder=\"0\" allow=\"accelerometer; autoplay; clipboard-write; encrypted-media; gyroscope; picture-in-picture; web-share\" allowfullscreen><\/iframe><\/p>\n<p>&nbsp;<\/p>\n<p>&nbsp;<\/p>\n<hr \/>\n<p>&nbsp;<\/p>\n<p>&nbsp;<\/p>\n<blockquote>\n<h3>\u00a0PRIMO MAGGIO NEL RICORDO DI DON SERGIO MANFROI<\/h3>\n<\/blockquote>\n<p><a class=\"dt-pswp-item\" href=\"https:\/\/www.radiopiu.net\/wordpress\/wp-content\/uploads\/2023\/04\/a32e12a8-6c7a-4173-beb7-329b64d4a34b.jpg\" data-dt-img-description=\"\" data-large_image_width=\"194\" data-large_image_height=\"194\"><img loading=\"lazy\" decoding=\"async\" class=\"size-full wp-image-332704 alignright\" src=\"https:\/\/www.radiopiu.net\/wordpress\/wp-content\/uploads\/2023\/04\/a32e12a8-6c7a-4173-beb7-329b64d4a34b.jpg\" alt=\"\" width=\"194\" height=\"194\" srcset=\"https:\/\/www.radiopiu.net\/wordpress\/wp-content\/uploads\/2023\/04\/a32e12a8-6c7a-4173-beb7-329b64d4a34b.jpg 194w, https:\/\/www.radiopiu.net\/wordpress\/wp-content\/uploads\/2023\/04\/a32e12a8-6c7a-4173-beb7-329b64d4a34b-150x150.jpg 150w\" sizes=\"auto, (max-width: 194px) 100vw, 194px\" \/><\/a>Il primo maggio alle 10.30 presso chiesa parrocchiale si Chies, sara&#8217; celebrata in memoria di don Sergio Manfroi ( parroco della parrocchia di Chies per 18 anni e morto il 28 aprile 2013).<br \/>\nLa santa messa sar\u00e0 officiata dal vescovo emerito Giuseppe Andrich ed animata dal coro parrocchiale Lamosano e Chies .<br \/>\nLa comunit\u00e0 tutta di Chies d&#8217;Alpago per la grande stima verso il sacerdote lo ricorda ancora oggi sempre con grande affetto&#8230;.<br \/>\nDon Sergio era un grande predicatore,\u00a0 conosciuto in tutta la provincia come grande direttore dei cori parrocchiali, ha organizzato i centri estivi per i bambino fino a 85 anni&#8230;.&#8221;Uomo e Sacerdote ricordato dalla gente della comunit\u00e0 per le tante doti e doni :&#8221; Umano , empatico , simpatico , sorridente e assertivo &#8221;<\/p>\n<p>&nbsp;<\/p>\n<p>&nbsp;<\/p>\n<hr \/>\n<p>&nbsp;<\/p>\n<h1><strong>OGGI<\/strong><\/h1>\n<blockquote>\n<h2><strong>Santo Stefano di Cadore: un punto informativo per l\u2019affido familiare<\/strong><\/h2>\n<\/blockquote>\n<p>I Centri per l&#8217;Affido e la Solidariet\u00e0 Familiare (CASF) dell&#8217;Ulss Dolomiti organizzano un punto informativo dedicato all\u2019affido familiare. L\u2019appuntamento \u00e8 per oggi\u00a0dalle 9.30 alle 12.00 al mercato di Santo Stefano di Cadore in Piazza Roma. Gli operatori saranno a disposizione per fornire informazioni e avvicinare famiglie, coppie e persone single al tema dell\u2019affido familiare.<\/p>\n<p>&nbsp;<\/p>\n<p>&nbsp;<\/p>\n<hr \/>\n<p>&nbsp;<\/p>\n<blockquote>\n<h3>LA GIORNATA ECOLOGICA CON PROLOCO E COMUNE<\/h3>\n<\/blockquote>\n<div class=\"x11i5rnm xat24cr x1mh8g0r x1vvkbs xdj266r x126k92a\">\n<div dir=\"auto\">Nella giornata della Terra si \u00e8 svolta nel comune di Falcade la GIORNATA ECOLOGICA!<\/div>\n<\/div>\n<div class=\"x11i5rnm xat24cr x1mh8g0r x1vvkbs xtlvy1s x126k92a\">\n<div dir=\"auto\">Nata da una collaborazione tra amministrazione comunale e Proloco&#8230; Ma soprattutto di tanti tanti volontari, grandi e piccini arrivati da tutte le frazioni (e anche da fuori comune!).<\/div>\n<\/div>\n<div class=\"x11i5rnm xat24cr x1mh8g0r x1vvkbs xtlvy1s x126k92a\">\n<div dir=\"auto\"><\/div>\n<blockquote>\n<div dir=\"auto\"><em><strong>dalla proloco <\/strong>Grazie a tutti i volontari per il grande impegno e per la dedizione nel prenderci cura della nostra terra (anche a chi non \u00e8 presente nella foto)<\/em><\/div>\n<\/blockquote>\n<\/div>\n<div dir=\"auto\"><strong>foto PAGINA FACEBOOK PROLOCO CAVIOLA<\/strong><\/div>\n<div dir=\"auto\">\n\n\t\t\t<style type='text\/css'>\n\t\t\t\t#gallery-2 {\n\t\t\t\t\tmargin: auto;\n\t\t\t\t}\n\t\t\t\t#gallery-2 .gallery-item {\n\t\t\t\t\tfloat: left;\n\t\t\t\t\tmargin-top: 10px;\n\t\t\t\t\ttext-align: center;\n\t\t\t\t\twidth: 20%;\n\t\t\t\t}\n\t\t\t\t#gallery-2 img {\n\t\t\t\t\tborder: 2px solid #cfcfcf;\n\t\t\t\t}\n\t\t\t\t#gallery-2 .gallery-caption {\n\t\t\t\t\tmargin-left: 0;\n\t\t\t\t}\n\t\t\t\t\/* see gallery_shortcode() in wp-includes\/media.php *\/\n\t\t\t<\/style>\n\t\t<div id='gallery-2' class='dt-gallery-container gallery galleryid-332691 gallery-columns-5 gallery-size-thumbnail'><dl class='gallery-item'>\n\t\t\t\t<dt class='gallery-icon landscape'>\n\t\t\t\t\t<a class=\"rollover rollover-zoom dt-pswp-item\" title=\"342868266_1656872151468685_4442940839354010688_n\" data-dt-img-description=\"\" data-large_image_width=\"600\" data-large_image_height=\"450\"href='https:\/\/www.radiopiu.net\/wordpress\/wp-content\/uploads\/2023\/04\/342868266_1656872151468685_4442940839354010688_n.jpg'><img loading=\"lazy\" decoding=\"async\" width=\"150\" height=\"150\" src=\"https:\/\/www.radiopiu.net\/wordpress\/wp-content\/uploads\/2023\/04\/342868266_1656872151468685_4442940839354010688_n-150x150.jpg\" class=\"attachment-thumbnail size-thumbnail\" alt=\"\" \/><\/a>\n\t\t\t\t<\/dt><\/dl><dl class='gallery-item'>\n\t\t\t\t<dt class='gallery-icon portrait'>\n\t\t\t\t\t<a class=\"rollover rollover-zoom dt-pswp-item\" title=\"342822365_1562280337598115_4839224509182346287_n\" data-dt-img-description=\"\" data-large_image_width=\"450\" data-large_image_height=\"600\"href='https:\/\/www.radiopiu.net\/wordpress\/wp-content\/uploads\/2023\/04\/342822365_1562280337598115_4839224509182346287_n.jpg'><img loading=\"lazy\" decoding=\"async\" width=\"150\" height=\"150\" src=\"https:\/\/www.radiopiu.net\/wordpress\/wp-content\/uploads\/2023\/04\/342822365_1562280337598115_4839224509182346287_n-150x150.jpg\" class=\"attachment-thumbnail size-thumbnail\" alt=\"\" \/><\/a>\n\t\t\t\t<\/dt><\/dl><dl class='gallery-item'>\n\t\t\t\t<dt class='gallery-icon portrait'>\n\t\t\t\t\t<a class=\"rollover rollover-zoom dt-pswp-item\" title=\"342849975_229451559728354_3894625225677278119_n\" data-dt-img-description=\"\" data-large_image_width=\"450\" data-large_image_height=\"600\"href='https:\/\/www.radiopiu.net\/wordpress\/wp-content\/uploads\/2023\/04\/342849975_229451559728354_3894625225677278119_n.jpg'><img loading=\"lazy\" decoding=\"async\" width=\"150\" height=\"150\" src=\"https:\/\/www.radiopiu.net\/wordpress\/wp-content\/uploads\/2023\/04\/342849975_229451559728354_3894625225677278119_n-150x150.jpg\" class=\"attachment-thumbnail size-thumbnail\" alt=\"\" \/><\/a>\n\t\t\t\t<\/dt><\/dl><dl class='gallery-item'>\n\t\t\t\t<dt class='gallery-icon portrait'>\n\t\t\t\t\t<a class=\"rollover rollover-zoom dt-pswp-item\" title=\"342862054_184430671145690_7702799377146073957_n\" data-dt-img-description=\"\" data-large_image_width=\"450\" data-large_image_height=\"600\"href='https:\/\/www.radiopiu.net\/wordpress\/wp-content\/uploads\/2023\/04\/342862054_184430671145690_7702799377146073957_n.jpg'><img loading=\"lazy\" decoding=\"async\" width=\"150\" height=\"150\" src=\"https:\/\/www.radiopiu.net\/wordpress\/wp-content\/uploads\/2023\/04\/342862054_184430671145690_7702799377146073957_n-150x150.jpg\" class=\"attachment-thumbnail size-thumbnail\" alt=\"\" \/><\/a>\n\t\t\t\t<\/dt><\/dl><dl class='gallery-item'>\n\t\t\t\t<dt class='gallery-icon landscape'>\n\t\t\t\t\t<a class=\"rollover rollover-zoom dt-pswp-item\" title=\"342856920_1554950158362977_7225837813941447015_n\" data-dt-img-description=\"\" data-large_image_width=\"600\" data-large_image_height=\"450\"href='https:\/\/www.radiopiu.net\/wordpress\/wp-content\/uploads\/2023\/04\/342856920_1554950158362977_7225837813941447015_n.jpg'><img loading=\"lazy\" decoding=\"async\" width=\"150\" height=\"150\" src=\"https:\/\/www.radiopiu.net\/wordpress\/wp-content\/uploads\/2023\/04\/342856920_1554950158362977_7225837813941447015_n-150x150.jpg\" class=\"attachment-thumbnail size-thumbnail\" alt=\"\" \/><\/a>\n\t\t\t\t<\/dt><\/dl><br style=\"clear: both\" \/>\n\t\t\t<\/div>\n\n<\/div>\n<p>&nbsp;<\/p>\n<p>&nbsp;<\/p>\n<hr \/>\n<p>&nbsp;<\/p>\n<div class=\"page-title-head hgroup\">\n<blockquote>\n<h3 class=\"entry-title\">AD ANGELO GENUIN LA PRIMA EDIZIONE DEL MEMORIAL GIOVANNI VIEL<\/h3>\n<\/blockquote>\n<\/div>\n<div class=\"page-title-breadcrumbs\"><a class=\"dt-pswp-item\" href=\"https:\/\/www.radiopiu.net\/wordpress\/wp-content\/uploads\/2023\/04\/1-ad-angelo-genuin-la-prima-edizione-del-premio-giovanni-viel-22-aprile-20.grappa.jpg\" data-dt-img-description=\"\" data-large_image_width=\"1500\" data-large_image_height=\"1000\"><img loading=\"lazy\" decoding=\"async\" class=\"size-medium wp-image-332657 alignleft\" src=\"https:\/\/www.radiopiu.net\/wordpress\/wp-content\/uploads\/2023\/04\/1-ad-angelo-genuin-la-prima-edizione-del-premio-giovanni-viel-22-aprile-20.grappa-300x200.jpg\" alt=\"\" width=\"300\" height=\"200\" srcset=\"https:\/\/www.radiopiu.net\/wordpress\/wp-content\/uploads\/2023\/04\/1-ad-angelo-genuin-la-prima-edizione-del-premio-giovanni-viel-22-aprile-20.grappa-300x200.jpg 300w, https:\/\/www.radiopiu.net\/wordpress\/wp-content\/uploads\/2023\/04\/1-ad-angelo-genuin-la-prima-edizione-del-premio-giovanni-viel-22-aprile-20.grappa-1024x683.jpg 1024w, https:\/\/www.radiopiu.net\/wordpress\/wp-content\/uploads\/2023\/04\/1-ad-angelo-genuin-la-prima-edizione-del-premio-giovanni-viel-22-aprile-20.grappa-768x512.jpg 768w, https:\/\/www.radiopiu.net\/wordpress\/wp-content\/uploads\/2023\/04\/1-ad-angelo-genuin-la-prima-edizione-del-premio-giovanni-viel-22-aprile-20.grappa.jpg 1500w\" sizes=\"auto, (max-width: 300px) 100vw, 300px\" \/><\/a>Va ad Angelo Genuin la prima edizione del memorial Giovanni Viel, il premio con il comitato veneto Fisi per ricordare il giornalista sportivo, grande appassionato e promotore dello sci di fondo, scomparso lo scorso febbraio, e per dare un riconoscimento a quelle persone che si sono spese per dare lustro agli sci stretti. Nato a Falcade nel 1939, <strong>Angelo Genuin<\/strong> \u00e8 stato uno dei tanti atleti che la Valle del Biois ha donato allo sci di fondo italiano: azzurro negli anni Sessanta, ha partecipato alle Olimpiadi di Innsbruck per dedicarsi poi alla carriera di tecnico.<em> \u00ab\u00c8 per me un\u2019emozione grandissima ricevere questo premio, in memoria di un amico e di un grande professionista\u00bb ha detto Genuin.<\/em><\/div>\n<p>&nbsp;<\/p>\n<\/div>\n<p>&nbsp;<\/p>\n<hr \/>\n<\/div>\n<div dir=\"auto\"><\/div>\n<div dir=\"auto\">\n<blockquote>\n<h3>\u00a0BENEFICI ECONOMICI PER LE FAMIGLIE DEI NUOVI NATI A SELVA DI CADORE.<\/h3>\n<\/blockquote>\n<p><strong><a class=\"dt-pswp-item\" href=\"https:\/\/www.radiopiu.net\/wordpress\/wp-content\/uploads\/2022\/03\/254026600_962124181039693_1306450083412456774_n.png\" data-dt-img-description=\"\" data-large_image_width=\"390\" data-large_image_height=\"300\"><img loading=\"lazy\" decoding=\"async\" class=\"wp-image-267555 alignleft\" src=\"https:\/\/www.radiopiu.net\/wordpress\/wp-content\/uploads\/2022\/03\/254026600_962124181039693_1306450083412456774_n-300x231.png\" alt=\"\" width=\"152\" height=\"117\" srcset=\"https:\/\/www.radiopiu.net\/wordpress\/wp-content\/uploads\/2022\/03\/254026600_962124181039693_1306450083412456774_n-300x231.png 300w, https:\/\/www.radiopiu.net\/wordpress\/wp-content\/uploads\/2022\/03\/254026600_962124181039693_1306450083412456774_n.png 390w\" sizes=\"auto, (max-width: 152px) 100vw, 152px\" \/><\/a>SELVA DI CADORE<\/strong> Il sindaco Luca Lorenzini ha convocato il consiglio comunale per venerdi alle 17.30. All&#8217;ordine del giorno il conto consuntivo Asca, approvazione del rendiconto 2022, variazione al bilancio di previsione con l&#8217;applicazione dell&#8217;avanzo,\u00a0 regolamento per la concessione dei benefici economici alle famiglie dei nuovi nati, approvazione dello schema di concessione d&#8217;uso a titolo gratuito degli immobili destinati a ecocentro.<\/p>\n<p>&nbsp;<\/p>\n<hr \/>\n<p>&nbsp;<\/p>\n<blockquote>\n<h3>L&#8217;OM SALVARECH A LA VALLE<\/h3>\n<\/blockquote>\n<p><strong>LA VALLE <\/strong>A La Valle due giorni di festa con l&#8217;Om Salvarech <strong>OGGI<\/strong> al tendone presentazione della mostra &#8220;vers l&#8217;insuda&#8221;:gli aquerelli dipinti dagli alunni della scuola primaria, dalle 17 l&#8217;apertivo selvatico con Rdj, 19 stand gastronomico, serata danzante con la Spritzband e a seguire dico-tek con Rdj. <strong>DOMANI\u00a0<\/strong> al tendone di Conaggia \u201cel merc\u00e0 de l&#8217;insuda\u201d, alle 10 gara podistica Su e do per i coi, memorial Flavio De Cassai, dalle 12 stand gastronomico e dalle 14: preparazione Om Salvarech a Cugnago, sfilata per le vie del paese, alle 16 apertivo selvatico danzante con Eros, alle 19 la cota e quindi gran finale con il testamento e il Falo&#8217; Dell&#8217;Om Salvarech tra i balli con Eros e Karin. Om Salvarech, a LA VALLE AGORDINA. con la Proloco 24-25 Aprile<\/p>\n<p>&nbsp;<\/p>\n<hr \/>\n<p>&nbsp;<\/p>\n<\/div>\n<blockquote>\n<h2><span id=\"page3R_mcid11\" class=\"markedContent\"><span dir=\"ltr\" role=\"presentation\">Lezione di storia dell\u2019arte per gli allievi del \u201cCalvi\u201d\u00a0<\/span><\/span><\/h2>\n<\/blockquote>\n<p><span id=\"page3R_mcid12\" class=\"markedContent\"><\/span><span id=\"page3R_mcid13\" class=\"markedContent\"><strong>BELLUNO<\/strong>\u00a0 <span dir=\"ltr\" role=\"presentation\">Nuova iniziativa dell\u2019Associazione ex allievi del \u201cCalvi\u201d a favore di allievi e docenti dell\u2019Istituto <\/span><span dir=\"ltr\" role=\"presentation\">Tecnico Economico cittadino che ha portato ancora una volta un illustre ex allievo a tenere<\/span><br role=\"presentation\" \/><span dir=\"ltr\" role=\"presentation\">un\u2019apprezzata lezione nel campo della storia dell\u2019arte. <\/span><\/span><span id=\"page3R_mcid14\" class=\"markedContent\"><span dir=\"ltr\" role=\"presentation\">Protagonista \u00e8 stato il bellunese professor Enrico Colle, diplomato al \u201cCalvi\u201d nel 1975\/76. Con <\/span><span dir=\"ltr\" role=\"presentation\">l\u2019ausilio di opportune immagini il relatore ha compiuto un interessante excursus che, consideran- <\/span><span dir=\"ltr\" role=\"presentation\">do gli argomenti esposti come una sorte di vite parallele, ha acceso i riflettori sull\u2019evoluzione di <\/span><span dir=\"ltr\" role=\"presentation\">moda, architettura, decorazione d\u2019interni, arredamento e pittura dall\u2019Ancien R\u00e9gime al Novecen<\/span><span dir=\"ltr\" role=\"presentation\">to.<\/span><\/span><span id=\"page3R_mcid16\" class=\"markedContent\"><span dir=\"ltr\" role=\"presentation\">l termine dell\u2019incontro, salutato anche dalla dirigente scolastica professoressa Maria Pastrello, il <\/span><span dir=\"ltr\" role=\"presentation\">prof. Colle \u00e8 stato omaggiato dal presidente dell\u2019Associazione ex allievi Baldovino Sponga di un <\/span><span dir=\"ltr\" role=\"presentation\">volume di Fausto Tormen su storia e scorci del capoluogo. Erano presenti all\u2019evento anche il vice <\/span><span dir=\"ltr\" role=\"presentation\">presidente del sodalizio Dino Bridda, il segretario Vito Tormen ed i consiglieri Mariagrazia Bella e <\/span><span dir=\"ltr\" role=\"presentation\">Giorgio Sartori<\/span><\/span><\/p>\n<p>&nbsp;<\/p>\n<hr \/>\n<p>&nbsp;<\/p>\n<p><span style=\"font-size: large;\"><b>A lezione di arte per imparare le tecniche dell\u2019affresco e del graffito <\/b><\/span><span style=\"font-size: large;\"><b>Gli studenti della Scuola Edile protagonisti con Vico Calabr\u00f2 e Giovanni Sogne in un progetto di Confartigianato Belluno <\/b><\/span><span style=\"font-size: large;\"><b>\u00abTramandiamo saperi e mestieri che altrimenti rischiano di scomparire\u00bb<\/b><\/span><\/p>\n<p><span style=\"font-size: large;\">Gli studenti della Scuola Edile di Sedico hanno imparato le tecniche base dell\u2019affresco e del graffito, due lavorazioni che unisco arte e artigianato. E lo hanno fatto con due maestri d\u2019eccezione, Vico Calabr\u00f2, tra i maggiori esperti dell\u2019affresco in Italia, e Giovanni Sogne, artista di decorazione murale. <\/span><span style=\"font-size: large;\">\u00c8 l\u2019ultimo progetto di Confartigianato Belluno<\/span><\/p>\n\n\t\t\t<style type='text\/css'>\n\t\t\t\t#gallery-3 {\n\t\t\t\t\tmargin: auto;\n\t\t\t\t}\n\t\t\t\t#gallery-3 .gallery-item {\n\t\t\t\t\tfloat: left;\n\t\t\t\t\tmargin-top: 10px;\n\t\t\t\t\ttext-align: center;\n\t\t\t\t\twidth: 25%;\n\t\t\t\t}\n\t\t\t\t#gallery-3 img {\n\t\t\t\t\tborder: 2px solid #cfcfcf;\n\t\t\t\t}\n\t\t\t\t#gallery-3 .gallery-caption {\n\t\t\t\t\tmargin-left: 0;\n\t\t\t\t}\n\t\t\t\t\/* see gallery_shortcode() in wp-includes\/media.php *\/\n\t\t\t<\/style>\n\t\t<div id='gallery-3' class='dt-gallery-container gallery galleryid-332691 gallery-columns-4 gallery-size-thumbnail'><dl class='gallery-item'>\n\t\t\t\t<dt class='gallery-icon landscape'>\n\t\t\t\t\t<a class=\"rollover\" href='https:\/\/www.radiopiu.net\/wordpress\/?attachment_id=332605'><img loading=\"lazy\" decoding=\"async\" width=\"150\" height=\"150\" src=\"https:\/\/www.radiopiu.net\/wordpress\/wp-content\/uploads\/2023\/04\/DSC01115-150x150.jpg\" class=\"attachment-thumbnail size-thumbnail\" alt=\"\" \/><\/a>\n\t\t\t\t<\/dt><\/dl><dl class='gallery-item'>\n\t\t\t\t<dt class='gallery-icon landscape'>\n\t\t\t\t\t<a class=\"rollover\" href='https:\/\/www.radiopiu.net\/wordpress\/?attachment_id=332606'><img loading=\"lazy\" decoding=\"async\" width=\"150\" height=\"150\" src=\"https:\/\/www.radiopiu.net\/wordpress\/wp-content\/uploads\/2023\/04\/DSC01119-150x150.jpg\" class=\"attachment-thumbnail size-thumbnail\" alt=\"\" \/><\/a>\n\t\t\t\t<\/dt><\/dl><dl class='gallery-item'>\n\t\t\t\t<dt class='gallery-icon landscape'>\n\t\t\t\t\t<a class=\"rollover\" href='https:\/\/www.radiopiu.net\/wordpress\/?attachment_id=332607'><img loading=\"lazy\" decoding=\"async\" width=\"150\" height=\"150\" src=\"https:\/\/www.radiopiu.net\/wordpress\/wp-content\/uploads\/2023\/04\/DSC01128-150x150.jpg\" class=\"attachment-thumbnail size-thumbnail\" alt=\"\" \/><\/a>\n\t\t\t\t<\/dt><\/dl><dl class='gallery-item'>\n\t\t\t\t<dt class='gallery-icon landscape'>\n\t\t\t\t\t<a class=\"rollover\" href='https:\/\/www.radiopiu.net\/wordpress\/?attachment_id=332608'><img loading=\"lazy\" decoding=\"async\" width=\"150\" height=\"150\" src=\"https:\/\/www.radiopiu.net\/wordpress\/wp-content\/uploads\/2023\/04\/DSC01143-150x150.jpg\" class=\"attachment-thumbnail size-thumbnail\" alt=\"\" \/><\/a>\n\t\t\t\t<\/dt><\/dl><br style=\"clear: both\" \/>\n\t\t\t<\/div>\n\n<p>&nbsp;<\/p>\n<hr \/>\n<blockquote>\n<h3><\/h3>\n<h3>ENEL GREEN POWER: AL VIA IL RIEMPIMENTO DEL LAGO DI CENTRO CADORE<\/h3>\n<\/blockquote>\n<p class=\"xxmsonormal\"><b>BELLUNO <\/b>Con l\u2019approssimarsi della stagione estiva, sono ai nastri di partenza le operazioni di riempimento del lago di Centro Cadore. In recepimento delle indicazioni ricevute dalle Autorit\u00e0 competenti e in un\u2019ottica di fattiva collaborazione con il territorio, Enel Green Power inizia oggi le operazioni di reinvaso del lago per contribuire a contrastare la situazione attuale di severit\u00e0 idrica, determinata dal duplice fenomeno di assenza prolungata di precipitazioni e di scarso livello di neve in quota. L\u2019iniziativa si aggiunge a quella gi\u00e0 adottata a favore di una gestione complessiva dei bacini coerente, al netto delle esigenze specifiche\u00a0 di regolazione del sistema elettrico nazionale, con la necessit\u00e0 di accumulare il maggior volume possibile di acqua, per renderla poi disponibile in coerenza con le esigenze idriche, potabili ed irrigue. Il reinvaso del lago comporter\u00e0 inevitabilmente la sospensione temporanea del cantiere per il consolidamento strutturale del Ponte Vallesella. Le attivit\u00e0 saranno successivamente riprese non appena ve ne saranno le condizioni, presumibilmente al termine della stagione estiva. Nel frattempo Enel Green Power manterr\u00e0 attivo il sistema di monitoraggio della struttura per valutare la possibilit\u00e0 di una sua fruizione all\u2019utilizzo ciclopedonale<\/p>\n<div dir=\"auto\">\n<hr \/>\n<\/div>\n<div dir=\"auto\"><\/div>\n<div dir=\"auto\">\n<blockquote>\n<h3>L&#8217;ECOMUSEO DELL&#8217;OCCHIALERIE BELLUNESE<\/h3>\n<\/blockquote>\n<p><strong>PIEVE DI CADORE<\/strong> Gioved\u00ec\u00a0 alle\u00a0 16.30 presso il Museo dell\u2019Occhialee sar\u00e0 presentato il progetto \u201cTerre dell\u2019Occhiale \u2013 Ecomuseo dell\u2019occhialeria bellunese\u201d che mira a creare un ecomuseo dell\u2019occhialeria bellunese collegando i musei e i siti industriali del Cadore e dell\u2019Agordino per valorizzare il patrimonio culturale del distretto, rafforzare l\u2019identit\u00e0 e l\u2019immagine delle imprese e promuovere lo sviluppo del territorio diversificando l\u2019offerta turistica nell\u2019area.<\/p>\n<p>&nbsp;<\/p>\n<hr \/>\n<p>&nbsp;<\/p>\n<blockquote>\n<h3 class=\"entry-title\">L\u2019IMPEGNO PER LA FIBROSI CISTICA, SULLA STRADA DI BICE<\/h3>\n<\/blockquote>\n<p><strong>REDAZIONE <\/strong>Raccolta fondi: <span id=\"page3R_mcid0\" class=\"markedContent\"><span dir=\"ltr\" role=\"presentation\">\u00a0<\/span><\/span><span id=\"page3R_mcid2\" class=\"markedContent\"><span dir=\"ltr\" role=\"presentation\"><strong>SABATO 6<\/strong>\u00a0maggio a\u00a0<\/span><\/span><span id=\"page3R_mcid3\" class=\"markedContent\"><span dir=\"ltr\" role=\"presentation\">Santo Stefano di Cadore, Dosoledo, Agordo, Caviola, Falcade, Castion in Piazza I\u00b0\u00a0<\/span><span dir=\"ltr\" role=\"presentation\">Maggio (Alpini), Puos d<\/span><span dir=\"ltr\" role=\"presentation\">\u2019<\/span><span dir=\"ltr\" role=\"presentation\">Alpago Piazza P. Luciani.\u00a0<\/span><\/span><span id=\"page3R_mcid5\" class=\"markedContent\"><span dir=\"ltr\" role=\"presentation\"><strong>DOMENICA 7 Maggio<\/strong>\u00a0<\/span><\/span><span id=\"page3R_mcid6\" class=\"markedContent\"><span dir=\"ltr\" role=\"presentation\">Parrocchie De Pol (Rivamonte, Tiser, Gosaldo, Frassen\u00e8 e Voltago)\u00a0<\/span><\/span><span id=\"page3R_mcid8\" class=\"markedContent\"><span dir=\"ltr\" role=\"presentation\"><strong>Durante<\/strong>\u00a0la settimana ci sar\u00e0 la recapito porta a posta della<\/span>\u00a0<span dir=\"ltr\" role=\"presentation\">\u201c<\/span><span dir=\"ltr\" role=\"presentation\">dipladenia<\/span><span dir=\"ltr\" role=\"presentation\">\u201d<\/span>\u00a0<span dir=\"ltr\" role=\"presentation\">a Farra\u00a0<\/span><span dir=\"ltr\" role=\"presentation\">d<\/span><span dir=\"ltr\" role=\"presentation\">\u2019<\/span><span dir=\"ltr\" role=\"presentation\">Alpago e Zopp\u00e8 di Cadore\u00a0<\/span><\/span><\/p>\n<p>&nbsp;<\/p>\n<p>&nbsp;<\/p>\n<hr \/>\n<p>&nbsp;<\/p>\n<blockquote>\n<h3>IL PUNTO DI SAN TOMASO<\/h3>\n<\/blockquote>\n<p><strong>SAN TOMASO<\/strong> Tolto il solito &#8220;lettura ed approvazione verbali seduta precedente&#8221;, ci sar\u00e0 un unico punto in discussione al consiglio comunale che il sindaco Moreno De Val ha calendarizzato per marcoledi alle 20. Il punto:\u00a0 approvazione rendiconto della gestione per l&#8217;esercizio 2022.<\/p>\n<p>&nbsp;<\/p>\n<p>&nbsp;<\/p>\n<hr \/>\n<p>&nbsp;<\/p>\n<blockquote>\n<h3>CONSIGLIO COMUNALE MATTUTINO AD AGORDO<\/h3>\n<\/blockquote>\n<p><strong>AGORDO<\/strong> E&#8217; stato convocato per gioved\u00ec mattina alle 8 il consiglio comunale di Agordo. Il sindaco Roberto Chissal\u00e8 ha chiamato a rapporto i consiglieri comunali per trattare 9 punti. Si inizier\u00e0 con la surroga del consigliere dimissionario Federica Zasso con l&#8217;ingresso di Gessica Brancaleone al suo posto. Si parler\u00e0 anche dell&#8217;approvazione del bilancio di ASCA, l&#8217;approvazione del rendiconto della gestione per il 2022, una variazione al DUP, la designazione del nuovo capogruppo della lista &#8220;Per Agordo&#8221;, l&#8217;elezione del rappresentate comunale per l&#8217;Unione Montana Agordina. Inoltre verr\u00e0 discusso un piano di interventi a parcheggi e viabilit\u00e0 a Parech e il recesso del comne di Agordo come socio della Casa di Soggiorno di Taibon.<\/p>\n<p>&nbsp;<\/p>\n<p>&nbsp;<\/p>\n<hr \/>\n<p>&nbsp;<\/p>\n<blockquote>\n<h3>L&#8217;ASSEMBLEA ANNUALE AUSER &#8220;EL BROI&#8221;<\/h3>\n<\/blockquote>\n<p><strong>AGORDO<\/strong> Sabato 29 aprile alle 15:30 \u00e8 convocata l&#8217;assemblea annuale dei soci Auser &#8220;El Broi&#8221; nella sala Don Tamis di Agordo. Si discuter\u00e0 della proposta di aumentare il numero dei componenti del consiglio direttivo, la votazione dei nuovi componenti, la relazione del presidente, il bilancio sociale, l&#8217;aprovazione del bilancio consuntivo 2022 e di previsione 2023. Seguir\u00e0 un momento conviviale nella sede del circolo.<\/p>\n<p>&nbsp;<\/p>\n<hr \/>\n<\/div>\n<div dir=\"auto\"><\/div>\n<div dir=\"auto\">\n<blockquote>\n<h3>SOSPIROLO EVENTI<\/h3>\n<\/blockquote>\n<h3><a class=\"dt-pswp-item\" href=\"https:\/\/www.radiopiu.net\/wordpress\/wp-content\/uploads\/2023\/04\/Senza-nome-66.jpg\" data-dt-img-description=\"\" data-large_image_width=\"129\" data-large_image_height=\"153\"><img loading=\"lazy\" decoding=\"async\" class=\"size-full wp-image-332530 alignleft\" src=\"https:\/\/www.radiopiu.net\/wordpress\/wp-content\/uploads\/2023\/04\/Senza-nome-66.jpg\" alt=\"\" width=\"129\" height=\"153\" \/><\/a><\/h3>\n<p><strong>SOSPIROLO<\/strong> \u00a0<strong>venerd\u00ec 5<\/strong> maggio ore 20.45 al Pr\u00e0 della Melia <strong>Sonon par San Gottardo, concerto di fisarmoniche.<\/strong> Serata di raccolta fondi per il restauro del campanile (Comitato pro San Gottardo) <strong>sabato 6<\/strong> maggio dalle 10.30 a La Mandra <strong>Festa sociale della Montagna<\/strong> (Centro Studi Montagna Sospirolese)<\/p>\n<\/div>\n<div dir=\"auto\"><\/div>\n<div dir=\"auto\"><\/div>\n<div dir=\"auto\"><\/div>\n<div dir=\"auto\"><\/div>\n<div dir=\"auto\"><\/div>\n<div dir=\"auto\"><\/div>\n<div dir=\"auto\"><\/div>\n<div dir=\"auto\"><\/div>\n<div dir=\"auto\">\n<hr \/>\n<\/div>\n<div dir=\"auto\"><\/div>\n<p>&nbsp;<\/p>\n<p><strong>EDITORIA, IL LIBRO DI LUISA MANFROI\u00a0<\/strong><\/p>\n<p><a class=\"dt-pswp-item\" href=\"https:\/\/www.radiopiu.net\/wordpress\/wp-content\/uploads\/2023\/04\/locandina.jpg\" data-dt-img-description=\"\" data-large_image_width=\"1414\" data-large_image_height=\"2000\"><img loading=\"lazy\" decoding=\"async\" class=\"size-medium wp-image-332545 alignleft\" src=\"https:\/\/www.radiopiu.net\/wordpress\/wp-content\/uploads\/2023\/04\/locandina-212x300.jpg\" alt=\"\" width=\"212\" height=\"300\" srcset=\"https:\/\/www.radiopiu.net\/wordpress\/wp-content\/uploads\/2023\/04\/locandina-212x300.jpg 212w, https:\/\/www.radiopiu.net\/wordpress\/wp-content\/uploads\/2023\/04\/locandina-724x1024.jpg 724w, https:\/\/www.radiopiu.net\/wordpress\/wp-content\/uploads\/2023\/04\/locandina-768x1086.jpg 768w, https:\/\/www.radiopiu.net\/wordpress\/wp-content\/uploads\/2023\/04\/locandina-1086x1536.jpg 1086w, https:\/\/www.radiopiu.net\/wordpress\/wp-content\/uploads\/2023\/04\/locandina.jpg 1414w\" sizes=\"auto, (max-width: 212px) 100vw, 212px\" \/><\/a><\/p>\n<p>Sabato alle 17.30 in sala consiliare del Comune presentazione del libro\u00a0 IL CENTRO TURISTICO CULTURALE NOF FILO&#8217;, storia di un edificio e di una comunit\u00e0 di Luisa Manfroi<br \/>\nInterventi di\u00a0 Luisa Manfroi, Mauro Soppelsa sindaco di Cencenighe e Bepi Pellegrinon editore.<\/p>\n<p>&nbsp;<\/p>\n<p>&nbsp;<\/p>\n<p>&nbsp;<\/p>\n<p>&nbsp;<\/p>\n<p>&nbsp;<\/p>\n<p>&nbsp;<\/p>\n<p>&nbsp;<\/p>\n<p>&nbsp;<\/p>\n<hr \/>\n<p>&nbsp;<\/p>\n<blockquote>\n<h3>LE ORME IN CONCERTO AD ANZU&#8217; DI FELTRE<\/h3>\n<\/blockquote>\n<p><strong><a class=\"dt-pswp-item\" href=\"https:\/\/www.radiopiu.net\/wordpress\/wp-content\/uploads\/2023\/04\/LE-ORME-CONCERTO.jpg\" data-dt-img-description=\"\" data-large_image_width=\"921\" data-large_image_height=\"551\"><img loading=\"lazy\" decoding=\"async\" class=\" wp-image-332388 alignleft\" src=\"https:\/\/www.radiopiu.net\/wordpress\/wp-content\/uploads\/2023\/04\/LE-ORME-CONCERTO-300x179.jpg\" alt=\"\" width=\"179\" height=\"107\" srcset=\"https:\/\/www.radiopiu.net\/wordpress\/wp-content\/uploads\/2023\/04\/LE-ORME-CONCERTO-300x179.jpg 300w, https:\/\/www.radiopiu.net\/wordpress\/wp-content\/uploads\/2023\/04\/LE-ORME-CONCERTO-768x459.jpg 768w, https:\/\/www.radiopiu.net\/wordpress\/wp-content\/uploads\/2023\/04\/LE-ORME-CONCERTO.jpg 921w\" sizes=\"auto, (max-width: 179px) 100vw, 179px\" \/><\/a>FELTRE<\/strong><\/p>\n<p><strong>L&#8217;INTERVISTA<\/strong><\/p>\n<audio class=\"wp-audio-shortcode\" id=\"audio-332691-5\" preload=\"none\" style=\"width: 100%;\" controls=\"controls\"><source type=\"audio\/mpeg\" src=\"https:\/\/www.radiopiu.net\/wordpress\/wp-content\/uploads\/2023\/04\/CONCERTO-LE-ORME.mp3?_=5\" \/><a href=\"https:\/\/www.radiopiu.net\/wordpress\/wp-content\/uploads\/2023\/04\/CONCERTO-LE-ORME.mp3\">https:\/\/www.radiopiu.net\/wordpress\/wp-content\/uploads\/2023\/04\/CONCERTO-LE-ORME.mp3<\/a><\/audio>\n<p>&nbsp;<\/p>\n<p>&nbsp;<\/p>\n<hr \/>\n<p>&nbsp;<\/p>\n<p>&nbsp;<\/p>\n<p><img decoding=\"async\" src=\"https:\/\/www.radiopiu.net\/wordpress\/wp-content\/uploads\/2023\/04\/BARACA-de-FEN-1-724x1024.png\" \/><\/p>\n<p>&nbsp;<\/p>\n<hr \/>\n<p>&nbsp;<\/p>\n<blockquote class=\"wp-embedded-content\" data-secret=\"LumP3nUAOm\"><p><a href=\"https:\/\/www.radiopiu.net\/wordpress\/una-sera-di-comicita-al-palafalcade-con-ingresso-gratuito\/\">UNA SERA DI COMICITA&#8217; AL PALAFALCADE CON INGRESSO GRATUITO<\/a><\/p><\/blockquote>\n<p><iframe loading=\"lazy\" class=\"wp-embedded-content\" sandbox=\"allow-scripts\" security=\"restricted\" style=\"position: absolute; clip: rect(1px, 1px, 1px, 1px);\" title=\"&#8220;UNA SERA DI COMICITA&#8217; AL PALAFALCADE CON INGRESSO GRATUITO&#8221; &#8212; Radio Pi\u00f9\" src=\"https:\/\/www.radiopiu.net\/wordpress\/una-sera-di-comicita-al-palafalcade-con-ingresso-gratuito\/embed\/#?secret=gmNN0wvrRS#?secret=LumP3nUAOm\" data-secret=\"LumP3nUAOm\" width=\"600\" height=\"338\" frameborder=\"0\" marginwidth=\"0\" marginheight=\"0\" scrolling=\"no\"><\/iframe><\/p>\n<p>&nbsp;<\/p>\n<blockquote>\n<h3>LE VICENDE DI RIZZIERI RAVEANE IN UN LIBRO<\/h3>\n<\/blockquote>\n<p><strong>BELLUNO<\/strong> La Camera del lavoro di Belluno e l\u2019Anpi di Belluno organizzano gioved\u00ec 27 aprile alle 18, alla sala Luciani del Giovanni XXIII, la presentazione del libro \u201cUna vita difficile in un secolo breve\u201d, che narra le vicende di Rizzieri Raveane. Interverranno Gino Sperandio e Alessia Cerentin, rispettivamente per l\u2019Anpi di Belluno e la CGIL di Belluno per poi dialogare Giovanni Perenzin e l&#8217;autore del libro.<\/p>\n<p>&nbsp;<\/p>\n<p>&nbsp;<\/p>\n<blockquote>\n<h3>\u00a0I GRAFICI DI TIZIANO DE COL<\/h3>\n<\/blockquote>\n\n\t\t\t<style type='text\/css'>\n\t\t\t\t#gallery-4 {\n\t\t\t\t\tmargin: auto;\n\t\t\t\t}\n\t\t\t\t#gallery-4 .gallery-item {\n\t\t\t\t\tfloat: left;\n\t\t\t\t\tmargin-top: 10px;\n\t\t\t\t\ttext-align: center;\n\t\t\t\t\twidth: 20%;\n\t\t\t\t}\n\t\t\t\t#gallery-4 img {\n\t\t\t\t\tborder: 2px solid #cfcfcf;\n\t\t\t\t}\n\t\t\t\t#gallery-4 .gallery-caption {\n\t\t\t\t\tmargin-left: 0;\n\t\t\t\t}\n\t\t\t\t\/* see gallery_shortcode() in wp-includes\/media.php *\/\n\t\t\t<\/style>\n\t\t<div id='gallery-4' class='dt-gallery-container gallery galleryid-332691 gallery-columns-5 gallery-size-thumbnail'><dl class='gallery-item'>\n\t\t\t\t<dt class='gallery-icon landscape'>\n\t\t\t\t\t<a class=\"rollover rollover-zoom dt-pswp-item\" title=\"9c0e6ab0-91ac-4821-9f46-58c433f3cab1\" data-dt-img-description=\"\" data-large_image_width=\"558\" data-large_image_height=\"354\"href='https:\/\/www.radiopiu.net\/wordpress\/wp-content\/uploads\/2023\/04\/9c0e6ab0-91ac-4821-9f46-58c433f3cab1.jpg'><img loading=\"lazy\" decoding=\"async\" width=\"150\" height=\"150\" src=\"https:\/\/www.radiopiu.net\/wordpress\/wp-content\/uploads\/2023\/04\/9c0e6ab0-91ac-4821-9f46-58c433f3cab1-150x150.jpg\" class=\"attachment-thumbnail size-thumbnail\" alt=\"\" \/><\/a>\n\t\t\t\t<\/dt><\/dl><dl class='gallery-item'>\n\t\t\t\t<dt class='gallery-icon landscape'>\n\t\t\t\t\t<a class=\"rollover rollover-zoom dt-pswp-item\" title=\"a891e7f0-6f92-4e74-b2cc-97f2ebf07d83\" data-dt-img-description=\"\" data-large_image_width=\"612\" data-large_image_height=\"355\"href='https:\/\/www.radiopiu.net\/wordpress\/wp-content\/uploads\/2023\/04\/a891e7f0-6f92-4e74-b2cc-97f2ebf07d83.jpg'><img loading=\"lazy\" decoding=\"async\" width=\"150\" height=\"150\" src=\"https:\/\/www.radiopiu.net\/wordpress\/wp-content\/uploads\/2023\/04\/a891e7f0-6f92-4e74-b2cc-97f2ebf07d83-150x150.jpg\" class=\"attachment-thumbnail size-thumbnail\" alt=\"\" \/><\/a>\n\t\t\t\t<\/dt><\/dl><dl class='gallery-item'>\n\t\t\t\t<dt class='gallery-icon landscape'>\n\t\t\t\t\t<a class=\"rollover rollover-zoom dt-pswp-item\" title=\"65d5724c-b869-420a-89f3-3e4a9454e994\" data-dt-img-description=\"\" data-large_image_width=\"592\" data-large_image_height=\"349\"href='https:\/\/www.radiopiu.net\/wordpress\/wp-content\/uploads\/2023\/04\/65d5724c-b869-420a-89f3-3e4a9454e994.jpg'><img loading=\"lazy\" decoding=\"async\" width=\"150\" height=\"150\" src=\"https:\/\/www.radiopiu.net\/wordpress\/wp-content\/uploads\/2023\/04\/65d5724c-b869-420a-89f3-3e4a9454e994-150x150.jpg\" class=\"attachment-thumbnail size-thumbnail\" alt=\"\" \/><\/a>\n\t\t\t\t<\/dt><\/dl><dl class='gallery-item'>\n\t\t\t\t<dt class='gallery-icon landscape'>\n\t\t\t\t\t<a class=\"rollover rollover-zoom dt-pswp-item\" title=\"540387a6-6a9f-42a9-826c-28bb41fc6abb\" data-dt-img-description=\"\" data-large_image_width=\"600\" data-large_image_height=\"349\"href='https:\/\/www.radiopiu.net\/wordpress\/wp-content\/uploads\/2023\/04\/540387a6-6a9f-42a9-826c-28bb41fc6abb.jpg'><img loading=\"lazy\" decoding=\"async\" width=\"150\" height=\"150\" src=\"https:\/\/www.radiopiu.net\/wordpress\/wp-content\/uploads\/2023\/04\/540387a6-6a9f-42a9-826c-28bb41fc6abb-150x150.jpg\" class=\"attachment-thumbnail size-thumbnail\" alt=\"\" \/><\/a>\n\t\t\t\t<\/dt><\/dl><dl class='gallery-item'>\n\t\t\t\t<dt class='gallery-icon landscape'>\n\t\t\t\t\t<a class=\"rollover rollover-zoom dt-pswp-item\" title=\"7fd3420b-bcb1-4c67-83d9-b15158526110\" data-dt-img-description=\"\" data-large_image_width=\"584\" data-large_image_height=\"349\"href='https:\/\/www.radiopiu.net\/wordpress\/wp-content\/uploads\/2023\/04\/7fd3420b-bcb1-4c67-83d9-b15158526110.jpg'><img loading=\"lazy\" decoding=\"async\" width=\"150\" height=\"150\" src=\"https:\/\/www.radiopiu.net\/wordpress\/wp-content\/uploads\/2023\/04\/7fd3420b-bcb1-4c67-83d9-b15158526110-150x150.jpg\" class=\"attachment-thumbnail size-thumbnail\" alt=\"\" \/><\/a>\n\t\t\t\t<\/dt><\/dl><br style=\"clear: both\" \/>\n\t\t\t<\/div>\n\n<p>&nbsp;<\/p>\n<hr \/>\n<p>&nbsp;<\/p>\n<p>&nbsp;<\/p>\n<p><strong class=\"photoswipe-wrapper\"><a class=\"dt-pswp-item pspw-wrap-ready\" href=\"https:\/\/www.radiopiu.net\/wordpress\/wp-content\/uploads\/2021\/06\/8554eb80-bb6e-4752-a6d3-57aff91a2903.jpg\" data-dt-img-description=\"\" data-large_image_width=\"768\" data-large_image_height=\"1024\"><img loading=\"lazy\" decoding=\"async\" class=\"wp-image-215003 alignleft\" src=\"https:\/\/www.radiopiu.net\/wordpress\/wp-content\/uploads\/2021\/06\/8554eb80-bb6e-4752-a6d3-57aff91a2903-225x300.jpg\" sizes=\"auto, (max-width: 116px) 100vw, 116px\" srcset=\"https:\/\/www.radiopiu.net\/wordpress\/wp-content\/uploads\/2021\/06\/8554eb80-bb6e-4752-a6d3-57aff91a2903-225x300.jpg 225w, https:\/\/www.radiopiu.net\/wordpress\/wp-content\/uploads\/2021\/06\/8554eb80-bb6e-4752-a6d3-57aff91a2903.jpg 768w\" alt=\"\" width=\"116\" height=\"155\" \/><\/a><span style=\"color: #ff0000;\">BANDI ALLA RADIO\u00a0<\/span><\/strong><\/p>\n<p><strong>BANDI DI CONCORSO, DAL COMUNE DI ROCCA PIETORE.\u00a0<\/strong>UN POSTO DI ISTRUTTORE AMMINISTRATIVO categoria C1, a tempo pieno e indeterminato UN POSTO DI ISTRUTTORE TECNICO categoria C1, contratto a tempo pieno e indeterminato Tutte le informazioni inerenti ai bandi di concorso, le modalit\u00e0 e i termini di presentazione delle domande sono reperibili sul sito del Comune: WWW.COMUNE.ROCCAPIETORE.BL.IT<\/p>\n<p>&nbsp;<\/p>\n<p>&nbsp;<\/p>\n<hr \/>\n<p>&nbsp;<\/p>\n<p>&nbsp;<\/p>\n<div class=\"message spoilers-container\" dir=\"auto\">\n<div>\n<div class=\"b654a4as d2edcug0\">\n<div class=\"rq0escxv hkbzh7o3 jwdofwj8 n8tt0mok r8blr3vg hyh9befq\">\n<p><a class=\"dt-pswp-item\" href=\"https:\/\/www.radiopiu.net\/wordpress\/wp-content\/uploads\/2020\/10\/pp.jpg\" data-dt-img-description=\"\" data-large_image_width=\"640\" data-large_image_height=\"640\"><img loading=\"lazy\" decoding=\"async\" class=\"wp-image-163678 alignleft\" src=\"https:\/\/www.radiopiu.net\/wordpress\/wp-content\/uploads\/2020\/10\/pp-300x300.jpg\" alt=\"\" width=\"106\" height=\"106\" srcset=\"https:\/\/www.radiopiu.net\/wordpress\/wp-content\/uploads\/2020\/10\/pp-300x300.jpg 300w, https:\/\/www.radiopiu.net\/wordpress\/wp-content\/uploads\/2020\/10\/pp-150x150.jpg 150w, https:\/\/www.radiopiu.net\/wordpress\/wp-content\/uploads\/2020\/10\/pp-125x125.jpg 125w, https:\/\/www.radiopiu.net\/wordpress\/wp-content\/uploads\/2020\/10\/pp-200x200.jpg 200w, https:\/\/www.radiopiu.net\/wordpress\/wp-content\/uploads\/2020\/10\/pp-80x80.jpg 80w, https:\/\/www.radiopiu.net\/wordpress\/wp-content\/uploads\/2020\/10\/pp-480x480.jpg 480w, https:\/\/www.radiopiu.net\/wordpress\/wp-content\/uploads\/2020\/10\/pp.jpg 640w\" sizes=\"auto, (max-width: 106px) 100vw, 106px\" \/><\/a><\/p>\n<\/div>\n<\/div>\n<\/div>\n<\/div>\n<div class=\"message spoilers-container\" dir=\"auto\">\n<div>\n<div class=\"page-title-head hgroup\">\n<div class=\"page-title-head hgroup\">\n<div class=\"b654a4as d2edcug0\">\n<div class=\"j83agx80 btwxx1t3 lhclo0ds hop8lmos nkwizq5d scwd0bx6 roh60bw9\">\n<div class=\"rq0escxv hkbzh7o3 jwdofwj8 n8tt0mok r8blr3vg hyh9befq\">\n<div class=\"do00u71z l9j0dhe7 k4urcfbm\" style=\"text-align: left;\">\n<h2><span style=\"color: #000080;\">DON CESARE, IL PENSIERO DEL GIORNO. ALLA RADIO ALLE 7 DEL MATTINO E ALLE 19.30 DELLA SERA<\/span><\/h2>\n<\/div>\n<\/div>\n<\/div>\n<\/div>\n<\/div>\n<\/div>\n<\/div>\n<\/div>\n<audio class=\"wp-audio-shortcode\" id=\"audio-332691-6\" preload=\"none\" style=\"width: 100%;\" controls=\"controls\"><source type=\"audio\/mpeg\" src=\"https:\/\/www.radiopiu.net\/wordpress\/wp-content\/uploads\/2023\/04\/CESARE-17.mp3?_=6\" \/><a href=\"https:\/\/www.radiopiu.net\/wordpress\/wp-content\/uploads\/2023\/04\/CESARE-17.mp3\">https:\/\/www.radiopiu.net\/wordpress\/wp-content\/uploads\/2023\/04\/CESARE-17.mp3<\/a><\/audio>\n<p>&nbsp;<\/p>\n<p>&nbsp;<\/p>\n<hr \/>\n<p>&nbsp;<\/p>\n<p><strong><a class=\"dt-pswp-item\" href=\"https:\/\/www.radiopiu.net\/wordpress\/wp-content\/uploads\/2020\/12\/DON-GIORGIO-LISE.jpg\" data-dt-img-description=\"\" data-large_image_width=\"1600\" data-large_image_height=\"901\"><img loading=\"lazy\" decoding=\"async\" class=\"wp-image-177420 alignleft\" src=\"https:\/\/www.radiopiu.net\/wordpress\/wp-content\/uploads\/2020\/12\/DON-GIORGIO-LISE-300x169.jpg\" alt=\"\" width=\"154\" height=\"87\" srcset=\"https:\/\/www.radiopiu.net\/wordpress\/wp-content\/uploads\/2020\/12\/DON-GIORGIO-LISE-300x169.jpg 300w, https:\/\/www.radiopiu.net\/wordpress\/wp-content\/uploads\/2020\/12\/DON-GIORGIO-LISE-1024x577.jpg 1024w, https:\/\/www.radiopiu.net\/wordpress\/wp-content\/uploads\/2020\/12\/DON-GIORGIO-LISE-768x432.jpg 768w, https:\/\/www.radiopiu.net\/wordpress\/wp-content\/uploads\/2020\/12\/DON-GIORGIO-LISE-1536x865.jpg 1536w, https:\/\/www.radiopiu.net\/wordpress\/wp-content\/uploads\/2020\/12\/DON-GIORGIO-LISE.jpg 1600w\" sizes=\"auto, (max-width: 154px) 100vw, 154px\" \/><\/a>IERI ALLA RADIO, DUE MINUTI PER TE CON DON GIORGIO LISE<\/strong><\/p>\n<p><strong>AUDIO<\/strong><\/p>\n<audio class=\"wp-audio-shortcode\" id=\"audio-332691-7\" preload=\"none\" style=\"width: 100%;\" controls=\"controls\"><source type=\"audio\/mpeg\" src=\"https:\/\/www.radiopiu.net\/wordpress\/wp-content\/uploads\/2023\/04\/DON-GIORGIO-4.mp3?_=7\" \/><a href=\"https:\/\/www.radiopiu.net\/wordpress\/wp-content\/uploads\/2023\/04\/DON-GIORGIO-4.mp3\">https:\/\/www.radiopiu.net\/wordpress\/wp-content\/uploads\/2023\/04\/DON-GIORGIO-4.mp3<\/a><\/audio>\n<p>&nbsp;<\/p>\n<hr \/>\n<p>&nbsp;<\/p>\n<div class=\"message spoilers-container\" dir=\"auto\">\n<p>&nbsp;<\/p>\n<\/div>\n<div class=\"message spoilers-container\" dir=\"auto\">\n<h2><span style=\"color: #ff00ff;\">IN VIVO VERSO\u00a0 \u00a0 \u00a0<\/span><\/h2>\n<p>&nbsp;<\/p>\n<p><strong>LA RACCOLTA COMPLETA<\/strong><\/p>\n<\/div>\n<div class=\"message spoilers-container\" dir=\"auto\">\n<blockquote class=\"wp-embedded-content\" data-secret=\"oDhNElVxN8\"><p><a href=\"https:\/\/www.radiopiu.net\/wordpress\/in-vivo-verso\/\">In Vivo Verso<\/a><\/p><\/blockquote>\n<p><iframe loading=\"lazy\" class=\"wp-embedded-content\" sandbox=\"allow-scripts\" security=\"restricted\" style=\"position: absolute; clip: rect(1px, 1px, 1px, 1px);\" title=\"&#8220;In Vivo Verso&#8221; &#8212; Radio Pi\u00f9\" src=\"https:\/\/www.radiopiu.net\/wordpress\/in-vivo-verso\/embed\/#?secret=toyubLFRCV#?secret=oDhNElVxN8\" data-secret=\"oDhNElVxN8\" width=\"600\" height=\"338\" frameborder=\"0\" marginwidth=\"0\" marginheight=\"0\" scrolling=\"no\"><\/iframe><\/p>\n<\/div>\n<div class=\"message spoilers-container\" dir=\"auto\">\n<p>&nbsp;<\/p>\n<hr \/>\n<\/div>\n<p>&nbsp;<\/p>\n<p>&nbsp;<\/p>\n<p>&nbsp;<\/p>\n<div class=\"message spoilers-container\" dir=\"auto\">\n<h2><span style=\"color: #008080;\">GOCCE DI FILOSOFIA\u00a0\u00a0<\/span><\/h2>\n<\/div>\n<div class=\"message spoilers-container\" dir=\"auto\"><\/div>\n<blockquote>\n<div class=\"message spoilers-container\" dir=\"auto\">\n<p><strong>LA RACCOLTA COMPLETA<\/strong><\/p>\n<\/div>\n<\/blockquote>\n<div class=\"message spoilers-container\" dir=\"auto\">\n<blockquote class=\"wp-embedded-content\" data-secret=\"WO9GLo1rwl\"><p><a href=\"https:\/\/www.radiopiu.net\/wordpress\/gocce-filosofia\/\">Gocce di filosofia,  LA TERZA STAGIONE&#8230; 2023<\/a><\/p><\/blockquote>\n<p><iframe loading=\"lazy\" class=\"wp-embedded-content\" sandbox=\"allow-scripts\" security=\"restricted\" style=\"position: absolute; clip: rect(1px, 1px, 1px, 1px);\" title=\"&#8220;Gocce di filosofia,  LA TERZA STAGIONE&#8230; 2023&#8221; &#8212; Radio Pi\u00f9\" src=\"https:\/\/www.radiopiu.net\/wordpress\/gocce-filosofia\/embed\/#?secret=F0L3XSQLtD#?secret=WO9GLo1rwl\" data-secret=\"WO9GLo1rwl\" width=\"600\" height=\"338\" frameborder=\"0\" marginwidth=\"0\" marginheight=\"0\" scrolling=\"no\"><\/iframe><\/p>\n<p>&nbsp;<\/p>\n<\/div>\n<blockquote><p>&nbsp;<\/p><\/blockquote>\n<div class=\"message spoilers-container\" dir=\"auto\">\n<hr \/>\n<p>&nbsp;<\/p>\n<\/div>\n<div class=\"message spoilers-container\" dir=\"auto\">\n<div class=\"column\">\n<p><img loading=\"lazy\" decoding=\"async\" class=\"aligncenter wp-image-61954 size-full\" src=\"https:\/\/www.radiopiu.net\/wordpress\/wp-content\/uploads\/2018\/09\/viabilita.jpeg\" sizes=\"auto, (max-width: 800px) 100vw, 800px\" srcset=\"https:\/\/www.radiopiu.net\/wordpress\/wp-content\/uploads\/2018\/09\/viabilita.jpeg 800w, https:\/\/www.radiopiu.net\/wordpress\/wp-content\/uploads\/2018\/09\/viabilita-300x38.jpeg 300w, https:\/\/www.radiopiu.net\/wordpress\/wp-content\/uploads\/2018\/09\/viabilita-768x96.jpeg 768w\" alt=\"\" width=\"800\" height=\"100\" \/><\/p>\n<\/div>\n<\/div>\n<div class=\"message spoilers-container\" dir=\"auto\">\n<div class=\"column\">\n<p>&nbsp;<\/p>\n<\/div>\n<\/div>\n<div class=\"message spoilers-container\" dir=\"auto\">\n<div class=\"column\">\n<div dir=\"ltr\">\n<div class=\"gmail_quote\">\n<div dir=\"ltr\">\n<div class=\"gmail_quote\">\n<blockquote class=\"wp-embedded-content\" data-secret=\"7ssRfIGJQy\"><p><a href=\"https:\/\/www.radiopiu.net\/wordpress\/viabilita\/\">viabilita<\/a><\/p><\/blockquote>\n<p><iframe loading=\"lazy\" class=\"wp-embedded-content\" sandbox=\"allow-scripts\" security=\"restricted\" style=\"position: absolute; clip: rect(1px, 1px, 1px, 1px);\" title=\"&#8220;viabilita&#8221; &#8212; Radio Pi\u00f9\" src=\"https:\/\/www.radiopiu.net\/wordpress\/viabilita\/embed\/#?secret=TRzbXajp5W#?secret=7ssRfIGJQy\" data-secret=\"7ssRfIGJQy\" width=\"600\" height=\"338\" frameborder=\"0\" marginwidth=\"0\" marginheight=\"0\" scrolling=\"no\"><\/iframe><\/p>\n<\/div>\n<\/div>\n<\/div>\n<\/div>\n<\/div>\n<\/div>\n<div class=\"message spoilers-container\" dir=\"auto\">\n<div class=\"column\">\n<div>\n<div dir=\"ltr\">\n<div class=\"gmail_quote\">\n<div dir=\"ltr\">\n<div><\/div>\n<\/div>\n<\/div>\n<\/div>\n<\/div>\n<hr \/>\n<p>&nbsp;<\/p>\n<p><a class=\"dt-pswp-item\" href=\"https:\/\/www.radiopiu.net\/wordpress\/wp-content\/uploads\/2018\/09\/WhatsApp-Image-2018-09-20-at-16.04.06.jpeg\" data-dt-img-description=\"\" data-large_image_width=\"800\" data-large_image_height=\"100\"><img loading=\"lazy\" decoding=\"async\" class=\"wp-image-61378 size-full aligncenter\" src=\"https:\/\/www.radiopiu.net\/wordpress\/wp-content\/uploads\/2018\/09\/WhatsApp-Image-2018-09-20-at-16.04.06.jpeg\" alt=\"\" width=\"800\" height=\"100\" srcset=\"https:\/\/www.radiopiu.net\/wordpress\/wp-content\/uploads\/2018\/09\/WhatsApp-Image-2018-09-20-at-16.04.06.jpeg 800w, https:\/\/www.radiopiu.net\/wordpress\/wp-content\/uploads\/2018\/09\/WhatsApp-Image-2018-09-20-at-16.04.06-300x38.jpeg 300w, https:\/\/www.radiopiu.net\/wordpress\/wp-content\/uploads\/2018\/09\/WhatsApp-Image-2018-09-20-at-16.04.06-768x96.jpeg 768w\" sizes=\"auto, (max-width: 800px) 100vw, 800px\" \/><\/a><\/p>\n<\/div>\n<\/div>\n<div class=\"message spoilers-container\" dir=\"auto\"><center>\u00a0<\/center><center><\/center><center><\/center><b>OGGI <\/b>Tra buona parte della notte e del mattino, maltempo con cielo coperto e precipitazioni diffuse. Fase che sar\u00e0 seguita da temporanea variabilit\u00e0 nelle ore centrali sulle Dolomiti, prima che il tempo migliori con ritorno di rasserenamenti pomeridiani; mentre una residua instabilit\u00e0 perdurer\u00e0 sulla fascia prealpina. Contesto termico un po&#8217; pi\u00f9 fresco.<br \/>\nPrecipitazioni: Alta probabilit\u00e0 tra la notte e il mattino per fenomeni diffusi, a tratti moderati, nevosi oltre i 1700-1900 m<\/div>\n<hr \/>\n<p><center><\/center>&nbsp;<\/p>\n<p><b>DOMANI <\/b>Aumento della nuvolosit\u00e0 nottetempo, seguito da una breve fase instabile tra la tarda mattinata e il primo pomeriggio. Fino a met\u00e0 pomeriggio il cielo sar\u00e0 irregolarmente nuvoloso, a tratti molto nuvoloso, poi l&#8217;instabilit\u00e0 si attenuer\u00e0 e ci saranno maggiori chance di rasserenamenti. Il contesto termico sar\u00e0 pi\u00f9 fresco per la continua avvezione di aria di matrice nord atlantica.<br \/>\nPrecipitazioni: Alta probabilit\u00e0 di rovesci (80-90%), senza escludere locali temporali in caso di momenti soleggiati favorevoli alla convezione. Il limite neve si abbasser\u00e0 fino a 1400-1600 m<\/p>\n<p>&nbsp;<\/p>\n<hr \/>\n<p><center><\/center>&nbsp;<\/p>\n<p><strong>MERCOLEDI\u00a0 <\/strong>Ritorno di condizioni pi\u00f9 stabili con sole e cielo sereno al mattino, salvo locali nebbie mattutine nelle conche pi\u00f9 umide. Al pomeriggio riduzione del soleggiamento per attivit\u00e0 cumuliforme, spesso modesta. Temperature minime in diminuzione e massime in <strong>rialzo.\u00a0<\/strong><\/p>\n<p>&nbsp;<\/p>\n<p>&nbsp;<\/p>\n<hr \/>\n<p><center><\/center>&nbsp;<\/p>\n<p><strong>GIOVEDI <\/strong>Tempo sempre pi\u00f9 soleggiato e stabile, anche se un po&#8217; di attivit\u00e0 cumuliforme si former\u00e0 durante le ore pi\u00f9 calde. In tale caso qualche sporadico fenomeno non sar\u00e0 da escludere del tutto. Temperature in generale rialzo con valori sempre pi\u00f9 primaverili<\/p>\n<div class=\"message spoilers-container\" dir=\"auto\">\n<p>&nbsp;<\/p>\n<\/div>\n<div class=\"message spoilers-container\" dir=\"auto\">\n<hr \/>\n<p>&nbsp;<\/p>\n<p><a class=\"dt-pswp-item\" href=\"https:\/\/www.radiopiu.net\/wordpress\/wp-content\/uploads\/2018\/09\/sport.jpg\" data-dt-img-description=\"\" data-large_image_width=\"800\" data-large_image_height=\"100\"><img loading=\"lazy\" decoding=\"async\" class=\"aligncenter wp-image-60761 size-full\" src=\"https:\/\/www.radiopiu.net\/wordpress\/wp-content\/uploads\/2018\/09\/sport.jpg\" alt=\"\" width=\"800\" height=\"100\" srcset=\"https:\/\/www.radiopiu.net\/wordpress\/wp-content\/uploads\/2018\/09\/sport.jpg 800w, https:\/\/www.radiopiu.net\/wordpress\/wp-content\/uploads\/2018\/09\/sport-300x38.jpg 300w, https:\/\/www.radiopiu.net\/wordpress\/wp-content\/uploads\/2018\/09\/sport-768x96.jpg 768w\" sizes=\"auto, (max-width: 800px) 100vw, 800px\" \/><\/a><\/p>\n<\/div>\n<div class=\"message spoilers-container\" dir=\"auto\">\n<p>&nbsp;<\/p>\n<p><span style=\"color: #0000ff;\"><strong>MOUNTAIN BIKE<\/strong><\/span><\/p>\n<blockquote>\n<h3>SONO BELLUNESI I MIGLIORI DELLE VENETO CUP, 7 MAGGIO APPUNTAMENTO A FELTRE<\/h3>\n<\/blockquote>\n<p><a class=\"dt-pswp-item\" href=\"https:\/\/www.radiopiu.net\/wordpress\/wp-content\/uploads\/2021\/10\/ASTRID-MIOLA.jpg\" data-dt-img-description=\"\" data-large_image_width=\"900\" data-large_image_height=\"900\"><img loading=\"lazy\" decoding=\"async\" class=\" wp-image-239122 alignleft\" src=\"https:\/\/www.radiopiu.net\/wordpress\/wp-content\/uploads\/2021\/10\/ASTRID-MIOLA-300x300.jpg\" alt=\"\" width=\"169\" height=\"169\" srcset=\"https:\/\/www.radiopiu.net\/wordpress\/wp-content\/uploads\/2021\/10\/ASTRID-MIOLA-300x300.jpg 300w, https:\/\/www.radiopiu.net\/wordpress\/wp-content\/uploads\/2021\/10\/ASTRID-MIOLA-150x150.jpg 150w, https:\/\/www.radiopiu.net\/wordpress\/wp-content\/uploads\/2021\/10\/ASTRID-MIOLA-768x768.jpg 768w, https:\/\/www.radiopiu.net\/wordpress\/wp-content\/uploads\/2021\/10\/ASTRID-MIOLA.jpg 900w\" sizes=\"auto, (max-width: 169px) 100vw, 169px\" \/><\/a>Ieri secondo appuntamento della Veneto Cup\u00a0 a Montecchio Maggiore (Vicenza). I successi\u00a0 portano la dolomitica firma di Astrid Miola di Agordo, Marco Agricola e Nicola Savi. Astrid (foto) da questa stagione difende i colori del team trevigiano El Coridor, ha fatto propria la gara Open e Maria Zarantonello (Mainetti Mettalurgica) ha dovuto accontentarsi del secondo posto a 34&#8243;2.\u00a0 Miola \u00e8 stata anche autrice del miglior giro. Nicola Savi di Limana ha conquistato la gara della categoria Master 1, infliggendo un distacco di 31&#8243;4 al secondo classificato, Manuel Baldi, del Team Todesco. Quarta piazza, invece, per il cadorino Andrea Pavanello (El Coridor), staccato di 5&#8217;12&#8243;2 dalla vetta. Doppietta bellunese nella categoria Master 4 con Marco Agricola . Podio sfiorato per Mauro Scagliarini (Bettini bike team) che nella categoria Master 5 ha conquistato il quarto posto.\u00a0 Podio, nella categoria Master Elite, Simone De Bona: il bellunese di Cube Crazy Victoria Bike. La gara Open uomini \u00e8 stata vinta da Nicholas Pettin\u00e0 (Mainetti) che ha tagliato il traguardo appaiato al compagno di squadra Samuele Lovato (5 decimi il distacco registrato tra i due), con Simone Pederiva (Velo club Meduna) terzo a poco meno di un minuto. La Veneto Cup ritorna domani, 25 aprile, con la Mesa Bike di RIvoli Veronese.Il 7 maggio, invece, il circuito far\u00e0 tappa nel Bellunese con l&#8217;appuntamento di Anz\u00f9 (Cross country San Vittore) proposto dal Pedale Feltrino.<\/p>\n<p><span style=\"color: #0000ff;\"><strong>\u00a0<\/strong><\/span><\/p>\n<p><span style=\"color: #0000ff;\"><strong>CALCIO<\/strong><\/span><\/p>\n<blockquote>\n<h3>GIOVANISSIMI DELL&#8217;AGORDINA IN SEMIFINALE DEL CAMPIONATO, JUNIORES ANORA VITTORIOSI<\/h3>\n<\/blockquote>\n<p><strong><a class=\"dt-pswp-item\" href=\"https:\/\/www.radiopiu.net\/wordpress\/wp-content\/uploads\/2023\/04\/calcio-rigore-2023.png\" data-dt-img-description=\"\" data-large_image_width=\"623\" data-large_image_height=\"402\"><img loading=\"lazy\" decoding=\"async\" class=\" wp-image-331419 alignleft\" src=\"https:\/\/www.radiopiu.net\/wordpress\/wp-content\/uploads\/2023\/04\/calcio-rigore-2023-300x194.png\" alt=\"\" width=\"181\" height=\"117\" srcset=\"https:\/\/www.radiopiu.net\/wordpress\/wp-content\/uploads\/2023\/04\/calcio-rigore-2023-300x194.png 300w, https:\/\/www.radiopiu.net\/wordpress\/wp-content\/uploads\/2023\/04\/calcio-rigore-2023.png 623w\" sizes=\"auto, (max-width: 181px) 100vw, 181px\" \/><\/a>Di Marco Gaz<\/strong><\/p>\n<p><strong>SECONDA CATEGORIA GIR. T \/ PLAYOUT \/ AGORDINA \u2013 GEMELLE <\/strong><\/p>\n<p><span style=\"color: #ff0000;\"><strong>GARA DI ANDATA DOMENICA 30 APRILE<\/strong><\/span><\/p>\n<p>&nbsp;<\/p>\n<p><strong>GIOVANISSIMI PROVINCIALI \/ QUARTI DI FINALE \/ LONGARONEALPINA \u2013 AGORDINA 2-3<\/strong><\/p>\n<p>Dopo la vittoria di misura nella partita di andata all\u2019Ivano Dorigo di Agordo, i Giovanissimi di De Bastiani si ripetono anche nella gara di ritorno incamerando un\u2019altra vittoria accedendo cosi alle semifinali del torneo provinciale. Al 14\u2019 apre le marcature Filippo De Col che trova l&#8217;incornata giusta sugli sviluppi di un calcio d&#8217;angolo. Passano 5 minuti e i padroni di casa trovano il pari aiutati da uno sfortunato autogol. \u00c8 il minuto 24 quando Manuel Soccol si invola sulla sinistra imbeccato da un ottimo suggerimento di Leonardo Favero; Soccol guadagna il fondo e lascia partire un pallone che taglia tutta l&#8217;area incontrando l&#8217;accorrente Gennaro Di Domenico che non si fa pregare a mettere alle spalle del portiere. Nella ripresa, al 7\u2019 il Longaronealpina riacciuffa la partita, ma l&#8217;Agordina ristabilisce le distanze pochi minuti dopo con Manuel Soccol che fa tutto da solo scarta il diretto avversario e da destra incrocia sul palo opposto. Una bella prova di maturit\u00e0 quella degli agordini che hanno offerto gioco e convinzione nei propri mezzi. Tra due settimane la prima partita delle semifinali. Resta il fatto che la squadra di Agordo \u00e8 una delle migliori quattro formazioni della provincia.<\/p>\n<p><strong>\u00a0<\/strong><\/p>\n<p><strong>ALLIEVI REGIONALI \/ AGORDINA \u2013 <span style=\"color: #ff0000;\">campionato terminato<\/span><\/strong><\/p>\n<p>&nbsp;<\/p>\n<p><strong>JUNIORES PROVINCIALI \/ COPPA VALBELLUNA MEMORIAL CALLIGARO \/ AGORDINA \u2013 LIMANACAVARZANO 5-2<\/strong><\/p>\n<p>Seconda vittoria su altrettante partite giocate dalla squadra di De Zaiacomo in questo finale di stagione in cui si assegna il titolo di campione provinciale Juniores. Gli agordini sono a pieni punti nel girone del Memorial Calligaro. Ottima prestazione dell\u2019Agordina che rifila una manita al Limanacavarzano. Avversari che trovano la rete due volte. Ad incoronare la squadra di Agordo ci pensa Fontanive che va a segno su tutte e 5 i gol agordini. Domenica prossima di nuovo in campo per affrontare la Dynamo.<\/p>\n<p>&nbsp;<\/p>\n<p><strong>JUNIORES REGIONALI \/ FIORI BARP \u2013 <span style=\"color: #ff0000;\">campionato terminato<\/span><\/strong><\/p>\n<p>&nbsp;<\/p>\n<p>&nbsp;<\/p>\n<\/div>\n<p><span style=\"color: #0000ff;\"><strong>AUTOMOBILISMO\u00a0<\/strong><\/span><\/p>\n<p>&nbsp;<\/p>\n<blockquote>\n<h3>AL RALLY DELL&#8217;ELBA PROTAGONISTI ASSOLUTI BERNARDI E SARTOR<\/h3>\n<\/blockquote>\n<p>&nbsp;<\/p>\n<p><strong>BELLUNO<\/strong><\/p>\n<p><strong>DI ROBERTO BONA<\/strong><\/p>\n<audio class=\"wp-audio-shortcode\" id=\"audio-332691-8\" preload=\"none\" style=\"width: 100%;\" controls=\"controls\"><source type=\"audio\/mpeg\" src=\"https:\/\/www.radiopiu.net\/wordpress\/wp-content\/uploads\/2023\/04\/RallySignorBernardiAltri.mp3?_=8\" \/><a href=\"https:\/\/www.radiopiu.net\/wordpress\/wp-content\/uploads\/2023\/04\/RallySignorBernardiAltri.mp3\">https:\/\/www.radiopiu.net\/wordpress\/wp-content\/uploads\/2023\/04\/RallySignorBernardiAltri.mp3<\/a><\/audio>\n<p>&nbsp;<\/p>\n\n\t\t\t<style type='text\/css'>\n\t\t\t\t#gallery-5 {\n\t\t\t\t\tmargin: auto;\n\t\t\t\t}\n\t\t\t\t#gallery-5 .gallery-item {\n\t\t\t\t\tfloat: left;\n\t\t\t\t\tmargin-top: 10px;\n\t\t\t\t\ttext-align: center;\n\t\t\t\t\twidth: 50%;\n\t\t\t\t}\n\t\t\t\t#gallery-5 img {\n\t\t\t\t\tborder: 2px solid #cfcfcf;\n\t\t\t\t}\n\t\t\t\t#gallery-5 .gallery-caption {\n\t\t\t\t\tmargin-left: 0;\n\t\t\t\t}\n\t\t\t\t\/* see gallery_shortcode() in wp-includes\/media.php *\/\n\t\t\t<\/style>\n\t\t<div id='gallery-5' class='dt-gallery-container gallery galleryid-332691 gallery-columns-2 gallery-size-medium'><dl class='gallery-item'>\n\t\t\t\t<dt class='gallery-icon landscape'>\n\t\t\t\t\t<a class=\"rollover rollover-zoom dt-pswp-item\" title=\"62937312-1cee-46be-94a2-4e2212bc2b5d\" data-dt-img-description=\"\" data-large_image_width=\"1600\" data-large_image_height=\"1066\"href='https:\/\/www.radiopiu.net\/wordpress\/wp-content\/uploads\/2023\/04\/62937312-1cee-46be-94a2-4e2212bc2b5d.jpg'><img loading=\"lazy\" decoding=\"async\" width=\"300\" height=\"200\" src=\"https:\/\/www.radiopiu.net\/wordpress\/wp-content\/uploads\/2023\/04\/62937312-1cee-46be-94a2-4e2212bc2b5d-300x200.jpg\" class=\"attachment-medium size-medium\" alt=\"\" srcset=\"https:\/\/www.radiopiu.net\/wordpress\/wp-content\/uploads\/2023\/04\/62937312-1cee-46be-94a2-4e2212bc2b5d-300x200.jpg 300w, https:\/\/www.radiopiu.net\/wordpress\/wp-content\/uploads\/2023\/04\/62937312-1cee-46be-94a2-4e2212bc2b5d-1024x682.jpg 1024w, https:\/\/www.radiopiu.net\/wordpress\/wp-content\/uploads\/2023\/04\/62937312-1cee-46be-94a2-4e2212bc2b5d-768x512.jpg 768w, https:\/\/www.radiopiu.net\/wordpress\/wp-content\/uploads\/2023\/04\/62937312-1cee-46be-94a2-4e2212bc2b5d-1536x1023.jpg 1536w, https:\/\/www.radiopiu.net\/wordpress\/wp-content\/uploads\/2023\/04\/62937312-1cee-46be-94a2-4e2212bc2b5d.jpg 1600w\" sizes=\"auto, (max-width: 300px) 100vw, 300px\" \/><\/a>\n\t\t\t\t<\/dt><\/dl><dl class='gallery-item'>\n\t\t\t\t<dt class='gallery-icon landscape'>\n\t\t\t\t\t<a class=\"rollover rollover-zoom dt-pswp-item\" title=\"df137b95-53e8-4b43-9193-eda568a3a3d0\" data-dt-img-description=\"\" data-large_image_width=\"1600\" data-large_image_height=\"1066\"href='https:\/\/www.radiopiu.net\/wordpress\/wp-content\/uploads\/2023\/04\/df137b95-53e8-4b43-9193-eda568a3a3d0.jpg'><img loading=\"lazy\" decoding=\"async\" width=\"300\" height=\"200\" src=\"https:\/\/www.radiopiu.net\/wordpress\/wp-content\/uploads\/2023\/04\/df137b95-53e8-4b43-9193-eda568a3a3d0-300x200.jpg\" class=\"attachment-medium size-medium\" alt=\"\" srcset=\"https:\/\/www.radiopiu.net\/wordpress\/wp-content\/uploads\/2023\/04\/df137b95-53e8-4b43-9193-eda568a3a3d0-300x200.jpg 300w, https:\/\/www.radiopiu.net\/wordpress\/wp-content\/uploads\/2023\/04\/df137b95-53e8-4b43-9193-eda568a3a3d0-1024x682.jpg 1024w, https:\/\/www.radiopiu.net\/wordpress\/wp-content\/uploads\/2023\/04\/df137b95-53e8-4b43-9193-eda568a3a3d0-768x512.jpg 768w, https:\/\/www.radiopiu.net\/wordpress\/wp-content\/uploads\/2023\/04\/df137b95-53e8-4b43-9193-eda568a3a3d0-1536x1023.jpg 1536w, https:\/\/www.radiopiu.net\/wordpress\/wp-content\/uploads\/2023\/04\/df137b95-53e8-4b43-9193-eda568a3a3d0.jpg 1600w\" sizes=\"auto, (max-width: 300px) 100vw, 300px\" \/><\/a>\n\t\t\t\t<\/dt><\/dl><br style=\"clear: both\" \/>\n\t\t\t<\/div>\n\n<p>&nbsp;<\/p>\n<p>&nbsp;<\/p>\n<table width=\"100%\">\n<tbody>\n<tr>\n<td>\n<table width=\"100%\">\n<tbody>\n<tr>\n<td>\n<table width=\"100%\">\n<tbody>\n<tr>\n<td>\n<h2><span style=\"color: #0000ff;\"><strong>HOCKEY<\/strong><\/span><\/h2>\n<h1>Nazionale Senior, le convocazioni definitive per i Mondiali di Nottingham<\/h1>\n<\/td>\n<\/tr>\n<\/tbody>\n<\/table>\n<\/td>\n<\/tr>\n<\/tbody>\n<\/table>\n<\/td>\n<\/tr>\n<tr>\n<td>\n<table width=\"100%\">\n<tbody>\n<tr>\n<td>\n<table width=\"100%\">\n<tbody>\n<tr>\n<td>\n<h3><strong>Il coaching staff ha deciso 28 componenti del roster che dal 29 aprile al 5 maggio saranno sul ghiaccio di Nottingham per i Mondiali di 1^ Divisione Gruppo A.\u00a0<\/strong><\/h3>\n<\/td>\n<\/tr>\n<\/tbody>\n<\/table>\n<\/td>\n<\/tr>\n<\/tbody>\n<\/table>\n<table width=\"100%\">\n<tbody>\n<tr>\n<td>\n<table width=\"100%\">\n<tbody>\n<tr>\n<td>\n<h4><a class=\"dt-pswp-item\" href=\"https:\/\/www.radiopiu.net\/wordpress\/wp-content\/uploads\/2023\/04\/7dc38299-2de8-ddec-8ae1-5025fbb41a37-scaled.jpg\" data-dt-img-description=\"\" data-large_image_width=\"2560\" data-large_image_height=\"1707\"><img loading=\"lazy\" decoding=\"async\" class=\"size-medium wp-image-332700 alignleft\" src=\"https:\/\/www.radiopiu.net\/wordpress\/wp-content\/uploads\/2023\/04\/7dc38299-2de8-ddec-8ae1-5025fbb41a37-300x200.jpg\" alt=\"\" width=\"300\" height=\"200\" srcset=\"https:\/\/www.radiopiu.net\/wordpress\/wp-content\/uploads\/2023\/04\/7dc38299-2de8-ddec-8ae1-5025fbb41a37-300x200.jpg 300w, https:\/\/www.radiopiu.net\/wordpress\/wp-content\/uploads\/2023\/04\/7dc38299-2de8-ddec-8ae1-5025fbb41a37-1024x683.jpg 1024w, https:\/\/www.radiopiu.net\/wordpress\/wp-content\/uploads\/2023\/04\/7dc38299-2de8-ddec-8ae1-5025fbb41a37-768x512.jpg 768w, https:\/\/www.radiopiu.net\/wordpress\/wp-content\/uploads\/2023\/04\/7dc38299-2de8-ddec-8ae1-5025fbb41a37-1536x1024.jpg 1536w, https:\/\/www.radiopiu.net\/wordpress\/wp-content\/uploads\/2023\/04\/7dc38299-2de8-ddec-8ae1-5025fbb41a37-2048x1366.jpg 2048w\" sizes=\"auto, (max-width: 300px) 100vw, 300px\" \/><\/a>Manca meno di una settimana al via dei <strong>Mondiali di 1^ Divisione Gruppo A di Nottingham<\/strong>, in programma dal 29 aprile al 5 maggio. La <strong>Nazionale italiana di hockey<\/strong> ha un obiettivo ben chiaro: <strong>tornare in Top Division<\/strong>.<br \/>\nIl coaching staff azzurro, guidato da <strong>Mike Keenan<\/strong> e <strong>Mike Pelino<\/strong>, ha diramato le <strong>convocazioni ufficiali<\/strong>. Si uniscono al gruppo i giocatori impegnati fino a pochi giorni fa nei playoffs con Bolzano e Cortina: Dylan Di Perna, Enrico Miglioranzi, Pascal Brunner, Luca Frigo, Daniel Mantenuto, Angelo Miceli e Tommaso Traversa. Non parteciperanno invece al Mondiale Gianluca March, Stephan Deluca, Matthias Mantinger e Simon Berger.<\/h4>\n<\/td>\n<\/tr>\n<\/tbody>\n<\/table>\n<\/td>\n<\/tr>\n<\/tbody>\n<\/table>\n<\/td>\n<\/tr>\n<\/tbody>\n<\/table>\n<p>&nbsp;<\/p>\n<table width=\"100%\">\n<tbody>\n<tr>\n<td>\n<table width=\"100%\">\n<tbody>\n<tr>\n<td>\n<table width=\"100%\">\n<tbody>\n<tr>\n<td>\n<h1>Nazionale femminile, le Azzurre chiudono al terzo posto il Mondiale di Suwon<\/h1>\n<\/td>\n<\/tr>\n<\/tbody>\n<\/table>\n<\/td>\n<\/tr>\n<\/tbody>\n<\/table>\n<\/td>\n<\/tr>\n<tr>\n<td>\n<table width=\"100%\">\n<tbody>\n<tr>\n<td>\n<table width=\"100%\">\n<tbody>\n<tr>\n<td>\n<h3><strong>Nonostante il dominio dal punto di vista del gioco, l&#8217;Italia si schianta contro il portiere Sass e scivola contro la Polonia, chiudendo cos\u00ec al\u00a0terzo posto.\u00a0<\/strong><\/h3>\n<\/td>\n<\/tr>\n<\/tbody>\n<\/table>\n<\/td>\n<\/tr>\n<\/tbody>\n<\/table>\n<table width=\"100%\">\n<tbody>\n<tr>\n<td>\n<table width=\"100%\">\n<tbody>\n<tr>\n<td>\n<h4><a class=\"dt-pswp-item\" href=\"https:\/\/www.radiopiu.net\/wordpress\/wp-content\/uploads\/2023\/04\/e57c8de6-2d90-f5ca-28b3-4cd23390765e-scaled.jpg\" data-dt-img-description=\"\" data-large_image_width=\"2560\" data-large_image_height=\"1638\"><img loading=\"lazy\" decoding=\"async\" class=\"size-medium wp-image-332726 alignleft\" src=\"https:\/\/www.radiopiu.net\/wordpress\/wp-content\/uploads\/2023\/04\/e57c8de6-2d90-f5ca-28b3-4cd23390765e-300x192.jpg\" alt=\"\" width=\"300\" height=\"192\" srcset=\"https:\/\/www.radiopiu.net\/wordpress\/wp-content\/uploads\/2023\/04\/e57c8de6-2d90-f5ca-28b3-4cd23390765e-300x192.jpg 300w, https:\/\/www.radiopiu.net\/wordpress\/wp-content\/uploads\/2023\/04\/e57c8de6-2d90-f5ca-28b3-4cd23390765e-1024x655.jpg 1024w, https:\/\/www.radiopiu.net\/wordpress\/wp-content\/uploads\/2023\/04\/e57c8de6-2d90-f5ca-28b3-4cd23390765e-768x491.jpg 768w, https:\/\/www.radiopiu.net\/wordpress\/wp-content\/uploads\/2023\/04\/e57c8de6-2d90-f5ca-28b3-4cd23390765e-1536x983.jpg 1536w, https:\/\/www.radiopiu.net\/wordpress\/wp-content\/uploads\/2023\/04\/e57c8de6-2d90-f5ca-28b3-4cd23390765e-2048x1310.jpg 2048w\" sizes=\"auto, (max-width: 300px) 100vw, 300px\" \/><\/a>Si chiude con una <strong>sconfitta per 1 a 0 contro la Polonia<\/strong> il Mondiale di 1^ Divisione Gruppo B per la <strong>Nazionale femminile di hockey su ghiaccio<\/strong>. Le ragazze di coach Fedrizzi avevano abbandonato ogni speranza di promozione poche ore prima del match, quando la Corea del Sud, battendo il Kazakistan, aveva blindato il primo posto. Nella sfida per la seconda piazza per\u00f2 le Azzurre, pur avendo tirato in porta quasi il triplo delle avversarie, non sono riuscite a battere il portiere polacco Sass, scivolando cos\u00ec in terza piazza e <strong>bissando il bronzo ottenuto l&#8217;anno scorso<\/strong>.<\/h4>\n<\/td>\n<\/tr>\n<\/tbody>\n<\/table>\n<\/td>\n<\/tr>\n<\/tbody>\n<\/table>\n<\/td>\n<\/tr>\n<\/tbody>\n<\/table>\n<p><span style=\"color: #0000ff;\"><strong>\u00a0<\/strong><\/span><\/p>\n<p><span style=\"color: #0000ff;\"><strong>\u00a0<\/strong><\/span><\/p>\n<p><span style=\"color: #0000ff;\"><strong>PALLAVOLO\u00a0<\/strong><\/span><\/p>\n<blockquote>\n<h3>IL VOLLEY CLUB AGORDINO PERDE CON LO SPRESIANO. SALVEZZA MATEMATICA ANCORA POSSIBILE<\/h3>\n<\/blockquote>\n<p><span style=\"color: #ff0000;\"><strong><a class=\"dt-pswp-item\" href=\"https:\/\/www.radiopiu.net\/wordpress\/wp-content\/uploads\/2021\/05\/volley-2021.jpg\" data-dt-img-description=\"\" data-large_image_width=\"770\" data-large_image_height=\"450\"><img loading=\"lazy\" decoding=\"async\" class=\" wp-image-207180 alignleft\" src=\"https:\/\/www.radiopiu.net\/wordpress\/wp-content\/uploads\/2021\/05\/volley-2021-300x175.jpg\" alt=\"\" width=\"209\" height=\"122\" srcset=\"https:\/\/www.radiopiu.net\/wordpress\/wp-content\/uploads\/2021\/05\/volley-2021-300x175.jpg 300w, https:\/\/www.radiopiu.net\/wordpress\/wp-content\/uploads\/2021\/05\/volley-2021-768x449.jpg 768w, https:\/\/www.radiopiu.net\/wordpress\/wp-content\/uploads\/2021\/05\/volley-2021.jpg 770w\" sizes=\"auto, (max-width: 209px) 100vw, 209px\" \/><\/a><span style=\"color: #000000;\">di Marco Gaz<\/span><\/strong><\/span><\/p>\n<p><span style=\"color: #ff0000;\"><strong>PRIMA DIVISIONE BELLUNO TREVISO<\/strong><\/span><\/p>\n<p><strong>VOLLEY CLUB AGORDINO \u2013 SPRESIANO 0-3 (10-25, 20-25, 18-25)<\/strong><\/p>\n<p>Primo match point sprecato per il Volley Club Agordino che contro la corrazzata Spresiano non riesce a mettere a segno punti per la matematica salvezza. Le ragazze trevigiane vincono con un secco 3 a 0 al PalaRova di Agordo e si portano a casa la prima posizione del girone. Un risultato che per\u00f2 non rispecchia l\u2019andamento della gara. Solo nel primo set le ragazze di De Nardin hanno faticato per poi ingranare la marcia giusta e tenere il passo delle avversarie. 15 i punti rifilati dallo Spresiano nel primo parziale. Nel secondo round le agordine non riescono a portare a casa il set ma ce la mettono tutta per restare in partita. La stessa cosa succede nel terzo parziale ma ancora la squadra ospite riesce a chiudere la partita. Sabato prossimo ultima partita della stagione regolare con il Volley Club Agordino impegnato contro il MonteVolley, una squadra che non ha pi\u00f9 nulla da chiedere al campionato. Sar\u00e0 essenziale vincere la partita per la squadra allenata da De Nardin per far si che le agordine si salvino senza passare per i playout.<\/p>\n<p>&nbsp;<\/p>\n<blockquote>\n<h3>LUPE FUORI IN TRE SET ALL&#8217;ULTIMA DI CAMPIONATO<\/h3>\n<\/blockquote>\n<p><b>VIG\u00d2 VOLLEY- BELLUNO 3-0 <\/b><b>PARZIALI:\u00a0<\/b>25-20, 25-16, 25-19.<span class=\"gmail-Apple-converted-space\">\u00a0 \u00a0<\/span><b>BELLUNO:<\/b>\u00a0Vendramini 3, Casagrande 5, Fantinel 7, C. Fioretti 3, Fiabane 5, Zago 8; Casanova (L), Ingrosso (L), F. Fioretti 4, D\u2019Isep 1, Da Pos 1, Costa 1, Zambon 1. Allenatore: L. Nesello.<\/p>\n<p><a class=\"dt-pswp-item\" href=\"https:\/\/www.radiopiu.net\/wordpress\/wp-content\/uploads\/2023\/04\/Lupe_ko_a_Vigonza.jpg\" data-dt-img-description=\"\" data-large_image_width=\"800\" data-large_image_height=\"400\"><img loading=\"lazy\" decoding=\"async\" class=\"size-medium wp-image-332701 alignleft\" src=\"https:\/\/www.radiopiu.net\/wordpress\/wp-content\/uploads\/2023\/04\/Lupe_ko_a_Vigonza-300x150.jpg\" alt=\"\" width=\"300\" height=\"150\" srcset=\"https:\/\/www.radiopiu.net\/wordpress\/wp-content\/uploads\/2023\/04\/Lupe_ko_a_Vigonza-300x150.jpg 300w, https:\/\/www.radiopiu.net\/wordpress\/wp-content\/uploads\/2023\/04\/Lupe_ko_a_Vigonza-768x384.jpg 768w, https:\/\/www.radiopiu.net\/wordpress\/wp-content\/uploads\/2023\/04\/Lupe_ko_a_Vigonza.jpg 800w\" sizes=\"auto, (max-width: 300px) 100vw, 300px\" \/><\/a>Il congedo dal campionato non \u00e8 quello auspicato. Le bellunesi del volley\u00a0 salutano la serie C con una sconfitta: la quindicesima di una stagione scandita da varie difficolt\u00e0. I tre punti sono delle padrone di casa del Vigonza, che scavalcano proprio le lupe in classifica e le relegano al penultimo posto.<span class=\"gmail-Apple-converted-space\">\u00a0<\/span><\/p>\n<p><em>\u00abAvevo chiesto alle ragazze di fare il massimo per chiudere in bellezza &#8211; afferma, nel post partita, coach Lorenzo Nesello &#8211; ma non \u00e8 andata come speravamo. Anche per merito di avversarie che hanno interpretato al meglio la sfida e si sono buttate su ogni pallone\u00bb. La compagine bellunese \u00e8 partita col freno a mano tirato: \u00abS\u00ec, l\u2019approccio si \u00e8 rivelato sbagliato. E non in linea con quello di una compagine desiderosa di ottenere a ogni costo un risultato positivo\u00bb.<span class=\"gmail-Apple-converted-space\">\u00a0<\/span><\/em><\/p>\n<p>&nbsp;<\/p>\n<p>&nbsp;<\/p>\n<blockquote>\n<h3>LA CANOTTIERI BELLUNO RIFILA OTTO GOL AL MITI VICINALIS<\/h3>\n<\/blockquote>\n<p><span style=\"color: #ff0000;\"><strong><a class=\"dt-pswp-item\" href=\"https:\/\/www.radiopiu.net\/wordpress\/wp-content\/uploads\/2023\/04\/343011566_186672444235425_5727113355539124042_n.jpg\" data-dt-img-description=\"\" data-large_image_width=\"820\" data-large_image_height=\"540\"><img loading=\"lazy\" decoding=\"async\" class=\"size-medium wp-image-332710 alignleft\" src=\"https:\/\/www.radiopiu.net\/wordpress\/wp-content\/uploads\/2023\/04\/343011566_186672444235425_5727113355539124042_n-300x198.jpg\" alt=\"\" width=\"300\" height=\"198\" srcset=\"https:\/\/www.radiopiu.net\/wordpress\/wp-content\/uploads\/2023\/04\/343011566_186672444235425_5727113355539124042_n-300x198.jpg 300w, https:\/\/www.radiopiu.net\/wordpress\/wp-content\/uploads\/2023\/04\/343011566_186672444235425_5727113355539124042_n-768x506.jpg 768w, https:\/\/www.radiopiu.net\/wordpress\/wp-content\/uploads\/2023\/04\/343011566_186672444235425_5727113355539124042_n.jpg 820w\" sizes=\"auto, (max-width: 300px) 100vw, 300px\" \/><\/a>SERIE B &#8211; GIRONE B<\/strong><\/span><\/p>\n<p><strong>CANOTTIERI BELLUNO &#8211; MITI VICINALIS 8-0<\/strong><\/p>\n<div class=\"x11i5rnm xat24cr x1mh8g0r x1vvkbs xdj266r x126k92a\">\n<p dir=\"auto\">Entrambe le squadre guardano avanti: e cos\u00ec alla Spes non c&#8217;\u00e8 molta storia. Vince la Canottieri, tripletta di Ghenogol, doppietta di Storti, reti dei Dal Farra e Bortolini. Ma ancor di pi\u00f9, prima partita in serie B per tanti giovani e giovanissimi Canottieri e Miti: vittoria per tutti. (foto: Lorenzo Miotto)<\/p>\n<p dir=\"auto\"><strong>IL SERVIZIO DI ANTONIO FIABANE, PORTAVOCE DELLA CANOTTIERI BELLUNO<\/strong><\/p>\n<audio class=\"wp-audio-shortcode\" id=\"audio-332691-9\" preload=\"none\" style=\"width: 100%;\" controls=\"controls\"><source type=\"audio\/mpeg\" src=\"https:\/\/www.radiopiu.net\/wordpress\/wp-content\/uploads\/2023\/04\/CANOTTIERI-SITO-2.mp3?_=9\" \/><a href=\"https:\/\/www.radiopiu.net\/wordpress\/wp-content\/uploads\/2023\/04\/CANOTTIERI-SITO-2.mp3\">https:\/\/www.radiopiu.net\/wordpress\/wp-content\/uploads\/2023\/04\/CANOTTIERI-SITO-2.mp3<\/a><\/audio>\n<p>&nbsp;<\/p>\n<\/div>\n<hr \/>\n","protected":false},"excerpt":{"rendered":"<p>ISCRIVITI AL NOSTRO CANALE\u00a0 YOUTUBE PER SEGUIRE IN DIRETTA I PRINCIPALI PROGRAMMI DI RADIO PIU&#8217; E LE FUTURE DIRETTE IN ESTERNA. PER ISCRIVERTI CLICCA QUI E PREMI\u00a0 &#8220;Iscriviti&#8221;\u00a0 \u00a0 \u00a0 &nbsp; E come non ricordarti, Federico? Te ne sei scappato via in fretta, dentro a una luce che ti far\u00e0 cantare ancora di piu&#8217;&#8230; e&hellip;<\/p>\n","protected":false},"author":4,"featured_media":332749,"comment_status":"closed","ping_status":"closed","sticky":false,"template":"","format":"standard","meta":{"_monsterinsights_skip_tracking":false,"_monsterinsights_sitenote_active":false,"_monsterinsights_sitenote_note":"","_monsterinsights_sitenote_category":0,"footnotes":""},"categories":[104,86,49],"tags":[],"class_list":["post-332691","post","type-post","status-publish","format-standard","has-post-thumbnail","hentry","category-evidenza_3","category-gr","category-news-18","category-104","category-86","category-49","description-off"],"img_url":"https:\/\/www.radiopiu.net\/wordpress\/wp-content\/uploads\/2023\/04\/Senza-nome-72.jpg","_links":{"self":[{"href":"https:\/\/www.radiopiu.net\/wordpress\/wp-json\/wp\/v2\/posts\/332691","targetHints":{"allow":["GET"]}}],"collection":[{"href":"https:\/\/www.radiopiu.net\/wordpress\/wp-json\/wp\/v2\/posts"}],"about":[{"href":"https:\/\/www.radiopiu.net\/wordpress\/wp-json\/wp\/v2\/types\/post"}],"author":[{"embeddable":true,"href":"https:\/\/www.radiopiu.net\/wordpress\/wp-json\/wp\/v2\/users\/4"}],"replies":[{"embeddable":true,"href":"https:\/\/www.radiopiu.net\/wordpress\/wp-json\/wp\/v2\/comments?post=332691"}],"version-history":[{"count":0,"href":"https:\/\/www.radiopiu.net\/wordpress\/wp-json\/wp\/v2\/posts\/332691\/revisions"}],"wp:featuredmedia":[{"embeddable":true,"href":"https:\/\/www.radiopiu.net\/wordpress\/wp-json\/wp\/v2\/media\/332749"}],"wp:attachment":[{"href":"https:\/\/www.radiopiu.net\/wordpress\/wp-json\/wp\/v2\/media?parent=332691"}],"wp:term":[{"taxonomy":"category","embeddable":true,"href":"https:\/\/www.radiopiu.net\/wordpress\/wp-json\/wp\/v2\/categories?post=332691"},{"taxonomy":"post_tag","embeddable":true,"href":"https:\/\/www.radiopiu.net\/wordpress\/wp-json\/wp\/v2\/tags?post=332691"}],"curies":[{"name":"wp","href":"https:\/\/api.w.org\/{rel}","templated":true}]}}