{"id":332727,"date":"2023-04-27T05:24:30","date_gmt":"2023-04-27T03:24:30","guid":{"rendered":"https:\/\/www.radiopiu.net\/wordpress\/?p=332727"},"modified":"2023-04-27T05:38:21","modified_gmt":"2023-04-27T03:38:21","slug":"la-gratitudine-della-mamma-del-piccolo-rimasto-ustionato","status":"publish","type":"post","link":"https:\/\/www.radiopiu.net\/wordpress\/la-gratitudine-della-mamma-del-piccolo-rimasto-ustionato\/","title":{"rendered":"LA GRATITUDINE DELLA  MAMMA DEL PICCOLO RIMASTO USTIONATO"},"content":{"rendered":"<p>&nbsp;<\/p>\n<p><strong><a class=\"dt-pswp-item\" href=\"https:\/\/www.radiopiu.net\/wordpress\/wp-content\/uploads\/2023\/04\/cloud-600224__340.jpg\" data-dt-img-description=\"\" data-large_image_width=\"510\" data-large_image_height=\"340\"><img loading=\"lazy\" decoding=\"async\" class=\" wp-image-333104 alignleft\" src=\"https:\/\/www.radiopiu.net\/wordpress\/wp-content\/uploads\/2023\/04\/cloud-600224__340-300x200.jpg\" alt=\"\" width=\"255\" height=\"170\" srcset=\"https:\/\/www.radiopiu.net\/wordpress\/wp-content\/uploads\/2023\/04\/cloud-600224__340-300x200.jpg 300w, https:\/\/www.radiopiu.net\/wordpress\/wp-content\/uploads\/2023\/04\/cloud-600224__340.jpg 510w\" sizes=\"auto, (max-width: 255px) 100vw, 255px\" \/><\/a>REDAZIONE<\/strong> Il risveglio, drammatico, di quelli che non dimentichi pi\u00f9, le urla, la ricerca di quella freddezza non facile da trovare, il bambino, il fuoco, il bisogno di aiuto. Luciana non lo racconta, ma lo fa trapelare quel susseguirsi di dolore. La freddezza: di chiamare subito il 118 e poi quel tempo, che non passa mai. Ma a mente fredda Luciana ricorda che dalla chiamata al suono della sirena sotto casa sono <em>trascorsi<\/em> minuti, pochi minuti.<em> &#8220;Vorrei &#8211; dice mamma Luciana- ringraziare gli infermieri Orietta e Francesco, l&#8217;autista dell&#8217;ambulanza Lorena, di indubbia professionalit\u00e0,\u00a0 non\u00a0 hanno solo gestito al meglio l&#8217;emergenza, ma si sono anche curati di rincuorare un bimbo, dolorante per le ferite, terrorizzato alla vista degli aghi&#8221;.<\/em><br \/>\nIl bimbo \u00e8 ricoverato a Verona dove \u00e8 stato trasportato in elicottero dopo l&#8217;incidente domestico <em>&#8220;Tutto sta procedendo per il meglio&#8221; &#8211;<\/em> dice Luciana aggiungendo un cuore di grazie a quanti hanno saputo e sempre con grande discrezione, abbracciare e sostenere una famiglia agordina. <em>&#8220;Infine &#8211; conclude Luciana &#8211; l&#8217;esperienza terribile destinata alla mia famiglia insegna quanto importante sia poter contare su un ospedale vicino a casa, ad Agordo, dove opera una grande famiglia attaccata al territorio e alla sua gente&#8221;.<\/em><\/p>\n<p>&nbsp;<\/p>\n<p>&nbsp;<\/p>\n<p>_______<\/p>\n<hr \/>\n<p><strong>archivio radiopiu<\/strong><\/p>\n<p><strong>TERAPIA INNOVATIVA PER IL BIMBO USTIONATO<\/strong><\/p>\n<p><strong>AGORDINO <\/strong>Prognosi riservata, ma condizioni generali stabili. Il bollettino del dottor Enrico Vigato sul bambino agordino di 9 anni rimasto ustionato sabato mattina &#8211; dopo aver cercato di accedere la stufa con l&#8217;alcol per preparare la colazione a mamma e pap\u00e0 &#8211; \u00e8 in qualche modo confortante. Anche se si annunciano tempi lunghi per la guarigione. Il bimbo \u00e8 ricoverato nel reparto per i grandi ustionati dell&#8217;Azienda ospedaliera universitaria integrata di Verona, dove la fase acuta \u00e8 gi\u00e0 stata trattata con una tecnica innovativa, che consente la rimozione selettiva dei tessuti ustionati, grazie all&#8217;utilizzo di un gel. Questa sostanza elimina i tessuti morti, senza provocare il loro sanguinamento e, al tempo stesso, conserva la parte vitale della pelle, favorendo la guarigione spontanea.Non \u00e8 stato necessario alcun intervento chirurgico, insomma per trattare le ustioni di terzo grado che coprono il 18 per cento del corpo, in particolare dalle ginocchia in gi\u00f9 e sul fondoschiena. &#8230;\u00a0 Prossimo bollettino medico tra qualche giorno. (CORRIERE ALPI)<\/p>\n<p>&nbsp;<\/p>\n<h3>ACCENDE LA STUFA CON L&#8217;ALCOOL, BIMBO DI NOVE ANNI USTIONATO<\/h3>\n<p><strong>agordino<\/strong>\u00a0 Il bimbo di 9 anni aveva un&#8217;idea: preparare la colazione ai genitori. Ha acceso la stufa con l&#8217;alcool. Qualche cosa \u00e8 andato storto e il piccolo \u00e8 ora\u00a0 ricoverato all&#8217;ospedale di Verona in condizioni serie. Grave, ma non in pericolo di vita.\u00a0 L&#8217;incidente si \u00e8 verificato sabato mattina. In un attimo il flacone \u00e8 esploso, e le fiamme hanno investito il bambino nella parte bassa del corpo, soprattutto alle gambe. La centrale operativa del Suem ha subito inviato sul posto un&#8217;ambulanza dal vicino ospedale di Agordo. I medici e il personale sanitario, viste le condizioni del bambino, hanno allertato la centrale operativa affinch\u00e9 inviasse l&#8217;elicottero, che ha trasportato con urgenza il bimbo all&#8217;ospedale di Verona, dove c&#8217;\u00e8 un reparto specifico per i grandi ustionati. \u00a0La mamma del piccolo, ovviamente scossa, ha voluto comunque ringraziare la comunit\u00e0, per il suo appoggio e il sostegno morale. (MM)<\/p>\n<div>\n<p>___<\/p>\n<\/div>\n","protected":false},"excerpt":{"rendered":"<p>&nbsp; REDAZIONE Il risveglio, drammatico, di quelli che non dimentichi pi\u00f9, le urla, la ricerca di quella freddezza non facile da trovare, il bambino, il fuoco, il bisogno di aiuto. Luciana non lo racconta, ma lo fa trapelare quel susseguirsi di dolore. La freddezza: di chiamare subito il 118 e poi quel tempo, che non&hellip;<\/p>\n","protected":false},"author":4,"featured_media":333104,"comment_status":"closed","ping_status":"closed","sticky":false,"template":"","format":"standard","meta":{"_monsterinsights_skip_tracking":false,"_monsterinsights_sitenote_active":false,"_monsterinsights_sitenote_note":"","_monsterinsights_sitenote_category":0,"footnotes":""},"categories":[104,49],"tags":[],"class_list":["post-332727","post","type-post","status-publish","format-standard","has-post-thumbnail","hentry","category-evidenza_3","category-news-18","category-104","category-49","description-off"],"img_url":"https:\/\/www.radiopiu.net\/wordpress\/wp-content\/uploads\/2023\/04\/cloud-600224__340.jpg","_links":{"self":[{"href":"https:\/\/www.radiopiu.net\/wordpress\/wp-json\/wp\/v2\/posts\/332727","targetHints":{"allow":["GET"]}}],"collection":[{"href":"https:\/\/www.radiopiu.net\/wordpress\/wp-json\/wp\/v2\/posts"}],"about":[{"href":"https:\/\/www.radiopiu.net\/wordpress\/wp-json\/wp\/v2\/types\/post"}],"author":[{"embeddable":true,"href":"https:\/\/www.radiopiu.net\/wordpress\/wp-json\/wp\/v2\/users\/4"}],"replies":[{"embeddable":true,"href":"https:\/\/www.radiopiu.net\/wordpress\/wp-json\/wp\/v2\/comments?post=332727"}],"version-history":[{"count":0,"href":"https:\/\/www.radiopiu.net\/wordpress\/wp-json\/wp\/v2\/posts\/332727\/revisions"}],"wp:featuredmedia":[{"embeddable":true,"href":"https:\/\/www.radiopiu.net\/wordpress\/wp-json\/wp\/v2\/media\/333104"}],"wp:attachment":[{"href":"https:\/\/www.radiopiu.net\/wordpress\/wp-json\/wp\/v2\/media?parent=332727"}],"wp:term":[{"taxonomy":"category","embeddable":true,"href":"https:\/\/www.radiopiu.net\/wordpress\/wp-json\/wp\/v2\/categories?post=332727"},{"taxonomy":"post_tag","embeddable":true,"href":"https:\/\/www.radiopiu.net\/wordpress\/wp-json\/wp\/v2\/tags?post=332727"}],"curies":[{"name":"wp","href":"https:\/\/api.w.org\/{rel}","templated":true}]}}