{"id":332859,"date":"2023-04-26T05:45:03","date_gmt":"2023-04-26T03:45:03","guid":{"rendered":"https:\/\/www.radiopiu.net\/wordpress\/?p=332859"},"modified":"2023-04-26T05:54:07","modified_gmt":"2023-04-26T03:54:07","slug":"giornale-radiopiu-26-aprile-2023-direttore-mirko-mezzacasa-verso-i-40-anni-25-giugno-1983-25-giugno-2023","status":"publish","type":"post","link":"https:\/\/www.radiopiu.net\/wordpress\/giornale-radiopiu-26-aprile-2023-direttore-mirko-mezzacasa-verso-i-40-anni-25-giugno-1983-25-giugno-2023\/","title":{"rendered":"GIORNALE RADIOPIU 26 APRILE 2023 DIRETTORE MIRKO MEZZACASA&#8230;verso i 40 anni 25 giugno 1983-25 giugno 2023"},"content":{"rendered":"<h2 style=\"text-align: left;\"><span style=\"color: #ff0000;\"><span style=\"vertical-align: inherit;\">ISCRIVITI AL NOSTRO CANALE\u00a0 <\/span><\/span><span style=\"vertical-align: inherit;\"> YOUTUBE PER SEGUIRE IN DIRETTA I PRINCIPALI PROGRAMMI DI RADIO PIU&#8217; E LE FUTURE DIRETTE IN ESTERNA. PER ISCRIVERTI <\/span><a style=\"color: #ff0000;\" href=\"https:\/\/youtube.com\/@radiopiu1527\"><span style=\"vertical-align: inherit;\">CLICCA QUI <\/span><\/a><span style=\"color: #ff0000; font-size: 14px; font-weight: normal;\"><span style=\"vertical-align: inherit;\">E PREMI\u00a0 &#8220;Iscriviti&#8221;\u00a0 \u00a0 \u00a0\u00a0<\/span><\/span><\/h2>\n<p>&nbsp;<\/p>\n<div dir=\"auto\"><span style=\"color: #0000ff;\"><strong><a class=\"dt-pswp-item\" href=\"https:\/\/www.radiopiu.net\/wordpress\/wp-content\/uploads\/2023\/04\/300524257_1738844309810282_5552342412539071276_n.jpg\" data-dt-img-description=\"\" data-large_image_width=\"491\" data-large_image_height=\"477\"><img loading=\"lazy\" decoding=\"async\" class=\"wp-image-333049 alignleft\" src=\"https:\/\/www.radiopiu.net\/wordpress\/wp-content\/uploads\/2023\/04\/300524257_1738844309810282_5552342412539071276_n-300x291.jpg\" alt=\"\" width=\"136\" height=\"132\" srcset=\"https:\/\/www.radiopiu.net\/wordpress\/wp-content\/uploads\/2023\/04\/300524257_1738844309810282_5552342412539071276_n-300x291.jpg 300w, https:\/\/www.radiopiu.net\/wordpress\/wp-content\/uploads\/2023\/04\/300524257_1738844309810282_5552342412539071276_n.jpg 491w\" sizes=\"auto, (max-width: 136px) 100vw, 136px\" \/><\/a>E anche STAMANE\u00a0 RADIOPIU si fa in QUATTRO\u00a0 per i suoi ascoltatori&#8230;.<\/strong><\/span><\/div>\n<div dir=\"auto\"><strong>1&#8230;.<\/strong> alle 8 la rassegna stampa locale, dal 1983 tutti i giorni puntuale alle otto del mattino<\/div>\n<div dir=\"auto\"><strong>2<\/strong>&#8230;.alle 9.10 aldo brigadoi TRENTATRE&#8217; PER TRE<\/div>\n<div dir=\"auto\"><strong>3.<\/strong> &#8230;.alle 1015 CISL la voce per i lavoratori con Alessio Piccoli<\/div>\n<div dir=\"auto\"><strong>4<\/strong>&#8230;.alle 10.30 SE NON LA SMETTI DI MANDO DAL PRESIDE, la scuola con la prof. Maria Rosa Salmazo<\/div>\n<div dir=\"auto\">\n<p>&nbsp;<\/p>\n<p>&nbsp;<\/p>\n<hr \/>\n<blockquote>\n<h3><\/h3>\n<p>&nbsp;<\/p>\n<h3><strong>LA BELLA NOTIZIA SUL PICCOLO USTIONATO DALL&#8217;ALCOOL<\/strong><\/h3>\n<p><em><strong>di questa mattina: &#8220;sono la mamma del bimbo ustionato&#8230;\u00a0 tutto sta procedendo per il meglio\u00a0<\/strong><\/em><\/p><\/blockquote>\n<\/div>\n<div dir=\"auto\">\n<p>\u00a0<span style=\"color: #ff0000;\"><strong>IERI ALLA RADIO<\/strong><\/span><\/p>\n<p><img decoding=\"async\" class=\"alignleft\" src=\"https:\/\/www.radiopiu.net\/wordpress\/wp-content\/uploads\/2023\/04\/Senza-nome-77.jpg\" \/><strong>AGORDINO <\/strong>Prognosi riservata, ma condizioni generali stabili. Il bollettino del dottor Enrico Vigato sul bambino agordino di 9 anni rimasto ustionato sabato mattina &#8211; dopo aver cercato di accedere la stufa con l&#8217;alcol per preparare la colazione a mamma e pap\u00e0 &#8211; \u00e8 in qualche modo confortante. Il bimbo \u00e8 ricoverato nel reparto per i grandi ustionati dell&#8217;Azienda ospedaliera universitaria integrata di Verona, dove la fase acuta \u00e8 gi\u00e0 stata trattata con una tecnica innovativa, che consente la rimozione selettiva dei tessuti ustionati, grazie all&#8217;utilizzo di un gel. Questa sostanza elimina i tessuti morti, senza provocare il loro sanguinamento e, al tempo stesso, conserva la parte vitale della pelle, favorendo la guarigione spontanea.Non \u00e8 stato necessario alcun intervento chirurgico, insomma per trattare le ustioni di terzo grado che coprono il 18 per cento del corpo, in particolare dalle ginocchia in gi\u00f9 e sul fondoschiena. &#8230;\u00a0 Prossimo bollettino medico tra qualche giorno.<\/p>\n<p>&nbsp;<\/p>\n<p>&nbsp;<\/p>\n<hr \/>\n<p>&nbsp;<\/p>\n<p><strong><a class=\"dt-pswp-item\" href=\"https:\/\/www.radiopiu.net\/wordpress\/wp-content\/uploads\/2023\/04\/SCALE-PRIMO.jpg\" data-dt-img-description=\"\" data-large_image_width=\"316\" data-large_image_height=\"168\"><img loading=\"lazy\" decoding=\"async\" class=\" wp-image-331567 alignleft\" src=\"https:\/\/www.radiopiu.net\/wordpress\/wp-content\/uploads\/2023\/04\/SCALE-PRIMO-300x159.jpg\" alt=\"\" width=\"191\" height=\"101\" srcset=\"https:\/\/www.radiopiu.net\/wordpress\/wp-content\/uploads\/2023\/04\/SCALE-PRIMO-300x159.jpg 300w, https:\/\/www.radiopiu.net\/wordpress\/wp-content\/uploads\/2023\/04\/SCALE-PRIMO.jpg 316w\" sizes=\"auto, (max-width: 191px) 100vw, 191px\" \/><\/a>SR 50 SCALE DI PRIMOLANO,<\/strong>\u00a0Fastro-Primolano,\u00a0dal 13 aprile al 6 maggio\u00a0divieto di transito direzione di marcia Fastro-Primolano per tutti i mezzi superiori alle 3,5 tonnellate, caravan e autocaravan.\u00a0 Deviazioni sulla 50 bis in seguito alla chiusura totale delle gallerie San Vito e Brenta.<\/p>\n<p>Galleria San Vito di Arsi\u00e8 chiusura totale della galleria PER TUTTI I MEZZI durante le notti dal 13 aprile al 6 maggio dale 21 alle\u00a0 6 del mattino successivo<\/p>\n<p><strong>REDAZIONE<\/strong> Veneto Strade comunica che nelle giornate del 26 e 27 aprile, dalle 7 alle 19, verr\u00e0 chiusa al traffico la SP 4 della Val Cantiuna in comune di Alpago. Chiusura necessaria per lavori di posa conglomerato bituminoso.<\/p>\n<p><strong>REDAZIONE\u00a0<\/strong>Veneto Strade comunica che la strada provinciale 346 del Passo San Pellegrino sar\u00e0 interessata da lavori di esbosco per tutto il mese di maggio. Dal 2 al 31 maggio, sabati e domeniche esclusi, il tratto tra Zingari Bassi e Passo Valles verr\u00e0 chiuso al traffico dalle 8 alle 12 e dalle 13 alle 17.<\/p>\n<p>&nbsp;<\/p>\n<p>&nbsp;<\/p>\n<hr \/>\n<p>&nbsp;<\/p>\n<blockquote>\n<h3 class=\"entry-title\">CHIUSURA DELLA SS 47 \u201cVALSUGANA\u201d CON DEVIAZIONI OBBLIGATORIE<\/h3>\n<\/blockquote>\n<p><img loading=\"lazy\" decoding=\"async\" class=\"alignleft\" src=\"https:\/\/www.radiopiu.net\/wordpress\/wp-content\/uploads\/2023\/04\/th-6.jpg\" width=\"164\" height=\"109\" \/>Nella giornata di domani \u00e8 previsto il disinnesco di un ordigno bellico rinvenuto nel Comune di Valbrenta loc. Cismon del Grappa (VI), dalle ore 07:00 fino presumibilmente alle ore 17:00, e comunque al termine delle relative operazioni. Al fine di consentire, nella massima sicurezza, lo svolgimento delle operazioni di disinnesco, la viabilit\u00e0 che si esprime nei collegamenti tra l\u2019area del Bassanese ed il Trentino, limitrofe con la Provincia di Belluno (Comune di Arsi\u00e8), sar\u00e0 soggetta a provvedimenti di interdizione del traffico veicolare, volti a garantire la tutela e la sicurezza dell\u2019utenza e della circolazione, che avranno inevitabili riflessi anche sulla viabilit\u00e0 di questa Provincia.<\/p>\n<p>&nbsp;<\/p>\n<hr \/>\n<p>&nbsp;<\/p>\n<p>&nbsp;<\/p>\n<blockquote>\n<h3>MIGLIORANO LE CONDIZIONI DI EDI, FERITO NELL&#8217;INCIDENTE ALLA FENADORA<\/h3>\n<\/blockquote>\n<p><strong><a class=\"dt-pswp-item\" href=\"https:\/\/www.radiopiu.net\/wordpress\/wp-content\/uploads\/2023\/04\/157279908_157914162816447_5174797299722227322_n.jpg\" data-dt-img-description=\"\" data-large_image_width=\"1080\" data-large_image_height=\"1084\"><img loading=\"lazy\" decoding=\"async\" class=\"wp-image-333053 alignleft\" src=\"https:\/\/www.radiopiu.net\/wordpress\/wp-content\/uploads\/2023\/04\/157279908_157914162816447_5174797299722227322_n-300x300.jpg\" alt=\"\" width=\"196\" height=\"196\" srcset=\"https:\/\/www.radiopiu.net\/wordpress\/wp-content\/uploads\/2023\/04\/157279908_157914162816447_5174797299722227322_n-300x300.jpg 300w, https:\/\/www.radiopiu.net\/wordpress\/wp-content\/uploads\/2023\/04\/157279908_157914162816447_5174797299722227322_n-1020x1024.jpg 1020w, https:\/\/www.radiopiu.net\/wordpress\/wp-content\/uploads\/2023\/04\/157279908_157914162816447_5174797299722227322_n-150x150.jpg 150w, https:\/\/www.radiopiu.net\/wordpress\/wp-content\/uploads\/2023\/04\/157279908_157914162816447_5174797299722227322_n-768x771.jpg 768w, https:\/\/www.radiopiu.net\/wordpress\/wp-content\/uploads\/2023\/04\/157279908_157914162816447_5174797299722227322_n.jpg 1080w\" sizes=\"auto, (max-width: 196px) 100vw, 196px\" \/><\/a>FELTRE<\/strong> Con un post sul profilo di Edi Perer,\u00a0 la moglie aggiorna amici e conoscenti sulle condizioni del marito motociclista, rimasto coinvolto nel grave incidente di sabato sera sul rettilineo della Fenadora. L&#8217;uomo, 67 anni, si trova ricoverato in terapia intensiva all&#8217;ospedale di Treviso<\/p>\n<p><strong>il POST della moglie Lucia<\/strong><\/p>\n<div dir=\"auto\"><em>Oggi sono stata a Treviso a parlare con il medico che lo ha in cura e mi ha detto che il sanguinamento interno si \u00e8 fermato e domani lo opereranno per togliere le &#8220;garze&#8221; che gli erano state messe sabato nella pancia&#8230;<\/em><\/div>\n<div dir=\"auto\"><em>Fra qualche giorno lo opereranno al bacino per sanare le fratture..Il medico&#8230;con molta cautela..ha detto che non \u00e8 pi\u00fa in pericolo di vita..ma..ovviamente..i tempi di recupero saranno molto lunghi viste le numerose fratture agli arti inferiori.. Edi \u00e8 in coma farmacologico anche per evitare di fargli sentire dolore..non ha problemi respiratori e quando stamattina hanno provato a calare i farmaci ha reagito benissimo agli stimoli&#8230;quindi nessun danno neurologico..<\/em><\/div>\n<div dir=\"auto\"><em>Lo ho visto e se non sapessi che ha le ossa rotte direi che \u00e8&#8230;El Lupo de sempre..<\/em><\/div>\n<div dir=\"auto\"><em>Scusatemi se non riesco a rispondere a tutti.<\/em><\/div>\n<p>&nbsp;<\/p>\n<p>&nbsp;<\/p>\n<hr \/>\n<p><a class=\"dt-pswp-item\" href=\"https:\/\/www.radiopiu.net\/wordpress\/wp-content\/uploads\/2023\/04\/Senza-nome-81.jpg\" data-dt-img-description=\"\" data-large_image_width=\"1130\" data-large_image_height=\"468\">\u00a0<\/a><\/p>\n<p><a class=\"dt-pswp-item\" href=\"https:\/\/www.radiopiu.net\/wordpress\/wp-content\/uploads\/2023\/04\/Senza-nome-81.jpg\" data-dt-img-description=\"\" data-large_image_width=\"1130\" data-large_image_height=\"468\"><img loading=\"lazy\" decoding=\"async\" class=\"size-medium wp-image-333058 aligncenter\" src=\"https:\/\/www.radiopiu.net\/wordpress\/wp-content\/uploads\/2023\/04\/Senza-nome-81-300x124.jpg\" alt=\"\" width=\"300\" height=\"124\" srcset=\"https:\/\/www.radiopiu.net\/wordpress\/wp-content\/uploads\/2023\/04\/Senza-nome-81-300x124.jpg 300w, https:\/\/www.radiopiu.net\/wordpress\/wp-content\/uploads\/2023\/04\/Senza-nome-81-1024x424.jpg 1024w, https:\/\/www.radiopiu.net\/wordpress\/wp-content\/uploads\/2023\/04\/Senza-nome-81-768x318.jpg 768w, https:\/\/www.radiopiu.net\/wordpress\/wp-content\/uploads\/2023\/04\/Senza-nome-81.jpg 1130w\" sizes=\"auto, (max-width: 300px) 100vw, 300px\" \/><\/a><\/p>\n<p>Traffico estivo sui passi dolomitici. C&#8217;\u00e8 una prima conseguenza, il limite di velocit\u00e0 abbassato a 60 chilometri orari.\u00a0 \u00c8 quanto anticipa a &#8220;Il Corriere delle Alpi&#8221;.\u00a0 Daniel Alfreider, di Colfosco, in Val Badia, vicepresidente della provincia di Bolzano. \u00c8 lui a coordinare il gruppo di lavoro per l&#8217;implementazione del protocollo sottoscritto l&#8217;anno scorso dalle Province di Trento e Belluno, oltre che Bolzano, e dalla Regione Veneto, nonch\u00e9 dal Governo Draghi, specificatamente dall&#8217;allora ministro delle infrastrutture Giovannini<\/p>\n<blockquote><p><em>&#8220;Il Comitato Car is Over ha messo in conto, per l&#8217;eventuale chiusura di due ore, anche il Giau e il Falzarego.\u00abDipende dal Veneto. Il protocollo d&#8217;intesa \u00e8 firmato per il gruppo del Sella&#8221;. <\/em>Lo ha dichiarato Daniel Alfreider, di Colfosco, in Val Badia, vicepresidente della provincia di Bolzano.<\/p><\/blockquote>\n<p><em>\u00abCredo che la proposta di chiudere i passi in determinati orari, senza una logica o una visione ampia e complessiva sia assolutamente errata\u00bb. <\/em>Lo afferma l&#8217;assessore regionale all&#8217;ambiente e alla Protezione civile, Gianpaolo Bottacin<\/p>\n<blockquote><p>\u00a0<em>\u00ab\u00e8 possibile che questo limite sia portato anche lungo alcune strade di valle\u00bb,<\/em> precisa il sindaco di Livinallongo, Leandro Grones,<\/p><\/blockquote>\n<p>&nbsp;<\/p>\n<hr \/>\n<p>&nbsp;<\/p>\n<blockquote>\n<h3>GIORGIA MELONI DEDICA IL 25 APRILE A PAOLA DEL DIN. IL PADRE ERA DI RIVAMONTE<\/h3>\n<\/blockquote>\n<p><strong>DI LUISA MANFROI<\/strong><\/p>\n<audio class=\"wp-audio-shortcode\" id=\"audio-332859-1\" preload=\"none\" style=\"width: 100%;\" controls=\"controls\"><source type=\"audio\/mpeg\" src=\"https:\/\/www.radiopiu.net\/wordpress\/wp-content\/uploads\/2023\/04\/Paola-Del-Din.mp3?_=1\" \/><a href=\"https:\/\/www.radiopiu.net\/wordpress\/wp-content\/uploads\/2023\/04\/Paola-Del-Din.mp3\">https:\/\/www.radiopiu.net\/wordpress\/wp-content\/uploads\/2023\/04\/Paola-Del-Din.mp3<\/a><\/audio>\n<p>&nbsp;<\/p>\n<p><strong>PAOLA DEL DIN E GLI ARTICOLI DAL CORRIERE DELLA SERA<\/strong><\/p>\n\n\t\t\t<style type='text\/css'>\n\t\t\t\t#gallery-1 {\n\t\t\t\t\tmargin: auto;\n\t\t\t\t}\n\t\t\t\t#gallery-1 .gallery-item {\n\t\t\t\t\tfloat: left;\n\t\t\t\t\tmargin-top: 10px;\n\t\t\t\t\ttext-align: center;\n\t\t\t\t\twidth: 25%;\n\t\t\t\t}\n\t\t\t\t#gallery-1 img {\n\t\t\t\t\tborder: 2px solid #cfcfcf;\n\t\t\t\t}\n\t\t\t\t#gallery-1 .gallery-caption {\n\t\t\t\t\tmargin-left: 0;\n\t\t\t\t}\n\t\t\t\t\/* see gallery_shortcode() in wp-includes\/media.php *\/\n\t\t\t<\/style>\n\t\t<div id='gallery-1' class='dt-gallery-container gallery galleryid-332859 gallery-columns-4 gallery-size-medium'><dl class='gallery-item'>\n\t\t\t\t<dt class='gallery-icon landscape'>\n\t\t\t\t\t<a class=\"rollover rollover-zoom dt-pswp-item\" title=\"Paola Del Din (1)\" data-dt-img-description=\"\" data-large_image_width=\"2108\" data-large_image_height=\"1963\"href='https:\/\/www.radiopiu.net\/wordpress\/wp-content\/uploads\/2023\/04\/Paola-Del-Din-1.jpg'><img loading=\"lazy\" decoding=\"async\" width=\"300\" height=\"279\" src=\"https:\/\/www.radiopiu.net\/wordpress\/wp-content\/uploads\/2023\/04\/Paola-Del-Din-1-300x279.jpg\" class=\"attachment-medium size-medium\" alt=\"\" srcset=\"https:\/\/www.radiopiu.net\/wordpress\/wp-content\/uploads\/2023\/04\/Paola-Del-Din-1-300x279.jpg 300w, https:\/\/www.radiopiu.net\/wordpress\/wp-content\/uploads\/2023\/04\/Paola-Del-Din-1-1024x954.jpg 1024w, https:\/\/www.radiopiu.net\/wordpress\/wp-content\/uploads\/2023\/04\/Paola-Del-Din-1-768x715.jpg 768w, https:\/\/www.radiopiu.net\/wordpress\/wp-content\/uploads\/2023\/04\/Paola-Del-Din-1-1536x1430.jpg 1536w, https:\/\/www.radiopiu.net\/wordpress\/wp-content\/uploads\/2023\/04\/Paola-Del-Din-1-2048x1907.jpg 2048w\" sizes=\"auto, (max-width: 300px) 100vw, 300px\" \/><\/a>\n\t\t\t\t<\/dt><\/dl><dl class='gallery-item'>\n\t\t\t\t<dt class='gallery-icon portrait'>\n\t\t\t\t\t<a class=\"rollover rollover-zoom dt-pswp-item\" title=\"articolo Corriere dela Sera 25 aprile 2023 - particolare\" data-dt-img-description=\"\" data-large_image_width=\"358\" data-large_image_height=\"836\"href='https:\/\/www.radiopiu.net\/wordpress\/wp-content\/uploads\/2023\/04\/articolo-Corriere-dela-Sera-25-aprile-2023-particolare.png'><img loading=\"lazy\" decoding=\"async\" width=\"128\" height=\"300\" src=\"https:\/\/www.radiopiu.net\/wordpress\/wp-content\/uploads\/2023\/04\/articolo-Corriere-dela-Sera-25-aprile-2023-particolare-128x300.png\" class=\"attachment-medium size-medium\" alt=\"\" srcset=\"https:\/\/www.radiopiu.net\/wordpress\/wp-content\/uploads\/2023\/04\/articolo-Corriere-dela-Sera-25-aprile-2023-particolare-128x300.png 128w, https:\/\/www.radiopiu.net\/wordpress\/wp-content\/uploads\/2023\/04\/articolo-Corriere-dela-Sera-25-aprile-2023-particolare.png 358w\" sizes=\"auto, (max-width: 128px) 100vw, 128px\" \/><\/a>\n\t\t\t\t<\/dt><\/dl><dl class='gallery-item'>\n\t\t\t\t<dt class='gallery-icon portrait'>\n\t\t\t\t\t<a class=\"rollover rollover-zoom dt-pswp-item\" title=\"articolo Corriere dela Sera 25 aprile 2023\" data-dt-img-description=\"\" data-large_image_width=\"618\" data-large_image_height=\"987\"href='https:\/\/www.radiopiu.net\/wordpress\/wp-content\/uploads\/2023\/04\/articolo-Corriere-dela-Sera-25-aprile-2023.png'><img loading=\"lazy\" decoding=\"async\" width=\"188\" height=\"300\" src=\"https:\/\/www.radiopiu.net\/wordpress\/wp-content\/uploads\/2023\/04\/articolo-Corriere-dela-Sera-25-aprile-2023-188x300.png\" class=\"attachment-medium size-medium\" alt=\"\" srcset=\"https:\/\/www.radiopiu.net\/wordpress\/wp-content\/uploads\/2023\/04\/articolo-Corriere-dela-Sera-25-aprile-2023-188x300.png 188w, https:\/\/www.radiopiu.net\/wordpress\/wp-content\/uploads\/2023\/04\/articolo-Corriere-dela-Sera-25-aprile-2023.png 618w\" sizes=\"auto, (max-width: 188px) 100vw, 188px\" \/><\/a>\n\t\t\t\t<\/dt><\/dl><dl class='gallery-item'>\n\t\t\t\t<dt class='gallery-icon portrait'>\n\t\t\t\t\t<a class=\"rollover rollover-zoom dt-pswp-item\" title=\"articolo Corriere dela Sera 25 aprile 2023 - estratto\" data-dt-img-description=\"\" data-large_image_width=\"349\" data-large_image_height=\"986\"href='https:\/\/www.radiopiu.net\/wordpress\/wp-content\/uploads\/2023\/04\/articolo-Corriere-dela-Sera-25-aprile-2023-estratto.png'><img loading=\"lazy\" decoding=\"async\" width=\"106\" height=\"300\" src=\"https:\/\/www.radiopiu.net\/wordpress\/wp-content\/uploads\/2023\/04\/articolo-Corriere-dela-Sera-25-aprile-2023-estratto-106x300.png\" class=\"attachment-medium size-medium\" alt=\"\" srcset=\"https:\/\/www.radiopiu.net\/wordpress\/wp-content\/uploads\/2023\/04\/articolo-Corriere-dela-Sera-25-aprile-2023-estratto-106x300.png 106w, https:\/\/www.radiopiu.net\/wordpress\/wp-content\/uploads\/2023\/04\/articolo-Corriere-dela-Sera-25-aprile-2023-estratto.png 349w\" sizes=\"auto, (max-width: 106px) 100vw, 106px\" \/><\/a>\n\t\t\t\t<\/dt><\/dl><br style=\"clear: both\" \/>\n\t\t\t<\/div>\n\n<p>&nbsp;<\/p>\n<p>&nbsp;<\/p>\n<hr \/>\n<p>&nbsp;<\/p>\n<blockquote>\n<h3>LA FESTA DELLA LIBERAZIONE AD AGORDO, TAIBON E VOLTAGO<\/h3>\n<\/blockquote>\n<p><strong>AGORDO-TAIBON-VOLTAGO<\/strong><\/p>\n<p>di Gianni Santomaso<\/p>\n<audio class=\"wp-audio-shortcode\" id=\"audio-332859-2\" preload=\"none\" style=\"width: 100%;\" controls=\"controls\"><source type=\"audio\/mpeg\" src=\"https:\/\/www.radiopiu.net\/wordpress\/wp-content\/uploads\/2023\/04\/GIANNI-25-APRILE-AGORDO-TAIBON-VOLTAGO.mp3?_=2\" \/><a href=\"https:\/\/www.radiopiu.net\/wordpress\/wp-content\/uploads\/2023\/04\/GIANNI-25-APRILE-AGORDO-TAIBON-VOLTAGO.mp3\">https:\/\/www.radiopiu.net\/wordpress\/wp-content\/uploads\/2023\/04\/GIANNI-25-APRILE-AGORDO-TAIBON-VOLTAGO.mp3<\/a><\/audio>\n<p>&nbsp;<\/p>\n<p><strong>VOLTAGO (video: Gianni Santomaso, foto: Duilio Da Campo e Gianni Santomaso)<\/strong><\/p>\n<div style=\"width: 848px;\" class=\"wp-video\"><video class=\"wp-video-shortcode\" id=\"video-332859-1\" width=\"848\" height=\"480\" preload=\"metadata\" controls=\"controls\"><source type=\"video\/mp4\" src=\"https:\/\/www.radiopiu.net\/wordpress\/wp-content\/uploads\/2023\/04\/WhatsApp-Video-2023-04-25-at-14.55.31.mp4?_=1\" \/><a href=\"https:\/\/www.radiopiu.net\/wordpress\/wp-content\/uploads\/2023\/04\/WhatsApp-Video-2023-04-25-at-14.55.31.mp4\">https:\/\/www.radiopiu.net\/wordpress\/wp-content\/uploads\/2023\/04\/WhatsApp-Video-2023-04-25-at-14.55.31.mp4<\/a><\/video><\/div>\n<p>&nbsp;<\/p>\n\n\t\t\t<style type='text\/css'>\n\t\t\t\t#gallery-2 {\n\t\t\t\t\tmargin: auto;\n\t\t\t\t}\n\t\t\t\t#gallery-2 .gallery-item {\n\t\t\t\t\tfloat: left;\n\t\t\t\t\tmargin-top: 10px;\n\t\t\t\t\ttext-align: center;\n\t\t\t\t\twidth: 16%;\n\t\t\t\t}\n\t\t\t\t#gallery-2 img {\n\t\t\t\t\tborder: 2px solid #cfcfcf;\n\t\t\t\t}\n\t\t\t\t#gallery-2 .gallery-caption {\n\t\t\t\t\tmargin-left: 0;\n\t\t\t\t}\n\t\t\t\t\/* see gallery_shortcode() in wp-includes\/media.php *\/\n\t\t\t<\/style>\n\t\t<div id='gallery-2' class='dt-gallery-container gallery galleryid-332859 gallery-columns-6 gallery-size-thumbnail'><dl class='gallery-item'>\n\t\t\t\t<dt class='gallery-icon landscape'>\n\t\t\t\t\t<a class=\"rollover rollover-zoom dt-pswp-item\" title=\"4d4e00f3-bf10-4406-8441-b88d7ab3d7d8\" data-dt-img-description=\"\" data-large_image_width=\"1600\" data-large_image_height=\"1200\"href='https:\/\/www.radiopiu.net\/wordpress\/wp-content\/uploads\/2023\/04\/4d4e00f3-bf10-4406-8441-b88d7ab3d7d8.jpg'><img loading=\"lazy\" decoding=\"async\" width=\"150\" height=\"150\" src=\"https:\/\/www.radiopiu.net\/wordpress\/wp-content\/uploads\/2023\/04\/4d4e00f3-bf10-4406-8441-b88d7ab3d7d8-150x150.jpg\" class=\"attachment-thumbnail size-thumbnail\" alt=\"\" \/><\/a>\n\t\t\t\t<\/dt><\/dl><dl class='gallery-item'>\n\t\t\t\t<dt class='gallery-icon landscape'>\n\t\t\t\t\t<a class=\"rollover rollover-zoom dt-pswp-item\" title=\"16ff4dbb-0963-4877-8121-0ee14512fb1b\" data-dt-img-description=\"\" data-large_image_width=\"1600\" data-large_image_height=\"1200\"href='https:\/\/www.radiopiu.net\/wordpress\/wp-content\/uploads\/2023\/04\/16ff4dbb-0963-4877-8121-0ee14512fb1b.jpg'><img loading=\"lazy\" decoding=\"async\" width=\"150\" height=\"150\" src=\"https:\/\/www.radiopiu.net\/wordpress\/wp-content\/uploads\/2023\/04\/16ff4dbb-0963-4877-8121-0ee14512fb1b-150x150.jpg\" class=\"attachment-thumbnail size-thumbnail\" alt=\"\" \/><\/a>\n\t\t\t\t<\/dt><\/dl><dl class='gallery-item'>\n\t\t\t\t<dt class='gallery-icon landscape'>\n\t\t\t\t\t<a class=\"rollover rollover-zoom dt-pswp-item\" title=\"69d2e4c3-c641-4c55-87d8-f6da9f29df73\" data-dt-img-description=\"\" data-large_image_width=\"1600\" data-large_image_height=\"1200\"href='https:\/\/www.radiopiu.net\/wordpress\/wp-content\/uploads\/2023\/04\/69d2e4c3-c641-4c55-87d8-f6da9f29df73.jpg'><img loading=\"lazy\" decoding=\"async\" width=\"150\" height=\"150\" src=\"https:\/\/www.radiopiu.net\/wordpress\/wp-content\/uploads\/2023\/04\/69d2e4c3-c641-4c55-87d8-f6da9f29df73-150x150.jpg\" class=\"attachment-thumbnail size-thumbnail\" alt=\"\" \/><\/a>\n\t\t\t\t<\/dt><\/dl><dl class='gallery-item'>\n\t\t\t\t<dt class='gallery-icon portrait'>\n\t\t\t\t\t<a class=\"rollover rollover-zoom dt-pswp-item\" title=\"225babf2-5d2d-4856-be8b-4764a03a57d2\" data-dt-img-description=\"\" data-large_image_width=\"1200\" data-large_image_height=\"1600\"href='https:\/\/www.radiopiu.net\/wordpress\/wp-content\/uploads\/2023\/04\/225babf2-5d2d-4856-be8b-4764a03a57d2.jpg'><img loading=\"lazy\" decoding=\"async\" width=\"150\" height=\"150\" src=\"https:\/\/www.radiopiu.net\/wordpress\/wp-content\/uploads\/2023\/04\/225babf2-5d2d-4856-be8b-4764a03a57d2-150x150.jpg\" class=\"attachment-thumbnail size-thumbnail\" alt=\"\" \/><\/a>\n\t\t\t\t<\/dt><\/dl><dl class='gallery-item'>\n\t\t\t\t<dt class='gallery-icon landscape'>\n\t\t\t\t\t<a class=\"rollover rollover-zoom dt-pswp-item\" title=\"349af64c-fc21-4b9d-92b9-fed177ac34eb\" data-dt-img-description=\"\" data-large_image_width=\"1600\" data-large_image_height=\"1200\"href='https:\/\/www.radiopiu.net\/wordpress\/wp-content\/uploads\/2023\/04\/349af64c-fc21-4b9d-92b9-fed177ac34eb.jpg'><img loading=\"lazy\" decoding=\"async\" width=\"150\" height=\"150\" src=\"https:\/\/www.radiopiu.net\/wordpress\/wp-content\/uploads\/2023\/04\/349af64c-fc21-4b9d-92b9-fed177ac34eb-150x150.jpg\" class=\"attachment-thumbnail size-thumbnail\" alt=\"\" \/><\/a>\n\t\t\t\t<\/dt><\/dl><dl class='gallery-item'>\n\t\t\t\t<dt class='gallery-icon landscape'>\n\t\t\t\t\t<a class=\"rollover rollover-zoom dt-pswp-item\" title=\"512cf7fe-ce5b-4530-8317-c7f579f14d81\" data-dt-img-description=\"\" data-large_image_width=\"1600\" data-large_image_height=\"1200\"href='https:\/\/www.radiopiu.net\/wordpress\/wp-content\/uploads\/2023\/04\/512cf7fe-ce5b-4530-8317-c7f579f14d81.jpg'><img loading=\"lazy\" decoding=\"async\" width=\"150\" height=\"150\" src=\"https:\/\/www.radiopiu.net\/wordpress\/wp-content\/uploads\/2023\/04\/512cf7fe-ce5b-4530-8317-c7f579f14d81-150x150.jpg\" class=\"attachment-thumbnail size-thumbnail\" alt=\"\" \/><\/a>\n\t\t\t\t<\/dt><\/dl><br style=\"clear: both\" \/><dl class='gallery-item'>\n\t\t\t\t<dt class='gallery-icon portrait'>\n\t\t\t\t\t<a class=\"rollover rollover-zoom dt-pswp-item\" title=\"929d7ac2-eac2-4ea9-b237-13b5e47f61ef\" data-dt-img-description=\"\" data-large_image_width=\"1500\" data-large_image_height=\"2000\"href='https:\/\/www.radiopiu.net\/wordpress\/wp-content\/uploads\/2023\/04\/929d7ac2-eac2-4ea9-b237-13b5e47f61ef.jpg'><img loading=\"lazy\" decoding=\"async\" width=\"150\" height=\"150\" src=\"https:\/\/www.radiopiu.net\/wordpress\/wp-content\/uploads\/2023\/04\/929d7ac2-eac2-4ea9-b237-13b5e47f61ef-150x150.jpg\" class=\"attachment-thumbnail size-thumbnail\" alt=\"\" \/><\/a>\n\t\t\t\t<\/dt><\/dl><dl class='gallery-item'>\n\t\t\t\t<dt class='gallery-icon portrait'>\n\t\t\t\t\t<a class=\"rollover rollover-zoom dt-pswp-item\" title=\"6818ec0b-f669-4883-a54b-49d974e6372e\" data-dt-img-description=\"\" data-large_image_width=\"1200\" data-large_image_height=\"1600\"href='https:\/\/www.radiopiu.net\/wordpress\/wp-content\/uploads\/2023\/04\/6818ec0b-f669-4883-a54b-49d974e6372e.jpg'><img loading=\"lazy\" decoding=\"async\" width=\"150\" height=\"150\" src=\"https:\/\/www.radiopiu.net\/wordpress\/wp-content\/uploads\/2023\/04\/6818ec0b-f669-4883-a54b-49d974e6372e-150x150.jpg\" class=\"attachment-thumbnail size-thumbnail\" alt=\"\" \/><\/a>\n\t\t\t\t<\/dt><\/dl><dl class='gallery-item'>\n\t\t\t\t<dt class='gallery-icon portrait'>\n\t\t\t\t\t<a class=\"rollover rollover-zoom dt-pswp-item\" title=\"b4190018-61f5-4aa9-886b-91a02b680a56\" data-dt-img-description=\"\" data-large_image_width=\"1200\" data-large_image_height=\"1600\"href='https:\/\/www.radiopiu.net\/wordpress\/wp-content\/uploads\/2023\/04\/b4190018-61f5-4aa9-886b-91a02b680a56.jpg'><img loading=\"lazy\" decoding=\"async\" width=\"150\" height=\"150\" src=\"https:\/\/www.radiopiu.net\/wordpress\/wp-content\/uploads\/2023\/04\/b4190018-61f5-4aa9-886b-91a02b680a56-150x150.jpg\" class=\"attachment-thumbnail size-thumbnail\" alt=\"\" \/><\/a>\n\t\t\t\t<\/dt><\/dl><dl class='gallery-item'>\n\t\t\t\t<dt class='gallery-icon landscape'>\n\t\t\t\t\t<a class=\"rollover rollover-zoom dt-pswp-item\" title=\"bd6597a0-ca1d-47b9-9754-c57cc11afa9f\" data-dt-img-description=\"\" data-large_image_width=\"1600\" data-large_image_height=\"1200\"href='https:\/\/www.radiopiu.net\/wordpress\/wp-content\/uploads\/2023\/04\/bd6597a0-ca1d-47b9-9754-c57cc11afa9f.jpg'><img loading=\"lazy\" decoding=\"async\" width=\"150\" height=\"150\" src=\"https:\/\/www.radiopiu.net\/wordpress\/wp-content\/uploads\/2023\/04\/bd6597a0-ca1d-47b9-9754-c57cc11afa9f-150x150.jpg\" class=\"attachment-thumbnail size-thumbnail\" alt=\"\" \/><\/a>\n\t\t\t\t<\/dt><\/dl><dl class='gallery-item'>\n\t\t\t\t<dt class='gallery-icon portrait'>\n\t\t\t\t\t<a class=\"rollover rollover-zoom dt-pswp-item\" title=\"c5c63728-be40-4e7b-884f-632f337bfc5b\" data-dt-img-description=\"\" data-large_image_width=\"1200\" data-large_image_height=\"1600\"href='https:\/\/www.radiopiu.net\/wordpress\/wp-content\/uploads\/2023\/04\/c5c63728-be40-4e7b-884f-632f337bfc5b.jpg'><img loading=\"lazy\" decoding=\"async\" width=\"150\" height=\"150\" src=\"https:\/\/www.radiopiu.net\/wordpress\/wp-content\/uploads\/2023\/04\/c5c63728-be40-4e7b-884f-632f337bfc5b-150x150.jpg\" class=\"attachment-thumbnail size-thumbnail\" alt=\"\" \/><\/a>\n\t\t\t\t<\/dt><\/dl><dl class='gallery-item'>\n\t\t\t\t<dt class='gallery-icon portrait'>\n\t\t\t\t\t<a class=\"rollover rollover-zoom dt-pswp-item\" title=\"c6a2f38e-4277-426f-89a3-49e9b7db506b\" data-dt-img-description=\"\" data-large_image_width=\"1200\" data-large_image_height=\"1600\"href='https:\/\/www.radiopiu.net\/wordpress\/wp-content\/uploads\/2023\/04\/c6a2f38e-4277-426f-89a3-49e9b7db506b.jpg'><img loading=\"lazy\" decoding=\"async\" width=\"150\" height=\"150\" src=\"https:\/\/www.radiopiu.net\/wordpress\/wp-content\/uploads\/2023\/04\/c6a2f38e-4277-426f-89a3-49e9b7db506b-150x150.jpg\" class=\"attachment-thumbnail size-thumbnail\" alt=\"\" \/><\/a>\n\t\t\t\t<\/dt><\/dl><br style=\"clear: both\" \/>\n\t\t\t<\/div>\n\n<p>&nbsp;<\/p>\n<p><strong>AGORDO (foto e video: Gianni Santomaso)<\/strong><\/p>\n<div style=\"width: 640px;\" class=\"wp-video\"><video class=\"wp-video-shortcode\" id=\"video-332859-2\" width=\"640\" height=\"352\" preload=\"metadata\" controls=\"controls\"><source type=\"video\/mp4\" src=\"https:\/\/www.radiopiu.net\/wordpress\/wp-content\/uploads\/2023\/04\/WhatsApp-Video-2023-04-25-at-11.36.38.mp4?_=2\" \/><a href=\"https:\/\/www.radiopiu.net\/wordpress\/wp-content\/uploads\/2023\/04\/WhatsApp-Video-2023-04-25-at-11.36.38.mp4\">https:\/\/www.radiopiu.net\/wordpress\/wp-content\/uploads\/2023\/04\/WhatsApp-Video-2023-04-25-at-11.36.38.mp4<\/a><\/video><\/div>\n<p>&nbsp;<\/p>\n\n\t\t\t<style type='text\/css'>\n\t\t\t\t#gallery-3 {\n\t\t\t\t\tmargin: auto;\n\t\t\t\t}\n\t\t\t\t#gallery-3 .gallery-item {\n\t\t\t\t\tfloat: left;\n\t\t\t\t\tmargin-top: 10px;\n\t\t\t\t\ttext-align: center;\n\t\t\t\t\twidth: 16%;\n\t\t\t\t}\n\t\t\t\t#gallery-3 img {\n\t\t\t\t\tborder: 2px solid #cfcfcf;\n\t\t\t\t}\n\t\t\t\t#gallery-3 .gallery-caption {\n\t\t\t\t\tmargin-left: 0;\n\t\t\t\t}\n\t\t\t\t\/* see gallery_shortcode() in wp-includes\/media.php *\/\n\t\t\t<\/style>\n\t\t<div id='gallery-3' class='dt-gallery-container gallery galleryid-332859 gallery-columns-6 gallery-size-thumbnail'><dl class='gallery-item'>\n\t\t\t\t<dt class='gallery-icon landscape'>\n\t\t\t\t\t<a class=\"rollover rollover-zoom dt-pswp-item\" title=\"3f461b41-cad4-4cea-97f5-2e721e745856\" data-dt-img-description=\"\" data-large_image_width=\"1600\" data-large_image_height=\"1200\"href='https:\/\/www.radiopiu.net\/wordpress\/wp-content\/uploads\/2023\/04\/3f461b41-cad4-4cea-97f5-2e721e745856.jpg'><img loading=\"lazy\" decoding=\"async\" width=\"150\" height=\"150\" src=\"https:\/\/www.radiopiu.net\/wordpress\/wp-content\/uploads\/2023\/04\/3f461b41-cad4-4cea-97f5-2e721e745856-150x150.jpg\" class=\"attachment-thumbnail size-thumbnail\" alt=\"\" \/><\/a>\n\t\t\t\t<\/dt><\/dl><dl class='gallery-item'>\n\t\t\t\t<dt class='gallery-icon landscape'>\n\t\t\t\t\t<a class=\"rollover rollover-zoom dt-pswp-item\" title=\"5c0a165b-b227-4794-b02f-fdb1bb414ae7\" data-dt-img-description=\"\" data-large_image_width=\"1600\" data-large_image_height=\"1200\"href='https:\/\/www.radiopiu.net\/wordpress\/wp-content\/uploads\/2023\/04\/5c0a165b-b227-4794-b02f-fdb1bb414ae7.jpg'><img loading=\"lazy\" decoding=\"async\" width=\"150\" height=\"150\" src=\"https:\/\/www.radiopiu.net\/wordpress\/wp-content\/uploads\/2023\/04\/5c0a165b-b227-4794-b02f-fdb1bb414ae7-150x150.jpg\" class=\"attachment-thumbnail size-thumbnail\" alt=\"\" \/><\/a>\n\t\t\t\t<\/dt><\/dl><dl class='gallery-item'>\n\t\t\t\t<dt class='gallery-icon landscape'>\n\t\t\t\t\t<a class=\"rollover rollover-zoom dt-pswp-item\" title=\"22b57496-8b75-4479-96ea-05b06dbb9c02\" data-dt-img-description=\"\" data-large_image_width=\"1600\" data-large_image_height=\"1200\"href='https:\/\/www.radiopiu.net\/wordpress\/wp-content\/uploads\/2023\/04\/22b57496-8b75-4479-96ea-05b06dbb9c02.jpg'><img loading=\"lazy\" decoding=\"async\" width=\"150\" height=\"150\" src=\"https:\/\/www.radiopiu.net\/wordpress\/wp-content\/uploads\/2023\/04\/22b57496-8b75-4479-96ea-05b06dbb9c02-150x150.jpg\" class=\"attachment-thumbnail size-thumbnail\" alt=\"\" \/><\/a>\n\t\t\t\t<\/dt><\/dl><dl class='gallery-item'>\n\t\t\t\t<dt class='gallery-icon landscape'>\n\t\t\t\t\t<a class=\"rollover rollover-zoom dt-pswp-item\" title=\"70d1a8e8-71ab-46c4-8c40-e5b4c228ebe9\" data-dt-img-description=\"\" data-large_image_width=\"1600\" data-large_image_height=\"1200\"href='https:\/\/www.radiopiu.net\/wordpress\/wp-content\/uploads\/2023\/04\/70d1a8e8-71ab-46c4-8c40-e5b4c228ebe9.jpg'><img loading=\"lazy\" decoding=\"async\" width=\"150\" height=\"150\" src=\"https:\/\/www.radiopiu.net\/wordpress\/wp-content\/uploads\/2023\/04\/70d1a8e8-71ab-46c4-8c40-e5b4c228ebe9-150x150.jpg\" class=\"attachment-thumbnail size-thumbnail\" alt=\"\" \/><\/a>\n\t\t\t\t<\/dt><\/dl><dl class='gallery-item'>\n\t\t\t\t<dt class='gallery-icon landscape'>\n\t\t\t\t\t<a class=\"rollover rollover-zoom dt-pswp-item\" title=\"398cd7ac-c171-46e1-8dac-5cc5e31dab4d\" data-dt-img-description=\"\" data-large_image_width=\"1600\" data-large_image_height=\"1200\"href='https:\/\/www.radiopiu.net\/wordpress\/wp-content\/uploads\/2023\/04\/398cd7ac-c171-46e1-8dac-5cc5e31dab4d.jpg'><img loading=\"lazy\" decoding=\"async\" width=\"150\" height=\"150\" src=\"https:\/\/www.radiopiu.net\/wordpress\/wp-content\/uploads\/2023\/04\/398cd7ac-c171-46e1-8dac-5cc5e31dab4d-150x150.jpg\" class=\"attachment-thumbnail size-thumbnail\" alt=\"\" \/><\/a>\n\t\t\t\t<\/dt><\/dl><dl class='gallery-item'>\n\t\t\t\t<dt class='gallery-icon landscape'>\n\t\t\t\t\t<a class=\"rollover rollover-zoom dt-pswp-item\" title=\"3644b514-a3c1-426c-8be0-7a26bcafe172\" data-dt-img-description=\"\" data-large_image_width=\"1600\" data-large_image_height=\"1200\"href='https:\/\/www.radiopiu.net\/wordpress\/wp-content\/uploads\/2023\/04\/3644b514-a3c1-426c-8be0-7a26bcafe172.jpg'><img loading=\"lazy\" decoding=\"async\" width=\"150\" height=\"150\" src=\"https:\/\/www.radiopiu.net\/wordpress\/wp-content\/uploads\/2023\/04\/3644b514-a3c1-426c-8be0-7a26bcafe172-150x150.jpg\" class=\"attachment-thumbnail size-thumbnail\" alt=\"\" \/><\/a>\n\t\t\t\t<\/dt><\/dl><br style=\"clear: both\" \/><dl class='gallery-item'>\n\t\t\t\t<dt class='gallery-icon landscape'>\n\t\t\t\t\t<a class=\"rollover rollover-zoom dt-pswp-item\" title=\"8038d1a8-13be-4183-81e0-33621a3cec21\" data-dt-img-description=\"\" data-large_image_width=\"1600\" data-large_image_height=\"1200\"href='https:\/\/www.radiopiu.net\/wordpress\/wp-content\/uploads\/2023\/04\/8038d1a8-13be-4183-81e0-33621a3cec21.jpg'><img loading=\"lazy\" decoding=\"async\" width=\"150\" height=\"150\" src=\"https:\/\/www.radiopiu.net\/wordpress\/wp-content\/uploads\/2023\/04\/8038d1a8-13be-4183-81e0-33621a3cec21-150x150.jpg\" class=\"attachment-thumbnail size-thumbnail\" alt=\"\" \/><\/a>\n\t\t\t\t<\/dt><\/dl><dl class='gallery-item'>\n\t\t\t\t<dt class='gallery-icon landscape'>\n\t\t\t\t\t<a class=\"rollover rollover-zoom dt-pswp-item\" title=\"a24af9c6-4cda-473f-959c-237cd145447e\" data-dt-img-description=\"\" data-large_image_width=\"1600\" data-large_image_height=\"1200\"href='https:\/\/www.radiopiu.net\/wordpress\/wp-content\/uploads\/2023\/04\/a24af9c6-4cda-473f-959c-237cd145447e.jpg'><img loading=\"lazy\" decoding=\"async\" width=\"150\" height=\"150\" src=\"https:\/\/www.radiopiu.net\/wordpress\/wp-content\/uploads\/2023\/04\/a24af9c6-4cda-473f-959c-237cd145447e-150x150.jpg\" class=\"attachment-thumbnail size-thumbnail\" alt=\"\" \/><\/a>\n\t\t\t\t<\/dt><\/dl><dl class='gallery-item'>\n\t\t\t\t<dt class='gallery-icon landscape'>\n\t\t\t\t\t<a class=\"rollover rollover-zoom dt-pswp-item\" title=\"cb36ce84-796c-4ad7-a617-e16d6703e4c5\" data-dt-img-description=\"\" data-large_image_width=\"1600\" data-large_image_height=\"1200\"href='https:\/\/www.radiopiu.net\/wordpress\/wp-content\/uploads\/2023\/04\/cb36ce84-796c-4ad7-a617-e16d6703e4c5.jpg'><img loading=\"lazy\" decoding=\"async\" width=\"150\" height=\"150\" src=\"https:\/\/www.radiopiu.net\/wordpress\/wp-content\/uploads\/2023\/04\/cb36ce84-796c-4ad7-a617-e16d6703e4c5-150x150.jpg\" class=\"attachment-thumbnail size-thumbnail\" alt=\"\" \/><\/a>\n\t\t\t\t<\/dt><\/dl><dl class='gallery-item'>\n\t\t\t\t<dt class='gallery-icon landscape'>\n\t\t\t\t\t<a class=\"rollover rollover-zoom dt-pswp-item\" title=\"d51d3ce8-df8a-45de-a2f0-d95dec626197\" data-dt-img-description=\"\" data-large_image_width=\"1600\" data-large_image_height=\"1200\"href='https:\/\/www.radiopiu.net\/wordpress\/wp-content\/uploads\/2023\/04\/d51d3ce8-df8a-45de-a2f0-d95dec626197.jpg'><img loading=\"lazy\" decoding=\"async\" width=\"150\" height=\"150\" src=\"https:\/\/www.radiopiu.net\/wordpress\/wp-content\/uploads\/2023\/04\/d51d3ce8-df8a-45de-a2f0-d95dec626197-150x150.jpg\" class=\"attachment-thumbnail size-thumbnail\" alt=\"\" \/><\/a>\n\t\t\t\t<\/dt><\/dl><dl class='gallery-item'>\n\t\t\t\t<dt class='gallery-icon landscape'>\n\t\t\t\t\t<a class=\"rollover rollover-zoom dt-pswp-item\" title=\"e58f0fea-a9d7-4090-a5cf-d1aae41dd84f\" data-dt-img-description=\"\" data-large_image_width=\"1600\" data-large_image_height=\"1200\"href='https:\/\/www.radiopiu.net\/wordpress\/wp-content\/uploads\/2023\/04\/e58f0fea-a9d7-4090-a5cf-d1aae41dd84f.jpg'><img loading=\"lazy\" decoding=\"async\" width=\"150\" height=\"150\" src=\"https:\/\/www.radiopiu.net\/wordpress\/wp-content\/uploads\/2023\/04\/e58f0fea-a9d7-4090-a5cf-d1aae41dd84f-150x150.jpg\" class=\"attachment-thumbnail size-thumbnail\" alt=\"\" \/><\/a>\n\t\t\t\t<\/dt><\/dl><dl class='gallery-item'>\n\t\t\t\t<dt class='gallery-icon landscape'>\n\t\t\t\t\t<a class=\"rollover rollover-zoom dt-pswp-item\" title=\"f01183dd-3d59-4663-9789-0845b5a980f1\" data-dt-img-description=\"\" data-large_image_width=\"1600\" data-large_image_height=\"1200\"href='https:\/\/www.radiopiu.net\/wordpress\/wp-content\/uploads\/2023\/04\/f01183dd-3d59-4663-9789-0845b5a980f1.jpg'><img loading=\"lazy\" decoding=\"async\" width=\"150\" height=\"150\" src=\"https:\/\/www.radiopiu.net\/wordpress\/wp-content\/uploads\/2023\/04\/f01183dd-3d59-4663-9789-0845b5a980f1-150x150.jpg\" class=\"attachment-thumbnail size-thumbnail\" alt=\"\" \/><\/a>\n\t\t\t\t<\/dt><\/dl><br style=\"clear: both\" \/>\n\t\t\t<\/div>\n\n<p>&nbsp;<\/p>\n<p><strong>TAIBON (video: Gianni Santomaso)<\/strong><\/p>\n<div style=\"width: 640px;\" class=\"wp-video\"><video class=\"wp-video-shortcode\" id=\"video-332859-3\" width=\"640\" height=\"352\" preload=\"metadata\" controls=\"controls\"><source type=\"video\/mp4\" src=\"https:\/\/www.radiopiu.net\/wordpress\/wp-content\/uploads\/2023\/04\/WhatsApp-Video-2023-04-25-at-13.26.35.mp4?_=3\" \/><a href=\"https:\/\/www.radiopiu.net\/wordpress\/wp-content\/uploads\/2023\/04\/WhatsApp-Video-2023-04-25-at-13.26.35.mp4\">https:\/\/www.radiopiu.net\/wordpress\/wp-content\/uploads\/2023\/04\/WhatsApp-Video-2023-04-25-at-13.26.35.mp4<\/a><\/video><\/div>\n<p>&nbsp;<\/p>\n<hr \/>\n<p>&nbsp;<\/p>\n<blockquote>\n<h3>LE CELEBRAZIONI DELLA FESTA DELLA LIBERAZIONE A BELLUNO<\/h3>\n<\/blockquote>\n<p><strong>BELLUNO<\/strong> Anche a Belluno si \u00e8 celebrato il 25 aprile. Il sindaco Oscar De Pellegrin ha fatto il suo discorso in Piazza dei Martiri. &#8220;Si festeggia il 78esimo anniversario della liberazione del nostro Paese\u00a0\u00a0dal governo fascista e dall&#8217;occupazione nazista, si festeggiano l\u2019impegno e il sacrificio di migliaia di cittadini che hanno preso parte alla Resistenza strappando di fatto la propria libert\u00e0 dalle mani di un regime che la teneva in ostaggio &#8211; le parole del sindaco di Belluno nel suo discorso &#8211;\u00a0 Vorrei fare due riflessioni, oggi, brevi. La prima \u00e8 sul valore, sul concetto profondo del termine libert\u00e0 e su quanto sia fortemente collegato ai concetti di democrazia e comunit\u00e0. La libert\u00e0 non \u00e8 assenza totale di regole e pieno potere di fare ci\u00f2 che si desidera senza alcun limite. Questo renderebbe difficile la convivenza, perch\u00e9 una societ\u00e0 per garantire il rispetto di tutti e l\u2019uguaglianza deve basarsi sul rispetto di regole che sanciscono diritti e doveri. Al contrario, si rischia la prevaricazione del pi\u00f9 forte. E allora non \u00e8 pi\u00f9 libert\u00e0 ma dittatura. L\u2019eccesso di libert\u00e0, il suo estremismo diventa negazione di essa e scivola nel suo opposto. La libert\u00e0 senza impedimenti diventa dittatura, annulla il vivere civile tra le persone e annulla il concetto stesso di desiderio. Per questo possiamo dire che la nostra libert\u00e0 di singole persone non esiste al di fuori di un sistema sociale, di un gruppo di appartenenza e di regole precise. E\u2019 la comunit\u00e0, il nostro vivere insieme, a dare valore alla nostra libert\u00e0 e a rendere le nostre scelte importanti per la vita nostra e degli altri. Per questo libert\u00e0 e comunit\u00e0 sono strettamente legati tra loro. Non c\u2019\u00e8 libert\u00e0 dove non c\u2019\u00e8 comunit\u00e0. Il mio augurio, oggi, \u00e8 di riuscire sempre a sentirci liberi, liberi di scegliere nel rispetto nostro e degli altri all\u2019interno di una comunit\u00e0 che le nostre scelte, proprio perch\u00e9 siamo in democrazia, le rispetta. Non dobbiamo mai dare per scontata questa libert\u00e0, la storia ci insegna che non \u00e8 sempre stato cos\u00ec. La costituzione sancisce l\u2019uguaglianza\u00a0\u00a0e l\u2019integrazione di tutti. Nondimeno questi valori li dobbiamo difendere e non considerarli come qualcosa di conquistato una volta per sempre, di scontato. La lotta per l\u2019affermazione della libert\u00e0 e dell\u2019uguaglianza \u00e8 parte della nostra identit\u00e0 di popolo italiano, \u00e8 la base morale della nostra democrazia e va ricordata, tutelata, raccontata e tramandata perch\u00e9 una comunit\u00e0 vive e si nutre anche della propria storia e dell\u2019esempio di chi si \u00e8 speso per proteggerne i valori e la stessa esistenza&#8221;.<\/p>\n\n\t\t\t<style type='text\/css'>\n\t\t\t\t#gallery-4 {\n\t\t\t\t\tmargin: auto;\n\t\t\t\t}\n\t\t\t\t#gallery-4 .gallery-item {\n\t\t\t\t\tfloat: left;\n\t\t\t\t\tmargin-top: 10px;\n\t\t\t\t\ttext-align: center;\n\t\t\t\t\twidth: 16%;\n\t\t\t\t}\n\t\t\t\t#gallery-4 img {\n\t\t\t\t\tborder: 2px solid #cfcfcf;\n\t\t\t\t}\n\t\t\t\t#gallery-4 .gallery-caption {\n\t\t\t\t\tmargin-left: 0;\n\t\t\t\t}\n\t\t\t\t\/* see gallery_shortcode() in wp-includes\/media.php *\/\n\t\t\t<\/style>\n\t\t<div id='gallery-4' class='dt-gallery-container gallery galleryid-332859 gallery-columns-6 gallery-size-thumbnail'><dl class='gallery-item'>\n\t\t\t\t<dt class='gallery-icon landscape'>\n\t\t\t\t\t<a class=\"rollover rollover-zoom dt-pswp-item\" title=\"image00001\" data-dt-img-description=\"\" data-large_image_width=\"2560\" data-large_image_height=\"1920\"href='https:\/\/www.radiopiu.net\/wordpress\/wp-content\/uploads\/2023\/04\/image00001-1-scaled.jpeg'><img loading=\"lazy\" decoding=\"async\" width=\"150\" height=\"150\" src=\"https:\/\/www.radiopiu.net\/wordpress\/wp-content\/uploads\/2023\/04\/image00001-1-150x150.jpeg\" class=\"attachment-thumbnail size-thumbnail\" alt=\"\" \/><\/a>\n\t\t\t\t<\/dt><\/dl><dl class='gallery-item'>\n\t\t\t\t<dt class='gallery-icon landscape'>\n\t\t\t\t\t<a class=\"rollover rollover-zoom dt-pswp-item\" title=\"image00002\" data-dt-img-description=\"\" data-large_image_width=\"2560\" data-large_image_height=\"1920\"href='https:\/\/www.radiopiu.net\/wordpress\/wp-content\/uploads\/2023\/04\/image00002-1-scaled.jpeg'><img loading=\"lazy\" decoding=\"async\" width=\"150\" height=\"150\" src=\"https:\/\/www.radiopiu.net\/wordpress\/wp-content\/uploads\/2023\/04\/image00002-1-150x150.jpeg\" class=\"attachment-thumbnail size-thumbnail\" alt=\"\" \/><\/a>\n\t\t\t\t<\/dt><\/dl><dl class='gallery-item'>\n\t\t\t\t<dt class='gallery-icon landscape'>\n\t\t\t\t\t<a class=\"rollover rollover-zoom dt-pswp-item\" title=\"image00006\" data-dt-img-description=\"\" data-large_image_width=\"2560\" data-large_image_height=\"1920\"href='https:\/\/www.radiopiu.net\/wordpress\/wp-content\/uploads\/2023\/04\/image00006-scaled.jpeg'><img loading=\"lazy\" decoding=\"async\" width=\"150\" height=\"150\" src=\"https:\/\/www.radiopiu.net\/wordpress\/wp-content\/uploads\/2023\/04\/image00006-150x150.jpeg\" class=\"attachment-thumbnail size-thumbnail\" alt=\"\" \/><\/a>\n\t\t\t\t<\/dt><\/dl><dl class='gallery-item'>\n\t\t\t\t<dt class='gallery-icon landscape'>\n\t\t\t\t\t<a class=\"rollover rollover-zoom dt-pswp-item\" title=\"image00009\" data-dt-img-description=\"\" data-large_image_width=\"2560\" data-large_image_height=\"1920\"href='https:\/\/www.radiopiu.net\/wordpress\/wp-content\/uploads\/2023\/04\/image00009-scaled.jpeg'><img loading=\"lazy\" decoding=\"async\" width=\"150\" height=\"150\" src=\"https:\/\/www.radiopiu.net\/wordpress\/wp-content\/uploads\/2023\/04\/image00009-150x150.jpeg\" class=\"attachment-thumbnail size-thumbnail\" alt=\"\" \/><\/a>\n\t\t\t\t<\/dt><\/dl><dl class='gallery-item'>\n\t\t\t\t<dt class='gallery-icon landscape'>\n\t\t\t\t\t<a class=\"rollover rollover-zoom dt-pswp-item\" title=\"image00010\" data-dt-img-description=\"\" data-large_image_width=\"2560\" data-large_image_height=\"1920\"href='https:\/\/www.radiopiu.net\/wordpress\/wp-content\/uploads\/2023\/04\/image00010-scaled.jpeg'><img loading=\"lazy\" decoding=\"async\" width=\"150\" height=\"150\" src=\"https:\/\/www.radiopiu.net\/wordpress\/wp-content\/uploads\/2023\/04\/image00010-150x150.jpeg\" class=\"attachment-thumbnail size-thumbnail\" alt=\"\" \/><\/a>\n\t\t\t\t<\/dt><\/dl><dl class='gallery-item'>\n\t\t\t\t<dt class='gallery-icon landscape'>\n\t\t\t\t\t<a class=\"rollover rollover-zoom dt-pswp-item\" title=\"image00011\" data-dt-img-description=\"\" data-large_image_width=\"2560\" data-large_image_height=\"1920\"href='https:\/\/www.radiopiu.net\/wordpress\/wp-content\/uploads\/2023\/04\/image00011-scaled.jpeg'><img loading=\"lazy\" decoding=\"async\" width=\"150\" height=\"150\" src=\"https:\/\/www.radiopiu.net\/wordpress\/wp-content\/uploads\/2023\/04\/image00011-150x150.jpeg\" class=\"attachment-thumbnail size-thumbnail\" alt=\"\" \/><\/a>\n\t\t\t\t<\/dt><\/dl><br style=\"clear: both\" \/><dl class='gallery-item'>\n\t\t\t\t<dt class='gallery-icon landscape'>\n\t\t\t\t\t<a class=\"rollover rollover-zoom dt-pswp-item\" title=\"image00012\" data-dt-img-description=\"\" data-large_image_width=\"2560\" data-large_image_height=\"1920\"href='https:\/\/www.radiopiu.net\/wordpress\/wp-content\/uploads\/2023\/04\/image00012-scaled.jpeg'><img loading=\"lazy\" decoding=\"async\" width=\"150\" height=\"150\" src=\"https:\/\/www.radiopiu.net\/wordpress\/wp-content\/uploads\/2023\/04\/image00012-150x150.jpeg\" class=\"attachment-thumbnail size-thumbnail\" alt=\"\" \/><\/a>\n\t\t\t\t<\/dt><\/dl><dl class='gallery-item'>\n\t\t\t\t<dt class='gallery-icon landscape'>\n\t\t\t\t\t<a class=\"rollover rollover-zoom dt-pswp-item\" title=\"image00013\" data-dt-img-description=\"\" data-large_image_width=\"2560\" data-large_image_height=\"1920\"href='https:\/\/www.radiopiu.net\/wordpress\/wp-content\/uploads\/2023\/04\/image00013-scaled.jpeg'><img loading=\"lazy\" decoding=\"async\" width=\"150\" height=\"150\" src=\"https:\/\/www.radiopiu.net\/wordpress\/wp-content\/uploads\/2023\/04\/image00013-150x150.jpeg\" class=\"attachment-thumbnail size-thumbnail\" alt=\"\" \/><\/a>\n\t\t\t\t<\/dt><\/dl><dl class='gallery-item'>\n\t\t\t\t<dt class='gallery-icon landscape'>\n\t\t\t\t\t<a class=\"rollover rollover-zoom dt-pswp-item\" title=\"image00014\" data-dt-img-description=\"\" data-large_image_width=\"2560\" data-large_image_height=\"1920\"href='https:\/\/www.radiopiu.net\/wordpress\/wp-content\/uploads\/2023\/04\/image00014-scaled.jpeg'><img loading=\"lazy\" decoding=\"async\" width=\"150\" height=\"150\" src=\"https:\/\/www.radiopiu.net\/wordpress\/wp-content\/uploads\/2023\/04\/image00014-150x150.jpeg\" class=\"attachment-thumbnail size-thumbnail\" alt=\"\" \/><\/a>\n\t\t\t\t<\/dt><\/dl><dl class='gallery-item'>\n\t\t\t\t<dt class='gallery-icon landscape'>\n\t\t\t\t\t<a class=\"rollover rollover-zoom dt-pswp-item\" title=\"image00015\" data-dt-img-description=\"\" data-large_image_width=\"2560\" data-large_image_height=\"1920\"href='https:\/\/www.radiopiu.net\/wordpress\/wp-content\/uploads\/2023\/04\/image00015-scaled.jpeg'><img loading=\"lazy\" decoding=\"async\" width=\"150\" height=\"150\" src=\"https:\/\/www.radiopiu.net\/wordpress\/wp-content\/uploads\/2023\/04\/image00015-150x150.jpeg\" class=\"attachment-thumbnail size-thumbnail\" alt=\"\" \/><\/a>\n\t\t\t\t<\/dt><\/dl><dl class='gallery-item'>\n\t\t\t\t<dt class='gallery-icon landscape'>\n\t\t\t\t\t<a class=\"rollover rollover-zoom dt-pswp-item\" title=\"image00016\" data-dt-img-description=\"\" data-large_image_width=\"2560\" data-large_image_height=\"1920\"href='https:\/\/www.radiopiu.net\/wordpress\/wp-content\/uploads\/2023\/04\/image00016-scaled.jpeg'><img loading=\"lazy\" decoding=\"async\" width=\"150\" height=\"150\" src=\"https:\/\/www.radiopiu.net\/wordpress\/wp-content\/uploads\/2023\/04\/image00016-150x150.jpeg\" class=\"attachment-thumbnail size-thumbnail\" alt=\"\" \/><\/a>\n\t\t\t\t<\/dt><\/dl><dl class='gallery-item'>\n\t\t\t\t<dt class='gallery-icon landscape'>\n\t\t\t\t\t<a class=\"rollover rollover-zoom dt-pswp-item\" title=\"image00017\" data-dt-img-description=\"\" data-large_image_width=\"2560\" data-large_image_height=\"1920\"href='https:\/\/www.radiopiu.net\/wordpress\/wp-content\/uploads\/2023\/04\/image00017-scaled.jpeg'><img loading=\"lazy\" decoding=\"async\" width=\"150\" height=\"150\" src=\"https:\/\/www.radiopiu.net\/wordpress\/wp-content\/uploads\/2023\/04\/image00017-150x150.jpeg\" class=\"attachment-thumbnail size-thumbnail\" alt=\"\" \/><\/a>\n\t\t\t\t<\/dt><\/dl><br style=\"clear: both\" \/>\n\t\t\t<\/div>\n\n<p>&nbsp;<\/p>\n<blockquote>\n<h3>CELEBRATO A FELTRE IL 78ESIMO ANNIVERSARIO DELLA LIBERAZIONE<\/h3>\n<\/blockquote>\n<p><strong>FELTRE <\/strong>La citt\u00e0 di Feltre ha celebrato il 78esimo anniversario della Liberazione con una cerimonia che ha preso il via da Piazza Isola. Da qui il folto corteo dei partecipanti, preceduto dalla Banda Comunale e guidato dal sindaco Fusaro con numerosi membri dell\u2019Amministrazione e del Consiglio comunale, ha attraversato il centro citt\u00e0 sino a raggiungere il Monumento ai Caduti, dinnanzi al viale che porta al cimitero urbano. Alla presenza delle autorit\u00e0 civili &#8211; presenti, tra gli altri, il consigliere regionale Giovanni Puppato, il sindaco di Santa Giustina Ivan Minella\u00a0 e il consigliere delegato del Comune di Pedavena Luca Pannilunghi -, dei rappresentanti delle Forze dell\u2019Ordine e di quelli delle associazioni combattentistiche e d\u2019arma con i loro vessilli e di alcuni giovani della Rete degli Studenti Medi di Feltre, le note dell\u2019inno nazionale hanno accompagnato l\u2019alzabandiera e preceduto la deposizione di una corona d\u2019alloro ai piedi del monumento. Ha quindi preso la parola per un breve intervento il sindaco di Feltre Viviana Fusaro. \u201cSettantotto anni sono trascorsi da quel lontano aprile del 1945 in cui fra le rovine, le macerie, la distruzione e la morte il popolo italiano scese nelle strade e nelle piazze ad inneggiare alla riconquistata libert\u00e0, dimentico di tutte le sofferenze patite per anni, desideroso solo di respirare quell\u2019aria che per molti era una novit\u00e0 e per altri, i pi\u00f9 anziani, solo un ricordo. Un ricordo \u2013 ha detto il sindaco nel suo intervento \u2013 che accomuna tutti i caduti e li eleva nella reverente memoria; non implica rancore o esaltazione di vittoria cruenta, ma il rinnovamento di un impegno assunto in circostanze storicamente eccezionali e tuttora valido e di stimolo\u201d.<\/p>\n\n\t\t\t<style type='text\/css'>\n\t\t\t\t#gallery-5 {\n\t\t\t\t\tmargin: auto;\n\t\t\t\t}\n\t\t\t\t#gallery-5 .gallery-item {\n\t\t\t\t\tfloat: left;\n\t\t\t\t\tmargin-top: 10px;\n\t\t\t\t\ttext-align: center;\n\t\t\t\t\twidth: 33%;\n\t\t\t\t}\n\t\t\t\t#gallery-5 img {\n\t\t\t\t\tborder: 2px solid #cfcfcf;\n\t\t\t\t}\n\t\t\t\t#gallery-5 .gallery-caption {\n\t\t\t\t\tmargin-left: 0;\n\t\t\t\t}\n\t\t\t\t\/* see gallery_shortcode() in wp-includes\/media.php *\/\n\t\t\t<\/style>\n\t\t<div id='gallery-5' class='dt-gallery-container gallery galleryid-332859 gallery-columns-3 gallery-size-medium'><dl class='gallery-item'>\n\t\t\t\t<dt class='gallery-icon landscape'>\n\t\t\t\t\t<a class=\"rollover rollover-zoom dt-pswp-item\" title=\"Cerimonia Feltre (1)\" data-dt-img-description=\"\" data-large_image_width=\"1920\" data-large_image_height=\"1080\"href='https:\/\/www.radiopiu.net\/wordpress\/wp-content\/uploads\/2023\/04\/Cerimonia-Feltre-1.jpg'><img loading=\"lazy\" decoding=\"async\" width=\"300\" height=\"169\" src=\"https:\/\/www.radiopiu.net\/wordpress\/wp-content\/uploads\/2023\/04\/Cerimonia-Feltre-1-300x169.jpg\" class=\"attachment-medium size-medium\" alt=\"\" srcset=\"https:\/\/www.radiopiu.net\/wordpress\/wp-content\/uploads\/2023\/04\/Cerimonia-Feltre-1-300x169.jpg 300w, https:\/\/www.radiopiu.net\/wordpress\/wp-content\/uploads\/2023\/04\/Cerimonia-Feltre-1-1024x576.jpg 1024w, https:\/\/www.radiopiu.net\/wordpress\/wp-content\/uploads\/2023\/04\/Cerimonia-Feltre-1-768x432.jpg 768w, https:\/\/www.radiopiu.net\/wordpress\/wp-content\/uploads\/2023\/04\/Cerimonia-Feltre-1-1536x864.jpg 1536w, https:\/\/www.radiopiu.net\/wordpress\/wp-content\/uploads\/2023\/04\/Cerimonia-Feltre-1.jpg 1920w\" sizes=\"auto, (max-width: 300px) 100vw, 300px\" \/><\/a>\n\t\t\t\t<\/dt><\/dl><dl class='gallery-item'>\n\t\t\t\t<dt class='gallery-icon landscape'>\n\t\t\t\t\t<a class=\"rollover rollover-zoom dt-pswp-item\" title=\"Cerimonia Feltre (2)\" data-dt-img-description=\"\" data-large_image_width=\"1920\" data-large_image_height=\"1080\"href='https:\/\/www.radiopiu.net\/wordpress\/wp-content\/uploads\/2023\/04\/Cerimonia-Feltre-2.jpg'><img loading=\"lazy\" decoding=\"async\" width=\"300\" height=\"169\" src=\"https:\/\/www.radiopiu.net\/wordpress\/wp-content\/uploads\/2023\/04\/Cerimonia-Feltre-2-300x169.jpg\" class=\"attachment-medium size-medium\" alt=\"\" srcset=\"https:\/\/www.radiopiu.net\/wordpress\/wp-content\/uploads\/2023\/04\/Cerimonia-Feltre-2-300x169.jpg 300w, https:\/\/www.radiopiu.net\/wordpress\/wp-content\/uploads\/2023\/04\/Cerimonia-Feltre-2-1024x576.jpg 1024w, https:\/\/www.radiopiu.net\/wordpress\/wp-content\/uploads\/2023\/04\/Cerimonia-Feltre-2-768x432.jpg 768w, https:\/\/www.radiopiu.net\/wordpress\/wp-content\/uploads\/2023\/04\/Cerimonia-Feltre-2-1536x864.jpg 1536w, https:\/\/www.radiopiu.net\/wordpress\/wp-content\/uploads\/2023\/04\/Cerimonia-Feltre-2.jpg 1920w\" sizes=\"auto, (max-width: 300px) 100vw, 300px\" \/><\/a>\n\t\t\t\t<\/dt><\/dl><dl class='gallery-item'>\n\t\t\t\t<dt class='gallery-icon landscape'>\n\t\t\t\t\t<a class=\"rollover rollover-zoom dt-pswp-item\" title=\"Cerimonia Feltre (3)\" data-dt-img-description=\"\" data-large_image_width=\"1920\" data-large_image_height=\"1080\"href='https:\/\/www.radiopiu.net\/wordpress\/wp-content\/uploads\/2023\/04\/Cerimonia-Feltre-3.jpg'><img loading=\"lazy\" decoding=\"async\" width=\"300\" height=\"169\" src=\"https:\/\/www.radiopiu.net\/wordpress\/wp-content\/uploads\/2023\/04\/Cerimonia-Feltre-3-300x169.jpg\" class=\"attachment-medium size-medium\" alt=\"\" srcset=\"https:\/\/www.radiopiu.net\/wordpress\/wp-content\/uploads\/2023\/04\/Cerimonia-Feltre-3-300x169.jpg 300w, https:\/\/www.radiopiu.net\/wordpress\/wp-content\/uploads\/2023\/04\/Cerimonia-Feltre-3-1024x576.jpg 1024w, https:\/\/www.radiopiu.net\/wordpress\/wp-content\/uploads\/2023\/04\/Cerimonia-Feltre-3-768x432.jpg 768w, https:\/\/www.radiopiu.net\/wordpress\/wp-content\/uploads\/2023\/04\/Cerimonia-Feltre-3-1536x864.jpg 1536w, https:\/\/www.radiopiu.net\/wordpress\/wp-content\/uploads\/2023\/04\/Cerimonia-Feltre-3.jpg 1920w\" sizes=\"auto, (max-width: 300px) 100vw, 300px\" \/><\/a>\n\t\t\t\t<\/dt><\/dl><br style=\"clear: both\" \/>\n\t\t\t<\/div>\n\n<p>&nbsp;<\/p>\n<hr \/>\n<p>&nbsp;<\/p>\n<blockquote>\n<h3>AGORDO RISOLVE TEMPORANEAMENTE IL PROBLEMA DEL CAPO UFFICIO TECNICO<\/h3>\n<\/blockquote>\n<p><strong><a class=\"dt-pswp-item\" href=\"https:\/\/www.radiopiu.net\/wordpress\/wp-content\/uploads\/2022\/12\/MUNICIPIO-AGORDO.png\" data-dt-img-description=\"\" data-large_image_width=\"1890\" data-large_image_height=\"1210\"><img loading=\"lazy\" decoding=\"async\" class=\" wp-image-309882 alignleft\" src=\"https:\/\/www.radiopiu.net\/wordpress\/wp-content\/uploads\/2022\/12\/MUNICIPIO-AGORDO-300x192.png\" alt=\"\" width=\"192\" height=\"123\" srcset=\"https:\/\/www.radiopiu.net\/wordpress\/wp-content\/uploads\/2022\/12\/MUNICIPIO-AGORDO-300x192.png 300w, https:\/\/www.radiopiu.net\/wordpress\/wp-content\/uploads\/2022\/12\/MUNICIPIO-AGORDO-1024x656.png 1024w, https:\/\/www.radiopiu.net\/wordpress\/wp-content\/uploads\/2022\/12\/MUNICIPIO-AGORDO-768x492.png 768w, https:\/\/www.radiopiu.net\/wordpress\/wp-content\/uploads\/2022\/12\/MUNICIPIO-AGORDO-1536x983.png 1536w, https:\/\/www.radiopiu.net\/wordpress\/wp-content\/uploads\/2022\/12\/MUNICIPIO-AGORDO.png 1890w\" sizes=\"auto, (max-width: 192px) 100vw, 192px\" \/><\/a>AGORDO<\/strong><\/p>\n<p>di Gianni Santomaso<\/p>\n<audio class=\"wp-audio-shortcode\" id=\"audio-332859-3\" preload=\"none\" style=\"width: 100%;\" controls=\"controls\"><source type=\"audio\/mpeg\" src=\"https:\/\/www.radiopiu.net\/wordpress\/wp-content\/uploads\/2023\/04\/GIANNI-AGORDO-RISOLVE-TEMPORANEAMENTE-IL-PROBLEMA-DEL-CAPO-UFFICIO-TECNICO.mp3?_=3\" \/><a href=\"https:\/\/www.radiopiu.net\/wordpress\/wp-content\/uploads\/2023\/04\/GIANNI-AGORDO-RISOLVE-TEMPORANEAMENTE-IL-PROBLEMA-DEL-CAPO-UFFICIO-TECNICO.mp3\">https:\/\/www.radiopiu.net\/wordpress\/wp-content\/uploads\/2023\/04\/GIANNI-AGORDO-RISOLVE-TEMPORANEAMENTE-IL-PROBLEMA-DEL-CAPO-UFFICIO-TECNICO.mp3<\/a><\/audio>\n<p>&nbsp;<\/p>\n<hr \/>\n<p>&nbsp;<\/p>\n<p>&nbsp;<\/p>\n<blockquote>\n<h3>ENNESIMO RICORSO CONTRO UN COMUNE, ANCHE A CANALE D&#8217;AGORDO AUTOVELOX NON A NORMA<\/h3>\n<\/blockquote>\n<p><strong>REDAZIONE<\/strong> Gli avvocati di altvelox.it informano che l<span class=\"_2PHJq public-DraftStyleDefault-ltr\">&#8216;autovelox utilizzato dal Comune di Canale d&#8217;Agordo non ha i previsti requisiti di legge e pertanto il ricorso deve essere accolto e la sanzione annullata.\u00a0 Ad oggi MIGLIORE TUTELA ha fatto accogliere circa 300 ricorsi con l&#8217;annullamento di almeno 350 sanzioni. <\/span><\/p>\n<p id=\"viewer-358ah\" class=\"mm8Nw _1j-51 WkT0MK _1FoOD _78FBa qEvi6J WkT0MK public-DraftStyleDefault-block-depth0 fixed-tab-size public-DraftStyleDefault-text-ltr\"><span class=\"_2PHJq public-DraftStyleDefault-ltr\"><strong><u class=\"_3zM-5\">IL FATTO <\/u><\/strong><\/span><span class=\"_2PHJq public-DraftStyleDefault-ltr\">Il ricorrente (Omissis), difeso dall&#8217;<a class=\"_3Bkfb _1lsz7\" href=\"https:\/\/lexco.it\/chi-siamo\/lucio-martignago\/\" target=\"_blank\" rel=\"noopener noreferrer\" data-hook=\"linkViewer\"><u class=\"_3zM-5\">Avvocato Lucio Martignago<\/u><\/a>, del Foro di Treviso, ha proposto ricorso avverso la sanzione emessa dal Comune di Canale d&#8217;Agordo il 28 febbraio 2022, per aver superato il limite massimo della velocit\u00e0. <\/span><span class=\"_2PHJq public-DraftStyleDefault-ltr\">Il ricorrente impugnava la sanzione poich\u00e8 certo di non aver superato il limite, constatava che l&#8217;autovelox utilizzato dal Comune di Canale d&#8217;Agordo &#8211; modello <strong>VELOMATIC 512D<\/strong> non aveva il previsto documento della positiva omologazione e delle previste tarature periodiche. <\/span><\/p>\n<div id=\"viewer-a4mta\" class=\"_2vd5k iG0hRj\">\n<div class=\"_3VL_9 wwoDlD wwoDlD _3vo3y b0eH1G b0eH1G\">\n<div class=\"_2kEVY\" tabindex=\"0\" role=\"button\" data-hook=\"imageViewer\">\n<div class=\"\"><strong><u class=\"_3zM-5\">LA SENTENZA\u00a0 i<\/u><\/strong>l <strong><u class=\"_3zM-5\">G.d.P. di Belluno che ha accolto e sospeso la sanzione de<\/u><\/strong>l <strong><u class=\"_3zM-5\">Dottor Gianni Bottoli\u00a0<\/u><\/strong><\/div>\n<div><\/div>\n<\/div>\n<\/div>\n<\/div>\n<p id=\"viewer-ccv5i\" class=\"mm8Nw _1j-51 WkT0MK _1FoOD _78FBa qEvi6J WkT0MK public-DraftStyleDefault-block-depth0 fixed-tab-size public-DraftStyleDefault-text-ltr\"><span class=\"_2PHJq public-DraftStyleDefault-ltr\"><em>&#8220;In diritto la Cassazione, con ordinanza .n 29625\/2022, ha gi\u00e0 avuto modo di osservare che: &#8220;dovendo le apparecchiature di misurazione della velocit\u00e0 essere periodicamente tarate e verificate , in presenza di contestazione da parte del soggetto sanzionato, spetta all&#8217;Amministrazione la prova positiva dell&#8217;iniziale omologazione e della periodica taratura dellostrumento. <\/em><\/span><span class=\"_2PHJq public-DraftStyleDefault-ltr\"><em>In fatto, nel caso concreto in esame, parte opposta non ha provato che l&#8217;apparecchiatura di controllo elettronico della velocit\u00e0 fosse omologata (o approvata) e tarata, per le ragioni che seguono. In ordine all&#8217;omologazione, l&#8217;amministrazione, senza spiegazione alcuna, ha dimesso decreto di approvazione datato8.3.2021, diverso rispetto ai decreti di approvazione indicati nel verbale opposto, tutti di data anteriore e che fanno riferimento a prototipo di apparecchiatura di rilevazione della velocit\u00e0 diverso, anche se sempre denominato Velomatic 512D (come emerge dal decreto dimesso). La prova sotto tale profilo \u00e8quindi contraddittoria ed insufficiente. In ordine alla taratura, \u00e8 stato dimesso certificato datato 21.6.2019 e quindi di oltre un anno prima rispetto alla violazione del codice della strada in oggetto. <\/em><\/span><span class=\"_2PHJq public-DraftStyleDefault-ltr\"><em><u class=\"_3zM-5\">Si ritiene quindi che la prova della violazione del codice della strada in esame sia insufficiente, in quanto lo strumento di misura della velocit\u00e0 non aveva un grado sufficiente di affidabilit\u00e0&#8221;.<\/u><\/em><\/span><\/p>\n<div data-hook=\"rcv-block20\"><\/div>\n<p id=\"viewer-d3abb\" class=\"mm8Nw _1j-51 WkT0MK _1FoOD _78FBa qEvi6J WkT0MK public-DraftStyleDefault-block-depth0 fixed-tab-size public-DraftStyleDefault-text-ltr\"><span class=\"_2PHJq public-DraftStyleDefault-ltr\"><strong><u class=\"_3zM-5\">CONCLUSIONI <\/u><\/strong><\/span><span class=\"_2PHJq public-DraftStyleDefault-ltr\">Le norme sull&#8217;uso degli autovelox sono chiare ed inequivocabili, la giurisprudenza della Corte di Cassazione \u00e8 ancora pi\u00f9 chiara, non ultima con la sentenza dello scorso 6 marzo 2023 con la quale cassando il GdP e Tribunale di Roma ha ribadito che il giudice di deve uniformare a quanto segue: <em><strong>&#8220;In caso di contestazioni circa l&#8217;affidabilita\u0300 dell&#8217;apparecchio spetta all&#8217;Amministrazione fornire la prova positiva dell&#8217;iniziale omologazione e della successiva periodica taratura dello strumento, producendo sia le certificazioni di omologazione e conformita\u0300 sia le certificazioni di taratura periodica, non potendosi fondare la prova dell&#8217;esecuzione delle verifiche sulla funzionalita\u0300 ed affidabilita\u0300 dell&#8217;apparecchio sulla mera attestazione contenuta nel verbale di contravvenzione, non rivestendo quest&#8217;ultima fede privilegiata&#8221;. <\/strong><\/em><\/span><\/p>\n<div data-hook=\"rcv-block23\"><\/div>\n<p>&nbsp;<\/p>\n<p>&nbsp;<\/p>\n<hr \/>\n<p>&nbsp;<\/p>\n<blockquote>\n<h3>PATRIMONIO PUBBLICO: UN&#8217;ALTRA ASTA DI VENDITA DESERTA<\/h3>\n<\/blockquote>\n<p><strong><img loading=\"lazy\" decoding=\"async\" class=\"alignleft\" src=\"https:\/\/www.radiopiu.net\/wordpress\/wp-content\/uploads\/2022\/11\/limana.png\" width=\"264\" height=\"184\" \/>LIMANA<\/strong> \u00c8 andata deserta anche la seconda asta di vendita di un&#8217;immobile a Limana ricevuto in dono dal Comune di Belluno; ora si andr\u00e0 a trattativa privata, ma vendere il patrimonio pubblico \u00e8 sempre pi\u00f9 difficile.<\/p>\n<p>&nbsp;<\/p>\n<p><strong>DI DANIELE DALVIT<\/strong><\/p>\n<audio class=\"wp-audio-shortcode\" id=\"audio-332859-4\" preload=\"none\" style=\"width: 100%;\" controls=\"controls\"><source type=\"audio\/mpeg\" src=\"https:\/\/www.radiopiu.net\/wordpress\/wp-content\/uploads\/2023\/04\/Radio-Piu-Servizio-Asta-Limana-deserta.mp3?_=4\" \/><a href=\"https:\/\/www.radiopiu.net\/wordpress\/wp-content\/uploads\/2023\/04\/Radio-Piu-Servizio-Asta-Limana-deserta.mp3\">https:\/\/www.radiopiu.net\/wordpress\/wp-content\/uploads\/2023\/04\/Radio-Piu-Servizio-Asta-Limana-deserta.mp3<\/a><\/audio>\n<p>&nbsp;<\/p>\n<hr \/>\n<p>&nbsp;<\/p>\n<blockquote>\n<h3>DISTRIBUITI I VARI SEMENTI DEL CENTRO ORTI LUPESTRI DI SAN TOMASO<\/h3>\n<\/blockquote>\n<p><strong>SAN TOMASO<\/strong><\/p>\n<p>di Gianni Santomaso<\/p>\n<audio class=\"wp-audio-shortcode\" id=\"audio-332859-5\" preload=\"none\" style=\"width: 100%;\" controls=\"controls\"><source type=\"audio\/mpeg\" src=\"https:\/\/www.radiopiu.net\/wordpress\/wp-content\/uploads\/2023\/04\/GIANNI-DISTRIBUITI-I-VARI-SEMENTI-DEL-CENTRO-ORTI-LUPESTRI-DI-SAN-TOMASO.mp3?_=5\" \/><a href=\"https:\/\/www.radiopiu.net\/wordpress\/wp-content\/uploads\/2023\/04\/GIANNI-DISTRIBUITI-I-VARI-SEMENTI-DEL-CENTRO-ORTI-LUPESTRI-DI-SAN-TOMASO.mp3\">https:\/\/www.radiopiu.net\/wordpress\/wp-content\/uploads\/2023\/04\/GIANNI-DISTRIBUITI-I-VARI-SEMENTI-DEL-CENTRO-ORTI-LUPESTRI-DI-SAN-TOMASO.mp3<\/a><\/audio>\n<p>&nbsp;<\/p>\n\n\t\t\t<style type='text\/css'>\n\t\t\t\t#gallery-6 {\n\t\t\t\t\tmargin: auto;\n\t\t\t\t}\n\t\t\t\t#gallery-6 .gallery-item {\n\t\t\t\t\tfloat: left;\n\t\t\t\t\tmargin-top: 10px;\n\t\t\t\t\ttext-align: center;\n\t\t\t\t\twidth: 50%;\n\t\t\t\t}\n\t\t\t\t#gallery-6 img {\n\t\t\t\t\tborder: 2px solid #cfcfcf;\n\t\t\t\t}\n\t\t\t\t#gallery-6 .gallery-caption {\n\t\t\t\t\tmargin-left: 0;\n\t\t\t\t}\n\t\t\t\t\/* see gallery_shortcode() in wp-includes\/media.php *\/\n\t\t\t<\/style>\n\t\t<div id='gallery-6' class='dt-gallery-container gallery galleryid-332859 gallery-columns-2 gallery-size-medium'><dl class='gallery-item'>\n\t\t\t\t<dt class='gallery-icon landscape'>\n\t\t\t\t\t<a class=\"rollover rollover-zoom dt-pswp-item\" title=\"9041f1df-fff1-4e56-9e15-8d7c1db81874\" data-dt-img-description=\"\" data-large_image_width=\"1600\" data-large_image_height=\"777\"href='https:\/\/www.radiopiu.net\/wordpress\/wp-content\/uploads\/2023\/04\/9041f1df-fff1-4e56-9e15-8d7c1db81874.jpg'><img loading=\"lazy\" decoding=\"async\" width=\"300\" height=\"146\" src=\"https:\/\/www.radiopiu.net\/wordpress\/wp-content\/uploads\/2023\/04\/9041f1df-fff1-4e56-9e15-8d7c1db81874-300x146.jpg\" class=\"attachment-medium size-medium\" alt=\"\" srcset=\"https:\/\/www.radiopiu.net\/wordpress\/wp-content\/uploads\/2023\/04\/9041f1df-fff1-4e56-9e15-8d7c1db81874-300x146.jpg 300w, https:\/\/www.radiopiu.net\/wordpress\/wp-content\/uploads\/2023\/04\/9041f1df-fff1-4e56-9e15-8d7c1db81874-1024x497.jpg 1024w, https:\/\/www.radiopiu.net\/wordpress\/wp-content\/uploads\/2023\/04\/9041f1df-fff1-4e56-9e15-8d7c1db81874-768x373.jpg 768w, https:\/\/www.radiopiu.net\/wordpress\/wp-content\/uploads\/2023\/04\/9041f1df-fff1-4e56-9e15-8d7c1db81874-1536x746.jpg 1536w, https:\/\/www.radiopiu.net\/wordpress\/wp-content\/uploads\/2023\/04\/9041f1df-fff1-4e56-9e15-8d7c1db81874.jpg 1600w\" sizes=\"auto, (max-width: 300px) 100vw, 300px\" \/><\/a>\n\t\t\t\t<\/dt><\/dl><dl class='gallery-item'>\n\t\t\t\t<dt class='gallery-icon landscape'>\n\t\t\t\t\t<a class=\"rollover rollover-zoom dt-pswp-item\" title=\"ef0181d6-b635-484e-a8d7-18366ca96223\" data-dt-img-description=\"\" data-large_image_width=\"1600\" data-large_image_height=\"777\"href='https:\/\/www.radiopiu.net\/wordpress\/wp-content\/uploads\/2023\/04\/ef0181d6-b635-484e-a8d7-18366ca96223.jpg'><img loading=\"lazy\" decoding=\"async\" width=\"300\" height=\"146\" src=\"https:\/\/www.radiopiu.net\/wordpress\/wp-content\/uploads\/2023\/04\/ef0181d6-b635-484e-a8d7-18366ca96223-300x146.jpg\" class=\"attachment-medium size-medium\" alt=\"\" srcset=\"https:\/\/www.radiopiu.net\/wordpress\/wp-content\/uploads\/2023\/04\/ef0181d6-b635-484e-a8d7-18366ca96223-300x146.jpg 300w, https:\/\/www.radiopiu.net\/wordpress\/wp-content\/uploads\/2023\/04\/ef0181d6-b635-484e-a8d7-18366ca96223-1024x497.jpg 1024w, https:\/\/www.radiopiu.net\/wordpress\/wp-content\/uploads\/2023\/04\/ef0181d6-b635-484e-a8d7-18366ca96223-768x373.jpg 768w, https:\/\/www.radiopiu.net\/wordpress\/wp-content\/uploads\/2023\/04\/ef0181d6-b635-484e-a8d7-18366ca96223-1536x746.jpg 1536w, https:\/\/www.radiopiu.net\/wordpress\/wp-content\/uploads\/2023\/04\/ef0181d6-b635-484e-a8d7-18366ca96223.jpg 1600w\" sizes=\"auto, (max-width: 300px) 100vw, 300px\" \/><\/a>\n\t\t\t\t<\/dt><\/dl><br style=\"clear: both\" \/>\n\t\t\t<\/div>\n\n<p>&nbsp;<\/p>\n<hr \/>\n<p>&nbsp;<\/p>\n<blockquote>\n<h3>PUBBLICATO IL BANDO PER LA CONCESSIONE DEL COMPLESSO PASCOLIVO DELL&#8217;ALTA VALLE DI SAN LUCANO<\/h3>\n<\/blockquote>\n<p><strong><a class=\"dt-pswp-item\" href=\"https:\/\/www.radiopiu.net\/wordpress\/wp-content\/uploads\/2023\/04\/SCR-20230425-kxgz.png\" data-dt-img-description=\"\" data-large_image_width=\"2042\" data-large_image_height=\"1048\"><img loading=\"lazy\" decoding=\"async\" class=\" wp-image-332873 alignleft\" src=\"https:\/\/www.radiopiu.net\/wordpress\/wp-content\/uploads\/2023\/04\/SCR-20230425-kxgz-300x154.png\" alt=\"\" width=\"206\" height=\"106\" srcset=\"https:\/\/www.radiopiu.net\/wordpress\/wp-content\/uploads\/2023\/04\/SCR-20230425-kxgz-300x154.png 300w, https:\/\/www.radiopiu.net\/wordpress\/wp-content\/uploads\/2023\/04\/SCR-20230425-kxgz-1024x526.png 1024w, https:\/\/www.radiopiu.net\/wordpress\/wp-content\/uploads\/2023\/04\/SCR-20230425-kxgz-768x394.png 768w, https:\/\/www.radiopiu.net\/wordpress\/wp-content\/uploads\/2023\/04\/SCR-20230425-kxgz-1536x788.png 1536w, https:\/\/www.radiopiu.net\/wordpress\/wp-content\/uploads\/2023\/04\/SCR-20230425-kxgz.png 2042w\" sizes=\"auto, (max-width: 206px) 100vw, 206px\" \/><\/a>AGORDO<\/strong><\/p>\n<p>di Gianni Santomaso<\/p>\n<audio class=\"wp-audio-shortcode\" id=\"audio-332859-6\" preload=\"none\" style=\"width: 100%;\" controls=\"controls\"><source type=\"audio\/mpeg\" src=\"https:\/\/www.radiopiu.net\/wordpress\/wp-content\/uploads\/2023\/04\/GIANNI-BANDO-PER-LA-CONCESSIONE-DEL-COMPLESSO-PASCOLIVO-DELLALTA-VALLE-DI-SAN-LUCANO.mp3?_=6\" \/><a href=\"https:\/\/www.radiopiu.net\/wordpress\/wp-content\/uploads\/2023\/04\/GIANNI-BANDO-PER-LA-CONCESSIONE-DEL-COMPLESSO-PASCOLIVO-DELLALTA-VALLE-DI-SAN-LUCANO.mp3\">https:\/\/www.radiopiu.net\/wordpress\/wp-content\/uploads\/2023\/04\/GIANNI-BANDO-PER-LA-CONCESSIONE-DEL-COMPLESSO-PASCOLIVO-DELLALTA-VALLE-DI-SAN-LUCANO.mp3<\/a><\/audio>\n<p>&nbsp;<\/p>\n<hr \/>\n<p>&nbsp;<\/p>\n<blockquote>\n<h3>DOMANI AD ALLEGHE L&#8217;ASTA PER IL PRELIEVO DEL LEGNAME BOSTRICATO<\/h3>\n<\/blockquote>\n<p><strong><a class=\"dt-pswp-item\" href=\"https:\/\/www.radiopiu.net\/wordpress\/wp-content\/uploads\/2021\/10\/BOSTRICO.jpg\" data-dt-img-description=\"\" data-large_image_width=\"2048\" data-large_image_height=\"1536\"><img loading=\"lazy\" decoding=\"async\" class=\" wp-image-239763 alignleft\" src=\"https:\/\/www.radiopiu.net\/wordpress\/wp-content\/uploads\/2021\/10\/BOSTRICO-300x225.jpg\" alt=\"\" width=\"143\" height=\"107\" srcset=\"https:\/\/www.radiopiu.net\/wordpress\/wp-content\/uploads\/2021\/10\/BOSTRICO-300x225.jpg 300w, https:\/\/www.radiopiu.net\/wordpress\/wp-content\/uploads\/2021\/10\/BOSTRICO-1024x768.jpg 1024w, https:\/\/www.radiopiu.net\/wordpress\/wp-content\/uploads\/2021\/10\/BOSTRICO-768x576.jpg 768w, https:\/\/www.radiopiu.net\/wordpress\/wp-content\/uploads\/2021\/10\/BOSTRICO-1536x1152.jpg 1536w, https:\/\/www.radiopiu.net\/wordpress\/wp-content\/uploads\/2021\/10\/BOSTRICO.jpg 2048w\" sizes=\"auto, (max-width: 143px) 100vw, 143px\" \/><\/a>ALLEGHE<\/strong><\/p>\n<p>di Gianni Santomaso<\/p>\n<audio class=\"wp-audio-shortcode\" id=\"audio-332859-7\" preload=\"none\" style=\"width: 100%;\" controls=\"controls\"><source type=\"audio\/mpeg\" src=\"https:\/\/www.radiopiu.net\/wordpress\/wp-content\/uploads\/2023\/04\/GIANNI-DOMANI-AD-ALLEGHE-LASTA-PER-IL-PRELIEVO-DEL-LEGNAME-BOSTRICATO.mp3?_=7\" \/><a href=\"https:\/\/www.radiopiu.net\/wordpress\/wp-content\/uploads\/2023\/04\/GIANNI-DOMANI-AD-ALLEGHE-LASTA-PER-IL-PRELIEVO-DEL-LEGNAME-BOSTRICATO.mp3\">https:\/\/www.radiopiu.net\/wordpress\/wp-content\/uploads\/2023\/04\/GIANNI-DOMANI-AD-ALLEGHE-LASTA-PER-IL-PRELIEVO-DEL-LEGNAME-BOSTRICATO.mp3<\/a><\/audio>\n<p>&nbsp;<\/p>\n<hr \/>\n<p>&nbsp;<\/p>\n<blockquote>\n<h3>LA BENEDIZIONE DEI MEZZI AGRICOLI A LEVEGO<\/h3>\n<\/blockquote>\n<p><strong>BELLUNO <\/strong>\u00c8 ripartita ieri mattina nella Parrocchia dei Ss. Tommaso e Brigida di Levego &#8211; Sagrogna la tradizionale celebrazione per il 25 aprile nella chiesa di San Marco. Alle ore 10.30 \u00e8 stata celebrata la Santa Messa in onore del Santo Evangelista, accompagnata nel canto dal coro parrocchiale, nella chiesa a Lui intitolata, che domina il panorama della sinistra Piave. La celebrazione sospesa durante il periodo Covid \u00e8 ripresa quest\u2019anno e ha visto una larga partecipazione di popolo. A termine della Messa, in continuit\u00e0 con la tradizione delle Rogazioni, molto diffuse in un non lontano passato, il Sacerdote ha benedetto i campi. Un lungo corteo di oltre una cinquantina di mezzi agricoli, giunti non soltanto da Levego, ma da tutto il circondario, hanno sfilato per giungere alle pendici della collina del Chiesa di San Marco e ricevere la Benedizione.<\/p>\n\n\t\t\t<style type='text\/css'>\n\t\t\t\t#gallery-7 {\n\t\t\t\t\tmargin: auto;\n\t\t\t\t}\n\t\t\t\t#gallery-7 .gallery-item {\n\t\t\t\t\tfloat: left;\n\t\t\t\t\tmargin-top: 10px;\n\t\t\t\t\ttext-align: center;\n\t\t\t\t\twidth: 50%;\n\t\t\t\t}\n\t\t\t\t#gallery-7 img {\n\t\t\t\t\tborder: 2px solid #cfcfcf;\n\t\t\t\t}\n\t\t\t\t#gallery-7 .gallery-caption {\n\t\t\t\t\tmargin-left: 0;\n\t\t\t\t}\n\t\t\t\t\/* see gallery_shortcode() in wp-includes\/media.php *\/\n\t\t\t<\/style>\n\t\t<div id='gallery-7' class='dt-gallery-container gallery galleryid-332859 gallery-columns-2 gallery-size-medium'><dl class='gallery-item'>\n\t\t\t\t<dt class='gallery-icon landscape'>\n\t\t\t\t\t<a class=\"rollover rollover-zoom dt-pswp-item\" title=\"Corteo mezzi agricoli\" data-dt-img-description=\"\" data-large_image_width=\"2560\" data-large_image_height=\"1696\"href='https:\/\/www.radiopiu.net\/wordpress\/wp-content\/uploads\/2023\/04\/Corteo-mezzi-agricoli-scaled.jpg'><img loading=\"lazy\" decoding=\"async\" width=\"300\" height=\"199\" src=\"https:\/\/www.radiopiu.net\/wordpress\/wp-content\/uploads\/2023\/04\/Corteo-mezzi-agricoli-300x199.jpg\" class=\"attachment-medium size-medium\" alt=\"\" srcset=\"https:\/\/www.radiopiu.net\/wordpress\/wp-content\/uploads\/2023\/04\/Corteo-mezzi-agricoli-300x199.jpg 300w, https:\/\/www.radiopiu.net\/wordpress\/wp-content\/uploads\/2023\/04\/Corteo-mezzi-agricoli-1024x678.jpg 1024w, https:\/\/www.radiopiu.net\/wordpress\/wp-content\/uploads\/2023\/04\/Corteo-mezzi-agricoli-768x509.jpg 768w, https:\/\/www.radiopiu.net\/wordpress\/wp-content\/uploads\/2023\/04\/Corteo-mezzi-agricoli-1536x1017.jpg 1536w, https:\/\/www.radiopiu.net\/wordpress\/wp-content\/uploads\/2023\/04\/Corteo-mezzi-agricoli-2048x1356.jpg 2048w\" sizes=\"auto, (max-width: 300px) 100vw, 300px\" \/><\/a>\n\t\t\t\t<\/dt><\/dl><dl class='gallery-item'>\n\t\t\t\t<dt class='gallery-icon landscape'>\n\t\t\t\t\t<a class=\"rollover rollover-zoom dt-pswp-item\" title=\"Benedizione\" data-dt-img-description=\"\" data-large_image_width=\"2560\" data-large_image_height=\"1696\"href='https:\/\/www.radiopiu.net\/wordpress\/wp-content\/uploads\/2023\/04\/Benedizione-scaled.jpg'><img loading=\"lazy\" decoding=\"async\" width=\"300\" height=\"199\" src=\"https:\/\/www.radiopiu.net\/wordpress\/wp-content\/uploads\/2023\/04\/Benedizione-300x199.jpg\" class=\"attachment-medium size-medium\" alt=\"\" srcset=\"https:\/\/www.radiopiu.net\/wordpress\/wp-content\/uploads\/2023\/04\/Benedizione-300x199.jpg 300w, https:\/\/www.radiopiu.net\/wordpress\/wp-content\/uploads\/2023\/04\/Benedizione-1024x678.jpg 1024w, https:\/\/www.radiopiu.net\/wordpress\/wp-content\/uploads\/2023\/04\/Benedizione-768x509.jpg 768w, https:\/\/www.radiopiu.net\/wordpress\/wp-content\/uploads\/2023\/04\/Benedizione-1536x1017.jpg 1536w, https:\/\/www.radiopiu.net\/wordpress\/wp-content\/uploads\/2023\/04\/Benedizione-2048x1356.jpg 2048w\" sizes=\"auto, (max-width: 300px) 100vw, 300px\" \/><\/a>\n\t\t\t\t<\/dt><\/dl><br style=\"clear: both\" \/>\n\t\t\t<\/div>\n\n<p>&nbsp;<\/p>\n<hr \/>\n<p>&nbsp;<\/p>\n<blockquote>\n<h3>L&#8217;OM SALVARECH E IL TESTAMENTO<\/h3>\n<\/blockquote>\n<p><strong><a class=\"dt-pswp-item\" href=\"https:\/\/www.radiopiu.net\/wordpress\/wp-content\/uploads\/2023\/04\/92a19695-003c-47f0-864a-9b915d11f610.jpg\" data-dt-img-description=\"\" data-large_image_width=\"768\" data-large_image_height=\"1024\"><img loading=\"lazy\" decoding=\"async\" class=\"wp-image-333021 alignleft\" src=\"https:\/\/www.radiopiu.net\/wordpress\/wp-content\/uploads\/2023\/04\/92a19695-003c-47f0-864a-9b915d11f610-225x300.jpg\" alt=\"\" width=\"132\" height=\"176\" \/><\/a>LA VALLE<\/strong> Si \u00e8 conclusa ieri sera la due giorni dedicata alla festa de l&#8217;Om Salvarech a La Valle Agordina. Come di consueto le celebrazioni lavallesi si sono concluse con il rogo dell&#8217;uomo selvatico, ma dopo aver letto il testamento. (foto: Annalisa Dal Mas)<\/p>\n<p>&nbsp;<\/p>\n<p>&nbsp;<\/p>\n<p>&nbsp;<\/p>\n<p>&nbsp;<\/p>\n<p><strong>IL TESTAMENTO DE L&#8217;OM SALVARECH<\/strong><\/p>\n<audio class=\"wp-audio-shortcode\" id=\"audio-332859-8\" preload=\"none\" style=\"width: 100%;\" controls=\"controls\"><source type=\"audio\/mpeg\" src=\"https:\/\/www.radiopiu.net\/wordpress\/wp-content\/uploads\/2023\/04\/OM-SALVARECH-TESTAMENTO.mp3?_=8\" \/><a href=\"https:\/\/www.radiopiu.net\/wordpress\/wp-content\/uploads\/2023\/04\/OM-SALVARECH-TESTAMENTO.mp3\">https:\/\/www.radiopiu.net\/wordpress\/wp-content\/uploads\/2023\/04\/OM-SALVARECH-TESTAMENTO.mp3<\/a><\/audio>\n<p>&nbsp;<\/p>\n\n\t\t\t<style type='text\/css'>\n\t\t\t\t#gallery-8 {\n\t\t\t\t\tmargin: auto;\n\t\t\t\t}\n\t\t\t\t#gallery-8 .gallery-item {\n\t\t\t\t\tfloat: left;\n\t\t\t\t\tmargin-top: 10px;\n\t\t\t\t\ttext-align: center;\n\t\t\t\t\twidth: 33%;\n\t\t\t\t}\n\t\t\t\t#gallery-8 img {\n\t\t\t\t\tborder: 2px solid #cfcfcf;\n\t\t\t\t}\n\t\t\t\t#gallery-8 .gallery-caption {\n\t\t\t\t\tmargin-left: 0;\n\t\t\t\t}\n\t\t\t\t\/* see gallery_shortcode() in wp-includes\/media.php *\/\n\t\t\t<\/style>\n\t\t<div id='gallery-8' class='dt-gallery-container gallery galleryid-332859 gallery-columns-3 gallery-size-thumbnail'><dl class='gallery-item'>\n\t\t\t\t<dt class='gallery-icon landscape'>\n\t\t\t\t\t<a class=\"rollover rollover-zoom dt-pswp-item\" title=\"5201a649-82b8-4666-bb56-7bb237a56b5e\" data-dt-img-description=\"\" data-large_image_width=\"1024\" data-large_image_height=\"692\"href='https:\/\/www.radiopiu.net\/wordpress\/wp-content\/uploads\/2023\/04\/5201a649-82b8-4666-bb56-7bb237a56b5e.jpg'><img loading=\"lazy\" decoding=\"async\" width=\"150\" height=\"150\" src=\"https:\/\/www.radiopiu.net\/wordpress\/wp-content\/uploads\/2023\/04\/5201a649-82b8-4666-bb56-7bb237a56b5e-150x150.jpg\" class=\"attachment-thumbnail size-thumbnail\" alt=\"\" \/><\/a>\n\t\t\t\t<\/dt><\/dl><dl class='gallery-item'>\n\t\t\t\t<dt class='gallery-icon portrait'>\n\t\t\t\t\t<a class=\"rollover rollover-zoom dt-pswp-item\" title=\"0b092c75-ae91-441b-850f-cee4325eb959\" data-dt-img-description=\"\" data-large_image_width=\"681\" data-large_image_height=\"1024\"href='https:\/\/www.radiopiu.net\/wordpress\/wp-content\/uploads\/2023\/04\/0b092c75-ae91-441b-850f-cee4325eb959.jpg'><img loading=\"lazy\" decoding=\"async\" width=\"150\" height=\"150\" src=\"https:\/\/www.radiopiu.net\/wordpress\/wp-content\/uploads\/2023\/04\/0b092c75-ae91-441b-850f-cee4325eb959-150x150.jpg\" class=\"attachment-thumbnail size-thumbnail\" alt=\"\" \/><\/a>\n\t\t\t\t<\/dt><\/dl><dl class='gallery-item'>\n\t\t\t\t<dt class='gallery-icon portrait'>\n\t\t\t\t\t<a class=\"rollover rollover-zoom dt-pswp-item\" title=\"75d67867-10d1-4fa9-9c24-7a168ba1d485\" data-dt-img-description=\"\" data-large_image_width=\"681\" data-large_image_height=\"1024\"href='https:\/\/www.radiopiu.net\/wordpress\/wp-content\/uploads\/2023\/04\/75d67867-10d1-4fa9-9c24-7a168ba1d485.jpg'><img loading=\"lazy\" decoding=\"async\" width=\"150\" height=\"150\" src=\"https:\/\/www.radiopiu.net\/wordpress\/wp-content\/uploads\/2023\/04\/75d67867-10d1-4fa9-9c24-7a168ba1d485-150x150.jpg\" class=\"attachment-thumbnail size-thumbnail\" alt=\"\" \/><\/a>\n\t\t\t\t<\/dt><\/dl><br style=\"clear: both\" \/>\n\t\t\t<\/div>\n\n<p>&nbsp;<\/p>\n<p><strong>IL ROGO &#8211; LA DIRETTA RADIO PIU&#8217;<\/strong><\/p>\n<p>https:\/\/www.facebook.com\/marco.baghy.1\/videos\/478588954415767<\/p>\n<p>&nbsp;<\/p>\n<hr \/>\n<p>&nbsp;<\/p>\n<blockquote>\n<h3>CONSIGLIO PROVINCIALE IN MODALIT\u00c0 ITINERANTE, GIOVED\u00cc 27 SEDUTA A CHIES D\u2019ALPAGO<\/h3>\n<\/blockquote>\n<p><strong>BELLUNO <\/strong>Sono riprese ormai da tempo le sedute itineranti del consiglio provinciale, che intende uscire da Palazzo Piloni e toccare tutte le localit\u00e0 del territorio. La prossima \u00e8 convocata per domani a Chies d\u2019Alpago. Inizio alle 11.30. All\u2019ordine del giorno spiccano il rendiconto della gestione 2022 e la relazione della consigliera di parit\u00e0 provinciale Flavia Monego. Ma si parler\u00e0 anche degli impianti ittiogenici di Tomo (Feltre) e Bolzano Bellunese, con l\u2019approvazione di una convenzione tra Provincia e Veneto Acque spa per la realizzazione di forme di supporto per l\u2019incremento della produzione degli incubatoi e degli allevamenti colpiti da Vaia. \u00abRingrazio il sindaco di Chies d\u2019Alpago per l\u2019ospitalit\u00e0. La modalit\u00e0 itinerante \u00e8 stata adottata qualche anno fa, per consentire alla Provincia \u201cdei sindaci\u201d di rendere partecipi tutti i territori\u00bb spiega il presidente. \u00abFinora abbiamo toccato una decina di Comuni, raggiungendo tutte le vallate dal Feltrino all\u2019Agordino\u00bb.<\/p>\n<p>&nbsp;<\/p>\n<p>&nbsp;<\/p>\n<hr \/>\n<p>&nbsp;<\/p>\n<blockquote>\n<h3>AUSER E ARCA IN ASSEMBLEA NEL FINE SETTIMANA<\/h3>\n<\/blockquote>\n<p><strong><a class=\"dt-pswp-item\" href=\"https:\/\/www.radiopiu.net\/wordpress\/wp-content\/uploads\/2021\/07\/SALA-DON-TAMIS.png\" data-dt-img-description=\"\" data-large_image_width=\"1354\" data-large_image_height=\"920\"><img loading=\"lazy\" decoding=\"async\" class=\" wp-image-220859 alignleft\" src=\"https:\/\/www.radiopiu.net\/wordpress\/wp-content\/uploads\/2021\/07\/SALA-DON-TAMIS-300x204.png\" alt=\"\" width=\"188\" height=\"128\" srcset=\"https:\/\/www.radiopiu.net\/wordpress\/wp-content\/uploads\/2021\/07\/SALA-DON-TAMIS-300x204.png 300w, https:\/\/www.radiopiu.net\/wordpress\/wp-content\/uploads\/2021\/07\/SALA-DON-TAMIS-1024x696.png 1024w, https:\/\/www.radiopiu.net\/wordpress\/wp-content\/uploads\/2021\/07\/SALA-DON-TAMIS-768x522.png 768w, https:\/\/www.radiopiu.net\/wordpress\/wp-content\/uploads\/2021\/07\/SALA-DON-TAMIS.png 1354w\" sizes=\"auto, (max-width: 188px) 100vw, 188px\" \/><\/a>AGORDO<\/strong><\/p>\n<p>di Gianni Santomaso<\/p>\n<audio class=\"wp-audio-shortcode\" id=\"audio-332859-9\" preload=\"none\" style=\"width: 100%;\" controls=\"controls\"><source type=\"audio\/mpeg\" src=\"https:\/\/www.radiopiu.net\/wordpress\/wp-content\/uploads\/2023\/04\/GIANNI-ASSEMBLEE-VOLONTARIATO-AGORDINO-AUSER-E-ARCA.mp3?_=9\" \/><a href=\"https:\/\/www.radiopiu.net\/wordpress\/wp-content\/uploads\/2023\/04\/GIANNI-ASSEMBLEE-VOLONTARIATO-AGORDINO-AUSER-E-ARCA.mp3\">https:\/\/www.radiopiu.net\/wordpress\/wp-content\/uploads\/2023\/04\/GIANNI-ASSEMBLEE-VOLONTARIATO-AGORDINO-AUSER-E-ARCA.mp3<\/a><\/audio>\n<p>&nbsp;<\/p>\n<hr \/>\n<p>&nbsp;<\/p>\n<blockquote>\n<h3>IL PUNTO DI SAN TOMASO<\/h3>\n<\/blockquote>\n<p><strong>SAN TOMASO<\/strong> Tolto il solito &#8220;lettura ed approvazione verbali seduta precedente&#8221;, ci sar\u00e0 un unico punto in discussione al consiglio comunale che il sindaco Moreno De Val ha calendarizzato per oggi alle 20. Il punto:\u00a0 approvazione rendiconto della gestione per l&#8217;esercizio 2022.<\/p>\n<p>&nbsp;<\/p>\n<p>&nbsp;<\/p>\n<hr \/>\n<p>&nbsp;<\/p>\n<blockquote>\n<h3>CONSIGLIO COMUNALE MATTUTINO AD AGORDO<\/h3>\n<\/blockquote>\n<p><strong>AGORDO<\/strong> E&#8217; stato convocato per domani mattina alle 8 il consiglio comunale di Agordo. Il sindaco Roberto Chissal\u00e8 ha chiamato a rapporto i consiglieri comunali per trattare 9 punti. Si inizier\u00e0 con la surroga del consigliere dimissionario Federica Zasso con l&#8217;ingresso di Gessica Brancaleone al suo posto. Si parler\u00e0 anche dell&#8217;approvazione del bilancio di ASCA, l&#8217;approvazione del rendiconto della gestione per il 2022, una variazione al DUP, la designazione del nuovo capogruppo della lista &#8220;Per Agordo&#8221;, l&#8217;elezione del rappresentate comunale per l&#8217;Unione Montana Agordina. Inoltre verr\u00e0 discusso un piano di interventi a parcheggi e viabilit\u00e0 a Parech e il recesso del comne di Agordo come socio della Casa di Soggiorno di Taibon.<\/p>\n<p>&nbsp;<\/p>\n<p>&nbsp;<\/p>\n<hr \/>\n<p>&nbsp;<\/p>\n<blockquote>\n<h3>VENERDI&#8217; IL CONSIGLIO COMUNALE A COLLE SANTA LUCIA<\/h3>\n<\/blockquote>\n<p><strong>COLLE SANTA LUCIA<\/strong><\/p>\n<p>di Gianni Santomaso<\/p>\n<audio class=\"wp-audio-shortcode\" id=\"audio-332859-10\" preload=\"none\" style=\"width: 100%;\" controls=\"controls\"><source type=\"audio\/mpeg\" src=\"https:\/\/www.radiopiu.net\/wordpress\/wp-content\/uploads\/2023\/04\/GIANNI-CONSIGLIO-COLLE-SANTA-LUCIA.mp3?_=10\" \/><a href=\"https:\/\/www.radiopiu.net\/wordpress\/wp-content\/uploads\/2023\/04\/GIANNI-CONSIGLIO-COLLE-SANTA-LUCIA.mp3\">https:\/\/www.radiopiu.net\/wordpress\/wp-content\/uploads\/2023\/04\/GIANNI-CONSIGLIO-COLLE-SANTA-LUCIA.mp3<\/a><\/audio>\n<p>&nbsp;<\/p>\n<hr \/>\n<p>&nbsp;<\/p>\n<blockquote>\n<h3>L&#8217;ASSEMBLEA ANNUALE AUSER &#8220;EL BROI&#8221;<\/h3>\n<\/blockquote>\n<p><strong>AGORDO<\/strong> Sabato 29 aprile alle 15:30 \u00e8 convocata l&#8217;assemblea annuale dei soci Auser &#8220;El Broi&#8221; nella sala Don Tamis di Agordo. Si discuter\u00e0 della proposta di aumentare il numero dei componenti del consiglio direttivo, la votazione dei nuovi componenti, la relazione del presidente, il bilancio sociale, l&#8217;aprovazione del bilancio consuntivo 2022 e di previsione 2023. Seguir\u00e0 un momento conviviale nella sede del circolo.<\/p>\n<p>&nbsp;<\/p>\n<p>&nbsp;<\/p>\n<hr \/>\n<p>&nbsp;<\/p>\n<blockquote>\n<h3 class=\"entry-title\">PROSEGUE IL PROGETTO DEL COMITATO D\u2019INTESA PER L\u2019INCLUSIVIT\u00c0&#8217;<\/h3>\n<\/blockquote>\n<p><strong><a class=\"dt-pswp-item\" href=\"https:\/\/www.radiopiu.net\/wordpress\/wp-content\/uploads\/2023\/04\/lgbt-comitato-min-scaled.jpeg\" data-dt-img-description=\"\" data-large_image_width=\"2560\" data-large_image_height=\"1920\"><img loading=\"lazy\" decoding=\"async\" class=\" wp-image-332795 alignleft\" src=\"https:\/\/www.radiopiu.net\/wordpress\/wp-content\/uploads\/2023\/04\/lgbt-comitato-min-300x225.jpeg\" alt=\"\" width=\"203\" height=\"152\" srcset=\"https:\/\/www.radiopiu.net\/wordpress\/wp-content\/uploads\/2023\/04\/lgbt-comitato-min-300x225.jpeg 300w, https:\/\/www.radiopiu.net\/wordpress\/wp-content\/uploads\/2023\/04\/lgbt-comitato-min-1024x768.jpeg 1024w, https:\/\/www.radiopiu.net\/wordpress\/wp-content\/uploads\/2023\/04\/lgbt-comitato-min-768x576.jpeg 768w, https:\/\/www.radiopiu.net\/wordpress\/wp-content\/uploads\/2023\/04\/lgbt-comitato-min-1536x1152.jpeg 1536w, https:\/\/www.radiopiu.net\/wordpress\/wp-content\/uploads\/2023\/04\/lgbt-comitato-min-2048x1536.jpeg 2048w\" sizes=\"auto, (max-width: 203px) 100vw, 203px\" \/><\/a>BELLUNO<\/strong> Gettare le basi per il primo network europeo di associazioni inclusive di giovani LGBTQIA+\u00a0residenti in aree rurali e montane come quelle bellunesi. \u00c8 questo l\u2019ambizioso obiettivo del progetto\u00a0Reach+\u00a0\u201cReaching LGBT+ People in Rural Areas through Digital Storytelling\u201d, promosso dal Comitato d\u2019Intesa e finanziato da Agenzia Nazionale per i Giovani grazie ai fondi stanziati dal programma\u00a0Erasmus+\u00a0(Azione Chiave KA210 \u2013 Partenariati su Scala Ridotta).\u00a0Il progetto, di durata annuale, si\u00a0\u00e8\u00a0concretizzato nell\u2019ospitalit\u00e0\u00a0\u2013 appena conclusasi \u2013 per cinque giorni a Belluno di ben 18 attivisti, educatori, youth workers e volontari, afferenti a 15 organizzazioni, provenienti da 9 Paesi europei, disponibili a collaborare in una prospettiva di lungo periodo.\u00a0<em>\u00abGli obiettivi principali sono stati quelli di avviare un percorso di lavoro in rete volto alla co-progettazione di un memorandum di intenti, ossia di un accordo di collaborazione, al fine di riunire in un unico documento strategico le priorit\u00e0 d\u2019intervento e le procedure di governance identificate dai partecipanti stessi\u00bb, spiegano le organizzatrici Laura De Riz e Veronica Da Canal. \u00abMa non solo: il valore aggiunto \u00e8 stato quello di avviare un percorso di progettazione partecipata, al fine di trasformare le priorit\u00e0 identificate in progetti esecutivi da candidare alla prossima tappa del programma europeo \u201cCerv \u2013 Cittadini, uguaglianza, diritti e valori\u201d\u00bb.\u00a0<\/em>Nel corso delle giornate bellunesi si sono alternati diversi interventi. Come quello di Elena Tubertini, psicologa di comunit\u00e0, dottoranda in \u201cPsychological Sciences\u201d presso l\u2019Universit\u00e0 di Padova e formatrice presso il Centro Risorse LGBTI di Bologna, che ha avuto modo di presentare la propria ricerca di dottorato sul tema delle comunit\u00e0 come rifugio e sicurezza in Italia. Poi Francesca Pallotta, presidente dell\u2019Associazione Dafne, che ha presentato il \u201cPiccolo dizionario per l\u2019inclusione\u201d, breve glossario-vademecum che condensa i termini e gli acronimi pi\u00f9 utilizzati per l\u2019orientamento sessuale e l\u2019identit\u00e0 di genere. Ancora, Francesco Santin, presidente della Cooperativa Sociale Blhyster, che ha illustrato i risultati della mappatura dei soggetti attivi in provincia di Belluno nell\u2019ambito dell\u2019inclusione di persone LGBTQIA+ \u2013 resa possibile grazie ad una coprogettazione sostenuta economicamente dal Csv Belluno Treviso \u2013 e Monica De Cet dello Europe Direct Montagna Veneta, che ha presentato il nuovo centro informativo Europe Direct del Gal Prealpi e Dolomiti, condividendo le esperienze attivate con i giovani del territorio bellunese. Prossimi step: Il lancio del nuovo sito di progetto e di un corso di formazione online sulla tematica del digital storytelling (narrazione di storie online), oltre all\u2019organizzazione di uno scambio di giovani, che si terr\u00e0 a luglio a Barcellona. Per informazioni sul progetto scrivere a europa@comitatodintesa.it.<\/p>\n<p>&nbsp;<\/p>\n<p>&nbsp;<\/p>\n<hr \/>\n<p>&nbsp;<\/p>\n<blockquote>\n<h3>I RAGAZZI DELLA SECONDARIA DI LENTIAI ALLE OLIMPIADI DI PROBLEM SOLVING<\/h3>\n<\/blockquote>\n<p><strong>BORGO VALBELLUNA <\/strong>Ha veramente mostrato le corna, la squadra del Toro formata da Vanessa Dal Farra, Alice e Leonardo Marcer e Chiara Scarton, alunni di Lentiai che si sono classificati in Veneto non solo primi come squadra, ma anche nella classifica individualisti con Scarton, alle Olimpiadi di Problem Solving. Il problem solving \u00e8 una competenza trasversale ed \u00e8 segnalato come una delle competenze chiave per i prossimi anni, soprattutto alla luce delle nuove sfide poste dalla pandemia. Letteralmente significa \u2018risoluzione di problemi\u2019, ovvero la migliore risposta possibile a una determinata situazione critica e solitamente nuova. E in questo i ragazzi di Lentiai si sono dimostrati dei veri campioni. La selezione \u00e8 avvenuta prima con quattro prove d\u2019istituto che si sono tenute da novembre\u00a0 a febbraio. Per i ragazzi della secondaria di primo grado la finale nazionale si terr\u00e0 in presenza nei laboratori del Corso di Studi in Ingegneria e Scienze Informatiche di Cesena, Universit\u00e0 di Bologna, il 29 aprile.<\/p>\n\n\t\t\t<style type='text\/css'>\n\t\t\t\t#gallery-9 {\n\t\t\t\t\tmargin: auto;\n\t\t\t\t}\n\t\t\t\t#gallery-9 .gallery-item {\n\t\t\t\t\tfloat: left;\n\t\t\t\t\tmargin-top: 10px;\n\t\t\t\t\ttext-align: center;\n\t\t\t\t\twidth: 50%;\n\t\t\t\t}\n\t\t\t\t#gallery-9 img {\n\t\t\t\t\tborder: 2px solid #cfcfcf;\n\t\t\t\t}\n\t\t\t\t#gallery-9 .gallery-caption {\n\t\t\t\t\tmargin-left: 0;\n\t\t\t\t}\n\t\t\t\t\/* see gallery_shortcode() in wp-includes\/media.php *\/\n\t\t\t<\/style>\n\t\t<div id='gallery-9' class='dt-gallery-container gallery galleryid-332859 gallery-columns-2 gallery-size-medium'><dl class='gallery-item'>\n\t\t\t\t<dt class='gallery-icon landscape'>\n\t\t\t\t\t<a class=\"rollover rollover-zoom dt-pswp-item\" title=\"problem_solving\" data-dt-img-description=\"\" data-large_image_width=\"640\" data-large_image_height=\"480\"href='https:\/\/www.radiopiu.net\/wordpress\/wp-content\/uploads\/2023\/04\/problem_solving.jpg'><img loading=\"lazy\" decoding=\"async\" width=\"300\" height=\"225\" src=\"https:\/\/www.radiopiu.net\/wordpress\/wp-content\/uploads\/2023\/04\/problem_solving-300x225.jpg\" class=\"attachment-medium size-medium\" alt=\"\" srcset=\"https:\/\/www.radiopiu.net\/wordpress\/wp-content\/uploads\/2023\/04\/problem_solving-300x225.jpg 300w, https:\/\/www.radiopiu.net\/wordpress\/wp-content\/uploads\/2023\/04\/problem_solving.jpg 640w\" sizes=\"auto, (max-width: 300px) 100vw, 300px\" \/><\/a>\n\t\t\t\t<\/dt><\/dl><dl class='gallery-item'>\n\t\t\t\t<dt class='gallery-icon portrait'>\n\t\t\t\t\t<a class=\"rollover rollover-zoom dt-pswp-item\" title=\"ragazzi_problem_solving\" data-dt-img-description=\"\" data-large_image_width=\"480\" data-large_image_height=\"640\"href='https:\/\/www.radiopiu.net\/wordpress\/wp-content\/uploads\/2023\/04\/ragazzi_problem_solving-rotated.jpg'><img loading=\"lazy\" decoding=\"async\" width=\"225\" height=\"300\" src=\"https:\/\/www.radiopiu.net\/wordpress\/wp-content\/uploads\/2023\/04\/ragazzi_problem_solving-225x300.jpg\" class=\"attachment-medium size-medium\" alt=\"\" srcset=\"https:\/\/www.radiopiu.net\/wordpress\/wp-content\/uploads\/2023\/04\/ragazzi_problem_solving-225x300.jpg 225w, https:\/\/www.radiopiu.net\/wordpress\/wp-content\/uploads\/2023\/04\/ragazzi_problem_solving-rotated.jpg 480w\" sizes=\"auto, (max-width: 225px) 100vw, 225px\" \/><\/a>\n\t\t\t\t<\/dt><\/dl><br style=\"clear: both\" \/>\n\t\t\t<\/div>\n\n<p>&nbsp;<\/p>\n<p>&nbsp;<\/p>\n<hr \/>\n<p>&nbsp;<\/p>\n<h2><span style=\"color: #ff0000;\">ALLA RADIO\u00a0<\/span><\/h2>\n<blockquote>\n<h3>ALLA RADIO, L&#8217;INTERVISTA DI FINE STAGIONE AL PRESIDENTE ANEF<\/h3>\n<\/blockquote>\n<p><strong><img loading=\"lazy\" decoding=\"async\" class=\"alignleft\" src=\"https:\/\/www.radiopiu.net\/wordpress\/wp-content\/uploads\/2021\/11\/foto_Marco_Grigoletto01.jpg\" width=\"153\" height=\"102\" \/>REDAZIONE<\/strong> Interessante ed importante coda di stagione in territorio Fodom e nell&#8217;ampezzano con gli impianti aperti, a Cortina,\u00a0 fino al primo maggio a Cortina. Ne abbiamo parlato, di questo e si altro, con Marco Grigoletto, presidente Anef.<\/p>\n<p><em>di Mirko Mezzacasa<\/em><\/p>\n<p><strong>AUDIO<\/strong><\/p>\n<audio class=\"wp-audio-shortcode\" id=\"audio-332859-11\" preload=\"none\" style=\"width: 100%;\" controls=\"controls\"><source type=\"audio\/mpeg\" src=\"https:\/\/www.radiopiu.net\/wordpress\/wp-content\/uploads\/2023\/04\/MARCO-GRIGOLETTO-1.mp3?_=11\" \/><a href=\"https:\/\/www.radiopiu.net\/wordpress\/wp-content\/uploads\/2023\/04\/MARCO-GRIGOLETTO-1.mp3\">https:\/\/www.radiopiu.net\/wordpress\/wp-content\/uploads\/2023\/04\/MARCO-GRIGOLETTO-1.mp3<\/a><\/audio>\n<p>&nbsp;<\/p>\n<p>&nbsp;<\/p>\n<blockquote>\n<h3>PRIMO MAGGIO IN ALTO&#8230; A RIF DI AGORDO CON LA FESTA DI SAN GIUSEPPE<\/h3>\n<p>&nbsp;<\/p><\/blockquote>\n<p>&nbsp;<\/p>\n<p><strong>di Gianni Santomaso<\/strong><\/p>\n<audio class=\"wp-audio-shortcode\" id=\"audio-332859-12\" preload=\"none\" style=\"width: 100%;\" controls=\"controls\"><source type=\"audio\/mpeg\" src=\"https:\/\/www.radiopiu.net\/wordpress\/wp-content\/uploads\/2023\/04\/GIANNI-LA-SAGRA-DI-SAN-GIUSEPPE-A-RIF-DI-AGORDO.mp3?_=12\" \/><a href=\"https:\/\/www.radiopiu.net\/wordpress\/wp-content\/uploads\/2023\/04\/GIANNI-LA-SAGRA-DI-SAN-GIUSEPPE-A-RIF-DI-AGORDO.mp3\">https:\/\/www.radiopiu.net\/wordpress\/wp-content\/uploads\/2023\/04\/GIANNI-LA-SAGRA-DI-SAN-GIUSEPPE-A-RIF-DI-AGORDO.mp3<\/a><\/audio>\n<blockquote><p>&nbsp;<\/p><\/blockquote>\n<p><strong><img decoding=\"async\" class=\"alignleft\" src=\"https:\/\/www.radiopiu.net\/wordpress\/wp-content\/uploads\/2022\/02\/DSC07985-150x150-1.jpg\" \/>L&#8217;INTERVISTA A EVA OLIVIER, PORTAVOCE BOCE DA RIF<\/strong><\/p>\n<p><strong>DI MIRKO MEZZACASA<\/strong><\/p>\n<audio class=\"wp-audio-shortcode\" id=\"audio-332859-13\" preload=\"none\" style=\"width: 100%;\" controls=\"controls\"><source type=\"audio\/mpeg\" src=\"https:\/\/www.radiopiu.net\/wordpress\/wp-content\/uploads\/2022\/02\/RIF-BOCE-DA-RIF.mp3?_=13\" \/><a href=\"https:\/\/www.radiopiu.net\/wordpress\/wp-content\/uploads\/2022\/02\/RIF-BOCE-DA-RIF.mp3\">https:\/\/www.radiopiu.net\/wordpress\/wp-content\/uploads\/2022\/02\/RIF-BOCE-DA-RIF.mp3<\/a><\/audio>\n<p>&nbsp;<\/p>\n<hr \/>\n<p>&nbsp;<\/p>\n<p>&nbsp;<\/p>\n<blockquote>\n<h3>TORNANO IN CONCERTO GLI RH NEGATIVO. SABATO L&#8217;EVENTO IN BIRRERIA PEDAVENA A LA VALLE AGORDINA<\/h3>\n<\/blockquote>\n<p><strong><a class=\"dt-pswp-item\" href=\"https:\/\/www.radiopiu.net\/wordpress\/wp-content\/uploads\/2023\/04\/rh-negativo.jpeg\" data-dt-img-description=\"\" data-large_image_width=\"1282\" data-large_image_height=\"1352\"><img loading=\"lazy\" decoding=\"async\" class=\"wp-image-333006 alignleft\" src=\"https:\/\/www.radiopiu.net\/wordpress\/wp-content\/uploads\/2023\/04\/rh-negativo-284x300.jpeg\" alt=\"\" width=\"129\" height=\"136\" srcset=\"https:\/\/www.radiopiu.net\/wordpress\/wp-content\/uploads\/2023\/04\/rh-negativo-284x300.jpeg 284w, https:\/\/www.radiopiu.net\/wordpress\/wp-content\/uploads\/2023\/04\/rh-negativo-971x1024.jpeg 971w, https:\/\/www.radiopiu.net\/wordpress\/wp-content\/uploads\/2023\/04\/rh-negativo-768x810.jpeg 768w, https:\/\/www.radiopiu.net\/wordpress\/wp-content\/uploads\/2023\/04\/rh-negativo.jpeg 1282w\" sizes=\"auto, (max-width: 129px) 100vw, 129px\" \/><\/a>REDAZIONE<\/strong> Grande evento sabato sera alla Birreria Pedavena di La Valle Agordina. Gli RH Negativo tornano in concerto. Una serata a tutto rock per il ritorno sul palco della band che delizier\u00e0 il pubblico con grandi successi italiani ma non solo. Ne abbiamo parlato con il chitarrista della band, Fabiano Mazzoni<\/p>\n<p>&nbsp;<\/p>\n<p>&nbsp;<\/p>\n<p>&nbsp;<\/p>\n<p><strong>L&#8217;INTERVISTA<\/strong><\/p>\n<audio class=\"wp-audio-shortcode\" id=\"audio-332859-14\" preload=\"none\" style=\"width: 100%;\" controls=\"controls\"><source type=\"audio\/mpeg\" src=\"https:\/\/www.radiopiu.net\/wordpress\/wp-content\/uploads\/2023\/04\/FABIANO-MAZZONI-RH-NEGATIVO.mp3?_=14\" \/><a href=\"https:\/\/www.radiopiu.net\/wordpress\/wp-content\/uploads\/2023\/04\/FABIANO-MAZZONI-RH-NEGATIVO.mp3\">https:\/\/www.radiopiu.net\/wordpress\/wp-content\/uploads\/2023\/04\/FABIANO-MAZZONI-RH-NEGATIVO.mp3<\/a><\/audio>\n<p>&nbsp;<\/p>\n<blockquote>\n<h3>IL RITORNO DI ALICE BETTOLO, DALL&#8217;AQUARIO DEL PESCE ROSSO AI MILLE PASSI CON MORGANA<\/h3>\n<\/blockquote>\n<div dir=\"auto\"><img loading=\"lazy\" decoding=\"async\" class=\"alignleft\" src=\"https:\/\/www.radiopiu.net\/wordpress\/wp-content\/uploads\/2023\/04\/797fccc3-eb8b-4f36-8519-36fe3a400fdd.jpg\" width=\"180\" height=\"135\" \/>NOVITA&#8217; ALLA RADIO, DOPO LE TRE EDIZIONI DEI DIARI DEL PESCE ROSSO <a class=\"x1i10hfl xjbqb8w x6umtig x1b1mbwd xaqea5y xav7gou x9f619 x1ypdohk xt0psk2 xe8uvvx xdj266r x11i5rnm xat24cr x1mh8g0r xexx8yu x4uap5 x18d9i69 xkhd6sd x16tdsg8 x1hl2dhg xggy1nq x1a2a7pz xt0b8zv x1fey0fg\" tabindex=\"0\" role=\"link\" href=\"https:\/\/www.radiopiu.net\/wordpress\/diari-del-pesce-rosso\/?fbclid=IwAR1egRqBYI0oUWw4BlbkPyXcW8bWSHVuwEmPV4KAkr_VsV7o0parqMMf4Z4\" target=\"_blank\" rel=\"nofollow noopener\">https:\/\/www.radiopiu.net\/wordpress\/diari-del-pesce-rosso\/<\/a> RITORNA A RADIO PIU ALICE BETTOLO.<\/div>\n<div dir=\"auto\"><strong>\u201c I 1000 passi \u201c (Prima Serie)<\/strong><br \/>\nSceneggiato liberamente ispirato alla vita reale, dalle pagine di alcuni diari, ritrovati in una valigia a fiori. Scritto, diretto e interpretato da Alice Bettolo Audio e musiche originali registrate con mezzi di fortuna. Rccontano le storie di Morgana italiana di origine, cittadin del mondo per scelta. \u201cMe ne sono andata con uno zaino, senzasapere dove mi avrebbe portato il vento e i mille passi che mi separano da quella che, un tempo, chiamavo casa. Adesso che una casa \u00e8 ogni luogo dove appendo la mia amaca.<\/div>\n<div dir=\"auto\">\n<p><strong>L&#8217;INTERVISTA ALLA RADIO<\/strong><\/p>\n<audio class=\"wp-audio-shortcode\" id=\"audio-332859-15\" preload=\"none\" style=\"width: 100%;\" controls=\"controls\"><source type=\"audio\/mpeg\" src=\"https:\/\/www.radiopiu.net\/wordpress\/wp-content\/uploads\/2023\/04\/alice-partenza-martedi.mp3?_=15\" \/><a href=\"https:\/\/www.radiopiu.net\/wordpress\/wp-content\/uploads\/2023\/04\/alice-partenza-martedi.mp3\">https:\/\/www.radiopiu.net\/wordpress\/wp-content\/uploads\/2023\/04\/alice-partenza-martedi.mp3<\/a><\/audio>\n<p>&nbsp;<\/p>\n<\/div>\n<div dir=\"auto\"><\/div>\n<div dir=\"auto\">\n<hr \/>\n<\/div>\n<div dir=\"auto\"><\/div>\n<div dir=\"auto\"><\/div>\n<div dir=\"auto\"><img loading=\"lazy\" decoding=\"async\" class=\"aligncenter\" src=\"https:\/\/www.radiopiu.net\/wordpress\/wp-content\/uploads\/2023\/04\/1-FOTOGRAFIE.png\" width=\"266\" height=\"271\" \/><\/div>\n<div dir=\"auto\"><\/div>\n<div dir=\"auto\"><strong>Capitolo 1 Fotografie<\/strong><br \/>\nIl ricordo pi\u00f9 antico che ho \u00e9 di una domenica mattina, faceva caldo, un caldo afoso che non conoscevo. Tra le vecchie diapositive, sbiadite e mangiate dall&#8217;umidit\u00e0, ho ritrovato le immagini di noi, quell\u02bcanno, in quella casa al mare, con il tetto di lamiera.<\/div>\n<div dir=\"auto\"><\/div>\n<div dir=\"auto\">\n<audio class=\"wp-audio-shortcode\" id=\"audio-332859-16\" preload=\"none\" style=\"width: 100%;\" controls=\"controls\"><source type=\"audio\/mpeg\" src=\"https:\/\/www.radiopiu.net\/wordpress\/wp-content\/uploads\/2023\/04\/ALICE-01-MARTEDI-25-APRILE-2026-1.mp3?_=16\" \/><a href=\"https:\/\/www.radiopiu.net\/wordpress\/wp-content\/uploads\/2023\/04\/ALICE-01-MARTEDI-25-APRILE-2026-1.mp3\">https:\/\/www.radiopiu.net\/wordpress\/wp-content\/uploads\/2023\/04\/ALICE-01-MARTEDI-25-APRILE-2026-1.mp3<\/a><\/audio>\n<\/div>\n<div dir=\"auto\"><\/div>\n<div dir=\"auto\">\n<hr \/>\n<p>&nbsp;<\/p>\n<\/div>\n<blockquote>\n<h3>PRIMO MAGGIO NEL RICORDO DI DON SERGIO MANFROI<\/h3>\n<\/blockquote>\n<p><a class=\"dt-pswp-item\" href=\"https:\/\/www.radiopiu.net\/wordpress\/wp-content\/uploads\/2023\/04\/a32e12a8-6c7a-4173-beb7-329b64d4a34b.jpg\" data-dt-img-description=\"\" data-large_image_width=\"194\" data-large_image_height=\"194\"><img loading=\"lazy\" decoding=\"async\" class=\"size-full wp-image-332704 alignright\" src=\"https:\/\/www.radiopiu.net\/wordpress\/wp-content\/uploads\/2023\/04\/a32e12a8-6c7a-4173-beb7-329b64d4a34b.jpg\" alt=\"\" width=\"194\" height=\"194\" srcset=\"https:\/\/www.radiopiu.net\/wordpress\/wp-content\/uploads\/2023\/04\/a32e12a8-6c7a-4173-beb7-329b64d4a34b.jpg 194w, https:\/\/www.radiopiu.net\/wordpress\/wp-content\/uploads\/2023\/04\/a32e12a8-6c7a-4173-beb7-329b64d4a34b-150x150.jpg 150w\" sizes=\"auto, (max-width: 194px) 100vw, 194px\" \/><\/a><strong>Il primo maggio<\/strong> alle 10.30 presso chiesa parrocchiale si Chies, sara&#8217; celebrata in memoria di don Sergio Manfroi ( parroco della parrocchia di Chies per 18 anni e morto il 28 aprile 2013).<br \/>\nLa santa messa sar\u00e0 officiata dal vescovo emerito Giuseppe Andrich ed animata dal coro parrocchiale Lamosano e Chies .<br \/>\nLa comunit\u00e0 tutta di Chies d&#8217;Alpago per la grande stima verso il sacerdote lo ricorda ancora oggi sempre con grande affetto&#8230;.<br \/>\nDon Sergio era un grande predicatore,\u00a0 conosciuto in tutta la provincia come grande direttore dei cori parrocchiali, ha organizzato i centri estivi per i bambino fino a 85 anni&#8230;.&#8221;Uomo e Sacerdote ricordato dalla gente della comunit\u00e0 per le tante doti e doni :&#8221; Umano , empatico , simpatico , sorridente e assertivo &#8221;<\/p>\n<p>&nbsp;<\/p>\n<p>&nbsp;<\/p>\n<hr \/>\n<p>&nbsp;<\/p>\n<div dir=\"auto\">\n<blockquote>\n<h3>L&#8217;ECOMUSEO DELL&#8217;OCCHIALERIE BELLUNESE<\/h3>\n<\/blockquote>\n<p><strong>PIEVE DI CADORE<\/strong> <strong>Domani\u00a0<\/strong> alle\u00a0 16.30 presso il Museo dell\u2019Occhialee sar\u00e0 presentato il progetto \u201cTerre dell\u2019Occhiale \u2013 Ecomuseo dell\u2019occhialeria bellunese\u201d che mira a creare un ecomuseo dell\u2019occhialeria bellunese collegando i musei e i siti industriali del Cadore e dell\u2019Agordino per valorizzare il patrimonio culturale del distretto, rafforzare l\u2019identit\u00e0 e l\u2019immagine delle imprese e promuovere lo sviluppo del territorio diversificando l\u2019offerta turistica nell\u2019area.<\/p>\n<p>&nbsp;<\/p>\n<hr \/>\n<p>&nbsp;<\/p>\n<blockquote>\n<h3 class=\"entry-title\">L\u2019IMPEGNO PER LA FIBROSI CISTICA, SULLA STRADA DI BICE<\/h3>\n<\/blockquote>\n<p><strong>REDAZIONE <\/strong>Raccolta fondi: <span id=\"page3R_mcid0\" class=\"markedContent\"><span dir=\"ltr\" role=\"presentation\">\u00a0<\/span><\/span><span id=\"page3R_mcid2\" class=\"markedContent\"><span dir=\"ltr\" role=\"presentation\"><strong>SABATO 6<\/strong>\u00a0maggio a\u00a0<\/span><\/span><span id=\"page3R_mcid3\" class=\"markedContent\"><span dir=\"ltr\" role=\"presentation\">Santo Stefano di Cadore, Dosoledo, Agordo, Caviola, Falcade, Castion in Piazza I\u00b0\u00a0<\/span><span dir=\"ltr\" role=\"presentation\">Maggio (Alpini), Puos d<\/span><span dir=\"ltr\" role=\"presentation\">\u2019<\/span><span dir=\"ltr\" role=\"presentation\">Alpago Piazza P. Luciani.\u00a0<\/span><\/span><span id=\"page3R_mcid5\" class=\"markedContent\"><span dir=\"ltr\" role=\"presentation\"><strong>DOMENICA 7 Maggio<\/strong>\u00a0<\/span><\/span><span id=\"page3R_mcid6\" class=\"markedContent\"><span dir=\"ltr\" role=\"presentation\">Parrocchie Del Poi (Rivamonte, Tiser, Gosaldo, Frassen\u00e8 e Voltago) <\/span><\/span><span id=\"page3R_mcid8\" class=\"markedContent\"><span dir=\"ltr\" role=\"presentation\"><strong>Durante<\/strong> la settimana ci sar\u00e0 il recapito porta a porta della<\/span>\u00a0<span dir=\"ltr\" role=\"presentation\">\u201c<\/span><span dir=\"ltr\" role=\"presentation\">dipladenia<\/span><span dir=\"ltr\" role=\"presentation\">\u201d<\/span>\u00a0<span dir=\"ltr\" role=\"presentation\">a Farra\u00a0<\/span><span dir=\"ltr\" role=\"presentation\">d<\/span><span dir=\"ltr\" role=\"presentation\">\u2019<\/span><span dir=\"ltr\" role=\"presentation\">Alpago e Zopp\u00e8 di Cadore\u00a0<\/span><\/span><\/p>\n<p>&nbsp;<\/p>\n<p>&nbsp;<\/p>\n<hr \/>\n<\/div>\n<div dir=\"auto\"><\/div>\n<div dir=\"auto\">\n<blockquote>\n<h3>SOSPIROLO EVENTI<\/h3>\n<\/blockquote>\n<h3><a class=\"dt-pswp-item\" href=\"https:\/\/www.radiopiu.net\/wordpress\/wp-content\/uploads\/2023\/04\/Senza-nome-66.jpg\" data-dt-img-description=\"\" data-large_image_width=\"129\" data-large_image_height=\"153\"><img loading=\"lazy\" decoding=\"async\" class=\"size-full wp-image-332530 alignleft\" src=\"https:\/\/www.radiopiu.net\/wordpress\/wp-content\/uploads\/2023\/04\/Senza-nome-66.jpg\" alt=\"\" width=\"129\" height=\"153\" \/><\/a><\/h3>\n<p><strong>SOSPIROLO<\/strong> \u00a0<strong>venerd\u00ec 5<\/strong> maggio ore 20.45 al Pr\u00e0 della Melia <strong>Sonon par San Gottardo, concerto di fisarmoniche.<\/strong> Serata di raccolta fondi per il restauro del campanile (Comitato pro San Gottardo) <strong>sabato 6<\/strong> maggio dalle 10.30 a La Mandra <strong>Festa sociale della Montagna<\/strong> (Centro Studi Montagna Sospirolese)<\/p>\n<\/div>\n<div dir=\"auto\"><\/div>\n<div dir=\"auto\"><\/div>\n<div dir=\"auto\"><\/div>\n<div dir=\"auto\"><\/div>\n<div dir=\"auto\"><\/div>\n<div dir=\"auto\"><\/div>\n<div dir=\"auto\"><\/div>\n<div dir=\"auto\"><\/div>\n<div dir=\"auto\">\n<hr \/>\n<\/div>\n<div dir=\"auto\"><\/div>\n<p>&nbsp;<\/p>\n<blockquote>\n<h3><strong>EDITORIA, IL LIBRO DI LUISA MANFROI\u00a0<\/strong><\/h3>\n<\/blockquote>\n<p>di Gianni Santomaso<\/p>\n<audio class=\"wp-audio-shortcode\" id=\"audio-332859-17\" preload=\"none\" style=\"width: 100%;\" controls=\"controls\"><source type=\"audio\/mpeg\" src=\"https:\/\/www.radiopiu.net\/wordpress\/wp-content\/uploads\/2023\/04\/GIANNI-LIBRO-LUISA-MANFROI.mp3?_=17\" \/><a href=\"https:\/\/www.radiopiu.net\/wordpress\/wp-content\/uploads\/2023\/04\/GIANNI-LIBRO-LUISA-MANFROI.mp3\">https:\/\/www.radiopiu.net\/wordpress\/wp-content\/uploads\/2023\/04\/GIANNI-LIBRO-LUISA-MANFROI.mp3<\/a><\/audio>\n<p>&nbsp;<\/p>\n<p><a class=\"dt-pswp-item\" href=\"https:\/\/www.radiopiu.net\/wordpress\/wp-content\/uploads\/2023\/04\/locandina.jpg\" data-dt-img-description=\"\" data-large_image_width=\"1414\" data-large_image_height=\"2000\"><img loading=\"lazy\" decoding=\"async\" class=\"size-medium wp-image-332545 alignleft\" src=\"https:\/\/www.radiopiu.net\/wordpress\/wp-content\/uploads\/2023\/04\/locandina-212x300.jpg\" alt=\"\" width=\"212\" height=\"300\" srcset=\"https:\/\/www.radiopiu.net\/wordpress\/wp-content\/uploads\/2023\/04\/locandina-212x300.jpg 212w, https:\/\/www.radiopiu.net\/wordpress\/wp-content\/uploads\/2023\/04\/locandina-724x1024.jpg 724w, https:\/\/www.radiopiu.net\/wordpress\/wp-content\/uploads\/2023\/04\/locandina-768x1086.jpg 768w, https:\/\/www.radiopiu.net\/wordpress\/wp-content\/uploads\/2023\/04\/locandina-1086x1536.jpg 1086w, https:\/\/www.radiopiu.net\/wordpress\/wp-content\/uploads\/2023\/04\/locandina.jpg 1414w\" sizes=\"auto, (max-width: 212px) 100vw, 212px\" \/><\/a><\/p>\n<p><strong>CENCENIGHE <\/strong>Sabato alle 17.30 in sala consiliare del Comune presentazione del libro\u00a0 IL CENTRO TURISTICO CULTURALE NOF FILO&#8217;, storia di un edificio e di una comunit\u00e0 di Luisa Manfroi<br \/>\nInterventi di\u00a0 Luisa Manfroi, Mauro Soppelsa sindaco di Cencenighe e Bepi Pellegrinon editore.<\/p>\n<p>&nbsp;<\/p>\n<p>&nbsp;<\/p>\n<p>&nbsp;<\/p>\n<p>&nbsp;<\/p>\n<p>&nbsp;<\/p>\n<p>&nbsp;<\/p>\n<p>&nbsp;<\/p>\n<p>&nbsp;<\/p>\n<hr \/>\n<p>&nbsp;<\/p>\n<blockquote>\n<h3>LE ORME IN CONCERTO AD ANZU&#8217; DI FELTRE<\/h3>\n<\/blockquote>\n<p><strong><a class=\"dt-pswp-item\" href=\"https:\/\/www.radiopiu.net\/wordpress\/wp-content\/uploads\/2023\/04\/LE-ORME-CONCERTO.jpg\" data-dt-img-description=\"\" data-large_image_width=\"921\" data-large_image_height=\"551\"><img loading=\"lazy\" decoding=\"async\" class=\" wp-image-332388 alignleft\" src=\"https:\/\/www.radiopiu.net\/wordpress\/wp-content\/uploads\/2023\/04\/LE-ORME-CONCERTO-300x179.jpg\" alt=\"\" width=\"179\" height=\"107\" srcset=\"https:\/\/www.radiopiu.net\/wordpress\/wp-content\/uploads\/2023\/04\/LE-ORME-CONCERTO-300x179.jpg 300w, https:\/\/www.radiopiu.net\/wordpress\/wp-content\/uploads\/2023\/04\/LE-ORME-CONCERTO-768x459.jpg 768w, https:\/\/www.radiopiu.net\/wordpress\/wp-content\/uploads\/2023\/04\/LE-ORME-CONCERTO.jpg 921w\" sizes=\"auto, (max-width: 179px) 100vw, 179px\" \/><\/a>FELTRE<\/strong><\/p>\n<p><strong>L&#8217;INTERVISTA<\/strong><\/p>\n<audio class=\"wp-audio-shortcode\" id=\"audio-332859-18\" preload=\"none\" style=\"width: 100%;\" controls=\"controls\"><source type=\"audio\/mpeg\" src=\"https:\/\/www.radiopiu.net\/wordpress\/wp-content\/uploads\/2023\/04\/CONCERTO-LE-ORME.mp3?_=18\" \/><a href=\"https:\/\/www.radiopiu.net\/wordpress\/wp-content\/uploads\/2023\/04\/CONCERTO-LE-ORME.mp3\">https:\/\/www.radiopiu.net\/wordpress\/wp-content\/uploads\/2023\/04\/CONCERTO-LE-ORME.mp3<\/a><\/audio>\n<p>&nbsp;<\/p>\n<p>&nbsp;<\/p>\n<hr \/>\n<p>&nbsp;<\/p>\n<p>&nbsp;<\/p>\n<p><img loading=\"lazy\" decoding=\"async\" class=\"alignleft\" src=\"https:\/\/www.radiopiu.net\/wordpress\/wp-content\/uploads\/2023\/04\/BARACA-de-FEN-1-724x1024.png\" width=\"149\" height=\"211\" \/><\/p>\n<p>&nbsp;<\/p>\n<p>&nbsp;<\/p>\n<p><strong>LIVINALLONGO<\/strong> \u00c8 in programma sabato alle 16, in sala Taulac a Livinallongo Del Col Di Lana, l\u2019evento dedicato alla terra fodoma dal titolo \u201cFodom terra di antiche culture\u2026in cerca di nuovi sapori\u201d. Ci sar\u00e0 la presentazione del libro sul rilancio e continuit\u00e0 della biodiversit\u00e0 coltivata nelle dolomiti agordine a cura di Orazio Andrich e Johannes Keinzel. A seguire la visione del video-documentario \u201cLa baraca de fen\u201d a cura dell\u2019Istitut Cultural Ladin Cesa de Jan. A seguire l\u2019aperitivo con i sapori della biodiversit\u00e0 ladina.<\/p>\n<p>&nbsp;<\/p>\n<p>&nbsp;<\/p>\n<p>&nbsp;<\/p>\n<hr \/>\n<p>&nbsp;<\/p>\n<p>&nbsp;<\/p>\n<p><iframe loading=\"lazy\" title=\"Trailer live Falcade 23 05 2023\" width=\"1200\" height=\"675\" src=\"https:\/\/www.youtube.com\/embed\/vytkb_XSQIQ?feature=oembed\" frameborder=\"0\" allow=\"accelerometer; autoplay; clipboard-write; encrypted-media; gyroscope; picture-in-picture; web-share\" allowfullscreen><\/iframe><\/p>\n<p>&nbsp;<\/p>\n<blockquote class=\"wp-embedded-content\" data-secret=\"sEOP7Zhs2t\"><p><a href=\"https:\/\/www.radiopiu.net\/wordpress\/una-sera-di-comicita-al-palafalcade-con-ingresso-gratuito\/\">UNA SERA DI COMICITA&#8217; AL PALAFALCADE CON INGRESSO GRATUITO<\/a><\/p><\/blockquote>\n<p><iframe loading=\"lazy\" class=\"wp-embedded-content\" sandbox=\"allow-scripts\" security=\"restricted\" style=\"position: absolute; clip: rect(1px, 1px, 1px, 1px);\" title=\"&#8220;UNA SERA DI COMICITA&#8217; AL PALAFALCADE CON INGRESSO GRATUITO&#8221; &#8212; Radio Pi\u00f9\" src=\"https:\/\/www.radiopiu.net\/wordpress\/una-sera-di-comicita-al-palafalcade-con-ingresso-gratuito\/embed\/#?secret=b3IBe3YVRE#?secret=sEOP7Zhs2t\" data-secret=\"sEOP7Zhs2t\" width=\"600\" height=\"338\" frameborder=\"0\" marginwidth=\"0\" marginheight=\"0\" scrolling=\"no\"><\/iframe><\/p>\n<p>&nbsp;<\/p>\n<blockquote>\n<h3>LE VICENDE DI RIZZIERI RAVEANE IN UN LIBRO<\/h3>\n<\/blockquote>\n<p><strong>BELLUNO<\/strong> La Camera del lavoro di Belluno e l\u2019Anpi di Belluno organizzano <strong>gioved\u00ec 27 aprile<\/strong> alle 18, alla sala Luciani del Giovanni XXIII, la presentazione del libro \u201cUna vita difficile in un secolo breve\u201d, che narra le vicende di Rizzieri Raveane. Interverranno Gino Sperandio e Alessia Cerentin, rispettivamente per l\u2019Anpi di Belluno e la CGIL di Belluno per poi dialogare Giovanni Perenzin e l&#8217;autore del libro.<\/p>\n<p>&nbsp;<\/p>\n<p>&nbsp;<\/p>\n<hr \/>\n<p>&nbsp;<\/p>\n<p><strong>I GRAFICI DI TIZIANO DE COL<\/strong><\/p>\n\n\t\t\t<style type='text\/css'>\n\t\t\t\t#gallery-10 {\n\t\t\t\t\tmargin: auto;\n\t\t\t\t}\n\t\t\t\t#gallery-10 .gallery-item {\n\t\t\t\t\tfloat: left;\n\t\t\t\t\tmargin-top: 10px;\n\t\t\t\t\ttext-align: center;\n\t\t\t\t\twidth: 20%;\n\t\t\t\t}\n\t\t\t\t#gallery-10 img {\n\t\t\t\t\tborder: 2px solid #cfcfcf;\n\t\t\t\t}\n\t\t\t\t#gallery-10 .gallery-caption {\n\t\t\t\t\tmargin-left: 0;\n\t\t\t\t}\n\t\t\t\t\/* see gallery_shortcode() in wp-includes\/media.php *\/\n\t\t\t<\/style>\n\t\t<div id='gallery-10' class='dt-gallery-container gallery galleryid-332859 gallery-columns-5 gallery-size-medium'><dl class='gallery-item'>\n\t\t\t\t<dt class='gallery-icon landscape'>\n\t\t\t\t\t<a class=\"rollover rollover-zoom dt-pswp-item\" title=\"ca1faaaf-97e2-4790-a614-43aa1a538b6c\" data-dt-img-description=\"\" data-large_image_width=\"598\" data-large_image_height=\"351\"href='https:\/\/www.radiopiu.net\/wordpress\/wp-content\/uploads\/2023\/04\/ca1faaaf-97e2-4790-a614-43aa1a538b6c.jpg'><img loading=\"lazy\" decoding=\"async\" width=\"300\" height=\"176\" src=\"https:\/\/www.radiopiu.net\/wordpress\/wp-content\/uploads\/2023\/04\/ca1faaaf-97e2-4790-a614-43aa1a538b6c-300x176.jpg\" class=\"attachment-medium size-medium\" alt=\"\" srcset=\"https:\/\/www.radiopiu.net\/wordpress\/wp-content\/uploads\/2023\/04\/ca1faaaf-97e2-4790-a614-43aa1a538b6c-300x176.jpg 300w, https:\/\/www.radiopiu.net\/wordpress\/wp-content\/uploads\/2023\/04\/ca1faaaf-97e2-4790-a614-43aa1a538b6c.jpg 598w\" sizes=\"auto, (max-width: 300px) 100vw, 300px\" \/><\/a>\n\t\t\t\t<\/dt><\/dl><dl class='gallery-item'>\n\t\t\t\t<dt class='gallery-icon landscape'>\n\t\t\t\t\t<a class=\"rollover rollover-zoom dt-pswp-item\" title=\"cf905c36-c4e1-4f8f-88bc-73cdbc0c9366\" data-dt-img-description=\"\" data-large_image_width=\"598\" data-large_image_height=\"349\"href='https:\/\/www.radiopiu.net\/wordpress\/wp-content\/uploads\/2023\/04\/cf905c36-c4e1-4f8f-88bc-73cdbc0c9366.jpg'><img loading=\"lazy\" decoding=\"async\" width=\"300\" height=\"175\" src=\"https:\/\/www.radiopiu.net\/wordpress\/wp-content\/uploads\/2023\/04\/cf905c36-c4e1-4f8f-88bc-73cdbc0c9366-300x175.jpg\" class=\"attachment-medium size-medium\" alt=\"\" srcset=\"https:\/\/www.radiopiu.net\/wordpress\/wp-content\/uploads\/2023\/04\/cf905c36-c4e1-4f8f-88bc-73cdbc0c9366-300x175.jpg 300w, https:\/\/www.radiopiu.net\/wordpress\/wp-content\/uploads\/2023\/04\/cf905c36-c4e1-4f8f-88bc-73cdbc0c9366.jpg 598w\" sizes=\"auto, (max-width: 300px) 100vw, 300px\" \/><\/a>\n\t\t\t\t<\/dt><\/dl><dl class='gallery-item'>\n\t\t\t\t<dt class='gallery-icon landscape'>\n\t\t\t\t\t<a class=\"rollover rollover-zoom dt-pswp-item\" title=\"f8fc6ab1-69cb-4401-a85b-180dca779311\" data-dt-img-description=\"\" data-large_image_width=\"602\" data-large_image_height=\"351\"href='https:\/\/www.radiopiu.net\/wordpress\/wp-content\/uploads\/2023\/04\/f8fc6ab1-69cb-4401-a85b-180dca779311.jpg'><img loading=\"lazy\" decoding=\"async\" width=\"300\" height=\"175\" src=\"https:\/\/www.radiopiu.net\/wordpress\/wp-content\/uploads\/2023\/04\/f8fc6ab1-69cb-4401-a85b-180dca779311-300x175.jpg\" class=\"attachment-medium size-medium\" alt=\"\" srcset=\"https:\/\/www.radiopiu.net\/wordpress\/wp-content\/uploads\/2023\/04\/f8fc6ab1-69cb-4401-a85b-180dca779311-300x175.jpg 300w, https:\/\/www.radiopiu.net\/wordpress\/wp-content\/uploads\/2023\/04\/f8fc6ab1-69cb-4401-a85b-180dca779311.jpg 602w\" sizes=\"auto, (max-width: 300px) 100vw, 300px\" \/><\/a>\n\t\t\t\t<\/dt><\/dl><dl class='gallery-item'>\n\t\t\t\t<dt class='gallery-icon landscape'>\n\t\t\t\t\t<a class=\"rollover rollover-zoom dt-pswp-item\" title=\"b28adb60-ef02-4655-b571-3a429bb9d1e8\" data-dt-img-description=\"\" data-large_image_width=\"610\" data-large_image_height=\"351\"href='https:\/\/www.radiopiu.net\/wordpress\/wp-content\/uploads\/2023\/04\/b28adb60-ef02-4655-b571-3a429bb9d1e8.jpg'><img loading=\"lazy\" decoding=\"async\" width=\"300\" height=\"173\" src=\"https:\/\/www.radiopiu.net\/wordpress\/wp-content\/uploads\/2023\/04\/b28adb60-ef02-4655-b571-3a429bb9d1e8-300x173.jpg\" class=\"attachment-medium size-medium\" alt=\"\" srcset=\"https:\/\/www.radiopiu.net\/wordpress\/wp-content\/uploads\/2023\/04\/b28adb60-ef02-4655-b571-3a429bb9d1e8-300x173.jpg 300w, https:\/\/www.radiopiu.net\/wordpress\/wp-content\/uploads\/2023\/04\/b28adb60-ef02-4655-b571-3a429bb9d1e8.jpg 610w\" sizes=\"auto, (max-width: 300px) 100vw, 300px\" \/><\/a>\n\t\t\t\t<\/dt><\/dl><dl class='gallery-item'>\n\t\t\t\t<dt class='gallery-icon landscape'>\n\t\t\t\t\t<a class=\"rollover rollover-zoom dt-pswp-item\" title=\"98c85338-ec16-40d0-9991-d084882569a3\" data-dt-img-description=\"\" data-large_image_width=\"622\" data-large_image_height=\"351\"href='https:\/\/www.radiopiu.net\/wordpress\/wp-content\/uploads\/2023\/04\/98c85338-ec16-40d0-9991-d084882569a3.jpg'><img loading=\"lazy\" decoding=\"async\" width=\"300\" height=\"169\" src=\"https:\/\/www.radiopiu.net\/wordpress\/wp-content\/uploads\/2023\/04\/98c85338-ec16-40d0-9991-d084882569a3-300x169.jpg\" class=\"attachment-medium size-medium\" alt=\"\" srcset=\"https:\/\/www.radiopiu.net\/wordpress\/wp-content\/uploads\/2023\/04\/98c85338-ec16-40d0-9991-d084882569a3-300x169.jpg 300w, https:\/\/www.radiopiu.net\/wordpress\/wp-content\/uploads\/2023\/04\/98c85338-ec16-40d0-9991-d084882569a3.jpg 622w\" sizes=\"auto, (max-width: 300px) 100vw, 300px\" \/><\/a>\n\t\t\t\t<\/dt><\/dl><br style=\"clear: both\" \/>\n\t\t\t<\/div>\n\n<p>&nbsp;<\/p>\n<hr \/>\n<p>&nbsp;<\/p>\n<blockquote class=\"wp-embedded-content\" data-secret=\"5wagUmGpDW\"><p><a href=\"https:\/\/www.radiopiu.net\/wordpress\/usi-civici-ovvero-domini-collettivi-sesta-parte-di-tiziano-de-col\/\">USI CIVICI OVVERO DOMINI COLLETTIVI, SESTA PARTE DI TIZIANO DE COL<\/a><\/p><\/blockquote>\n<p><iframe loading=\"lazy\" class=\"wp-embedded-content\" sandbox=\"allow-scripts\" security=\"restricted\" style=\"position: absolute; clip: rect(1px, 1px, 1px, 1px);\" title=\"&#8220;USI CIVICI OVVERO DOMINI COLLETTIVI, SESTA PARTE DI TIZIANO DE COL&#8221; &#8212; Radio Pi\u00f9\" src=\"https:\/\/www.radiopiu.net\/wordpress\/usi-civici-ovvero-domini-collettivi-sesta-parte-di-tiziano-de-col\/embed\/#?secret=HHOeohTlvU#?secret=5wagUmGpDW\" data-secret=\"5wagUmGpDW\" width=\"600\" height=\"338\" frameborder=\"0\" marginwidth=\"0\" marginheight=\"0\" scrolling=\"no\"><\/iframe><\/p>\n<p>&nbsp;<\/p>\n<hr \/>\n<p>&nbsp;<\/p>\n<p><strong class=\"photoswipe-wrapper\"><a class=\"dt-pswp-item pspw-wrap-ready\" href=\"https:\/\/www.radiopiu.net\/wordpress\/wp-content\/uploads\/2021\/06\/8554eb80-bb6e-4752-a6d3-57aff91a2903.jpg\" data-dt-img-description=\"\" data-large_image_width=\"768\" data-large_image_height=\"1024\"><img loading=\"lazy\" decoding=\"async\" class=\"wp-image-215003 alignleft\" src=\"https:\/\/www.radiopiu.net\/wordpress\/wp-content\/uploads\/2021\/06\/8554eb80-bb6e-4752-a6d3-57aff91a2903-225x300.jpg\" sizes=\"auto, (max-width: 116px) 100vw, 116px\" srcset=\"https:\/\/www.radiopiu.net\/wordpress\/wp-content\/uploads\/2021\/06\/8554eb80-bb6e-4752-a6d3-57aff91a2903-225x300.jpg 225w, https:\/\/www.radiopiu.net\/wordpress\/wp-content\/uploads\/2021\/06\/8554eb80-bb6e-4752-a6d3-57aff91a2903.jpg 768w\" alt=\"\" width=\"116\" height=\"155\" \/><\/a><span style=\"color: #ff0000;\">BANDI ALLA RADIO\u00a0<\/span><\/strong><\/p>\n<p><strong>BANDI DI CONCORSO, DAL COMUNE DI ROCCA PIETORE.\u00a0<\/strong>UN POSTO DI ISTRUTTORE AMMINISTRATIVO categoria C1, a tempo pieno e indeterminato UN POSTO DI ISTRUTTORE TECNICO categoria C1, contratto a tempo pieno e indeterminato Tutte le informazioni inerenti ai bandi di concorso, le modalit\u00e0 e i termini di presentazione delle domande sono reperibili sul sito del Comune: WWW.COMUNE.ROCCAPIETORE.BL.IT<\/p>\n<p>&nbsp;<\/p>\n<p>&nbsp;<\/p>\n<hr \/>\n<p>&nbsp;<\/p>\n<p>&nbsp;<\/p>\n<div class=\"message spoilers-container\" dir=\"auto\">\n<div>\n<div class=\"b654a4as d2edcug0\">\n<div class=\"rq0escxv hkbzh7o3 jwdofwj8 n8tt0mok r8blr3vg hyh9befq\">\n<p><a class=\"dt-pswp-item\" href=\"https:\/\/www.radiopiu.net\/wordpress\/wp-content\/uploads\/2020\/10\/pp.jpg\" data-dt-img-description=\"\" data-large_image_width=\"640\" data-large_image_height=\"640\"><img loading=\"lazy\" decoding=\"async\" class=\"wp-image-163678 alignleft\" src=\"https:\/\/www.radiopiu.net\/wordpress\/wp-content\/uploads\/2020\/10\/pp-300x300.jpg\" alt=\"\" width=\"106\" height=\"106\" srcset=\"https:\/\/www.radiopiu.net\/wordpress\/wp-content\/uploads\/2020\/10\/pp-300x300.jpg 300w, https:\/\/www.radiopiu.net\/wordpress\/wp-content\/uploads\/2020\/10\/pp-150x150.jpg 150w, https:\/\/www.radiopiu.net\/wordpress\/wp-content\/uploads\/2020\/10\/pp-125x125.jpg 125w, https:\/\/www.radiopiu.net\/wordpress\/wp-content\/uploads\/2020\/10\/pp-200x200.jpg 200w, https:\/\/www.radiopiu.net\/wordpress\/wp-content\/uploads\/2020\/10\/pp-80x80.jpg 80w, https:\/\/www.radiopiu.net\/wordpress\/wp-content\/uploads\/2020\/10\/pp-480x480.jpg 480w, https:\/\/www.radiopiu.net\/wordpress\/wp-content\/uploads\/2020\/10\/pp.jpg 640w\" sizes=\"auto, (max-width: 106px) 100vw, 106px\" \/><\/a><\/p>\n<\/div>\n<\/div>\n<\/div>\n<\/div>\n<div class=\"message spoilers-container\" dir=\"auto\">\n<div>\n<div class=\"page-title-head hgroup\">\n<div class=\"page-title-head hgroup\">\n<div class=\"b654a4as d2edcug0\">\n<div class=\"j83agx80 btwxx1t3 lhclo0ds hop8lmos nkwizq5d scwd0bx6 roh60bw9\">\n<div class=\"rq0escxv hkbzh7o3 jwdofwj8 n8tt0mok r8blr3vg hyh9befq\">\n<div class=\"do00u71z l9j0dhe7 k4urcfbm\" style=\"text-align: left;\">\n<h2><span style=\"color: #000080;\">DON CESARE, IL PENSIERO DEL GIORNO. ALLA RADIO ALLE 7 DEL MATTINO E ALLE 19.30 DELLA SERA<\/span><\/h2>\n<\/div>\n<\/div>\n<\/div>\n<\/div>\n<\/div>\n<\/div>\n<\/div>\n<\/div>\n<audio class=\"wp-audio-shortcode\" id=\"audio-332859-19\" preload=\"none\" style=\"width: 100%;\" controls=\"controls\"><source type=\"audio\/mpeg\" src=\"https:\/\/www.radiopiu.net\/wordpress\/wp-content\/uploads\/2023\/04\/CESARE-18.mp3?_=19\" \/><a href=\"https:\/\/www.radiopiu.net\/wordpress\/wp-content\/uploads\/2023\/04\/CESARE-18.mp3\">https:\/\/www.radiopiu.net\/wordpress\/wp-content\/uploads\/2023\/04\/CESARE-18.mp3<\/a><\/audio>\n<p>&nbsp;<\/p>\n<p>&nbsp;<\/p>\n<hr \/>\n<p>&nbsp;<\/p>\n<div class=\"message spoilers-container\" dir=\"auto\">\n<p>&nbsp;<\/p>\n<\/div>\n<div class=\"message spoilers-container\" dir=\"auto\">\n<h2><span style=\"color: #ff00ff;\">IN VIVO VERSO\u00a0 \u00a0 \u00a0<\/span><\/h2>\n<blockquote>\n<h3>BRIVIDO D&#8217;AMORE di FEDERICO SOPPELSA<\/h3>\n<\/blockquote>\n<p>AUDIO<\/p>\n<audio class=\"wp-audio-shortcode\" id=\"audio-332859-20\" preload=\"none\" style=\"width: 100%;\" controls=\"controls\"><source type=\"audio\/mpeg\" src=\"https:\/\/www.radiopiu.net\/wordpress\/wp-content\/uploads\/2023\/04\/02-BRIVIDO-DAMORE.mp3?_=20\" \/><a href=\"https:\/\/www.radiopiu.net\/wordpress\/wp-content\/uploads\/2023\/04\/02-BRIVIDO-DAMORE.mp3\">https:\/\/www.radiopiu.net\/wordpress\/wp-content\/uploads\/2023\/04\/02-BRIVIDO-DAMORE.mp3<\/a><\/audio>\n<p>&nbsp;<\/p>\n<p style=\"text-align: left;\"><a class=\"dt-pswp-item\" href=\"https:\/\/www.radiopiu.net\/wordpress\/wp-content\/uploads\/2023\/04\/FEDERICO-SOPPELSA-FOTO-2.jpg\" data-dt-img-description=\"\" data-large_image_width=\"720\" data-large_image_height=\"960\"><img loading=\"lazy\" decoding=\"async\" class=\"size-medium wp-image-332879 alignleft\" src=\"https:\/\/www.radiopiu.net\/wordpress\/wp-content\/uploads\/2023\/04\/FEDERICO-SOPPELSA-FOTO-2-225x300.jpg\" alt=\"\" width=\"225\" height=\"300\" srcset=\"https:\/\/www.radiopiu.net\/wordpress\/wp-content\/uploads\/2023\/04\/FEDERICO-SOPPELSA-FOTO-2-225x300.jpg 225w, https:\/\/www.radiopiu.net\/wordpress\/wp-content\/uploads\/2023\/04\/FEDERICO-SOPPELSA-FOTO-2.jpg 720w\" sizes=\"auto, (max-width: 225px) 100vw, 225px\" \/><\/a><strong>Federico Soppelsa<\/strong><br \/>\n<strong>BRIVIDO D&#8217;AMORE<\/strong><\/p>\n<p>Se un brivido improvviso ti arriva fino al cuore<br \/>\nmolto spesso \u00e8 il primo segno dell&#8217;amore<br \/>\ntalmente intenso che vorresti non finisse mai<br \/>\nbello e inaspettato che difficilmente rivivrai<\/p>\n<p>Cerca nei suoi occhi vedrai il mondo intero<br \/>\nascolta la sua voce carpirai il suo pensiero<br \/>\nbacia le sue labbra gusterai la sua dolcezza<br \/>\nsfiora il suo corpo sentirai la sua freschezza<\/p>\n<p>stringi le sue mani esili e tremanti<br \/>\naccarezzale le guance rosee e tondeggianti<br \/>\narriccia i suoi capelli biondi come il grano<br \/>\nraccogli il tuo coraggio e sussurrale ti amo<\/p>\n<p>Incontra il suo sguardo colmo d&#8217;amore<br \/>\nammira sul suo petto il battito del cuore<br \/>\nstringila forte tra le tue braccia<br \/>\ntrattala come una rosa quando sboccia<\/p>\n<p>L&#8217;amore non conosce limiti ne&#8217; et\u00e0<br \/>\nspesso la fantasia supera la realt\u00e0<br \/>\ntroppo calore fa scoppiare il cuore<br \/>\nl&#8217;eccessivo gelo far morire di dolore<\/p>\n<p>L&#8217;amore vero per\u00f2 \u00e8 quello eterno<br \/>\nsopporta anche le pene dell&#8217;inferno<br \/>\npochi godono di questo privilegio<br \/>\nche sicuramente \u00e8 un grande pregio<\/p>\n<p>&nbsp;<\/p>\n<p><strong>LA RACCOLTA COMPLETA<\/strong><\/p>\n<\/div>\n<div class=\"message spoilers-container\" dir=\"auto\">\n<blockquote class=\"wp-embedded-content\" data-secret=\"Tobypxq760\"><p><a href=\"https:\/\/www.radiopiu.net\/wordpress\/in-vivo-verso\/\">In Vivo Verso<\/a><\/p><\/blockquote>\n<p><iframe loading=\"lazy\" class=\"wp-embedded-content\" sandbox=\"allow-scripts\" security=\"restricted\" style=\"position: absolute; clip: rect(1px, 1px, 1px, 1px);\" title=\"&#8220;In Vivo Verso&#8221; &#8212; Radio Pi\u00f9\" src=\"https:\/\/www.radiopiu.net\/wordpress\/in-vivo-verso\/embed\/#?secret=B0xlBGZg9g#?secret=Tobypxq760\" data-secret=\"Tobypxq760\" width=\"600\" height=\"338\" frameborder=\"0\" marginwidth=\"0\" marginheight=\"0\" scrolling=\"no\"><\/iframe><\/p>\n<\/div>\n<div class=\"message spoilers-container\" dir=\"auto\">\n<p>&nbsp;<\/p>\n<hr \/>\n<\/div>\n<p>&nbsp;<\/p>\n<h2><span style=\"color: #339966;\">I RACCONTI DI PAOLO SOPPELSA<\/span><\/h2>\n<p><strong>NEL BOSCO DI SERA<\/strong><\/p>\n<p><strong>AUDIO<\/strong><\/p>\n<audio class=\"wp-audio-shortcode\" id=\"audio-332859-21\" preload=\"none\" style=\"width: 100%;\" controls=\"controls\"><source type=\"audio\/mpeg\" src=\"https:\/\/www.radiopiu.net\/wordpress\/wp-content\/uploads\/2023\/04\/PAOLO-SOPPELSA.mp3?_=21\" \/><a href=\"https:\/\/www.radiopiu.net\/wordpress\/wp-content\/uploads\/2023\/04\/PAOLO-SOPPELSA.mp3\">https:\/\/www.radiopiu.net\/wordpress\/wp-content\/uploads\/2023\/04\/PAOLO-SOPPELSA.mp3<\/a><\/audio>\n<p>&nbsp;<\/p>\n<p><a class=\"dt-pswp-item\" href=\"https:\/\/www.radiopiu.net\/wordpress\/wp-content\/uploads\/2023\/04\/2aadea47-143b-4a2c-82d7-bd89853226b1.jpg\" data-dt-img-description=\"\" data-large_image_width=\"1600\" data-large_image_height=\"1200\"><img loading=\"lazy\" decoding=\"async\" class=\"size-medium wp-image-332638 alignleft\" src=\"https:\/\/www.radiopiu.net\/wordpress\/wp-content\/uploads\/2023\/04\/2aadea47-143b-4a2c-82d7-bd89853226b1-300x225.jpg\" alt=\"\" width=\"300\" height=\"225\" srcset=\"https:\/\/www.radiopiu.net\/wordpress\/wp-content\/uploads\/2023\/04\/2aadea47-143b-4a2c-82d7-bd89853226b1-300x225.jpg 300w, https:\/\/www.radiopiu.net\/wordpress\/wp-content\/uploads\/2023\/04\/2aadea47-143b-4a2c-82d7-bd89853226b1-1024x768.jpg 1024w, https:\/\/www.radiopiu.net\/wordpress\/wp-content\/uploads\/2023\/04\/2aadea47-143b-4a2c-82d7-bd89853226b1-768x576.jpg 768w, https:\/\/www.radiopiu.net\/wordpress\/wp-content\/uploads\/2023\/04\/2aadea47-143b-4a2c-82d7-bd89853226b1-1536x1152.jpg 1536w, https:\/\/www.radiopiu.net\/wordpress\/wp-content\/uploads\/2023\/04\/2aadea47-143b-4a2c-82d7-bd89853226b1.jpg 1600w\" sizes=\"auto, (max-width: 300px) 100vw, 300px\" \/><\/a>Era un tardo pomeriggio limpido e freddo di fine gennaio, un tempo di braci morenti e di gelo severo che cresceva di minuto in minuto mentre la penombra calava sulla valle. Lass\u00f9, le sere della stagione dei silenzi nascono in modo repentino, l&#8217;arrivo del buio \u00e8 questione di attimi e solitamente i preparativi per il rientro dalla sommit\u00e0 del monte iniziano in quei momenti. Anche in quella occasione ho ascoltato l&#8217;ultimo crepitare del fuoco e poi mi sono recato sull&#8217;orlo del grande salto per il saluto serale alla mia valle. Laggi\u00f9, nel mondo di sotto, i camini fumavano con vigore mentre i fari delle auto illuminavano l&#8217;asfalto della Strada Madre; nel mondo di sopra, invece, regnava il potente silenzio dell&#8217;imbrunire d&#8217;inverno. Lass\u00f9, sopra le creste innevate del Pelsa, un tripudio di stelle e costellazioni e una mezzaluna perfetta, affilata come una falce, che passeggiava lentamente in quel gelido cielo ormai quasi nero. Era tempo di partire, di iniziare la consueta discesa che in una ventina di minuti mi avrebbe condotto alla base del monte e fuori da quel sogno silente. La poca neve scintillava al debole chiarore della luna crescente e scricchiolava ad ogni passo mentre la luce bianca della frontale mostrava il fiato che ghiacciava sulla barba; aldil\u00e0 del cono luminoso un ignoto conosciuto, un mondo spento dove nomi e storie si intrecciano, e pareva quasi di percepirle quelle presenze che forse vagano ancora nell&#8217;oscurit\u00e0 del bosco delle Anime. Lo spirito del piccolo Gervasio, caduto da un albero poco prima dell&#8217;inizio della Grande Guerra mentre badava alla vacca insieme a quello della piccola Rita, perdutasi da queste parti poco prima del Natale del ventidue, il cui corpo fu rinvenuto al tempo in cui l&#8217;inverno inizia a mollare un po&#8217; la presa. E poi chiss\u00e0 quali altre anime percorrono di notte questi sentieri; antiche leggende che si perdono nel tempo narrano di un cimitero presente nei pressi della sommit\u00e0 del monte. Passi e pensieri, impronte degli scarponi sulla neve ghiacciata e il freddo secco di una nuova notte di fine gennaio. C&#8217;erano le stelle sopra le cime degli alberi addormentati e un leggero muovere di rami che animava il bosco, e laggi\u00f9 lontane in direzione nord, brillavano le tranquille luci di Alleghe. Il bosco di sera \u00e8 carico di una quiete che d&#8217;inverno \u00e8 assoluta; nessun suono, solo quello del proprio camminare e tutto intorno la natura appare spenta. Non \u00e8 come d&#8217;estate, quando il giorno sfuma lentamente e il cammino notturno \u00e8 accompagnato dall&#8217;enigmatico canto del &#8220;bereghel&#8221;; e nemmeno come ai primi di ottobre, quando il potente bramito dei cervi squarcia il silenzio della montagna regalando una inedita vitalit\u00e0 al bosco. Venti minuti da vivere nella quiete di un mondo che di sera appare misterioso, un mondo dove non si guarda ma si ascolta. Poi, alla fine del sentiero, il ritornare dei suoni della vita normale e dei fanali delle auto che per pochi istanti rompono l&#8217;oscurit\u00e0 della notte appena nata. Spesso, mentre apro la porta della macchina parcheggiata nei pressi della provinciale, sento in lontananza i rintocchi delle campane di San Tomaso che annunciano la fine del giorno; \u00e8 il tempo di un altro partire e di una nuova notte di stelle che brillano &#8220;sora le m\u00e8 zime&#8221;.<\/p>\n<p>&nbsp;<\/p>\n<p>&nbsp;<\/p>\n<hr \/>\n<p>&nbsp;<\/p>\n<div class=\"message spoilers-container\" dir=\"auto\">\n<h2><span style=\"color: #008080;\">GOCCE DI FILOSOFIA\u00a0\u00a0<\/span><\/h2>\n<p><strong>PUNTATA 297 &#8211; Chiara Cau<\/strong><\/p>\n<audio class=\"wp-audio-shortcode\" id=\"audio-332859-22\" preload=\"none\" style=\"width: 100%;\" controls=\"controls\"><source type=\"audio\/mpeg\" src=\"https:\/\/www.radiopiu.net\/wordpress\/wp-content\/uploads\/2023\/04\/FI2-3.mp3?_=22\" \/><a href=\"https:\/\/www.radiopiu.net\/wordpress\/wp-content\/uploads\/2023\/04\/FI2-3.mp3\">https:\/\/www.radiopiu.net\/wordpress\/wp-content\/uploads\/2023\/04\/FI2-3.mp3<\/a><\/audio>\n<p>&nbsp;<\/p>\n<p>&nbsp;<\/p>\n<\/div>\n<blockquote>\n<div class=\"message spoilers-container\" dir=\"auto\">\n<p><strong>LA RACCOLTA COMPLETA<\/strong><\/p>\n<\/div>\n<\/blockquote>\n<div class=\"message spoilers-container\" dir=\"auto\">\n<blockquote class=\"wp-embedded-content\" data-secret=\"XzWBkVvev0\"><p><a href=\"https:\/\/www.radiopiu.net\/wordpress\/gocce-filosofia\/\">Gocce di filosofia,  LA TERZA STAGIONE&#8230; 2023<\/a><\/p><\/blockquote>\n<p><iframe loading=\"lazy\" class=\"wp-embedded-content\" sandbox=\"allow-scripts\" security=\"restricted\" style=\"position: absolute; clip: rect(1px, 1px, 1px, 1px);\" title=\"&#8220;Gocce di filosofia,  LA TERZA STAGIONE&#8230; 2023&#8221; &#8212; Radio Pi\u00f9\" src=\"https:\/\/www.radiopiu.net\/wordpress\/gocce-filosofia\/embed\/#?secret=m6tgeZmOST#?secret=XzWBkVvev0\" data-secret=\"XzWBkVvev0\" width=\"600\" height=\"338\" frameborder=\"0\" marginwidth=\"0\" marginheight=\"0\" scrolling=\"no\"><\/iframe><\/p>\n<p>&nbsp;<\/p>\n<\/div>\n<blockquote><p>&nbsp;<\/p><\/blockquote>\n<div class=\"message spoilers-container\" dir=\"auto\">\n<hr \/>\n<p>&nbsp;<\/p>\n<\/div>\n<div class=\"message spoilers-container\" dir=\"auto\">\n<div class=\"column\">\n<p><img loading=\"lazy\" decoding=\"async\" class=\"aligncenter wp-image-61954 size-full\" src=\"https:\/\/www.radiopiu.net\/wordpress\/wp-content\/uploads\/2018\/09\/viabilita.jpeg\" sizes=\"auto, (max-width: 800px) 100vw, 800px\" srcset=\"https:\/\/www.radiopiu.net\/wordpress\/wp-content\/uploads\/2018\/09\/viabilita.jpeg 800w, https:\/\/www.radiopiu.net\/wordpress\/wp-content\/uploads\/2018\/09\/viabilita-300x38.jpeg 300w, https:\/\/www.radiopiu.net\/wordpress\/wp-content\/uploads\/2018\/09\/viabilita-768x96.jpeg 768w\" alt=\"\" width=\"800\" height=\"100\" \/><\/p>\n<\/div>\n<\/div>\n<div class=\"message spoilers-container\" dir=\"auto\">\n<div class=\"column\">\n<p>&nbsp;<\/p>\n<\/div>\n<\/div>\n<div class=\"message spoilers-container\" dir=\"auto\">\n<div class=\"column\">\n<div dir=\"ltr\">\n<div class=\"gmail_quote\">\n<div dir=\"ltr\">\n<div class=\"gmail_quote\">\n<blockquote class=\"wp-embedded-content\" data-secret=\"3d9viW5uUL\"><p><a href=\"https:\/\/www.radiopiu.net\/wordpress\/viabilita\/\">viabilita<\/a><\/p><\/blockquote>\n<p><iframe loading=\"lazy\" class=\"wp-embedded-content\" sandbox=\"allow-scripts\" security=\"restricted\" style=\"position: absolute; clip: rect(1px, 1px, 1px, 1px);\" title=\"&#8220;viabilita&#8221; &#8212; Radio Pi\u00f9\" src=\"https:\/\/www.radiopiu.net\/wordpress\/viabilita\/embed\/#?secret=M04nDlLwan#?secret=3d9viW5uUL\" data-secret=\"3d9viW5uUL\" width=\"600\" height=\"338\" frameborder=\"0\" marginwidth=\"0\" marginheight=\"0\" scrolling=\"no\"><\/iframe><\/p>\n<\/div>\n<\/div>\n<\/div>\n<\/div>\n<\/div>\n<\/div>\n<div class=\"message spoilers-container\" dir=\"auto\">\n<div class=\"column\">\n<div>\n<div dir=\"ltr\">\n<div class=\"gmail_quote\">\n<div dir=\"ltr\">\n<div><\/div>\n<\/div>\n<\/div>\n<\/div>\n<\/div>\n<hr \/>\n<p>&nbsp;<\/p>\n<p><a class=\"dt-pswp-item\" href=\"https:\/\/www.radiopiu.net\/wordpress\/wp-content\/uploads\/2018\/09\/WhatsApp-Image-2018-09-20-at-16.04.06.jpeg\" data-dt-img-description=\"\" data-large_image_width=\"800\" data-large_image_height=\"100\"><img loading=\"lazy\" decoding=\"async\" class=\"wp-image-61378 size-full aligncenter\" src=\"https:\/\/www.radiopiu.net\/wordpress\/wp-content\/uploads\/2018\/09\/WhatsApp-Image-2018-09-20-at-16.04.06.jpeg\" alt=\"\" width=\"800\" height=\"100\" srcset=\"https:\/\/www.radiopiu.net\/wordpress\/wp-content\/uploads\/2018\/09\/WhatsApp-Image-2018-09-20-at-16.04.06.jpeg 800w, https:\/\/www.radiopiu.net\/wordpress\/wp-content\/uploads\/2018\/09\/WhatsApp-Image-2018-09-20-at-16.04.06-300x38.jpeg 300w, https:\/\/www.radiopiu.net\/wordpress\/wp-content\/uploads\/2018\/09\/WhatsApp-Image-2018-09-20-at-16.04.06-768x96.jpeg 768w\" sizes=\"auto, (max-width: 800px) 100vw, 800px\" \/><\/a><\/p>\n<\/div>\n<\/div>\n<div class=\"message spoilers-container\" dir=\"auto\"><center>\u00a0<\/center><center><\/center><center><\/center><b><\/b><\/div>\n<div class=\"message spoilers-container\" dir=\"auto\">\n<p>&nbsp;<\/p>\n<p><center><b>OGGI<\/b><\/center><b>Tempo atteso: <\/b>Ritorno di condizioni pi\u00f9 stabili con sole e cielo sereno al mattino, salvo locali nebbie mattutine nelle conche pi\u00f9 umide. Al pomeriggio riduzione del soleggiamento per attivit\u00e0 cumuliforme, spesso modesta e non in grado di dare luogo a fenomeni convettivi. Sulle Dolomiti non escluso qualche temporaneo annuvolamento pi\u00f9 intenso in serata.<br \/>\n<b>Precipitazioni: <\/b>Assenti (0%).<br \/>\n<b>Temperature: <\/b>Minime in diminuzione con ritorno di diffuse gelate sopra i 600-800 m e di locali brinate in alcuni fondovalle prealpini; massime in rialzo, pi\u00f9 sensibile nelle valli pi\u00f9 assolate.<\/p>\n<hr \/>\n<p><center><b>DOMANI<\/b><\/center><b>Tempo atteso: <\/b>Tempo sempre pi\u00f9 soleggiato e stabile, con cielo sereno al mattino, sempre pi\u00f9 velato da nubi alte al pomeriggio. Successivamente nubi medie potrebbero giungere sulle Dolomiti tra il tardo pomeriggio e la sera.<br \/>\n<b>Precipitazioni: <\/b>Assenti (0%).<br \/>\n<b>Temperature: <\/b>In generale lieve rialzo.<\/p>\n<hr \/>\n<p><center><b>VENERDI<\/b><\/center>Nubi alte, anche estese, in grado di velare o a tratti di mascherare il cielo e il sole. Temperature in ulteriore generale rialzo con valori quasi primaverili, nonostante la nuvolosit\u00e0, specie nei fondovalle.<\/p>\n<hr \/>\n<p><center><b>SABATO<\/b><\/center>Da soleggiato a parzialmente soleggiato per il transito di temporanee nubi alte. Temperature in ulteriore generale rialzo con valori sempre pi\u00f9 primaverili, specie nei fondovalle.<\/p>\n<p>&nbsp;<\/p>\n<\/div>\n<div class=\"message spoilers-container\" dir=\"auto\">\n<hr \/>\n<p>&nbsp;<\/p>\n<p><a class=\"dt-pswp-item\" href=\"https:\/\/www.radiopiu.net\/wordpress\/wp-content\/uploads\/2018\/09\/sport.jpg\" data-dt-img-description=\"\" data-large_image_width=\"800\" data-large_image_height=\"100\"><img loading=\"lazy\" decoding=\"async\" class=\"aligncenter wp-image-60761 size-full\" src=\"https:\/\/www.radiopiu.net\/wordpress\/wp-content\/uploads\/2018\/09\/sport.jpg\" alt=\"\" width=\"800\" height=\"100\" srcset=\"https:\/\/www.radiopiu.net\/wordpress\/wp-content\/uploads\/2018\/09\/sport.jpg 800w, https:\/\/www.radiopiu.net\/wordpress\/wp-content\/uploads\/2018\/09\/sport-300x38.jpg 300w, https:\/\/www.radiopiu.net\/wordpress\/wp-content\/uploads\/2018\/09\/sport-768x96.jpg 768w\" sizes=\"auto, (max-width: 800px) 100vw, 800px\" \/><\/a><\/p>\n<\/div>\n<div class=\"message spoilers-container\" dir=\"auto\">\n<p>&nbsp;<\/p>\n<p><span style=\"color: #0000ff;\"><strong>CORSA CAMPESTRE<\/strong><\/span><\/p>\n<blockquote>\n<h3>GIANPIETRO BARATTIN E FRANCESCA DE COLO&#8217; SI AGGIUDICANO LA &#8220;SU E DO PER I COI&#8221;<\/h3>\n<\/blockquote>\n<p><strong>di Marco Gaz<\/strong><\/p>\n<p><strong>LA VALLE<\/strong> Si \u00e8 corsa in occasione della festa de l&#8217;Om Salvarech a La Valle, la &#8220;Su e do per i coi&#8221;, gara di corsa campestre organizzata dallo Sci Club La Valle Agordina, quinto Memorial Flavio De Cassai. Sul circuito lavallese in localit\u00e0 Conaggia sono stati 120 gli atleti iscritti. Due i tracciati: i pi\u00f9 giovani si sono sfidati sulla lunghezza di un chilometro e mezzo mentre gli adulti sul tracciato di 8,5 chilometri. In ambito maschile la vittoria \u00e8 andata a Gianpietro Barattin che ha chiuso con il tempo di 29&#8217;38&#8221;. Secondo a soli 10&#8243; di distacco Daniele De Col\u00f2, terzo posto per Enrico Bonati. Nella categoria femminile la vittoria \u00e8 andata a Francesca De Col\u00f2 che ha terminato la gara in 37&#8217;10&#8221;. Seconda posizione a Martina Brustolon, terza Giulia Ben. Nella categoria giovani Mattia Canali ha vinto in ambito maschile, tra le donne la vittoria \u00e8 andata a Maria Sole Bortot.<\/p>\n<p><strong>LE CLASSIFICHE<\/strong><\/p>\n\n\t\t\t<style type='text\/css'>\n\t\t\t\t#gallery-11 {\n\t\t\t\t\tmargin: auto;\n\t\t\t\t}\n\t\t\t\t#gallery-11 .gallery-item {\n\t\t\t\t\tfloat: left;\n\t\t\t\t\tmargin-top: 10px;\n\t\t\t\t\ttext-align: center;\n\t\t\t\t\twidth: 33%;\n\t\t\t\t}\n\t\t\t\t#gallery-11 img {\n\t\t\t\t\tborder: 2px solid #cfcfcf;\n\t\t\t\t}\n\t\t\t\t#gallery-11 .gallery-caption {\n\t\t\t\t\tmargin-left: 0;\n\t\t\t\t}\n\t\t\t\t\/* see gallery_shortcode() in wp-includes\/media.php *\/\n\t\t\t<\/style>\n\t\t<div id='gallery-11' class='dt-gallery-container gallery galleryid-332859 gallery-columns-3 gallery-size-medium'><dl class='gallery-item'>\n\t\t\t\t<dt class='gallery-icon portrait'>\n\t\t\t\t\t<a class=\"rollover rollover-zoom dt-pswp-item\" title=\"da211199-159f-491e-8c7a-4cbc4f0bda40\" data-dt-img-description=\"\" data-large_image_width=\"1080\" data-large_image_height=\"1920\"href='https:\/\/www.radiopiu.net\/wordpress\/wp-content\/uploads\/2023\/04\/da211199-159f-491e-8c7a-4cbc4f0bda40.jpg'><img loading=\"lazy\" decoding=\"async\" width=\"169\" height=\"300\" src=\"https:\/\/www.radiopiu.net\/wordpress\/wp-content\/uploads\/2023\/04\/da211199-159f-491e-8c7a-4cbc4f0bda40-169x300.jpg\" class=\"attachment-medium size-medium\" alt=\"\" srcset=\"https:\/\/www.radiopiu.net\/wordpress\/wp-content\/uploads\/2023\/04\/da211199-159f-491e-8c7a-4cbc4f0bda40-169x300.jpg 169w, https:\/\/www.radiopiu.net\/wordpress\/wp-content\/uploads\/2023\/04\/da211199-159f-491e-8c7a-4cbc4f0bda40-576x1024.jpg 576w, https:\/\/www.radiopiu.net\/wordpress\/wp-content\/uploads\/2023\/04\/da211199-159f-491e-8c7a-4cbc4f0bda40-768x1365.jpg 768w, https:\/\/www.radiopiu.net\/wordpress\/wp-content\/uploads\/2023\/04\/da211199-159f-491e-8c7a-4cbc4f0bda40-864x1536.jpg 864w, https:\/\/www.radiopiu.net\/wordpress\/wp-content\/uploads\/2023\/04\/da211199-159f-491e-8c7a-4cbc4f0bda40.jpg 1080w\" sizes=\"auto, (max-width: 169px) 100vw, 169px\" \/><\/a>\n\t\t\t\t<\/dt><\/dl><dl class='gallery-item'>\n\t\t\t\t<dt class='gallery-icon portrait'>\n\t\t\t\t\t<a class=\"rollover rollover-zoom dt-pswp-item\" title=\"76fc6703-6418-424e-9475-0df67bc1d782\" data-dt-img-description=\"\" data-large_image_width=\"1080\" data-large_image_height=\"1920\"href='https:\/\/www.radiopiu.net\/wordpress\/wp-content\/uploads\/2023\/04\/76fc6703-6418-424e-9475-0df67bc1d782.jpg'><img loading=\"lazy\" decoding=\"async\" width=\"169\" height=\"300\" src=\"https:\/\/www.radiopiu.net\/wordpress\/wp-content\/uploads\/2023\/04\/76fc6703-6418-424e-9475-0df67bc1d782-169x300.jpg\" class=\"attachment-medium size-medium\" alt=\"\" srcset=\"https:\/\/www.radiopiu.net\/wordpress\/wp-content\/uploads\/2023\/04\/76fc6703-6418-424e-9475-0df67bc1d782-169x300.jpg 169w, https:\/\/www.radiopiu.net\/wordpress\/wp-content\/uploads\/2023\/04\/76fc6703-6418-424e-9475-0df67bc1d782-576x1024.jpg 576w, https:\/\/www.radiopiu.net\/wordpress\/wp-content\/uploads\/2023\/04\/76fc6703-6418-424e-9475-0df67bc1d782-768x1365.jpg 768w, https:\/\/www.radiopiu.net\/wordpress\/wp-content\/uploads\/2023\/04\/76fc6703-6418-424e-9475-0df67bc1d782-864x1536.jpg 864w, https:\/\/www.radiopiu.net\/wordpress\/wp-content\/uploads\/2023\/04\/76fc6703-6418-424e-9475-0df67bc1d782.jpg 1080w\" sizes=\"auto, (max-width: 169px) 100vw, 169px\" \/><\/a>\n\t\t\t\t<\/dt><\/dl><dl class='gallery-item'>\n\t\t\t\t<dt class='gallery-icon portrait'>\n\t\t\t\t\t<a class=\"rollover rollover-zoom dt-pswp-item\" title=\"0a1ad1ba-9e43-4d0b-8994-1e46058c2840\" data-dt-img-description=\"\" data-large_image_width=\"1080\" data-large_image_height=\"1920\"href='https:\/\/www.radiopiu.net\/wordpress\/wp-content\/uploads\/2023\/04\/0a1ad1ba-9e43-4d0b-8994-1e46058c2840.jpg'><img loading=\"lazy\" decoding=\"async\" width=\"169\" height=\"300\" src=\"https:\/\/www.radiopiu.net\/wordpress\/wp-content\/uploads\/2023\/04\/0a1ad1ba-9e43-4d0b-8994-1e46058c2840-169x300.jpg\" class=\"attachment-medium size-medium\" alt=\"\" srcset=\"https:\/\/www.radiopiu.net\/wordpress\/wp-content\/uploads\/2023\/04\/0a1ad1ba-9e43-4d0b-8994-1e46058c2840-169x300.jpg 169w, https:\/\/www.radiopiu.net\/wordpress\/wp-content\/uploads\/2023\/04\/0a1ad1ba-9e43-4d0b-8994-1e46058c2840-576x1024.jpg 576w, https:\/\/www.radiopiu.net\/wordpress\/wp-content\/uploads\/2023\/04\/0a1ad1ba-9e43-4d0b-8994-1e46058c2840-768x1365.jpg 768w, https:\/\/www.radiopiu.net\/wordpress\/wp-content\/uploads\/2023\/04\/0a1ad1ba-9e43-4d0b-8994-1e46058c2840-864x1536.jpg 864w, https:\/\/www.radiopiu.net\/wordpress\/wp-content\/uploads\/2023\/04\/0a1ad1ba-9e43-4d0b-8994-1e46058c2840.jpg 1080w\" sizes=\"auto, (max-width: 169px) 100vw, 169px\" \/><\/a>\n\t\t\t\t<\/dt><\/dl><br style=\"clear: both\" \/>\n\t\t\t<\/div>\n\n<p>&nbsp;<\/p>\n\n\t\t\t<style type='text\/css'>\n\t\t\t\t#gallery-12 {\n\t\t\t\t\tmargin: auto;\n\t\t\t\t}\n\t\t\t\t#gallery-12 .gallery-item {\n\t\t\t\t\tfloat: left;\n\t\t\t\t\tmargin-top: 10px;\n\t\t\t\t\ttext-align: center;\n\t\t\t\t\twidth: 25%;\n\t\t\t\t}\n\t\t\t\t#gallery-12 img {\n\t\t\t\t\tborder: 2px solid #cfcfcf;\n\t\t\t\t}\n\t\t\t\t#gallery-12 .gallery-caption {\n\t\t\t\t\tmargin-left: 0;\n\t\t\t\t}\n\t\t\t\t\/* see gallery_shortcode() in wp-includes\/media.php *\/\n\t\t\t<\/style>\n\t\t<div id='gallery-12' class='dt-gallery-container gallery galleryid-332859 gallery-columns-4 gallery-size-medium'><dl class='gallery-item'>\n\t\t\t\t<dt class='gallery-icon landscape'>\n\t\t\t\t\t<a class=\"rollover rollover-zoom dt-pswp-item\" title=\"12d74f99-1530-4aed-9f1f-853d51600703\" data-dt-img-description=\"\" data-large_image_width=\"1600\" data-large_image_height=\"1066\"href='https:\/\/www.radiopiu.net\/wordpress\/wp-content\/uploads\/2023\/04\/12d74f99-1530-4aed-9f1f-853d51600703.jpg'><img loading=\"lazy\" decoding=\"async\" width=\"300\" height=\"200\" src=\"https:\/\/www.radiopiu.net\/wordpress\/wp-content\/uploads\/2023\/04\/12d74f99-1530-4aed-9f1f-853d51600703-300x200.jpg\" class=\"attachment-medium size-medium\" alt=\"\" srcset=\"https:\/\/www.radiopiu.net\/wordpress\/wp-content\/uploads\/2023\/04\/12d74f99-1530-4aed-9f1f-853d51600703-300x200.jpg 300w, https:\/\/www.radiopiu.net\/wordpress\/wp-content\/uploads\/2023\/04\/12d74f99-1530-4aed-9f1f-853d51600703-1024x682.jpg 1024w, https:\/\/www.radiopiu.net\/wordpress\/wp-content\/uploads\/2023\/04\/12d74f99-1530-4aed-9f1f-853d51600703-768x512.jpg 768w, https:\/\/www.radiopiu.net\/wordpress\/wp-content\/uploads\/2023\/04\/12d74f99-1530-4aed-9f1f-853d51600703-1536x1023.jpg 1536w, https:\/\/www.radiopiu.net\/wordpress\/wp-content\/uploads\/2023\/04\/12d74f99-1530-4aed-9f1f-853d51600703.jpg 1600w\" sizes=\"auto, (max-width: 300px) 100vw, 300px\" \/><\/a>\n\t\t\t\t<\/dt><\/dl><dl class='gallery-item'>\n\t\t\t\t<dt class='gallery-icon landscape'>\n\t\t\t\t\t<a class=\"rollover rollover-zoom dt-pswp-item\" title=\"5b9ea494-5cce-4521-b9f8-61c678e138fc\" data-dt-img-description=\"\" data-large_image_width=\"2048\" data-large_image_height=\"1364\"href='https:\/\/www.radiopiu.net\/wordpress\/wp-content\/uploads\/2023\/04\/5b9ea494-5cce-4521-b9f8-61c678e138fc.jpg'><img loading=\"lazy\" decoding=\"async\" width=\"300\" height=\"200\" src=\"https:\/\/www.radiopiu.net\/wordpress\/wp-content\/uploads\/2023\/04\/5b9ea494-5cce-4521-b9f8-61c678e138fc-300x200.jpg\" class=\"attachment-medium size-medium\" alt=\"\" srcset=\"https:\/\/www.radiopiu.net\/wordpress\/wp-content\/uploads\/2023\/04\/5b9ea494-5cce-4521-b9f8-61c678e138fc-300x200.jpg 300w, https:\/\/www.radiopiu.net\/wordpress\/wp-content\/uploads\/2023\/04\/5b9ea494-5cce-4521-b9f8-61c678e138fc-1024x682.jpg 1024w, https:\/\/www.radiopiu.net\/wordpress\/wp-content\/uploads\/2023\/04\/5b9ea494-5cce-4521-b9f8-61c678e138fc-768x512.jpg 768w, https:\/\/www.radiopiu.net\/wordpress\/wp-content\/uploads\/2023\/04\/5b9ea494-5cce-4521-b9f8-61c678e138fc-1536x1023.jpg 1536w, https:\/\/www.radiopiu.net\/wordpress\/wp-content\/uploads\/2023\/04\/5b9ea494-5cce-4521-b9f8-61c678e138fc.jpg 2048w\" sizes=\"auto, (max-width: 300px) 100vw, 300px\" \/><\/a>\n\t\t\t\t<\/dt><\/dl><dl class='gallery-item'>\n\t\t\t\t<dt class='gallery-icon portrait'>\n\t\t\t\t\t<a class=\"rollover rollover-zoom dt-pswp-item\" title=\"af298e34-169e-4fbb-88b9-c50402638239\" data-dt-img-description=\"\" data-large_image_width=\"988\" data-large_image_height=\"1514\"href='https:\/\/www.radiopiu.net\/wordpress\/wp-content\/uploads\/2023\/04\/af298e34-169e-4fbb-88b9-c50402638239.jpg'><img loading=\"lazy\" decoding=\"async\" width=\"196\" height=\"300\" src=\"https:\/\/www.radiopiu.net\/wordpress\/wp-content\/uploads\/2023\/04\/af298e34-169e-4fbb-88b9-c50402638239-196x300.jpg\" class=\"attachment-medium size-medium\" alt=\"\" aria-describedby=\"gallery-12-332895\" srcset=\"https:\/\/www.radiopiu.net\/wordpress\/wp-content\/uploads\/2023\/04\/af298e34-169e-4fbb-88b9-c50402638239-196x300.jpg 196w, https:\/\/www.radiopiu.net\/wordpress\/wp-content\/uploads\/2023\/04\/af298e34-169e-4fbb-88b9-c50402638239-668x1024.jpg 668w, https:\/\/www.radiopiu.net\/wordpress\/wp-content\/uploads\/2023\/04\/af298e34-169e-4fbb-88b9-c50402638239-768x1177.jpg 768w, https:\/\/www.radiopiu.net\/wordpress\/wp-content\/uploads\/2023\/04\/af298e34-169e-4fbb-88b9-c50402638239.jpg 988w\" sizes=\"auto, (max-width: 196px) 100vw, 196px\" \/><\/a>\n\t\t\t\t<\/dt>\n\t\t\t\t\t<dd class='wp-caption-text gallery-caption' id='gallery-12-332895'>\n\t\t\t\t\tGIANPIETRO BARATTIN\n\t\t\t\t\t<\/dd><\/dl><dl class='gallery-item'>\n\t\t\t\t<dt class='gallery-icon portrait'>\n\t\t\t\t\t<a class=\"rollover rollover-zoom dt-pswp-item\" title=\"7e507f91-3908-49b2-8530-c68dea15d55a\" data-dt-img-description=\"\" data-large_image_width=\"1362\" data-large_image_height=\"2048\"href='https:\/\/www.radiopiu.net\/wordpress\/wp-content\/uploads\/2023\/04\/7e507f91-3908-49b2-8530-c68dea15d55a.jpg'><img loading=\"lazy\" decoding=\"async\" width=\"200\" height=\"300\" src=\"https:\/\/www.radiopiu.net\/wordpress\/wp-content\/uploads\/2023\/04\/7e507f91-3908-49b2-8530-c68dea15d55a-200x300.jpg\" class=\"attachment-medium size-medium\" alt=\"\" aria-describedby=\"gallery-12-332896\" srcset=\"https:\/\/www.radiopiu.net\/wordpress\/wp-content\/uploads\/2023\/04\/7e507f91-3908-49b2-8530-c68dea15d55a-200x300.jpg 200w, https:\/\/www.radiopiu.net\/wordpress\/wp-content\/uploads\/2023\/04\/7e507f91-3908-49b2-8530-c68dea15d55a-681x1024.jpg 681w, https:\/\/www.radiopiu.net\/wordpress\/wp-content\/uploads\/2023\/04\/7e507f91-3908-49b2-8530-c68dea15d55a-768x1155.jpg 768w, https:\/\/www.radiopiu.net\/wordpress\/wp-content\/uploads\/2023\/04\/7e507f91-3908-49b2-8530-c68dea15d55a-1022x1536.jpg 1022w, https:\/\/www.radiopiu.net\/wordpress\/wp-content\/uploads\/2023\/04\/7e507f91-3908-49b2-8530-c68dea15d55a.jpg 1362w\" sizes=\"auto, (max-width: 200px) 100vw, 200px\" \/><\/a>\n\t\t\t\t<\/dt>\n\t\t\t\t\t<dd class='wp-caption-text gallery-caption' id='gallery-12-332896'>\n\t\t\t\t\tFRANCESCA DE COLO&#8217;\n\t\t\t\t\t<\/dd><\/dl><br style=\"clear: both\" \/>\n\t\t\t<\/div>\n\n<p><span style=\"color: #0000ff;\"><strong>MOUNTAIN BIKE<\/strong><\/span><\/p>\n<blockquote>\n<h3><span style=\"color: #000000;\">ANCORA UNA VITTORIA PER ASTRID MIOLA. TERZA VITTORIA CONSECUTIVA NELLA VENETO CUP\u00a0<\/span><\/h3>\n<\/blockquote>\n<p><strong><a class=\"dt-pswp-item\" href=\"https:\/\/www.radiopiu.net\/wordpress\/wp-content\/uploads\/2023\/04\/SCR-20230425-rioq.jpeg\" data-dt-img-description=\"\" data-large_image_width=\"910\" data-large_image_height=\"590\"><img loading=\"lazy\" decoding=\"async\" class=\" wp-image-333010 alignleft\" src=\"https:\/\/www.radiopiu.net\/wordpress\/wp-content\/uploads\/2023\/04\/SCR-20230425-rioq-300x195.jpeg\" alt=\"\" width=\"195\" height=\"127\" srcset=\"https:\/\/www.radiopiu.net\/wordpress\/wp-content\/uploads\/2023\/04\/SCR-20230425-rioq-300x195.jpeg 300w, https:\/\/www.radiopiu.net\/wordpress\/wp-content\/uploads\/2023\/04\/SCR-20230425-rioq-768x498.jpeg 768w, https:\/\/www.radiopiu.net\/wordpress\/wp-content\/uploads\/2023\/04\/SCR-20230425-rioq.jpeg 910w\" sizes=\"auto, (max-width: 195px) 100vw, 195px\" \/><\/a>di Marco Gaz<\/strong><\/p>\n<p><strong>REDAZIONE<\/strong> Terza vittoria in altrettante gare disputate nella Veneto Cup di mountain bike per Astrid Miola. La ragazza di Agordo ha incamerato un&#8217;altra vittoria in terra veronese. A Rivoli Veronesi l&#8217;atleta di Agordo si \u00e8 imposta su tutti nonostante le condizioni difficili del tracciato reso pesante dalla pioggia scesa fino a pochi minuti dal via. Miola, dopo una inizio di gara dove ha avuto modo di studiare le avversarie, ha ingranato la marcia giusta staccando le avversarie e terminando la gara con 2&#8242; di vantaggio sulla seconda. Un inizio di stagione da incorniciare per Astrid che ha iniziato questa stagione 2023 nel migliore dei modi. Buoni risultati non solo in ambito regionale ma anche nelle gare a livello nazionali e internazionale.<\/p>\n<p>&nbsp;<\/p>\n<p><span style=\"color: #0000ff;\"><strong>NUOTO<\/strong><\/span><\/p>\n<blockquote>\n<h3>SEI PODI PER LE SINCRONETTE BELLUNESI A MOTTA DI LIVENZA<\/h3>\n<\/blockquote>\n<p><strong>BELLUNO <\/strong>La Sportivamente Belluno fa il pieno di medaglie a Motta di Livenza, dove \u00e8 andata in scena una manifestazione interregionale Open di nuoto sincronizzato, targata Uisp. Gradino pi\u00f9 alto del podio per la squadra delle Esordienti C (Gentilin, Gjergji, De Barba, Canal, Beccari, Scalco, Tonet) e per le Juniores 1 (Fant, De Castello, Cima, Agnoli, Barp, Bello Caputo, Rova), mentre conquistano la medaglia di bronzo le Esordienti B (Cesca, Arrighini, Beccari, Facchin, Corona, Da Ros), Esordienti A1 (Nenz, Pol, De Luca, D\u2019Inca\u0300, Bressan, Susanna), Ragazze (Vignola, Zanivan, Rubinetto, Bonotto, De Barba, Funes, Peron, Ponti) e Juniores 2 (Trentin, Lo Re, Iudica, De Moliner). Da applausi anche il quarto posto della squadra Esordienti A2 (Magagnin, Artusi, Topinelli, D\u2019Ambros, De Bona). Grande la gioia tra le ragazze e i loro familiari, cos\u00ec come \u00e8 enorme la soddisfazioni dello staff tecnico formato da Manuela Checconi, Silvia Sovilla e Federica Feltrin. Il prossimo appuntamento \u00e8 in programma domenica 7 maggio con le coreografie libere, all\u2019interno di una gara interregionale che si terra\u0300 a Bolzano.<\/p>\n\n\t\t\t<style type='text\/css'>\n\t\t\t\t#gallery-13 {\n\t\t\t\t\tmargin: auto;\n\t\t\t\t}\n\t\t\t\t#gallery-13 .gallery-item {\n\t\t\t\t\tfloat: left;\n\t\t\t\t\tmargin-top: 10px;\n\t\t\t\t\ttext-align: center;\n\t\t\t\t\twidth: 33%;\n\t\t\t\t}\n\t\t\t\t#gallery-13 img {\n\t\t\t\t\tborder: 2px solid #cfcfcf;\n\t\t\t\t}\n\t\t\t\t#gallery-13 .gallery-caption {\n\t\t\t\t\tmargin-left: 0;\n\t\t\t\t}\n\t\t\t\t\/* see gallery_shortcode() in wp-includes\/media.php *\/\n\t\t\t<\/style>\n\t\t<div id='gallery-13' class='dt-gallery-container gallery galleryid-332859 gallery-columns-3 gallery-size-medium'><dl class='gallery-item'>\n\t\t\t\t<dt class='gallery-icon portrait'>\n\t\t\t\t\t<a class=\"rollover rollover-zoom dt-pswp-item\" title=\"Esordienti_B\" data-dt-img-description=\"\" data-large_image_width=\"1646\" data-large_image_height=\"2048\"href='https:\/\/www.radiopiu.net\/wordpress\/wp-content\/uploads\/2023\/04\/Esordienti_B.jpg'><img loading=\"lazy\" decoding=\"async\" width=\"241\" height=\"300\" src=\"https:\/\/www.radiopiu.net\/wordpress\/wp-content\/uploads\/2023\/04\/Esordienti_B-241x300.jpg\" class=\"attachment-medium size-medium\" alt=\"\" srcset=\"https:\/\/www.radiopiu.net\/wordpress\/wp-content\/uploads\/2023\/04\/Esordienti_B-241x300.jpg 241w, https:\/\/www.radiopiu.net\/wordpress\/wp-content\/uploads\/2023\/04\/Esordienti_B-823x1024.jpg 823w, https:\/\/www.radiopiu.net\/wordpress\/wp-content\/uploads\/2023\/04\/Esordienti_B-768x956.jpg 768w, https:\/\/www.radiopiu.net\/wordpress\/wp-content\/uploads\/2023\/04\/Esordienti_B-1235x1536.jpg 1235w, https:\/\/www.radiopiu.net\/wordpress\/wp-content\/uploads\/2023\/04\/Esordienti_B.jpg 1646w\" sizes=\"auto, (max-width: 241px) 100vw, 241px\" \/><\/a>\n\t\t\t\t<\/dt><\/dl><dl class='gallery-item'>\n\t\t\t\t<dt class='gallery-icon landscape'>\n\t\t\t\t\t<a class=\"rollover rollover-zoom dt-pswp-item\" title=\"Squadra_sincro\" data-dt-img-description=\"\" data-large_image_width=\"1481\" data-large_image_height=\"1111\"href='https:\/\/www.radiopiu.net\/wordpress\/wp-content\/uploads\/2023\/04\/Squadra_sincro.jpg'><img loading=\"lazy\" decoding=\"async\" width=\"300\" height=\"225\" src=\"https:\/\/www.radiopiu.net\/wordpress\/wp-content\/uploads\/2023\/04\/Squadra_sincro-300x225.jpg\" class=\"attachment-medium size-medium\" alt=\"\" srcset=\"https:\/\/www.radiopiu.net\/wordpress\/wp-content\/uploads\/2023\/04\/Squadra_sincro-300x225.jpg 300w, https:\/\/www.radiopiu.net\/wordpress\/wp-content\/uploads\/2023\/04\/Squadra_sincro-1024x768.jpg 1024w, https:\/\/www.radiopiu.net\/wordpress\/wp-content\/uploads\/2023\/04\/Squadra_sincro-768x576.jpg 768w, https:\/\/www.radiopiu.net\/wordpress\/wp-content\/uploads\/2023\/04\/Squadra_sincro.jpg 1481w\" sizes=\"auto, (max-width: 300px) 100vw, 300px\" \/><\/a>\n\t\t\t\t<\/dt><\/dl><dl class='gallery-item'>\n\t\t\t\t<dt class='gallery-icon portrait'>\n\t\t\t\t\t<a class=\"rollover rollover-zoom dt-pswp-item\" title=\"Medaglie\" data-dt-img-description=\"\" data-large_image_width=\"1536\" data-large_image_height=\"2048\"href='https:\/\/www.radiopiu.net\/wordpress\/wp-content\/uploads\/2023\/04\/Medaglie.jpg'><img loading=\"lazy\" decoding=\"async\" width=\"225\" height=\"300\" src=\"https:\/\/www.radiopiu.net\/wordpress\/wp-content\/uploads\/2023\/04\/Medaglie-225x300.jpg\" class=\"attachment-medium size-medium\" alt=\"\" srcset=\"https:\/\/www.radiopiu.net\/wordpress\/wp-content\/uploads\/2023\/04\/Medaglie-225x300.jpg 225w, https:\/\/www.radiopiu.net\/wordpress\/wp-content\/uploads\/2023\/04\/Medaglie-768x1024.jpg 768w, https:\/\/www.radiopiu.net\/wordpress\/wp-content\/uploads\/2023\/04\/Medaglie-1152x1536.jpg 1152w, https:\/\/www.radiopiu.net\/wordpress\/wp-content\/uploads\/2023\/04\/Medaglie.jpg 1536w\" sizes=\"auto, (max-width: 225px) 100vw, 225px\" \/><\/a>\n\t\t\t\t<\/dt><\/dl><br style=\"clear: both\" \/>\n\t\t\t<\/div>\n\n<p>&nbsp;<\/p>\n<p><span style=\"color: #0000ff;\"><strong>SCI ALPINO<\/strong><\/span><\/p>\n<blockquote>\n<h3>DOPPIO SUCCESSO DI LORENZO PITTARELLO: SKI COLLEGE FALCADE IN FESTA<\/h3>\n<\/blockquote>\n<p><a class=\"dt-pswp-item\" href=\"https:\/\/www.radiopiu.net\/wordpress\/wp-content\/uploads\/2023\/04\/mattia-turra-benedetta-loda-lorenzo-pittarello-coppa-veneto-alleghe-28-gen-2023-2-1024x682-1.jpg\" data-dt-img-description=\"\" data-large_image_width=\"1024\" data-large_image_height=\"682\"><img loading=\"lazy\" decoding=\"async\" class=\" wp-image-332779 alignleft\" src=\"https:\/\/www.radiopiu.net\/wordpress\/wp-content\/uploads\/2023\/04\/mattia-turra-benedetta-loda-lorenzo-pittarello-coppa-veneto-alleghe-28-gen-2023-2-1024x682-1-300x200.jpg\" alt=\"\" width=\"188\" height=\"125\" srcset=\"https:\/\/www.radiopiu.net\/wordpress\/wp-content\/uploads\/2023\/04\/mattia-turra-benedetta-loda-lorenzo-pittarello-coppa-veneto-alleghe-28-gen-2023-2-1024x682-1-300x200.jpg 300w, https:\/\/www.radiopiu.net\/wordpress\/wp-content\/uploads\/2023\/04\/mattia-turra-benedetta-loda-lorenzo-pittarello-coppa-veneto-alleghe-28-gen-2023-2-1024x682-1-768x512.jpg 768w, https:\/\/www.radiopiu.net\/wordpress\/wp-content\/uploads\/2023\/04\/mattia-turra-benedetta-loda-lorenzo-pittarello-coppa-veneto-alleghe-28-gen-2023-2-1024x682-1.jpg 1024w\" sizes=\"auto, (max-width: 188px) 100vw, 188px\" \/><\/a>Dopo gli slalom di Arabba si \u00e8 conclusa la Coppa Veneto Energiapura 2022-2023. In ambito maschile si \u00e8 registrato il doppio successo di Lorenzo Pittarello (Ski College Veneto Falcade), primo sia tra gli Aspiranti sia nella classifica Giovani. Doppia vincitrice anche tra le ragazze, con Benedetta Loda (Sci club Drusci\u00e9 Cortina) prima sia nella classifica Aspiranti sia in quella Giovani.<\/p>\n<p><span style=\"font-family: verdana, sans-serif;\">Qui il dettaglio:\u00a0<b><a href=\"https:\/\/www.fisiveneto.com\/2023\/04\/24\/coppa-veneto-energiapura-ecco-le-classifiche-finali-2\/\">https:\/\/www.fisiveneto.com\/2023\/04\/24\/coppa-veneto-energiapura-ecco-le-classifiche-finali-2\/<\/a><\/b><\/span><\/p>\n<p>&nbsp;<\/p>\n<p>&nbsp;<\/p>\n<p>&nbsp;<\/p>\n<p>&nbsp;<\/p>\n<\/div>\n<\/div>\n","protected":false},"excerpt":{"rendered":"<p>ISCRIVITI AL NOSTRO CANALE\u00a0 YOUTUBE PER SEGUIRE IN DIRETTA I PRINCIPALI PROGRAMMI DI RADIO PIU&#8217; E LE FUTURE DIRETTE IN ESTERNA. PER ISCRIVERTI CLICCA QUI E PREMI\u00a0 &#8220;Iscriviti&#8221;\u00a0 \u00a0 \u00a0\u00a0 &nbsp; E anche STAMANE\u00a0 RADIOPIU si fa in QUATTRO\u00a0 per i suoi ascoltatori&#8230;. 1&#8230;. alle 8 la rassegna stampa locale, dal 1983 tutti i giorni&hellip;<\/p>\n","protected":false},"author":4,"featured_media":333045,"comment_status":"closed","ping_status":"closed","sticky":false,"template":"","format":"standard","meta":{"_monsterinsights_skip_tracking":false,"_monsterinsights_sitenote_active":false,"_monsterinsights_sitenote_note":"","_monsterinsights_sitenote_category":0,"footnotes":""},"categories":[104,86,49],"tags":[],"class_list":["post-332859","post","type-post","status-publish","format-standard","has-post-thumbnail","hentry","category-evidenza_3","category-gr","category-news-18","category-104","category-86","category-49","description-off"],"img_url":"https:\/\/www.radiopiu.net\/wordpress\/wp-content\/uploads\/2023\/04\/675702e2-fbd9-49bd-a6f8-5bf163d398c8.jpg","_links":{"self":[{"href":"https:\/\/www.radiopiu.net\/wordpress\/wp-json\/wp\/v2\/posts\/332859","targetHints":{"allow":["GET"]}}],"collection":[{"href":"https:\/\/www.radiopiu.net\/wordpress\/wp-json\/wp\/v2\/posts"}],"about":[{"href":"https:\/\/www.radiopiu.net\/wordpress\/wp-json\/wp\/v2\/types\/post"}],"author":[{"embeddable":true,"href":"https:\/\/www.radiopiu.net\/wordpress\/wp-json\/wp\/v2\/users\/4"}],"replies":[{"embeddable":true,"href":"https:\/\/www.radiopiu.net\/wordpress\/wp-json\/wp\/v2\/comments?post=332859"}],"version-history":[{"count":0,"href":"https:\/\/www.radiopiu.net\/wordpress\/wp-json\/wp\/v2\/posts\/332859\/revisions"}],"wp:featuredmedia":[{"embeddable":true,"href":"https:\/\/www.radiopiu.net\/wordpress\/wp-json\/wp\/v2\/media\/333045"}],"wp:attachment":[{"href":"https:\/\/www.radiopiu.net\/wordpress\/wp-json\/wp\/v2\/media?parent=332859"}],"wp:term":[{"taxonomy":"category","embeddable":true,"href":"https:\/\/www.radiopiu.net\/wordpress\/wp-json\/wp\/v2\/categories?post=332859"},{"taxonomy":"post_tag","embeddable":true,"href":"https:\/\/www.radiopiu.net\/wordpress\/wp-json\/wp\/v2\/tags?post=332859"}],"curies":[{"name":"wp","href":"https:\/\/api.w.org\/{rel}","templated":true}]}}