{"id":333070,"date":"2023-04-26T07:55:57","date_gmt":"2023-04-26T05:55:57","guid":{"rendered":"https:\/\/www.radiopiu.net\/wordpress\/?p=333070"},"modified":"2023-04-26T08:01:51","modified_gmt":"2023-04-26T06:01:51","slug":"la-rassegna-stampa-di-radiopiu-una-garanzia-ogni-mattina-alle-otto-dal-1983-di-mirko-mezzacasa","status":"publish","type":"post","link":"https:\/\/www.radiopiu.net\/wordpress\/la-rassegna-stampa-di-radiopiu-una-garanzia-ogni-mattina-alle-otto-dal-1983-di-mirko-mezzacasa\/","title":{"rendered":"la rassegna stampa di radiopi\u00f9. UNA GARANZIA ogni mattina alle otto dal 1983 di mirko mezzacasa"},"content":{"rendered":"<p><strong>VOLTAGO<\/strong> LA BELLA NOTIZIA SUL PICCOLO USTIONATO DALL\u2019ALCOOL di questa mattina: &#8220;sono la mamma del bimbo ustionato\u2026 tutto sta procedendo per il meglio&#8221;<br \/>\n<strong>FELTRE<\/strong> MIGLIORANO LE CONDIZIONI DI EDI, FERITO NELL\u2019INCIDENTE ALLA FENADORA\u00a0Con un post sul profilo di Edi Perer, la moglie aggiorna amici e conoscenti sulle condizioni del marito motociclista, rimasto coinvolto nel grave incidente di sabato sera sul rettilineo della Fenadora. L\u2019uomo, 67 anni, si trova ricoverato in terapia intensiva all\u2019ospedale di Treviso<br \/>\n<strong>25 APRILE<\/strong> In tutta la provincia ieri un inno alla Libert\u00e0. Cerimonie in tutta la provincia, dalla Conca Agordina a Feltre da Belluno al Cadore.<br \/>\n<strong>VIABILITA&#8217;<\/strong> Mobilit\u00e0 sui passi dolomitici, il dibattito \u00e8 aperto. No alle chiusure, ma velocit\u00e0 ridotta. Il vice presidente altoatesino Alfraider annuncia in primi provvedimenti.<br \/>\n<strong>VENEZIA<\/strong> Regione al lavoro per decidere circa il nuovo direttore generale per la Ulss1 di Belluno nel dopo Carraro, presto il nome del o della sostituta.<br \/>\n<strong>STRADA CHIUSA<\/strong> Nella giornata di domani \u00e8 previsto il disinnesco di un ordigno bellico rinvenuto nel Comune di Valbrenta loc. Cismon del Grappa (VI), dalle ore 07:00 fino presumibilmente alle ore 17:00, e comunque al termine delle relative operazioni. Al fine di consentire, nella massima sicurezza, lo svolgimento delle operazioni di disinnesco, la viabilit\u00e0 che si esprime nei collegamenti tra l\u2019area del Bassanese ed il Trentino, limitrofe con la Provincia di Belluno<br \/>\n<strong>LA STORIE DEL 25 APRILE<\/strong>, DI LUISA MANFROI &#8220;GIORGIA MELONI DEDICA IL 25 APRILE A PAOLA DEL DIN. IL PADRE ERA DI RIVAMONTE&#8221;<br \/>\n<strong>AGORDO<\/strong> RISOLVE TEMPORANEAMENTE IL PROBLEMA DEL CAPO UFFICIO TECNICO<br \/>\nENNESIMO RICORSO CONTRO UN COMUNE, ANCHE A CANALE D\u2019AGORDO AUTOVELOX NON A NORMA<br \/>\n<strong>LIMANA<\/strong> \u00c8 andata deserta anche la seconda asta di vendita di un\u2019immobile a Limana ricevuto in dono dal Comune di Belluno; ora si andr\u00e0 a trattativa privata, ma vendere il patrimonio pubblico \u00e8 sempre pi\u00f9 difficile.<br \/>\n<strong>SAN TOMASO<\/strong> DISTRIBUITI I VARI SEMENTI DEL CENTRO ORTI\u00a0 LUPESTRI<br \/>\n<strong>AGORDO<\/strong> PUBBLICATO IL BANDO PER LA CONCESSIONE DEL COMPLESSO PASCOLIVO DELL\u2019ALTA VALLE DI SAN LUCANO<br \/>\n<strong>ALLEGHE<\/strong> DOMANI AD ALLEGHE L\u2019ASTA PER IL PRELIEVO DEL LEGNAME BOSTRICATO<br \/>\n<strong>LA VALLE<\/strong> Si \u00e8 conclusa ieri sera la due giorni dedicata alla festa de l\u2019Om Salvarech a La Valle Agordina. Come di consueto le celebrazioni lavallesi si sono concluse con il rogo dell\u2019uomo selvatico, ma dopo aver letto il testamento disponibile in audio e testo sul sito di RADIOPIU<br \/>\n<strong>AGORDO<\/strong> AUSER E ARCA IN ASSEMBLEA NEL FINE SETTIMANA<br \/>\n<strong>AGORDO<\/strong> DOMANI CONSIGLIO COMUNALE MATTUTINO IN DIRETTA FACEBOOK E TELEGRAM SUI CANALI DI RADIOPIU<br \/>\n<strong>BORGO VALBELLUNA<\/strong> I RAGAZZI DELLA SECONDARIA DI LENTIAI ALLE OLIMPIADI DI PROBLEM SOLVING<br \/>\n<strong>CENCENIGHE<\/strong> Sabato alle 17.30 in sala consiliare del Comune presentazione del libro IL CENTRO TURISTICO CULTURALE NOF FILO\u2019, storia di un edificio e di una comunit\u00e0 di Luisa Manfroi<br \/>\nInterventi di Luisa Manfroi, Mauro Soppelsa sindaco di Cencenighe e Bepi Pellegrinon editore.<br \/>\n<strong>LIVINALLONG<\/strong>O \u00c8 in programma sabato alle 16, in sala Taulac a Livinallongo Del Col Di Lana, l\u2019evento dedicato alla terra fodoma dal titolo \u201cFodom terra di antiche culture\u2026in cerca di nuovi sapori\u201d. Ci sar\u00e0 la presentazione del libro sul rilancio e continuit\u00e0 della biodiversit\u00e0 coltivata nelle dolomiti agordine a cura di Orazio Andrich e Johannes Keinzel. A seguire la visione del video-documentario \u201cLa baraca de fen\u201d a cura dell\u2019Istitut Cultural Ladin Cesa de Jan. A seguire l\u2019aperitivo con i sapori della biodiversit\u00e0 ladina.<\/p>\n<p><strong>CORSA CAMPESTRE<\/strong> GIANPIETRO BARATTIN E FRANCESCA DE COLO\u2019 SI AGGIUDICANO LA \u201cSU E DO PER I COI\u201d<\/p>\n<p><strong>SCI ALPINO <\/strong>DOPPIO SUCCESSO DI LORENZO PITTARELLO: SKI COLLEGE FALCADE IN FESTA<\/p>\n<p><strong>NUOTO <\/strong>SEI PODI PER LE SINCRONETTE BELLUNESI A MOTTA DI LIVENZA<\/p>\n<p><strong>MOUNTAIN BIKE <\/strong>ANCORA UNA VITTORIA PER ASTRID MIOLA. TERZA VITTORIA CONSECUTIVA NELLA VENETO CUP<\/p>\n<p>&nbsp;<\/p>\n<p><iframe loading=\"lazy\" title=\"RASSEGNA STAMPA LOCALE\" width=\"1200\" height=\"675\" src=\"https:\/\/www.youtube.com\/embed\/Yjwk4Uz_VuM?feature=oembed\" frameborder=\"0\" allow=\"accelerometer; autoplay; clipboard-write; encrypted-media; gyroscope; picture-in-picture; web-share\" allowfullscreen><\/iframe><\/p>\n<p>&nbsp;<\/p>\n<p>&nbsp;<\/p>\n","protected":false},"excerpt":{"rendered":"<p>VOLTAGO LA BELLA NOTIZIA SUL PICCOLO USTIONATO DALL\u2019ALCOOL di questa mattina: &#8220;sono la mamma del bimbo ustionato\u2026 tutto sta procedendo per il meglio&#8221; FELTRE MIGLIORANO LE CONDIZIONI DI EDI, FERITO NELL\u2019INCIDENTE ALLA FENADORA\u00a0Con un post sul profilo di Edi Perer, la moglie aggiorna amici e conoscenti sulle condizioni del marito motociclista, rimasto coinvolto nel grave&hellip;<\/p>\n","protected":false},"author":4,"featured_media":333071,"comment_status":"closed","ping_status":"closed","sticky":false,"template":"","format":"standard","meta":{"_monsterinsights_skip_tracking":false,"_monsterinsights_sitenote_active":false,"_monsterinsights_sitenote_note":"","_monsterinsights_sitenote_category":0,"footnotes":""},"categories":[104,49,142],"tags":[],"class_list":["post-333070","post","type-post","status-publish","format-standard","has-post-thumbnail","hentry","category-evidenza_3","category-news-18","category-rassegna-stampa","category-104","category-49","category-142","description-off"],"img_url":"https:\/\/www.radiopiu.net\/wordpress\/wp-content\/uploads\/2023\/04\/coper-5.jpg","_links":{"self":[{"href":"https:\/\/www.radiopiu.net\/wordpress\/wp-json\/wp\/v2\/posts\/333070","targetHints":{"allow":["GET"]}}],"collection":[{"href":"https:\/\/www.radiopiu.net\/wordpress\/wp-json\/wp\/v2\/posts"}],"about":[{"href":"https:\/\/www.radiopiu.net\/wordpress\/wp-json\/wp\/v2\/types\/post"}],"author":[{"embeddable":true,"href":"https:\/\/www.radiopiu.net\/wordpress\/wp-json\/wp\/v2\/users\/4"}],"replies":[{"embeddable":true,"href":"https:\/\/www.radiopiu.net\/wordpress\/wp-json\/wp\/v2\/comments?post=333070"}],"version-history":[{"count":0,"href":"https:\/\/www.radiopiu.net\/wordpress\/wp-json\/wp\/v2\/posts\/333070\/revisions"}],"wp:featuredmedia":[{"embeddable":true,"href":"https:\/\/www.radiopiu.net\/wordpress\/wp-json\/wp\/v2\/media\/333071"}],"wp:attachment":[{"href":"https:\/\/www.radiopiu.net\/wordpress\/wp-json\/wp\/v2\/media?parent=333070"}],"wp:term":[{"taxonomy":"category","embeddable":true,"href":"https:\/\/www.radiopiu.net\/wordpress\/wp-json\/wp\/v2\/categories?post=333070"},{"taxonomy":"post_tag","embeddable":true,"href":"https:\/\/www.radiopiu.net\/wordpress\/wp-json\/wp\/v2\/tags?post=333070"}],"curies":[{"name":"wp","href":"https:\/\/api.w.org\/{rel}","templated":true}]}}