{"id":333077,"date":"2023-04-27T05:34:51","date_gmt":"2023-04-27T03:34:51","guid":{"rendered":"https:\/\/www.radiopiu.net\/wordpress\/?p=333077"},"modified":"2023-04-27T08:30:48","modified_gmt":"2023-04-27T06:30:48","slug":"giornale-radiopiu-27-aprile-2023-direttore-mirko-mezzacasa-verso-i-40-anni-25-giugno-1983-25-giugno-2023","status":"publish","type":"post","link":"https:\/\/www.radiopiu.net\/wordpress\/giornale-radiopiu-27-aprile-2023-direttore-mirko-mezzacasa-verso-i-40-anni-25-giugno-1983-25-giugno-2023\/","title":{"rendered":"GIORNALE RADIOPIU 27 APRILE 2023 DIRETTORE MIRKO MEZZACASA&#8230;verso i 40 anni 25 giugno 1983-25 giugno 2023"},"content":{"rendered":"<h2 style=\"text-align: left;\"><span style=\"color: #ff0000;\"><span style=\"vertical-align: inherit;\"><a class=\"dt-pswp-item\" href=\"https:\/\/www.radiopiu.net\/wordpress\/wp-content\/uploads\/2023\/04\/e0aad41d-951e-47b9-9fae-1a879a9bcb7e-1.jpg\" data-dt-img-description=\"\" data-large_image_width=\"1200\" data-large_image_height=\"1200\"><img loading=\"lazy\" decoding=\"async\" class=\"wp-image-333205 alignleft\" src=\"https:\/\/www.radiopiu.net\/wordpress\/wp-content\/uploads\/2023\/04\/e0aad41d-951e-47b9-9fae-1a879a9bcb7e-1-300x300.jpg\" alt=\"\" width=\"180\" height=\"180\" srcset=\"https:\/\/www.radiopiu.net\/wordpress\/wp-content\/uploads\/2023\/04\/e0aad41d-951e-47b9-9fae-1a879a9bcb7e-1-300x300.jpg 300w, https:\/\/www.radiopiu.net\/wordpress\/wp-content\/uploads\/2023\/04\/e0aad41d-951e-47b9-9fae-1a879a9bcb7e-1-1024x1024.jpg 1024w, https:\/\/www.radiopiu.net\/wordpress\/wp-content\/uploads\/2023\/04\/e0aad41d-951e-47b9-9fae-1a879a9bcb7e-1-150x150.jpg 150w, https:\/\/www.radiopiu.net\/wordpress\/wp-content\/uploads\/2023\/04\/e0aad41d-951e-47b9-9fae-1a879a9bcb7e-1-768x768.jpg 768w, https:\/\/www.radiopiu.net\/wordpress\/wp-content\/uploads\/2023\/04\/e0aad41d-951e-47b9-9fae-1a879a9bcb7e-1.jpg 1200w\" sizes=\"auto, (max-width: 180px) 100vw, 180px\" \/><\/a>ISCRIVITI AL NOSTRO CANALE\u00a0 <\/span><\/span><span style=\"vertical-align: inherit;\"> YOUTUBE PER SEGUIRE IN DIRETTA I PRINCIPALI PROGRAMMI DI RADIO PIU&#8217; E LE FUTURE DIRETTE IN ESTERNA. PER ISCRIVERTI <\/span><a style=\"color: #ff0000;\" href=\"https:\/\/youtube.com\/@radiopiu1527\"><span style=\"vertical-align: inherit;\">CLICCA QUI <\/span><\/a><span style=\"color: #ff0000; font-size: 14px; font-weight: normal;\"><span style=\"vertical-align: inherit;\">E PREMI\u00a0 &#8220;Iscriviti&#8221;\u00a0 \u00a0 \u00a0\u00a0<\/span><\/span><\/h2>\n<p>&nbsp;<\/p>\n<p>&nbsp;<\/p>\n<blockquote>\n<h1><span style=\"color: #0000ff;\">OGGI: DALLE OTTO, DIRETTA SUI CANALI FACEBOOK DAL CONSIGLIO COMUNALE DI AGORDO<\/span><\/h1>\n<\/blockquote>\n<p>&nbsp;<\/p>\n<p>&nbsp;<\/p>\n<hr \/>\n<div dir=\"auto\"><span style=\"color: #0000ff;\"><strong><a class=\"dt-pswp-item\" href=\"https:\/\/www.radiopiu.net\/wordpress\/wp-content\/uploads\/2023\/03\/ENGLISH-2.png\" data-dt-img-description=\"\" data-large_image_width=\"220\" data-large_image_height=\"159\"><img loading=\"lazy\" decoding=\"async\" class=\"wp-image-331240 alignleft\" src=\"https:\/\/www.radiopiu.net\/wordpress\/wp-content\/uploads\/2023\/03\/ENGLISH-2.png\" alt=\"\" width=\"172\" height=\"124\" \/><\/a>E anche STAMANE\u00a0 RADIOPIU si fa in QUATTRO\u00a0 per i suoi ascoltatori&#8230;.<\/strong><\/span><\/div>\n<div dir=\"auto\"><strong>1&#8230;.<\/strong> alle 8 la rassegna stampa locale, dal 1983 tutti i giorni puntuale alle otto del mattino<\/div>\n<div dir=\"auto\"><strong>2<\/strong>&#8230;.alle 9.10 il country di Alex Nascimben<\/div>\n<div dir=\"auto\"><strong>3.<\/strong> &#8230;.alle 1015 english on the road con\u00a0 Claudia la teacher e il Campe<\/div>\n<div dir=\"auto\"><strong>4<\/strong>&#8230;.alle 10.30 PRESENTIAMO L&#8217;EVENTO MOTORISTICO DI FALCADE con Mauro Riva ed Enzo Slongo<\/div>\n<div dir=\"auto\"><\/div>\n<div dir=\"auto\"><\/div>\n<div dir=\"auto\">\n<hr \/>\n<\/div>\n<div dir=\"auto\">\n<p>&nbsp;<\/p>\n<p><strong>I CAPOLAVORI ARTISTICI\u00a0 DI\u00a0 NICO TANCON\u00a0 CUORE DI &#8220;Medaval&#8221; \u00a0Val di Gares Canale d&#8217;Agordo<\/strong><\/p>\n<div dir=\"auto\">\n\n\t\t\t<style type='text\/css'>\n\t\t\t\t#gallery-1 {\n\t\t\t\t\tmargin: auto;\n\t\t\t\t}\n\t\t\t\t#gallery-1 .gallery-item {\n\t\t\t\t\tfloat: left;\n\t\t\t\t\tmargin-top: 10px;\n\t\t\t\t\ttext-align: center;\n\t\t\t\t\twidth: 100%;\n\t\t\t\t}\n\t\t\t\t#gallery-1 img {\n\t\t\t\t\tborder: 2px solid #cfcfcf;\n\t\t\t\t}\n\t\t\t\t#gallery-1 .gallery-caption {\n\t\t\t\t\tmargin-left: 0;\n\t\t\t\t}\n\t\t\t\t\/* see gallery_shortcode() in wp-includes\/media.php *\/\n\t\t\t<\/style>\n\t\t<div id='gallery-1' class='dt-gallery-container gallery galleryid-333077 gallery-columns-1 gallery-size-medium'><dl class='gallery-item'>\n\t\t\t\t<dt class='gallery-icon portrait'>\n\t\t\t\t\t<a class=\"rollover rollover-zoom dt-pswp-item\" title=\"342973017_531583902519703_6667149197720858260_n\" data-dt-img-description=\"\" data-large_image_width=\"526\" data-large_image_height=\"703\"href='https:\/\/www.radiopiu.net\/wordpress\/wp-content\/uploads\/2023\/04\/342973017_531583902519703_6667149197720858260_n.jpg'><img loading=\"lazy\" decoding=\"async\" width=\"224\" height=\"300\" src=\"https:\/\/www.radiopiu.net\/wordpress\/wp-content\/uploads\/2023\/04\/342973017_531583902519703_6667149197720858260_n-224x300.jpg\" class=\"attachment-medium size-medium\" alt=\"\" srcset=\"https:\/\/www.radiopiu.net\/wordpress\/wp-content\/uploads\/2023\/04\/342973017_531583902519703_6667149197720858260_n-224x300.jpg 224w, https:\/\/www.radiopiu.net\/wordpress\/wp-content\/uploads\/2023\/04\/342973017_531583902519703_6667149197720858260_n.jpg 526w\" sizes=\"auto, (max-width: 224px) 100vw, 224px\" \/><\/a>\n\t\t\t\t<\/dt><\/dl><br style=\"clear: both\" \/>\n\t\t\t<\/div>\n\n<p>&nbsp;<\/p>\n<\/div>\n<\/div>\n<div dir=\"auto\">\n<p>&nbsp;<\/p>\n<hr \/>\n<p>&nbsp;<\/p>\n<p><strong><a class=\"dt-pswp-item\" href=\"https:\/\/www.radiopiu.net\/wordpress\/wp-content\/uploads\/2023\/04\/SCALE-PRIMO.jpg\" data-dt-img-description=\"\" data-large_image_width=\"316\" data-large_image_height=\"168\"><img loading=\"lazy\" decoding=\"async\" class=\" wp-image-331567 alignleft\" src=\"https:\/\/www.radiopiu.net\/wordpress\/wp-content\/uploads\/2023\/04\/SCALE-PRIMO-300x159.jpg\" alt=\"\" width=\"191\" height=\"101\" srcset=\"https:\/\/www.radiopiu.net\/wordpress\/wp-content\/uploads\/2023\/04\/SCALE-PRIMO-300x159.jpg 300w, https:\/\/www.radiopiu.net\/wordpress\/wp-content\/uploads\/2023\/04\/SCALE-PRIMO.jpg 316w\" sizes=\"auto, (max-width: 191px) 100vw, 191px\" \/><\/a>SR 50 SCALE DI PRIMOLANO,<\/strong>\u00a0Fastro-Primolano,\u00a0dal 13 aprile al 6 maggio\u00a0divieto di transito direzione di marcia Fastro-Primolano per tutti i mezzi superiori alle 3,5 tonnellate, caravan e autocaravan.\u00a0 Deviazioni sulla 50 bis in seguito alla chiusura totale delle gallerie San Vito e Brenta.<\/p>\n<p>Galleria San Vito di Arsi\u00e8 chiusura totale della galleria PER TUTTI I MEZZI durante le notti dal 13 aprile al 6 maggio dale 21 alle\u00a0 6 del mattino successivo<\/p>\n<p><strong>REDAZIONE<\/strong> Veneto Strade comunica che nelle giornate del 26 e 27 aprile, dalle 7 alle 19, verr\u00e0 chiusa al traffico la SP 4 della Val Cantiuna in comune di Alpago. Chiusura necessaria per lavori di posa conglomerato bituminoso.<\/p>\n<p><strong>REDAZIONE\u00a0<\/strong>Veneto Strade comunica che la strada provinciale 346 del Passo San Pellegrino sar\u00e0 interessata da lavori di esbosco per tutto il mese di maggio. Dal 2 al 31 maggio, sabati e domeniche esclusi, il tratto tra Zingari Bassi e bivio Passo Valles verr\u00e0 chiuso al traffico dalle 8 alle 12 e dalle 13 alle 17.<\/p>\n<p>&nbsp;<\/p>\n<p>&nbsp;<\/p>\n<hr \/>\n<p>&nbsp;<\/p>\n<blockquote>\n<h3 class=\"entry-title\">CHIUSURA DELLA SS 47 \u201cVALSUGANA\u201d CON DEVIAZIONI OBBLIGATORIE<\/h3>\n<\/blockquote>\n<p><img loading=\"lazy\" decoding=\"async\" class=\"alignleft\" src=\"https:\/\/www.radiopiu.net\/wordpress\/wp-content\/uploads\/2023\/04\/th-6.jpg\" width=\"164\" height=\"109\" \/>Nella giornata di oggi \u00e8 previsto il disinnesco di un ordigno bellico rinvenuto nel Comune di Valbrenta loc. Cismon del Grappa (VI), dalle ore 07:00 fino presumibilmente alle ore 17:00, e comunque al termine delle relative operazioni. Al fine di consentire, nella massima sicurezza, lo svolgimento delle operazioni di disinnesco, la viabilit\u00e0 che si esprime nei collegamenti tra l\u2019area del Bassanese ed il Trentino, limitrofe con la Provincia di Belluno (Comune di Arsi\u00e8), sar\u00e0 soggetta a provvedimenti di interdizione del traffico veicolare, volti a garantire la tutela e la sicurezza dell\u2019utenza e della circolazione, che avranno inevitabili riflessi anche sulla viabilit\u00e0 di questa Provincia.<\/p>\n<p>&nbsp;<\/p>\n<p>&nbsp;<\/p>\n<hr \/>\n<p>&nbsp;<\/p>\n<blockquote>\n<h3 class=\"entry-title\">LA GRATITUDINE DELLA MAMMA DEL PICCOLO RIMASTO USTIONATO<\/h3>\n<\/blockquote>\n<p><strong class=\"photoswipe-wrapper\"><a class=\"dt-pswp-item pspw-wrap-ready\" href=\"https:\/\/www.radiopiu.net\/wordpress\/wp-content\/uploads\/2023\/04\/cloud-600224__340.jpg\" data-dt-img-description=\"\" data-large_image_width=\"510\" data-large_image_height=\"340\"><img loading=\"lazy\" decoding=\"async\" class=\" wp-image-333104 alignleft\" src=\"https:\/\/www.radiopiu.net\/wordpress\/wp-content\/uploads\/2023\/04\/cloud-600224__340-300x200.jpg\" sizes=\"auto, (max-width: 255px) 100vw, 255px\" srcset=\"https:\/\/www.radiopiu.net\/wordpress\/wp-content\/uploads\/2023\/04\/cloud-600224__340-300x200.jpg 300w, https:\/\/www.radiopiu.net\/wordpress\/wp-content\/uploads\/2023\/04\/cloud-600224__340.jpg 510w\" alt=\"\" width=\"255\" height=\"170\" \/><\/a>REDAZIONE<\/strong>\u00a0Il risveglio, drammatico, di quelli che non dimentichi pi\u00f9, le urla, la ricerca di quella freddezza non facile da trovare, il bambino, il fuoco, il bisogno di aiuto. Luciana non lo racconta, ma lo fa trapelare quel susseguirsi di dolore. La freddezza: di chiamare subito il 118 e poi quel tempo, che non passa mai. Ma a mente fredda Luciana ricorda che dalla chiamata al suono della sirena sotto casa sono\u00a0<em>trascorsi<\/em>\u00a0minuti, pochi minuti.<em>\u00a0\u201cVorrei \u2013 dice mamma Luciana- ringraziare gli infermieri Orietta e Francesco, l\u2019autista dell\u2019ambulanza Lorena, di indubbia professionalit\u00e0,\u00a0 non\u00a0 hanno solo gestito al meglio l\u2019emergenza, ma si sono anche curati di rincuorare un bimbo, dolorante per le ferite, terrorizzato alla vista degli aghi\u201d.<\/em><br \/>\nIl bimbo \u00e8 ricoverato a Verona dove \u00e8 stato trasportato in elicottero dopo l\u2019incidente domestico\u00a0<em>\u201cTutto sta procedendo per il meglio\u201d \u2013<\/em>\u00a0dice Luciana aggiungendo un cuore di grazie a quanti hanno saputo e sempre con grande discrezione, abbracciare e sostenere una famiglia agordina.\u00a0<em>\u201cInfine \u2013 conclude Luciana \u2013 l\u2019esperienza terribile destinata alla mia famiglia insegna quanto importante sia poter contare su un ospedale vicino a casa, ad Agordo, dove opera una grande famiglia attaccata al territorio e alla sua gente\u201d.<\/em><\/p>\n<p>&nbsp;<\/p>\n<hr \/>\n<p>&nbsp;<\/p>\n<p>&nbsp;<\/p>\n<blockquote>\n<h3>E&#8217; MORTO L&#8217;ASSESSORE FRANCO MARANGON<\/h3>\n<\/blockquote>\n<p><a class=\"dt-pswp-item\" href=\"https:\/\/www.radiopiu.net\/wordpress\/wp-content\/uploads\/2023\/04\/Senza-nome-84.jpg\" data-dt-img-description=\"\" data-large_image_width=\"444\" data-large_image_height=\"301\"><img loading=\"lazy\" decoding=\"async\" class=\"wp-image-333212 alignleft\" src=\"https:\/\/www.radiopiu.net\/wordpress\/wp-content\/uploads\/2023\/04\/Senza-nome-84-300x203.jpg\" alt=\"\" width=\"197\" height=\"133\" srcset=\"https:\/\/www.radiopiu.net\/wordpress\/wp-content\/uploads\/2023\/04\/Senza-nome-84-300x203.jpg 300w, https:\/\/www.radiopiu.net\/wordpress\/wp-content\/uploads\/2023\/04\/Senza-nome-84.jpg 444w\" sizes=\"auto, (max-width: 197px) 100vw, 197px\" \/><\/a><strong>VALLE DI CADORE<\/strong> Festeggia il compleanno della sindaca Marianna Hofer e rincasa.\u00a0 Poi un malore nella notte, improvviso, e la morte. Commozione mista a tanto sconcerto: questi i sentimenti che hanno accompagnato la scomparsa dell&#8217;assessore del Comune di Valle, Gianfranco Marangon. Classe 1950, era nato a Cadoneghe, nel Padovano,\u00a0 era stato per tanti anni dirigente dell&#8217;ufficio urbanistica di Cortina. I funerali si terranno nella chiesa della Piet\u00e0 di Valle, probabilmente nella giornata di sabato.<\/p>\n<p>&nbsp;<\/p>\n<p>&nbsp;<\/p>\n<hr \/>\n<p>&nbsp;<\/p>\n<blockquote>\n<h3>SALVATO DAL SOCCORSO ALPINO DELLA GUARDIA DI FINANZA UN BORDER COLLIE SCIVOLATO IN UN DIRUPO<\/h3>\n<\/blockquote>\n<p><strong><a class=\"dt-pswp-item\" href=\"https:\/\/www.radiopiu.net\/wordpress\/wp-content\/uploads\/2022\/04\/GUARDIA-FINANZA-SCI.jpg\" data-dt-img-description=\"\" data-large_image_width=\"768\" data-large_image_height=\"576\"><img loading=\"lazy\" decoding=\"async\" class=\" wp-image-270373 alignleft\" src=\"https:\/\/www.radiopiu.net\/wordpress\/wp-content\/uploads\/2022\/04\/GUARDIA-FINANZA-SCI-300x225.jpg\" alt=\"\" width=\"192\" height=\"144\" srcset=\"https:\/\/www.radiopiu.net\/wordpress\/wp-content\/uploads\/2022\/04\/GUARDIA-FINANZA-SCI-300x225.jpg 300w, https:\/\/www.radiopiu.net\/wordpress\/wp-content\/uploads\/2022\/04\/GUARDIA-FINANZA-SCI.jpg 768w\" sizes=\"auto, (max-width: 192px) 100vw, 192px\" \/><\/a>CORTINA<\/strong> Luned\u00ec scorso i militari della Stazione del Soccorso Alpino della Guardia di Finanza di Cortina d\u2019Ampezzo, come sempre quotidianamente impegnati nella loro attivita\u0300 di ricognizione del territorio per garantire la sicurezza alle persone che frequentano la montagna, hanno tratto in salvo un cane. I Finanzieri, presenti in localita\u0300 Podestagno nel comune di Cortina d\u2019Ampezzo, sono stati allertati da un passante, che diceva di aver perso le tracce del proprio border collie di 3 anni dal pomeriggio del giorno precedente, dopo che il cane veniva visto dirigersi, per l\u2019ultima volta, nei pressi di un salto di roccia presente in zona. Immediatamente, sono state attivate le ricerche che hanno consentito, con celerita\u0300, di individuare l\u2019animale, ferito ma vivo, in un dirupo profondo circa 100 metri. I militari, quindi, si sono calati a piu\u0300 riprese lungo la parete, al fine di trarre in salvo l\u2019animale in piena sicurezza. Le operazioni si sono concluse con il recupero dell\u2019animale e la riconsegna al proprietario. L\u2019esito felice di questa operazione di soccorso ha evidenziato ancor di piu\u0300 la professionalita\u0300 e l\u2018abnegazione che caratterizzano gli uomini e le donne del Soccorso Alpino della Guardia di Finanza.<\/p>\n<p>&nbsp;<\/p>\n<p>&nbsp;<\/p>\n<hr \/>\n<p>&nbsp;<\/p>\n<blockquote>\n<h3>FA RICORSO PER LE BOLLETTE ESOSE, RESTITUITI 15MILA EURO<\/h3>\n<\/blockquote>\n<p><strong style=\"font-size: 14px;\"><a class=\"dt-pswp-item\" href=\"https:\/\/www.radiopiu.net\/wordpress\/wp-content\/uploads\/2023\/04\/311894160_1324650198075156_2393034823086617022_n.jpg\" data-dt-img-description=\"\" data-large_image_width=\"960\" data-large_image_height=\"959\"><img loading=\"lazy\" decoding=\"async\" class=\" wp-image-332804 alignright\" src=\"https:\/\/www.radiopiu.net\/wordpress\/wp-content\/uploads\/2023\/04\/311894160_1324650198075156_2393034823086617022_n-300x300.jpg\" alt=\"\" width=\"224\" height=\"224\" srcset=\"https:\/\/www.radiopiu.net\/wordpress\/wp-content\/uploads\/2023\/04\/311894160_1324650198075156_2393034823086617022_n-300x300.jpg 300w, https:\/\/www.radiopiu.net\/wordpress\/wp-content\/uploads\/2023\/04\/311894160_1324650198075156_2393034823086617022_n-150x150.jpg 150w, https:\/\/www.radiopiu.net\/wordpress\/wp-content\/uploads\/2023\/04\/311894160_1324650198075156_2393034823086617022_n-768x767.jpg 768w, https:\/\/www.radiopiu.net\/wordpress\/wp-content\/uploads\/2023\/04\/311894160_1324650198075156_2393034823086617022_n.jpg 960w\" sizes=\"auto, (max-width: 224px) 100vw, 224px\" \/><\/a>AGORDO<\/strong><span style=\"font-size: 14px; font-weight: normal;\"> Quando Giorgio Scola la scorsa estate ha adocchiato le bollette ha avuto un solo pensiero: me ne vado e chiudo la porta a doppia mandata. Inevitabile,\u00a0 tra quei numeri da capogiro non pensare alla soluzione finale, definitiva, restituendo allo Stato la partita iva. Ma chi \u00e8 abituato ai sacrifici che impone la professione \u00e8 di fatto un guerriero, che non alza bandiera bianca al primo ostacolo. Infatti, dopo quel ferragosto da dimenticare, Giorgio si \u00e8 rivolto ad uno studio legale (Dotta &amp; Partners di Agordo) mettendo sul tavolo le bollette elettriche ricevute in un giorno di solleone, oltre 26.000 euro, a una media di 13mila euro al mese.<em> &#8220;Da Agordo &#8211; racconta Scola &#8211; gli avvocati si sono attivati chiedendo da subito un&#8217;urgente verifica sul contatore.\u00a0A stretto giro di posta \u00e8 arrivata la conferma di non dover pagare i 26.000 euro addebitati, sospendendo la richiesta di pagamento in attesa di accertamenti&#8221;.<\/em>\u00a0 In questi giorni\u00a0 il riscontro ufficiale e la bella notizia per il gestore del Rifugio sul Rite: un rimborso da parte del gestore per 15.000 euro, per errori di lettura sui consumi,\u00a0 anche in\u00a0 periodi\u00a0 precedenti a quelli presi in considerazione che hanno sommato i 26mila euro.<em>&#8220;Un errore non di poco conto &#8211; incalza Scola &#8211; il\u00a0 Rifugio sul Rite \u00e8 rimasto chiuso per mesi. A stoppare le notti insonni e un eventuale mutuo per sostenere il pagamento delle bollette ci ha pensato lo\u00a0 Studio Dotta &amp; Partners. Precedentemente l&#8217;aver tentato di coinvolgere amministratori, e istituzioni,\u00a0 purtroppo non ha portato ad alcun risultato concreto, quello che non sono mancate sono state le promesse rimaste tali&#8221;.<\/em><\/span><\/p>\n<p><strong>CORRIERE DELLE ALPI, AGOSTO 2022<\/strong><\/p>\n\n\t\t\t<style type='text\/css'>\n\t\t\t\t#gallery-2 {\n\t\t\t\t\tmargin: auto;\n\t\t\t\t}\n\t\t\t\t#gallery-2 .gallery-item {\n\t\t\t\t\tfloat: left;\n\t\t\t\t\tmargin-top: 10px;\n\t\t\t\t\ttext-align: center;\n\t\t\t\t\twidth: 100%;\n\t\t\t\t}\n\t\t\t\t#gallery-2 img {\n\t\t\t\t\tborder: 2px solid #cfcfcf;\n\t\t\t\t}\n\t\t\t\t#gallery-2 .gallery-caption {\n\t\t\t\t\tmargin-left: 0;\n\t\t\t\t}\n\t\t\t\t\/* see gallery_shortcode() in wp-includes\/media.php *\/\n\t\t\t<\/style>\n\t\t<div id='gallery-2' class='dt-gallery-container gallery galleryid-333077 gallery-columns-1 gallery-size-medium'><dl class='gallery-item'>\n\t\t\t\t<dt class='gallery-icon landscape'>\n\t\t\t\t\t<a class=\"rollover rollover-zoom dt-pswp-item\" title=\"300106550_5452416148151459_1800267898256703320_n-1\" data-dt-img-description=\"\" data-large_image_width=\"640\" data-large_image_height=\"529\"href='https:\/\/www.radiopiu.net\/wordpress\/wp-content\/uploads\/2023\/04\/300106550_5452416148151459_1800267898256703320_n-1.jpg'><img loading=\"lazy\" decoding=\"async\" width=\"300\" height=\"248\" src=\"https:\/\/www.radiopiu.net\/wordpress\/wp-content\/uploads\/2023\/04\/300106550_5452416148151459_1800267898256703320_n-1-300x248.jpg\" class=\"attachment-medium size-medium\" alt=\"\" srcset=\"https:\/\/www.radiopiu.net\/wordpress\/wp-content\/uploads\/2023\/04\/300106550_5452416148151459_1800267898256703320_n-1-300x248.jpg 300w, https:\/\/www.radiopiu.net\/wordpress\/wp-content\/uploads\/2023\/04\/300106550_5452416148151459_1800267898256703320_n-1.jpg 640w\" sizes=\"auto, (max-width: 300px) 100vw, 300px\" \/><\/a>\n\t\t\t\t<\/dt><\/dl><br style=\"clear: both\" \/>\n\t\t\t<\/div>\n\n<p>&nbsp;<\/p>\n<hr \/>\n<p>&nbsp;<\/p>\n<blockquote>\n<h2>SCUOLA EVACUATA PER UNA FUGA DI GAS<\/h2>\n<\/blockquote>\n<p><strong><img loading=\"lazy\" decoding=\"async\" class=\"alignleft\" src=\"https:\/\/www.radiopiu.net\/wordpress\/wp-content\/uploads\/2023\/04\/th-8.jpg\" width=\"223\" height=\"148\" \/>PIEVE DI CADORE<\/strong> Poco prima delle 8:30, di mercoled\u00ec, i vigili del fuoco sono intervenuti presso la scuola secondaria Tiziano a Pieve di Cadore per l\u2019evacuazione della struttura di tutti gli studenti e il personale scolastico, circa 140 persone, per una\u00a0 fuga di gas. I pompieri accorsi da Santo Stefano, Pieve di Cadore e Belluno con il funzionario di guardia e capo turno, hanno iniziato a verificare tutti i locali con una cerca fuga di gas. All\u2019interno di una stanza, utilizzata da terzi, sono state rinvenute alcune bombole di GPL con degli utilizzatori collegati, dove \u00e8 stata constatata la perdita. La fuoriuscita \u00e8 stata subito bloccata, i locali arieggiati e messi in sicurezza. Al ripristino di tutte le condizioni di sicurezza della struttura gli studenti e il personale scolastico hanno fatto rientro in sede. Le operazioni di soccorso dei vigili del fuoco sono terminate alle 10:45.<\/p>\n<p>&nbsp;<\/p>\n<hr \/>\n<p>&nbsp;<\/p>\n<blockquote>\n<h3>100 MILA EURO PER OPERE D&#8217;ARTE FALSE, LA TRUFFA<\/h3>\n<h3><em><a class=\"dt-pswp-item\" href=\"https:\/\/www.radiopiu.net\/wordpress\/wp-content\/uploads\/2021\/07\/d8eacfdd-c14a-4604-8934-c2514bad0868.jpg\" data-dt-img-description=\"\" data-large_image_width=\"1080\" data-large_image_height=\"720\"><img loading=\"lazy\" decoding=\"async\" class=\" wp-image-222504 alignleft\" src=\"https:\/\/www.radiopiu.net\/wordpress\/wp-content\/uploads\/2021\/07\/d8eacfdd-c14a-4604-8934-c2514bad0868-300x200.jpg\" alt=\"\" width=\"227\" height=\"151\" srcset=\"https:\/\/www.radiopiu.net\/wordpress\/wp-content\/uploads\/2021\/07\/d8eacfdd-c14a-4604-8934-c2514bad0868-300x200.jpg 300w, https:\/\/www.radiopiu.net\/wordpress\/wp-content\/uploads\/2021\/07\/d8eacfdd-c14a-4604-8934-c2514bad0868-1024x683.jpg 1024w, https:\/\/www.radiopiu.net\/wordpress\/wp-content\/uploads\/2021\/07\/d8eacfdd-c14a-4604-8934-c2514bad0868-768x512.jpg 768w, https:\/\/www.radiopiu.net\/wordpress\/wp-content\/uploads\/2021\/07\/d8eacfdd-c14a-4604-8934-c2514bad0868.jpg 1080w\" sizes=\"auto, (max-width: 227px) 100vw, 227px\" \/><\/a>Il gallerista potrebbe aver riempito il mercato dell&#8217;arte di &#8220;croste&#8221;<\/em><\/h3>\n<\/blockquote>\n<p><strong>BELLUNO <\/strong>centomila euro per alcuni quadri di discreto valore, ma il\u00a0 manager d&#8217;azienda che vive in citt\u00e0 \u00e8 stato ingannato da un gallerista veronese che per alcuni anni gli ha venduto dei falsi. Ora la Guardia di Finanza di Venezia, dopo anni di indagini coordinate dalla Procura di Verona, ha denunciato il commerciante di falsi.\u00a0 L&#8217;indagine ha consentito di sequestrare opere contraffatte attribuibili a Giambattista Tiepolo (il pi\u00f9 grande pittore del &#8216;700 veneziano) e Beppe Ciardi (famoso vedutista trevigiano di fine &#8216;800).\u00a0 Il gallerista e mercante\u00a0 \u00e8 stato denunciato alla Procura della Repubblica\u00a0 per i reati di truffa aggravata, ricettazione e commercio di undici opere d&#8217;arte contraffatte. In sostanza vendeva opere d&#8217;arte da nord a sud. C&#8217;\u00e8 il sospetto che abbia riempito il mercato dell&#8217;arte di vere e autentiche &#8220;croste&#8221;.<\/p>\n<p>&nbsp;<\/p>\n<hr \/>\n<p>&nbsp;<\/p>\n<blockquote>\n<h3>LA CANONICA UNO SPAZIO PER FARE COMUNITA&#8217;, NON UN PORCILE<\/h3>\n<\/blockquote>\n<div>\n<div class=\"x1cy8zhl x78zum5 x1q0g3np xod5an3 x1pi30zi x1swvt13 xz9dl7a\">\n<div class=\"xqcrz7y x78zum5 x1qx5ct2 x1y1aw1k x1sxyh0 xwib8y2 xurb0ha xw4jnvo\">\n<div class=\"x1ey2m1c xds687c xg01cxk x47corl x10l6tqk x17qophe x13vifvy x1ebt8du x19991ni x1dhq9h x14yjl9h xudhj91 x18nykt9 xww2gxu\" data-visualcompletion=\"ignore\"><strong><em><a class=\"dt-pswp-item\" href=\"https:\/\/www.radiopiu.net\/wordpress\/wp-content\/uploads\/2023\/04\/320660895_966311784738696_7624969983022707080_n.jpg\" data-dt-img-description=\"\" data-large_image_width=\"358\" data-large_image_height=\"368\"><img loading=\"lazy\" decoding=\"async\" class=\"wp-image-333136 alignleft\" src=\"https:\/\/www.radiopiu.net\/wordpress\/wp-content\/uploads\/2023\/04\/320660895_966311784738696_7624969983022707080_n-292x300.jpg\" alt=\"\" width=\"164\" height=\"168\" srcset=\"https:\/\/www.radiopiu.net\/wordpress\/wp-content\/uploads\/2023\/04\/320660895_966311784738696_7624969983022707080_n-292x300.jpg 292w, https:\/\/www.radiopiu.net\/wordpress\/wp-content\/uploads\/2023\/04\/320660895_966311784738696_7624969983022707080_n.jpg 358w\" sizes=\"auto, (max-width: 164px) 100vw, 164px\" \/><\/a><\/em>DOMEGGE<\/strong> Un amaro sfogo quello di Don Simone Ballis dopo aver inquadrato la sporcizia lasciata davanti alla canonica del paese. Il parroco non ha esitato a pubblicare il video sui sociale con relativo video<\/div>\n<div data-visualcompletion=\"ignore\"><\/div>\n<\/div>\n<\/div>\n<\/div>\n<div>\n<div class=\"\" dir=\"auto\">\n<div id=\":re9:\" class=\"x1iorvi4 x1pi30zi x1l90r2v x1swvt13\" data-ad-comet-preview=\"message\" data-ad-preview=\"message\">\n<div class=\"x78zum5 xdt5ytf xz62fqu x16ldp7u\">\n<div class=\"xu06os2 x1ok221b\">\n<div class=\"xdj266r x11i5rnm xat24cr x1mh8g0r x1vvkbs x126k92a\">\n<blockquote>\n<div dir=\"auto\"><em>Questo video mette in luce la sporcizia lasciata davanti alla canonica di Domegge da un gruppo di giovani che ho intravisto l\u00ec mentre mi recavo alla messa del patrono domenica 23 aprile. Richiamo il rispetto per i luoghi pubblici e per chi poi deve pulire. Sarebbe bello se i ragazzi chiedessero la canonica per stare insieme dialogare e trovare uno spazio per loro ma se non c&#8217;\u00e8 il punto di partenza di valorizzare quello che c&#8217;\u00e8 senza rovinare e sporcare diventa difficile. Io spero che questi segni di ripresa pubblica possano servire nel aiutare questi ragazzi ad amare quello che gli circonda. Grazie a chi pur con dispiacere toccher\u00e0 raccogliere mozziconi di sigarette e resto.<\/em><\/div>\n<\/blockquote>\n<\/div>\n<\/div>\n<\/div>\n<\/div>\n<\/div>\n<\/div>\n<div dir=\"auto\"><\/div>\n<div dir=\"auto\">\n<div style=\"width: 848px;\" class=\"wp-video\"><video class=\"wp-video-shortcode\" id=\"video-333077-1\" width=\"848\" height=\"480\" preload=\"metadata\" controls=\"controls\"><source type=\"video\/mp4\" src=\"https:\/\/www.radiopiu.net\/wordpress\/wp-content\/uploads\/2023\/04\/WhatsApp-Video-2023-04-26-at-14.58.00.mp4?_=1\" \/><a href=\"https:\/\/www.radiopiu.net\/wordpress\/wp-content\/uploads\/2023\/04\/WhatsApp-Video-2023-04-26-at-14.58.00.mp4\">https:\/\/www.radiopiu.net\/wordpress\/wp-content\/uploads\/2023\/04\/WhatsApp-Video-2023-04-26-at-14.58.00.mp4<\/a><\/video><\/div>\n<p>&nbsp;<\/p>\n<hr \/>\n<p>&nbsp;<\/p>\n<blockquote>\n<h3>STANGATO: SPEGNE I FARI E TENTA LA FUGA PER EVITARE L&#8217;ALCOLTEST<\/h3>\n<\/blockquote>\n<p><strong>OGGI SUL CORRIERE DELLE ALPI<\/strong><\/p>\n<p><strong>DI GIGI SOSSO<\/strong><\/p>\n<blockquote><p><em>.Era quasi l&#8217;una di notte, quando il suo assistito stava viaggiando sulla sua auto di grossa cilindrata, nel territorio di Sedico. Sapeva di aver bevuto, ma si era messo lo stesso alla guida e, quando ha visto la pattuglia dei carabinieri, gli sono venute alcune idee. Una pi\u00f9 cattiva dell&#8217;altra.<\/em><\/p><\/blockquote>\n<p><strong><img loading=\"lazy\" decoding=\"async\" class=\"alignleft\" src=\"https:\/\/www.radiopiu.net\/wordpress\/wp-content\/uploads\/2021\/10\/f2d9c736-0c21-47ee-abfa-5c54d8f29dac.jpg\" width=\"288\" height=\"162\" \/>AGORDINO<\/strong> L&#8217;alcoltest pi\u00f9 complicato della provincia. Al limite della resistenza a pubblico ufficiale, tra fari spenti, l&#8217;impatto in retromarcia su un cassonetto dei rifiuti e un tentativo di fuga. L&#8217;automobilista agordino alla guida di un suv era senz&#8217;altro ubriaco, quando nella notte del 25 ottobre 2020 i carabinieri di Sedico erano riusciti a fermarlo e a contestargli la guida in stato di ebbrezza. Y.M. avrebbe potuto cavarsela, pagando l&#8217;ammenda prevista dal decreto penale di condanna, ma ha preferito fare opposizione e gli \u00e8 andata peggio: il giudice Domenico Riposati l&#8217;ha condannato a otto mesi di arresto e 4 mila euro di ammenda con pena sospesa, oltre a due anni di sospensione della patente.Il Tribunale \u00e8 andato oltre la richiesta del pubblico ministero Giuseppe Gulli, che era arrivato a sette mesi&#8230;<\/p>\n<p>Secondo la ricostruzione dei militari, ha spento i fari e tentato un&#8217;avventurosa retromarcia, finendo contro un cassonetto della differenziata. I carabinieri non potevano non accorgersene. A quel punto rimanevano due soluzioni: fermarsi o tentare la fuga. Ha scelto la busta due e forse non immaginava che uno dei due militari si attaccasse alla macchina, cercando d&#8217;impedirgli di scappare. Sarebbe stato trascinato alcuni metri, prima che il conducente si fermasse.\u00a0 Immancabile l&#8217;esame dell&#8217;etilometro, che ha certificato quello che gi\u00e0 si sapeva: 1,88 grammi per litro di sangue al primo soffio e 1,81 al secondo.<\/p>\n<p>&nbsp;<\/p>\n<blockquote>\n<h3>Bonifici e prelevamenti dal conto della madre: a processo per peculato<\/h3>\n<\/blockquote>\n<p><strong>SELVA DI CADORE <\/strong>Prelevamenti continui con il bancomat e bonifici per s\u00e9 e per la moglie. Silvano Blasevi, maresciallo dei carabinieri in congedo, \u00e8 stato portato in tribunale per peculato dal giudice tutelare di Belluno. Aveva fatto l&#8217;amministratore di sostegno della madre e l&#8217;accusa \u00e8 di aver usato i suoi soldi per motivi estranei agli interessi dell&#8217;anziana.\u00a0 Manca un teste da sentire e ci sar\u00e0 l&#8217;esame dell&#8217;imputato. Sentenza il 14 giugno.<\/p>\n<p>&nbsp;<\/p>\n<hr \/>\n<p>&nbsp;<\/p>\n<blockquote>\n<h3>MISURATA? NO SCUSATE MISURINA. INDIGNAZIONE PER LA &#8220;SPARATA&#8221; SUL SITO MINISTERIALE<\/h3>\n<\/blockquote>\n<p><strong>REDAZIONE<\/strong> Per il sito il sito promozionale del Ministero del Turismo: il lago di Misurina, infatti, \u00e8\u00a0 il lago di Misurata (Libia) e santa Caterina \u00e8 diventata santa Cristina.<\/p>\n<p><strong>REAZIONI<\/strong><\/p>\n<p><strong>MARCO PERALE<\/strong>: La prova che l&#8217;allegra combriccola \u00e8 fatta di nostalgici del ventennio?\u00a0 Grazie ai geniali traduttori da 9 milioni di euro (nostri) perfino il lago di Misurina diventa il lago di Misurata, ridente localit\u00e0 della Tripolitania, in onore delle indimenticate colonie libiche.. La vergogna non ha limiti.\u00a0 Anche l&#8217;ultimo dei turisti della domenica sa che in tedesco le Tre Cime di Lavaredo si chiamano &#8220;Drei Zinnen&#8221; e non &#8220;Lavaredo-Gipfel&#8221;<\/p>\n<p><strong>IL FRONTE DOLOMITICO<\/strong> Capolavoro. Misurata (mica Misurina) See e Lavaredo Gipfel sono una perla che nemmeno Tolomei avrebbe concepito<\/p>\n<p><img decoding=\"async\" class=\"aligncenter\" src=\"https:\/\/www.radiopiu.net\/wordpress\/wp-content\/uploads\/2023\/04\/343070613_612031177477278_8709194132948114435_n-300x300.jpg\" \/><\/p>\n<p>&nbsp;<\/p>\n<p>&nbsp;<\/p>\n<\/div>\n<p>&nbsp;<\/p>\n<hr \/>\n<p>&nbsp;<\/p>\n<p>&nbsp;<\/p>\n<div class=\"page-title-head hgroup\">\n<blockquote>\n<h3 class=\"entry-title\">SALE OPERATORIE DI AGORDO: RESTYLING PER LA SICUREZZA<\/h3>\n<\/blockquote>\n<\/div>\n<p><span style=\"color: #222222;\"><span style=\"font-size: large;\"><strong><img loading=\"lazy\" decoding=\"async\" class=\"alignleft\" src=\"https:\/\/www.radiopiu.net\/wordpress\/wp-content\/uploads\/2020\/10\/ORTOPEDIA-OSPEDALE-AGORDO-3.jpg\" width=\"131\" height=\"233\" \/>AGORDO<\/strong> Le sale operatorie dell&#8217;Ospedale di Agordo, fino al 1 maggio 2023, sono oggetto di lavori per l\u2019adeguamento della struttura alla normativa dell&#8217;antisismica, nell\u2019ambito del pi\u00f9 complesso intervento di ristrutturazione dell\u2019Ospedale di Agordo. <\/span><\/span><span style=\"font-size: large;\">Gli interventi di ortopedia programmati erano gi\u00e0 stati da tempo calendarizzati a partire del 2 maggio 2023. Eventuali urgenze ortopediche che necessitino di intervento chirurgico verranno centralizzate all\u2019ospedale di Belluno. <\/span><span style=\"font-size: large;\">I lavori consentiranno di avere sale pi\u00f9 funzionali e sicure.<\/span><\/p>\n<p>&nbsp;<\/p>\n<p>&nbsp;<\/p>\n<p>&nbsp;<\/p>\n<hr \/>\n<p>&nbsp;<\/p>\n<blockquote>\n<h3>ELEZIONE DEL PRESIDENTE DE GAL PREALPI DOLOMITI: FUMATA NERA, PREVALE LA POLITICA<\/h3>\n<\/blockquote>\n<p><strong><a class=\"dt-pswp-item\" href=\"https:\/\/www.radiopiu.net\/wordpress\/wp-content\/uploads\/2021\/08\/gal-prealpi.png\" data-dt-img-description=\"\" data-large_image_width=\"439\" data-large_image_height=\"230\"><img loading=\"lazy\" decoding=\"async\" class=\" wp-image-230334 alignleft\" src=\"https:\/\/www.radiopiu.net\/wordpress\/wp-content\/uploads\/2021\/08\/gal-prealpi-300x157.png\" alt=\"\" width=\"243\" height=\"127\" srcset=\"https:\/\/www.radiopiu.net\/wordpress\/wp-content\/uploads\/2021\/08\/gal-prealpi-300x157.png 300w, https:\/\/www.radiopiu.net\/wordpress\/wp-content\/uploads\/2021\/08\/gal-prealpi.png 439w\" sizes=\"auto, (max-width: 243px) 100vw, 243px\" \/><\/a>BELLUNO<\/strong><\/p>\n<p><strong>di MORENO GIOLI<\/strong><\/p>\n<p>&nbsp;<\/p>\n<audio class=\"wp-audio-shortcode\" id=\"audio-333077-1\" preload=\"none\" style=\"width: 100%;\" controls=\"controls\"><source type=\"audio\/mpeg\" src=\"https:\/\/www.radiopiu.net\/wordpress\/wp-content\/uploads\/2023\/04\/MORENO-GIOLI-1.mp3?_=1\" \/><a href=\"https:\/\/www.radiopiu.net\/wordpress\/wp-content\/uploads\/2023\/04\/MORENO-GIOLI-1.mp3\">https:\/\/www.radiopiu.net\/wordpress\/wp-content\/uploads\/2023\/04\/MORENO-GIOLI-1.mp3<\/a><\/audio>\n<p>&nbsp;<\/p>\n<hr \/>\n<p>&nbsp;<\/p>\n<blockquote>\n<h2>37 ANNI DOPO L&#8217;ESPLOSIONE DELLA CENTRALE DI CHERNOBYL<\/h2>\n<\/blockquote>\n<p><strong>DI TIZIANO DE COL\u00a0<\/strong><\/p>\n<blockquote><p><em>Sono le ore 1:23 della notte del 26 aprile 1986 quando la centrale nucleare di Chernobyl \u00e8 scossa da un&#8217;esplosione. Il sito si trova a 18 chilometri dalla citt\u00e0 di Chernobyl, a 3 chilometri da Pripyat, nell\u2019area settentrionale di un\u2019Ucraina ancora parte dell\u2019Unione Sovietica. \u00c8 il pi\u00f9 grave incidente mai verificatosi in una centrale nucleare, anche se il conteggio delle vittime \u00e8 ancora incerto e largamente dibattuto, con cifre spesso enormemente diverse tra loro\u00a0<\/em><\/p><\/blockquote>\n<p><a class=\"dt-pswp-item\" href=\"https:\/\/www.radiopiu.net\/wordpress\/wp-content\/uploads\/2023\/04\/AAA-1.jpg\" data-dt-img-description=\"\" data-large_image_width=\"418\" data-large_image_height=\"335\"><img loading=\"lazy\" decoding=\"async\" class=\"wp-image-333145 alignleft\" src=\"https:\/\/www.radiopiu.net\/wordpress\/wp-content\/uploads\/2023\/04\/AAA-1-300x240.jpg\" alt=\"\" width=\"226\" height=\"181\" srcset=\"https:\/\/www.radiopiu.net\/wordpress\/wp-content\/uploads\/2023\/04\/AAA-1-300x240.jpg 300w, https:\/\/www.radiopiu.net\/wordpress\/wp-content\/uploads\/2023\/04\/AAA-1.jpg 418w\" sizes=\"auto, (max-width: 226px) 100vw, 226px\" \/><\/a> 37 anni fa\u00a0 come ieri accadeva il disastro nucleare di Chernobyl in Ucraina il quale port\u00f2 effetti anche sulla nostra zona dolomitica a causa della ricaduta di radionuclidi a causa delle piogge che interessarono anche la nostra zona tra il 26 aprile e circa il 10 maggio. Giusto per ricordare come monito quello che probabilmente fu il primo grande effetto dirompente , reso pubblico, dell&#8217; energia atomica sulla nostra area. Abbiamo specificato il &#8220;reso pubblico&#8221; , perch\u00e9 poco o nulla si sa delle ricadute di radionuclidi nella nostra area dovute <a class=\"dt-pswp-item\" href=\"https:\/\/www.radiopiu.net\/wordpress\/wp-content\/uploads\/2023\/04\/3b408a2e-bf91-47d1-8166-3f2e7d1b2bc0.jpg\" data-dt-img-description=\"\" data-large_image_width=\"774\" data-large_image_height=\"465\"><img loading=\"lazy\" decoding=\"async\" class=\"size-medium wp-image-333144 alignright\" src=\"https:\/\/www.radiopiu.net\/wordpress\/wp-content\/uploads\/2023\/04\/3b408a2e-bf91-47d1-8166-3f2e7d1b2bc0-300x180.jpg\" alt=\"\" width=\"300\" height=\"180\" srcset=\"https:\/\/www.radiopiu.net\/wordpress\/wp-content\/uploads\/2023\/04\/3b408a2e-bf91-47d1-8166-3f2e7d1b2bc0-300x180.jpg 300w, https:\/\/www.radiopiu.net\/wordpress\/wp-content\/uploads\/2023\/04\/3b408a2e-bf91-47d1-8166-3f2e7d1b2bc0-768x461.jpg 768w, https:\/\/www.radiopiu.net\/wordpress\/wp-content\/uploads\/2023\/04\/3b408a2e-bf91-47d1-8166-3f2e7d1b2bc0.jpg 774w\" sizes=\"auto, (max-width: 300px) 100vw, 300px\" \/><\/a>agli esperimenti atomici in Europa tra la fine degli anni &#8217;50 e gli anni &#8217;60 del secolo scorso e di quelli nel Sahara Algerino tra il 1961 ed il 1974. La sabbia radioattiva proveniente da questi esperimenti Francesi ricadde insieme alle piogge su buona parte dell&#8217; Europa, trasportata dai venti meridionali. A seguito riportiamo alcune immagini, reperibili in rete, con la simulazione della diffusione della nube radioattiva di Chernobyl , una mappa con la diffusione della contaminazione radioattiva e una mappa dell&#8217; Ispettorato Nazionale per la Sicurezza Nucleare e la Radioprotezione illustrante l&#8217;andamento delle concentrazioni di Cs-137 nella deposizione al suolo dal 1960 ad oggi.<\/p>\n<p>&nbsp;<\/p>\n<p>&nbsp;<\/p>\n<p><iframe loading=\"lazy\" title=\"Le d\u00e9placement du panache de Tchernobyl\" width=\"1200\" height=\"900\" src=\"https:\/\/www.youtube.com\/embed\/45SijT5S1zo?feature=oembed\" frameborder=\"0\" allow=\"accelerometer; autoplay; clipboard-write; encrypted-media; gyroscope; picture-in-picture; web-share\" allowfullscreen><\/iframe><\/p>\n<p>&nbsp;<\/p>\n<hr \/>\n<p>&nbsp;<\/p>\n<blockquote>\n<h3>L&#8217;ANNIVERSARIO DELL&#8217;UCCISIONE DI MONSIGNOR CONEDERA, IL VESCOVO DEI DIRITTI UMANI, ORIGINARIO DI TAIBON<\/h3>\n<\/blockquote>\n<p><a class=\"dt-pswp-item\" href=\"https:\/\/www.radiopiu.net\/wordpress\/wp-content\/uploads\/2023\/04\/734e3d0d-72c0-4d3d-ab2b-7d4753fa2c99.jpg\" data-dt-img-description=\"\" data-large_image_width=\"1080\" data-large_image_height=\"1920\"><img loading=\"lazy\" decoding=\"async\" class=\"size-medium wp-image-333179 aligncenter\" src=\"https:\/\/www.radiopiu.net\/wordpress\/wp-content\/uploads\/2023\/04\/734e3d0d-72c0-4d3d-ab2b-7d4753fa2c99-169x300.jpg\" alt=\"\" width=\"169\" height=\"300\" srcset=\"https:\/\/www.radiopiu.net\/wordpress\/wp-content\/uploads\/2023\/04\/734e3d0d-72c0-4d3d-ab2b-7d4753fa2c99-169x300.jpg 169w, https:\/\/www.radiopiu.net\/wordpress\/wp-content\/uploads\/2023\/04\/734e3d0d-72c0-4d3d-ab2b-7d4753fa2c99-576x1024.jpg 576w, https:\/\/www.radiopiu.net\/wordpress\/wp-content\/uploads\/2023\/04\/734e3d0d-72c0-4d3d-ab2b-7d4753fa2c99-768x1365.jpg 768w, https:\/\/www.radiopiu.net\/wordpress\/wp-content\/uploads\/2023\/04\/734e3d0d-72c0-4d3d-ab2b-7d4753fa2c99-864x1536.jpg 864w, https:\/\/www.radiopiu.net\/wordpress\/wp-content\/uploads\/2023\/04\/734e3d0d-72c0-4d3d-ab2b-7d4753fa2c99.jpg 1080w\" sizes=\"auto, (max-width: 169px) 100vw, 169px\" \/><\/a><\/p>\n<p><strong>DI GIANNI SANTOMASO<\/strong><\/p>\n<audio class=\"wp-audio-shortcode\" id=\"audio-333077-2\" preload=\"none\" style=\"width: 100%;\" controls=\"controls\"><source type=\"audio\/mpeg\" src=\"https:\/\/www.radiopiu.net\/wordpress\/wp-content\/uploads\/2023\/04\/GUTEMALE-GIANNI.mp3?_=2\" \/><a href=\"https:\/\/www.radiopiu.net\/wordpress\/wp-content\/uploads\/2023\/04\/GUTEMALE-GIANNI.mp3\">https:\/\/www.radiopiu.net\/wordpress\/wp-content\/uploads\/2023\/04\/GUTEMALE-GIANNI.mp3<\/a><\/audio>\n<p>&nbsp;<\/p>\n<hr \/>\n<p>&nbsp;<\/p>\n<p>&nbsp;<\/p>\n<blockquote>\n<h3>UNIVERSITA&#8217; ANZIANI ADULTI, L&#8217;ULTIMA LEZIONE CON MELCHIORRE E SOGNE<\/h3>\n<\/blockquote>\n<p><strong><img loading=\"lazy\" decoding=\"async\" class=\"alignleft\" src=\"https:\/\/www.radiopiu.net\/wordpress\/wp-content\/uploads\/2022\/09\/UNIVERSITA-ANZIANI-AGORDO-min-300x300.jpg\" width=\"168\" height=\"168\" \/>AGORDO<\/strong><\/p>\n<p><strong>DI GIANNI SANTOMASO<\/strong><\/p>\n<audio class=\"wp-audio-shortcode\" id=\"audio-333077-3\" preload=\"none\" style=\"width: 100%;\" controls=\"controls\"><source type=\"audio\/mpeg\" src=\"https:\/\/www.radiopiu.net\/wordpress\/wp-content\/uploads\/2023\/02\/UNIVERSTIA-GIANNIA.mp3?_=3\" \/><a href=\"https:\/\/www.radiopiu.net\/wordpress\/wp-content\/uploads\/2023\/02\/UNIVERSTIA-GIANNIA.mp3\">https:\/\/www.radiopiu.net\/wordpress\/wp-content\/uploads\/2023\/02\/UNIVERSTIA-GIANNIA.mp3<\/a><\/audio>\n<p>&nbsp;<\/p>\n<p>&nbsp;<\/p>\n<p>&nbsp;<\/p>\n<hr \/>\n<blockquote>\n<h3><\/h3>\n<h3>CONSIGLIO PROVINCIALE IN MODALIT\u00c0 ITINERANTE, OGGI SEDUTA A CHIES D\u2019ALPAGO<\/h3>\n<\/blockquote>\n<p><strong>BELLUNO <\/strong>Sono riprese ormai da tempo le sedute itineranti del consiglio provinciale, che intende uscire da Palazzo Piloni e toccare tutte le localit\u00e0 del territorio. La prossima \u00e8 convocata per oggi a Chies d\u2019Alpago. Inizio alle 11.30. All\u2019ordine del giorno spiccano il rendiconto della gestione 2022 e la relazione della consigliera di parit\u00e0 provinciale Flavia Monego. Ma si parler\u00e0 anche degli impianti ittiogenici di Tomo (Feltre) e Bolzano Bellunese, con l\u2019approvazione di una convenzione tra Provincia e Veneto Acque spa per la realizzazione di forme di supporto per l\u2019incremento della produzione degli incubatoi e degli allevamenti colpiti da Vaia.<\/p>\n<p>&nbsp;<\/p>\n<p>&nbsp;<\/p>\n<hr \/>\n<p>&nbsp;<\/p>\n<blockquote>\n<h3>AUSER E ARCA IN ASSEMBLEA NEL FINE SETTIMANA<\/h3>\n<\/blockquote>\n<p><strong><a class=\"dt-pswp-item\" href=\"https:\/\/www.radiopiu.net\/wordpress\/wp-content\/uploads\/2021\/07\/SALA-DON-TAMIS.png\" data-dt-img-description=\"\" data-large_image_width=\"1354\" data-large_image_height=\"920\"><img loading=\"lazy\" decoding=\"async\" class=\" wp-image-220859 alignleft\" src=\"https:\/\/www.radiopiu.net\/wordpress\/wp-content\/uploads\/2021\/07\/SALA-DON-TAMIS-300x204.png\" alt=\"\" width=\"188\" height=\"128\" srcset=\"https:\/\/www.radiopiu.net\/wordpress\/wp-content\/uploads\/2021\/07\/SALA-DON-TAMIS-300x204.png 300w, https:\/\/www.radiopiu.net\/wordpress\/wp-content\/uploads\/2021\/07\/SALA-DON-TAMIS-1024x696.png 1024w, https:\/\/www.radiopiu.net\/wordpress\/wp-content\/uploads\/2021\/07\/SALA-DON-TAMIS-768x522.png 768w, https:\/\/www.radiopiu.net\/wordpress\/wp-content\/uploads\/2021\/07\/SALA-DON-TAMIS.png 1354w\" sizes=\"auto, (max-width: 188px) 100vw, 188px\" \/><\/a>AGORDO<\/strong><\/p>\n<p>di Gianni Santomaso<\/p>\n<audio class=\"wp-audio-shortcode\" id=\"audio-333077-4\" preload=\"none\" style=\"width: 100%;\" controls=\"controls\"><source type=\"audio\/mpeg\" src=\"https:\/\/www.radiopiu.net\/wordpress\/wp-content\/uploads\/2023\/04\/GIANNI-ASSEMBLEE-VOLONTARIATO-AGORDINO-AUSER-E-ARCA.mp3?_=4\" \/><a href=\"https:\/\/www.radiopiu.net\/wordpress\/wp-content\/uploads\/2023\/04\/GIANNI-ASSEMBLEE-VOLONTARIATO-AGORDINO-AUSER-E-ARCA.mp3\">https:\/\/www.radiopiu.net\/wordpress\/wp-content\/uploads\/2023\/04\/GIANNI-ASSEMBLEE-VOLONTARIATO-AGORDINO-AUSER-E-ARCA.mp3<\/a><\/audio>\n<p>&nbsp;<\/p>\n<hr \/>\n<p>&nbsp;<\/p>\n<blockquote>\n<h3>CONSIGLIO COMUNALE MATTUTINO AD AGORDO<\/h3>\n<\/blockquote>\n<p><strong>AGORDO<\/strong> E&#8217; stato convocato per oggi alle 8 il consiglio comunale di Agordo. Il sindaco Roberto Chissal\u00e8 ha chiamato a rapporto i consiglieri comunali per trattare 9 punti. Si inizier\u00e0 con la surroga del consigliere dimissionario Federica Zasso con l&#8217;ingresso di Gessica Brancaleone al suo posto. Si parler\u00e0 anche dell&#8217;approvazione del bilancio di ASCA, l&#8217;approvazione del rendiconto della gestione per il 2022, una variazione al DUP, la designazione del nuovo capogruppo della lista &#8220;Per Agordo&#8221;, l&#8217;elezione del rappresentate comunale per l&#8217;Unione Montana Agordina. Inoltre verr\u00e0 discusso un piano di interventi a parcheggi e viabilit\u00e0 a Parech e il recesso del comne di Agordo come socio della Casa di Soggiorno di Taibon.<\/p>\n<p>&nbsp;<\/p>\n<p>&nbsp;<\/p>\n<hr \/>\n<p>&nbsp;<\/p>\n<blockquote>\n<h3>DOMANI IL CONSIGLIO COMUNALE A COLLE SANTA LUCIA<\/h3>\n<\/blockquote>\n<p><strong>COLLE SANTA LUCIA<\/strong><\/p>\n<p>di Gianni Santomaso<\/p>\n<audio class=\"wp-audio-shortcode\" id=\"audio-333077-5\" preload=\"none\" style=\"width: 100%;\" controls=\"controls\"><source type=\"audio\/mpeg\" src=\"https:\/\/www.radiopiu.net\/wordpress\/wp-content\/uploads\/2023\/04\/GIANNI-CONSIGLIO-COLLE-SANTA-LUCIA.mp3?_=5\" \/><a href=\"https:\/\/www.radiopiu.net\/wordpress\/wp-content\/uploads\/2023\/04\/GIANNI-CONSIGLIO-COLLE-SANTA-LUCIA.mp3\">https:\/\/www.radiopiu.net\/wordpress\/wp-content\/uploads\/2023\/04\/GIANNI-CONSIGLIO-COLLE-SANTA-LUCIA.mp3<\/a><\/audio>\n<p>&nbsp;<\/p>\n<hr \/>\n<p>&nbsp;<\/p>\n<blockquote>\n<h3>L&#8217;ASSEMBLEA ANNUALE AUSER &#8220;EL BROI&#8221;<\/h3>\n<\/blockquote>\n<p><strong>AGORDO<\/strong> Sabato 29 aprile alle 15:30 \u00e8 convocata l&#8217;assemblea annuale dei soci Auser &#8220;El Broi&#8221; nella sala Don Tamis di Agordo. Si discuter\u00e0 della proposta di aumentare il numero dei componenti del consiglio direttivo, la votazione dei nuovi componenti, la relazione del presidente, il bilancio sociale, l&#8217;aprovazione del bilancio consuntivo 2022 e di previsione 2023. Seguir\u00e0 un momento conviviale nella sede del circolo.<\/p>\n<p>&nbsp;<\/p>\n<hr \/>\n<p>&nbsp;<\/p>\n<blockquote>\n<h2><strong>Una serata al cinema per l\u2019affido familiare<\/strong><\/h2>\n<\/blockquote>\n<p><strong>BELLUNO<\/strong> I Centri per l\u2019Affido e la Solidariet\u00e0 Familiare dell\u2019Ulss Dolomiti, in collaborazione con Lions Club Belluno, Lions Club Feltre, Lions Club Cadore Dolomiti e con il patrocinio del Comune di Belluno, organizzano una serata al cinema per promuovere l\u2019affido e la solidariet\u00e0 familiare. L\u2019appuntamento \u00e8 per gioved\u00ec 4 maggio 2023 alle 20.30 al Cinema Italia di Belluno. Grazie alla disponibilit\u00e0 del Cinema, durante la serata sar\u00e0 proiettato il film \u201cThe Quiet Girl\u201d, candidato al premio oscar 2023 come miglior film internazionale. La storia, ambientata negli anni \u201880 in Irlanda, disegna la vicenda di passaggi di una bambina da una famiglia ad un\u2019altra, portando, cos\u00ec, a confrontarsi con l\u2019esperienza dell\u2019affido e trasmettendo la fiducia nella possibilit\u00e0 di accogliere ed essere accolti. La proiezione sar\u00e0 introdotta dagli interventi di un rappresentante del Lions Club e della coordinatrice del CASF di Belluno. Al termine, gli operatori del Centro per l\u2019Affido saranno a disposizione per incontrare i cittadini. Alla serata \u00e8 invitata tutta la cittadinanza, la partecipazione \u00e8 gratuita fino ad esaurimento posti.<\/p>\n<p>&nbsp;<\/p>\n<p>&nbsp;<\/p>\n<hr \/>\n<p>&nbsp;<\/p>\n<blockquote>\n<h3>NOTE DI AMICIZIA FRA BELLUNO E BASSANO: IN MAGGIO IL GEMELLAGGIO FRA LE BANDE GIOVANILI<\/h3>\n<\/blockquote>\n<p><strong><a class=\"dt-pswp-item\" href=\"https:\/\/www.radiopiu.net\/wordpress\/wp-content\/uploads\/2023\/04\/20221216203730_IMG_5377.jpg\" data-dt-img-description=\"\" data-large_image_width=\"2400\" data-large_image_height=\"1600\"><img loading=\"lazy\" decoding=\"async\" class=\" wp-image-333084 alignleft\" src=\"https:\/\/www.radiopiu.net\/wordpress\/wp-content\/uploads\/2023\/04\/20221216203730_IMG_5377-300x200.jpg\" alt=\"\" width=\"158\" height=\"105\" srcset=\"https:\/\/www.radiopiu.net\/wordpress\/wp-content\/uploads\/2023\/04\/20221216203730_IMG_5377-300x200.jpg 300w, https:\/\/www.radiopiu.net\/wordpress\/wp-content\/uploads\/2023\/04\/20221216203730_IMG_5377-1024x683.jpg 1024w, https:\/\/www.radiopiu.net\/wordpress\/wp-content\/uploads\/2023\/04\/20221216203730_IMG_5377-768x512.jpg 768w, https:\/\/www.radiopiu.net\/wordpress\/wp-content\/uploads\/2023\/04\/20221216203730_IMG_5377-1536x1024.jpg 1536w, https:\/\/www.radiopiu.net\/wordpress\/wp-content\/uploads\/2023\/04\/20221216203730_IMG_5377-2048x1365.jpg 2048w\" sizes=\"auto, (max-width: 158px) 100vw, 158px\" \/><\/a>BELLUNO <\/strong>Che la musica ingentilisca gli animi era cosa nota al podest\u00e0 e consiglieri comunali che il 15 giugno 1867 decisero di rendere \u201ccivica\u201d la Banda di Belluno. Ma anche senza cariche pubbliche, i ragazzi e le ragazze delle Formazioni Giovanili della Filarmonica di Belluno 1867 sono pronti a sottoscrivere che suonare insieme fa nascere e crescere amicizie di quelle buone, vive, vere, \u201cin presenza\u201d. I 25 membri della Prima e della Primissima Banda potranno estendere il raggio di queste amicizie e varcare i confini della Provincia: sono infatti previsti due momenti di incontro con i coetanei del Progetto YAMAHA ClassBand della Filarmonica Bassanese. Il 7 maggio, i giovani bellunesi andranno in trasferta e trascorreranno una giornata all\u2019insegna della condivisione musicale: prove d\u2019insieme, in gruppi tarati sulle capacit\u00e0 musicali ma interbandistici, pranzo conviviale e un concerto finale in cui tutti potranno esibirsi. Il 28 maggio si replica in quel di Belluno, nel giardino delle scuole \u201cA. Gabelli\u201d al Parco Citt\u00e0 di Bologna in cui sar\u00e0 invece cura della Filarmonica di Belluno 1867 ospitare i giovani musicisti bassanesi.<\/p>\n<p>&nbsp;<\/p>\n<hr \/>\n<p>&nbsp;<\/p>\n<p>&nbsp;<\/p>\n<blockquote>\n<h3>DALLA RACCOLTA DI SCI DI TONINO AL MUSEO SKI LAND<\/h3>\n<\/blockquote>\n<p><strong><img loading=\"lazy\" decoding=\"async\" class=\"alignleft\" src=\"https:\/\/www.radiopiu.net\/wordpress\/wp-content\/uploads\/2023\/04\/th-7.jpg\" width=\"237\" height=\"132\" \/>BELLUNO<\/strong>\u00a0 \u00a0Si chiama \u201cSkiLand &#8211; Innovazione tecnica e tradizione dello sci per lo sviluppo sostenibile e inclusivo del territorio montano\u201d ed \u00e8\u00a0 progetto Interreg.<\/p>\n<p><strong>DI DANIELE DALVIT<\/strong><\/p>\n<audio class=\"wp-audio-shortcode\" id=\"audio-333077-6\" preload=\"none\" style=\"width: 100%;\" controls=\"controls\"><source type=\"audio\/mpeg\" src=\"https:\/\/www.radiopiu.net\/wordpress\/wp-content\/uploads\/2023\/04\/Radio-Piu-Servizio-Interreg-futuro-e-museo-sci-1.mp3?_=6\" \/><a href=\"https:\/\/www.radiopiu.net\/wordpress\/wp-content\/uploads\/2023\/04\/Radio-Piu-Servizio-Interreg-futuro-e-museo-sci-1.mp3\">https:\/\/www.radiopiu.net\/wordpress\/wp-content\/uploads\/2023\/04\/Radio-Piu-Servizio-Interreg-futuro-e-museo-sci-1.mp3<\/a><\/audio>\n<p>&nbsp;<\/p>\n<p>&nbsp;<\/p>\n<hr \/>\n<p>&nbsp;<\/p>\n<blockquote>\n<h3>IERI SERA ALLA RADIO, IL PROGRAMMA COME 40 ANNI FA&#8230;. DEDICHE, OSPITI E RICHIESTE&#8230;.<\/h3>\n<h3>CON Simonetta, Marco, Mirko. Ospiti Mauro Groppa, Lucia Dalmasso, Astrid Miola, Siro De Biasio, l&#8217;agordina &#8220;insatanada&#8221;<\/h3>\n<\/blockquote>\n<p>&nbsp;<\/p>\n<p><iframe loading=\"lazy\" title=\"DEDICHE E RICHIESTE - 26 APRILE 2023\" width=\"1200\" height=\"675\" src=\"https:\/\/www.youtube.com\/embed\/XBcPp2uA3VI?feature=oembed\" frameborder=\"0\" allow=\"accelerometer; autoplay; clipboard-write; encrypted-media; gyroscope; picture-in-picture; web-share\" allowfullscreen><\/iframe><\/p>\n<p>&nbsp;<\/p>\n<hr \/>\n<p>&nbsp;<\/p>\n<h2><span style=\"color: #ff0000;\">ALLA RADIO\u00a0<\/span><\/h2>\n<h2><span style=\"color: #008000;\"><a class=\"dt-pswp-item\" href=\"https:\/\/www.radiopiu.net\/wordpress\/wp-content\/uploads\/2020\/04\/FEMCA-CISL.png\" data-dt-img-description=\"\" data-large_image_width=\"225\" data-large_image_height=\"225\"><img loading=\"lazy\" decoding=\"async\" class=\" wp-image-127312 alignleft\" src=\"https:\/\/www.radiopiu.net\/wordpress\/wp-content\/uploads\/2020\/04\/FEMCA-CISL.png\" alt=\"\" width=\"109\" height=\"109\" srcset=\"https:\/\/www.radiopiu.net\/wordpress\/wp-content\/uploads\/2020\/04\/FEMCA-CISL.png 225w, https:\/\/www.radiopiu.net\/wordpress\/wp-content\/uploads\/2020\/04\/FEMCA-CISL-150x150.png 150w\" sizes=\"auto, (max-width: 109px) 100vw, 109px\" \/><\/a>CISL, LA VOCE PER I LAVORATORI<\/span><\/h2>\n<p><strong>di Mirko Mezzacasa<\/strong><\/p>\n<p>OSPITE: Alessio Piccoli, operatore Cisl Belluno Treviso<\/p>\n<audio class=\"wp-audio-shortcode\" id=\"audio-333077-7\" preload=\"none\" style=\"width: 100%;\" controls=\"controls\"><source type=\"audio\/mpeg\" src=\"https:\/\/www.radiopiu.net\/wordpress\/wp-content\/uploads\/2023\/04\/FEMCA-CISL-1.mp3?_=7\" \/><a href=\"https:\/\/www.radiopiu.net\/wordpress\/wp-content\/uploads\/2023\/04\/FEMCA-CISL-1.mp3\">https:\/\/www.radiopiu.net\/wordpress\/wp-content\/uploads\/2023\/04\/FEMCA-CISL-1.mp3<\/a><\/audio>\n<p>&nbsp;<\/p>\n<p><strong>LA RACCOLTA COMPLETA<\/strong><\/p>\n<blockquote class=\"wp-embedded-content\" data-secret=\"LXznVQLrEQ\"><p><a href=\"https:\/\/www.radiopiu.net\/wordpress\/cisl-e-femca-cisl-la-voce\/\">CISL E FEMCA CISL  LA VOCE PER I LAVORATORI<\/a><\/p><\/blockquote>\n<p><iframe loading=\"lazy\" class=\"wp-embedded-content\" sandbox=\"allow-scripts\" security=\"restricted\" style=\"position: absolute; clip: rect(1px, 1px, 1px, 1px);\" title=\"&#8220;CISL E FEMCA CISL  LA VOCE PER I LAVORATORI&#8221; &#8212; Radio Pi\u00f9\" src=\"https:\/\/www.radiopiu.net\/wordpress\/cisl-e-femca-cisl-la-voce\/embed\/#?secret=SZ9nVJyWPn#?secret=LXznVQLrEQ\" data-secret=\"LXznVQLrEQ\" width=\"600\" height=\"338\" frameborder=\"0\" marginwidth=\"0\" marginheight=\"0\" scrolling=\"no\"><\/iframe><\/p>\n<p>&nbsp;<\/p>\n<h2><a class=\"dt-pswp-item\" href=\"https:\/\/www.radiopiu.net\/wordpress\/wp-content\/uploads\/2022\/11\/scuola-zaino.jpeg\" data-dt-img-description=\"\" data-large_image_width=\"626\" data-large_image_height=\"417\"><img loading=\"lazy\" decoding=\"async\" class=\" wp-image-306830 alignleft\" src=\"https:\/\/www.radiopiu.net\/wordpress\/wp-content\/uploads\/2022\/11\/scuola-zaino-300x200.jpeg\" alt=\"\" width=\"159\" height=\"106\" srcset=\"https:\/\/www.radiopiu.net\/wordpress\/wp-content\/uploads\/2022\/11\/scuola-zaino-300x200.jpeg 300w, https:\/\/www.radiopiu.net\/wordpress\/wp-content\/uploads\/2022\/11\/scuola-zaino.jpeg 626w\" sizes=\"auto, (max-width: 159px) 100vw, 159px\" \/><\/a><span style=\"color: #ff00ff;\">SE NON LA SMETTI TI MANDO DAL PRESIDE<\/span><\/h2>\n<p><strong>di Mirko Mezzacasa<\/strong><\/p>\n<p>Con Maria Rosa Salmazo<\/p>\n<audio class=\"wp-audio-shortcode\" id=\"audio-333077-8\" preload=\"none\" style=\"width: 100%;\" controls=\"controls\"><source type=\"audio\/mpeg\" src=\"https:\/\/www.radiopiu.net\/wordpress\/wp-content\/uploads\/2023\/04\/se-non-la-smetti-26-puntata.mp3?_=8\" \/><a href=\"https:\/\/www.radiopiu.net\/wordpress\/wp-content\/uploads\/2023\/04\/se-non-la-smetti-26-puntata.mp3\">https:\/\/www.radiopiu.net\/wordpress\/wp-content\/uploads\/2023\/04\/se-non-la-smetti-26-puntata.mp3<\/a><\/audio>\n<p>&nbsp;<\/p>\n<p>&nbsp;<\/p>\n<hr \/>\n<p>&nbsp;<\/p>\n<p>&nbsp;<\/p>\n<blockquote>\n<h2><b><span style=\"font-size: small;\"><a class=\"dt-pswp-item\" href=\"https:\/\/www.radiopiu.net\/wordpress\/wp-content\/uploads\/2023\/04\/locandina_libro_pertoldi.jpg\" data-dt-img-description=\"\" data-large_image_width=\"1654\" data-large_image_height=\"2339\"><img loading=\"lazy\" decoding=\"async\" class=\" wp-image-333175 alignleft\" src=\"https:\/\/www.radiopiu.net\/wordpress\/wp-content\/uploads\/2023\/04\/locandina_libro_pertoldi-212x300.jpg\" alt=\"\" width=\"188\" height=\"266\" srcset=\"https:\/\/www.radiopiu.net\/wordpress\/wp-content\/uploads\/2023\/04\/locandina_libro_pertoldi-212x300.jpg 212w, https:\/\/www.radiopiu.net\/wordpress\/wp-content\/uploads\/2023\/04\/locandina_libro_pertoldi-724x1024.jpg 724w, https:\/\/www.radiopiu.net\/wordpress\/wp-content\/uploads\/2023\/04\/locandina_libro_pertoldi-768x1086.jpg 768w, https:\/\/www.radiopiu.net\/wordpress\/wp-content\/uploads\/2023\/04\/locandina_libro_pertoldi-1086x1536.jpg 1086w, https:\/\/www.radiopiu.net\/wordpress\/wp-content\/uploads\/2023\/04\/locandina_libro_pertoldi-1448x2048.jpg 1448w, https:\/\/www.radiopiu.net\/wordpress\/wp-content\/uploads\/2023\/04\/locandina_libro_pertoldi.jpg 1654w\" sizes=\"auto, (max-width: 188px) 100vw, 188px\" \/><\/a>\u201cSu e gi\u00f9 per il mondo. Le mille avventure di Antonio Nadalet\u201d. A Belluno, gioved\u00ec 27 aprile, la presentazione del libro di Lorenzo Perdoldi<\/span><\/b><\/h2>\n<\/blockquote>\n<p>Avventure dall&#8217;Europa all&#8217;America. Avventure di un emigrante coraggioso e intraprendente. \u00c8 Antonio Nadalet, le cui peripezie sono raccontate dal nipote, Lorenzo Pertoldi, nel libro \u201cSu e gi\u00f9 per il mondo\u201d (Bellunesi nel mondo \u2013 edizioni), verr\u00e0 presentato gioved\u00ec 27 aprile ALLE 17.30 nella sede dell&#8217;Associazione Bellunesi nel Mondo.<br \/>\nAssieme all&#8217;autore interverranno anche Patrizia Burigo, presidente del Comitato di gestione della Biblioteca delle migrazioni \u201cDino Buzzati\u201d, e Gioachino Bratti, Presidente onorario Abm. Evento ad ingresso libero.<\/p>\n<p>&nbsp;<\/p>\n<p>&nbsp;<\/p>\n<p>&nbsp;<\/p>\n<hr \/>\n<p>&nbsp;<\/p>\n<blockquote>\n<h3>PRIMO MAGGIO NEL RICORDO DI DON SERGIO MANFROI<\/h3>\n<\/blockquote>\n<p><a class=\"dt-pswp-item\" href=\"https:\/\/www.radiopiu.net\/wordpress\/wp-content\/uploads\/2023\/04\/a32e12a8-6c7a-4173-beb7-329b64d4a34b.jpg\" data-dt-img-description=\"\" data-large_image_width=\"194\" data-large_image_height=\"194\"><img loading=\"lazy\" decoding=\"async\" class=\"size-full wp-image-332704 alignright\" src=\"https:\/\/www.radiopiu.net\/wordpress\/wp-content\/uploads\/2023\/04\/a32e12a8-6c7a-4173-beb7-329b64d4a34b.jpg\" alt=\"\" width=\"194\" height=\"194\" srcset=\"https:\/\/www.radiopiu.net\/wordpress\/wp-content\/uploads\/2023\/04\/a32e12a8-6c7a-4173-beb7-329b64d4a34b.jpg 194w, https:\/\/www.radiopiu.net\/wordpress\/wp-content\/uploads\/2023\/04\/a32e12a8-6c7a-4173-beb7-329b64d4a34b-150x150.jpg 150w\" sizes=\"auto, (max-width: 194px) 100vw, 194px\" \/><\/a><strong>Il primo maggio<\/strong> alle 10.30 presso chiesa parrocchiale si Chies, sara&#8217; celebrata in memoria di don Sergio Manfroi ( parroco della parrocchia di Chies per 18 anni e morto il 28 aprile 2013). La santa messa sar\u00e0 officiata dal vescovo emerito Giuseppe Andrich ed animata dal coro parrocchiale Lamosano e Chies .<br \/>\nLa comunit\u00e0 tutta di Chies d&#8217;Alpago per la grande stima verso il sacerdote lo ricorda ancora oggi sempre con grande affetto&#8230;. Don Sergio era un grande predicatore,\u00a0 conosciuto in tutta la provincia come grande direttore dei cori parrocchiali, ha organizzato i centri estivi per i bambino fino a 85 anni&#8230;.&#8221;Uomo e Sacerdote ricordato dalla gente della comunit\u00e0 per le tante doti e doni :&#8221; Umano , empatico , simpatico , sorridente e assertivo &#8221;<\/p>\n<p>&nbsp;<\/p>\n<p>&nbsp;<\/p>\n<hr \/>\n<p>&nbsp;<\/p>\n<div dir=\"auto\">\n<blockquote>\n<h3>L&#8217;ECOMUSEO DELL&#8217;OCCHIALERIE BELLUNESE<\/h3>\n<\/blockquote>\n<p><strong>PIEVE DI CADORE<\/strong> <strong>Oggi\u00a0<\/strong> alle\u00a0 16.30 presso il Museo dell\u2019Occhialee sar\u00e0 presentato il progetto \u201cTerre dell\u2019Occhiale \u2013 Ecomuseo dell\u2019occhialeria bellunese\u201d che mira a creare un ecomuseo dell\u2019occhialeria bellunese collegando i musei e i siti industriali del Cadore e dell\u2019Agordino per valorizzare il patrimonio culturale del distretto, rafforzare l\u2019identit\u00e0 e l\u2019immagine delle imprese e promuovere lo sviluppo del territorio diversificando l\u2019offerta turistica nell\u2019area.<\/p>\n<p>&nbsp;<\/p>\n<hr \/>\n<p>&nbsp;<\/p>\n<blockquote>\n<h3 class=\"entry-title\">L\u2019IMPEGNO PER LA FIBROSI CISTICA, SULLA STRADA DI BICE<\/h3>\n<\/blockquote>\n<p><strong>REDAZIONE <\/strong>Raccolta fondi: <span id=\"page3R_mcid0\" class=\"markedContent\"><span dir=\"ltr\" role=\"presentation\">\u00a0<\/span><\/span><span id=\"page3R_mcid2\" class=\"markedContent\"><span dir=\"ltr\" role=\"presentation\"><strong>SABATO 6<\/strong>\u00a0maggio a\u00a0<\/span><\/span><span id=\"page3R_mcid3\" class=\"markedContent\"><span dir=\"ltr\" role=\"presentation\">Santo Stefano di Cadore, Dosoledo, Agordo, Caviola, Falcade, Castion in Piazza I\u00b0\u00a0<\/span><span dir=\"ltr\" role=\"presentation\">Maggio (Alpini), Puos d<\/span><span dir=\"ltr\" role=\"presentation\">\u2019<\/span><span dir=\"ltr\" role=\"presentation\">Alpago Piazza P. Luciani.\u00a0<\/span><\/span><span id=\"page3R_mcid5\" class=\"markedContent\"><span dir=\"ltr\" role=\"presentation\"><strong>DOMENICA 7 Maggio<\/strong>\u00a0<\/span><\/span><span id=\"page3R_mcid6\" class=\"markedContent\"><span dir=\"ltr\" role=\"presentation\">Parrocchie Del Poi (Rivamonte, Tiser, Gosaldo, Frassen\u00e8 e Voltago) <\/span><\/span><span id=\"page3R_mcid8\" class=\"markedContent\"><span dir=\"ltr\" role=\"presentation\"><strong>Durante<\/strong> la settimana ci sar\u00e0 il recapito porta a porta della<\/span>\u00a0<span dir=\"ltr\" role=\"presentation\">\u201c<\/span><span dir=\"ltr\" role=\"presentation\">dipladenia<\/span><span dir=\"ltr\" role=\"presentation\">\u201d<\/span>\u00a0<span dir=\"ltr\" role=\"presentation\">a Farra\u00a0<\/span><span dir=\"ltr\" role=\"presentation\">d<\/span><span dir=\"ltr\" role=\"presentation\">\u2019<\/span><span dir=\"ltr\" role=\"presentation\">Alpago e Zopp\u00e8 di Cadore\u00a0<\/span><\/span><\/p>\n<p>&nbsp;<\/p>\n<p>&nbsp;<\/p>\n<hr \/>\n<\/div>\n<div dir=\"auto\"><\/div>\n<div dir=\"auto\">\n<blockquote>\n<h3>SOSPIROLO EVENTI<\/h3>\n<\/blockquote>\n<h3><a class=\"dt-pswp-item\" href=\"https:\/\/www.radiopiu.net\/wordpress\/wp-content\/uploads\/2023\/04\/Senza-nome-66.jpg\" data-dt-img-description=\"\" data-large_image_width=\"129\" data-large_image_height=\"153\"><img loading=\"lazy\" decoding=\"async\" class=\"size-full wp-image-332530 alignleft\" src=\"https:\/\/www.radiopiu.net\/wordpress\/wp-content\/uploads\/2023\/04\/Senza-nome-66.jpg\" alt=\"\" width=\"129\" height=\"153\" \/><\/a><\/h3>\n<p><strong>SOSPIROLO<\/strong> \u00a0<strong>venerd\u00ec 5<\/strong> maggio ore 20.45 al Pr\u00e0 della Melia <strong>Sonon par San Gottardo, concerto di fisarmoniche.<\/strong> Serata di raccolta fondi per il restauro del campanile (Comitato pro San Gottardo) <strong>sabato 6<\/strong> maggio dalle 10.30 a La Mandra <strong>Festa sociale della Montagna<\/strong> (Centro Studi Montagna Sospirolese)<\/p>\n<\/div>\n<div dir=\"auto\"><\/div>\n<div dir=\"auto\"><\/div>\n<div dir=\"auto\"><\/div>\n<div dir=\"auto\"><\/div>\n<div dir=\"auto\"><\/div>\n<div dir=\"auto\">\n<hr \/>\n<\/div>\n<blockquote>\n<h3 dir=\"auto\">PRIMO MAGGIO IN ALTO&#8230; A RIF DI AGORDO CON LA FESTA DI SAN GIUSEPPE<\/h3>\n<\/blockquote>\n<div dir=\"auto\"><\/div>\n<div dir=\"auto\">\n<p><strong><img decoding=\"async\" class=\"alignleft\" src=\"https:\/\/www.radiopiu.net\/wordpress\/wp-content\/uploads\/2022\/02\/DSC07985-150x150-1.jpg\" \/>L&#8217;INTERVISTA A EVA OLIVIER, PORTAVOCE BOCE DA RIF<\/strong><\/p>\n<p><strong>DI MIRKO MEZZACASA<\/strong><\/p>\n<audio class=\"wp-audio-shortcode\" id=\"audio-333077-9\" preload=\"none\" style=\"width: 100%;\" controls=\"controls\"><source type=\"audio\/mpeg\" src=\"https:\/\/www.radiopiu.net\/wordpress\/wp-content\/uploads\/2022\/02\/RIF-BOCE-DA-RIF.mp3?_=9\" \/><a href=\"https:\/\/www.radiopiu.net\/wordpress\/wp-content\/uploads\/2022\/02\/RIF-BOCE-DA-RIF.mp3\">https:\/\/www.radiopiu.net\/wordpress\/wp-content\/uploads\/2022\/02\/RIF-BOCE-DA-RIF.mp3<\/a><\/audio>\n<p>&nbsp;<\/p>\n<\/div>\n<div dir=\"auto\"><\/div>\n<div dir=\"auto\"><\/div>\n<div dir=\"auto\">\n<hr \/>\n<\/div>\n<div dir=\"auto\"><\/div>\n<p>&nbsp;<\/p>\n<blockquote>\n<h3><strong>EDITORIA, IL LIBRO DI LUISA MANFROI\u00a0<\/strong><\/h3>\n<\/blockquote>\n<p>di Gianni Santomaso<\/p>\n<audio class=\"wp-audio-shortcode\" id=\"audio-333077-10\" preload=\"none\" style=\"width: 100%;\" controls=\"controls\"><source type=\"audio\/mpeg\" src=\"https:\/\/www.radiopiu.net\/wordpress\/wp-content\/uploads\/2023\/04\/GIANNI-LIBRO-LUISA-MANFROI.mp3?_=10\" \/><a href=\"https:\/\/www.radiopiu.net\/wordpress\/wp-content\/uploads\/2023\/04\/GIANNI-LIBRO-LUISA-MANFROI.mp3\">https:\/\/www.radiopiu.net\/wordpress\/wp-content\/uploads\/2023\/04\/GIANNI-LIBRO-LUISA-MANFROI.mp3<\/a><\/audio>\n<p>&nbsp;<\/p>\n<p><a class=\"dt-pswp-item\" href=\"https:\/\/www.radiopiu.net\/wordpress\/wp-content\/uploads\/2023\/04\/locandina.jpg\" data-dt-img-description=\"\" data-large_image_width=\"1414\" data-large_image_height=\"2000\"><img loading=\"lazy\" decoding=\"async\" class=\"size-medium wp-image-332545 alignleft\" src=\"https:\/\/www.radiopiu.net\/wordpress\/wp-content\/uploads\/2023\/04\/locandina-212x300.jpg\" alt=\"\" width=\"212\" height=\"300\" srcset=\"https:\/\/www.radiopiu.net\/wordpress\/wp-content\/uploads\/2023\/04\/locandina-212x300.jpg 212w, https:\/\/www.radiopiu.net\/wordpress\/wp-content\/uploads\/2023\/04\/locandina-724x1024.jpg 724w, https:\/\/www.radiopiu.net\/wordpress\/wp-content\/uploads\/2023\/04\/locandina-768x1086.jpg 768w, https:\/\/www.radiopiu.net\/wordpress\/wp-content\/uploads\/2023\/04\/locandina-1086x1536.jpg 1086w, https:\/\/www.radiopiu.net\/wordpress\/wp-content\/uploads\/2023\/04\/locandina.jpg 1414w\" sizes=\"auto, (max-width: 212px) 100vw, 212px\" \/><\/a><\/p>\n<p><strong>CENCENIGHE<\/strong> <strong>Sabato<\/strong> alle 17.30 in sala consiliare del Comune presentazione del libro\u00a0 IL CENTRO TURISTICO CULTURALE NOF FILO&#8217;, storia di un edificio e di una comunit\u00e0 di Luisa Manfroi<br \/>\nInterventi di\u00a0 Luisa Manfroi, Mauro Soppelsa sindaco di Cencenighe e Bepi Pellegrinon editore.<\/p>\n<p>&nbsp;<\/p>\n<p>&nbsp;<\/p>\n<p>&nbsp;<\/p>\n<p>&nbsp;<\/p>\n<p>&nbsp;<\/p>\n<p>&nbsp;<\/p>\n<p>&nbsp;<\/p>\n<p>&nbsp;<\/p>\n<hr \/>\n<p>&nbsp;<\/p>\n<blockquote>\n<h3>LE ORME IN CONCERTO AD ANZU&#8217; DI FELTRE<\/h3>\n<\/blockquote>\n<p><strong><a class=\"dt-pswp-item\" href=\"https:\/\/www.radiopiu.net\/wordpress\/wp-content\/uploads\/2023\/04\/LE-ORME-CONCERTO.jpg\" data-dt-img-description=\"\" data-large_image_width=\"921\" data-large_image_height=\"551\"><img loading=\"lazy\" decoding=\"async\" class=\" wp-image-332388 alignleft\" src=\"https:\/\/www.radiopiu.net\/wordpress\/wp-content\/uploads\/2023\/04\/LE-ORME-CONCERTO-300x179.jpg\" alt=\"\" width=\"179\" height=\"107\" srcset=\"https:\/\/www.radiopiu.net\/wordpress\/wp-content\/uploads\/2023\/04\/LE-ORME-CONCERTO-300x179.jpg 300w, https:\/\/www.radiopiu.net\/wordpress\/wp-content\/uploads\/2023\/04\/LE-ORME-CONCERTO-768x459.jpg 768w, https:\/\/www.radiopiu.net\/wordpress\/wp-content\/uploads\/2023\/04\/LE-ORME-CONCERTO.jpg 921w\" sizes=\"auto, (max-width: 179px) 100vw, 179px\" \/><\/a>FELTRE<\/strong><\/p>\n<p><strong>L&#8217;INTERVISTA<\/strong><\/p>\n<audio class=\"wp-audio-shortcode\" id=\"audio-333077-11\" preload=\"none\" style=\"width: 100%;\" controls=\"controls\"><source type=\"audio\/mpeg\" src=\"https:\/\/www.radiopiu.net\/wordpress\/wp-content\/uploads\/2023\/04\/CONCERTO-LE-ORME.mp3?_=11\" \/><a href=\"https:\/\/www.radiopiu.net\/wordpress\/wp-content\/uploads\/2023\/04\/CONCERTO-LE-ORME.mp3\">https:\/\/www.radiopiu.net\/wordpress\/wp-content\/uploads\/2023\/04\/CONCERTO-LE-ORME.mp3<\/a><\/audio>\n<p>&nbsp;<\/p>\n<p><strong>IL SALUTO DI TONY PAGLIUCA\u00a0<\/strong><\/p>\n<audio class=\"wp-audio-shortcode\" id=\"audio-333077-12\" preload=\"none\" style=\"width: 100%;\" controls=\"controls\"><source type=\"audio\/mpeg\" src=\"https:\/\/www.radiopiu.net\/wordpress\/wp-content\/uploads\/2023\/04\/pagliuca.mp3?_=12\" \/><a href=\"https:\/\/www.radiopiu.net\/wordpress\/wp-content\/uploads\/2023\/04\/pagliuca.mp3\">https:\/\/www.radiopiu.net\/wordpress\/wp-content\/uploads\/2023\/04\/pagliuca.mp3<\/a><\/audio>\n<p>&nbsp;<\/p>\n<p>&nbsp;<\/p>\n<hr \/>\n<p>&nbsp;<\/p>\n<p>&nbsp;<\/p>\n<p><img loading=\"lazy\" decoding=\"async\" class=\"alignleft\" src=\"https:\/\/www.radiopiu.net\/wordpress\/wp-content\/uploads\/2023\/04\/BARACA-de-FEN-1-724x1024.png\" width=\"149\" height=\"211\" \/><\/p>\n<p>&nbsp;<\/p>\n<p>&nbsp;<\/p>\n<p><strong>LIVINALLONGO<\/strong> \u00c8 in programma <strong>sabato<\/strong> alle 16, in sala Taulac a Livinallongo Del Col Di Lana, l\u2019evento dedicato alla terra fodoma dal titolo \u201cFodom terra di antiche culture\u2026in cerca di nuovi sapori\u201d. Ci sar\u00e0 la presentazione del libro sul rilancio e continuit\u00e0 della biodiversit\u00e0 coltivata nelle dolomiti agordine a cura di Orazio Andrich e Johannes Keinzel. A seguire la visione del video-documentario \u201cLa baraca de fen\u201d a cura dell\u2019Istitut Cultural Ladin Cesa de Jan. A seguire l\u2019aperitivo con i sapori della biodiversit\u00e0 ladina.<\/p>\n<p>&nbsp;<\/p>\n<p>&nbsp;<\/p>\n<p>&nbsp;<\/p>\n<hr \/>\n<p>&nbsp;<\/p>\n<p>&nbsp;<\/p>\n<p><iframe loading=\"lazy\" title=\"Trailer live Falcade 23 05 2023\" width=\"1200\" height=\"675\" src=\"https:\/\/www.youtube.com\/embed\/vytkb_XSQIQ?feature=oembed\" frameborder=\"0\" allow=\"accelerometer; autoplay; clipboard-write; encrypted-media; gyroscope; picture-in-picture; web-share\" allowfullscreen><\/iframe><\/p>\n<p>&nbsp;<\/p>\n<blockquote class=\"wp-embedded-content\" data-secret=\"vJ7UKFDDh8\"><p><a href=\"https:\/\/www.radiopiu.net\/wordpress\/una-sera-di-comicita-al-palafalcade-con-ingresso-gratuito\/\">UNA SERA DI COMICITA&#8217; AL PALAFALCADE CON INGRESSO GRATUITO<\/a><\/p><\/blockquote>\n<p><iframe loading=\"lazy\" class=\"wp-embedded-content\" sandbox=\"allow-scripts\" security=\"restricted\" style=\"position: absolute; clip: rect(1px, 1px, 1px, 1px);\" title=\"&#8220;UNA SERA DI COMICITA&#8217; AL PALAFALCADE CON INGRESSO GRATUITO&#8221; &#8212; Radio Pi\u00f9\" src=\"https:\/\/www.radiopiu.net\/wordpress\/una-sera-di-comicita-al-palafalcade-con-ingresso-gratuito\/embed\/#?secret=H669Y8WDMT#?secret=vJ7UKFDDh8\" data-secret=\"vJ7UKFDDh8\" width=\"600\" height=\"338\" frameborder=\"0\" marginwidth=\"0\" marginheight=\"0\" scrolling=\"no\"><\/iframe><\/p>\n<p>&nbsp;<\/p>\n<blockquote>\n<h3>LE VICENDE DI RIZZIERI RAVEANE IN UN LIBRO<\/h3>\n<\/blockquote>\n<p><strong>BELLUNO<\/strong> La Camera del lavoro di Belluno e l\u2019Anpi di Belluno organizzano <strong>oggi<\/strong> alle 18, alla sala Luciani del Giovanni XXIII, la presentazione del libro \u201cUna vita difficile in un secolo breve\u201d, che narra le vicende di Rizzieri Raveane. Interverranno Gino Sperandio e Alessia Cerentin, rispettivamente per l\u2019Anpi di Belluno e la CGIL di Belluno per poi dialogare Giovanni Perenzin e l&#8217;autore del libro.<\/p>\n<p>&nbsp;<\/p>\n<p>&nbsp;<\/p>\n<hr \/>\n<p>&nbsp;<\/p>\n<p><strong>I GRAFICI DI TIZIANO DE COL<\/strong><\/p>\n\n\t\t\t<style type='text\/css'>\n\t\t\t\t#gallery-3 {\n\t\t\t\t\tmargin: auto;\n\t\t\t\t}\n\t\t\t\t#gallery-3 .gallery-item {\n\t\t\t\t\tfloat: left;\n\t\t\t\t\tmargin-top: 10px;\n\t\t\t\t\ttext-align: center;\n\t\t\t\t\twidth: 20%;\n\t\t\t\t}\n\t\t\t\t#gallery-3 img {\n\t\t\t\t\tborder: 2px solid #cfcfcf;\n\t\t\t\t}\n\t\t\t\t#gallery-3 .gallery-caption {\n\t\t\t\t\tmargin-left: 0;\n\t\t\t\t}\n\t\t\t\t\/* see gallery_shortcode() in wp-includes\/media.php *\/\n\t\t\t<\/style>\n\t\t<div id='gallery-3' class='dt-gallery-container gallery galleryid-333077 gallery-columns-5 gallery-size-medium'><dl class='gallery-item'>\n\t\t\t\t<dt class='gallery-icon landscape'>\n\t\t\t\t\t<a class=\"rollover rollover-zoom dt-pswp-item\" title=\"b4dbee29-cf2d-4e80-aa63-4e7a3044af75\" data-dt-img-description=\"\" data-large_image_width=\"600\" data-large_image_height=\"355\"href='https:\/\/www.radiopiu.net\/wordpress\/wp-content\/uploads\/2023\/04\/b4dbee29-cf2d-4e80-aa63-4e7a3044af75.jpg'><img loading=\"lazy\" decoding=\"async\" width=\"300\" height=\"178\" src=\"https:\/\/www.radiopiu.net\/wordpress\/wp-content\/uploads\/2023\/04\/b4dbee29-cf2d-4e80-aa63-4e7a3044af75-300x178.jpg\" class=\"attachment-medium size-medium\" alt=\"\" srcset=\"https:\/\/www.radiopiu.net\/wordpress\/wp-content\/uploads\/2023\/04\/b4dbee29-cf2d-4e80-aa63-4e7a3044af75-300x178.jpg 300w, https:\/\/www.radiopiu.net\/wordpress\/wp-content\/uploads\/2023\/04\/b4dbee29-cf2d-4e80-aa63-4e7a3044af75.jpg 600w\" sizes=\"auto, (max-width: 300px) 100vw, 300px\" \/><\/a>\n\t\t\t\t<\/dt><\/dl><dl class='gallery-item'>\n\t\t\t\t<dt class='gallery-icon landscape'>\n\t\t\t\t\t<a class=\"rollover rollover-zoom dt-pswp-item\" title=\"6fe4a09b-78ed-4634-862b-be6cc2113e68\" data-dt-img-description=\"\" data-large_image_width=\"610\" data-large_image_height=\"356\"href='https:\/\/www.radiopiu.net\/wordpress\/wp-content\/uploads\/2023\/04\/6fe4a09b-78ed-4634-862b-be6cc2113e68.jpg'><img loading=\"lazy\" decoding=\"async\" width=\"300\" height=\"175\" src=\"https:\/\/www.radiopiu.net\/wordpress\/wp-content\/uploads\/2023\/04\/6fe4a09b-78ed-4634-862b-be6cc2113e68-300x175.jpg\" class=\"attachment-medium size-medium\" alt=\"\" srcset=\"https:\/\/www.radiopiu.net\/wordpress\/wp-content\/uploads\/2023\/04\/6fe4a09b-78ed-4634-862b-be6cc2113e68-300x175.jpg 300w, https:\/\/www.radiopiu.net\/wordpress\/wp-content\/uploads\/2023\/04\/6fe4a09b-78ed-4634-862b-be6cc2113e68.jpg 610w\" sizes=\"auto, (max-width: 300px) 100vw, 300px\" \/><\/a>\n\t\t\t\t<\/dt><\/dl><dl class='gallery-item'>\n\t\t\t\t<dt class='gallery-icon landscape'>\n\t\t\t\t\t<a class=\"rollover rollover-zoom dt-pswp-item\" title=\"f29843dc-54ac-4acf-afe0-180a59c25712\" data-dt-img-description=\"\" data-large_image_width=\"594\" data-large_image_height=\"351\"href='https:\/\/www.radiopiu.net\/wordpress\/wp-content\/uploads\/2023\/04\/f29843dc-54ac-4acf-afe0-180a59c25712.jpg'><img loading=\"lazy\" decoding=\"async\" width=\"300\" height=\"177\" src=\"https:\/\/www.radiopiu.net\/wordpress\/wp-content\/uploads\/2023\/04\/f29843dc-54ac-4acf-afe0-180a59c25712-300x177.jpg\" class=\"attachment-medium size-medium\" alt=\"\" srcset=\"https:\/\/www.radiopiu.net\/wordpress\/wp-content\/uploads\/2023\/04\/f29843dc-54ac-4acf-afe0-180a59c25712-300x177.jpg 300w, https:\/\/www.radiopiu.net\/wordpress\/wp-content\/uploads\/2023\/04\/f29843dc-54ac-4acf-afe0-180a59c25712.jpg 594w\" sizes=\"auto, (max-width: 300px) 100vw, 300px\" \/><\/a>\n\t\t\t\t<\/dt><\/dl><dl class='gallery-item'>\n\t\t\t\t<dt class='gallery-icon landscape'>\n\t\t\t\t\t<a class=\"rollover rollover-zoom dt-pswp-item\" title=\"654a4c60-4fc8-469e-b003-6344d359e63e\" data-dt-img-description=\"\" data-large_image_width=\"588\" data-large_image_height=\"349\"href='https:\/\/www.radiopiu.net\/wordpress\/wp-content\/uploads\/2023\/04\/654a4c60-4fc8-469e-b003-6344d359e63e.jpg'><img loading=\"lazy\" decoding=\"async\" width=\"300\" height=\"178\" src=\"https:\/\/www.radiopiu.net\/wordpress\/wp-content\/uploads\/2023\/04\/654a4c60-4fc8-469e-b003-6344d359e63e-300x178.jpg\" class=\"attachment-medium size-medium\" alt=\"\" srcset=\"https:\/\/www.radiopiu.net\/wordpress\/wp-content\/uploads\/2023\/04\/654a4c60-4fc8-469e-b003-6344d359e63e-300x178.jpg 300w, https:\/\/www.radiopiu.net\/wordpress\/wp-content\/uploads\/2023\/04\/654a4c60-4fc8-469e-b003-6344d359e63e.jpg 588w\" sizes=\"auto, (max-width: 300px) 100vw, 300px\" \/><\/a>\n\t\t\t\t<\/dt><\/dl><dl class='gallery-item'>\n\t\t\t\t<dt class='gallery-icon landscape'>\n\t\t\t\t\t<a class=\"rollover rollover-zoom dt-pswp-item\" title=\"bf9ae923-8ae5-4807-83ad-1a23ba171bab\" data-dt-img-description=\"\" data-large_image_width=\"614\" data-large_image_height=\"348\"href='https:\/\/www.radiopiu.net\/wordpress\/wp-content\/uploads\/2023\/04\/bf9ae923-8ae5-4807-83ad-1a23ba171bab.jpg'><img loading=\"lazy\" decoding=\"async\" width=\"300\" height=\"170\" src=\"https:\/\/www.radiopiu.net\/wordpress\/wp-content\/uploads\/2023\/04\/bf9ae923-8ae5-4807-83ad-1a23ba171bab-300x170.jpg\" class=\"attachment-medium size-medium\" alt=\"\" srcset=\"https:\/\/www.radiopiu.net\/wordpress\/wp-content\/uploads\/2023\/04\/bf9ae923-8ae5-4807-83ad-1a23ba171bab-300x170.jpg 300w, https:\/\/www.radiopiu.net\/wordpress\/wp-content\/uploads\/2023\/04\/bf9ae923-8ae5-4807-83ad-1a23ba171bab.jpg 614w\" sizes=\"auto, (max-width: 300px) 100vw, 300px\" \/><\/a>\n\t\t\t\t<\/dt><\/dl><br style=\"clear: both\" \/>\n\t\t\t<\/div>\n\n<p>&nbsp;<\/p>\n<hr \/>\n<p>&nbsp;<\/p>\n<h3><span style=\"color: #808000;\">L&#8217;OPINIONE&#8230;DI FRANCO PIACENTINI<\/span><\/h3>\n<p dir=\"auto\">Veramente un bellissimo ricordo (con alcuni passaggi commoventi) di Tina Anselmi, trasmesso, opportunamente, il 25 Aprile da RAI 1. A parte (per il sottoscritto inopportune) le interruzioni pubblicitarie, il filmato sulla prima donna ministro, \u00e8 stato il doveroso ringraziamento, anche televisivo, ad una delle pi\u00f9 grandi donne del nostro Paese. P. S. Nel sessantesimo (doloroso) anniversario della tragedia del Vajont, sarebbe altrettanto opportuno ricordare, con analogo filmato televisivo, un&#8217;altra grande Donna veneta, la bellunese Tina Merlin.<\/p>\n<p dir=\"auto\"><strong>Franco Piacentini\u00a0\u00a0<\/strong><\/p>\n<hr \/>\n<p><strong class=\"photoswipe-wrapper\"><a class=\"dt-pswp-item pspw-wrap-ready\" href=\"https:\/\/www.radiopiu.net\/wordpress\/wp-content\/uploads\/2021\/06\/8554eb80-bb6e-4752-a6d3-57aff91a2903.jpg\" data-dt-img-description=\"\" data-large_image_width=\"768\" data-large_image_height=\"1024\"><img loading=\"lazy\" decoding=\"async\" class=\"wp-image-215003 alignleft\" src=\"https:\/\/www.radiopiu.net\/wordpress\/wp-content\/uploads\/2021\/06\/8554eb80-bb6e-4752-a6d3-57aff91a2903-225x300.jpg\" sizes=\"auto, (max-width: 116px) 100vw, 116px\" srcset=\"https:\/\/www.radiopiu.net\/wordpress\/wp-content\/uploads\/2021\/06\/8554eb80-bb6e-4752-a6d3-57aff91a2903-225x300.jpg 225w, https:\/\/www.radiopiu.net\/wordpress\/wp-content\/uploads\/2021\/06\/8554eb80-bb6e-4752-a6d3-57aff91a2903.jpg 768w\" alt=\"\" width=\"116\" height=\"155\" \/><\/a><span style=\"color: #ff0000;\">BANDI ALLA RADIO\u00a0<\/span><\/strong><\/p>\n<p><strong>BANDI DI CONCORSO, DAL COMUNE DI ROCCA PIETORE.\u00a0<\/strong>UN POSTO DI ISTRUTTORE AMMINISTRATIVO categoria C1, a tempo pieno e indeterminato UN POSTO DI ISTRUTTORE TECNICO categoria C1, contratto a tempo pieno e indeterminato Tutte le informazioni inerenti ai bandi di concorso, le modalit\u00e0 e i termini di presentazione delle domande sono reperibili sul sito del Comune: WWW.COMUNE.ROCCAPIETORE.BL.IT<\/p>\n<p>&nbsp;<\/p>\n<p>&nbsp;<\/p>\n<hr \/>\n<p>&nbsp;<\/p>\n<p>&nbsp;<\/p>\n<div class=\"message spoilers-container\" dir=\"auto\">\n<div>\n<div class=\"b654a4as d2edcug0\">\n<div class=\"rq0escxv hkbzh7o3 jwdofwj8 n8tt0mok r8blr3vg hyh9befq\">\n<p><a class=\"dt-pswp-item\" href=\"https:\/\/www.radiopiu.net\/wordpress\/wp-content\/uploads\/2020\/10\/pp.jpg\" data-dt-img-description=\"\" data-large_image_width=\"640\" data-large_image_height=\"640\"><img loading=\"lazy\" decoding=\"async\" class=\"wp-image-163678 alignleft\" src=\"https:\/\/www.radiopiu.net\/wordpress\/wp-content\/uploads\/2020\/10\/pp-300x300.jpg\" alt=\"\" width=\"106\" height=\"106\" srcset=\"https:\/\/www.radiopiu.net\/wordpress\/wp-content\/uploads\/2020\/10\/pp-300x300.jpg 300w, https:\/\/www.radiopiu.net\/wordpress\/wp-content\/uploads\/2020\/10\/pp-150x150.jpg 150w, https:\/\/www.radiopiu.net\/wordpress\/wp-content\/uploads\/2020\/10\/pp-125x125.jpg 125w, https:\/\/www.radiopiu.net\/wordpress\/wp-content\/uploads\/2020\/10\/pp-200x200.jpg 200w, https:\/\/www.radiopiu.net\/wordpress\/wp-content\/uploads\/2020\/10\/pp-80x80.jpg 80w, https:\/\/www.radiopiu.net\/wordpress\/wp-content\/uploads\/2020\/10\/pp-480x480.jpg 480w, https:\/\/www.radiopiu.net\/wordpress\/wp-content\/uploads\/2020\/10\/pp.jpg 640w\" sizes=\"auto, (max-width: 106px) 100vw, 106px\" \/><\/a><\/p>\n<\/div>\n<\/div>\n<\/div>\n<\/div>\n<div class=\"message spoilers-container\" dir=\"auto\">\n<div>\n<div class=\"page-title-head hgroup\">\n<div class=\"page-title-head hgroup\">\n<div class=\"b654a4as d2edcug0\">\n<div class=\"j83agx80 btwxx1t3 lhclo0ds hop8lmos nkwizq5d scwd0bx6 roh60bw9\">\n<div class=\"rq0escxv hkbzh7o3 jwdofwj8 n8tt0mok r8blr3vg hyh9befq\">\n<div class=\"do00u71z l9j0dhe7 k4urcfbm\" style=\"text-align: left;\">\n<h2><span style=\"color: #000080;\">DON CESARE, IL PENSIERO DEL GIORNO. ALLA RADIO ALLE 7 DEL MATTINO E ALLE 19.30 DELLA SERA<\/span><\/h2>\n<\/div>\n<\/div>\n<\/div>\n<\/div>\n<\/div>\n<\/div>\n<\/div>\n<\/div>\n<audio class=\"wp-audio-shortcode\" id=\"audio-333077-13\" preload=\"none\" style=\"width: 100%;\" controls=\"controls\"><source type=\"audio\/mpeg\" src=\"https:\/\/www.radiopiu.net\/wordpress\/wp-content\/uploads\/2023\/04\/cesare-2.mp3?_=13\" \/><a href=\"https:\/\/www.radiopiu.net\/wordpress\/wp-content\/uploads\/2023\/04\/cesare-2.mp3\">https:\/\/www.radiopiu.net\/wordpress\/wp-content\/uploads\/2023\/04\/cesare-2.mp3<\/a><\/audio>\n<p>&nbsp;<\/p>\n<hr \/>\n<p>&nbsp;<\/p>\n<div class=\"message spoilers-container\" dir=\"auto\">\n<p>&nbsp;<\/p>\n<\/div>\n<div class=\"message spoilers-container\" dir=\"auto\">\n<h2><span style=\"color: #ff00ff;\">IN VIVO VERSO\u00a0 \u00a0 \u00a0<\/span><\/h2>\n<blockquote>\n<h3>SCRICIOLO MIO di FEDERICO SOPPELSA<\/h3>\n<\/blockquote>\n<p><strong>AUDIO<\/strong><\/p>\n<audio class=\"wp-audio-shortcode\" id=\"audio-333077-14\" preload=\"none\" style=\"width: 100%;\" controls=\"controls\"><source type=\"audio\/mpeg\" src=\"https:\/\/www.radiopiu.net\/wordpress\/wp-content\/uploads\/2023\/04\/03-SCRICIOLO-MIO.mp3?_=14\" \/><a href=\"https:\/\/www.radiopiu.net\/wordpress\/wp-content\/uploads\/2023\/04\/03-SCRICIOLO-MIO.mp3\">https:\/\/www.radiopiu.net\/wordpress\/wp-content\/uploads\/2023\/04\/03-SCRICIOLO-MIO.mp3<\/a><\/audio>\n<p>&nbsp;<\/p>\n<p><img loading=\"lazy\" decoding=\"async\" class=\"alignleft\" src=\"https:\/\/www.radiopiu.net\/wordpress\/wp-content\/uploads\/2023\/04\/SCRICIOLO-MIO-FOTO.jpg\" width=\"195\" height=\"146\" \/><strong>Federico Soppelsa<\/strong><\/p>\n<p><strong>SCRICIOLO MIO<\/strong><\/p>\n<p>Ti vidi la prima volta a casa<br \/>\ntua<br \/>\ne il mio primo pensiero fu<br \/>\ntu<br \/>\nsarai mia<br \/>\nnon ti ho piu&#8217; vista per molto<br \/>\ntempo<br \/>\nma il mio amor per te avea gi\u00e0<br \/>\npreso il sopravvento<br \/>\nUn giorno andasti via dal tuo<br \/>\npiccolo paesino<br \/>\nvenisti ad abitar proprio a me<br \/>\nvicino<br \/>\nsuonare insieme ai tuoi<br \/>\nfratelli era una scusa<br \/>\nper poter cos\u00ec frequentare la<br \/>\ntua casa<br \/>\nFamiglia numerosa era la tua<br \/>\nmolto diversa dalla mia<br \/>\ntu venivi dal caldo sud ed<br \/>\nio dal freddo nord<br \/>\ne proprio da quel tiepido<br \/>\ncontrasto<br \/>\nvisto che non ero un fusto<br \/>\nsperavo ti accorgessi del mio amore<br \/>\nlo desideravo con tutto il mio<br \/>\ncuore<br \/>\nFinalmente un giorno ci<br \/>\nincontrammo per la strada<br \/>\nmi ricordo che ti dissi che eri<br \/>\nbrava<br \/>\nche eri una ragazza semplice<br \/>\nma tosta<br \/>\ne che non avevi tanti grilli<br \/>\nper la testa<br \/>\nDa quel giorno piano piano ti<br \/>\naccorgesti del mio amore<br \/>\ned allora finalmente potei<br \/>\nbaciare le tue labbra con pudore<br \/>\nUn anno dopo ti chiesi di<br \/>\nseguirmi sull&#8217;altare<br \/>\ne in quel bel di di aprile<br \/>\nvidi il mio sogno, si, avverare<br \/>\nMolti anni son passati da quel<br \/>\ngiorno<br \/>\nOra abbiamo una miriade di<br \/>\nnipotini intorno<br \/>\nDopo questi 44 anni insieme<br \/>\nla perdita del tuo amor e&#8217; cio&#8217; che piu&#8217; il mio cuore teme.<\/p>\n<p>&nbsp;<\/p>\n<p>&nbsp;<\/p>\n<p><strong>LA RACCOLTA COMPLETA<\/strong><\/p>\n<\/div>\n<div class=\"message spoilers-container\" dir=\"auto\">\n<blockquote class=\"wp-embedded-content\" data-secret=\"oVFrW0E8bX\"><p><a href=\"https:\/\/www.radiopiu.net\/wordpress\/in-vivo-verso\/\">In Vivo Verso<\/a><\/p><\/blockquote>\n<p><iframe loading=\"lazy\" class=\"wp-embedded-content\" sandbox=\"allow-scripts\" security=\"restricted\" style=\"position: absolute; clip: rect(1px, 1px, 1px, 1px);\" title=\"&#8220;In Vivo Verso&#8221; &#8212; Radio Pi\u00f9\" src=\"https:\/\/www.radiopiu.net\/wordpress\/in-vivo-verso\/embed\/#?secret=hvRlnthk84#?secret=oVFrW0E8bX\" data-secret=\"oVFrW0E8bX\" width=\"600\" height=\"338\" frameborder=\"0\" marginwidth=\"0\" marginheight=\"0\" scrolling=\"no\"><\/iframe><\/p>\n<\/div>\n<div class=\"message spoilers-container\" dir=\"auto\"><\/div>\n<p>&nbsp;<\/p>\n<hr \/>\n<p>&nbsp;<\/p>\n<div class=\"message spoilers-container\" dir=\"auto\">\n<h2><span style=\"color: #008080;\">GOCCE DI FILOSOFIA\u00a0\u00a0<\/span><\/h2>\n<p><strong>PUNTATA 298 &#8211; Chiara Cau_TERZA STAGIONE<\/strong><\/p>\n<audio class=\"wp-audio-shortcode\" id=\"audio-333077-15\" preload=\"none\" style=\"width: 100%;\" controls=\"controls\"><source type=\"audio\/mpeg\" src=\"https:\/\/www.radiopiu.net\/wordpress\/wp-content\/uploads\/2023\/04\/FI3-3.mp3?_=15\" \/><a href=\"https:\/\/www.radiopiu.net\/wordpress\/wp-content\/uploads\/2023\/04\/FI3-3.mp3\">https:\/\/www.radiopiu.net\/wordpress\/wp-content\/uploads\/2023\/04\/FI3-3.mp3<\/a><\/audio>\n<p>&nbsp;<\/p>\n<p>&nbsp;<\/p>\n<\/div>\n<blockquote>\n<div class=\"message spoilers-container\" dir=\"auto\">\n<p><strong>LA RACCOLTA COMPLETA<\/strong><\/p>\n<\/div>\n<\/blockquote>\n<div class=\"message spoilers-container\" dir=\"auto\">\n<blockquote class=\"wp-embedded-content\" data-secret=\"V8E2XYky71\"><p><a href=\"https:\/\/www.radiopiu.net\/wordpress\/gocce-filosofia\/\">Gocce di filosofia,  LA TERZA STAGIONE&#8230; 2023<\/a><\/p><\/blockquote>\n<p><iframe loading=\"lazy\" class=\"wp-embedded-content\" sandbox=\"allow-scripts\" security=\"restricted\" style=\"position: absolute; clip: rect(1px, 1px, 1px, 1px);\" title=\"&#8220;Gocce di filosofia,  LA TERZA STAGIONE&#8230; 2023&#8221; &#8212; Radio Pi\u00f9\" src=\"https:\/\/www.radiopiu.net\/wordpress\/gocce-filosofia\/embed\/#?secret=0Xmjsk6gTG#?secret=V8E2XYky71\" data-secret=\"V8E2XYky71\" width=\"600\" height=\"338\" frameborder=\"0\" marginwidth=\"0\" marginheight=\"0\" scrolling=\"no\"><\/iframe><\/p>\n<p>&nbsp;<\/p>\n<\/div>\n<blockquote><p>&nbsp;<\/p><\/blockquote>\n<div class=\"message spoilers-container\" dir=\"auto\">\n<hr \/>\n<p>&nbsp;<\/p>\n<\/div>\n<div class=\"message spoilers-container\" dir=\"auto\">\n<div class=\"column\">\n<p><img loading=\"lazy\" decoding=\"async\" class=\"aligncenter wp-image-61954 size-full\" src=\"https:\/\/www.radiopiu.net\/wordpress\/wp-content\/uploads\/2018\/09\/viabilita.jpeg\" sizes=\"auto, (max-width: 800px) 100vw, 800px\" srcset=\"https:\/\/www.radiopiu.net\/wordpress\/wp-content\/uploads\/2018\/09\/viabilita.jpeg 800w, https:\/\/www.radiopiu.net\/wordpress\/wp-content\/uploads\/2018\/09\/viabilita-300x38.jpeg 300w, https:\/\/www.radiopiu.net\/wordpress\/wp-content\/uploads\/2018\/09\/viabilita-768x96.jpeg 768w\" alt=\"\" width=\"800\" height=\"100\" \/><\/p>\n<\/div>\n<\/div>\n<div class=\"message spoilers-container\" dir=\"auto\">\n<div class=\"column\">\n<p>&nbsp;<\/p>\n<\/div>\n<\/div>\n<div class=\"message spoilers-container\" dir=\"auto\">\n<div class=\"column\">\n<div dir=\"ltr\">\n<div class=\"gmail_quote\">\n<div dir=\"ltr\">\n<div class=\"gmail_quote\">\n<blockquote class=\"wp-embedded-content\" data-secret=\"3AmsYUmNor\"><p><a href=\"https:\/\/www.radiopiu.net\/wordpress\/viabilita\/\">viabilita<\/a><\/p><\/blockquote>\n<p><iframe loading=\"lazy\" class=\"wp-embedded-content\" sandbox=\"allow-scripts\" security=\"restricted\" style=\"position: absolute; clip: rect(1px, 1px, 1px, 1px);\" title=\"&#8220;viabilita&#8221; &#8212; Radio Pi\u00f9\" src=\"https:\/\/www.radiopiu.net\/wordpress\/viabilita\/embed\/#?secret=kCvCTgeoB8#?secret=3AmsYUmNor\" data-secret=\"3AmsYUmNor\" width=\"600\" height=\"338\" frameborder=\"0\" marginwidth=\"0\" marginheight=\"0\" scrolling=\"no\"><\/iframe><\/p>\n<\/div>\n<\/div>\n<\/div>\n<\/div>\n<\/div>\n<\/div>\n<div class=\"message spoilers-container\" dir=\"auto\">\n<div class=\"column\">\n<div>\n<div dir=\"ltr\">\n<div class=\"gmail_quote\">\n<div dir=\"ltr\">\n<div><\/div>\n<\/div>\n<\/div>\n<\/div>\n<\/div>\n<hr \/>\n<p>&nbsp;<\/p>\n<p><a class=\"dt-pswp-item\" href=\"https:\/\/www.radiopiu.net\/wordpress\/wp-content\/uploads\/2018\/09\/WhatsApp-Image-2018-09-20-at-16.04.06.jpeg\" data-dt-img-description=\"\" data-large_image_width=\"800\" data-large_image_height=\"100\"><img loading=\"lazy\" decoding=\"async\" class=\"wp-image-61378 size-full aligncenter\" src=\"https:\/\/www.radiopiu.net\/wordpress\/wp-content\/uploads\/2018\/09\/WhatsApp-Image-2018-09-20-at-16.04.06.jpeg\" alt=\"\" width=\"800\" height=\"100\" srcset=\"https:\/\/www.radiopiu.net\/wordpress\/wp-content\/uploads\/2018\/09\/WhatsApp-Image-2018-09-20-at-16.04.06.jpeg 800w, https:\/\/www.radiopiu.net\/wordpress\/wp-content\/uploads\/2018\/09\/WhatsApp-Image-2018-09-20-at-16.04.06-300x38.jpeg 300w, https:\/\/www.radiopiu.net\/wordpress\/wp-content\/uploads\/2018\/09\/WhatsApp-Image-2018-09-20-at-16.04.06-768x96.jpeg 768w\" sizes=\"auto, (max-width: 800px) 100vw, 800px\" \/><\/a><\/p>\n<\/div>\n<\/div>\n<div class=\"message spoilers-container\" dir=\"auto\"><center>\u00a0<\/center><center><\/center><center><\/center><b><\/b><\/div>\n<div class=\"message spoilers-container\" dir=\"auto\"><center><\/center><b>OGGI <\/b>Tempo in prevalenza stabile; al mattino inizialmente sereno sulle Prealpi centro-occidentali, poco o parzialmente nuvoloso su quelle orientali e sulle Dolomiti per nubi medio-alte con un po&#8217; di foschia in Valbelluna nelle ore fredde. Dalle ore centrali parzialmente nuvoloso su tutte le zone montane; non del tutto escluso qualche breve e modestissimo fenomeno tra il pomeriggio e la sera. <b>Precipitazioni: <\/b>Al mattino assenti (0%). Nel corso del pomeriggio non del tutto escluso qualche occasionale e breve piovasco, con eventuali fiocchi di neve oltre i 2300 m.<br \/>\n<b><\/b><\/div>\n<hr \/>\n<p><center><\/center><b>DOMANI <\/b>Cielo irregolarmente nuvoloso con nubi medio-alte, anche estese, in grado di coprire a tratti il sole, anche se non mancheranno temporanei tratti soleggiati. <b>Precipitazioni: <\/b>Al mattino assenti (0%). Nel corso del pomeriggio non del tutto escluso qualche occasionale e breve piovasco, con eventuali fiocchi di neve oltre i 2300-2600 m.<\/p>\n<p>&nbsp;<\/p>\n<hr \/>\n<p><center><\/center><strong>SABATO<\/strong> Soleggiato specie al mattino, nel pomeriggio cielo poco o parzialmente nuvoloso per il transito di nubi medio-alte associate a precipitazioni molto scarse o assenti. Temperature minime stazionarie, massime in ulteriore rialzo specie in quota, con valori di qualche grado al di sopra della norma. Venti nelle valli perlopi\u00f9 deboli per brezze, a tratti moderati nei settori solitamente pi\u00f9 ventilati; in quota in genere moderati, a tratti ancora tesi al mattino, da nord-ovest.<\/p>\n<hr \/>\n<p><center><\/center><strong>DOMENICA <\/strong>Cielo nuvoloso o molto nuvoloso, con temporanei e brevi tratti parzialmente soleggiati; probabili modeste precipitazioni sparse e intermittenti nel corso della giornata, nevose oltre i 2300-2600 m. Temperature minime in contenuto aumento, massime in diminuzione, anche sensibile. Venti in quota deboli o moderati dai quadranti meridionali.<\/p>\n<p>&nbsp;<\/p>\n<\/div>\n<div class=\"message spoilers-container\" dir=\"auto\">\n<hr \/>\n<p>&nbsp;<\/p>\n<p><a class=\"dt-pswp-item\" href=\"https:\/\/www.radiopiu.net\/wordpress\/wp-content\/uploads\/2018\/09\/sport.jpg\" data-dt-img-description=\"\" data-large_image_width=\"800\" data-large_image_height=\"100\"><img loading=\"lazy\" decoding=\"async\" class=\"aligncenter wp-image-60761 size-full\" src=\"https:\/\/www.radiopiu.net\/wordpress\/wp-content\/uploads\/2018\/09\/sport.jpg\" alt=\"\" width=\"800\" height=\"100\" srcset=\"https:\/\/www.radiopiu.net\/wordpress\/wp-content\/uploads\/2018\/09\/sport.jpg 800w, https:\/\/www.radiopiu.net\/wordpress\/wp-content\/uploads\/2018\/09\/sport-300x38.jpg 300w, https:\/\/www.radiopiu.net\/wordpress\/wp-content\/uploads\/2018\/09\/sport-768x96.jpg 768w\" sizes=\"auto, (max-width: 800px) 100vw, 800px\" \/><\/a><\/p>\n<\/div>\n<div class=\"message spoilers-container\" dir=\"auto\">\n<p>&nbsp;<\/p>\n<p><span style=\"color: #0000ff;\"><strong>CALCIO<\/strong><\/span><\/p>\n<blockquote>\n<h3>DOMENICA INIZIANO I PLAYOUT PER L&#8217;AGORDINA<\/h3>\n<\/blockquote>\n<p><strong><a class=\"dt-pswp-item\" href=\"https:\/\/www.radiopiu.net\/wordpress\/wp-content\/uploads\/2023\/04\/calcio-dangolo-2023.jpg\" data-dt-img-description=\"\" data-large_image_width=\"1920\" data-large_image_height=\"1270\"><img loading=\"lazy\" decoding=\"async\" class=\" wp-image-330971 alignleft\" src=\"https:\/\/www.radiopiu.net\/wordpress\/wp-content\/uploads\/2023\/04\/calcio-dangolo-2023-300x198.jpg\" alt=\"\" width=\"183\" height=\"121\" srcset=\"https:\/\/www.radiopiu.net\/wordpress\/wp-content\/uploads\/2023\/04\/calcio-dangolo-2023-300x198.jpg 300w, https:\/\/www.radiopiu.net\/wordpress\/wp-content\/uploads\/2023\/04\/calcio-dangolo-2023-1024x677.jpg 1024w, https:\/\/www.radiopiu.net\/wordpress\/wp-content\/uploads\/2023\/04\/calcio-dangolo-2023-768x508.jpg 768w, https:\/\/www.radiopiu.net\/wordpress\/wp-content\/uploads\/2023\/04\/calcio-dangolo-2023-1536x1016.jpg 1536w, https:\/\/www.radiopiu.net\/wordpress\/wp-content\/uploads\/2023\/04\/calcio-dangolo-2023.jpg 1920w\" sizes=\"auto, (max-width: 183px) 100vw, 183px\" \/><\/a>di Marco Gaz<\/strong><\/p>\n<p><strong>REDAZIONE<\/strong> Mancano poche ore al via dei playout di Seconda Categoria. L&#8217;Agordina si gioca l&#8217;ultima possibilit\u00e0 di rimanere nel campionato regionale nella doppia sfida in programma nelle prossime due domeniche contro il Gemelle. Gli uomini di Chenet hanno avuto modo di preparare le due partite in programma negli ultimi 10 giorni ed ora dovranno fare l&#8217;ultimo sforzo per evitare la retrocessione in terza categoria. Sulla carta la compagine di Agordo sembra essere pi\u00f9 favorita visti i precedenti tra le due squadre. Nelle ultime cinque volte in cui l&#8217;Agordina e il Gemelle si sono trovate di fronte in campionato, gli agordini hanno vinto quattro volte e pareggiato in una occasione. In palio per\u00f2 questa volta c&#8217;\u00e8 una stagione intera e le due compagini daranno il tutto per tutto per rimanere nel campionato regionale. La prima partita ad Agordo domenica alle 15:30, la settimana successiva il ritorno a Borgo Valbelluna.<\/p>\n<p>&nbsp;<\/p>\n<p><span style=\"color: #0000ff;\"><strong>NUOTO<\/strong><\/span><\/p>\n<blockquote>\n<h3>MEETING NAZIONALE AICS: 45 MEDAGLIE PER LA SPORTIVAMENTE BELLUNO<\/h3>\n<\/blockquote>\n<p><strong><a class=\"dt-pswp-item\" href=\"https:\/\/www.radiopiu.net\/wordpress\/wp-content\/uploads\/2023\/04\/Tutto_il_gruppo_a_Riccione.jpg\" data-dt-img-description=\"\" data-large_image_width=\"640\" data-large_image_height=\"480\"><img loading=\"lazy\" decoding=\"async\" class=\" wp-image-333110 alignleft\" src=\"https:\/\/www.radiopiu.net\/wordpress\/wp-content\/uploads\/2023\/04\/Tutto_il_gruppo_a_Riccione-300x225.jpg\" alt=\"\" width=\"183\" height=\"137\" srcset=\"https:\/\/www.radiopiu.net\/wordpress\/wp-content\/uploads\/2023\/04\/Tutto_il_gruppo_a_Riccione-300x225.jpg 300w, https:\/\/www.radiopiu.net\/wordpress\/wp-content\/uploads\/2023\/04\/Tutto_il_gruppo_a_Riccione.jpg 640w\" sizes=\"auto, (max-width: 183px) 100vw, 183px\" \/><\/a>BELLUNO <\/strong>La Sportivamente Belluno torna da Riccione con un carico soddisfazioni e di medaglie individuali: ben 45. Alla settima edizione dei \u201cSwimming Games Aics Open\u201d, andata in scena nello splendido stadio del nuoto della localit\u00e0 romagnola, i bellunesi sono riusciti a ottenere 13 ori, 22 argenti e 10 bronzi. E in un contesto di respiro nazionale, arricchito dalla presenza di 1.150 atleti, provenienti da diverse regioni italiane. La trasferta si \u00e8 rivelata importantissima non solo per l&#8217;aspetto sportivo, ma anche e soprattutto per quello relazionale, della condivisione e di crescita: \u00abPerch\u00e9 l&#8217;unione fa la forza\u00bb. Entrando nel dettaglio, la Sportivamente si \u00e8 presentata all\u2019appuntamento con 23 nuotatori di categoria (nati fra il 2004 e il 2010), 25 Esordienti (fra il 2010 e il 2014) e 8 bambini di Propaganda (2014 e 2015). Entrando nel dettaglio, risaltano i due pass conquistati per i campionati italiani, i numerosi primati personali e i diversi record di societ\u00e0, nonostante la prima uscita in vasca da 50 metri. Tutto ci\u00f2 ha regalato un\u2019enorme soddisfazione ai tecnici, che hanno visto i propri atleti gareggiare con determinazione e carattere. Una nota particolare la meritano le staffette Propaganda (terzo e quarto posto) ed Esordienti A (seconda piazza).<\/p>\n<p>&nbsp;<\/p>\n<hr \/>\n<p>&nbsp;<\/p>\n<blockquote>\n<h3>ASPETTANDO IL 27 MAGGIO: IL RITORNO DELLA FESTA DELLO SPORT DEL CORRIERE DELLE ALPI<\/h3>\n<\/blockquote>\n<blockquote><p><em>l grande ritorno dopo pi\u00f9 di vent\u2019anni. Sabato 27 maggio, dalle 18 alle 20 al Palafiere di Longarone il Corriere delle Alpi ripropone la Festa dello sport.<\/em><\/p><\/blockquote>\n<p><a class=\"dt-pswp-item\" href=\"https:\/\/www.radiopiu.net\/wordpress\/wp-content\/uploads\/2023\/04\/giovanni-feltrin.jpg\" data-dt-img-description=\"\" data-large_image_width=\"1500\" data-large_image_height=\"1000\"><img loading=\"lazy\" decoding=\"async\" class=\"size-medium wp-image-333155 alignleft\" src=\"https:\/\/www.radiopiu.net\/wordpress\/wp-content\/uploads\/2023\/04\/giovanni-feltrin-300x200.jpg\" alt=\"\" width=\"300\" height=\"200\" srcset=\"https:\/\/www.radiopiu.net\/wordpress\/wp-content\/uploads\/2023\/04\/giovanni-feltrin-300x200.jpg 300w, https:\/\/www.radiopiu.net\/wordpress\/wp-content\/uploads\/2023\/04\/giovanni-feltrin-1024x683.jpg 1024w, https:\/\/www.radiopiu.net\/wordpress\/wp-content\/uploads\/2023\/04\/giovanni-feltrin-768x512.jpg 768w, https:\/\/www.radiopiu.net\/wordpress\/wp-content\/uploads\/2023\/04\/giovanni-feltrin.jpg 1500w\" sizes=\"auto, (max-width: 300px) 100vw, 300px\" \/><\/a><strong>BELLUNO<\/strong> Un evento che, a cavallo dell\u2019anno 2000, aveva premiato tantissimi sportivi e portato sui palchi del Dodo\u2019s, del Sibilla e della Locanda alcuni ospiti prestigiosi come Simona Ventura, Flavia Vento e Martina Colombari. La formula \u00e8 sempre la stessa: una passerella dei migliori sportivi bellunesi e delle squadre vincenti, sul palco di un Palafiere tirato a lucido per la due giorni del Giro d\u2019Italia. La Festa dello sport si inserisce, infatti, tra i molti eventi collaterali che faranno da \u201caperitivo\u201d alla Oderzo &#8211; Palafavera di gioved\u00ec 25 maggio e soprattutto alla Longarone &#8211; Tre Cime di Lavaredo di venerd\u00ec 26 maggio. L\u2019ingresso alla Festa \u00e8 gratuito, con la possibilit\u00e0 di cenare alla fine dell\u2019evento, prima che inizi la musica di Radio Peter Pan con i suoi dj. Sono pi\u00f9 di settanta i premiati, che si alterneranno sul palco, con una lista che \u00e8 quasi definita, ma che aspetta ovviamente il termine degli ultimi campionati. La scelta \u00e8 decisa da una giuria formata da Attilio De Col, Luca Traini, Ilario Tancon e Gianluca Da Poian del Corriere delle Alpi, dalla vice presidente della Fisi veneta Federica Monti e dal presidente del comitato tappa Enrico De Bona. A questi si aggiunge la collaborazione di Radio Club 103, Radio Cortina e Radio Pi\u00f9 Emittente Agordina, che hanno scelto un loro premiato.<\/p>\n<p><img loading=\"lazy\" decoding=\"async\" class=\"alignright\" src=\"https:\/\/www.radiopiu.net\/wordpress\/wp-content\/uploads\/2018\/01\/corrierealpi.png\" width=\"255\" height=\"119\" \/>I nomi saranno svelati nelle edizioni dei prossimi giorni. Una sorta di marcia di avvicinamento alla Festa. Ma oggi possiamo dare quattro anticipazioni. Come allenatore dell\u2019anno \u00e8 stato scelto il longaronese Giovanni Feltrin, uno dei grandi artefici delle fortune della squadra di velocit\u00e0 dello sci alpino femminile, con Sofia Goggia, Marta Bassino e Federica Brignone e fare da traino. Feltrin (FOTO) giocher\u00e0 praticamente in casa, visto che abita poco lontano dal Palafiere. Come dirigente dell\u2019anno, invece, la scelta \u00e8 caduta su Sandro Da Rold, presidentissimo della Da Rold Logistics Belluno, la squadra di pallavolo di A3 che ha saputo far ritrovare il grande entusiasmo ai tifosi bellunesi, sfiorando la qualificazione ai playoff. A questi due si aggiungono due premi molto particolari, che sono una sorta di reunion. A 20 dalla promozione in serie C2, si ritroveranno a Longarone giocatori, dirigenti e tifosi del Belluno calcio, che trionf\u00f2 il 3 maggio 2003 contro il Bassano in una giornata che tutti ancora ricordano benissimo. Una delle pagine pi\u00f9 belle dello sport bellunese, non solo recente. Il capitano di quella squadra era Roberto Padrin, attuale presidente della provincia e sindaco di Longarone. E un\u2019altra reunion memorabile sar\u00e0 quella della Pallavolo Belluno, che raduner\u00e0 tutti i suoi giocatori che ben 40 anni fa, il 14 maggio 1983, conquistarono una storica promozione in A1 battendo in casa l\u2019Isea Falconara. Il tam tam \u00e8 gi\u00e0 partito sui social e sui gruppi whatsapp, grazie a capitan Walter De Barba e a Mirco Barp, il capo dei Panthers, il gruppo di tifosi che faceva tremare le mura del De Mas. Sono solo le prime quattro chicche di una sera, i cui particolari saranno svelati piano piano, aspettando sabato 27 maggio.<\/p>\n<hr \/>\n<p>&nbsp;<\/p>\n<p><span style=\"color: #0000ff;\"><strong>MOTORI<\/strong><\/span><\/p>\n<blockquote>\n<h3>ANDREA FONTANA ALLA EBIMOTORS, DI NUOVO IN PISTA NEL PORSCHE CARRERA<\/h3>\n<\/blockquote>\n<div class=\"\">\n<p class=\"\"><span class=\"\"><a class=\"dt-pswp-item\" href=\"https:\/\/www.radiopiu.net\/wordpress\/wp-content\/uploads\/2023\/04\/a49e8776-ba08-ffa4-174d-2c0361e03e59-1-scaled.jpg\" data-dt-img-description=\"\" data-large_image_width=\"2560\" data-large_image_height=\"1440\"><img loading=\"lazy\" decoding=\"async\" class=\"size-medium wp-image-333170 alignleft\" src=\"https:\/\/www.radiopiu.net\/wordpress\/wp-content\/uploads\/2023\/04\/a49e8776-ba08-ffa4-174d-2c0361e03e59-1-300x169.jpg\" alt=\"\" width=\"300\" height=\"169\" srcset=\"https:\/\/www.radiopiu.net\/wordpress\/wp-content\/uploads\/2023\/04\/a49e8776-ba08-ffa4-174d-2c0361e03e59-1-300x169.jpg 300w, https:\/\/www.radiopiu.net\/wordpress\/wp-content\/uploads\/2023\/04\/a49e8776-ba08-ffa4-174d-2c0361e03e59-1-1024x576.jpg 1024w, https:\/\/www.radiopiu.net\/wordpress\/wp-content\/uploads\/2023\/04\/a49e8776-ba08-ffa4-174d-2c0361e03e59-1-768x432.jpg 768w, https:\/\/www.radiopiu.net\/wordpress\/wp-content\/uploads\/2023\/04\/a49e8776-ba08-ffa4-174d-2c0361e03e59-1-1536x864.jpg 1536w, https:\/\/www.radiopiu.net\/wordpress\/wp-content\/uploads\/2023\/04\/a49e8776-ba08-ffa4-174d-2c0361e03e59-1-2048x1152.jpg 2048w\" sizes=\"auto, (max-width: 300px) 100vw, 300px\" \/><\/a>Sar\u00e0 il bellunese\u00a0Andrea Fontana\u00a0il pilota che sieder\u00e0 sulla\u00a0Porsche 911 GT3 Cup (serie 992) numero 9 per i colori di Ebimotors nella stagione 2023 della Porsche Carrera Cup Italia. Il driver, supportato dal Centro Porsche Varese, si presenta al via con le ambizioni di essere uno tra i protagonisti dell\u2019annata sportiva. <\/span><span class=\"\"><em class=\"\">\u201cSono molto contento di prendere il via della stagione 2023 della Porsche Carrera Cup Italia per il team Ebimotors.\u00a0 Prendiamo parte alla 17esima stagione del challenge monomarca con l\u2019intenzione di non fare una semplice apparizione, ma di essere presenti nelle posizioni che contano. Abbiamo iniziato il lavoro insieme un po\u2019 in ritardo rispetto ad altri team, ma gi\u00e0 nelle prove disputatesi a Monza abbiamo trovato un buon set up dell\u2019auto. I meccanici e gli ingegneri hanno lavorato sodo per darmi un\u2019auto adatta al mio stile di guida. Cercheremo la migliore messa a punto sfruttando i pre-race official test al gioved\u00ec 4 maggio a Misano Adriatico, prima del primo week end di gare.&#8221;\u00a0 <\/em><\/span><span class=\"\">Il campionato vedr\u00e0 il via nel weekend del 6-7 maggio da Misano, con uno schieramento record di oltre 35 vetture pronte a scendere in pista in uno dei campionati pi\u00f9 competitivi sul panorama internazionale. Diversi saranno i piloti esteri che prenderanno parte preannunciandola come la stagione pi\u00f9 competitiva di sempre.\u00a0 <\/span><span class=\"\"><em class=\"\">&#8220;Ci tengo infine a ringraziare gli sponsor che mi sostengono\u00a0e mi permettono di scendere in pista ogni anno, abbiamo in programma molti eventi dedicati a loro ed ai loro ospiti per massimizzare il ritorno e la visibilit\u00e0 che questo prestigioso campionato offre.&#8221;<\/em><\/span><\/p>\n<\/div>\n<p>&nbsp;<\/p>\n<p><strong>VIDEO<\/strong> <a href=\"https:\/\/www.youtube.com\/watch?v=lOgVnv1kn8s\">Presentazione A. FONTANA [9] Ebimotors &#8211; Centro Porsche Varese &#8211; YouTube<\/a><\/p>\n<p>&nbsp;<\/p>\n<hr \/>\n<p>&nbsp;<\/p>\n<table width=\"100%\">\n<tbody>\n<tr>\n<td>\n<table width=\"100%\">\n<tbody>\n<tr>\n<td>\n<table width=\"100%\">\n<tbody>\n<tr>\n<td>\n<h2>HOCKEY<\/h2>\n<h1>Nazionale Senior, domani l&#8217;ultima amichevole prima del Mondiale<\/h1>\n<\/td>\n<\/tr>\n<\/tbody>\n<\/table>\n<\/td>\n<\/tr>\n<\/tbody>\n<\/table>\n<\/td>\n<\/tr>\n<tr>\n<td>\n<table width=\"100%\">\n<tbody>\n<tr>\n<td>\n<table width=\"100%\">\n<tbody>\n<tr>\n<td>\n<h3><strong>Dopo l&#8217;amichevole contro la Corea del Sud spetter\u00e0 a coach Mike Keenan fare gli ultimi tagli per definire il roster\u00a0che affronter\u00e0 il Mondiale.\u00a0<\/strong><\/h3>\n<\/td>\n<\/tr>\n<\/tbody>\n<\/table>\n<\/td>\n<\/tr>\n<\/tbody>\n<\/table>\n<table width=\"100%\">\n<tbody>\n<tr>\n<td>\n<table width=\"100%\">\n<tbody>\n<tr>\n<td>\n<h4><a class=\"dt-pswp-item\" href=\"https:\/\/www.radiopiu.net\/wordpress\/wp-content\/uploads\/2023\/04\/a7e67234-5d06-b2e8-1aa8-af2bfcd684e3-scaled.jpg\" data-dt-img-description=\"\" data-large_image_width=\"2560\" data-large_image_height=\"1707\"><img loading=\"lazy\" decoding=\"async\" class=\"size-medium wp-image-333174 alignleft\" src=\"https:\/\/www.radiopiu.net\/wordpress\/wp-content\/uploads\/2023\/04\/a7e67234-5d06-b2e8-1aa8-af2bfcd684e3-300x200.jpg\" alt=\"\" width=\"300\" height=\"200\" srcset=\"https:\/\/www.radiopiu.net\/wordpress\/wp-content\/uploads\/2023\/04\/a7e67234-5d06-b2e8-1aa8-af2bfcd684e3-300x200.jpg 300w, https:\/\/www.radiopiu.net\/wordpress\/wp-content\/uploads\/2023\/04\/a7e67234-5d06-b2e8-1aa8-af2bfcd684e3-1024x683.jpg 1024w, https:\/\/www.radiopiu.net\/wordpress\/wp-content\/uploads\/2023\/04\/a7e67234-5d06-b2e8-1aa8-af2bfcd684e3-768x512.jpg 768w, https:\/\/www.radiopiu.net\/wordpress\/wp-content\/uploads\/2023\/04\/a7e67234-5d06-b2e8-1aa8-af2bfcd684e3-1536x1024.jpg 1536w, https:\/\/www.radiopiu.net\/wordpress\/wp-content\/uploads\/2023\/04\/a7e67234-5d06-b2e8-1aa8-af2bfcd684e3-2048x1365.jpg 2048w\" sizes=\"auto, (max-width: 300px) 100vw, 300px\" \/><\/a>La <strong>Nazionale italiana di hockey su ghiaccio<\/strong> \u00e8 arrivata ieri a Nottingham, in Gran Bretagna, dove sta affilando le lame in vista del <strong>Mondiale di 1^ Divisione Gruppo A<\/strong>, in programma dal 29 aprile al 5 maggio. Domani, alle ore 13:30 in Italia, gli Azzurri disputeranno contro la <strong>Corea del Sud<\/strong> l&#8217;ultima <strong>amichevole<\/strong> prima dell&#8217;impegno iridato.<\/h4>\n<p>Un&#8217;occasione per fare le ultime valutazioni e prendere importanti decisioni. Dopo il match della Motorpoint Arena, infatti, il coaching staff guidato da Mike Keenan operer\u00e0 gli ultimi tagli, riducendo il roster a 22 giocatori + il terzo portiere. L&#8217;esordio al Mondiale \u00e8 previsto per sabato 29 aprile alle 17:00 contro la Romania, poi le sfide contro Corea del Sud, Polonia e Lituania, per chiudere poi il 5 maggio contro i padroni di casa della Gran Bretagna. Otterranno la promozione in Top Division le prime due classificate.<\/td>\n<\/tr>\n<\/tbody>\n<\/table>\n<\/td>\n<\/tr>\n<\/tbody>\n<\/table>\n<\/td>\n<\/tr>\n<\/tbody>\n<\/table>\n<p>&nbsp;<\/p>\n<p>&nbsp;<\/p>\n<p>&nbsp;<\/p>\n<p>&nbsp;<\/p>\n<hr \/>\n<p>&nbsp;<\/p>\n<p><span style=\"color: #0000ff;\"><strong>CORSA CAMPESTRE<\/strong><\/span><\/p>\n<blockquote>\n<h3>DELICIOUS FESTIVAL DOLOMITI 2023: APERTE LE ISCRIZIONI<\/h3>\n<\/blockquote>\n<p><a class=\"dt-pswp-item\" href=\"https:\/\/www.radiopiu.net\/wordpress\/wp-content\/uploads\/2023\/04\/Delicious-trail-Foto-Sportograf.jpg\" data-dt-img-description=\"\" data-large_image_width=\"1024\" data-large_image_height=\"682\"><img loading=\"lazy\" decoding=\"async\" class=\" wp-image-333082 alignleft\" src=\"https:\/\/www.radiopiu.net\/wordpress\/wp-content\/uploads\/2023\/04\/Delicious-trail-Foto-Sportograf-300x200.jpg\" alt=\"\" width=\"162\" height=\"108\" srcset=\"https:\/\/www.radiopiu.net\/wordpress\/wp-content\/uploads\/2023\/04\/Delicious-trail-Foto-Sportograf-300x200.jpg 300w, https:\/\/www.radiopiu.net\/wordpress\/wp-content\/uploads\/2023\/04\/Delicious-trail-Foto-Sportograf-768x512.jpg 768w, https:\/\/www.radiopiu.net\/wordpress\/wp-content\/uploads\/2023\/04\/Delicious-trail-Foto-Sportograf.jpg 1024w\" sizes=\"auto, (max-width: 162px) 100vw, 162px\" \/><\/a>Aperte le iscrizioni al Delicious Festival Dolomiti, la manifestazione di trail running, in programma a Cortina d\u2019Ampezzo e in Alta Badia nel fine settimana del 29-30 settembre, . Tutte le informazioni sul sito web <a href=\"https:\/\/delicioustrail.it\/index.php\">www.delicioustrail.it<\/a><\/p>\n<p>&nbsp;<\/p>\n<p>&nbsp;<\/p>\n<p>&nbsp;<\/p>\n<hr \/>\n<p>&nbsp;<\/p>\n<blockquote>\n<h3>I VINCITORI DELLA DOLOMITI EXTREME TRAIL 2023 SI SFIDERANNO ANCHE IN UNA GARA TRA CILE E ARGENTINA<\/h3>\n<\/blockquote>\n<p><a class=\"dt-pswp-item\" href=\"https:\/\/www.radiopiu.net\/wordpress\/wp-content\/uploads\/2023\/04\/DXT-2022-archivio.jpg\" data-dt-img-description=\"\" data-large_image_width=\"1500\" data-large_image_height=\"999\"><img loading=\"lazy\" decoding=\"async\" class=\" wp-image-333097 alignleft\" src=\"https:\/\/www.radiopiu.net\/wordpress\/wp-content\/uploads\/2023\/04\/DXT-2022-archivio-300x200.jpg\" alt=\"\" width=\"176\" height=\"117\" srcset=\"https:\/\/www.radiopiu.net\/wordpress\/wp-content\/uploads\/2023\/04\/DXT-2022-archivio-300x200.jpg 300w, https:\/\/www.radiopiu.net\/wordpress\/wp-content\/uploads\/2023\/04\/DXT-2022-archivio-1024x682.jpg 1024w, https:\/\/www.radiopiu.net\/wordpress\/wp-content\/uploads\/2023\/04\/DXT-2022-archivio-768x511.jpg 768w, https:\/\/www.radiopiu.net\/wordpress\/wp-content\/uploads\/2023\/04\/DXT-2022-archivio.jpg 1500w\" sizes=\"auto, (max-width: 176px) 100vw, 176px\" \/><\/a>Dalle Dolomiti Bellunesi alle Ande. \u00c8 questa l\u2019opportunit\u00e0 che offrir\u00e0 nel 2023, anno del decennale, Dolomiti Extreme Trail, l\u2019evento della Val di Zoldo in programma dal 9 all\u201911 giugno prossimi. Una manifestazione di trail running. Tra le nuove nazioni presenti per la prima volta sui sentieri zoldani ci sono Armenia, Moldavia e Bolivia.<\/p>\n<p>&nbsp;<\/p>\n<p>&nbsp;<\/p>\n<p>&nbsp;<\/p>\n<\/div>\n<hr \/>\n<p>&nbsp;<\/p>\n","protected":false},"excerpt":{"rendered":"<p>ISCRIVITI AL NOSTRO CANALE\u00a0 YOUTUBE PER SEGUIRE IN DIRETTA I PRINCIPALI PROGRAMMI DI RADIO PIU&#8217; E LE FUTURE DIRETTE IN ESTERNA. PER ISCRIVERTI CLICCA QUI E PREMI\u00a0 &#8220;Iscriviti&#8221;\u00a0 \u00a0 \u00a0\u00a0 &nbsp; &nbsp; OGGI: DALLE OTTO, DIRETTA SUI CANALI FACEBOOK DAL CONSIGLIO COMUNALE DI AGORDO &nbsp; &nbsp; E anche STAMANE\u00a0 RADIOPIU si fa in QUATTRO\u00a0 per&hellip;<\/p>\n","protected":false},"author":4,"featured_media":333144,"comment_status":"closed","ping_status":"closed","sticky":false,"template":"","format":"standard","meta":{"_monsterinsights_skip_tracking":false,"_monsterinsights_sitenote_active":false,"_monsterinsights_sitenote_note":"","_monsterinsights_sitenote_category":0,"footnotes":""},"categories":[51,86,49],"tags":[],"class_list":["post-333077","post","type-post","status-publish","format-standard","has-post-thumbnail","hentry","category-evidenza-top","category-gr","category-news-18","category-51","category-86","category-49","description-off"],"img_url":"https:\/\/www.radiopiu.net\/wordpress\/wp-content\/uploads\/2023\/04\/3b408a2e-bf91-47d1-8166-3f2e7d1b2bc0.jpg","_links":{"self":[{"href":"https:\/\/www.radiopiu.net\/wordpress\/wp-json\/wp\/v2\/posts\/333077","targetHints":{"allow":["GET"]}}],"collection":[{"href":"https:\/\/www.radiopiu.net\/wordpress\/wp-json\/wp\/v2\/posts"}],"about":[{"href":"https:\/\/www.radiopiu.net\/wordpress\/wp-json\/wp\/v2\/types\/post"}],"author":[{"embeddable":true,"href":"https:\/\/www.radiopiu.net\/wordpress\/wp-json\/wp\/v2\/users\/4"}],"replies":[{"embeddable":true,"href":"https:\/\/www.radiopiu.net\/wordpress\/wp-json\/wp\/v2\/comments?post=333077"}],"version-history":[{"count":0,"href":"https:\/\/www.radiopiu.net\/wordpress\/wp-json\/wp\/v2\/posts\/333077\/revisions"}],"wp:featuredmedia":[{"embeddable":true,"href":"https:\/\/www.radiopiu.net\/wordpress\/wp-json\/wp\/v2\/media\/333144"}],"wp:attachment":[{"href":"https:\/\/www.radiopiu.net\/wordpress\/wp-json\/wp\/v2\/media?parent=333077"}],"wp:term":[{"taxonomy":"category","embeddable":true,"href":"https:\/\/www.radiopiu.net\/wordpress\/wp-json\/wp\/v2\/categories?post=333077"},{"taxonomy":"post_tag","embeddable":true,"href":"https:\/\/www.radiopiu.net\/wordpress\/wp-json\/wp\/v2\/tags?post=333077"}],"curies":[{"name":"wp","href":"https:\/\/api.w.org\/{rel}","templated":true}]}}