{"id":333154,"date":"2023-04-27T05:22:56","date_gmt":"2023-04-27T03:22:56","guid":{"rendered":"https:\/\/www.radiopiu.net\/wordpress\/?p=333154"},"modified":"2023-04-27T05:39:02","modified_gmt":"2023-04-27T03:39:02","slug":"aspettando-il-27-maggio-il-ritorno-della-festa-dello-sport-del-corriere-delle-alpi","status":"publish","type":"post","link":"https:\/\/www.radiopiu.net\/wordpress\/aspettando-il-27-maggio-il-ritorno-della-festa-dello-sport-del-corriere-delle-alpi\/","title":{"rendered":"ASPETTANDO IL 27 MAGGIO: IL RITORNO DELLA FESTA DELLO SPORT DEL CORRIERE DELLE ALPI"},"content":{"rendered":"<blockquote><p><em>l grande ritorno dopo pi\u00f9 di vent\u2019anni. Sabato 27 maggio, dalle 18 alle 20 al Palafiere di Longarone il Corriere delle Alpi ripropone la Festa dello sport.<\/em><\/p><\/blockquote>\n<p><a class=\"dt-pswp-item\" href=\"https:\/\/www.radiopiu.net\/wordpress\/wp-content\/uploads\/2023\/04\/giovanni-feltrin.jpg\" data-dt-img-description=\"\" data-large_image_width=\"1500\" data-large_image_height=\"1000\"><img loading=\"lazy\" decoding=\"async\" class=\"size-medium wp-image-333155 alignleft\" src=\"https:\/\/www.radiopiu.net\/wordpress\/wp-content\/uploads\/2023\/04\/giovanni-feltrin-300x200.jpg\" alt=\"\" width=\"300\" height=\"200\" srcset=\"https:\/\/www.radiopiu.net\/wordpress\/wp-content\/uploads\/2023\/04\/giovanni-feltrin-300x200.jpg 300w, https:\/\/www.radiopiu.net\/wordpress\/wp-content\/uploads\/2023\/04\/giovanni-feltrin-1024x683.jpg 1024w, https:\/\/www.radiopiu.net\/wordpress\/wp-content\/uploads\/2023\/04\/giovanni-feltrin-768x512.jpg 768w, https:\/\/www.radiopiu.net\/wordpress\/wp-content\/uploads\/2023\/04\/giovanni-feltrin.jpg 1500w\" sizes=\"auto, (max-width: 300px) 100vw, 300px\" \/><\/a><strong>BELLUNO<\/strong> Un evento che, a cavallo dell\u2019anno 2000, aveva premiato tantissimi sportivi e portato sui palchi del Dodo\u2019s, del Sibilla e della Locanda alcuni ospiti prestigiosi come Simona Ventura, Flavia Vento e Martina Colombari. La formula \u00e8 sempre la stessa: una passerella dei migliori sportivi bellunesi e delle squadre vincenti, sul palco di un Palafiere tirato a lucido per la due giorni del Giro d\u2019Italia. La Festa dello sport si inserisce, infatti, tra i molti eventi collaterali che faranno da \u201caperitivo\u201d alla Oderzo &#8211; Palafavera di gioved\u00ec 25 maggio e soprattutto alla Longarone &#8211; Tre Cime di Lavaredo di venerd\u00ec 26 maggio. L\u2019ingresso alla Festa \u00e8 gratuito, con la possibilit\u00e0 di cenare alla fine dell\u2019evento, prima che inizi la musica di Radio Peter Pan con i suoi dj. Sono pi\u00f9 di settanta i premiati, che si alterneranno sul palco, con una lista che \u00e8 quasi definita, ma che aspetta ovviamente il termine degli ultimi campionati. La scelta \u00e8 decisa da una giuria formata da Attilio De Col, Luca Traini, Ilario Tancon e Gianluca Da Poian del Corriere delle Alpi, dalla vice presidente della Fisi veneta Federica Monti e dal presidente del comitato tappa Enrico De Bona. A questi si aggiunge la collaborazione di Radio Club 103, Radio Cortina e Radio Pi\u00f9 Emittente Agordina, che hanno scelto un loro premiato.<\/p>\n<p><img loading=\"lazy\" decoding=\"async\" class=\"alignright\" src=\"https:\/\/www.radiopiu.net\/wordpress\/wp-content\/uploads\/2018\/01\/corrierealpi.png\" width=\"255\" height=\"119\" \/>I nomi saranno svelati nelle edizioni dei prossimi giorni. Una sorta di marcia di avvicinamento alla Festa. Ma oggi possiamo dare quattro anticipazioni. Come allenatore dell\u2019anno \u00e8 stato scelto il longaronese Giovanni Feltrin, uno dei grandi artefici delle fortune della squadra di velocit\u00e0 dello sci alpino femminile, con Sofia Goggia, Marta Bassino e Federica Brignone e fare da traino. Feltrin (FOTO) giocher\u00e0 praticamente in casa, visto che abita poco lontano dal Palafiere. Come dirigente dell\u2019anno, invece, la scelta \u00e8 caduta su Sandro Da Rold, presidentissimo della Da Rold Logistics Belluno, la squadra di pallavolo di A3 che ha saputo far ritrovare il grande entusiasmo ai tifosi bellunesi, sfiorando la qualificazione ai playoff. A questi due si aggiungono due premi molto particolari, che sono una sorta di reunion. A 20 dalla promozione in serie C2, si ritroveranno a Longarone giocatori, dirigenti e tifosi del Belluno calcio, che trionf\u00f2 il 3 maggio 2003 contro il Bassano in una giornata che tutti ancora ricordano benissimo. Una delle pagine pi\u00f9 belle dello sport bellunese, non solo recente. Il capitano di quella squadra era Roberto Padrin, attuale presidente della provincia e sindaco di Longarone. E un\u2019altra reunion memorabile sar\u00e0 quella della Pallavolo Belluno, che raduner\u00e0 tutti i suoi giocatori che ben 40 anni fa, il 14 maggio 1983, conquistarono una storica promozione in A1 battendo in casa l\u2019Isea Falconara. Il tam tam \u00e8 gi\u00e0 partito sui social e sui gruppi whatsapp, grazie a capitan Walter De Barba e a Mirco Barp, il capo dei Panthers, il gruppo di tifosi che faceva tremare le mura del De Mas. Sono solo le prime quattro chicche di una sera, i cui particolari saranno svelati piano piano, aspettando sabato 27 maggio.<\/p>\n<p>&nbsp;<\/p>\n<p>&nbsp;<\/p>\n<p>&nbsp;<\/p>\n<p>___<\/p>\n","protected":false},"excerpt":{"rendered":"<p>l grande ritorno dopo pi\u00f9 di vent\u2019anni. Sabato 27 maggio, dalle 18 alle 20 al Palafiere di Longarone il Corriere delle Alpi ripropone la Festa dello sport. BELLUNO Un evento che, a cavallo dell\u2019anno 2000, aveva premiato tantissimi sportivi e portato sui palchi del Dodo\u2019s, del Sibilla e della Locanda alcuni ospiti prestigiosi come Simona&hellip;<\/p>\n","protected":false},"author":4,"featured_media":42537,"comment_status":"closed","ping_status":"closed","sticky":false,"template":"","format":"standard","meta":{"_monsterinsights_skip_tracking":false,"_monsterinsights_sitenote_active":false,"_monsterinsights_sitenote_note":"","_monsterinsights_sitenote_category":0,"footnotes":""},"categories":[104,49],"tags":[],"class_list":["post-333154","post","type-post","status-publish","format-standard","has-post-thumbnail","hentry","category-evidenza_3","category-news-18","category-104","category-49","description-off"],"img_url":"https:\/\/www.radiopiu.net\/wordpress\/wp-content\/uploads\/2018\/01\/corrierealpi.png","_links":{"self":[{"href":"https:\/\/www.radiopiu.net\/wordpress\/wp-json\/wp\/v2\/posts\/333154","targetHints":{"allow":["GET"]}}],"collection":[{"href":"https:\/\/www.radiopiu.net\/wordpress\/wp-json\/wp\/v2\/posts"}],"about":[{"href":"https:\/\/www.radiopiu.net\/wordpress\/wp-json\/wp\/v2\/types\/post"}],"author":[{"embeddable":true,"href":"https:\/\/www.radiopiu.net\/wordpress\/wp-json\/wp\/v2\/users\/4"}],"replies":[{"embeddable":true,"href":"https:\/\/www.radiopiu.net\/wordpress\/wp-json\/wp\/v2\/comments?post=333154"}],"version-history":[{"count":0,"href":"https:\/\/www.radiopiu.net\/wordpress\/wp-json\/wp\/v2\/posts\/333154\/revisions"}],"wp:featuredmedia":[{"embeddable":true,"href":"https:\/\/www.radiopiu.net\/wordpress\/wp-json\/wp\/v2\/media\/42537"}],"wp:attachment":[{"href":"https:\/\/www.radiopiu.net\/wordpress\/wp-json\/wp\/v2\/media?parent=333154"}],"wp:term":[{"taxonomy":"category","embeddable":true,"href":"https:\/\/www.radiopiu.net\/wordpress\/wp-json\/wp\/v2\/categories?post=333154"},{"taxonomy":"post_tag","embeddable":true,"href":"https:\/\/www.radiopiu.net\/wordpress\/wp-json\/wp\/v2\/tags?post=333154"}],"curies":[{"name":"wp","href":"https:\/\/api.w.org\/{rel}","templated":true}]}}