{"id":333236,"date":"2023-04-28T04:56:57","date_gmt":"2023-04-28T02:56:57","guid":{"rendered":"https:\/\/www.radiopiu.net\/wordpress\/?p=333236"},"modified":"2023-04-28T05:55:45","modified_gmt":"2023-04-28T03:55:45","slug":"essilorluxottica-e-roger-federer-assieme-per-una-linea-di-occhiali-firmati-oliver-people-rf","status":"publish","type":"post","link":"https:\/\/www.radiopiu.net\/wordpress\/essilorluxottica-e-roger-federer-assieme-per-una-linea-di-occhiali-firmati-oliver-people-rf\/","title":{"rendered":"ESSILORLUXOTTICA E ROGER FEDERER ASSIEME PER UNA LINEA DI OCCHIALI FIRMATI OLIVER PEOPLE RF"},"content":{"rendered":"<p><strong><a class=\"dt-pswp-item\" href=\"https:\/\/www.radiopiu.net\/wordpress\/wp-content\/uploads\/2023\/04\/FEDERER.jpg\" data-dt-img-description=\"\" data-large_image_width=\"1200\" data-large_image_height=\"675\"><img loading=\"lazy\" decoding=\"async\" class=\" wp-image-333237 alignleft\" src=\"https:\/\/www.radiopiu.net\/wordpress\/wp-content\/uploads\/2023\/04\/FEDERER-300x169.jpg\" alt=\"\" width=\"190\" height=\"107\" srcset=\"https:\/\/www.radiopiu.net\/wordpress\/wp-content\/uploads\/2023\/04\/FEDERER-300x169.jpg 300w, https:\/\/www.radiopiu.net\/wordpress\/wp-content\/uploads\/2023\/04\/FEDERER-1024x576.jpg 1024w, https:\/\/www.radiopiu.net\/wordpress\/wp-content\/uploads\/2023\/04\/FEDERER-768x432.jpg 768w, https:\/\/www.radiopiu.net\/wordpress\/wp-content\/uploads\/2023\/04\/FEDERER.jpg 1200w\" sizes=\"auto, (max-width: 190px) 100vw, 190px\" \/><\/a>CHARENTON-LE-PONT (FRANCIA) <\/strong>EssilorLuxottica e Roger Federer hanno siglato un accordo di licenza esclusiva per il design, la produzione e la distribuzione a livello globale di occhiali a marchio Roger Federer (\u201cRF\u201d) e Oliver Peoples. La prima collezione, sviluppata sotto la direzione artistica di Roger Federer e Oliver Peoples, verr\u00e0 lanciata nella primavera del 2024. I modelli proposti prenderanno ispirazione dalla comune vocazione all&#8217;eccellenza e dall\u2019inclinazione verso un lusso discreto. \u201cRoger Federer \u00e8 un atleta leggendario, un imprenditore appassionato e una vera e propria personalit\u00e0 nel mondo della moda e del lifestyle. Condividiamo gli stessi valori e siamo certi che la sua notoriet\u00e0 e influenza a livello globale lo rendano il partner perfetto per noi e per il marchio Oliver Peoples. Non vediamo l&#8217;ora di creare insieme bellissimi occhiali&#8221;, ha dichiarato Francesco Milleri, Presidente e Amministratore Delegato di EssilorLuxottica. Roger Federer ha commentato: \u201cSono entusiasta di collaborare con Oliver Peoples. Da anni sono fan del marchio e ne ho sempre apprezzato la straordinaria artigianlit\u00e0 unita al design elegante e senza tempo. Ci siamo trovati sin da subito in grande sintonia nel modo di affrontare il nostro lavoro e per questo il brand rappresenta un partner perfetto per la mia prima collezione di occhiali RF nel 2024\u201d. Rocco Basilico, CEO di Oliver Peoples, ha aggiunto: \u201cSiamo entusiasti di collaborare con Roger Federer. La sua rilevanza e il suo impatto sull\u2019immaginario collettivo sono ormai leggendari e vanno oltre il mondo del tennis. Non vediamo l\u2019ora di scoprire insieme quello che verr\u00e0\u201d. Roger Federer, uno dei tennisti pi\u00f9 amati e premiati nella storia di questo sport, detiene il record maschile per Wimbledon con 8 titoli conseguiti e ha vinto 20 Grande Slam nella sua carriera. La Roger Federer Foundation ha sostenuto negli ultimi venti anni progetti di formazione per oltre 2,5 milioni di bambini in Africa e nel suo paese d&#8217;origine, la Svizzera. (FOTO: Eurosport)<\/p>\n<p>&nbsp;<\/p>\n<p>&nbsp;<\/p>\n<p>********<\/p>\n","protected":false},"excerpt":{"rendered":"<p>CHARENTON-LE-PONT (FRANCIA) EssilorLuxottica e Roger Federer hanno siglato un accordo di licenza esclusiva per il design, la produzione e la distribuzione a livello globale di occhiali a marchio Roger Federer (\u201cRF\u201d) e Oliver Peoples. La prima collezione, sviluppata sotto la direzione artistica di Roger Federer e Oliver Peoples, verr\u00e0 lanciata nella primavera del 2024. I&hellip;<\/p>\n","protected":false},"author":4,"featured_media":333237,"comment_status":"closed","ping_status":"closed","sticky":false,"template":"","format":"standard","meta":{"_monsterinsights_skip_tracking":false,"_monsterinsights_sitenote_active":false,"_monsterinsights_sitenote_note":"","_monsterinsights_sitenote_category":0,"footnotes":""},"categories":[51,49],"tags":[],"class_list":["post-333236","post","type-post","status-publish","format-standard","has-post-thumbnail","hentry","category-evidenza-top","category-news-18","category-51","category-49","description-off"],"img_url":"https:\/\/www.radiopiu.net\/wordpress\/wp-content\/uploads\/2023\/04\/FEDERER.jpg","_links":{"self":[{"href":"https:\/\/www.radiopiu.net\/wordpress\/wp-json\/wp\/v2\/posts\/333236","targetHints":{"allow":["GET"]}}],"collection":[{"href":"https:\/\/www.radiopiu.net\/wordpress\/wp-json\/wp\/v2\/posts"}],"about":[{"href":"https:\/\/www.radiopiu.net\/wordpress\/wp-json\/wp\/v2\/types\/post"}],"author":[{"embeddable":true,"href":"https:\/\/www.radiopiu.net\/wordpress\/wp-json\/wp\/v2\/users\/4"}],"replies":[{"embeddable":true,"href":"https:\/\/www.radiopiu.net\/wordpress\/wp-json\/wp\/v2\/comments?post=333236"}],"version-history":[{"count":0,"href":"https:\/\/www.radiopiu.net\/wordpress\/wp-json\/wp\/v2\/posts\/333236\/revisions"}],"wp:featuredmedia":[{"embeddable":true,"href":"https:\/\/www.radiopiu.net\/wordpress\/wp-json\/wp\/v2\/media\/333237"}],"wp:attachment":[{"href":"https:\/\/www.radiopiu.net\/wordpress\/wp-json\/wp\/v2\/media?parent=333236"}],"wp:term":[{"taxonomy":"category","embeddable":true,"href":"https:\/\/www.radiopiu.net\/wordpress\/wp-json\/wp\/v2\/categories?post=333236"},{"taxonomy":"post_tag","embeddable":true,"href":"https:\/\/www.radiopiu.net\/wordpress\/wp-json\/wp\/v2\/tags?post=333236"}],"curies":[{"name":"wp","href":"https:\/\/api.w.org\/{rel}","templated":true}]}}